{"id":59506,"date":"2018-01-24T09:15:46","date_gmt":"2018-01-24T07:15:46","guid":{"rendered":"https:\/\/urbeamea.ro\/albaiulia\/?p=59506"},"modified":"2018-01-24T09:15:46","modified_gmt":"2018-01-24T07:15:46","slug":"joi-sedinta-ordinara-la-consiliul-judetean-alba-22-de-proiecte-pe-ordinea-de-zi","status":"publish","type":"post","link":"https:\/\/urbeamea.ro\/albaiulia\/joi-sedinta-ordinara-la-consiliul-judetean-alba-22-de-proiecte-pe-ordinea-de-zi\/","title":{"rendered":"JOI: \u015eedin\u0163\u0103 ordinar\u0103 la Consiliul Jude\u021bean Alba. 22 de proiecte pe ordinea de zi"},"content":{"rendered":"<p><strong>Consilierii jude\u0163eni din Alba se reunesc \u00een \u015fedin\u0163\u0103 ordinar\u0103 joi, 25 ianuarie 2018, \u00eencep\u00e2nd cu ora 11.00, pentru a supune la vot 22 de proiecte. O parte dintre acestea sunt legate de\u00a0 licen\u0163e de traseu pentru efectuarea serviciului de transport public jude\u0163ean de persoane.<\/strong><\/p>\n<p><strong>Proiectul ordinii de zi cuprinde:<\/strong><\/p>\n<p>1. Proiect de hot\u0103r\u00e2re cu privire la aprobarea numirii unui administrator provizoriu \u0219i acordarea unui mandat special reprezentantului Jude\u0163ului Alba \u00een Adunarea General\u0103 a Ac\u0163ionarilor la Societatea \u201eDrumuri \u015fi Poduri Locale Alba\u201d<\/p>\n<p>2. Proiect de hot\u0103r\u00e2re privind actualizarea Programului de transport public jude\u0163ean de persoane prin curse regulate pentru perioada 01.05.2013-30.06.2019, \u00een Jude\u0163ul Alba, aprobat prin Hot\u0103r\u00e2rea Consiliului Jude\u0163ean Alba nr. 197\/2012, cu modific\u0103rile \u015fi complet\u0103rile ulterioare<\/p>\n<p>3. Proiect de hot\u0103r\u00e2re privind aprobarea modific\u0103rii Statului de func\u0163ii al Centrului de Cultur\u0103 \u201eAugustin Bena\u201c Alba<\/p>\n<p>4. Proiect de hot\u0103r\u00e2re privind aprobarea modific\u0103rii Statului de func\u0163ii al Spitalului Jude\u0163ean de Urgen\u0163\u0103 Alba Iulia<\/p>\n<p>5. Proiect de hot\u0103r\u00e2re privind aprobarea documenta\u0163iei cadastrale de dezmembrare a imobilului incint\u0103 Sta\u0163ie de tratare a apei S\u0103sciori \u2013 proprietate public\u0103 a Jude\u0163ului Alba, situat\u0103 administrativ \u00een comuna S\u0103sciori, satul Sebe\u015fel<\/p>\n<p>6. Proiect de hot\u0103r\u00e2re privind aprobarea modific\u0103rii Organigramei \u0219i a Statului de func\u0163ii ale Spitalului de Pneumoftiziologie Aiud<\/p>\n<p>7. Proiect de hot\u0103r\u00e2re privind modificarea tarifelor de c\u0103l\u0103torie pentru serviciul de transport public jude\u0163ean de persoane prin curse regulate, utilizate de c\u0103tre operatorul de transport rutier SC Livio Dario SRL<\/p>\n<p>8. Proiect de hot\u0103r\u00e2re privind stabilirea consumului lunar de carburan\u021bi pentru autovehiculele care deservesc aparatul de specialitate al Consiliului Jude\u021bean Alba, precum \u0219i pentru autovehiculele care deservesc institu\u021biile subordonate Consiliului Jude\u021bean Alba<\/p>\n<p>9. Proiect de hot\u0103r\u00e2re privind aprobarea Programului activit\u0103\u0163ilor de cooperare extern\u0103 a Jude\u0163ului Alba prin Consiliul Jude\u0163ean Alba pentru anul 2018<\/p>\n<p>10. Proiect de hot\u0103r\u00e2re cu privire la modificarea pozi\u0163iei cu nr. crt. 25 din Inventarul bunurilor care apar\u021bin domeniului public al Jude\u0163ului Alba<\/p>\n<p>11. Proiect de hot\u0103r\u00e2re privind aprobarea atribuirii unei licen\u0163e de traseu pentru efectuarea serviciului de transport public jude\u0163ean de persoane prin curse regulate speciale, pe traseul Daia Rom\u00e2n\u0103 \u2013 Sebe\u015f, operatorului de transport rutier SC Voltrans SA<\/p>\n<p>12. Proiect de hot\u0103r\u00e2re privind aprobarea atribuirii unei licen\u0163e de traseu pentru efectuarea serviciului de transport public jude\u0163ean de persoane prin curse regulate speciale, pe traseul S\u0103li\u015ftea Deal \u2013 Sebe\u015f, operatorului de transport rutier SC Voltrans SA<\/p>\n<p>13. Proiect de hot\u0103r\u00e2re privind aprobarea atribuirii unei licen\u0163e de traseu pentru efectuarea serviciului de transport public jude\u0163ean de persoane prin curse regulate speciale, pe traseul Cugir \u2013 Alba Iulia, operatorului de transport rutier SC Livio Dario SRL<\/p>\n<p>14. Proiect de hot\u0103r\u00e2re privind aprobarea atribuirii unei licen\u0163e de traseu pentru efectuarea serviciului de transport public jude\u0163ean de persoane prin curse regulate speciale, pe traseul Petre\u015fti \u2013 Alba Iulia, operatorului de transport rutier SC Livio Dario SRL<\/p>\n<p>15. Proiect de hot\u0103r\u00e2re privind modificarea valorii de inventar a unor bunuri proprietate privat\u0103 a Jude\u0163ului Alba, concesionate c\u0103tre Societatea APA-CTTA S.A. Alba, ca urmare a realiz\u0103rii unor investi\u0163ii din Fondul de \u00centre\u0163inere, \u00cenlocuire, Dezvoltare<\/p>\n<p>16. Proiect de hot\u0103r\u00e2re privind modificarea valorii de inventar a unor bunuri proprietate public\u0103 a Jude\u0163ului Alba, concesionate c\u0103tre Societatea APA-CTTA S.A. Alba, ca urmare a realiz\u0103rii unor lucr\u0103ri de investi\u0163ii \u00een cadrul proiectului \u201eExtinderea \u015fi reabilitarea infrastructurii de ap\u0103 \u015fi ap\u0103 uzat\u0103 \u00een Jude\u0163ul Alba\u201d<\/p>\n<p>17. Proiect de hot\u0103r\u00e2re cu privire la modificarea valorii de inventar a bunului imobil \u201ePalatul Cultural \u2013 par\u0163ial \u015fi terenul aferent\u201d, situat \u00een municipiul Blaj, Pia\u0163a 1848, nr. 7 jude\u0163ul Alba \u2013 proprietate public\u0103 a Jude\u0163ului Alba, ca urmare a realiz\u0103rii unor lucr\u0103ri de reabilitare<\/p>\n<p>18. Planul strategic al Autorit\u0103\u0163ii Teritoriale de Ordine Public\u0103 pentru anul 2018<\/p>\n<p>19. Raportul anual de activitate al Comisiei pentru Protec\u0163ia Copilului Alba pentru perioada 1 ianuarie \u2013 31 decembrie 2017<\/p>\n<p>20. Aprobarea Procesului verbal \u00eencheiat cu ocazia \u0219edin\u021bei ordinare a Consiliului Jude\u021bean Alba din data de 14 decembrie 2017<\/p>\n<p>21. Aprobarea Procesului verbal \u00eencheiat cu ocazia \u0219edin\u021bei extraordinare a Consiliului Jude\u021bean Alba din data de 19 decembrie 2017<\/p>\n<p>22. Aprobarea Procesului verbal \u00eencheiat cu ocazia \u0219edin\u021bei extraordinare a Consiliului Jude\u021bean Alba din data de 11 ianuarie 2018<\/p>\n","protected":false},"excerpt":{"rendered":"<p>Consilierii jude\u0163eni din Alba se reunesc \u00een \u015fedin\u0163\u0103 ordinar\u0103 joi, 25 ianuarie 2018, \u00eencep\u00e2nd cu ora 11.00, pentru a supune la vot 22 de proiecte. O parte dintre acestea sunt legate de\u00a0 licen\u0163e de traseu pentru efectuarea serviciului de transport public jude\u0163ean de persoane. Proiectul ordinii de zi cuprinde: 1. Proiect de hot\u0103r\u00e2re cu privire &hellip;<\/p>\n","protected":false},"author":17,"featured_media":17039,"comment_status":"open","ping_status":"open","sticky":false,"template":"","format":"standard","meta":{"inline_featured_image":false,"footnotes":""},"categories":[2035],"tags":[2131,950,2132,625,3243,308,76],"class_list":["post-59506","post","type-post","status-publish","format-standard","has-post-thumbnail","hentry","category-administratie","tag-consilieri-judeteni","tag-consiliul-judetean","tag-ordinea-de-zi","tag-proiecte","tag-sedinta-ordinara","tag-stiri","tag-urbea-mea"],"yoast_head":"<!-- This site is optimized with the Yoast SEO plugin v28.3 - https:\/\/yoast.com\/product\/yoast-seo-wordpress\/ -->\n<title>JOI: \u015eedin\u0163\u0103 ordinar\u0103 la Consiliul Jude\u021bean Alba. 22 de proiecte pe ordinea de zi - Revista Urbea Mea - Revista de Alba<\/title>\n<meta name=\"description\" content=\"Consilierii jude\u0163eni din Alba se reunesc \u00een \u015fedin\u0163\u0103 ordinar\u0103 joi, 25 ianuarie 2018, \u00eencep\u00e2nd cu ora 11.00, pentru a supune la vot 22 de proiecte. O parte\" \/>\n<meta name=\"robots\" content=\"index, follow, max-snippet:-1, max-image-preview:large, max-video-preview:-1\" \/>\n<link rel=\"canonical\" href=\"https:\/\/urbeamea.ro\/albaiulia\/joi-sedinta-ordinara-la-consiliul-judetean-alba-22-de-proiecte-pe-ordinea-de-zi\/\" \/>\n<meta name=\"twitter:card\" content=\"summary_large_image\" \/>\n<meta name=\"twitter:title\" content=\"JOI: \u015eedin\u0163\u0103 ordinar\u0103 la Consiliul Jude\u021bean Alba. 22 de proiecte pe ordinea de zi - Revista Urbea Mea - Revista de Alba\" \/>\n<meta name=\"twitter:description\" content=\"Consilierii jude\u0163eni din Alba se reunesc \u00een \u015fedin\u0163\u0103 ordinar\u0103 joi, 25 ianuarie 2018, \u00eencep\u00e2nd cu ora 11.00, pentru a supune la vot 22 de proiecte. O parte\" \/>\n<meta name=\"twitter:image\" content=\"https:\/\/urbeamea.ro\/albaiulia\/wp-content\/uploads\/2016\/01\/consiliul-judetean.jpg\" \/>\n<meta name=\"twitter:creator\" content=\"@urbeameaweb\" \/>\n<meta name=\"twitter:site\" content=\"@urbeameaweb\" \/>\n<script type=\"application\/ld+json\" class=\"yoast-schema-graph\">{\"@context\":\"https:\\\/\\\/schema.org\",\"@graph\":[{\"@type\":\"Article\",\"@id\":\"https:\\\/\\\/urbeamea.ro\\\/albaiulia\\\/joi-sedinta-ordinara-la-consiliul-judetean-alba-22-de-proiecte-pe-ordinea-de-zi\\\/#article\",\"isPartOf\":{\"@id\":\"https:\\\/\\\/urbeamea.ro\\\/albaiulia\\\/joi-sedinta-ordinara-la-consiliul-judetean-alba-22-de-proiecte-pe-ordinea-de-zi\\\/\"},\"author\":{\"name\":\"Cristina Ganga\",\"@id\":\"https:\\\/\\\/urbeamea.ro\\\/albaiulia\\\/#\\\/schema\\\/person\\\/9700d21fae21c4f038b0b56f4506264a\"},\"headline\":\"JOI: \u015eedin\u0163\u0103 ordinar\u0103 la Consiliul Jude\u021bean Alba. 22 de proiecte pe ordinea de zi\",\"datePublished\":\"2018-01-24T07:15:46+00:00\",\"mainEntityOfPage\":{\"@id\":\"https:\\\/\\\/urbeamea.ro\\\/albaiulia\\\/joi-sedinta-ordinara-la-consiliul-judetean-alba-22-de-proiecte-pe-ordinea-de-zi\\\/\"},\"wordCount\":749,\"commentCount\":0,\"image\":{\"@id\":\"https:\\\/\\\/urbeamea.ro\\\/albaiulia\\\/joi-sedinta-ordinara-la-consiliul-judetean-alba-22-de-proiecte-pe-ordinea-de-zi\\\/#primaryimage\"},\"thumbnailUrl\":\"https:\\\/\\\/urbeamea.ro\\\/albaiulia\\\/wp-content\\\/uploads\\\/2016\\\/01\\\/consiliul-judetean.jpg\",\"keywords\":[\"consilieri judeteni\",\"consiliul judetean\",\"ordinea de zi\",\"proiecte\",\"sedinta ordinara\",\"stiri\",\"Urbea Mea\"],\"articleSection\":[\"Administra\u021bie\"],\"inLanguage\":\"ro-RO\",\"potentialAction\":[{\"@type\":\"CommentAction\",\"name\":\"Comment\",\"target\":[\"https:\\\/\\\/urbeamea.ro\\\/albaiulia\\\/joi-sedinta-ordinara-la-consiliul-judetean-alba-22-de-proiecte-pe-ordinea-de-zi\\\/#respond\"]}]},{\"@type\":\"WebPage\",\"@id\":\"https:\\\/\\\/urbeamea.ro\\\/albaiulia\\\/joi-sedinta-ordinara-la-consiliul-judetean-alba-22-de-proiecte-pe-ordinea-de-zi\\\/\",\"url\":\"https:\\\/\\\/urbeamea.ro\\\/albaiulia\\\/joi-sedinta-ordinara-la-consiliul-judetean-alba-22-de-proiecte-pe-ordinea-de-zi\\\/\",\"name\":\"JOI: \u015eedin\u0163\u0103 ordinar\u0103 la Consiliul Jude\u021bean Alba. 22 de proiecte pe ordinea de zi - Revista Urbea Mea - Revista de Alba\",\"isPartOf\":{\"@id\":\"https:\\\/\\\/urbeamea.ro\\\/albaiulia\\\/#website\"},\"primaryImageOfPage\":{\"@id\":\"https:\\\/\\\/urbeamea.ro\\\/albaiulia\\\/joi-sedinta-ordinara-la-consiliul-judetean-alba-22-de-proiecte-pe-ordinea-de-zi\\\/#primaryimage\"},\"image\":{\"@id\":\"https:\\\/\\\/urbeamea.ro\\\/albaiulia\\\/joi-sedinta-ordinara-la-consiliul-judetean-alba-22-de-proiecte-pe-ordinea-de-zi\\\/#primaryimage\"},\"thumbnailUrl\":\"https:\\\/\\\/urbeamea.ro\\\/albaiulia\\\/wp-content\\\/uploads\\\/2016\\\/01\\\/consiliul-judetean.jpg\",\"datePublished\":\"2018-01-24T07:15:46+00:00\",\"author\":{\"@id\":\"https:\\\/\\\/urbeamea.ro\\\/albaiulia\\\/#\\\/schema\\\/person\\\/9700d21fae21c4f038b0b56f4506264a\"},\"description\":\"Consilierii jude\u0163eni din Alba se reunesc \u00een \u015fedin\u0163\u0103 ordinar\u0103 joi, 25 ianuarie 2018, \u00eencep\u00e2nd cu ora 11.00, pentru a supune la vot 22 de proiecte. O parte\",\"breadcrumb\":{\"@id\":\"https:\\\/\\\/urbeamea.ro\\\/albaiulia\\\/joi-sedinta-ordinara-la-consiliul-judetean-alba-22-de-proiecte-pe-ordinea-de-zi\\\/#breadcrumb\"},\"inLanguage\":\"ro-RO\",\"potentialAction\":[{\"@type\":\"ReadAction\",\"target\":[\"https:\\\/\\\/urbeamea.ro\\\/albaiulia\\\/joi-sedinta-ordinara-la-consiliul-judetean-alba-22-de-proiecte-pe-ordinea-de-zi\\\/\"]}]},{\"@type\":\"ImageObject\",\"inLanguage\":\"ro-RO\",\"@id\":\"https:\\\/\\\/urbeamea.ro\\\/albaiulia\\\/joi-sedinta-ordinara-la-consiliul-judetean-alba-22-de-proiecte-pe-ordinea-de-zi\\\/#primaryimage\",\"url\":\"https:\\\/\\\/urbeamea.ro\\\/albaiulia\\\/wp-content\\\/uploads\\\/2016\\\/01\\\/consiliul-judetean.jpg\",\"contentUrl\":\"https:\\\/\\\/urbeamea.ro\\\/albaiulia\\\/wp-content\\\/uploads\\\/2016\\\/01\\\/consiliul-judetean.jpg\",\"width\":646,\"height\":404},{\"@type\":\"BreadcrumbList\",\"@id\":\"https:\\\/\\\/urbeamea.ro\\\/albaiulia\\\/joi-sedinta-ordinara-la-consiliul-judetean-alba-22-de-proiecte-pe-ordinea-de-zi\\\/#breadcrumb\",\"itemListElement\":[{\"@type\":\"ListItem\",\"position\":1,\"name\":\"Prima pagin\u0103\",\"item\":\"https:\\\/\\\/urbeamea.ro\\\/albaiulia\\\/\"},{\"@type\":\"ListItem\",\"position\":2,\"name\":\"JOI: \u015eedin\u0163\u0103 ordinar\u0103 la Consiliul Jude\u021bean Alba. 22 de proiecte pe ordinea de zi\"}]},{\"@type\":\"WebSite\",\"@id\":\"https:\\\/\\\/urbeamea.ro\\\/albaiulia\\\/#website\",\"url\":\"https:\\\/\\\/urbeamea.ro\\\/albaiulia\\\/\",\"name\":\"Revista Urbea Mea, Stiri urbane\",\"description\":\"Evenimente \u0219i \u0219tiri din Alba Iulia, Sebe\u0219, Aiud, Blaj\",\"potentialAction\":[{\"@type\":\"SearchAction\",\"target\":{\"@type\":\"EntryPoint\",\"urlTemplate\":\"https:\\\/\\\/urbeamea.ro\\\/albaiulia\\\/?s={search_term_string}\"},\"query-input\":{\"@type\":\"PropertyValueSpecification\",\"valueRequired\":true,\"valueName\":\"search_term_string\"}}],\"inLanguage\":\"ro-RO\"},{\"@type\":\"Person\",\"@id\":\"https:\\\/\\\/urbeamea.ro\\\/albaiulia\\\/#\\\/schema\\\/person\\\/9700d21fae21c4f038b0b56f4506264a\",\"name\":\"Cristina Ganga\",\"image\":{\"@type\":\"ImageObject\",\"inLanguage\":\"ro-RO\",\"@id\":\"https:\\\/\\\/secure.gravatar.com\\\/avatar\\\/5a67661041f057b4a8ccaf26f5a8e86e2689372006d01faf3dd9eeb10b654bb4?s=96&d=mm&r=g\",\"url\":\"https:\\\/\\\/secure.gravatar.com\\\/avatar\\\/5a67661041f057b4a8ccaf26f5a8e86e2689372006d01faf3dd9eeb10b654bb4?s=96&d=mm&r=g\",\"contentUrl\":\"https:\\\/\\\/secure.gravatar.com\\\/avatar\\\/5a67661041f057b4a8ccaf26f5a8e86e2689372006d01faf3dd9eeb10b654bb4?s=96&d=mm&r=g\",\"caption\":\"Cristina Ganga\"},\"description\":\"Jurnalist\",\"sameAs\":[\"https:\\\/\\\/www.facebook.com\\\/cristina.nicola.587\"],\"url\":\"https:\\\/\\\/urbeamea.ro\\\/albaiulia\\\/author\\\/cristina-nicola\\\/\"}]}<\/script>\n<!-- \/ Yoast SEO plugin. -->","yoast_head_json":{"title":"JOI: \u015eedin\u0163\u0103 ordinar\u0103 la Consiliul Jude\u021bean Alba. 22 de proiecte pe ordinea de zi - Revista Urbea Mea - Revista de Alba","description":"Consilierii jude\u0163eni din Alba se reunesc \u00een \u015fedin\u0163\u0103 ordinar\u0103 joi, 25 ianuarie 2018, \u00eencep\u00e2nd cu ora 11.00, pentru a supune la vot 22 de proiecte. O parte","robots":{"index":"index","follow":"follow","max-snippet":"max-snippet:-1","max-image-preview":"max-image-preview:large","max-video-preview":"max-video-preview:-1"},"canonical":"https:\/\/urbeamea.ro\/albaiulia\/joi-sedinta-ordinara-la-consiliul-judetean-alba-22-de-proiecte-pe-ordinea-de-zi\/","twitter_card":"summary_large_image","twitter_title":"JOI: \u015eedin\u0163\u0103 ordinar\u0103 la Consiliul Jude\u021bean Alba. 22 de proiecte pe ordinea de zi - Revista Urbea Mea - Revista de Alba","twitter_description":"Consilierii jude\u0163eni din Alba se reunesc \u00een \u015fedin\u0163\u0103 ordinar\u0103 joi, 25 ianuarie 2018, \u00eencep\u00e2nd cu ora 11.00, pentru a supune la vot 22 de proiecte. O parte","twitter_image":"https:\/\/urbeamea.ro\/albaiulia\/wp-content\/uploads\/2016\/01\/consiliul-judetean.jpg","twitter_creator":"@urbeameaweb","twitter_site":"@urbeameaweb","schema":{"@context":"https:\/\/schema.org","@graph":[{"@type":"Article","@id":"https:\/\/urbeamea.ro\/albaiulia\/joi-sedinta-ordinara-la-consiliul-judetean-alba-22-de-proiecte-pe-ordinea-de-zi\/#article","isPartOf":{"@id":"https:\/\/urbeamea.ro\/albaiulia\/joi-sedinta-ordinara-la-consiliul-judetean-alba-22-de-proiecte-pe-ordinea-de-zi\/"},"author":{"name":"Cristina Ganga","@id":"https:\/\/urbeamea.ro\/albaiulia\/#\/schema\/person\/9700d21fae21c4f038b0b56f4506264a"},"headline":"JOI: \u015eedin\u0163\u0103 ordinar\u0103 la Consiliul Jude\u021bean Alba. 22 de proiecte pe ordinea de zi","datePublished":"2018-01-24T07:15:46+00:00","mainEntityOfPage":{"@id":"https:\/\/urbeamea.ro\/albaiulia\/joi-sedinta-ordinara-la-consiliul-judetean-alba-22-de-proiecte-pe-ordinea-de-zi\/"},"wordCount":749,"commentCount":0,"image":{"@id":"https:\/\/urbeamea.ro\/albaiulia\/joi-sedinta-ordinara-la-consiliul-judetean-alba-22-de-proiecte-pe-ordinea-de-zi\/#primaryimage"},"thumbnailUrl":"https:\/\/urbeamea.ro\/albaiulia\/wp-content\/uploads\/2016\/01\/consiliul-judetean.jpg","keywords":["consilieri judeteni","consiliul judetean","ordinea de zi","proiecte","sedinta ordinara","stiri","Urbea Mea"],"articleSection":["Administra\u021bie"],"inLanguage":"ro-RO","potentialAction":[{"@type":"CommentAction","name":"Comment","target":["https:\/\/urbeamea.ro\/albaiulia\/joi-sedinta-ordinara-la-consiliul-judetean-alba-22-de-proiecte-pe-ordinea-de-zi\/#respond"]}]},{"@type":"WebPage","@id":"https:\/\/urbeamea.ro\/albaiulia\/joi-sedinta-ordinara-la-consiliul-judetean-alba-22-de-proiecte-pe-ordinea-de-zi\/","url":"https:\/\/urbeamea.ro\/albaiulia\/joi-sedinta-ordinara-la-consiliul-judetean-alba-22-de-proiecte-pe-ordinea-de-zi\/","name":"JOI: \u015eedin\u0163\u0103 ordinar\u0103 la Consiliul Jude\u021bean Alba. 22 de proiecte pe ordinea de zi - Revista Urbea Mea - Revista de Alba","isPartOf":{"@id":"https:\/\/urbeamea.ro\/albaiulia\/#website"},"primaryImageOfPage":{"@id":"https:\/\/urbeamea.ro\/albaiulia\/joi-sedinta-ordinara-la-consiliul-judetean-alba-22-de-proiecte-pe-ordinea-de-zi\/#primaryimage"},"image":{"@id":"https:\/\/urbeamea.ro\/albaiulia\/joi-sedinta-ordinara-la-consiliul-judetean-alba-22-de-proiecte-pe-ordinea-de-zi\/#primaryimage"},"thumbnailUrl":"https:\/\/urbeamea.ro\/albaiulia\/wp-content\/uploads\/2016\/01\/consiliul-judetean.jpg","datePublished":"2018-01-24T07:15:46+00:00","author":{"@id":"https:\/\/urbeamea.ro\/albaiulia\/#\/schema\/person\/9700d21fae21c4f038b0b56f4506264a"},"description":"Consilierii jude\u0163eni din Alba se reunesc \u00een \u015fedin\u0163\u0103 ordinar\u0103 joi, 25 ianuarie 2018, \u00eencep\u00e2nd cu ora 11.00, pentru a supune la vot 22 de proiecte. O parte","breadcrumb":{"@id":"https:\/\/urbeamea.ro\/albaiulia\/joi-sedinta-ordinara-la-consiliul-judetean-alba-22-de-proiecte-pe-ordinea-de-zi\/#breadcrumb"},"inLanguage":"ro-RO","potentialAction":[{"@type":"ReadAction","target":["https:\/\/urbeamea.ro\/albaiulia\/joi-sedinta-ordinara-la-consiliul-judetean-alba-22-de-proiecte-pe-ordinea-de-zi\/"]}]},{"@type":"ImageObject","inLanguage":"ro-RO","@id":"https:\/\/urbeamea.ro\/albaiulia\/joi-sedinta-ordinara-la-consiliul-judetean-alba-22-de-proiecte-pe-ordinea-de-zi\/#primaryimage","url":"https:\/\/urbeamea.ro\/albaiulia\/wp-content\/uploads\/2016\/01\/consiliul-judetean.jpg","contentUrl":"https:\/\/urbeamea.ro\/albaiulia\/wp-content\/uploads\/2016\/01\/consiliul-judetean.jpg","width":646,"height":404},{"@type":"BreadcrumbList","@id":"https:\/\/urbeamea.ro\/albaiulia\/joi-sedinta-ordinara-la-consiliul-judetean-alba-22-de-proiecte-pe-ordinea-de-zi\/#breadcrumb","itemListElement":[{"@type":"ListItem","position":1,"name":"Prima pagin\u0103","item":"https:\/\/urbeamea.ro\/albaiulia\/"},{"@type":"ListItem","position":2,"name":"JOI: \u015eedin\u0163\u0103 ordinar\u0103 la Consiliul Jude\u021bean Alba. 22 de proiecte pe ordinea de zi"}]},{"@type":"WebSite","@id":"https:\/\/urbeamea.ro\/albaiulia\/#website","url":"https:\/\/urbeamea.ro\/albaiulia\/","name":"Revista Urbea Mea, Stiri urbane","description":"Evenimente \u0219i \u0219tiri din Alba Iulia, Sebe\u0219, Aiud, Blaj","potentialAction":[{"@type":"SearchAction","target":{"@type":"EntryPoint","urlTemplate":"https:\/\/urbeamea.ro\/albaiulia\/?s={search_term_string}"},"query-input":{"@type":"PropertyValueSpecification","valueRequired":true,"valueName":"search_term_string"}}],"inLanguage":"ro-RO"},{"@type":"Person","@id":"https:\/\/urbeamea.ro\/albaiulia\/#\/schema\/person\/9700d21fae21c4f038b0b56f4506264a","name":"Cristina Ganga","image":{"@type":"ImageObject","inLanguage":"ro-RO","@id":"https:\/\/secure.gravatar.com\/avatar\/5a67661041f057b4a8ccaf26f5a8e86e2689372006d01faf3dd9eeb10b654bb4?s=96&d=mm&r=g","url":"https:\/\/secure.gravatar.com\/avatar\/5a67661041f057b4a8ccaf26f5a8e86e2689372006d01faf3dd9eeb10b654bb4?s=96&d=mm&r=g","contentUrl":"https:\/\/secure.gravatar.com\/avatar\/5a67661041f057b4a8ccaf26f5a8e86e2689372006d01faf3dd9eeb10b654bb4?s=96&d=mm&r=g","caption":"Cristina Ganga"},"description":"Jurnalist","sameAs":["https:\/\/www.facebook.com\/cristina.nicola.587"],"url":"https:\/\/urbeamea.ro\/albaiulia\/author\/cristina-nicola\/"}]}},"_links":{"self":[{"href":"https:\/\/urbeamea.ro\/albaiulia\/wp-json\/wp\/v2\/posts\/59506","targetHints":{"allow":["GET"]}}],"collection":[{"href":"https:\/\/urbeamea.ro\/albaiulia\/wp-json\/wp\/v2\/posts"}],"about":[{"href":"https:\/\/urbeamea.ro\/albaiulia\/wp-json\/wp\/v2\/types\/post"}],"author":[{"embeddable":true,"href":"https:\/\/urbeamea.ro\/albaiulia\/wp-json\/wp\/v2\/users\/17"}],"replies":[{"embeddable":true,"href":"https:\/\/urbeamea.ro\/albaiulia\/wp-json\/wp\/v2\/comments?post=59506"}],"version-history":[{"count":0,"href":"https:\/\/urbeamea.ro\/albaiulia\/wp-json\/wp\/v2\/posts\/59506\/revisions"}],"wp:featuredmedia":[{"embeddable":true,"href":"https:\/\/urbeamea.ro\/albaiulia\/wp-json\/wp\/v2\/media\/17039"}],"wp:attachment":[{"href":"https:\/\/urbeamea.ro\/albaiulia\/wp-json\/wp\/v2\/media?parent=59506"}],"wp:term":[{"taxonomy":"category","embeddable":true,"href":"https:\/\/urbeamea.ro\/albaiulia\/wp-json\/wp\/v2\/categories?post=59506"},{"taxonomy":"post_tag","embeddable":true,"href":"https:\/\/urbeamea.ro\/albaiulia\/wp-json\/wp\/v2\/tags?post=59506"}],"curies":[{"name":"wp","href":"https:\/\/api.w.org\/{rel}","templated":true}]}}