{"id":59775,"date":"2018-02-07T12:57:39","date_gmt":"2018-02-07T10:57:39","guid":{"rendered":"https:\/\/urbeamea.ro\/albaiulia\/?p=59775"},"modified":"2018-02-07T12:57:39","modified_gmt":"2018-02-07T10:57:39","slug":"duminica-impreunapentruadrian-la-cluj-napoca-barzar-caritabil-la-majestique-boutique-pentru-adrian-vintan-tanarul-albaiulian-care-nevoie-de-75-000-de-euro-pentru-tratament","status":"publish","type":"post","link":"https:\/\/urbeamea.ro\/albaiulia\/duminica-impreunapentruadrian-la-cluj-napoca-barzar-caritabil-la-majestique-boutique-pentru-adrian-vintan-tanarul-albaiulian-care-nevoie-de-75-000-de-euro-pentru-tratament\/","title":{"rendered":"DUMINIC\u0102: #\u00cempreun\u0103pentruAdrian, la Cluj-Napoca. Barzar caritabil la Majestique Boutique pentru Adrian Vin\u0163an, t\u00e2n\u0103rul albaiulian care are nevoie de 75.000 de euro pentru tratament"},"content":{"rendered":"<p><strong>Cazul t\u00e2n\u0103rului albaiulian Adrian Vin\u0163an\u00a0care de doi ani de zile se lupt\u0103 cu o boal\u0103 crunt\u0103 a sensibilizat o mul\u0163ime de oameni din Alba Iulia. Dup\u0103 ce \u00een ora\u015f au fost organizate o serie de evenimente caritabile \u015fi care se vor mai desf\u0103\u015fura, nici cei din Cluj-Napoca nu au r\u0103mas imuni \u015fi organizeaz\u0103 duminic\u0103, 11 februarie, bazar caritabil la\u00a0Majestique Boutique.<\/strong><\/p>\n<p><em>&#8222;V\u0103 invit\u0103m s\u0103 fi\u0163i al\u0103turi de noi duminic\u0103, 11 februarie, la bazarul caritabil Majestique Boutique #impreunapentruAdrian.&#8221;,<\/em> transmit organizatorii.<\/p>\n<p><em>&#8222;Cazul lui Adrian, t\u00e2n\u0103rul de 31 de ani din Alba Iulia, care de doi ani de zile se lupt\u0103 cu o boal\u0103 crunt\u0103, cancer de piele, a st\u00e2rnit mobilizare \u00een r\u00e2ndul \u00eentregii comunit\u0103\u021bi clujene. Doar \u00eempreun\u0103 reu\u015fim s\u0103 str\u00e2ngem o sum\u0103 enorm\u0103 de care are nevoie pentru tratamentul acestuia, 75.000 de euro. La doar o zi de la apelul umanitar, s-au adunat \u00een cont aproximativ 25.000 de euro din don<\/em><span class=\"text_exposed_show\"><em>a\u021bii, iar Adrian are acum banii pentru prima perfuzie. \u00cempreun\u0103 putem reu\u015fi!&#8221;,<\/em> mai precizeaz\u0103 organizatorii.<\/p>\n<p><strong>Cum po\u0163i ajuta?<\/strong><\/p>\n<p>Dac\u0103 ai obiecte, haine, bijuterii pe care dore\u015fti s\u0103 le vinzi \u00een scop caritabil, s\u0103u fie c\u0103 vrei s\u0103 cumperi lucruri interesante, \u00een acest mod \u00eel aju\u0163i pe Adrian.<br \/>\n<\/span><\/p>\n<p><span class=\"text_exposed_show\">Tot ce trebuie s\u0103 face\u0163i este s\u0103 merge\u0163i duminic\u0103, la salonul Majestique din Pia\u0163a Cipariu nr.11, \u00eentre orele 16:00-20:00 unde ve\u0163i putea cump\u0103ra, dona sau vinde obiecte.<\/p>\n<p>Dac\u0103 nu reu\u015fi\u0163i s\u0103 ajunge\u0163i, pute\u0163i dona direct \u00een conturile:<br \/>\nRO91INGB0000999903328604 \u2013 Cont LEI deschis la Banca INGB CENTRALA (pe numele Adrian \u2013 Vasile Vin\u021ban)<br \/>\nRO54INGB0000999907240698 \u2013 Cont EURO deschis la Banca INGB CENTRALA, SWIFT: INGBROBU (pe numele Adrian \u2013 Vasile Vin\u021ban).<\/span><\/p>\n","protected":false},"excerpt":{"rendered":"<p>Cazul t\u00e2n\u0103rului albaiulian Adrian Vin\u0163an\u00a0care de doi ani de zile se lupt\u0103 cu o boal\u0103 crunt\u0103 a sensibilizat o mul\u0163ime de oameni din Alba Iulia. Dup\u0103 ce \u00een ora\u015f au fost organizate o serie de evenimente caritabile \u015fi care se vor mai desf\u0103\u015fura, nici cei din Cluj-Napoca nu au r\u0103mas imuni \u015fi organizeaz\u0103 duminic\u0103, 11 &hellip;<\/p>\n","protected":false},"author":17,"featured_media":59776,"comment_status":"open","ping_status":"open","sticky":false,"template":"","format":"standard","meta":{"inline_featured_image":false,"footnotes":""},"categories":[2034],"tags":[14230,31,14313,903,641,14312,14311,308,5871,76],"class_list":["post-59775","post","type-post","status-publish","format-standard","has-post-thumbnail","hentry","category-social","tag-adrian-vintan","tag-alba-iulia","tag-bazar-caritabil","tag-cluj-napoca","tag-donatii","tag-impreunapentruadrian","tag-majestique-boutique","tag-stiri","tag-tratament","tag-urbea-mea"],"yoast_head":"<!-- This site is optimized with the Yoast SEO plugin v27.4 - https:\/\/yoast.com\/product\/yoast-seo-wordpress\/ -->\n<title>DUMINIC\u0102: #\u00cempreun\u0103pentruAdrian, la Cluj-Napoca. Barzar caritabil la Majestique Boutique pentru Adrian Vin\u0163an, t\u00e2n\u0103rul albaiulian care are nevoie de 75.000 de euro pentru tratament - Revista Urbea Mea - Revista de Alba<\/title>\n<meta name=\"description\" content=\"Cazul t\u00e2n\u0103rului albaiulian Adrian Vin\u0163an\u00a0care de doi ani de zile se lupt\u0103 cu o boal\u0103 crunt\u0103 a sensibilizat o mul\u0163ime de oameni din Alba Iulia. Dup\u0103 ce \u00een\" \/>\n<meta name=\"robots\" content=\"index, follow, max-snippet:-1, max-image-preview:large, max-video-preview:-1\" \/>\n<link rel=\"canonical\" href=\"https:\/\/urbeamea.ro\/albaiulia\/duminica-impreunapentruadrian-la-cluj-napoca-barzar-caritabil-la-majestique-boutique-pentru-adrian-vintan-tanarul-albaiulian-care-nevoie-de-75-000-de-euro-pentru-tratament\/\" \/>\n<meta name=\"twitter:card\" content=\"summary_large_image\" \/>\n<meta name=\"twitter:title\" content=\"DUMINIC\u0102: #\u00cempreun\u0103pentruAdrian, la Cluj-Napoca. Barzar caritabil la Majestique Boutique pentru Adrian Vin\u0163an, t\u00e2n\u0103rul albaiulian care are nevoie de 75.000 de euro pentru tratament - Revista Urbea Mea - Revista de Alba\" \/>\n<meta name=\"twitter:description\" content=\"Cazul t\u00e2n\u0103rului albaiulian Adrian Vin\u0163an\u00a0care de doi ani de zile se lupt\u0103 cu o boal\u0103 crunt\u0103 a sensibilizat o mul\u0163ime de oameni din Alba Iulia. Dup\u0103 ce \u00een\" \/>\n<meta name=\"twitter:image\" content=\"https:\/\/urbeamea.ro\/albaiulia\/wp-content\/uploads\/2018\/02\/27657766_1628197023902279_4195512773236936386_n.jpg\" \/>\n<meta name=\"twitter:creator\" content=\"@urbeameaweb\" \/>\n<meta name=\"twitter:site\" content=\"@urbeameaweb\" \/>\n<script type=\"application\/ld+json\" class=\"yoast-schema-graph\">{\"@context\":\"https:\\\/\\\/schema.org\",\"@graph\":[{\"@type\":\"Article\",\"@id\":\"https:\\\/\\\/urbeamea.ro\\\/albaiulia\\\/duminica-impreunapentruadrian-la-cluj-napoca-barzar-caritabil-la-majestique-boutique-pentru-adrian-vintan-tanarul-albaiulian-care-nevoie-de-75-000-de-euro-pentru-tratament\\\/#article\",\"isPartOf\":{\"@id\":\"https:\\\/\\\/urbeamea.ro\\\/albaiulia\\\/duminica-impreunapentruadrian-la-cluj-napoca-barzar-caritabil-la-majestique-boutique-pentru-adrian-vintan-tanarul-albaiulian-care-nevoie-de-75-000-de-euro-pentru-tratament\\\/\"},\"author\":{\"name\":\"Cristina Ganga\",\"@id\":\"https:\\\/\\\/urbeamea.ro\\\/albaiulia\\\/#\\\/schema\\\/person\\\/9700d21fae21c4f038b0b56f4506264a\"},\"headline\":\"DUMINIC\u0102: #\u00cempreun\u0103pentruAdrian, la Cluj-Napoca. Barzar caritabil la Majestique Boutique pentru Adrian Vin\u0163an, t\u00e2n\u0103rul albaiulian care are nevoie de 75.000 de euro pentru tratament\",\"datePublished\":\"2018-02-07T10:57:39+00:00\",\"mainEntityOfPage\":{\"@id\":\"https:\\\/\\\/urbeamea.ro\\\/albaiulia\\\/duminica-impreunapentruadrian-la-cluj-napoca-barzar-caritabil-la-majestique-boutique-pentru-adrian-vintan-tanarul-albaiulian-care-nevoie-de-75-000-de-euro-pentru-tratament\\\/\"},\"wordCount\":318,\"commentCount\":0,\"image\":{\"@id\":\"https:\\\/\\\/urbeamea.ro\\\/albaiulia\\\/duminica-impreunapentruadrian-la-cluj-napoca-barzar-caritabil-la-majestique-boutique-pentru-adrian-vintan-tanarul-albaiulian-care-nevoie-de-75-000-de-euro-pentru-tratament\\\/#primaryimage\"},\"thumbnailUrl\":\"https:\\\/\\\/urbeamea.ro\\\/albaiulia\\\/wp-content\\\/uploads\\\/2018\\\/02\\\/27657766_1628197023902279_4195512773236936386_n.jpg\",\"keywords\":[\"adrian vintan\",\"Alba Iulia\",\"bazar caritabil\",\"cluj napoca\",\"donatii\",\"impreunapentruadrian\",\"majestique boutique\",\"stiri\",\"tratament\",\"Urbea Mea\"],\"articleSection\":[\"Social\"],\"inLanguage\":\"ro-RO\",\"potentialAction\":[{\"@type\":\"CommentAction\",\"name\":\"Comment\",\"target\":[\"https:\\\/\\\/urbeamea.ro\\\/albaiulia\\\/duminica-impreunapentruadrian-la-cluj-napoca-barzar-caritabil-la-majestique-boutique-pentru-adrian-vintan-tanarul-albaiulian-care-nevoie-de-75-000-de-euro-pentru-tratament\\\/#respond\"]}]},{\"@type\":\"WebPage\",\"@id\":\"https:\\\/\\\/urbeamea.ro\\\/albaiulia\\\/duminica-impreunapentruadrian-la-cluj-napoca-barzar-caritabil-la-majestique-boutique-pentru-adrian-vintan-tanarul-albaiulian-care-nevoie-de-75-000-de-euro-pentru-tratament\\\/\",\"url\":\"https:\\\/\\\/urbeamea.ro\\\/albaiulia\\\/duminica-impreunapentruadrian-la-cluj-napoca-barzar-caritabil-la-majestique-boutique-pentru-adrian-vintan-tanarul-albaiulian-care-nevoie-de-75-000-de-euro-pentru-tratament\\\/\",\"name\":\"DUMINIC\u0102: #\u00cempreun\u0103pentruAdrian, la Cluj-Napoca. Barzar caritabil la Majestique Boutique pentru Adrian Vin\u0163an, t\u00e2n\u0103rul albaiulian care are nevoie de 75.000 de euro pentru tratament - Revista Urbea Mea - Revista de Alba\",\"isPartOf\":{\"@id\":\"https:\\\/\\\/urbeamea.ro\\\/albaiulia\\\/#website\"},\"primaryImageOfPage\":{\"@id\":\"https:\\\/\\\/urbeamea.ro\\\/albaiulia\\\/duminica-impreunapentruadrian-la-cluj-napoca-barzar-caritabil-la-majestique-boutique-pentru-adrian-vintan-tanarul-albaiulian-care-nevoie-de-75-000-de-euro-pentru-tratament\\\/#primaryimage\"},\"image\":{\"@id\":\"https:\\\/\\\/urbeamea.ro\\\/albaiulia\\\/duminica-impreunapentruadrian-la-cluj-napoca-barzar-caritabil-la-majestique-boutique-pentru-adrian-vintan-tanarul-albaiulian-care-nevoie-de-75-000-de-euro-pentru-tratament\\\/#primaryimage\"},\"thumbnailUrl\":\"https:\\\/\\\/urbeamea.ro\\\/albaiulia\\\/wp-content\\\/uploads\\\/2018\\\/02\\\/27657766_1628197023902279_4195512773236936386_n.jpg\",\"datePublished\":\"2018-02-07T10:57:39+00:00\",\"author\":{\"@id\":\"https:\\\/\\\/urbeamea.ro\\\/albaiulia\\\/#\\\/schema\\\/person\\\/9700d21fae21c4f038b0b56f4506264a\"},\"description\":\"Cazul t\u00e2n\u0103rului albaiulian Adrian Vin\u0163an\u00a0care de doi ani de zile se lupt\u0103 cu o boal\u0103 crunt\u0103 a sensibilizat o mul\u0163ime de oameni din Alba Iulia. Dup\u0103 ce \u00een\",\"breadcrumb\":{\"@id\":\"https:\\\/\\\/urbeamea.ro\\\/albaiulia\\\/duminica-impreunapentruadrian-la-cluj-napoca-barzar-caritabil-la-majestique-boutique-pentru-adrian-vintan-tanarul-albaiulian-care-nevoie-de-75-000-de-euro-pentru-tratament\\\/#breadcrumb\"},\"inLanguage\":\"ro-RO\",\"potentialAction\":[{\"@type\":\"ReadAction\",\"target\":[\"https:\\\/\\\/urbeamea.ro\\\/albaiulia\\\/duminica-impreunapentruadrian-la-cluj-napoca-barzar-caritabil-la-majestique-boutique-pentru-adrian-vintan-tanarul-albaiulian-care-nevoie-de-75-000-de-euro-pentru-tratament\\\/\"]}]},{\"@type\":\"ImageObject\",\"inLanguage\":\"ro-RO\",\"@id\":\"https:\\\/\\\/urbeamea.ro\\\/albaiulia\\\/duminica-impreunapentruadrian-la-cluj-napoca-barzar-caritabil-la-majestique-boutique-pentru-adrian-vintan-tanarul-albaiulian-care-nevoie-de-75-000-de-euro-pentru-tratament\\\/#primaryimage\",\"url\":\"https:\\\/\\\/urbeamea.ro\\\/albaiulia\\\/wp-content\\\/uploads\\\/2018\\\/02\\\/27657766_1628197023902279_4195512773236936386_n.jpg\",\"contentUrl\":\"https:\\\/\\\/urbeamea.ro\\\/albaiulia\\\/wp-content\\\/uploads\\\/2018\\\/02\\\/27657766_1628197023902279_4195512773236936386_n.jpg\",\"width\":960,\"height\":502},{\"@type\":\"BreadcrumbList\",\"@id\":\"https:\\\/\\\/urbeamea.ro\\\/albaiulia\\\/duminica-impreunapentruadrian-la-cluj-napoca-barzar-caritabil-la-majestique-boutique-pentru-adrian-vintan-tanarul-albaiulian-care-nevoie-de-75-000-de-euro-pentru-tratament\\\/#breadcrumb\",\"itemListElement\":[{\"@type\":\"ListItem\",\"position\":1,\"name\":\"Prima pagin\u0103\",\"item\":\"https:\\\/\\\/urbeamea.ro\\\/albaiulia\\\/\"},{\"@type\":\"ListItem\",\"position\":2,\"name\":\"DUMINIC\u0102: #\u00cempreun\u0103pentruAdrian, la Cluj-Napoca. Barzar caritabil la Majestique Boutique pentru Adrian Vin\u0163an, t\u00e2n\u0103rul albaiulian care are nevoie de 75.000 de euro pentru tratament\"}]},{\"@type\":\"WebSite\",\"@id\":\"https:\\\/\\\/urbeamea.ro\\\/albaiulia\\\/#website\",\"url\":\"https:\\\/\\\/urbeamea.ro\\\/albaiulia\\\/\",\"name\":\"Revista Urbea Mea, Stiri urbane\",\"description\":\"Evenimente \u0219i \u0219tiri din Alba Iulia, Sebe\u0219, Aiud, Blaj\",\"potentialAction\":[{\"@type\":\"SearchAction\",\"target\":{\"@type\":\"EntryPoint\",\"urlTemplate\":\"https:\\\/\\\/urbeamea.ro\\\/albaiulia\\\/?s={search_term_string}\"},\"query-input\":{\"@type\":\"PropertyValueSpecification\",\"valueRequired\":true,\"valueName\":\"search_term_string\"}}],\"inLanguage\":\"ro-RO\"},{\"@type\":\"Person\",\"@id\":\"https:\\\/\\\/urbeamea.ro\\\/albaiulia\\\/#\\\/schema\\\/person\\\/9700d21fae21c4f038b0b56f4506264a\",\"name\":\"Cristina Ganga\",\"image\":{\"@type\":\"ImageObject\",\"inLanguage\":\"ro-RO\",\"@id\":\"https:\\\/\\\/secure.gravatar.com\\\/avatar\\\/5a67661041f057b4a8ccaf26f5a8e86e2689372006d01faf3dd9eeb10b654bb4?s=96&d=mm&r=g\",\"url\":\"https:\\\/\\\/secure.gravatar.com\\\/avatar\\\/5a67661041f057b4a8ccaf26f5a8e86e2689372006d01faf3dd9eeb10b654bb4?s=96&d=mm&r=g\",\"contentUrl\":\"https:\\\/\\\/secure.gravatar.com\\\/avatar\\\/5a67661041f057b4a8ccaf26f5a8e86e2689372006d01faf3dd9eeb10b654bb4?s=96&d=mm&r=g\",\"caption\":\"Cristina Ganga\"},\"description\":\"Jurnalist\",\"sameAs\":[\"https:\\\/\\\/www.facebook.com\\\/cristina.nicola.587\"],\"url\":\"https:\\\/\\\/urbeamea.ro\\\/albaiulia\\\/author\\\/cristina-nicola\\\/\"}]}<\/script>\n<!-- \/ Yoast SEO plugin. -->","yoast_head_json":{"title":"DUMINIC\u0102: #\u00cempreun\u0103pentruAdrian, la Cluj-Napoca. Barzar caritabil la Majestique Boutique pentru Adrian Vin\u0163an, t\u00e2n\u0103rul albaiulian care are nevoie de 75.000 de euro pentru tratament - Revista Urbea Mea - Revista de Alba","description":"Cazul t\u00e2n\u0103rului albaiulian Adrian Vin\u0163an\u00a0care de doi ani de zile se lupt\u0103 cu o boal\u0103 crunt\u0103 a sensibilizat o mul\u0163ime de oameni din Alba Iulia. Dup\u0103 ce \u00een","robots":{"index":"index","follow":"follow","max-snippet":"max-snippet:-1","max-image-preview":"max-image-preview:large","max-video-preview":"max-video-preview:-1"},"canonical":"https:\/\/urbeamea.ro\/albaiulia\/duminica-impreunapentruadrian-la-cluj-napoca-barzar-caritabil-la-majestique-boutique-pentru-adrian-vintan-tanarul-albaiulian-care-nevoie-de-75-000-de-euro-pentru-tratament\/","twitter_card":"summary_large_image","twitter_title":"DUMINIC\u0102: #\u00cempreun\u0103pentruAdrian, la Cluj-Napoca. Barzar caritabil la Majestique Boutique pentru Adrian Vin\u0163an, t\u00e2n\u0103rul albaiulian care are nevoie de 75.000 de euro pentru tratament - Revista Urbea Mea - Revista de Alba","twitter_description":"Cazul t\u00e2n\u0103rului albaiulian Adrian Vin\u0163an\u00a0care de doi ani de zile se lupt\u0103 cu o boal\u0103 crunt\u0103 a sensibilizat o mul\u0163ime de oameni din Alba Iulia. Dup\u0103 ce \u00een","twitter_image":"https:\/\/urbeamea.ro\/albaiulia\/wp-content\/uploads\/2018\/02\/27657766_1628197023902279_4195512773236936386_n.jpg","twitter_creator":"@urbeameaweb","twitter_site":"@urbeameaweb","schema":{"@context":"https:\/\/schema.org","@graph":[{"@type":"Article","@id":"https:\/\/urbeamea.ro\/albaiulia\/duminica-impreunapentruadrian-la-cluj-napoca-barzar-caritabil-la-majestique-boutique-pentru-adrian-vintan-tanarul-albaiulian-care-nevoie-de-75-000-de-euro-pentru-tratament\/#article","isPartOf":{"@id":"https:\/\/urbeamea.ro\/albaiulia\/duminica-impreunapentruadrian-la-cluj-napoca-barzar-caritabil-la-majestique-boutique-pentru-adrian-vintan-tanarul-albaiulian-care-nevoie-de-75-000-de-euro-pentru-tratament\/"},"author":{"name":"Cristina Ganga","@id":"https:\/\/urbeamea.ro\/albaiulia\/#\/schema\/person\/9700d21fae21c4f038b0b56f4506264a"},"headline":"DUMINIC\u0102: #\u00cempreun\u0103pentruAdrian, la Cluj-Napoca. Barzar caritabil la Majestique Boutique pentru Adrian Vin\u0163an, t\u00e2n\u0103rul albaiulian care are nevoie de 75.000 de euro pentru tratament","datePublished":"2018-02-07T10:57:39+00:00","mainEntityOfPage":{"@id":"https:\/\/urbeamea.ro\/albaiulia\/duminica-impreunapentruadrian-la-cluj-napoca-barzar-caritabil-la-majestique-boutique-pentru-adrian-vintan-tanarul-albaiulian-care-nevoie-de-75-000-de-euro-pentru-tratament\/"},"wordCount":318,"commentCount":0,"image":{"@id":"https:\/\/urbeamea.ro\/albaiulia\/duminica-impreunapentruadrian-la-cluj-napoca-barzar-caritabil-la-majestique-boutique-pentru-adrian-vintan-tanarul-albaiulian-care-nevoie-de-75-000-de-euro-pentru-tratament\/#primaryimage"},"thumbnailUrl":"https:\/\/urbeamea.ro\/albaiulia\/wp-content\/uploads\/2018\/02\/27657766_1628197023902279_4195512773236936386_n.jpg","keywords":["adrian vintan","Alba Iulia","bazar caritabil","cluj napoca","donatii","impreunapentruadrian","majestique boutique","stiri","tratament","Urbea Mea"],"articleSection":["Social"],"inLanguage":"ro-RO","potentialAction":[{"@type":"CommentAction","name":"Comment","target":["https:\/\/urbeamea.ro\/albaiulia\/duminica-impreunapentruadrian-la-cluj-napoca-barzar-caritabil-la-majestique-boutique-pentru-adrian-vintan-tanarul-albaiulian-care-nevoie-de-75-000-de-euro-pentru-tratament\/#respond"]}]},{"@type":"WebPage","@id":"https:\/\/urbeamea.ro\/albaiulia\/duminica-impreunapentruadrian-la-cluj-napoca-barzar-caritabil-la-majestique-boutique-pentru-adrian-vintan-tanarul-albaiulian-care-nevoie-de-75-000-de-euro-pentru-tratament\/","url":"https:\/\/urbeamea.ro\/albaiulia\/duminica-impreunapentruadrian-la-cluj-napoca-barzar-caritabil-la-majestique-boutique-pentru-adrian-vintan-tanarul-albaiulian-care-nevoie-de-75-000-de-euro-pentru-tratament\/","name":"DUMINIC\u0102: #\u00cempreun\u0103pentruAdrian, la Cluj-Napoca. Barzar caritabil la Majestique Boutique pentru Adrian Vin\u0163an, t\u00e2n\u0103rul albaiulian care are nevoie de 75.000 de euro pentru tratament - Revista Urbea Mea - Revista de Alba","isPartOf":{"@id":"https:\/\/urbeamea.ro\/albaiulia\/#website"},"primaryImageOfPage":{"@id":"https:\/\/urbeamea.ro\/albaiulia\/duminica-impreunapentruadrian-la-cluj-napoca-barzar-caritabil-la-majestique-boutique-pentru-adrian-vintan-tanarul-albaiulian-care-nevoie-de-75-000-de-euro-pentru-tratament\/#primaryimage"},"image":{"@id":"https:\/\/urbeamea.ro\/albaiulia\/duminica-impreunapentruadrian-la-cluj-napoca-barzar-caritabil-la-majestique-boutique-pentru-adrian-vintan-tanarul-albaiulian-care-nevoie-de-75-000-de-euro-pentru-tratament\/#primaryimage"},"thumbnailUrl":"https:\/\/urbeamea.ro\/albaiulia\/wp-content\/uploads\/2018\/02\/27657766_1628197023902279_4195512773236936386_n.jpg","datePublished":"2018-02-07T10:57:39+00:00","author":{"@id":"https:\/\/urbeamea.ro\/albaiulia\/#\/schema\/person\/9700d21fae21c4f038b0b56f4506264a"},"description":"Cazul t\u00e2n\u0103rului albaiulian Adrian Vin\u0163an\u00a0care de doi ani de zile se lupt\u0103 cu o boal\u0103 crunt\u0103 a sensibilizat o mul\u0163ime de oameni din Alba Iulia. Dup\u0103 ce \u00een","breadcrumb":{"@id":"https:\/\/urbeamea.ro\/albaiulia\/duminica-impreunapentruadrian-la-cluj-napoca-barzar-caritabil-la-majestique-boutique-pentru-adrian-vintan-tanarul-albaiulian-care-nevoie-de-75-000-de-euro-pentru-tratament\/#breadcrumb"},"inLanguage":"ro-RO","potentialAction":[{"@type":"ReadAction","target":["https:\/\/urbeamea.ro\/albaiulia\/duminica-impreunapentruadrian-la-cluj-napoca-barzar-caritabil-la-majestique-boutique-pentru-adrian-vintan-tanarul-albaiulian-care-nevoie-de-75-000-de-euro-pentru-tratament\/"]}]},{"@type":"ImageObject","inLanguage":"ro-RO","@id":"https:\/\/urbeamea.ro\/albaiulia\/duminica-impreunapentruadrian-la-cluj-napoca-barzar-caritabil-la-majestique-boutique-pentru-adrian-vintan-tanarul-albaiulian-care-nevoie-de-75-000-de-euro-pentru-tratament\/#primaryimage","url":"https:\/\/urbeamea.ro\/albaiulia\/wp-content\/uploads\/2018\/02\/27657766_1628197023902279_4195512773236936386_n.jpg","contentUrl":"https:\/\/urbeamea.ro\/albaiulia\/wp-content\/uploads\/2018\/02\/27657766_1628197023902279_4195512773236936386_n.jpg","width":960,"height":502},{"@type":"BreadcrumbList","@id":"https:\/\/urbeamea.ro\/albaiulia\/duminica-impreunapentruadrian-la-cluj-napoca-barzar-caritabil-la-majestique-boutique-pentru-adrian-vintan-tanarul-albaiulian-care-nevoie-de-75-000-de-euro-pentru-tratament\/#breadcrumb","itemListElement":[{"@type":"ListItem","position":1,"name":"Prima pagin\u0103","item":"https:\/\/urbeamea.ro\/albaiulia\/"},{"@type":"ListItem","position":2,"name":"DUMINIC\u0102: #\u00cempreun\u0103pentruAdrian, la Cluj-Napoca. Barzar caritabil la Majestique Boutique pentru Adrian Vin\u0163an, t\u00e2n\u0103rul albaiulian care are nevoie de 75.000 de euro pentru tratament"}]},{"@type":"WebSite","@id":"https:\/\/urbeamea.ro\/albaiulia\/#website","url":"https:\/\/urbeamea.ro\/albaiulia\/","name":"Revista Urbea Mea, Stiri urbane","description":"Evenimente \u0219i \u0219tiri din Alba Iulia, Sebe\u0219, Aiud, Blaj","potentialAction":[{"@type":"SearchAction","target":{"@type":"EntryPoint","urlTemplate":"https:\/\/urbeamea.ro\/albaiulia\/?s={search_term_string}"},"query-input":{"@type":"PropertyValueSpecification","valueRequired":true,"valueName":"search_term_string"}}],"inLanguage":"ro-RO"},{"@type":"Person","@id":"https:\/\/urbeamea.ro\/albaiulia\/#\/schema\/person\/9700d21fae21c4f038b0b56f4506264a","name":"Cristina Ganga","image":{"@type":"ImageObject","inLanguage":"ro-RO","@id":"https:\/\/secure.gravatar.com\/avatar\/5a67661041f057b4a8ccaf26f5a8e86e2689372006d01faf3dd9eeb10b654bb4?s=96&d=mm&r=g","url":"https:\/\/secure.gravatar.com\/avatar\/5a67661041f057b4a8ccaf26f5a8e86e2689372006d01faf3dd9eeb10b654bb4?s=96&d=mm&r=g","contentUrl":"https:\/\/secure.gravatar.com\/avatar\/5a67661041f057b4a8ccaf26f5a8e86e2689372006d01faf3dd9eeb10b654bb4?s=96&d=mm&r=g","caption":"Cristina Ganga"},"description":"Jurnalist","sameAs":["https:\/\/www.facebook.com\/cristina.nicola.587"],"url":"https:\/\/urbeamea.ro\/albaiulia\/author\/cristina-nicola\/"}]}},"_links":{"self":[{"href":"https:\/\/urbeamea.ro\/albaiulia\/wp-json\/wp\/v2\/posts\/59775","targetHints":{"allow":["GET"]}}],"collection":[{"href":"https:\/\/urbeamea.ro\/albaiulia\/wp-json\/wp\/v2\/posts"}],"about":[{"href":"https:\/\/urbeamea.ro\/albaiulia\/wp-json\/wp\/v2\/types\/post"}],"author":[{"embeddable":true,"href":"https:\/\/urbeamea.ro\/albaiulia\/wp-json\/wp\/v2\/users\/17"}],"replies":[{"embeddable":true,"href":"https:\/\/urbeamea.ro\/albaiulia\/wp-json\/wp\/v2\/comments?post=59775"}],"version-history":[{"count":0,"href":"https:\/\/urbeamea.ro\/albaiulia\/wp-json\/wp\/v2\/posts\/59775\/revisions"}],"wp:featuredmedia":[{"embeddable":true,"href":"https:\/\/urbeamea.ro\/albaiulia\/wp-json\/wp\/v2\/media\/59776"}],"wp:attachment":[{"href":"https:\/\/urbeamea.ro\/albaiulia\/wp-json\/wp\/v2\/media?parent=59775"}],"wp:term":[{"taxonomy":"category","embeddable":true,"href":"https:\/\/urbeamea.ro\/albaiulia\/wp-json\/wp\/v2\/categories?post=59775"},{"taxonomy":"post_tag","embeddable":true,"href":"https:\/\/urbeamea.ro\/albaiulia\/wp-json\/wp\/v2\/tags?post=59775"}],"curies":[{"name":"wp","href":"https:\/\/api.w.org\/{rel}","templated":true}]}}