{"id":59856,"date":"2018-02-13T13:44:13","date_gmt":"2018-02-13T11:44:13","guid":{"rendered":"https:\/\/urbeamea.ro\/albaiulia\/?p=59856"},"modified":"2018-02-13T13:44:13","modified_gmt":"2018-02-13T11:44:13","slug":"isu-alba-marti-13-ziua-informarii-preventive-derularea-unor-activitati-informativ-educative","status":"publish","type":"post","link":"https:\/\/urbeamea.ro\/albaiulia\/isu-alba-marti-13-ziua-informarii-preventive-derularea-unor-activitati-informativ-educative\/","title":{"rendered":"ISU Alba: Mar\u021bi 13, Ziua Inform\u0103rii Preventive. Derularea unor activit\u0103\u021bi informativ-educative"},"content":{"rendered":"<p align=\"JUSTIFY\"><strong>Inspectoratul General pentru Situa\u0163ii de Urgen\u0163\u0103 (IGSU) s-a raliat ini\u0163iativei derulat\u0103 la nivel european, astfel \u00eenc\u00e2t, \u00een fiecare zi de mar\u0163i 13, organizeaz\u0103 \u00een toate jude\u0163ele \u0163\u0103rii \u201eZiua inform\u0103rii Preventive\u201d.<\/strong><\/p>\n<p align=\"JUSTIFY\">Desf\u0103\u015furate sub sloganul \u201ePreveni\u0163i ghinionul\u201d, av\u00e2nd ca logo pisica neagr\u0103, activit\u0103\u0163ile informativ-educative ce vor avea loc cu aceast\u0103 ocazie urm\u0103resc con\u015ftientizarea cet\u0103\u0163enilor asupra pericolelor la care se pot expune \u00een cazul nerespect\u0103rii m\u0103surilor \u015fi regulilor de comportare specifice tipurilor de situa\u0163ii de urgen\u0163\u0103. Cet\u0103\u0163eanul r\u0103m\u00e2ne veriga extrem de important\u0103 \u00een procesul de gestionare a situa\u0163iilor de urgen\u0163\u0103. Rolul s\u0103u devine unul major prin \u00eensu\u015firea \u015fi aplicarea informa\u0163iilor care vin din partea institu\u0163iilor abilitate, manifest\u00e2nd responsabilitate \u00een rela\u0163iile cu familia, comunitatea \u015fi mediul \u00eenconjur\u0103tor.<\/p>\n<p align=\"JUSTIFY\">Anual, \u00een Rom\u00e2nia sunt \u00eenregistrate mii de incendii la locuin\u0163e. Pe l\u00e2ng\u0103 pagubele imense, acestea produc \u015fi victime. Cele mai frecvente cauze de incendiu la locuin\u0163e sunt co\u015ful de fum defect sau necur\u0103\u0163at, instala\u0163ii electrice defecte sau improvizate, fumatul \u015fi focul deschis \u015fi mijloacele de \u00eenc\u0103lzire.<\/p>\n<p align=\"JUSTIFY\"><em>\u201eIGSU a \u00eencheiat, \u00een anul 2012, un parteneriat de colaborare cu E.ON Rom\u00e2nia, intitulat \u201e\u00cempreun\u0103 pentru siguran\u0163\u0103\u201d, ale c\u0103rui principale obiective constau \u00een derularea unor campanii de informare menite s\u0103 con\u015ftientizeze cet\u0103\u0163enii asupra pericolelor la care se expun \u00een cazul nerespect\u0103rii m\u0103surilor \u015fi regulilor de comportare specifice situa\u0163iilor de urgen\u0163\u0103, crearea comportamentului preventiv \u015fi atitudinii proactive \u00een r\u00e2ndul comunit\u0103\u0163ii \u00een vederea reducerii semnificative a num\u0103rului victimelor.<\/em><\/p>\n<p align=\"JUSTIFY\"><em>\u00cen baza acestei colabor\u0103ri, cei doi parteneri au implementat deja la nivel na\u0163ional campaniile \u201eF.O.C \u2013 Fl\u0103c\u0103rile Omoar\u0103 Copii\u201d \u015fi \u201eR.I.S.C. \u2013 Renun\u0163\u0103! Improviza\u0163iile sunt Catastrofale\u201d \u015fi, la finalul anului 2013, au ini\u0163iat o nou\u0103 ac\u0163iune preventiv\u0103 sub denumirea \u201eR.I.S.C. \u2013 Siguran\u0163a NU e un joc de noroc!\u201d.<\/em><\/p>\n<p align=\"JUSTIFY\"><em>Ghinionul poate fi prevenit! Fi\u0163i prev\u0103z\u0103tori!\u201d<\/em>\u00a0scrie \u00eentr-un comunicat transmis de ISU Alba.<\/p>\n","protected":false},"excerpt":{"rendered":"<p>Inspectoratul General pentru Situa\u0163ii de Urgen\u0163\u0103 (IGSU) s-a raliat ini\u0163iativei derulat\u0103 la nivel european, astfel \u00eenc\u00e2t, \u00een fiecare zi de mar\u0163i 13, organizeaz\u0103 \u00een toate jude\u0163ele \u0163\u0103rii \u201eZiua inform\u0103rii Preventive\u201d. Desf\u0103\u015furate sub sloganul \u201ePreveni\u0163i ghinionul\u201d, av\u00e2nd ca logo pisica neagr\u0103, activit\u0103\u0163ile informativ-educative ce vor avea loc cu aceast\u0103 ocazie urm\u0103resc con\u015ftientizarea cet\u0103\u0163enilor asupra pericolelor la &hellip;<\/p>\n","protected":false},"author":17,"featured_media":47556,"comment_status":"open","ping_status":"open","sticky":false,"template":"","format":"standard","meta":{"inline_featured_image":false,"footnotes":""},"categories":[2034],"tags":[14352,2560,312,308,76,7448],"class_list":["post-59856","post","type-post","status-publish","format-standard","has-post-thumbnail","hentry","category-social","tag-activitati-informativ-educative","tag-isu-alba","tag-pompieri","tag-stiri","tag-urbea-mea","tag-ziua-informarii-preventive"],"yoast_head":"<!-- This site is optimized with the Yoast SEO plugin v28.3 - https:\/\/yoast.com\/product\/yoast-seo-wordpress\/ -->\n<title>ISU Alba: Mar\u021bi 13, Ziua Inform\u0103rii Preventive. Derularea unor activit\u0103\u021bi informativ-educative - Revista Urbea Mea - Revista de Alba<\/title>\n<meta name=\"description\" content=\"Inspectoratul General pentru Situa\u0163ii de Urgen\u0163\u0103 (IGSU) s-a raliat ini\u0163iativei derulat\u0103 la nivel european, astfel \u00eenc\u00e2t, \u00een fiecare zi de mar\u0163i 13,\" \/>\n<meta name=\"robots\" content=\"index, follow, max-snippet:-1, max-image-preview:large, max-video-preview:-1\" \/>\n<link rel=\"canonical\" href=\"https:\/\/urbeamea.ro\/albaiulia\/isu-alba-marti-13-ziua-informarii-preventive-derularea-unor-activitati-informativ-educative\/\" \/>\n<meta name=\"twitter:card\" content=\"summary_large_image\" \/>\n<meta name=\"twitter:title\" content=\"ISU Alba: Mar\u021bi 13, Ziua Inform\u0103rii Preventive. Derularea unor activit\u0103\u021bi informativ-educative - Revista Urbea Mea - Revista de Alba\" \/>\n<meta name=\"twitter:description\" content=\"Inspectoratul General pentru Situa\u0163ii de Urgen\u0163\u0103 (IGSU) s-a raliat ini\u0163iativei derulat\u0103 la nivel european, astfel \u00eenc\u00e2t, \u00een fiecare zi de mar\u0163i 13,\" \/>\n<meta name=\"twitter:image\" content=\"https:\/\/urbeamea.ro\/albaiulia\/wp-content\/uploads\/2017\/06\/marti-13-ziua-informarii-preventive.jpg\" \/>\n<meta name=\"twitter:creator\" content=\"@urbeameaweb\" \/>\n<meta name=\"twitter:site\" content=\"@urbeameaweb\" \/>\n<script type=\"application\/ld+json\" class=\"yoast-schema-graph\">{\"@context\":\"https:\\\/\\\/schema.org\",\"@graph\":[{\"@type\":\"Article\",\"@id\":\"https:\\\/\\\/urbeamea.ro\\\/albaiulia\\\/isu-alba-marti-13-ziua-informarii-preventive-derularea-unor-activitati-informativ-educative\\\/#article\",\"isPartOf\":{\"@id\":\"https:\\\/\\\/urbeamea.ro\\\/albaiulia\\\/isu-alba-marti-13-ziua-informarii-preventive-derularea-unor-activitati-informativ-educative\\\/\"},\"author\":{\"name\":\"Cristina Ganga\",\"@id\":\"https:\\\/\\\/urbeamea.ro\\\/albaiulia\\\/#\\\/schema\\\/person\\\/9700d21fae21c4f038b0b56f4506264a\"},\"headline\":\"ISU Alba: Mar\u021bi 13, Ziua Inform\u0103rii Preventive. Derularea unor activit\u0103\u021bi informativ-educative\",\"datePublished\":\"2018-02-13T11:44:13+00:00\",\"mainEntityOfPage\":{\"@id\":\"https:\\\/\\\/urbeamea.ro\\\/albaiulia\\\/isu-alba-marti-13-ziua-informarii-preventive-derularea-unor-activitati-informativ-educative\\\/\"},\"wordCount\":358,\"commentCount\":0,\"image\":{\"@id\":\"https:\\\/\\\/urbeamea.ro\\\/albaiulia\\\/isu-alba-marti-13-ziua-informarii-preventive-derularea-unor-activitati-informativ-educative\\\/#primaryimage\"},\"thumbnailUrl\":\"https:\\\/\\\/urbeamea.ro\\\/albaiulia\\\/wp-content\\\/uploads\\\/2017\\\/06\\\/marti-13-ziua-informarii-preventive.jpg\",\"keywords\":[\"activitati informativ-educative\",\"ISU Alba\",\"pompieri\",\"stiri\",\"Urbea Mea\",\"ziua informarii preventive\"],\"articleSection\":[\"Social\"],\"inLanguage\":\"ro-RO\",\"potentialAction\":[{\"@type\":\"CommentAction\",\"name\":\"Comment\",\"target\":[\"https:\\\/\\\/urbeamea.ro\\\/albaiulia\\\/isu-alba-marti-13-ziua-informarii-preventive-derularea-unor-activitati-informativ-educative\\\/#respond\"]}]},{\"@type\":\"WebPage\",\"@id\":\"https:\\\/\\\/urbeamea.ro\\\/albaiulia\\\/isu-alba-marti-13-ziua-informarii-preventive-derularea-unor-activitati-informativ-educative\\\/\",\"url\":\"https:\\\/\\\/urbeamea.ro\\\/albaiulia\\\/isu-alba-marti-13-ziua-informarii-preventive-derularea-unor-activitati-informativ-educative\\\/\",\"name\":\"ISU Alba: Mar\u021bi 13, Ziua Inform\u0103rii Preventive. Derularea unor activit\u0103\u021bi informativ-educative - Revista Urbea Mea - Revista de Alba\",\"isPartOf\":{\"@id\":\"https:\\\/\\\/urbeamea.ro\\\/albaiulia\\\/#website\"},\"primaryImageOfPage\":{\"@id\":\"https:\\\/\\\/urbeamea.ro\\\/albaiulia\\\/isu-alba-marti-13-ziua-informarii-preventive-derularea-unor-activitati-informativ-educative\\\/#primaryimage\"},\"image\":{\"@id\":\"https:\\\/\\\/urbeamea.ro\\\/albaiulia\\\/isu-alba-marti-13-ziua-informarii-preventive-derularea-unor-activitati-informativ-educative\\\/#primaryimage\"},\"thumbnailUrl\":\"https:\\\/\\\/urbeamea.ro\\\/albaiulia\\\/wp-content\\\/uploads\\\/2017\\\/06\\\/marti-13-ziua-informarii-preventive.jpg\",\"datePublished\":\"2018-02-13T11:44:13+00:00\",\"author\":{\"@id\":\"https:\\\/\\\/urbeamea.ro\\\/albaiulia\\\/#\\\/schema\\\/person\\\/9700d21fae21c4f038b0b56f4506264a\"},\"description\":\"Inspectoratul General pentru Situa\u0163ii de Urgen\u0163\u0103 (IGSU) s-a raliat ini\u0163iativei derulat\u0103 la nivel european, astfel \u00eenc\u00e2t, \u00een fiecare zi de mar\u0163i 13,\",\"breadcrumb\":{\"@id\":\"https:\\\/\\\/urbeamea.ro\\\/albaiulia\\\/isu-alba-marti-13-ziua-informarii-preventive-derularea-unor-activitati-informativ-educative\\\/#breadcrumb\"},\"inLanguage\":\"ro-RO\",\"potentialAction\":[{\"@type\":\"ReadAction\",\"target\":[\"https:\\\/\\\/urbeamea.ro\\\/albaiulia\\\/isu-alba-marti-13-ziua-informarii-preventive-derularea-unor-activitati-informativ-educative\\\/\"]}]},{\"@type\":\"ImageObject\",\"inLanguage\":\"ro-RO\",\"@id\":\"https:\\\/\\\/urbeamea.ro\\\/albaiulia\\\/isu-alba-marti-13-ziua-informarii-preventive-derularea-unor-activitati-informativ-educative\\\/#primaryimage\",\"url\":\"https:\\\/\\\/urbeamea.ro\\\/albaiulia\\\/wp-content\\\/uploads\\\/2017\\\/06\\\/marti-13-ziua-informarii-preventive.jpg\",\"contentUrl\":\"https:\\\/\\\/urbeamea.ro\\\/albaiulia\\\/wp-content\\\/uploads\\\/2017\\\/06\\\/marti-13-ziua-informarii-preventive.jpg\",\"width\":679,\"height\":381},{\"@type\":\"BreadcrumbList\",\"@id\":\"https:\\\/\\\/urbeamea.ro\\\/albaiulia\\\/isu-alba-marti-13-ziua-informarii-preventive-derularea-unor-activitati-informativ-educative\\\/#breadcrumb\",\"itemListElement\":[{\"@type\":\"ListItem\",\"position\":1,\"name\":\"Prima pagin\u0103\",\"item\":\"https:\\\/\\\/urbeamea.ro\\\/albaiulia\\\/\"},{\"@type\":\"ListItem\",\"position\":2,\"name\":\"ISU Alba: Mar\u021bi 13, Ziua Inform\u0103rii Preventive. Derularea unor activit\u0103\u021bi informativ-educative\"}]},{\"@type\":\"WebSite\",\"@id\":\"https:\\\/\\\/urbeamea.ro\\\/albaiulia\\\/#website\",\"url\":\"https:\\\/\\\/urbeamea.ro\\\/albaiulia\\\/\",\"name\":\"Revista Urbea Mea, Stiri urbane\",\"description\":\"Evenimente \u0219i \u0219tiri din Alba Iulia, Sebe\u0219, Aiud, Blaj\",\"potentialAction\":[{\"@type\":\"SearchAction\",\"target\":{\"@type\":\"EntryPoint\",\"urlTemplate\":\"https:\\\/\\\/urbeamea.ro\\\/albaiulia\\\/?s={search_term_string}\"},\"query-input\":{\"@type\":\"PropertyValueSpecification\",\"valueRequired\":true,\"valueName\":\"search_term_string\"}}],\"inLanguage\":\"ro-RO\"},{\"@type\":\"Person\",\"@id\":\"https:\\\/\\\/urbeamea.ro\\\/albaiulia\\\/#\\\/schema\\\/person\\\/9700d21fae21c4f038b0b56f4506264a\",\"name\":\"Cristina Ganga\",\"image\":{\"@type\":\"ImageObject\",\"inLanguage\":\"ro-RO\",\"@id\":\"https:\\\/\\\/secure.gravatar.com\\\/avatar\\\/5a67661041f057b4a8ccaf26f5a8e86e2689372006d01faf3dd9eeb10b654bb4?s=96&d=mm&r=g\",\"url\":\"https:\\\/\\\/secure.gravatar.com\\\/avatar\\\/5a67661041f057b4a8ccaf26f5a8e86e2689372006d01faf3dd9eeb10b654bb4?s=96&d=mm&r=g\",\"contentUrl\":\"https:\\\/\\\/secure.gravatar.com\\\/avatar\\\/5a67661041f057b4a8ccaf26f5a8e86e2689372006d01faf3dd9eeb10b654bb4?s=96&d=mm&r=g\",\"caption\":\"Cristina Ganga\"},\"description\":\"Jurnalist\",\"sameAs\":[\"https:\\\/\\\/www.facebook.com\\\/cristina.nicola.587\"],\"url\":\"https:\\\/\\\/urbeamea.ro\\\/albaiulia\\\/author\\\/cristina-nicola\\\/\"}]}<\/script>\n<!-- \/ Yoast SEO plugin. -->","yoast_head_json":{"title":"ISU Alba: Mar\u021bi 13, Ziua Inform\u0103rii Preventive. Derularea unor activit\u0103\u021bi informativ-educative - Revista Urbea Mea - Revista de Alba","description":"Inspectoratul General pentru Situa\u0163ii de Urgen\u0163\u0103 (IGSU) s-a raliat ini\u0163iativei derulat\u0103 la nivel european, astfel \u00eenc\u00e2t, \u00een fiecare zi de mar\u0163i 13,","robots":{"index":"index","follow":"follow","max-snippet":"max-snippet:-1","max-image-preview":"max-image-preview:large","max-video-preview":"max-video-preview:-1"},"canonical":"https:\/\/urbeamea.ro\/albaiulia\/isu-alba-marti-13-ziua-informarii-preventive-derularea-unor-activitati-informativ-educative\/","twitter_card":"summary_large_image","twitter_title":"ISU Alba: Mar\u021bi 13, Ziua Inform\u0103rii Preventive. Derularea unor activit\u0103\u021bi informativ-educative - Revista Urbea Mea - Revista de Alba","twitter_description":"Inspectoratul General pentru Situa\u0163ii de Urgen\u0163\u0103 (IGSU) s-a raliat ini\u0163iativei derulat\u0103 la nivel european, astfel \u00eenc\u00e2t, \u00een fiecare zi de mar\u0163i 13,","twitter_image":"https:\/\/urbeamea.ro\/albaiulia\/wp-content\/uploads\/2017\/06\/marti-13-ziua-informarii-preventive.jpg","twitter_creator":"@urbeameaweb","twitter_site":"@urbeameaweb","schema":{"@context":"https:\/\/schema.org","@graph":[{"@type":"Article","@id":"https:\/\/urbeamea.ro\/albaiulia\/isu-alba-marti-13-ziua-informarii-preventive-derularea-unor-activitati-informativ-educative\/#article","isPartOf":{"@id":"https:\/\/urbeamea.ro\/albaiulia\/isu-alba-marti-13-ziua-informarii-preventive-derularea-unor-activitati-informativ-educative\/"},"author":{"name":"Cristina Ganga","@id":"https:\/\/urbeamea.ro\/albaiulia\/#\/schema\/person\/9700d21fae21c4f038b0b56f4506264a"},"headline":"ISU Alba: Mar\u021bi 13, Ziua Inform\u0103rii Preventive. Derularea unor activit\u0103\u021bi informativ-educative","datePublished":"2018-02-13T11:44:13+00:00","mainEntityOfPage":{"@id":"https:\/\/urbeamea.ro\/albaiulia\/isu-alba-marti-13-ziua-informarii-preventive-derularea-unor-activitati-informativ-educative\/"},"wordCount":358,"commentCount":0,"image":{"@id":"https:\/\/urbeamea.ro\/albaiulia\/isu-alba-marti-13-ziua-informarii-preventive-derularea-unor-activitati-informativ-educative\/#primaryimage"},"thumbnailUrl":"https:\/\/urbeamea.ro\/albaiulia\/wp-content\/uploads\/2017\/06\/marti-13-ziua-informarii-preventive.jpg","keywords":["activitati informativ-educative","ISU Alba","pompieri","stiri","Urbea Mea","ziua informarii preventive"],"articleSection":["Social"],"inLanguage":"ro-RO","potentialAction":[{"@type":"CommentAction","name":"Comment","target":["https:\/\/urbeamea.ro\/albaiulia\/isu-alba-marti-13-ziua-informarii-preventive-derularea-unor-activitati-informativ-educative\/#respond"]}]},{"@type":"WebPage","@id":"https:\/\/urbeamea.ro\/albaiulia\/isu-alba-marti-13-ziua-informarii-preventive-derularea-unor-activitati-informativ-educative\/","url":"https:\/\/urbeamea.ro\/albaiulia\/isu-alba-marti-13-ziua-informarii-preventive-derularea-unor-activitati-informativ-educative\/","name":"ISU Alba: Mar\u021bi 13, Ziua Inform\u0103rii Preventive. Derularea unor activit\u0103\u021bi informativ-educative - Revista Urbea Mea - Revista de Alba","isPartOf":{"@id":"https:\/\/urbeamea.ro\/albaiulia\/#website"},"primaryImageOfPage":{"@id":"https:\/\/urbeamea.ro\/albaiulia\/isu-alba-marti-13-ziua-informarii-preventive-derularea-unor-activitati-informativ-educative\/#primaryimage"},"image":{"@id":"https:\/\/urbeamea.ro\/albaiulia\/isu-alba-marti-13-ziua-informarii-preventive-derularea-unor-activitati-informativ-educative\/#primaryimage"},"thumbnailUrl":"https:\/\/urbeamea.ro\/albaiulia\/wp-content\/uploads\/2017\/06\/marti-13-ziua-informarii-preventive.jpg","datePublished":"2018-02-13T11:44:13+00:00","author":{"@id":"https:\/\/urbeamea.ro\/albaiulia\/#\/schema\/person\/9700d21fae21c4f038b0b56f4506264a"},"description":"Inspectoratul General pentru Situa\u0163ii de Urgen\u0163\u0103 (IGSU) s-a raliat ini\u0163iativei derulat\u0103 la nivel european, astfel \u00eenc\u00e2t, \u00een fiecare zi de mar\u0163i 13,","breadcrumb":{"@id":"https:\/\/urbeamea.ro\/albaiulia\/isu-alba-marti-13-ziua-informarii-preventive-derularea-unor-activitati-informativ-educative\/#breadcrumb"},"inLanguage":"ro-RO","potentialAction":[{"@type":"ReadAction","target":["https:\/\/urbeamea.ro\/albaiulia\/isu-alba-marti-13-ziua-informarii-preventive-derularea-unor-activitati-informativ-educative\/"]}]},{"@type":"ImageObject","inLanguage":"ro-RO","@id":"https:\/\/urbeamea.ro\/albaiulia\/isu-alba-marti-13-ziua-informarii-preventive-derularea-unor-activitati-informativ-educative\/#primaryimage","url":"https:\/\/urbeamea.ro\/albaiulia\/wp-content\/uploads\/2017\/06\/marti-13-ziua-informarii-preventive.jpg","contentUrl":"https:\/\/urbeamea.ro\/albaiulia\/wp-content\/uploads\/2017\/06\/marti-13-ziua-informarii-preventive.jpg","width":679,"height":381},{"@type":"BreadcrumbList","@id":"https:\/\/urbeamea.ro\/albaiulia\/isu-alba-marti-13-ziua-informarii-preventive-derularea-unor-activitati-informativ-educative\/#breadcrumb","itemListElement":[{"@type":"ListItem","position":1,"name":"Prima pagin\u0103","item":"https:\/\/urbeamea.ro\/albaiulia\/"},{"@type":"ListItem","position":2,"name":"ISU Alba: Mar\u021bi 13, Ziua Inform\u0103rii Preventive. Derularea unor activit\u0103\u021bi informativ-educative"}]},{"@type":"WebSite","@id":"https:\/\/urbeamea.ro\/albaiulia\/#website","url":"https:\/\/urbeamea.ro\/albaiulia\/","name":"Revista Urbea Mea, Stiri urbane","description":"Evenimente \u0219i \u0219tiri din Alba Iulia, Sebe\u0219, Aiud, Blaj","potentialAction":[{"@type":"SearchAction","target":{"@type":"EntryPoint","urlTemplate":"https:\/\/urbeamea.ro\/albaiulia\/?s={search_term_string}"},"query-input":{"@type":"PropertyValueSpecification","valueRequired":true,"valueName":"search_term_string"}}],"inLanguage":"ro-RO"},{"@type":"Person","@id":"https:\/\/urbeamea.ro\/albaiulia\/#\/schema\/person\/9700d21fae21c4f038b0b56f4506264a","name":"Cristina Ganga","image":{"@type":"ImageObject","inLanguage":"ro-RO","@id":"https:\/\/secure.gravatar.com\/avatar\/5a67661041f057b4a8ccaf26f5a8e86e2689372006d01faf3dd9eeb10b654bb4?s=96&d=mm&r=g","url":"https:\/\/secure.gravatar.com\/avatar\/5a67661041f057b4a8ccaf26f5a8e86e2689372006d01faf3dd9eeb10b654bb4?s=96&d=mm&r=g","contentUrl":"https:\/\/secure.gravatar.com\/avatar\/5a67661041f057b4a8ccaf26f5a8e86e2689372006d01faf3dd9eeb10b654bb4?s=96&d=mm&r=g","caption":"Cristina Ganga"},"description":"Jurnalist","sameAs":["https:\/\/www.facebook.com\/cristina.nicola.587"],"url":"https:\/\/urbeamea.ro\/albaiulia\/author\/cristina-nicola\/"}]}},"_links":{"self":[{"href":"https:\/\/urbeamea.ro\/albaiulia\/wp-json\/wp\/v2\/posts\/59856","targetHints":{"allow":["GET"]}}],"collection":[{"href":"https:\/\/urbeamea.ro\/albaiulia\/wp-json\/wp\/v2\/posts"}],"about":[{"href":"https:\/\/urbeamea.ro\/albaiulia\/wp-json\/wp\/v2\/types\/post"}],"author":[{"embeddable":true,"href":"https:\/\/urbeamea.ro\/albaiulia\/wp-json\/wp\/v2\/users\/17"}],"replies":[{"embeddable":true,"href":"https:\/\/urbeamea.ro\/albaiulia\/wp-json\/wp\/v2\/comments?post=59856"}],"version-history":[{"count":0,"href":"https:\/\/urbeamea.ro\/albaiulia\/wp-json\/wp\/v2\/posts\/59856\/revisions"}],"wp:featuredmedia":[{"embeddable":true,"href":"https:\/\/urbeamea.ro\/albaiulia\/wp-json\/wp\/v2\/media\/47556"}],"wp:attachment":[{"href":"https:\/\/urbeamea.ro\/albaiulia\/wp-json\/wp\/v2\/media?parent=59856"}],"wp:term":[{"taxonomy":"category","embeddable":true,"href":"https:\/\/urbeamea.ro\/albaiulia\/wp-json\/wp\/v2\/categories?post=59856"},{"taxonomy":"post_tag","embeddable":true,"href":"https:\/\/urbeamea.ro\/albaiulia\/wp-json\/wp\/v2\/tags?post=59856"}],"curies":[{"name":"wp","href":"https:\/\/api.w.org\/{rel}","templated":true}]}}