{"id":60051,"date":"2018-02-21T11:53:48","date_gmt":"2018-02-21T09:53:48","guid":{"rendered":"https:\/\/urbeamea.ro\/albaiulia\/?p=60051"},"modified":"2018-02-21T11:53:48","modified_gmt":"2018-02-21T09:53:48","slug":"foto-echipa-armybot-colegiului-national-militar-mihai-viteazul-alba-iulia-la-meciul-demo-regional-cluj-napoca","status":"publish","type":"post","link":"https:\/\/urbeamea.ro\/albaiulia\/foto-echipa-armybot-colegiului-national-militar-mihai-viteazul-alba-iulia-la-meciul-demo-regional-cluj-napoca\/","title":{"rendered":"FOTO: Echipa ArmyBot a Colegiului Na\u0163ional Militar ,,Mihai Viteazul\u201d Alba Iulia, la meciul Demo Regional Cluj Napoca"},"content":{"rendered":"<p><strong>S\u00e2mb\u0103t\u0103, 17 februarie 2018, echipa de robotica a Colegiului Na\u0163ional Militar ,,Mihai Viteazul\u201d a participat la primul meci regional din cadrul competi\u0163iei na\u0163ionale de robotic\u0103 FirstTechChallenge desf\u0103\u015furat la Cluj-Napoca. <\/strong><\/p>\n<p>Potrivit site-ului Asocia\u0163iei Na\u0163ie prin Educa\u0163ie, la primul regional s-au \u00eenscris \u00een competi\u0163ie 25 de echipe din Cluj-Napoca, Alba Iulia, Baia Mare, Beclean, Bistrita, Cugir, Dej, Sibiu, Targu Mures, Deva, Turda, Oradea, Petrila, Satu Mare, Zalau, Miercurea Ciuc, Suceava si Timisoara. Echipa ArmyBot a Colegiului Na\u0163ional Militar ,,Mihai Viteazul\u201d Alba Iulia (Bogdan C\u0103tan\u0103, Cristian Curta, Hora\u0163iu Cre\u0163, \u015etefan Negrea, Denis L\u0103z\u0103roae, Sebastian Stanciu, Cristian Faur, George Radu, Nicolae Ilie, Nem\u0163ov Miodrag, Andrei Toma, Alexandru Apetrei, Denis T\u0103tar, Costin Peiu \u015fi profesorii Dorina Filipescu \u015fi Lumini\u0163a Marian) s-a clasat pe locul 8.<\/p>\n<p>Experien\u0163a acumulat\u0103, efortul \u00een echip\u0103, munca intens\u0103 \u00eei determin\u0103 \u015fi motiveaz\u0103 s\u0103 participe la urm\u0103torul meci regional de la Bucure\u015fti, din 10 martie a.c. \u00cen tot acest demers, cei 15 elevi au fost sus\u0163inu\u0163i \u015fi sprijini\u0163i de oameni care apreciaz\u0103 curajul \u015fi perseveren\u0163a lor. Astfel, au primit spijin financiar din partea Filialei Jude\u0163ene ,,Sarmisegetusa\u201d a Cadrelor Militare \u00een Rezerv\u0103 \u015fi Retragere Hunedoara, subfiliala ,,Sarge\u0163ia\u201d Deva, Asocia\u0163iei Jude\u0163ene a Cadrelor Militare \u00een Rezerv\u0103 \u015fi Retragere ,,Valea Jiului\u201d, Prim\u0103riei municipiului Vulcan, Comitetului de p\u0103rin\u0163i al colegiului, Firmei Errea Arad, Firmei Prompt Curier Mure\u015f \u015fi Firmei Albaco Exim din Alba Iulia. Pentru tot acest ajutor, echipa ArmyBot le aduce calde mul\u0163umiri.<\/p>\n<p>Acest proiect educa\u0163ional, aflat \u00een al doilea an de desf\u0103\u015furare, sus\u0163ine munca \u00een echip\u0103, valorificarea cuno\u015ftin\u0163elor de matematic\u0103, IT, fizic\u0103 \u015fi tehnic\u0103, \u00eencuraj\u00e2nd tinerii pasiona\u0163i s\u0103 construiasca un robot de la zero, cu piesele primite \u015fi achizi\u0163ionate, la care se adaug\u0103\u00a0\u015fi cele proiectate \u015fi realizate la imprimate 3D.<\/p>\n<p>Robotul rezultat trebuie s\u0103 execute cu acurate\u0163e diverse comenzi. In etapele regionale, \u00een cadrul unei atmosfere de concurs, elevii au ocazia s\u0103 testeze robo\u0163ii respect\u00e2nd toate rigorile competi\u0163iei, s\u0103 schimbe impresii \u015fi experien\u0163e, s\u0103-\u015fi fac\u0103 prieteni, s\u0103-\u015fi \u00eembun\u0103t\u0103\u0163easc\u0103 metodele sau strategia de lucru \u00een echip\u0103 . Etapele regionale vor fi urmate de faza final\u0103 care va avea loc pe 23-25 martie, la Bucuresti, la Sala Polivalent\u0103, iar 4 echipe premiate vor participa la campionatul mondial din America.<\/p>\n<p><em>text: Daniela Filimon<\/em><\/p>\n<div id='gallery-1' class='gallery galleryid-60051 gallery-columns-3 gallery-size-thumbnail'><figure class='gallery-item'>\n\t\t\t<div class='gallery-icon landscape'>\n\t\t\t\t<a href='https:\/\/urbeamea.ro\/albaiulia\/wp-content\/uploads\/2018\/02\/armybot.jpg'><img decoding=\"async\" width=\"150\" height=\"113\" src=\"data:image\/png;base64,iVBORw0KGgoAAAANSUhEUgAAAYYAAADcAQMAAABOLJSDAAAAA1BMVEUAAACnej3aAAAAAXRSTlMAQObYZgAAACJJREFUaIHtwTEBAAAAwqD1T20ND6AAAAAAAAAAAAAA4N8AKvgAAUFIrrEAAAAASUVORK5CYII=\" class=\"attachment-thumbnail size-thumbnail lazy-img\" alt=\"\" srcset=\"https:\/\/urbeamea.ro\/albaiulia\/wp-content\/uploads\/2018\/02\/armybot-150x113.jpg 150w, https:\/\/urbeamea.ro\/albaiulia\/wp-content\/uploads\/2018\/02\/armybot-640x480.jpg 640w, https:\/\/urbeamea.ro\/albaiulia\/wp-content\/uploads\/2018\/02\/armybot-768x576.jpg 768w, https:\/\/urbeamea.ro\/albaiulia\/wp-content\/uploads\/2018\/02\/armybot.jpg 960w\" sizes=\"auto, (max-width: 150px) 100vw, 150px\" data-src=\"https:\/\/urbeamea.ro\/albaiulia\/wp-content\/uploads\/2018\/02\/armybot-150x113.jpg\" loading=\"lazy\" \/><\/a>\n\t\t\t<\/div><\/figure><figure class='gallery-item'>\n\t\t\t<div class='gallery-icon portrait'>\n\t\t\t\t<a href='https:\/\/urbeamea.ro\/albaiulia\/wp-content\/uploads\/2018\/02\/armybot1.jpg'><img decoding=\"async\" width=\"113\" height=\"150\" src=\"data:image\/png;base64,iVBORw0KGgoAAAANSUhEUgAAAYYAAADcAQMAAABOLJSDAAAAA1BMVEUAAACnej3aAAAAAXRSTlMAQObYZgAAACJJREFUaIHtwTEBAAAAwqD1T20ND6AAAAAAAAAAAAAA4N8AKvgAAUFIrrEAAAAASUVORK5CYII=\" class=\"attachment-thumbnail size-thumbnail lazy-img\" alt=\"\" srcset=\"https:\/\/urbeamea.ro\/albaiulia\/wp-content\/uploads\/2018\/02\/armybot1-113x150.jpg 113w, https:\/\/urbeamea.ro\/albaiulia\/wp-content\/uploads\/2018\/02\/armybot1-480x640.jpg 480w, https:\/\/urbeamea.ro\/albaiulia\/wp-content\/uploads\/2018\/02\/armybot1.jpg 720w\" sizes=\"auto, (max-width: 113px) 100vw, 113px\" data-src=\"https:\/\/urbeamea.ro\/albaiulia\/wp-content\/uploads\/2018\/02\/armybot1-113x150.jpg\" loading=\"lazy\" \/><\/a>\n\t\t\t<\/div><\/figure><figure class='gallery-item'>\n\t\t\t<div class='gallery-icon landscape'>\n\t\t\t\t<a href='https:\/\/urbeamea.ro\/albaiulia\/wp-content\/uploads\/2018\/02\/armybot2.jpg'><img decoding=\"async\" width=\"150\" height=\"113\" src=\"data:image\/png;base64,iVBORw0KGgoAAAANSUhEUgAAAYYAAADcAQMAAABOLJSDAAAAA1BMVEUAAACnej3aAAAAAXRSTlMAQObYZgAAACJJREFUaIHtwTEBAAAAwqD1T20ND6AAAAAAAAAAAAAA4N8AKvgAAUFIrrEAAAAASUVORK5CYII=\" class=\"attachment-thumbnail size-thumbnail lazy-img\" alt=\"\" srcset=\"https:\/\/urbeamea.ro\/albaiulia\/wp-content\/uploads\/2018\/02\/armybot2-150x113.jpg 150w, https:\/\/urbeamea.ro\/albaiulia\/wp-content\/uploads\/2018\/02\/armybot2-640x480.jpg 640w, https:\/\/urbeamea.ro\/albaiulia\/wp-content\/uploads\/2018\/02\/armybot2-768x576.jpg 768w, https:\/\/urbeamea.ro\/albaiulia\/wp-content\/uploads\/2018\/02\/armybot2.jpg 960w\" sizes=\"auto, (max-width: 150px) 100vw, 150px\" data-src=\"https:\/\/urbeamea.ro\/albaiulia\/wp-content\/uploads\/2018\/02\/armybot2-150x113.jpg\" loading=\"lazy\" \/><\/a>\n\t\t\t<\/div><\/figure><figure class='gallery-item'>\n\t\t\t<div class='gallery-icon landscape'>\n\t\t\t\t<a href='https:\/\/urbeamea.ro\/albaiulia\/wp-content\/uploads\/2018\/02\/armybot3.jpg'><img decoding=\"async\" width=\"150\" height=\"100\" src=\"data:image\/png;base64,iVBORw0KGgoAAAANSUhEUgAAAYYAAADcAQMAAABOLJSDAAAAA1BMVEUAAACnej3aAAAAAXRSTlMAQObYZgAAACJJREFUaIHtwTEBAAAAwqD1T20ND6AAAAAAAAAAAAAA4N8AKvgAAUFIrrEAAAAASUVORK5CYII=\" class=\"attachment-thumbnail size-thumbnail lazy-img\" alt=\"\" srcset=\"https:\/\/urbeamea.ro\/albaiulia\/wp-content\/uploads\/2018\/02\/armybot3-150x100.jpg 150w, https:\/\/urbeamea.ro\/albaiulia\/wp-content\/uploads\/2018\/02\/armybot3-640x427.jpg 640w, https:\/\/urbeamea.ro\/albaiulia\/wp-content\/uploads\/2018\/02\/armybot3-768x512.jpg 768w, https:\/\/urbeamea.ro\/albaiulia\/wp-content\/uploads\/2018\/02\/armybot3.jpg 960w\" sizes=\"auto, (max-width: 150px) 100vw, 150px\" data-src=\"https:\/\/urbeamea.ro\/albaiulia\/wp-content\/uploads\/2018\/02\/armybot3-150x100.jpg\" loading=\"lazy\" \/><\/a>\n\t\t\t<\/div><\/figure><figure class='gallery-item'>\n\t\t\t<div class='gallery-icon landscape'>\n\t\t\t\t<a href='https:\/\/urbeamea.ro\/albaiulia\/wp-content\/uploads\/2018\/02\/armybot4.jpg'><img decoding=\"async\" width=\"150\" height=\"113\" src=\"data:image\/png;base64,iVBORw0KGgoAAAANSUhEUgAAAYYAAADcAQMAAABOLJSDAAAAA1BMVEUAAACnej3aAAAAAXRSTlMAQObYZgAAACJJREFUaIHtwTEBAAAAwqD1T20ND6AAAAAAAAAAAAAA4N8AKvgAAUFIrrEAAAAASUVORK5CYII=\" class=\"attachment-thumbnail size-thumbnail lazy-img\" alt=\"\" srcset=\"https:\/\/urbeamea.ro\/albaiulia\/wp-content\/uploads\/2018\/02\/armybot4-150x113.jpg 150w, https:\/\/urbeamea.ro\/albaiulia\/wp-content\/uploads\/2018\/02\/armybot4-640x480.jpg 640w, https:\/\/urbeamea.ro\/albaiulia\/wp-content\/uploads\/2018\/02\/armybot4-768x576.jpg 768w, https:\/\/urbeamea.ro\/albaiulia\/wp-content\/uploads\/2018\/02\/armybot4.jpg 960w\" sizes=\"auto, (max-width: 150px) 100vw, 150px\" data-src=\"https:\/\/urbeamea.ro\/albaiulia\/wp-content\/uploads\/2018\/02\/armybot4-150x113.jpg\" loading=\"lazy\" \/><\/a>\n\t\t\t<\/div><\/figure>\n\t\t<\/div>\n\n","protected":false},"excerpt":{"rendered":"<p>S\u00e2mb\u0103t\u0103, 17 februarie 2018, echipa de robotica a Colegiului Na\u0163ional Militar ,,Mihai Viteazul\u201d a participat la primul meci regional din cadrul competi\u0163iei na\u0163ionale de robotic\u0103 FirstTechChallenge desf\u0103\u015furat la Cluj-Napoca. Potrivit site-ului Asocia\u0163iei Na\u0163ie prin Educa\u0163ie, la primul regional s-au \u00eenscris \u00een competi\u0163ie 25 de echipe din Cluj-Napoca, Alba Iulia, Baia Mare, Beclean, Bistrita, Cugir, Dej, &hellip;<\/p>\n","protected":false},"author":17,"featured_media":60052,"comment_status":"open","ping_status":"open","sticky":false,"template":"","format":"standard","meta":{"inline_featured_image":false,"footnotes":""},"categories":[2034],"tags":[31,903,14459,14461,14462,14460,14463,308,76],"class_list":["post-60051","post","type-post","status-publish","format-standard","has-post-thumbnail","hentry","category-social","tag-alba-iulia","tag-cluj-napoca","tag-colegiul-national-mihai-viteazul-alba-iulia","tag-competitie-nationala-de-robotica-firsttechchallenge","tag-echipa-armybot","tag-echipa-robotica","tag-meciul-demo-regional","tag-stiri","tag-urbea-mea"],"yoast_head":"<!-- This site is optimized with the Yoast SEO plugin v27.4 - https:\/\/yoast.com\/product\/yoast-seo-wordpress\/ -->\n<title>FOTO: Echipa ArmyBot a Colegiului Na\u0163ional Militar ,,Mihai Viteazul\u201d Alba Iulia, la meciul Demo Regional Cluj Napoca - Revista Urbea Mea - Revista de Alba<\/title>\n<meta name=\"description\" content=\"S\u00e2mb\u0103t\u0103, 17 februarie 2018, echipa de robotica a Colegiului Na\u0163ional Militar ,,Mihai Viteazul\u201d a participat la primul meci regional din cadrul competi\u0163iei\" \/>\n<meta name=\"robots\" content=\"index, follow, max-snippet:-1, max-image-preview:large, max-video-preview:-1\" \/>\n<link rel=\"canonical\" href=\"https:\/\/urbeamea.ro\/albaiulia\/foto-echipa-armybot-colegiului-national-militar-mihai-viteazul-alba-iulia-la-meciul-demo-regional-cluj-napoca\/\" \/>\n<meta name=\"twitter:card\" content=\"summary_large_image\" \/>\n<meta name=\"twitter:title\" content=\"FOTO: Echipa ArmyBot a Colegiului Na\u0163ional Militar ,,Mihai Viteazul\u201d Alba Iulia, la meciul Demo Regional Cluj Napoca - Revista Urbea Mea - Revista de Alba\" \/>\n<meta name=\"twitter:description\" content=\"S\u00e2mb\u0103t\u0103, 17 februarie 2018, echipa de robotica a Colegiului Na\u0163ional Militar ,,Mihai Viteazul\u201d a participat la primul meci regional din cadrul competi\u0163iei\" \/>\n<meta name=\"twitter:image\" content=\"https:\/\/urbeamea.ro\/albaiulia\/wp-content\/uploads\/2018\/02\/armybot.jpg\" \/>\n<meta name=\"twitter:creator\" content=\"@urbeameaweb\" \/>\n<meta name=\"twitter:site\" content=\"@urbeameaweb\" \/>\n<script type=\"application\/ld+json\" class=\"yoast-schema-graph\">{\"@context\":\"https:\\\/\\\/schema.org\",\"@graph\":[{\"@type\":\"Article\",\"@id\":\"https:\\\/\\\/urbeamea.ro\\\/albaiulia\\\/foto-echipa-armybot-colegiului-national-militar-mihai-viteazul-alba-iulia-la-meciul-demo-regional-cluj-napoca\\\/#article\",\"isPartOf\":{\"@id\":\"https:\\\/\\\/urbeamea.ro\\\/albaiulia\\\/foto-echipa-armybot-colegiului-national-militar-mihai-viteazul-alba-iulia-la-meciul-demo-regional-cluj-napoca\\\/\"},\"author\":{\"name\":\"Cristina Ganga\",\"@id\":\"https:\\\/\\\/urbeamea.ro\\\/albaiulia\\\/#\\\/schema\\\/person\\\/9700d21fae21c4f038b0b56f4506264a\"},\"headline\":\"FOTO: Echipa ArmyBot a Colegiului Na\u0163ional Militar ,,Mihai Viteazul\u201d Alba Iulia, la meciul Demo Regional Cluj Napoca\",\"datePublished\":\"2018-02-21T09:53:48+00:00\",\"mainEntityOfPage\":{\"@id\":\"https:\\\/\\\/urbeamea.ro\\\/albaiulia\\\/foto-echipa-armybot-colegiului-national-militar-mihai-viteazul-alba-iulia-la-meciul-demo-regional-cluj-napoca\\\/\"},\"wordCount\":424,\"commentCount\":0,\"image\":{\"@id\":\"https:\\\/\\\/urbeamea.ro\\\/albaiulia\\\/foto-echipa-armybot-colegiului-national-militar-mihai-viteazul-alba-iulia-la-meciul-demo-regional-cluj-napoca\\\/#primaryimage\"},\"thumbnailUrl\":\"https:\\\/\\\/urbeamea.ro\\\/albaiulia\\\/wp-content\\\/uploads\\\/2018\\\/02\\\/armybot.jpg\",\"keywords\":[\"Alba Iulia\",\"cluj napoca\",\"colegiul national mihai viteazul alba iulia\",\"competitie nationala de robotica FirstTechChallenge\",\"Echipa ArmyBot\",\"echipa robotica\",\"meciul Demo Regional\",\"stiri\",\"Urbea Mea\"],\"articleSection\":[\"Social\"],\"inLanguage\":\"ro-RO\",\"potentialAction\":[{\"@type\":\"CommentAction\",\"name\":\"Comment\",\"target\":[\"https:\\\/\\\/urbeamea.ro\\\/albaiulia\\\/foto-echipa-armybot-colegiului-national-militar-mihai-viteazul-alba-iulia-la-meciul-demo-regional-cluj-napoca\\\/#respond\"]}]},{\"@type\":\"WebPage\",\"@id\":\"https:\\\/\\\/urbeamea.ro\\\/albaiulia\\\/foto-echipa-armybot-colegiului-national-militar-mihai-viteazul-alba-iulia-la-meciul-demo-regional-cluj-napoca\\\/\",\"url\":\"https:\\\/\\\/urbeamea.ro\\\/albaiulia\\\/foto-echipa-armybot-colegiului-national-militar-mihai-viteazul-alba-iulia-la-meciul-demo-regional-cluj-napoca\\\/\",\"name\":\"FOTO: Echipa ArmyBot a Colegiului Na\u0163ional Militar ,,Mihai Viteazul\u201d Alba Iulia, la meciul Demo Regional Cluj Napoca - Revista Urbea Mea - Revista de Alba\",\"isPartOf\":{\"@id\":\"https:\\\/\\\/urbeamea.ro\\\/albaiulia\\\/#website\"},\"primaryImageOfPage\":{\"@id\":\"https:\\\/\\\/urbeamea.ro\\\/albaiulia\\\/foto-echipa-armybot-colegiului-national-militar-mihai-viteazul-alba-iulia-la-meciul-demo-regional-cluj-napoca\\\/#primaryimage\"},\"image\":{\"@id\":\"https:\\\/\\\/urbeamea.ro\\\/albaiulia\\\/foto-echipa-armybot-colegiului-national-militar-mihai-viteazul-alba-iulia-la-meciul-demo-regional-cluj-napoca\\\/#primaryimage\"},\"thumbnailUrl\":\"https:\\\/\\\/urbeamea.ro\\\/albaiulia\\\/wp-content\\\/uploads\\\/2018\\\/02\\\/armybot.jpg\",\"datePublished\":\"2018-02-21T09:53:48+00:00\",\"author\":{\"@id\":\"https:\\\/\\\/urbeamea.ro\\\/albaiulia\\\/#\\\/schema\\\/person\\\/9700d21fae21c4f038b0b56f4506264a\"},\"description\":\"S\u00e2mb\u0103t\u0103, 17 februarie 2018, echipa de robotica a Colegiului Na\u0163ional Militar ,,Mihai Viteazul\u201d a participat la primul meci regional din cadrul competi\u0163iei\",\"breadcrumb\":{\"@id\":\"https:\\\/\\\/urbeamea.ro\\\/albaiulia\\\/foto-echipa-armybot-colegiului-national-militar-mihai-viteazul-alba-iulia-la-meciul-demo-regional-cluj-napoca\\\/#breadcrumb\"},\"inLanguage\":\"ro-RO\",\"potentialAction\":[{\"@type\":\"ReadAction\",\"target\":[\"https:\\\/\\\/urbeamea.ro\\\/albaiulia\\\/foto-echipa-armybot-colegiului-national-militar-mihai-viteazul-alba-iulia-la-meciul-demo-regional-cluj-napoca\\\/\"]}]},{\"@type\":\"ImageObject\",\"inLanguage\":\"ro-RO\",\"@id\":\"https:\\\/\\\/urbeamea.ro\\\/albaiulia\\\/foto-echipa-armybot-colegiului-national-militar-mihai-viteazul-alba-iulia-la-meciul-demo-regional-cluj-napoca\\\/#primaryimage\",\"url\":\"https:\\\/\\\/urbeamea.ro\\\/albaiulia\\\/wp-content\\\/uploads\\\/2018\\\/02\\\/armybot.jpg\",\"contentUrl\":\"https:\\\/\\\/urbeamea.ro\\\/albaiulia\\\/wp-content\\\/uploads\\\/2018\\\/02\\\/armybot.jpg\",\"width\":960,\"height\":720},{\"@type\":\"BreadcrumbList\",\"@id\":\"https:\\\/\\\/urbeamea.ro\\\/albaiulia\\\/foto-echipa-armybot-colegiului-national-militar-mihai-viteazul-alba-iulia-la-meciul-demo-regional-cluj-napoca\\\/#breadcrumb\",\"itemListElement\":[{\"@type\":\"ListItem\",\"position\":1,\"name\":\"Prima pagin\u0103\",\"item\":\"https:\\\/\\\/urbeamea.ro\\\/albaiulia\\\/\"},{\"@type\":\"ListItem\",\"position\":2,\"name\":\"FOTO: Echipa ArmyBot a Colegiului Na\u0163ional Militar ,,Mihai Viteazul\u201d Alba Iulia, la meciul Demo Regional Cluj Napoca\"}]},{\"@type\":\"WebSite\",\"@id\":\"https:\\\/\\\/urbeamea.ro\\\/albaiulia\\\/#website\",\"url\":\"https:\\\/\\\/urbeamea.ro\\\/albaiulia\\\/\",\"name\":\"Revista Urbea Mea, Stiri urbane\",\"description\":\"Evenimente \u0219i \u0219tiri din Alba Iulia, Sebe\u0219, Aiud, Blaj\",\"potentialAction\":[{\"@type\":\"SearchAction\",\"target\":{\"@type\":\"EntryPoint\",\"urlTemplate\":\"https:\\\/\\\/urbeamea.ro\\\/albaiulia\\\/?s={search_term_string}\"},\"query-input\":{\"@type\":\"PropertyValueSpecification\",\"valueRequired\":true,\"valueName\":\"search_term_string\"}}],\"inLanguage\":\"ro-RO\"},{\"@type\":\"Person\",\"@id\":\"https:\\\/\\\/urbeamea.ro\\\/albaiulia\\\/#\\\/schema\\\/person\\\/9700d21fae21c4f038b0b56f4506264a\",\"name\":\"Cristina Ganga\",\"image\":{\"@type\":\"ImageObject\",\"inLanguage\":\"ro-RO\",\"@id\":\"https:\\\/\\\/secure.gravatar.com\\\/avatar\\\/5a67661041f057b4a8ccaf26f5a8e86e2689372006d01faf3dd9eeb10b654bb4?s=96&d=mm&r=g\",\"url\":\"https:\\\/\\\/secure.gravatar.com\\\/avatar\\\/5a67661041f057b4a8ccaf26f5a8e86e2689372006d01faf3dd9eeb10b654bb4?s=96&d=mm&r=g\",\"contentUrl\":\"https:\\\/\\\/secure.gravatar.com\\\/avatar\\\/5a67661041f057b4a8ccaf26f5a8e86e2689372006d01faf3dd9eeb10b654bb4?s=96&d=mm&r=g\",\"caption\":\"Cristina Ganga\"},\"description\":\"Jurnalist\",\"sameAs\":[\"https:\\\/\\\/www.facebook.com\\\/cristina.nicola.587\"],\"url\":\"https:\\\/\\\/urbeamea.ro\\\/albaiulia\\\/author\\\/cristina-nicola\\\/\"}]}<\/script>\n<!-- \/ Yoast SEO plugin. -->","yoast_head_json":{"title":"FOTO: Echipa ArmyBot a Colegiului Na\u0163ional Militar ,,Mihai Viteazul\u201d Alba Iulia, la meciul Demo Regional Cluj Napoca - Revista Urbea Mea - Revista de Alba","description":"S\u00e2mb\u0103t\u0103, 17 februarie 2018, echipa de robotica a Colegiului Na\u0163ional Militar ,,Mihai Viteazul\u201d a participat la primul meci regional din cadrul competi\u0163iei","robots":{"index":"index","follow":"follow","max-snippet":"max-snippet:-1","max-image-preview":"max-image-preview:large","max-video-preview":"max-video-preview:-1"},"canonical":"https:\/\/urbeamea.ro\/albaiulia\/foto-echipa-armybot-colegiului-national-militar-mihai-viteazul-alba-iulia-la-meciul-demo-regional-cluj-napoca\/","twitter_card":"summary_large_image","twitter_title":"FOTO: Echipa ArmyBot a Colegiului Na\u0163ional Militar ,,Mihai Viteazul\u201d Alba Iulia, la meciul Demo Regional Cluj Napoca - Revista Urbea Mea - Revista de Alba","twitter_description":"S\u00e2mb\u0103t\u0103, 17 februarie 2018, echipa de robotica a Colegiului Na\u0163ional Militar ,,Mihai Viteazul\u201d a participat la primul meci regional din cadrul competi\u0163iei","twitter_image":"https:\/\/urbeamea.ro\/albaiulia\/wp-content\/uploads\/2018\/02\/armybot.jpg","twitter_creator":"@urbeameaweb","twitter_site":"@urbeameaweb","schema":{"@context":"https:\/\/schema.org","@graph":[{"@type":"Article","@id":"https:\/\/urbeamea.ro\/albaiulia\/foto-echipa-armybot-colegiului-national-militar-mihai-viteazul-alba-iulia-la-meciul-demo-regional-cluj-napoca\/#article","isPartOf":{"@id":"https:\/\/urbeamea.ro\/albaiulia\/foto-echipa-armybot-colegiului-national-militar-mihai-viteazul-alba-iulia-la-meciul-demo-regional-cluj-napoca\/"},"author":{"name":"Cristina Ganga","@id":"https:\/\/urbeamea.ro\/albaiulia\/#\/schema\/person\/9700d21fae21c4f038b0b56f4506264a"},"headline":"FOTO: Echipa ArmyBot a Colegiului Na\u0163ional Militar ,,Mihai Viteazul\u201d Alba Iulia, la meciul Demo Regional Cluj Napoca","datePublished":"2018-02-21T09:53:48+00:00","mainEntityOfPage":{"@id":"https:\/\/urbeamea.ro\/albaiulia\/foto-echipa-armybot-colegiului-national-militar-mihai-viteazul-alba-iulia-la-meciul-demo-regional-cluj-napoca\/"},"wordCount":424,"commentCount":0,"image":{"@id":"https:\/\/urbeamea.ro\/albaiulia\/foto-echipa-armybot-colegiului-national-militar-mihai-viteazul-alba-iulia-la-meciul-demo-regional-cluj-napoca\/#primaryimage"},"thumbnailUrl":"https:\/\/urbeamea.ro\/albaiulia\/wp-content\/uploads\/2018\/02\/armybot.jpg","keywords":["Alba Iulia","cluj napoca","colegiul national mihai viteazul alba iulia","competitie nationala de robotica FirstTechChallenge","Echipa ArmyBot","echipa robotica","meciul Demo Regional","stiri","Urbea Mea"],"articleSection":["Social"],"inLanguage":"ro-RO","potentialAction":[{"@type":"CommentAction","name":"Comment","target":["https:\/\/urbeamea.ro\/albaiulia\/foto-echipa-armybot-colegiului-national-militar-mihai-viteazul-alba-iulia-la-meciul-demo-regional-cluj-napoca\/#respond"]}]},{"@type":"WebPage","@id":"https:\/\/urbeamea.ro\/albaiulia\/foto-echipa-armybot-colegiului-national-militar-mihai-viteazul-alba-iulia-la-meciul-demo-regional-cluj-napoca\/","url":"https:\/\/urbeamea.ro\/albaiulia\/foto-echipa-armybot-colegiului-national-militar-mihai-viteazul-alba-iulia-la-meciul-demo-regional-cluj-napoca\/","name":"FOTO: Echipa ArmyBot a Colegiului Na\u0163ional Militar ,,Mihai Viteazul\u201d Alba Iulia, la meciul Demo Regional Cluj Napoca - Revista Urbea Mea - Revista de Alba","isPartOf":{"@id":"https:\/\/urbeamea.ro\/albaiulia\/#website"},"primaryImageOfPage":{"@id":"https:\/\/urbeamea.ro\/albaiulia\/foto-echipa-armybot-colegiului-national-militar-mihai-viteazul-alba-iulia-la-meciul-demo-regional-cluj-napoca\/#primaryimage"},"image":{"@id":"https:\/\/urbeamea.ro\/albaiulia\/foto-echipa-armybot-colegiului-national-militar-mihai-viteazul-alba-iulia-la-meciul-demo-regional-cluj-napoca\/#primaryimage"},"thumbnailUrl":"https:\/\/urbeamea.ro\/albaiulia\/wp-content\/uploads\/2018\/02\/armybot.jpg","datePublished":"2018-02-21T09:53:48+00:00","author":{"@id":"https:\/\/urbeamea.ro\/albaiulia\/#\/schema\/person\/9700d21fae21c4f038b0b56f4506264a"},"description":"S\u00e2mb\u0103t\u0103, 17 februarie 2018, echipa de robotica a Colegiului Na\u0163ional Militar ,,Mihai Viteazul\u201d a participat la primul meci regional din cadrul competi\u0163iei","breadcrumb":{"@id":"https:\/\/urbeamea.ro\/albaiulia\/foto-echipa-armybot-colegiului-national-militar-mihai-viteazul-alba-iulia-la-meciul-demo-regional-cluj-napoca\/#breadcrumb"},"inLanguage":"ro-RO","potentialAction":[{"@type":"ReadAction","target":["https:\/\/urbeamea.ro\/albaiulia\/foto-echipa-armybot-colegiului-national-militar-mihai-viteazul-alba-iulia-la-meciul-demo-regional-cluj-napoca\/"]}]},{"@type":"ImageObject","inLanguage":"ro-RO","@id":"https:\/\/urbeamea.ro\/albaiulia\/foto-echipa-armybot-colegiului-national-militar-mihai-viteazul-alba-iulia-la-meciul-demo-regional-cluj-napoca\/#primaryimage","url":"https:\/\/urbeamea.ro\/albaiulia\/wp-content\/uploads\/2018\/02\/armybot.jpg","contentUrl":"https:\/\/urbeamea.ro\/albaiulia\/wp-content\/uploads\/2018\/02\/armybot.jpg","width":960,"height":720},{"@type":"BreadcrumbList","@id":"https:\/\/urbeamea.ro\/albaiulia\/foto-echipa-armybot-colegiului-national-militar-mihai-viteazul-alba-iulia-la-meciul-demo-regional-cluj-napoca\/#breadcrumb","itemListElement":[{"@type":"ListItem","position":1,"name":"Prima pagin\u0103","item":"https:\/\/urbeamea.ro\/albaiulia\/"},{"@type":"ListItem","position":2,"name":"FOTO: Echipa ArmyBot a Colegiului Na\u0163ional Militar ,,Mihai Viteazul\u201d Alba Iulia, la meciul Demo Regional Cluj Napoca"}]},{"@type":"WebSite","@id":"https:\/\/urbeamea.ro\/albaiulia\/#website","url":"https:\/\/urbeamea.ro\/albaiulia\/","name":"Revista Urbea Mea, Stiri urbane","description":"Evenimente \u0219i \u0219tiri din Alba Iulia, Sebe\u0219, Aiud, Blaj","potentialAction":[{"@type":"SearchAction","target":{"@type":"EntryPoint","urlTemplate":"https:\/\/urbeamea.ro\/albaiulia\/?s={search_term_string}"},"query-input":{"@type":"PropertyValueSpecification","valueRequired":true,"valueName":"search_term_string"}}],"inLanguage":"ro-RO"},{"@type":"Person","@id":"https:\/\/urbeamea.ro\/albaiulia\/#\/schema\/person\/9700d21fae21c4f038b0b56f4506264a","name":"Cristina Ganga","image":{"@type":"ImageObject","inLanguage":"ro-RO","@id":"https:\/\/secure.gravatar.com\/avatar\/5a67661041f057b4a8ccaf26f5a8e86e2689372006d01faf3dd9eeb10b654bb4?s=96&d=mm&r=g","url":"https:\/\/secure.gravatar.com\/avatar\/5a67661041f057b4a8ccaf26f5a8e86e2689372006d01faf3dd9eeb10b654bb4?s=96&d=mm&r=g","contentUrl":"https:\/\/secure.gravatar.com\/avatar\/5a67661041f057b4a8ccaf26f5a8e86e2689372006d01faf3dd9eeb10b654bb4?s=96&d=mm&r=g","caption":"Cristina Ganga"},"description":"Jurnalist","sameAs":["https:\/\/www.facebook.com\/cristina.nicola.587"],"url":"https:\/\/urbeamea.ro\/albaiulia\/author\/cristina-nicola\/"}]}},"_links":{"self":[{"href":"https:\/\/urbeamea.ro\/albaiulia\/wp-json\/wp\/v2\/posts\/60051","targetHints":{"allow":["GET"]}}],"collection":[{"href":"https:\/\/urbeamea.ro\/albaiulia\/wp-json\/wp\/v2\/posts"}],"about":[{"href":"https:\/\/urbeamea.ro\/albaiulia\/wp-json\/wp\/v2\/types\/post"}],"author":[{"embeddable":true,"href":"https:\/\/urbeamea.ro\/albaiulia\/wp-json\/wp\/v2\/users\/17"}],"replies":[{"embeddable":true,"href":"https:\/\/urbeamea.ro\/albaiulia\/wp-json\/wp\/v2\/comments?post=60051"}],"version-history":[{"count":0,"href":"https:\/\/urbeamea.ro\/albaiulia\/wp-json\/wp\/v2\/posts\/60051\/revisions"}],"wp:featuredmedia":[{"embeddable":true,"href":"https:\/\/urbeamea.ro\/albaiulia\/wp-json\/wp\/v2\/media\/60052"}],"wp:attachment":[{"href":"https:\/\/urbeamea.ro\/albaiulia\/wp-json\/wp\/v2\/media?parent=60051"}],"wp:term":[{"taxonomy":"category","embeddable":true,"href":"https:\/\/urbeamea.ro\/albaiulia\/wp-json\/wp\/v2\/categories?post=60051"},{"taxonomy":"post_tag","embeddable":true,"href":"https:\/\/urbeamea.ro\/albaiulia\/wp-json\/wp\/v2\/tags?post=60051"}],"curies":[{"name":"wp","href":"https:\/\/api.w.org\/{rel}","templated":true}]}}