{"id":60063,"date":"2018-02-22T13:05:17","date_gmt":"2018-02-22T11:05:17","guid":{"rendered":"https:\/\/urbeamea.ro\/albaiulia\/?p=60063"},"modified":"2018-02-22T13:05:17","modified_gmt":"2018-02-22T11:05:17","slug":"vineri-dragobete-pupa-fete-la-aiud-ateliere-de-creatie-prezentari-de-traditii-si-obiceiuri","status":"publish","type":"post","link":"https:\/\/urbeamea.ro\/albaiulia\/vineri-dragobete-pupa-fete-la-aiud-ateliere-de-creatie-prezentari-de-traditii-si-obiceiuri\/","title":{"rendered":"VINERI: \u201eDragobete pup\u0103 fete\u201d, la Aiud. Ateliere de crea\u021bie, prezent\u0103ri de tradi\u021bii \u0219i obiceiuri"},"content":{"rendered":"<p><strong>Vineri, 23 februarie 2018, \u00eencep\u00e2nd cu ora 13.00, \u00een sala Ion I.C. Br\u0103tianu a Prim\u0103riei municipiului Aiud, va avea loc evenimentul \u201eDragobete pup\u0103 fete\u201d.<\/strong><\/p>\n<p>Menit s\u0103 refac\u0103 leg\u0103tura tinerilor cu obiceiurile \u0219i tradi\u021biile, edi\u021bia a II-a a evenimentului va aduna laolalt\u0103 elevi de la \u0219coli din Aiud \u00eentr-un atelier de crea\u021bie, transmite Prim\u0103rie Aiud. De asemenea, va fi o expozi\u021bie de ii \u0219i o demonstra\u021bie de tors l\u00e2na.<\/p>\n<p>Culeg\u0103tori de folclor vor face prezent\u0103ri de tradi\u021bii \u0219i obiceiuri rom\u00e2ne\u0219ti \u0219i maghiare.<\/p>\n<p><strong>DIN PROGRAM:<\/strong><\/p>\n<p>Atelier de crea\u0163ie \u201cPatru ursitoare \u2013 patru anotimpuri\u201d \u2013 particip\u0103 echipaje de la Colegiul Na\u0163ional \u201cBethlen Gabor\u201d Aiud, Colegiul Na\u0163ional \u201cTitu Maiorescu\u201d Aiud, Liceul Tehnologic \u201cAlexandru Borza\u201d Ciumbrud, \u015ecoala Gimnazial\u0103 \u201dAxente Sever\u201d Aiud, \u015ecoala Gimnazial\u0103 \u201cOvidiu Hulea\u201d Aiud.<\/p>\n<p>\u201cDragobete, cap de prim\u0103var\u0103\u201d \u2013 implica\u0163ii mitice \u015fi simbolice; conf univ. dr. Georgeta Orian \u015fi studen\u0163i ai Cercului de Etnologie \u201cOvidiu B\u00eerlea\u201d de la Universitatea \u201c1 Decembrie 1918\u201d din Alba Iulia<\/p>\n<p>\u201cDragobete, s\u0103rb\u0103toarea iubirii rom\u00e2ne\u015fti\u201d \u2013 Liliana Stoica, Casa de Cultur\u0103 \u201cIon S\u00e2ngerean\u201d, Ocna Mure\u015f<\/p>\n<p>Expozi\u0163ie de ii \u015fi demonstra\u0163ie de tors l\u00e2n\u0103 \u2013 Maria Anca, \u015fez\u0103toarea \u201cAiudul coase ie\u201d<\/p>\n<p>Obieciul F\u0103r\u015fangului \u2013 Agnes Lassel \u2013 Muzeul Etnografic Rimetea<\/p>\n<p>Evenimentul este organizat de Prim\u0103ria \u015fi Consiliul Local Aiud, \u00een colaborare cu Biblioteca Municipal\u0103 \u201cLiviu Rebreanu\u201d Aiud, Casa de Cultur\u0103 \u201cIon S\u00e2ngereanu\u201d Ocna Mure\u015f, Centrul Cultural \u201cLiviu Rebreanu\u201d Aiud, Muzeul Etnografic Rimetea, \u015eez\u0103toarea \u201cAiudul coase ie\u201d, Universitatea \u201c1 Decembrie 1918\u201d Alba Iulia.<\/p>\n","protected":false},"excerpt":{"rendered":"<p>Vineri, 23 februarie 2018, \u00eencep\u00e2nd cu ora 13.00, \u00een sala Ion I.C. Br\u0103tianu a Prim\u0103riei municipiului Aiud, va avea loc evenimentul \u201eDragobete pup\u0103 fete\u201d. Menit s\u0103 refac\u0103 leg\u0103tura tinerilor cu obiceiurile \u0219i tradi\u021biile, edi\u021bia a II-a a evenimentului va aduna laolalt\u0103 elevi de la \u0219coli din Aiud \u00eentr-un atelier de crea\u021bie, transmite Prim\u0103rie Aiud. De &hellip;<\/p>\n","protected":false},"author":17,"featured_media":60064,"comment_status":"open","ping_status":"open","sticky":false,"template":"","format":"standard","meta":{"inline_featured_image":false,"footnotes":""},"categories":[4],"tags":[385,307,3195,10112,14468,14467,308,76],"class_list":["post-60063","post","type-post","status-publish","format-standard","has-post-thumbnail","hentry","category-eveniment","tag-aiud","tag-alba","tag-ateliere-de-creatie","tag-dragobete-pupa-fete","tag-prezentari-de-ii","tag-prezentari-de-traditii-si-obiceiuri","tag-stiri","tag-urbea-mea"],"yoast_head":"<!-- This site is optimized with the Yoast SEO plugin v28.3 - https:\/\/yoast.com\/product\/yoast-seo-wordpress\/ -->\n<title>VINERI: \u201eDragobete pup\u0103 fete\u201d, la Aiud. Ateliere de crea\u021bie, prezent\u0103ri de tradi\u021bii \u0219i obiceiuri - Revista Urbea Mea - Revista de Alba<\/title>\n<meta name=\"description\" content=\"Vineri, 23 februarie 2018, \u00eencep\u00e2nd cu ora 13.00, \u00een sala Ion I.C. Br\u0103tianu a Prim\u0103riei municipiului Aiud, va avea loc evenimentul \u201eDragobete pup\u0103 fete\u201d.\" \/>\n<meta name=\"robots\" content=\"index, follow, max-snippet:-1, max-image-preview:large, max-video-preview:-1\" \/>\n<link rel=\"canonical\" href=\"https:\/\/urbeamea.ro\/albaiulia\/vineri-dragobete-pupa-fete-la-aiud-ateliere-de-creatie-prezentari-de-traditii-si-obiceiuri\/\" \/>\n<meta name=\"twitter:card\" content=\"summary_large_image\" \/>\n<meta name=\"twitter:title\" content=\"VINERI: \u201eDragobete pup\u0103 fete\u201d, la Aiud. Ateliere de crea\u021bie, prezent\u0103ri de tradi\u021bii \u0219i obiceiuri - Revista Urbea Mea - Revista de Alba\" \/>\n<meta name=\"twitter:description\" content=\"Vineri, 23 februarie 2018, \u00eencep\u00e2nd cu ora 13.00, \u00een sala Ion I.C. Br\u0103tianu a Prim\u0103riei municipiului Aiud, va avea loc evenimentul \u201eDragobete pup\u0103 fete\u201d.\" \/>\n<meta name=\"twitter:image\" content=\"https:\/\/urbeamea.ro\/albaiulia\/wp-content\/uploads\/2018\/02\/Afis-Dragobete.jpg\" \/>\n<meta name=\"twitter:creator\" content=\"@urbeameaweb\" \/>\n<meta name=\"twitter:site\" content=\"@urbeameaweb\" \/>\n<script type=\"application\/ld+json\" class=\"yoast-schema-graph\">{\"@context\":\"https:\\\/\\\/schema.org\",\"@graph\":[{\"@type\":\"Article\",\"@id\":\"https:\\\/\\\/urbeamea.ro\\\/albaiulia\\\/vineri-dragobete-pupa-fete-la-aiud-ateliere-de-creatie-prezentari-de-traditii-si-obiceiuri\\\/#article\",\"isPartOf\":{\"@id\":\"https:\\\/\\\/urbeamea.ro\\\/albaiulia\\\/vineri-dragobete-pupa-fete-la-aiud-ateliere-de-creatie-prezentari-de-traditii-si-obiceiuri\\\/\"},\"author\":{\"name\":\"Cristina Ganga\",\"@id\":\"https:\\\/\\\/urbeamea.ro\\\/albaiulia\\\/#\\\/schema\\\/person\\\/9700d21fae21c4f038b0b56f4506264a\"},\"headline\":\"VINERI: \u201eDragobete pup\u0103 fete\u201d, la Aiud. Ateliere de crea\u021bie, prezent\u0103ri de tradi\u021bii \u0219i obiceiuri\",\"datePublished\":\"2018-02-22T11:05:17+00:00\",\"mainEntityOfPage\":{\"@id\":\"https:\\\/\\\/urbeamea.ro\\\/albaiulia\\\/vineri-dragobete-pupa-fete-la-aiud-ateliere-de-creatie-prezentari-de-traditii-si-obiceiuri\\\/\"},\"wordCount\":273,\"commentCount\":0,\"image\":{\"@id\":\"https:\\\/\\\/urbeamea.ro\\\/albaiulia\\\/vineri-dragobete-pupa-fete-la-aiud-ateliere-de-creatie-prezentari-de-traditii-si-obiceiuri\\\/#primaryimage\"},\"thumbnailUrl\":\"https:\\\/\\\/urbeamea.ro\\\/albaiulia\\\/wp-content\\\/uploads\\\/2018\\\/02\\\/Afis-Dragobete.jpg\",\"keywords\":[\"aiud\",\"alba\",\"ateliere de creatie\",\"dragobete pupa fete\",\"prezentari de ii\",\"prezentari de traditii si obiceiuri\",\"stiri\",\"Urbea Mea\"],\"articleSection\":[\"Evenimente\"],\"inLanguage\":\"ro-RO\",\"potentialAction\":[{\"@type\":\"CommentAction\",\"name\":\"Comment\",\"target\":[\"https:\\\/\\\/urbeamea.ro\\\/albaiulia\\\/vineri-dragobete-pupa-fete-la-aiud-ateliere-de-creatie-prezentari-de-traditii-si-obiceiuri\\\/#respond\"]}]},{\"@type\":\"WebPage\",\"@id\":\"https:\\\/\\\/urbeamea.ro\\\/albaiulia\\\/vineri-dragobete-pupa-fete-la-aiud-ateliere-de-creatie-prezentari-de-traditii-si-obiceiuri\\\/\",\"url\":\"https:\\\/\\\/urbeamea.ro\\\/albaiulia\\\/vineri-dragobete-pupa-fete-la-aiud-ateliere-de-creatie-prezentari-de-traditii-si-obiceiuri\\\/\",\"name\":\"VINERI: \u201eDragobete pup\u0103 fete\u201d, la Aiud. Ateliere de crea\u021bie, prezent\u0103ri de tradi\u021bii \u0219i obiceiuri - Revista Urbea Mea - Revista de Alba\",\"isPartOf\":{\"@id\":\"https:\\\/\\\/urbeamea.ro\\\/albaiulia\\\/#website\"},\"primaryImageOfPage\":{\"@id\":\"https:\\\/\\\/urbeamea.ro\\\/albaiulia\\\/vineri-dragobete-pupa-fete-la-aiud-ateliere-de-creatie-prezentari-de-traditii-si-obiceiuri\\\/#primaryimage\"},\"image\":{\"@id\":\"https:\\\/\\\/urbeamea.ro\\\/albaiulia\\\/vineri-dragobete-pupa-fete-la-aiud-ateliere-de-creatie-prezentari-de-traditii-si-obiceiuri\\\/#primaryimage\"},\"thumbnailUrl\":\"https:\\\/\\\/urbeamea.ro\\\/albaiulia\\\/wp-content\\\/uploads\\\/2018\\\/02\\\/Afis-Dragobete.jpg\",\"datePublished\":\"2018-02-22T11:05:17+00:00\",\"author\":{\"@id\":\"https:\\\/\\\/urbeamea.ro\\\/albaiulia\\\/#\\\/schema\\\/person\\\/9700d21fae21c4f038b0b56f4506264a\"},\"description\":\"Vineri, 23 februarie 2018, \u00eencep\u00e2nd cu ora 13.00, \u00een sala Ion I.C. Br\u0103tianu a Prim\u0103riei municipiului Aiud, va avea loc evenimentul \u201eDragobete pup\u0103 fete\u201d.\",\"breadcrumb\":{\"@id\":\"https:\\\/\\\/urbeamea.ro\\\/albaiulia\\\/vineri-dragobete-pupa-fete-la-aiud-ateliere-de-creatie-prezentari-de-traditii-si-obiceiuri\\\/#breadcrumb\"},\"inLanguage\":\"ro-RO\",\"potentialAction\":[{\"@type\":\"ReadAction\",\"target\":[\"https:\\\/\\\/urbeamea.ro\\\/albaiulia\\\/vineri-dragobete-pupa-fete-la-aiud-ateliere-de-creatie-prezentari-de-traditii-si-obiceiuri\\\/\"]}]},{\"@type\":\"ImageObject\",\"inLanguage\":\"ro-RO\",\"@id\":\"https:\\\/\\\/urbeamea.ro\\\/albaiulia\\\/vineri-dragobete-pupa-fete-la-aiud-ateliere-de-creatie-prezentari-de-traditii-si-obiceiuri\\\/#primaryimage\",\"url\":\"https:\\\/\\\/urbeamea.ro\\\/albaiulia\\\/wp-content\\\/uploads\\\/2018\\\/02\\\/Afis-Dragobete.jpg\",\"contentUrl\":\"https:\\\/\\\/urbeamea.ro\\\/albaiulia\\\/wp-content\\\/uploads\\\/2018\\\/02\\\/Afis-Dragobete.jpg\",\"width\":848,\"height\":1200},{\"@type\":\"BreadcrumbList\",\"@id\":\"https:\\\/\\\/urbeamea.ro\\\/albaiulia\\\/vineri-dragobete-pupa-fete-la-aiud-ateliere-de-creatie-prezentari-de-traditii-si-obiceiuri\\\/#breadcrumb\",\"itemListElement\":[{\"@type\":\"ListItem\",\"position\":1,\"name\":\"Prima pagin\u0103\",\"item\":\"https:\\\/\\\/urbeamea.ro\\\/albaiulia\\\/\"},{\"@type\":\"ListItem\",\"position\":2,\"name\":\"VINERI: \u201eDragobete pup\u0103 fete\u201d, la Aiud. Ateliere de crea\u021bie, prezent\u0103ri de tradi\u021bii \u0219i obiceiuri\"}]},{\"@type\":\"WebSite\",\"@id\":\"https:\\\/\\\/urbeamea.ro\\\/albaiulia\\\/#website\",\"url\":\"https:\\\/\\\/urbeamea.ro\\\/albaiulia\\\/\",\"name\":\"Revista Urbea Mea, Stiri urbane\",\"description\":\"Evenimente \u0219i \u0219tiri din Alba Iulia, Sebe\u0219, Aiud, Blaj\",\"potentialAction\":[{\"@type\":\"SearchAction\",\"target\":{\"@type\":\"EntryPoint\",\"urlTemplate\":\"https:\\\/\\\/urbeamea.ro\\\/albaiulia\\\/?s={search_term_string}\"},\"query-input\":{\"@type\":\"PropertyValueSpecification\",\"valueRequired\":true,\"valueName\":\"search_term_string\"}}],\"inLanguage\":\"ro-RO\"},{\"@type\":\"Person\",\"@id\":\"https:\\\/\\\/urbeamea.ro\\\/albaiulia\\\/#\\\/schema\\\/person\\\/9700d21fae21c4f038b0b56f4506264a\",\"name\":\"Cristina Ganga\",\"image\":{\"@type\":\"ImageObject\",\"inLanguage\":\"ro-RO\",\"@id\":\"https:\\\/\\\/secure.gravatar.com\\\/avatar\\\/5a67661041f057b4a8ccaf26f5a8e86e2689372006d01faf3dd9eeb10b654bb4?s=96&d=mm&r=g\",\"url\":\"https:\\\/\\\/secure.gravatar.com\\\/avatar\\\/5a67661041f057b4a8ccaf26f5a8e86e2689372006d01faf3dd9eeb10b654bb4?s=96&d=mm&r=g\",\"contentUrl\":\"https:\\\/\\\/secure.gravatar.com\\\/avatar\\\/5a67661041f057b4a8ccaf26f5a8e86e2689372006d01faf3dd9eeb10b654bb4?s=96&d=mm&r=g\",\"caption\":\"Cristina Ganga\"},\"description\":\"Jurnalist\",\"sameAs\":[\"https:\\\/\\\/www.facebook.com\\\/cristina.nicola.587\"],\"url\":\"https:\\\/\\\/urbeamea.ro\\\/albaiulia\\\/author\\\/cristina-nicola\\\/\"}]}<\/script>\n<!-- \/ Yoast SEO plugin. -->","yoast_head_json":{"title":"VINERI: \u201eDragobete pup\u0103 fete\u201d, la Aiud. Ateliere de crea\u021bie, prezent\u0103ri de tradi\u021bii \u0219i obiceiuri - Revista Urbea Mea - Revista de Alba","description":"Vineri, 23 februarie 2018, \u00eencep\u00e2nd cu ora 13.00, \u00een sala Ion I.C. Br\u0103tianu a Prim\u0103riei municipiului Aiud, va avea loc evenimentul \u201eDragobete pup\u0103 fete\u201d.","robots":{"index":"index","follow":"follow","max-snippet":"max-snippet:-1","max-image-preview":"max-image-preview:large","max-video-preview":"max-video-preview:-1"},"canonical":"https:\/\/urbeamea.ro\/albaiulia\/vineri-dragobete-pupa-fete-la-aiud-ateliere-de-creatie-prezentari-de-traditii-si-obiceiuri\/","twitter_card":"summary_large_image","twitter_title":"VINERI: \u201eDragobete pup\u0103 fete\u201d, la Aiud. Ateliere de crea\u021bie, prezent\u0103ri de tradi\u021bii \u0219i obiceiuri - Revista Urbea Mea - Revista de Alba","twitter_description":"Vineri, 23 februarie 2018, \u00eencep\u00e2nd cu ora 13.00, \u00een sala Ion I.C. Br\u0103tianu a Prim\u0103riei municipiului Aiud, va avea loc evenimentul \u201eDragobete pup\u0103 fete\u201d.","twitter_image":"https:\/\/urbeamea.ro\/albaiulia\/wp-content\/uploads\/2018\/02\/Afis-Dragobete.jpg","twitter_creator":"@urbeameaweb","twitter_site":"@urbeameaweb","schema":{"@context":"https:\/\/schema.org","@graph":[{"@type":"Article","@id":"https:\/\/urbeamea.ro\/albaiulia\/vineri-dragobete-pupa-fete-la-aiud-ateliere-de-creatie-prezentari-de-traditii-si-obiceiuri\/#article","isPartOf":{"@id":"https:\/\/urbeamea.ro\/albaiulia\/vineri-dragobete-pupa-fete-la-aiud-ateliere-de-creatie-prezentari-de-traditii-si-obiceiuri\/"},"author":{"name":"Cristina Ganga","@id":"https:\/\/urbeamea.ro\/albaiulia\/#\/schema\/person\/9700d21fae21c4f038b0b56f4506264a"},"headline":"VINERI: \u201eDragobete pup\u0103 fete\u201d, la Aiud. Ateliere de crea\u021bie, prezent\u0103ri de tradi\u021bii \u0219i obiceiuri","datePublished":"2018-02-22T11:05:17+00:00","mainEntityOfPage":{"@id":"https:\/\/urbeamea.ro\/albaiulia\/vineri-dragobete-pupa-fete-la-aiud-ateliere-de-creatie-prezentari-de-traditii-si-obiceiuri\/"},"wordCount":273,"commentCount":0,"image":{"@id":"https:\/\/urbeamea.ro\/albaiulia\/vineri-dragobete-pupa-fete-la-aiud-ateliere-de-creatie-prezentari-de-traditii-si-obiceiuri\/#primaryimage"},"thumbnailUrl":"https:\/\/urbeamea.ro\/albaiulia\/wp-content\/uploads\/2018\/02\/Afis-Dragobete.jpg","keywords":["aiud","alba","ateliere de creatie","dragobete pupa fete","prezentari de ii","prezentari de traditii si obiceiuri","stiri","Urbea Mea"],"articleSection":["Evenimente"],"inLanguage":"ro-RO","potentialAction":[{"@type":"CommentAction","name":"Comment","target":["https:\/\/urbeamea.ro\/albaiulia\/vineri-dragobete-pupa-fete-la-aiud-ateliere-de-creatie-prezentari-de-traditii-si-obiceiuri\/#respond"]}]},{"@type":"WebPage","@id":"https:\/\/urbeamea.ro\/albaiulia\/vineri-dragobete-pupa-fete-la-aiud-ateliere-de-creatie-prezentari-de-traditii-si-obiceiuri\/","url":"https:\/\/urbeamea.ro\/albaiulia\/vineri-dragobete-pupa-fete-la-aiud-ateliere-de-creatie-prezentari-de-traditii-si-obiceiuri\/","name":"VINERI: \u201eDragobete pup\u0103 fete\u201d, la Aiud. Ateliere de crea\u021bie, prezent\u0103ri de tradi\u021bii \u0219i obiceiuri - Revista Urbea Mea - Revista de Alba","isPartOf":{"@id":"https:\/\/urbeamea.ro\/albaiulia\/#website"},"primaryImageOfPage":{"@id":"https:\/\/urbeamea.ro\/albaiulia\/vineri-dragobete-pupa-fete-la-aiud-ateliere-de-creatie-prezentari-de-traditii-si-obiceiuri\/#primaryimage"},"image":{"@id":"https:\/\/urbeamea.ro\/albaiulia\/vineri-dragobete-pupa-fete-la-aiud-ateliere-de-creatie-prezentari-de-traditii-si-obiceiuri\/#primaryimage"},"thumbnailUrl":"https:\/\/urbeamea.ro\/albaiulia\/wp-content\/uploads\/2018\/02\/Afis-Dragobete.jpg","datePublished":"2018-02-22T11:05:17+00:00","author":{"@id":"https:\/\/urbeamea.ro\/albaiulia\/#\/schema\/person\/9700d21fae21c4f038b0b56f4506264a"},"description":"Vineri, 23 februarie 2018, \u00eencep\u00e2nd cu ora 13.00, \u00een sala Ion I.C. Br\u0103tianu a Prim\u0103riei municipiului Aiud, va avea loc evenimentul \u201eDragobete pup\u0103 fete\u201d.","breadcrumb":{"@id":"https:\/\/urbeamea.ro\/albaiulia\/vineri-dragobete-pupa-fete-la-aiud-ateliere-de-creatie-prezentari-de-traditii-si-obiceiuri\/#breadcrumb"},"inLanguage":"ro-RO","potentialAction":[{"@type":"ReadAction","target":["https:\/\/urbeamea.ro\/albaiulia\/vineri-dragobete-pupa-fete-la-aiud-ateliere-de-creatie-prezentari-de-traditii-si-obiceiuri\/"]}]},{"@type":"ImageObject","inLanguage":"ro-RO","@id":"https:\/\/urbeamea.ro\/albaiulia\/vineri-dragobete-pupa-fete-la-aiud-ateliere-de-creatie-prezentari-de-traditii-si-obiceiuri\/#primaryimage","url":"https:\/\/urbeamea.ro\/albaiulia\/wp-content\/uploads\/2018\/02\/Afis-Dragobete.jpg","contentUrl":"https:\/\/urbeamea.ro\/albaiulia\/wp-content\/uploads\/2018\/02\/Afis-Dragobete.jpg","width":848,"height":1200},{"@type":"BreadcrumbList","@id":"https:\/\/urbeamea.ro\/albaiulia\/vineri-dragobete-pupa-fete-la-aiud-ateliere-de-creatie-prezentari-de-traditii-si-obiceiuri\/#breadcrumb","itemListElement":[{"@type":"ListItem","position":1,"name":"Prima pagin\u0103","item":"https:\/\/urbeamea.ro\/albaiulia\/"},{"@type":"ListItem","position":2,"name":"VINERI: \u201eDragobete pup\u0103 fete\u201d, la Aiud. Ateliere de crea\u021bie, prezent\u0103ri de tradi\u021bii \u0219i obiceiuri"}]},{"@type":"WebSite","@id":"https:\/\/urbeamea.ro\/albaiulia\/#website","url":"https:\/\/urbeamea.ro\/albaiulia\/","name":"Revista Urbea Mea, Stiri urbane","description":"Evenimente \u0219i \u0219tiri din Alba Iulia, Sebe\u0219, Aiud, Blaj","potentialAction":[{"@type":"SearchAction","target":{"@type":"EntryPoint","urlTemplate":"https:\/\/urbeamea.ro\/albaiulia\/?s={search_term_string}"},"query-input":{"@type":"PropertyValueSpecification","valueRequired":true,"valueName":"search_term_string"}}],"inLanguage":"ro-RO"},{"@type":"Person","@id":"https:\/\/urbeamea.ro\/albaiulia\/#\/schema\/person\/9700d21fae21c4f038b0b56f4506264a","name":"Cristina Ganga","image":{"@type":"ImageObject","inLanguage":"ro-RO","@id":"https:\/\/secure.gravatar.com\/avatar\/5a67661041f057b4a8ccaf26f5a8e86e2689372006d01faf3dd9eeb10b654bb4?s=96&d=mm&r=g","url":"https:\/\/secure.gravatar.com\/avatar\/5a67661041f057b4a8ccaf26f5a8e86e2689372006d01faf3dd9eeb10b654bb4?s=96&d=mm&r=g","contentUrl":"https:\/\/secure.gravatar.com\/avatar\/5a67661041f057b4a8ccaf26f5a8e86e2689372006d01faf3dd9eeb10b654bb4?s=96&d=mm&r=g","caption":"Cristina Ganga"},"description":"Jurnalist","sameAs":["https:\/\/www.facebook.com\/cristina.nicola.587"],"url":"https:\/\/urbeamea.ro\/albaiulia\/author\/cristina-nicola\/"}]}},"_links":{"self":[{"href":"https:\/\/urbeamea.ro\/albaiulia\/wp-json\/wp\/v2\/posts\/60063","targetHints":{"allow":["GET"]}}],"collection":[{"href":"https:\/\/urbeamea.ro\/albaiulia\/wp-json\/wp\/v2\/posts"}],"about":[{"href":"https:\/\/urbeamea.ro\/albaiulia\/wp-json\/wp\/v2\/types\/post"}],"author":[{"embeddable":true,"href":"https:\/\/urbeamea.ro\/albaiulia\/wp-json\/wp\/v2\/users\/17"}],"replies":[{"embeddable":true,"href":"https:\/\/urbeamea.ro\/albaiulia\/wp-json\/wp\/v2\/comments?post=60063"}],"version-history":[{"count":0,"href":"https:\/\/urbeamea.ro\/albaiulia\/wp-json\/wp\/v2\/posts\/60063\/revisions"}],"wp:featuredmedia":[{"embeddable":true,"href":"https:\/\/urbeamea.ro\/albaiulia\/wp-json\/wp\/v2\/media\/60064"}],"wp:attachment":[{"href":"https:\/\/urbeamea.ro\/albaiulia\/wp-json\/wp\/v2\/media?parent=60063"}],"wp:term":[{"taxonomy":"category","embeddable":true,"href":"https:\/\/urbeamea.ro\/albaiulia\/wp-json\/wp\/v2\/categories?post=60063"},{"taxonomy":"post_tag","embeddable":true,"href":"https:\/\/urbeamea.ro\/albaiulia\/wp-json\/wp\/v2\/tags?post=60063"}],"curies":[{"name":"wp","href":"https:\/\/api.w.org\/{rel}","templated":true}]}}