{"id":60498,"date":"2018-03-06T12:43:15","date_gmt":"2018-03-06T10:43:15","guid":{"rendered":"https:\/\/urbeamea.ro\/albaiulia\/?p=60498"},"modified":"2018-03-06T12:43:15","modified_gmt":"2018-03-06T10:43:15","slug":"16-martie-blind-date-cu-300-de-carti-editia-iii-la-muzeul-principia-din-alba-iulia","status":"publish","type":"post","link":"https:\/\/urbeamea.ro\/albaiulia\/16-martie-blind-date-cu-300-de-carti-editia-iii-la-muzeul-principia-din-alba-iulia\/","title":{"rendered":"16 martie: \u201cBlind date cu 300 de c\u0103r\u021bi\u201d, edi\u0163ia a III-a, la Muzeul Principia din Alba Iulia"},"content":{"rendered":"<p><strong>Vineri, 16 martie 2018, \u00een intervalul orar 14 \u2013 18, Muzeul Principia din Alba Iulia va g\u0103zdui cea de-a treia edi\u021bie a evenimentului \u201cBlind date cu 300 de c\u0103r\u021bi\u201d, realizat de liceenii YouthBank \u00een scopul promov\u0103rii lecturii, pentru c\u0103 repune \u00een circula\u021bie \u00eenc\u0103 300 de volume donate de cititori genero\u0219i, \u00een acela\u0219i timp str\u00e2ng\u00e2nd, sub emblematicul acoperi\u0219 \u00een form\u0103 de carte al muzeului, al\u021bi cititori, dornici de o \u00eent\u00e2lnire \u201cpe nev\u0103zute\u201d cu scriitori rom\u00e2ni \u0219i str\u0103ini. Evenimentul contribuie la str\u00e2ngerea de fonduri pentru finan\u021barea proiectelor de antreprenoriat social ale adolescen\u021bilor, \u00een cadrul programului YouthBank derulat de Funda\u021bia Comunitar\u0103 Alba, ambi\u021biosul obiectiv al voluntarilor YB \u00een acest an \u0219colar fiind mobilizarea a 40.000 lei pentru t\u00e2n\u0103ra genera\u021bie.<\/strong><\/p>\n<p>\u00cen schimbul unei dona\u021bii simbolice, de 10 lei, modic\u0103 fa\u021b\u0103 de valoarea oric\u0103rui exemplar oferit de organizatori, participan\u021bii la eveniment vor putea alege c\u0103r\u021bi &#8222;pe nev\u0103zute&#8221; (anonimizate prin \u00eempachetare), din cele 300 special preg\u0103tite de liceenii YouthBank, 300 fiind un num\u0103r simbolic pentru c\u0103 reaminte\u0219te cele trei secole de existen\u021b\u0103 ale Cet\u0103\u021bii Alba Carolina. To\u021bi cei prezen\u021bi vor primi certificate de participare la \u201cBlind date\u201d \u0219i de sus\u021binere a tinerei genera\u021bii. Intrarea \u00een Muzeul Principia este liber\u0103 pe durata evenimentului, iar participan\u021bii pot profita de prezen\u021ba solda\u021bilor romani nu doar pentru fotografii \u0219i selfiuri, ci \u0219i pentru a se transpune pentru c\u00e2teva momente \u00een rolul lor, prin \u00eembr\u0103carea echipamentului complex ce a fost reconstituit de speciali\u0219ti.<\/p>\n<p><em>\u201cDe\u0219i mediul online ia amploare, cititul nu poate fi \u00eenlocuit cu nimic. C\u00e2nd vorbim despre c\u0103r\u021bi, ne vin \u00een minte pove\u0219ti menite s\u0103 ne st\u00e2rneasc\u0103 interesul, imagina\u021bia \u0219i creativitatea. Pur \u0219i simplu \u00ee\u021bi po\u021bi cl\u0103di un univers doar al t\u0103u, un loc menit s\u0103 te scape de agita\u021bia cotidian\u0103. \u0218tim c\u0103 exist\u0103 mai mult de 300 de cititori \u00een cetatea noastr\u0103 \u0219i cel pu\u021bin tot at\u00e2tea persoane care cred \u00een genera\u021bia t\u00e2n\u0103r\u0103. Pe to\u021bi ace\u0219tia vrem s\u0103 \u00eei mobiliz\u0103m \u00een 16 martie, s\u0103 \u00eei cunoa\u0219tem \u0219i s\u0103 ne cunoasc\u0103\u201d<\/em> \u2013 Lumini\u021ba Moldovan, coordonator al programului YouthBank \u00een cadrul Funda\u021biei Comunitare.<\/p>\n<p><img loading=\"lazy\" decoding=\"async\" class=\"alignnone size-medium wp-image-60500\" src=\"https:\/\/urbeamea.ro\/albaiulia\/wp-content\/uploads\/2018\/03\/BD-2-640x427.jpg\" alt=\"\" width=\"640\" height=\"427\" srcset=\"https:\/\/urbeamea.ro\/albaiulia\/wp-content\/uploads\/2018\/03\/BD-2-640x427.jpg 640w, https:\/\/urbeamea.ro\/albaiulia\/wp-content\/uploads\/2018\/03\/BD-2-150x100.jpg 150w, https:\/\/urbeamea.ro\/albaiulia\/wp-content\/uploads\/2018\/03\/BD-2-768x512.jpg 768w, https:\/\/urbeamea.ro\/albaiulia\/wp-content\/uploads\/2018\/03\/BD-2.jpg 1200w\" sizes=\"auto, (max-width: 640px) 100vw, 640px\" \/><\/p>\n<p><em>\u201cYouthBank se traduce ca \u2018Banca Tinerilor\u2019. Pentru cel care prive\u0219te programul din exterior, \u00eenseamn\u0103 locul \u00een care tinerii pot g\u0103si sprijin \u0219i resurse financiare pentru ideile lor, dar pentru noi, YouthBank \u00eenseamn\u0103 locul \u00een care lu\u0103m tot ce avem mai frumos \u00een suflet \u0219i cumul\u0103m aici pentru a porni schimbarea la care cu to\u021bii vis\u0103m\u201d<\/em> \u2013 Claudiu B\u00eerlu\u021biu, elev \u00een clasa a XI-a, unul din zecile de voluntari YB.<\/p>\n<p>Sus\u021binut de Municipiul Alba Iulia \u0219i Muzeul Principia, evenimentul este realizat \u00een parteneriat cu Muzeul Na\u021bional al Unirii Alba Iulia \u0219i Biblioteca Jude\u021bean\u0103 \u201cLucian Blaga\u201d Alba. Al\u0103turi de municipalitate, programul YouthBank are ca principali parteneri Aloref, Anc\u0103u Company \u0219i Casa de Cultur\u0103 a Studen\u021bilor Alba Iulia, ca finan\u021batori Porterom, Pensiunea Select \u0219i Deko Team, iar ca sus\u021bin\u0103tori Societatea de Transport Public, Tipo-Rex, Nicolae Boca Photography \u0219i Impact Design.<\/p>\n<p><img loading=\"lazy\" decoding=\"async\" class=\"alignnone size-medium wp-image-60501\" src=\"https:\/\/urbeamea.ro\/albaiulia\/wp-content\/uploads\/2018\/03\/BD-4-640x427.jpg\" alt=\"\" width=\"640\" height=\"427\" srcset=\"https:\/\/urbeamea.ro\/albaiulia\/wp-content\/uploads\/2018\/03\/BD-4-640x427.jpg 640w, https:\/\/urbeamea.ro\/albaiulia\/wp-content\/uploads\/2018\/03\/BD-4-150x100.jpg 150w, https:\/\/urbeamea.ro\/albaiulia\/wp-content\/uploads\/2018\/03\/BD-4-768x512.jpg 768w, https:\/\/urbeamea.ro\/albaiulia\/wp-content\/uploads\/2018\/03\/BD-4.jpg 1200w\" sizes=\"auto, (max-width: 640px) 100vw, 640px\" \/><\/p>\n<p>Amplasat \u00een Pia\u021ba Cet\u0103\u021bii, Muzeul Principia este, practic, o excelent\u0103 valorificare a castrului roman Apulum, aici av\u00e2ndu-\u0219i sediul comandamentul Legiunii a XIII-a Gemina, singura legiune care a sta\u021bionat pe teritoriul Daciei pe toat\u0103 perioada ocupa\u021biei romane. Muzeul este unul dintre locurile \u00een care pute\u021bi afla povestea castrului ridicat de romani la Apulum, con\u021bin\u00e2nd machete excep\u021bionale, ce reconstituie tabere militare romane \u0219i scene de lupt\u0103 din acea epoc\u0103.<\/p>\n<p><img loading=\"lazy\" decoding=\"async\" class=\"alignnone size-medium wp-image-60502\" src=\"https:\/\/urbeamea.ro\/albaiulia\/wp-content\/uploads\/2018\/03\/BD-1-640x427.jpg\" alt=\"\" width=\"640\" height=\"427\" srcset=\"https:\/\/urbeamea.ro\/albaiulia\/wp-content\/uploads\/2018\/03\/BD-1-640x427.jpg 640w, https:\/\/urbeamea.ro\/albaiulia\/wp-content\/uploads\/2018\/03\/BD-1-150x100.jpg 150w, https:\/\/urbeamea.ro\/albaiulia\/wp-content\/uploads\/2018\/03\/BD-1-768x512.jpg 768w, https:\/\/urbeamea.ro\/albaiulia\/wp-content\/uploads\/2018\/03\/BD-1.jpg 1200w\" sizes=\"auto, (max-width: 640px) 100vw, 640px\" \/><\/p>\n<p>Demarat \u00een anii \u201990 \u00een Irlanda de Nord \u0219i lansat \u00een Alba \u00een 2009, YouthBank d\u0103 ocazia tinerilor s\u0103 fac\u0103 ceva bun cu timpul lor, dezvolt\u00e2nd comunitatea \u0219i dezvolt\u00e2ndu-\u0219i \u00een acela\u0219i timp abilit\u0103\u021bi importante pentru viitoarea lor carier\u0103: leadership, comunicare, managementul timpului, de proiect sau financiar, lucru \u00een echip\u0103 \u0219i antreprenoriat. \u00cen fiecare an este creat \u0219i administrat transparent un fond special destinat proiectelor implementate \u00een comunitate de al\u021bi liceeni. Programul a fost de mai multe ori desemnat cel mai bun program de voluntariat \u00een educa\u0163ie din jude\u021bul Alba, ob\u021bin\u00e2nd importante premii \u0219i la nivel na\u021bional, ca o recunoa\u0219tere a rezultatelor sale \u0219i a schimb\u0103rii pe care o produce \u00een r\u00e2ndul genera\u021biei tinere \u0219i comunit\u0103\u021bii.<\/p>\n<p>Prin YouthBank, Funda\u021bia Comunitar\u0103 a acordat p\u00e2n\u0103 \u00een prezent 64 de granturi liceenilor din Alba, \u00een valoare total\u0103 de peste 141.000 lei, finan\u021b\u00e2nd astfel ini\u021biativele \u00een comunitate a peste 300 de adolescen\u021bi, \u00een proiecte care au avut peste 24.000 de beneficiari.<\/p>\n<div id='gallery-1' class='gallery galleryid-60498 gallery-columns-3 gallery-size-thumbnail'><figure class='gallery-item'>\n\t\t\t<div class='gallery-icon portrait'>\n\t\t\t\t<a href='https:\/\/urbeamea.ro\/albaiulia\/wp-content\/uploads\/2018\/03\/BD-3.jpg'><img decoding=\"async\" width=\"100\" height=\"150\" src=\"data:image\/png;base64,iVBORw0KGgoAAAANSUhEUgAAAYYAAADcAQMAAABOLJSDAAAAA1BMVEUAAACnej3aAAAAAXRSTlMAQObYZgAAACJJREFUaIHtwTEBAAAAwqD1T20ND6AAAAAAAAAAAAAA4N8AKvgAAUFIrrEAAAAASUVORK5CYII=\" class=\"attachment-thumbnail size-thumbnail lazy-img\" alt=\"\" srcset=\"https:\/\/urbeamea.ro\/albaiulia\/wp-content\/uploads\/2018\/03\/BD-3-100x150.jpg 100w, https:\/\/urbeamea.ro\/albaiulia\/wp-content\/uploads\/2018\/03\/BD-3-427x640.jpg 427w, https:\/\/urbeamea.ro\/albaiulia\/wp-content\/uploads\/2018\/03\/BD-3-768x1152.jpg 768w, https:\/\/urbeamea.ro\/albaiulia\/wp-content\/uploads\/2018\/03\/BD-3.jpg 800w\" sizes=\"auto, (max-width: 100px) 100vw, 100px\" data-src=\"https:\/\/urbeamea.ro\/albaiulia\/wp-content\/uploads\/2018\/03\/BD-3-100x150.jpg\" loading=\"lazy\" \/><\/a>\n\t\t\t<\/div><\/figure><figure class='gallery-item'>\n\t\t\t<div class='gallery-icon portrait'>\n\t\t\t\t<a href='https:\/\/urbeamea.ro\/albaiulia\/wp-content\/uploads\/2018\/03\/Muzeul-Principia-2.jpg'><img decoding=\"async\" width=\"94\" height=\"150\" src=\"data:image\/png;base64,iVBORw0KGgoAAAANSUhEUgAAAYYAAADcAQMAAABOLJSDAAAAA1BMVEUAAACnej3aAAAAAXRSTlMAQObYZgAAACJJREFUaIHtwTEBAAAAwqD1T20ND6AAAAAAAAAAAAAA4N8AKvgAAUFIrrEAAAAASUVORK5CYII=\" class=\"attachment-thumbnail size-thumbnail lazy-img\" alt=\"\" srcset=\"https:\/\/urbeamea.ro\/albaiulia\/wp-content\/uploads\/2018\/03\/Muzeul-Principia-2-94x150.jpg 94w, https:\/\/urbeamea.ro\/albaiulia\/wp-content\/uploads\/2018\/03\/Muzeul-Principia-2-402x640.jpg 402w, https:\/\/urbeamea.ro\/albaiulia\/wp-content\/uploads\/2018\/03\/Muzeul-Principia-2.jpg 754w\" sizes=\"auto, (max-width: 94px) 100vw, 94px\" data-src=\"https:\/\/urbeamea.ro\/albaiulia\/wp-content\/uploads\/2018\/03\/Muzeul-Principia-2-94x150.jpg\" loading=\"lazy\" \/><\/a>\n\t\t\t<\/div><\/figure><figure class='gallery-item'>\n\t\t\t<div class='gallery-icon landscape'>\n\t\t\t\t<a href='https:\/\/urbeamea.ro\/albaiulia\/wp-content\/uploads\/2018\/03\/Muzeul-Principia-3.jpg'><img decoding=\"async\" width=\"150\" height=\"100\" src=\"data:image\/png;base64,iVBORw0KGgoAAAANSUhEUgAAAYYAAADcAQMAAABOLJSDAAAAA1BMVEUAAACnej3aAAAAAXRSTlMAQObYZgAAACJJREFUaIHtwTEBAAAAwqD1T20ND6AAAAAAAAAAAAAA4N8AKvgAAUFIrrEAAAAASUVORK5CYII=\" class=\"attachment-thumbnail size-thumbnail lazy-img\" alt=\"\" srcset=\"https:\/\/urbeamea.ro\/albaiulia\/wp-content\/uploads\/2018\/03\/Muzeul-Principia-3-150x100.jpg 150w, https:\/\/urbeamea.ro\/albaiulia\/wp-content\/uploads\/2018\/03\/Muzeul-Principia-3-640x427.jpg 640w, https:\/\/urbeamea.ro\/albaiulia\/wp-content\/uploads\/2018\/03\/Muzeul-Principia-3-768x513.jpg 768w, https:\/\/urbeamea.ro\/albaiulia\/wp-content\/uploads\/2018\/03\/Muzeul-Principia-3.jpg 1200w\" sizes=\"auto, (max-width: 150px) 100vw, 150px\" data-src=\"https:\/\/urbeamea.ro\/albaiulia\/wp-content\/uploads\/2018\/03\/Muzeul-Principia-3-150x100.jpg\" loading=\"lazy\" \/><\/a>\n\t\t\t<\/div><\/figure><figure class='gallery-item'>\n\t\t\t<div class='gallery-icon landscape'>\n\t\t\t\t<a href='https:\/\/urbeamea.ro\/albaiulia\/wp-content\/uploads\/2018\/03\/Muzeul-Principia.jpg'><img decoding=\"async\" width=\"150\" height=\"84\" src=\"data:image\/png;base64,iVBORw0KGgoAAAANSUhEUgAAAYYAAADcAQMAAABOLJSDAAAAA1BMVEUAAACnej3aAAAAAXRSTlMAQObYZgAAACJJREFUaIHtwTEBAAAAwqD1T20ND6AAAAAAAAAAAAAA4N8AKvgAAUFIrrEAAAAASUVORK5CYII=\" class=\"attachment-thumbnail size-thumbnail lazy-img\" alt=\"\" srcset=\"https:\/\/urbeamea.ro\/albaiulia\/wp-content\/uploads\/2018\/03\/Muzeul-Principia-150x84.jpg 150w, https:\/\/urbeamea.ro\/albaiulia\/wp-content\/uploads\/2018\/03\/Muzeul-Principia-640x357.jpg 640w, https:\/\/urbeamea.ro\/albaiulia\/wp-content\/uploads\/2018\/03\/Muzeul-Principia-768x429.jpg 768w, https:\/\/urbeamea.ro\/albaiulia\/wp-content\/uploads\/2018\/03\/Muzeul-Principia-819x452.jpg 819w, https:\/\/urbeamea.ro\/albaiulia\/wp-content\/uploads\/2018\/03\/Muzeul-Principia.jpg 1200w\" sizes=\"auto, (max-width: 150px) 100vw, 150px\" data-src=\"https:\/\/urbeamea.ro\/albaiulia\/wp-content\/uploads\/2018\/03\/Muzeul-Principia-150x84.jpg\" loading=\"lazy\" \/><\/a>\n\t\t\t<\/div><\/figure>\n\t\t<\/div>\n\n","protected":false},"excerpt":{"rendered":"<p>Vineri, 16 martie 2018, \u00een intervalul orar 14 \u2013 18, Muzeul Principia din Alba Iulia va g\u0103zdui cea de-a treia edi\u021bie a evenimentului \u201cBlind date cu 300 de c\u0103r\u021bi\u201d, realizat de liceenii YouthBank \u00een scopul promov\u0103rii lecturii, pentru c\u0103 repune \u00een circula\u021bie \u00eenc\u0103 300 de volume donate de cititori genero\u0219i, \u00een acela\u0219i timp str\u00e2ng\u00e2nd, sub &hellip;<\/p>\n","protected":false},"author":17,"featured_media":60499,"comment_status":"open","ping_status":"open","sticky":false,"template":"","format":"standard","meta":{"inline_featured_image":false,"footnotes":""},"categories":[4],"tags":[4723,31,3470,14620,2100,308,76,14619,3060],"class_list":["post-60498","post","type-post","status-publish","format-standard","has-post-thumbnail","hentry","category-eveniment","tag-blind-date-cu-300-de-carti","tag-alba-iulia","tag-fundatia-comunitara-alba","tag-luminita-moldovan","tag-muzeul-principia","tag-stiri","tag-urbea-mea","tag-volume-donate","tag-voluntari"],"yoast_head":"<!-- This site is optimized with the Yoast SEO plugin v27.4 - https:\/\/yoast.com\/product\/yoast-seo-wordpress\/ -->\n<title>16 martie: \u201cBlind date cu 300 de c\u0103r\u021bi\u201d, edi\u0163ia a III-a, la Muzeul Principia din Alba Iulia - Revista Urbea Mea - Revista de Alba<\/title>\n<meta name=\"description\" content=\"Vineri, 16 martie 2018, \u00een intervalul orar 14 \u2013 18, Muzeul Principia din Alba Iulia va g\u0103zdui cea de-a treia edi\u021bie a evenimentului \u201cBlind date cu 300 de\" \/>\n<meta name=\"robots\" content=\"index, follow, max-snippet:-1, max-image-preview:large, max-video-preview:-1\" \/>\n<link rel=\"canonical\" href=\"https:\/\/urbeamea.ro\/albaiulia\/16-martie-blind-date-cu-300-de-carti-editia-iii-la-muzeul-principia-din-alba-iulia\/\" \/>\n<meta name=\"twitter:card\" content=\"summary_large_image\" \/>\n<meta name=\"twitter:title\" content=\"16 martie: \u201cBlind date cu 300 de c\u0103r\u021bi\u201d, edi\u0163ia a III-a, la Muzeul Principia din Alba Iulia - Revista Urbea Mea - Revista de Alba\" \/>\n<meta name=\"twitter:description\" content=\"Vineri, 16 martie 2018, \u00een intervalul orar 14 \u2013 18, Muzeul Principia din Alba Iulia va g\u0103zdui cea de-a treia edi\u021bie a evenimentului \u201cBlind date cu 300 de\" \/>\n<meta name=\"twitter:image\" content=\"https:\/\/urbeamea.ro\/albaiulia\/wp-content\/uploads\/2018\/03\/mm-Afis-Blind-Date-2018.jpg\" \/>\n<meta name=\"twitter:creator\" content=\"@urbeameaweb\" \/>\n<meta name=\"twitter:site\" content=\"@urbeameaweb\" \/>\n<script type=\"application\/ld+json\" class=\"yoast-schema-graph\">{\"@context\":\"https:\\\/\\\/schema.org\",\"@graph\":[{\"@type\":\"Article\",\"@id\":\"https:\\\/\\\/urbeamea.ro\\\/albaiulia\\\/16-martie-blind-date-cu-300-de-carti-editia-iii-la-muzeul-principia-din-alba-iulia\\\/#article\",\"isPartOf\":{\"@id\":\"https:\\\/\\\/urbeamea.ro\\\/albaiulia\\\/16-martie-blind-date-cu-300-de-carti-editia-iii-la-muzeul-principia-din-alba-iulia\\\/\"},\"author\":{\"name\":\"Cristina Ganga\",\"@id\":\"https:\\\/\\\/urbeamea.ro\\\/albaiulia\\\/#\\\/schema\\\/person\\\/9700d21fae21c4f038b0b56f4506264a\"},\"headline\":\"16 martie: \u201cBlind date cu 300 de c\u0103r\u021bi\u201d, edi\u0163ia a III-a, la Muzeul Principia din Alba Iulia\",\"datePublished\":\"2018-03-06T10:43:15+00:00\",\"mainEntityOfPage\":{\"@id\":\"https:\\\/\\\/urbeamea.ro\\\/albaiulia\\\/16-martie-blind-date-cu-300-de-carti-editia-iii-la-muzeul-principia-din-alba-iulia\\\/\"},\"wordCount\":806,\"commentCount\":0,\"image\":{\"@id\":\"https:\\\/\\\/urbeamea.ro\\\/albaiulia\\\/16-martie-blind-date-cu-300-de-carti-editia-iii-la-muzeul-principia-din-alba-iulia\\\/#primaryimage\"},\"thumbnailUrl\":\"https:\\\/\\\/urbeamea.ro\\\/albaiulia\\\/wp-content\\\/uploads\\\/2018\\\/03\\\/mm-Afis-Blind-Date-2018.jpg\",\"keywords\":[\"\u201eBlind date cu 300 de c\u0103r\u021bi\u201d\",\"Alba Iulia\",\"fundatia comunitara alba\",\"luminita moldovan\",\"muzeul principia\",\"stiri\",\"Urbea Mea\",\"volume donate\",\"voluntari\"],\"articleSection\":[\"Evenimente\"],\"inLanguage\":\"ro-RO\",\"potentialAction\":[{\"@type\":\"CommentAction\",\"name\":\"Comment\",\"target\":[\"https:\\\/\\\/urbeamea.ro\\\/albaiulia\\\/16-martie-blind-date-cu-300-de-carti-editia-iii-la-muzeul-principia-din-alba-iulia\\\/#respond\"]}]},{\"@type\":\"WebPage\",\"@id\":\"https:\\\/\\\/urbeamea.ro\\\/albaiulia\\\/16-martie-blind-date-cu-300-de-carti-editia-iii-la-muzeul-principia-din-alba-iulia\\\/\",\"url\":\"https:\\\/\\\/urbeamea.ro\\\/albaiulia\\\/16-martie-blind-date-cu-300-de-carti-editia-iii-la-muzeul-principia-din-alba-iulia\\\/\",\"name\":\"16 martie: \u201cBlind date cu 300 de c\u0103r\u021bi\u201d, edi\u0163ia a III-a, la Muzeul Principia din Alba Iulia - Revista Urbea Mea - Revista de Alba\",\"isPartOf\":{\"@id\":\"https:\\\/\\\/urbeamea.ro\\\/albaiulia\\\/#website\"},\"primaryImageOfPage\":{\"@id\":\"https:\\\/\\\/urbeamea.ro\\\/albaiulia\\\/16-martie-blind-date-cu-300-de-carti-editia-iii-la-muzeul-principia-din-alba-iulia\\\/#primaryimage\"},\"image\":{\"@id\":\"https:\\\/\\\/urbeamea.ro\\\/albaiulia\\\/16-martie-blind-date-cu-300-de-carti-editia-iii-la-muzeul-principia-din-alba-iulia\\\/#primaryimage\"},\"thumbnailUrl\":\"https:\\\/\\\/urbeamea.ro\\\/albaiulia\\\/wp-content\\\/uploads\\\/2018\\\/03\\\/mm-Afis-Blind-Date-2018.jpg\",\"datePublished\":\"2018-03-06T10:43:15+00:00\",\"author\":{\"@id\":\"https:\\\/\\\/urbeamea.ro\\\/albaiulia\\\/#\\\/schema\\\/person\\\/9700d21fae21c4f038b0b56f4506264a\"},\"description\":\"Vineri, 16 martie 2018, \u00een intervalul orar 14 \u2013 18, Muzeul Principia din Alba Iulia va g\u0103zdui cea de-a treia edi\u021bie a evenimentului \u201cBlind date cu 300 de\",\"breadcrumb\":{\"@id\":\"https:\\\/\\\/urbeamea.ro\\\/albaiulia\\\/16-martie-blind-date-cu-300-de-carti-editia-iii-la-muzeul-principia-din-alba-iulia\\\/#breadcrumb\"},\"inLanguage\":\"ro-RO\",\"potentialAction\":[{\"@type\":\"ReadAction\",\"target\":[\"https:\\\/\\\/urbeamea.ro\\\/albaiulia\\\/16-martie-blind-date-cu-300-de-carti-editia-iii-la-muzeul-principia-din-alba-iulia\\\/\"]}]},{\"@type\":\"ImageObject\",\"inLanguage\":\"ro-RO\",\"@id\":\"https:\\\/\\\/urbeamea.ro\\\/albaiulia\\\/16-martie-blind-date-cu-300-de-carti-editia-iii-la-muzeul-principia-din-alba-iulia\\\/#primaryimage\",\"url\":\"https:\\\/\\\/urbeamea.ro\\\/albaiulia\\\/wp-content\\\/uploads\\\/2018\\\/03\\\/mm-Afis-Blind-Date-2018.jpg\",\"contentUrl\":\"https:\\\/\\\/urbeamea.ro\\\/albaiulia\\\/wp-content\\\/uploads\\\/2018\\\/03\\\/mm-Afis-Blind-Date-2018.jpg\",\"width\":825,\"height\":1200},{\"@type\":\"BreadcrumbList\",\"@id\":\"https:\\\/\\\/urbeamea.ro\\\/albaiulia\\\/16-martie-blind-date-cu-300-de-carti-editia-iii-la-muzeul-principia-din-alba-iulia\\\/#breadcrumb\",\"itemListElement\":[{\"@type\":\"ListItem\",\"position\":1,\"name\":\"Prima pagin\u0103\",\"item\":\"https:\\\/\\\/urbeamea.ro\\\/albaiulia\\\/\"},{\"@type\":\"ListItem\",\"position\":2,\"name\":\"16 martie: \u201cBlind date cu 300 de c\u0103r\u021bi\u201d, edi\u0163ia a III-a, la Muzeul Principia din Alba Iulia\"}]},{\"@type\":\"WebSite\",\"@id\":\"https:\\\/\\\/urbeamea.ro\\\/albaiulia\\\/#website\",\"url\":\"https:\\\/\\\/urbeamea.ro\\\/albaiulia\\\/\",\"name\":\"Revista Urbea Mea, Stiri urbane\",\"description\":\"Evenimente \u0219i \u0219tiri din Alba Iulia, Sebe\u0219, Aiud, Blaj\",\"potentialAction\":[{\"@type\":\"SearchAction\",\"target\":{\"@type\":\"EntryPoint\",\"urlTemplate\":\"https:\\\/\\\/urbeamea.ro\\\/albaiulia\\\/?s={search_term_string}\"},\"query-input\":{\"@type\":\"PropertyValueSpecification\",\"valueRequired\":true,\"valueName\":\"search_term_string\"}}],\"inLanguage\":\"ro-RO\"},{\"@type\":\"Person\",\"@id\":\"https:\\\/\\\/urbeamea.ro\\\/albaiulia\\\/#\\\/schema\\\/person\\\/9700d21fae21c4f038b0b56f4506264a\",\"name\":\"Cristina Ganga\",\"image\":{\"@type\":\"ImageObject\",\"inLanguage\":\"ro-RO\",\"@id\":\"https:\\\/\\\/secure.gravatar.com\\\/avatar\\\/5a67661041f057b4a8ccaf26f5a8e86e2689372006d01faf3dd9eeb10b654bb4?s=96&d=mm&r=g\",\"url\":\"https:\\\/\\\/secure.gravatar.com\\\/avatar\\\/5a67661041f057b4a8ccaf26f5a8e86e2689372006d01faf3dd9eeb10b654bb4?s=96&d=mm&r=g\",\"contentUrl\":\"https:\\\/\\\/secure.gravatar.com\\\/avatar\\\/5a67661041f057b4a8ccaf26f5a8e86e2689372006d01faf3dd9eeb10b654bb4?s=96&d=mm&r=g\",\"caption\":\"Cristina Ganga\"},\"description\":\"Jurnalist\",\"sameAs\":[\"https:\\\/\\\/www.facebook.com\\\/cristina.nicola.587\"],\"url\":\"https:\\\/\\\/urbeamea.ro\\\/albaiulia\\\/author\\\/cristina-nicola\\\/\"}]}<\/script>\n<!-- \/ Yoast SEO plugin. -->","yoast_head_json":{"title":"16 martie: \u201cBlind date cu 300 de c\u0103r\u021bi\u201d, edi\u0163ia a III-a, la Muzeul Principia din Alba Iulia - Revista Urbea Mea - Revista de Alba","description":"Vineri, 16 martie 2018, \u00een intervalul orar 14 \u2013 18, Muzeul Principia din Alba Iulia va g\u0103zdui cea de-a treia edi\u021bie a evenimentului \u201cBlind date cu 300 de","robots":{"index":"index","follow":"follow","max-snippet":"max-snippet:-1","max-image-preview":"max-image-preview:large","max-video-preview":"max-video-preview:-1"},"canonical":"https:\/\/urbeamea.ro\/albaiulia\/16-martie-blind-date-cu-300-de-carti-editia-iii-la-muzeul-principia-din-alba-iulia\/","twitter_card":"summary_large_image","twitter_title":"16 martie: \u201cBlind date cu 300 de c\u0103r\u021bi\u201d, edi\u0163ia a III-a, la Muzeul Principia din Alba Iulia - Revista Urbea Mea - Revista de Alba","twitter_description":"Vineri, 16 martie 2018, \u00een intervalul orar 14 \u2013 18, Muzeul Principia din Alba Iulia va g\u0103zdui cea de-a treia edi\u021bie a evenimentului \u201cBlind date cu 300 de","twitter_image":"https:\/\/urbeamea.ro\/albaiulia\/wp-content\/uploads\/2018\/03\/mm-Afis-Blind-Date-2018.jpg","twitter_creator":"@urbeameaweb","twitter_site":"@urbeameaweb","schema":{"@context":"https:\/\/schema.org","@graph":[{"@type":"Article","@id":"https:\/\/urbeamea.ro\/albaiulia\/16-martie-blind-date-cu-300-de-carti-editia-iii-la-muzeul-principia-din-alba-iulia\/#article","isPartOf":{"@id":"https:\/\/urbeamea.ro\/albaiulia\/16-martie-blind-date-cu-300-de-carti-editia-iii-la-muzeul-principia-din-alba-iulia\/"},"author":{"name":"Cristina Ganga","@id":"https:\/\/urbeamea.ro\/albaiulia\/#\/schema\/person\/9700d21fae21c4f038b0b56f4506264a"},"headline":"16 martie: \u201cBlind date cu 300 de c\u0103r\u021bi\u201d, edi\u0163ia a III-a, la Muzeul Principia din Alba Iulia","datePublished":"2018-03-06T10:43:15+00:00","mainEntityOfPage":{"@id":"https:\/\/urbeamea.ro\/albaiulia\/16-martie-blind-date-cu-300-de-carti-editia-iii-la-muzeul-principia-din-alba-iulia\/"},"wordCount":806,"commentCount":0,"image":{"@id":"https:\/\/urbeamea.ro\/albaiulia\/16-martie-blind-date-cu-300-de-carti-editia-iii-la-muzeul-principia-din-alba-iulia\/#primaryimage"},"thumbnailUrl":"https:\/\/urbeamea.ro\/albaiulia\/wp-content\/uploads\/2018\/03\/mm-Afis-Blind-Date-2018.jpg","keywords":["\u201eBlind date cu 300 de c\u0103r\u021bi\u201d","Alba Iulia","fundatia comunitara alba","luminita moldovan","muzeul principia","stiri","Urbea Mea","volume donate","voluntari"],"articleSection":["Evenimente"],"inLanguage":"ro-RO","potentialAction":[{"@type":"CommentAction","name":"Comment","target":["https:\/\/urbeamea.ro\/albaiulia\/16-martie-blind-date-cu-300-de-carti-editia-iii-la-muzeul-principia-din-alba-iulia\/#respond"]}]},{"@type":"WebPage","@id":"https:\/\/urbeamea.ro\/albaiulia\/16-martie-blind-date-cu-300-de-carti-editia-iii-la-muzeul-principia-din-alba-iulia\/","url":"https:\/\/urbeamea.ro\/albaiulia\/16-martie-blind-date-cu-300-de-carti-editia-iii-la-muzeul-principia-din-alba-iulia\/","name":"16 martie: \u201cBlind date cu 300 de c\u0103r\u021bi\u201d, edi\u0163ia a III-a, la Muzeul Principia din Alba Iulia - Revista Urbea Mea - Revista de Alba","isPartOf":{"@id":"https:\/\/urbeamea.ro\/albaiulia\/#website"},"primaryImageOfPage":{"@id":"https:\/\/urbeamea.ro\/albaiulia\/16-martie-blind-date-cu-300-de-carti-editia-iii-la-muzeul-principia-din-alba-iulia\/#primaryimage"},"image":{"@id":"https:\/\/urbeamea.ro\/albaiulia\/16-martie-blind-date-cu-300-de-carti-editia-iii-la-muzeul-principia-din-alba-iulia\/#primaryimage"},"thumbnailUrl":"https:\/\/urbeamea.ro\/albaiulia\/wp-content\/uploads\/2018\/03\/mm-Afis-Blind-Date-2018.jpg","datePublished":"2018-03-06T10:43:15+00:00","author":{"@id":"https:\/\/urbeamea.ro\/albaiulia\/#\/schema\/person\/9700d21fae21c4f038b0b56f4506264a"},"description":"Vineri, 16 martie 2018, \u00een intervalul orar 14 \u2013 18, Muzeul Principia din Alba Iulia va g\u0103zdui cea de-a treia edi\u021bie a evenimentului \u201cBlind date cu 300 de","breadcrumb":{"@id":"https:\/\/urbeamea.ro\/albaiulia\/16-martie-blind-date-cu-300-de-carti-editia-iii-la-muzeul-principia-din-alba-iulia\/#breadcrumb"},"inLanguage":"ro-RO","potentialAction":[{"@type":"ReadAction","target":["https:\/\/urbeamea.ro\/albaiulia\/16-martie-blind-date-cu-300-de-carti-editia-iii-la-muzeul-principia-din-alba-iulia\/"]}]},{"@type":"ImageObject","inLanguage":"ro-RO","@id":"https:\/\/urbeamea.ro\/albaiulia\/16-martie-blind-date-cu-300-de-carti-editia-iii-la-muzeul-principia-din-alba-iulia\/#primaryimage","url":"https:\/\/urbeamea.ro\/albaiulia\/wp-content\/uploads\/2018\/03\/mm-Afis-Blind-Date-2018.jpg","contentUrl":"https:\/\/urbeamea.ro\/albaiulia\/wp-content\/uploads\/2018\/03\/mm-Afis-Blind-Date-2018.jpg","width":825,"height":1200},{"@type":"BreadcrumbList","@id":"https:\/\/urbeamea.ro\/albaiulia\/16-martie-blind-date-cu-300-de-carti-editia-iii-la-muzeul-principia-din-alba-iulia\/#breadcrumb","itemListElement":[{"@type":"ListItem","position":1,"name":"Prima pagin\u0103","item":"https:\/\/urbeamea.ro\/albaiulia\/"},{"@type":"ListItem","position":2,"name":"16 martie: \u201cBlind date cu 300 de c\u0103r\u021bi\u201d, edi\u0163ia a III-a, la Muzeul Principia din Alba Iulia"}]},{"@type":"WebSite","@id":"https:\/\/urbeamea.ro\/albaiulia\/#website","url":"https:\/\/urbeamea.ro\/albaiulia\/","name":"Revista Urbea Mea, Stiri urbane","description":"Evenimente \u0219i \u0219tiri din Alba Iulia, Sebe\u0219, Aiud, Blaj","potentialAction":[{"@type":"SearchAction","target":{"@type":"EntryPoint","urlTemplate":"https:\/\/urbeamea.ro\/albaiulia\/?s={search_term_string}"},"query-input":{"@type":"PropertyValueSpecification","valueRequired":true,"valueName":"search_term_string"}}],"inLanguage":"ro-RO"},{"@type":"Person","@id":"https:\/\/urbeamea.ro\/albaiulia\/#\/schema\/person\/9700d21fae21c4f038b0b56f4506264a","name":"Cristina Ganga","image":{"@type":"ImageObject","inLanguage":"ro-RO","@id":"https:\/\/secure.gravatar.com\/avatar\/5a67661041f057b4a8ccaf26f5a8e86e2689372006d01faf3dd9eeb10b654bb4?s=96&d=mm&r=g","url":"https:\/\/secure.gravatar.com\/avatar\/5a67661041f057b4a8ccaf26f5a8e86e2689372006d01faf3dd9eeb10b654bb4?s=96&d=mm&r=g","contentUrl":"https:\/\/secure.gravatar.com\/avatar\/5a67661041f057b4a8ccaf26f5a8e86e2689372006d01faf3dd9eeb10b654bb4?s=96&d=mm&r=g","caption":"Cristina Ganga"},"description":"Jurnalist","sameAs":["https:\/\/www.facebook.com\/cristina.nicola.587"],"url":"https:\/\/urbeamea.ro\/albaiulia\/author\/cristina-nicola\/"}]}},"_links":{"self":[{"href":"https:\/\/urbeamea.ro\/albaiulia\/wp-json\/wp\/v2\/posts\/60498","targetHints":{"allow":["GET"]}}],"collection":[{"href":"https:\/\/urbeamea.ro\/albaiulia\/wp-json\/wp\/v2\/posts"}],"about":[{"href":"https:\/\/urbeamea.ro\/albaiulia\/wp-json\/wp\/v2\/types\/post"}],"author":[{"embeddable":true,"href":"https:\/\/urbeamea.ro\/albaiulia\/wp-json\/wp\/v2\/users\/17"}],"replies":[{"embeddable":true,"href":"https:\/\/urbeamea.ro\/albaiulia\/wp-json\/wp\/v2\/comments?post=60498"}],"version-history":[{"count":0,"href":"https:\/\/urbeamea.ro\/albaiulia\/wp-json\/wp\/v2\/posts\/60498\/revisions"}],"wp:featuredmedia":[{"embeddable":true,"href":"https:\/\/urbeamea.ro\/albaiulia\/wp-json\/wp\/v2\/media\/60499"}],"wp:attachment":[{"href":"https:\/\/urbeamea.ro\/albaiulia\/wp-json\/wp\/v2\/media?parent=60498"}],"wp:term":[{"taxonomy":"category","embeddable":true,"href":"https:\/\/urbeamea.ro\/albaiulia\/wp-json\/wp\/v2\/categories?post=60498"},{"taxonomy":"post_tag","embeddable":true,"href":"https:\/\/urbeamea.ro\/albaiulia\/wp-json\/wp\/v2\/tags?post=60498"}],"curies":[{"name":"wp","href":"https:\/\/api.w.org\/{rel}","templated":true}]}}