{"id":61002,"date":"2018-03-26T09:19:02","date_gmt":"2018-03-26T06:19:02","guid":{"rendered":"https:\/\/urbeamea.ro\/albaiulia\/?p=61002"},"modified":"2018-03-26T09:19:02","modified_gmt":"2018-03-26T06:19:02","slug":"astazi-cinci-echipe-de-liceeni-din-alba-participa-la-semifinala-celei-de-a-vii-a-editii-a-concursului-pe-teme-de-istorie-alba-iulia-cealalta-capitala","status":"publish","type":"post","link":"https:\/\/urbeamea.ro\/albaiulia\/astazi-cinci-echipe-de-liceeni-din-alba-participa-la-semifinala-celei-de-a-vii-a-editii-a-concursului-pe-teme-de-istorie-alba-iulia-cealalta-capitala\/","title":{"rendered":"AST\u0102ZI: Cinci echipe de liceeni din Alba particip\u0103 la semifinala celei de a VII-a edi\u021bii a concursului pe teme de istorie \u201eAlba Iulia, Cealalt\u0103 Capital\u0103\u201d"},"content":{"rendered":"<p><strong>Luni, 26 martie 2018, de la ora 10.00, la Sala Unirii din Alba Iulia se va desf\u0103\u015fura semifinala celei de a VII-a edi\u021bii a concursului pe teme de istorie \u201eAlba Iulia, Cealalt\u0103 Capital\u0103\u201d.<\/strong><\/p>\n<p>Concursul care are drept scop cre\u0219terea interesului elevilor pentru istoria ora\u0219ului Alba Iulia, dar \u0219i de a promova patrimoniul cultural \u0219i istoric local, reune\u0219te an de an cele mai bune institu\u021bii \u0219colare liceale din Alba Iulia. \u00cen acest an, pentru cele patru locuri din final\u0103, s-au \u00eenscris cinci licee albaiuliene, respectiv: Colegiul Na\u021bional\u00a0Horea, Clo\u0219ca \u0219i Cri\u0219an, Seminarul Teologic Ortodox\u00a0Sf\u00e2ntul Simion \u0218tefan, Colegiul Economic\u00a0Dionisie Pop Mar\u021bian, Colegiul Na\u021bional Militar\u00a0Mihai Viteazul\u00a0\u0219i\u00a0Liceul de Arte Regina Maria.<\/p>\n<p>Reamintim c\u0103 fiecare liceu este reprezentat de o echip\u0103 format\u0103 din 4 elevi, care vor trebui s\u0103 r\u0103spund\u0103 la o serie de \u00eentreb\u0103ri despre istoria ora\u015fului Alba Iulia. Astfel, \u00een semifinal\u0103 vor fi 20 de \u00eentreb\u0103ri, iar \u00een final\u0103 40 de \u00eentreb\u0103ri, concepute de istoricii Liviu Zg\u00e2rciu \u0219i Tudor Ro\u0219u de la Muzeul Na\u021bional al Unirii din Alba Iulia.<\/p>\n<p>Finala concursului, \u00een care se vor califica doar patru licee, va fi organizat\u0103 joi, 29 martie 2018, de la ora 10.00, \u00een Sala de Bal de la Alba Mall. De remarcat c\u0103 din cele cinci licee care s-au \u00eenscris anul acesta, doar Colegiul Na\u021bional\u00a0Horea, Clo\u0219ca \u0219i Cri\u0219an\u00a0 nu a c\u00e2\u0219tigat niciodat\u0103 concursul, iar Colegiul Economic\u00a0Dionisie Pop Mar\u021bian\u00a0 este c\u00e2\u0219tig\u0103torul ultimei edi\u021bii a concursului.<\/p>\n<p>Concursul este organizat de Prim\u0103ria Municipiului Alba Iulia \u0219i Muzeul Na\u0163ional al Unirii Alba Iulia.<\/p>\n","protected":false},"excerpt":{"rendered":"<p>Luni, 26 martie 2018, de la ora 10.00, la Sala Unirii din Alba Iulia se va desf\u0103\u015fura semifinala celei de a VII-a edi\u021bii a concursului pe teme de istorie \u201eAlba Iulia, Cealalt\u0103 Capital\u0103\u201d. Concursul care are drept scop cre\u0219terea interesului elevilor pentru istoria ora\u0219ului Alba Iulia, dar \u0219i de a promova patrimoniul cultural \u0219i istoric &hellip;<\/p>\n","protected":false},"author":17,"featured_media":43082,"comment_status":"open","ping_status":"open","sticky":false,"template":"","format":"standard","meta":{"inline_featured_image":false,"footnotes":""},"categories":[8857],"tags":[307,10594,492,494,883,1191,2943,308,76],"class_list":["post-61002","post","type-post","status-publish","format-standard","has-post-thumbnail","hentry","category-istorie","tag-alba","tag-alba-iulia-cealalta-capitala","tag-concurs","tag-echipe","tag-liceeni","tag-sala-unirii","tag-semifinala","tag-stiri","tag-urbea-mea"],"yoast_head":"<!-- This site is optimized with the Yoast SEO plugin v27.4 - https:\/\/yoast.com\/product\/yoast-seo-wordpress\/ -->\n<title>AST\u0102ZI: Cinci echipe de liceeni din Alba particip\u0103 la semifinala celei de a VII-a edi\u021bii a concursului pe teme de istorie \u201eAlba Iulia, Cealalt\u0103 Capital\u0103\u201d - Revista Urbea Mea - Revista de Alba<\/title>\n<meta name=\"description\" content=\"Luni, 26 martie 2018, de la ora 10.00, la Sala Unirii din Alba Iulia se va desf\u0103\u015fura semifinala celei de a VII-a edi\u021bii a concursului pe teme de istorie\" \/>\n<meta name=\"robots\" content=\"index, follow, max-snippet:-1, max-image-preview:large, max-video-preview:-1\" \/>\n<link rel=\"canonical\" href=\"https:\/\/urbeamea.ro\/albaiulia\/astazi-cinci-echipe-de-liceeni-din-alba-participa-la-semifinala-celei-de-a-vii-a-editii-a-concursului-pe-teme-de-istorie-alba-iulia-cealalta-capitala\/\" \/>\n<meta name=\"twitter:card\" content=\"summary_large_image\" \/>\n<meta name=\"twitter:title\" content=\"AST\u0102ZI: Cinci echipe de liceeni din Alba particip\u0103 la semifinala celei de a VII-a edi\u021bii a concursului pe teme de istorie \u201eAlba Iulia, Cealalt\u0103 Capital\u0103\u201d - Revista Urbea Mea - Revista de Alba\" \/>\n<meta name=\"twitter:description\" content=\"Luni, 26 martie 2018, de la ora 10.00, la Sala Unirii din Alba Iulia se va desf\u0103\u015fura semifinala celei de a VII-a edi\u021bii a concursului pe teme de istorie\" \/>\n<meta name=\"twitter:image\" content=\"https:\/\/urbeamea.ro\/albaiulia\/wp-content\/uploads\/2017\/04\/17859055_1326585200750392_118488112_o.jpg\" \/>\n<meta name=\"twitter:creator\" content=\"@urbeameaweb\" \/>\n<meta name=\"twitter:site\" content=\"@urbeameaweb\" \/>\n<script type=\"application\/ld+json\" class=\"yoast-schema-graph\">{\"@context\":\"https:\\\/\\\/schema.org\",\"@graph\":[{\"@type\":\"Article\",\"@id\":\"https:\\\/\\\/urbeamea.ro\\\/albaiulia\\\/astazi-cinci-echipe-de-liceeni-din-alba-participa-la-semifinala-celei-de-a-vii-a-editii-a-concursului-pe-teme-de-istorie-alba-iulia-cealalta-capitala\\\/#article\",\"isPartOf\":{\"@id\":\"https:\\\/\\\/urbeamea.ro\\\/albaiulia\\\/astazi-cinci-echipe-de-liceeni-din-alba-participa-la-semifinala-celei-de-a-vii-a-editii-a-concursului-pe-teme-de-istorie-alba-iulia-cealalta-capitala\\\/\"},\"author\":{\"name\":\"Cristina Ganga\",\"@id\":\"https:\\\/\\\/urbeamea.ro\\\/albaiulia\\\/#\\\/schema\\\/person\\\/9700d21fae21c4f038b0b56f4506264a\"},\"headline\":\"AST\u0102ZI: Cinci echipe de liceeni din Alba particip\u0103 la semifinala celei de a VII-a edi\u021bii a concursului pe teme de istorie \u201eAlba Iulia, Cealalt\u0103 Capital\u0103\u201d\",\"datePublished\":\"2018-03-26T06:19:02+00:00\",\"mainEntityOfPage\":{\"@id\":\"https:\\\/\\\/urbeamea.ro\\\/albaiulia\\\/astazi-cinci-echipe-de-liceeni-din-alba-participa-la-semifinala-celei-de-a-vii-a-editii-a-concursului-pe-teme-de-istorie-alba-iulia-cealalta-capitala\\\/\"},\"wordCount\":299,\"commentCount\":0,\"image\":{\"@id\":\"https:\\\/\\\/urbeamea.ro\\\/albaiulia\\\/astazi-cinci-echipe-de-liceeni-din-alba-participa-la-semifinala-celei-de-a-vii-a-editii-a-concursului-pe-teme-de-istorie-alba-iulia-cealalta-capitala\\\/#primaryimage\"},\"thumbnailUrl\":\"https:\\\/\\\/urbeamea.ro\\\/albaiulia\\\/wp-content\\\/uploads\\\/2017\\\/04\\\/17859055_1326585200750392_118488112_o.jpg\",\"keywords\":[\"alba\",\"alba iulia cealalta capitala\",\"concurs\",\"echipe\",\"liceeni\",\"sala unirii\",\"semifinala\",\"stiri\",\"Urbea Mea\"],\"articleSection\":[\"Istorie\"],\"inLanguage\":\"ro-RO\",\"potentialAction\":[{\"@type\":\"CommentAction\",\"name\":\"Comment\",\"target\":[\"https:\\\/\\\/urbeamea.ro\\\/albaiulia\\\/astazi-cinci-echipe-de-liceeni-din-alba-participa-la-semifinala-celei-de-a-vii-a-editii-a-concursului-pe-teme-de-istorie-alba-iulia-cealalta-capitala\\\/#respond\"]}]},{\"@type\":\"WebPage\",\"@id\":\"https:\\\/\\\/urbeamea.ro\\\/albaiulia\\\/astazi-cinci-echipe-de-liceeni-din-alba-participa-la-semifinala-celei-de-a-vii-a-editii-a-concursului-pe-teme-de-istorie-alba-iulia-cealalta-capitala\\\/\",\"url\":\"https:\\\/\\\/urbeamea.ro\\\/albaiulia\\\/astazi-cinci-echipe-de-liceeni-din-alba-participa-la-semifinala-celei-de-a-vii-a-editii-a-concursului-pe-teme-de-istorie-alba-iulia-cealalta-capitala\\\/\",\"name\":\"AST\u0102ZI: Cinci echipe de liceeni din Alba particip\u0103 la semifinala celei de a VII-a edi\u021bii a concursului pe teme de istorie \u201eAlba Iulia, Cealalt\u0103 Capital\u0103\u201d - Revista Urbea Mea - Revista de Alba\",\"isPartOf\":{\"@id\":\"https:\\\/\\\/urbeamea.ro\\\/albaiulia\\\/#website\"},\"primaryImageOfPage\":{\"@id\":\"https:\\\/\\\/urbeamea.ro\\\/albaiulia\\\/astazi-cinci-echipe-de-liceeni-din-alba-participa-la-semifinala-celei-de-a-vii-a-editii-a-concursului-pe-teme-de-istorie-alba-iulia-cealalta-capitala\\\/#primaryimage\"},\"image\":{\"@id\":\"https:\\\/\\\/urbeamea.ro\\\/albaiulia\\\/astazi-cinci-echipe-de-liceeni-din-alba-participa-la-semifinala-celei-de-a-vii-a-editii-a-concursului-pe-teme-de-istorie-alba-iulia-cealalta-capitala\\\/#primaryimage\"},\"thumbnailUrl\":\"https:\\\/\\\/urbeamea.ro\\\/albaiulia\\\/wp-content\\\/uploads\\\/2017\\\/04\\\/17859055_1326585200750392_118488112_o.jpg\",\"datePublished\":\"2018-03-26T06:19:02+00:00\",\"author\":{\"@id\":\"https:\\\/\\\/urbeamea.ro\\\/albaiulia\\\/#\\\/schema\\\/person\\\/9700d21fae21c4f038b0b56f4506264a\"},\"description\":\"Luni, 26 martie 2018, de la ora 10.00, la Sala Unirii din Alba Iulia se va desf\u0103\u015fura semifinala celei de a VII-a edi\u021bii a concursului pe teme de istorie\",\"breadcrumb\":{\"@id\":\"https:\\\/\\\/urbeamea.ro\\\/albaiulia\\\/astazi-cinci-echipe-de-liceeni-din-alba-participa-la-semifinala-celei-de-a-vii-a-editii-a-concursului-pe-teme-de-istorie-alba-iulia-cealalta-capitala\\\/#breadcrumb\"},\"inLanguage\":\"ro-RO\",\"potentialAction\":[{\"@type\":\"ReadAction\",\"target\":[\"https:\\\/\\\/urbeamea.ro\\\/albaiulia\\\/astazi-cinci-echipe-de-liceeni-din-alba-participa-la-semifinala-celei-de-a-vii-a-editii-a-concursului-pe-teme-de-istorie-alba-iulia-cealalta-capitala\\\/\"]}]},{\"@type\":\"ImageObject\",\"inLanguage\":\"ro-RO\",\"@id\":\"https:\\\/\\\/urbeamea.ro\\\/albaiulia\\\/astazi-cinci-echipe-de-liceeni-din-alba-participa-la-semifinala-celei-de-a-vii-a-editii-a-concursului-pe-teme-de-istorie-alba-iulia-cealalta-capitala\\\/#primaryimage\",\"url\":\"https:\\\/\\\/urbeamea.ro\\\/albaiulia\\\/wp-content\\\/uploads\\\/2017\\\/04\\\/17859055_1326585200750392_118488112_o.jpg\",\"contentUrl\":\"https:\\\/\\\/urbeamea.ro\\\/albaiulia\\\/wp-content\\\/uploads\\\/2017\\\/04\\\/17859055_1326585200750392_118488112_o.jpg\",\"width\":1208,\"height\":680},{\"@type\":\"BreadcrumbList\",\"@id\":\"https:\\\/\\\/urbeamea.ro\\\/albaiulia\\\/astazi-cinci-echipe-de-liceeni-din-alba-participa-la-semifinala-celei-de-a-vii-a-editii-a-concursului-pe-teme-de-istorie-alba-iulia-cealalta-capitala\\\/#breadcrumb\",\"itemListElement\":[{\"@type\":\"ListItem\",\"position\":1,\"name\":\"Prima pagin\u0103\",\"item\":\"https:\\\/\\\/urbeamea.ro\\\/albaiulia\\\/\"},{\"@type\":\"ListItem\",\"position\":2,\"name\":\"AST\u0102ZI: Cinci echipe de liceeni din Alba particip\u0103 la semifinala celei de a VII-a edi\u021bii a concursului pe teme de istorie \u201eAlba Iulia, Cealalt\u0103 Capital\u0103\u201d\"}]},{\"@type\":\"WebSite\",\"@id\":\"https:\\\/\\\/urbeamea.ro\\\/albaiulia\\\/#website\",\"url\":\"https:\\\/\\\/urbeamea.ro\\\/albaiulia\\\/\",\"name\":\"Revista Urbea Mea, Stiri urbane\",\"description\":\"Evenimente \u0219i \u0219tiri din Alba Iulia, Sebe\u0219, Aiud, Blaj\",\"potentialAction\":[{\"@type\":\"SearchAction\",\"target\":{\"@type\":\"EntryPoint\",\"urlTemplate\":\"https:\\\/\\\/urbeamea.ro\\\/albaiulia\\\/?s={search_term_string}\"},\"query-input\":{\"@type\":\"PropertyValueSpecification\",\"valueRequired\":true,\"valueName\":\"search_term_string\"}}],\"inLanguage\":\"ro-RO\"},{\"@type\":\"Person\",\"@id\":\"https:\\\/\\\/urbeamea.ro\\\/albaiulia\\\/#\\\/schema\\\/person\\\/9700d21fae21c4f038b0b56f4506264a\",\"name\":\"Cristina Ganga\",\"image\":{\"@type\":\"ImageObject\",\"inLanguage\":\"ro-RO\",\"@id\":\"https:\\\/\\\/secure.gravatar.com\\\/avatar\\\/5a67661041f057b4a8ccaf26f5a8e86e2689372006d01faf3dd9eeb10b654bb4?s=96&d=mm&r=g\",\"url\":\"https:\\\/\\\/secure.gravatar.com\\\/avatar\\\/5a67661041f057b4a8ccaf26f5a8e86e2689372006d01faf3dd9eeb10b654bb4?s=96&d=mm&r=g\",\"contentUrl\":\"https:\\\/\\\/secure.gravatar.com\\\/avatar\\\/5a67661041f057b4a8ccaf26f5a8e86e2689372006d01faf3dd9eeb10b654bb4?s=96&d=mm&r=g\",\"caption\":\"Cristina Ganga\"},\"description\":\"Jurnalist\",\"sameAs\":[\"https:\\\/\\\/www.facebook.com\\\/cristina.nicola.587\"],\"url\":\"https:\\\/\\\/urbeamea.ro\\\/albaiulia\\\/author\\\/cristina-nicola\\\/\"}]}<\/script>\n<!-- \/ Yoast SEO plugin. -->","yoast_head_json":{"title":"AST\u0102ZI: Cinci echipe de liceeni din Alba particip\u0103 la semifinala celei de a VII-a edi\u021bii a concursului pe teme de istorie \u201eAlba Iulia, Cealalt\u0103 Capital\u0103\u201d - Revista Urbea Mea - Revista de Alba","description":"Luni, 26 martie 2018, de la ora 10.00, la Sala Unirii din Alba Iulia se va desf\u0103\u015fura semifinala celei de a VII-a edi\u021bii a concursului pe teme de istorie","robots":{"index":"index","follow":"follow","max-snippet":"max-snippet:-1","max-image-preview":"max-image-preview:large","max-video-preview":"max-video-preview:-1"},"canonical":"https:\/\/urbeamea.ro\/albaiulia\/astazi-cinci-echipe-de-liceeni-din-alba-participa-la-semifinala-celei-de-a-vii-a-editii-a-concursului-pe-teme-de-istorie-alba-iulia-cealalta-capitala\/","twitter_card":"summary_large_image","twitter_title":"AST\u0102ZI: Cinci echipe de liceeni din Alba particip\u0103 la semifinala celei de a VII-a edi\u021bii a concursului pe teme de istorie \u201eAlba Iulia, Cealalt\u0103 Capital\u0103\u201d - Revista Urbea Mea - Revista de Alba","twitter_description":"Luni, 26 martie 2018, de la ora 10.00, la Sala Unirii din Alba Iulia se va desf\u0103\u015fura semifinala celei de a VII-a edi\u021bii a concursului pe teme de istorie","twitter_image":"https:\/\/urbeamea.ro\/albaiulia\/wp-content\/uploads\/2017\/04\/17859055_1326585200750392_118488112_o.jpg","twitter_creator":"@urbeameaweb","twitter_site":"@urbeameaweb","schema":{"@context":"https:\/\/schema.org","@graph":[{"@type":"Article","@id":"https:\/\/urbeamea.ro\/albaiulia\/astazi-cinci-echipe-de-liceeni-din-alba-participa-la-semifinala-celei-de-a-vii-a-editii-a-concursului-pe-teme-de-istorie-alba-iulia-cealalta-capitala\/#article","isPartOf":{"@id":"https:\/\/urbeamea.ro\/albaiulia\/astazi-cinci-echipe-de-liceeni-din-alba-participa-la-semifinala-celei-de-a-vii-a-editii-a-concursului-pe-teme-de-istorie-alba-iulia-cealalta-capitala\/"},"author":{"name":"Cristina Ganga","@id":"https:\/\/urbeamea.ro\/albaiulia\/#\/schema\/person\/9700d21fae21c4f038b0b56f4506264a"},"headline":"AST\u0102ZI: Cinci echipe de liceeni din Alba particip\u0103 la semifinala celei de a VII-a edi\u021bii a concursului pe teme de istorie \u201eAlba Iulia, Cealalt\u0103 Capital\u0103\u201d","datePublished":"2018-03-26T06:19:02+00:00","mainEntityOfPage":{"@id":"https:\/\/urbeamea.ro\/albaiulia\/astazi-cinci-echipe-de-liceeni-din-alba-participa-la-semifinala-celei-de-a-vii-a-editii-a-concursului-pe-teme-de-istorie-alba-iulia-cealalta-capitala\/"},"wordCount":299,"commentCount":0,"image":{"@id":"https:\/\/urbeamea.ro\/albaiulia\/astazi-cinci-echipe-de-liceeni-din-alba-participa-la-semifinala-celei-de-a-vii-a-editii-a-concursului-pe-teme-de-istorie-alba-iulia-cealalta-capitala\/#primaryimage"},"thumbnailUrl":"https:\/\/urbeamea.ro\/albaiulia\/wp-content\/uploads\/2017\/04\/17859055_1326585200750392_118488112_o.jpg","keywords":["alba","alba iulia cealalta capitala","concurs","echipe","liceeni","sala unirii","semifinala","stiri","Urbea Mea"],"articleSection":["Istorie"],"inLanguage":"ro-RO","potentialAction":[{"@type":"CommentAction","name":"Comment","target":["https:\/\/urbeamea.ro\/albaiulia\/astazi-cinci-echipe-de-liceeni-din-alba-participa-la-semifinala-celei-de-a-vii-a-editii-a-concursului-pe-teme-de-istorie-alba-iulia-cealalta-capitala\/#respond"]}]},{"@type":"WebPage","@id":"https:\/\/urbeamea.ro\/albaiulia\/astazi-cinci-echipe-de-liceeni-din-alba-participa-la-semifinala-celei-de-a-vii-a-editii-a-concursului-pe-teme-de-istorie-alba-iulia-cealalta-capitala\/","url":"https:\/\/urbeamea.ro\/albaiulia\/astazi-cinci-echipe-de-liceeni-din-alba-participa-la-semifinala-celei-de-a-vii-a-editii-a-concursului-pe-teme-de-istorie-alba-iulia-cealalta-capitala\/","name":"AST\u0102ZI: Cinci echipe de liceeni din Alba particip\u0103 la semifinala celei de a VII-a edi\u021bii a concursului pe teme de istorie \u201eAlba Iulia, Cealalt\u0103 Capital\u0103\u201d - Revista Urbea Mea - Revista de Alba","isPartOf":{"@id":"https:\/\/urbeamea.ro\/albaiulia\/#website"},"primaryImageOfPage":{"@id":"https:\/\/urbeamea.ro\/albaiulia\/astazi-cinci-echipe-de-liceeni-din-alba-participa-la-semifinala-celei-de-a-vii-a-editii-a-concursului-pe-teme-de-istorie-alba-iulia-cealalta-capitala\/#primaryimage"},"image":{"@id":"https:\/\/urbeamea.ro\/albaiulia\/astazi-cinci-echipe-de-liceeni-din-alba-participa-la-semifinala-celei-de-a-vii-a-editii-a-concursului-pe-teme-de-istorie-alba-iulia-cealalta-capitala\/#primaryimage"},"thumbnailUrl":"https:\/\/urbeamea.ro\/albaiulia\/wp-content\/uploads\/2017\/04\/17859055_1326585200750392_118488112_o.jpg","datePublished":"2018-03-26T06:19:02+00:00","author":{"@id":"https:\/\/urbeamea.ro\/albaiulia\/#\/schema\/person\/9700d21fae21c4f038b0b56f4506264a"},"description":"Luni, 26 martie 2018, de la ora 10.00, la Sala Unirii din Alba Iulia se va desf\u0103\u015fura semifinala celei de a VII-a edi\u021bii a concursului pe teme de istorie","breadcrumb":{"@id":"https:\/\/urbeamea.ro\/albaiulia\/astazi-cinci-echipe-de-liceeni-din-alba-participa-la-semifinala-celei-de-a-vii-a-editii-a-concursului-pe-teme-de-istorie-alba-iulia-cealalta-capitala\/#breadcrumb"},"inLanguage":"ro-RO","potentialAction":[{"@type":"ReadAction","target":["https:\/\/urbeamea.ro\/albaiulia\/astazi-cinci-echipe-de-liceeni-din-alba-participa-la-semifinala-celei-de-a-vii-a-editii-a-concursului-pe-teme-de-istorie-alba-iulia-cealalta-capitala\/"]}]},{"@type":"ImageObject","inLanguage":"ro-RO","@id":"https:\/\/urbeamea.ro\/albaiulia\/astazi-cinci-echipe-de-liceeni-din-alba-participa-la-semifinala-celei-de-a-vii-a-editii-a-concursului-pe-teme-de-istorie-alba-iulia-cealalta-capitala\/#primaryimage","url":"https:\/\/urbeamea.ro\/albaiulia\/wp-content\/uploads\/2017\/04\/17859055_1326585200750392_118488112_o.jpg","contentUrl":"https:\/\/urbeamea.ro\/albaiulia\/wp-content\/uploads\/2017\/04\/17859055_1326585200750392_118488112_o.jpg","width":1208,"height":680},{"@type":"BreadcrumbList","@id":"https:\/\/urbeamea.ro\/albaiulia\/astazi-cinci-echipe-de-liceeni-din-alba-participa-la-semifinala-celei-de-a-vii-a-editii-a-concursului-pe-teme-de-istorie-alba-iulia-cealalta-capitala\/#breadcrumb","itemListElement":[{"@type":"ListItem","position":1,"name":"Prima pagin\u0103","item":"https:\/\/urbeamea.ro\/albaiulia\/"},{"@type":"ListItem","position":2,"name":"AST\u0102ZI: Cinci echipe de liceeni din Alba particip\u0103 la semifinala celei de a VII-a edi\u021bii a concursului pe teme de istorie \u201eAlba Iulia, Cealalt\u0103 Capital\u0103\u201d"}]},{"@type":"WebSite","@id":"https:\/\/urbeamea.ro\/albaiulia\/#website","url":"https:\/\/urbeamea.ro\/albaiulia\/","name":"Revista Urbea Mea, Stiri urbane","description":"Evenimente \u0219i \u0219tiri din Alba Iulia, Sebe\u0219, Aiud, Blaj","potentialAction":[{"@type":"SearchAction","target":{"@type":"EntryPoint","urlTemplate":"https:\/\/urbeamea.ro\/albaiulia\/?s={search_term_string}"},"query-input":{"@type":"PropertyValueSpecification","valueRequired":true,"valueName":"search_term_string"}}],"inLanguage":"ro-RO"},{"@type":"Person","@id":"https:\/\/urbeamea.ro\/albaiulia\/#\/schema\/person\/9700d21fae21c4f038b0b56f4506264a","name":"Cristina Ganga","image":{"@type":"ImageObject","inLanguage":"ro-RO","@id":"https:\/\/secure.gravatar.com\/avatar\/5a67661041f057b4a8ccaf26f5a8e86e2689372006d01faf3dd9eeb10b654bb4?s=96&d=mm&r=g","url":"https:\/\/secure.gravatar.com\/avatar\/5a67661041f057b4a8ccaf26f5a8e86e2689372006d01faf3dd9eeb10b654bb4?s=96&d=mm&r=g","contentUrl":"https:\/\/secure.gravatar.com\/avatar\/5a67661041f057b4a8ccaf26f5a8e86e2689372006d01faf3dd9eeb10b654bb4?s=96&d=mm&r=g","caption":"Cristina Ganga"},"description":"Jurnalist","sameAs":["https:\/\/www.facebook.com\/cristina.nicola.587"],"url":"https:\/\/urbeamea.ro\/albaiulia\/author\/cristina-nicola\/"}]}},"_links":{"self":[{"href":"https:\/\/urbeamea.ro\/albaiulia\/wp-json\/wp\/v2\/posts\/61002","targetHints":{"allow":["GET"]}}],"collection":[{"href":"https:\/\/urbeamea.ro\/albaiulia\/wp-json\/wp\/v2\/posts"}],"about":[{"href":"https:\/\/urbeamea.ro\/albaiulia\/wp-json\/wp\/v2\/types\/post"}],"author":[{"embeddable":true,"href":"https:\/\/urbeamea.ro\/albaiulia\/wp-json\/wp\/v2\/users\/17"}],"replies":[{"embeddable":true,"href":"https:\/\/urbeamea.ro\/albaiulia\/wp-json\/wp\/v2\/comments?post=61002"}],"version-history":[{"count":0,"href":"https:\/\/urbeamea.ro\/albaiulia\/wp-json\/wp\/v2\/posts\/61002\/revisions"}],"wp:featuredmedia":[{"embeddable":true,"href":"https:\/\/urbeamea.ro\/albaiulia\/wp-json\/wp\/v2\/media\/43082"}],"wp:attachment":[{"href":"https:\/\/urbeamea.ro\/albaiulia\/wp-json\/wp\/v2\/media?parent=61002"}],"wp:term":[{"taxonomy":"category","embeddable":true,"href":"https:\/\/urbeamea.ro\/albaiulia\/wp-json\/wp\/v2\/categories?post=61002"},{"taxonomy":"post_tag","embeddable":true,"href":"https:\/\/urbeamea.ro\/albaiulia\/wp-json\/wp\/v2\/tags?post=61002"}],"curies":[{"name":"wp","href":"https:\/\/api.w.org\/{rel}","templated":true}]}}