{"id":61004,"date":"2018-03-26T09:24:42","date_gmt":"2018-03-26T06:24:42","guid":{"rendered":"https:\/\/urbeamea.ro\/albaiulia\/?p=61004"},"modified":"2018-03-26T09:24:42","modified_gmt":"2018-03-26T06:24:42","slug":"168-de-ani-de-la-infiintarea-jandarmeriei-romane-programul-manifestarilor-din-alba","status":"publish","type":"post","link":"https:\/\/urbeamea.ro\/albaiulia\/168-de-ani-de-la-infiintarea-jandarmeriei-romane-programul-manifestarilor-din-alba\/","title":{"rendered":"168 de ani de la \u00eenfiin\u021barea Jandarmeriei Rom\u00e2ne: Programul manifest\u0103rilor din Alba"},"content":{"rendered":"<p><strong>Pe 3 aprilie, Jandarmeria Rom\u00e2n\u0103 aniverseaz\u0103 168 de ani de la \u00eenfiin\u021bare. Inspectoratul de Jandarmi Jude\u0163ean (IJJ) \u201cAvram Iancu\u201d Alba marcheaz\u0103 acest moment printr-o serie de manifest\u0103ri, s\u0103pt\u0103m\u00e2na aceasta.<\/strong><\/p>\n<p>Luni, 26 martie, vor fi ac\u0163iuni de promovare a imaginii institu\u0163iei \u00een institu\u0163ii de \u00eenv\u0103\u0163\u0103m\u00e2nt, cu accent pe semnifica\u0163ia zilei de 3 aprilie,. Va fi prezentat\u0103 oferta educa\u0163ional\u0103 a Jandarmeriei Rom\u00e2ne \u015fi avantajele carierei militare, la \u0218coala \u201eMihail Kog\u0103lniceanu\u201d din Sebe\u0219, transmit reprezentan\u0163ii IJJ Alba.<\/p>\n<p>Vineri, 30 martie, va fi organizat un simpozion cu tema \u201cContribu\u0163ia Jandarmeriei la Marea Unire\u201d, la care sunt invita\u0163i personalit\u0103\u0163i publice \u015fi istorici. Evenimentul se desf\u0103\u015foar\u0103 la Casa de Cultur\u0103 a Sindicatelor din Alba Iulia.<\/p>\n<p>Luni, 2 aprilie, la monumentul \u00eenchinat Soldatului Jandarm C\u0103zut la Datorie din comuna Horea, va fi o ceremonie de depunere de coroane de flori.<\/p>\n<p>Mar\u0163i, 3 aprilie, vor fi prezentate exerci\u0163ii tactice \u2013 forme \u015fi procedee de interven\u0163ie a structurilor Jandarmeriei Rom\u00e2ne, \u00een Pia\u021ba Cet\u0103\u0163ii din Alba Iulia. Vor fi \u015fi standuri de prezentare a materialelor specifice de interven\u021bie \u015fi a armamentului din dotarea Jandarmeriei Alba.<\/p>\n<p>Tot mar\u0163i, \u00een aceea\u015fi loca\u0163ie, se organizeaz\u0103 ceremonie militar\u0103, cu ocazia avans\u0103rilor \u00een gradul urm\u0103tor \u00eenainte de \u00eendeplinirea stagiului minim \u00een grad.<\/p>\n<p><em>\u201eCa \u00een fiecare an, adres\u0103m invita\u0163ia tuturor cet\u0103\u0163enilor s\u0103 participe \u00eentr-un num\u0103r c\u00e2t mai mare la aceaste activit\u0103\u021bi \u015fi apreciem c\u0103 este un bun prilej pentru a cunoa\u015fte domeniul de activitate al jandarmilor, de a se convinge de deschiderea Jandarmeriei Alba fa\u0163\u0103 de societatea civil\u0103 \u015fi de a-\u015fi consolida \u00eencrederea \u00een aceast\u0103 institu\u0163ie\u201d,<\/em>\u00a0precizeaz\u0103 IJJ Alba.<\/p>\n","protected":false},"excerpt":{"rendered":"<p>Pe 3 aprilie, Jandarmeria Rom\u00e2n\u0103 aniverseaz\u0103 168 de ani de la \u00eenfiin\u021bare. Inspectoratul de Jandarmi Jude\u0163ean (IJJ) \u201cAvram Iancu\u201d Alba marcheaz\u0103 acest moment printr-o serie de manifest\u0103ri, s\u0103pt\u0103m\u00e2na aceasta. Luni, 26 martie, vor fi ac\u0163iuni de promovare a imaginii institu\u0163iei \u00een institu\u0163ii de \u00eenv\u0103\u0163\u0103m\u00e2nt, cu accent pe semnifica\u0163ia zilei de 3 aprilie,. Va fi prezentat\u0103 &hellip;<\/p>\n","protected":false},"author":17,"featured_media":61005,"comment_status":"open","ping_status":"open","sticky":false,"template":"","format":"standard","meta":{"inline_featured_image":false,"footnotes":""},"categories":[2034],"tags":[307,10375,5397,1248,308,76],"class_list":["post-61004","post","type-post","status-publish","format-standard","has-post-thumbnail","hentry","category-social","tag-alba","tag-inspectoratul-de-jandarmi-judetean-alba","tag-jandarmeria-romana","tag-manifestari","tag-stiri","tag-urbea-mea"],"yoast_head":"<!-- This site is optimized with the Yoast SEO plugin v27.4 - https:\/\/yoast.com\/product\/yoast-seo-wordpress\/ -->\n<title>168 de ani de la \u00eenfiin\u021barea Jandarmeriei Rom\u00e2ne: Programul manifest\u0103rilor din Alba - Revista Urbea Mea - Revista de Alba<\/title>\n<meta name=\"description\" content=\"Pe 3 aprilie, Jandarmeria Rom\u00e2n\u0103 aniverseaz\u0103 168 de ani de la \u00eenfiin\u021bare. Inspectoratul de Jandarmi Jude\u0163ean (IJJ) \u201cAvram Iancu\u201d Alba marcheaz\u0103 acest\" \/>\n<meta name=\"robots\" content=\"index, follow, max-snippet:-1, max-image-preview:large, max-video-preview:-1\" \/>\n<link rel=\"canonical\" href=\"https:\/\/urbeamea.ro\/albaiulia\/168-de-ani-de-la-infiintarea-jandarmeriei-romane-programul-manifestarilor-din-alba\/\" \/>\n<meta name=\"twitter:card\" content=\"summary_large_image\" \/>\n<meta name=\"twitter:title\" content=\"168 de ani de la \u00eenfiin\u021barea Jandarmeriei Rom\u00e2ne: Programul manifest\u0103rilor din Alba - Revista Urbea Mea - Revista de Alba\" \/>\n<meta name=\"twitter:description\" content=\"Pe 3 aprilie, Jandarmeria Rom\u00e2n\u0103 aniverseaz\u0103 168 de ani de la \u00eenfiin\u021bare. Inspectoratul de Jandarmi Jude\u0163ean (IJJ) \u201cAvram Iancu\u201d Alba marcheaz\u0103 acest\" \/>\n<meta name=\"twitter:image\" content=\"https:\/\/urbeamea.ro\/albaiulia\/wp-content\/uploads\/2018\/03\/jandarmeria-168.jpg\" \/>\n<meta name=\"twitter:creator\" content=\"@urbeameaweb\" \/>\n<meta name=\"twitter:site\" content=\"@urbeameaweb\" \/>\n<script type=\"application\/ld+json\" class=\"yoast-schema-graph\">{\"@context\":\"https:\\\/\\\/schema.org\",\"@graph\":[{\"@type\":\"Article\",\"@id\":\"https:\\\/\\\/urbeamea.ro\\\/albaiulia\\\/168-de-ani-de-la-infiintarea-jandarmeriei-romane-programul-manifestarilor-din-alba\\\/#article\",\"isPartOf\":{\"@id\":\"https:\\\/\\\/urbeamea.ro\\\/albaiulia\\\/168-de-ani-de-la-infiintarea-jandarmeriei-romane-programul-manifestarilor-din-alba\\\/\"},\"author\":{\"name\":\"Cristina Ganga\",\"@id\":\"https:\\\/\\\/urbeamea.ro\\\/albaiulia\\\/#\\\/schema\\\/person\\\/9700d21fae21c4f038b0b56f4506264a\"},\"headline\":\"168 de ani de la \u00eenfiin\u021barea Jandarmeriei Rom\u00e2ne: Programul manifest\u0103rilor din Alba\",\"datePublished\":\"2018-03-26T06:24:42+00:00\",\"mainEntityOfPage\":{\"@id\":\"https:\\\/\\\/urbeamea.ro\\\/albaiulia\\\/168-de-ani-de-la-infiintarea-jandarmeriei-romane-programul-manifestarilor-din-alba\\\/\"},\"wordCount\":302,\"commentCount\":0,\"image\":{\"@id\":\"https:\\\/\\\/urbeamea.ro\\\/albaiulia\\\/168-de-ani-de-la-infiintarea-jandarmeriei-romane-programul-manifestarilor-din-alba\\\/#primaryimage\"},\"thumbnailUrl\":\"https:\\\/\\\/urbeamea.ro\\\/albaiulia\\\/wp-content\\\/uploads\\\/2018\\\/03\\\/jandarmeria-168.jpg\",\"keywords\":[\"alba\",\"inspectoratul de jandarmi judetean alba\",\"jandarmeria romana\",\"manifestari\",\"stiri\",\"Urbea Mea\"],\"articleSection\":[\"Social\"],\"inLanguage\":\"ro-RO\",\"potentialAction\":[{\"@type\":\"CommentAction\",\"name\":\"Comment\",\"target\":[\"https:\\\/\\\/urbeamea.ro\\\/albaiulia\\\/168-de-ani-de-la-infiintarea-jandarmeriei-romane-programul-manifestarilor-din-alba\\\/#respond\"]}]},{\"@type\":\"WebPage\",\"@id\":\"https:\\\/\\\/urbeamea.ro\\\/albaiulia\\\/168-de-ani-de-la-infiintarea-jandarmeriei-romane-programul-manifestarilor-din-alba\\\/\",\"url\":\"https:\\\/\\\/urbeamea.ro\\\/albaiulia\\\/168-de-ani-de-la-infiintarea-jandarmeriei-romane-programul-manifestarilor-din-alba\\\/\",\"name\":\"168 de ani de la \u00eenfiin\u021barea Jandarmeriei Rom\u00e2ne: Programul manifest\u0103rilor din Alba - Revista Urbea Mea - Revista de Alba\",\"isPartOf\":{\"@id\":\"https:\\\/\\\/urbeamea.ro\\\/albaiulia\\\/#website\"},\"primaryImageOfPage\":{\"@id\":\"https:\\\/\\\/urbeamea.ro\\\/albaiulia\\\/168-de-ani-de-la-infiintarea-jandarmeriei-romane-programul-manifestarilor-din-alba\\\/#primaryimage\"},\"image\":{\"@id\":\"https:\\\/\\\/urbeamea.ro\\\/albaiulia\\\/168-de-ani-de-la-infiintarea-jandarmeriei-romane-programul-manifestarilor-din-alba\\\/#primaryimage\"},\"thumbnailUrl\":\"https:\\\/\\\/urbeamea.ro\\\/albaiulia\\\/wp-content\\\/uploads\\\/2018\\\/03\\\/jandarmeria-168.jpg\",\"datePublished\":\"2018-03-26T06:24:42+00:00\",\"author\":{\"@id\":\"https:\\\/\\\/urbeamea.ro\\\/albaiulia\\\/#\\\/schema\\\/person\\\/9700d21fae21c4f038b0b56f4506264a\"},\"description\":\"Pe 3 aprilie, Jandarmeria Rom\u00e2n\u0103 aniverseaz\u0103 168 de ani de la \u00eenfiin\u021bare. Inspectoratul de Jandarmi Jude\u0163ean (IJJ) \u201cAvram Iancu\u201d Alba marcheaz\u0103 acest\",\"breadcrumb\":{\"@id\":\"https:\\\/\\\/urbeamea.ro\\\/albaiulia\\\/168-de-ani-de-la-infiintarea-jandarmeriei-romane-programul-manifestarilor-din-alba\\\/#breadcrumb\"},\"inLanguage\":\"ro-RO\",\"potentialAction\":[{\"@type\":\"ReadAction\",\"target\":[\"https:\\\/\\\/urbeamea.ro\\\/albaiulia\\\/168-de-ani-de-la-infiintarea-jandarmeriei-romane-programul-manifestarilor-din-alba\\\/\"]}]},{\"@type\":\"ImageObject\",\"inLanguage\":\"ro-RO\",\"@id\":\"https:\\\/\\\/urbeamea.ro\\\/albaiulia\\\/168-de-ani-de-la-infiintarea-jandarmeriei-romane-programul-manifestarilor-din-alba\\\/#primaryimage\",\"url\":\"https:\\\/\\\/urbeamea.ro\\\/albaiulia\\\/wp-content\\\/uploads\\\/2018\\\/03\\\/jandarmeria-168.jpg\",\"contentUrl\":\"https:\\\/\\\/urbeamea.ro\\\/albaiulia\\\/wp-content\\\/uploads\\\/2018\\\/03\\\/jandarmeria-168.jpg\",\"width\":1200,\"height\":458},{\"@type\":\"BreadcrumbList\",\"@id\":\"https:\\\/\\\/urbeamea.ro\\\/albaiulia\\\/168-de-ani-de-la-infiintarea-jandarmeriei-romane-programul-manifestarilor-din-alba\\\/#breadcrumb\",\"itemListElement\":[{\"@type\":\"ListItem\",\"position\":1,\"name\":\"Prima pagin\u0103\",\"item\":\"https:\\\/\\\/urbeamea.ro\\\/albaiulia\\\/\"},{\"@type\":\"ListItem\",\"position\":2,\"name\":\"168 de ani de la \u00eenfiin\u021barea Jandarmeriei Rom\u00e2ne: Programul manifest\u0103rilor din Alba\"}]},{\"@type\":\"WebSite\",\"@id\":\"https:\\\/\\\/urbeamea.ro\\\/albaiulia\\\/#website\",\"url\":\"https:\\\/\\\/urbeamea.ro\\\/albaiulia\\\/\",\"name\":\"Revista Urbea Mea, Stiri urbane\",\"description\":\"Evenimente \u0219i \u0219tiri din Alba Iulia, Sebe\u0219, Aiud, Blaj\",\"potentialAction\":[{\"@type\":\"SearchAction\",\"target\":{\"@type\":\"EntryPoint\",\"urlTemplate\":\"https:\\\/\\\/urbeamea.ro\\\/albaiulia\\\/?s={search_term_string}\"},\"query-input\":{\"@type\":\"PropertyValueSpecification\",\"valueRequired\":true,\"valueName\":\"search_term_string\"}}],\"inLanguage\":\"ro-RO\"},{\"@type\":\"Person\",\"@id\":\"https:\\\/\\\/urbeamea.ro\\\/albaiulia\\\/#\\\/schema\\\/person\\\/9700d21fae21c4f038b0b56f4506264a\",\"name\":\"Cristina Ganga\",\"image\":{\"@type\":\"ImageObject\",\"inLanguage\":\"ro-RO\",\"@id\":\"https:\\\/\\\/secure.gravatar.com\\\/avatar\\\/5a67661041f057b4a8ccaf26f5a8e86e2689372006d01faf3dd9eeb10b654bb4?s=96&d=mm&r=g\",\"url\":\"https:\\\/\\\/secure.gravatar.com\\\/avatar\\\/5a67661041f057b4a8ccaf26f5a8e86e2689372006d01faf3dd9eeb10b654bb4?s=96&d=mm&r=g\",\"contentUrl\":\"https:\\\/\\\/secure.gravatar.com\\\/avatar\\\/5a67661041f057b4a8ccaf26f5a8e86e2689372006d01faf3dd9eeb10b654bb4?s=96&d=mm&r=g\",\"caption\":\"Cristina Ganga\"},\"description\":\"Jurnalist\",\"sameAs\":[\"https:\\\/\\\/www.facebook.com\\\/cristina.nicola.587\"],\"url\":\"https:\\\/\\\/urbeamea.ro\\\/albaiulia\\\/author\\\/cristina-nicola\\\/\"}]}<\/script>\n<!-- \/ Yoast SEO plugin. -->","yoast_head_json":{"title":"168 de ani de la \u00eenfiin\u021barea Jandarmeriei Rom\u00e2ne: Programul manifest\u0103rilor din Alba - Revista Urbea Mea - Revista de Alba","description":"Pe 3 aprilie, Jandarmeria Rom\u00e2n\u0103 aniverseaz\u0103 168 de ani de la \u00eenfiin\u021bare. Inspectoratul de Jandarmi Jude\u0163ean (IJJ) \u201cAvram Iancu\u201d Alba marcheaz\u0103 acest","robots":{"index":"index","follow":"follow","max-snippet":"max-snippet:-1","max-image-preview":"max-image-preview:large","max-video-preview":"max-video-preview:-1"},"canonical":"https:\/\/urbeamea.ro\/albaiulia\/168-de-ani-de-la-infiintarea-jandarmeriei-romane-programul-manifestarilor-din-alba\/","twitter_card":"summary_large_image","twitter_title":"168 de ani de la \u00eenfiin\u021barea Jandarmeriei Rom\u00e2ne: Programul manifest\u0103rilor din Alba - Revista Urbea Mea - Revista de Alba","twitter_description":"Pe 3 aprilie, Jandarmeria Rom\u00e2n\u0103 aniverseaz\u0103 168 de ani de la \u00eenfiin\u021bare. Inspectoratul de Jandarmi Jude\u0163ean (IJJ) \u201cAvram Iancu\u201d Alba marcheaz\u0103 acest","twitter_image":"https:\/\/urbeamea.ro\/albaiulia\/wp-content\/uploads\/2018\/03\/jandarmeria-168.jpg","twitter_creator":"@urbeameaweb","twitter_site":"@urbeameaweb","schema":{"@context":"https:\/\/schema.org","@graph":[{"@type":"Article","@id":"https:\/\/urbeamea.ro\/albaiulia\/168-de-ani-de-la-infiintarea-jandarmeriei-romane-programul-manifestarilor-din-alba\/#article","isPartOf":{"@id":"https:\/\/urbeamea.ro\/albaiulia\/168-de-ani-de-la-infiintarea-jandarmeriei-romane-programul-manifestarilor-din-alba\/"},"author":{"name":"Cristina Ganga","@id":"https:\/\/urbeamea.ro\/albaiulia\/#\/schema\/person\/9700d21fae21c4f038b0b56f4506264a"},"headline":"168 de ani de la \u00eenfiin\u021barea Jandarmeriei Rom\u00e2ne: Programul manifest\u0103rilor din Alba","datePublished":"2018-03-26T06:24:42+00:00","mainEntityOfPage":{"@id":"https:\/\/urbeamea.ro\/albaiulia\/168-de-ani-de-la-infiintarea-jandarmeriei-romane-programul-manifestarilor-din-alba\/"},"wordCount":302,"commentCount":0,"image":{"@id":"https:\/\/urbeamea.ro\/albaiulia\/168-de-ani-de-la-infiintarea-jandarmeriei-romane-programul-manifestarilor-din-alba\/#primaryimage"},"thumbnailUrl":"https:\/\/urbeamea.ro\/albaiulia\/wp-content\/uploads\/2018\/03\/jandarmeria-168.jpg","keywords":["alba","inspectoratul de jandarmi judetean alba","jandarmeria romana","manifestari","stiri","Urbea Mea"],"articleSection":["Social"],"inLanguage":"ro-RO","potentialAction":[{"@type":"CommentAction","name":"Comment","target":["https:\/\/urbeamea.ro\/albaiulia\/168-de-ani-de-la-infiintarea-jandarmeriei-romane-programul-manifestarilor-din-alba\/#respond"]}]},{"@type":"WebPage","@id":"https:\/\/urbeamea.ro\/albaiulia\/168-de-ani-de-la-infiintarea-jandarmeriei-romane-programul-manifestarilor-din-alba\/","url":"https:\/\/urbeamea.ro\/albaiulia\/168-de-ani-de-la-infiintarea-jandarmeriei-romane-programul-manifestarilor-din-alba\/","name":"168 de ani de la \u00eenfiin\u021barea Jandarmeriei Rom\u00e2ne: Programul manifest\u0103rilor din Alba - Revista Urbea Mea - Revista de Alba","isPartOf":{"@id":"https:\/\/urbeamea.ro\/albaiulia\/#website"},"primaryImageOfPage":{"@id":"https:\/\/urbeamea.ro\/albaiulia\/168-de-ani-de-la-infiintarea-jandarmeriei-romane-programul-manifestarilor-din-alba\/#primaryimage"},"image":{"@id":"https:\/\/urbeamea.ro\/albaiulia\/168-de-ani-de-la-infiintarea-jandarmeriei-romane-programul-manifestarilor-din-alba\/#primaryimage"},"thumbnailUrl":"https:\/\/urbeamea.ro\/albaiulia\/wp-content\/uploads\/2018\/03\/jandarmeria-168.jpg","datePublished":"2018-03-26T06:24:42+00:00","author":{"@id":"https:\/\/urbeamea.ro\/albaiulia\/#\/schema\/person\/9700d21fae21c4f038b0b56f4506264a"},"description":"Pe 3 aprilie, Jandarmeria Rom\u00e2n\u0103 aniverseaz\u0103 168 de ani de la \u00eenfiin\u021bare. Inspectoratul de Jandarmi Jude\u0163ean (IJJ) \u201cAvram Iancu\u201d Alba marcheaz\u0103 acest","breadcrumb":{"@id":"https:\/\/urbeamea.ro\/albaiulia\/168-de-ani-de-la-infiintarea-jandarmeriei-romane-programul-manifestarilor-din-alba\/#breadcrumb"},"inLanguage":"ro-RO","potentialAction":[{"@type":"ReadAction","target":["https:\/\/urbeamea.ro\/albaiulia\/168-de-ani-de-la-infiintarea-jandarmeriei-romane-programul-manifestarilor-din-alba\/"]}]},{"@type":"ImageObject","inLanguage":"ro-RO","@id":"https:\/\/urbeamea.ro\/albaiulia\/168-de-ani-de-la-infiintarea-jandarmeriei-romane-programul-manifestarilor-din-alba\/#primaryimage","url":"https:\/\/urbeamea.ro\/albaiulia\/wp-content\/uploads\/2018\/03\/jandarmeria-168.jpg","contentUrl":"https:\/\/urbeamea.ro\/albaiulia\/wp-content\/uploads\/2018\/03\/jandarmeria-168.jpg","width":1200,"height":458},{"@type":"BreadcrumbList","@id":"https:\/\/urbeamea.ro\/albaiulia\/168-de-ani-de-la-infiintarea-jandarmeriei-romane-programul-manifestarilor-din-alba\/#breadcrumb","itemListElement":[{"@type":"ListItem","position":1,"name":"Prima pagin\u0103","item":"https:\/\/urbeamea.ro\/albaiulia\/"},{"@type":"ListItem","position":2,"name":"168 de ani de la \u00eenfiin\u021barea Jandarmeriei Rom\u00e2ne: Programul manifest\u0103rilor din Alba"}]},{"@type":"WebSite","@id":"https:\/\/urbeamea.ro\/albaiulia\/#website","url":"https:\/\/urbeamea.ro\/albaiulia\/","name":"Revista Urbea Mea, Stiri urbane","description":"Evenimente \u0219i \u0219tiri din Alba Iulia, Sebe\u0219, Aiud, Blaj","potentialAction":[{"@type":"SearchAction","target":{"@type":"EntryPoint","urlTemplate":"https:\/\/urbeamea.ro\/albaiulia\/?s={search_term_string}"},"query-input":{"@type":"PropertyValueSpecification","valueRequired":true,"valueName":"search_term_string"}}],"inLanguage":"ro-RO"},{"@type":"Person","@id":"https:\/\/urbeamea.ro\/albaiulia\/#\/schema\/person\/9700d21fae21c4f038b0b56f4506264a","name":"Cristina Ganga","image":{"@type":"ImageObject","inLanguage":"ro-RO","@id":"https:\/\/secure.gravatar.com\/avatar\/5a67661041f057b4a8ccaf26f5a8e86e2689372006d01faf3dd9eeb10b654bb4?s=96&d=mm&r=g","url":"https:\/\/secure.gravatar.com\/avatar\/5a67661041f057b4a8ccaf26f5a8e86e2689372006d01faf3dd9eeb10b654bb4?s=96&d=mm&r=g","contentUrl":"https:\/\/secure.gravatar.com\/avatar\/5a67661041f057b4a8ccaf26f5a8e86e2689372006d01faf3dd9eeb10b654bb4?s=96&d=mm&r=g","caption":"Cristina Ganga"},"description":"Jurnalist","sameAs":["https:\/\/www.facebook.com\/cristina.nicola.587"],"url":"https:\/\/urbeamea.ro\/albaiulia\/author\/cristina-nicola\/"}]}},"_links":{"self":[{"href":"https:\/\/urbeamea.ro\/albaiulia\/wp-json\/wp\/v2\/posts\/61004","targetHints":{"allow":["GET"]}}],"collection":[{"href":"https:\/\/urbeamea.ro\/albaiulia\/wp-json\/wp\/v2\/posts"}],"about":[{"href":"https:\/\/urbeamea.ro\/albaiulia\/wp-json\/wp\/v2\/types\/post"}],"author":[{"embeddable":true,"href":"https:\/\/urbeamea.ro\/albaiulia\/wp-json\/wp\/v2\/users\/17"}],"replies":[{"embeddable":true,"href":"https:\/\/urbeamea.ro\/albaiulia\/wp-json\/wp\/v2\/comments?post=61004"}],"version-history":[{"count":0,"href":"https:\/\/urbeamea.ro\/albaiulia\/wp-json\/wp\/v2\/posts\/61004\/revisions"}],"wp:featuredmedia":[{"embeddable":true,"href":"https:\/\/urbeamea.ro\/albaiulia\/wp-json\/wp\/v2\/media\/61005"}],"wp:attachment":[{"href":"https:\/\/urbeamea.ro\/albaiulia\/wp-json\/wp\/v2\/media?parent=61004"}],"wp:term":[{"taxonomy":"category","embeddable":true,"href":"https:\/\/urbeamea.ro\/albaiulia\/wp-json\/wp\/v2\/categories?post=61004"},{"taxonomy":"post_tag","embeddable":true,"href":"https:\/\/urbeamea.ro\/albaiulia\/wp-json\/wp\/v2\/tags?post=61004"}],"curies":[{"name":"wp","href":"https:\/\/api.w.org\/{rel}","templated":true}]}}