{"id":61048,"date":"2018-03-26T14:54:07","date_gmt":"2018-03-26T11:54:07","guid":{"rendered":"https:\/\/urbeamea.ro\/albaiulia\/?p=61048"},"modified":"2018-03-26T14:54:07","modified_gmt":"2018-03-26T11:54:07","slug":"27-martie-a-treia-conferinta-din-seria-si-sebesul-a-facut-unirea-sustinuta-de-dr-mircea-gheorghe-abrudan-la-centrul-cultural-lucian-blaga-sebes","status":"publish","type":"post","link":"https:\/\/urbeamea.ro\/albaiulia\/27-martie-a-treia-conferinta-din-seria-si-sebesul-a-facut-unirea-sustinuta-de-dr-mircea-gheorghe-abrudan-la-centrul-cultural-lucian-blaga-sebes\/","title":{"rendered":"27 martie: A treia conferin\u0163\u0103 din seria &#8222;\u015ei Sebe\u015ful a f\u0103cut Unirea!&#8221;, sus\u0163inut\u0103 de dr. Mircea-Gheorghe Abrudan, la Centrul Cultural &#8222;Lucian Blaga&#8221; Sebe\u015f"},"content":{"rendered":"<p><strong>Centrul Cultural &#8222;Lucian Blaga&#8221; Sebe\u0219 \u0219i DespartamantuluI ASTRA &#8222;Vasile Moga&#8221; Sebes au deosebita onoare de a v\u0103 invita la cea de-a treia conferin\u0163\u0103 din seria &#8222;\u015ei Sebe\u015ful a f\u0103cut Unirea!&#8221;, sus\u0163inut\u0103 de dr. Mircea-Gheorghe Abrudan, CS III \u00een cadrul Institutului de Istorie Na\u0163ional\u0103 &#8222;George Bari\u0163iu&#8221; Cluj-Napoa. <\/strong><\/p>\n<p>\u00cen cadrul acestei manifest\u0103ri, va fi semnat\u0103 o declara\u0163ie simbolic\u0103 de unire cu Republica Moldova, muni<span class=\"gmail-text_exposed_show\">cipiul Sebe\u015f devenind, astfel, prima localitate din jude\u0163ul Alba, semnatar\u0103 a unui astfel de document deopotriv\u0103 simbolic \u015fi istoric. <\/span><\/p>\n<p><span class=\"gmail-text_exposed_show\">Evenimentul se va desf\u0103\u015fura \u00een Sala &#8222;Gheorghe Maniu&#8221; (Sala Mic\u0103) a Centrului Cultural &#8222;Lucian Blaga&#8221; Sebe\u015f, mar\u0163i, 27 martie 2018, \u00eencep\u00e2nd cu orele 17:00.\u00a0<\/span><\/p>\n","protected":false},"excerpt":{"rendered":"<p>Centrul Cultural &#8222;Lucian Blaga&#8221; Sebe\u0219 \u0219i DespartamantuluI ASTRA &#8222;Vasile Moga&#8221; Sebes au deosebita onoare de a v\u0103 invita la cea de-a treia conferin\u0163\u0103 din seria &#8222;\u015ei Sebe\u015ful a f\u0103cut Unirea!&#8221;, sus\u0163inut\u0103 de dr. Mircea-Gheorghe Abrudan, CS III \u00een cadrul Institutului de Istorie Na\u0163ional\u0103 &#8222;George Bari\u0163iu&#8221; Cluj-Napoa. \u00cen cadrul acestei manifest\u0103ri, va fi semnat\u0103 o declara\u0163ie &hellip;<\/p>\n","protected":false},"author":17,"featured_media":61049,"comment_status":"open","ping_status":"open","sticky":false,"template":"","format":"standard","meta":{"inline_featured_image":false,"footnotes":""},"categories":[8857],"tags":[8672,1108,14781,1223,14780,14779],"class_list":["post-61048","post","type-post","status-publish","format-standard","has-post-thumbnail","hentry","category-istorie","tag-centrul-cultural-lucian-blaga","tag-conferinta","tag-mircea-gheorghe-abrudan","tag-sebes","tag-si-sebesul-a-facut-unire","tag-unirea-basarabiei-cu-romania"],"yoast_head":"<!-- This site is optimized with the Yoast SEO plugin v28.3 - https:\/\/yoast.com\/product\/yoast-seo-wordpress\/ -->\n<title>27 martie: A treia conferin\u0163\u0103 din seria &quot;\u015ei Sebe\u015ful a f\u0103cut Unirea!&quot;, sus\u0163inut\u0103 de dr. Mircea-Gheorghe Abrudan, la Centrul Cultural &quot;Lucian Blaga&quot; Sebe\u015f - Revista Urbea Mea - Revista de Alba<\/title>\n<meta name=\"description\" content=\"Centrul Cultural &quot;Lucian Blaga&quot; Sebe\u0219 \u0219i DespartamantuluI ASTRA &quot;Vasile Moga&quot; Sebes au deosebita onoare de a v\u0103 invita la cea de-a treia conferin\u0163\u0103 din\" \/>\n<meta name=\"robots\" content=\"index, follow, max-snippet:-1, max-image-preview:large, max-video-preview:-1\" \/>\n<link rel=\"canonical\" href=\"https:\/\/urbeamea.ro\/albaiulia\/27-martie-a-treia-conferinta-din-seria-si-sebesul-a-facut-unirea-sustinuta-de-dr-mircea-gheorghe-abrudan-la-centrul-cultural-lucian-blaga-sebes\/\" \/>\n<meta name=\"twitter:card\" content=\"summary_large_image\" \/>\n<meta name=\"twitter:title\" content=\"27 martie: A treia conferin\u0163\u0103 din seria &quot;\u015ei Sebe\u015ful a f\u0103cut Unirea!&quot;, sus\u0163inut\u0103 de dr. Mircea-Gheorghe Abrudan, la Centrul Cultural &quot;Lucian Blaga&quot; Sebe\u015f - Revista Urbea Mea - Revista de Alba\" \/>\n<meta name=\"twitter:description\" content=\"Centrul Cultural &quot;Lucian Blaga&quot; Sebe\u0219 \u0219i DespartamantuluI ASTRA &quot;Vasile Moga&quot; Sebes au deosebita onoare de a v\u0103 invita la cea de-a treia conferin\u0163\u0103 din\" \/>\n<meta name=\"twitter:image\" content=\"https:\/\/urbeamea.ro\/albaiulia\/wp-content\/uploads\/2018\/03\/Unirea-Basarabiei-cu-Romania.jpg\" \/>\n<meta name=\"twitter:creator\" content=\"@urbeameaweb\" \/>\n<meta name=\"twitter:site\" content=\"@urbeameaweb\" \/>\n<script type=\"application\/ld+json\" class=\"yoast-schema-graph\">{\"@context\":\"https:\\\/\\\/schema.org\",\"@graph\":[{\"@type\":\"Article\",\"@id\":\"https:\\\/\\\/urbeamea.ro\\\/albaiulia\\\/27-martie-a-treia-conferinta-din-seria-si-sebesul-a-facut-unirea-sustinuta-de-dr-mircea-gheorghe-abrudan-la-centrul-cultural-lucian-blaga-sebes\\\/#article\",\"isPartOf\":{\"@id\":\"https:\\\/\\\/urbeamea.ro\\\/albaiulia\\\/27-martie-a-treia-conferinta-din-seria-si-sebesul-a-facut-unirea-sustinuta-de-dr-mircea-gheorghe-abrudan-la-centrul-cultural-lucian-blaga-sebes\\\/\"},\"author\":{\"name\":\"Cristina Ganga\",\"@id\":\"https:\\\/\\\/urbeamea.ro\\\/albaiulia\\\/#\\\/schema\\\/person\\\/9700d21fae21c4f038b0b56f4506264a\"},\"headline\":\"27 martie: A treia conferin\u0163\u0103 din seria &#8222;\u015ei Sebe\u015ful a f\u0103cut Unirea!&#8221;, sus\u0163inut\u0103 de dr. Mircea-Gheorghe Abrudan, la Centrul Cultural &#8222;Lucian Blaga&#8221; Sebe\u015f\",\"datePublished\":\"2018-03-26T11:54:07+00:00\",\"mainEntityOfPage\":{\"@id\":\"https:\\\/\\\/urbeamea.ro\\\/albaiulia\\\/27-martie-a-treia-conferinta-din-seria-si-sebesul-a-facut-unirea-sustinuta-de-dr-mircea-gheorghe-abrudan-la-centrul-cultural-lucian-blaga-sebes\\\/\"},\"wordCount\":137,\"commentCount\":0,\"image\":{\"@id\":\"https:\\\/\\\/urbeamea.ro\\\/albaiulia\\\/27-martie-a-treia-conferinta-din-seria-si-sebesul-a-facut-unirea-sustinuta-de-dr-mircea-gheorghe-abrudan-la-centrul-cultural-lucian-blaga-sebes\\\/#primaryimage\"},\"thumbnailUrl\":\"https:\\\/\\\/urbeamea.ro\\\/albaiulia\\\/wp-content\\\/uploads\\\/2018\\\/03\\\/Unirea-Basarabiei-cu-Romania.jpg\",\"keywords\":[\"centrul cultural lucian blaga\",\"conferinta\",\"Mircea-Gheorghe Abrudan\",\"sebes\",\"si sebesul a facut unire\",\"unirea basarabiei cu romania\"],\"articleSection\":[\"Istorie\"],\"inLanguage\":\"ro-RO\",\"potentialAction\":[{\"@type\":\"CommentAction\",\"name\":\"Comment\",\"target\":[\"https:\\\/\\\/urbeamea.ro\\\/albaiulia\\\/27-martie-a-treia-conferinta-din-seria-si-sebesul-a-facut-unirea-sustinuta-de-dr-mircea-gheorghe-abrudan-la-centrul-cultural-lucian-blaga-sebes\\\/#respond\"]}]},{\"@type\":\"WebPage\",\"@id\":\"https:\\\/\\\/urbeamea.ro\\\/albaiulia\\\/27-martie-a-treia-conferinta-din-seria-si-sebesul-a-facut-unirea-sustinuta-de-dr-mircea-gheorghe-abrudan-la-centrul-cultural-lucian-blaga-sebes\\\/\",\"url\":\"https:\\\/\\\/urbeamea.ro\\\/albaiulia\\\/27-martie-a-treia-conferinta-din-seria-si-sebesul-a-facut-unirea-sustinuta-de-dr-mircea-gheorghe-abrudan-la-centrul-cultural-lucian-blaga-sebes\\\/\",\"name\":\"27 martie: A treia conferin\u0163\u0103 din seria \\\"\u015ei Sebe\u015ful a f\u0103cut Unirea!\\\", sus\u0163inut\u0103 de dr. Mircea-Gheorghe Abrudan, la Centrul Cultural \\\"Lucian Blaga\\\" Sebe\u015f - Revista Urbea Mea - Revista de Alba\",\"isPartOf\":{\"@id\":\"https:\\\/\\\/urbeamea.ro\\\/albaiulia\\\/#website\"},\"primaryImageOfPage\":{\"@id\":\"https:\\\/\\\/urbeamea.ro\\\/albaiulia\\\/27-martie-a-treia-conferinta-din-seria-si-sebesul-a-facut-unirea-sustinuta-de-dr-mircea-gheorghe-abrudan-la-centrul-cultural-lucian-blaga-sebes\\\/#primaryimage\"},\"image\":{\"@id\":\"https:\\\/\\\/urbeamea.ro\\\/albaiulia\\\/27-martie-a-treia-conferinta-din-seria-si-sebesul-a-facut-unirea-sustinuta-de-dr-mircea-gheorghe-abrudan-la-centrul-cultural-lucian-blaga-sebes\\\/#primaryimage\"},\"thumbnailUrl\":\"https:\\\/\\\/urbeamea.ro\\\/albaiulia\\\/wp-content\\\/uploads\\\/2018\\\/03\\\/Unirea-Basarabiei-cu-Romania.jpg\",\"datePublished\":\"2018-03-26T11:54:07+00:00\",\"author\":{\"@id\":\"https:\\\/\\\/urbeamea.ro\\\/albaiulia\\\/#\\\/schema\\\/person\\\/9700d21fae21c4f038b0b56f4506264a\"},\"description\":\"Centrul Cultural \\\"Lucian Blaga\\\" Sebe\u0219 \u0219i DespartamantuluI ASTRA \\\"Vasile Moga\\\" Sebes au deosebita onoare de a v\u0103 invita la cea de-a treia conferin\u0163\u0103 din\",\"breadcrumb\":{\"@id\":\"https:\\\/\\\/urbeamea.ro\\\/albaiulia\\\/27-martie-a-treia-conferinta-din-seria-si-sebesul-a-facut-unirea-sustinuta-de-dr-mircea-gheorghe-abrudan-la-centrul-cultural-lucian-blaga-sebes\\\/#breadcrumb\"},\"inLanguage\":\"ro-RO\",\"potentialAction\":[{\"@type\":\"ReadAction\",\"target\":[\"https:\\\/\\\/urbeamea.ro\\\/albaiulia\\\/27-martie-a-treia-conferinta-din-seria-si-sebesul-a-facut-unirea-sustinuta-de-dr-mircea-gheorghe-abrudan-la-centrul-cultural-lucian-blaga-sebes\\\/\"]}]},{\"@type\":\"ImageObject\",\"inLanguage\":\"ro-RO\",\"@id\":\"https:\\\/\\\/urbeamea.ro\\\/albaiulia\\\/27-martie-a-treia-conferinta-din-seria-si-sebesul-a-facut-unirea-sustinuta-de-dr-mircea-gheorghe-abrudan-la-centrul-cultural-lucian-blaga-sebes\\\/#primaryimage\",\"url\":\"https:\\\/\\\/urbeamea.ro\\\/albaiulia\\\/wp-content\\\/uploads\\\/2018\\\/03\\\/Unirea-Basarabiei-cu-Romania.jpg\",\"contentUrl\":\"https:\\\/\\\/urbeamea.ro\\\/albaiulia\\\/wp-content\\\/uploads\\\/2018\\\/03\\\/Unirea-Basarabiei-cu-Romania.jpg\",\"width\":776,\"height\":598},{\"@type\":\"BreadcrumbList\",\"@id\":\"https:\\\/\\\/urbeamea.ro\\\/albaiulia\\\/27-martie-a-treia-conferinta-din-seria-si-sebesul-a-facut-unirea-sustinuta-de-dr-mircea-gheorghe-abrudan-la-centrul-cultural-lucian-blaga-sebes\\\/#breadcrumb\",\"itemListElement\":[{\"@type\":\"ListItem\",\"position\":1,\"name\":\"Prima pagin\u0103\",\"item\":\"https:\\\/\\\/urbeamea.ro\\\/albaiulia\\\/\"},{\"@type\":\"ListItem\",\"position\":2,\"name\":\"27 martie: A treia conferin\u0163\u0103 din seria &#8222;\u015ei Sebe\u015ful a f\u0103cut Unirea!&#8221;, sus\u0163inut\u0103 de dr. Mircea-Gheorghe Abrudan, la Centrul Cultural &#8222;Lucian Blaga&#8221; Sebe\u015f\"}]},{\"@type\":\"WebSite\",\"@id\":\"https:\\\/\\\/urbeamea.ro\\\/albaiulia\\\/#website\",\"url\":\"https:\\\/\\\/urbeamea.ro\\\/albaiulia\\\/\",\"name\":\"Revista Urbea Mea, Stiri urbane\",\"description\":\"Evenimente \u0219i \u0219tiri din Alba Iulia, Sebe\u0219, Aiud, Blaj\",\"potentialAction\":[{\"@type\":\"SearchAction\",\"target\":{\"@type\":\"EntryPoint\",\"urlTemplate\":\"https:\\\/\\\/urbeamea.ro\\\/albaiulia\\\/?s={search_term_string}\"},\"query-input\":{\"@type\":\"PropertyValueSpecification\",\"valueRequired\":true,\"valueName\":\"search_term_string\"}}],\"inLanguage\":\"ro-RO\"},{\"@type\":\"Person\",\"@id\":\"https:\\\/\\\/urbeamea.ro\\\/albaiulia\\\/#\\\/schema\\\/person\\\/9700d21fae21c4f038b0b56f4506264a\",\"name\":\"Cristina Ganga\",\"image\":{\"@type\":\"ImageObject\",\"inLanguage\":\"ro-RO\",\"@id\":\"https:\\\/\\\/secure.gravatar.com\\\/avatar\\\/5a67661041f057b4a8ccaf26f5a8e86e2689372006d01faf3dd9eeb10b654bb4?s=96&d=mm&r=g\",\"url\":\"https:\\\/\\\/secure.gravatar.com\\\/avatar\\\/5a67661041f057b4a8ccaf26f5a8e86e2689372006d01faf3dd9eeb10b654bb4?s=96&d=mm&r=g\",\"contentUrl\":\"https:\\\/\\\/secure.gravatar.com\\\/avatar\\\/5a67661041f057b4a8ccaf26f5a8e86e2689372006d01faf3dd9eeb10b654bb4?s=96&d=mm&r=g\",\"caption\":\"Cristina Ganga\"},\"description\":\"Jurnalist\",\"sameAs\":[\"https:\\\/\\\/www.facebook.com\\\/cristina.nicola.587\"],\"url\":\"https:\\\/\\\/urbeamea.ro\\\/albaiulia\\\/author\\\/cristina-nicola\\\/\"}]}<\/script>\n<!-- \/ Yoast SEO plugin. -->","yoast_head_json":{"title":"27 martie: A treia conferin\u0163\u0103 din seria \"\u015ei Sebe\u015ful a f\u0103cut Unirea!\", sus\u0163inut\u0103 de dr. Mircea-Gheorghe Abrudan, la Centrul Cultural \"Lucian Blaga\" Sebe\u015f - Revista Urbea Mea - Revista de Alba","description":"Centrul Cultural \"Lucian Blaga\" Sebe\u0219 \u0219i DespartamantuluI ASTRA \"Vasile Moga\" Sebes au deosebita onoare de a v\u0103 invita la cea de-a treia conferin\u0163\u0103 din","robots":{"index":"index","follow":"follow","max-snippet":"max-snippet:-1","max-image-preview":"max-image-preview:large","max-video-preview":"max-video-preview:-1"},"canonical":"https:\/\/urbeamea.ro\/albaiulia\/27-martie-a-treia-conferinta-din-seria-si-sebesul-a-facut-unirea-sustinuta-de-dr-mircea-gheorghe-abrudan-la-centrul-cultural-lucian-blaga-sebes\/","twitter_card":"summary_large_image","twitter_title":"27 martie: A treia conferin\u0163\u0103 din seria \"\u015ei Sebe\u015ful a f\u0103cut Unirea!\", sus\u0163inut\u0103 de dr. Mircea-Gheorghe Abrudan, la Centrul Cultural \"Lucian Blaga\" Sebe\u015f - Revista Urbea Mea - Revista de Alba","twitter_description":"Centrul Cultural \"Lucian Blaga\" Sebe\u0219 \u0219i DespartamantuluI ASTRA \"Vasile Moga\" Sebes au deosebita onoare de a v\u0103 invita la cea de-a treia conferin\u0163\u0103 din","twitter_image":"https:\/\/urbeamea.ro\/albaiulia\/wp-content\/uploads\/2018\/03\/Unirea-Basarabiei-cu-Romania.jpg","twitter_creator":"@urbeameaweb","twitter_site":"@urbeameaweb","schema":{"@context":"https:\/\/schema.org","@graph":[{"@type":"Article","@id":"https:\/\/urbeamea.ro\/albaiulia\/27-martie-a-treia-conferinta-din-seria-si-sebesul-a-facut-unirea-sustinuta-de-dr-mircea-gheorghe-abrudan-la-centrul-cultural-lucian-blaga-sebes\/#article","isPartOf":{"@id":"https:\/\/urbeamea.ro\/albaiulia\/27-martie-a-treia-conferinta-din-seria-si-sebesul-a-facut-unirea-sustinuta-de-dr-mircea-gheorghe-abrudan-la-centrul-cultural-lucian-blaga-sebes\/"},"author":{"name":"Cristina Ganga","@id":"https:\/\/urbeamea.ro\/albaiulia\/#\/schema\/person\/9700d21fae21c4f038b0b56f4506264a"},"headline":"27 martie: A treia conferin\u0163\u0103 din seria &#8222;\u015ei Sebe\u015ful a f\u0103cut Unirea!&#8221;, sus\u0163inut\u0103 de dr. Mircea-Gheorghe Abrudan, la Centrul Cultural &#8222;Lucian Blaga&#8221; Sebe\u015f","datePublished":"2018-03-26T11:54:07+00:00","mainEntityOfPage":{"@id":"https:\/\/urbeamea.ro\/albaiulia\/27-martie-a-treia-conferinta-din-seria-si-sebesul-a-facut-unirea-sustinuta-de-dr-mircea-gheorghe-abrudan-la-centrul-cultural-lucian-blaga-sebes\/"},"wordCount":137,"commentCount":0,"image":{"@id":"https:\/\/urbeamea.ro\/albaiulia\/27-martie-a-treia-conferinta-din-seria-si-sebesul-a-facut-unirea-sustinuta-de-dr-mircea-gheorghe-abrudan-la-centrul-cultural-lucian-blaga-sebes\/#primaryimage"},"thumbnailUrl":"https:\/\/urbeamea.ro\/albaiulia\/wp-content\/uploads\/2018\/03\/Unirea-Basarabiei-cu-Romania.jpg","keywords":["centrul cultural lucian blaga","conferinta","Mircea-Gheorghe Abrudan","sebes","si sebesul a facut unire","unirea basarabiei cu romania"],"articleSection":["Istorie"],"inLanguage":"ro-RO","potentialAction":[{"@type":"CommentAction","name":"Comment","target":["https:\/\/urbeamea.ro\/albaiulia\/27-martie-a-treia-conferinta-din-seria-si-sebesul-a-facut-unirea-sustinuta-de-dr-mircea-gheorghe-abrudan-la-centrul-cultural-lucian-blaga-sebes\/#respond"]}]},{"@type":"WebPage","@id":"https:\/\/urbeamea.ro\/albaiulia\/27-martie-a-treia-conferinta-din-seria-si-sebesul-a-facut-unirea-sustinuta-de-dr-mircea-gheorghe-abrudan-la-centrul-cultural-lucian-blaga-sebes\/","url":"https:\/\/urbeamea.ro\/albaiulia\/27-martie-a-treia-conferinta-din-seria-si-sebesul-a-facut-unirea-sustinuta-de-dr-mircea-gheorghe-abrudan-la-centrul-cultural-lucian-blaga-sebes\/","name":"27 martie: A treia conferin\u0163\u0103 din seria \"\u015ei Sebe\u015ful a f\u0103cut Unirea!\", sus\u0163inut\u0103 de dr. Mircea-Gheorghe Abrudan, la Centrul Cultural \"Lucian Blaga\" Sebe\u015f - Revista Urbea Mea - Revista de Alba","isPartOf":{"@id":"https:\/\/urbeamea.ro\/albaiulia\/#website"},"primaryImageOfPage":{"@id":"https:\/\/urbeamea.ro\/albaiulia\/27-martie-a-treia-conferinta-din-seria-si-sebesul-a-facut-unirea-sustinuta-de-dr-mircea-gheorghe-abrudan-la-centrul-cultural-lucian-blaga-sebes\/#primaryimage"},"image":{"@id":"https:\/\/urbeamea.ro\/albaiulia\/27-martie-a-treia-conferinta-din-seria-si-sebesul-a-facut-unirea-sustinuta-de-dr-mircea-gheorghe-abrudan-la-centrul-cultural-lucian-blaga-sebes\/#primaryimage"},"thumbnailUrl":"https:\/\/urbeamea.ro\/albaiulia\/wp-content\/uploads\/2018\/03\/Unirea-Basarabiei-cu-Romania.jpg","datePublished":"2018-03-26T11:54:07+00:00","author":{"@id":"https:\/\/urbeamea.ro\/albaiulia\/#\/schema\/person\/9700d21fae21c4f038b0b56f4506264a"},"description":"Centrul Cultural \"Lucian Blaga\" Sebe\u0219 \u0219i DespartamantuluI ASTRA \"Vasile Moga\" Sebes au deosebita onoare de a v\u0103 invita la cea de-a treia conferin\u0163\u0103 din","breadcrumb":{"@id":"https:\/\/urbeamea.ro\/albaiulia\/27-martie-a-treia-conferinta-din-seria-si-sebesul-a-facut-unirea-sustinuta-de-dr-mircea-gheorghe-abrudan-la-centrul-cultural-lucian-blaga-sebes\/#breadcrumb"},"inLanguage":"ro-RO","potentialAction":[{"@type":"ReadAction","target":["https:\/\/urbeamea.ro\/albaiulia\/27-martie-a-treia-conferinta-din-seria-si-sebesul-a-facut-unirea-sustinuta-de-dr-mircea-gheorghe-abrudan-la-centrul-cultural-lucian-blaga-sebes\/"]}]},{"@type":"ImageObject","inLanguage":"ro-RO","@id":"https:\/\/urbeamea.ro\/albaiulia\/27-martie-a-treia-conferinta-din-seria-si-sebesul-a-facut-unirea-sustinuta-de-dr-mircea-gheorghe-abrudan-la-centrul-cultural-lucian-blaga-sebes\/#primaryimage","url":"https:\/\/urbeamea.ro\/albaiulia\/wp-content\/uploads\/2018\/03\/Unirea-Basarabiei-cu-Romania.jpg","contentUrl":"https:\/\/urbeamea.ro\/albaiulia\/wp-content\/uploads\/2018\/03\/Unirea-Basarabiei-cu-Romania.jpg","width":776,"height":598},{"@type":"BreadcrumbList","@id":"https:\/\/urbeamea.ro\/albaiulia\/27-martie-a-treia-conferinta-din-seria-si-sebesul-a-facut-unirea-sustinuta-de-dr-mircea-gheorghe-abrudan-la-centrul-cultural-lucian-blaga-sebes\/#breadcrumb","itemListElement":[{"@type":"ListItem","position":1,"name":"Prima pagin\u0103","item":"https:\/\/urbeamea.ro\/albaiulia\/"},{"@type":"ListItem","position":2,"name":"27 martie: A treia conferin\u0163\u0103 din seria &#8222;\u015ei Sebe\u015ful a f\u0103cut Unirea!&#8221;, sus\u0163inut\u0103 de dr. Mircea-Gheorghe Abrudan, la Centrul Cultural &#8222;Lucian Blaga&#8221; Sebe\u015f"}]},{"@type":"WebSite","@id":"https:\/\/urbeamea.ro\/albaiulia\/#website","url":"https:\/\/urbeamea.ro\/albaiulia\/","name":"Revista Urbea Mea, Stiri urbane","description":"Evenimente \u0219i \u0219tiri din Alba Iulia, Sebe\u0219, Aiud, Blaj","potentialAction":[{"@type":"SearchAction","target":{"@type":"EntryPoint","urlTemplate":"https:\/\/urbeamea.ro\/albaiulia\/?s={search_term_string}"},"query-input":{"@type":"PropertyValueSpecification","valueRequired":true,"valueName":"search_term_string"}}],"inLanguage":"ro-RO"},{"@type":"Person","@id":"https:\/\/urbeamea.ro\/albaiulia\/#\/schema\/person\/9700d21fae21c4f038b0b56f4506264a","name":"Cristina Ganga","image":{"@type":"ImageObject","inLanguage":"ro-RO","@id":"https:\/\/secure.gravatar.com\/avatar\/5a67661041f057b4a8ccaf26f5a8e86e2689372006d01faf3dd9eeb10b654bb4?s=96&d=mm&r=g","url":"https:\/\/secure.gravatar.com\/avatar\/5a67661041f057b4a8ccaf26f5a8e86e2689372006d01faf3dd9eeb10b654bb4?s=96&d=mm&r=g","contentUrl":"https:\/\/secure.gravatar.com\/avatar\/5a67661041f057b4a8ccaf26f5a8e86e2689372006d01faf3dd9eeb10b654bb4?s=96&d=mm&r=g","caption":"Cristina Ganga"},"description":"Jurnalist","sameAs":["https:\/\/www.facebook.com\/cristina.nicola.587"],"url":"https:\/\/urbeamea.ro\/albaiulia\/author\/cristina-nicola\/"}]}},"_links":{"self":[{"href":"https:\/\/urbeamea.ro\/albaiulia\/wp-json\/wp\/v2\/posts\/61048","targetHints":{"allow":["GET"]}}],"collection":[{"href":"https:\/\/urbeamea.ro\/albaiulia\/wp-json\/wp\/v2\/posts"}],"about":[{"href":"https:\/\/urbeamea.ro\/albaiulia\/wp-json\/wp\/v2\/types\/post"}],"author":[{"embeddable":true,"href":"https:\/\/urbeamea.ro\/albaiulia\/wp-json\/wp\/v2\/users\/17"}],"replies":[{"embeddable":true,"href":"https:\/\/urbeamea.ro\/albaiulia\/wp-json\/wp\/v2\/comments?post=61048"}],"version-history":[{"count":0,"href":"https:\/\/urbeamea.ro\/albaiulia\/wp-json\/wp\/v2\/posts\/61048\/revisions"}],"wp:featuredmedia":[{"embeddable":true,"href":"https:\/\/urbeamea.ro\/albaiulia\/wp-json\/wp\/v2\/media\/61049"}],"wp:attachment":[{"href":"https:\/\/urbeamea.ro\/albaiulia\/wp-json\/wp\/v2\/media?parent=61048"}],"wp:term":[{"taxonomy":"category","embeddable":true,"href":"https:\/\/urbeamea.ro\/albaiulia\/wp-json\/wp\/v2\/categories?post=61048"},{"taxonomy":"post_tag","embeddable":true,"href":"https:\/\/urbeamea.ro\/albaiulia\/wp-json\/wp\/v2\/tags?post=61048"}],"curies":[{"name":"wp","href":"https:\/\/api.w.org\/{rel}","templated":true}]}}