{"id":61400,"date":"2018-04-03T15:30:33","date_gmt":"2018-04-03T12:30:33","guid":{"rendered":"https:\/\/urbeamea.ro\/albaiulia\/?p=61400"},"modified":"2018-04-03T15:30:33","modified_gmt":"2018-04-03T12:30:33","slug":"foto-9-ofiteri-si-subofiteri-avansati-in-grad-la-alba-iulia-de-ziua-jandarmeriei-romane","status":"publish","type":"post","link":"https:\/\/urbeamea.ro\/albaiulia\/foto-9-ofiteri-si-subofiteri-avansati-in-grad-la-alba-iulia-de-ziua-jandarmeriei-romane\/","title":{"rendered":"FOTO: 9 ofi\u0163eri \u015fi subofi\u0163eri, avansa\u0163i \u00een grad la Alba Iulia, de Ziua Jandarmeriei Rom\u00e2ne"},"content":{"rendered":"<p><strong>Mar\u0163i, nou\u0103 cadre ale Inspectoratului de Jandarmi Jude\u021bean Alba au fost avansate \u00een gradul urm\u0103tor, \u00eenainte de \u00eendeplinirea stagiului minim \u00een grad, cu ocazia Zilei Jandarmeriei, \u00een cadrul unei ceremonii \u00een Pia\u0163a Cet\u0103\u0163ii din Alba Iulia.<\/strong><\/p>\n<p>Potrivit prevederilor legale, avansarea \u00een gradul urm\u0103tor a jandarmilor, \u00eenainte de \u00eendeplinirea stagiului minim \u00een grad se poate face cu ocazia Zilei Na\u0163ionale a Rom\u00e2niei sau a Zilei Jandarmeriei Rom\u00e2ne.<\/p>\n<p>\u201eAnul acesta, trei ofi\u0163eri \u015fi \u0219ase subofi\u0163eri din cadrul Inspectoratului de Jandarmi Jude\u021bean Alba, care \u00eendeplinesc condi\u0163iile legale, s-au distins printr-o \u00eenalt\u0103 probitate moral\u0103 \u015fi rezultate foarte bune ob\u0163inute \u00een activitate, au fost \u00eenainta\u0163i \u00een gradul urm\u0103tor\u201d, transmit reprezentan\u0163ii IJJ Alba.<\/p>\n<p>Noile grade au fost \u00eenm\u00e2nate de prefectul jude\u0163ului\u00a0 Alba, D\u0103nu\u021b Emil H\u0103l\u0103lai \u0219i de pre\u0219edintele Consiliului Jude\u021bean Alba, Ion Dumitrel.<\/p>\n<p>Colonelul Marius Giurea, inspector \u015fef al Inspectoratului de Jandarmi Jude\u0163ean Alba, citit Ordinul Ministrului Afacerilor Interne, prin care cei trei ofi\u0163eri au fost \u00eenainta\u0163i \u00een gradul urm\u0103tor, astfel:<\/p>\n<p>\u00een gradul de locotenent-colonel \u2013 maior Ironim Ignat Kleemann<\/p>\n<p>\u00een gradul de locotenent-colonel \u2013 maior Alin Nicolae Jurca<\/p>\n<p>\u00een gradul de maior \u2013c\u0103pitan Marius D\u0103nu\u021b M\u0103ican.<\/p>\n<p>\u00cen continuare, prin Ordin al Inspectorului \u015eef al Inspectoratului de Jandarmi Jude\u0163ean Alba, au fost \u00eenainta\u0163i \u00een gradul urm\u0103tor \u0219ase subofi\u0163eri:<\/p>\n<p>\u00een gradul de plutonier adjutant \u015fef \u2013 plutonier adjutant Claudiu Bo\u0163an<\/p>\n<p>\u00een gradul de plutonier adjutant \u015fef \u2013 plutonier adjutant Vasile Todescu<\/p>\n<p>\u00een gradul de plutonier adjutant \u015fef \u2013 plutonier adjutant Leontin Iepure<\/p>\n<p>\u00een gradul de plutonier adjutant \u2013 plutonier major Florin Avram<\/p>\n<p>\u00een gradul de plutonier adjutant \u2013 plutonier major Octavian Claudiu Vlad<\/p>\n<p>\u00een gradul de plutonier adjutant \u2013 plutonier major Domenic Ioan Mircea<\/p>\n<p>\u00cen cadrul acelea\u015fi ceremonii militare, plutonier major Paul Bria a primit insigna onorific\u0103 \u201cJandarm de Onoare al Unit\u0103\u021bii\u201d. Acesta s-a eviden\u021biat \u00een mod constant prin rezultatele deosebite ob\u021binute \u00een \u00eendeplinirea atribu\u021biilor de serviciu, potrivit institu\u0163iei.<\/p>\n<p>Pentru \u00eendeplinirea exemplar\u0103 a atribu\u0163iilor de serviciu, 22 de ofi\u0163eri \u015fi 72 de mai\u015ftri militari \u015fi subofi\u0163eri au fost recompensa\u0163i cu felicit\u0103ri \u015fi mul\u0163umiri.<\/p>\n<div id='gallery-1' class='gallery galleryid-61400 gallery-columns-3 gallery-size-thumbnail'><figure class='gallery-item'>\n\t\t\t<div class='gallery-icon landscape'>\n\t\t\t\t<a href='https:\/\/urbeamea.ro\/albaiulia\/wp-content\/uploads\/2018\/04\/DAP_0014.jpg'><img decoding=\"async\" width=\"150\" height=\"100\" src=\"data:image\/png;base64,iVBORw0KGgoAAAANSUhEUgAAAYYAAADcAQMAAABOLJSDAAAAA1BMVEUAAACnej3aAAAAAXRSTlMAQObYZgAAACJJREFUaIHtwTEBAAAAwqD1T20ND6AAAAAAAAAAAAAA4N8AKvgAAUFIrrEAAAAASUVORK5CYII=\" class=\"attachment-thumbnail size-thumbnail lazy-img\" alt=\"\" srcset=\"https:\/\/urbeamea.ro\/albaiulia\/wp-content\/uploads\/2018\/04\/DAP_0014-150x100.jpg 150w, https:\/\/urbeamea.ro\/albaiulia\/wp-content\/uploads\/2018\/04\/DAP_0014-640x428.jpg 640w, https:\/\/urbeamea.ro\/albaiulia\/wp-content\/uploads\/2018\/04\/DAP_0014-768x513.jpg 768w, https:\/\/urbeamea.ro\/albaiulia\/wp-content\/uploads\/2018\/04\/DAP_0014.jpg 1024w\" sizes=\"auto, (max-width: 150px) 100vw, 150px\" data-src=\"https:\/\/urbeamea.ro\/albaiulia\/wp-content\/uploads\/2018\/04\/DAP_0014-150x100.jpg\" loading=\"lazy\" \/><\/a>\n\t\t\t<\/div><\/figure><figure class='gallery-item'>\n\t\t\t<div class='gallery-icon landscape'>\n\t\t\t\t<a href='https:\/\/urbeamea.ro\/albaiulia\/wp-content\/uploads\/2018\/04\/DAP_0024.jpg'><img decoding=\"async\" width=\"150\" height=\"100\" src=\"data:image\/png;base64,iVBORw0KGgoAAAANSUhEUgAAAYYAAADcAQMAAABOLJSDAAAAA1BMVEUAAACnej3aAAAAAXRSTlMAQObYZgAAACJJREFUaIHtwTEBAAAAwqD1T20ND6AAAAAAAAAAAAAA4N8AKvgAAUFIrrEAAAAASUVORK5CYII=\" class=\"attachment-thumbnail size-thumbnail lazy-img\" alt=\"\" srcset=\"https:\/\/urbeamea.ro\/albaiulia\/wp-content\/uploads\/2018\/04\/DAP_0024-150x100.jpg 150w, https:\/\/urbeamea.ro\/albaiulia\/wp-content\/uploads\/2018\/04\/DAP_0024-640x428.jpg 640w, https:\/\/urbeamea.ro\/albaiulia\/wp-content\/uploads\/2018\/04\/DAP_0024-768x513.jpg 768w, https:\/\/urbeamea.ro\/albaiulia\/wp-content\/uploads\/2018\/04\/DAP_0024.jpg 1024w\" sizes=\"auto, (max-width: 150px) 100vw, 150px\" data-src=\"https:\/\/urbeamea.ro\/albaiulia\/wp-content\/uploads\/2018\/04\/DAP_0024-150x100.jpg\" loading=\"lazy\" \/><\/a>\n\t\t\t<\/div><\/figure><figure class='gallery-item'>\n\t\t\t<div class='gallery-icon landscape'>\n\t\t\t\t<a href='https:\/\/urbeamea.ro\/albaiulia\/wp-content\/uploads\/2018\/04\/DAP_0030.jpg'><img decoding=\"async\" width=\"150\" height=\"100\" src=\"data:image\/png;base64,iVBORw0KGgoAAAANSUhEUgAAAYYAAADcAQMAAABOLJSDAAAAA1BMVEUAAACnej3aAAAAAXRSTlMAQObYZgAAACJJREFUaIHtwTEBAAAAwqD1T20ND6AAAAAAAAAAAAAA4N8AKvgAAUFIrrEAAAAASUVORK5CYII=\" class=\"attachment-thumbnail size-thumbnail lazy-img\" alt=\"\" srcset=\"https:\/\/urbeamea.ro\/albaiulia\/wp-content\/uploads\/2018\/04\/DAP_0030-150x100.jpg 150w, https:\/\/urbeamea.ro\/albaiulia\/wp-content\/uploads\/2018\/04\/DAP_0030-640x427.jpg 640w, https:\/\/urbeamea.ro\/albaiulia\/wp-content\/uploads\/2018\/04\/DAP_0030-768x512.jpg 768w, https:\/\/urbeamea.ro\/albaiulia\/wp-content\/uploads\/2018\/04\/DAP_0030.jpg 1024w\" sizes=\"auto, (max-width: 150px) 100vw, 150px\" data-src=\"https:\/\/urbeamea.ro\/albaiulia\/wp-content\/uploads\/2018\/04\/DAP_0030-150x100.jpg\" loading=\"lazy\" \/><\/a>\n\t\t\t<\/div><\/figure><figure class='gallery-item'>\n\t\t\t<div class='gallery-icon landscape'>\n\t\t\t\t<a href='https:\/\/urbeamea.ro\/albaiulia\/wp-content\/uploads\/2018\/04\/DAP_0032.jpg'><img decoding=\"async\" width=\"150\" height=\"100\" src=\"data:image\/png;base64,iVBORw0KGgoAAAANSUhEUgAAAYYAAADcAQMAAABOLJSDAAAAA1BMVEUAAACnej3aAAAAAXRSTlMAQObYZgAAACJJREFUaIHtwTEBAAAAwqD1T20ND6AAAAAAAAAAAAAA4N8AKvgAAUFIrrEAAAAASUVORK5CYII=\" class=\"attachment-thumbnail size-thumbnail lazy-img\" alt=\"\" srcset=\"https:\/\/urbeamea.ro\/albaiulia\/wp-content\/uploads\/2018\/04\/DAP_0032-150x100.jpg 150w, https:\/\/urbeamea.ro\/albaiulia\/wp-content\/uploads\/2018\/04\/DAP_0032-640x428.jpg 640w, https:\/\/urbeamea.ro\/albaiulia\/wp-content\/uploads\/2018\/04\/DAP_0032-768x513.jpg 768w, https:\/\/urbeamea.ro\/albaiulia\/wp-content\/uploads\/2018\/04\/DAP_0032.jpg 1024w\" sizes=\"auto, (max-width: 150px) 100vw, 150px\" data-src=\"https:\/\/urbeamea.ro\/albaiulia\/wp-content\/uploads\/2018\/04\/DAP_0032-150x100.jpg\" loading=\"lazy\" \/><\/a>\n\t\t\t<\/div><\/figure><figure class='gallery-item'>\n\t\t\t<div class='gallery-icon landscape'>\n\t\t\t\t<a href='https:\/\/urbeamea.ro\/albaiulia\/wp-content\/uploads\/2018\/04\/DAP_0036.jpg'><img decoding=\"async\" width=\"150\" height=\"100\" src=\"data:image\/png;base64,iVBORw0KGgoAAAANSUhEUgAAAYYAAADcAQMAAABOLJSDAAAAA1BMVEUAAACnej3aAAAAAXRSTlMAQObYZgAAACJJREFUaIHtwTEBAAAAwqD1T20ND6AAAAAAAAAAAAAA4N8AKvgAAUFIrrEAAAAASUVORK5CYII=\" class=\"attachment-thumbnail size-thumbnail lazy-img\" alt=\"\" srcset=\"https:\/\/urbeamea.ro\/albaiulia\/wp-content\/uploads\/2018\/04\/DAP_0036-150x100.jpg 150w, https:\/\/urbeamea.ro\/albaiulia\/wp-content\/uploads\/2018\/04\/DAP_0036-640x428.jpg 640w, https:\/\/urbeamea.ro\/albaiulia\/wp-content\/uploads\/2018\/04\/DAP_0036-768x513.jpg 768w, https:\/\/urbeamea.ro\/albaiulia\/wp-content\/uploads\/2018\/04\/DAP_0036.jpg 1024w\" sizes=\"auto, (max-width: 150px) 100vw, 150px\" data-src=\"https:\/\/urbeamea.ro\/albaiulia\/wp-content\/uploads\/2018\/04\/DAP_0036-150x100.jpg\" loading=\"lazy\" \/><\/a>\n\t\t\t<\/div><\/figure><figure class='gallery-item'>\n\t\t\t<div class='gallery-icon landscape'>\n\t\t\t\t<a href='https:\/\/urbeamea.ro\/albaiulia\/wp-content\/uploads\/2018\/04\/DAP_0051.jpg'><img decoding=\"async\" width=\"150\" height=\"100\" src=\"data:image\/png;base64,iVBORw0KGgoAAAANSUhEUgAAAYYAAADcAQMAAABOLJSDAAAAA1BMVEUAAACnej3aAAAAAXRSTlMAQObYZgAAACJJREFUaIHtwTEBAAAAwqD1T20ND6AAAAAAAAAAAAAA4N8AKvgAAUFIrrEAAAAASUVORK5CYII=\" class=\"attachment-thumbnail size-thumbnail lazy-img\" alt=\"\" srcset=\"https:\/\/urbeamea.ro\/albaiulia\/wp-content\/uploads\/2018\/04\/DAP_0051-150x100.jpg 150w, https:\/\/urbeamea.ro\/albaiulia\/wp-content\/uploads\/2018\/04\/DAP_0051-640x428.jpg 640w, https:\/\/urbeamea.ro\/albaiulia\/wp-content\/uploads\/2018\/04\/DAP_0051-768x513.jpg 768w, https:\/\/urbeamea.ro\/albaiulia\/wp-content\/uploads\/2018\/04\/DAP_0051.jpg 1024w\" sizes=\"auto, (max-width: 150px) 100vw, 150px\" data-src=\"https:\/\/urbeamea.ro\/albaiulia\/wp-content\/uploads\/2018\/04\/DAP_0051-150x100.jpg\" loading=\"lazy\" \/><\/a>\n\t\t\t<\/div><\/figure><figure class='gallery-item'>\n\t\t\t<div class='gallery-icon landscape'>\n\t\t\t\t<a href='https:\/\/urbeamea.ro\/albaiulia\/wp-content\/uploads\/2018\/04\/DAP_0067.jpg'><img decoding=\"async\" width=\"150\" height=\"100\" src=\"data:image\/png;base64,iVBORw0KGgoAAAANSUhEUgAAAYYAAADcAQMAAABOLJSDAAAAA1BMVEUAAACnej3aAAAAAXRSTlMAQObYZgAAACJJREFUaIHtwTEBAAAAwqD1T20ND6AAAAAAAAAAAAAA4N8AKvgAAUFIrrEAAAAASUVORK5CYII=\" class=\"attachment-thumbnail size-thumbnail lazy-img\" alt=\"\" srcset=\"https:\/\/urbeamea.ro\/albaiulia\/wp-content\/uploads\/2018\/04\/DAP_0067-150x100.jpg 150w, https:\/\/urbeamea.ro\/albaiulia\/wp-content\/uploads\/2018\/04\/DAP_0067-640x428.jpg 640w, https:\/\/urbeamea.ro\/albaiulia\/wp-content\/uploads\/2018\/04\/DAP_0067-768x513.jpg 768w, https:\/\/urbeamea.ro\/albaiulia\/wp-content\/uploads\/2018\/04\/DAP_0067.jpg 1024w\" sizes=\"auto, (max-width: 150px) 100vw, 150px\" data-src=\"https:\/\/urbeamea.ro\/albaiulia\/wp-content\/uploads\/2018\/04\/DAP_0067-150x100.jpg\" loading=\"lazy\" \/><\/a>\n\t\t\t<\/div><\/figure><figure class='gallery-item'>\n\t\t\t<div class='gallery-icon landscape'>\n\t\t\t\t<a href='https:\/\/urbeamea.ro\/albaiulia\/wp-content\/uploads\/2018\/04\/DAP_0109.jpg'><img decoding=\"async\" width=\"150\" height=\"100\" src=\"data:image\/png;base64,iVBORw0KGgoAAAANSUhEUgAAAYYAAADcAQMAAABOLJSDAAAAA1BMVEUAAACnej3aAAAAAXRSTlMAQObYZgAAACJJREFUaIHtwTEBAAAAwqD1T20ND6AAAAAAAAAAAAAA4N8AKvgAAUFIrrEAAAAASUVORK5CYII=\" class=\"attachment-thumbnail size-thumbnail lazy-img\" alt=\"\" srcset=\"https:\/\/urbeamea.ro\/albaiulia\/wp-content\/uploads\/2018\/04\/DAP_0109-150x100.jpg 150w, https:\/\/urbeamea.ro\/albaiulia\/wp-content\/uploads\/2018\/04\/DAP_0109-640x428.jpg 640w, https:\/\/urbeamea.ro\/albaiulia\/wp-content\/uploads\/2018\/04\/DAP_0109-768x513.jpg 768w, https:\/\/urbeamea.ro\/albaiulia\/wp-content\/uploads\/2018\/04\/DAP_0109.jpg 1024w\" sizes=\"auto, (max-width: 150px) 100vw, 150px\" data-src=\"https:\/\/urbeamea.ro\/albaiulia\/wp-content\/uploads\/2018\/04\/DAP_0109-150x100.jpg\" loading=\"lazy\" \/><\/a>\n\t\t\t<\/div><\/figure><figure class='gallery-item'>\n\t\t\t<div class='gallery-icon landscape'>\n\t\t\t\t<a href='https:\/\/urbeamea.ro\/albaiulia\/wp-content\/uploads\/2018\/04\/DAP_0114.jpg'><img decoding=\"async\" width=\"150\" height=\"100\" src=\"data:image\/png;base64,iVBORw0KGgoAAAANSUhEUgAAAYYAAADcAQMAAABOLJSDAAAAA1BMVEUAAACnej3aAAAAAXRSTlMAQObYZgAAACJJREFUaIHtwTEBAAAAwqD1T20ND6AAAAAAAAAAAAAA4N8AKvgAAUFIrrEAAAAASUVORK5CYII=\" class=\"attachment-thumbnail size-thumbnail lazy-img\" alt=\"\" srcset=\"https:\/\/urbeamea.ro\/albaiulia\/wp-content\/uploads\/2018\/04\/DAP_0114-150x100.jpg 150w, https:\/\/urbeamea.ro\/albaiulia\/wp-content\/uploads\/2018\/04\/DAP_0114-640x428.jpg 640w, https:\/\/urbeamea.ro\/albaiulia\/wp-content\/uploads\/2018\/04\/DAP_0114-768x513.jpg 768w, https:\/\/urbeamea.ro\/albaiulia\/wp-content\/uploads\/2018\/04\/DAP_0114.jpg 1024w\" sizes=\"auto, (max-width: 150px) 100vw, 150px\" data-src=\"https:\/\/urbeamea.ro\/albaiulia\/wp-content\/uploads\/2018\/04\/DAP_0114-150x100.jpg\" loading=\"lazy\" \/><\/a>\n\t\t\t<\/div><\/figure><figure class='gallery-item'>\n\t\t\t<div class='gallery-icon landscape'>\n\t\t\t\t<a href='https:\/\/urbeamea.ro\/albaiulia\/wp-content\/uploads\/2018\/04\/DAP_0129.jpg'><img decoding=\"async\" width=\"150\" height=\"100\" src=\"data:image\/png;base64,iVBORw0KGgoAAAANSUhEUgAAAYYAAADcAQMAAABOLJSDAAAAA1BMVEUAAACnej3aAAAAAXRSTlMAQObYZgAAACJJREFUaIHtwTEBAAAAwqD1T20ND6AAAAAAAAAAAAAA4N8AKvgAAUFIrrEAAAAASUVORK5CYII=\" class=\"attachment-thumbnail size-thumbnail lazy-img\" alt=\"\" srcset=\"https:\/\/urbeamea.ro\/albaiulia\/wp-content\/uploads\/2018\/04\/DAP_0129-150x100.jpg 150w, https:\/\/urbeamea.ro\/albaiulia\/wp-content\/uploads\/2018\/04\/DAP_0129-640x428.jpg 640w, https:\/\/urbeamea.ro\/albaiulia\/wp-content\/uploads\/2018\/04\/DAP_0129-768x513.jpg 768w, https:\/\/urbeamea.ro\/albaiulia\/wp-content\/uploads\/2018\/04\/DAP_0129.jpg 1024w\" sizes=\"auto, (max-width: 150px) 100vw, 150px\" data-src=\"https:\/\/urbeamea.ro\/albaiulia\/wp-content\/uploads\/2018\/04\/DAP_0129-150x100.jpg\" loading=\"lazy\" \/><\/a>\n\t\t\t<\/div><\/figure><figure class='gallery-item'>\n\t\t\t<div class='gallery-icon landscape'>\n\t\t\t\t<a href='https:\/\/urbeamea.ro\/albaiulia\/wp-content\/uploads\/2018\/04\/DAP_0236.jpg'><img decoding=\"async\" width=\"150\" height=\"100\" src=\"data:image\/png;base64,iVBORw0KGgoAAAANSUhEUgAAAYYAAADcAQMAAABOLJSDAAAAA1BMVEUAAACnej3aAAAAAXRSTlMAQObYZgAAACJJREFUaIHtwTEBAAAAwqD1T20ND6AAAAAAAAAAAAAA4N8AKvgAAUFIrrEAAAAASUVORK5CYII=\" class=\"attachment-thumbnail size-thumbnail lazy-img\" alt=\"\" srcset=\"https:\/\/urbeamea.ro\/albaiulia\/wp-content\/uploads\/2018\/04\/DAP_0236-150x100.jpg 150w, https:\/\/urbeamea.ro\/albaiulia\/wp-content\/uploads\/2018\/04\/DAP_0236-640x428.jpg 640w, https:\/\/urbeamea.ro\/albaiulia\/wp-content\/uploads\/2018\/04\/DAP_0236-768x513.jpg 768w, https:\/\/urbeamea.ro\/albaiulia\/wp-content\/uploads\/2018\/04\/DAP_0236.jpg 1024w\" sizes=\"auto, (max-width: 150px) 100vw, 150px\" data-src=\"https:\/\/urbeamea.ro\/albaiulia\/wp-content\/uploads\/2018\/04\/DAP_0236-150x100.jpg\" loading=\"lazy\" \/><\/a>\n\t\t\t<\/div><\/figure>\n\t\t<\/div>\n\n","protected":false},"excerpt":{"rendered":"<p>Mar\u0163i, nou\u0103 cadre ale Inspectoratului de Jandarmi Jude\u021bean Alba au fost avansate \u00een gradul urm\u0103tor, \u00eenainte de \u00eendeplinirea stagiului minim \u00een grad, cu ocazia Zilei Jandarmeriei, \u00een cadrul unei ceremonii \u00een Pia\u0163a Cet\u0103\u0163ii din Alba Iulia. Potrivit prevederilor legale, avansarea \u00een gradul urm\u0103tor a jandarmilor, \u00eenainte de \u00eendeplinirea stagiului minim \u00een grad se poate face &hellip;<\/p>\n","protected":false},"author":17,"featured_media":61407,"comment_status":"open","ping_status":"open","sticky":false,"template":"","format":"standard","meta":{"inline_featured_image":false,"footnotes":""},"categories":[2034],"tags":[31,6754,4137,3170,565,308,3171,76,4136],"class_list":["post-61400","post","type-post","status-publish","format-standard","has-post-thumbnail","hentry","category-social","tag-alba-iulia","tag-avandari-in-grad","tag-ceremonie-militara","tag-ofiteri","tag-piata-cetatii","tag-stiri","tag-subofiteri","tag-urbea-mea","tag-ziua-jandarmeriei-romane"],"yoast_head":"<!-- This site is optimized with the Yoast SEO plugin v28.3 - https:\/\/yoast.com\/product\/yoast-seo-wordpress\/ -->\n<title>FOTO: 9 ofi\u0163eri \u015fi subofi\u0163eri, avansa\u0163i \u00een grad la Alba Iulia, de Ziua Jandarmeriei Rom\u00e2ne - Revista Urbea Mea - Revista de Alba<\/title>\n<meta name=\"description\" content=\"Mar\u0163i, nou\u0103 cadre ale Inspectoratului de Jandarmi Jude\u021bean Alba au fost avansate \u00een gradul urm\u0103tor, \u00eenainte de \u00eendeplinirea stagiului minim \u00een grad, cu\" \/>\n<meta name=\"robots\" content=\"index, follow, max-snippet:-1, max-image-preview:large, max-video-preview:-1\" \/>\n<link rel=\"canonical\" href=\"https:\/\/urbeamea.ro\/albaiulia\/foto-9-ofiteri-si-subofiteri-avansati-in-grad-la-alba-iulia-de-ziua-jandarmeriei-romane\/\" \/>\n<meta name=\"twitter:card\" content=\"summary_large_image\" \/>\n<meta name=\"twitter:title\" content=\"FOTO: 9 ofi\u0163eri \u015fi subofi\u0163eri, avansa\u0163i \u00een grad la Alba Iulia, de Ziua Jandarmeriei Rom\u00e2ne - Revista Urbea Mea - Revista de Alba\" \/>\n<meta name=\"twitter:description\" content=\"Mar\u0163i, nou\u0103 cadre ale Inspectoratului de Jandarmi Jude\u021bean Alba au fost avansate \u00een gradul urm\u0103tor, \u00eenainte de \u00eendeplinirea stagiului minim \u00een grad, cu\" \/>\n<meta name=\"twitter:image\" content=\"https:\/\/urbeamea.ro\/albaiulia\/wp-content\/uploads\/2018\/04\/DAP_0067.jpg\" \/>\n<meta name=\"twitter:creator\" content=\"@urbeameaweb\" \/>\n<meta name=\"twitter:site\" content=\"@urbeameaweb\" \/>\n<script type=\"application\/ld+json\" class=\"yoast-schema-graph\">{\"@context\":\"https:\\\/\\\/schema.org\",\"@graph\":[{\"@type\":\"Article\",\"@id\":\"https:\\\/\\\/urbeamea.ro\\\/albaiulia\\\/foto-9-ofiteri-si-subofiteri-avansati-in-grad-la-alba-iulia-de-ziua-jandarmeriei-romane\\\/#article\",\"isPartOf\":{\"@id\":\"https:\\\/\\\/urbeamea.ro\\\/albaiulia\\\/foto-9-ofiteri-si-subofiteri-avansati-in-grad-la-alba-iulia-de-ziua-jandarmeriei-romane\\\/\"},\"author\":{\"name\":\"Cristina Ganga\",\"@id\":\"https:\\\/\\\/urbeamea.ro\\\/albaiulia\\\/#\\\/schema\\\/person\\\/9700d21fae21c4f038b0b56f4506264a\"},\"headline\":\"FOTO: 9 ofi\u0163eri \u015fi subofi\u0163eri, avansa\u0163i \u00een grad la Alba Iulia, de Ziua Jandarmeriei Rom\u00e2ne\",\"datePublished\":\"2018-04-03T12:30:33+00:00\",\"mainEntityOfPage\":{\"@id\":\"https:\\\/\\\/urbeamea.ro\\\/albaiulia\\\/foto-9-ofiteri-si-subofiteri-avansati-in-grad-la-alba-iulia-de-ziua-jandarmeriei-romane\\\/\"},\"wordCount\":387,\"commentCount\":0,\"image\":{\"@id\":\"https:\\\/\\\/urbeamea.ro\\\/albaiulia\\\/foto-9-ofiteri-si-subofiteri-avansati-in-grad-la-alba-iulia-de-ziua-jandarmeriei-romane\\\/#primaryimage\"},\"thumbnailUrl\":\"https:\\\/\\\/urbeamea.ro\\\/albaiulia\\\/wp-content\\\/uploads\\\/2018\\\/04\\\/DAP_0067.jpg\",\"keywords\":[\"Alba Iulia\",\"avandari in grad\",\"ceremonie militara\",\"ofiteri\",\"piata cetatii\",\"stiri\",\"subofiteri\",\"Urbea Mea\",\"ziua jandarmeriei romane\"],\"articleSection\":[\"Social\"],\"inLanguage\":\"ro-RO\",\"potentialAction\":[{\"@type\":\"CommentAction\",\"name\":\"Comment\",\"target\":[\"https:\\\/\\\/urbeamea.ro\\\/albaiulia\\\/foto-9-ofiteri-si-subofiteri-avansati-in-grad-la-alba-iulia-de-ziua-jandarmeriei-romane\\\/#respond\"]}]},{\"@type\":\"WebPage\",\"@id\":\"https:\\\/\\\/urbeamea.ro\\\/albaiulia\\\/foto-9-ofiteri-si-subofiteri-avansati-in-grad-la-alba-iulia-de-ziua-jandarmeriei-romane\\\/\",\"url\":\"https:\\\/\\\/urbeamea.ro\\\/albaiulia\\\/foto-9-ofiteri-si-subofiteri-avansati-in-grad-la-alba-iulia-de-ziua-jandarmeriei-romane\\\/\",\"name\":\"FOTO: 9 ofi\u0163eri \u015fi subofi\u0163eri, avansa\u0163i \u00een grad la Alba Iulia, de Ziua Jandarmeriei Rom\u00e2ne - Revista Urbea Mea - Revista de Alba\",\"isPartOf\":{\"@id\":\"https:\\\/\\\/urbeamea.ro\\\/albaiulia\\\/#website\"},\"primaryImageOfPage\":{\"@id\":\"https:\\\/\\\/urbeamea.ro\\\/albaiulia\\\/foto-9-ofiteri-si-subofiteri-avansati-in-grad-la-alba-iulia-de-ziua-jandarmeriei-romane\\\/#primaryimage\"},\"image\":{\"@id\":\"https:\\\/\\\/urbeamea.ro\\\/albaiulia\\\/foto-9-ofiteri-si-subofiteri-avansati-in-grad-la-alba-iulia-de-ziua-jandarmeriei-romane\\\/#primaryimage\"},\"thumbnailUrl\":\"https:\\\/\\\/urbeamea.ro\\\/albaiulia\\\/wp-content\\\/uploads\\\/2018\\\/04\\\/DAP_0067.jpg\",\"datePublished\":\"2018-04-03T12:30:33+00:00\",\"author\":{\"@id\":\"https:\\\/\\\/urbeamea.ro\\\/albaiulia\\\/#\\\/schema\\\/person\\\/9700d21fae21c4f038b0b56f4506264a\"},\"description\":\"Mar\u0163i, nou\u0103 cadre ale Inspectoratului de Jandarmi Jude\u021bean Alba au fost avansate \u00een gradul urm\u0103tor, \u00eenainte de \u00eendeplinirea stagiului minim \u00een grad, cu\",\"breadcrumb\":{\"@id\":\"https:\\\/\\\/urbeamea.ro\\\/albaiulia\\\/foto-9-ofiteri-si-subofiteri-avansati-in-grad-la-alba-iulia-de-ziua-jandarmeriei-romane\\\/#breadcrumb\"},\"inLanguage\":\"ro-RO\",\"potentialAction\":[{\"@type\":\"ReadAction\",\"target\":[\"https:\\\/\\\/urbeamea.ro\\\/albaiulia\\\/foto-9-ofiteri-si-subofiteri-avansati-in-grad-la-alba-iulia-de-ziua-jandarmeriei-romane\\\/\"]}]},{\"@type\":\"ImageObject\",\"inLanguage\":\"ro-RO\",\"@id\":\"https:\\\/\\\/urbeamea.ro\\\/albaiulia\\\/foto-9-ofiteri-si-subofiteri-avansati-in-grad-la-alba-iulia-de-ziua-jandarmeriei-romane\\\/#primaryimage\",\"url\":\"https:\\\/\\\/urbeamea.ro\\\/albaiulia\\\/wp-content\\\/uploads\\\/2018\\\/04\\\/DAP_0067.jpg\",\"contentUrl\":\"https:\\\/\\\/urbeamea.ro\\\/albaiulia\\\/wp-content\\\/uploads\\\/2018\\\/04\\\/DAP_0067.jpg\",\"width\":1024,\"height\":684},{\"@type\":\"BreadcrumbList\",\"@id\":\"https:\\\/\\\/urbeamea.ro\\\/albaiulia\\\/foto-9-ofiteri-si-subofiteri-avansati-in-grad-la-alba-iulia-de-ziua-jandarmeriei-romane\\\/#breadcrumb\",\"itemListElement\":[{\"@type\":\"ListItem\",\"position\":1,\"name\":\"Prima pagin\u0103\",\"item\":\"https:\\\/\\\/urbeamea.ro\\\/albaiulia\\\/\"},{\"@type\":\"ListItem\",\"position\":2,\"name\":\"FOTO: 9 ofi\u0163eri \u015fi subofi\u0163eri, avansa\u0163i \u00een grad la Alba Iulia, de Ziua Jandarmeriei Rom\u00e2ne\"}]},{\"@type\":\"WebSite\",\"@id\":\"https:\\\/\\\/urbeamea.ro\\\/albaiulia\\\/#website\",\"url\":\"https:\\\/\\\/urbeamea.ro\\\/albaiulia\\\/\",\"name\":\"Revista Urbea Mea, Stiri urbane\",\"description\":\"Evenimente \u0219i \u0219tiri din Alba Iulia, Sebe\u0219, Aiud, Blaj\",\"potentialAction\":[{\"@type\":\"SearchAction\",\"target\":{\"@type\":\"EntryPoint\",\"urlTemplate\":\"https:\\\/\\\/urbeamea.ro\\\/albaiulia\\\/?s={search_term_string}\"},\"query-input\":{\"@type\":\"PropertyValueSpecification\",\"valueRequired\":true,\"valueName\":\"search_term_string\"}}],\"inLanguage\":\"ro-RO\"},{\"@type\":\"Person\",\"@id\":\"https:\\\/\\\/urbeamea.ro\\\/albaiulia\\\/#\\\/schema\\\/person\\\/9700d21fae21c4f038b0b56f4506264a\",\"name\":\"Cristina Ganga\",\"image\":{\"@type\":\"ImageObject\",\"inLanguage\":\"ro-RO\",\"@id\":\"https:\\\/\\\/secure.gravatar.com\\\/avatar\\\/5a67661041f057b4a8ccaf26f5a8e86e2689372006d01faf3dd9eeb10b654bb4?s=96&d=mm&r=g\",\"url\":\"https:\\\/\\\/secure.gravatar.com\\\/avatar\\\/5a67661041f057b4a8ccaf26f5a8e86e2689372006d01faf3dd9eeb10b654bb4?s=96&d=mm&r=g\",\"contentUrl\":\"https:\\\/\\\/secure.gravatar.com\\\/avatar\\\/5a67661041f057b4a8ccaf26f5a8e86e2689372006d01faf3dd9eeb10b654bb4?s=96&d=mm&r=g\",\"caption\":\"Cristina Ganga\"},\"description\":\"Jurnalist\",\"sameAs\":[\"https:\\\/\\\/www.facebook.com\\\/cristina.nicola.587\"],\"url\":\"https:\\\/\\\/urbeamea.ro\\\/albaiulia\\\/author\\\/cristina-nicola\\\/\"}]}<\/script>\n<!-- \/ Yoast SEO plugin. -->","yoast_head_json":{"title":"FOTO: 9 ofi\u0163eri \u015fi subofi\u0163eri, avansa\u0163i \u00een grad la Alba Iulia, de Ziua Jandarmeriei Rom\u00e2ne - Revista Urbea Mea - Revista de Alba","description":"Mar\u0163i, nou\u0103 cadre ale Inspectoratului de Jandarmi Jude\u021bean Alba au fost avansate \u00een gradul urm\u0103tor, \u00eenainte de \u00eendeplinirea stagiului minim \u00een grad, cu","robots":{"index":"index","follow":"follow","max-snippet":"max-snippet:-1","max-image-preview":"max-image-preview:large","max-video-preview":"max-video-preview:-1"},"canonical":"https:\/\/urbeamea.ro\/albaiulia\/foto-9-ofiteri-si-subofiteri-avansati-in-grad-la-alba-iulia-de-ziua-jandarmeriei-romane\/","twitter_card":"summary_large_image","twitter_title":"FOTO: 9 ofi\u0163eri \u015fi subofi\u0163eri, avansa\u0163i \u00een grad la Alba Iulia, de Ziua Jandarmeriei Rom\u00e2ne - Revista Urbea Mea - Revista de Alba","twitter_description":"Mar\u0163i, nou\u0103 cadre ale Inspectoratului de Jandarmi Jude\u021bean Alba au fost avansate \u00een gradul urm\u0103tor, \u00eenainte de \u00eendeplinirea stagiului minim \u00een grad, cu","twitter_image":"https:\/\/urbeamea.ro\/albaiulia\/wp-content\/uploads\/2018\/04\/DAP_0067.jpg","twitter_creator":"@urbeameaweb","twitter_site":"@urbeameaweb","schema":{"@context":"https:\/\/schema.org","@graph":[{"@type":"Article","@id":"https:\/\/urbeamea.ro\/albaiulia\/foto-9-ofiteri-si-subofiteri-avansati-in-grad-la-alba-iulia-de-ziua-jandarmeriei-romane\/#article","isPartOf":{"@id":"https:\/\/urbeamea.ro\/albaiulia\/foto-9-ofiteri-si-subofiteri-avansati-in-grad-la-alba-iulia-de-ziua-jandarmeriei-romane\/"},"author":{"name":"Cristina Ganga","@id":"https:\/\/urbeamea.ro\/albaiulia\/#\/schema\/person\/9700d21fae21c4f038b0b56f4506264a"},"headline":"FOTO: 9 ofi\u0163eri \u015fi subofi\u0163eri, avansa\u0163i \u00een grad la Alba Iulia, de Ziua Jandarmeriei Rom\u00e2ne","datePublished":"2018-04-03T12:30:33+00:00","mainEntityOfPage":{"@id":"https:\/\/urbeamea.ro\/albaiulia\/foto-9-ofiteri-si-subofiteri-avansati-in-grad-la-alba-iulia-de-ziua-jandarmeriei-romane\/"},"wordCount":387,"commentCount":0,"image":{"@id":"https:\/\/urbeamea.ro\/albaiulia\/foto-9-ofiteri-si-subofiteri-avansati-in-grad-la-alba-iulia-de-ziua-jandarmeriei-romane\/#primaryimage"},"thumbnailUrl":"https:\/\/urbeamea.ro\/albaiulia\/wp-content\/uploads\/2018\/04\/DAP_0067.jpg","keywords":["Alba Iulia","avandari in grad","ceremonie militara","ofiteri","piata cetatii","stiri","subofiteri","Urbea Mea","ziua jandarmeriei romane"],"articleSection":["Social"],"inLanguage":"ro-RO","potentialAction":[{"@type":"CommentAction","name":"Comment","target":["https:\/\/urbeamea.ro\/albaiulia\/foto-9-ofiteri-si-subofiteri-avansati-in-grad-la-alba-iulia-de-ziua-jandarmeriei-romane\/#respond"]}]},{"@type":"WebPage","@id":"https:\/\/urbeamea.ro\/albaiulia\/foto-9-ofiteri-si-subofiteri-avansati-in-grad-la-alba-iulia-de-ziua-jandarmeriei-romane\/","url":"https:\/\/urbeamea.ro\/albaiulia\/foto-9-ofiteri-si-subofiteri-avansati-in-grad-la-alba-iulia-de-ziua-jandarmeriei-romane\/","name":"FOTO: 9 ofi\u0163eri \u015fi subofi\u0163eri, avansa\u0163i \u00een grad la Alba Iulia, de Ziua Jandarmeriei Rom\u00e2ne - Revista Urbea Mea - Revista de Alba","isPartOf":{"@id":"https:\/\/urbeamea.ro\/albaiulia\/#website"},"primaryImageOfPage":{"@id":"https:\/\/urbeamea.ro\/albaiulia\/foto-9-ofiteri-si-subofiteri-avansati-in-grad-la-alba-iulia-de-ziua-jandarmeriei-romane\/#primaryimage"},"image":{"@id":"https:\/\/urbeamea.ro\/albaiulia\/foto-9-ofiteri-si-subofiteri-avansati-in-grad-la-alba-iulia-de-ziua-jandarmeriei-romane\/#primaryimage"},"thumbnailUrl":"https:\/\/urbeamea.ro\/albaiulia\/wp-content\/uploads\/2018\/04\/DAP_0067.jpg","datePublished":"2018-04-03T12:30:33+00:00","author":{"@id":"https:\/\/urbeamea.ro\/albaiulia\/#\/schema\/person\/9700d21fae21c4f038b0b56f4506264a"},"description":"Mar\u0163i, nou\u0103 cadre ale Inspectoratului de Jandarmi Jude\u021bean Alba au fost avansate \u00een gradul urm\u0103tor, \u00eenainte de \u00eendeplinirea stagiului minim \u00een grad, cu","breadcrumb":{"@id":"https:\/\/urbeamea.ro\/albaiulia\/foto-9-ofiteri-si-subofiteri-avansati-in-grad-la-alba-iulia-de-ziua-jandarmeriei-romane\/#breadcrumb"},"inLanguage":"ro-RO","potentialAction":[{"@type":"ReadAction","target":["https:\/\/urbeamea.ro\/albaiulia\/foto-9-ofiteri-si-subofiteri-avansati-in-grad-la-alba-iulia-de-ziua-jandarmeriei-romane\/"]}]},{"@type":"ImageObject","inLanguage":"ro-RO","@id":"https:\/\/urbeamea.ro\/albaiulia\/foto-9-ofiteri-si-subofiteri-avansati-in-grad-la-alba-iulia-de-ziua-jandarmeriei-romane\/#primaryimage","url":"https:\/\/urbeamea.ro\/albaiulia\/wp-content\/uploads\/2018\/04\/DAP_0067.jpg","contentUrl":"https:\/\/urbeamea.ro\/albaiulia\/wp-content\/uploads\/2018\/04\/DAP_0067.jpg","width":1024,"height":684},{"@type":"BreadcrumbList","@id":"https:\/\/urbeamea.ro\/albaiulia\/foto-9-ofiteri-si-subofiteri-avansati-in-grad-la-alba-iulia-de-ziua-jandarmeriei-romane\/#breadcrumb","itemListElement":[{"@type":"ListItem","position":1,"name":"Prima pagin\u0103","item":"https:\/\/urbeamea.ro\/albaiulia\/"},{"@type":"ListItem","position":2,"name":"FOTO: 9 ofi\u0163eri \u015fi subofi\u0163eri, avansa\u0163i \u00een grad la Alba Iulia, de Ziua Jandarmeriei Rom\u00e2ne"}]},{"@type":"WebSite","@id":"https:\/\/urbeamea.ro\/albaiulia\/#website","url":"https:\/\/urbeamea.ro\/albaiulia\/","name":"Revista Urbea Mea, Stiri urbane","description":"Evenimente \u0219i \u0219tiri din Alba Iulia, Sebe\u0219, Aiud, Blaj","potentialAction":[{"@type":"SearchAction","target":{"@type":"EntryPoint","urlTemplate":"https:\/\/urbeamea.ro\/albaiulia\/?s={search_term_string}"},"query-input":{"@type":"PropertyValueSpecification","valueRequired":true,"valueName":"search_term_string"}}],"inLanguage":"ro-RO"},{"@type":"Person","@id":"https:\/\/urbeamea.ro\/albaiulia\/#\/schema\/person\/9700d21fae21c4f038b0b56f4506264a","name":"Cristina Ganga","image":{"@type":"ImageObject","inLanguage":"ro-RO","@id":"https:\/\/secure.gravatar.com\/avatar\/5a67661041f057b4a8ccaf26f5a8e86e2689372006d01faf3dd9eeb10b654bb4?s=96&d=mm&r=g","url":"https:\/\/secure.gravatar.com\/avatar\/5a67661041f057b4a8ccaf26f5a8e86e2689372006d01faf3dd9eeb10b654bb4?s=96&d=mm&r=g","contentUrl":"https:\/\/secure.gravatar.com\/avatar\/5a67661041f057b4a8ccaf26f5a8e86e2689372006d01faf3dd9eeb10b654bb4?s=96&d=mm&r=g","caption":"Cristina Ganga"},"description":"Jurnalist","sameAs":["https:\/\/www.facebook.com\/cristina.nicola.587"],"url":"https:\/\/urbeamea.ro\/albaiulia\/author\/cristina-nicola\/"}]}},"_links":{"self":[{"href":"https:\/\/urbeamea.ro\/albaiulia\/wp-json\/wp\/v2\/posts\/61400","targetHints":{"allow":["GET"]}}],"collection":[{"href":"https:\/\/urbeamea.ro\/albaiulia\/wp-json\/wp\/v2\/posts"}],"about":[{"href":"https:\/\/urbeamea.ro\/albaiulia\/wp-json\/wp\/v2\/types\/post"}],"author":[{"embeddable":true,"href":"https:\/\/urbeamea.ro\/albaiulia\/wp-json\/wp\/v2\/users\/17"}],"replies":[{"embeddable":true,"href":"https:\/\/urbeamea.ro\/albaiulia\/wp-json\/wp\/v2\/comments?post=61400"}],"version-history":[{"count":0,"href":"https:\/\/urbeamea.ro\/albaiulia\/wp-json\/wp\/v2\/posts\/61400\/revisions"}],"wp:featuredmedia":[{"embeddable":true,"href":"https:\/\/urbeamea.ro\/albaiulia\/wp-json\/wp\/v2\/media\/61407"}],"wp:attachment":[{"href":"https:\/\/urbeamea.ro\/albaiulia\/wp-json\/wp\/v2\/media?parent=61400"}],"wp:term":[{"taxonomy":"category","embeddable":true,"href":"https:\/\/urbeamea.ro\/albaiulia\/wp-json\/wp\/v2\/categories?post=61400"},{"taxonomy":"post_tag","embeddable":true,"href":"https:\/\/urbeamea.ro\/albaiulia\/wp-json\/wp\/v2\/tags?post=61400"}],"curies":[{"name":"wp","href":"https:\/\/api.w.org\/{rel}","templated":true}]}}