{"id":61571,"date":"2018-04-10T10:40:15","date_gmt":"2018-04-10T07:40:15","guid":{"rendered":"https:\/\/urbeamea.ro\/albaiulia\/?p=61571"},"modified":"2018-04-10T10:40:15","modified_gmt":"2018-04-10T07:40:15","slug":"11-13-aprilie-a-5a-editie-a-conferintelor-bookland-evolution-isi-redeschide-portile-pentru-tinerii-din-alba-iulia-la-universitatea-1-decembrie-1918","status":"publish","type":"post","link":"https:\/\/urbeamea.ro\/albaiulia\/11-13-aprilie-a-5a-editie-a-conferintelor-bookland-evolution-isi-redeschide-portile-pentru-tinerii-din-alba-iulia-la-universitatea-1-decembrie-1918\/","title":{"rendered":"11-13 Aprilie: A 5a edi\u0163ie a Conferin\u021belor BookLand Evolution \u00ee\u015fi redeschide por\u0163ile pentru tinerii din Alba Iulia\u00a0la\u00a0Universitatea &#8222;1 Decembrie 1918&#8221;"},"content":{"rendered":"<p>Viitorul Rom\u00e2niei st\u0103 \u00een m\u00e2inile tinerilor de azi.\u00a0Cine le insufl\u0103 tinerilor dorin\u0163a de a \u201aface ceva\u2019 cu via\u0163a lor? Cine le asigur\u0103 acele momente revelatorii, care le ghideaz\u0103 apoi pa\u015fii \u00eenspre obiectivele personale \u015fi profesionale care li se \u201apotrivesc\u2019 cu adev\u0103rat? R\u0103spunsurile vin \u00een aceast\u0103 ordine: familia, prietenii, \u015fcoala, mass media.<\/p>\n<p>\u020ans\u0103 oare e suficient s\u0103 fii ancorat\/\u0103 \u00een cele \u201a4 cercuri\u2019? Cum ar fi s\u0103 prime\u015fti nemijlocit sfatul (\u015fi poate chiar mentoratul) unui om de succes, pe care-l admiri, dar pe care nu ai avut \u00eenc\u0103 \u015fansa s\u0103-l \u00eent\u00e2lne\u015fti fa\u0163\u0103 \u00een fa\u0163\u0103?<\/p>\n<p>Cu aceast\u0103 \u201aofert\u0103\u2019 vin Conferin\u021bele BookLand Evolution, care str\u0103bat anual 23 ora\u015fe, reunind tinerii \u015fi personalit\u0103\u0163ile marcante, care-i \u00eencurajeaz\u0103 &amp; motiveaz\u0103 prin exemplu personal s\u0103 fac\u0103 alegerile potrivite \u00een via\u0163\u0103, povestindu-le despre provoc\u0103rile care-i a\u015fteapt\u0103 dar care nu trebuie s\u0103-i opreasc\u0103 din a-\u015fi urma voca\u0163ia!<\/p>\n<p>Cel mai amplu proiect educa\u0163ional, prin cele ~115 zile de conferin\u0163\u0103, ofer\u0103 liceenilor \u015fi studen\u0163ilor o oportunitate excelent\u0103 de dezvoltare prin discu\u0163ii libere, bazate pe experien\u0163\u0103 personal\u0103 \u015fi interac\u0163iune direct\u0103 cu profesioni\u015fti consacra\u0163i.<\/p>\n<p>A 5a edi\u0163ie a Conferin\u021belor BookLand Evolution \u00ee\u015fi redeschide por\u0163ile pentru tinerii din Alba Iulia\u00a0la\u00a0Universitatea &#8222;1 Decembrie 1918&#8221; (Str. Unirii nr. 15-17), de miercuri p\u00e2n\u0103 vineri (11-13 Aprilie\u201918), \u00een intervalul orar 14:00\u201316:00, respectiv \u00een zilele de 11 si 12 aprilie (miercuri \u0219i joi) conferin\u021bele au loc \u00een Amfiteatrul A9 (Aula Magna) iar \u00een ziua de 13 aprilie (vineri) \u00een Amfiteatrul A6 (Cl\u0103direa Central\u0103 a Universit\u0103\u021bii).<\/p>\n<p>Vor urca pe scen\u0103 9 personalit\u0103\u021bi preg\u0103tite s\u0103 raspund\u0103 la toate \u00eentreb\u0103rile:<\/p>\n<p>Adrian Butuc, Ciprian Cucu, Andreea Bogdan, Iudita Mari\u0219, Ioana Sasu, Florin Sebastian Badale, Carmen Pauleti, Sebastian B\u0103e\u0219an \u0219i Silvian St\u00e2ncel.<\/p>\n<p>Moderatorul acestei edi\u021bii este Andreea Bogdan.<\/p>\n<p>Intrarea este LIBER\u0102!<\/p>\n<p>BookLand a luat na\u0219tere \u00een 2011 ca prim t\u00e2rg urban de carte la mall. S-a dezvoltat rapid \u00eentr-o caravan\u0103 na\u021bional\u0103, vizit\u00e2nd timp de trei ani peste 40 ora\u015fe.<\/p>\n<p>Libr\u0103ria online www.book-land.ro \u015fi Tab\u0103ra Cooltural\u0103 BookLand au devenit extensii naturale ale brandului iar seria de Conferin\u021be BookLand Evolution al\u0103turi de platforma www.inPractic\u0103.ro \u00eei completeaz\u0103 abordarea social-educa\u021bional\u0103 asumat\u0103.<\/p>\n","protected":false},"excerpt":{"rendered":"<p>Viitorul Rom\u00e2niei st\u0103 \u00een m\u00e2inile tinerilor de azi.\u00a0Cine le insufl\u0103 tinerilor dorin\u0163a de a \u201aface ceva\u2019 cu via\u0163a lor? Cine le asigur\u0103 acele momente revelatorii, care le ghideaz\u0103 apoi pa\u015fii \u00eenspre obiectivele personale \u015fi profesionale care li se \u201apotrivesc\u2019 cu adev\u0103rat? R\u0103spunsurile vin \u00een aceast\u0103 ordine: familia, prietenii, \u015fcoala, mass media. \u020ans\u0103 oare e suficient &hellip;<\/p>\n","protected":false},"author":23,"featured_media":61572,"comment_status":"open","ping_status":"open","sticky":false,"template":"","format":"standard","meta":{"inline_featured_image":false,"footnotes":""},"categories":[4],"tags":[4150,14903,14904,14905,14907,14906,1907,336,76,189,14080],"class_list":["post-61571","post","type-post","status-publish","format-standard","has-post-thumbnail","hentry","category-eveniment","tag-bookland","tag-conferintele","tag-evolution","tag-familia","tag-mass-media","tag-prietenii","tag-scoala","tag-tineri","tag-urbea-mea","tag-urbeamea","tag-urbeamea-ro"],"yoast_head":"<!-- This site is optimized with the Yoast SEO plugin v28.3 - https:\/\/yoast.com\/product\/yoast-seo-wordpress\/ -->\n<title>11-13 Aprilie: A 5a edi\u0163ie a Conferin\u021belor BookLand Evolution \u00ee\u015fi redeschide por\u0163ile pentru tinerii din Alba Iulia\u00a0la\u00a0Universitatea &quot;1 Decembrie 1918&quot; - Revista Urbea Mea - Revista de Alba<\/title>\n<meta name=\"description\" content=\"Viitorul Rom\u00e2niei st\u0103 \u00een m\u00e2inile tinerilor de azi.\u00a0Cine le insufl\u0103 tinerilor dorin\u0163a de a \u201aface ceva\u2019 cu via\u0163a lor? Cine le asigur\u0103 acele momente\" \/>\n<meta name=\"robots\" content=\"index, follow, max-snippet:-1, max-image-preview:large, max-video-preview:-1\" \/>\n<link rel=\"canonical\" href=\"https:\/\/urbeamea.ro\/albaiulia\/11-13-aprilie-a-5a-editie-a-conferintelor-bookland-evolution-isi-redeschide-portile-pentru-tinerii-din-alba-iulia-la-universitatea-1-decembrie-1918\/\" \/>\n<meta name=\"twitter:card\" content=\"summary_large_image\" \/>\n<meta name=\"twitter:title\" content=\"11-13 Aprilie: A 5a edi\u0163ie a Conferin\u021belor BookLand Evolution \u00ee\u015fi redeschide por\u0163ile pentru tinerii din Alba Iulia\u00a0la\u00a0Universitatea &quot;1 Decembrie 1918&quot; - Revista Urbea Mea - Revista de Alba\" \/>\n<meta name=\"twitter:description\" content=\"Viitorul Rom\u00e2niei st\u0103 \u00een m\u00e2inile tinerilor de azi.\u00a0Cine le insufl\u0103 tinerilor dorin\u0163a de a \u201aface ceva\u2019 cu via\u0163a lor? Cine le asigur\u0103 acele momente\" \/>\n<meta name=\"twitter:image\" content=\"https:\/\/urbeamea.ro\/albaiulia\/wp-content\/uploads\/2018\/04\/BookLand_Alba_Iulia_2.jpg\" \/>\n<meta name=\"twitter:creator\" content=\"@urbeameaweb\" \/>\n<meta name=\"twitter:site\" content=\"@urbeameaweb\" \/>\n<script type=\"application\/ld+json\" class=\"yoast-schema-graph\">{\"@context\":\"https:\\\/\\\/schema.org\",\"@graph\":[{\"@type\":\"Article\",\"@id\":\"https:\\\/\\\/urbeamea.ro\\\/albaiulia\\\/11-13-aprilie-a-5a-editie-a-conferintelor-bookland-evolution-isi-redeschide-portile-pentru-tinerii-din-alba-iulia-la-universitatea-1-decembrie-1918\\\/#article\",\"isPartOf\":{\"@id\":\"https:\\\/\\\/urbeamea.ro\\\/albaiulia\\\/11-13-aprilie-a-5a-editie-a-conferintelor-bookland-evolution-isi-redeschide-portile-pentru-tinerii-din-alba-iulia-la-universitatea-1-decembrie-1918\\\/\"},\"author\":{\"name\":\"Marius Paul\",\"@id\":\"https:\\\/\\\/urbeamea.ro\\\/albaiulia\\\/#\\\/schema\\\/person\\\/ec9394980660920fa50ec4d870f87958\"},\"headline\":\"11-13 Aprilie: A 5a edi\u0163ie a Conferin\u021belor BookLand Evolution \u00ee\u015fi redeschide por\u0163ile pentru tinerii din Alba Iulia\u00a0la\u00a0Universitatea &#8222;1 Decembrie 1918&#8221;\",\"datePublished\":\"2018-04-10T07:40:15+00:00\",\"mainEntityOfPage\":{\"@id\":\"https:\\\/\\\/urbeamea.ro\\\/albaiulia\\\/11-13-aprilie-a-5a-editie-a-conferintelor-bookland-evolution-isi-redeschide-portile-pentru-tinerii-din-alba-iulia-la-universitatea-1-decembrie-1918\\\/\"},\"wordCount\":401,\"commentCount\":0,\"image\":{\"@id\":\"https:\\\/\\\/urbeamea.ro\\\/albaiulia\\\/11-13-aprilie-a-5a-editie-a-conferintelor-bookland-evolution-isi-redeschide-portile-pentru-tinerii-din-alba-iulia-la-universitatea-1-decembrie-1918\\\/#primaryimage\"},\"thumbnailUrl\":\"https:\\\/\\\/urbeamea.ro\\\/albaiulia\\\/wp-content\\\/uploads\\\/2018\\\/04\\\/BookLand_Alba_Iulia_2.jpg\",\"keywords\":[\"bookland\",\"conferintele\",\"evolution\",\"familia\",\"mass media\",\"prietenii\",\"scoala\",\"tineri\",\"Urbea Mea\",\"urbeamea\",\"urbeamea.ro\"],\"articleSection\":[\"Evenimente\"],\"inLanguage\":\"ro-RO\",\"potentialAction\":[{\"@type\":\"CommentAction\",\"name\":\"Comment\",\"target\":[\"https:\\\/\\\/urbeamea.ro\\\/albaiulia\\\/11-13-aprilie-a-5a-editie-a-conferintelor-bookland-evolution-isi-redeschide-portile-pentru-tinerii-din-alba-iulia-la-universitatea-1-decembrie-1918\\\/#respond\"]}]},{\"@type\":\"WebPage\",\"@id\":\"https:\\\/\\\/urbeamea.ro\\\/albaiulia\\\/11-13-aprilie-a-5a-editie-a-conferintelor-bookland-evolution-isi-redeschide-portile-pentru-tinerii-din-alba-iulia-la-universitatea-1-decembrie-1918\\\/\",\"url\":\"https:\\\/\\\/urbeamea.ro\\\/albaiulia\\\/11-13-aprilie-a-5a-editie-a-conferintelor-bookland-evolution-isi-redeschide-portile-pentru-tinerii-din-alba-iulia-la-universitatea-1-decembrie-1918\\\/\",\"name\":\"11-13 Aprilie: A 5a edi\u0163ie a Conferin\u021belor BookLand Evolution \u00ee\u015fi redeschide por\u0163ile pentru tinerii din Alba Iulia\u00a0la\u00a0Universitatea \\\"1 Decembrie 1918\\\" - Revista Urbea Mea - Revista de Alba\",\"isPartOf\":{\"@id\":\"https:\\\/\\\/urbeamea.ro\\\/albaiulia\\\/#website\"},\"primaryImageOfPage\":{\"@id\":\"https:\\\/\\\/urbeamea.ro\\\/albaiulia\\\/11-13-aprilie-a-5a-editie-a-conferintelor-bookland-evolution-isi-redeschide-portile-pentru-tinerii-din-alba-iulia-la-universitatea-1-decembrie-1918\\\/#primaryimage\"},\"image\":{\"@id\":\"https:\\\/\\\/urbeamea.ro\\\/albaiulia\\\/11-13-aprilie-a-5a-editie-a-conferintelor-bookland-evolution-isi-redeschide-portile-pentru-tinerii-din-alba-iulia-la-universitatea-1-decembrie-1918\\\/#primaryimage\"},\"thumbnailUrl\":\"https:\\\/\\\/urbeamea.ro\\\/albaiulia\\\/wp-content\\\/uploads\\\/2018\\\/04\\\/BookLand_Alba_Iulia_2.jpg\",\"datePublished\":\"2018-04-10T07:40:15+00:00\",\"author\":{\"@id\":\"https:\\\/\\\/urbeamea.ro\\\/albaiulia\\\/#\\\/schema\\\/person\\\/ec9394980660920fa50ec4d870f87958\"},\"description\":\"Viitorul Rom\u00e2niei st\u0103 \u00een m\u00e2inile tinerilor de azi.\u00a0Cine le insufl\u0103 tinerilor dorin\u0163a de a \u201aface ceva\u2019 cu via\u0163a lor? Cine le asigur\u0103 acele momente\",\"breadcrumb\":{\"@id\":\"https:\\\/\\\/urbeamea.ro\\\/albaiulia\\\/11-13-aprilie-a-5a-editie-a-conferintelor-bookland-evolution-isi-redeschide-portile-pentru-tinerii-din-alba-iulia-la-universitatea-1-decembrie-1918\\\/#breadcrumb\"},\"inLanguage\":\"ro-RO\",\"potentialAction\":[{\"@type\":\"ReadAction\",\"target\":[\"https:\\\/\\\/urbeamea.ro\\\/albaiulia\\\/11-13-aprilie-a-5a-editie-a-conferintelor-bookland-evolution-isi-redeschide-portile-pentru-tinerii-din-alba-iulia-la-universitatea-1-decembrie-1918\\\/\"]}]},{\"@type\":\"ImageObject\",\"inLanguage\":\"ro-RO\",\"@id\":\"https:\\\/\\\/urbeamea.ro\\\/albaiulia\\\/11-13-aprilie-a-5a-editie-a-conferintelor-bookland-evolution-isi-redeschide-portile-pentru-tinerii-din-alba-iulia-la-universitatea-1-decembrie-1918\\\/#primaryimage\",\"url\":\"https:\\\/\\\/urbeamea.ro\\\/albaiulia\\\/wp-content\\\/uploads\\\/2018\\\/04\\\/BookLand_Alba_Iulia_2.jpg\",\"contentUrl\":\"https:\\\/\\\/urbeamea.ro\\\/albaiulia\\\/wp-content\\\/uploads\\\/2018\\\/04\\\/BookLand_Alba_Iulia_2.jpg\",\"width\":960,\"height\":638},{\"@type\":\"BreadcrumbList\",\"@id\":\"https:\\\/\\\/urbeamea.ro\\\/albaiulia\\\/11-13-aprilie-a-5a-editie-a-conferintelor-bookland-evolution-isi-redeschide-portile-pentru-tinerii-din-alba-iulia-la-universitatea-1-decembrie-1918\\\/#breadcrumb\",\"itemListElement\":[{\"@type\":\"ListItem\",\"position\":1,\"name\":\"Prima pagin\u0103\",\"item\":\"https:\\\/\\\/urbeamea.ro\\\/albaiulia\\\/\"},{\"@type\":\"ListItem\",\"position\":2,\"name\":\"11-13 Aprilie: A 5a edi\u0163ie a Conferin\u021belor BookLand Evolution \u00ee\u015fi redeschide por\u0163ile pentru tinerii din Alba Iulia\u00a0la\u00a0Universitatea &#8222;1 Decembrie 1918&#8221;\"}]},{\"@type\":\"WebSite\",\"@id\":\"https:\\\/\\\/urbeamea.ro\\\/albaiulia\\\/#website\",\"url\":\"https:\\\/\\\/urbeamea.ro\\\/albaiulia\\\/\",\"name\":\"Revista Urbea Mea, Stiri urbane\",\"description\":\"Evenimente \u0219i \u0219tiri din Alba Iulia, Sebe\u0219, Aiud, Blaj\",\"potentialAction\":[{\"@type\":\"SearchAction\",\"target\":{\"@type\":\"EntryPoint\",\"urlTemplate\":\"https:\\\/\\\/urbeamea.ro\\\/albaiulia\\\/?s={search_term_string}\"},\"query-input\":{\"@type\":\"PropertyValueSpecification\",\"valueRequired\":true,\"valueName\":\"search_term_string\"}}],\"inLanguage\":\"ro-RO\"},{\"@type\":\"Person\",\"@id\":\"https:\\\/\\\/urbeamea.ro\\\/albaiulia\\\/#\\\/schema\\\/person\\\/ec9394980660920fa50ec4d870f87958\",\"name\":\"Marius Paul\",\"image\":{\"@type\":\"ImageObject\",\"inLanguage\":\"ro-RO\",\"@id\":\"https:\\\/\\\/secure.gravatar.com\\\/avatar\\\/0c0ce50b62e00a6dd3fbf00acf9ceafab452285a1fccb0ac294255e8c41499b0?s=96&d=mm&r=g\",\"url\":\"https:\\\/\\\/secure.gravatar.com\\\/avatar\\\/0c0ce50b62e00a6dd3fbf00acf9ceafab452285a1fccb0ac294255e8c41499b0?s=96&d=mm&r=g\",\"contentUrl\":\"https:\\\/\\\/secure.gravatar.com\\\/avatar\\\/0c0ce50b62e00a6dd3fbf00acf9ceafab452285a1fccb0ac294255e8c41499b0?s=96&d=mm&r=g\",\"caption\":\"Marius Paul\"},\"url\":\"https:\\\/\\\/urbeamea.ro\\\/albaiulia\\\/author\\\/marius-paul\\\/\"}]}<\/script>\n<!-- \/ Yoast SEO plugin. -->","yoast_head_json":{"title":"11-13 Aprilie: A 5a edi\u0163ie a Conferin\u021belor BookLand Evolution \u00ee\u015fi redeschide por\u0163ile pentru tinerii din Alba Iulia\u00a0la\u00a0Universitatea \"1 Decembrie 1918\" - Revista Urbea Mea - Revista de Alba","description":"Viitorul Rom\u00e2niei st\u0103 \u00een m\u00e2inile tinerilor de azi.\u00a0Cine le insufl\u0103 tinerilor dorin\u0163a de a \u201aface ceva\u2019 cu via\u0163a lor? Cine le asigur\u0103 acele momente","robots":{"index":"index","follow":"follow","max-snippet":"max-snippet:-1","max-image-preview":"max-image-preview:large","max-video-preview":"max-video-preview:-1"},"canonical":"https:\/\/urbeamea.ro\/albaiulia\/11-13-aprilie-a-5a-editie-a-conferintelor-bookland-evolution-isi-redeschide-portile-pentru-tinerii-din-alba-iulia-la-universitatea-1-decembrie-1918\/","twitter_card":"summary_large_image","twitter_title":"11-13 Aprilie: A 5a edi\u0163ie a Conferin\u021belor BookLand Evolution \u00ee\u015fi redeschide por\u0163ile pentru tinerii din Alba Iulia\u00a0la\u00a0Universitatea \"1 Decembrie 1918\" - Revista Urbea Mea - Revista de Alba","twitter_description":"Viitorul Rom\u00e2niei st\u0103 \u00een m\u00e2inile tinerilor de azi.\u00a0Cine le insufl\u0103 tinerilor dorin\u0163a de a \u201aface ceva\u2019 cu via\u0163a lor? Cine le asigur\u0103 acele momente","twitter_image":"https:\/\/urbeamea.ro\/albaiulia\/wp-content\/uploads\/2018\/04\/BookLand_Alba_Iulia_2.jpg","twitter_creator":"@urbeameaweb","twitter_site":"@urbeameaweb","schema":{"@context":"https:\/\/schema.org","@graph":[{"@type":"Article","@id":"https:\/\/urbeamea.ro\/albaiulia\/11-13-aprilie-a-5a-editie-a-conferintelor-bookland-evolution-isi-redeschide-portile-pentru-tinerii-din-alba-iulia-la-universitatea-1-decembrie-1918\/#article","isPartOf":{"@id":"https:\/\/urbeamea.ro\/albaiulia\/11-13-aprilie-a-5a-editie-a-conferintelor-bookland-evolution-isi-redeschide-portile-pentru-tinerii-din-alba-iulia-la-universitatea-1-decembrie-1918\/"},"author":{"name":"Marius Paul","@id":"https:\/\/urbeamea.ro\/albaiulia\/#\/schema\/person\/ec9394980660920fa50ec4d870f87958"},"headline":"11-13 Aprilie: A 5a edi\u0163ie a Conferin\u021belor BookLand Evolution \u00ee\u015fi redeschide por\u0163ile pentru tinerii din Alba Iulia\u00a0la\u00a0Universitatea &#8222;1 Decembrie 1918&#8221;","datePublished":"2018-04-10T07:40:15+00:00","mainEntityOfPage":{"@id":"https:\/\/urbeamea.ro\/albaiulia\/11-13-aprilie-a-5a-editie-a-conferintelor-bookland-evolution-isi-redeschide-portile-pentru-tinerii-din-alba-iulia-la-universitatea-1-decembrie-1918\/"},"wordCount":401,"commentCount":0,"image":{"@id":"https:\/\/urbeamea.ro\/albaiulia\/11-13-aprilie-a-5a-editie-a-conferintelor-bookland-evolution-isi-redeschide-portile-pentru-tinerii-din-alba-iulia-la-universitatea-1-decembrie-1918\/#primaryimage"},"thumbnailUrl":"https:\/\/urbeamea.ro\/albaiulia\/wp-content\/uploads\/2018\/04\/BookLand_Alba_Iulia_2.jpg","keywords":["bookland","conferintele","evolution","familia","mass media","prietenii","scoala","tineri","Urbea Mea","urbeamea","urbeamea.ro"],"articleSection":["Evenimente"],"inLanguage":"ro-RO","potentialAction":[{"@type":"CommentAction","name":"Comment","target":["https:\/\/urbeamea.ro\/albaiulia\/11-13-aprilie-a-5a-editie-a-conferintelor-bookland-evolution-isi-redeschide-portile-pentru-tinerii-din-alba-iulia-la-universitatea-1-decembrie-1918\/#respond"]}]},{"@type":"WebPage","@id":"https:\/\/urbeamea.ro\/albaiulia\/11-13-aprilie-a-5a-editie-a-conferintelor-bookland-evolution-isi-redeschide-portile-pentru-tinerii-din-alba-iulia-la-universitatea-1-decembrie-1918\/","url":"https:\/\/urbeamea.ro\/albaiulia\/11-13-aprilie-a-5a-editie-a-conferintelor-bookland-evolution-isi-redeschide-portile-pentru-tinerii-din-alba-iulia-la-universitatea-1-decembrie-1918\/","name":"11-13 Aprilie: A 5a edi\u0163ie a Conferin\u021belor BookLand Evolution \u00ee\u015fi redeschide por\u0163ile pentru tinerii din Alba Iulia\u00a0la\u00a0Universitatea \"1 Decembrie 1918\" - Revista Urbea Mea - Revista de Alba","isPartOf":{"@id":"https:\/\/urbeamea.ro\/albaiulia\/#website"},"primaryImageOfPage":{"@id":"https:\/\/urbeamea.ro\/albaiulia\/11-13-aprilie-a-5a-editie-a-conferintelor-bookland-evolution-isi-redeschide-portile-pentru-tinerii-din-alba-iulia-la-universitatea-1-decembrie-1918\/#primaryimage"},"image":{"@id":"https:\/\/urbeamea.ro\/albaiulia\/11-13-aprilie-a-5a-editie-a-conferintelor-bookland-evolution-isi-redeschide-portile-pentru-tinerii-din-alba-iulia-la-universitatea-1-decembrie-1918\/#primaryimage"},"thumbnailUrl":"https:\/\/urbeamea.ro\/albaiulia\/wp-content\/uploads\/2018\/04\/BookLand_Alba_Iulia_2.jpg","datePublished":"2018-04-10T07:40:15+00:00","author":{"@id":"https:\/\/urbeamea.ro\/albaiulia\/#\/schema\/person\/ec9394980660920fa50ec4d870f87958"},"description":"Viitorul Rom\u00e2niei st\u0103 \u00een m\u00e2inile tinerilor de azi.\u00a0Cine le insufl\u0103 tinerilor dorin\u0163a de a \u201aface ceva\u2019 cu via\u0163a lor? Cine le asigur\u0103 acele momente","breadcrumb":{"@id":"https:\/\/urbeamea.ro\/albaiulia\/11-13-aprilie-a-5a-editie-a-conferintelor-bookland-evolution-isi-redeschide-portile-pentru-tinerii-din-alba-iulia-la-universitatea-1-decembrie-1918\/#breadcrumb"},"inLanguage":"ro-RO","potentialAction":[{"@type":"ReadAction","target":["https:\/\/urbeamea.ro\/albaiulia\/11-13-aprilie-a-5a-editie-a-conferintelor-bookland-evolution-isi-redeschide-portile-pentru-tinerii-din-alba-iulia-la-universitatea-1-decembrie-1918\/"]}]},{"@type":"ImageObject","inLanguage":"ro-RO","@id":"https:\/\/urbeamea.ro\/albaiulia\/11-13-aprilie-a-5a-editie-a-conferintelor-bookland-evolution-isi-redeschide-portile-pentru-tinerii-din-alba-iulia-la-universitatea-1-decembrie-1918\/#primaryimage","url":"https:\/\/urbeamea.ro\/albaiulia\/wp-content\/uploads\/2018\/04\/BookLand_Alba_Iulia_2.jpg","contentUrl":"https:\/\/urbeamea.ro\/albaiulia\/wp-content\/uploads\/2018\/04\/BookLand_Alba_Iulia_2.jpg","width":960,"height":638},{"@type":"BreadcrumbList","@id":"https:\/\/urbeamea.ro\/albaiulia\/11-13-aprilie-a-5a-editie-a-conferintelor-bookland-evolution-isi-redeschide-portile-pentru-tinerii-din-alba-iulia-la-universitatea-1-decembrie-1918\/#breadcrumb","itemListElement":[{"@type":"ListItem","position":1,"name":"Prima pagin\u0103","item":"https:\/\/urbeamea.ro\/albaiulia\/"},{"@type":"ListItem","position":2,"name":"11-13 Aprilie: A 5a edi\u0163ie a Conferin\u021belor BookLand Evolution \u00ee\u015fi redeschide por\u0163ile pentru tinerii din Alba Iulia\u00a0la\u00a0Universitatea &#8222;1 Decembrie 1918&#8221;"}]},{"@type":"WebSite","@id":"https:\/\/urbeamea.ro\/albaiulia\/#website","url":"https:\/\/urbeamea.ro\/albaiulia\/","name":"Revista Urbea Mea, Stiri urbane","description":"Evenimente \u0219i \u0219tiri din Alba Iulia, Sebe\u0219, Aiud, Blaj","potentialAction":[{"@type":"SearchAction","target":{"@type":"EntryPoint","urlTemplate":"https:\/\/urbeamea.ro\/albaiulia\/?s={search_term_string}"},"query-input":{"@type":"PropertyValueSpecification","valueRequired":true,"valueName":"search_term_string"}}],"inLanguage":"ro-RO"},{"@type":"Person","@id":"https:\/\/urbeamea.ro\/albaiulia\/#\/schema\/person\/ec9394980660920fa50ec4d870f87958","name":"Marius Paul","image":{"@type":"ImageObject","inLanguage":"ro-RO","@id":"https:\/\/secure.gravatar.com\/avatar\/0c0ce50b62e00a6dd3fbf00acf9ceafab452285a1fccb0ac294255e8c41499b0?s=96&d=mm&r=g","url":"https:\/\/secure.gravatar.com\/avatar\/0c0ce50b62e00a6dd3fbf00acf9ceafab452285a1fccb0ac294255e8c41499b0?s=96&d=mm&r=g","contentUrl":"https:\/\/secure.gravatar.com\/avatar\/0c0ce50b62e00a6dd3fbf00acf9ceafab452285a1fccb0ac294255e8c41499b0?s=96&d=mm&r=g","caption":"Marius Paul"},"url":"https:\/\/urbeamea.ro\/albaiulia\/author\/marius-paul\/"}]}},"_links":{"self":[{"href":"https:\/\/urbeamea.ro\/albaiulia\/wp-json\/wp\/v2\/posts\/61571","targetHints":{"allow":["GET"]}}],"collection":[{"href":"https:\/\/urbeamea.ro\/albaiulia\/wp-json\/wp\/v2\/posts"}],"about":[{"href":"https:\/\/urbeamea.ro\/albaiulia\/wp-json\/wp\/v2\/types\/post"}],"author":[{"embeddable":true,"href":"https:\/\/urbeamea.ro\/albaiulia\/wp-json\/wp\/v2\/users\/23"}],"replies":[{"embeddable":true,"href":"https:\/\/urbeamea.ro\/albaiulia\/wp-json\/wp\/v2\/comments?post=61571"}],"version-history":[{"count":0,"href":"https:\/\/urbeamea.ro\/albaiulia\/wp-json\/wp\/v2\/posts\/61571\/revisions"}],"wp:featuredmedia":[{"embeddable":true,"href":"https:\/\/urbeamea.ro\/albaiulia\/wp-json\/wp\/v2\/media\/61572"}],"wp:attachment":[{"href":"https:\/\/urbeamea.ro\/albaiulia\/wp-json\/wp\/v2\/media?parent=61571"}],"wp:term":[{"taxonomy":"category","embeddable":true,"href":"https:\/\/urbeamea.ro\/albaiulia\/wp-json\/wp\/v2\/categories?post=61571"},{"taxonomy":"post_tag","embeddable":true,"href":"https:\/\/urbeamea.ro\/albaiulia\/wp-json\/wp\/v2\/tags?post=61571"}],"curies":[{"name":"wp","href":"https:\/\/api.w.org\/{rel}","templated":true}]}}