{"id":61578,"date":"2018-04-10T21:47:14","date_gmt":"2018-04-10T18:47:14","guid":{"rendered":"https:\/\/urbeamea.ro\/albaiulia\/?p=61578"},"modified":"2018-04-10T21:47:14","modified_gmt":"2018-04-10T18:47:14","slug":"primarul-sebesului-dorin-nistor-aduce-in-visteria-orasului-pentru-educatie-inca-3-229-37705-lei-fonduri-europene-nerambursabile","status":"publish","type":"post","link":"https:\/\/urbeamea.ro\/albaiulia\/primarul-sebesului-dorin-nistor-aduce-in-visteria-orasului-pentru-educatie-inca-3-229-37705-lei-fonduri-europene-nerambursabile\/","title":{"rendered":"Primarul Sebe\u0219ului, Dorin Nistor, aduce \u00een visteria ora\u0219ului, pentru educa\u021bie, \u00eenc\u0103 3.229.377,05 lei \u2013 fonduri europene nerambursabile"},"content":{"rendered":"<p style=\"font-weight: 400;\"><strong>Primarul Municipiului Sebe\u0219, Dorin Nistor, a semnat mar\u0163i, 10 aprilie, la sediul Ministerului Fondurilor Europene din Bucure\u0219ti, un contract de finan\u021bare nerambursabil\u0103 \u00een valoare de 3.229.377,05 lei, pentru proiectul &#8222;Parteneriat pentru acces egal la educa\u021bie&#8221;, ID: 107777, Cod apel: POCU\/74\/6\/18\/18\/Opera\u021biune compozit\u0103 OS. 6.2, 6.3, 6.4, 6.6.<\/strong><\/p>\n<p style=\"font-weight: 400;\">Obiectivul general al proiectului urm\u0103re\u0219te \u00eembun\u0103t\u0103\u021birea particip\u0103rii \u0219i performan\u021belor \u0219colare, atragerea \u0219i men\u021binerea copiilor \u00een procesul educa\u021bional, transformarea mediului \u0219colar \u00eentr-unul prietenos \u015fi apropiat, \u00eembun\u0103t\u0103\u021birea competen\u021belor cadrelor didactice prin facilitarea accesului la servicii integrate.<\/p>\n<p style=\"font-weight: 400;\">Activit\u0103\u0163ile finan\u0163ate \u00een cadrul proiectului se vor derula pe o perioad\u0103 de 36 de luni \u0219i vizeaz\u0103: servicii \u015fi programe educa\u021bionale destinate prevenirii \u0219i reducerii p\u0103r\u0103sirii timpurii a \u0219colii; facilitarea accesului la servicii educa\u021bionale \u00een concordan\u021b\u0103 cu nevoile grupului \u021bint\u0103; diversificarea serviciilor educa\u021bionale oferite grupului \u021bint\u0103; sprijin pentru dezvoltarea capacit\u0103\u021bii profesionale a cadrelor didactice.<\/p>\n<p style=\"font-weight: 400;\">\u00cen cadrul activit\u0103\u021bilor sunt propuse o serie de subactivit\u0103\u021bi, precum:\u00a0Programul &#8222;Gr\u0103dini\u021ba prietenoas\u0103&#8221;,Programul &#8222;\u0218coal\u0103 dup\u0103 \u0219coal\u0103&#8221;,\u00a0Activit\u0103\u021bi preg\u0103titoare, educative \u0219i de orientare, pentru copii care urmeaz\u0103 s\u0103 intre \u00eentr-un alt ciclu \u0219colar, \u00cenfiin\u021barea Centrului de resurse pentru educa\u021bia inclusive \u0219i dezvoltare psiho-social\u0103 Sebe\u0219,\u00a0etc.<\/p>\n<p style=\"font-weight: 400;\">Printre rezultatele a\u0219teptate \u00een cadrul proiectului se num\u0103r\u0103: 110 copii cu v\u00e2rst\u0103 cuprins\u0103 \u00eentre 2-5 ani selecta\u021bi \u0219i \u00eenregistra\u021bi \u00een grupul \u021bint\u0103; elaborarea unui ghid de bune practici de activit\u0103\u021bi preg\u0103titoare, educative \u0219i de orientare pentru copiii care urmeaz\u0103 s\u0103 intre \u00eentr-un alt ciclu \u0219colar; 60 de elevi \u00eenscri\u0219i \u00een \u00eenv\u0103\u021b\u0103m\u00e2nt participan\u021bi la Programul \u0218coal\u0103 dup\u0103 \u0219coal\u0103, 10 luni\/an, 21 zile\/lun\u0103 -3 ani vor primi pachet nutritional\/catering; 120 de copii din \u00eenv\u0103\u021b\u0103m\u00e2ntul ante-pre\u0219colar \u0219i pre\u0219colar evalua\u021bi \u0219i sprijini\u021bi \u00een corectarea limbajului\/dic\u021biei \u0219i psiho-fizic\u0103 (mers, pozi\u021bie); 40 de copii pre\u0219colari \u0219i \u0219colari, cu dizabilit\u0103\u021bi (autism, deficien\u021be intelectuale u\u0219oare \u0219i grave, tulbur\u0103ri de \u00eenv\u0103\u021bare) sprijini\u021bi prin activit\u0103\u021bi de recuperare, remediale \u0219i terapii pentru adaptarea la activitatea educa\u021bional\u0103 \u0219i social\u0103 eliminarea decalajelor educa\u021bionale; 1 grup local de ac\u021biune pentru promovarea educa\u021biei \u00eenfiin\u021bat la nivelul comunit\u0103\u021bii; 120 de persoane, apar\u021bin\u00e2nd personalului didactic\/personal de sprijin\/auxiliar participan\u021bi la cursuri formale \u0219i nonformale din cadrul \u0218colii Gimnaziale Mihail Kogalniceanu Sebe\u0219 \u0219i Liceului Tehnologic Sebe\u0219.<\/p>\n","protected":false},"excerpt":{"rendered":"<p>Primarul Municipiului Sebe\u0219, Dorin Nistor, a semnat mar\u0163i, 10 aprilie, la sediul Ministerului Fondurilor Europene din Bucure\u0219ti, un contract de finan\u021bare nerambursabil\u0103 \u00een valoare de 3.229.377,05 lei, pentru proiectul &#8222;Parteneriat pentru acces egal la educa\u021bie&#8221;, ID: 107777, Cod apel: POCU\/74\/6\/18\/18\/Opera\u021biune compozit\u0103 OS. 6.2, 6.3, 6.4, 6.6. Obiectivul general al proiectului urm\u0103re\u0219te \u00eembun\u0103t\u0103\u021birea particip\u0103rii \u0219i performan\u021belor &hellip;<\/p>\n","protected":false},"author":17,"featured_media":61579,"comment_status":"open","ping_status":"open","sticky":false,"template":"","format":"standard","meta":{"inline_featured_image":false,"footnotes":""},"categories":[2034],"tags":[307,14909,8390,1003,14908,489,1223,308,76],"class_list":["post-61578","post","type-post","status-publish","format-standard","has-post-thumbnail","hentry","category-social","tag-alba","tag-contract-de-finantare-nerambursabila","tag-dorin-nistor","tag-educatie","tag-fonduri-europene-nerambursabile","tag-primar","tag-sebes","tag-stiri","tag-urbea-mea"],"yoast_head":"<!-- This site is optimized with the Yoast SEO plugin v28.3 - https:\/\/yoast.com\/product\/yoast-seo-wordpress\/ -->\n<title>Primarul Sebe\u0219ului, Dorin Nistor, aduce \u00een visteria ora\u0219ului, pentru educa\u021bie, \u00eenc\u0103 3.229.377,05 lei \u2013 fonduri europene nerambursabile - Revista Urbea Mea - Revista de Alba<\/title>\n<meta name=\"description\" content=\"Primarul Municipiului Sebe\u0219, Dorin Nistor, a semnat mar\u0163i, 10 aprilie, la sediul Ministerului Fondurilor Europene din Bucure\u0219ti, un contract de finan\u021bare\" \/>\n<meta name=\"robots\" content=\"index, follow, max-snippet:-1, max-image-preview:large, max-video-preview:-1\" \/>\n<link rel=\"canonical\" href=\"https:\/\/urbeamea.ro\/albaiulia\/primarul-sebesului-dorin-nistor-aduce-in-visteria-orasului-pentru-educatie-inca-3-229-37705-lei-fonduri-europene-nerambursabile\/\" \/>\n<meta name=\"twitter:card\" content=\"summary_large_image\" \/>\n<meta name=\"twitter:title\" content=\"Primarul Sebe\u0219ului, Dorin Nistor, aduce \u00een visteria ora\u0219ului, pentru educa\u021bie, \u00eenc\u0103 3.229.377,05 lei \u2013 fonduri europene nerambursabile - Revista Urbea Mea - Revista de Alba\" \/>\n<meta name=\"twitter:description\" content=\"Primarul Municipiului Sebe\u0219, Dorin Nistor, a semnat mar\u0163i, 10 aprilie, la sediul Ministerului Fondurilor Europene din Bucure\u0219ti, un contract de finan\u021bare\" \/>\n<meta name=\"twitter:image\" content=\"https:\/\/urbeamea.ro\/albaiulia\/wp-content\/uploads\/2018\/04\/Foto-elevi.jpg\" \/>\n<meta name=\"twitter:creator\" content=\"@urbeameaweb\" \/>\n<meta name=\"twitter:site\" content=\"@urbeameaweb\" \/>\n<script type=\"application\/ld+json\" class=\"yoast-schema-graph\">{\"@context\":\"https:\\\/\\\/schema.org\",\"@graph\":[{\"@type\":\"Article\",\"@id\":\"https:\\\/\\\/urbeamea.ro\\\/albaiulia\\\/primarul-sebesului-dorin-nistor-aduce-in-visteria-orasului-pentru-educatie-inca-3-229-37705-lei-fonduri-europene-nerambursabile\\\/#article\",\"isPartOf\":{\"@id\":\"https:\\\/\\\/urbeamea.ro\\\/albaiulia\\\/primarul-sebesului-dorin-nistor-aduce-in-visteria-orasului-pentru-educatie-inca-3-229-37705-lei-fonduri-europene-nerambursabile\\\/\"},\"author\":{\"name\":\"Cristina Ganga\",\"@id\":\"https:\\\/\\\/urbeamea.ro\\\/albaiulia\\\/#\\\/schema\\\/person\\\/9700d21fae21c4f038b0b56f4506264a\"},\"headline\":\"Primarul Sebe\u0219ului, Dorin Nistor, aduce \u00een visteria ora\u0219ului, pentru educa\u021bie, \u00eenc\u0103 3.229.377,05 lei \u2013 fonduri europene nerambursabile\",\"datePublished\":\"2018-04-10T18:47:14+00:00\",\"mainEntityOfPage\":{\"@id\":\"https:\\\/\\\/urbeamea.ro\\\/albaiulia\\\/primarul-sebesului-dorin-nistor-aduce-in-visteria-orasului-pentru-educatie-inca-3-229-37705-lei-fonduri-europene-nerambursabile\\\/\"},\"wordCount\":413,\"commentCount\":0,\"image\":{\"@id\":\"https:\\\/\\\/urbeamea.ro\\\/albaiulia\\\/primarul-sebesului-dorin-nistor-aduce-in-visteria-orasului-pentru-educatie-inca-3-229-37705-lei-fonduri-europene-nerambursabile\\\/#primaryimage\"},\"thumbnailUrl\":\"https:\\\/\\\/urbeamea.ro\\\/albaiulia\\\/wp-content\\\/uploads\\\/2018\\\/04\\\/Foto-elevi.jpg\",\"keywords\":[\"alba\",\"contract de finantare nerambursabila\",\"dorin nistor\",\"educatie\",\"fonduri europene nerambursabile\",\"primar\",\"sebes\",\"stiri\",\"Urbea Mea\"],\"articleSection\":[\"Social\"],\"inLanguage\":\"ro-RO\",\"potentialAction\":[{\"@type\":\"CommentAction\",\"name\":\"Comment\",\"target\":[\"https:\\\/\\\/urbeamea.ro\\\/albaiulia\\\/primarul-sebesului-dorin-nistor-aduce-in-visteria-orasului-pentru-educatie-inca-3-229-37705-lei-fonduri-europene-nerambursabile\\\/#respond\"]}]},{\"@type\":\"WebPage\",\"@id\":\"https:\\\/\\\/urbeamea.ro\\\/albaiulia\\\/primarul-sebesului-dorin-nistor-aduce-in-visteria-orasului-pentru-educatie-inca-3-229-37705-lei-fonduri-europene-nerambursabile\\\/\",\"url\":\"https:\\\/\\\/urbeamea.ro\\\/albaiulia\\\/primarul-sebesului-dorin-nistor-aduce-in-visteria-orasului-pentru-educatie-inca-3-229-37705-lei-fonduri-europene-nerambursabile\\\/\",\"name\":\"Primarul Sebe\u0219ului, Dorin Nistor, aduce \u00een visteria ora\u0219ului, pentru educa\u021bie, \u00eenc\u0103 3.229.377,05 lei \u2013 fonduri europene nerambursabile - Revista Urbea Mea - Revista de Alba\",\"isPartOf\":{\"@id\":\"https:\\\/\\\/urbeamea.ro\\\/albaiulia\\\/#website\"},\"primaryImageOfPage\":{\"@id\":\"https:\\\/\\\/urbeamea.ro\\\/albaiulia\\\/primarul-sebesului-dorin-nistor-aduce-in-visteria-orasului-pentru-educatie-inca-3-229-37705-lei-fonduri-europene-nerambursabile\\\/#primaryimage\"},\"image\":{\"@id\":\"https:\\\/\\\/urbeamea.ro\\\/albaiulia\\\/primarul-sebesului-dorin-nistor-aduce-in-visteria-orasului-pentru-educatie-inca-3-229-37705-lei-fonduri-europene-nerambursabile\\\/#primaryimage\"},\"thumbnailUrl\":\"https:\\\/\\\/urbeamea.ro\\\/albaiulia\\\/wp-content\\\/uploads\\\/2018\\\/04\\\/Foto-elevi.jpg\",\"datePublished\":\"2018-04-10T18:47:14+00:00\",\"author\":{\"@id\":\"https:\\\/\\\/urbeamea.ro\\\/albaiulia\\\/#\\\/schema\\\/person\\\/9700d21fae21c4f038b0b56f4506264a\"},\"description\":\"Primarul Municipiului Sebe\u0219, Dorin Nistor, a semnat mar\u0163i, 10 aprilie, la sediul Ministerului Fondurilor Europene din Bucure\u0219ti, un contract de finan\u021bare\",\"breadcrumb\":{\"@id\":\"https:\\\/\\\/urbeamea.ro\\\/albaiulia\\\/primarul-sebesului-dorin-nistor-aduce-in-visteria-orasului-pentru-educatie-inca-3-229-37705-lei-fonduri-europene-nerambursabile\\\/#breadcrumb\"},\"inLanguage\":\"ro-RO\",\"potentialAction\":[{\"@type\":\"ReadAction\",\"target\":[\"https:\\\/\\\/urbeamea.ro\\\/albaiulia\\\/primarul-sebesului-dorin-nistor-aduce-in-visteria-orasului-pentru-educatie-inca-3-229-37705-lei-fonduri-europene-nerambursabile\\\/\"]}]},{\"@type\":\"ImageObject\",\"inLanguage\":\"ro-RO\",\"@id\":\"https:\\\/\\\/urbeamea.ro\\\/albaiulia\\\/primarul-sebesului-dorin-nistor-aduce-in-visteria-orasului-pentru-educatie-inca-3-229-37705-lei-fonduri-europene-nerambursabile\\\/#primaryimage\",\"url\":\"https:\\\/\\\/urbeamea.ro\\\/albaiulia\\\/wp-content\\\/uploads\\\/2018\\\/04\\\/Foto-elevi.jpg\",\"contentUrl\":\"https:\\\/\\\/urbeamea.ro\\\/albaiulia\\\/wp-content\\\/uploads\\\/2018\\\/04\\\/Foto-elevi.jpg\",\"width\":1200,\"height\":900},{\"@type\":\"BreadcrumbList\",\"@id\":\"https:\\\/\\\/urbeamea.ro\\\/albaiulia\\\/primarul-sebesului-dorin-nistor-aduce-in-visteria-orasului-pentru-educatie-inca-3-229-37705-lei-fonduri-europene-nerambursabile\\\/#breadcrumb\",\"itemListElement\":[{\"@type\":\"ListItem\",\"position\":1,\"name\":\"Prima pagin\u0103\",\"item\":\"https:\\\/\\\/urbeamea.ro\\\/albaiulia\\\/\"},{\"@type\":\"ListItem\",\"position\":2,\"name\":\"Primarul Sebe\u0219ului, Dorin Nistor, aduce \u00een visteria ora\u0219ului, pentru educa\u021bie, \u00eenc\u0103 3.229.377,05 lei \u2013 fonduri europene nerambursabile\"}]},{\"@type\":\"WebSite\",\"@id\":\"https:\\\/\\\/urbeamea.ro\\\/albaiulia\\\/#website\",\"url\":\"https:\\\/\\\/urbeamea.ro\\\/albaiulia\\\/\",\"name\":\"Revista Urbea Mea, Stiri urbane\",\"description\":\"Evenimente \u0219i \u0219tiri din Alba Iulia, Sebe\u0219, Aiud, Blaj\",\"potentialAction\":[{\"@type\":\"SearchAction\",\"target\":{\"@type\":\"EntryPoint\",\"urlTemplate\":\"https:\\\/\\\/urbeamea.ro\\\/albaiulia\\\/?s={search_term_string}\"},\"query-input\":{\"@type\":\"PropertyValueSpecification\",\"valueRequired\":true,\"valueName\":\"search_term_string\"}}],\"inLanguage\":\"ro-RO\"},{\"@type\":\"Person\",\"@id\":\"https:\\\/\\\/urbeamea.ro\\\/albaiulia\\\/#\\\/schema\\\/person\\\/9700d21fae21c4f038b0b56f4506264a\",\"name\":\"Cristina Ganga\",\"image\":{\"@type\":\"ImageObject\",\"inLanguage\":\"ro-RO\",\"@id\":\"https:\\\/\\\/secure.gravatar.com\\\/avatar\\\/5a67661041f057b4a8ccaf26f5a8e86e2689372006d01faf3dd9eeb10b654bb4?s=96&d=mm&r=g\",\"url\":\"https:\\\/\\\/secure.gravatar.com\\\/avatar\\\/5a67661041f057b4a8ccaf26f5a8e86e2689372006d01faf3dd9eeb10b654bb4?s=96&d=mm&r=g\",\"contentUrl\":\"https:\\\/\\\/secure.gravatar.com\\\/avatar\\\/5a67661041f057b4a8ccaf26f5a8e86e2689372006d01faf3dd9eeb10b654bb4?s=96&d=mm&r=g\",\"caption\":\"Cristina Ganga\"},\"description\":\"Jurnalist\",\"sameAs\":[\"https:\\\/\\\/www.facebook.com\\\/cristina.nicola.587\"],\"url\":\"https:\\\/\\\/urbeamea.ro\\\/albaiulia\\\/author\\\/cristina-nicola\\\/\"}]}<\/script>\n<!-- \/ Yoast SEO plugin. -->","yoast_head_json":{"title":"Primarul Sebe\u0219ului, Dorin Nistor, aduce \u00een visteria ora\u0219ului, pentru educa\u021bie, \u00eenc\u0103 3.229.377,05 lei \u2013 fonduri europene nerambursabile - Revista Urbea Mea - Revista de Alba","description":"Primarul Municipiului Sebe\u0219, Dorin Nistor, a semnat mar\u0163i, 10 aprilie, la sediul Ministerului Fondurilor Europene din Bucure\u0219ti, un contract de finan\u021bare","robots":{"index":"index","follow":"follow","max-snippet":"max-snippet:-1","max-image-preview":"max-image-preview:large","max-video-preview":"max-video-preview:-1"},"canonical":"https:\/\/urbeamea.ro\/albaiulia\/primarul-sebesului-dorin-nistor-aduce-in-visteria-orasului-pentru-educatie-inca-3-229-37705-lei-fonduri-europene-nerambursabile\/","twitter_card":"summary_large_image","twitter_title":"Primarul Sebe\u0219ului, Dorin Nistor, aduce \u00een visteria ora\u0219ului, pentru educa\u021bie, \u00eenc\u0103 3.229.377,05 lei \u2013 fonduri europene nerambursabile - Revista Urbea Mea - Revista de Alba","twitter_description":"Primarul Municipiului Sebe\u0219, Dorin Nistor, a semnat mar\u0163i, 10 aprilie, la sediul Ministerului Fondurilor Europene din Bucure\u0219ti, un contract de finan\u021bare","twitter_image":"https:\/\/urbeamea.ro\/albaiulia\/wp-content\/uploads\/2018\/04\/Foto-elevi.jpg","twitter_creator":"@urbeameaweb","twitter_site":"@urbeameaweb","schema":{"@context":"https:\/\/schema.org","@graph":[{"@type":"Article","@id":"https:\/\/urbeamea.ro\/albaiulia\/primarul-sebesului-dorin-nistor-aduce-in-visteria-orasului-pentru-educatie-inca-3-229-37705-lei-fonduri-europene-nerambursabile\/#article","isPartOf":{"@id":"https:\/\/urbeamea.ro\/albaiulia\/primarul-sebesului-dorin-nistor-aduce-in-visteria-orasului-pentru-educatie-inca-3-229-37705-lei-fonduri-europene-nerambursabile\/"},"author":{"name":"Cristina Ganga","@id":"https:\/\/urbeamea.ro\/albaiulia\/#\/schema\/person\/9700d21fae21c4f038b0b56f4506264a"},"headline":"Primarul Sebe\u0219ului, Dorin Nistor, aduce \u00een visteria ora\u0219ului, pentru educa\u021bie, \u00eenc\u0103 3.229.377,05 lei \u2013 fonduri europene nerambursabile","datePublished":"2018-04-10T18:47:14+00:00","mainEntityOfPage":{"@id":"https:\/\/urbeamea.ro\/albaiulia\/primarul-sebesului-dorin-nistor-aduce-in-visteria-orasului-pentru-educatie-inca-3-229-37705-lei-fonduri-europene-nerambursabile\/"},"wordCount":413,"commentCount":0,"image":{"@id":"https:\/\/urbeamea.ro\/albaiulia\/primarul-sebesului-dorin-nistor-aduce-in-visteria-orasului-pentru-educatie-inca-3-229-37705-lei-fonduri-europene-nerambursabile\/#primaryimage"},"thumbnailUrl":"https:\/\/urbeamea.ro\/albaiulia\/wp-content\/uploads\/2018\/04\/Foto-elevi.jpg","keywords":["alba","contract de finantare nerambursabila","dorin nistor","educatie","fonduri europene nerambursabile","primar","sebes","stiri","Urbea Mea"],"articleSection":["Social"],"inLanguage":"ro-RO","potentialAction":[{"@type":"CommentAction","name":"Comment","target":["https:\/\/urbeamea.ro\/albaiulia\/primarul-sebesului-dorin-nistor-aduce-in-visteria-orasului-pentru-educatie-inca-3-229-37705-lei-fonduri-europene-nerambursabile\/#respond"]}]},{"@type":"WebPage","@id":"https:\/\/urbeamea.ro\/albaiulia\/primarul-sebesului-dorin-nistor-aduce-in-visteria-orasului-pentru-educatie-inca-3-229-37705-lei-fonduri-europene-nerambursabile\/","url":"https:\/\/urbeamea.ro\/albaiulia\/primarul-sebesului-dorin-nistor-aduce-in-visteria-orasului-pentru-educatie-inca-3-229-37705-lei-fonduri-europene-nerambursabile\/","name":"Primarul Sebe\u0219ului, Dorin Nistor, aduce \u00een visteria ora\u0219ului, pentru educa\u021bie, \u00eenc\u0103 3.229.377,05 lei \u2013 fonduri europene nerambursabile - Revista Urbea Mea - Revista de Alba","isPartOf":{"@id":"https:\/\/urbeamea.ro\/albaiulia\/#website"},"primaryImageOfPage":{"@id":"https:\/\/urbeamea.ro\/albaiulia\/primarul-sebesului-dorin-nistor-aduce-in-visteria-orasului-pentru-educatie-inca-3-229-37705-lei-fonduri-europene-nerambursabile\/#primaryimage"},"image":{"@id":"https:\/\/urbeamea.ro\/albaiulia\/primarul-sebesului-dorin-nistor-aduce-in-visteria-orasului-pentru-educatie-inca-3-229-37705-lei-fonduri-europene-nerambursabile\/#primaryimage"},"thumbnailUrl":"https:\/\/urbeamea.ro\/albaiulia\/wp-content\/uploads\/2018\/04\/Foto-elevi.jpg","datePublished":"2018-04-10T18:47:14+00:00","author":{"@id":"https:\/\/urbeamea.ro\/albaiulia\/#\/schema\/person\/9700d21fae21c4f038b0b56f4506264a"},"description":"Primarul Municipiului Sebe\u0219, Dorin Nistor, a semnat mar\u0163i, 10 aprilie, la sediul Ministerului Fondurilor Europene din Bucure\u0219ti, un contract de finan\u021bare","breadcrumb":{"@id":"https:\/\/urbeamea.ro\/albaiulia\/primarul-sebesului-dorin-nistor-aduce-in-visteria-orasului-pentru-educatie-inca-3-229-37705-lei-fonduri-europene-nerambursabile\/#breadcrumb"},"inLanguage":"ro-RO","potentialAction":[{"@type":"ReadAction","target":["https:\/\/urbeamea.ro\/albaiulia\/primarul-sebesului-dorin-nistor-aduce-in-visteria-orasului-pentru-educatie-inca-3-229-37705-lei-fonduri-europene-nerambursabile\/"]}]},{"@type":"ImageObject","inLanguage":"ro-RO","@id":"https:\/\/urbeamea.ro\/albaiulia\/primarul-sebesului-dorin-nistor-aduce-in-visteria-orasului-pentru-educatie-inca-3-229-37705-lei-fonduri-europene-nerambursabile\/#primaryimage","url":"https:\/\/urbeamea.ro\/albaiulia\/wp-content\/uploads\/2018\/04\/Foto-elevi.jpg","contentUrl":"https:\/\/urbeamea.ro\/albaiulia\/wp-content\/uploads\/2018\/04\/Foto-elevi.jpg","width":1200,"height":900},{"@type":"BreadcrumbList","@id":"https:\/\/urbeamea.ro\/albaiulia\/primarul-sebesului-dorin-nistor-aduce-in-visteria-orasului-pentru-educatie-inca-3-229-37705-lei-fonduri-europene-nerambursabile\/#breadcrumb","itemListElement":[{"@type":"ListItem","position":1,"name":"Prima pagin\u0103","item":"https:\/\/urbeamea.ro\/albaiulia\/"},{"@type":"ListItem","position":2,"name":"Primarul Sebe\u0219ului, Dorin Nistor, aduce \u00een visteria ora\u0219ului, pentru educa\u021bie, \u00eenc\u0103 3.229.377,05 lei \u2013 fonduri europene nerambursabile"}]},{"@type":"WebSite","@id":"https:\/\/urbeamea.ro\/albaiulia\/#website","url":"https:\/\/urbeamea.ro\/albaiulia\/","name":"Revista Urbea Mea, Stiri urbane","description":"Evenimente \u0219i \u0219tiri din Alba Iulia, Sebe\u0219, Aiud, Blaj","potentialAction":[{"@type":"SearchAction","target":{"@type":"EntryPoint","urlTemplate":"https:\/\/urbeamea.ro\/albaiulia\/?s={search_term_string}"},"query-input":{"@type":"PropertyValueSpecification","valueRequired":true,"valueName":"search_term_string"}}],"inLanguage":"ro-RO"},{"@type":"Person","@id":"https:\/\/urbeamea.ro\/albaiulia\/#\/schema\/person\/9700d21fae21c4f038b0b56f4506264a","name":"Cristina Ganga","image":{"@type":"ImageObject","inLanguage":"ro-RO","@id":"https:\/\/secure.gravatar.com\/avatar\/5a67661041f057b4a8ccaf26f5a8e86e2689372006d01faf3dd9eeb10b654bb4?s=96&d=mm&r=g","url":"https:\/\/secure.gravatar.com\/avatar\/5a67661041f057b4a8ccaf26f5a8e86e2689372006d01faf3dd9eeb10b654bb4?s=96&d=mm&r=g","contentUrl":"https:\/\/secure.gravatar.com\/avatar\/5a67661041f057b4a8ccaf26f5a8e86e2689372006d01faf3dd9eeb10b654bb4?s=96&d=mm&r=g","caption":"Cristina Ganga"},"description":"Jurnalist","sameAs":["https:\/\/www.facebook.com\/cristina.nicola.587"],"url":"https:\/\/urbeamea.ro\/albaiulia\/author\/cristina-nicola\/"}]}},"_links":{"self":[{"href":"https:\/\/urbeamea.ro\/albaiulia\/wp-json\/wp\/v2\/posts\/61578","targetHints":{"allow":["GET"]}}],"collection":[{"href":"https:\/\/urbeamea.ro\/albaiulia\/wp-json\/wp\/v2\/posts"}],"about":[{"href":"https:\/\/urbeamea.ro\/albaiulia\/wp-json\/wp\/v2\/types\/post"}],"author":[{"embeddable":true,"href":"https:\/\/urbeamea.ro\/albaiulia\/wp-json\/wp\/v2\/users\/17"}],"replies":[{"embeddable":true,"href":"https:\/\/urbeamea.ro\/albaiulia\/wp-json\/wp\/v2\/comments?post=61578"}],"version-history":[{"count":0,"href":"https:\/\/urbeamea.ro\/albaiulia\/wp-json\/wp\/v2\/posts\/61578\/revisions"}],"wp:featuredmedia":[{"embeddable":true,"href":"https:\/\/urbeamea.ro\/albaiulia\/wp-json\/wp\/v2\/media\/61579"}],"wp:attachment":[{"href":"https:\/\/urbeamea.ro\/albaiulia\/wp-json\/wp\/v2\/media?parent=61578"}],"wp:term":[{"taxonomy":"category","embeddable":true,"href":"https:\/\/urbeamea.ro\/albaiulia\/wp-json\/wp\/v2\/categories?post=61578"},{"taxonomy":"post_tag","embeddable":true,"href":"https:\/\/urbeamea.ro\/albaiulia\/wp-json\/wp\/v2\/tags?post=61578"}],"curies":[{"name":"wp","href":"https:\/\/api.w.org\/{rel}","templated":true}]}}