{"id":61832,"date":"2018-04-19T09:09:26","date_gmt":"2018-04-19T06:09:26","guid":{"rendered":"https:\/\/urbeamea.ro\/albaiulia\/?p=61832"},"modified":"2018-04-19T09:10:39","modified_gmt":"2018-04-19T06:10:39","slug":"de-astazi-se-da-startul-festivalului-international-de-teatru-de-tineret-apollo-programul-pentru-ziua-de-joi","status":"publish","type":"post","link":"https:\/\/urbeamea.ro\/albaiulia\/de-astazi-se-da-startul-festivalului-international-de-teatru-de-tineret-apollo-programul-pentru-ziua-de-joi\/","title":{"rendered":"De ast\u0103zi se d\u0103 startul Festivalului Interna\u021bional de Teatru de Tineret \u201eApollo\u201d. Programul pentru ziua de JOI"},"content":{"rendered":"<p><strong>Joi, 19 aprilie, la Alba Iulia se d\u0103 startul pentru cea\u00a0\u00a0de-a V-a edi\u021bie a Festivalului Interna\u021bional de Teatru de Tineret \u201eApollo\u201d.\u00a0Timp de patru zile,\u00a0albaiulienii \u0219i turi\u0219tii vor putea urm\u0103ri 13 spectacole\u00a0sus\u021binute de 13 grupuri participante din Egipt, Columbia, Italia, Ucraina, Rusia, Moldova \u015fi\u00a0fire\u015fte, Rom\u00e2nia.<\/strong><\/p>\n<p><strong>Deschiderea festivalului <\/strong>va fi marcat\u0103 de o scurt\u0103 Ceremonie care va avea loc \u00een aceast\u0103 sear\u0103 la Muzeul Principia din Alba Iulia, unde participan\u0163ilor le va fi adresat un cuv\u00e2nt de bun-venit din partea Organizatorului \u015fi le va fi prezentat istoricul fond\u0103rii ora\u015fului \u015fi a trecutului s\u0103u din perioada roman\u0103.<\/p>\n<p>Publicul va putea participa liber la primul spectacol din cadrul festivalului la ora 19.30, \u00een aceea\u015fi sear\u0103, tot la Muzeul Principia \u2013 spectacolul <em>Ahile<\/em>, sus\u0163inut de comania Il Luogo in Buio (Italia).<\/p>\n<p>Il Luogo in Buio (Italia) este o companie independent\u0103 din Italia implicat\u0103 \u00een cercetarea unor noi forme \u015fi structuri de comunicare \u00een arealul teatrului italian. Plec\u00e2nd de la tradi\u0163ia teatrului italian, \u00een special cel napoletan, compania \u00eencearc\u0103 s\u0103 experimenteze un amestec de elemente din Commedia dell\u2019Arte, bufonerie, teatru, pentru a crea un fel de teatru contemporan de proz\u0103 care dore\u015fte s\u0103 comunice dincolo de cuvinte \u015fi s\u0103 creeze o leg\u0103tur\u0103 emo\u0163ional\u0103 puternic\u0103 \u00eentre actori \u015fi spectatori. Il Luogo in Buio ofer\u0103 publicului o alternativ\u0103 teatrului comercial, o alternativ\u0103 pentru cei care doresc s\u0103 priveasc\u0103 \u00eenainte \u015fi care cred \u00een motto-ul lui Oscar Wilde: Art\u0103 pentru Art\u0103!<\/p>\n<p><strong>Ahile \u2013 despre condi\u0163ia semidivin\u0103 sau \u00cempotriva Voin\u0163ei Tat\u0103lui<\/strong><\/p>\n<p>Creat de: Cristian Izzo<\/p>\n<p>Avem nevoie de credin\u0163e \u015fi de eroi. Dup\u0103 spectacolul despre Ulise \u015fi c\u0103l\u0103toria lui \u00een c\u0103utarea r\u0103spunsului la \u00eentrebarea <em>Cine sunt eu?,<\/em> inspirit de universal Homeric, am ajuns la acest spectacol despre Ahile &#8211;\u00a0 eroul care crez\u00eend \u00een glorie \u015fi destin strig\u0103 \u201cEu sunt Ahile, fiul lui Peleu!\u201d. De la Odiseea, la Iliada, de la individul care vre s\u0103-\u0163i dep\u0103\u015feasc\u0103 condi\u0163ia uman\u0103 la semizeul care vrea s\u0103-\u015fi \u00eemplineasc\u0103 destinul sau \u00eent\u00e2lnind pe parcurs\u00a0 destinele altora: mama sa (Tetis), prietenul s\u0103u (Patrocle), regale s\u0103u (Agamemnon), regale Troiei (Priam) \u015fi du\u015fmanul s\u0103u (Hector). S\u0103geata sor\u0163ii \u00ee\u015fi g\u0103se\u015fte \u00een final \u0163inta \u00een cazul tuturor, fiindc\u0103 orice destin este destinul tuturor \u015fi sor\u0163ile tuturor sun tuna singur\u0103.<\/p>\n<p><strong>Cu:<\/strong> Cristian Izzo<\/p>\n<p><strong>Scenografia:<\/strong> Carmen Orazzo<\/p>\n<p><strong>Regia:<\/strong> Cristian Izzo<\/p>\n<p><img loading=\"lazy\" decoding=\"async\" class=\"alignnone size-medium wp-image-61835\" src=\"https:\/\/urbeamea.ro\/albaiulia\/wp-content\/uploads\/2018\/04\/30704013_1650791238340708_327346732521670506_n-476x640.jpg\" alt=\"\" width=\"476\" height=\"640\" srcset=\"https:\/\/urbeamea.ro\/albaiulia\/wp-content\/uploads\/2018\/04\/30704013_1650791238340708_327346732521670506_n-476x640.jpg 476w, https:\/\/urbeamea.ro\/albaiulia\/wp-content\/uploads\/2018\/04\/30704013_1650791238340708_327346732521670506_n-112x150.jpg 112w, https:\/\/urbeamea.ro\/albaiulia\/wp-content\/uploads\/2018\/04\/30704013_1650791238340708_327346732521670506_n.jpg 714w\" sizes=\"auto, (max-width: 476px) 100vw, 476px\" \/><\/p>\n<p>Prima seara va culmina cu spectacolul de teatru de foc Flamma Apulum, prezentat \u00een Pia\u0163a Cet\u0103\u0163ii la ora 21.00, de c\u0103tre grupul Sirius (Bistri\u0163a).<\/p>\n<p>Trupa Sirius \u00eembin\u0103 focul cu arta, cre\u00eend spectacole deosebite \u015fi de calitate, savurate de publicul de pretutindeni. Trupa \u015fi-a pus bazele \u00een anul 2010, la ini\u0163iativa unor tinere fete cu o pasiune comun\u0103: jonglatul cu foc. Scurtele momente de jonglerii s-au transformat apoi \u00een spectacole. Numele \u201cSiriuS\u201d este inspirit de steaua Sirius ce simbolizeaz\u0103 lumina, str\u0103lucirea, supranumit\u0103 \u015fi \u201csteaua stelelor\u201d. \u00cen prezent, SiriuS activeaz\u0103 \u00een cadrul Asocia\u0163iei Culturale Bistri\u0163a Medievala oferind at\u00e2t spectacole cu tematic\u0103 medieval\u0103, c\u00e2t \u015fi spectacole personalizate care \u201c\u00eenfl\u0103c\u0103reaz\u0103\u2019\u2019 atmosfera \u00een orice context posibil.<\/p>\n<p>Grupul particip\u0103 pentru prima oar\u0103 la festivalul Apollo ca \u015fi invitat special, cu un spectacol de foc care marcheaz\u0103 Deschiderea evenimentului!<\/p>\n<p><strong>Flamma Apulum<\/strong><\/p>\n<p>Spectacolul &#8222;Flamma Apulum&#8221; creeaz\u0103 o leg\u0103tur\u0103 \u00eentre Zeul Apollo \u015fi foc, o leg\u0103tur\u0103 ce nu const\u0103 \u00een elementul fizic, ci \u00een cel mistic \u015fi spiritual. Focul \u015fi muzica se \u00eempletesc \u00eentr-o armonie ritualic\u0103 \u015fi \u00een acela\u015fi timp spectaculoas\u0103 prin simbolismul ei. Cum altfel s\u0103 invoci zeul Soarelui, dac\u0103 nu prin flac\u0103ra ce \u00eemp\u0103tur\u0103 steaua \u00een caldura ei?<\/p>\n<p><strong>Cu:<\/strong> Greabu Ana-Maria; Suliman Ranya; Moldovan Bianca; Filip Paula; Pop Coman Diana; Tanase Andrei; Caia Irina; Todoran Xonia<\/p>\n<p>APOLLO este un proiect \u00eenceput \u00een 2014, menit s\u0103 promoveze Alba Iulia ca un punct de reper \u00een peisajul cultural interna\u0163ional al evenimentelor de tineret. Festivalul APOLLO este o invita\u0163ie adresat\u0103 grupurilor \u015fi companiilor tinere teatru de amatori sau profesioni\u015fti (media de v\u00e2rst\u0103 a grupului \u00eentre 18-35 ani) de a se \u00eent\u00e2lni, de a \u00eenv\u0103\u0163a \u015fi de a oferi reprezenta\u0163ii comunit\u0103\u0163ii din Alba Iulia, Rom\u00e2nia. Pe parcursul a 4 zile de Festival participan\u0163ii vor oferi publicului spectacole diverse \u2013 grupurile participante provenind din zone diferite, venind cu concep\u0163ii proprii de spectacol, cu stiluri \u015fi vizuni diferite. Festivalul nu este unul bazat pe competi\u0163ie, urm\u0103rind s\u0103 ofere grupurilor \u015fi companiilor tinere din \u0163ar\u0103 \u015fi str\u0103in\u0103tate posibilitatea de a forma leg\u0103turi, pun\u0163i de colaborare artistic\u0103, de a-\u015fi dezvolta performan\u0163a artistic\u0103 \u015fi abilit\u0103\u0163ile de scen\u0103, \u00eenv\u0103\u0163\u00e2nd, descoperind \u015fi explor\u00e2nd \u00eempreun\u0103 spiritul de toleran\u0163\u0103 \u015fi de cooperare prin intermediul artei.<\/p>\n<p>Cite\u015fte \u015fi: <a href=\"https:\/\/urbeamea.ro\/albaiulia\/video-a-v-a-editie-a-festivalului-international-de-teatru-de-tineret-apollo-la-alba-iulia-patru-zile-de-spectacole-si-alte-surprize\/\">VIDEO:\u00a0A V-a edi\u0163ie a Festivalului Interna\u0163ional de Teatru de Tineret \u201eApollo\u201d, la Alba Iulia. Patru zile de spectacole \u015fi alte surprize<\/a><\/p>\n","protected":false},"excerpt":{"rendered":"<p>Joi, 19 aprilie, la Alba Iulia se d\u0103 startul pentru cea\u00a0\u00a0de-a V-a edi\u021bie a Festivalului Interna\u021bional de Teatru de Tineret \u201eApollo\u201d.\u00a0Timp de patru zile,\u00a0albaiulienii \u0219i turi\u0219tii vor putea urm\u0103ri 13 spectacole\u00a0sus\u021binute de 13 grupuri participante din Egipt, Columbia, Italia, Ucraina, Rusia, Moldova \u015fi\u00a0fire\u015fte, Rom\u00e2nia. Deschiderea festivalului va fi marcat\u0103 de o scurt\u0103 Ceremonie care va &hellip;<\/p>\n","protected":false},"author":17,"featured_media":61833,"comment_status":"open","ping_status":"open","sticky":false,"template":"","format":"standard","meta":{"inline_featured_image":false,"footnotes":""},"categories":[4],"tags":[31,14995,3949,14998,14999,14996,14997,353,308,3950,76],"class_list":["post-61832","post","type-post","status-publish","format-standard","has-post-thumbnail","hentry","category-eveniment","tag-alba-iulia","tag-ceremonia-de-deschidere","tag-festivalul-international-de-teatru-de-tineret-apollo","tag-flamma-apulum","tag-grupul-sirius","tag-il-luogo-in-buio-italia","tag-spectacol-de-teatru-de-foc","tag-spectacole","tag-stiri","tag-trupe","tag-urbea-mea"],"yoast_head":"<!-- This site is optimized with the Yoast SEO plugin v28.3 - https:\/\/yoast.com\/product\/yoast-seo-wordpress\/ -->\n<title>De ast\u0103zi se d\u0103 startul Festivalului Interna\u021bional de Teatru de Tineret \u201eApollo\u201d. Programul pentru ziua de JOI - Revista Urbea Mea - Revista de Alba<\/title>\n<meta name=\"description\" content=\"Joi, 19 aprilie, la Alba Iulia se d\u0103 startul pentru cea\u00a0\u00a0de-a V-a edi\u021bie a Festivalului Interna\u021bional de Teatru de Tineret \u201eApollo\u201d.\u00a0Timp de patru\" \/>\n<meta name=\"robots\" content=\"index, follow, max-snippet:-1, max-image-preview:large, max-video-preview:-1\" \/>\n<link rel=\"canonical\" href=\"https:\/\/urbeamea.ro\/albaiulia\/de-astazi-se-da-startul-festivalului-international-de-teatru-de-tineret-apollo-programul-pentru-ziua-de-joi\/\" \/>\n<meta name=\"twitter:card\" content=\"summary_large_image\" \/>\n<meta name=\"twitter:title\" content=\"De ast\u0103zi se d\u0103 startul Festivalului Interna\u021bional de Teatru de Tineret \u201eApollo\u201d. Programul pentru ziua de JOI - Revista Urbea Mea - Revista de Alba\" \/>\n<meta name=\"twitter:description\" content=\"Joi, 19 aprilie, la Alba Iulia se d\u0103 startul pentru cea\u00a0\u00a0de-a V-a edi\u021bie a Festivalului Interna\u021bional de Teatru de Tineret \u201eApollo\u201d.\u00a0Timp de patru\" \/>\n<meta name=\"twitter:image\" content=\"https:\/\/urbeamea.ro\/albaiulia\/wp-content\/uploads\/2018\/04\/30738131_1649250388494793_4961903003226641175_n.jpg\" \/>\n<meta name=\"twitter:creator\" content=\"@urbeameaweb\" \/>\n<meta name=\"twitter:site\" content=\"@urbeameaweb\" \/>\n<script type=\"application\/ld+json\" class=\"yoast-schema-graph\">{\"@context\":\"https:\\\/\\\/schema.org\",\"@graph\":[{\"@type\":\"Article\",\"@id\":\"https:\\\/\\\/urbeamea.ro\\\/albaiulia\\\/de-astazi-se-da-startul-festivalului-international-de-teatru-de-tineret-apollo-programul-pentru-ziua-de-joi\\\/#article\",\"isPartOf\":{\"@id\":\"https:\\\/\\\/urbeamea.ro\\\/albaiulia\\\/de-astazi-se-da-startul-festivalului-international-de-teatru-de-tineret-apollo-programul-pentru-ziua-de-joi\\\/\"},\"author\":{\"name\":\"Cristina Ganga\",\"@id\":\"https:\\\/\\\/urbeamea.ro\\\/albaiulia\\\/#\\\/schema\\\/person\\\/9700d21fae21c4f038b0b56f4506264a\"},\"headline\":\"De ast\u0103zi se d\u0103 startul Festivalului Interna\u021bional de Teatru de Tineret \u201eApollo\u201d. Programul pentru ziua de JOI\",\"datePublished\":\"2018-04-19T06:09:26+00:00\",\"dateModified\":\"2018-04-19T06:10:39+00:00\",\"mainEntityOfPage\":{\"@id\":\"https:\\\/\\\/urbeamea.ro\\\/albaiulia\\\/de-astazi-se-da-startul-festivalului-international-de-teatru-de-tineret-apollo-programul-pentru-ziua-de-joi\\\/\"},\"wordCount\":847,\"commentCount\":0,\"image\":{\"@id\":\"https:\\\/\\\/urbeamea.ro\\\/albaiulia\\\/de-astazi-se-da-startul-festivalului-international-de-teatru-de-tineret-apollo-programul-pentru-ziua-de-joi\\\/#primaryimage\"},\"thumbnailUrl\":\"https:\\\/\\\/urbeamea.ro\\\/albaiulia\\\/wp-content\\\/uploads\\\/2018\\\/04\\\/30738131_1649250388494793_4961903003226641175_n.jpg\",\"keywords\":[\"Alba Iulia\",\"ceremonia de deschidere\",\"festivalul international de teatru de tineret apollo\",\"Flamma Apulum\",\"grupul sirius\",\"Il Luogo in Buio (Italia)\",\"spectacol de teatru de foc\",\"spectacole\",\"stiri\",\"trupe\",\"Urbea Mea\"],\"articleSection\":[\"Evenimente\"],\"inLanguage\":\"ro-RO\",\"potentialAction\":[{\"@type\":\"CommentAction\",\"name\":\"Comment\",\"target\":[\"https:\\\/\\\/urbeamea.ro\\\/albaiulia\\\/de-astazi-se-da-startul-festivalului-international-de-teatru-de-tineret-apollo-programul-pentru-ziua-de-joi\\\/#respond\"]}]},{\"@type\":\"WebPage\",\"@id\":\"https:\\\/\\\/urbeamea.ro\\\/albaiulia\\\/de-astazi-se-da-startul-festivalului-international-de-teatru-de-tineret-apollo-programul-pentru-ziua-de-joi\\\/\",\"url\":\"https:\\\/\\\/urbeamea.ro\\\/albaiulia\\\/de-astazi-se-da-startul-festivalului-international-de-teatru-de-tineret-apollo-programul-pentru-ziua-de-joi\\\/\",\"name\":\"De ast\u0103zi se d\u0103 startul Festivalului Interna\u021bional de Teatru de Tineret \u201eApollo\u201d. Programul pentru ziua de JOI - Revista Urbea Mea - Revista de Alba\",\"isPartOf\":{\"@id\":\"https:\\\/\\\/urbeamea.ro\\\/albaiulia\\\/#website\"},\"primaryImageOfPage\":{\"@id\":\"https:\\\/\\\/urbeamea.ro\\\/albaiulia\\\/de-astazi-se-da-startul-festivalului-international-de-teatru-de-tineret-apollo-programul-pentru-ziua-de-joi\\\/#primaryimage\"},\"image\":{\"@id\":\"https:\\\/\\\/urbeamea.ro\\\/albaiulia\\\/de-astazi-se-da-startul-festivalului-international-de-teatru-de-tineret-apollo-programul-pentru-ziua-de-joi\\\/#primaryimage\"},\"thumbnailUrl\":\"https:\\\/\\\/urbeamea.ro\\\/albaiulia\\\/wp-content\\\/uploads\\\/2018\\\/04\\\/30738131_1649250388494793_4961903003226641175_n.jpg\",\"datePublished\":\"2018-04-19T06:09:26+00:00\",\"dateModified\":\"2018-04-19T06:10:39+00:00\",\"author\":{\"@id\":\"https:\\\/\\\/urbeamea.ro\\\/albaiulia\\\/#\\\/schema\\\/person\\\/9700d21fae21c4f038b0b56f4506264a\"},\"description\":\"Joi, 19 aprilie, la Alba Iulia se d\u0103 startul pentru cea\u00a0\u00a0de-a V-a edi\u021bie a Festivalului Interna\u021bional de Teatru de Tineret \u201eApollo\u201d.\u00a0Timp de patru\",\"breadcrumb\":{\"@id\":\"https:\\\/\\\/urbeamea.ro\\\/albaiulia\\\/de-astazi-se-da-startul-festivalului-international-de-teatru-de-tineret-apollo-programul-pentru-ziua-de-joi\\\/#breadcrumb\"},\"inLanguage\":\"ro-RO\",\"potentialAction\":[{\"@type\":\"ReadAction\",\"target\":[\"https:\\\/\\\/urbeamea.ro\\\/albaiulia\\\/de-astazi-se-da-startul-festivalului-international-de-teatru-de-tineret-apollo-programul-pentru-ziua-de-joi\\\/\"]}]},{\"@type\":\"ImageObject\",\"inLanguage\":\"ro-RO\",\"@id\":\"https:\\\/\\\/urbeamea.ro\\\/albaiulia\\\/de-astazi-se-da-startul-festivalului-international-de-teatru-de-tineret-apollo-programul-pentru-ziua-de-joi\\\/#primaryimage\",\"url\":\"https:\\\/\\\/urbeamea.ro\\\/albaiulia\\\/wp-content\\\/uploads\\\/2018\\\/04\\\/30738131_1649250388494793_4961903003226641175_n.jpg\",\"contentUrl\":\"https:\\\/\\\/urbeamea.ro\\\/albaiulia\\\/wp-content\\\/uploads\\\/2018\\\/04\\\/30738131_1649250388494793_4961903003226641175_n.jpg\",\"width\":679,\"height\":960},{\"@type\":\"BreadcrumbList\",\"@id\":\"https:\\\/\\\/urbeamea.ro\\\/albaiulia\\\/de-astazi-se-da-startul-festivalului-international-de-teatru-de-tineret-apollo-programul-pentru-ziua-de-joi\\\/#breadcrumb\",\"itemListElement\":[{\"@type\":\"ListItem\",\"position\":1,\"name\":\"Prima pagin\u0103\",\"item\":\"https:\\\/\\\/urbeamea.ro\\\/albaiulia\\\/\"},{\"@type\":\"ListItem\",\"position\":2,\"name\":\"De ast\u0103zi se d\u0103 startul Festivalului Interna\u021bional de Teatru de Tineret \u201eApollo\u201d. Programul pentru ziua de JOI\"}]},{\"@type\":\"WebSite\",\"@id\":\"https:\\\/\\\/urbeamea.ro\\\/albaiulia\\\/#website\",\"url\":\"https:\\\/\\\/urbeamea.ro\\\/albaiulia\\\/\",\"name\":\"Revista Urbea Mea, Stiri urbane\",\"description\":\"Evenimente \u0219i \u0219tiri din Alba Iulia, Sebe\u0219, Aiud, Blaj\",\"potentialAction\":[{\"@type\":\"SearchAction\",\"target\":{\"@type\":\"EntryPoint\",\"urlTemplate\":\"https:\\\/\\\/urbeamea.ro\\\/albaiulia\\\/?s={search_term_string}\"},\"query-input\":{\"@type\":\"PropertyValueSpecification\",\"valueRequired\":true,\"valueName\":\"search_term_string\"}}],\"inLanguage\":\"ro-RO\"},{\"@type\":\"Person\",\"@id\":\"https:\\\/\\\/urbeamea.ro\\\/albaiulia\\\/#\\\/schema\\\/person\\\/9700d21fae21c4f038b0b56f4506264a\",\"name\":\"Cristina Ganga\",\"image\":{\"@type\":\"ImageObject\",\"inLanguage\":\"ro-RO\",\"@id\":\"https:\\\/\\\/secure.gravatar.com\\\/avatar\\\/5a67661041f057b4a8ccaf26f5a8e86e2689372006d01faf3dd9eeb10b654bb4?s=96&d=mm&r=g\",\"url\":\"https:\\\/\\\/secure.gravatar.com\\\/avatar\\\/5a67661041f057b4a8ccaf26f5a8e86e2689372006d01faf3dd9eeb10b654bb4?s=96&d=mm&r=g\",\"contentUrl\":\"https:\\\/\\\/secure.gravatar.com\\\/avatar\\\/5a67661041f057b4a8ccaf26f5a8e86e2689372006d01faf3dd9eeb10b654bb4?s=96&d=mm&r=g\",\"caption\":\"Cristina Ganga\"},\"description\":\"Jurnalist\",\"sameAs\":[\"https:\\\/\\\/www.facebook.com\\\/cristina.nicola.587\"],\"url\":\"https:\\\/\\\/urbeamea.ro\\\/albaiulia\\\/author\\\/cristina-nicola\\\/\"}]}<\/script>\n<!-- \/ Yoast SEO plugin. -->","yoast_head_json":{"title":"De ast\u0103zi se d\u0103 startul Festivalului Interna\u021bional de Teatru de Tineret \u201eApollo\u201d. Programul pentru ziua de JOI - Revista Urbea Mea - Revista de Alba","description":"Joi, 19 aprilie, la Alba Iulia se d\u0103 startul pentru cea\u00a0\u00a0de-a V-a edi\u021bie a Festivalului Interna\u021bional de Teatru de Tineret \u201eApollo\u201d.\u00a0Timp de patru","robots":{"index":"index","follow":"follow","max-snippet":"max-snippet:-1","max-image-preview":"max-image-preview:large","max-video-preview":"max-video-preview:-1"},"canonical":"https:\/\/urbeamea.ro\/albaiulia\/de-astazi-se-da-startul-festivalului-international-de-teatru-de-tineret-apollo-programul-pentru-ziua-de-joi\/","twitter_card":"summary_large_image","twitter_title":"De ast\u0103zi se d\u0103 startul Festivalului Interna\u021bional de Teatru de Tineret \u201eApollo\u201d. Programul pentru ziua de JOI - Revista Urbea Mea - Revista de Alba","twitter_description":"Joi, 19 aprilie, la Alba Iulia se d\u0103 startul pentru cea\u00a0\u00a0de-a V-a edi\u021bie a Festivalului Interna\u021bional de Teatru de Tineret \u201eApollo\u201d.\u00a0Timp de patru","twitter_image":"https:\/\/urbeamea.ro\/albaiulia\/wp-content\/uploads\/2018\/04\/30738131_1649250388494793_4961903003226641175_n.jpg","twitter_creator":"@urbeameaweb","twitter_site":"@urbeameaweb","schema":{"@context":"https:\/\/schema.org","@graph":[{"@type":"Article","@id":"https:\/\/urbeamea.ro\/albaiulia\/de-astazi-se-da-startul-festivalului-international-de-teatru-de-tineret-apollo-programul-pentru-ziua-de-joi\/#article","isPartOf":{"@id":"https:\/\/urbeamea.ro\/albaiulia\/de-astazi-se-da-startul-festivalului-international-de-teatru-de-tineret-apollo-programul-pentru-ziua-de-joi\/"},"author":{"name":"Cristina Ganga","@id":"https:\/\/urbeamea.ro\/albaiulia\/#\/schema\/person\/9700d21fae21c4f038b0b56f4506264a"},"headline":"De ast\u0103zi se d\u0103 startul Festivalului Interna\u021bional de Teatru de Tineret \u201eApollo\u201d. Programul pentru ziua de JOI","datePublished":"2018-04-19T06:09:26+00:00","dateModified":"2018-04-19T06:10:39+00:00","mainEntityOfPage":{"@id":"https:\/\/urbeamea.ro\/albaiulia\/de-astazi-se-da-startul-festivalului-international-de-teatru-de-tineret-apollo-programul-pentru-ziua-de-joi\/"},"wordCount":847,"commentCount":0,"image":{"@id":"https:\/\/urbeamea.ro\/albaiulia\/de-astazi-se-da-startul-festivalului-international-de-teatru-de-tineret-apollo-programul-pentru-ziua-de-joi\/#primaryimage"},"thumbnailUrl":"https:\/\/urbeamea.ro\/albaiulia\/wp-content\/uploads\/2018\/04\/30738131_1649250388494793_4961903003226641175_n.jpg","keywords":["Alba Iulia","ceremonia de deschidere","festivalul international de teatru de tineret apollo","Flamma Apulum","grupul sirius","Il Luogo in Buio (Italia)","spectacol de teatru de foc","spectacole","stiri","trupe","Urbea Mea"],"articleSection":["Evenimente"],"inLanguage":"ro-RO","potentialAction":[{"@type":"CommentAction","name":"Comment","target":["https:\/\/urbeamea.ro\/albaiulia\/de-astazi-se-da-startul-festivalului-international-de-teatru-de-tineret-apollo-programul-pentru-ziua-de-joi\/#respond"]}]},{"@type":"WebPage","@id":"https:\/\/urbeamea.ro\/albaiulia\/de-astazi-se-da-startul-festivalului-international-de-teatru-de-tineret-apollo-programul-pentru-ziua-de-joi\/","url":"https:\/\/urbeamea.ro\/albaiulia\/de-astazi-se-da-startul-festivalului-international-de-teatru-de-tineret-apollo-programul-pentru-ziua-de-joi\/","name":"De ast\u0103zi se d\u0103 startul Festivalului Interna\u021bional de Teatru de Tineret \u201eApollo\u201d. Programul pentru ziua de JOI - Revista Urbea Mea - Revista de Alba","isPartOf":{"@id":"https:\/\/urbeamea.ro\/albaiulia\/#website"},"primaryImageOfPage":{"@id":"https:\/\/urbeamea.ro\/albaiulia\/de-astazi-se-da-startul-festivalului-international-de-teatru-de-tineret-apollo-programul-pentru-ziua-de-joi\/#primaryimage"},"image":{"@id":"https:\/\/urbeamea.ro\/albaiulia\/de-astazi-se-da-startul-festivalului-international-de-teatru-de-tineret-apollo-programul-pentru-ziua-de-joi\/#primaryimage"},"thumbnailUrl":"https:\/\/urbeamea.ro\/albaiulia\/wp-content\/uploads\/2018\/04\/30738131_1649250388494793_4961903003226641175_n.jpg","datePublished":"2018-04-19T06:09:26+00:00","dateModified":"2018-04-19T06:10:39+00:00","author":{"@id":"https:\/\/urbeamea.ro\/albaiulia\/#\/schema\/person\/9700d21fae21c4f038b0b56f4506264a"},"description":"Joi, 19 aprilie, la Alba Iulia se d\u0103 startul pentru cea\u00a0\u00a0de-a V-a edi\u021bie a Festivalului Interna\u021bional de Teatru de Tineret \u201eApollo\u201d.\u00a0Timp de patru","breadcrumb":{"@id":"https:\/\/urbeamea.ro\/albaiulia\/de-astazi-se-da-startul-festivalului-international-de-teatru-de-tineret-apollo-programul-pentru-ziua-de-joi\/#breadcrumb"},"inLanguage":"ro-RO","potentialAction":[{"@type":"ReadAction","target":["https:\/\/urbeamea.ro\/albaiulia\/de-astazi-se-da-startul-festivalului-international-de-teatru-de-tineret-apollo-programul-pentru-ziua-de-joi\/"]}]},{"@type":"ImageObject","inLanguage":"ro-RO","@id":"https:\/\/urbeamea.ro\/albaiulia\/de-astazi-se-da-startul-festivalului-international-de-teatru-de-tineret-apollo-programul-pentru-ziua-de-joi\/#primaryimage","url":"https:\/\/urbeamea.ro\/albaiulia\/wp-content\/uploads\/2018\/04\/30738131_1649250388494793_4961903003226641175_n.jpg","contentUrl":"https:\/\/urbeamea.ro\/albaiulia\/wp-content\/uploads\/2018\/04\/30738131_1649250388494793_4961903003226641175_n.jpg","width":679,"height":960},{"@type":"BreadcrumbList","@id":"https:\/\/urbeamea.ro\/albaiulia\/de-astazi-se-da-startul-festivalului-international-de-teatru-de-tineret-apollo-programul-pentru-ziua-de-joi\/#breadcrumb","itemListElement":[{"@type":"ListItem","position":1,"name":"Prima pagin\u0103","item":"https:\/\/urbeamea.ro\/albaiulia\/"},{"@type":"ListItem","position":2,"name":"De ast\u0103zi se d\u0103 startul Festivalului Interna\u021bional de Teatru de Tineret \u201eApollo\u201d. Programul pentru ziua de JOI"}]},{"@type":"WebSite","@id":"https:\/\/urbeamea.ro\/albaiulia\/#website","url":"https:\/\/urbeamea.ro\/albaiulia\/","name":"Revista Urbea Mea, Stiri urbane","description":"Evenimente \u0219i \u0219tiri din Alba Iulia, Sebe\u0219, Aiud, Blaj","potentialAction":[{"@type":"SearchAction","target":{"@type":"EntryPoint","urlTemplate":"https:\/\/urbeamea.ro\/albaiulia\/?s={search_term_string}"},"query-input":{"@type":"PropertyValueSpecification","valueRequired":true,"valueName":"search_term_string"}}],"inLanguage":"ro-RO"},{"@type":"Person","@id":"https:\/\/urbeamea.ro\/albaiulia\/#\/schema\/person\/9700d21fae21c4f038b0b56f4506264a","name":"Cristina Ganga","image":{"@type":"ImageObject","inLanguage":"ro-RO","@id":"https:\/\/secure.gravatar.com\/avatar\/5a67661041f057b4a8ccaf26f5a8e86e2689372006d01faf3dd9eeb10b654bb4?s=96&d=mm&r=g","url":"https:\/\/secure.gravatar.com\/avatar\/5a67661041f057b4a8ccaf26f5a8e86e2689372006d01faf3dd9eeb10b654bb4?s=96&d=mm&r=g","contentUrl":"https:\/\/secure.gravatar.com\/avatar\/5a67661041f057b4a8ccaf26f5a8e86e2689372006d01faf3dd9eeb10b654bb4?s=96&d=mm&r=g","caption":"Cristina Ganga"},"description":"Jurnalist","sameAs":["https:\/\/www.facebook.com\/cristina.nicola.587"],"url":"https:\/\/urbeamea.ro\/albaiulia\/author\/cristina-nicola\/"}]}},"_links":{"self":[{"href":"https:\/\/urbeamea.ro\/albaiulia\/wp-json\/wp\/v2\/posts\/61832","targetHints":{"allow":["GET"]}}],"collection":[{"href":"https:\/\/urbeamea.ro\/albaiulia\/wp-json\/wp\/v2\/posts"}],"about":[{"href":"https:\/\/urbeamea.ro\/albaiulia\/wp-json\/wp\/v2\/types\/post"}],"author":[{"embeddable":true,"href":"https:\/\/urbeamea.ro\/albaiulia\/wp-json\/wp\/v2\/users\/17"}],"replies":[{"embeddable":true,"href":"https:\/\/urbeamea.ro\/albaiulia\/wp-json\/wp\/v2\/comments?post=61832"}],"version-history":[{"count":0,"href":"https:\/\/urbeamea.ro\/albaiulia\/wp-json\/wp\/v2\/posts\/61832\/revisions"}],"wp:featuredmedia":[{"embeddable":true,"href":"https:\/\/urbeamea.ro\/albaiulia\/wp-json\/wp\/v2\/media\/61833"}],"wp:attachment":[{"href":"https:\/\/urbeamea.ro\/albaiulia\/wp-json\/wp\/v2\/media?parent=61832"}],"wp:term":[{"taxonomy":"category","embeddable":true,"href":"https:\/\/urbeamea.ro\/albaiulia\/wp-json\/wp\/v2\/categories?post=61832"},{"taxonomy":"post_tag","embeddable":true,"href":"https:\/\/urbeamea.ro\/albaiulia\/wp-json\/wp\/v2\/tags?post=61832"}],"curies":[{"name":"wp","href":"https:\/\/api.w.org\/{rel}","templated":true}]}}