{"id":61872,"date":"2018-04-20T15:12:34","date_gmt":"2018-04-20T12:12:34","guid":{"rendered":"https:\/\/urbeamea.ro\/albaiulia\/?p=61872"},"modified":"2018-04-20T15:12:34","modified_gmt":"2018-04-20T12:12:34","slug":"foto-sebastian-popescu-bursier-al-fundatiei-comunitare-alba-si-a-lansat-primul-volum-de-poezii","status":"publish","type":"post","link":"https:\/\/urbeamea.ro\/albaiulia\/foto-sebastian-popescu-bursier-al-fundatiei-comunitare-alba-si-a-lansat-primul-volum-de-poezii\/","title":{"rendered":"FOTO: Sebastian Popescu, bursier al Funda\u021biei Comunitare Alba, \u0219i-a lansat primul volum de poezii"},"content":{"rendered":"<p><strong>Biblioteca Jude\u021bean\u0103 \u201eLucian Blaga\u201d Alba a g\u0103zduit joi, 19 aprilie, lansarea volumului de poezii \u201eR\u0103scruce de g\u00e2nduri\u201d, volum de debut al t\u00e2n\u0103rului Sebastian Popescu, bursier al Funda\u021biei Comunitare Alba \u00een programul \u201eGenius&#8221;, un fond de burse administrat de funda\u021bie, constituit prin dona\u021biile participan\u021bilor la seria de evenimente \u201eCin\u0103 pentru Comunitate\u201d \u0219i sus\u021binut \u00een anul 2017 \u0219i de Exclusiv Auto, dealer Skoda \u0219i Volkswagen Autovehicule Comerciale \u00een jude\u021bul Alba.<\/strong><\/p>\n<p>Sebastian este elev \u00een clasa a XII-a la Colegiul Economic \u201eDionisie Pop Mar\u021bian\u201d din Alba Iulia, care aspir\u0103 la titlul de scriitor adev\u0103rat, spre care a f\u0103cut primul pas ieri. Spune despre el c\u0103 nu s-ar descrie ca un poet sau un artist \u00eemplinit, ci se consider\u0103 un om pasionat de cuvinte \u0219i de puterea acestora. Scrie de c\u00e2nd se \u0219tie, \u00een special poezie, dar a cochetat \u0219i cu proza. Primul contact cu poezia l-a avut \u00een clasele primare, \u00een gimnaziu devenind deja o adev\u0103rat\u0103 pasiune. Odat\u0103 cu v\u00e2rsta adolescen\u021bei \u0219i-a dorit s\u0103 evolueze, particip\u00e2nd \u0219i la concursuri de gen, iar pasiunea lui pentru literatur\u0103 a fost premiat\u0103, cel mai recent cu o men\u021biune la concursul \u201eCele mai frumoase poezii de dragoste ale adolescen\u021bilor\u201d, \u00een urma c\u0103ruia i-a fost publicat\u0103 crea\u021bia \u00een antologia \u201eSupradoza de dragoste &#8211; cele mai frumoase poezii de dragoste ale adolescen\u0163ilor\u201d.<\/p>\n<p>Ieri \u0219i-a \u00eemplinit visul pe care orice t\u00e2n\u0103r scriitor \u00eel are, anume s\u0103-\u0219i publice primul volum de poezie \u0219i a f\u0103cut-o cu ajutorul Funda\u021biei Comunitare Alba. Nu s-a limitat doar la asta pentru c\u0103, asociind poezia \u0219i stilul s\u0103u noncomformist cu arta fotografic\u0103, \u0219i-a transformat volumul \u00eentr-o lucrare de art\u0103. Fotografiile \u0219i grafica volumului au fost realizate \u00een \u00eentregime de autor, din dorin\u021ba acestuia de a-\u0219i reprezenta c\u00e2t mai fidel viziunea artistic\u0103. Evenimentul, g\u0103zduit de Biblioteca Jude\u021bean\u0103 \u201eLucian Blaga\u201d, a fost moderat de Daniela Floroian, Felicia Colda \u0219i Marius Moga sr., iar lansarea de carte a avut \u00een audien\u021b\u0103 mul\u021bi adolescen\u021bi, semn c\u0103 ace\u0219tia sunt \u00eenc\u0103 interesa\u021bi de lectur\u0103 \u0219i art\u0103, dar \u0219i oameni din administra\u021bie precum Dumitru Fulea, vicepre\u0219edintele Consiliului Jude\u021bean Alba, un sus\u021bin\u0103tor constant al ini\u021biativelor din comunitate.<\/p>\n<p><em>\u201c\u00cencep\u00e2nd cu 2017, Fondul \u201cGenius\u201d devine un fond permanent al funda\u021biei, din el urm\u00e2nd a fi acordate anual burse unor copii \u0219i tineri talenta\u021bi din jude\u021bul Alba care au nevoie de sus\u021binerea comunit\u0103\u021bii, pe al c\u0103rei spirit filantropic ne baz\u0103m \u00een demersurile noastre de a mobiliza resursele necesare\u201d<\/em> \u2013 Dorin Sava, director Funda\u021bia Comunitar\u0103.<\/p>\n<p><em>\u201e\u00cen volumul \u201eR\u0103scruce de g\u00e2nduri\u201d am asociat dou\u0103 arte dragi mie, poezia \u0219i fotografia. Am organizat poeziile \u00een serii de cate patru, cinci, \u0219ase sau \u0219apte \u0219i am intitulat fiecare serie sugestiv. Poeziile sunt numerotate \u00een fiecare serie, fiind lipsite de titlu, deoarece o serie este echivalentul unei pove\u0219ti, iar poeziile urm\u0103resc, de fapt, un fir de idei. Fiecare serie de poezii este \u00eenso\u021bit\u0103 de fotografii sugestive pentru aceasta. Odat\u0103 cu \u00eenaintarea \u00een volum, temele poeziilor \u0219i seriilor devin tot mai complexe, gravitatea cresc\u00e2nd gradat. Astfel, seria \u201eMetamorfoze\u201d prezint\u0103 impactul primei iubiri \u0219i formele sub care se \u00eenf\u0103\u021bi\u0219eaz\u0103 aceasta, de la flutura\u0219ii din stomac p\u00e2n\u0103 la asocierea muzei cu perfec\u021biunea feminin\u0103, de la pasiunea cu care se tr\u0103ie\u0219te acest sentiment p\u00e2n\u0103 la dezam\u0103girea inevitabilei desp\u0103r\u021biri. \u00cen aceast\u0103 serie am introdus \u0219i metafora r\u0103zboiului, de altfel un motiv major \u00een tot volumul, care deocamdat\u0103 sugereaz\u0103 schimb\u0103rile prin care trece con\u0219tiin\u021ba individului \u00eendr\u0103gostit \u0219i necesitatea maturiz\u0103rii. <\/em><\/p>\n<p><em>Seria \u201eInexisten\u021be\u201d prezint\u0103 iubirea ne\u00eemp\u0103rt\u0103\u0219it\u0103 sub forma unei rela\u021bii e\u0219uate \u0219i teama de a renun\u021ba la aceasta deoarece, \u00een ciuda faptului c\u0103 provoac\u0103 triste\u021be, individul este at\u00e2t de prins \u00een propriile iluzii \u00eenc\u00e2t o asociaz\u0103 cu o stare de comfort. Apare, din nou, motivul r\u0103zboiului, care de aceast\u0103 dat\u0103 sugereaz\u0103 amalgamul de g\u00e2nduri \u0219i fr\u0103m\u00e2nt\u0103rile continue, fiind o metafor\u0103 pentru lupta dus\u0103 de dorin\u021ba de a iubi \u0219i refuzul accept\u0103rii e\u0219ecului, care genereaz\u0103 individului sentimentul de neputin\u021b\u0103. Odat\u0103 cu seria \u201eCugete\u201d, am introdus temele \u0219i motivele majore ale volumului &#8211; boala, dependen\u021ba, incertitudinile sau confuzia, iar metafora r\u0103zboiului apare cu sens denotativ. Seria \u201eMake Terra great again!\u201d este construit\u0103 \u00een jurul impactului ideii de sf\u00e2r\u0219it \u0219i con\u0219tientiz\u0103rii problemelor globale actuale, precum defri\u0219area p\u0103durilor sau \u00eenc\u0103lzirea global\u0103, \u00een raport cu povestea de dragoste, probleme care aduc schimb\u0103ri asupra s\u0103n\u0103t\u0103\u021bii psihice, dar \u0219i fizice ale celor doi exponen\u021bi ai pove\u0219tii de dragoste. <\/em><\/p>\n<p><em>Titlul seriei \u201eVulnerabilit\u0103\u021bi\u201d este un motiv pentru aceasta, prezent\u00e2nd iubirea asociat\u0103 cu st\u0103rile de anxietate, agravarea bolilor, \u00eemb\u0103tr\u00e2nirea, con\u0219tientizarea sf\u00e2r\u0219itului, dar \u0219i consecin\u021bele pe care aceast\u0103 poveste o are asupra con\u0219tiin\u021bei individului. Seria \u201eDecep\u021bii\u201d reprezint\u0103 punctul culminant al volumului, prin rela\u021bia defectuoas\u0103, apogeul bolilor, neputin\u021ba, violen\u021ba fizic\u0103 sau verbal\u0103 \u0219i schimb\u0103rile dramatice prin care trece individul \u00een lungul proces de maturizare. Ultima serie, \u201ePustiet\u0103\u021bi\u201d, prezint\u0103 resemnarea \u0219i a\u0219teptarea mor\u021bii care apare ca o u\u0219urare pentru individ. \u00cen concluzie, acest volum nu este doar unul de poezii ci, asociat cu arta fotografic\u0103, reprezint\u0103 sufletul \u0219i con\u0219tiin\u021ba individului modern \u0219i schimb\u0103rile prin care trece acesta, influen\u021bate de o serie de evenimente marcante din via\u021ba omului, precum drama iubirii sau cea a mor\u021bii.\u201d<\/em> \u2013 Sebastian Popescu <em>(blog: vansebs.wordpress.com)<\/em>.<\/p>\n<p><em>\u201eSebastian Popescu e un t\u00e2n\u0103r de optsprezece ani. Nu l-am v\u0103zut niciodat\u0103, nici nu mai \u0219tiam c\u0103 exist\u0103 tineri de optsprezece ani pe lume. De aceea, c\u00e2nd mi-a scris am ridicat spr\u00e2nceana a mirare: mi-a dat s\u0103 \u00eei citesc versurile \u0219i s\u0103 \u00eei spun ce cred, dar sincer. Pe bune, cum zic mereu mai tinerii no\u0219tri contemporani. Nu sunt omul care s\u0103 taie aripi, dar nici omul care s\u0103 fac\u0103 laudatio f\u0103r\u0103 motiv. I-am spus c\u0103 are talent, f\u0103r\u0103 s\u0103 fie Esenin, \u0219i c\u0103 trebuie s\u0103 se \u00eengrijeasc\u0103 de talentul s\u0103u, s\u0103 citeasc\u0103 mult \u0219i s\u0103 aib\u0103 r\u0103bdare. Mi-a pl\u0103cut prospe\u021bimea sa \u2013 pare c\u0103 scrie \u00eentr-o limb\u0103 str\u0103in\u0103, nou\u0103. \u0218i m-a \u00eenduio\u0219at inocen\u021ba lui. Nu \u0219tiu dac\u0103 Sebastian Popescu va ajunge sau nu va ajunge vreodat\u0103 un poet, \u00een \u00een\u021belesul comun al cuv\u00e2ntului, dar el simte \u0219i tr\u0103ie\u0219te deja ca un poet, ceea ce este, p\u00e2n\u0103 la urm\u0103, mai important. <\/em><\/p>\n<p><em>Poezia lui Sebastian Popescu e n\u0103valnic\u0103, e un galop. Are c\u00e2teva metafore str\u0103lucite. Mi-au pl\u0103cut cuvintele l\u0103sate pe podea, ruperea trupului \u00eenainte de r\u0103zboi, napolitanele cu l\u0103m\u00e2ie de la prima \u00eent\u00e2lnire, credin\u021ba \u00een dragostea la prima vedere, canapeaua pe care erau planuri c\u0103 se vor tr\u0103i restul zilelor de luni, sufletele care sper\u0103 c\u0103 mai tare de at\u00e2t nu poate s\u0103 doar\u0103, portocala cump\u0103rat\u0103 de la aprozar care st\u0103 \u00een co\u0219ul cu fructe \u0219i e pe cale s\u0103 se strice, \u00eentocmai ca o iubire (acea iubire), zilele care sunt tot mai greu de dus, trecerea ilegal\u0103 a grani\u021bei spre wonderland, b\u0103rbatul nici sobru, nici mahmur care nu mai \u0219tie cine, femeia care e o zei\u021b\u0103, un fel de Dumnezeu, dar ceva mai mic, ultimul 8 martie \u00eenainte ca \u00eenc\u0103lzirea global\u0103 s\u0103 o ia razna, paharul gol a\u0219tept\u00e2nd sf\u00e2r\u0219itul sau iubirea \u00eentre atacurile de panic\u0103, \u0219i tot a\u0219a, \u0219i tot a\u0219a. Cartea lui Sebastian nu este, \u00eens\u0103, doar poezie, este o oper\u0103 de art\u0103, care trece curajos o grani\u021b\u0103. Se dedic\u0103, iat\u0103, \u0219i prin fotografie fetelor pentru care, dintotdeauna, pretutindeni, \u0219i pentru totdeauna, se scrie poezia lumii.\u201d<\/em> \u2013 Andrei Cr\u0103ciun, poet.<\/p>\n<p><em>\u201cNe bucur\u0103 acest debut literar, cu at\u00e2t mai mult cu c\u00e2t pentru Sebastian e doar \u00eenceputul, el av\u00e2nd \u00een plan un urm\u0103tor volum, la fel de noncomformist ca \u0219i primul, dar care va aduce \u00een prim plan proza scurt\u0103. Pentru a-l promova \u00een comunitatea literar\u0103, l-am invitat s\u0103 fac\u0103 parte din proiectul nostru, \u201cCaravana literar\u0103 a scriitorilor \u00een \u0219coal\u0103\u201d, care va ajunge \u00een 25 aprilie la S\u00e2ntimbru\u201d<\/em> &#8211; Silvan St\u00e2ncel, manager al Bibliotecii Jude\u021bene \u201eLucian Blaga\u201d Alba.<\/p>\n<div id='gallery-1' class='gallery galleryid-61872 gallery-columns-3 gallery-size-thumbnail'><figure class='gallery-item'>\n\t\t\t<div class='gallery-icon portrait'>\n\t\t\t\t<a href='https:\/\/urbeamea.ro\/albaiulia\/wp-content\/uploads\/2018\/04\/1-5.jpg'><img decoding=\"async\" width=\"100\" height=\"150\" src=\"data:image\/png;base64,iVBORw0KGgoAAAANSUhEUgAAAYYAAADcAQMAAABOLJSDAAAAA1BMVEUAAACnej3aAAAAAXRSTlMAQObYZgAAACJJREFUaIHtwTEBAAAAwqD1T20ND6AAAAAAAAAAAAAA4N8AKvgAAUFIrrEAAAAASUVORK5CYII=\" class=\"attachment-thumbnail size-thumbnail lazy-img\" alt=\"\" srcset=\"https:\/\/urbeamea.ro\/albaiulia\/wp-content\/uploads\/2018\/04\/1-5-100x150.jpg 100w, https:\/\/urbeamea.ro\/albaiulia\/wp-content\/uploads\/2018\/04\/1-5-427x640.jpg 427w, https:\/\/urbeamea.ro\/albaiulia\/wp-content\/uploads\/2018\/04\/1-5-768x1152.jpg 768w, https:\/\/urbeamea.ro\/albaiulia\/wp-content\/uploads\/2018\/04\/1-5.jpg 800w\" sizes=\"auto, (max-width: 100px) 100vw, 100px\" data-src=\"https:\/\/urbeamea.ro\/albaiulia\/wp-content\/uploads\/2018\/04\/1-5-100x150.jpg\" loading=\"lazy\" \/><\/a>\n\t\t\t<\/div><\/figure><figure class='gallery-item'>\n\t\t\t<div class='gallery-icon landscape'>\n\t\t\t\t<a href='https:\/\/urbeamea.ro\/albaiulia\/wp-content\/uploads\/2018\/04\/2.jpg'><img decoding=\"async\" width=\"150\" height=\"113\" src=\"data:image\/png;base64,iVBORw0KGgoAAAANSUhEUgAAAYYAAADcAQMAAABOLJSDAAAAA1BMVEUAAACnej3aAAAAAXRSTlMAQObYZgAAACJJREFUaIHtwTEBAAAAwqD1T20ND6AAAAAAAAAAAAAA4N8AKvgAAUFIrrEAAAAASUVORK5CYII=\" class=\"attachment-thumbnail size-thumbnail lazy-img\" alt=\"\" srcset=\"https:\/\/urbeamea.ro\/albaiulia\/wp-content\/uploads\/2018\/04\/2-150x113.jpg 150w, https:\/\/urbeamea.ro\/albaiulia\/wp-content\/uploads\/2018\/04\/2-640x480.jpg 640w, https:\/\/urbeamea.ro\/albaiulia\/wp-content\/uploads\/2018\/04\/2-768x576.jpg 768w, https:\/\/urbeamea.ro\/albaiulia\/wp-content\/uploads\/2018\/04\/2.jpg 1200w\" sizes=\"auto, (max-width: 150px) 100vw, 150px\" data-src=\"https:\/\/urbeamea.ro\/albaiulia\/wp-content\/uploads\/2018\/04\/2-150x113.jpg\" loading=\"lazy\" \/><\/a>\n\t\t\t<\/div><\/figure><figure class='gallery-item'>\n\t\t\t<div class='gallery-icon landscape'>\n\t\t\t\t<a href='https:\/\/urbeamea.ro\/albaiulia\/wp-content\/uploads\/2018\/04\/3.jpg'><img decoding=\"async\" width=\"150\" height=\"100\" src=\"data:image\/png;base64,iVBORw0KGgoAAAANSUhEUgAAAYYAAADcAQMAAABOLJSDAAAAA1BMVEUAAACnej3aAAAAAXRSTlMAQObYZgAAACJJREFUaIHtwTEBAAAAwqD1T20ND6AAAAAAAAAAAAAA4N8AKvgAAUFIrrEAAAAASUVORK5CYII=\" class=\"attachment-thumbnail size-thumbnail lazy-img\" alt=\"\" srcset=\"https:\/\/urbeamea.ro\/albaiulia\/wp-content\/uploads\/2018\/04\/3-150x100.jpg 150w, https:\/\/urbeamea.ro\/albaiulia\/wp-content\/uploads\/2018\/04\/3-640x427.jpg 640w, https:\/\/urbeamea.ro\/albaiulia\/wp-content\/uploads\/2018\/04\/3-768x512.jpg 768w, https:\/\/urbeamea.ro\/albaiulia\/wp-content\/uploads\/2018\/04\/3.jpg 1200w\" sizes=\"auto, (max-width: 150px) 100vw, 150px\" data-src=\"https:\/\/urbeamea.ro\/albaiulia\/wp-content\/uploads\/2018\/04\/3-150x100.jpg\" loading=\"lazy\" \/><\/a>\n\t\t\t<\/div><\/figure><figure class='gallery-item'>\n\t\t\t<div class='gallery-icon landscape'>\n\t\t\t\t<a href='https:\/\/urbeamea.ro\/albaiulia\/wp-content\/uploads\/2018\/04\/4.jpg'><img decoding=\"async\" width=\"150\" height=\"113\" src=\"data:image\/png;base64,iVBORw0KGgoAAAANSUhEUgAAAYYAAADcAQMAAABOLJSDAAAAA1BMVEUAAACnej3aAAAAAXRSTlMAQObYZgAAACJJREFUaIHtwTEBAAAAwqD1T20ND6AAAAAAAAAAAAAA4N8AKvgAAUFIrrEAAAAASUVORK5CYII=\" class=\"attachment-thumbnail size-thumbnail lazy-img\" alt=\"\" srcset=\"https:\/\/urbeamea.ro\/albaiulia\/wp-content\/uploads\/2018\/04\/4-150x113.jpg 150w, https:\/\/urbeamea.ro\/albaiulia\/wp-content\/uploads\/2018\/04\/4-640x480.jpg 640w, https:\/\/urbeamea.ro\/albaiulia\/wp-content\/uploads\/2018\/04\/4-768x576.jpg 768w, https:\/\/urbeamea.ro\/albaiulia\/wp-content\/uploads\/2018\/04\/4.jpg 1200w\" sizes=\"auto, (max-width: 150px) 100vw, 150px\" data-src=\"https:\/\/urbeamea.ro\/albaiulia\/wp-content\/uploads\/2018\/04\/4-150x113.jpg\" loading=\"lazy\" \/><\/a>\n\t\t\t<\/div><\/figure><figure class='gallery-item'>\n\t\t\t<div class='gallery-icon landscape'>\n\t\t\t\t<a href='https:\/\/urbeamea.ro\/albaiulia\/wp-content\/uploads\/2018\/04\/5.jpg'><img decoding=\"async\" width=\"150\" height=\"116\" src=\"data:image\/png;base64,iVBORw0KGgoAAAANSUhEUgAAAYYAAADcAQMAAABOLJSDAAAAA1BMVEUAAACnej3aAAAAAXRSTlMAQObYZgAAACJJREFUaIHtwTEBAAAAwqD1T20ND6AAAAAAAAAAAAAA4N8AKvgAAUFIrrEAAAAASUVORK5CYII=\" class=\"attachment-thumbnail size-thumbnail lazy-img\" alt=\"\" srcset=\"https:\/\/urbeamea.ro\/albaiulia\/wp-content\/uploads\/2018\/04\/5-150x116.jpg 150w, https:\/\/urbeamea.ro\/albaiulia\/wp-content\/uploads\/2018\/04\/5-640x493.jpg 640w, https:\/\/urbeamea.ro\/albaiulia\/wp-content\/uploads\/2018\/04\/5-768x592.jpg 768w, https:\/\/urbeamea.ro\/albaiulia\/wp-content\/uploads\/2018\/04\/5.jpg 1200w\" sizes=\"auto, (max-width: 150px) 100vw, 150px\" data-src=\"https:\/\/urbeamea.ro\/albaiulia\/wp-content\/uploads\/2018\/04\/5-150x116.jpg\" loading=\"lazy\" \/><\/a>\n\t\t\t<\/div><\/figure><figure class='gallery-item'>\n\t\t\t<div class='gallery-icon landscape'>\n\t\t\t\t<a href='https:\/\/urbeamea.ro\/albaiulia\/wp-content\/uploads\/2018\/04\/6.jpg'><img decoding=\"async\" width=\"150\" height=\"100\" src=\"data:image\/png;base64,iVBORw0KGgoAAAANSUhEUgAAAYYAAADcAQMAAABOLJSDAAAAA1BMVEUAAACnej3aAAAAAXRSTlMAQObYZgAAACJJREFUaIHtwTEBAAAAwqD1T20ND6AAAAAAAAAAAAAA4N8AKvgAAUFIrrEAAAAASUVORK5CYII=\" class=\"attachment-thumbnail size-thumbnail lazy-img\" alt=\"\" srcset=\"https:\/\/urbeamea.ro\/albaiulia\/wp-content\/uploads\/2018\/04\/6-150x100.jpg 150w, https:\/\/urbeamea.ro\/albaiulia\/wp-content\/uploads\/2018\/04\/6-640x427.jpg 640w, https:\/\/urbeamea.ro\/albaiulia\/wp-content\/uploads\/2018\/04\/6-768x512.jpg 768w, https:\/\/urbeamea.ro\/albaiulia\/wp-content\/uploads\/2018\/04\/6.jpg 1200w\" sizes=\"auto, (max-width: 150px) 100vw, 150px\" data-src=\"https:\/\/urbeamea.ro\/albaiulia\/wp-content\/uploads\/2018\/04\/6-150x100.jpg\" loading=\"lazy\" \/><\/a>\n\t\t\t<\/div><\/figure>\n\t\t<\/div>\n\n","protected":false},"excerpt":{"rendered":"<p>Biblioteca Jude\u021bean\u0103 \u201eLucian Blaga\u201d Alba a g\u0103zduit joi, 19 aprilie, lansarea volumului de poezii \u201eR\u0103scruce de g\u00e2nduri\u201d, volum de debut al t\u00e2n\u0103rului Sebastian Popescu, bursier al Funda\u021biei Comunitare Alba \u00een programul \u201eGenius&#8221;, un fond de burse administrat de funda\u021bie, constituit prin dona\u021biile participan\u021bilor la seria de evenimente \u201eCin\u0103 pentru Comunitate\u201d \u0219i sus\u021binut \u00een anul 2017 &hellip;<\/p>\n","protected":false},"author":17,"featured_media":61876,"comment_status":"open","ping_status":"open","sticky":false,"template":"","format":"standard","meta":{"inline_featured_image":false,"footnotes":""},"categories":[2038],"tags":[2113,14982,3470,372,14981,308,76,10218],"class_list":["post-61872","post","type-post","status-publish","format-standard","has-post-thumbnail","hentry","category-cultura","tag-biblioteca-judeteana-lucian-blaga-alba","tag-bursier","tag-fundatia-comunitara-alba","tag-lansare","tag-sebastian-popescu","tag-stiri","tag-urbea-mea","tag-volum-de-poezii"],"yoast_head":"<!-- This site is optimized with the Yoast SEO plugin v28.3 - https:\/\/yoast.com\/product\/yoast-seo-wordpress\/ -->\n<title>FOTO: Sebastian Popescu, bursier al Funda\u021biei Comunitare Alba, \u0219i-a lansat primul volum de poezii - Revista Urbea Mea - Revista de Alba<\/title>\n<meta name=\"description\" content=\"Biblioteca Jude\u021bean\u0103 \u201eLucian Blaga\u201d Alba a g\u0103zduit joi, 19 aprilie, lansarea volumului de poezii \u201eR\u0103scruce de g\u00e2nduri\u201d, volum de debut al t\u00e2n\u0103rului\" \/>\n<meta name=\"robots\" content=\"index, follow, max-snippet:-1, max-image-preview:large, max-video-preview:-1\" \/>\n<link rel=\"canonical\" href=\"https:\/\/urbeamea.ro\/albaiulia\/foto-sebastian-popescu-bursier-al-fundatiei-comunitare-alba-si-a-lansat-primul-volum-de-poezii\/\" \/>\n<meta name=\"twitter:card\" content=\"summary_large_image\" \/>\n<meta name=\"twitter:title\" content=\"FOTO: Sebastian Popescu, bursier al Funda\u021biei Comunitare Alba, \u0219i-a lansat primul volum de poezii - Revista Urbea Mea - Revista de Alba\" \/>\n<meta name=\"twitter:description\" content=\"Biblioteca Jude\u021bean\u0103 \u201eLucian Blaga\u201d Alba a g\u0103zduit joi, 19 aprilie, lansarea volumului de poezii \u201eR\u0103scruce de g\u00e2nduri\u201d, volum de debut al t\u00e2n\u0103rului\" \/>\n<meta name=\"twitter:image\" content=\"https:\/\/urbeamea.ro\/albaiulia\/wp-content\/uploads\/2018\/04\/4.jpg\" \/>\n<meta name=\"twitter:creator\" content=\"@urbeameaweb\" \/>\n<meta name=\"twitter:site\" content=\"@urbeameaweb\" \/>\n<script type=\"application\/ld+json\" class=\"yoast-schema-graph\">{\"@context\":\"https:\\\/\\\/schema.org\",\"@graph\":[{\"@type\":\"Article\",\"@id\":\"https:\\\/\\\/urbeamea.ro\\\/albaiulia\\\/foto-sebastian-popescu-bursier-al-fundatiei-comunitare-alba-si-a-lansat-primul-volum-de-poezii\\\/#article\",\"isPartOf\":{\"@id\":\"https:\\\/\\\/urbeamea.ro\\\/albaiulia\\\/foto-sebastian-popescu-bursier-al-fundatiei-comunitare-alba-si-a-lansat-primul-volum-de-poezii\\\/\"},\"author\":{\"name\":\"Cristina Ganga\",\"@id\":\"https:\\\/\\\/urbeamea.ro\\\/albaiulia\\\/#\\\/schema\\\/person\\\/9700d21fae21c4f038b0b56f4506264a\"},\"headline\":\"FOTO: Sebastian Popescu, bursier al Funda\u021biei Comunitare Alba, \u0219i-a lansat primul volum de poezii\",\"datePublished\":\"2018-04-20T12:12:34+00:00\",\"mainEntityOfPage\":{\"@id\":\"https:\\\/\\\/urbeamea.ro\\\/albaiulia\\\/foto-sebastian-popescu-bursier-al-fundatiei-comunitare-alba-si-a-lansat-primul-volum-de-poezii\\\/\"},\"wordCount\":1446,\"commentCount\":0,\"image\":{\"@id\":\"https:\\\/\\\/urbeamea.ro\\\/albaiulia\\\/foto-sebastian-popescu-bursier-al-fundatiei-comunitare-alba-si-a-lansat-primul-volum-de-poezii\\\/#primaryimage\"},\"thumbnailUrl\":\"https:\\\/\\\/urbeamea.ro\\\/albaiulia\\\/wp-content\\\/uploads\\\/2018\\\/04\\\/4.jpg\",\"keywords\":[\"Biblioteca Jude\u0163ean\u0103 \u201cLucian Blaga\u201d Alba\",\"bursier\",\"fundatia comunitara alba\",\"lansare\",\"Sebastian Popescu\",\"stiri\",\"Urbea Mea\",\"volum de poezii\"],\"articleSection\":[\"Cultur\u0103\"],\"inLanguage\":\"ro-RO\",\"potentialAction\":[{\"@type\":\"CommentAction\",\"name\":\"Comment\",\"target\":[\"https:\\\/\\\/urbeamea.ro\\\/albaiulia\\\/foto-sebastian-popescu-bursier-al-fundatiei-comunitare-alba-si-a-lansat-primul-volum-de-poezii\\\/#respond\"]}]},{\"@type\":\"WebPage\",\"@id\":\"https:\\\/\\\/urbeamea.ro\\\/albaiulia\\\/foto-sebastian-popescu-bursier-al-fundatiei-comunitare-alba-si-a-lansat-primul-volum-de-poezii\\\/\",\"url\":\"https:\\\/\\\/urbeamea.ro\\\/albaiulia\\\/foto-sebastian-popescu-bursier-al-fundatiei-comunitare-alba-si-a-lansat-primul-volum-de-poezii\\\/\",\"name\":\"FOTO: Sebastian Popescu, bursier al Funda\u021biei Comunitare Alba, \u0219i-a lansat primul volum de poezii - Revista Urbea Mea - Revista de Alba\",\"isPartOf\":{\"@id\":\"https:\\\/\\\/urbeamea.ro\\\/albaiulia\\\/#website\"},\"primaryImageOfPage\":{\"@id\":\"https:\\\/\\\/urbeamea.ro\\\/albaiulia\\\/foto-sebastian-popescu-bursier-al-fundatiei-comunitare-alba-si-a-lansat-primul-volum-de-poezii\\\/#primaryimage\"},\"image\":{\"@id\":\"https:\\\/\\\/urbeamea.ro\\\/albaiulia\\\/foto-sebastian-popescu-bursier-al-fundatiei-comunitare-alba-si-a-lansat-primul-volum-de-poezii\\\/#primaryimage\"},\"thumbnailUrl\":\"https:\\\/\\\/urbeamea.ro\\\/albaiulia\\\/wp-content\\\/uploads\\\/2018\\\/04\\\/4.jpg\",\"datePublished\":\"2018-04-20T12:12:34+00:00\",\"author\":{\"@id\":\"https:\\\/\\\/urbeamea.ro\\\/albaiulia\\\/#\\\/schema\\\/person\\\/9700d21fae21c4f038b0b56f4506264a\"},\"description\":\"Biblioteca Jude\u021bean\u0103 \u201eLucian Blaga\u201d Alba a g\u0103zduit joi, 19 aprilie, lansarea volumului de poezii \u201eR\u0103scruce de g\u00e2nduri\u201d, volum de debut al t\u00e2n\u0103rului\",\"breadcrumb\":{\"@id\":\"https:\\\/\\\/urbeamea.ro\\\/albaiulia\\\/foto-sebastian-popescu-bursier-al-fundatiei-comunitare-alba-si-a-lansat-primul-volum-de-poezii\\\/#breadcrumb\"},\"inLanguage\":\"ro-RO\",\"potentialAction\":[{\"@type\":\"ReadAction\",\"target\":[\"https:\\\/\\\/urbeamea.ro\\\/albaiulia\\\/foto-sebastian-popescu-bursier-al-fundatiei-comunitare-alba-si-a-lansat-primul-volum-de-poezii\\\/\"]}]},{\"@type\":\"ImageObject\",\"inLanguage\":\"ro-RO\",\"@id\":\"https:\\\/\\\/urbeamea.ro\\\/albaiulia\\\/foto-sebastian-popescu-bursier-al-fundatiei-comunitare-alba-si-a-lansat-primul-volum-de-poezii\\\/#primaryimage\",\"url\":\"https:\\\/\\\/urbeamea.ro\\\/albaiulia\\\/wp-content\\\/uploads\\\/2018\\\/04\\\/4.jpg\",\"contentUrl\":\"https:\\\/\\\/urbeamea.ro\\\/albaiulia\\\/wp-content\\\/uploads\\\/2018\\\/04\\\/4.jpg\",\"width\":1200,\"height\":900},{\"@type\":\"BreadcrumbList\",\"@id\":\"https:\\\/\\\/urbeamea.ro\\\/albaiulia\\\/foto-sebastian-popescu-bursier-al-fundatiei-comunitare-alba-si-a-lansat-primul-volum-de-poezii\\\/#breadcrumb\",\"itemListElement\":[{\"@type\":\"ListItem\",\"position\":1,\"name\":\"Prima pagin\u0103\",\"item\":\"https:\\\/\\\/urbeamea.ro\\\/albaiulia\\\/\"},{\"@type\":\"ListItem\",\"position\":2,\"name\":\"FOTO: Sebastian Popescu, bursier al Funda\u021biei Comunitare Alba, \u0219i-a lansat primul volum de poezii\"}]},{\"@type\":\"WebSite\",\"@id\":\"https:\\\/\\\/urbeamea.ro\\\/albaiulia\\\/#website\",\"url\":\"https:\\\/\\\/urbeamea.ro\\\/albaiulia\\\/\",\"name\":\"Revista Urbea Mea, Stiri urbane\",\"description\":\"Evenimente \u0219i \u0219tiri din Alba Iulia, Sebe\u0219, Aiud, Blaj\",\"potentialAction\":[{\"@type\":\"SearchAction\",\"target\":{\"@type\":\"EntryPoint\",\"urlTemplate\":\"https:\\\/\\\/urbeamea.ro\\\/albaiulia\\\/?s={search_term_string}\"},\"query-input\":{\"@type\":\"PropertyValueSpecification\",\"valueRequired\":true,\"valueName\":\"search_term_string\"}}],\"inLanguage\":\"ro-RO\"},{\"@type\":\"Person\",\"@id\":\"https:\\\/\\\/urbeamea.ro\\\/albaiulia\\\/#\\\/schema\\\/person\\\/9700d21fae21c4f038b0b56f4506264a\",\"name\":\"Cristina Ganga\",\"image\":{\"@type\":\"ImageObject\",\"inLanguage\":\"ro-RO\",\"@id\":\"https:\\\/\\\/secure.gravatar.com\\\/avatar\\\/5a67661041f057b4a8ccaf26f5a8e86e2689372006d01faf3dd9eeb10b654bb4?s=96&d=mm&r=g\",\"url\":\"https:\\\/\\\/secure.gravatar.com\\\/avatar\\\/5a67661041f057b4a8ccaf26f5a8e86e2689372006d01faf3dd9eeb10b654bb4?s=96&d=mm&r=g\",\"contentUrl\":\"https:\\\/\\\/secure.gravatar.com\\\/avatar\\\/5a67661041f057b4a8ccaf26f5a8e86e2689372006d01faf3dd9eeb10b654bb4?s=96&d=mm&r=g\",\"caption\":\"Cristina Ganga\"},\"description\":\"Jurnalist\",\"sameAs\":[\"https:\\\/\\\/www.facebook.com\\\/cristina.nicola.587\"],\"url\":\"https:\\\/\\\/urbeamea.ro\\\/albaiulia\\\/author\\\/cristina-nicola\\\/\"}]}<\/script>\n<!-- \/ Yoast SEO plugin. -->","yoast_head_json":{"title":"FOTO: Sebastian Popescu, bursier al Funda\u021biei Comunitare Alba, \u0219i-a lansat primul volum de poezii - Revista Urbea Mea - Revista de Alba","description":"Biblioteca Jude\u021bean\u0103 \u201eLucian Blaga\u201d Alba a g\u0103zduit joi, 19 aprilie, lansarea volumului de poezii \u201eR\u0103scruce de g\u00e2nduri\u201d, volum de debut al t\u00e2n\u0103rului","robots":{"index":"index","follow":"follow","max-snippet":"max-snippet:-1","max-image-preview":"max-image-preview:large","max-video-preview":"max-video-preview:-1"},"canonical":"https:\/\/urbeamea.ro\/albaiulia\/foto-sebastian-popescu-bursier-al-fundatiei-comunitare-alba-si-a-lansat-primul-volum-de-poezii\/","twitter_card":"summary_large_image","twitter_title":"FOTO: Sebastian Popescu, bursier al Funda\u021biei Comunitare Alba, \u0219i-a lansat primul volum de poezii - Revista Urbea Mea - Revista de Alba","twitter_description":"Biblioteca Jude\u021bean\u0103 \u201eLucian Blaga\u201d Alba a g\u0103zduit joi, 19 aprilie, lansarea volumului de poezii \u201eR\u0103scruce de g\u00e2nduri\u201d, volum de debut al t\u00e2n\u0103rului","twitter_image":"https:\/\/urbeamea.ro\/albaiulia\/wp-content\/uploads\/2018\/04\/4.jpg","twitter_creator":"@urbeameaweb","twitter_site":"@urbeameaweb","schema":{"@context":"https:\/\/schema.org","@graph":[{"@type":"Article","@id":"https:\/\/urbeamea.ro\/albaiulia\/foto-sebastian-popescu-bursier-al-fundatiei-comunitare-alba-si-a-lansat-primul-volum-de-poezii\/#article","isPartOf":{"@id":"https:\/\/urbeamea.ro\/albaiulia\/foto-sebastian-popescu-bursier-al-fundatiei-comunitare-alba-si-a-lansat-primul-volum-de-poezii\/"},"author":{"name":"Cristina Ganga","@id":"https:\/\/urbeamea.ro\/albaiulia\/#\/schema\/person\/9700d21fae21c4f038b0b56f4506264a"},"headline":"FOTO: Sebastian Popescu, bursier al Funda\u021biei Comunitare Alba, \u0219i-a lansat primul volum de poezii","datePublished":"2018-04-20T12:12:34+00:00","mainEntityOfPage":{"@id":"https:\/\/urbeamea.ro\/albaiulia\/foto-sebastian-popescu-bursier-al-fundatiei-comunitare-alba-si-a-lansat-primul-volum-de-poezii\/"},"wordCount":1446,"commentCount":0,"image":{"@id":"https:\/\/urbeamea.ro\/albaiulia\/foto-sebastian-popescu-bursier-al-fundatiei-comunitare-alba-si-a-lansat-primul-volum-de-poezii\/#primaryimage"},"thumbnailUrl":"https:\/\/urbeamea.ro\/albaiulia\/wp-content\/uploads\/2018\/04\/4.jpg","keywords":["Biblioteca Jude\u0163ean\u0103 \u201cLucian Blaga\u201d Alba","bursier","fundatia comunitara alba","lansare","Sebastian Popescu","stiri","Urbea Mea","volum de poezii"],"articleSection":["Cultur\u0103"],"inLanguage":"ro-RO","potentialAction":[{"@type":"CommentAction","name":"Comment","target":["https:\/\/urbeamea.ro\/albaiulia\/foto-sebastian-popescu-bursier-al-fundatiei-comunitare-alba-si-a-lansat-primul-volum-de-poezii\/#respond"]}]},{"@type":"WebPage","@id":"https:\/\/urbeamea.ro\/albaiulia\/foto-sebastian-popescu-bursier-al-fundatiei-comunitare-alba-si-a-lansat-primul-volum-de-poezii\/","url":"https:\/\/urbeamea.ro\/albaiulia\/foto-sebastian-popescu-bursier-al-fundatiei-comunitare-alba-si-a-lansat-primul-volum-de-poezii\/","name":"FOTO: Sebastian Popescu, bursier al Funda\u021biei Comunitare Alba, \u0219i-a lansat primul volum de poezii - Revista Urbea Mea - Revista de Alba","isPartOf":{"@id":"https:\/\/urbeamea.ro\/albaiulia\/#website"},"primaryImageOfPage":{"@id":"https:\/\/urbeamea.ro\/albaiulia\/foto-sebastian-popescu-bursier-al-fundatiei-comunitare-alba-si-a-lansat-primul-volum-de-poezii\/#primaryimage"},"image":{"@id":"https:\/\/urbeamea.ro\/albaiulia\/foto-sebastian-popescu-bursier-al-fundatiei-comunitare-alba-si-a-lansat-primul-volum-de-poezii\/#primaryimage"},"thumbnailUrl":"https:\/\/urbeamea.ro\/albaiulia\/wp-content\/uploads\/2018\/04\/4.jpg","datePublished":"2018-04-20T12:12:34+00:00","author":{"@id":"https:\/\/urbeamea.ro\/albaiulia\/#\/schema\/person\/9700d21fae21c4f038b0b56f4506264a"},"description":"Biblioteca Jude\u021bean\u0103 \u201eLucian Blaga\u201d Alba a g\u0103zduit joi, 19 aprilie, lansarea volumului de poezii \u201eR\u0103scruce de g\u00e2nduri\u201d, volum de debut al t\u00e2n\u0103rului","breadcrumb":{"@id":"https:\/\/urbeamea.ro\/albaiulia\/foto-sebastian-popescu-bursier-al-fundatiei-comunitare-alba-si-a-lansat-primul-volum-de-poezii\/#breadcrumb"},"inLanguage":"ro-RO","potentialAction":[{"@type":"ReadAction","target":["https:\/\/urbeamea.ro\/albaiulia\/foto-sebastian-popescu-bursier-al-fundatiei-comunitare-alba-si-a-lansat-primul-volum-de-poezii\/"]}]},{"@type":"ImageObject","inLanguage":"ro-RO","@id":"https:\/\/urbeamea.ro\/albaiulia\/foto-sebastian-popescu-bursier-al-fundatiei-comunitare-alba-si-a-lansat-primul-volum-de-poezii\/#primaryimage","url":"https:\/\/urbeamea.ro\/albaiulia\/wp-content\/uploads\/2018\/04\/4.jpg","contentUrl":"https:\/\/urbeamea.ro\/albaiulia\/wp-content\/uploads\/2018\/04\/4.jpg","width":1200,"height":900},{"@type":"BreadcrumbList","@id":"https:\/\/urbeamea.ro\/albaiulia\/foto-sebastian-popescu-bursier-al-fundatiei-comunitare-alba-si-a-lansat-primul-volum-de-poezii\/#breadcrumb","itemListElement":[{"@type":"ListItem","position":1,"name":"Prima pagin\u0103","item":"https:\/\/urbeamea.ro\/albaiulia\/"},{"@type":"ListItem","position":2,"name":"FOTO: Sebastian Popescu, bursier al Funda\u021biei Comunitare Alba, \u0219i-a lansat primul volum de poezii"}]},{"@type":"WebSite","@id":"https:\/\/urbeamea.ro\/albaiulia\/#website","url":"https:\/\/urbeamea.ro\/albaiulia\/","name":"Revista Urbea Mea, Stiri urbane","description":"Evenimente \u0219i \u0219tiri din Alba Iulia, Sebe\u0219, Aiud, Blaj","potentialAction":[{"@type":"SearchAction","target":{"@type":"EntryPoint","urlTemplate":"https:\/\/urbeamea.ro\/albaiulia\/?s={search_term_string}"},"query-input":{"@type":"PropertyValueSpecification","valueRequired":true,"valueName":"search_term_string"}}],"inLanguage":"ro-RO"},{"@type":"Person","@id":"https:\/\/urbeamea.ro\/albaiulia\/#\/schema\/person\/9700d21fae21c4f038b0b56f4506264a","name":"Cristina Ganga","image":{"@type":"ImageObject","inLanguage":"ro-RO","@id":"https:\/\/secure.gravatar.com\/avatar\/5a67661041f057b4a8ccaf26f5a8e86e2689372006d01faf3dd9eeb10b654bb4?s=96&d=mm&r=g","url":"https:\/\/secure.gravatar.com\/avatar\/5a67661041f057b4a8ccaf26f5a8e86e2689372006d01faf3dd9eeb10b654bb4?s=96&d=mm&r=g","contentUrl":"https:\/\/secure.gravatar.com\/avatar\/5a67661041f057b4a8ccaf26f5a8e86e2689372006d01faf3dd9eeb10b654bb4?s=96&d=mm&r=g","caption":"Cristina Ganga"},"description":"Jurnalist","sameAs":["https:\/\/www.facebook.com\/cristina.nicola.587"],"url":"https:\/\/urbeamea.ro\/albaiulia\/author\/cristina-nicola\/"}]}},"_links":{"self":[{"href":"https:\/\/urbeamea.ro\/albaiulia\/wp-json\/wp\/v2\/posts\/61872","targetHints":{"allow":["GET"]}}],"collection":[{"href":"https:\/\/urbeamea.ro\/albaiulia\/wp-json\/wp\/v2\/posts"}],"about":[{"href":"https:\/\/urbeamea.ro\/albaiulia\/wp-json\/wp\/v2\/types\/post"}],"author":[{"embeddable":true,"href":"https:\/\/urbeamea.ro\/albaiulia\/wp-json\/wp\/v2\/users\/17"}],"replies":[{"embeddable":true,"href":"https:\/\/urbeamea.ro\/albaiulia\/wp-json\/wp\/v2\/comments?post=61872"}],"version-history":[{"count":0,"href":"https:\/\/urbeamea.ro\/albaiulia\/wp-json\/wp\/v2\/posts\/61872\/revisions"}],"wp:featuredmedia":[{"embeddable":true,"href":"https:\/\/urbeamea.ro\/albaiulia\/wp-json\/wp\/v2\/media\/61876"}],"wp:attachment":[{"href":"https:\/\/urbeamea.ro\/albaiulia\/wp-json\/wp\/v2\/media?parent=61872"}],"wp:term":[{"taxonomy":"category","embeddable":true,"href":"https:\/\/urbeamea.ro\/albaiulia\/wp-json\/wp\/v2\/categories?post=61872"},{"taxonomy":"post_tag","embeddable":true,"href":"https:\/\/urbeamea.ro\/albaiulia\/wp-json\/wp\/v2\/tags?post=61872"}],"curies":[{"name":"wp","href":"https:\/\/api.w.org\/{rel}","templated":true}]}}