{"id":61882,"date":"2018-04-20T16:09:52","date_gmt":"2018-04-20T13:09:52","guid":{"rendered":"https:\/\/urbeamea.ro\/albaiulia\/?p=61882"},"modified":"2018-04-20T16:15:05","modified_gmt":"2018-04-20T13:15:05","slug":"o-noua-serie-de-spectacole-la-alba-iulia-in-cadrul-festivalului-international-de-teatru-de-tineret-apollo-programul-pentru-ziua-de-vineri","status":"publish","type":"post","link":"https:\/\/urbeamea.ro\/albaiulia\/o-noua-serie-de-spectacole-la-alba-iulia-in-cadrul-festivalului-international-de-teatru-de-tineret-apollo-programul-pentru-ziua-de-vineri\/","title":{"rendered":"O nou\u0103 serie de spectacole la Alba Iulia \u00een cadrul Festivalului Interna\u0163ional de Teatru de Tineret APOLLO. Programul pentru ziua de VINERI"},"content":{"rendered":"<p><strong>Dup\u0103 un debut \u00een for\u0163\u0103, Festivalul\u00a0Interna\u0163ional de Teatru de Tineret APOLLO continu\u0103 \u015fi ast\u0103zi la Alba Iulia, cu o nou\u0103 serie de spectacole, unul mai interesant ca cel\u0103lalt. <\/strong><\/p>\n<p><strong>\u00cencep\u00e2nd cu ora 17.30, sunte\u0163i invita\u0163i s\u0103 vede\u0163i o expozi\u0163ie de tu\u015f semnat\u0103 de\u00a0Mari\u015f Guju Geta Maria, dup\u0103 care ve\u0163i avea ocazia s\u0103 vede\u0163i piese de tatru puse \u00een scen\u0103 de trupe venite din Rusia, Ucraina \u015fi bine\u00een\u0163eles, Rom\u00e2nia.<\/strong><\/p>\n<p><strong>DELART (Alba Iulia, RO)<\/strong><\/p>\n<p>Trupa s-a format \u00een 2013 la ini\u0163iativa elevilor care activeaz\u0103 \u00een cadrul Asocia\u0163iei Grupul Skepsis. Av\u00e2nd la baz\u0103 pasiunea pentru teatru, membrii trupei au participat la numeroase evenimente \u015fi programe cultural-artistice, aduc\u00e2nd \u00een fa\u0163a publicului spectacole de teatru, momente de teatru scurt, umor \u015fi poezie. Treptat, trupa \u00eencearc\u0103 s\u0103-\u015fi dezvolte un repertoriu propriu cu un joc bazat pe dinamism, entuziasm \u015fi mult\u0103 dragoste pentru arta dramatic\u0103.<\/p>\n<p><strong>O cerere neobi\u015fnuit\u0103<\/strong><\/p>\n<p>dup\u0103: Karinthy Frigyes<\/p>\n<p>Un t\u00e2n\u0103r \u015fomer, ajuns la 30 ani, se \u00eentoarce la liceul pe care l-a absolvit cu o cerere neobi\u015fnuit\u0103: vrea ca institu\u0163ia s\u0103 \u00eei restituie taxele \u015fcolare pe motiv ca \u00eenv\u0103\u0163\u0103tura din cei 4 ani petrecu\u0163i acolo nu l-a ajutat cu nimic \u00een via\u0163\u0103. Urmeaz\u0103 un examen \u00een care un consiliu de profesori vor s\u0103 \u00eei demonstreze c\u0103 totu\u015fi are ceva cuno\u015ftin\u0163e \u015fi informa\u0163ii, pe c\u00e2nd fostul elev se str\u0103duie\u015fte din r\u0103sputeri s\u0103-\u015fi demonstreze incompeten\u0163a la fiecare materie. Cine va avea c\u00e2\u015ftig de cauz\u0103 \u00een aceast\u0103 problem\u0103?<\/p>\n<p>Cu: Ioan Crisan, Antonella Serafino, Oliviu Grozav, Denise Acciaiuoli, Denisa Buruiana, Madalina Ra\u0163iu, Marc Valentina.<\/p>\n<p>Regizor: Viorel Cioflica<\/p>\n<p><strong>\u201cMUESLI\u201d THEATRE-STUDIO <\/strong><strong>(Tula, Rusia)<\/strong><\/p>\n<p>Teatrul \u201cMuesli\u201da fost fondat \u00een 2019. Liudmila Katsero este creatoarea, managerul \u015fi regizorul acestuia. Grupul reune\u015fte mai mul\u0163i tineri din universit\u0103\u0163i \u015fi licee din ora\u015ful Tula \u2013 \u201cMuesli\u201d \u00eenseamn\u0103 un \u201camestec\u201d de incrediente diferite. Deasemenea, denumirea face trimitere la unul din principiile de baz\u0103 dup\u0103 care lucreaz\u0103 acest grup: fantezie, libertate, abordarea de genuri diverse \u015fi egalitatea tuturor celor care particip\u0103 la demersul creative.<\/p>\n<p>Grupul a creat peste o duzin\u0103 de spectacole de genuri diferite \u2013 inspirate \u015fi bazate pe lucr\u0103rile unor autori ru\u015fi sau din literature universal\u0103 \u015fi contemporan\u0103. Teatrul-studio \u201cMuesli\u201d a participat la festivaluri na\u0163ionale \u00een rusia \u015fi la festivaluri interna\u0163ionale \u00een Ucraina, Belarus, Bosnia \u015fi Her\u0163egovina, Muntenegru, Bulgaria, Spania \u015fi Germania.<\/p>\n<p><strong>Cu Susul \u00een Jos! <\/strong><\/p>\n<p>dup\u0103: Liudmila Katsero<\/p>\n<p>Un amestec de pantomim\u0103, colvnerie \u015fi dans care spune povestea unei lumi bizarre. Spectacolul prezint\u0103 mai multe episoade scurte, povestiri diferite despre personaje care tr\u0103iesc pe cealalt\u0103 fa\u0163\u0103 a P\u0103m\u00e2ntului. Fiecare episode are intriga lui \u00eens\u0103 toate episoadele sunt inspirate \u015fi fac trimitere la atmosfera stranie \u015fi totodat\u0103 inocent\u0103 a copil\u0103riei. Spectacolul \u00eencepe cu Creerea Lumii, unde apar rand pe rand copiii, tinerii, adul\u0163ii \u015fi b\u0103tr\u00e2nii. Bunicu\u0163ele Spa\u0163iale, Balerina de H\u00e2rtie, Ceasornicarul sau Extratere\u015ftrii sunt doar c\u00e2teva din personajele care tr\u0103iesc pe cealalt\u0103 fa\u0163\u0103 a P\u0103m\u00e2ntului. Spectacolul include efecte de z\u0103pad\u0103 sau baloane de s\u0103pun, momente de clovnerie, pantomom\u0103 \u015fi interac\u0163iune cu publicul.<\/p>\n<p><strong>Cu: <\/strong>Veronika Velichko; Valeria Khazanskaya; Anastasia Trakhacheva; Daria Zaitceva; Ksenia Kozlova; Anastasia Pastushenko; Nikita Kiriushin; Anna Zavialova; Anastasia Ganiushkina; Kirill Monakhov;<\/p>\n<p><strong>Machiaj:<\/strong> Valeria Khazanskaya; Anastasia Trakhacheva;<\/p>\n<p><strong>Regie:<\/strong> Liudmila Katsero<\/p>\n<p><strong>MASKAM RAD <\/strong><strong>(Kiev, Ucraina)<\/strong><\/p>\n<p>Teatrul Maskam Rad a fost fondat \u00een 2011 de un grup de entuzia\u015fti \u2013 este un loc \u00een care se descoper\u0103 talentul, \u00een care se \u00eencurajeaz\u0103 poten\u0163ialul creativ al elevilor \u015fi studen\u0163ilor din Kiev, deschis \u015fi membrilor ai altor grupuri artistice \u015fi teatre din Kiev, indiferent de v\u00e2rst\u0103 sau specific al activit\u0103\u0163ii. Fondatorii grupului \u015fi-au asumat misiunea de a revitaliza tradi\u0163ia teatrului popular autentic. Teatrul Maskam Rad a participat deja la numeroase evenimente interna\u0163ionale \u015fi este organizatorul Festivalului Interna\u0163ional de Teatru JOYFEST (Kiev), ale c\u0103rui prime edi\u0163ii au avut loc \u00een octombrie 2013 \u015fi octombrie 2014<\/p>\n<p><strong>Ursul<\/strong><\/p>\n<p>dup\u0103: A.P.Cehov<\/p>\n<p>O comedie a c\u0103rei umor deriv\u0103 \u00een mare parte din incon\u015ftien\u0163a de sine a personajelor. Popova, o t\u00e2n\u0103r\u0103 v\u0103duv\u0103 de neconsolat \u015fi Smirnov, un b\u0103rbat misogin, dou\u0103 personaje care pretend a fi mai mult dec\u00e2t sunt de fapt.<\/p>\n<p>Piesa are loc \u00een camera de oaspe\u0163i a Popovei, la 7 luni de la moartea so\u0163ului ei. De la moartea acestuia, ea poart\u0103 doliu \u015fi nu a mai p\u0103r\u0103sit casa. Servitorul ei, Luka, \u00eencearc\u0103 s\u0103 o conving\u0103 s\u0103 renun\u0163e la doliu \u015fi s\u0103 revin\u0103 la via\u0163\u0103. Ea \u00eel ignor\u0103 pe motiv c\u0103 vrea s\u0103 r\u0103m\u00e2n\u0103 fidel\u0103 memoriei so\u0163ului ei. O vizit\u0103 nea\u015fteptat\u0103 rupe lini\u015ftea casei: Grigory Stepanovici Smirnov vine s\u0103 recupereze o datorie pe care so\u0163ul Popovei o are la el.<\/p>\n<p><strong>Cu:<\/strong> Ahmed Esmurziev; Dmitro Matusov; Oleg Shuspannikov;<\/p>\n<p><strong>Regia:<\/strong> Ahmed Esmurziev<\/p>\n<p><strong>SKEPSIS (Alba Iulia, Rom\u00e2nia)<\/strong><\/p>\n<p>Compania de teatru Skepsis a luat fiin\u0163\u0103 \u00een 2002 ca \u015fi grup studen\u0163esc. \u00cen 2006 a fost fondat\u0103 Asocia\u0163ia Grupul Skepsis cu misiunea dezvolt\u0103rii vie\u0163ii cultural-artistice a comunit\u0103\u0163ii. \u00cen prezent suntem un partener constant al autorit\u0103\u0163ilor locale \u00een proiecte \u015fi programe culturale, av\u00e2nd un repertoriu bogat \u015fi un public fidel. Grupul Skepsis este o dovad\u0103 vie a faptului c\u0103 cetatea noastr\u0103 are o inim\u0103 care vrea s\u0103 bat\u0103 cu pasiune. Grupul Skepsis nu dore\u015fte s\u0103 dovedeasc\u0103 ceva, ci mai degrab\u0103 s\u0103 descopere. Toate spectacolele noastre ascund ceva care incit\u0103 \u015fi a\u015fteapt\u0103 s\u0103 fie descoperit &#8211; sentimentul de comunitate, de \u00eemp\u0103rt\u0103\u015fire a g\u00e2ndurilor \u015fi emo\u0163iilor colective \u00een spiritul umorului iste\u0163. Ne g\u00e2ndim spectacolele ca pe o provocare de a descoperi ceva esen\u0163ial ce \u0163ine de sine, de spiritualitatea uman\u0103, de experien\u0163a de a fi legat \u00een sens profund de comunitatea din care faci parte.<\/p>\n<p><strong>Nepoata-So\u0163ie<\/strong><\/p>\n<p>dup\u0103: Eugene Ionesco<\/p>\n<p>Nepoata-So\u0163ie, denumit\u0103 \u015fi Act Juridic, se construie\u015fte pe cearta din interiorul unui triunghi amoros din \u00eenalta aristocra\u0163ie, ceart\u0103 iscat\u0103 de moftul absurd al Vicontelui de a-\u015fi transforma so\u0163ia, (Vicontesa &#8211; a c\u0103rei noble\u0163e este degradat\u0103 de promiscuitate) \u00een nepoat\u0103 doar pentru a-\u015fi etala puterea absolut\u0103. Aceast\u0103 decizie este contestat\u0103 de Baron, dar nu pentru ilogicul ei, ci pentru un motiv care nu face dec\u00e2t s\u0103 amplifice absurdul situa\u0163iei. Fiind inferior ca si rang Vicontelui, Baronul isi manifesta puterea asupra sotiei sale, care sub abuzurile repetate ale acestuia, devine o expresie a neputintei. Justi\u0163ia pervertit\u0103 \u015fi aservit\u0103, care subordoneaza adevarul interesului celui mai tare, este reprezentat\u0103 de Maestrul Pipistrelle, a c\u0103rui solu\u0163ie culmineaz\u0103 printr-o propunere stupid\u0103, dar acceptat\u0103 de toat\u0103 lumea.<\/p>\n<p><strong>Cu:<\/strong> R\u0103zvan Cociobea; Vasile D\u00eeng\u0103; Viorel Cioflic\u0103; Vinicius Moldovan; Elena Smeu-Mare; Andrada Balea; Daniel Muntean; Ludmila Cioflica<\/p>\n<p><strong>Asist tehn:<\/strong> Andreea Aron.<\/p>\n<p><strong>Regia:<\/strong> Viorel Cioflic\u0103<\/p>\n<p><strong>\u201cDin Umbr\u0103\u201d \u2013 Expozi\u0163ie de Grafic\u0103 \u00een Tu\u015f<\/strong><\/p>\n<p><strong>Mari\u015f Guju Geta Maria<\/strong><\/p>\n<p>\u00cen fiecare an, Festivalul Apollo g\u0103zduie\u015fte evenimente conexe, \u00een spiritual promov\u0103rii spiritului creator \u015fi al punerii \u00een valoare a arti\u015ftilor din Alba Iulia \u015fi jude\u0163ul Alba.<\/p>\n<p><em>\u201cDe\u015fi am bifat o expozi\u0163ie personal\u0103, c\u00e2teva expozi\u0163ii colective cu Arttrad Sebe\u015f \u015fi am participat cu lucr\u0103ri la expozi\u0163iile Galeriei Elite Prof Art din Bucure\u015fti, nu am preten\u0163ia titulaturii de pictor, prefer s\u0103 m\u0103 numesc \u201cartist din pasiune\u201d. Timpul meu alocat picturii, \u00een special graficii, se vrea a fi o \u201cevadare din via\u0163a cotidian\u0103\u201d, o \u201credefinire a existen\u0163ei palpabile\u201d.<\/em><\/p>\n<p><em>Am urm\u0103rit, din umbr\u0103, cu interes spectacolele prezentate \u00een cadrul festivalului Apollo \u00een anii trecu\u0163i \u015fi de aici \u015fi idea transpunerii unor momente \u00een lucr\u0103ri grafice, pe baza unui set de fotografii. Salman Rushdie spunea ca singurii oameni care percep \u00eentregul tablou sunt cei care ies afar\u0103 din cadru. V\u0103 invit, dinafara scenei, s\u0103 surprinde\u0163i aspecte din editiile trecute ale festivalului, transpuse \u00een linii de peni\u0163\u0103.\u201c<\/em><\/p>\n<p><strong><u>Vineri <\/u><\/strong><strong><u>&#8211;<\/u><\/strong><strong><u> 20.04.2018<\/u><\/strong><\/p>\n<p><strong>17.30 \u2013 EXPOZI\u0162IE \u00ceN TU\u015e<\/strong><\/p>\n<p><strong><em>Din Umbr\u0103<\/em><\/strong><\/p>\n<p>Artist: Mari\u015f Guju Geta Maria<\/p>\n<p>Casa de Cultur\u0103 a Studen\u0163ilor<\/p>\n<p><strong>18.00 &#8211; <\/strong><strong>\u201cMUESLI\u201d THEATRE-STUDIO <\/strong><strong>(Tula, Rusia)<\/strong><\/p>\n<p><strong><em>Cu Susul \u00een Jos <\/em><\/strong>&#8211; dup\u0103 Liudmila Katsero<\/p>\n<p>Regia: Liudmila Katsero<\/p>\n<p>Casa de Cultur\u0103 a Studen\u0163ilor \u2013 Sala Mare<\/p>\n<p><strong>19.20 \u2013 <\/strong><strong>MASKAM RAD (Kiev, Ucraina)<\/strong><\/p>\n<p><strong><em>Ursul <\/em><\/strong>&#8211; dup\u0103 A.P.Chekhov<\/p>\n<p>Regia: Ahmed Esmurziev<\/p>\n<p>Casa de Cultur\u0103 a Studen\u0163ilor \u2013 Sala Studio<\/p>\n<p><strong>20.00 &#8211; DELART (Alba Iulia, Rom\u00e2nia)<\/strong><\/p>\n<p><strong><em>O cerere neobisnuita <\/em><\/strong><strong>&#8211; <\/strong>dup\u0103 Karinthy Frigyes<\/p>\n<p>Regia: Viorel Cioflic\u0103<\/p>\n<p>Casa de Cultur\u0103 a Studen\u0163ilor \u2013 Sala Mare<\/p>\n<p><strong>20.40 &#8211; SKEPSIS (Alba Iulia, Rom\u00e2nia)<\/strong><\/p>\n<p><strong><em>Nepoata-So\u0163ie <\/em><\/strong>&#8211; dup\u0103 Eugene Ionesco<\/p>\n<p>Regia: Viorel Cioflic\u0103<\/p>\n<p>Casa de Cultur\u0103 a Studen\u0163ilor \u2013 Sala Mare<\/p>\n<p>APOLLO este un proiect \u00eenceput \u00een 2014, menit s\u0103 promoveze Alba Iulia ca un punct de reper \u00een peisajul cultural interna\u0163ional al evenimentelor de tineret. Festivalul APOLLO este o invita\u0163ie adresat\u0103 grupurilor \u015fi companiilor tinere teatru de amatori sau profesioni\u015fti (media de v\u00e2rst\u0103 a grupului \u00eentre 18-35 ani) de a se \u00eent\u00e2lni, de a \u00eenv\u0103\u0163a \u015fi de a oferi reprezenta\u0163ii comunit\u0103\u0163ii din Alba Iulia, Rom\u00e2nia.<\/p>\n<p>Pe parcursul a 4 zile de Festival participan\u0163ii vor oferi publicului spectacole diverse \u2013 grupurile participante provenind din zone diferite, venind cu concep\u0163ii proprii de spectacol, cu stiluri \u015fi vizuni diferite. Festivalul nu este unul bazat pe competi\u0163ie, urm\u0103rind s\u0103 ofere grupurilor \u015fi companiilor tinere din \u0163ar\u0103 \u015fi str\u0103in\u0103tate posibilitatea de a forma leg\u0103turi, pun\u0163i de colaborare artistic\u0103, de a-\u015fi dezvolta performan\u0163a artistic\u0103 \u015fi abilit\u0103\u0163ile de scen\u0103, \u00eenv\u0103\u0163\u00e2nd, descoperind \u015fi explor\u00e2nd \u00eempreun\u0103 spiritul de toleran\u0163\u0103 \u015fi de cooperare prin intermediul artei.<\/p>\n<p>&nbsp;<\/p>\n","protected":false},"excerpt":{"rendered":"<p>Dup\u0103 un debut \u00een for\u0163\u0103, Festivalul\u00a0Interna\u0163ional de Teatru de Tineret APOLLO continu\u0103 \u015fi ast\u0103zi la Alba Iulia, cu o nou\u0103 serie de spectacole, unul mai interesant ca cel\u0103lalt. \u00cencep\u00e2nd cu ora 17.30, sunte\u0163i invita\u0163i s\u0103 vede\u0163i o expozi\u0163ie de tu\u015f semnat\u0103 de\u00a0Mari\u015f Guju Geta Maria, dup\u0103 care ve\u0163i avea ocazia s\u0103 vede\u0163i piese de tatru &hellip;<\/p>\n","protected":false},"author":17,"featured_media":61883,"comment_status":"open","ping_status":"open","sticky":false,"template":"","format":"standard","meta":{"inline_featured_image":false,"footnotes":""},"categories":[4],"tags":[31,923,15016,996,2649,378,308,15017,2060,76],"class_list":["post-61882","post","type-post","status-publish","format-standard","has-post-thumbnail","hentry","category-eveniment","tag-alba-iulia","tag-delart","tag-festivalul-internationala-de-teatru-de-tineret-apollo","tag-piese-de-teatru","tag-rusia","tag-skepsis","tag-stiri","tag-trupe-strainatate","tag-ucraina","tag-urbea-mea"],"yoast_head":"<!-- This site is optimized with the Yoast SEO plugin v27.4 - https:\/\/yoast.com\/product\/yoast-seo-wordpress\/ -->\n<title>O nou\u0103 serie de spectacole la Alba Iulia \u00een cadrul Festivalului Interna\u0163ional de Teatru de Tineret APOLLO. Programul pentru ziua de VINERI - Revista Urbea Mea - Revista de Alba<\/title>\n<meta name=\"description\" content=\"Dup\u0103 un debut \u00een for\u0163\u0103, Festivalul\u00a0Interna\u0163ional de Teatru de Tineret APOLLO continu\u0103 \u015fi ast\u0103zi la Alba Iulia, cu o nou\u0103 serie de spectacole, unul mai\" \/>\n<meta name=\"robots\" content=\"index, follow, max-snippet:-1, max-image-preview:large, max-video-preview:-1\" \/>\n<link rel=\"canonical\" href=\"https:\/\/urbeamea.ro\/albaiulia\/o-noua-serie-de-spectacole-la-alba-iulia-in-cadrul-festivalului-international-de-teatru-de-tineret-apollo-programul-pentru-ziua-de-vineri\/\" \/>\n<meta name=\"twitter:card\" content=\"summary_large_image\" \/>\n<meta name=\"twitter:title\" content=\"O nou\u0103 serie de spectacole la Alba Iulia \u00een cadrul Festivalului Interna\u0163ional de Teatru de Tineret APOLLO. Programul pentru ziua de VINERI - Revista Urbea Mea - Revista de Alba\" \/>\n<meta name=\"twitter:description\" content=\"Dup\u0103 un debut \u00een for\u0163\u0103, Festivalul\u00a0Interna\u0163ional de Teatru de Tineret APOLLO continu\u0103 \u015fi ast\u0103zi la Alba Iulia, cu o nou\u0103 serie de spectacole, unul mai\" \/>\n<meta name=\"twitter:image\" content=\"https:\/\/urbeamea.ro\/albaiulia\/wp-content\/uploads\/2018\/04\/30743932_1651991811553984_6094564899886997835_n.jpg\" \/>\n<meta name=\"twitter:creator\" content=\"@urbeameaweb\" \/>\n<meta name=\"twitter:site\" content=\"@urbeameaweb\" \/>\n<script type=\"application\/ld+json\" class=\"yoast-schema-graph\">{\"@context\":\"https:\\\/\\\/schema.org\",\"@graph\":[{\"@type\":\"Article\",\"@id\":\"https:\\\/\\\/urbeamea.ro\\\/albaiulia\\\/o-noua-serie-de-spectacole-la-alba-iulia-in-cadrul-festivalului-international-de-teatru-de-tineret-apollo-programul-pentru-ziua-de-vineri\\\/#article\",\"isPartOf\":{\"@id\":\"https:\\\/\\\/urbeamea.ro\\\/albaiulia\\\/o-noua-serie-de-spectacole-la-alba-iulia-in-cadrul-festivalului-international-de-teatru-de-tineret-apollo-programul-pentru-ziua-de-vineri\\\/\"},\"author\":{\"name\":\"Cristina Ganga\",\"@id\":\"https:\\\/\\\/urbeamea.ro\\\/albaiulia\\\/#\\\/schema\\\/person\\\/9700d21fae21c4f038b0b56f4506264a\"},\"headline\":\"O nou\u0103 serie de spectacole la Alba Iulia \u00een cadrul Festivalului Interna\u0163ional de Teatru de Tineret APOLLO. Programul pentru ziua de VINERI\",\"datePublished\":\"2018-04-20T13:09:52+00:00\",\"dateModified\":\"2018-04-20T13:15:05+00:00\",\"mainEntityOfPage\":{\"@id\":\"https:\\\/\\\/urbeamea.ro\\\/albaiulia\\\/o-noua-serie-de-spectacole-la-alba-iulia-in-cadrul-festivalului-international-de-teatru-de-tineret-apollo-programul-pentru-ziua-de-vineri\\\/\"},\"wordCount\":1634,\"commentCount\":0,\"image\":{\"@id\":\"https:\\\/\\\/urbeamea.ro\\\/albaiulia\\\/o-noua-serie-de-spectacole-la-alba-iulia-in-cadrul-festivalului-international-de-teatru-de-tineret-apollo-programul-pentru-ziua-de-vineri\\\/#primaryimage\"},\"thumbnailUrl\":\"https:\\\/\\\/urbeamea.ro\\\/albaiulia\\\/wp-content\\\/uploads\\\/2018\\\/04\\\/30743932_1651991811553984_6094564899886997835_n.jpg\",\"keywords\":[\"Alba Iulia\",\"DelArt\",\"festivalul internationala de teatru de tineret apollo\",\"piese de teatru\",\"rusia\",\"skepsis\",\"stiri\",\"trupe strainatate\",\"ucraina\",\"Urbea Mea\"],\"articleSection\":[\"Evenimente\"],\"inLanguage\":\"ro-RO\",\"potentialAction\":[{\"@type\":\"CommentAction\",\"name\":\"Comment\",\"target\":[\"https:\\\/\\\/urbeamea.ro\\\/albaiulia\\\/o-noua-serie-de-spectacole-la-alba-iulia-in-cadrul-festivalului-international-de-teatru-de-tineret-apollo-programul-pentru-ziua-de-vineri\\\/#respond\"]}]},{\"@type\":\"WebPage\",\"@id\":\"https:\\\/\\\/urbeamea.ro\\\/albaiulia\\\/o-noua-serie-de-spectacole-la-alba-iulia-in-cadrul-festivalului-international-de-teatru-de-tineret-apollo-programul-pentru-ziua-de-vineri\\\/\",\"url\":\"https:\\\/\\\/urbeamea.ro\\\/albaiulia\\\/o-noua-serie-de-spectacole-la-alba-iulia-in-cadrul-festivalului-international-de-teatru-de-tineret-apollo-programul-pentru-ziua-de-vineri\\\/\",\"name\":\"O nou\u0103 serie de spectacole la Alba Iulia \u00een cadrul Festivalului Interna\u0163ional de Teatru de Tineret APOLLO. Programul pentru ziua de VINERI - Revista Urbea Mea - Revista de Alba\",\"isPartOf\":{\"@id\":\"https:\\\/\\\/urbeamea.ro\\\/albaiulia\\\/#website\"},\"primaryImageOfPage\":{\"@id\":\"https:\\\/\\\/urbeamea.ro\\\/albaiulia\\\/o-noua-serie-de-spectacole-la-alba-iulia-in-cadrul-festivalului-international-de-teatru-de-tineret-apollo-programul-pentru-ziua-de-vineri\\\/#primaryimage\"},\"image\":{\"@id\":\"https:\\\/\\\/urbeamea.ro\\\/albaiulia\\\/o-noua-serie-de-spectacole-la-alba-iulia-in-cadrul-festivalului-international-de-teatru-de-tineret-apollo-programul-pentru-ziua-de-vineri\\\/#primaryimage\"},\"thumbnailUrl\":\"https:\\\/\\\/urbeamea.ro\\\/albaiulia\\\/wp-content\\\/uploads\\\/2018\\\/04\\\/30743932_1651991811553984_6094564899886997835_n.jpg\",\"datePublished\":\"2018-04-20T13:09:52+00:00\",\"dateModified\":\"2018-04-20T13:15:05+00:00\",\"author\":{\"@id\":\"https:\\\/\\\/urbeamea.ro\\\/albaiulia\\\/#\\\/schema\\\/person\\\/9700d21fae21c4f038b0b56f4506264a\"},\"description\":\"Dup\u0103 un debut \u00een for\u0163\u0103, Festivalul\u00a0Interna\u0163ional de Teatru de Tineret APOLLO continu\u0103 \u015fi ast\u0103zi la Alba Iulia, cu o nou\u0103 serie de spectacole, unul mai\",\"breadcrumb\":{\"@id\":\"https:\\\/\\\/urbeamea.ro\\\/albaiulia\\\/o-noua-serie-de-spectacole-la-alba-iulia-in-cadrul-festivalului-international-de-teatru-de-tineret-apollo-programul-pentru-ziua-de-vineri\\\/#breadcrumb\"},\"inLanguage\":\"ro-RO\",\"potentialAction\":[{\"@type\":\"ReadAction\",\"target\":[\"https:\\\/\\\/urbeamea.ro\\\/albaiulia\\\/o-noua-serie-de-spectacole-la-alba-iulia-in-cadrul-festivalului-international-de-teatru-de-tineret-apollo-programul-pentru-ziua-de-vineri\\\/\"]}]},{\"@type\":\"ImageObject\",\"inLanguage\":\"ro-RO\",\"@id\":\"https:\\\/\\\/urbeamea.ro\\\/albaiulia\\\/o-noua-serie-de-spectacole-la-alba-iulia-in-cadrul-festivalului-international-de-teatru-de-tineret-apollo-programul-pentru-ziua-de-vineri\\\/#primaryimage\",\"url\":\"https:\\\/\\\/urbeamea.ro\\\/albaiulia\\\/wp-content\\\/uploads\\\/2018\\\/04\\\/30743932_1651991811553984_6094564899886997835_n.jpg\",\"contentUrl\":\"https:\\\/\\\/urbeamea.ro\\\/albaiulia\\\/wp-content\\\/uploads\\\/2018\\\/04\\\/30743932_1651991811553984_6094564899886997835_n.jpg\",\"width\":679,\"height\":960},{\"@type\":\"BreadcrumbList\",\"@id\":\"https:\\\/\\\/urbeamea.ro\\\/albaiulia\\\/o-noua-serie-de-spectacole-la-alba-iulia-in-cadrul-festivalului-international-de-teatru-de-tineret-apollo-programul-pentru-ziua-de-vineri\\\/#breadcrumb\",\"itemListElement\":[{\"@type\":\"ListItem\",\"position\":1,\"name\":\"Prima pagin\u0103\",\"item\":\"https:\\\/\\\/urbeamea.ro\\\/albaiulia\\\/\"},{\"@type\":\"ListItem\",\"position\":2,\"name\":\"O nou\u0103 serie de spectacole la Alba Iulia \u00een cadrul Festivalului Interna\u0163ional de Teatru de Tineret APOLLO. Programul pentru ziua de VINERI\"}]},{\"@type\":\"WebSite\",\"@id\":\"https:\\\/\\\/urbeamea.ro\\\/albaiulia\\\/#website\",\"url\":\"https:\\\/\\\/urbeamea.ro\\\/albaiulia\\\/\",\"name\":\"Revista Urbea Mea, Stiri urbane\",\"description\":\"Evenimente \u0219i \u0219tiri din Alba Iulia, Sebe\u0219, Aiud, Blaj\",\"potentialAction\":[{\"@type\":\"SearchAction\",\"target\":{\"@type\":\"EntryPoint\",\"urlTemplate\":\"https:\\\/\\\/urbeamea.ro\\\/albaiulia\\\/?s={search_term_string}\"},\"query-input\":{\"@type\":\"PropertyValueSpecification\",\"valueRequired\":true,\"valueName\":\"search_term_string\"}}],\"inLanguage\":\"ro-RO\"},{\"@type\":\"Person\",\"@id\":\"https:\\\/\\\/urbeamea.ro\\\/albaiulia\\\/#\\\/schema\\\/person\\\/9700d21fae21c4f038b0b56f4506264a\",\"name\":\"Cristina Ganga\",\"image\":{\"@type\":\"ImageObject\",\"inLanguage\":\"ro-RO\",\"@id\":\"https:\\\/\\\/secure.gravatar.com\\\/avatar\\\/5a67661041f057b4a8ccaf26f5a8e86e2689372006d01faf3dd9eeb10b654bb4?s=96&d=mm&r=g\",\"url\":\"https:\\\/\\\/secure.gravatar.com\\\/avatar\\\/5a67661041f057b4a8ccaf26f5a8e86e2689372006d01faf3dd9eeb10b654bb4?s=96&d=mm&r=g\",\"contentUrl\":\"https:\\\/\\\/secure.gravatar.com\\\/avatar\\\/5a67661041f057b4a8ccaf26f5a8e86e2689372006d01faf3dd9eeb10b654bb4?s=96&d=mm&r=g\",\"caption\":\"Cristina Ganga\"},\"description\":\"Jurnalist\",\"sameAs\":[\"https:\\\/\\\/www.facebook.com\\\/cristina.nicola.587\"],\"url\":\"https:\\\/\\\/urbeamea.ro\\\/albaiulia\\\/author\\\/cristina-nicola\\\/\"}]}<\/script>\n<!-- \/ Yoast SEO plugin. -->","yoast_head_json":{"title":"O nou\u0103 serie de spectacole la Alba Iulia \u00een cadrul Festivalului Interna\u0163ional de Teatru de Tineret APOLLO. Programul pentru ziua de VINERI - Revista Urbea Mea - Revista de Alba","description":"Dup\u0103 un debut \u00een for\u0163\u0103, Festivalul\u00a0Interna\u0163ional de Teatru de Tineret APOLLO continu\u0103 \u015fi ast\u0103zi la Alba Iulia, cu o nou\u0103 serie de spectacole, unul mai","robots":{"index":"index","follow":"follow","max-snippet":"max-snippet:-1","max-image-preview":"max-image-preview:large","max-video-preview":"max-video-preview:-1"},"canonical":"https:\/\/urbeamea.ro\/albaiulia\/o-noua-serie-de-spectacole-la-alba-iulia-in-cadrul-festivalului-international-de-teatru-de-tineret-apollo-programul-pentru-ziua-de-vineri\/","twitter_card":"summary_large_image","twitter_title":"O nou\u0103 serie de spectacole la Alba Iulia \u00een cadrul Festivalului Interna\u0163ional de Teatru de Tineret APOLLO. Programul pentru ziua de VINERI - Revista Urbea Mea - Revista de Alba","twitter_description":"Dup\u0103 un debut \u00een for\u0163\u0103, Festivalul\u00a0Interna\u0163ional de Teatru de Tineret APOLLO continu\u0103 \u015fi ast\u0103zi la Alba Iulia, cu o nou\u0103 serie de spectacole, unul mai","twitter_image":"https:\/\/urbeamea.ro\/albaiulia\/wp-content\/uploads\/2018\/04\/30743932_1651991811553984_6094564899886997835_n.jpg","twitter_creator":"@urbeameaweb","twitter_site":"@urbeameaweb","schema":{"@context":"https:\/\/schema.org","@graph":[{"@type":"Article","@id":"https:\/\/urbeamea.ro\/albaiulia\/o-noua-serie-de-spectacole-la-alba-iulia-in-cadrul-festivalului-international-de-teatru-de-tineret-apollo-programul-pentru-ziua-de-vineri\/#article","isPartOf":{"@id":"https:\/\/urbeamea.ro\/albaiulia\/o-noua-serie-de-spectacole-la-alba-iulia-in-cadrul-festivalului-international-de-teatru-de-tineret-apollo-programul-pentru-ziua-de-vineri\/"},"author":{"name":"Cristina Ganga","@id":"https:\/\/urbeamea.ro\/albaiulia\/#\/schema\/person\/9700d21fae21c4f038b0b56f4506264a"},"headline":"O nou\u0103 serie de spectacole la Alba Iulia \u00een cadrul Festivalului Interna\u0163ional de Teatru de Tineret APOLLO. Programul pentru ziua de VINERI","datePublished":"2018-04-20T13:09:52+00:00","dateModified":"2018-04-20T13:15:05+00:00","mainEntityOfPage":{"@id":"https:\/\/urbeamea.ro\/albaiulia\/o-noua-serie-de-spectacole-la-alba-iulia-in-cadrul-festivalului-international-de-teatru-de-tineret-apollo-programul-pentru-ziua-de-vineri\/"},"wordCount":1634,"commentCount":0,"image":{"@id":"https:\/\/urbeamea.ro\/albaiulia\/o-noua-serie-de-spectacole-la-alba-iulia-in-cadrul-festivalului-international-de-teatru-de-tineret-apollo-programul-pentru-ziua-de-vineri\/#primaryimage"},"thumbnailUrl":"https:\/\/urbeamea.ro\/albaiulia\/wp-content\/uploads\/2018\/04\/30743932_1651991811553984_6094564899886997835_n.jpg","keywords":["Alba Iulia","DelArt","festivalul internationala de teatru de tineret apollo","piese de teatru","rusia","skepsis","stiri","trupe strainatate","ucraina","Urbea Mea"],"articleSection":["Evenimente"],"inLanguage":"ro-RO","potentialAction":[{"@type":"CommentAction","name":"Comment","target":["https:\/\/urbeamea.ro\/albaiulia\/o-noua-serie-de-spectacole-la-alba-iulia-in-cadrul-festivalului-international-de-teatru-de-tineret-apollo-programul-pentru-ziua-de-vineri\/#respond"]}]},{"@type":"WebPage","@id":"https:\/\/urbeamea.ro\/albaiulia\/o-noua-serie-de-spectacole-la-alba-iulia-in-cadrul-festivalului-international-de-teatru-de-tineret-apollo-programul-pentru-ziua-de-vineri\/","url":"https:\/\/urbeamea.ro\/albaiulia\/o-noua-serie-de-spectacole-la-alba-iulia-in-cadrul-festivalului-international-de-teatru-de-tineret-apollo-programul-pentru-ziua-de-vineri\/","name":"O nou\u0103 serie de spectacole la Alba Iulia \u00een cadrul Festivalului Interna\u0163ional de Teatru de Tineret APOLLO. Programul pentru ziua de VINERI - Revista Urbea Mea - Revista de Alba","isPartOf":{"@id":"https:\/\/urbeamea.ro\/albaiulia\/#website"},"primaryImageOfPage":{"@id":"https:\/\/urbeamea.ro\/albaiulia\/o-noua-serie-de-spectacole-la-alba-iulia-in-cadrul-festivalului-international-de-teatru-de-tineret-apollo-programul-pentru-ziua-de-vineri\/#primaryimage"},"image":{"@id":"https:\/\/urbeamea.ro\/albaiulia\/o-noua-serie-de-spectacole-la-alba-iulia-in-cadrul-festivalului-international-de-teatru-de-tineret-apollo-programul-pentru-ziua-de-vineri\/#primaryimage"},"thumbnailUrl":"https:\/\/urbeamea.ro\/albaiulia\/wp-content\/uploads\/2018\/04\/30743932_1651991811553984_6094564899886997835_n.jpg","datePublished":"2018-04-20T13:09:52+00:00","dateModified":"2018-04-20T13:15:05+00:00","author":{"@id":"https:\/\/urbeamea.ro\/albaiulia\/#\/schema\/person\/9700d21fae21c4f038b0b56f4506264a"},"description":"Dup\u0103 un debut \u00een for\u0163\u0103, Festivalul\u00a0Interna\u0163ional de Teatru de Tineret APOLLO continu\u0103 \u015fi ast\u0103zi la Alba Iulia, cu o nou\u0103 serie de spectacole, unul mai","breadcrumb":{"@id":"https:\/\/urbeamea.ro\/albaiulia\/o-noua-serie-de-spectacole-la-alba-iulia-in-cadrul-festivalului-international-de-teatru-de-tineret-apollo-programul-pentru-ziua-de-vineri\/#breadcrumb"},"inLanguage":"ro-RO","potentialAction":[{"@type":"ReadAction","target":["https:\/\/urbeamea.ro\/albaiulia\/o-noua-serie-de-spectacole-la-alba-iulia-in-cadrul-festivalului-international-de-teatru-de-tineret-apollo-programul-pentru-ziua-de-vineri\/"]}]},{"@type":"ImageObject","inLanguage":"ro-RO","@id":"https:\/\/urbeamea.ro\/albaiulia\/o-noua-serie-de-spectacole-la-alba-iulia-in-cadrul-festivalului-international-de-teatru-de-tineret-apollo-programul-pentru-ziua-de-vineri\/#primaryimage","url":"https:\/\/urbeamea.ro\/albaiulia\/wp-content\/uploads\/2018\/04\/30743932_1651991811553984_6094564899886997835_n.jpg","contentUrl":"https:\/\/urbeamea.ro\/albaiulia\/wp-content\/uploads\/2018\/04\/30743932_1651991811553984_6094564899886997835_n.jpg","width":679,"height":960},{"@type":"BreadcrumbList","@id":"https:\/\/urbeamea.ro\/albaiulia\/o-noua-serie-de-spectacole-la-alba-iulia-in-cadrul-festivalului-international-de-teatru-de-tineret-apollo-programul-pentru-ziua-de-vineri\/#breadcrumb","itemListElement":[{"@type":"ListItem","position":1,"name":"Prima pagin\u0103","item":"https:\/\/urbeamea.ro\/albaiulia\/"},{"@type":"ListItem","position":2,"name":"O nou\u0103 serie de spectacole la Alba Iulia \u00een cadrul Festivalului Interna\u0163ional de Teatru de Tineret APOLLO. Programul pentru ziua de VINERI"}]},{"@type":"WebSite","@id":"https:\/\/urbeamea.ro\/albaiulia\/#website","url":"https:\/\/urbeamea.ro\/albaiulia\/","name":"Revista Urbea Mea, Stiri urbane","description":"Evenimente \u0219i \u0219tiri din Alba Iulia, Sebe\u0219, Aiud, Blaj","potentialAction":[{"@type":"SearchAction","target":{"@type":"EntryPoint","urlTemplate":"https:\/\/urbeamea.ro\/albaiulia\/?s={search_term_string}"},"query-input":{"@type":"PropertyValueSpecification","valueRequired":true,"valueName":"search_term_string"}}],"inLanguage":"ro-RO"},{"@type":"Person","@id":"https:\/\/urbeamea.ro\/albaiulia\/#\/schema\/person\/9700d21fae21c4f038b0b56f4506264a","name":"Cristina Ganga","image":{"@type":"ImageObject","inLanguage":"ro-RO","@id":"https:\/\/secure.gravatar.com\/avatar\/5a67661041f057b4a8ccaf26f5a8e86e2689372006d01faf3dd9eeb10b654bb4?s=96&d=mm&r=g","url":"https:\/\/secure.gravatar.com\/avatar\/5a67661041f057b4a8ccaf26f5a8e86e2689372006d01faf3dd9eeb10b654bb4?s=96&d=mm&r=g","contentUrl":"https:\/\/secure.gravatar.com\/avatar\/5a67661041f057b4a8ccaf26f5a8e86e2689372006d01faf3dd9eeb10b654bb4?s=96&d=mm&r=g","caption":"Cristina Ganga"},"description":"Jurnalist","sameAs":["https:\/\/www.facebook.com\/cristina.nicola.587"],"url":"https:\/\/urbeamea.ro\/albaiulia\/author\/cristina-nicola\/"}]}},"_links":{"self":[{"href":"https:\/\/urbeamea.ro\/albaiulia\/wp-json\/wp\/v2\/posts\/61882","targetHints":{"allow":["GET"]}}],"collection":[{"href":"https:\/\/urbeamea.ro\/albaiulia\/wp-json\/wp\/v2\/posts"}],"about":[{"href":"https:\/\/urbeamea.ro\/albaiulia\/wp-json\/wp\/v2\/types\/post"}],"author":[{"embeddable":true,"href":"https:\/\/urbeamea.ro\/albaiulia\/wp-json\/wp\/v2\/users\/17"}],"replies":[{"embeddable":true,"href":"https:\/\/urbeamea.ro\/albaiulia\/wp-json\/wp\/v2\/comments?post=61882"}],"version-history":[{"count":0,"href":"https:\/\/urbeamea.ro\/albaiulia\/wp-json\/wp\/v2\/posts\/61882\/revisions"}],"wp:featuredmedia":[{"embeddable":true,"href":"https:\/\/urbeamea.ro\/albaiulia\/wp-json\/wp\/v2\/media\/61883"}],"wp:attachment":[{"href":"https:\/\/urbeamea.ro\/albaiulia\/wp-json\/wp\/v2\/media?parent=61882"}],"wp:term":[{"taxonomy":"category","embeddable":true,"href":"https:\/\/urbeamea.ro\/albaiulia\/wp-json\/wp\/v2\/categories?post=61882"},{"taxonomy":"post_tag","embeddable":true,"href":"https:\/\/urbeamea.ro\/albaiulia\/wp-json\/wp\/v2\/tags?post=61882"}],"curies":[{"name":"wp","href":"https:\/\/api.w.org\/{rel}","templated":true}]}}