{"id":61898,"date":"2018-04-20T21:50:05","date_gmt":"2018-04-20T18:50:05","guid":{"rendered":"https:\/\/urbeamea.ro\/albaiulia\/?p=61898"},"modified":"2018-04-20T21:54:45","modified_gmt":"2018-04-20T18:54:45","slug":"renumitul-dj-avicii-a-murit-avea-doar-28-de-ani","status":"publish","type":"post","link":"https:\/\/urbeamea.ro\/albaiulia\/renumitul-dj-avicii-a-murit-avea-doar-28-de-ani\/","title":{"rendered":"Renumitul DJ Avicii a murit! Avea doar 28 de ani."},"content":{"rendered":"<p><strong>DJ-ul \u015fi produc\u0103torul suedez Avicii, pe numele s\u0103u real, Tim Bergling, a murit, vineri, la v\u00e2rsta de 28 de ani. Anun\u0163ul a fost f\u0103cut de reprezentan\u0163ii artisului, informeaz\u0103 Bloomberg. \u00cen trecut, DJ-ul suferise de pancreatit\u0103 acut\u0103, par\u021bial din cauza consumului excesiv de alcool.<\/strong><\/p>\n<p>Diana Baron, produc\u0103torul artistului, a declarat c\u0103 Tim Bergling a fost g\u0103sit mort \u00een ora\u015ful Muscat, statul Oman.<\/p>\n<blockquote><p>&#8222;Anun\u0163\u0103m cu regret pierderea lui Tim Bergling, cunoscut ca Avicii. A fost g\u0103sit mort \u00een Muscat, Oman, vineri dup\u0103-amiaz\u0103&#8221;, au transmis cei din staff-ul lui DJ Avicii.<\/p>\n<p>&#8222;Familia este devastat\u0103, cerem respectarea dreptului la via\u0163\u0103 privat\u0103 \u00een aceste momente dificile&#8221;, a comunicat Diana Baron.<\/p>\n<p>Cu profund regret anun\u021b\u0103m pierderea lui Tim Bergling, cunoscut sub numele de Avicii. A fost g\u0103sit mort \u00een Muscat, Oman vineri dup\u0103-amiaz\u0103, 20 aprilie. Familia este devastat\u0103 \u0219i cerem tuturor s\u0103 respecte nevoia de intimitate \u00een aceast\u0103 perioad\u0103 grea. Nu vor mai fi f\u0103cute alte comentarii, a anun\u021bat impresarul starului.<\/p><\/blockquote>\n<p>Tim Bergling a suferit \u00een trecut de pancreatit\u0103 acut\u0103, par\u0163ial din cauza consumului excesiv de alcool.<\/p>\n<p><em><strong>Tim Bergling, n\u0103scut pe 8 septembrie 1989, cunoscut sub numele de scen\u0103 Avicii, a fost \u015fi produc\u0103tor muzical, nominalizat de dou\u0103 ori la premiile Grammy &#8211; pentru single-ul \u201eSunshine\u201d, cu David Guetta, \u00een 2012, \u015fi pentru single-ul s\u0103u \u201eLevels\u201d, din 2013. Unele dintre cele mai cunoscute piese ale sale sunt \u201eI Could Be the One&#8221;, \u201eWake Me Up&#8221;, \u201eYou Make Me&#8221;, \u201eX You&#8221;, \u201eHey Brother&#8221;, \u201eAddicted to You&#8221;, \u201eThe Days&#8221;, \u201eThe Nights&#8221; \u015fi \u201eWaiting for Love&#8221;. A lansat dou\u0103 albume de studio &#8211; \u201eTrue\u201d (2013) \u015fi \u201eStories\u201d (2015).<\/strong><\/em><\/p>\n<p>Avicii a sus\u0163inut un concert \u015fi \u00een Rom\u00e2nia, \u00een 2015, \u00een cadrul festivalului Untold, din Cluj.<\/p>\n<p>\u00cenainte de a-\u0219i anun\u021ba retragerea din muzic\u0103, starul se num\u0103r\u0103 printre cel mai bine pl\u0103ti\u021bi DJ din lume, c\u00e2\u0219tig\u00e2nd 28 de milioane de dolari \u00een 2014, potrivit Forbes.<\/p>\n","protected":false},"excerpt":{"rendered":"<p>DJ-ul \u015fi produc\u0103torul suedez Avicii, pe numele s\u0103u real, Tim Bergling, a murit, vineri, la v\u00e2rsta de 28 de ani. Anun\u0163ul a fost f\u0103cut de reprezentan\u0163ii artisului, informeaz\u0103 Bloomberg. \u00cen trecut, DJ-ul suferise de pancreatit\u0103 acut\u0103, par\u021bial din cauza consumului excesiv de alcool. Diana Baron, produc\u0103torul artistului, a declarat c\u0103 Tim Bergling a fost g\u0103sit &hellip;<\/p>\n","protected":false},"author":5,"featured_media":61899,"comment_status":"open","ping_status":"open","sticky":false,"template":"","format":"standard","meta":{"inline_featured_image":false,"footnotes":""},"categories":[1],"tags":[15018,15019,1858],"class_list":["post-61898","post","type-post","status-publish","format-standard","has-post-thumbnail","hentry","category-stiri-urbane","tag-avicii","tag-tim-bergling","tag-untold"],"yoast_head":"<!-- This site is optimized with the Yoast SEO plugin v27.4 - https:\/\/yoast.com\/product\/yoast-seo-wordpress\/ -->\n<title>Renumitul DJ Avicii a murit! Avea doar 28 de ani. - Revista Urbea Mea - Revista de Alba<\/title>\n<meta name=\"description\" content=\"DJ-ul \u015fi produc\u0103torul suedez Avicii, pe numele s\u0103u real, Tim Bergling, a murit, vineri, la v\u00e2rsta de 28 de ani. Anun\u0163ul a fost f\u0103cut de reprezentan\u0163ii\" \/>\n<meta name=\"robots\" content=\"index, follow, max-snippet:-1, max-image-preview:large, max-video-preview:-1\" \/>\n<link rel=\"canonical\" href=\"https:\/\/urbeamea.ro\/albaiulia\/renumitul-dj-avicii-a-murit-avea-doar-28-de-ani\/\" \/>\n<meta name=\"twitter:card\" content=\"summary_large_image\" \/>\n<meta name=\"twitter:title\" content=\"Renumitul DJ Avicii a murit! Avea doar 28 de ani. - Revista Urbea Mea - Revista de Alba\" \/>\n<meta name=\"twitter:description\" content=\"DJ-ul \u015fi produc\u0103torul suedez Avicii, pe numele s\u0103u real, Tim Bergling, a murit, vineri, la v\u00e2rsta de 28 de ani. Anun\u0163ul a fost f\u0103cut de reprezentan\u0163ii\" \/>\n<meta name=\"twitter:image\" content=\"https:\/\/urbeamea.ro\/albaiulia\/wp-content\/uploads\/2018\/04\/avicii.jpg\" \/>\n<meta name=\"twitter:creator\" content=\"@urbeameaweb\" \/>\n<meta name=\"twitter:site\" content=\"@urbeameaweb\" \/>\n<script type=\"application\/ld+json\" class=\"yoast-schema-graph\">{\"@context\":\"https:\\\/\\\/schema.org\",\"@graph\":[{\"@type\":\"Article\",\"@id\":\"https:\\\/\\\/urbeamea.ro\\\/albaiulia\\\/renumitul-dj-avicii-a-murit-avea-doar-28-de-ani\\\/#article\",\"isPartOf\":{\"@id\":\"https:\\\/\\\/urbeamea.ro\\\/albaiulia\\\/renumitul-dj-avicii-a-murit-avea-doar-28-de-ani\\\/\"},\"author\":{\"name\":\"Bogdan P\u0103unescu\",\"@id\":\"https:\\\/\\\/urbeamea.ro\\\/albaiulia\\\/#\\\/schema\\\/person\\\/a115373ce8153754c6b084232d985956\"},\"headline\":\"Renumitul DJ Avicii a murit! Avea doar 28 de ani.\",\"datePublished\":\"2018-04-20T18:50:05+00:00\",\"dateModified\":\"2018-04-20T18:54:45+00:00\",\"mainEntityOfPage\":{\"@id\":\"https:\\\/\\\/urbeamea.ro\\\/albaiulia\\\/renumitul-dj-avicii-a-murit-avea-doar-28-de-ani\\\/\"},\"wordCount\":332,\"commentCount\":0,\"image\":{\"@id\":\"https:\\\/\\\/urbeamea.ro\\\/albaiulia\\\/renumitul-dj-avicii-a-murit-avea-doar-28-de-ani\\\/#primaryimage\"},\"thumbnailUrl\":\"https:\\\/\\\/urbeamea.ro\\\/albaiulia\\\/wp-content\\\/uploads\\\/2018\\\/04\\\/avicii.jpg\",\"keywords\":[\"Avicii\",\"Tim Bergling\",\"untold\"],\"articleSection\":[\"\u015etiri Urbane\"],\"inLanguage\":\"ro-RO\",\"potentialAction\":[{\"@type\":\"CommentAction\",\"name\":\"Comment\",\"target\":[\"https:\\\/\\\/urbeamea.ro\\\/albaiulia\\\/renumitul-dj-avicii-a-murit-avea-doar-28-de-ani\\\/#respond\"]}]},{\"@type\":\"WebPage\",\"@id\":\"https:\\\/\\\/urbeamea.ro\\\/albaiulia\\\/renumitul-dj-avicii-a-murit-avea-doar-28-de-ani\\\/\",\"url\":\"https:\\\/\\\/urbeamea.ro\\\/albaiulia\\\/renumitul-dj-avicii-a-murit-avea-doar-28-de-ani\\\/\",\"name\":\"Renumitul DJ Avicii a murit! Avea doar 28 de ani. - Revista Urbea Mea - Revista de Alba\",\"isPartOf\":{\"@id\":\"https:\\\/\\\/urbeamea.ro\\\/albaiulia\\\/#website\"},\"primaryImageOfPage\":{\"@id\":\"https:\\\/\\\/urbeamea.ro\\\/albaiulia\\\/renumitul-dj-avicii-a-murit-avea-doar-28-de-ani\\\/#primaryimage\"},\"image\":{\"@id\":\"https:\\\/\\\/urbeamea.ro\\\/albaiulia\\\/renumitul-dj-avicii-a-murit-avea-doar-28-de-ani\\\/#primaryimage\"},\"thumbnailUrl\":\"https:\\\/\\\/urbeamea.ro\\\/albaiulia\\\/wp-content\\\/uploads\\\/2018\\\/04\\\/avicii.jpg\",\"datePublished\":\"2018-04-20T18:50:05+00:00\",\"dateModified\":\"2018-04-20T18:54:45+00:00\",\"author\":{\"@id\":\"https:\\\/\\\/urbeamea.ro\\\/albaiulia\\\/#\\\/schema\\\/person\\\/a115373ce8153754c6b084232d985956\"},\"description\":\"DJ-ul \u015fi produc\u0103torul suedez Avicii, pe numele s\u0103u real, Tim Bergling, a murit, vineri, la v\u00e2rsta de 28 de ani. Anun\u0163ul a fost f\u0103cut de reprezentan\u0163ii\",\"breadcrumb\":{\"@id\":\"https:\\\/\\\/urbeamea.ro\\\/albaiulia\\\/renumitul-dj-avicii-a-murit-avea-doar-28-de-ani\\\/#breadcrumb\"},\"inLanguage\":\"ro-RO\",\"potentialAction\":[{\"@type\":\"ReadAction\",\"target\":[\"https:\\\/\\\/urbeamea.ro\\\/albaiulia\\\/renumitul-dj-avicii-a-murit-avea-doar-28-de-ani\\\/\"]}]},{\"@type\":\"ImageObject\",\"inLanguage\":\"ro-RO\",\"@id\":\"https:\\\/\\\/urbeamea.ro\\\/albaiulia\\\/renumitul-dj-avicii-a-murit-avea-doar-28-de-ani\\\/#primaryimage\",\"url\":\"https:\\\/\\\/urbeamea.ro\\\/albaiulia\\\/wp-content\\\/uploads\\\/2018\\\/04\\\/avicii.jpg\",\"contentUrl\":\"https:\\\/\\\/urbeamea.ro\\\/albaiulia\\\/wp-content\\\/uploads\\\/2018\\\/04\\\/avicii.jpg\",\"width\":1000,\"height\":563},{\"@type\":\"BreadcrumbList\",\"@id\":\"https:\\\/\\\/urbeamea.ro\\\/albaiulia\\\/renumitul-dj-avicii-a-murit-avea-doar-28-de-ani\\\/#breadcrumb\",\"itemListElement\":[{\"@type\":\"ListItem\",\"position\":1,\"name\":\"Prima pagin\u0103\",\"item\":\"https:\\\/\\\/urbeamea.ro\\\/albaiulia\\\/\"},{\"@type\":\"ListItem\",\"position\":2,\"name\":\"Renumitul DJ Avicii a murit! Avea doar 28 de ani.\"}]},{\"@type\":\"WebSite\",\"@id\":\"https:\\\/\\\/urbeamea.ro\\\/albaiulia\\\/#website\",\"url\":\"https:\\\/\\\/urbeamea.ro\\\/albaiulia\\\/\",\"name\":\"Revista Urbea Mea, Stiri urbane\",\"description\":\"Evenimente \u0219i \u0219tiri din Alba Iulia, Sebe\u0219, Aiud, Blaj\",\"potentialAction\":[{\"@type\":\"SearchAction\",\"target\":{\"@type\":\"EntryPoint\",\"urlTemplate\":\"https:\\\/\\\/urbeamea.ro\\\/albaiulia\\\/?s={search_term_string}\"},\"query-input\":{\"@type\":\"PropertyValueSpecification\",\"valueRequired\":true,\"valueName\":\"search_term_string\"}}],\"inLanguage\":\"ro-RO\"},{\"@type\":\"Person\",\"@id\":\"https:\\\/\\\/urbeamea.ro\\\/albaiulia\\\/#\\\/schema\\\/person\\\/a115373ce8153754c6b084232d985956\",\"name\":\"Bogdan P\u0103unescu\",\"image\":{\"@type\":\"ImageObject\",\"inLanguage\":\"ro-RO\",\"@id\":\"https:\\\/\\\/secure.gravatar.com\\\/avatar\\\/f72aa881b5a32ea110a53aabc2049429e3ff68fcb09d283722d01fbf330e9dd9?s=96&d=mm&r=g\",\"url\":\"https:\\\/\\\/secure.gravatar.com\\\/avatar\\\/f72aa881b5a32ea110a53aabc2049429e3ff68fcb09d283722d01fbf330e9dd9?s=96&d=mm&r=g\",\"contentUrl\":\"https:\\\/\\\/secure.gravatar.com\\\/avatar\\\/f72aa881b5a32ea110a53aabc2049429e3ff68fcb09d283722d01fbf330e9dd9?s=96&d=mm&r=g\",\"caption\":\"Bogdan P\u0103unescu\"},\"description\":\"\u00cemi place tot ceea ce este legat de web \u015fi ajut la dezvoltarea \u015fi \u00eembun\u0103t\u0103\u0163irea lui prin tot ceea ce fac.\",\"sameAs\":[\"https:\\\/\\\/www.artonmedia.ro\",\"https:\\\/\\\/www.facebook.com\\\/bogdanvpaunescu\"],\"url\":\"https:\\\/\\\/urbeamea.ro\\\/albaiulia\\\/author\\\/bogdan-paunescu\\\/\"}]}<\/script>\n<!-- \/ Yoast SEO plugin. -->","yoast_head_json":{"title":"Renumitul DJ Avicii a murit! Avea doar 28 de ani. - Revista Urbea Mea - Revista de Alba","description":"DJ-ul \u015fi produc\u0103torul suedez Avicii, pe numele s\u0103u real, Tim Bergling, a murit, vineri, la v\u00e2rsta de 28 de ani. Anun\u0163ul a fost f\u0103cut de reprezentan\u0163ii","robots":{"index":"index","follow":"follow","max-snippet":"max-snippet:-1","max-image-preview":"max-image-preview:large","max-video-preview":"max-video-preview:-1"},"canonical":"https:\/\/urbeamea.ro\/albaiulia\/renumitul-dj-avicii-a-murit-avea-doar-28-de-ani\/","twitter_card":"summary_large_image","twitter_title":"Renumitul DJ Avicii a murit! Avea doar 28 de ani. - Revista Urbea Mea - Revista de Alba","twitter_description":"DJ-ul \u015fi produc\u0103torul suedez Avicii, pe numele s\u0103u real, Tim Bergling, a murit, vineri, la v\u00e2rsta de 28 de ani. Anun\u0163ul a fost f\u0103cut de reprezentan\u0163ii","twitter_image":"https:\/\/urbeamea.ro\/albaiulia\/wp-content\/uploads\/2018\/04\/avicii.jpg","twitter_creator":"@urbeameaweb","twitter_site":"@urbeameaweb","schema":{"@context":"https:\/\/schema.org","@graph":[{"@type":"Article","@id":"https:\/\/urbeamea.ro\/albaiulia\/renumitul-dj-avicii-a-murit-avea-doar-28-de-ani\/#article","isPartOf":{"@id":"https:\/\/urbeamea.ro\/albaiulia\/renumitul-dj-avicii-a-murit-avea-doar-28-de-ani\/"},"author":{"name":"Bogdan P\u0103unescu","@id":"https:\/\/urbeamea.ro\/albaiulia\/#\/schema\/person\/a115373ce8153754c6b084232d985956"},"headline":"Renumitul DJ Avicii a murit! Avea doar 28 de ani.","datePublished":"2018-04-20T18:50:05+00:00","dateModified":"2018-04-20T18:54:45+00:00","mainEntityOfPage":{"@id":"https:\/\/urbeamea.ro\/albaiulia\/renumitul-dj-avicii-a-murit-avea-doar-28-de-ani\/"},"wordCount":332,"commentCount":0,"image":{"@id":"https:\/\/urbeamea.ro\/albaiulia\/renumitul-dj-avicii-a-murit-avea-doar-28-de-ani\/#primaryimage"},"thumbnailUrl":"https:\/\/urbeamea.ro\/albaiulia\/wp-content\/uploads\/2018\/04\/avicii.jpg","keywords":["Avicii","Tim Bergling","untold"],"articleSection":["\u015etiri Urbane"],"inLanguage":"ro-RO","potentialAction":[{"@type":"CommentAction","name":"Comment","target":["https:\/\/urbeamea.ro\/albaiulia\/renumitul-dj-avicii-a-murit-avea-doar-28-de-ani\/#respond"]}]},{"@type":"WebPage","@id":"https:\/\/urbeamea.ro\/albaiulia\/renumitul-dj-avicii-a-murit-avea-doar-28-de-ani\/","url":"https:\/\/urbeamea.ro\/albaiulia\/renumitul-dj-avicii-a-murit-avea-doar-28-de-ani\/","name":"Renumitul DJ Avicii a murit! Avea doar 28 de ani. - Revista Urbea Mea - Revista de Alba","isPartOf":{"@id":"https:\/\/urbeamea.ro\/albaiulia\/#website"},"primaryImageOfPage":{"@id":"https:\/\/urbeamea.ro\/albaiulia\/renumitul-dj-avicii-a-murit-avea-doar-28-de-ani\/#primaryimage"},"image":{"@id":"https:\/\/urbeamea.ro\/albaiulia\/renumitul-dj-avicii-a-murit-avea-doar-28-de-ani\/#primaryimage"},"thumbnailUrl":"https:\/\/urbeamea.ro\/albaiulia\/wp-content\/uploads\/2018\/04\/avicii.jpg","datePublished":"2018-04-20T18:50:05+00:00","dateModified":"2018-04-20T18:54:45+00:00","author":{"@id":"https:\/\/urbeamea.ro\/albaiulia\/#\/schema\/person\/a115373ce8153754c6b084232d985956"},"description":"DJ-ul \u015fi produc\u0103torul suedez Avicii, pe numele s\u0103u real, Tim Bergling, a murit, vineri, la v\u00e2rsta de 28 de ani. Anun\u0163ul a fost f\u0103cut de reprezentan\u0163ii","breadcrumb":{"@id":"https:\/\/urbeamea.ro\/albaiulia\/renumitul-dj-avicii-a-murit-avea-doar-28-de-ani\/#breadcrumb"},"inLanguage":"ro-RO","potentialAction":[{"@type":"ReadAction","target":["https:\/\/urbeamea.ro\/albaiulia\/renumitul-dj-avicii-a-murit-avea-doar-28-de-ani\/"]}]},{"@type":"ImageObject","inLanguage":"ro-RO","@id":"https:\/\/urbeamea.ro\/albaiulia\/renumitul-dj-avicii-a-murit-avea-doar-28-de-ani\/#primaryimage","url":"https:\/\/urbeamea.ro\/albaiulia\/wp-content\/uploads\/2018\/04\/avicii.jpg","contentUrl":"https:\/\/urbeamea.ro\/albaiulia\/wp-content\/uploads\/2018\/04\/avicii.jpg","width":1000,"height":563},{"@type":"BreadcrumbList","@id":"https:\/\/urbeamea.ro\/albaiulia\/renumitul-dj-avicii-a-murit-avea-doar-28-de-ani\/#breadcrumb","itemListElement":[{"@type":"ListItem","position":1,"name":"Prima pagin\u0103","item":"https:\/\/urbeamea.ro\/albaiulia\/"},{"@type":"ListItem","position":2,"name":"Renumitul DJ Avicii a murit! Avea doar 28 de ani."}]},{"@type":"WebSite","@id":"https:\/\/urbeamea.ro\/albaiulia\/#website","url":"https:\/\/urbeamea.ro\/albaiulia\/","name":"Revista Urbea Mea, Stiri urbane","description":"Evenimente \u0219i \u0219tiri din Alba Iulia, Sebe\u0219, Aiud, Blaj","potentialAction":[{"@type":"SearchAction","target":{"@type":"EntryPoint","urlTemplate":"https:\/\/urbeamea.ro\/albaiulia\/?s={search_term_string}"},"query-input":{"@type":"PropertyValueSpecification","valueRequired":true,"valueName":"search_term_string"}}],"inLanguage":"ro-RO"},{"@type":"Person","@id":"https:\/\/urbeamea.ro\/albaiulia\/#\/schema\/person\/a115373ce8153754c6b084232d985956","name":"Bogdan P\u0103unescu","image":{"@type":"ImageObject","inLanguage":"ro-RO","@id":"https:\/\/secure.gravatar.com\/avatar\/f72aa881b5a32ea110a53aabc2049429e3ff68fcb09d283722d01fbf330e9dd9?s=96&d=mm&r=g","url":"https:\/\/secure.gravatar.com\/avatar\/f72aa881b5a32ea110a53aabc2049429e3ff68fcb09d283722d01fbf330e9dd9?s=96&d=mm&r=g","contentUrl":"https:\/\/secure.gravatar.com\/avatar\/f72aa881b5a32ea110a53aabc2049429e3ff68fcb09d283722d01fbf330e9dd9?s=96&d=mm&r=g","caption":"Bogdan P\u0103unescu"},"description":"\u00cemi place tot ceea ce este legat de web \u015fi ajut la dezvoltarea \u015fi \u00eembun\u0103t\u0103\u0163irea lui prin tot ceea ce fac.","sameAs":["https:\/\/www.artonmedia.ro","https:\/\/www.facebook.com\/bogdanvpaunescu"],"url":"https:\/\/urbeamea.ro\/albaiulia\/author\/bogdan-paunescu\/"}]}},"_links":{"self":[{"href":"https:\/\/urbeamea.ro\/albaiulia\/wp-json\/wp\/v2\/posts\/61898","targetHints":{"allow":["GET"]}}],"collection":[{"href":"https:\/\/urbeamea.ro\/albaiulia\/wp-json\/wp\/v2\/posts"}],"about":[{"href":"https:\/\/urbeamea.ro\/albaiulia\/wp-json\/wp\/v2\/types\/post"}],"author":[{"embeddable":true,"href":"https:\/\/urbeamea.ro\/albaiulia\/wp-json\/wp\/v2\/users\/5"}],"replies":[{"embeddable":true,"href":"https:\/\/urbeamea.ro\/albaiulia\/wp-json\/wp\/v2\/comments?post=61898"}],"version-history":[{"count":0,"href":"https:\/\/urbeamea.ro\/albaiulia\/wp-json\/wp\/v2\/posts\/61898\/revisions"}],"wp:featuredmedia":[{"embeddable":true,"href":"https:\/\/urbeamea.ro\/albaiulia\/wp-json\/wp\/v2\/media\/61899"}],"wp:attachment":[{"href":"https:\/\/urbeamea.ro\/albaiulia\/wp-json\/wp\/v2\/media?parent=61898"}],"wp:term":[{"taxonomy":"category","embeddable":true,"href":"https:\/\/urbeamea.ro\/albaiulia\/wp-json\/wp\/v2\/categories?post=61898"},{"taxonomy":"post_tag","embeddable":true,"href":"https:\/\/urbeamea.ro\/albaiulia\/wp-json\/wp\/v2\/tags?post=61898"}],"curies":[{"name":"wp","href":"https:\/\/api.w.org\/{rel}","templated":true}]}}