{"id":61902,"date":"2018-04-21T09:45:45","date_gmt":"2018-04-21T06:45:45","guid":{"rendered":"https:\/\/urbeamea.ro\/albaiulia\/?p=61902"},"modified":"2018-04-21T14:46:03","modified_gmt":"2018-04-21T11:46:03","slug":"foto-video-un-tenor-si-sase-tulnicarese-din-cimpeni-pe-scena-la-romanii-au-talent-patru-de-da-pentru-un-moment-muzical-de-exceptie","status":"publish","type":"post","link":"https:\/\/urbeamea.ro\/albaiulia\/foto-video-un-tenor-si-sase-tulnicarese-din-cimpeni-pe-scena-la-romanii-au-talent-patru-de-da-pentru-un-moment-muzical-de-exceptie\/","title":{"rendered":"FOTO-VIDEO: Basul Liviu Burz \u0219i \u0219ase tulnic\u0103rese din C\u00eempeni, pe scen\u0103 la Rom\u00e2nii au talent. Patru de DA pentru un moment muzical de excep\u021bie"},"content":{"rendered":"<p><strong>Liviu Burz din C\u00eempeni a luat folclorul dup\u0103 el la Corul Operei de Stat din Viena, dar l-a adus \u00eenapoi ca s\u0103-l transforme \u00een 4xDA la Rom\u00e2nii au Talent.<\/strong><\/p>\n<p><strong>Vineri sear\u0103, Liviu Burz, un mo\u021b care a plecat \u00een urm\u0103 cu mul\u021bi ani din Rom\u00e2nia pentru a fi tenor la Opera de Stat din Viena, a f\u0103cut un moment muzical de excep\u021bie la show-ul Rom\u00e2ni au Talent de la PRO TV. <\/strong><\/p>\n<p>Tenorul a c\u00e2ntat la \u00eenceput oper\u0103, dar \u00een partea a doua a momentului s\u0103u muzical, odat\u0103 cu intrarea \u00een scen\u0103 a unui grup de \u0219ase tinere tulnic\u0103rese din C\u00eempeni, Liviu a \u00eenceput s\u0103 c\u00e2nte o melodie din \u021aara Mo\u021bilor. Cu un asemenea talent nu i-a fost greu s\u0103 \u00eei determine pe cei patru jura\u021bi s\u0103 \u00eei acorde patru de DA.<\/p>\n<p>Liviu Burz (43 de ani) este din C\u00e2mpeni, jude\u021bul Alba \u0219i este unul dintre celei mai prestigioase opere din lume \u2013 Opera de Stat din Viena. Chiar \u0219i \u00een capitala imperial\u0103 a valsului, rom\u00e2nul a promovat folclorul rom\u00e2nesc, despre care spune c\u0103 \u00eel ia peste tot \u00een lume pentru c\u0103 \u201estilul stufletului este folclorul\u201d.<\/p>\n<p class=\"tZBx2ZlF\">\u00a0<em>\u201eEste un instrument vechi dacic care \u00eenc\u0103 \u0219i-a p\u0103strat func\u021bia \u0219i noi \u00eencerc\u0103m s\u0103-l mai conserv\u0103m un pic, s\u0103-l mai avem \u00een muzica noastr\u0103 \u0219i \u00een cultura noastr\u0103 pentru c\u0103 totul se denatureaz\u0103. \u0218i dac\u0103 nu p\u0103str\u0103m folclorul, pierdem\u201d, <\/em>a precizat Liviu Burz, pe scena emisiunii \u201eRom\u00e2nii au talent\u201d<\/p>\n<p>\u00cen urma presta\u0163iei, publicul s-a ridicat \u00een picioare, iar juriul a avut doar cuvinte de laud\u0103 la adresa lor.<\/p>\n<p><em>\u201eOrice v-a\u015f spune eu, e prea pu\u0163in. A fost un moment care mi-a pl\u0103cut \u0219i m\u0103 simt onorat c\u0103 am avut ocazia s\u0103 fiu martor la acest moment\u201d<\/em>, a spus Andi Moisescu.<\/p>\n<p><em>\u201e\u00cen afar\u0103 de faptul c\u0103 o s\u0103 trec C\u00eempeniul pe hart\u0103, ca artist n-am ce s\u0103 v\u0103 repro\u015fez. Am o curiozate personal\u0103. La p\u00e2ine cum face\u021bi?, l-a \u00eentrebat Florin C\u0103linescu pe Liviu Burz care a r\u0103spuns pe un ton grav \u201eV\u0103 rog s\u0103-mi da\u021bi o franzel\u0103\u201d<\/em><\/p>\n<div><\/div>\n<div><\/div>\n<p><iframe loading=\"lazy\" style=\"border: none; overflow: hidden;\" src=\"https:\/\/www.facebook.com\/plugins\/video.php?href=https%3A%2F%2Fwww.facebook.com%2Fromaniiautalent%2Fvideos%2F2025972620769970%2F&amp;show_text=0&amp;width=560\" width=\"560\" height=\"315\" frameborder=\"0\" scrolling=\"no\" allowfullscreen=\"allowfullscreen\"><\/iframe><\/p>\n<p><iframe loading=\"lazy\" title=\"ROMANII AU TALENT 2018 - LIVIU BURZ Part 2\" width=\"500\" height=\"281\" src=\"https:\/\/www.youtube.com\/embed\/3VcoRXBV5DU?feature=oembed\" frameborder=\"0\" allow=\"accelerometer; autoplay; clipboard-write; encrypted-media; gyroscope; picture-in-picture; web-share\" referrerpolicy=\"strict-origin-when-cross-origin\" allowfullscreen><\/iframe><\/p>\n<p><em>sursa: ProTV<\/em><\/p>\n<p><em>foto: Facebook<\/em><\/p>\n","protected":false},"excerpt":{"rendered":"<p>Liviu Burz din C\u00eempeni a luat folclorul dup\u0103 el la Corul Operei de Stat din Viena, dar l-a adus \u00eenapoi ca s\u0103-l transforme \u00een 4xDA la Rom\u00e2nii au Talent. Vineri sear\u0103, Liviu Burz, un mo\u021b care a plecat \u00een urm\u0103 cu mul\u021bi ani din Rom\u00e2nia pentru a fi tenor la Opera de Stat din Viena, &hellip;<\/p>\n","protected":false},"author":17,"featured_media":61903,"comment_status":"open","ping_status":"open","sticky":false,"template":"","format":"standard","meta":{"inline_featured_image":false,"footnotes":""},"categories":[1],"tags":[307,15021,15022,15020,360,308,13288,76],"class_list":["post-61902","post","type-post","status-publish","format-standard","has-post-thumbnail","hentry","category-stiri-urbane","tag-alba","tag-liviu-burz","tag-moment-muzical-de-exceptie","tag-romanii-au-telent","tag-spectacol","tag-stiri","tag-tulnicaresele-din-campeni","tag-urbea-mea"],"yoast_head":"<!-- This site is optimized with the Yoast SEO plugin v27.4 - https:\/\/yoast.com\/product\/yoast-seo-wordpress\/ -->\n<title>FOTO-VIDEO: Basul Liviu Burz \u0219i \u0219ase tulnic\u0103rese din C\u00eempeni, pe scen\u0103 la Rom\u00e2nii au talent. Patru de DA pentru un moment muzical de excep\u021bie - Revista Urbea Mea - Revista de Alba<\/title>\n<meta name=\"description\" content=\"Liviu Burz din C\u00eempeni a luat folclorul dup\u0103 el la Corul Operei de Stat din Viena, dar l-a adus \u00eenapoi ca s\u0103-l transforme \u00een 4xDA la Rom\u00e2nii au Talent.\" \/>\n<meta name=\"robots\" content=\"index, follow, max-snippet:-1, max-image-preview:large, max-video-preview:-1\" \/>\n<link rel=\"canonical\" href=\"https:\/\/urbeamea.ro\/albaiulia\/foto-video-un-tenor-si-sase-tulnicarese-din-cimpeni-pe-scena-la-romanii-au-talent-patru-de-da-pentru-un-moment-muzical-de-exceptie\/\" \/>\n<meta name=\"twitter:card\" content=\"summary_large_image\" \/>\n<meta name=\"twitter:title\" content=\"FOTO-VIDEO: Basul Liviu Burz \u0219i \u0219ase tulnic\u0103rese din C\u00eempeni, pe scen\u0103 la Rom\u00e2nii au talent. Patru de DA pentru un moment muzical de excep\u021bie - Revista Urbea Mea - Revista de Alba\" \/>\n<meta name=\"twitter:description\" content=\"Liviu Burz din C\u00eempeni a luat folclorul dup\u0103 el la Corul Operei de Stat din Viena, dar l-a adus \u00eenapoi ca s\u0103-l transforme \u00een 4xDA la Rom\u00e2nii au Talent.\" \/>\n<meta name=\"twitter:image\" content=\"https:\/\/urbeamea.ro\/albaiulia\/wp-content\/uploads\/2018\/04\/30742291_1887485181276201_5107310263539859456_n.jpg\" \/>\n<meta name=\"twitter:creator\" content=\"@urbeameaweb\" \/>\n<meta name=\"twitter:site\" content=\"@urbeameaweb\" \/>\n<script type=\"application\/ld+json\" class=\"yoast-schema-graph\">{\"@context\":\"https:\\\/\\\/schema.org\",\"@graph\":[{\"@type\":\"Article\",\"@id\":\"https:\\\/\\\/urbeamea.ro\\\/albaiulia\\\/foto-video-un-tenor-si-sase-tulnicarese-din-cimpeni-pe-scena-la-romanii-au-talent-patru-de-da-pentru-un-moment-muzical-de-exceptie\\\/#article\",\"isPartOf\":{\"@id\":\"https:\\\/\\\/urbeamea.ro\\\/albaiulia\\\/foto-video-un-tenor-si-sase-tulnicarese-din-cimpeni-pe-scena-la-romanii-au-talent-patru-de-da-pentru-un-moment-muzical-de-exceptie\\\/\"},\"author\":{\"name\":\"Cristina Ganga\",\"@id\":\"https:\\\/\\\/urbeamea.ro\\\/albaiulia\\\/#\\\/schema\\\/person\\\/9700d21fae21c4f038b0b56f4506264a\"},\"headline\":\"FOTO-VIDEO: Basul Liviu Burz \u0219i \u0219ase tulnic\u0103rese din C\u00eempeni, pe scen\u0103 la Rom\u00e2nii au talent. Patru de DA pentru un moment muzical de excep\u021bie\",\"datePublished\":\"2018-04-21T06:45:45+00:00\",\"dateModified\":\"2018-04-21T11:46:03+00:00\",\"mainEntityOfPage\":{\"@id\":\"https:\\\/\\\/urbeamea.ro\\\/albaiulia\\\/foto-video-un-tenor-si-sase-tulnicarese-din-cimpeni-pe-scena-la-romanii-au-talent-patru-de-da-pentru-un-moment-muzical-de-exceptie\\\/\"},\"wordCount\":408,\"commentCount\":0,\"image\":{\"@id\":\"https:\\\/\\\/urbeamea.ro\\\/albaiulia\\\/foto-video-un-tenor-si-sase-tulnicarese-din-cimpeni-pe-scena-la-romanii-au-talent-patru-de-da-pentru-un-moment-muzical-de-exceptie\\\/#primaryimage\"},\"thumbnailUrl\":\"https:\\\/\\\/urbeamea.ro\\\/albaiulia\\\/wp-content\\\/uploads\\\/2018\\\/04\\\/30742291_1887485181276201_5107310263539859456_n.jpg\",\"keywords\":[\"alba\",\"liviu burz\",\"moment muzical de exceptie\",\"romanii au telent\",\"spectacol\",\"stiri\",\"tulnicaresele din campeni\",\"Urbea Mea\"],\"articleSection\":[\"\u015etiri Urbane\"],\"inLanguage\":\"ro-RO\",\"potentialAction\":[{\"@type\":\"CommentAction\",\"name\":\"Comment\",\"target\":[\"https:\\\/\\\/urbeamea.ro\\\/albaiulia\\\/foto-video-un-tenor-si-sase-tulnicarese-din-cimpeni-pe-scena-la-romanii-au-talent-patru-de-da-pentru-un-moment-muzical-de-exceptie\\\/#respond\"]}]},{\"@type\":\"WebPage\",\"@id\":\"https:\\\/\\\/urbeamea.ro\\\/albaiulia\\\/foto-video-un-tenor-si-sase-tulnicarese-din-cimpeni-pe-scena-la-romanii-au-talent-patru-de-da-pentru-un-moment-muzical-de-exceptie\\\/\",\"url\":\"https:\\\/\\\/urbeamea.ro\\\/albaiulia\\\/foto-video-un-tenor-si-sase-tulnicarese-din-cimpeni-pe-scena-la-romanii-au-talent-patru-de-da-pentru-un-moment-muzical-de-exceptie\\\/\",\"name\":\"FOTO-VIDEO: Basul Liviu Burz \u0219i \u0219ase tulnic\u0103rese din C\u00eempeni, pe scen\u0103 la Rom\u00e2nii au talent. Patru de DA pentru un moment muzical de excep\u021bie - Revista Urbea Mea - Revista de Alba\",\"isPartOf\":{\"@id\":\"https:\\\/\\\/urbeamea.ro\\\/albaiulia\\\/#website\"},\"primaryImageOfPage\":{\"@id\":\"https:\\\/\\\/urbeamea.ro\\\/albaiulia\\\/foto-video-un-tenor-si-sase-tulnicarese-din-cimpeni-pe-scena-la-romanii-au-talent-patru-de-da-pentru-un-moment-muzical-de-exceptie\\\/#primaryimage\"},\"image\":{\"@id\":\"https:\\\/\\\/urbeamea.ro\\\/albaiulia\\\/foto-video-un-tenor-si-sase-tulnicarese-din-cimpeni-pe-scena-la-romanii-au-talent-patru-de-da-pentru-un-moment-muzical-de-exceptie\\\/#primaryimage\"},\"thumbnailUrl\":\"https:\\\/\\\/urbeamea.ro\\\/albaiulia\\\/wp-content\\\/uploads\\\/2018\\\/04\\\/30742291_1887485181276201_5107310263539859456_n.jpg\",\"datePublished\":\"2018-04-21T06:45:45+00:00\",\"dateModified\":\"2018-04-21T11:46:03+00:00\",\"author\":{\"@id\":\"https:\\\/\\\/urbeamea.ro\\\/albaiulia\\\/#\\\/schema\\\/person\\\/9700d21fae21c4f038b0b56f4506264a\"},\"description\":\"Liviu Burz din C\u00eempeni a luat folclorul dup\u0103 el la Corul Operei de Stat din Viena, dar l-a adus \u00eenapoi ca s\u0103-l transforme \u00een 4xDA la Rom\u00e2nii au Talent.\",\"breadcrumb\":{\"@id\":\"https:\\\/\\\/urbeamea.ro\\\/albaiulia\\\/foto-video-un-tenor-si-sase-tulnicarese-din-cimpeni-pe-scena-la-romanii-au-talent-patru-de-da-pentru-un-moment-muzical-de-exceptie\\\/#breadcrumb\"},\"inLanguage\":\"ro-RO\",\"potentialAction\":[{\"@type\":\"ReadAction\",\"target\":[\"https:\\\/\\\/urbeamea.ro\\\/albaiulia\\\/foto-video-un-tenor-si-sase-tulnicarese-din-cimpeni-pe-scena-la-romanii-au-talent-patru-de-da-pentru-un-moment-muzical-de-exceptie\\\/\"]}]},{\"@type\":\"ImageObject\",\"inLanguage\":\"ro-RO\",\"@id\":\"https:\\\/\\\/urbeamea.ro\\\/albaiulia\\\/foto-video-un-tenor-si-sase-tulnicarese-din-cimpeni-pe-scena-la-romanii-au-talent-patru-de-da-pentru-un-moment-muzical-de-exceptie\\\/#primaryimage\",\"url\":\"https:\\\/\\\/urbeamea.ro\\\/albaiulia\\\/wp-content\\\/uploads\\\/2018\\\/04\\\/30742291_1887485181276201_5107310263539859456_n.jpg\",\"contentUrl\":\"https:\\\/\\\/urbeamea.ro\\\/albaiulia\\\/wp-content\\\/uploads\\\/2018\\\/04\\\/30742291_1887485181276201_5107310263539859456_n.jpg\",\"width\":960,\"height\":656},{\"@type\":\"BreadcrumbList\",\"@id\":\"https:\\\/\\\/urbeamea.ro\\\/albaiulia\\\/foto-video-un-tenor-si-sase-tulnicarese-din-cimpeni-pe-scena-la-romanii-au-talent-patru-de-da-pentru-un-moment-muzical-de-exceptie\\\/#breadcrumb\",\"itemListElement\":[{\"@type\":\"ListItem\",\"position\":1,\"name\":\"Prima pagin\u0103\",\"item\":\"https:\\\/\\\/urbeamea.ro\\\/albaiulia\\\/\"},{\"@type\":\"ListItem\",\"position\":2,\"name\":\"FOTO-VIDEO: Basul Liviu Burz \u0219i \u0219ase tulnic\u0103rese din C\u00eempeni, pe scen\u0103 la Rom\u00e2nii au talent. Patru de DA pentru un moment muzical de excep\u021bie\"}]},{\"@type\":\"WebSite\",\"@id\":\"https:\\\/\\\/urbeamea.ro\\\/albaiulia\\\/#website\",\"url\":\"https:\\\/\\\/urbeamea.ro\\\/albaiulia\\\/\",\"name\":\"Revista Urbea Mea, Stiri urbane\",\"description\":\"Evenimente \u0219i \u0219tiri din Alba Iulia, Sebe\u0219, Aiud, Blaj\",\"potentialAction\":[{\"@type\":\"SearchAction\",\"target\":{\"@type\":\"EntryPoint\",\"urlTemplate\":\"https:\\\/\\\/urbeamea.ro\\\/albaiulia\\\/?s={search_term_string}\"},\"query-input\":{\"@type\":\"PropertyValueSpecification\",\"valueRequired\":true,\"valueName\":\"search_term_string\"}}],\"inLanguage\":\"ro-RO\"},{\"@type\":\"Person\",\"@id\":\"https:\\\/\\\/urbeamea.ro\\\/albaiulia\\\/#\\\/schema\\\/person\\\/9700d21fae21c4f038b0b56f4506264a\",\"name\":\"Cristina Ganga\",\"image\":{\"@type\":\"ImageObject\",\"inLanguage\":\"ro-RO\",\"@id\":\"https:\\\/\\\/secure.gravatar.com\\\/avatar\\\/5a67661041f057b4a8ccaf26f5a8e86e2689372006d01faf3dd9eeb10b654bb4?s=96&d=mm&r=g\",\"url\":\"https:\\\/\\\/secure.gravatar.com\\\/avatar\\\/5a67661041f057b4a8ccaf26f5a8e86e2689372006d01faf3dd9eeb10b654bb4?s=96&d=mm&r=g\",\"contentUrl\":\"https:\\\/\\\/secure.gravatar.com\\\/avatar\\\/5a67661041f057b4a8ccaf26f5a8e86e2689372006d01faf3dd9eeb10b654bb4?s=96&d=mm&r=g\",\"caption\":\"Cristina Ganga\"},\"description\":\"Jurnalist\",\"sameAs\":[\"https:\\\/\\\/www.facebook.com\\\/cristina.nicola.587\"],\"url\":\"https:\\\/\\\/urbeamea.ro\\\/albaiulia\\\/author\\\/cristina-nicola\\\/\"}]}<\/script>\n<!-- \/ Yoast SEO plugin. -->","yoast_head_json":{"title":"FOTO-VIDEO: Basul Liviu Burz \u0219i \u0219ase tulnic\u0103rese din C\u00eempeni, pe scen\u0103 la Rom\u00e2nii au talent. Patru de DA pentru un moment muzical de excep\u021bie - Revista Urbea Mea - Revista de Alba","description":"Liviu Burz din C\u00eempeni a luat folclorul dup\u0103 el la Corul Operei de Stat din Viena, dar l-a adus \u00eenapoi ca s\u0103-l transforme \u00een 4xDA la Rom\u00e2nii au Talent.","robots":{"index":"index","follow":"follow","max-snippet":"max-snippet:-1","max-image-preview":"max-image-preview:large","max-video-preview":"max-video-preview:-1"},"canonical":"https:\/\/urbeamea.ro\/albaiulia\/foto-video-un-tenor-si-sase-tulnicarese-din-cimpeni-pe-scena-la-romanii-au-talent-patru-de-da-pentru-un-moment-muzical-de-exceptie\/","twitter_card":"summary_large_image","twitter_title":"FOTO-VIDEO: Basul Liviu Burz \u0219i \u0219ase tulnic\u0103rese din C\u00eempeni, pe scen\u0103 la Rom\u00e2nii au talent. Patru de DA pentru un moment muzical de excep\u021bie - Revista Urbea Mea - Revista de Alba","twitter_description":"Liviu Burz din C\u00eempeni a luat folclorul dup\u0103 el la Corul Operei de Stat din Viena, dar l-a adus \u00eenapoi ca s\u0103-l transforme \u00een 4xDA la Rom\u00e2nii au Talent.","twitter_image":"https:\/\/urbeamea.ro\/albaiulia\/wp-content\/uploads\/2018\/04\/30742291_1887485181276201_5107310263539859456_n.jpg","twitter_creator":"@urbeameaweb","twitter_site":"@urbeameaweb","schema":{"@context":"https:\/\/schema.org","@graph":[{"@type":"Article","@id":"https:\/\/urbeamea.ro\/albaiulia\/foto-video-un-tenor-si-sase-tulnicarese-din-cimpeni-pe-scena-la-romanii-au-talent-patru-de-da-pentru-un-moment-muzical-de-exceptie\/#article","isPartOf":{"@id":"https:\/\/urbeamea.ro\/albaiulia\/foto-video-un-tenor-si-sase-tulnicarese-din-cimpeni-pe-scena-la-romanii-au-talent-patru-de-da-pentru-un-moment-muzical-de-exceptie\/"},"author":{"name":"Cristina Ganga","@id":"https:\/\/urbeamea.ro\/albaiulia\/#\/schema\/person\/9700d21fae21c4f038b0b56f4506264a"},"headline":"FOTO-VIDEO: Basul Liviu Burz \u0219i \u0219ase tulnic\u0103rese din C\u00eempeni, pe scen\u0103 la Rom\u00e2nii au talent. Patru de DA pentru un moment muzical de excep\u021bie","datePublished":"2018-04-21T06:45:45+00:00","dateModified":"2018-04-21T11:46:03+00:00","mainEntityOfPage":{"@id":"https:\/\/urbeamea.ro\/albaiulia\/foto-video-un-tenor-si-sase-tulnicarese-din-cimpeni-pe-scena-la-romanii-au-talent-patru-de-da-pentru-un-moment-muzical-de-exceptie\/"},"wordCount":408,"commentCount":0,"image":{"@id":"https:\/\/urbeamea.ro\/albaiulia\/foto-video-un-tenor-si-sase-tulnicarese-din-cimpeni-pe-scena-la-romanii-au-talent-patru-de-da-pentru-un-moment-muzical-de-exceptie\/#primaryimage"},"thumbnailUrl":"https:\/\/urbeamea.ro\/albaiulia\/wp-content\/uploads\/2018\/04\/30742291_1887485181276201_5107310263539859456_n.jpg","keywords":["alba","liviu burz","moment muzical de exceptie","romanii au telent","spectacol","stiri","tulnicaresele din campeni","Urbea Mea"],"articleSection":["\u015etiri Urbane"],"inLanguage":"ro-RO","potentialAction":[{"@type":"CommentAction","name":"Comment","target":["https:\/\/urbeamea.ro\/albaiulia\/foto-video-un-tenor-si-sase-tulnicarese-din-cimpeni-pe-scena-la-romanii-au-talent-patru-de-da-pentru-un-moment-muzical-de-exceptie\/#respond"]}]},{"@type":"WebPage","@id":"https:\/\/urbeamea.ro\/albaiulia\/foto-video-un-tenor-si-sase-tulnicarese-din-cimpeni-pe-scena-la-romanii-au-talent-patru-de-da-pentru-un-moment-muzical-de-exceptie\/","url":"https:\/\/urbeamea.ro\/albaiulia\/foto-video-un-tenor-si-sase-tulnicarese-din-cimpeni-pe-scena-la-romanii-au-talent-patru-de-da-pentru-un-moment-muzical-de-exceptie\/","name":"FOTO-VIDEO: Basul Liviu Burz \u0219i \u0219ase tulnic\u0103rese din C\u00eempeni, pe scen\u0103 la Rom\u00e2nii au talent. Patru de DA pentru un moment muzical de excep\u021bie - Revista Urbea Mea - Revista de Alba","isPartOf":{"@id":"https:\/\/urbeamea.ro\/albaiulia\/#website"},"primaryImageOfPage":{"@id":"https:\/\/urbeamea.ro\/albaiulia\/foto-video-un-tenor-si-sase-tulnicarese-din-cimpeni-pe-scena-la-romanii-au-talent-patru-de-da-pentru-un-moment-muzical-de-exceptie\/#primaryimage"},"image":{"@id":"https:\/\/urbeamea.ro\/albaiulia\/foto-video-un-tenor-si-sase-tulnicarese-din-cimpeni-pe-scena-la-romanii-au-talent-patru-de-da-pentru-un-moment-muzical-de-exceptie\/#primaryimage"},"thumbnailUrl":"https:\/\/urbeamea.ro\/albaiulia\/wp-content\/uploads\/2018\/04\/30742291_1887485181276201_5107310263539859456_n.jpg","datePublished":"2018-04-21T06:45:45+00:00","dateModified":"2018-04-21T11:46:03+00:00","author":{"@id":"https:\/\/urbeamea.ro\/albaiulia\/#\/schema\/person\/9700d21fae21c4f038b0b56f4506264a"},"description":"Liviu Burz din C\u00eempeni a luat folclorul dup\u0103 el la Corul Operei de Stat din Viena, dar l-a adus \u00eenapoi ca s\u0103-l transforme \u00een 4xDA la Rom\u00e2nii au Talent.","breadcrumb":{"@id":"https:\/\/urbeamea.ro\/albaiulia\/foto-video-un-tenor-si-sase-tulnicarese-din-cimpeni-pe-scena-la-romanii-au-talent-patru-de-da-pentru-un-moment-muzical-de-exceptie\/#breadcrumb"},"inLanguage":"ro-RO","potentialAction":[{"@type":"ReadAction","target":["https:\/\/urbeamea.ro\/albaiulia\/foto-video-un-tenor-si-sase-tulnicarese-din-cimpeni-pe-scena-la-romanii-au-talent-patru-de-da-pentru-un-moment-muzical-de-exceptie\/"]}]},{"@type":"ImageObject","inLanguage":"ro-RO","@id":"https:\/\/urbeamea.ro\/albaiulia\/foto-video-un-tenor-si-sase-tulnicarese-din-cimpeni-pe-scena-la-romanii-au-talent-patru-de-da-pentru-un-moment-muzical-de-exceptie\/#primaryimage","url":"https:\/\/urbeamea.ro\/albaiulia\/wp-content\/uploads\/2018\/04\/30742291_1887485181276201_5107310263539859456_n.jpg","contentUrl":"https:\/\/urbeamea.ro\/albaiulia\/wp-content\/uploads\/2018\/04\/30742291_1887485181276201_5107310263539859456_n.jpg","width":960,"height":656},{"@type":"BreadcrumbList","@id":"https:\/\/urbeamea.ro\/albaiulia\/foto-video-un-tenor-si-sase-tulnicarese-din-cimpeni-pe-scena-la-romanii-au-talent-patru-de-da-pentru-un-moment-muzical-de-exceptie\/#breadcrumb","itemListElement":[{"@type":"ListItem","position":1,"name":"Prima pagin\u0103","item":"https:\/\/urbeamea.ro\/albaiulia\/"},{"@type":"ListItem","position":2,"name":"FOTO-VIDEO: Basul Liviu Burz \u0219i \u0219ase tulnic\u0103rese din C\u00eempeni, pe scen\u0103 la Rom\u00e2nii au talent. Patru de DA pentru un moment muzical de excep\u021bie"}]},{"@type":"WebSite","@id":"https:\/\/urbeamea.ro\/albaiulia\/#website","url":"https:\/\/urbeamea.ro\/albaiulia\/","name":"Revista Urbea Mea, Stiri urbane","description":"Evenimente \u0219i \u0219tiri din Alba Iulia, Sebe\u0219, Aiud, Blaj","potentialAction":[{"@type":"SearchAction","target":{"@type":"EntryPoint","urlTemplate":"https:\/\/urbeamea.ro\/albaiulia\/?s={search_term_string}"},"query-input":{"@type":"PropertyValueSpecification","valueRequired":true,"valueName":"search_term_string"}}],"inLanguage":"ro-RO"},{"@type":"Person","@id":"https:\/\/urbeamea.ro\/albaiulia\/#\/schema\/person\/9700d21fae21c4f038b0b56f4506264a","name":"Cristina Ganga","image":{"@type":"ImageObject","inLanguage":"ro-RO","@id":"https:\/\/secure.gravatar.com\/avatar\/5a67661041f057b4a8ccaf26f5a8e86e2689372006d01faf3dd9eeb10b654bb4?s=96&d=mm&r=g","url":"https:\/\/secure.gravatar.com\/avatar\/5a67661041f057b4a8ccaf26f5a8e86e2689372006d01faf3dd9eeb10b654bb4?s=96&d=mm&r=g","contentUrl":"https:\/\/secure.gravatar.com\/avatar\/5a67661041f057b4a8ccaf26f5a8e86e2689372006d01faf3dd9eeb10b654bb4?s=96&d=mm&r=g","caption":"Cristina Ganga"},"description":"Jurnalist","sameAs":["https:\/\/www.facebook.com\/cristina.nicola.587"],"url":"https:\/\/urbeamea.ro\/albaiulia\/author\/cristina-nicola\/"}]}},"_links":{"self":[{"href":"https:\/\/urbeamea.ro\/albaiulia\/wp-json\/wp\/v2\/posts\/61902","targetHints":{"allow":["GET"]}}],"collection":[{"href":"https:\/\/urbeamea.ro\/albaiulia\/wp-json\/wp\/v2\/posts"}],"about":[{"href":"https:\/\/urbeamea.ro\/albaiulia\/wp-json\/wp\/v2\/types\/post"}],"author":[{"embeddable":true,"href":"https:\/\/urbeamea.ro\/albaiulia\/wp-json\/wp\/v2\/users\/17"}],"replies":[{"embeddable":true,"href":"https:\/\/urbeamea.ro\/albaiulia\/wp-json\/wp\/v2\/comments?post=61902"}],"version-history":[{"count":0,"href":"https:\/\/urbeamea.ro\/albaiulia\/wp-json\/wp\/v2\/posts\/61902\/revisions"}],"wp:featuredmedia":[{"embeddable":true,"href":"https:\/\/urbeamea.ro\/albaiulia\/wp-json\/wp\/v2\/media\/61903"}],"wp:attachment":[{"href":"https:\/\/urbeamea.ro\/albaiulia\/wp-json\/wp\/v2\/media?parent=61902"}],"wp:term":[{"taxonomy":"category","embeddable":true,"href":"https:\/\/urbeamea.ro\/albaiulia\/wp-json\/wp\/v2\/categories?post=61902"},{"taxonomy":"post_tag","embeddable":true,"href":"https:\/\/urbeamea.ro\/albaiulia\/wp-json\/wp\/v2\/tags?post=61902"}],"curies":[{"name":"wp","href":"https:\/\/api.w.org\/{rel}","templated":true}]}}