{"id":61939,"date":"2018-04-23T09:18:18","date_gmt":"2018-04-23T06:18:18","guid":{"rendered":"https:\/\/urbeamea.ro\/albaiulia\/?p=61939"},"modified":"2018-04-23T09:19:55","modified_gmt":"2018-04-23T06:19:55","slug":"scriitorul-si-analistul-politic-stelian-tanase-va-lansa-marti-la-alba-iulia-dinastia-si-nocturna","status":"publish","type":"post","link":"https:\/\/urbeamea.ro\/albaiulia\/scriitorul-si-analistul-politic-stelian-tanase-va-lansa-marti-la-alba-iulia-dinastia-si-nocturna\/","title":{"rendered":"Scriitorul \u0219i analistul politic, Stelian Tanase va lansa, MAR\u0162I, la Alba Iulia, \u201eDinastia\u201d \u0219i \u201eNocturna\u201d"},"content":{"rendered":"<p><strong>Scriitorul, jurnalistul \u0219i analistul politic Stelian Tanase va fi prezent mar\u021bi la Alba Iulia \u00een cadrul unui eveniment de promovare a doua c\u0103r\u021bi, \u00a0Dinastia \u0219i Nocturna cu un vampir, opus I. \u00centalnirea cu cititorii va avea loc la Muzeul Principia de la ora 17, iar al\u0103turi de scriitor vor fi Diana C\u00e2mpan \u0219i Valer Moga.<\/strong><\/p>\n<p>Dac\u0103 Nocturn\u0103 cu un vampir poate fi numit un thriller poli\u0163ist plin de umor \u015fi ironie, \u00een Diastia ceea ce primeaz\u0103 sunt argumentele factuale, istorice ale rememor\u0103rii unei istorii uitate \u0219i falsificate \u00een anii republicii comuniste \u0219i postcomuniste. Este o carte extrem de bine scris\u0103, suficient\u0103 pentru cititorul mediu care vrea s\u0103 \u00een\u021beleag\u0103 istoria propriei na\u021biuni \u0219i a propriului stat, dar care deschide celor interesa\u021bi por\u021bile c\u0103tre studiul bogatei bibliografii cu privire la perioda 1866-1947.<\/p>\n<p>Dinastia explic\u0103 esen\u021ba istoriei monarhei moderne. Este greu de spus dac\u0103 \u0219i c\u00e2nd va fi referendum \u00een Rom\u00e2nia privind op\u021biunea dintre republic\u0103 \u0219i monarhie. Luciditatea, spiritul critic, capacitatea de a compara, ne oblig\u0103 s\u0103 \u021binem seama \u0219i de persoanele concrete care reprezint\u0103 \u00een momentul de fa\u021b\u0103 monarhia. Dar aici nu este vorba despre persoane, ci de op\u021biuni institu\u021bionale fundamentale. De a c\u0103ror exprimare a fost lipsit poporul rom\u00e2n de c\u0103tre un regim comunist impus din exterior. Continuarea republicii \u00een context noncomunist a fost frauda politic\u0103 major\u0103 comis\u0103 de liderii feseni\u0219ti. \u0218i mai este vorba de a nu permite scoaterea celei mai importante dezbateri din ultimul secol \u0219i jum\u0103tate din contextul istoric al afirm\u0103rii statale \u0219i al definirii identitare. Din aceast\u0103 dezbatere nu poate lipsi cunoa\u0219terea faptelor \u0219i realiz\u0103rilor cruciale \u00eenf\u0103ptuite de c\u0103tre monarhie.<\/p>\n<p>Descrierea \u0219i explicarea acelor fapte \u00een volumul Dinastia sunt principalele argumente \u00eentr-o discu\u021bie cu privire la op\u021biunea dintre monarhie \u0219i republic\u0103. Stelian T\u0103nase are meritul de a sintetiza, \u00eentr-o carte u\u0219or de citit, accesibil\u0103 marelui public, o istorie dinamic\u0103, a unei na\u021biuni aflate la \u201dpor\u021bile Orientului\u201d, dar care \u0219i-a exprimat \u00eenc\u0103 din momentul consitituirii statului modern voin\u021ba apartenen\u021bei la Occident prin desemnarea ca monarhi a unor reprezentan\u021bi ai marilor familii dinastice apusene. Mo\u0219tenirea politic\u0103 a monarhiei de tip occidental este cov\u00e2r\u0219itoare: dup\u0103 eliberarea Rom\u00e2niei, ea s-a concretizat \u00een aderarea voluntar\u0103, entuziast\u0103, la NATO \u0219i Uniunea European\u0103.<\/p>\n<p>At\u00e2t lansarea c\u0103r\u021bilor c\u00e2t \u0219i o conferin\u021b\u0103 av\u00e2nd ca tem\u0103 Centenarul Rom\u00e2niei, vor fi g\u0103zduite \u00een cadrul muzeului Principia, la ora 17.00<\/p>\n<p>DAN PAVEL \u2013 \u201eSpre disperarea istoricilor de profesie, pe care (din p\u0103cate!) nu \u00eei cite\u0219te aproape nimeni, Dinastia, cartea publicat\u0103 de editura Rao \u0219i scris\u0103 de Stelian T\u0103nase \u0219i Elena Vijulie, este un colosal succes de libr\u0103rie.\u201d(TIMPUL)<\/p>\n<p>IRINA MARGARETA NISTOR \u2013 \u201e\u00cen sf\u00e2r\u015fit, o carte care va putea fi ecranizat\u0103. Seam\u0103n\u0103 cu un scenariu, pe care l-am citit \u015fi l-am aprobat. Ce mi-a pl\u0103cut \u00een cartea lui T\u0103nase este vocabularul. Am reg\u0103sit cu bucurie expresii uzuale pe care nu le-am mai auzit demult. Cred c\u0103 a fost unul dintre cele mai frumoase cadouri de c\u0103l\u0103torie \u00een timp. Cartea e senzual\u0103, a\u015f zice chiar c\u0103 e de citit dup\u0103 12 noaptea. \u00cen concluzie, este un fel de Bela Lugosi adus \u00een zilele noastre\u201c.<\/p>\n<p>CRISTINA MANOLE \u201eNoua apari\u021bie editorial\u0103 DINASTIA\u00a0\u00a0\u00a0(Editura RAO, 2017), scris\u0103 la patru m\u00eeini (de Stelian T\u0103nase n.red) cu jurnalista \u0219i realizatoarea TV Elena Vijulie, este cea mai consistent\u0103 \u0219i coerent\u0103 poveste\/istorie a familiei regale. Alc\u0103tuit\u0103 metodic, f\u0103r\u0103 digresiuni eseistice sau de alt\u0103 natur\u0103, parcursul celor patru Hohenzollerni prin Rom\u00e2nia ni se pare exemplar. \u0102\u0219tia au fost Regii \u0219i Reginele noastre, astea au fost sucirile istoriei. \u201e(Observator cultural )<\/p>\n<p>JEAN HARRIS \u2013 \u201eSexy si urban,\u00a0Nocturna cu vampir\u00a0este o fic\u021biune gotic\u0103 pentru\u00a0secolul al XXI-lea.\u201d(\u2026) \u201eDar cine este Naum? Imagina\u021bi-v\u0103 un tip din clasa muncitoare, un baiat de treaba care este, de obicei, \u0219omer. Pentru o vreme inscris \u00een Legiunea Str\u0103in\u0103 francez\u0103, acum lucreaza pentru o agen\u021bie de detectivi demna de un film al fra\u021bilor Marx. Este un nihilist, un socialist mai mult decat orice altceva, un boxeur, un tip dur cu o inim\u0103 de aur, preocuparile lui principale fiind bautura si, bineinteles, femeile. Romanul incepe cam asa\u2026 In toiul noptii, exact in momentul c\u00e2nd singura preocupare a lui Naum era cum s\u0103 se distreze mai bine cu o fufa agatata la bar, primeste un telefon \u00eenfrico\u0219\u0103tor. I se spune sa p\u0103r\u0103seasc\u0103 apartamentul pentru a merge la o anumita adres\u0103. Acolo g\u0103seste un cadavru tras in \u021beap\u0103\u2026\u201d<\/p>\n","protected":false},"excerpt":{"rendered":"<p>Scriitorul, jurnalistul \u0219i analistul politic Stelian Tanase va fi prezent mar\u021bi la Alba Iulia \u00een cadrul unui eveniment de promovare a doua c\u0103r\u021bi, \u00a0Dinastia \u0219i Nocturna cu un vampir, opus I. \u00centalnirea cu cititorii va avea loc la Muzeul Principia de la ora 17, iar al\u0103turi de scriitor vor fi Diana C\u00e2mpan \u0219i Valer Moga. &hellip;<\/p>\n","protected":false},"author":17,"featured_media":61940,"comment_status":"open","ping_status":"open","sticky":false,"template":"","format":"standard","meta":{"inline_featured_image":false,"footnotes":""},"categories":[2038],"tags":[31,15033,15034,2047,1109,2100,15035,7088,15032,308,76],"class_list":["post-61939","post","type-post","status-publish","format-standard","has-post-thumbnail","hentry","category-cultura","tag-alba-iulia","tag-analist-politic","tag-dinastia","tag-jurnalist","tag-lansare-carti","tag-muzeul-principia","tag-nocturna","tag-scriitor","tag-stelian-tanase","tag-stiri","tag-urbea-mea"],"yoast_head":"<!-- This site is optimized with the Yoast SEO plugin v27.4 - https:\/\/yoast.com\/product\/yoast-seo-wordpress\/ -->\n<title>Scriitorul \u0219i analistul politic, Stelian Tanase va lansa, MAR\u0162I, la Alba Iulia, \u201eDinastia\u201d \u0219i \u201eNocturna\u201d - Revista Urbea Mea - Revista de Alba<\/title>\n<meta name=\"description\" content=\"Scriitorul, jurnalistul \u0219i analistul politic Stelian Tanase va fi prezent mar\u021bi la Alba Iulia \u00een cadrul unui eveniment de promovare a doua c\u0103r\u021bi,\" \/>\n<meta name=\"robots\" content=\"index, follow, max-snippet:-1, max-image-preview:large, max-video-preview:-1\" \/>\n<link rel=\"canonical\" href=\"https:\/\/urbeamea.ro\/albaiulia\/scriitorul-si-analistul-politic-stelian-tanase-va-lansa-marti-la-alba-iulia-dinastia-si-nocturna\/\" \/>\n<meta name=\"twitter:card\" content=\"summary_large_image\" \/>\n<meta name=\"twitter:title\" content=\"Scriitorul \u0219i analistul politic, Stelian Tanase va lansa, MAR\u0162I, la Alba Iulia, \u201eDinastia\u201d \u0219i \u201eNocturna\u201d - Revista Urbea Mea - Revista de Alba\" \/>\n<meta name=\"twitter:description\" content=\"Scriitorul, jurnalistul \u0219i analistul politic Stelian Tanase va fi prezent mar\u021bi la Alba Iulia \u00een cadrul unui eveniment de promovare a doua c\u0103r\u021bi,\" \/>\n<meta name=\"twitter:image\" content=\"https:\/\/urbeamea.ro\/albaiulia\/wp-content\/uploads\/2018\/04\/Untitled-6.jpg\" \/>\n<meta name=\"twitter:creator\" content=\"@urbeameaweb\" \/>\n<meta name=\"twitter:site\" content=\"@urbeameaweb\" \/>\n<script type=\"application\/ld+json\" class=\"yoast-schema-graph\">{\"@context\":\"https:\\\/\\\/schema.org\",\"@graph\":[{\"@type\":\"Article\",\"@id\":\"https:\\\/\\\/urbeamea.ro\\\/albaiulia\\\/scriitorul-si-analistul-politic-stelian-tanase-va-lansa-marti-la-alba-iulia-dinastia-si-nocturna\\\/#article\",\"isPartOf\":{\"@id\":\"https:\\\/\\\/urbeamea.ro\\\/albaiulia\\\/scriitorul-si-analistul-politic-stelian-tanase-va-lansa-marti-la-alba-iulia-dinastia-si-nocturna\\\/\"},\"author\":{\"name\":\"Cristina Ganga\",\"@id\":\"https:\\\/\\\/urbeamea.ro\\\/albaiulia\\\/#\\\/schema\\\/person\\\/9700d21fae21c4f038b0b56f4506264a\"},\"headline\":\"Scriitorul \u0219i analistul politic, Stelian Tanase va lansa, MAR\u0162I, la Alba Iulia, \u201eDinastia\u201d \u0219i \u201eNocturna\u201d\",\"datePublished\":\"2018-04-23T06:18:18+00:00\",\"dateModified\":\"2018-04-23T06:19:55+00:00\",\"mainEntityOfPage\":{\"@id\":\"https:\\\/\\\/urbeamea.ro\\\/albaiulia\\\/scriitorul-si-analistul-politic-stelian-tanase-va-lansa-marti-la-alba-iulia-dinastia-si-nocturna\\\/\"},\"wordCount\":797,\"commentCount\":0,\"image\":{\"@id\":\"https:\\\/\\\/urbeamea.ro\\\/albaiulia\\\/scriitorul-si-analistul-politic-stelian-tanase-va-lansa-marti-la-alba-iulia-dinastia-si-nocturna\\\/#primaryimage\"},\"thumbnailUrl\":\"https:\\\/\\\/urbeamea.ro\\\/albaiulia\\\/wp-content\\\/uploads\\\/2018\\\/04\\\/Untitled-6.jpg\",\"keywords\":[\"Alba Iulia\",\"analist politic\",\"Dinastia\",\"jurnalist\",\"lansare carti\",\"muzeul principia\",\"Nocturna\",\"scriitor\",\"stelian tanase\",\"stiri\",\"Urbea Mea\"],\"articleSection\":[\"Cultur\u0103\"],\"inLanguage\":\"ro-RO\",\"potentialAction\":[{\"@type\":\"CommentAction\",\"name\":\"Comment\",\"target\":[\"https:\\\/\\\/urbeamea.ro\\\/albaiulia\\\/scriitorul-si-analistul-politic-stelian-tanase-va-lansa-marti-la-alba-iulia-dinastia-si-nocturna\\\/#respond\"]}]},{\"@type\":\"WebPage\",\"@id\":\"https:\\\/\\\/urbeamea.ro\\\/albaiulia\\\/scriitorul-si-analistul-politic-stelian-tanase-va-lansa-marti-la-alba-iulia-dinastia-si-nocturna\\\/\",\"url\":\"https:\\\/\\\/urbeamea.ro\\\/albaiulia\\\/scriitorul-si-analistul-politic-stelian-tanase-va-lansa-marti-la-alba-iulia-dinastia-si-nocturna\\\/\",\"name\":\"Scriitorul \u0219i analistul politic, Stelian Tanase va lansa, MAR\u0162I, la Alba Iulia, \u201eDinastia\u201d \u0219i \u201eNocturna\u201d - Revista Urbea Mea - Revista de Alba\",\"isPartOf\":{\"@id\":\"https:\\\/\\\/urbeamea.ro\\\/albaiulia\\\/#website\"},\"primaryImageOfPage\":{\"@id\":\"https:\\\/\\\/urbeamea.ro\\\/albaiulia\\\/scriitorul-si-analistul-politic-stelian-tanase-va-lansa-marti-la-alba-iulia-dinastia-si-nocturna\\\/#primaryimage\"},\"image\":{\"@id\":\"https:\\\/\\\/urbeamea.ro\\\/albaiulia\\\/scriitorul-si-analistul-politic-stelian-tanase-va-lansa-marti-la-alba-iulia-dinastia-si-nocturna\\\/#primaryimage\"},\"thumbnailUrl\":\"https:\\\/\\\/urbeamea.ro\\\/albaiulia\\\/wp-content\\\/uploads\\\/2018\\\/04\\\/Untitled-6.jpg\",\"datePublished\":\"2018-04-23T06:18:18+00:00\",\"dateModified\":\"2018-04-23T06:19:55+00:00\",\"author\":{\"@id\":\"https:\\\/\\\/urbeamea.ro\\\/albaiulia\\\/#\\\/schema\\\/person\\\/9700d21fae21c4f038b0b56f4506264a\"},\"description\":\"Scriitorul, jurnalistul \u0219i analistul politic Stelian Tanase va fi prezent mar\u021bi la Alba Iulia \u00een cadrul unui eveniment de promovare a doua c\u0103r\u021bi,\",\"breadcrumb\":{\"@id\":\"https:\\\/\\\/urbeamea.ro\\\/albaiulia\\\/scriitorul-si-analistul-politic-stelian-tanase-va-lansa-marti-la-alba-iulia-dinastia-si-nocturna\\\/#breadcrumb\"},\"inLanguage\":\"ro-RO\",\"potentialAction\":[{\"@type\":\"ReadAction\",\"target\":[\"https:\\\/\\\/urbeamea.ro\\\/albaiulia\\\/scriitorul-si-analistul-politic-stelian-tanase-va-lansa-marti-la-alba-iulia-dinastia-si-nocturna\\\/\"]}]},{\"@type\":\"ImageObject\",\"inLanguage\":\"ro-RO\",\"@id\":\"https:\\\/\\\/urbeamea.ro\\\/albaiulia\\\/scriitorul-si-analistul-politic-stelian-tanase-va-lansa-marti-la-alba-iulia-dinastia-si-nocturna\\\/#primaryimage\",\"url\":\"https:\\\/\\\/urbeamea.ro\\\/albaiulia\\\/wp-content\\\/uploads\\\/2018\\\/04\\\/Untitled-6.jpg\",\"contentUrl\":\"https:\\\/\\\/urbeamea.ro\\\/albaiulia\\\/wp-content\\\/uploads\\\/2018\\\/04\\\/Untitled-6.jpg\",\"width\":430,\"height\":395},{\"@type\":\"BreadcrumbList\",\"@id\":\"https:\\\/\\\/urbeamea.ro\\\/albaiulia\\\/scriitorul-si-analistul-politic-stelian-tanase-va-lansa-marti-la-alba-iulia-dinastia-si-nocturna\\\/#breadcrumb\",\"itemListElement\":[{\"@type\":\"ListItem\",\"position\":1,\"name\":\"Prima pagin\u0103\",\"item\":\"https:\\\/\\\/urbeamea.ro\\\/albaiulia\\\/\"},{\"@type\":\"ListItem\",\"position\":2,\"name\":\"Scriitorul \u0219i analistul politic, Stelian Tanase va lansa, MAR\u0162I, la Alba Iulia, \u201eDinastia\u201d \u0219i \u201eNocturna\u201d\"}]},{\"@type\":\"WebSite\",\"@id\":\"https:\\\/\\\/urbeamea.ro\\\/albaiulia\\\/#website\",\"url\":\"https:\\\/\\\/urbeamea.ro\\\/albaiulia\\\/\",\"name\":\"Revista Urbea Mea, Stiri urbane\",\"description\":\"Evenimente \u0219i \u0219tiri din Alba Iulia, Sebe\u0219, Aiud, Blaj\",\"potentialAction\":[{\"@type\":\"SearchAction\",\"target\":{\"@type\":\"EntryPoint\",\"urlTemplate\":\"https:\\\/\\\/urbeamea.ro\\\/albaiulia\\\/?s={search_term_string}\"},\"query-input\":{\"@type\":\"PropertyValueSpecification\",\"valueRequired\":true,\"valueName\":\"search_term_string\"}}],\"inLanguage\":\"ro-RO\"},{\"@type\":\"Person\",\"@id\":\"https:\\\/\\\/urbeamea.ro\\\/albaiulia\\\/#\\\/schema\\\/person\\\/9700d21fae21c4f038b0b56f4506264a\",\"name\":\"Cristina Ganga\",\"image\":{\"@type\":\"ImageObject\",\"inLanguage\":\"ro-RO\",\"@id\":\"https:\\\/\\\/secure.gravatar.com\\\/avatar\\\/5a67661041f057b4a8ccaf26f5a8e86e2689372006d01faf3dd9eeb10b654bb4?s=96&d=mm&r=g\",\"url\":\"https:\\\/\\\/secure.gravatar.com\\\/avatar\\\/5a67661041f057b4a8ccaf26f5a8e86e2689372006d01faf3dd9eeb10b654bb4?s=96&d=mm&r=g\",\"contentUrl\":\"https:\\\/\\\/secure.gravatar.com\\\/avatar\\\/5a67661041f057b4a8ccaf26f5a8e86e2689372006d01faf3dd9eeb10b654bb4?s=96&d=mm&r=g\",\"caption\":\"Cristina Ganga\"},\"description\":\"Jurnalist\",\"sameAs\":[\"https:\\\/\\\/www.facebook.com\\\/cristina.nicola.587\"],\"url\":\"https:\\\/\\\/urbeamea.ro\\\/albaiulia\\\/author\\\/cristina-nicola\\\/\"}]}<\/script>\n<!-- \/ Yoast SEO plugin. -->","yoast_head_json":{"title":"Scriitorul \u0219i analistul politic, Stelian Tanase va lansa, MAR\u0162I, la Alba Iulia, \u201eDinastia\u201d \u0219i \u201eNocturna\u201d - Revista Urbea Mea - Revista de Alba","description":"Scriitorul, jurnalistul \u0219i analistul politic Stelian Tanase va fi prezent mar\u021bi la Alba Iulia \u00een cadrul unui eveniment de promovare a doua c\u0103r\u021bi,","robots":{"index":"index","follow":"follow","max-snippet":"max-snippet:-1","max-image-preview":"max-image-preview:large","max-video-preview":"max-video-preview:-1"},"canonical":"https:\/\/urbeamea.ro\/albaiulia\/scriitorul-si-analistul-politic-stelian-tanase-va-lansa-marti-la-alba-iulia-dinastia-si-nocturna\/","twitter_card":"summary_large_image","twitter_title":"Scriitorul \u0219i analistul politic, Stelian Tanase va lansa, MAR\u0162I, la Alba Iulia, \u201eDinastia\u201d \u0219i \u201eNocturna\u201d - Revista Urbea Mea - Revista de Alba","twitter_description":"Scriitorul, jurnalistul \u0219i analistul politic Stelian Tanase va fi prezent mar\u021bi la Alba Iulia \u00een cadrul unui eveniment de promovare a doua c\u0103r\u021bi,","twitter_image":"https:\/\/urbeamea.ro\/albaiulia\/wp-content\/uploads\/2018\/04\/Untitled-6.jpg","twitter_creator":"@urbeameaweb","twitter_site":"@urbeameaweb","schema":{"@context":"https:\/\/schema.org","@graph":[{"@type":"Article","@id":"https:\/\/urbeamea.ro\/albaiulia\/scriitorul-si-analistul-politic-stelian-tanase-va-lansa-marti-la-alba-iulia-dinastia-si-nocturna\/#article","isPartOf":{"@id":"https:\/\/urbeamea.ro\/albaiulia\/scriitorul-si-analistul-politic-stelian-tanase-va-lansa-marti-la-alba-iulia-dinastia-si-nocturna\/"},"author":{"name":"Cristina Ganga","@id":"https:\/\/urbeamea.ro\/albaiulia\/#\/schema\/person\/9700d21fae21c4f038b0b56f4506264a"},"headline":"Scriitorul \u0219i analistul politic, Stelian Tanase va lansa, MAR\u0162I, la Alba Iulia, \u201eDinastia\u201d \u0219i \u201eNocturna\u201d","datePublished":"2018-04-23T06:18:18+00:00","dateModified":"2018-04-23T06:19:55+00:00","mainEntityOfPage":{"@id":"https:\/\/urbeamea.ro\/albaiulia\/scriitorul-si-analistul-politic-stelian-tanase-va-lansa-marti-la-alba-iulia-dinastia-si-nocturna\/"},"wordCount":797,"commentCount":0,"image":{"@id":"https:\/\/urbeamea.ro\/albaiulia\/scriitorul-si-analistul-politic-stelian-tanase-va-lansa-marti-la-alba-iulia-dinastia-si-nocturna\/#primaryimage"},"thumbnailUrl":"https:\/\/urbeamea.ro\/albaiulia\/wp-content\/uploads\/2018\/04\/Untitled-6.jpg","keywords":["Alba Iulia","analist politic","Dinastia","jurnalist","lansare carti","muzeul principia","Nocturna","scriitor","stelian tanase","stiri","Urbea Mea"],"articleSection":["Cultur\u0103"],"inLanguage":"ro-RO","potentialAction":[{"@type":"CommentAction","name":"Comment","target":["https:\/\/urbeamea.ro\/albaiulia\/scriitorul-si-analistul-politic-stelian-tanase-va-lansa-marti-la-alba-iulia-dinastia-si-nocturna\/#respond"]}]},{"@type":"WebPage","@id":"https:\/\/urbeamea.ro\/albaiulia\/scriitorul-si-analistul-politic-stelian-tanase-va-lansa-marti-la-alba-iulia-dinastia-si-nocturna\/","url":"https:\/\/urbeamea.ro\/albaiulia\/scriitorul-si-analistul-politic-stelian-tanase-va-lansa-marti-la-alba-iulia-dinastia-si-nocturna\/","name":"Scriitorul \u0219i analistul politic, Stelian Tanase va lansa, MAR\u0162I, la Alba Iulia, \u201eDinastia\u201d \u0219i \u201eNocturna\u201d - Revista Urbea Mea - Revista de Alba","isPartOf":{"@id":"https:\/\/urbeamea.ro\/albaiulia\/#website"},"primaryImageOfPage":{"@id":"https:\/\/urbeamea.ro\/albaiulia\/scriitorul-si-analistul-politic-stelian-tanase-va-lansa-marti-la-alba-iulia-dinastia-si-nocturna\/#primaryimage"},"image":{"@id":"https:\/\/urbeamea.ro\/albaiulia\/scriitorul-si-analistul-politic-stelian-tanase-va-lansa-marti-la-alba-iulia-dinastia-si-nocturna\/#primaryimage"},"thumbnailUrl":"https:\/\/urbeamea.ro\/albaiulia\/wp-content\/uploads\/2018\/04\/Untitled-6.jpg","datePublished":"2018-04-23T06:18:18+00:00","dateModified":"2018-04-23T06:19:55+00:00","author":{"@id":"https:\/\/urbeamea.ro\/albaiulia\/#\/schema\/person\/9700d21fae21c4f038b0b56f4506264a"},"description":"Scriitorul, jurnalistul \u0219i analistul politic Stelian Tanase va fi prezent mar\u021bi la Alba Iulia \u00een cadrul unui eveniment de promovare a doua c\u0103r\u021bi,","breadcrumb":{"@id":"https:\/\/urbeamea.ro\/albaiulia\/scriitorul-si-analistul-politic-stelian-tanase-va-lansa-marti-la-alba-iulia-dinastia-si-nocturna\/#breadcrumb"},"inLanguage":"ro-RO","potentialAction":[{"@type":"ReadAction","target":["https:\/\/urbeamea.ro\/albaiulia\/scriitorul-si-analistul-politic-stelian-tanase-va-lansa-marti-la-alba-iulia-dinastia-si-nocturna\/"]}]},{"@type":"ImageObject","inLanguage":"ro-RO","@id":"https:\/\/urbeamea.ro\/albaiulia\/scriitorul-si-analistul-politic-stelian-tanase-va-lansa-marti-la-alba-iulia-dinastia-si-nocturna\/#primaryimage","url":"https:\/\/urbeamea.ro\/albaiulia\/wp-content\/uploads\/2018\/04\/Untitled-6.jpg","contentUrl":"https:\/\/urbeamea.ro\/albaiulia\/wp-content\/uploads\/2018\/04\/Untitled-6.jpg","width":430,"height":395},{"@type":"BreadcrumbList","@id":"https:\/\/urbeamea.ro\/albaiulia\/scriitorul-si-analistul-politic-stelian-tanase-va-lansa-marti-la-alba-iulia-dinastia-si-nocturna\/#breadcrumb","itemListElement":[{"@type":"ListItem","position":1,"name":"Prima pagin\u0103","item":"https:\/\/urbeamea.ro\/albaiulia\/"},{"@type":"ListItem","position":2,"name":"Scriitorul \u0219i analistul politic, Stelian Tanase va lansa, MAR\u0162I, la Alba Iulia, \u201eDinastia\u201d \u0219i \u201eNocturna\u201d"}]},{"@type":"WebSite","@id":"https:\/\/urbeamea.ro\/albaiulia\/#website","url":"https:\/\/urbeamea.ro\/albaiulia\/","name":"Revista Urbea Mea, Stiri urbane","description":"Evenimente \u0219i \u0219tiri din Alba Iulia, Sebe\u0219, Aiud, Blaj","potentialAction":[{"@type":"SearchAction","target":{"@type":"EntryPoint","urlTemplate":"https:\/\/urbeamea.ro\/albaiulia\/?s={search_term_string}"},"query-input":{"@type":"PropertyValueSpecification","valueRequired":true,"valueName":"search_term_string"}}],"inLanguage":"ro-RO"},{"@type":"Person","@id":"https:\/\/urbeamea.ro\/albaiulia\/#\/schema\/person\/9700d21fae21c4f038b0b56f4506264a","name":"Cristina Ganga","image":{"@type":"ImageObject","inLanguage":"ro-RO","@id":"https:\/\/secure.gravatar.com\/avatar\/5a67661041f057b4a8ccaf26f5a8e86e2689372006d01faf3dd9eeb10b654bb4?s=96&d=mm&r=g","url":"https:\/\/secure.gravatar.com\/avatar\/5a67661041f057b4a8ccaf26f5a8e86e2689372006d01faf3dd9eeb10b654bb4?s=96&d=mm&r=g","contentUrl":"https:\/\/secure.gravatar.com\/avatar\/5a67661041f057b4a8ccaf26f5a8e86e2689372006d01faf3dd9eeb10b654bb4?s=96&d=mm&r=g","caption":"Cristina Ganga"},"description":"Jurnalist","sameAs":["https:\/\/www.facebook.com\/cristina.nicola.587"],"url":"https:\/\/urbeamea.ro\/albaiulia\/author\/cristina-nicola\/"}]}},"_links":{"self":[{"href":"https:\/\/urbeamea.ro\/albaiulia\/wp-json\/wp\/v2\/posts\/61939","targetHints":{"allow":["GET"]}}],"collection":[{"href":"https:\/\/urbeamea.ro\/albaiulia\/wp-json\/wp\/v2\/posts"}],"about":[{"href":"https:\/\/urbeamea.ro\/albaiulia\/wp-json\/wp\/v2\/types\/post"}],"author":[{"embeddable":true,"href":"https:\/\/urbeamea.ro\/albaiulia\/wp-json\/wp\/v2\/users\/17"}],"replies":[{"embeddable":true,"href":"https:\/\/urbeamea.ro\/albaiulia\/wp-json\/wp\/v2\/comments?post=61939"}],"version-history":[{"count":0,"href":"https:\/\/urbeamea.ro\/albaiulia\/wp-json\/wp\/v2\/posts\/61939\/revisions"}],"wp:featuredmedia":[{"embeddable":true,"href":"https:\/\/urbeamea.ro\/albaiulia\/wp-json\/wp\/v2\/media\/61940"}],"wp:attachment":[{"href":"https:\/\/urbeamea.ro\/albaiulia\/wp-json\/wp\/v2\/media?parent=61939"}],"wp:term":[{"taxonomy":"category","embeddable":true,"href":"https:\/\/urbeamea.ro\/albaiulia\/wp-json\/wp\/v2\/categories?post=61939"},{"taxonomy":"post_tag","embeddable":true,"href":"https:\/\/urbeamea.ro\/albaiulia\/wp-json\/wp\/v2\/tags?post=61939"}],"curies":[{"name":"wp","href":"https:\/\/api.w.org\/{rel}","templated":true}]}}