{"id":61948,"date":"2018-04-23T09:30:07","date_gmt":"2018-04-23T06:30:07","guid":{"rendered":"https:\/\/urbeamea.ro\/albaiulia\/?p=61948"},"modified":"2018-04-23T09:30:07","modified_gmt":"2018-04-23T06:30:07","slug":"27-28-aprilie-reuniunea-aniversara-a-reprezentantilor-misiunilor-diplomatice-din-romania-romania-100-diplomatie-educatie-si-misiune-la-alba-iulia","status":"publish","type":"post","link":"https:\/\/urbeamea.ro\/albaiulia\/27-28-aprilie-reuniunea-aniversara-a-reprezentantilor-misiunilor-diplomatice-din-romania-romania-100-diplomatie-educatie-si-misiune-la-alba-iulia\/","title":{"rendered":"27-28 aprilie: Reuniunea aniversar\u0103 a reprezentan\u021bilor misiunilor diplomatice din Rom\u00e2nia \u201eROM\u00c2NIA 100 \u2013 DIPLOMA\u021aIE, EDUCA\u021aIE \u0218I MISIUNE&#8221;, la Alba Iulia"},"content":{"rendered":"<p><strong>\u00cen perioada 27-28 aprilie, la Alba Iulia va avea loc\u00a0Reuniunea aniversar\u0103 a reprezentan\u021bilor misiunilor diplomatice din Rom\u00e2nia \u201eROM\u00c2NIA 100 \u2013 DIPLOMA\u021aIE, EDUCA\u021aIE \u0218I MISIUNE&#8221;. Evenimentul este organizat de\u00a0Universitatea \u201e1 Decembrie 1918&#8243; din Alba Iulia, \u00een parteneriat cu Ministerul Afacerilor Externe,\u00a0Consiliul Jude\u021bean Alba \u0219i Prim\u0103ria Alba Iulia.<\/strong><\/p>\n<div><span style=\"font-size: medium;\"><span lang=\"RO\">Este un eveniment de foarte mare importan\u021b\u0103 la nivel na\u021bional \u0219i, \u00een mod deosebit, pentru Alba Iulia \u0219i jude\u021bul Alba, la care \u0219i-au anun\u021bat participarea reprezentan\u021bii mai multor misiuni diplomatice \u0219i numeroase personalit\u0103\u021bi din Rom\u00e2nia. Se vor afla la Alba Iulia:\u00a0<\/span><\/span><\/p>\n<p class=\"ydp3f3553f4MsoListParagraphCxSpFirst\"><span lang=\"RO\">Ambasadorul Statelor Unite ale Americii,\u00a0<\/span><\/p>\n<p class=\"ydp3f3553f4MsoListParagraphCxSpMiddle\"><span lang=\"RO\">Nun\u021biul Apostolic \u2013 Ambasadorul Sf\u00e2ntului Scaun,\u00a0<\/span><\/p>\n<p class=\"ydp3f3553f4MsoListParagraphCxSpMiddle\"><span lang=\"RO\">Ambasadorul Republicii Coreea,\u00a0<\/span><\/p>\n<p class=\"ydp3f3553f4MsoListParagraphCxSpMiddle\"><span lang=\"RO\">Ambasadorul Republicii Arabe Egipt,<\/span><\/p>\n<p class=\"ydp3f3553f4MsoListParagraphCxSpMiddle\"><span lang=\"RO\">Ambasadorul Regatului Ha\u0219emit al Iordaniei,\u00a0<\/span><\/p>\n<p class=\"ydp3f3553f4MsoListParagraphCxSpMiddle\"><span lang=\"RO\">Ambasadorul Malaeziei,\u00a0<\/span><\/p>\n<p class=\"ydp3f3553f4MsoListParagraphCxSpMiddle\"><span lang=\"RO\">Ambasadorul Republicii Islamice Pakistan,\u00a0<\/span><\/p>\n<p class=\"ydp3f3553f4MsoListParagraphCxSpMiddle\"><span lang=\"RO\">Ata\u0219atul cultural \u0219i \u00eens\u0103rcinat cu probleme de \u00eenv\u0103\u021b\u0103m\u00e2nt &#8211; Ambasada Republicii Arabe Siriene,\u00a0<\/span><\/p>\n<p class=\"ydp3f3553f4MsoListParagraphCxSpMiddle\"><span lang=\"RO\">Ambasadorul Turkmenistanului, C<\/span><\/p>\n<p class=\"ydp3f3553f4MsoListParagraphCxSpMiddle\"><span lang=\"RO\">Consilier I &#8211; Ambasada Statului Palestina,\u00a0<\/span><\/p>\n<p class=\"ydp3f3553f4MsoListParagraphCxSpMiddle\"><span lang=\"RO\">Ambasadorul Republicii Croa\u021bia, A<\/span><\/p>\n<p class=\"ydp3f3553f4MsoListParagraphCxSpMiddle\"><span lang=\"RO\">Ambasadorul Tunisiei, A<\/span><\/p>\n<p class=\"ydp3f3553f4MsoListParagraphCxSpMiddle\"><span lang=\"RO\">Ambasadorul Republicii Moldova,\u00a0<\/span><\/p>\n<p class=\"ydp3f3553f4MsoListParagraphCxSpLast\"><span lang=\"RO\">Ambasadorul Republicii Kazahstan.<\/span><\/p>\n<p class=\"ydp3f3553f4MsoListParagraphCxSpLast\">Ambasadorii inclu\u0219i \u00een\u00a0<i>Program<\/i>\u00a0\u0219i-au manifestat dorin\u021ba de a sus\u021bine o prelegere \u00een cadrul dezbaterilor.<\/p>\n<\/div>\n<p>Pe durata a dou\u0103 zile, vor avea loc dezbateri aniversare privitoare la rela\u021biile diplomatice bilaterale ale Rom\u00e2niei de la \u00eenf\u0103ptuirea Marii Uniri, importan\u021ba diploma\u021biei \u00een promovarea identit\u0103\u021bii na\u021bionale a Rom\u00e2niei \u00een plan interna\u021bional, momente importante \u00een rela\u021biile bilaterale ale Rom\u00e2niei \u00een ultimii 100 de ani, parteneriatele strategice, profilul \u0219i rolul Rom\u00e2niei \u00een evolu\u021bia actual\u0103 a rela\u021biilor interna\u021bionale, inclusiv \u00een perspectiva prelu\u0103rii Pre\u0219edin\u021biei Consiliului UE la data de 1 ianuarie 2019, calitatea educa\u021biei \u0219i a vie\u021bii studen\u021bilor interna\u021bionali care studiaz\u0103 la Alba Iulia, perspective de colaborare \u0219.a.<\/p>\n<p>Pe l\u00e2ng\u0103 activit\u0103\u021bile academice \u0219i de protocol, programul va include \u0219i vizite la principalele obiective istorice \u0219i culturale din Alba Iulia &#8211; Capitala istoric\u0103 a Rom\u00e2niei, prilej cu care vom fi onora\u021bi s\u0103 parcurgem \u00eempreun\u0103, simbolic, traseul istoric al \u00eenf\u0103ptuirii Rom\u00e2niei Mari.<\/p>\n<p><img loading=\"lazy\" decoding=\"async\" class=\"alignnone size-medium wp-image-61951\" src=\"https:\/\/urbeamea.ro\/albaiulia\/wp-content\/uploads\/2018\/04\/Program-RO-453x640.png\" alt=\"\" width=\"453\" height=\"640\" srcset=\"https:\/\/urbeamea.ro\/albaiulia\/wp-content\/uploads\/2018\/04\/Program-RO-453x640.png 453w, https:\/\/urbeamea.ro\/albaiulia\/wp-content\/uploads\/2018\/04\/Program-RO-106x150.png 106w, https:\/\/urbeamea.ro\/albaiulia\/wp-content\/uploads\/2018\/04\/Program-RO-768x1086.png 768w, https:\/\/urbeamea.ro\/albaiulia\/wp-content\/uploads\/2018\/04\/Program-RO.png 849w\" sizes=\"auto, (max-width: 453px) 100vw, 453px\" \/><\/p>\n","protected":false},"excerpt":{"rendered":"<p>\u00cen perioada 27-28 aprilie, la Alba Iulia va avea loc\u00a0Reuniunea aniversar\u0103 a reprezentan\u021bilor misiunilor diplomatice din Rom\u00e2nia \u201eROM\u00c2NIA 100 \u2013 DIPLOMA\u021aIE, EDUCA\u021aIE \u0218I MISIUNE&#8221;. Evenimentul este organizat de\u00a0Universitatea \u201e1 Decembrie 1918&#8243; din Alba Iulia, \u00een parteneriat cu Ministerul Afacerilor Externe,\u00a0Consiliul Jude\u021bean Alba \u0219i Prim\u0103ria Alba Iulia. Este un eveniment de foarte mare importan\u021b\u0103 la nivel &hellip;<\/p>\n","protected":false},"author":17,"featured_media":9877,"comment_status":"open","ping_status":"open","sticky":false,"template":"","format":"standard","meta":{"inline_featured_image":false,"footnotes":""},"categories":[2034],"tags":[31,6984,15036,15037,308,387,76],"class_list":["post-61948","post","type-post","status-publish","format-standard","has-post-thumbnail","hentry","category-social","tag-alba-iulia","tag-ambasadori","tag-reuniunea-aniversara-a-reprezentantilor-misiunilor-diplomatice-din-romania","tag-romania-100-diplomatie-educatie-si-misiune","tag-stiri","tag-universitatea-1-decembrie-1918","tag-urbea-mea"],"yoast_head":"<!-- This site is optimized with the Yoast SEO plugin v27.4 - https:\/\/yoast.com\/product\/yoast-seo-wordpress\/ -->\n<title>27-28 aprilie: Reuniunea aniversar\u0103 a reprezentan\u021bilor misiunilor diplomatice din Rom\u00e2nia \u201eROM\u00c2NIA 100 \u2013 DIPLOMA\u021aIE, EDUCA\u021aIE \u0218I MISIUNE&quot;, la Alba Iulia - Revista Urbea Mea - Revista de Alba<\/title>\n<meta name=\"description\" content=\"\u00cen perioada 27-28 aprilie, la Alba Iulia va avea loc\u00a0Reuniunea aniversar\u0103 a reprezentan\u021bilor misiunilor diplomatice din Rom\u00e2nia \u201eROM\u00c2NIA 100 \u2013 DIPLOMA\u021aIE,\" \/>\n<meta name=\"robots\" content=\"index, follow, max-snippet:-1, max-image-preview:large, max-video-preview:-1\" \/>\n<link rel=\"canonical\" href=\"https:\/\/urbeamea.ro\/albaiulia\/27-28-aprilie-reuniunea-aniversara-a-reprezentantilor-misiunilor-diplomatice-din-romania-romania-100-diplomatie-educatie-si-misiune-la-alba-iulia\/\" \/>\n<meta name=\"twitter:card\" content=\"summary_large_image\" \/>\n<meta name=\"twitter:title\" content=\"27-28 aprilie: Reuniunea aniversar\u0103 a reprezentan\u021bilor misiunilor diplomatice din Rom\u00e2nia \u201eROM\u00c2NIA 100 \u2013 DIPLOMA\u021aIE, EDUCA\u021aIE \u0218I MISIUNE&quot;, la Alba Iulia - Revista Urbea Mea - Revista de Alba\" \/>\n<meta name=\"twitter:description\" content=\"\u00cen perioada 27-28 aprilie, la Alba Iulia va avea loc\u00a0Reuniunea aniversar\u0103 a reprezentan\u021bilor misiunilor diplomatice din Rom\u00e2nia \u201eROM\u00c2NIA 100 \u2013 DIPLOMA\u021aIE,\" \/>\n<meta name=\"twitter:image\" content=\"https:\/\/urbeamea.ro\/albaiulia\/wp-content\/uploads\/2015\/10\/universitatea-1-decembrie.jpg\" \/>\n<meta name=\"twitter:creator\" content=\"@urbeameaweb\" \/>\n<meta name=\"twitter:site\" content=\"@urbeameaweb\" \/>\n<script type=\"application\/ld+json\" class=\"yoast-schema-graph\">{\"@context\":\"https:\\\/\\\/schema.org\",\"@graph\":[{\"@type\":\"Article\",\"@id\":\"https:\\\/\\\/urbeamea.ro\\\/albaiulia\\\/27-28-aprilie-reuniunea-aniversara-a-reprezentantilor-misiunilor-diplomatice-din-romania-romania-100-diplomatie-educatie-si-misiune-la-alba-iulia\\\/#article\",\"isPartOf\":{\"@id\":\"https:\\\/\\\/urbeamea.ro\\\/albaiulia\\\/27-28-aprilie-reuniunea-aniversara-a-reprezentantilor-misiunilor-diplomatice-din-romania-romania-100-diplomatie-educatie-si-misiune-la-alba-iulia\\\/\"},\"author\":{\"name\":\"Cristina Ganga\",\"@id\":\"https:\\\/\\\/urbeamea.ro\\\/albaiulia\\\/#\\\/schema\\\/person\\\/9700d21fae21c4f038b0b56f4506264a\"},\"headline\":\"27-28 aprilie: Reuniunea aniversar\u0103 a reprezentan\u021bilor misiunilor diplomatice din Rom\u00e2nia \u201eROM\u00c2NIA 100 \u2013 DIPLOMA\u021aIE, EDUCA\u021aIE \u0218I MISIUNE&#8221;, la Alba Iulia\",\"datePublished\":\"2018-04-23T06:30:07+00:00\",\"mainEntityOfPage\":{\"@id\":\"https:\\\/\\\/urbeamea.ro\\\/albaiulia\\\/27-28-aprilie-reuniunea-aniversara-a-reprezentantilor-misiunilor-diplomatice-din-romania-romania-100-diplomatie-educatie-si-misiune-la-alba-iulia\\\/\"},\"wordCount\":364,\"commentCount\":0,\"image\":{\"@id\":\"https:\\\/\\\/urbeamea.ro\\\/albaiulia\\\/27-28-aprilie-reuniunea-aniversara-a-reprezentantilor-misiunilor-diplomatice-din-romania-romania-100-diplomatie-educatie-si-misiune-la-alba-iulia\\\/#primaryimage\"},\"thumbnailUrl\":\"https:\\\/\\\/urbeamea.ro\\\/albaiulia\\\/wp-content\\\/uploads\\\/2015\\\/10\\\/universitatea-1-decembrie.jpg\",\"keywords\":[\"Alba Iulia\",\"ambasadori\",\"reuniunea aniversara a reprezentantilor misiunilor diplomatice din romania\",\"romania 100 - diplomatie educatie si misiune\",\"stiri\",\"universitatea 1 Decembrie 1918\",\"Urbea Mea\"],\"articleSection\":[\"Social\"],\"inLanguage\":\"ro-RO\",\"potentialAction\":[{\"@type\":\"CommentAction\",\"name\":\"Comment\",\"target\":[\"https:\\\/\\\/urbeamea.ro\\\/albaiulia\\\/27-28-aprilie-reuniunea-aniversara-a-reprezentantilor-misiunilor-diplomatice-din-romania-romania-100-diplomatie-educatie-si-misiune-la-alba-iulia\\\/#respond\"]}]},{\"@type\":\"WebPage\",\"@id\":\"https:\\\/\\\/urbeamea.ro\\\/albaiulia\\\/27-28-aprilie-reuniunea-aniversara-a-reprezentantilor-misiunilor-diplomatice-din-romania-romania-100-diplomatie-educatie-si-misiune-la-alba-iulia\\\/\",\"url\":\"https:\\\/\\\/urbeamea.ro\\\/albaiulia\\\/27-28-aprilie-reuniunea-aniversara-a-reprezentantilor-misiunilor-diplomatice-din-romania-romania-100-diplomatie-educatie-si-misiune-la-alba-iulia\\\/\",\"name\":\"27-28 aprilie: Reuniunea aniversar\u0103 a reprezentan\u021bilor misiunilor diplomatice din Rom\u00e2nia \u201eROM\u00c2NIA 100 \u2013 DIPLOMA\u021aIE, EDUCA\u021aIE \u0218I MISIUNE\\\", la Alba Iulia - Revista Urbea Mea - Revista de Alba\",\"isPartOf\":{\"@id\":\"https:\\\/\\\/urbeamea.ro\\\/albaiulia\\\/#website\"},\"primaryImageOfPage\":{\"@id\":\"https:\\\/\\\/urbeamea.ro\\\/albaiulia\\\/27-28-aprilie-reuniunea-aniversara-a-reprezentantilor-misiunilor-diplomatice-din-romania-romania-100-diplomatie-educatie-si-misiune-la-alba-iulia\\\/#primaryimage\"},\"image\":{\"@id\":\"https:\\\/\\\/urbeamea.ro\\\/albaiulia\\\/27-28-aprilie-reuniunea-aniversara-a-reprezentantilor-misiunilor-diplomatice-din-romania-romania-100-diplomatie-educatie-si-misiune-la-alba-iulia\\\/#primaryimage\"},\"thumbnailUrl\":\"https:\\\/\\\/urbeamea.ro\\\/albaiulia\\\/wp-content\\\/uploads\\\/2015\\\/10\\\/universitatea-1-decembrie.jpg\",\"datePublished\":\"2018-04-23T06:30:07+00:00\",\"author\":{\"@id\":\"https:\\\/\\\/urbeamea.ro\\\/albaiulia\\\/#\\\/schema\\\/person\\\/9700d21fae21c4f038b0b56f4506264a\"},\"description\":\"\u00cen perioada 27-28 aprilie, la Alba Iulia va avea loc\u00a0Reuniunea aniversar\u0103 a reprezentan\u021bilor misiunilor diplomatice din Rom\u00e2nia \u201eROM\u00c2NIA 100 \u2013 DIPLOMA\u021aIE,\",\"breadcrumb\":{\"@id\":\"https:\\\/\\\/urbeamea.ro\\\/albaiulia\\\/27-28-aprilie-reuniunea-aniversara-a-reprezentantilor-misiunilor-diplomatice-din-romania-romania-100-diplomatie-educatie-si-misiune-la-alba-iulia\\\/#breadcrumb\"},\"inLanguage\":\"ro-RO\",\"potentialAction\":[{\"@type\":\"ReadAction\",\"target\":[\"https:\\\/\\\/urbeamea.ro\\\/albaiulia\\\/27-28-aprilie-reuniunea-aniversara-a-reprezentantilor-misiunilor-diplomatice-din-romania-romania-100-diplomatie-educatie-si-misiune-la-alba-iulia\\\/\"]}]},{\"@type\":\"ImageObject\",\"inLanguage\":\"ro-RO\",\"@id\":\"https:\\\/\\\/urbeamea.ro\\\/albaiulia\\\/27-28-aprilie-reuniunea-aniversara-a-reprezentantilor-misiunilor-diplomatice-din-romania-romania-100-diplomatie-educatie-si-misiune-la-alba-iulia\\\/#primaryimage\",\"url\":\"https:\\\/\\\/urbeamea.ro\\\/albaiulia\\\/wp-content\\\/uploads\\\/2015\\\/10\\\/universitatea-1-decembrie.jpg\",\"contentUrl\":\"https:\\\/\\\/urbeamea.ro\\\/albaiulia\\\/wp-content\\\/uploads\\\/2015\\\/10\\\/universitatea-1-decembrie.jpg\",\"width\":1280,\"height\":857},{\"@type\":\"BreadcrumbList\",\"@id\":\"https:\\\/\\\/urbeamea.ro\\\/albaiulia\\\/27-28-aprilie-reuniunea-aniversara-a-reprezentantilor-misiunilor-diplomatice-din-romania-romania-100-diplomatie-educatie-si-misiune-la-alba-iulia\\\/#breadcrumb\",\"itemListElement\":[{\"@type\":\"ListItem\",\"position\":1,\"name\":\"Prima pagin\u0103\",\"item\":\"https:\\\/\\\/urbeamea.ro\\\/albaiulia\\\/\"},{\"@type\":\"ListItem\",\"position\":2,\"name\":\"27-28 aprilie: Reuniunea aniversar\u0103 a reprezentan\u021bilor misiunilor diplomatice din Rom\u00e2nia \u201eROM\u00c2NIA 100 \u2013 DIPLOMA\u021aIE, EDUCA\u021aIE \u0218I MISIUNE&#8221;, la Alba Iulia\"}]},{\"@type\":\"WebSite\",\"@id\":\"https:\\\/\\\/urbeamea.ro\\\/albaiulia\\\/#website\",\"url\":\"https:\\\/\\\/urbeamea.ro\\\/albaiulia\\\/\",\"name\":\"Revista Urbea Mea, Stiri urbane\",\"description\":\"Evenimente \u0219i \u0219tiri din Alba Iulia, Sebe\u0219, Aiud, Blaj\",\"potentialAction\":[{\"@type\":\"SearchAction\",\"target\":{\"@type\":\"EntryPoint\",\"urlTemplate\":\"https:\\\/\\\/urbeamea.ro\\\/albaiulia\\\/?s={search_term_string}\"},\"query-input\":{\"@type\":\"PropertyValueSpecification\",\"valueRequired\":true,\"valueName\":\"search_term_string\"}}],\"inLanguage\":\"ro-RO\"},{\"@type\":\"Person\",\"@id\":\"https:\\\/\\\/urbeamea.ro\\\/albaiulia\\\/#\\\/schema\\\/person\\\/9700d21fae21c4f038b0b56f4506264a\",\"name\":\"Cristina Ganga\",\"image\":{\"@type\":\"ImageObject\",\"inLanguage\":\"ro-RO\",\"@id\":\"https:\\\/\\\/secure.gravatar.com\\\/avatar\\\/5a67661041f057b4a8ccaf26f5a8e86e2689372006d01faf3dd9eeb10b654bb4?s=96&d=mm&r=g\",\"url\":\"https:\\\/\\\/secure.gravatar.com\\\/avatar\\\/5a67661041f057b4a8ccaf26f5a8e86e2689372006d01faf3dd9eeb10b654bb4?s=96&d=mm&r=g\",\"contentUrl\":\"https:\\\/\\\/secure.gravatar.com\\\/avatar\\\/5a67661041f057b4a8ccaf26f5a8e86e2689372006d01faf3dd9eeb10b654bb4?s=96&d=mm&r=g\",\"caption\":\"Cristina Ganga\"},\"description\":\"Jurnalist\",\"sameAs\":[\"https:\\\/\\\/www.facebook.com\\\/cristina.nicola.587\"],\"url\":\"https:\\\/\\\/urbeamea.ro\\\/albaiulia\\\/author\\\/cristina-nicola\\\/\"}]}<\/script>\n<!-- \/ Yoast SEO plugin. -->","yoast_head_json":{"title":"27-28 aprilie: Reuniunea aniversar\u0103 a reprezentan\u021bilor misiunilor diplomatice din Rom\u00e2nia \u201eROM\u00c2NIA 100 \u2013 DIPLOMA\u021aIE, EDUCA\u021aIE \u0218I MISIUNE\", la Alba Iulia - Revista Urbea Mea - Revista de Alba","description":"\u00cen perioada 27-28 aprilie, la Alba Iulia va avea loc\u00a0Reuniunea aniversar\u0103 a reprezentan\u021bilor misiunilor diplomatice din Rom\u00e2nia \u201eROM\u00c2NIA 100 \u2013 DIPLOMA\u021aIE,","robots":{"index":"index","follow":"follow","max-snippet":"max-snippet:-1","max-image-preview":"max-image-preview:large","max-video-preview":"max-video-preview:-1"},"canonical":"https:\/\/urbeamea.ro\/albaiulia\/27-28-aprilie-reuniunea-aniversara-a-reprezentantilor-misiunilor-diplomatice-din-romania-romania-100-diplomatie-educatie-si-misiune-la-alba-iulia\/","twitter_card":"summary_large_image","twitter_title":"27-28 aprilie: Reuniunea aniversar\u0103 a reprezentan\u021bilor misiunilor diplomatice din Rom\u00e2nia \u201eROM\u00c2NIA 100 \u2013 DIPLOMA\u021aIE, EDUCA\u021aIE \u0218I MISIUNE\", la Alba Iulia - Revista Urbea Mea - Revista de Alba","twitter_description":"\u00cen perioada 27-28 aprilie, la Alba Iulia va avea loc\u00a0Reuniunea aniversar\u0103 a reprezentan\u021bilor misiunilor diplomatice din Rom\u00e2nia \u201eROM\u00c2NIA 100 \u2013 DIPLOMA\u021aIE,","twitter_image":"https:\/\/urbeamea.ro\/albaiulia\/wp-content\/uploads\/2015\/10\/universitatea-1-decembrie.jpg","twitter_creator":"@urbeameaweb","twitter_site":"@urbeameaweb","schema":{"@context":"https:\/\/schema.org","@graph":[{"@type":"Article","@id":"https:\/\/urbeamea.ro\/albaiulia\/27-28-aprilie-reuniunea-aniversara-a-reprezentantilor-misiunilor-diplomatice-din-romania-romania-100-diplomatie-educatie-si-misiune-la-alba-iulia\/#article","isPartOf":{"@id":"https:\/\/urbeamea.ro\/albaiulia\/27-28-aprilie-reuniunea-aniversara-a-reprezentantilor-misiunilor-diplomatice-din-romania-romania-100-diplomatie-educatie-si-misiune-la-alba-iulia\/"},"author":{"name":"Cristina Ganga","@id":"https:\/\/urbeamea.ro\/albaiulia\/#\/schema\/person\/9700d21fae21c4f038b0b56f4506264a"},"headline":"27-28 aprilie: Reuniunea aniversar\u0103 a reprezentan\u021bilor misiunilor diplomatice din Rom\u00e2nia \u201eROM\u00c2NIA 100 \u2013 DIPLOMA\u021aIE, EDUCA\u021aIE \u0218I MISIUNE&#8221;, la Alba Iulia","datePublished":"2018-04-23T06:30:07+00:00","mainEntityOfPage":{"@id":"https:\/\/urbeamea.ro\/albaiulia\/27-28-aprilie-reuniunea-aniversara-a-reprezentantilor-misiunilor-diplomatice-din-romania-romania-100-diplomatie-educatie-si-misiune-la-alba-iulia\/"},"wordCount":364,"commentCount":0,"image":{"@id":"https:\/\/urbeamea.ro\/albaiulia\/27-28-aprilie-reuniunea-aniversara-a-reprezentantilor-misiunilor-diplomatice-din-romania-romania-100-diplomatie-educatie-si-misiune-la-alba-iulia\/#primaryimage"},"thumbnailUrl":"https:\/\/urbeamea.ro\/albaiulia\/wp-content\/uploads\/2015\/10\/universitatea-1-decembrie.jpg","keywords":["Alba Iulia","ambasadori","reuniunea aniversara a reprezentantilor misiunilor diplomatice din romania","romania 100 - diplomatie educatie si misiune","stiri","universitatea 1 Decembrie 1918","Urbea Mea"],"articleSection":["Social"],"inLanguage":"ro-RO","potentialAction":[{"@type":"CommentAction","name":"Comment","target":["https:\/\/urbeamea.ro\/albaiulia\/27-28-aprilie-reuniunea-aniversara-a-reprezentantilor-misiunilor-diplomatice-din-romania-romania-100-diplomatie-educatie-si-misiune-la-alba-iulia\/#respond"]}]},{"@type":"WebPage","@id":"https:\/\/urbeamea.ro\/albaiulia\/27-28-aprilie-reuniunea-aniversara-a-reprezentantilor-misiunilor-diplomatice-din-romania-romania-100-diplomatie-educatie-si-misiune-la-alba-iulia\/","url":"https:\/\/urbeamea.ro\/albaiulia\/27-28-aprilie-reuniunea-aniversara-a-reprezentantilor-misiunilor-diplomatice-din-romania-romania-100-diplomatie-educatie-si-misiune-la-alba-iulia\/","name":"27-28 aprilie: Reuniunea aniversar\u0103 a reprezentan\u021bilor misiunilor diplomatice din Rom\u00e2nia \u201eROM\u00c2NIA 100 \u2013 DIPLOMA\u021aIE, EDUCA\u021aIE \u0218I MISIUNE\", la Alba Iulia - Revista Urbea Mea - Revista de Alba","isPartOf":{"@id":"https:\/\/urbeamea.ro\/albaiulia\/#website"},"primaryImageOfPage":{"@id":"https:\/\/urbeamea.ro\/albaiulia\/27-28-aprilie-reuniunea-aniversara-a-reprezentantilor-misiunilor-diplomatice-din-romania-romania-100-diplomatie-educatie-si-misiune-la-alba-iulia\/#primaryimage"},"image":{"@id":"https:\/\/urbeamea.ro\/albaiulia\/27-28-aprilie-reuniunea-aniversara-a-reprezentantilor-misiunilor-diplomatice-din-romania-romania-100-diplomatie-educatie-si-misiune-la-alba-iulia\/#primaryimage"},"thumbnailUrl":"https:\/\/urbeamea.ro\/albaiulia\/wp-content\/uploads\/2015\/10\/universitatea-1-decembrie.jpg","datePublished":"2018-04-23T06:30:07+00:00","author":{"@id":"https:\/\/urbeamea.ro\/albaiulia\/#\/schema\/person\/9700d21fae21c4f038b0b56f4506264a"},"description":"\u00cen perioada 27-28 aprilie, la Alba Iulia va avea loc\u00a0Reuniunea aniversar\u0103 a reprezentan\u021bilor misiunilor diplomatice din Rom\u00e2nia \u201eROM\u00c2NIA 100 \u2013 DIPLOMA\u021aIE,","breadcrumb":{"@id":"https:\/\/urbeamea.ro\/albaiulia\/27-28-aprilie-reuniunea-aniversara-a-reprezentantilor-misiunilor-diplomatice-din-romania-romania-100-diplomatie-educatie-si-misiune-la-alba-iulia\/#breadcrumb"},"inLanguage":"ro-RO","potentialAction":[{"@type":"ReadAction","target":["https:\/\/urbeamea.ro\/albaiulia\/27-28-aprilie-reuniunea-aniversara-a-reprezentantilor-misiunilor-diplomatice-din-romania-romania-100-diplomatie-educatie-si-misiune-la-alba-iulia\/"]}]},{"@type":"ImageObject","inLanguage":"ro-RO","@id":"https:\/\/urbeamea.ro\/albaiulia\/27-28-aprilie-reuniunea-aniversara-a-reprezentantilor-misiunilor-diplomatice-din-romania-romania-100-diplomatie-educatie-si-misiune-la-alba-iulia\/#primaryimage","url":"https:\/\/urbeamea.ro\/albaiulia\/wp-content\/uploads\/2015\/10\/universitatea-1-decembrie.jpg","contentUrl":"https:\/\/urbeamea.ro\/albaiulia\/wp-content\/uploads\/2015\/10\/universitatea-1-decembrie.jpg","width":1280,"height":857},{"@type":"BreadcrumbList","@id":"https:\/\/urbeamea.ro\/albaiulia\/27-28-aprilie-reuniunea-aniversara-a-reprezentantilor-misiunilor-diplomatice-din-romania-romania-100-diplomatie-educatie-si-misiune-la-alba-iulia\/#breadcrumb","itemListElement":[{"@type":"ListItem","position":1,"name":"Prima pagin\u0103","item":"https:\/\/urbeamea.ro\/albaiulia\/"},{"@type":"ListItem","position":2,"name":"27-28 aprilie: Reuniunea aniversar\u0103 a reprezentan\u021bilor misiunilor diplomatice din Rom\u00e2nia \u201eROM\u00c2NIA 100 \u2013 DIPLOMA\u021aIE, EDUCA\u021aIE \u0218I MISIUNE&#8221;, la Alba Iulia"}]},{"@type":"WebSite","@id":"https:\/\/urbeamea.ro\/albaiulia\/#website","url":"https:\/\/urbeamea.ro\/albaiulia\/","name":"Revista Urbea Mea, Stiri urbane","description":"Evenimente \u0219i \u0219tiri din Alba Iulia, Sebe\u0219, Aiud, Blaj","potentialAction":[{"@type":"SearchAction","target":{"@type":"EntryPoint","urlTemplate":"https:\/\/urbeamea.ro\/albaiulia\/?s={search_term_string}"},"query-input":{"@type":"PropertyValueSpecification","valueRequired":true,"valueName":"search_term_string"}}],"inLanguage":"ro-RO"},{"@type":"Person","@id":"https:\/\/urbeamea.ro\/albaiulia\/#\/schema\/person\/9700d21fae21c4f038b0b56f4506264a","name":"Cristina Ganga","image":{"@type":"ImageObject","inLanguage":"ro-RO","@id":"https:\/\/secure.gravatar.com\/avatar\/5a67661041f057b4a8ccaf26f5a8e86e2689372006d01faf3dd9eeb10b654bb4?s=96&d=mm&r=g","url":"https:\/\/secure.gravatar.com\/avatar\/5a67661041f057b4a8ccaf26f5a8e86e2689372006d01faf3dd9eeb10b654bb4?s=96&d=mm&r=g","contentUrl":"https:\/\/secure.gravatar.com\/avatar\/5a67661041f057b4a8ccaf26f5a8e86e2689372006d01faf3dd9eeb10b654bb4?s=96&d=mm&r=g","caption":"Cristina Ganga"},"description":"Jurnalist","sameAs":["https:\/\/www.facebook.com\/cristina.nicola.587"],"url":"https:\/\/urbeamea.ro\/albaiulia\/author\/cristina-nicola\/"}]}},"_links":{"self":[{"href":"https:\/\/urbeamea.ro\/albaiulia\/wp-json\/wp\/v2\/posts\/61948","targetHints":{"allow":["GET"]}}],"collection":[{"href":"https:\/\/urbeamea.ro\/albaiulia\/wp-json\/wp\/v2\/posts"}],"about":[{"href":"https:\/\/urbeamea.ro\/albaiulia\/wp-json\/wp\/v2\/types\/post"}],"author":[{"embeddable":true,"href":"https:\/\/urbeamea.ro\/albaiulia\/wp-json\/wp\/v2\/users\/17"}],"replies":[{"embeddable":true,"href":"https:\/\/urbeamea.ro\/albaiulia\/wp-json\/wp\/v2\/comments?post=61948"}],"version-history":[{"count":0,"href":"https:\/\/urbeamea.ro\/albaiulia\/wp-json\/wp\/v2\/posts\/61948\/revisions"}],"wp:featuredmedia":[{"embeddable":true,"href":"https:\/\/urbeamea.ro\/albaiulia\/wp-json\/wp\/v2\/media\/9877"}],"wp:attachment":[{"href":"https:\/\/urbeamea.ro\/albaiulia\/wp-json\/wp\/v2\/media?parent=61948"}],"wp:term":[{"taxonomy":"category","embeddable":true,"href":"https:\/\/urbeamea.ro\/albaiulia\/wp-json\/wp\/v2\/categories?post=61948"},{"taxonomy":"post_tag","embeddable":true,"href":"https:\/\/urbeamea.ro\/albaiulia\/wp-json\/wp\/v2\/tags?post=61948"}],"curies":[{"name":"wp","href":"https:\/\/api.w.org\/{rel}","templated":true}]}}