{"id":61960,"date":"2018-04-23T09:40:31","date_gmt":"2018-04-23T06:40:31","guid":{"rendered":"https:\/\/urbeamea.ro\/albaiulia\/?p=61960"},"modified":"2018-04-23T09:41:28","modified_gmt":"2018-04-23T06:41:28","slug":"foto-de-la-new-york-la-alba-iulia-expozitia-de-arta-plastica-oameni-si-noi-semnata-de-anca-sas","status":"publish","type":"post","link":"https:\/\/urbeamea.ro\/albaiulia\/foto-de-la-new-york-la-alba-iulia-expozitia-de-arta-plastica-oameni-si-noi-semnata-de-anca-sas\/","title":{"rendered":"FOTO: De la New York la Alba Iulia. Expozi\u0163ia de art\u0103 plastic\u0103 &#8222;Oameni \u015fi noi&#8221;, semnat\u0103 de Anca Sas"},"content":{"rendered":"<p><strong>S\u00e2mb\u0103t\u0103, 21 aprilie, de la ora 16.00, Muzeul Na\u0163ional al Unirii din Alba Iulia a fost gazda unui eveniment special. Albaiulianca Anca Sas prezint\u0103 expozi\u0163ia \u201eOameni \u015fi noi\u201d. Evenimentul este moderat de\u00a0Ioan H\u0103d\u0103rig, director artistic Funda\u0163ia \u201cInter-Art\u201d.<\/strong><\/p>\n<p>Evenimentul va fi deschis de\u00a0Dr. Gabriel Rustoiu, director general al Muzeului Na\u0163ional al Unirii \u015fi \u015etefan Balog, pre\u0219edintele Funda\u0163ia \u201cInter-Art\u201d.<\/p>\n<p><em>&#8222;Oameni \u0219i noi\u201d a \u00eencheiat la Muzeul Unirii din Alba Iulia un triptic expozi\u021bional de excep\u021bie dup\u0103 o inaugurare de succes la Institutul Cultural Rom\u00e2n la New York \u0219i un popas memorabil la Muzeul de Art\u0103 din Cluj Napoca.\u00a0<\/em><\/p>\n<p><em>Vernisat\u0103 \u00eentr-o atmosfer\u0103 de s\u0103rb\u0103toare \u0219i \u00een prezen\u021ba unui public minunat expozi\u021bia semnat\u0103 Anca Sas a marcat un moment deosebit pentru arta albaiulian\u0103 \u0219i nu numai. G\u00e2ndit\u0103 ca o poveste bine \u00eenchegat\u0103 despre om \u0219i condi\u021bia uman\u0103 expozi\u021bia a adus pe simezele muzeului o serie de lucr\u0103ri de calitate. Anul trecut \u00een luna noiembrie Anca Sas a cucerit inimile iubitorilor de art\u0103 din NewYork cu aceast\u0103 expozitie \u0219i a reprezentat cu succes Alba Iulia pe t\u0103r\u00e2m american.\u201d,<\/em> a precizat \u015etefan Balog, curatorul expozi\u0163iei.<\/p>\n<p><em>\u201cAnca Sas e un t\u00e2n\u0103r artist plastic rom\u00e2n aflat \u00een cautarea unei dimensiuni de exprimare care s\u0103 \u00eel defineasc\u0103, \u00een c\u0103utarea unui demers menit s\u0103 creeze un spa\u0163iu interior personalizat.<\/em><\/p>\n<p><em>Expozi\u0163ia \u201cOamenii si Noi\u201d, organizat\u0103 la ICR New York \u015fi la Muzeul de Art\u0103 din Cluj Napoca, face parte dintr-un itinerar \u00a0pe care artistul plastic l-a realizat cu succes prin expozitii inedite \u015fi unitare, prin expozi\u0163ii care r\u0103m\u00e2n \u00een con\u015ftiin\u0163a artistic\u0103 a privitorului. Remarc\u0103m \u00een acest\u0103 expozi\u0163ie o anume dinamic\u0103 interioar\u0103 a desenului suprapus peste o cromatic\u0103 incitant\u0103. Tehnica mixt\u0103 folosit\u0103 \u00een aceste lucr\u0103ri accentueaz\u0103 ca o interfa\u0163\u0103 un dialog \u00eentre privitor \u015fi personajul interior, un dialog pe care artista \u00eel aseaz\u0103 ca un ritual \u00een ansamblul expozi\u0163ei.<\/em><\/p>\n<p><em>O expozitie metafor\u0103 \u00een care putem reciti, prin ochii t\u00e2n\u0103rului artist, un jurnal interior construit ca un centru \u015fi ca o periferie a definirii rela\u0163iei dintre oameni \u015fi noi. Un jurnal uneori scrijelit trist \u015fi dramatic prin ochii unui t\u00e2n\u0103r. Un jurnal al rela\u0163iei de dincolo de oameni, de dincolo de noi.<\/em><\/p>\n<p><em>Anca Sas e un t\u00e2na\u0103r care se caut\u0103 artistic \u00een timpul contemporan. Si pentru aceast\u0103 c\u0103utare propune o expozi\u0163ie dinamic\u0103 cu un demers metaforic inedit.\u201d,<\/em> a spus Ioan H\u0103d\u0103rig, director artistic Inter-Art Aiud<\/p>\n<p><em>\u201d\u00cen aceast\u0103 expozi\u021bie am \u00eencercat s\u0103 \u00eemi folosesc rolul de artist \u0219i de filtru c\u00e2t de bine am putut, pentru a ilustra \u0219i a deschide ochii oamenilor. Nu am \u00eencercat s\u0103 \u00eemi ar\u0103t via\u021ba celorlal\u021bi, am \u00eencercat s\u0103 prind \u00een fiecare tablou momentele comune pe care le tr\u0103im ca oameni, chiar dac\u0103 \u00een moduri diferite. Verbalizarea conceptului este o parte foarte important\u0103 din prezentarea unei lucr\u0103ri vizuale, dar \u00een acela\u0219i timp trebuie s\u0103 \u0219ti c\u00e2nd s\u0103 te opre\u0219ti \u0219i s\u0103 \u00eentalnesti acest om care \u00ee\u021bi prive\u0219te lucr\u0103rile \u0219i te ascult\u0103, aceast\u0103 \u00eent\u00e2lnire trebuie s\u0103 fie la mijloc, trebuie s\u0103 rezulte \u00eentr-o discu\u021bie; prin \u00eencurajarea lui de a \u00ee\u0219i pune propria poveste \u00een tabloul t\u0103u, nu de a \u00ee\u021bi \u00eentelge \u021bie povestea.\u201d,<\/em> a men\u0163ionat Anca Sas.<\/p>\n<p>Vass Julia,<span id=\"yui_3_16_0_ym19_1_1524460032276_9752\">\u00a0<\/span><a id=\"yui_3_16_0_ym19_1_1524460032276_9753\" href=\"https:\/\/www.facebook.com\/zoltan.balog.35?fref=mentions\" target=\"_blank\" rel=\"noopener noreferrer\"><span id=\"yui_3_16_0_ym19_1_1524460032276_9754\">Zoltan Balog<\/span><\/a><\/p>\n<div id='gallery-1' class='gallery galleryid-61960 gallery-columns-3 gallery-size-thumbnail'><figure class='gallery-item'>\n\t\t\t<div class='gallery-icon landscape'>\n\t\t\t\t<a href='https:\/\/urbeamea.ro\/albaiulia\/foto-de-la-new-york-la-alba-iulia-expozitia-de-arta-plastica-oameni-si-noi-semnata-de-anca-sas\/a-1-4\/'><img decoding=\"async\" width=\"150\" height=\"100\" src=\"data:image\/png;base64,iVBORw0KGgoAAAANSUhEUgAAAYYAAADcAQMAAABOLJSDAAAAA1BMVEUAAACnej3aAAAAAXRSTlMAQObYZgAAACJJREFUaIHtwTEBAAAAwqD1T20ND6AAAAAAAAAAAAAA4N8AKvgAAUFIrrEAAAAASUVORK5CYII=\" class=\"attachment-thumbnail size-thumbnail lazy-img\" alt=\"\" srcset=\"https:\/\/urbeamea.ro\/albaiulia\/wp-content\/uploads\/2018\/04\/a-1-1-150x100.jpg 150w, https:\/\/urbeamea.ro\/albaiulia\/wp-content\/uploads\/2018\/04\/a-1-1-640x427.jpg 640w, https:\/\/urbeamea.ro\/albaiulia\/wp-content\/uploads\/2018\/04\/a-1-1-768x512.jpg 768w, https:\/\/urbeamea.ro\/albaiulia\/wp-content\/uploads\/2018\/04\/a-1-1.jpg 960w\" sizes=\"auto, (max-width: 150px) 100vw, 150px\" data-src=\"https:\/\/urbeamea.ro\/albaiulia\/wp-content\/uploads\/2018\/04\/a-1-1-150x100.jpg\" loading=\"lazy\" \/><\/a>\n\t\t\t<\/div><\/figure><figure class='gallery-item'>\n\t\t\t<div class='gallery-icon landscape'>\n\t\t\t\t<a href='https:\/\/urbeamea.ro\/albaiulia\/foto-de-la-new-york-la-alba-iulia-expozitia-de-arta-plastica-oameni-si-noi-semnata-de-anca-sas\/a-2-5\/'><img decoding=\"async\" width=\"150\" height=\"100\" src=\"data:image\/png;base64,iVBORw0KGgoAAAANSUhEUgAAAYYAAADcAQMAAABOLJSDAAAAA1BMVEUAAACnej3aAAAAAXRSTlMAQObYZgAAACJJREFUaIHtwTEBAAAAwqD1T20ND6AAAAAAAAAAAAAA4N8AKvgAAUFIrrEAAAAASUVORK5CYII=\" class=\"attachment-thumbnail size-thumbnail lazy-img\" alt=\"\" srcset=\"https:\/\/urbeamea.ro\/albaiulia\/wp-content\/uploads\/2018\/04\/a-2-1-150x100.jpg 150w, https:\/\/urbeamea.ro\/albaiulia\/wp-content\/uploads\/2018\/04\/a-2-1-640x427.jpg 640w, https:\/\/urbeamea.ro\/albaiulia\/wp-content\/uploads\/2018\/04\/a-2-1-768x512.jpg 768w, https:\/\/urbeamea.ro\/albaiulia\/wp-content\/uploads\/2018\/04\/a-2-1.jpg 960w\" sizes=\"auto, (max-width: 150px) 100vw, 150px\" data-src=\"https:\/\/urbeamea.ro\/albaiulia\/wp-content\/uploads\/2018\/04\/a-2-1-150x100.jpg\" loading=\"lazy\" \/><\/a>\n\t\t\t<\/div><\/figure><figure class='gallery-item'>\n\t\t\t<div class='gallery-icon landscape'>\n\t\t\t\t<a href='https:\/\/urbeamea.ro\/albaiulia\/foto-de-la-new-york-la-alba-iulia-expozitia-de-arta-plastica-oameni-si-noi-semnata-de-anca-sas\/a-3-4\/'><img decoding=\"async\" width=\"150\" height=\"100\" src=\"data:image\/png;base64,iVBORw0KGgoAAAANSUhEUgAAAYYAAADcAQMAAABOLJSDAAAAA1BMVEUAAACnej3aAAAAAXRSTlMAQObYZgAAACJJREFUaIHtwTEBAAAAwqD1T20ND6AAAAAAAAAAAAAA4N8AKvgAAUFIrrEAAAAASUVORK5CYII=\" class=\"attachment-thumbnail size-thumbnail lazy-img\" alt=\"\" srcset=\"https:\/\/urbeamea.ro\/albaiulia\/wp-content\/uploads\/2018\/04\/a-3-1-150x100.jpg 150w, https:\/\/urbeamea.ro\/albaiulia\/wp-content\/uploads\/2018\/04\/a-3-1-640x427.jpg 640w, https:\/\/urbeamea.ro\/albaiulia\/wp-content\/uploads\/2018\/04\/a-3-1-768x512.jpg 768w, https:\/\/urbeamea.ro\/albaiulia\/wp-content\/uploads\/2018\/04\/a-3-1.jpg 960w\" sizes=\"auto, (max-width: 150px) 100vw, 150px\" data-src=\"https:\/\/urbeamea.ro\/albaiulia\/wp-content\/uploads\/2018\/04\/a-3-1-150x100.jpg\" loading=\"lazy\" \/><\/a>\n\t\t\t<\/div><\/figure><figure class='gallery-item'>\n\t\t\t<div class='gallery-icon landscape'>\n\t\t\t\t<a href='https:\/\/urbeamea.ro\/albaiulia\/foto-de-la-new-york-la-alba-iulia-expozitia-de-arta-plastica-oameni-si-noi-semnata-de-anca-sas\/a-4-4\/'><img decoding=\"async\" width=\"150\" height=\"100\" src=\"data:image\/png;base64,iVBORw0KGgoAAAANSUhEUgAAAYYAAADcAQMAAABOLJSDAAAAA1BMVEUAAACnej3aAAAAAXRSTlMAQObYZgAAACJJREFUaIHtwTEBAAAAwqD1T20ND6AAAAAAAAAAAAAA4N8AKvgAAUFIrrEAAAAASUVORK5CYII=\" class=\"attachment-thumbnail size-thumbnail lazy-img\" alt=\"\" srcset=\"https:\/\/urbeamea.ro\/albaiulia\/wp-content\/uploads\/2018\/04\/a-4-1-150x100.jpg 150w, https:\/\/urbeamea.ro\/albaiulia\/wp-content\/uploads\/2018\/04\/a-4-1-640x427.jpg 640w, https:\/\/urbeamea.ro\/albaiulia\/wp-content\/uploads\/2018\/04\/a-4-1-768x512.jpg 768w, https:\/\/urbeamea.ro\/albaiulia\/wp-content\/uploads\/2018\/04\/a-4-1.jpg 960w\" sizes=\"auto, (max-width: 150px) 100vw, 150px\" data-src=\"https:\/\/urbeamea.ro\/albaiulia\/wp-content\/uploads\/2018\/04\/a-4-1-150x100.jpg\" loading=\"lazy\" \/><\/a>\n\t\t\t<\/div><\/figure><figure class='gallery-item'>\n\t\t\t<div class='gallery-icon landscape'>\n\t\t\t\t<a href='https:\/\/urbeamea.ro\/albaiulia\/foto-de-la-new-york-la-alba-iulia-expozitia-de-arta-plastica-oameni-si-noi-semnata-de-anca-sas\/a-5-5\/'><img decoding=\"async\" width=\"150\" height=\"100\" src=\"data:image\/png;base64,iVBORw0KGgoAAAANSUhEUgAAAYYAAADcAQMAAABOLJSDAAAAA1BMVEUAAACnej3aAAAAAXRSTlMAQObYZgAAACJJREFUaIHtwTEBAAAAwqD1T20ND6AAAAAAAAAAAAAA4N8AKvgAAUFIrrEAAAAASUVORK5CYII=\" class=\"attachment-thumbnail size-thumbnail lazy-img\" alt=\"\" srcset=\"https:\/\/urbeamea.ro\/albaiulia\/wp-content\/uploads\/2018\/04\/a-5-1-150x100.jpg 150w, https:\/\/urbeamea.ro\/albaiulia\/wp-content\/uploads\/2018\/04\/a-5-1-640x427.jpg 640w, https:\/\/urbeamea.ro\/albaiulia\/wp-content\/uploads\/2018\/04\/a-5-1-768x512.jpg 768w, https:\/\/urbeamea.ro\/albaiulia\/wp-content\/uploads\/2018\/04\/a-5-1.jpg 960w\" sizes=\"auto, (max-width: 150px) 100vw, 150px\" data-src=\"https:\/\/urbeamea.ro\/albaiulia\/wp-content\/uploads\/2018\/04\/a-5-1-150x100.jpg\" loading=\"lazy\" \/><\/a>\n\t\t\t<\/div><\/figure><figure class='gallery-item'>\n\t\t\t<div class='gallery-icon landscape'>\n\t\t\t\t<a href='https:\/\/urbeamea.ro\/albaiulia\/foto-de-la-new-york-la-alba-iulia-expozitia-de-arta-plastica-oameni-si-noi-semnata-de-anca-sas\/a-6-3\/'><img decoding=\"async\" width=\"150\" height=\"100\" src=\"data:image\/png;base64,iVBORw0KGgoAAAANSUhEUgAAAYYAAADcAQMAAABOLJSDAAAAA1BMVEUAAACnej3aAAAAAXRSTlMAQObYZgAAACJJREFUaIHtwTEBAAAAwqD1T20ND6AAAAAAAAAAAAAA4N8AKvgAAUFIrrEAAAAASUVORK5CYII=\" class=\"attachment-thumbnail size-thumbnail lazy-img\" alt=\"\" srcset=\"https:\/\/urbeamea.ro\/albaiulia\/wp-content\/uploads\/2018\/04\/a-6-150x100.jpg 150w, https:\/\/urbeamea.ro\/albaiulia\/wp-content\/uploads\/2018\/04\/a-6-640x427.jpg 640w, https:\/\/urbeamea.ro\/albaiulia\/wp-content\/uploads\/2018\/04\/a-6-768x512.jpg 768w, https:\/\/urbeamea.ro\/albaiulia\/wp-content\/uploads\/2018\/04\/a-6.jpg 960w\" sizes=\"auto, (max-width: 150px) 100vw, 150px\" data-src=\"https:\/\/urbeamea.ro\/albaiulia\/wp-content\/uploads\/2018\/04\/a-6-150x100.jpg\" loading=\"lazy\" \/><\/a>\n\t\t\t<\/div><\/figure><figure class='gallery-item'>\n\t\t\t<div class='gallery-icon landscape'>\n\t\t\t\t<a href='https:\/\/urbeamea.ro\/albaiulia\/foto-de-la-new-york-la-alba-iulia-expozitia-de-arta-plastica-oameni-si-noi-semnata-de-anca-sas\/a-7-4\/'><img decoding=\"async\" width=\"150\" height=\"100\" src=\"data:image\/png;base64,iVBORw0KGgoAAAANSUhEUgAAAYYAAADcAQMAAABOLJSDAAAAA1BMVEUAAACnej3aAAAAAXRSTlMAQObYZgAAACJJREFUaIHtwTEBAAAAwqD1T20ND6AAAAAAAAAAAAAA4N8AKvgAAUFIrrEAAAAASUVORK5CYII=\" class=\"attachment-thumbnail size-thumbnail lazy-img\" alt=\"\" srcset=\"https:\/\/urbeamea.ro\/albaiulia\/wp-content\/uploads\/2018\/04\/a-7-1-150x100.jpg 150w, https:\/\/urbeamea.ro\/albaiulia\/wp-content\/uploads\/2018\/04\/a-7-1-640x427.jpg 640w, https:\/\/urbeamea.ro\/albaiulia\/wp-content\/uploads\/2018\/04\/a-7-1-768x512.jpg 768w, https:\/\/urbeamea.ro\/albaiulia\/wp-content\/uploads\/2018\/04\/a-7-1.jpg 960w\" sizes=\"auto, (max-width: 150px) 100vw, 150px\" data-src=\"https:\/\/urbeamea.ro\/albaiulia\/wp-content\/uploads\/2018\/04\/a-7-1-150x100.jpg\" loading=\"lazy\" \/><\/a>\n\t\t\t<\/div><\/figure><figure class='gallery-item'>\n\t\t\t<div class='gallery-icon landscape'>\n\t\t\t\t<a href='https:\/\/urbeamea.ro\/albaiulia\/foto-de-la-new-york-la-alba-iulia-expozitia-de-arta-plastica-oameni-si-noi-semnata-de-anca-sas\/a-8-4\/'><img decoding=\"async\" width=\"150\" height=\"100\" src=\"data:image\/png;base64,iVBORw0KGgoAAAANSUhEUgAAAYYAAADcAQMAAABOLJSDAAAAA1BMVEUAAACnej3aAAAAAXRSTlMAQObYZgAAACJJREFUaIHtwTEBAAAAwqD1T20ND6AAAAAAAAAAAAAA4N8AKvgAAUFIrrEAAAAASUVORK5CYII=\" class=\"attachment-thumbnail size-thumbnail lazy-img\" alt=\"\" srcset=\"https:\/\/urbeamea.ro\/albaiulia\/wp-content\/uploads\/2018\/04\/a-8-1-150x100.jpg 150w, https:\/\/urbeamea.ro\/albaiulia\/wp-content\/uploads\/2018\/04\/a-8-1-640x427.jpg 640w, https:\/\/urbeamea.ro\/albaiulia\/wp-content\/uploads\/2018\/04\/a-8-1-768x512.jpg 768w, https:\/\/urbeamea.ro\/albaiulia\/wp-content\/uploads\/2018\/04\/a-8-1.jpg 960w\" sizes=\"auto, (max-width: 150px) 100vw, 150px\" data-src=\"https:\/\/urbeamea.ro\/albaiulia\/wp-content\/uploads\/2018\/04\/a-8-1-150x100.jpg\" loading=\"lazy\" \/><\/a>\n\t\t\t<\/div><\/figure><figure class='gallery-item'>\n\t\t\t<div class='gallery-icon landscape'>\n\t\t\t\t<a href='https:\/\/urbeamea.ro\/albaiulia\/foto-de-la-new-york-la-alba-iulia-expozitia-de-arta-plastica-oameni-si-noi-semnata-de-anca-sas\/a-9-3\/'><img decoding=\"async\" width=\"150\" height=\"100\" src=\"data:image\/png;base64,iVBORw0KGgoAAAANSUhEUgAAAYYAAADcAQMAAABOLJSDAAAAA1BMVEUAAACnej3aAAAAAXRSTlMAQObYZgAAACJJREFUaIHtwTEBAAAAwqD1T20ND6AAAAAAAAAAAAAA4N8AKvgAAUFIrrEAAAAASUVORK5CYII=\" class=\"attachment-thumbnail size-thumbnail lazy-img\" alt=\"\" srcset=\"https:\/\/urbeamea.ro\/albaiulia\/wp-content\/uploads\/2018\/04\/a-9-150x100.jpg 150w, https:\/\/urbeamea.ro\/albaiulia\/wp-content\/uploads\/2018\/04\/a-9-640x427.jpg 640w, https:\/\/urbeamea.ro\/albaiulia\/wp-content\/uploads\/2018\/04\/a-9-768x512.jpg 768w, https:\/\/urbeamea.ro\/albaiulia\/wp-content\/uploads\/2018\/04\/a-9.jpg 960w\" sizes=\"auto, (max-width: 150px) 100vw, 150px\" data-src=\"https:\/\/urbeamea.ro\/albaiulia\/wp-content\/uploads\/2018\/04\/a-9-150x100.jpg\" loading=\"lazy\" \/><\/a>\n\t\t\t<\/div><\/figure><figure class='gallery-item'>\n\t\t\t<div class='gallery-icon landscape'>\n\t\t\t\t<a href='https:\/\/urbeamea.ro\/albaiulia\/foto-de-la-new-york-la-alba-iulia-expozitia-de-arta-plastica-oameni-si-noi-semnata-de-anca-sas\/a-10-4\/'><img decoding=\"async\" width=\"150\" height=\"100\" src=\"data:image\/png;base64,iVBORw0KGgoAAAANSUhEUgAAAYYAAADcAQMAAABOLJSDAAAAA1BMVEUAAACnej3aAAAAAXRSTlMAQObYZgAAACJJREFUaIHtwTEBAAAAwqD1T20ND6AAAAAAAAAAAAAA4N8AKvgAAUFIrrEAAAAASUVORK5CYII=\" class=\"attachment-thumbnail size-thumbnail lazy-img\" alt=\"\" srcset=\"https:\/\/urbeamea.ro\/albaiulia\/wp-content\/uploads\/2018\/04\/a-10-1-150x100.jpg 150w, https:\/\/urbeamea.ro\/albaiulia\/wp-content\/uploads\/2018\/04\/a-10-1-640x427.jpg 640w, https:\/\/urbeamea.ro\/albaiulia\/wp-content\/uploads\/2018\/04\/a-10-1-768x512.jpg 768w, https:\/\/urbeamea.ro\/albaiulia\/wp-content\/uploads\/2018\/04\/a-10-1.jpg 960w\" sizes=\"auto, (max-width: 150px) 100vw, 150px\" data-src=\"https:\/\/urbeamea.ro\/albaiulia\/wp-content\/uploads\/2018\/04\/a-10-1-150x100.jpg\" loading=\"lazy\" \/><\/a>\n\t\t\t<\/div><\/figure><figure class='gallery-item'>\n\t\t\t<div class='gallery-icon portrait'>\n\t\t\t\t<a href='https:\/\/urbeamea.ro\/albaiulia\/foto-de-la-new-york-la-alba-iulia-expozitia-de-arta-plastica-oameni-si-noi-semnata-de-anca-sas\/a-11-4\/'><img decoding=\"async\" width=\"107\" height=\"150\" src=\"data:image\/png;base64,iVBORw0KGgoAAAANSUhEUgAAAYYAAADcAQMAAABOLJSDAAAAA1BMVEUAAACnej3aAAAAAXRSTlMAQObYZgAAACJJREFUaIHtwTEBAAAAwqD1T20ND6AAAAAAAAAAAAAA4N8AKvgAAUFIrrEAAAAASUVORK5CYII=\" class=\"attachment-thumbnail size-thumbnail lazy-img\" alt=\"\" srcset=\"https:\/\/urbeamea.ro\/albaiulia\/wp-content\/uploads\/2018\/04\/a-11-1-107x150.jpg 107w, https:\/\/urbeamea.ro\/albaiulia\/wp-content\/uploads\/2018\/04\/a-11-1-457x640.jpg 457w, https:\/\/urbeamea.ro\/albaiulia\/wp-content\/uploads\/2018\/04\/a-11-1.jpg 685w\" sizes=\"auto, (max-width: 107px) 100vw, 107px\" data-src=\"https:\/\/urbeamea.ro\/albaiulia\/wp-content\/uploads\/2018\/04\/a-11-1-107x150.jpg\" loading=\"lazy\" \/><\/a>\n\t\t\t<\/div><\/figure><figure class='gallery-item'>\n\t\t\t<div class='gallery-icon landscape'>\n\t\t\t\t<a href='https:\/\/urbeamea.ro\/albaiulia\/foto-de-la-new-york-la-alba-iulia-expozitia-de-arta-plastica-oameni-si-noi-semnata-de-anca-sas\/a-29\/'><img decoding=\"async\" width=\"150\" height=\"100\" src=\"data:image\/png;base64,iVBORw0KGgoAAAANSUhEUgAAAYYAAADcAQMAAABOLJSDAAAAA1BMVEUAAACnej3aAAAAAXRSTlMAQObYZgAAACJJREFUaIHtwTEBAAAAwqD1T20ND6AAAAAAAAAAAAAA4N8AKvgAAUFIrrEAAAAASUVORK5CYII=\" class=\"attachment-thumbnail size-thumbnail lazy-img\" alt=\"\" srcset=\"https:\/\/urbeamea.ro\/albaiulia\/wp-content\/uploads\/2018\/04\/a-150x100.jpg 150w, https:\/\/urbeamea.ro\/albaiulia\/wp-content\/uploads\/2018\/04\/a-640x427.jpg 640w, https:\/\/urbeamea.ro\/albaiulia\/wp-content\/uploads\/2018\/04\/a-768x512.jpg 768w, https:\/\/urbeamea.ro\/albaiulia\/wp-content\/uploads\/2018\/04\/a.jpg 960w\" sizes=\"auto, (max-width: 150px) 100vw, 150px\" data-src=\"https:\/\/urbeamea.ro\/albaiulia\/wp-content\/uploads\/2018\/04\/a-150x100.jpg\" loading=\"lazy\" \/><\/a>\n\t\t\t<\/div><\/figure>\n\t\t<\/div>\n\n","protected":false},"excerpt":{"rendered":"<p>S\u00e2mb\u0103t\u0103, 21 aprilie, de la ora 16.00, Muzeul Na\u0163ional al Unirii din Alba Iulia a fost gazda unui eveniment special. Albaiulianca Anca Sas prezint\u0103 expozi\u0163ia \u201eOameni \u015fi noi\u201d. Evenimentul este moderat de\u00a0Ioan H\u0103d\u0103rig, director artistic Funda\u0163ia \u201cInter-Art\u201d. Evenimentul va fi deschis de\u00a0Dr. Gabriel Rustoiu, director general al Muzeului Na\u0163ional al Unirii \u015fi \u015etefan Balog, pre\u0219edintele &hellip;<\/p>\n","protected":false},"author":17,"featured_media":61966,"comment_status":"open","ping_status":"open","sticky":false,"template":"","format":"standard","meta":{"inline_featured_image":false,"footnotes":""},"categories":[2038],"tags":[31,13084,8754,421,14967,308,76],"class_list":["post-61960","post","type-post","status-publish","format-standard","has-post-thumbnail","hentry","category-cultura","tag-alba-iulia","tag-anca-sas","tag-expozitie-de-arta-plastica","tag-muzeul-national-al-unirii","tag-oameni-si-noi","tag-stiri","tag-urbea-mea"],"yoast_head":"<!-- This site is optimized with the Yoast SEO plugin v27.4 - https:\/\/yoast.com\/product\/yoast-seo-wordpress\/ -->\n<title>FOTO: De la New York la Alba Iulia. Expozi\u0163ia de art\u0103 plastic\u0103 &quot;Oameni \u015fi noi&quot;, semnat\u0103 de Anca Sas - Revista Urbea Mea - Revista de Alba<\/title>\n<meta name=\"description\" content=\"S\u00e2mb\u0103t\u0103, 21 aprilie, de la ora 16.00, Muzeul Na\u0163ional al Unirii din Alba Iulia a fost gazda unui eveniment special. Albaiulianca Anca Sas prezint\u0103\" \/>\n<meta name=\"robots\" content=\"index, follow, max-snippet:-1, max-image-preview:large, max-video-preview:-1\" \/>\n<link rel=\"canonical\" href=\"https:\/\/urbeamea.ro\/albaiulia\/foto-de-la-new-york-la-alba-iulia-expozitia-de-arta-plastica-oameni-si-noi-semnata-de-anca-sas\/\" \/>\n<meta name=\"twitter:card\" content=\"summary_large_image\" \/>\n<meta name=\"twitter:title\" content=\"FOTO: De la New York la Alba Iulia. Expozi\u0163ia de art\u0103 plastic\u0103 &quot;Oameni \u015fi noi&quot;, semnat\u0103 de Anca Sas - Revista Urbea Mea - Revista de Alba\" \/>\n<meta name=\"twitter:description\" content=\"S\u00e2mb\u0103t\u0103, 21 aprilie, de la ora 16.00, Muzeul Na\u0163ional al Unirii din Alba Iulia a fost gazda unui eveniment special. Albaiulianca Anca Sas prezint\u0103\" \/>\n<meta name=\"twitter:image\" content=\"https:\/\/urbeamea.ro\/albaiulia\/wp-content\/uploads\/2018\/04\/a-4-1.jpg\" \/>\n<meta name=\"twitter:creator\" content=\"@urbeameaweb\" \/>\n<meta name=\"twitter:site\" content=\"@urbeameaweb\" \/>\n<script type=\"application\/ld+json\" class=\"yoast-schema-graph\">{\"@context\":\"https:\\\/\\\/schema.org\",\"@graph\":[{\"@type\":\"Article\",\"@id\":\"https:\\\/\\\/urbeamea.ro\\\/albaiulia\\\/foto-de-la-new-york-la-alba-iulia-expozitia-de-arta-plastica-oameni-si-noi-semnata-de-anca-sas\\\/#article\",\"isPartOf\":{\"@id\":\"https:\\\/\\\/urbeamea.ro\\\/albaiulia\\\/foto-de-la-new-york-la-alba-iulia-expozitia-de-arta-plastica-oameni-si-noi-semnata-de-anca-sas\\\/\"},\"author\":{\"name\":\"Cristina Ganga\",\"@id\":\"https:\\\/\\\/urbeamea.ro\\\/albaiulia\\\/#\\\/schema\\\/person\\\/9700d21fae21c4f038b0b56f4506264a\"},\"headline\":\"FOTO: De la New York la Alba Iulia. Expozi\u0163ia de art\u0103 plastic\u0103 &#8222;Oameni \u015fi noi&#8221;, semnat\u0103 de Anca Sas\",\"datePublished\":\"2018-04-23T06:40:31+00:00\",\"dateModified\":\"2018-04-23T06:41:28+00:00\",\"mainEntityOfPage\":{\"@id\":\"https:\\\/\\\/urbeamea.ro\\\/albaiulia\\\/foto-de-la-new-york-la-alba-iulia-expozitia-de-arta-plastica-oameni-si-noi-semnata-de-anca-sas\\\/\"},\"wordCount\":600,\"commentCount\":0,\"image\":{\"@id\":\"https:\\\/\\\/urbeamea.ro\\\/albaiulia\\\/foto-de-la-new-york-la-alba-iulia-expozitia-de-arta-plastica-oameni-si-noi-semnata-de-anca-sas\\\/#primaryimage\"},\"thumbnailUrl\":\"https:\\\/\\\/urbeamea.ro\\\/albaiulia\\\/wp-content\\\/uploads\\\/2018\\\/04\\\/a-4-1.jpg\",\"keywords\":[\"Alba Iulia\",\"anca sas\",\"expozitie de arta plastica\",\"muzeul national al unirii\",\"oameni si noi\",\"stiri\",\"Urbea Mea\"],\"articleSection\":[\"Cultur\u0103\"],\"inLanguage\":\"ro-RO\",\"potentialAction\":[{\"@type\":\"CommentAction\",\"name\":\"Comment\",\"target\":[\"https:\\\/\\\/urbeamea.ro\\\/albaiulia\\\/foto-de-la-new-york-la-alba-iulia-expozitia-de-arta-plastica-oameni-si-noi-semnata-de-anca-sas\\\/#respond\"]}]},{\"@type\":\"WebPage\",\"@id\":\"https:\\\/\\\/urbeamea.ro\\\/albaiulia\\\/foto-de-la-new-york-la-alba-iulia-expozitia-de-arta-plastica-oameni-si-noi-semnata-de-anca-sas\\\/\",\"url\":\"https:\\\/\\\/urbeamea.ro\\\/albaiulia\\\/foto-de-la-new-york-la-alba-iulia-expozitia-de-arta-plastica-oameni-si-noi-semnata-de-anca-sas\\\/\",\"name\":\"FOTO: De la New York la Alba Iulia. Expozi\u0163ia de art\u0103 plastic\u0103 \\\"Oameni \u015fi noi\\\", semnat\u0103 de Anca Sas - Revista Urbea Mea - Revista de Alba\",\"isPartOf\":{\"@id\":\"https:\\\/\\\/urbeamea.ro\\\/albaiulia\\\/#website\"},\"primaryImageOfPage\":{\"@id\":\"https:\\\/\\\/urbeamea.ro\\\/albaiulia\\\/foto-de-la-new-york-la-alba-iulia-expozitia-de-arta-plastica-oameni-si-noi-semnata-de-anca-sas\\\/#primaryimage\"},\"image\":{\"@id\":\"https:\\\/\\\/urbeamea.ro\\\/albaiulia\\\/foto-de-la-new-york-la-alba-iulia-expozitia-de-arta-plastica-oameni-si-noi-semnata-de-anca-sas\\\/#primaryimage\"},\"thumbnailUrl\":\"https:\\\/\\\/urbeamea.ro\\\/albaiulia\\\/wp-content\\\/uploads\\\/2018\\\/04\\\/a-4-1.jpg\",\"datePublished\":\"2018-04-23T06:40:31+00:00\",\"dateModified\":\"2018-04-23T06:41:28+00:00\",\"author\":{\"@id\":\"https:\\\/\\\/urbeamea.ro\\\/albaiulia\\\/#\\\/schema\\\/person\\\/9700d21fae21c4f038b0b56f4506264a\"},\"description\":\"S\u00e2mb\u0103t\u0103, 21 aprilie, de la ora 16.00, Muzeul Na\u0163ional al Unirii din Alba Iulia a fost gazda unui eveniment special. Albaiulianca Anca Sas prezint\u0103\",\"breadcrumb\":{\"@id\":\"https:\\\/\\\/urbeamea.ro\\\/albaiulia\\\/foto-de-la-new-york-la-alba-iulia-expozitia-de-arta-plastica-oameni-si-noi-semnata-de-anca-sas\\\/#breadcrumb\"},\"inLanguage\":\"ro-RO\",\"potentialAction\":[{\"@type\":\"ReadAction\",\"target\":[\"https:\\\/\\\/urbeamea.ro\\\/albaiulia\\\/foto-de-la-new-york-la-alba-iulia-expozitia-de-arta-plastica-oameni-si-noi-semnata-de-anca-sas\\\/\"]}]},{\"@type\":\"ImageObject\",\"inLanguage\":\"ro-RO\",\"@id\":\"https:\\\/\\\/urbeamea.ro\\\/albaiulia\\\/foto-de-la-new-york-la-alba-iulia-expozitia-de-arta-plastica-oameni-si-noi-semnata-de-anca-sas\\\/#primaryimage\",\"url\":\"https:\\\/\\\/urbeamea.ro\\\/albaiulia\\\/wp-content\\\/uploads\\\/2018\\\/04\\\/a-4-1.jpg\",\"contentUrl\":\"https:\\\/\\\/urbeamea.ro\\\/albaiulia\\\/wp-content\\\/uploads\\\/2018\\\/04\\\/a-4-1.jpg\",\"width\":960,\"height\":640},{\"@type\":\"BreadcrumbList\",\"@id\":\"https:\\\/\\\/urbeamea.ro\\\/albaiulia\\\/foto-de-la-new-york-la-alba-iulia-expozitia-de-arta-plastica-oameni-si-noi-semnata-de-anca-sas\\\/#breadcrumb\",\"itemListElement\":[{\"@type\":\"ListItem\",\"position\":1,\"name\":\"Prima pagin\u0103\",\"item\":\"https:\\\/\\\/urbeamea.ro\\\/albaiulia\\\/\"},{\"@type\":\"ListItem\",\"position\":2,\"name\":\"FOTO: De la New York la Alba Iulia. Expozi\u0163ia de art\u0103 plastic\u0103 &#8222;Oameni \u015fi noi&#8221;, semnat\u0103 de Anca Sas\"}]},{\"@type\":\"WebSite\",\"@id\":\"https:\\\/\\\/urbeamea.ro\\\/albaiulia\\\/#website\",\"url\":\"https:\\\/\\\/urbeamea.ro\\\/albaiulia\\\/\",\"name\":\"Revista Urbea Mea, Stiri urbane\",\"description\":\"Evenimente \u0219i \u0219tiri din Alba Iulia, Sebe\u0219, Aiud, Blaj\",\"potentialAction\":[{\"@type\":\"SearchAction\",\"target\":{\"@type\":\"EntryPoint\",\"urlTemplate\":\"https:\\\/\\\/urbeamea.ro\\\/albaiulia\\\/?s={search_term_string}\"},\"query-input\":{\"@type\":\"PropertyValueSpecification\",\"valueRequired\":true,\"valueName\":\"search_term_string\"}}],\"inLanguage\":\"ro-RO\"},{\"@type\":\"Person\",\"@id\":\"https:\\\/\\\/urbeamea.ro\\\/albaiulia\\\/#\\\/schema\\\/person\\\/9700d21fae21c4f038b0b56f4506264a\",\"name\":\"Cristina Ganga\",\"image\":{\"@type\":\"ImageObject\",\"inLanguage\":\"ro-RO\",\"@id\":\"https:\\\/\\\/secure.gravatar.com\\\/avatar\\\/5a67661041f057b4a8ccaf26f5a8e86e2689372006d01faf3dd9eeb10b654bb4?s=96&d=mm&r=g\",\"url\":\"https:\\\/\\\/secure.gravatar.com\\\/avatar\\\/5a67661041f057b4a8ccaf26f5a8e86e2689372006d01faf3dd9eeb10b654bb4?s=96&d=mm&r=g\",\"contentUrl\":\"https:\\\/\\\/secure.gravatar.com\\\/avatar\\\/5a67661041f057b4a8ccaf26f5a8e86e2689372006d01faf3dd9eeb10b654bb4?s=96&d=mm&r=g\",\"caption\":\"Cristina Ganga\"},\"description\":\"Jurnalist\",\"sameAs\":[\"https:\\\/\\\/www.facebook.com\\\/cristina.nicola.587\"],\"url\":\"https:\\\/\\\/urbeamea.ro\\\/albaiulia\\\/author\\\/cristina-nicola\\\/\"}]}<\/script>\n<!-- \/ Yoast SEO plugin. -->","yoast_head_json":{"title":"FOTO: De la New York la Alba Iulia. Expozi\u0163ia de art\u0103 plastic\u0103 \"Oameni \u015fi noi\", semnat\u0103 de Anca Sas - Revista Urbea Mea - Revista de Alba","description":"S\u00e2mb\u0103t\u0103, 21 aprilie, de la ora 16.00, Muzeul Na\u0163ional al Unirii din Alba Iulia a fost gazda unui eveniment special. Albaiulianca Anca Sas prezint\u0103","robots":{"index":"index","follow":"follow","max-snippet":"max-snippet:-1","max-image-preview":"max-image-preview:large","max-video-preview":"max-video-preview:-1"},"canonical":"https:\/\/urbeamea.ro\/albaiulia\/foto-de-la-new-york-la-alba-iulia-expozitia-de-arta-plastica-oameni-si-noi-semnata-de-anca-sas\/","twitter_card":"summary_large_image","twitter_title":"FOTO: De la New York la Alba Iulia. Expozi\u0163ia de art\u0103 plastic\u0103 \"Oameni \u015fi noi\", semnat\u0103 de Anca Sas - Revista Urbea Mea - Revista de Alba","twitter_description":"S\u00e2mb\u0103t\u0103, 21 aprilie, de la ora 16.00, Muzeul Na\u0163ional al Unirii din Alba Iulia a fost gazda unui eveniment special. Albaiulianca Anca Sas prezint\u0103","twitter_image":"https:\/\/urbeamea.ro\/albaiulia\/wp-content\/uploads\/2018\/04\/a-4-1.jpg","twitter_creator":"@urbeameaweb","twitter_site":"@urbeameaweb","schema":{"@context":"https:\/\/schema.org","@graph":[{"@type":"Article","@id":"https:\/\/urbeamea.ro\/albaiulia\/foto-de-la-new-york-la-alba-iulia-expozitia-de-arta-plastica-oameni-si-noi-semnata-de-anca-sas\/#article","isPartOf":{"@id":"https:\/\/urbeamea.ro\/albaiulia\/foto-de-la-new-york-la-alba-iulia-expozitia-de-arta-plastica-oameni-si-noi-semnata-de-anca-sas\/"},"author":{"name":"Cristina Ganga","@id":"https:\/\/urbeamea.ro\/albaiulia\/#\/schema\/person\/9700d21fae21c4f038b0b56f4506264a"},"headline":"FOTO: De la New York la Alba Iulia. Expozi\u0163ia de art\u0103 plastic\u0103 &#8222;Oameni \u015fi noi&#8221;, semnat\u0103 de Anca Sas","datePublished":"2018-04-23T06:40:31+00:00","dateModified":"2018-04-23T06:41:28+00:00","mainEntityOfPage":{"@id":"https:\/\/urbeamea.ro\/albaiulia\/foto-de-la-new-york-la-alba-iulia-expozitia-de-arta-plastica-oameni-si-noi-semnata-de-anca-sas\/"},"wordCount":600,"commentCount":0,"image":{"@id":"https:\/\/urbeamea.ro\/albaiulia\/foto-de-la-new-york-la-alba-iulia-expozitia-de-arta-plastica-oameni-si-noi-semnata-de-anca-sas\/#primaryimage"},"thumbnailUrl":"https:\/\/urbeamea.ro\/albaiulia\/wp-content\/uploads\/2018\/04\/a-4-1.jpg","keywords":["Alba Iulia","anca sas","expozitie de arta plastica","muzeul national al unirii","oameni si noi","stiri","Urbea Mea"],"articleSection":["Cultur\u0103"],"inLanguage":"ro-RO","potentialAction":[{"@type":"CommentAction","name":"Comment","target":["https:\/\/urbeamea.ro\/albaiulia\/foto-de-la-new-york-la-alba-iulia-expozitia-de-arta-plastica-oameni-si-noi-semnata-de-anca-sas\/#respond"]}]},{"@type":"WebPage","@id":"https:\/\/urbeamea.ro\/albaiulia\/foto-de-la-new-york-la-alba-iulia-expozitia-de-arta-plastica-oameni-si-noi-semnata-de-anca-sas\/","url":"https:\/\/urbeamea.ro\/albaiulia\/foto-de-la-new-york-la-alba-iulia-expozitia-de-arta-plastica-oameni-si-noi-semnata-de-anca-sas\/","name":"FOTO: De la New York la Alba Iulia. Expozi\u0163ia de art\u0103 plastic\u0103 \"Oameni \u015fi noi\", semnat\u0103 de Anca Sas - Revista Urbea Mea - Revista de Alba","isPartOf":{"@id":"https:\/\/urbeamea.ro\/albaiulia\/#website"},"primaryImageOfPage":{"@id":"https:\/\/urbeamea.ro\/albaiulia\/foto-de-la-new-york-la-alba-iulia-expozitia-de-arta-plastica-oameni-si-noi-semnata-de-anca-sas\/#primaryimage"},"image":{"@id":"https:\/\/urbeamea.ro\/albaiulia\/foto-de-la-new-york-la-alba-iulia-expozitia-de-arta-plastica-oameni-si-noi-semnata-de-anca-sas\/#primaryimage"},"thumbnailUrl":"https:\/\/urbeamea.ro\/albaiulia\/wp-content\/uploads\/2018\/04\/a-4-1.jpg","datePublished":"2018-04-23T06:40:31+00:00","dateModified":"2018-04-23T06:41:28+00:00","author":{"@id":"https:\/\/urbeamea.ro\/albaiulia\/#\/schema\/person\/9700d21fae21c4f038b0b56f4506264a"},"description":"S\u00e2mb\u0103t\u0103, 21 aprilie, de la ora 16.00, Muzeul Na\u0163ional al Unirii din Alba Iulia a fost gazda unui eveniment special. Albaiulianca Anca Sas prezint\u0103","breadcrumb":{"@id":"https:\/\/urbeamea.ro\/albaiulia\/foto-de-la-new-york-la-alba-iulia-expozitia-de-arta-plastica-oameni-si-noi-semnata-de-anca-sas\/#breadcrumb"},"inLanguage":"ro-RO","potentialAction":[{"@type":"ReadAction","target":["https:\/\/urbeamea.ro\/albaiulia\/foto-de-la-new-york-la-alba-iulia-expozitia-de-arta-plastica-oameni-si-noi-semnata-de-anca-sas\/"]}]},{"@type":"ImageObject","inLanguage":"ro-RO","@id":"https:\/\/urbeamea.ro\/albaiulia\/foto-de-la-new-york-la-alba-iulia-expozitia-de-arta-plastica-oameni-si-noi-semnata-de-anca-sas\/#primaryimage","url":"https:\/\/urbeamea.ro\/albaiulia\/wp-content\/uploads\/2018\/04\/a-4-1.jpg","contentUrl":"https:\/\/urbeamea.ro\/albaiulia\/wp-content\/uploads\/2018\/04\/a-4-1.jpg","width":960,"height":640},{"@type":"BreadcrumbList","@id":"https:\/\/urbeamea.ro\/albaiulia\/foto-de-la-new-york-la-alba-iulia-expozitia-de-arta-plastica-oameni-si-noi-semnata-de-anca-sas\/#breadcrumb","itemListElement":[{"@type":"ListItem","position":1,"name":"Prima pagin\u0103","item":"https:\/\/urbeamea.ro\/albaiulia\/"},{"@type":"ListItem","position":2,"name":"FOTO: De la New York la Alba Iulia. Expozi\u0163ia de art\u0103 plastic\u0103 &#8222;Oameni \u015fi noi&#8221;, semnat\u0103 de Anca Sas"}]},{"@type":"WebSite","@id":"https:\/\/urbeamea.ro\/albaiulia\/#website","url":"https:\/\/urbeamea.ro\/albaiulia\/","name":"Revista Urbea Mea, Stiri urbane","description":"Evenimente \u0219i \u0219tiri din Alba Iulia, Sebe\u0219, Aiud, Blaj","potentialAction":[{"@type":"SearchAction","target":{"@type":"EntryPoint","urlTemplate":"https:\/\/urbeamea.ro\/albaiulia\/?s={search_term_string}"},"query-input":{"@type":"PropertyValueSpecification","valueRequired":true,"valueName":"search_term_string"}}],"inLanguage":"ro-RO"},{"@type":"Person","@id":"https:\/\/urbeamea.ro\/albaiulia\/#\/schema\/person\/9700d21fae21c4f038b0b56f4506264a","name":"Cristina Ganga","image":{"@type":"ImageObject","inLanguage":"ro-RO","@id":"https:\/\/secure.gravatar.com\/avatar\/5a67661041f057b4a8ccaf26f5a8e86e2689372006d01faf3dd9eeb10b654bb4?s=96&d=mm&r=g","url":"https:\/\/secure.gravatar.com\/avatar\/5a67661041f057b4a8ccaf26f5a8e86e2689372006d01faf3dd9eeb10b654bb4?s=96&d=mm&r=g","contentUrl":"https:\/\/secure.gravatar.com\/avatar\/5a67661041f057b4a8ccaf26f5a8e86e2689372006d01faf3dd9eeb10b654bb4?s=96&d=mm&r=g","caption":"Cristina Ganga"},"description":"Jurnalist","sameAs":["https:\/\/www.facebook.com\/cristina.nicola.587"],"url":"https:\/\/urbeamea.ro\/albaiulia\/author\/cristina-nicola\/"}]}},"_links":{"self":[{"href":"https:\/\/urbeamea.ro\/albaiulia\/wp-json\/wp\/v2\/posts\/61960","targetHints":{"allow":["GET"]}}],"collection":[{"href":"https:\/\/urbeamea.ro\/albaiulia\/wp-json\/wp\/v2\/posts"}],"about":[{"href":"https:\/\/urbeamea.ro\/albaiulia\/wp-json\/wp\/v2\/types\/post"}],"author":[{"embeddable":true,"href":"https:\/\/urbeamea.ro\/albaiulia\/wp-json\/wp\/v2\/users\/17"}],"replies":[{"embeddable":true,"href":"https:\/\/urbeamea.ro\/albaiulia\/wp-json\/wp\/v2\/comments?post=61960"}],"version-history":[{"count":0,"href":"https:\/\/urbeamea.ro\/albaiulia\/wp-json\/wp\/v2\/posts\/61960\/revisions"}],"wp:featuredmedia":[{"embeddable":true,"href":"https:\/\/urbeamea.ro\/albaiulia\/wp-json\/wp\/v2\/media\/61966"}],"wp:attachment":[{"href":"https:\/\/urbeamea.ro\/albaiulia\/wp-json\/wp\/v2\/media?parent=61960"}],"wp:term":[{"taxonomy":"category","embeddable":true,"href":"https:\/\/urbeamea.ro\/albaiulia\/wp-json\/wp\/v2\/categories?post=61960"},{"taxonomy":"post_tag","embeddable":true,"href":"https:\/\/urbeamea.ro\/albaiulia\/wp-json\/wp\/v2\/tags?post=61960"}],"curies":[{"name":"wp","href":"https:\/\/api.w.org\/{rel}","templated":true}]}}