{"id":62038,"date":"2018-04-25T15:10:33","date_gmt":"2018-04-25T12:10:33","guid":{"rendered":"https:\/\/urbeamea.ro\/albaiulia\/?p=62038"},"modified":"2018-04-25T15:11:38","modified_gmt":"2018-04-25T12:11:38","slug":"5-6-mai-cupa-florea-grup-junior-editia-i-la-tenis-de-camp-detalii-despre-inscriere","status":"publish","type":"post","link":"https:\/\/urbeamea.ro\/albaiulia\/5-6-mai-cupa-florea-grup-junior-editia-i-la-tenis-de-camp-detalii-despre-inscriere\/","title":{"rendered":"5 &#8211; 6 MAI: Cupa Florea Grup Junior, edi\u021bia I la Tenis de C\u00e2mp. Detalii despre \u00eenscriere"},"content":{"rendered":"<p><strong>La \u00eenceputul lunii mai, copiii \u0219i juniorii pasiona\u021bi de tenis sunt invita\u021bi la prima edi\u021bie a Cupei Florea Grup Junior la Tenis de C\u00e2mp.<\/strong><\/p>\n<p>Meciurile vor debuta pe data de 5 mai \u0219i se vor juca pe terenurile Tenis Pro Linc\u0103. Competi\u021bia este \u00eenscris\u0103 \u00een circuitul oficial al Federa\u021biei Rom\u00e2ne de Tenis. Categoriile la care se va juca sunt 8 &#8211; 10 ani, 11 &#8211; 12 ani, 13 &#8211; 14 ani, 17 &#8211; 18 ani, b\u0103ie\u021bi \u0219i fete.<\/p>\n<p>\u00censcrierile se fac exclusiv pe site-ul Federa\u021biei Rom\u00e2ne de Tenis www.frt.ro. Data limit\u0103 de \u00eenscriere este 30.04.2018, iar data limit\u0103 de retragere este 02.05.2018. Informa\u021bii suplimentare se pot ob\u021bine la telefon: 0763 615 072\/ 0762 642 176. Premiile vor consta \u00een diplome, cupe \u0219i echipamente sportive. Participan\u021bii care vor veni din afara ora\u0219ului se pot bucura de tarife preferen\u021biale la cazare, beneficiu oferit de Hotel Transilvania.<\/p>\n<p>Aceast\u0103 competi\u021bie sus\u021bine angajamentului Florea Grup de a sprijini mi\u0219carea \u0219i un stil de via\u021b\u0103 s\u0103n\u0103tos.<br \/>\nCompania mai organizeaz\u0103 \u00een toamna fiec\u0103rui an \u0219i Cupa Florea Grup la Tenis de C\u00e2mp pentru seniori, eveniment care anul acesta va ajunge la cea de a patra edi\u021bie.<\/p>\n<p>Competi\u021bia nu este singura surpriz\u0103 pe care Florea Grup o preg\u0103te\u0219te copiilor \u00een acest an. La \u00eenceputul verii se va inaugural \u201eAstoria Pool Park\u201d, o zon\u0103 \u00een care cei mici se vor putea bucura de tobogane acvatice, tirolian\u0103, terenuri de sport \u0219i o piscin\u0103 cu ap\u0103 \u00eenc\u0103lzit\u0103. Complexul va fi localizat \u00een vecin\u0103tatea Hotelului Astoria, pe DN1, km 387.<\/p>\n","protected":false},"excerpt":{"rendered":"<p>La \u00eenceputul lunii mai, copiii \u0219i juniorii pasiona\u021bi de tenis sunt invita\u021bi la prima edi\u021bie a Cupei Florea Grup Junior la Tenis de C\u00e2mp. Meciurile vor debuta pe data de 5 mai \u0219i se vor juca pe terenurile Tenis Pro Linc\u0103. Competi\u021bia este \u00eenscris\u0103 \u00een circuitul oficial al Federa\u021biei Rom\u00e2ne de Tenis. Categoriile la care &hellip;<\/p>\n","protected":false},"author":17,"featured_media":62039,"comment_status":"open","ping_status":"open","sticky":false,"template":"","format":"standard","meta":{"inline_featured_image":false,"footnotes":""},"categories":[2037],"tags":[31,676,15071,2304,308,6656,15072,76],"class_list":["post-62038","post","type-post","status-publish","format-standard","has-post-thumbnail","hentry","category-sport","tag-alba-iulia","tag-competitie","tag-cupa-florea-grup-junior","tag-inscrieri","tag-stiri","tag-tenis-de-camp","tag-terenurile-tenis-pro-linca","tag-urbea-mea"],"yoast_head":"<!-- This site is optimized with the Yoast SEO plugin v28.3 - https:\/\/yoast.com\/product\/yoast-seo-wordpress\/ -->\n<title>5 - 6 MAI: Cupa Florea Grup Junior, edi\u021bia I la Tenis de C\u00e2mp. Detalii despre \u00eenscriere - Revista Urbea Mea - Revista de Alba<\/title>\n<meta name=\"description\" content=\"La \u00eenceputul lunii mai, copiii \u0219i juniorii pasiona\u021bi de tenis sunt invita\u021bi la prima edi\u021bie a Cupei Florea Grup Junior la Tenis de C\u00e2mp. Meciurile vor\" \/>\n<meta name=\"robots\" content=\"index, follow, max-snippet:-1, max-image-preview:large, max-video-preview:-1\" \/>\n<link rel=\"canonical\" href=\"https:\/\/urbeamea.ro\/albaiulia\/5-6-mai-cupa-florea-grup-junior-editia-i-la-tenis-de-camp-detalii-despre-inscriere\/\" \/>\n<meta name=\"twitter:card\" content=\"summary_large_image\" \/>\n<meta name=\"twitter:title\" content=\"5 - 6 MAI: Cupa Florea Grup Junior, edi\u021bia I la Tenis de C\u00e2mp. Detalii despre \u00eenscriere - Revista Urbea Mea - Revista de Alba\" \/>\n<meta name=\"twitter:description\" content=\"La \u00eenceputul lunii mai, copiii \u0219i juniorii pasiona\u021bi de tenis sunt invita\u021bi la prima edi\u021bie a Cupei Florea Grup Junior la Tenis de C\u00e2mp. Meciurile vor\" \/>\n<meta name=\"twitter:image\" content=\"https:\/\/urbeamea.ro\/albaiulia\/wp-content\/uploads\/2018\/04\/cupa-Florea-Grup-Junior.jpg\" \/>\n<meta name=\"twitter:creator\" content=\"@urbeameaweb\" \/>\n<meta name=\"twitter:site\" content=\"@urbeameaweb\" \/>\n<script type=\"application\/ld+json\" class=\"yoast-schema-graph\">{\"@context\":\"https:\\\/\\\/schema.org\",\"@graph\":[{\"@type\":\"Article\",\"@id\":\"https:\\\/\\\/urbeamea.ro\\\/albaiulia\\\/5-6-mai-cupa-florea-grup-junior-editia-i-la-tenis-de-camp-detalii-despre-inscriere\\\/#article\",\"isPartOf\":{\"@id\":\"https:\\\/\\\/urbeamea.ro\\\/albaiulia\\\/5-6-mai-cupa-florea-grup-junior-editia-i-la-tenis-de-camp-detalii-despre-inscriere\\\/\"},\"author\":{\"name\":\"Cristina Ganga\",\"@id\":\"https:\\\/\\\/urbeamea.ro\\\/albaiulia\\\/#\\\/schema\\\/person\\\/9700d21fae21c4f038b0b56f4506264a\"},\"headline\":\"5 &#8211; 6 MAI: Cupa Florea Grup Junior, edi\u021bia I la Tenis de C\u00e2mp. Detalii despre \u00eenscriere\",\"datePublished\":\"2018-04-25T12:10:33+00:00\",\"dateModified\":\"2018-04-25T12:11:38+00:00\",\"mainEntityOfPage\":{\"@id\":\"https:\\\/\\\/urbeamea.ro\\\/albaiulia\\\/5-6-mai-cupa-florea-grup-junior-editia-i-la-tenis-de-camp-detalii-despre-inscriere\\\/\"},\"wordCount\":278,\"commentCount\":0,\"image\":{\"@id\":\"https:\\\/\\\/urbeamea.ro\\\/albaiulia\\\/5-6-mai-cupa-florea-grup-junior-editia-i-la-tenis-de-camp-detalii-despre-inscriere\\\/#primaryimage\"},\"thumbnailUrl\":\"https:\\\/\\\/urbeamea.ro\\\/albaiulia\\\/wp-content\\\/uploads\\\/2018\\\/04\\\/cupa-Florea-Grup-Junior.jpg\",\"keywords\":[\"Alba Iulia\",\"competitie\",\"cupa florea grup junior\",\"inscrieri\",\"stiri\",\"tenis de camp\",\"terenurile Tenis Pro Linca\",\"Urbea Mea\"],\"articleSection\":[\"Sport\"],\"inLanguage\":\"ro-RO\",\"potentialAction\":[{\"@type\":\"CommentAction\",\"name\":\"Comment\",\"target\":[\"https:\\\/\\\/urbeamea.ro\\\/albaiulia\\\/5-6-mai-cupa-florea-grup-junior-editia-i-la-tenis-de-camp-detalii-despre-inscriere\\\/#respond\"]}]},{\"@type\":\"WebPage\",\"@id\":\"https:\\\/\\\/urbeamea.ro\\\/albaiulia\\\/5-6-mai-cupa-florea-grup-junior-editia-i-la-tenis-de-camp-detalii-despre-inscriere\\\/\",\"url\":\"https:\\\/\\\/urbeamea.ro\\\/albaiulia\\\/5-6-mai-cupa-florea-grup-junior-editia-i-la-tenis-de-camp-detalii-despre-inscriere\\\/\",\"name\":\"5 - 6 MAI: Cupa Florea Grup Junior, edi\u021bia I la Tenis de C\u00e2mp. Detalii despre \u00eenscriere - Revista Urbea Mea - Revista de Alba\",\"isPartOf\":{\"@id\":\"https:\\\/\\\/urbeamea.ro\\\/albaiulia\\\/#website\"},\"primaryImageOfPage\":{\"@id\":\"https:\\\/\\\/urbeamea.ro\\\/albaiulia\\\/5-6-mai-cupa-florea-grup-junior-editia-i-la-tenis-de-camp-detalii-despre-inscriere\\\/#primaryimage\"},\"image\":{\"@id\":\"https:\\\/\\\/urbeamea.ro\\\/albaiulia\\\/5-6-mai-cupa-florea-grup-junior-editia-i-la-tenis-de-camp-detalii-despre-inscriere\\\/#primaryimage\"},\"thumbnailUrl\":\"https:\\\/\\\/urbeamea.ro\\\/albaiulia\\\/wp-content\\\/uploads\\\/2018\\\/04\\\/cupa-Florea-Grup-Junior.jpg\",\"datePublished\":\"2018-04-25T12:10:33+00:00\",\"dateModified\":\"2018-04-25T12:11:38+00:00\",\"author\":{\"@id\":\"https:\\\/\\\/urbeamea.ro\\\/albaiulia\\\/#\\\/schema\\\/person\\\/9700d21fae21c4f038b0b56f4506264a\"},\"description\":\"La \u00eenceputul lunii mai, copiii \u0219i juniorii pasiona\u021bi de tenis sunt invita\u021bi la prima edi\u021bie a Cupei Florea Grup Junior la Tenis de C\u00e2mp. Meciurile vor\",\"breadcrumb\":{\"@id\":\"https:\\\/\\\/urbeamea.ro\\\/albaiulia\\\/5-6-mai-cupa-florea-grup-junior-editia-i-la-tenis-de-camp-detalii-despre-inscriere\\\/#breadcrumb\"},\"inLanguage\":\"ro-RO\",\"potentialAction\":[{\"@type\":\"ReadAction\",\"target\":[\"https:\\\/\\\/urbeamea.ro\\\/albaiulia\\\/5-6-mai-cupa-florea-grup-junior-editia-i-la-tenis-de-camp-detalii-despre-inscriere\\\/\"]}]},{\"@type\":\"ImageObject\",\"inLanguage\":\"ro-RO\",\"@id\":\"https:\\\/\\\/urbeamea.ro\\\/albaiulia\\\/5-6-mai-cupa-florea-grup-junior-editia-i-la-tenis-de-camp-detalii-despre-inscriere\\\/#primaryimage\",\"url\":\"https:\\\/\\\/urbeamea.ro\\\/albaiulia\\\/wp-content\\\/uploads\\\/2018\\\/04\\\/cupa-Florea-Grup-Junior.jpg\",\"contentUrl\":\"https:\\\/\\\/urbeamea.ro\\\/albaiulia\\\/wp-content\\\/uploads\\\/2018\\\/04\\\/cupa-Florea-Grup-Junior.jpg\",\"width\":849,\"height\":1200},{\"@type\":\"BreadcrumbList\",\"@id\":\"https:\\\/\\\/urbeamea.ro\\\/albaiulia\\\/5-6-mai-cupa-florea-grup-junior-editia-i-la-tenis-de-camp-detalii-despre-inscriere\\\/#breadcrumb\",\"itemListElement\":[{\"@type\":\"ListItem\",\"position\":1,\"name\":\"Prima pagin\u0103\",\"item\":\"https:\\\/\\\/urbeamea.ro\\\/albaiulia\\\/\"},{\"@type\":\"ListItem\",\"position\":2,\"name\":\"5 &#8211; 6 MAI: Cupa Florea Grup Junior, edi\u021bia I la Tenis de C\u00e2mp. Detalii despre \u00eenscriere\"}]},{\"@type\":\"WebSite\",\"@id\":\"https:\\\/\\\/urbeamea.ro\\\/albaiulia\\\/#website\",\"url\":\"https:\\\/\\\/urbeamea.ro\\\/albaiulia\\\/\",\"name\":\"Revista Urbea Mea, Stiri urbane\",\"description\":\"Evenimente \u0219i \u0219tiri din Alba Iulia, Sebe\u0219, Aiud, Blaj\",\"potentialAction\":[{\"@type\":\"SearchAction\",\"target\":{\"@type\":\"EntryPoint\",\"urlTemplate\":\"https:\\\/\\\/urbeamea.ro\\\/albaiulia\\\/?s={search_term_string}\"},\"query-input\":{\"@type\":\"PropertyValueSpecification\",\"valueRequired\":true,\"valueName\":\"search_term_string\"}}],\"inLanguage\":\"ro-RO\"},{\"@type\":\"Person\",\"@id\":\"https:\\\/\\\/urbeamea.ro\\\/albaiulia\\\/#\\\/schema\\\/person\\\/9700d21fae21c4f038b0b56f4506264a\",\"name\":\"Cristina Ganga\",\"image\":{\"@type\":\"ImageObject\",\"inLanguage\":\"ro-RO\",\"@id\":\"https:\\\/\\\/secure.gravatar.com\\\/avatar\\\/5a67661041f057b4a8ccaf26f5a8e86e2689372006d01faf3dd9eeb10b654bb4?s=96&d=mm&r=g\",\"url\":\"https:\\\/\\\/secure.gravatar.com\\\/avatar\\\/5a67661041f057b4a8ccaf26f5a8e86e2689372006d01faf3dd9eeb10b654bb4?s=96&d=mm&r=g\",\"contentUrl\":\"https:\\\/\\\/secure.gravatar.com\\\/avatar\\\/5a67661041f057b4a8ccaf26f5a8e86e2689372006d01faf3dd9eeb10b654bb4?s=96&d=mm&r=g\",\"caption\":\"Cristina Ganga\"},\"description\":\"Jurnalist\",\"sameAs\":[\"https:\\\/\\\/www.facebook.com\\\/cristina.nicola.587\"],\"url\":\"https:\\\/\\\/urbeamea.ro\\\/albaiulia\\\/author\\\/cristina-nicola\\\/\"}]}<\/script>\n<!-- \/ Yoast SEO plugin. -->","yoast_head_json":{"title":"5 - 6 MAI: Cupa Florea Grup Junior, edi\u021bia I la Tenis de C\u00e2mp. Detalii despre \u00eenscriere - Revista Urbea Mea - Revista de Alba","description":"La \u00eenceputul lunii mai, copiii \u0219i juniorii pasiona\u021bi de tenis sunt invita\u021bi la prima edi\u021bie a Cupei Florea Grup Junior la Tenis de C\u00e2mp. Meciurile vor","robots":{"index":"index","follow":"follow","max-snippet":"max-snippet:-1","max-image-preview":"max-image-preview:large","max-video-preview":"max-video-preview:-1"},"canonical":"https:\/\/urbeamea.ro\/albaiulia\/5-6-mai-cupa-florea-grup-junior-editia-i-la-tenis-de-camp-detalii-despre-inscriere\/","twitter_card":"summary_large_image","twitter_title":"5 - 6 MAI: Cupa Florea Grup Junior, edi\u021bia I la Tenis de C\u00e2mp. Detalii despre \u00eenscriere - Revista Urbea Mea - Revista de Alba","twitter_description":"La \u00eenceputul lunii mai, copiii \u0219i juniorii pasiona\u021bi de tenis sunt invita\u021bi la prima edi\u021bie a Cupei Florea Grup Junior la Tenis de C\u00e2mp. Meciurile vor","twitter_image":"https:\/\/urbeamea.ro\/albaiulia\/wp-content\/uploads\/2018\/04\/cupa-Florea-Grup-Junior.jpg","twitter_creator":"@urbeameaweb","twitter_site":"@urbeameaweb","schema":{"@context":"https:\/\/schema.org","@graph":[{"@type":"Article","@id":"https:\/\/urbeamea.ro\/albaiulia\/5-6-mai-cupa-florea-grup-junior-editia-i-la-tenis-de-camp-detalii-despre-inscriere\/#article","isPartOf":{"@id":"https:\/\/urbeamea.ro\/albaiulia\/5-6-mai-cupa-florea-grup-junior-editia-i-la-tenis-de-camp-detalii-despre-inscriere\/"},"author":{"name":"Cristina Ganga","@id":"https:\/\/urbeamea.ro\/albaiulia\/#\/schema\/person\/9700d21fae21c4f038b0b56f4506264a"},"headline":"5 &#8211; 6 MAI: Cupa Florea Grup Junior, edi\u021bia I la Tenis de C\u00e2mp. Detalii despre \u00eenscriere","datePublished":"2018-04-25T12:10:33+00:00","dateModified":"2018-04-25T12:11:38+00:00","mainEntityOfPage":{"@id":"https:\/\/urbeamea.ro\/albaiulia\/5-6-mai-cupa-florea-grup-junior-editia-i-la-tenis-de-camp-detalii-despre-inscriere\/"},"wordCount":278,"commentCount":0,"image":{"@id":"https:\/\/urbeamea.ro\/albaiulia\/5-6-mai-cupa-florea-grup-junior-editia-i-la-tenis-de-camp-detalii-despre-inscriere\/#primaryimage"},"thumbnailUrl":"https:\/\/urbeamea.ro\/albaiulia\/wp-content\/uploads\/2018\/04\/cupa-Florea-Grup-Junior.jpg","keywords":["Alba Iulia","competitie","cupa florea grup junior","inscrieri","stiri","tenis de camp","terenurile Tenis Pro Linca","Urbea Mea"],"articleSection":["Sport"],"inLanguage":"ro-RO","potentialAction":[{"@type":"CommentAction","name":"Comment","target":["https:\/\/urbeamea.ro\/albaiulia\/5-6-mai-cupa-florea-grup-junior-editia-i-la-tenis-de-camp-detalii-despre-inscriere\/#respond"]}]},{"@type":"WebPage","@id":"https:\/\/urbeamea.ro\/albaiulia\/5-6-mai-cupa-florea-grup-junior-editia-i-la-tenis-de-camp-detalii-despre-inscriere\/","url":"https:\/\/urbeamea.ro\/albaiulia\/5-6-mai-cupa-florea-grup-junior-editia-i-la-tenis-de-camp-detalii-despre-inscriere\/","name":"5 - 6 MAI: Cupa Florea Grup Junior, edi\u021bia I la Tenis de C\u00e2mp. Detalii despre \u00eenscriere - Revista Urbea Mea - Revista de Alba","isPartOf":{"@id":"https:\/\/urbeamea.ro\/albaiulia\/#website"},"primaryImageOfPage":{"@id":"https:\/\/urbeamea.ro\/albaiulia\/5-6-mai-cupa-florea-grup-junior-editia-i-la-tenis-de-camp-detalii-despre-inscriere\/#primaryimage"},"image":{"@id":"https:\/\/urbeamea.ro\/albaiulia\/5-6-mai-cupa-florea-grup-junior-editia-i-la-tenis-de-camp-detalii-despre-inscriere\/#primaryimage"},"thumbnailUrl":"https:\/\/urbeamea.ro\/albaiulia\/wp-content\/uploads\/2018\/04\/cupa-Florea-Grup-Junior.jpg","datePublished":"2018-04-25T12:10:33+00:00","dateModified":"2018-04-25T12:11:38+00:00","author":{"@id":"https:\/\/urbeamea.ro\/albaiulia\/#\/schema\/person\/9700d21fae21c4f038b0b56f4506264a"},"description":"La \u00eenceputul lunii mai, copiii \u0219i juniorii pasiona\u021bi de tenis sunt invita\u021bi la prima edi\u021bie a Cupei Florea Grup Junior la Tenis de C\u00e2mp. Meciurile vor","breadcrumb":{"@id":"https:\/\/urbeamea.ro\/albaiulia\/5-6-mai-cupa-florea-grup-junior-editia-i-la-tenis-de-camp-detalii-despre-inscriere\/#breadcrumb"},"inLanguage":"ro-RO","potentialAction":[{"@type":"ReadAction","target":["https:\/\/urbeamea.ro\/albaiulia\/5-6-mai-cupa-florea-grup-junior-editia-i-la-tenis-de-camp-detalii-despre-inscriere\/"]}]},{"@type":"ImageObject","inLanguage":"ro-RO","@id":"https:\/\/urbeamea.ro\/albaiulia\/5-6-mai-cupa-florea-grup-junior-editia-i-la-tenis-de-camp-detalii-despre-inscriere\/#primaryimage","url":"https:\/\/urbeamea.ro\/albaiulia\/wp-content\/uploads\/2018\/04\/cupa-Florea-Grup-Junior.jpg","contentUrl":"https:\/\/urbeamea.ro\/albaiulia\/wp-content\/uploads\/2018\/04\/cupa-Florea-Grup-Junior.jpg","width":849,"height":1200},{"@type":"BreadcrumbList","@id":"https:\/\/urbeamea.ro\/albaiulia\/5-6-mai-cupa-florea-grup-junior-editia-i-la-tenis-de-camp-detalii-despre-inscriere\/#breadcrumb","itemListElement":[{"@type":"ListItem","position":1,"name":"Prima pagin\u0103","item":"https:\/\/urbeamea.ro\/albaiulia\/"},{"@type":"ListItem","position":2,"name":"5 &#8211; 6 MAI: Cupa Florea Grup Junior, edi\u021bia I la Tenis de C\u00e2mp. Detalii despre \u00eenscriere"}]},{"@type":"WebSite","@id":"https:\/\/urbeamea.ro\/albaiulia\/#website","url":"https:\/\/urbeamea.ro\/albaiulia\/","name":"Revista Urbea Mea, Stiri urbane","description":"Evenimente \u0219i \u0219tiri din Alba Iulia, Sebe\u0219, Aiud, Blaj","potentialAction":[{"@type":"SearchAction","target":{"@type":"EntryPoint","urlTemplate":"https:\/\/urbeamea.ro\/albaiulia\/?s={search_term_string}"},"query-input":{"@type":"PropertyValueSpecification","valueRequired":true,"valueName":"search_term_string"}}],"inLanguage":"ro-RO"},{"@type":"Person","@id":"https:\/\/urbeamea.ro\/albaiulia\/#\/schema\/person\/9700d21fae21c4f038b0b56f4506264a","name":"Cristina Ganga","image":{"@type":"ImageObject","inLanguage":"ro-RO","@id":"https:\/\/secure.gravatar.com\/avatar\/5a67661041f057b4a8ccaf26f5a8e86e2689372006d01faf3dd9eeb10b654bb4?s=96&d=mm&r=g","url":"https:\/\/secure.gravatar.com\/avatar\/5a67661041f057b4a8ccaf26f5a8e86e2689372006d01faf3dd9eeb10b654bb4?s=96&d=mm&r=g","contentUrl":"https:\/\/secure.gravatar.com\/avatar\/5a67661041f057b4a8ccaf26f5a8e86e2689372006d01faf3dd9eeb10b654bb4?s=96&d=mm&r=g","caption":"Cristina Ganga"},"description":"Jurnalist","sameAs":["https:\/\/www.facebook.com\/cristina.nicola.587"],"url":"https:\/\/urbeamea.ro\/albaiulia\/author\/cristina-nicola\/"}]}},"_links":{"self":[{"href":"https:\/\/urbeamea.ro\/albaiulia\/wp-json\/wp\/v2\/posts\/62038","targetHints":{"allow":["GET"]}}],"collection":[{"href":"https:\/\/urbeamea.ro\/albaiulia\/wp-json\/wp\/v2\/posts"}],"about":[{"href":"https:\/\/urbeamea.ro\/albaiulia\/wp-json\/wp\/v2\/types\/post"}],"author":[{"embeddable":true,"href":"https:\/\/urbeamea.ro\/albaiulia\/wp-json\/wp\/v2\/users\/17"}],"replies":[{"embeddable":true,"href":"https:\/\/urbeamea.ro\/albaiulia\/wp-json\/wp\/v2\/comments?post=62038"}],"version-history":[{"count":0,"href":"https:\/\/urbeamea.ro\/albaiulia\/wp-json\/wp\/v2\/posts\/62038\/revisions"}],"wp:featuredmedia":[{"embeddable":true,"href":"https:\/\/urbeamea.ro\/albaiulia\/wp-json\/wp\/v2\/media\/62039"}],"wp:attachment":[{"href":"https:\/\/urbeamea.ro\/albaiulia\/wp-json\/wp\/v2\/media?parent=62038"}],"wp:term":[{"taxonomy":"category","embeddable":true,"href":"https:\/\/urbeamea.ro\/albaiulia\/wp-json\/wp\/v2\/categories?post=62038"},{"taxonomy":"post_tag","embeddable":true,"href":"https:\/\/urbeamea.ro\/albaiulia\/wp-json\/wp\/v2\/tags?post=62038"}],"curies":[{"name":"wp","href":"https:\/\/api.w.org\/{rel}","templated":true}]}}