{"id":6210,"date":"2015-07-14T08:43:31","date_gmt":"2015-07-14T05:43:31","guid":{"rendered":"http:\/\/urbeamea.ro\/albaiulia\/?p=6210"},"modified":"2016-01-18T22:27:55","modified_gmt":"2016-01-18T20:27:55","slug":"educatia-si-mijloacele-media-workshop-la-final-de-proiect-comenius-regio-organizat-de-cj-alba","status":"publish","type":"post","link":"https:\/\/urbeamea.ro\/albaiulia\/educatia-si-mijloacele-media-workshop-la-final-de-proiect-comenius-regio-organizat-de-cj-alba\/","title":{"rendered":"&#8222;Educa\u0163ia \u015fi mijloacele media&#8221; &#8211;\u00a0Workshop la final de proiect Comenius Regio organizat de CJ Alba"},"content":{"rendered":"<p><a href=\"http:\/\/urbeamea.ro\/albaiulia\/wp-content\/uploads\/2015\/07\/cjw2.jpg\"><img loading=\"lazy\" decoding=\"async\" class=\"alignleft size-medium wp-image-6211\" src=\"http:\/\/urbeamea.ro\/albaiulia\/wp-content\/uploads\/2015\/07\/cjw2-300x200.jpg\" alt=\"cjw2\" width=\"300\" height=\"200\" \/><\/a>\u00cen data de 8 iulie 2015, \u00een spa\u021biul istoric al Cet\u0103\u021bii Alba Carolina a avut loc ultimul workshop cu elevii care au participat la proiectul \u201dCet\u0103\u021benie \u0219i educa\u021bie prin media \u00een context european\u201d.<\/p>\n<p>Al\u0103turi de echipele unit\u0103\u021bilor de \u00eenv\u0103\u021b\u0103m\u00e2nt partenere &#8211; \u0218coala Gimnazial\u0103 \u201dMihai Eminescu\u201d Alba Iulia \u0219i Colegiul Tehnic \u201dApulum\u201d Alba Iulia &#8211; au fost prezen\u021bi profesori \u00eendrum\u0103tori, p\u0103rin\u021bi, reprezentan\u021bi ai Consiliului jude\u021bean Alba.<\/p>\n<p><a href=\"http:\/\/urbeamea.ro\/albaiulia\/wp-content\/uploads\/2015\/07\/cjw.jpg\"><img loading=\"lazy\" decoding=\"async\" class=\" size-medium wp-image-6214 alignright\" src=\"http:\/\/urbeamea.ro\/albaiulia\/wp-content\/uploads\/2015\/07\/cjw-300x225.jpg\" alt=\"cjw\" width=\"300\" height=\"225\" srcset=\"https:\/\/urbeamea.ro\/albaiulia\/wp-content\/uploads\/2015\/07\/cjw-300x225.jpg 300w, https:\/\/urbeamea.ro\/albaiulia\/wp-content\/uploads\/2015\/07\/cjw-150x113.jpg 150w, https:\/\/urbeamea.ro\/albaiulia\/wp-content\/uploads\/2015\/07\/cjw-1024x768.jpg 1024w, https:\/\/urbeamea.ro\/albaiulia\/wp-content\/uploads\/2015\/07\/cjw.jpg 1280w\" sizes=\"auto, (max-width: 300px) 100vw, 300px\" \/><\/a>\u00cent\u00e2lnirea a fost un bun prilej de dialog cu copiii \u0219i tinerii care , pe parcursul celor doi ani de proiect, au desf\u0103\u0219urat activit\u0103\u021bi diverse pe teme de cet\u0103\u021benie, \u00een acest context f\u0103c\u00e2ndu-se \u0219i o evaluare direct\u0103 a impactului pe care proiectul l-a avut \u00een cele dou\u0103 unit\u0103\u021bi de \u00eenv\u0103\u021b\u0103m\u00e2nt.<\/p>\n<p>De asemenea, s-au reiterat subiectele filmelor pe care echipele le-au realizat \u00een cadrul Meet Film Festival, s-au dep\u0103nat amintiri, \u00eent\u00e2mpl\u0103ri, fiecare participant \u00eemp\u0103rt\u0103\u0219ind experien\u021ba proprie din participarea la acest proiect.<\/p>\n<p><a href=\"http:\/\/urbeamea.ro\/albaiulia\/wp-content\/uploads\/2015\/07\/cj24.jpg\"><img loading=\"lazy\" decoding=\"async\" class=\"alignleft size-medium wp-image-6216\" src=\"http:\/\/urbeamea.ro\/albaiulia\/wp-content\/uploads\/2015\/07\/cj24-300x225.jpg\" alt=\"cj24\" width=\"300\" height=\"225\" srcset=\"https:\/\/urbeamea.ro\/albaiulia\/wp-content\/uploads\/2015\/07\/cj24-300x225.jpg 300w, https:\/\/urbeamea.ro\/albaiulia\/wp-content\/uploads\/2015\/07\/cj24-150x113.jpg 150w, https:\/\/urbeamea.ro\/albaiulia\/wp-content\/uploads\/2015\/07\/cj24-1024x768.jpg 1024w, https:\/\/urbeamea.ro\/albaiulia\/wp-content\/uploads\/2015\/07\/cj24.jpg 1280w\" sizes=\"auto, (max-width: 300px) 100vw, 300px\" \/><\/a>Proiectul a fost un prilej de a \u00een\u021belege importan\u021ba folosirii mijloacelor media \u00een activit\u0103\u021bile lor de timp liber, activit\u0103\u021bi generate de imagina\u021bie \u0219i creativitate specifice v\u00e2rstei \u0219i problemelor cu care copiii \u0219i tinerii se confrunt\u0103.<\/p>\n<p>Feedback-ul este unul pozitiv, elevii manifest\u00e2ndu-\u0219i dorin\u021ba de a participa \u0219i la alte proiecte Comenius, consider\u00e2nd c\u0103 lucrul \u00een echip\u0103 este benefic pentru dezvoltarea personalit\u0103\u021bii lor, a leg\u0103turilor de prietenie, fiind \u0219i un bun prilej de comunicare direct\u0103.<\/p>\n<p>La finalul \u00eent\u00e2lnirii, reprezentantul Consiliului Jude\u021bean Alba, autoritatea care a implementat proiectul, a \u00eenm\u00e2nat elevilor \u0219i profesorilor coordonatori diplomele de participare la Meet Film Festival, \u00een semn de apreciere pentru filmele pe care le-au realizat \u00een cadrul proiectului.<\/p>\n","protected":false},"excerpt":{"rendered":"<p>\u00cen data de 8 iulie 2015, \u00een spa\u021biul istoric al Cet\u0103\u021bii Alba Carolina a avut loc ultimul workshop cu elevii care au participat la proiectul \u201dCet\u0103\u021benie \u0219i educa\u021bie prin media \u00een context european\u201d. Al\u0103turi de echipele unit\u0103\u021bilor de \u00eenv\u0103\u021b\u0103m\u00e2nt partenere &#8211; \u0218coala Gimnazial\u0103 \u201dMihai Eminescu\u201d Alba Iulia \u0219i Colegiul Tehnic \u201dApulum\u201d Alba Iulia &#8211; au &hellip;<\/p>\n","protected":false},"author":16,"featured_media":6211,"comment_status":"open","ping_status":"open","sticky":false,"template":"","format":"standard","meta":{"inline_featured_image":false,"footnotes":""},"categories":[2039],"tags":[],"class_list":["post-6210","post","type-post","status-publish","format-standard","has-post-thumbnail","hentry","category-educatie"],"yoast_head":"<!-- This site is optimized with the Yoast SEO plugin v27.4 - https:\/\/yoast.com\/product\/yoast-seo-wordpress\/ -->\n<title>&quot;Educa\u0163ia \u015fi mijloacele media&quot; -\u00a0Workshop la final de proiect Comenius Regio organizat de CJ Alba - Revista Urbea Mea - Revista de Alba<\/title>\n<meta name=\"description\" content=\"\u00cen data de 8 iulie 2015, \u00een spa\u021biul istoric al Cet\u0103\u021bii Alba Carolina a avut loc ultimul workshop cu elevii care au participat la proiectul \u201dCet\u0103\u021benie \u0219i\" \/>\n<meta name=\"robots\" content=\"index, follow, max-snippet:-1, max-image-preview:large, max-video-preview:-1\" \/>\n<link rel=\"canonical\" href=\"https:\/\/urbeamea.ro\/albaiulia\/educatia-si-mijloacele-media-workshop-la-final-de-proiect-comenius-regio-organizat-de-cj-alba\/\" \/>\n<meta name=\"twitter:card\" content=\"summary_large_image\" \/>\n<meta name=\"twitter:title\" content=\"&quot;Educa\u0163ia \u015fi mijloacele media&quot; -\u00a0Workshop la final de proiect Comenius Regio organizat de CJ Alba - Revista Urbea Mea - Revista de Alba\" \/>\n<meta name=\"twitter:description\" content=\"\u00cen data de 8 iulie 2015, \u00een spa\u021biul istoric al Cet\u0103\u021bii Alba Carolina a avut loc ultimul workshop cu elevii care au participat la proiectul \u201dCet\u0103\u021benie \u0219i\" \/>\n<meta name=\"twitter:image\" content=\"https:\/\/urbeamea.ro\/albaiulia\/wp-content\/uploads\/2015\/07\/cjw2.jpg\" \/>\n<meta name=\"twitter:creator\" content=\"@urbeameaweb\" \/>\n<meta name=\"twitter:site\" content=\"@urbeameaweb\" \/>\n<script type=\"application\/ld+json\" class=\"yoast-schema-graph\">{\"@context\":\"https:\\\/\\\/schema.org\",\"@graph\":[{\"@type\":\"Article\",\"@id\":\"https:\\\/\\\/urbeamea.ro\\\/albaiulia\\\/educatia-si-mijloacele-media-workshop-la-final-de-proiect-comenius-regio-organizat-de-cj-alba\\\/#article\",\"isPartOf\":{\"@id\":\"https:\\\/\\\/urbeamea.ro\\\/albaiulia\\\/educatia-si-mijloacele-media-workshop-la-final-de-proiect-comenius-regio-organizat-de-cj-alba\\\/\"},\"author\":{\"name\":\"Redac\u021bia UrbeaMea\",\"@id\":\"https:\\\/\\\/urbeamea.ro\\\/albaiulia\\\/#\\\/schema\\\/person\\\/272ae98052f8ee8980f59848df070247\"},\"headline\":\"&#8222;Educa\u0163ia \u015fi mijloacele media&#8221; &#8211;\u00a0Workshop la final de proiect Comenius Regio organizat de CJ Alba\",\"datePublished\":\"2015-07-14T05:43:31+00:00\",\"dateModified\":\"2016-01-18T20:27:55+00:00\",\"mainEntityOfPage\":{\"@id\":\"https:\\\/\\\/urbeamea.ro\\\/albaiulia\\\/educatia-si-mijloacele-media-workshop-la-final-de-proiect-comenius-regio-organizat-de-cj-alba\\\/\"},\"wordCount\":314,\"commentCount\":0,\"image\":{\"@id\":\"https:\\\/\\\/urbeamea.ro\\\/albaiulia\\\/educatia-si-mijloacele-media-workshop-la-final-de-proiect-comenius-regio-organizat-de-cj-alba\\\/#primaryimage\"},\"thumbnailUrl\":\"https:\\\/\\\/urbeamea.ro\\\/albaiulia\\\/wp-content\\\/uploads\\\/2015\\\/07\\\/cjw2.jpg\",\"articleSection\":[\"Educa\u021bie\"],\"inLanguage\":\"ro-RO\",\"potentialAction\":[{\"@type\":\"CommentAction\",\"name\":\"Comment\",\"target\":[\"https:\\\/\\\/urbeamea.ro\\\/albaiulia\\\/educatia-si-mijloacele-media-workshop-la-final-de-proiect-comenius-regio-organizat-de-cj-alba\\\/#respond\"]}]},{\"@type\":\"WebPage\",\"@id\":\"https:\\\/\\\/urbeamea.ro\\\/albaiulia\\\/educatia-si-mijloacele-media-workshop-la-final-de-proiect-comenius-regio-organizat-de-cj-alba\\\/\",\"url\":\"https:\\\/\\\/urbeamea.ro\\\/albaiulia\\\/educatia-si-mijloacele-media-workshop-la-final-de-proiect-comenius-regio-organizat-de-cj-alba\\\/\",\"name\":\"\\\"Educa\u0163ia \u015fi mijloacele media\\\" -\u00a0Workshop la final de proiect Comenius Regio organizat de CJ Alba - Revista Urbea Mea - Revista de Alba\",\"isPartOf\":{\"@id\":\"https:\\\/\\\/urbeamea.ro\\\/albaiulia\\\/#website\"},\"primaryImageOfPage\":{\"@id\":\"https:\\\/\\\/urbeamea.ro\\\/albaiulia\\\/educatia-si-mijloacele-media-workshop-la-final-de-proiect-comenius-regio-organizat-de-cj-alba\\\/#primaryimage\"},\"image\":{\"@id\":\"https:\\\/\\\/urbeamea.ro\\\/albaiulia\\\/educatia-si-mijloacele-media-workshop-la-final-de-proiect-comenius-regio-organizat-de-cj-alba\\\/#primaryimage\"},\"thumbnailUrl\":\"https:\\\/\\\/urbeamea.ro\\\/albaiulia\\\/wp-content\\\/uploads\\\/2015\\\/07\\\/cjw2.jpg\",\"datePublished\":\"2015-07-14T05:43:31+00:00\",\"dateModified\":\"2016-01-18T20:27:55+00:00\",\"author\":{\"@id\":\"https:\\\/\\\/urbeamea.ro\\\/albaiulia\\\/#\\\/schema\\\/person\\\/272ae98052f8ee8980f59848df070247\"},\"description\":\"\u00cen data de 8 iulie 2015, \u00een spa\u021biul istoric al Cet\u0103\u021bii Alba Carolina a avut loc ultimul workshop cu elevii care au participat la proiectul \u201dCet\u0103\u021benie \u0219i\",\"breadcrumb\":{\"@id\":\"https:\\\/\\\/urbeamea.ro\\\/albaiulia\\\/educatia-si-mijloacele-media-workshop-la-final-de-proiect-comenius-regio-organizat-de-cj-alba\\\/#breadcrumb\"},\"inLanguage\":\"ro-RO\",\"potentialAction\":[{\"@type\":\"ReadAction\",\"target\":[\"https:\\\/\\\/urbeamea.ro\\\/albaiulia\\\/educatia-si-mijloacele-media-workshop-la-final-de-proiect-comenius-regio-organizat-de-cj-alba\\\/\"]}]},{\"@type\":\"ImageObject\",\"inLanguage\":\"ro-RO\",\"@id\":\"https:\\\/\\\/urbeamea.ro\\\/albaiulia\\\/educatia-si-mijloacele-media-workshop-la-final-de-proiect-comenius-regio-organizat-de-cj-alba\\\/#primaryimage\",\"url\":\"https:\\\/\\\/urbeamea.ro\\\/albaiulia\\\/wp-content\\\/uploads\\\/2015\\\/07\\\/cjw2.jpg\",\"contentUrl\":\"https:\\\/\\\/urbeamea.ro\\\/albaiulia\\\/wp-content\\\/uploads\\\/2015\\\/07\\\/cjw2.jpg\",\"width\":1280,\"height\":853},{\"@type\":\"BreadcrumbList\",\"@id\":\"https:\\\/\\\/urbeamea.ro\\\/albaiulia\\\/educatia-si-mijloacele-media-workshop-la-final-de-proiect-comenius-regio-organizat-de-cj-alba\\\/#breadcrumb\",\"itemListElement\":[{\"@type\":\"ListItem\",\"position\":1,\"name\":\"Prima pagin\u0103\",\"item\":\"https:\\\/\\\/urbeamea.ro\\\/albaiulia\\\/\"},{\"@type\":\"ListItem\",\"position\":2,\"name\":\"&#8222;Educa\u0163ia \u015fi mijloacele media&#8221; &#8211;\u00a0Workshop la final de proiect Comenius Regio organizat de CJ Alba\"}]},{\"@type\":\"WebSite\",\"@id\":\"https:\\\/\\\/urbeamea.ro\\\/albaiulia\\\/#website\",\"url\":\"https:\\\/\\\/urbeamea.ro\\\/albaiulia\\\/\",\"name\":\"Revista Urbea Mea, Stiri urbane\",\"description\":\"Evenimente \u0219i \u0219tiri din Alba Iulia, Sebe\u0219, Aiud, Blaj\",\"potentialAction\":[{\"@type\":\"SearchAction\",\"target\":{\"@type\":\"EntryPoint\",\"urlTemplate\":\"https:\\\/\\\/urbeamea.ro\\\/albaiulia\\\/?s={search_term_string}\"},\"query-input\":{\"@type\":\"PropertyValueSpecification\",\"valueRequired\":true,\"valueName\":\"search_term_string\"}}],\"inLanguage\":\"ro-RO\"},{\"@type\":\"Person\",\"@id\":\"https:\\\/\\\/urbeamea.ro\\\/albaiulia\\\/#\\\/schema\\\/person\\\/272ae98052f8ee8980f59848df070247\",\"name\":\"Redac\u021bia UrbeaMea\",\"image\":{\"@type\":\"ImageObject\",\"inLanguage\":\"ro-RO\",\"@id\":\"https:\\\/\\\/secure.gravatar.com\\\/avatar\\\/9ce5a9435071fa1037e8468053ead8e513dbbff59009d3069aadb85506d85a27?s=96&d=mm&r=g\",\"url\":\"https:\\\/\\\/secure.gravatar.com\\\/avatar\\\/9ce5a9435071fa1037e8468053ead8e513dbbff59009d3069aadb85506d85a27?s=96&d=mm&r=g\",\"contentUrl\":\"https:\\\/\\\/secure.gravatar.com\\\/avatar\\\/9ce5a9435071fa1037e8468053ead8e513dbbff59009d3069aadb85506d85a27?s=96&d=mm&r=g\",\"caption\":\"Redac\u021bia UrbeaMea\"},\"description\":\"contact@urbeamea.ro\",\"sameAs\":[\"https:\\\/\\\/www.urbeamea.ro\"],\"url\":\"https:\\\/\\\/urbeamea.ro\\\/albaiulia\\\/author\\\/redactia-urbeamea\\\/\"}]}<\/script>\n<!-- \/ Yoast SEO plugin. -->","yoast_head_json":{"title":"\"Educa\u0163ia \u015fi mijloacele media\" -\u00a0Workshop la final de proiect Comenius Regio organizat de CJ Alba - Revista Urbea Mea - Revista de Alba","description":"\u00cen data de 8 iulie 2015, \u00een spa\u021biul istoric al Cet\u0103\u021bii Alba Carolina a avut loc ultimul workshop cu elevii care au participat la proiectul \u201dCet\u0103\u021benie \u0219i","robots":{"index":"index","follow":"follow","max-snippet":"max-snippet:-1","max-image-preview":"max-image-preview:large","max-video-preview":"max-video-preview:-1"},"canonical":"https:\/\/urbeamea.ro\/albaiulia\/educatia-si-mijloacele-media-workshop-la-final-de-proiect-comenius-regio-organizat-de-cj-alba\/","twitter_card":"summary_large_image","twitter_title":"\"Educa\u0163ia \u015fi mijloacele media\" -\u00a0Workshop la final de proiect Comenius Regio organizat de CJ Alba - Revista Urbea Mea - Revista de Alba","twitter_description":"\u00cen data de 8 iulie 2015, \u00een spa\u021biul istoric al Cet\u0103\u021bii Alba Carolina a avut loc ultimul workshop cu elevii care au participat la proiectul \u201dCet\u0103\u021benie \u0219i","twitter_image":"https:\/\/urbeamea.ro\/albaiulia\/wp-content\/uploads\/2015\/07\/cjw2.jpg","twitter_creator":"@urbeameaweb","twitter_site":"@urbeameaweb","schema":{"@context":"https:\/\/schema.org","@graph":[{"@type":"Article","@id":"https:\/\/urbeamea.ro\/albaiulia\/educatia-si-mijloacele-media-workshop-la-final-de-proiect-comenius-regio-organizat-de-cj-alba\/#article","isPartOf":{"@id":"https:\/\/urbeamea.ro\/albaiulia\/educatia-si-mijloacele-media-workshop-la-final-de-proiect-comenius-regio-organizat-de-cj-alba\/"},"author":{"name":"Redac\u021bia UrbeaMea","@id":"https:\/\/urbeamea.ro\/albaiulia\/#\/schema\/person\/272ae98052f8ee8980f59848df070247"},"headline":"&#8222;Educa\u0163ia \u015fi mijloacele media&#8221; &#8211;\u00a0Workshop la final de proiect Comenius Regio organizat de CJ Alba","datePublished":"2015-07-14T05:43:31+00:00","dateModified":"2016-01-18T20:27:55+00:00","mainEntityOfPage":{"@id":"https:\/\/urbeamea.ro\/albaiulia\/educatia-si-mijloacele-media-workshop-la-final-de-proiect-comenius-regio-organizat-de-cj-alba\/"},"wordCount":314,"commentCount":0,"image":{"@id":"https:\/\/urbeamea.ro\/albaiulia\/educatia-si-mijloacele-media-workshop-la-final-de-proiect-comenius-regio-organizat-de-cj-alba\/#primaryimage"},"thumbnailUrl":"https:\/\/urbeamea.ro\/albaiulia\/wp-content\/uploads\/2015\/07\/cjw2.jpg","articleSection":["Educa\u021bie"],"inLanguage":"ro-RO","potentialAction":[{"@type":"CommentAction","name":"Comment","target":["https:\/\/urbeamea.ro\/albaiulia\/educatia-si-mijloacele-media-workshop-la-final-de-proiect-comenius-regio-organizat-de-cj-alba\/#respond"]}]},{"@type":"WebPage","@id":"https:\/\/urbeamea.ro\/albaiulia\/educatia-si-mijloacele-media-workshop-la-final-de-proiect-comenius-regio-organizat-de-cj-alba\/","url":"https:\/\/urbeamea.ro\/albaiulia\/educatia-si-mijloacele-media-workshop-la-final-de-proiect-comenius-regio-organizat-de-cj-alba\/","name":"\"Educa\u0163ia \u015fi mijloacele media\" -\u00a0Workshop la final de proiect Comenius Regio organizat de CJ Alba - Revista Urbea Mea - Revista de Alba","isPartOf":{"@id":"https:\/\/urbeamea.ro\/albaiulia\/#website"},"primaryImageOfPage":{"@id":"https:\/\/urbeamea.ro\/albaiulia\/educatia-si-mijloacele-media-workshop-la-final-de-proiect-comenius-regio-organizat-de-cj-alba\/#primaryimage"},"image":{"@id":"https:\/\/urbeamea.ro\/albaiulia\/educatia-si-mijloacele-media-workshop-la-final-de-proiect-comenius-regio-organizat-de-cj-alba\/#primaryimage"},"thumbnailUrl":"https:\/\/urbeamea.ro\/albaiulia\/wp-content\/uploads\/2015\/07\/cjw2.jpg","datePublished":"2015-07-14T05:43:31+00:00","dateModified":"2016-01-18T20:27:55+00:00","author":{"@id":"https:\/\/urbeamea.ro\/albaiulia\/#\/schema\/person\/272ae98052f8ee8980f59848df070247"},"description":"\u00cen data de 8 iulie 2015, \u00een spa\u021biul istoric al Cet\u0103\u021bii Alba Carolina a avut loc ultimul workshop cu elevii care au participat la proiectul \u201dCet\u0103\u021benie \u0219i","breadcrumb":{"@id":"https:\/\/urbeamea.ro\/albaiulia\/educatia-si-mijloacele-media-workshop-la-final-de-proiect-comenius-regio-organizat-de-cj-alba\/#breadcrumb"},"inLanguage":"ro-RO","potentialAction":[{"@type":"ReadAction","target":["https:\/\/urbeamea.ro\/albaiulia\/educatia-si-mijloacele-media-workshop-la-final-de-proiect-comenius-regio-organizat-de-cj-alba\/"]}]},{"@type":"ImageObject","inLanguage":"ro-RO","@id":"https:\/\/urbeamea.ro\/albaiulia\/educatia-si-mijloacele-media-workshop-la-final-de-proiect-comenius-regio-organizat-de-cj-alba\/#primaryimage","url":"https:\/\/urbeamea.ro\/albaiulia\/wp-content\/uploads\/2015\/07\/cjw2.jpg","contentUrl":"https:\/\/urbeamea.ro\/albaiulia\/wp-content\/uploads\/2015\/07\/cjw2.jpg","width":1280,"height":853},{"@type":"BreadcrumbList","@id":"https:\/\/urbeamea.ro\/albaiulia\/educatia-si-mijloacele-media-workshop-la-final-de-proiect-comenius-regio-organizat-de-cj-alba\/#breadcrumb","itemListElement":[{"@type":"ListItem","position":1,"name":"Prima pagin\u0103","item":"https:\/\/urbeamea.ro\/albaiulia\/"},{"@type":"ListItem","position":2,"name":"&#8222;Educa\u0163ia \u015fi mijloacele media&#8221; &#8211;\u00a0Workshop la final de proiect Comenius Regio organizat de CJ Alba"}]},{"@type":"WebSite","@id":"https:\/\/urbeamea.ro\/albaiulia\/#website","url":"https:\/\/urbeamea.ro\/albaiulia\/","name":"Revista Urbea Mea, Stiri urbane","description":"Evenimente \u0219i \u0219tiri din Alba Iulia, Sebe\u0219, Aiud, Blaj","potentialAction":[{"@type":"SearchAction","target":{"@type":"EntryPoint","urlTemplate":"https:\/\/urbeamea.ro\/albaiulia\/?s={search_term_string}"},"query-input":{"@type":"PropertyValueSpecification","valueRequired":true,"valueName":"search_term_string"}}],"inLanguage":"ro-RO"},{"@type":"Person","@id":"https:\/\/urbeamea.ro\/albaiulia\/#\/schema\/person\/272ae98052f8ee8980f59848df070247","name":"Redac\u021bia UrbeaMea","image":{"@type":"ImageObject","inLanguage":"ro-RO","@id":"https:\/\/secure.gravatar.com\/avatar\/9ce5a9435071fa1037e8468053ead8e513dbbff59009d3069aadb85506d85a27?s=96&d=mm&r=g","url":"https:\/\/secure.gravatar.com\/avatar\/9ce5a9435071fa1037e8468053ead8e513dbbff59009d3069aadb85506d85a27?s=96&d=mm&r=g","contentUrl":"https:\/\/secure.gravatar.com\/avatar\/9ce5a9435071fa1037e8468053ead8e513dbbff59009d3069aadb85506d85a27?s=96&d=mm&r=g","caption":"Redac\u021bia UrbeaMea"},"description":"contact@urbeamea.ro","sameAs":["https:\/\/www.urbeamea.ro"],"url":"https:\/\/urbeamea.ro\/albaiulia\/author\/redactia-urbeamea\/"}]}},"_links":{"self":[{"href":"https:\/\/urbeamea.ro\/albaiulia\/wp-json\/wp\/v2\/posts\/6210","targetHints":{"allow":["GET"]}}],"collection":[{"href":"https:\/\/urbeamea.ro\/albaiulia\/wp-json\/wp\/v2\/posts"}],"about":[{"href":"https:\/\/urbeamea.ro\/albaiulia\/wp-json\/wp\/v2\/types\/post"}],"author":[{"embeddable":true,"href":"https:\/\/urbeamea.ro\/albaiulia\/wp-json\/wp\/v2\/users\/16"}],"replies":[{"embeddable":true,"href":"https:\/\/urbeamea.ro\/albaiulia\/wp-json\/wp\/v2\/comments?post=6210"}],"version-history":[{"count":0,"href":"https:\/\/urbeamea.ro\/albaiulia\/wp-json\/wp\/v2\/posts\/6210\/revisions"}],"wp:featuredmedia":[{"embeddable":true,"href":"https:\/\/urbeamea.ro\/albaiulia\/wp-json\/wp\/v2\/media\/6211"}],"wp:attachment":[{"href":"https:\/\/urbeamea.ro\/albaiulia\/wp-json\/wp\/v2\/media?parent=6210"}],"wp:term":[{"taxonomy":"category","embeddable":true,"href":"https:\/\/urbeamea.ro\/albaiulia\/wp-json\/wp\/v2\/categories?post=6210"},{"taxonomy":"post_tag","embeddable":true,"href":"https:\/\/urbeamea.ro\/albaiulia\/wp-json\/wp\/v2\/tags?post=6210"}],"curies":[{"name":"wp","href":"https:\/\/api.w.org\/{rel}","templated":true}]}}