{"id":6218,"date":"2015-07-14T08:53:27","date_gmt":"2015-07-14T05:53:27","guid":{"rendered":"http:\/\/urbeamea.ro\/albaiulia\/?p=6218"},"modified":"2016-01-18T22:27:41","modified_gmt":"2016-01-18T20:27:41","slug":"tronsonul-din-strada-decebal-cuprins-intre-adr-centru-si-strada-mihai-viteazul-se-va-reda-integral-circulatiei","status":"publish","type":"post","link":"https:\/\/urbeamea.ro\/albaiulia\/tronsonul-din-strada-decebal-cuprins-intre-adr-centru-si-strada-mihai-viteazul-se-va-reda-integral-circulatiei\/","title":{"rendered":"Tronsonul din strada Decebal cuprins \u00eentre ADR Centru \u015fi strada Mihai Viteazul se va reda integral circula\u0163iei"},"content":{"rendered":"<p><a href=\"http:\/\/urbeamea.ro\/albaiulia\/wp-content\/uploads\/2015\/07\/IMG_0976.jpg\"><img loading=\"lazy\" decoding=\"async\" class=\"alignleft size-medium wp-image-6219\" src=\"http:\/\/urbeamea.ro\/albaiulia\/wp-content\/uploads\/2015\/07\/IMG_0976-300x225.jpg\" alt=\"IMG_0976\" width=\"300\" height=\"225\" \/><\/a>Din aceast\u0103 s\u0103pt\u0103m\u00e2n\u0103, se va reda integral circula\u0163iei tronsonul din strada Decebal cuprins \u00eentre ADR Centru \u015fi strada Mihai Viteazul. Circula\u0163iile din\u00a0aceast\u0103 zon\u0103 au fost reabilitate, at\u00e2t cele rutiere c\u00e2t \u015fi pietonale.<\/p>\n<p>\u00cen\u00a0urma lucr\u0103rilor s-au amenajat 27 de locuri de parcare, s-a ref\u0103cut caseta\u00a0drumului, sistemul pietonal \u015fi cel de canalizare. Practic, \u00eentreag\u0103\u00a0platform\u0103 a fost reabilitat\u0103 \u015fi modernizata, \u00een raport direct cu\u00a0investi\u0163iile recente realizate \u00een zon\u0103. Suprafe\u0163ele \u015fi cantit\u0103\u0163ile incluse\u00a0\u00een proiect sunt reprezentate de urm\u0103toarele repere tehnice:<\/p>\n<p><a href=\"http:\/\/urbeamea.ro\/albaiulia\/wp-content\/uploads\/2015\/07\/IMG_0973.jpg\"><img loading=\"lazy\" decoding=\"async\" class=\" size-medium wp-image-6220 alignright\" src=\"http:\/\/urbeamea.ro\/albaiulia\/wp-content\/uploads\/2015\/07\/IMG_0973-225x300.jpg\" alt=\"IMG_0973\" width=\"225\" height=\"300\" srcset=\"https:\/\/urbeamea.ro\/albaiulia\/wp-content\/uploads\/2015\/07\/IMG_0973-225x300.jpg 225w, https:\/\/urbeamea.ro\/albaiulia\/wp-content\/uploads\/2015\/07\/IMG_0973-113x150.jpg 113w, https:\/\/urbeamea.ro\/albaiulia\/wp-content\/uploads\/2015\/07\/IMG_0973-768x1024.jpg 768w, https:\/\/urbeamea.ro\/albaiulia\/wp-content\/uploads\/2015\/07\/IMG_0973.jpg 960w\" sizes=\"auto, (max-width: 225px) 100vw, 225px\" \/><\/a>. trotuare 215 mp;<br \/>\n. carosabil &#8211; 900 mp;<br \/>\n. parcaje &#8211; 500 mp;<br \/>\n. guri de scurgere \u015fi placi c\u0103mine canalizare &#8211; 7 buc.<\/p>\n<p>&#8222;<strong>Dup\u0103 lucr\u0103rile de reabilitare ale sec\u0163iilor de infec\u0163ioase \u015fi\u00a0dermatologie, \u00een special dup\u0103 refacerea utilit\u0103\u0163ilor, era firesc s\u0103 schimb\u0103m\u00a0\u00een bine c\u00e2t mai mult din zona respectiv\u0103. <\/strong><\/p>\n<p><strong>A fost \u015fantier acolo, clar, nici\u00a0drumul acela nu era de cinci stele, a\u015fa c\u0103 s-a impus aceast\u0103 interven\u0163ie.\u00a0<\/strong><\/p>\n<p><strong>Lumea era nevoit\u0103 s\u0103 parcheze pe zone verzi, se formau b\u0103l\u0163i \u015fi alte\u00a0nepl\u0103ceri pe care le \u015ftim. <\/strong><\/p>\n<p><strong><a href=\"http:\/\/urbeamea.ro\/albaiulia\/wp-content\/uploads\/2015\/07\/IMG_0975.jpg\"><img loading=\"lazy\" decoding=\"async\" class=\"alignleft size-medium wp-image-6222\" src=\"http:\/\/urbeamea.ro\/albaiulia\/wp-content\/uploads\/2015\/07\/IMG_0975-300x225.jpg\" alt=\"IMG_0975\" width=\"300\" height=\"225\" srcset=\"https:\/\/urbeamea.ro\/albaiulia\/wp-content\/uploads\/2015\/07\/IMG_0975-300x225.jpg 300w, https:\/\/urbeamea.ro\/albaiulia\/wp-content\/uploads\/2015\/07\/IMG_0975-150x113.jpg 150w, https:\/\/urbeamea.ro\/albaiulia\/wp-content\/uploads\/2015\/07\/IMG_0975-1024x768.jpg 1024w, https:\/\/urbeamea.ro\/albaiulia\/wp-content\/uploads\/2015\/07\/IMG_0975.jpg 1280w\" sizes=\"auto, (max-width: 300px) 100vw, 300px\" \/><\/a>Vom \u00eencerca \u015fi o reconsiderare a sensurilor de\u00a0circula\u0163ie auto, pentru eliminarea disconfortului, propun\u00e2nd un sens unic\u00a0dinspre ADR spre strada Mihai Viteazul. <\/strong><\/p>\n<p><strong>Sunt obiective de interes public\u00a0acolo, lucru ce ne \u00eendeamn\u0103 s\u0103 opt\u0103m pentru aceste schimb\u0103ri.<\/strong>&#8221; &#8211; Mircea\u00a0Hava, primarul municipiului Alba Iulia.<\/p>\n<p>Propunerea de adoptarea a unui sens unic de circula\u0163ie auto a fost \u00eenaintat\u0103\u00a0c\u0103tre IPJ Alba.<\/p>\n<p>Totalul investi\u0163iei se ridic\u0103 la aproximativ 150 000 lei (TVA inclus).<\/p>\n","protected":false},"excerpt":{"rendered":"<p>Din aceast\u0103 s\u0103pt\u0103m\u00e2n\u0103, se va reda integral circula\u0163iei tronsonul din strada Decebal cuprins \u00eentre ADR Centru \u015fi strada Mihai Viteazul. Circula\u0163iile din\u00a0aceast\u0103 zon\u0103 au fost reabilitate, at\u00e2t cele rutiere c\u00e2t \u015fi pietonale. \u00cen\u00a0urma lucr\u0103rilor s-au amenajat 27 de locuri de parcare, s-a ref\u0103cut caseta\u00a0drumului, sistemul pietonal \u015fi cel de canalizare. Practic, \u00eentreag\u0103\u00a0platform\u0103 a fost reabilitat\u0103 &hellip;<\/p>\n","protected":false},"author":16,"featured_media":6219,"comment_status":"open","ping_status":"open","sticky":false,"template":"","format":"standard","meta":{"inline_featured_image":false,"footnotes":""},"categories":[2035],"tags":[],"class_list":["post-6218","post","type-post","status-publish","format-standard","has-post-thumbnail","hentry","category-administratie"],"yoast_head":"<!-- This site is optimized with the Yoast SEO plugin v27.4 - https:\/\/yoast.com\/product\/yoast-seo-wordpress\/ -->\n<title>Tronsonul din strada Decebal cuprins \u00eentre ADR Centru \u015fi strada Mihai Viteazul se va reda integral circula\u0163iei - Revista Urbea Mea - Revista de Alba<\/title>\n<meta name=\"description\" content=\"Din aceast\u0103 s\u0103pt\u0103m\u00e2n\u0103, se va reda integral circula\u0163iei tronsonul din strada Decebal cuprins \u00eentre ADR Centru \u015fi strada Mihai Viteazul. Circula\u0163iile\" \/>\n<meta name=\"robots\" content=\"index, follow, max-snippet:-1, max-image-preview:large, max-video-preview:-1\" \/>\n<link rel=\"canonical\" href=\"https:\/\/urbeamea.ro\/albaiulia\/tronsonul-din-strada-decebal-cuprins-intre-adr-centru-si-strada-mihai-viteazul-se-va-reda-integral-circulatiei\/\" \/>\n<meta name=\"twitter:card\" content=\"summary_large_image\" \/>\n<meta name=\"twitter:title\" content=\"Tronsonul din strada Decebal cuprins \u00eentre ADR Centru \u015fi strada Mihai Viteazul se va reda integral circula\u0163iei - Revista Urbea Mea - Revista de Alba\" \/>\n<meta name=\"twitter:description\" content=\"Din aceast\u0103 s\u0103pt\u0103m\u00e2n\u0103, se va reda integral circula\u0163iei tronsonul din strada Decebal cuprins \u00eentre ADR Centru \u015fi strada Mihai Viteazul. Circula\u0163iile\" \/>\n<meta name=\"twitter:image\" content=\"https:\/\/urbeamea.ro\/albaiulia\/wp-content\/uploads\/2015\/07\/IMG_0976.jpg\" \/>\n<meta name=\"twitter:creator\" content=\"@urbeameaweb\" \/>\n<meta name=\"twitter:site\" content=\"@urbeameaweb\" \/>\n<script type=\"application\/ld+json\" class=\"yoast-schema-graph\">{\"@context\":\"https:\\\/\\\/schema.org\",\"@graph\":[{\"@type\":\"Article\",\"@id\":\"https:\\\/\\\/urbeamea.ro\\\/albaiulia\\\/tronsonul-din-strada-decebal-cuprins-intre-adr-centru-si-strada-mihai-viteazul-se-va-reda-integral-circulatiei\\\/#article\",\"isPartOf\":{\"@id\":\"https:\\\/\\\/urbeamea.ro\\\/albaiulia\\\/tronsonul-din-strada-decebal-cuprins-intre-adr-centru-si-strada-mihai-viteazul-se-va-reda-integral-circulatiei\\\/\"},\"author\":{\"name\":\"Redac\u021bia UrbeaMea\",\"@id\":\"https:\\\/\\\/urbeamea.ro\\\/albaiulia\\\/#\\\/schema\\\/person\\\/272ae98052f8ee8980f59848df070247\"},\"headline\":\"Tronsonul din strada Decebal cuprins \u00eentre ADR Centru \u015fi strada Mihai Viteazul se va reda integral circula\u0163iei\",\"datePublished\":\"2015-07-14T05:53:27+00:00\",\"dateModified\":\"2016-01-18T20:27:41+00:00\",\"mainEntityOfPage\":{\"@id\":\"https:\\\/\\\/urbeamea.ro\\\/albaiulia\\\/tronsonul-din-strada-decebal-cuprins-intre-adr-centru-si-strada-mihai-viteazul-se-va-reda-integral-circulatiei\\\/\"},\"wordCount\":282,\"commentCount\":0,\"image\":{\"@id\":\"https:\\\/\\\/urbeamea.ro\\\/albaiulia\\\/tronsonul-din-strada-decebal-cuprins-intre-adr-centru-si-strada-mihai-viteazul-se-va-reda-integral-circulatiei\\\/#primaryimage\"},\"thumbnailUrl\":\"https:\\\/\\\/urbeamea.ro\\\/albaiulia\\\/wp-content\\\/uploads\\\/2015\\\/07\\\/IMG_0976.jpg\",\"articleSection\":[\"Administra\u021bie\"],\"inLanguage\":\"ro-RO\",\"potentialAction\":[{\"@type\":\"CommentAction\",\"name\":\"Comment\",\"target\":[\"https:\\\/\\\/urbeamea.ro\\\/albaiulia\\\/tronsonul-din-strada-decebal-cuprins-intre-adr-centru-si-strada-mihai-viteazul-se-va-reda-integral-circulatiei\\\/#respond\"]}]},{\"@type\":\"WebPage\",\"@id\":\"https:\\\/\\\/urbeamea.ro\\\/albaiulia\\\/tronsonul-din-strada-decebal-cuprins-intre-adr-centru-si-strada-mihai-viteazul-se-va-reda-integral-circulatiei\\\/\",\"url\":\"https:\\\/\\\/urbeamea.ro\\\/albaiulia\\\/tronsonul-din-strada-decebal-cuprins-intre-adr-centru-si-strada-mihai-viteazul-se-va-reda-integral-circulatiei\\\/\",\"name\":\"Tronsonul din strada Decebal cuprins \u00eentre ADR Centru \u015fi strada Mihai Viteazul se va reda integral circula\u0163iei - Revista Urbea Mea - Revista de Alba\",\"isPartOf\":{\"@id\":\"https:\\\/\\\/urbeamea.ro\\\/albaiulia\\\/#website\"},\"primaryImageOfPage\":{\"@id\":\"https:\\\/\\\/urbeamea.ro\\\/albaiulia\\\/tronsonul-din-strada-decebal-cuprins-intre-adr-centru-si-strada-mihai-viteazul-se-va-reda-integral-circulatiei\\\/#primaryimage\"},\"image\":{\"@id\":\"https:\\\/\\\/urbeamea.ro\\\/albaiulia\\\/tronsonul-din-strada-decebal-cuprins-intre-adr-centru-si-strada-mihai-viteazul-se-va-reda-integral-circulatiei\\\/#primaryimage\"},\"thumbnailUrl\":\"https:\\\/\\\/urbeamea.ro\\\/albaiulia\\\/wp-content\\\/uploads\\\/2015\\\/07\\\/IMG_0976.jpg\",\"datePublished\":\"2015-07-14T05:53:27+00:00\",\"dateModified\":\"2016-01-18T20:27:41+00:00\",\"author\":{\"@id\":\"https:\\\/\\\/urbeamea.ro\\\/albaiulia\\\/#\\\/schema\\\/person\\\/272ae98052f8ee8980f59848df070247\"},\"description\":\"Din aceast\u0103 s\u0103pt\u0103m\u00e2n\u0103, se va reda integral circula\u0163iei tronsonul din strada Decebal cuprins \u00eentre ADR Centru \u015fi strada Mihai Viteazul. Circula\u0163iile\",\"breadcrumb\":{\"@id\":\"https:\\\/\\\/urbeamea.ro\\\/albaiulia\\\/tronsonul-din-strada-decebal-cuprins-intre-adr-centru-si-strada-mihai-viteazul-se-va-reda-integral-circulatiei\\\/#breadcrumb\"},\"inLanguage\":\"ro-RO\",\"potentialAction\":[{\"@type\":\"ReadAction\",\"target\":[\"https:\\\/\\\/urbeamea.ro\\\/albaiulia\\\/tronsonul-din-strada-decebal-cuprins-intre-adr-centru-si-strada-mihai-viteazul-se-va-reda-integral-circulatiei\\\/\"]}]},{\"@type\":\"ImageObject\",\"inLanguage\":\"ro-RO\",\"@id\":\"https:\\\/\\\/urbeamea.ro\\\/albaiulia\\\/tronsonul-din-strada-decebal-cuprins-intre-adr-centru-si-strada-mihai-viteazul-se-va-reda-integral-circulatiei\\\/#primaryimage\",\"url\":\"https:\\\/\\\/urbeamea.ro\\\/albaiulia\\\/wp-content\\\/uploads\\\/2015\\\/07\\\/IMG_0976.jpg\",\"contentUrl\":\"https:\\\/\\\/urbeamea.ro\\\/albaiulia\\\/wp-content\\\/uploads\\\/2015\\\/07\\\/IMG_0976.jpg\",\"width\":1280,\"height\":960},{\"@type\":\"BreadcrumbList\",\"@id\":\"https:\\\/\\\/urbeamea.ro\\\/albaiulia\\\/tronsonul-din-strada-decebal-cuprins-intre-adr-centru-si-strada-mihai-viteazul-se-va-reda-integral-circulatiei\\\/#breadcrumb\",\"itemListElement\":[{\"@type\":\"ListItem\",\"position\":1,\"name\":\"Prima pagin\u0103\",\"item\":\"https:\\\/\\\/urbeamea.ro\\\/albaiulia\\\/\"},{\"@type\":\"ListItem\",\"position\":2,\"name\":\"Tronsonul din strada Decebal cuprins \u00eentre ADR Centru \u015fi strada Mihai Viteazul se va reda integral circula\u0163iei\"}]},{\"@type\":\"WebSite\",\"@id\":\"https:\\\/\\\/urbeamea.ro\\\/albaiulia\\\/#website\",\"url\":\"https:\\\/\\\/urbeamea.ro\\\/albaiulia\\\/\",\"name\":\"Revista Urbea Mea, Stiri urbane\",\"description\":\"Evenimente \u0219i \u0219tiri din Alba Iulia, Sebe\u0219, Aiud, Blaj\",\"potentialAction\":[{\"@type\":\"SearchAction\",\"target\":{\"@type\":\"EntryPoint\",\"urlTemplate\":\"https:\\\/\\\/urbeamea.ro\\\/albaiulia\\\/?s={search_term_string}\"},\"query-input\":{\"@type\":\"PropertyValueSpecification\",\"valueRequired\":true,\"valueName\":\"search_term_string\"}}],\"inLanguage\":\"ro-RO\"},{\"@type\":\"Person\",\"@id\":\"https:\\\/\\\/urbeamea.ro\\\/albaiulia\\\/#\\\/schema\\\/person\\\/272ae98052f8ee8980f59848df070247\",\"name\":\"Redac\u021bia UrbeaMea\",\"image\":{\"@type\":\"ImageObject\",\"inLanguage\":\"ro-RO\",\"@id\":\"https:\\\/\\\/secure.gravatar.com\\\/avatar\\\/9ce5a9435071fa1037e8468053ead8e513dbbff59009d3069aadb85506d85a27?s=96&d=mm&r=g\",\"url\":\"https:\\\/\\\/secure.gravatar.com\\\/avatar\\\/9ce5a9435071fa1037e8468053ead8e513dbbff59009d3069aadb85506d85a27?s=96&d=mm&r=g\",\"contentUrl\":\"https:\\\/\\\/secure.gravatar.com\\\/avatar\\\/9ce5a9435071fa1037e8468053ead8e513dbbff59009d3069aadb85506d85a27?s=96&d=mm&r=g\",\"caption\":\"Redac\u021bia UrbeaMea\"},\"description\":\"contact@urbeamea.ro\",\"sameAs\":[\"https:\\\/\\\/www.urbeamea.ro\"],\"url\":\"https:\\\/\\\/urbeamea.ro\\\/albaiulia\\\/author\\\/redactia-urbeamea\\\/\"}]}<\/script>\n<!-- \/ Yoast SEO plugin. -->","yoast_head_json":{"title":"Tronsonul din strada Decebal cuprins \u00eentre ADR Centru \u015fi strada Mihai Viteazul se va reda integral circula\u0163iei - Revista Urbea Mea - Revista de Alba","description":"Din aceast\u0103 s\u0103pt\u0103m\u00e2n\u0103, se va reda integral circula\u0163iei tronsonul din strada Decebal cuprins \u00eentre ADR Centru \u015fi strada Mihai Viteazul. Circula\u0163iile","robots":{"index":"index","follow":"follow","max-snippet":"max-snippet:-1","max-image-preview":"max-image-preview:large","max-video-preview":"max-video-preview:-1"},"canonical":"https:\/\/urbeamea.ro\/albaiulia\/tronsonul-din-strada-decebal-cuprins-intre-adr-centru-si-strada-mihai-viteazul-se-va-reda-integral-circulatiei\/","twitter_card":"summary_large_image","twitter_title":"Tronsonul din strada Decebal cuprins \u00eentre ADR Centru \u015fi strada Mihai Viteazul se va reda integral circula\u0163iei - Revista Urbea Mea - Revista de Alba","twitter_description":"Din aceast\u0103 s\u0103pt\u0103m\u00e2n\u0103, se va reda integral circula\u0163iei tronsonul din strada Decebal cuprins \u00eentre ADR Centru \u015fi strada Mihai Viteazul. Circula\u0163iile","twitter_image":"https:\/\/urbeamea.ro\/albaiulia\/wp-content\/uploads\/2015\/07\/IMG_0976.jpg","twitter_creator":"@urbeameaweb","twitter_site":"@urbeameaweb","schema":{"@context":"https:\/\/schema.org","@graph":[{"@type":"Article","@id":"https:\/\/urbeamea.ro\/albaiulia\/tronsonul-din-strada-decebal-cuprins-intre-adr-centru-si-strada-mihai-viteazul-se-va-reda-integral-circulatiei\/#article","isPartOf":{"@id":"https:\/\/urbeamea.ro\/albaiulia\/tronsonul-din-strada-decebal-cuprins-intre-adr-centru-si-strada-mihai-viteazul-se-va-reda-integral-circulatiei\/"},"author":{"name":"Redac\u021bia UrbeaMea","@id":"https:\/\/urbeamea.ro\/albaiulia\/#\/schema\/person\/272ae98052f8ee8980f59848df070247"},"headline":"Tronsonul din strada Decebal cuprins \u00eentre ADR Centru \u015fi strada Mihai Viteazul se va reda integral circula\u0163iei","datePublished":"2015-07-14T05:53:27+00:00","dateModified":"2016-01-18T20:27:41+00:00","mainEntityOfPage":{"@id":"https:\/\/urbeamea.ro\/albaiulia\/tronsonul-din-strada-decebal-cuprins-intre-adr-centru-si-strada-mihai-viteazul-se-va-reda-integral-circulatiei\/"},"wordCount":282,"commentCount":0,"image":{"@id":"https:\/\/urbeamea.ro\/albaiulia\/tronsonul-din-strada-decebal-cuprins-intre-adr-centru-si-strada-mihai-viteazul-se-va-reda-integral-circulatiei\/#primaryimage"},"thumbnailUrl":"https:\/\/urbeamea.ro\/albaiulia\/wp-content\/uploads\/2015\/07\/IMG_0976.jpg","articleSection":["Administra\u021bie"],"inLanguage":"ro-RO","potentialAction":[{"@type":"CommentAction","name":"Comment","target":["https:\/\/urbeamea.ro\/albaiulia\/tronsonul-din-strada-decebal-cuprins-intre-adr-centru-si-strada-mihai-viteazul-se-va-reda-integral-circulatiei\/#respond"]}]},{"@type":"WebPage","@id":"https:\/\/urbeamea.ro\/albaiulia\/tronsonul-din-strada-decebal-cuprins-intre-adr-centru-si-strada-mihai-viteazul-se-va-reda-integral-circulatiei\/","url":"https:\/\/urbeamea.ro\/albaiulia\/tronsonul-din-strada-decebal-cuprins-intre-adr-centru-si-strada-mihai-viteazul-se-va-reda-integral-circulatiei\/","name":"Tronsonul din strada Decebal cuprins \u00eentre ADR Centru \u015fi strada Mihai Viteazul se va reda integral circula\u0163iei - Revista Urbea Mea - Revista de Alba","isPartOf":{"@id":"https:\/\/urbeamea.ro\/albaiulia\/#website"},"primaryImageOfPage":{"@id":"https:\/\/urbeamea.ro\/albaiulia\/tronsonul-din-strada-decebal-cuprins-intre-adr-centru-si-strada-mihai-viteazul-se-va-reda-integral-circulatiei\/#primaryimage"},"image":{"@id":"https:\/\/urbeamea.ro\/albaiulia\/tronsonul-din-strada-decebal-cuprins-intre-adr-centru-si-strada-mihai-viteazul-se-va-reda-integral-circulatiei\/#primaryimage"},"thumbnailUrl":"https:\/\/urbeamea.ro\/albaiulia\/wp-content\/uploads\/2015\/07\/IMG_0976.jpg","datePublished":"2015-07-14T05:53:27+00:00","dateModified":"2016-01-18T20:27:41+00:00","author":{"@id":"https:\/\/urbeamea.ro\/albaiulia\/#\/schema\/person\/272ae98052f8ee8980f59848df070247"},"description":"Din aceast\u0103 s\u0103pt\u0103m\u00e2n\u0103, se va reda integral circula\u0163iei tronsonul din strada Decebal cuprins \u00eentre ADR Centru \u015fi strada Mihai Viteazul. Circula\u0163iile","breadcrumb":{"@id":"https:\/\/urbeamea.ro\/albaiulia\/tronsonul-din-strada-decebal-cuprins-intre-adr-centru-si-strada-mihai-viteazul-se-va-reda-integral-circulatiei\/#breadcrumb"},"inLanguage":"ro-RO","potentialAction":[{"@type":"ReadAction","target":["https:\/\/urbeamea.ro\/albaiulia\/tronsonul-din-strada-decebal-cuprins-intre-adr-centru-si-strada-mihai-viteazul-se-va-reda-integral-circulatiei\/"]}]},{"@type":"ImageObject","inLanguage":"ro-RO","@id":"https:\/\/urbeamea.ro\/albaiulia\/tronsonul-din-strada-decebal-cuprins-intre-adr-centru-si-strada-mihai-viteazul-se-va-reda-integral-circulatiei\/#primaryimage","url":"https:\/\/urbeamea.ro\/albaiulia\/wp-content\/uploads\/2015\/07\/IMG_0976.jpg","contentUrl":"https:\/\/urbeamea.ro\/albaiulia\/wp-content\/uploads\/2015\/07\/IMG_0976.jpg","width":1280,"height":960},{"@type":"BreadcrumbList","@id":"https:\/\/urbeamea.ro\/albaiulia\/tronsonul-din-strada-decebal-cuprins-intre-adr-centru-si-strada-mihai-viteazul-se-va-reda-integral-circulatiei\/#breadcrumb","itemListElement":[{"@type":"ListItem","position":1,"name":"Prima pagin\u0103","item":"https:\/\/urbeamea.ro\/albaiulia\/"},{"@type":"ListItem","position":2,"name":"Tronsonul din strada Decebal cuprins \u00eentre ADR Centru \u015fi strada Mihai Viteazul se va reda integral circula\u0163iei"}]},{"@type":"WebSite","@id":"https:\/\/urbeamea.ro\/albaiulia\/#website","url":"https:\/\/urbeamea.ro\/albaiulia\/","name":"Revista Urbea Mea, Stiri urbane","description":"Evenimente \u0219i \u0219tiri din Alba Iulia, Sebe\u0219, Aiud, Blaj","potentialAction":[{"@type":"SearchAction","target":{"@type":"EntryPoint","urlTemplate":"https:\/\/urbeamea.ro\/albaiulia\/?s={search_term_string}"},"query-input":{"@type":"PropertyValueSpecification","valueRequired":true,"valueName":"search_term_string"}}],"inLanguage":"ro-RO"},{"@type":"Person","@id":"https:\/\/urbeamea.ro\/albaiulia\/#\/schema\/person\/272ae98052f8ee8980f59848df070247","name":"Redac\u021bia UrbeaMea","image":{"@type":"ImageObject","inLanguage":"ro-RO","@id":"https:\/\/secure.gravatar.com\/avatar\/9ce5a9435071fa1037e8468053ead8e513dbbff59009d3069aadb85506d85a27?s=96&d=mm&r=g","url":"https:\/\/secure.gravatar.com\/avatar\/9ce5a9435071fa1037e8468053ead8e513dbbff59009d3069aadb85506d85a27?s=96&d=mm&r=g","contentUrl":"https:\/\/secure.gravatar.com\/avatar\/9ce5a9435071fa1037e8468053ead8e513dbbff59009d3069aadb85506d85a27?s=96&d=mm&r=g","caption":"Redac\u021bia UrbeaMea"},"description":"contact@urbeamea.ro","sameAs":["https:\/\/www.urbeamea.ro"],"url":"https:\/\/urbeamea.ro\/albaiulia\/author\/redactia-urbeamea\/"}]}},"_links":{"self":[{"href":"https:\/\/urbeamea.ro\/albaiulia\/wp-json\/wp\/v2\/posts\/6218","targetHints":{"allow":["GET"]}}],"collection":[{"href":"https:\/\/urbeamea.ro\/albaiulia\/wp-json\/wp\/v2\/posts"}],"about":[{"href":"https:\/\/urbeamea.ro\/albaiulia\/wp-json\/wp\/v2\/types\/post"}],"author":[{"embeddable":true,"href":"https:\/\/urbeamea.ro\/albaiulia\/wp-json\/wp\/v2\/users\/16"}],"replies":[{"embeddable":true,"href":"https:\/\/urbeamea.ro\/albaiulia\/wp-json\/wp\/v2\/comments?post=6218"}],"version-history":[{"count":0,"href":"https:\/\/urbeamea.ro\/albaiulia\/wp-json\/wp\/v2\/posts\/6218\/revisions"}],"wp:featuredmedia":[{"embeddable":true,"href":"https:\/\/urbeamea.ro\/albaiulia\/wp-json\/wp\/v2\/media\/6219"}],"wp:attachment":[{"href":"https:\/\/urbeamea.ro\/albaiulia\/wp-json\/wp\/v2\/media?parent=6218"}],"wp:term":[{"taxonomy":"category","embeddable":true,"href":"https:\/\/urbeamea.ro\/albaiulia\/wp-json\/wp\/v2\/categories?post=6218"},{"taxonomy":"post_tag","embeddable":true,"href":"https:\/\/urbeamea.ro\/albaiulia\/wp-json\/wp\/v2\/tags?post=6218"}],"curies":[{"name":"wp","href":"https:\/\/api.w.org\/{rel}","templated":true}]}}