{"id":6226,"date":"2015-07-14T09:00:11","date_gmt":"2015-07-14T06:00:11","guid":{"rendered":"http:\/\/urbeamea.ro\/albaiulia\/?p=6226"},"modified":"2016-01-18T22:27:32","modified_gmt":"2016-01-18T20:27:32","slug":"seminar-economia-sociala-pentru-toti-miercuri-la-hotel-mariss","status":"publish","type":"post","link":"https:\/\/urbeamea.ro\/albaiulia\/seminar-economia-sociala-pentru-toti-miercuri-la-hotel-mariss\/","title":{"rendered":"Seminar \u201dEconomia Social\u0103 pentru To\u021bi\u201d, miercuri la Hotel Mariss"},"content":{"rendered":"<p><a href=\"http:\/\/urbeamea.ro\/albaiulia\/wp-content\/uploads\/2015\/07\/afis-se4all.jpg\"><img loading=\"lazy\" decoding=\"async\" class=\"alignleft size-medium wp-image-6227\" src=\"http:\/\/urbeamea.ro\/albaiulia\/wp-content\/uploads\/2015\/07\/afis-se4all-212x300.jpg\" alt=\"afis se4all\" width=\"212\" height=\"300\" \/><\/a>Asocia\u021bia KULT-ART, \u00een parteneriat cu Funda\u021bia ECOTOP pentru Cultur\u0103 \u0219i Educa\u021bie Ecologist\u0103 Oradea, Institutul pentru Parteneriat Social Bucovina \u0219i Die Querdenker Austria organizeaz\u0103 <strong>miercuri, 15 iulie 2015, la Hotel Mariss, \u00een sala de conferinte &#8211; parter, str. Viilor, nr. 39, Alba Iulia, jud. Alba, un Seminar <\/strong><strong>privind economia social\u0103 \u0219i structurile aferente acesteia, \u00een cadrul proiectului Social Economy 4 All <\/strong>(POSDRU\/173\/6.1\/S\/148302) cofinan\u021bat de Uniunea European\u0103 din Fondul Social European prin Programul Opera\u0163ional Sectorial Dezvoltarea Resurselor Umane 2007-2013, Axa Prioritar\u0103 nr. 6 \u201ePromovarea incluziunii sociale\u201d, Domeniul major de interven\u021bie 6.1: \u201eDezvoltarea economiei sociale\u201c.<\/p>\n<p><strong>Seminarul<\/strong><strong>\u00a0<\/strong>intitulat<strong>\u00a0<\/strong><strong>&#8222;Economia social\u0103 pentru to\u021bi&#8221;<\/strong>\u00a0este un eveniment destinat tuturor persoanelor, organiza\u021biilor \u0219i institu\u021biilor cu activitate \u00een municipiul Alba-Iulia. Acestea vor afla aspecte generale referitoare la economia social\u0103 \u0219i vor descoperi \u00een mod practic cum pot dezvolta \u0219i implementa activit\u0103\u021bi de economie social\u0103, dup\u0103 modelul austriac.<\/p>\n<p>Participan\u021bii vor putea studia modelele de structuri de economie social\u0103 deja \u00eenfiin\u021bate \u00een Rom\u00e2nia \u00een zonele de Nord Est \u0219i Nord Vest \u0219i vor beneficia de expertiza speciali\u0219tilor austrieci \u00een economia social\u0103. Speciali\u0219tii austrieci \u0219i rom\u00e2ni vor facilita desf\u0103\u0219urarea acestui eveniment abord\u00e2nd urm\u0103toarele subiecte:<\/p>\n<ol>\n<li><strong>Ce este economia social\u0103 \u0219i cine sunt actorii acestui domeniu?<\/strong><\/li>\n<li><strong>Cum evolueaz\u0103 implementarea proiectului Social Economy 4 All \u00een Rom\u00e2nia \u0219i ce \u0219anse de sustenabilitate au cooperativele deja create? <\/strong><\/li>\n<li><strong>Cu cine pot colabora proasp\u0103t \u00eenfiin\u021batele SES-uri (Structuri de Economie Social\u0103) pentru a-\u0219i promova serviciile \u0219i produsele c\u0103tre comunitate \u0219i cum se vor identifica clien\u021bii pentru viitoarele structuri de economie social\u0103 \u00eenfiin\u021bate \u00een Rom\u00e2nia?<\/strong><\/li>\n<li><strong>Cum putem corela scopul unei organiza\u021bii cu desf\u0103\u0219urarea de activit\u0103\u021bi economice?<\/strong><\/li>\n<li><strong>Ce tip de idei de afaceri<\/strong><strong>ni se potrivesc \u0219i cum pot fi acestea dezvoltate in mod sustenabil?<\/strong><\/li>\n<\/ol>\n<p>Persoanele interesate s\u0103 participe la acest seminar sunt rugate s\u0103 completeze la <a href=\"http:\/\/www.socialeconomy4all.ro\/pics\/formular_inscriere_se4all_final.pdf\">aceasta pagin\u0103\u00a0<\/a>formularul de inscriere.\u00a0<em>Locurile sunt limitate!<\/em><\/p>\n<p>Pentru informa\u0163ii suplimentare legate de activit\u0103\u021bile proiectului pute\u021bi s\u0103 ne contacta\u021bi prin e-mail: <a href=\"socialeconomy4all@gmail.com\">socialeconomy4all@gmail.com<\/a>, telefon: 0744472090, persoan\u0103 de contact &#8211; Niculina Doina Daneliuc, manager de proiect sau accesa\u021bi <a href=\"http:\/\/www.socialeconomy4all.ro\">www.socialeconomy4all.ro<\/a><\/p>\n<p><a href=\"http:\/\/urbeamea.ro\/albaiulia\/wp-content\/uploads\/2015\/07\/agenda_seminarii_se4all_final-page-001.jpg\"><img loading=\"lazy\" decoding=\"async\" class=\"aligncenter wp-image-6230 size-full\" src=\"http:\/\/urbeamea.ro\/albaiulia\/wp-content\/uploads\/2015\/07\/agenda_seminarii_se4all_final-page-001.jpg\" alt=\"agenda_seminarii_se4all_final-page-001\" width=\"905\" height=\"1280\" srcset=\"https:\/\/urbeamea.ro\/albaiulia\/wp-content\/uploads\/2015\/07\/agenda_seminarii_se4all_final-page-001.jpg 905w, https:\/\/urbeamea.ro\/albaiulia\/wp-content\/uploads\/2015\/07\/agenda_seminarii_se4all_final-page-001-106x150.jpg 106w, https:\/\/urbeamea.ro\/albaiulia\/wp-content\/uploads\/2015\/07\/agenda_seminarii_se4all_final-page-001-212x300.jpg 212w, https:\/\/urbeamea.ro\/albaiulia\/wp-content\/uploads\/2015\/07\/agenda_seminarii_se4all_final-page-001-724x1024.jpg 724w\" sizes=\"auto, (max-width: 905px) 100vw, 905px\" \/><\/a><\/p>\n","protected":false},"excerpt":{"rendered":"<p>Asocia\u021bia KULT-ART, \u00een parteneriat cu Funda\u021bia ECOTOP pentru Cultur\u0103 \u0219i Educa\u021bie Ecologist\u0103 Oradea, Institutul pentru Parteneriat Social Bucovina \u0219i Die Querdenker Austria organizeaz\u0103 miercuri, 15 iulie 2015, la Hotel Mariss, \u00een sala de conferinte &#8211; parter, str. Viilor, nr. 39, Alba Iulia, jud. Alba, un Seminar privind economia social\u0103 \u0219i structurile aferente acesteia, \u00een cadrul &hellip;<\/p>\n","protected":false},"author":16,"featured_media":6227,"comment_status":"open","ping_status":"open","sticky":false,"template":"","format":"standard","meta":{"inline_featured_image":false,"footnotes":""},"categories":[2034],"tags":[],"class_list":["post-6226","post","type-post","status-publish","format-standard","has-post-thumbnail","hentry","category-social"],"yoast_head":"<!-- This site is optimized with the Yoast SEO plugin v27.4 - https:\/\/yoast.com\/product\/yoast-seo-wordpress\/ -->\n<title>Seminar \u201dEconomia Social\u0103 pentru To\u021bi\u201d, miercuri la Hotel Mariss - Revista Urbea Mea - Revista de Alba<\/title>\n<meta name=\"description\" content=\"Asocia\u021bia KULT-ART, \u00een parteneriat cu Funda\u021bia ECOTOP pentru Cultur\u0103 \u0219i Educa\u021bie Ecologist\u0103 Oradea, Institutul pentru Parteneriat Social Bucovina \u0219i Die\" \/>\n<meta name=\"robots\" content=\"index, follow, max-snippet:-1, max-image-preview:large, max-video-preview:-1\" \/>\n<link rel=\"canonical\" href=\"https:\/\/urbeamea.ro\/albaiulia\/seminar-economia-sociala-pentru-toti-miercuri-la-hotel-mariss\/\" \/>\n<meta name=\"twitter:card\" content=\"summary_large_image\" \/>\n<meta name=\"twitter:title\" content=\"Seminar \u201dEconomia Social\u0103 pentru To\u021bi\u201d, miercuri la Hotel Mariss - Revista Urbea Mea - Revista de Alba\" \/>\n<meta name=\"twitter:description\" content=\"Asocia\u021bia KULT-ART, \u00een parteneriat cu Funda\u021bia ECOTOP pentru Cultur\u0103 \u0219i Educa\u021bie Ecologist\u0103 Oradea, Institutul pentru Parteneriat Social Bucovina \u0219i Die\" \/>\n<meta name=\"twitter:image\" content=\"https:\/\/urbeamea.ro\/albaiulia\/wp-content\/uploads\/2015\/07\/afis-se4all.jpg\" \/>\n<meta name=\"twitter:creator\" content=\"@urbeameaweb\" \/>\n<meta name=\"twitter:site\" content=\"@urbeameaweb\" \/>\n<script type=\"application\/ld+json\" class=\"yoast-schema-graph\">{\"@context\":\"https:\\\/\\\/schema.org\",\"@graph\":[{\"@type\":\"Article\",\"@id\":\"https:\\\/\\\/urbeamea.ro\\\/albaiulia\\\/seminar-economia-sociala-pentru-toti-miercuri-la-hotel-mariss\\\/#article\",\"isPartOf\":{\"@id\":\"https:\\\/\\\/urbeamea.ro\\\/albaiulia\\\/seminar-economia-sociala-pentru-toti-miercuri-la-hotel-mariss\\\/\"},\"author\":{\"name\":\"Redac\u021bia UrbeaMea\",\"@id\":\"https:\\\/\\\/urbeamea.ro\\\/albaiulia\\\/#\\\/schema\\\/person\\\/272ae98052f8ee8980f59848df070247\"},\"headline\":\"Seminar \u201dEconomia Social\u0103 pentru To\u021bi\u201d, miercuri la Hotel Mariss\",\"datePublished\":\"2015-07-14T06:00:11+00:00\",\"dateModified\":\"2016-01-18T20:27:32+00:00\",\"mainEntityOfPage\":{\"@id\":\"https:\\\/\\\/urbeamea.ro\\\/albaiulia\\\/seminar-economia-sociala-pentru-toti-miercuri-la-hotel-mariss\\\/\"},\"wordCount\":368,\"commentCount\":0,\"image\":{\"@id\":\"https:\\\/\\\/urbeamea.ro\\\/albaiulia\\\/seminar-economia-sociala-pentru-toti-miercuri-la-hotel-mariss\\\/#primaryimage\"},\"thumbnailUrl\":\"https:\\\/\\\/urbeamea.ro\\\/albaiulia\\\/wp-content\\\/uploads\\\/2015\\\/07\\\/afis-se4all.jpg\",\"articleSection\":[\"Social\"],\"inLanguage\":\"ro-RO\",\"potentialAction\":[{\"@type\":\"CommentAction\",\"name\":\"Comment\",\"target\":[\"https:\\\/\\\/urbeamea.ro\\\/albaiulia\\\/seminar-economia-sociala-pentru-toti-miercuri-la-hotel-mariss\\\/#respond\"]}]},{\"@type\":\"WebPage\",\"@id\":\"https:\\\/\\\/urbeamea.ro\\\/albaiulia\\\/seminar-economia-sociala-pentru-toti-miercuri-la-hotel-mariss\\\/\",\"url\":\"https:\\\/\\\/urbeamea.ro\\\/albaiulia\\\/seminar-economia-sociala-pentru-toti-miercuri-la-hotel-mariss\\\/\",\"name\":\"Seminar \u201dEconomia Social\u0103 pentru To\u021bi\u201d, miercuri la Hotel Mariss - Revista Urbea Mea - Revista de Alba\",\"isPartOf\":{\"@id\":\"https:\\\/\\\/urbeamea.ro\\\/albaiulia\\\/#website\"},\"primaryImageOfPage\":{\"@id\":\"https:\\\/\\\/urbeamea.ro\\\/albaiulia\\\/seminar-economia-sociala-pentru-toti-miercuri-la-hotel-mariss\\\/#primaryimage\"},\"image\":{\"@id\":\"https:\\\/\\\/urbeamea.ro\\\/albaiulia\\\/seminar-economia-sociala-pentru-toti-miercuri-la-hotel-mariss\\\/#primaryimage\"},\"thumbnailUrl\":\"https:\\\/\\\/urbeamea.ro\\\/albaiulia\\\/wp-content\\\/uploads\\\/2015\\\/07\\\/afis-se4all.jpg\",\"datePublished\":\"2015-07-14T06:00:11+00:00\",\"dateModified\":\"2016-01-18T20:27:32+00:00\",\"author\":{\"@id\":\"https:\\\/\\\/urbeamea.ro\\\/albaiulia\\\/#\\\/schema\\\/person\\\/272ae98052f8ee8980f59848df070247\"},\"description\":\"Asocia\u021bia KULT-ART, \u00een parteneriat cu Funda\u021bia ECOTOP pentru Cultur\u0103 \u0219i Educa\u021bie Ecologist\u0103 Oradea, Institutul pentru Parteneriat Social Bucovina \u0219i Die\",\"breadcrumb\":{\"@id\":\"https:\\\/\\\/urbeamea.ro\\\/albaiulia\\\/seminar-economia-sociala-pentru-toti-miercuri-la-hotel-mariss\\\/#breadcrumb\"},\"inLanguage\":\"ro-RO\",\"potentialAction\":[{\"@type\":\"ReadAction\",\"target\":[\"https:\\\/\\\/urbeamea.ro\\\/albaiulia\\\/seminar-economia-sociala-pentru-toti-miercuri-la-hotel-mariss\\\/\"]}]},{\"@type\":\"ImageObject\",\"inLanguage\":\"ro-RO\",\"@id\":\"https:\\\/\\\/urbeamea.ro\\\/albaiulia\\\/seminar-economia-sociala-pentru-toti-miercuri-la-hotel-mariss\\\/#primaryimage\",\"url\":\"https:\\\/\\\/urbeamea.ro\\\/albaiulia\\\/wp-content\\\/uploads\\\/2015\\\/07\\\/afis-se4all.jpg\",\"contentUrl\":\"https:\\\/\\\/urbeamea.ro\\\/albaiulia\\\/wp-content\\\/uploads\\\/2015\\\/07\\\/afis-se4all.jpg\",\"width\":905,\"height\":1280},{\"@type\":\"BreadcrumbList\",\"@id\":\"https:\\\/\\\/urbeamea.ro\\\/albaiulia\\\/seminar-economia-sociala-pentru-toti-miercuri-la-hotel-mariss\\\/#breadcrumb\",\"itemListElement\":[{\"@type\":\"ListItem\",\"position\":1,\"name\":\"Prima pagin\u0103\",\"item\":\"https:\\\/\\\/urbeamea.ro\\\/albaiulia\\\/\"},{\"@type\":\"ListItem\",\"position\":2,\"name\":\"Seminar \u201dEconomia Social\u0103 pentru To\u021bi\u201d, miercuri la Hotel Mariss\"}]},{\"@type\":\"WebSite\",\"@id\":\"https:\\\/\\\/urbeamea.ro\\\/albaiulia\\\/#website\",\"url\":\"https:\\\/\\\/urbeamea.ro\\\/albaiulia\\\/\",\"name\":\"Revista Urbea Mea, Stiri urbane\",\"description\":\"Evenimente \u0219i \u0219tiri din Alba Iulia, Sebe\u0219, Aiud, Blaj\",\"potentialAction\":[{\"@type\":\"SearchAction\",\"target\":{\"@type\":\"EntryPoint\",\"urlTemplate\":\"https:\\\/\\\/urbeamea.ro\\\/albaiulia\\\/?s={search_term_string}\"},\"query-input\":{\"@type\":\"PropertyValueSpecification\",\"valueRequired\":true,\"valueName\":\"search_term_string\"}}],\"inLanguage\":\"ro-RO\"},{\"@type\":\"Person\",\"@id\":\"https:\\\/\\\/urbeamea.ro\\\/albaiulia\\\/#\\\/schema\\\/person\\\/272ae98052f8ee8980f59848df070247\",\"name\":\"Redac\u021bia UrbeaMea\",\"image\":{\"@type\":\"ImageObject\",\"inLanguage\":\"ro-RO\",\"@id\":\"https:\\\/\\\/secure.gravatar.com\\\/avatar\\\/9ce5a9435071fa1037e8468053ead8e513dbbff59009d3069aadb85506d85a27?s=96&d=mm&r=g\",\"url\":\"https:\\\/\\\/secure.gravatar.com\\\/avatar\\\/9ce5a9435071fa1037e8468053ead8e513dbbff59009d3069aadb85506d85a27?s=96&d=mm&r=g\",\"contentUrl\":\"https:\\\/\\\/secure.gravatar.com\\\/avatar\\\/9ce5a9435071fa1037e8468053ead8e513dbbff59009d3069aadb85506d85a27?s=96&d=mm&r=g\",\"caption\":\"Redac\u021bia UrbeaMea\"},\"description\":\"contact@urbeamea.ro\",\"sameAs\":[\"https:\\\/\\\/www.urbeamea.ro\"],\"url\":\"https:\\\/\\\/urbeamea.ro\\\/albaiulia\\\/author\\\/redactia-urbeamea\\\/\"}]}<\/script>\n<!-- \/ Yoast SEO plugin. -->","yoast_head_json":{"title":"Seminar \u201dEconomia Social\u0103 pentru To\u021bi\u201d, miercuri la Hotel Mariss - Revista Urbea Mea - Revista de Alba","description":"Asocia\u021bia KULT-ART, \u00een parteneriat cu Funda\u021bia ECOTOP pentru Cultur\u0103 \u0219i Educa\u021bie Ecologist\u0103 Oradea, Institutul pentru Parteneriat Social Bucovina \u0219i Die","robots":{"index":"index","follow":"follow","max-snippet":"max-snippet:-1","max-image-preview":"max-image-preview:large","max-video-preview":"max-video-preview:-1"},"canonical":"https:\/\/urbeamea.ro\/albaiulia\/seminar-economia-sociala-pentru-toti-miercuri-la-hotel-mariss\/","twitter_card":"summary_large_image","twitter_title":"Seminar \u201dEconomia Social\u0103 pentru To\u021bi\u201d, miercuri la Hotel Mariss - Revista Urbea Mea - Revista de Alba","twitter_description":"Asocia\u021bia KULT-ART, \u00een parteneriat cu Funda\u021bia ECOTOP pentru Cultur\u0103 \u0219i Educa\u021bie Ecologist\u0103 Oradea, Institutul pentru Parteneriat Social Bucovina \u0219i Die","twitter_image":"https:\/\/urbeamea.ro\/albaiulia\/wp-content\/uploads\/2015\/07\/afis-se4all.jpg","twitter_creator":"@urbeameaweb","twitter_site":"@urbeameaweb","schema":{"@context":"https:\/\/schema.org","@graph":[{"@type":"Article","@id":"https:\/\/urbeamea.ro\/albaiulia\/seminar-economia-sociala-pentru-toti-miercuri-la-hotel-mariss\/#article","isPartOf":{"@id":"https:\/\/urbeamea.ro\/albaiulia\/seminar-economia-sociala-pentru-toti-miercuri-la-hotel-mariss\/"},"author":{"name":"Redac\u021bia UrbeaMea","@id":"https:\/\/urbeamea.ro\/albaiulia\/#\/schema\/person\/272ae98052f8ee8980f59848df070247"},"headline":"Seminar \u201dEconomia Social\u0103 pentru To\u021bi\u201d, miercuri la Hotel Mariss","datePublished":"2015-07-14T06:00:11+00:00","dateModified":"2016-01-18T20:27:32+00:00","mainEntityOfPage":{"@id":"https:\/\/urbeamea.ro\/albaiulia\/seminar-economia-sociala-pentru-toti-miercuri-la-hotel-mariss\/"},"wordCount":368,"commentCount":0,"image":{"@id":"https:\/\/urbeamea.ro\/albaiulia\/seminar-economia-sociala-pentru-toti-miercuri-la-hotel-mariss\/#primaryimage"},"thumbnailUrl":"https:\/\/urbeamea.ro\/albaiulia\/wp-content\/uploads\/2015\/07\/afis-se4all.jpg","articleSection":["Social"],"inLanguage":"ro-RO","potentialAction":[{"@type":"CommentAction","name":"Comment","target":["https:\/\/urbeamea.ro\/albaiulia\/seminar-economia-sociala-pentru-toti-miercuri-la-hotel-mariss\/#respond"]}]},{"@type":"WebPage","@id":"https:\/\/urbeamea.ro\/albaiulia\/seminar-economia-sociala-pentru-toti-miercuri-la-hotel-mariss\/","url":"https:\/\/urbeamea.ro\/albaiulia\/seminar-economia-sociala-pentru-toti-miercuri-la-hotel-mariss\/","name":"Seminar \u201dEconomia Social\u0103 pentru To\u021bi\u201d, miercuri la Hotel Mariss - Revista Urbea Mea - Revista de Alba","isPartOf":{"@id":"https:\/\/urbeamea.ro\/albaiulia\/#website"},"primaryImageOfPage":{"@id":"https:\/\/urbeamea.ro\/albaiulia\/seminar-economia-sociala-pentru-toti-miercuri-la-hotel-mariss\/#primaryimage"},"image":{"@id":"https:\/\/urbeamea.ro\/albaiulia\/seminar-economia-sociala-pentru-toti-miercuri-la-hotel-mariss\/#primaryimage"},"thumbnailUrl":"https:\/\/urbeamea.ro\/albaiulia\/wp-content\/uploads\/2015\/07\/afis-se4all.jpg","datePublished":"2015-07-14T06:00:11+00:00","dateModified":"2016-01-18T20:27:32+00:00","author":{"@id":"https:\/\/urbeamea.ro\/albaiulia\/#\/schema\/person\/272ae98052f8ee8980f59848df070247"},"description":"Asocia\u021bia KULT-ART, \u00een parteneriat cu Funda\u021bia ECOTOP pentru Cultur\u0103 \u0219i Educa\u021bie Ecologist\u0103 Oradea, Institutul pentru Parteneriat Social Bucovina \u0219i Die","breadcrumb":{"@id":"https:\/\/urbeamea.ro\/albaiulia\/seminar-economia-sociala-pentru-toti-miercuri-la-hotel-mariss\/#breadcrumb"},"inLanguage":"ro-RO","potentialAction":[{"@type":"ReadAction","target":["https:\/\/urbeamea.ro\/albaiulia\/seminar-economia-sociala-pentru-toti-miercuri-la-hotel-mariss\/"]}]},{"@type":"ImageObject","inLanguage":"ro-RO","@id":"https:\/\/urbeamea.ro\/albaiulia\/seminar-economia-sociala-pentru-toti-miercuri-la-hotel-mariss\/#primaryimage","url":"https:\/\/urbeamea.ro\/albaiulia\/wp-content\/uploads\/2015\/07\/afis-se4all.jpg","contentUrl":"https:\/\/urbeamea.ro\/albaiulia\/wp-content\/uploads\/2015\/07\/afis-se4all.jpg","width":905,"height":1280},{"@type":"BreadcrumbList","@id":"https:\/\/urbeamea.ro\/albaiulia\/seminar-economia-sociala-pentru-toti-miercuri-la-hotel-mariss\/#breadcrumb","itemListElement":[{"@type":"ListItem","position":1,"name":"Prima pagin\u0103","item":"https:\/\/urbeamea.ro\/albaiulia\/"},{"@type":"ListItem","position":2,"name":"Seminar \u201dEconomia Social\u0103 pentru To\u021bi\u201d, miercuri la Hotel Mariss"}]},{"@type":"WebSite","@id":"https:\/\/urbeamea.ro\/albaiulia\/#website","url":"https:\/\/urbeamea.ro\/albaiulia\/","name":"Revista Urbea Mea, Stiri urbane","description":"Evenimente \u0219i \u0219tiri din Alba Iulia, Sebe\u0219, Aiud, Blaj","potentialAction":[{"@type":"SearchAction","target":{"@type":"EntryPoint","urlTemplate":"https:\/\/urbeamea.ro\/albaiulia\/?s={search_term_string}"},"query-input":{"@type":"PropertyValueSpecification","valueRequired":true,"valueName":"search_term_string"}}],"inLanguage":"ro-RO"},{"@type":"Person","@id":"https:\/\/urbeamea.ro\/albaiulia\/#\/schema\/person\/272ae98052f8ee8980f59848df070247","name":"Redac\u021bia UrbeaMea","image":{"@type":"ImageObject","inLanguage":"ro-RO","@id":"https:\/\/secure.gravatar.com\/avatar\/9ce5a9435071fa1037e8468053ead8e513dbbff59009d3069aadb85506d85a27?s=96&d=mm&r=g","url":"https:\/\/secure.gravatar.com\/avatar\/9ce5a9435071fa1037e8468053ead8e513dbbff59009d3069aadb85506d85a27?s=96&d=mm&r=g","contentUrl":"https:\/\/secure.gravatar.com\/avatar\/9ce5a9435071fa1037e8468053ead8e513dbbff59009d3069aadb85506d85a27?s=96&d=mm&r=g","caption":"Redac\u021bia UrbeaMea"},"description":"contact@urbeamea.ro","sameAs":["https:\/\/www.urbeamea.ro"],"url":"https:\/\/urbeamea.ro\/albaiulia\/author\/redactia-urbeamea\/"}]}},"_links":{"self":[{"href":"https:\/\/urbeamea.ro\/albaiulia\/wp-json\/wp\/v2\/posts\/6226","targetHints":{"allow":["GET"]}}],"collection":[{"href":"https:\/\/urbeamea.ro\/albaiulia\/wp-json\/wp\/v2\/posts"}],"about":[{"href":"https:\/\/urbeamea.ro\/albaiulia\/wp-json\/wp\/v2\/types\/post"}],"author":[{"embeddable":true,"href":"https:\/\/urbeamea.ro\/albaiulia\/wp-json\/wp\/v2\/users\/16"}],"replies":[{"embeddable":true,"href":"https:\/\/urbeamea.ro\/albaiulia\/wp-json\/wp\/v2\/comments?post=6226"}],"version-history":[{"count":0,"href":"https:\/\/urbeamea.ro\/albaiulia\/wp-json\/wp\/v2\/posts\/6226\/revisions"}],"wp:featuredmedia":[{"embeddable":true,"href":"https:\/\/urbeamea.ro\/albaiulia\/wp-json\/wp\/v2\/media\/6227"}],"wp:attachment":[{"href":"https:\/\/urbeamea.ro\/albaiulia\/wp-json\/wp\/v2\/media?parent=6226"}],"wp:term":[{"taxonomy":"category","embeddable":true,"href":"https:\/\/urbeamea.ro\/albaiulia\/wp-json\/wp\/v2\/categories?post=6226"},{"taxonomy":"post_tag","embeddable":true,"href":"https:\/\/urbeamea.ro\/albaiulia\/wp-json\/wp\/v2\/tags?post=6226"}],"curies":[{"name":"wp","href":"https:\/\/api.w.org\/{rel}","templated":true}]}}