{"id":62325,"date":"2018-04-29T11:55:09","date_gmt":"2018-04-29T08:55:09","guid":{"rendered":"https:\/\/urbeamea.ro\/albaiulia\/?p=62325"},"modified":"2018-04-29T11:55:09","modified_gmt":"2018-04-29T08:55:09","slug":"7-mai-gala-uniter-uneste-teatrul-la-alba-iulia-campania-pentru-tine-cine-e-castigatorul-ofera-posibilitatea-publicului-sa-si-sustina-favoritii","status":"publish","type":"post","link":"https:\/\/urbeamea.ro\/albaiulia\/7-mai-gala-uniter-uneste-teatrul-la-alba-iulia-campania-pentru-tine-cine-e-castigatorul-ofera-posibilitatea-publicului-sa-si-sustina-favoritii\/","title":{"rendered":"7 mai: Gala UNITER une\u0219te Teatrul, la Alba Iulia. Campania \u201ePENTRU TINE CINE E C\u00c2\u015eTIG\u0102TORUL?&#8221; ofer\u0103 posibilitatea publicului s\u0103-\u015fi sus\u0163in\u0103 favori\u0163ii"},"content":{"rendered":"<p style=\"font-weight: 400;\"><strong>Campania\u00a0\u201ePENTRU TINE CINE E C\u00c2\u015eTIG\u0102TORUL?&#8221;\u00a0ofer\u0103 posibilitatea publicului larg s\u0103-\u015fi sus\u0163in\u0103 arti\u015ftii \u00eendr\u0103gi\u0163i \u2013 campanie interactiv\u0103 de promovare a arti\u015ftilor afla\u021bi \u00een competi\u021bie pentru trofeul UNITER.<\/strong><\/p>\n<p style=\"font-weight: 400;\">V\u0103 reamintim c\u0103 pute\u021bi fi parte din gal\u0103, pute\u021bi\u00a0fi\u00a0al\u0103turi de\u00a0arti\u0219tii\u00a0nominaliza\u021bi prin participarea la\u00a0<strong>VOTUL PUBLICULUI:<\/strong><a href=\"https:\/\/www.uniter.ro\/votul-publicului-gala-uniter-2018\/\">https:\/\/www.uniter.ro\/votul-publicului-gala-uniter-2018\/<\/a><\/p>\n<p style=\"font-weight: 400;\">Site-ul\u00a0<a href=\"http:\/\/www.uniter.ro\/\">www.uniter.ro<\/a>, pagina noastr\u0103 de facebook \u015fi pagina de youtube\u2013Uniter Romania\u2013g\u0103zduiesc clipuri realizate de profesioni\u015fti din lumea teatrului.<\/p>\n<p style=\"font-weight: 400;\">Deja pute\u0163i g\u0103si mesajele de sus\u0163inere ale colegilor de breasl\u0103 (<strong>ADRIAN TITIENI, MIHAI M\u0102NIU\u021aIU, VLADIMIR ANTON, PAVEL BATO\u0218, OANA CRISTEA GRIGORESCU, EMILIA POPESCU, RADU IACOBAN, MIHAI CONSTANTIN, OLTI\u021aA C\u00ceNTEC, ANDI VASLUIANU, LUCIAN V\u0102R\u0218\u0102NDAN, GEORGE ALBERT COSTEA, MEDEEA MARINESCU, TUDOR LUCANU, IRIS SPIRIDON<\/strong>) pentru arti\u0219tii nominaliza\u021bi la \u00a0primele 6 categorii de premii:\u00a0<a href=\"https:\/\/www.uniter.ro\/artistii-isi-sustin-favoritii-nominalizati-la-gala-premiilor-uniter-2018-gala-uniter-uneste-teatrul\/\">https:\/\/www.uniter.ro\/artistii-isi-sustin-favoritii-nominalizati-la-gala-premiilor-uniter-2018-gala-uniter-uneste-teatrul\/<\/a><\/p>\n<p style=\"font-weight: 400;\">\u00cen seara zilei de 7 mai, \u00eencep\u00e2nd cu ora 20.00, vom afla, \u00een direct, c\u00e2\u015ftig\u0103torii edi\u0163iei 26 a Galei Premiilor UNITER. Decizia apar\u0163ine\u00a0<strong>juriului final<\/strong>\u00a0format din\u00a0<strong>DRAGO\u0218 BUHAGIAR, MARINA CONSTANTINESCU, MARCEL IURE\u0218<\/strong>,\u00a0<strong>ANA ULARU<\/strong>\u00a0\u0219i\u00a0<strong>ALEXA VISARION<\/strong>.<\/p>\n","protected":false},"excerpt":{"rendered":"<p>Campania\u00a0\u201ePENTRU TINE CINE E C\u00c2\u015eTIG\u0102TORUL?&#8221;\u00a0ofer\u0103 posibilitatea publicului larg s\u0103-\u015fi sus\u0163in\u0103 arti\u015ftii \u00eendr\u0103gi\u0163i \u2013 campanie interactiv\u0103 de promovare a arti\u015ftilor afla\u021bi \u00een competi\u021bie pentru trofeul UNITER. V\u0103 reamintim c\u0103 pute\u021bi fi parte din gal\u0103, pute\u021bi\u00a0fi\u00a0al\u0103turi de\u00a0arti\u0219tii\u00a0nominaliza\u021bi prin participarea la\u00a0VOTUL PUBLICULUI:https:\/\/www.uniter.ro\/votul-publicului-gala-uniter-2018\/ Site-ul\u00a0www.uniter.ro, pagina noastr\u0103 de facebook \u015fi pagina de youtube\u2013Uniter Romania\u2013g\u0103zduiesc clipuri realizate de profesioni\u015fti din lumea &hellip;<\/p>\n","protected":false},"author":16,"featured_media":62326,"comment_status":"open","ping_status":"open","sticky":false,"template":"","format":"standard","meta":{"inline_featured_image":false,"footnotes":""},"categories":[2038],"tags":[31,1506,15112,15113,14916,1023,308,15114,76],"class_list":["post-62325","post","type-post","status-publish","format-standard","has-post-thumbnail","hentry","category-cultura","tag-alba-iulia","tag-artisti","tag-campania-pentru-tine-cine-e-castigatorul","tag-campanie-interactiva","tag-gala-uniter","tag-promovare","tag-stiri","tag-trofeul-uniter","tag-urbea-mea"],"yoast_head":"<!-- This site is optimized with the Yoast SEO plugin v28.3 - https:\/\/yoast.com\/product\/yoast-seo-wordpress\/ -->\n<title>7 mai: Gala UNITER une\u0219te Teatrul, la Alba Iulia. Campania \u201ePENTRU TINE CINE E C\u00c2\u015eTIG\u0102TORUL?&quot; ofer\u0103 posibilitatea publicului s\u0103-\u015fi sus\u0163in\u0103 favori\u0163ii - Revista Urbea Mea - Revista de Alba<\/title>\n<meta name=\"description\" content=\"Campania\u00a0\u201ePENTRU TINE CINE E C\u00c2\u015eTIG\u0102TORUL?&quot;\u00a0ofer\u0103 posibilitatea publicului larg s\u0103-\u015fi sus\u0163in\u0103 arti\u015ftii \u00eendr\u0103gi\u0163i \u2013 campanie interactiv\u0103 de promovare a\" \/>\n<meta name=\"robots\" content=\"index, follow, max-snippet:-1, max-image-preview:large, max-video-preview:-1\" \/>\n<link rel=\"canonical\" href=\"https:\/\/urbeamea.ro\/albaiulia\/7-mai-gala-uniter-uneste-teatrul-la-alba-iulia-campania-pentru-tine-cine-e-castigatorul-ofera-posibilitatea-publicului-sa-si-sustina-favoritii\/\" \/>\n<meta name=\"twitter:card\" content=\"summary_large_image\" \/>\n<meta name=\"twitter:title\" content=\"7 mai: Gala UNITER une\u0219te Teatrul, la Alba Iulia. Campania \u201ePENTRU TINE CINE E C\u00c2\u015eTIG\u0102TORUL?&quot; ofer\u0103 posibilitatea publicului s\u0103-\u015fi sus\u0163in\u0103 favori\u0163ii - Revista Urbea Mea - Revista de Alba\" \/>\n<meta name=\"twitter:description\" content=\"Campania\u00a0\u201ePENTRU TINE CINE E C\u00c2\u015eTIG\u0102TORUL?&quot;\u00a0ofer\u0103 posibilitatea publicului larg s\u0103-\u015fi sus\u0163in\u0103 arti\u015ftii \u00eendr\u0103gi\u0163i \u2013 campanie interactiv\u0103 de promovare a\" \/>\n<meta name=\"twitter:image\" content=\"https:\/\/urbeamea.ro\/albaiulia\/wp-content\/uploads\/2018\/04\/Votul-publicului.jpg\" \/>\n<meta name=\"twitter:creator\" content=\"@urbeameaweb\" \/>\n<meta name=\"twitter:site\" content=\"@urbeameaweb\" \/>\n<script type=\"application\/ld+json\" class=\"yoast-schema-graph\">{\"@context\":\"https:\\\/\\\/schema.org\",\"@graph\":[{\"@type\":\"Article\",\"@id\":\"https:\\\/\\\/urbeamea.ro\\\/albaiulia\\\/7-mai-gala-uniter-uneste-teatrul-la-alba-iulia-campania-pentru-tine-cine-e-castigatorul-ofera-posibilitatea-publicului-sa-si-sustina-favoritii\\\/#article\",\"isPartOf\":{\"@id\":\"https:\\\/\\\/urbeamea.ro\\\/albaiulia\\\/7-mai-gala-uniter-uneste-teatrul-la-alba-iulia-campania-pentru-tine-cine-e-castigatorul-ofera-posibilitatea-publicului-sa-si-sustina-favoritii\\\/\"},\"author\":{\"name\":\"Redac\u021bia UrbeaMea\",\"@id\":\"https:\\\/\\\/urbeamea.ro\\\/albaiulia\\\/#\\\/schema\\\/person\\\/272ae98052f8ee8980f59848df070247\"},\"headline\":\"7 mai: Gala UNITER une\u0219te Teatrul, la Alba Iulia. Campania \u201ePENTRU TINE CINE E C\u00c2\u015eTIG\u0102TORUL?&#8221; ofer\u0103 posibilitatea publicului s\u0103-\u015fi sus\u0163in\u0103 favori\u0163ii\",\"datePublished\":\"2018-04-29T08:55:09+00:00\",\"mainEntityOfPage\":{\"@id\":\"https:\\\/\\\/urbeamea.ro\\\/albaiulia\\\/7-mai-gala-uniter-uneste-teatrul-la-alba-iulia-campania-pentru-tine-cine-e-castigatorul-ofera-posibilitatea-publicului-sa-si-sustina-favoritii\\\/\"},\"wordCount\":224,\"commentCount\":0,\"image\":{\"@id\":\"https:\\\/\\\/urbeamea.ro\\\/albaiulia\\\/7-mai-gala-uniter-uneste-teatrul-la-alba-iulia-campania-pentru-tine-cine-e-castigatorul-ofera-posibilitatea-publicului-sa-si-sustina-favoritii\\\/#primaryimage\"},\"thumbnailUrl\":\"https:\\\/\\\/urbeamea.ro\\\/albaiulia\\\/wp-content\\\/uploads\\\/2018\\\/04\\\/Votul-publicului.jpg\",\"keywords\":[\"Alba Iulia\",\"artisti\",\"campania pentru tine cine e castigatorul\",\"campanie interactiva\",\"gala uniter\",\"promovare\",\"stiri\",\"trofeul uniter\",\"Urbea Mea\"],\"articleSection\":[\"Cultur\u0103\"],\"inLanguage\":\"ro-RO\",\"potentialAction\":[{\"@type\":\"CommentAction\",\"name\":\"Comment\",\"target\":[\"https:\\\/\\\/urbeamea.ro\\\/albaiulia\\\/7-mai-gala-uniter-uneste-teatrul-la-alba-iulia-campania-pentru-tine-cine-e-castigatorul-ofera-posibilitatea-publicului-sa-si-sustina-favoritii\\\/#respond\"]}]},{\"@type\":\"WebPage\",\"@id\":\"https:\\\/\\\/urbeamea.ro\\\/albaiulia\\\/7-mai-gala-uniter-uneste-teatrul-la-alba-iulia-campania-pentru-tine-cine-e-castigatorul-ofera-posibilitatea-publicului-sa-si-sustina-favoritii\\\/\",\"url\":\"https:\\\/\\\/urbeamea.ro\\\/albaiulia\\\/7-mai-gala-uniter-uneste-teatrul-la-alba-iulia-campania-pentru-tine-cine-e-castigatorul-ofera-posibilitatea-publicului-sa-si-sustina-favoritii\\\/\",\"name\":\"7 mai: Gala UNITER une\u0219te Teatrul, la Alba Iulia. Campania \u201ePENTRU TINE CINE E C\u00c2\u015eTIG\u0102TORUL?\\\" ofer\u0103 posibilitatea publicului s\u0103-\u015fi sus\u0163in\u0103 favori\u0163ii - Revista Urbea Mea - Revista de Alba\",\"isPartOf\":{\"@id\":\"https:\\\/\\\/urbeamea.ro\\\/albaiulia\\\/#website\"},\"primaryImageOfPage\":{\"@id\":\"https:\\\/\\\/urbeamea.ro\\\/albaiulia\\\/7-mai-gala-uniter-uneste-teatrul-la-alba-iulia-campania-pentru-tine-cine-e-castigatorul-ofera-posibilitatea-publicului-sa-si-sustina-favoritii\\\/#primaryimage\"},\"image\":{\"@id\":\"https:\\\/\\\/urbeamea.ro\\\/albaiulia\\\/7-mai-gala-uniter-uneste-teatrul-la-alba-iulia-campania-pentru-tine-cine-e-castigatorul-ofera-posibilitatea-publicului-sa-si-sustina-favoritii\\\/#primaryimage\"},\"thumbnailUrl\":\"https:\\\/\\\/urbeamea.ro\\\/albaiulia\\\/wp-content\\\/uploads\\\/2018\\\/04\\\/Votul-publicului.jpg\",\"datePublished\":\"2018-04-29T08:55:09+00:00\",\"author\":{\"@id\":\"https:\\\/\\\/urbeamea.ro\\\/albaiulia\\\/#\\\/schema\\\/person\\\/272ae98052f8ee8980f59848df070247\"},\"description\":\"Campania\u00a0\u201ePENTRU TINE CINE E C\u00c2\u015eTIG\u0102TORUL?\\\"\u00a0ofer\u0103 posibilitatea publicului larg s\u0103-\u015fi sus\u0163in\u0103 arti\u015ftii \u00eendr\u0103gi\u0163i \u2013 campanie interactiv\u0103 de promovare a\",\"breadcrumb\":{\"@id\":\"https:\\\/\\\/urbeamea.ro\\\/albaiulia\\\/7-mai-gala-uniter-uneste-teatrul-la-alba-iulia-campania-pentru-tine-cine-e-castigatorul-ofera-posibilitatea-publicului-sa-si-sustina-favoritii\\\/#breadcrumb\"},\"inLanguage\":\"ro-RO\",\"potentialAction\":[{\"@type\":\"ReadAction\",\"target\":[\"https:\\\/\\\/urbeamea.ro\\\/albaiulia\\\/7-mai-gala-uniter-uneste-teatrul-la-alba-iulia-campania-pentru-tine-cine-e-castigatorul-ofera-posibilitatea-publicului-sa-si-sustina-favoritii\\\/\"]}]},{\"@type\":\"ImageObject\",\"inLanguage\":\"ro-RO\",\"@id\":\"https:\\\/\\\/urbeamea.ro\\\/albaiulia\\\/7-mai-gala-uniter-uneste-teatrul-la-alba-iulia-campania-pentru-tine-cine-e-castigatorul-ofera-posibilitatea-publicului-sa-si-sustina-favoritii\\\/#primaryimage\",\"url\":\"https:\\\/\\\/urbeamea.ro\\\/albaiulia\\\/wp-content\\\/uploads\\\/2018\\\/04\\\/Votul-publicului.jpg\",\"contentUrl\":\"https:\\\/\\\/urbeamea.ro\\\/albaiulia\\\/wp-content\\\/uploads\\\/2018\\\/04\\\/Votul-publicului.jpg\",\"width\":1200,\"height\":327},{\"@type\":\"BreadcrumbList\",\"@id\":\"https:\\\/\\\/urbeamea.ro\\\/albaiulia\\\/7-mai-gala-uniter-uneste-teatrul-la-alba-iulia-campania-pentru-tine-cine-e-castigatorul-ofera-posibilitatea-publicului-sa-si-sustina-favoritii\\\/#breadcrumb\",\"itemListElement\":[{\"@type\":\"ListItem\",\"position\":1,\"name\":\"Prima pagin\u0103\",\"item\":\"https:\\\/\\\/urbeamea.ro\\\/albaiulia\\\/\"},{\"@type\":\"ListItem\",\"position\":2,\"name\":\"7 mai: Gala UNITER une\u0219te Teatrul, la Alba Iulia. Campania \u201ePENTRU TINE CINE E C\u00c2\u015eTIG\u0102TORUL?&#8221; ofer\u0103 posibilitatea publicului s\u0103-\u015fi sus\u0163in\u0103 favori\u0163ii\"}]},{\"@type\":\"WebSite\",\"@id\":\"https:\\\/\\\/urbeamea.ro\\\/albaiulia\\\/#website\",\"url\":\"https:\\\/\\\/urbeamea.ro\\\/albaiulia\\\/\",\"name\":\"Revista Urbea Mea, Stiri urbane\",\"description\":\"Evenimente \u0219i \u0219tiri din Alba Iulia, Sebe\u0219, Aiud, Blaj\",\"potentialAction\":[{\"@type\":\"SearchAction\",\"target\":{\"@type\":\"EntryPoint\",\"urlTemplate\":\"https:\\\/\\\/urbeamea.ro\\\/albaiulia\\\/?s={search_term_string}\"},\"query-input\":{\"@type\":\"PropertyValueSpecification\",\"valueRequired\":true,\"valueName\":\"search_term_string\"}}],\"inLanguage\":\"ro-RO\"},{\"@type\":\"Person\",\"@id\":\"https:\\\/\\\/urbeamea.ro\\\/albaiulia\\\/#\\\/schema\\\/person\\\/272ae98052f8ee8980f59848df070247\",\"name\":\"Redac\u021bia UrbeaMea\",\"image\":{\"@type\":\"ImageObject\",\"inLanguage\":\"ro-RO\",\"@id\":\"https:\\\/\\\/secure.gravatar.com\\\/avatar\\\/9ce5a9435071fa1037e8468053ead8e513dbbff59009d3069aadb85506d85a27?s=96&d=mm&r=g\",\"url\":\"https:\\\/\\\/secure.gravatar.com\\\/avatar\\\/9ce5a9435071fa1037e8468053ead8e513dbbff59009d3069aadb85506d85a27?s=96&d=mm&r=g\",\"contentUrl\":\"https:\\\/\\\/secure.gravatar.com\\\/avatar\\\/9ce5a9435071fa1037e8468053ead8e513dbbff59009d3069aadb85506d85a27?s=96&d=mm&r=g\",\"caption\":\"Redac\u021bia UrbeaMea\"},\"description\":\"contact@urbeamea.ro\",\"sameAs\":[\"https:\\\/\\\/www.urbeamea.ro\"],\"url\":\"https:\\\/\\\/urbeamea.ro\\\/albaiulia\\\/author\\\/redactia-urbeamea\\\/\"}]}<\/script>\n<!-- \/ Yoast SEO plugin. -->","yoast_head_json":{"title":"7 mai: Gala UNITER une\u0219te Teatrul, la Alba Iulia. Campania \u201ePENTRU TINE CINE E C\u00c2\u015eTIG\u0102TORUL?\" ofer\u0103 posibilitatea publicului s\u0103-\u015fi sus\u0163in\u0103 favori\u0163ii - Revista Urbea Mea - Revista de Alba","description":"Campania\u00a0\u201ePENTRU TINE CINE E C\u00c2\u015eTIG\u0102TORUL?\"\u00a0ofer\u0103 posibilitatea publicului larg s\u0103-\u015fi sus\u0163in\u0103 arti\u015ftii \u00eendr\u0103gi\u0163i \u2013 campanie interactiv\u0103 de promovare a","robots":{"index":"index","follow":"follow","max-snippet":"max-snippet:-1","max-image-preview":"max-image-preview:large","max-video-preview":"max-video-preview:-1"},"canonical":"https:\/\/urbeamea.ro\/albaiulia\/7-mai-gala-uniter-uneste-teatrul-la-alba-iulia-campania-pentru-tine-cine-e-castigatorul-ofera-posibilitatea-publicului-sa-si-sustina-favoritii\/","twitter_card":"summary_large_image","twitter_title":"7 mai: Gala UNITER une\u0219te Teatrul, la Alba Iulia. Campania \u201ePENTRU TINE CINE E C\u00c2\u015eTIG\u0102TORUL?\" ofer\u0103 posibilitatea publicului s\u0103-\u015fi sus\u0163in\u0103 favori\u0163ii - Revista Urbea Mea - Revista de Alba","twitter_description":"Campania\u00a0\u201ePENTRU TINE CINE E C\u00c2\u015eTIG\u0102TORUL?\"\u00a0ofer\u0103 posibilitatea publicului larg s\u0103-\u015fi sus\u0163in\u0103 arti\u015ftii \u00eendr\u0103gi\u0163i \u2013 campanie interactiv\u0103 de promovare a","twitter_image":"https:\/\/urbeamea.ro\/albaiulia\/wp-content\/uploads\/2018\/04\/Votul-publicului.jpg","twitter_creator":"@urbeameaweb","twitter_site":"@urbeameaweb","schema":{"@context":"https:\/\/schema.org","@graph":[{"@type":"Article","@id":"https:\/\/urbeamea.ro\/albaiulia\/7-mai-gala-uniter-uneste-teatrul-la-alba-iulia-campania-pentru-tine-cine-e-castigatorul-ofera-posibilitatea-publicului-sa-si-sustina-favoritii\/#article","isPartOf":{"@id":"https:\/\/urbeamea.ro\/albaiulia\/7-mai-gala-uniter-uneste-teatrul-la-alba-iulia-campania-pentru-tine-cine-e-castigatorul-ofera-posibilitatea-publicului-sa-si-sustina-favoritii\/"},"author":{"name":"Redac\u021bia UrbeaMea","@id":"https:\/\/urbeamea.ro\/albaiulia\/#\/schema\/person\/272ae98052f8ee8980f59848df070247"},"headline":"7 mai: Gala UNITER une\u0219te Teatrul, la Alba Iulia. Campania \u201ePENTRU TINE CINE E C\u00c2\u015eTIG\u0102TORUL?&#8221; ofer\u0103 posibilitatea publicului s\u0103-\u015fi sus\u0163in\u0103 favori\u0163ii","datePublished":"2018-04-29T08:55:09+00:00","mainEntityOfPage":{"@id":"https:\/\/urbeamea.ro\/albaiulia\/7-mai-gala-uniter-uneste-teatrul-la-alba-iulia-campania-pentru-tine-cine-e-castigatorul-ofera-posibilitatea-publicului-sa-si-sustina-favoritii\/"},"wordCount":224,"commentCount":0,"image":{"@id":"https:\/\/urbeamea.ro\/albaiulia\/7-mai-gala-uniter-uneste-teatrul-la-alba-iulia-campania-pentru-tine-cine-e-castigatorul-ofera-posibilitatea-publicului-sa-si-sustina-favoritii\/#primaryimage"},"thumbnailUrl":"https:\/\/urbeamea.ro\/albaiulia\/wp-content\/uploads\/2018\/04\/Votul-publicului.jpg","keywords":["Alba Iulia","artisti","campania pentru tine cine e castigatorul","campanie interactiva","gala uniter","promovare","stiri","trofeul uniter","Urbea Mea"],"articleSection":["Cultur\u0103"],"inLanguage":"ro-RO","potentialAction":[{"@type":"CommentAction","name":"Comment","target":["https:\/\/urbeamea.ro\/albaiulia\/7-mai-gala-uniter-uneste-teatrul-la-alba-iulia-campania-pentru-tine-cine-e-castigatorul-ofera-posibilitatea-publicului-sa-si-sustina-favoritii\/#respond"]}]},{"@type":"WebPage","@id":"https:\/\/urbeamea.ro\/albaiulia\/7-mai-gala-uniter-uneste-teatrul-la-alba-iulia-campania-pentru-tine-cine-e-castigatorul-ofera-posibilitatea-publicului-sa-si-sustina-favoritii\/","url":"https:\/\/urbeamea.ro\/albaiulia\/7-mai-gala-uniter-uneste-teatrul-la-alba-iulia-campania-pentru-tine-cine-e-castigatorul-ofera-posibilitatea-publicului-sa-si-sustina-favoritii\/","name":"7 mai: Gala UNITER une\u0219te Teatrul, la Alba Iulia. Campania \u201ePENTRU TINE CINE E C\u00c2\u015eTIG\u0102TORUL?\" ofer\u0103 posibilitatea publicului s\u0103-\u015fi sus\u0163in\u0103 favori\u0163ii - Revista Urbea Mea - Revista de Alba","isPartOf":{"@id":"https:\/\/urbeamea.ro\/albaiulia\/#website"},"primaryImageOfPage":{"@id":"https:\/\/urbeamea.ro\/albaiulia\/7-mai-gala-uniter-uneste-teatrul-la-alba-iulia-campania-pentru-tine-cine-e-castigatorul-ofera-posibilitatea-publicului-sa-si-sustina-favoritii\/#primaryimage"},"image":{"@id":"https:\/\/urbeamea.ro\/albaiulia\/7-mai-gala-uniter-uneste-teatrul-la-alba-iulia-campania-pentru-tine-cine-e-castigatorul-ofera-posibilitatea-publicului-sa-si-sustina-favoritii\/#primaryimage"},"thumbnailUrl":"https:\/\/urbeamea.ro\/albaiulia\/wp-content\/uploads\/2018\/04\/Votul-publicului.jpg","datePublished":"2018-04-29T08:55:09+00:00","author":{"@id":"https:\/\/urbeamea.ro\/albaiulia\/#\/schema\/person\/272ae98052f8ee8980f59848df070247"},"description":"Campania\u00a0\u201ePENTRU TINE CINE E C\u00c2\u015eTIG\u0102TORUL?\"\u00a0ofer\u0103 posibilitatea publicului larg s\u0103-\u015fi sus\u0163in\u0103 arti\u015ftii \u00eendr\u0103gi\u0163i \u2013 campanie interactiv\u0103 de promovare a","breadcrumb":{"@id":"https:\/\/urbeamea.ro\/albaiulia\/7-mai-gala-uniter-uneste-teatrul-la-alba-iulia-campania-pentru-tine-cine-e-castigatorul-ofera-posibilitatea-publicului-sa-si-sustina-favoritii\/#breadcrumb"},"inLanguage":"ro-RO","potentialAction":[{"@type":"ReadAction","target":["https:\/\/urbeamea.ro\/albaiulia\/7-mai-gala-uniter-uneste-teatrul-la-alba-iulia-campania-pentru-tine-cine-e-castigatorul-ofera-posibilitatea-publicului-sa-si-sustina-favoritii\/"]}]},{"@type":"ImageObject","inLanguage":"ro-RO","@id":"https:\/\/urbeamea.ro\/albaiulia\/7-mai-gala-uniter-uneste-teatrul-la-alba-iulia-campania-pentru-tine-cine-e-castigatorul-ofera-posibilitatea-publicului-sa-si-sustina-favoritii\/#primaryimage","url":"https:\/\/urbeamea.ro\/albaiulia\/wp-content\/uploads\/2018\/04\/Votul-publicului.jpg","contentUrl":"https:\/\/urbeamea.ro\/albaiulia\/wp-content\/uploads\/2018\/04\/Votul-publicului.jpg","width":1200,"height":327},{"@type":"BreadcrumbList","@id":"https:\/\/urbeamea.ro\/albaiulia\/7-mai-gala-uniter-uneste-teatrul-la-alba-iulia-campania-pentru-tine-cine-e-castigatorul-ofera-posibilitatea-publicului-sa-si-sustina-favoritii\/#breadcrumb","itemListElement":[{"@type":"ListItem","position":1,"name":"Prima pagin\u0103","item":"https:\/\/urbeamea.ro\/albaiulia\/"},{"@type":"ListItem","position":2,"name":"7 mai: Gala UNITER une\u0219te Teatrul, la Alba Iulia. Campania \u201ePENTRU TINE CINE E C\u00c2\u015eTIG\u0102TORUL?&#8221; ofer\u0103 posibilitatea publicului s\u0103-\u015fi sus\u0163in\u0103 favori\u0163ii"}]},{"@type":"WebSite","@id":"https:\/\/urbeamea.ro\/albaiulia\/#website","url":"https:\/\/urbeamea.ro\/albaiulia\/","name":"Revista Urbea Mea, Stiri urbane","description":"Evenimente \u0219i \u0219tiri din Alba Iulia, Sebe\u0219, Aiud, Blaj","potentialAction":[{"@type":"SearchAction","target":{"@type":"EntryPoint","urlTemplate":"https:\/\/urbeamea.ro\/albaiulia\/?s={search_term_string}"},"query-input":{"@type":"PropertyValueSpecification","valueRequired":true,"valueName":"search_term_string"}}],"inLanguage":"ro-RO"},{"@type":"Person","@id":"https:\/\/urbeamea.ro\/albaiulia\/#\/schema\/person\/272ae98052f8ee8980f59848df070247","name":"Redac\u021bia UrbeaMea","image":{"@type":"ImageObject","inLanguage":"ro-RO","@id":"https:\/\/secure.gravatar.com\/avatar\/9ce5a9435071fa1037e8468053ead8e513dbbff59009d3069aadb85506d85a27?s=96&d=mm&r=g","url":"https:\/\/secure.gravatar.com\/avatar\/9ce5a9435071fa1037e8468053ead8e513dbbff59009d3069aadb85506d85a27?s=96&d=mm&r=g","contentUrl":"https:\/\/secure.gravatar.com\/avatar\/9ce5a9435071fa1037e8468053ead8e513dbbff59009d3069aadb85506d85a27?s=96&d=mm&r=g","caption":"Redac\u021bia UrbeaMea"},"description":"contact@urbeamea.ro","sameAs":["https:\/\/www.urbeamea.ro"],"url":"https:\/\/urbeamea.ro\/albaiulia\/author\/redactia-urbeamea\/"}]}},"_links":{"self":[{"href":"https:\/\/urbeamea.ro\/albaiulia\/wp-json\/wp\/v2\/posts\/62325","targetHints":{"allow":["GET"]}}],"collection":[{"href":"https:\/\/urbeamea.ro\/albaiulia\/wp-json\/wp\/v2\/posts"}],"about":[{"href":"https:\/\/urbeamea.ro\/albaiulia\/wp-json\/wp\/v2\/types\/post"}],"author":[{"embeddable":true,"href":"https:\/\/urbeamea.ro\/albaiulia\/wp-json\/wp\/v2\/users\/16"}],"replies":[{"embeddable":true,"href":"https:\/\/urbeamea.ro\/albaiulia\/wp-json\/wp\/v2\/comments?post=62325"}],"version-history":[{"count":0,"href":"https:\/\/urbeamea.ro\/albaiulia\/wp-json\/wp\/v2\/posts\/62325\/revisions"}],"wp:featuredmedia":[{"embeddable":true,"href":"https:\/\/urbeamea.ro\/albaiulia\/wp-json\/wp\/v2\/media\/62326"}],"wp:attachment":[{"href":"https:\/\/urbeamea.ro\/albaiulia\/wp-json\/wp\/v2\/media?parent=62325"}],"wp:term":[{"taxonomy":"category","embeddable":true,"href":"https:\/\/urbeamea.ro\/albaiulia\/wp-json\/wp\/v2\/categories?post=62325"},{"taxonomy":"post_tag","embeddable":true,"href":"https:\/\/urbeamea.ro\/albaiulia\/wp-json\/wp\/v2\/tags?post=62325"}],"curies":[{"name":"wp","href":"https:\/\/api.w.org\/{rel}","templated":true}]}}