{"id":6243,"date":"2015-07-15T07:11:02","date_gmt":"2015-07-15T04:11:02","guid":{"rendered":"http:\/\/urbeamea.ro\/albaiulia\/?p=6243"},"modified":"2016-01-18T22:26:54","modified_gmt":"2016-01-18T20:26:54","slug":"economia-sociala-solutia-ocuparii-pentru-grupurile-vulnerabile-proiect-ce-a-dus-la-infiintarea-a-12-intreprinderi-sociale","status":"publish","type":"post","link":"https:\/\/urbeamea.ro\/albaiulia\/economia-sociala-solutia-ocuparii-pentru-grupurile-vulnerabile-proiect-ce-a-dus-la-infiintarea-a-12-intreprinderi-sociale\/","title":{"rendered":"\u201dEconomia social\u0103 &#8211; solu\u0163ia ocup\u0103rii pentru grupurile vulnerabile\u201d &#8211; proiect ce a dus la \u00eenfiin\u0163area a 12 intreprinderi sociale"},"content":{"rendered":"<p><a href=\"http:\/\/urbeamea.ro\/albaiulia\/wp-content\/uploads\/2015\/07\/infiintarefirme.jpg\"><img loading=\"lazy\" decoding=\"async\" class=\"alignleft size-medium wp-image-6244\" src=\"http:\/\/urbeamea.ro\/albaiulia\/wp-content\/uploads\/2015\/07\/infiintarefirme-300x225.jpg\" alt=\"infiintarefirme\" width=\"300\" height=\"225\" \/><\/a>La 8 luni de la \u00eenceperea proiectului, Asocia\u021bia A.S. 2001 Alba Iulia, \u00een calitate de beneficiar al proiectului \u201dEconomia social\u0103 &#8211; solu\u0163ia ocup\u0103rii pentru grupurile vulnerabile\u201d, \u00eempreun\u0103 cu Asocia\u021bia pentru promovarea poten\u021bialului rural Procivitas Alba, \u00een calitate de partener, am ob\u0163inut c\u00e2teva rezultate importante:<\/p>\n<p>Prin proiect s-au \u00eenfiin\u0163at 12 structuri de economie social\u0103, au fost create 83 de noi locuri de munc\u0103 \u00een cadrul structurilor de economie social\u0103 \u00eenfiin\u0163ate, din care 49 locuri de munc\u0103 pentru persoanele din grupurile vulnerabile.<\/p>\n<p>76 de persoane din grupurile vulnerabile, expuse riscului de excluziune social\u0103, au fost sau sunt implicate \u00een programele de formare ini\u0163iate, din care 12 la cursul de brutar, 15 la cursul de lucr\u0103tor finisor \u00een construc\u0163ii, 20 la cursul de \u00eengrijitoare b\u0103tr\u00e2ni la domiciliu, 16 la cursul de instalator apa canal \u015fi 13 la primul curs de competente antreprenoriale.<\/p>\n<p>\u00centreprinderile sociale \u00eenfiin\u0163ate vor fi sus\u0163inute pe o perioad\u0103 de 6 &#8211; 9 luni prin ajutoare de minimis, totalul ajutoarelor de minimis pentru cele 12 structuri fiind de 6.830.538,36 lei.<\/p>\n<p>Dup\u0103 aceast\u0103 perioad\u0103, structurile \u00eenfiin\u0163ate trebuie s\u0103 se poat\u0103 autosus\u0163ine cel pu\u0163in 1 an de la terminarea proiectului, aceasta \u00eensemn\u00e2nd c\u0103 fiecare \u015eES s\u0103 men\u0163in\u0103 locurile de munc\u0103 create din care cel pu\u0163in 50% pentru grupurile vulnerabile, iar timpul de lucru alocat grupurilor vulnerabile trebuie s\u0103 fie de minim 30% din timpul total de lucru.<\/p>\n<p>ABC-ul Prieteniei SRL activeaz\u0103 \u00een domeniul educa\u0163ional \u015fi \u00ee\u015fi desf\u0103\u015foar\u0103 activitatea \u00een str. Decebal nr.22, Alba Iulia. (Facebook: Hai S\u0103 Fim Prieteni!). Structur\u0103 a creat 15 locuri de munc\u0103, din care 8 locuri de munc\u0103 pentru persoane din grupurile vulnerabile.<\/p>\n<p>Atelier Brut\u0103rie Ghirbom SRL &#8211; cu sediul \u00een Ghirbom, str. Principala nr.326, www.brutariaghirbom.ro, activeaz\u0103 \u00een domeniul panifica\u0163iei tradi\u0163ionale, \u015fi a creat, p\u00e2n\u0103 \u00een prezent, 9 locuri de munc\u0103, din care 6 pentru persoane din grupurile vulnerabile. Primul magazin de prezentare al Brut\u0103riei se afla vis-a-vis de Liceul Militar, \u00een Alba Iulia, iar al doilea magazin s-a deschis la data de 1 iulie, \u00een Sebe\u015f, l\u00e2ng\u0103 Parcul Central.<\/p>\n<p>S-au mai \u00eenfiin\u0163at dou\u0103 \u00eentreprinderi sociale, \u00een domeniul construc\u0163iilor &#8211; Keops Construct Solution SRL (cu sediul social \u00een sat Sard, comun\u0103 Ighiu, nr.367, Alba, www.keopsconstructsolution.ro) \u015fi Creativ Smart Construct SRL (cu sediul \u00een sat Ciugud, str. Dup\u0103 Gr\u0103dini nr.32B, comun\u0103 Ciugud, Alba, www.creativsmartconstruct.ro) -, care au creat p\u00e2n\u0103 \u00een prezent 11 locuri de munc\u0103, din care 9 pentru grupurile vulnerabile.<\/p>\n<p>O structur\u0103 de economie social\u0103 \u00eenfiin\u0163at\u0103 activeaz\u0103 \u00een domeniul serviciilor de arhivare &#8211; Super Arhive SRL, cu sediul social \u00een Aiud, str. Brazilor nr.37, Alba. Societatea a creat 7 locuri de munc\u0103, din care 3 locuri de munc\u0103 pentru persoane din grupul \u0163int\u0103 al proiectului, persoane supuse riscului de excluziune social\u0103.<\/p>\n<p>\u00cen domeniul produc\u0163iei produselor farmaceutice \u015fi cosmetice s-a \u00eenfiin\u0163at Cosmetics Venom SRL, cu sediul \u00een sat Totoi nr.228, comun\u0103 S\u00e2ntimbru, Alba. Structura de economie social\u0103 a contribuit la crearea a 7 locuri de munc\u0103 p\u00e2n\u0103 \u00een prezent, din care 4 locuri de munc\u0103 pentru persoanele din grupurile vulnerabile.<\/p>\n<p>\u00cen domeniul produc\u0163iei de ambalaje din carton, structura de economie social\u0103 Cartadi Alba SRL, cu sediul \u00een Ciugud, str. Dup\u0103 Gr\u0103dini nr.32B, Alba, www.cartadi.ro. a oferit locuri de munc\u0103 pentru 7 persoane, din care 4 persoane din grupurile vulnerabile.<\/p>\n<p>Sara \u00cengrijire socio-medicala &#8211; cu sediul \u00een Strem\u0163, str. Principala nr. 456, www.saramedical.ro, activeaz\u0103 \u00een domeniul serviciilor socio-medicale, \u015fi a creat, p\u00e2n\u0103 \u00een prezent, 6 locuri de munc\u0103, din care 4 pentru persoane din grupurile vulnerabile.<\/p>\n<p>Asocia\u0163ia Sofia &#8211; Cur\u0103\u0163enie \u015fi \u00cengrijire la domiciliu &#8211; cu sediul \u00een Alba Iulia, Bd. Revolu\u0163iei nr. 22 (zona Mercur), www.asociatiasofia.ro, activeaz\u0103 \u00een domeniul serviciilor de cur\u0103\u0163enie \u015fi \u00eengrijire b\u0103tr\u00e2ni la domiciliu, \u015fi a creat, p\u00e2n\u0103 \u00een prezent, 4 locuri de munc\u0103 pentru persoane din grupurile vulnerabile, din totalul de 7.<\/p>\n<p>Asocia\u0163ia Fantezii textile Lucia &#8211; cu sediul social \u00een Strem\u0163, str. Principala nr. 208, \u015fi punct de lucru \u00een Strem\u0163, str. Velii nr.137, activeaz\u0103 \u00een domeniul produc\u0163iei de juc\u0103rii didactice \u015fi \u00eembr\u0103c\u0103minte pentru animale de companie, \u015fi a creat, p\u00e2n\u0103 \u00een prezent, 6 locuri de munc\u0103, din care 4 pentru persoane din grupurile vulnerabile.<\/p>\n<p>Urania Instal &#8211; cu sediul social \u00een sat Luna nr. 582, com. Luna, jud. Cluj, activeaz\u0103 \u00een domeniul lucr\u0103rilor de instala\u0163ii sanitare, de \u00eenc\u0103lzire \u015fi de aer condi\u0163ionat. Societatea de economie social\u0103 a creat, p\u00e2n\u0103 \u00een prezent, 3 locuri de munc\u0103 pentru persoane din grupurile vulnerabile, dintr-un total de 6.<\/p>\n<p>Asocia\u0163ia Tradi\u0163ii textile &#8211; cu sediul \u00een Limba, str. Principala nr.43, activeaz\u0103 \u00een domeniul produc\u0163iei de obiecte tradi\u0163ionale me\u015fte\u015fug\u0103re\u015fti \u015fi articole textile, \u015fi a creat, p\u00e2n\u0103 \u00een prezent, 2 locuri de munc\u0103.<\/p>\n<p>Planific\u0103m demararea unui ultim program de specializare \u00een domeniul competentelor antreprenoriale, \u00een Alba Iulia, unde s\u0103 cuprindem cel pu\u0163in 17 persoane apar\u0163in\u00e2nd grupului vulnerabil.<\/p>\n<p>Proiectul este cofinan\u0163at din Fondul Social European prin Programul Opera\u0163ional Sectorial Dezvoltarea Resurselor Umane 2007-2013 \u201eInveste\u015fte \u00een Oameni\u201d, Axa Prioritar\u0103 6: \u201ePromovarea incluziunii sociale\u201d, Domeniul major de interven\u0163ie 6.1: \u201dDezvoltarea economiei sociale\u201d.<\/p>\n<p>Valoarea total\u0103 eligibila a proiectului este de 8.513.478,21 lei.\u00a0Mai multe informa\u00feii despre programul de finan\u00feare pot fi ob\u00feinute de pe site-ul AMPOSDRU (http:\/\/www.fseromania.ro\/index.php) sau la una dintre datele de contact ale beneficiarului.<\/p>\n","protected":false},"excerpt":{"rendered":"<p>La 8 luni de la \u00eenceperea proiectului, Asocia\u021bia A.S. 2001 Alba Iulia, \u00een calitate de beneficiar al proiectului \u201dEconomia social\u0103 &#8211; solu\u0163ia ocup\u0103rii pentru grupurile vulnerabile\u201d, \u00eempreun\u0103 cu Asocia\u021bia pentru promovarea poten\u021bialului rural Procivitas Alba, \u00een calitate de partener, am ob\u0163inut c\u00e2teva rezultate importante: Prin proiect s-au \u00eenfiin\u0163at 12 structuri de economie social\u0103, au fost &hellip;<\/p>\n","protected":false},"author":16,"featured_media":6244,"comment_status":"open","ping_status":"open","sticky":false,"template":"","format":"standard","meta":{"inline_featured_image":false,"footnotes":""},"categories":[2034],"tags":[],"class_list":["post-6243","post","type-post","status-publish","format-standard","has-post-thumbnail","hentry","category-social"],"yoast_head":"<!-- This site is optimized with the Yoast SEO plugin v27.4 - https:\/\/yoast.com\/product\/yoast-seo-wordpress\/ -->\n<title>\u201dEconomia social\u0103 - solu\u0163ia ocup\u0103rii pentru grupurile vulnerabile\u201d - proiect ce a dus la \u00eenfiin\u0163area a 12 intreprinderi sociale - Revista Urbea Mea - Revista de Alba<\/title>\n<meta name=\"description\" content=\"La 8 luni de la \u00eenceperea proiectului, Asocia\u021bia A.S. 2001 Alba Iulia, \u00een calitate de beneficiar al proiectului \u201dEconomia social\u0103 - solu\u0163ia ocup\u0103rii\" \/>\n<meta name=\"robots\" content=\"index, follow, max-snippet:-1, max-image-preview:large, max-video-preview:-1\" \/>\n<link rel=\"canonical\" href=\"https:\/\/urbeamea.ro\/albaiulia\/economia-sociala-solutia-ocuparii-pentru-grupurile-vulnerabile-proiect-ce-a-dus-la-infiintarea-a-12-intreprinderi-sociale\/\" \/>\n<meta name=\"twitter:card\" content=\"summary_large_image\" \/>\n<meta name=\"twitter:title\" content=\"\u201dEconomia social\u0103 - solu\u0163ia ocup\u0103rii pentru grupurile vulnerabile\u201d - proiect ce a dus la \u00eenfiin\u0163area a 12 intreprinderi sociale - Revista Urbea Mea - Revista de Alba\" \/>\n<meta name=\"twitter:description\" content=\"La 8 luni de la \u00eenceperea proiectului, Asocia\u021bia A.S. 2001 Alba Iulia, \u00een calitate de beneficiar al proiectului \u201dEconomia social\u0103 - solu\u0163ia ocup\u0103rii\" \/>\n<meta name=\"twitter:image\" content=\"https:\/\/urbeamea.ro\/albaiulia\/wp-content\/uploads\/2015\/07\/infiintarefirme.jpg\" \/>\n<meta name=\"twitter:creator\" content=\"@urbeameaweb\" \/>\n<meta name=\"twitter:site\" content=\"@urbeameaweb\" \/>\n<script type=\"application\/ld+json\" class=\"yoast-schema-graph\">{\"@context\":\"https:\\\/\\\/schema.org\",\"@graph\":[{\"@type\":\"Article\",\"@id\":\"https:\\\/\\\/urbeamea.ro\\\/albaiulia\\\/economia-sociala-solutia-ocuparii-pentru-grupurile-vulnerabile-proiect-ce-a-dus-la-infiintarea-a-12-intreprinderi-sociale\\\/#article\",\"isPartOf\":{\"@id\":\"https:\\\/\\\/urbeamea.ro\\\/albaiulia\\\/economia-sociala-solutia-ocuparii-pentru-grupurile-vulnerabile-proiect-ce-a-dus-la-infiintarea-a-12-intreprinderi-sociale\\\/\"},\"author\":{\"name\":\"Redac\u021bia UrbeaMea\",\"@id\":\"https:\\\/\\\/urbeamea.ro\\\/albaiulia\\\/#\\\/schema\\\/person\\\/272ae98052f8ee8980f59848df070247\"},\"headline\":\"\u201dEconomia social\u0103 &#8211; solu\u0163ia ocup\u0103rii pentru grupurile vulnerabile\u201d &#8211; proiect ce a dus la \u00eenfiin\u0163area a 12 intreprinderi sociale\",\"datePublished\":\"2015-07-15T04:11:02+00:00\",\"dateModified\":\"2016-01-18T20:26:54+00:00\",\"mainEntityOfPage\":{\"@id\":\"https:\\\/\\\/urbeamea.ro\\\/albaiulia\\\/economia-sociala-solutia-ocuparii-pentru-grupurile-vulnerabile-proiect-ce-a-dus-la-infiintarea-a-12-intreprinderi-sociale\\\/\"},\"wordCount\":914,\"commentCount\":0,\"image\":{\"@id\":\"https:\\\/\\\/urbeamea.ro\\\/albaiulia\\\/economia-sociala-solutia-ocuparii-pentru-grupurile-vulnerabile-proiect-ce-a-dus-la-infiintarea-a-12-intreprinderi-sociale\\\/#primaryimage\"},\"thumbnailUrl\":\"https:\\\/\\\/urbeamea.ro\\\/albaiulia\\\/wp-content\\\/uploads\\\/2015\\\/07\\\/infiintarefirme.jpg\",\"articleSection\":[\"Social\"],\"inLanguage\":\"ro-RO\",\"potentialAction\":[{\"@type\":\"CommentAction\",\"name\":\"Comment\",\"target\":[\"https:\\\/\\\/urbeamea.ro\\\/albaiulia\\\/economia-sociala-solutia-ocuparii-pentru-grupurile-vulnerabile-proiect-ce-a-dus-la-infiintarea-a-12-intreprinderi-sociale\\\/#respond\"]}]},{\"@type\":\"WebPage\",\"@id\":\"https:\\\/\\\/urbeamea.ro\\\/albaiulia\\\/economia-sociala-solutia-ocuparii-pentru-grupurile-vulnerabile-proiect-ce-a-dus-la-infiintarea-a-12-intreprinderi-sociale\\\/\",\"url\":\"https:\\\/\\\/urbeamea.ro\\\/albaiulia\\\/economia-sociala-solutia-ocuparii-pentru-grupurile-vulnerabile-proiect-ce-a-dus-la-infiintarea-a-12-intreprinderi-sociale\\\/\",\"name\":\"\u201dEconomia social\u0103 - solu\u0163ia ocup\u0103rii pentru grupurile vulnerabile\u201d - proiect ce a dus la \u00eenfiin\u0163area a 12 intreprinderi sociale - Revista Urbea Mea - Revista de Alba\",\"isPartOf\":{\"@id\":\"https:\\\/\\\/urbeamea.ro\\\/albaiulia\\\/#website\"},\"primaryImageOfPage\":{\"@id\":\"https:\\\/\\\/urbeamea.ro\\\/albaiulia\\\/economia-sociala-solutia-ocuparii-pentru-grupurile-vulnerabile-proiect-ce-a-dus-la-infiintarea-a-12-intreprinderi-sociale\\\/#primaryimage\"},\"image\":{\"@id\":\"https:\\\/\\\/urbeamea.ro\\\/albaiulia\\\/economia-sociala-solutia-ocuparii-pentru-grupurile-vulnerabile-proiect-ce-a-dus-la-infiintarea-a-12-intreprinderi-sociale\\\/#primaryimage\"},\"thumbnailUrl\":\"https:\\\/\\\/urbeamea.ro\\\/albaiulia\\\/wp-content\\\/uploads\\\/2015\\\/07\\\/infiintarefirme.jpg\",\"datePublished\":\"2015-07-15T04:11:02+00:00\",\"dateModified\":\"2016-01-18T20:26:54+00:00\",\"author\":{\"@id\":\"https:\\\/\\\/urbeamea.ro\\\/albaiulia\\\/#\\\/schema\\\/person\\\/272ae98052f8ee8980f59848df070247\"},\"description\":\"La 8 luni de la \u00eenceperea proiectului, Asocia\u021bia A.S. 2001 Alba Iulia, \u00een calitate de beneficiar al proiectului \u201dEconomia social\u0103 - solu\u0163ia ocup\u0103rii\",\"breadcrumb\":{\"@id\":\"https:\\\/\\\/urbeamea.ro\\\/albaiulia\\\/economia-sociala-solutia-ocuparii-pentru-grupurile-vulnerabile-proiect-ce-a-dus-la-infiintarea-a-12-intreprinderi-sociale\\\/#breadcrumb\"},\"inLanguage\":\"ro-RO\",\"potentialAction\":[{\"@type\":\"ReadAction\",\"target\":[\"https:\\\/\\\/urbeamea.ro\\\/albaiulia\\\/economia-sociala-solutia-ocuparii-pentru-grupurile-vulnerabile-proiect-ce-a-dus-la-infiintarea-a-12-intreprinderi-sociale\\\/\"]}]},{\"@type\":\"ImageObject\",\"inLanguage\":\"ro-RO\",\"@id\":\"https:\\\/\\\/urbeamea.ro\\\/albaiulia\\\/economia-sociala-solutia-ocuparii-pentru-grupurile-vulnerabile-proiect-ce-a-dus-la-infiintarea-a-12-intreprinderi-sociale\\\/#primaryimage\",\"url\":\"https:\\\/\\\/urbeamea.ro\\\/albaiulia\\\/wp-content\\\/uploads\\\/2015\\\/07\\\/infiintarefirme.jpg\",\"contentUrl\":\"https:\\\/\\\/urbeamea.ro\\\/albaiulia\\\/wp-content\\\/uploads\\\/2015\\\/07\\\/infiintarefirme.jpg\",\"width\":800,\"height\":599},{\"@type\":\"BreadcrumbList\",\"@id\":\"https:\\\/\\\/urbeamea.ro\\\/albaiulia\\\/economia-sociala-solutia-ocuparii-pentru-grupurile-vulnerabile-proiect-ce-a-dus-la-infiintarea-a-12-intreprinderi-sociale\\\/#breadcrumb\",\"itemListElement\":[{\"@type\":\"ListItem\",\"position\":1,\"name\":\"Prima pagin\u0103\",\"item\":\"https:\\\/\\\/urbeamea.ro\\\/albaiulia\\\/\"},{\"@type\":\"ListItem\",\"position\":2,\"name\":\"\u201dEconomia social\u0103 &#8211; solu\u0163ia ocup\u0103rii pentru grupurile vulnerabile\u201d &#8211; proiect ce a dus la \u00eenfiin\u0163area a 12 intreprinderi sociale\"}]},{\"@type\":\"WebSite\",\"@id\":\"https:\\\/\\\/urbeamea.ro\\\/albaiulia\\\/#website\",\"url\":\"https:\\\/\\\/urbeamea.ro\\\/albaiulia\\\/\",\"name\":\"Revista Urbea Mea, Stiri urbane\",\"description\":\"Evenimente \u0219i \u0219tiri din Alba Iulia, Sebe\u0219, Aiud, Blaj\",\"potentialAction\":[{\"@type\":\"SearchAction\",\"target\":{\"@type\":\"EntryPoint\",\"urlTemplate\":\"https:\\\/\\\/urbeamea.ro\\\/albaiulia\\\/?s={search_term_string}\"},\"query-input\":{\"@type\":\"PropertyValueSpecification\",\"valueRequired\":true,\"valueName\":\"search_term_string\"}}],\"inLanguage\":\"ro-RO\"},{\"@type\":\"Person\",\"@id\":\"https:\\\/\\\/urbeamea.ro\\\/albaiulia\\\/#\\\/schema\\\/person\\\/272ae98052f8ee8980f59848df070247\",\"name\":\"Redac\u021bia UrbeaMea\",\"image\":{\"@type\":\"ImageObject\",\"inLanguage\":\"ro-RO\",\"@id\":\"https:\\\/\\\/secure.gravatar.com\\\/avatar\\\/9ce5a9435071fa1037e8468053ead8e513dbbff59009d3069aadb85506d85a27?s=96&d=mm&r=g\",\"url\":\"https:\\\/\\\/secure.gravatar.com\\\/avatar\\\/9ce5a9435071fa1037e8468053ead8e513dbbff59009d3069aadb85506d85a27?s=96&d=mm&r=g\",\"contentUrl\":\"https:\\\/\\\/secure.gravatar.com\\\/avatar\\\/9ce5a9435071fa1037e8468053ead8e513dbbff59009d3069aadb85506d85a27?s=96&d=mm&r=g\",\"caption\":\"Redac\u021bia UrbeaMea\"},\"description\":\"contact@urbeamea.ro\",\"sameAs\":[\"https:\\\/\\\/www.urbeamea.ro\"],\"url\":\"https:\\\/\\\/urbeamea.ro\\\/albaiulia\\\/author\\\/redactia-urbeamea\\\/\"}]}<\/script>\n<!-- \/ Yoast SEO plugin. -->","yoast_head_json":{"title":"\u201dEconomia social\u0103 - solu\u0163ia ocup\u0103rii pentru grupurile vulnerabile\u201d - proiect ce a dus la \u00eenfiin\u0163area a 12 intreprinderi sociale - Revista Urbea Mea - Revista de Alba","description":"La 8 luni de la \u00eenceperea proiectului, Asocia\u021bia A.S. 2001 Alba Iulia, \u00een calitate de beneficiar al proiectului \u201dEconomia social\u0103 - solu\u0163ia ocup\u0103rii","robots":{"index":"index","follow":"follow","max-snippet":"max-snippet:-1","max-image-preview":"max-image-preview:large","max-video-preview":"max-video-preview:-1"},"canonical":"https:\/\/urbeamea.ro\/albaiulia\/economia-sociala-solutia-ocuparii-pentru-grupurile-vulnerabile-proiect-ce-a-dus-la-infiintarea-a-12-intreprinderi-sociale\/","twitter_card":"summary_large_image","twitter_title":"\u201dEconomia social\u0103 - solu\u0163ia ocup\u0103rii pentru grupurile vulnerabile\u201d - proiect ce a dus la \u00eenfiin\u0163area a 12 intreprinderi sociale - Revista Urbea Mea - Revista de Alba","twitter_description":"La 8 luni de la \u00eenceperea proiectului, Asocia\u021bia A.S. 2001 Alba Iulia, \u00een calitate de beneficiar al proiectului \u201dEconomia social\u0103 - solu\u0163ia ocup\u0103rii","twitter_image":"https:\/\/urbeamea.ro\/albaiulia\/wp-content\/uploads\/2015\/07\/infiintarefirme.jpg","twitter_creator":"@urbeameaweb","twitter_site":"@urbeameaweb","schema":{"@context":"https:\/\/schema.org","@graph":[{"@type":"Article","@id":"https:\/\/urbeamea.ro\/albaiulia\/economia-sociala-solutia-ocuparii-pentru-grupurile-vulnerabile-proiect-ce-a-dus-la-infiintarea-a-12-intreprinderi-sociale\/#article","isPartOf":{"@id":"https:\/\/urbeamea.ro\/albaiulia\/economia-sociala-solutia-ocuparii-pentru-grupurile-vulnerabile-proiect-ce-a-dus-la-infiintarea-a-12-intreprinderi-sociale\/"},"author":{"name":"Redac\u021bia UrbeaMea","@id":"https:\/\/urbeamea.ro\/albaiulia\/#\/schema\/person\/272ae98052f8ee8980f59848df070247"},"headline":"\u201dEconomia social\u0103 &#8211; solu\u0163ia ocup\u0103rii pentru grupurile vulnerabile\u201d &#8211; proiect ce a dus la \u00eenfiin\u0163area a 12 intreprinderi sociale","datePublished":"2015-07-15T04:11:02+00:00","dateModified":"2016-01-18T20:26:54+00:00","mainEntityOfPage":{"@id":"https:\/\/urbeamea.ro\/albaiulia\/economia-sociala-solutia-ocuparii-pentru-grupurile-vulnerabile-proiect-ce-a-dus-la-infiintarea-a-12-intreprinderi-sociale\/"},"wordCount":914,"commentCount":0,"image":{"@id":"https:\/\/urbeamea.ro\/albaiulia\/economia-sociala-solutia-ocuparii-pentru-grupurile-vulnerabile-proiect-ce-a-dus-la-infiintarea-a-12-intreprinderi-sociale\/#primaryimage"},"thumbnailUrl":"https:\/\/urbeamea.ro\/albaiulia\/wp-content\/uploads\/2015\/07\/infiintarefirme.jpg","articleSection":["Social"],"inLanguage":"ro-RO","potentialAction":[{"@type":"CommentAction","name":"Comment","target":["https:\/\/urbeamea.ro\/albaiulia\/economia-sociala-solutia-ocuparii-pentru-grupurile-vulnerabile-proiect-ce-a-dus-la-infiintarea-a-12-intreprinderi-sociale\/#respond"]}]},{"@type":"WebPage","@id":"https:\/\/urbeamea.ro\/albaiulia\/economia-sociala-solutia-ocuparii-pentru-grupurile-vulnerabile-proiect-ce-a-dus-la-infiintarea-a-12-intreprinderi-sociale\/","url":"https:\/\/urbeamea.ro\/albaiulia\/economia-sociala-solutia-ocuparii-pentru-grupurile-vulnerabile-proiect-ce-a-dus-la-infiintarea-a-12-intreprinderi-sociale\/","name":"\u201dEconomia social\u0103 - solu\u0163ia ocup\u0103rii pentru grupurile vulnerabile\u201d - proiect ce a dus la \u00eenfiin\u0163area a 12 intreprinderi sociale - Revista Urbea Mea - Revista de Alba","isPartOf":{"@id":"https:\/\/urbeamea.ro\/albaiulia\/#website"},"primaryImageOfPage":{"@id":"https:\/\/urbeamea.ro\/albaiulia\/economia-sociala-solutia-ocuparii-pentru-grupurile-vulnerabile-proiect-ce-a-dus-la-infiintarea-a-12-intreprinderi-sociale\/#primaryimage"},"image":{"@id":"https:\/\/urbeamea.ro\/albaiulia\/economia-sociala-solutia-ocuparii-pentru-grupurile-vulnerabile-proiect-ce-a-dus-la-infiintarea-a-12-intreprinderi-sociale\/#primaryimage"},"thumbnailUrl":"https:\/\/urbeamea.ro\/albaiulia\/wp-content\/uploads\/2015\/07\/infiintarefirme.jpg","datePublished":"2015-07-15T04:11:02+00:00","dateModified":"2016-01-18T20:26:54+00:00","author":{"@id":"https:\/\/urbeamea.ro\/albaiulia\/#\/schema\/person\/272ae98052f8ee8980f59848df070247"},"description":"La 8 luni de la \u00eenceperea proiectului, Asocia\u021bia A.S. 2001 Alba Iulia, \u00een calitate de beneficiar al proiectului \u201dEconomia social\u0103 - solu\u0163ia ocup\u0103rii","breadcrumb":{"@id":"https:\/\/urbeamea.ro\/albaiulia\/economia-sociala-solutia-ocuparii-pentru-grupurile-vulnerabile-proiect-ce-a-dus-la-infiintarea-a-12-intreprinderi-sociale\/#breadcrumb"},"inLanguage":"ro-RO","potentialAction":[{"@type":"ReadAction","target":["https:\/\/urbeamea.ro\/albaiulia\/economia-sociala-solutia-ocuparii-pentru-grupurile-vulnerabile-proiect-ce-a-dus-la-infiintarea-a-12-intreprinderi-sociale\/"]}]},{"@type":"ImageObject","inLanguage":"ro-RO","@id":"https:\/\/urbeamea.ro\/albaiulia\/economia-sociala-solutia-ocuparii-pentru-grupurile-vulnerabile-proiect-ce-a-dus-la-infiintarea-a-12-intreprinderi-sociale\/#primaryimage","url":"https:\/\/urbeamea.ro\/albaiulia\/wp-content\/uploads\/2015\/07\/infiintarefirme.jpg","contentUrl":"https:\/\/urbeamea.ro\/albaiulia\/wp-content\/uploads\/2015\/07\/infiintarefirme.jpg","width":800,"height":599},{"@type":"BreadcrumbList","@id":"https:\/\/urbeamea.ro\/albaiulia\/economia-sociala-solutia-ocuparii-pentru-grupurile-vulnerabile-proiect-ce-a-dus-la-infiintarea-a-12-intreprinderi-sociale\/#breadcrumb","itemListElement":[{"@type":"ListItem","position":1,"name":"Prima pagin\u0103","item":"https:\/\/urbeamea.ro\/albaiulia\/"},{"@type":"ListItem","position":2,"name":"\u201dEconomia social\u0103 &#8211; solu\u0163ia ocup\u0103rii pentru grupurile vulnerabile\u201d &#8211; proiect ce a dus la \u00eenfiin\u0163area a 12 intreprinderi sociale"}]},{"@type":"WebSite","@id":"https:\/\/urbeamea.ro\/albaiulia\/#website","url":"https:\/\/urbeamea.ro\/albaiulia\/","name":"Revista Urbea Mea, Stiri urbane","description":"Evenimente \u0219i \u0219tiri din Alba Iulia, Sebe\u0219, Aiud, Blaj","potentialAction":[{"@type":"SearchAction","target":{"@type":"EntryPoint","urlTemplate":"https:\/\/urbeamea.ro\/albaiulia\/?s={search_term_string}"},"query-input":{"@type":"PropertyValueSpecification","valueRequired":true,"valueName":"search_term_string"}}],"inLanguage":"ro-RO"},{"@type":"Person","@id":"https:\/\/urbeamea.ro\/albaiulia\/#\/schema\/person\/272ae98052f8ee8980f59848df070247","name":"Redac\u021bia UrbeaMea","image":{"@type":"ImageObject","inLanguage":"ro-RO","@id":"https:\/\/secure.gravatar.com\/avatar\/9ce5a9435071fa1037e8468053ead8e513dbbff59009d3069aadb85506d85a27?s=96&d=mm&r=g","url":"https:\/\/secure.gravatar.com\/avatar\/9ce5a9435071fa1037e8468053ead8e513dbbff59009d3069aadb85506d85a27?s=96&d=mm&r=g","contentUrl":"https:\/\/secure.gravatar.com\/avatar\/9ce5a9435071fa1037e8468053ead8e513dbbff59009d3069aadb85506d85a27?s=96&d=mm&r=g","caption":"Redac\u021bia UrbeaMea"},"description":"contact@urbeamea.ro","sameAs":["https:\/\/www.urbeamea.ro"],"url":"https:\/\/urbeamea.ro\/albaiulia\/author\/redactia-urbeamea\/"}]}},"_links":{"self":[{"href":"https:\/\/urbeamea.ro\/albaiulia\/wp-json\/wp\/v2\/posts\/6243","targetHints":{"allow":["GET"]}}],"collection":[{"href":"https:\/\/urbeamea.ro\/albaiulia\/wp-json\/wp\/v2\/posts"}],"about":[{"href":"https:\/\/urbeamea.ro\/albaiulia\/wp-json\/wp\/v2\/types\/post"}],"author":[{"embeddable":true,"href":"https:\/\/urbeamea.ro\/albaiulia\/wp-json\/wp\/v2\/users\/16"}],"replies":[{"embeddable":true,"href":"https:\/\/urbeamea.ro\/albaiulia\/wp-json\/wp\/v2\/comments?post=6243"}],"version-history":[{"count":0,"href":"https:\/\/urbeamea.ro\/albaiulia\/wp-json\/wp\/v2\/posts\/6243\/revisions"}],"wp:featuredmedia":[{"embeddable":true,"href":"https:\/\/urbeamea.ro\/albaiulia\/wp-json\/wp\/v2\/media\/6244"}],"wp:attachment":[{"href":"https:\/\/urbeamea.ro\/albaiulia\/wp-json\/wp\/v2\/media?parent=6243"}],"wp:term":[{"taxonomy":"category","embeddable":true,"href":"https:\/\/urbeamea.ro\/albaiulia\/wp-json\/wp\/v2\/categories?post=6243"},{"taxonomy":"post_tag","embeddable":true,"href":"https:\/\/urbeamea.ro\/albaiulia\/wp-json\/wp\/v2\/tags?post=6243"}],"curies":[{"name":"wp","href":"https:\/\/api.w.org\/{rel}","templated":true}]}}