{"id":62523,"date":"2018-05-03T15:38:31","date_gmt":"2018-05-03T12:38:31","guid":{"rendered":"https:\/\/urbeamea.ro\/albaiulia\/?p=62523"},"modified":"2018-05-03T15:38:31","modified_gmt":"2018-05-03T12:38:31","slug":"foto-echipa-cs-unirea-alba-iulia-campioana-nationala-la-orientare-pentru-prima-data-in-istoria-competitiei-sportivii-medaliati-cu-aur","status":"publish","type":"post","link":"https:\/\/urbeamea.ro\/albaiulia\/foto-echipa-cs-unirea-alba-iulia-campioana-nationala-la-orientare-pentru-prima-data-in-istoria-competitiei-sportivii-medaliati-cu-aur\/","title":{"rendered":"FOTO: Echipa CS Unirea Alba Iulia, Campioan\u0103 Na\u021bional\u0103 la Orientare, pentru prima dat\u0103 \u00een istoria competi\u021biei: Sportivii, medalia\u021bi cu aur"},"content":{"rendered":"<p><strong>\u00cen perioada 28 aprilie \u2013 1 mai s-au desf\u0103\u0219urat, la Bra\u0219ov, Campionatele na\u021bionale de Orientare \u00een proba pe echipe \u0219i cea de-a 3-a etap\u0103 a Campionatului Na\u021bional de Parc-Ora\u0219.<\/strong><\/p>\n<p>\u00cen premier\u0103 pentru aceast\u0103 disciplin\u0103 sportiv\u0103, sportivii de la CS Unirea Alba Iulia au intrat \u00een posesia medaliilor de aur \u0219i a titlului de campioni na\u021bionali pe echipe.<\/p>\n<p>Clasamentul se face prin cumularea timpilor ob\u021binu\u021bi de c\u0103tre cei mai buni 2 sportivi de la fiecare club \u00een toate cele 3 etape de competi\u021bie.<\/p>\n<p>\u0218i tot \u00een premier\u0103, de c\u00e2nd se organizeaz\u0103 aceast\u0103 competi\u021bie, echipa c\u00e2\u0219tig\u0103toare, CS Unirea Alba Iulia a urcat pe prima treapt\u0103 a podiumului cu to\u021bi cei 3 sportivi, asta pentru c\u0103 pentru cel de-al doilea component al echipei nu s-a putut face o departajare, at\u00e2t PAUL BRABIESCU \u00a0c\u00e2t \u0219i TAMAS BOGYA av\u00e2nd timpii cumula\u021bi identici, respectiv 120 minute \u0219i 27 secunde.<\/p>\n<p>Astfel, ambii s-au clasat pe locul 4 \u00een clasamentul timpilor cumula\u021bi \u0219i \u00eempreun\u0103 cu IONU\u021a ZINC\u0102 care a dominat autoritar competi\u021bia \u0219i a \u00eenregistrat cel mai bun timp cumulat 104 minute \u0219i 39 secunde, au reu\u0219it s\u0103 c\u00e2\u0219tige titlul na\u021bional, cu un avans de peste 8 minute, \u00een fa\u021ba principalilor adversari de la CS Universitatea Craiova.<\/p>\n<p>Ionu\u021b Zinc\u0103 a c\u00e2\u0219tigat \u0219i etapa de Parc \u2013 Ora\u0219 \u0219i s-a impus \u0219i \u00een clasamentul general al trofeului \u021aara B\u00e2rsei dovedind c\u0103 se afl\u0103 \u00een revenirea la forma care l-a consacrat ca cel mai valoros sportiv din istoria orient\u0103rii din\u00a0 Romania.<\/p>\n<p>Ca urmare a rezultatelor ob\u021binute \u0219i a criteriilor de selec\u021bie, sportivii\u00a0 sec\u021biei vor fi angrena\u021bi la cel mai \u00eenalt nivel \u00een competi\u021biile interna\u021bionale din acest an.<\/p>\n<p>Astfel Tamas Bogya se va afla \u00een lotul care particip\u0103 la Campionatele Europene de Seniori din Elve\u021bia, \u00een perioada 4-11 mai.<\/p>\n<p>Un alt sportiv al sec\u021biei, Radu Milea va reprezenta Rom\u00e2nia la Campionatul Mondial de Ultramaraton care va avea loc pe data de 12 mai \u00een Spania.<\/p>\n<p>De asemenea, av\u00e2nd \u00een vedere rezultatele ob\u021binute \u00een ultima perioad\u0103, Ionu\u021b Zinc\u0103 va face parte, cel mai probabil, at\u00e2t din lotul Rom\u00e2niei pentru Campionatele Mondiale de Orientare care se vor desf\u0103\u0219ura \u00een luna august \u00een Letonia c\u00e2t \u0219i din loturile na\u021bionale pentru Campionatul European \u0219i cel Mondial de alergare montan\u0103<\/p>\n<p><em>\u201cRezultatele sportivilor m\u0103 fac \u0219i pe mine s\u0103 fiu m\u00e2ndru de\u0219i meritele sunt doar ale lor. Fiind al\u0103turi de ei \u0219i cunosc\u00e2ndu-le at\u00e2t munca \u00een antrenamente c\u00e2t \u0219i greut\u0103\u021bile vie\u021bii cotidiene nu pot dec\u00e2t s\u0103 le mul\u021bumesc c\u0103 au ales s\u0103 fim parte a aceleia\u0219i echipe\u201c,<\/em> a spus \u00a0Marius Anghel, responsabil al sec\u021biei de Orientare din cadrul CS Unirea Alba Iulia.<\/p>\n<p>Orientarea este sportul ce const\u0103 \u00een parcurgerea unui traseu, \u00eentr-un teren necunoscut, de obicei p\u0103dure, materializat printr-o succesiune de posturi de control ce trebuie atinse. Sportivul alege ruta \u00eentre posturile de control, cu ajutorul h\u0103r\u021bii \u0219i al busolei, trebuie s\u0103 se orienteze \u0219i s\u0103 ia decizii rapide \u00een timp ce se deplaseaz\u0103 cu o vitez\u0103 mare. C\u00e2\u0219tig\u0103torul este desemnat sportivul care parcurge traseul de concurs in cel mai scurt timp.<\/p>\n<p>Clubul Sportiv Unirea Alba Iulia, \u00eenfiin\u021bat 1974 \u0219i aflat \u00een subordinea Ministerului Tineretului \u0219i Sportului, are \u00een prezent \u0219apte sec\u021bii active: atletism, haltere, box, powerlifting, judo, orientare \u0219i tenis de mas\u0103.<\/p>\n<p>Clubul Sportiv Unirea Alba Iulia promoveaz\u0103, cu prioritate, disciplinele, ramurile \u015fi probele sportive cuprinse \u00een programul jocurilor olimpice.<\/p>\n","protected":false},"excerpt":{"rendered":"<p>\u00cen perioada 28 aprilie \u2013 1 mai s-au desf\u0103\u0219urat, la Bra\u0219ov, Campionatele na\u021bionale de Orientare \u00een proba pe echipe \u0219i cea de-a 3-a etap\u0103 a Campionatului Na\u021bional de Parc-Ora\u0219. \u00cen premier\u0103 pentru aceast\u0103 disciplin\u0103 sportiv\u0103, sportivii de la CS Unirea Alba Iulia au intrat \u00een posesia medaliilor de aur \u0219i a titlului de campioni na\u021bionali &hellip;<\/p>\n","protected":false},"author":17,"featured_media":62524,"comment_status":"open","ping_status":"open","sticky":false,"template":"","format":"standard","meta":{"inline_featured_image":false,"footnotes":""},"categories":[2037],"tags":[15162,15163,12595,1969,7571,1620,1395,308,76],"class_list":["post-62523","post","type-post","status-publish","format-standard","has-post-thumbnail","hentry","category-sport","tag-campioana-nationala-la-orientare","tag-campionatul-national-de-parc-oras","tag-clubul-sportiv-unirea-alba-iulia","tag-echipa","tag-medalie-de-aur","tag-premiati","tag-sportivi","tag-stiri","tag-urbea-mea"],"yoast_head":"<!-- This site is optimized with the Yoast SEO plugin v27.4 - https:\/\/yoast.com\/product\/yoast-seo-wordpress\/ -->\n<title>FOTO: Echipa CS Unirea Alba Iulia, Campioan\u0103 Na\u021bional\u0103 la Orientare, pentru prima dat\u0103 \u00een istoria competi\u021biei: Sportivii, medalia\u021bi cu aur - Revista Urbea Mea - Revista de Alba<\/title>\n<meta name=\"description\" content=\"\u00cen perioada 28 aprilie \u2013 1 mai s-au desf\u0103\u0219urat, la Bra\u0219ov, Campionatele na\u021bionale de Orientare \u00een proba pe echipe \u0219i cea de-a 3-a etap\u0103 a Campionatului\" \/>\n<meta name=\"robots\" content=\"index, follow, max-snippet:-1, max-image-preview:large, max-video-preview:-1\" \/>\n<link rel=\"canonical\" href=\"https:\/\/urbeamea.ro\/albaiulia\/foto-echipa-cs-unirea-alba-iulia-campioana-nationala-la-orientare-pentru-prima-data-in-istoria-competitiei-sportivii-medaliati-cu-aur\/\" \/>\n<meta name=\"twitter:card\" content=\"summary_large_image\" \/>\n<meta name=\"twitter:title\" content=\"FOTO: Echipa CS Unirea Alba Iulia, Campioan\u0103 Na\u021bional\u0103 la Orientare, pentru prima dat\u0103 \u00een istoria competi\u021biei: Sportivii, medalia\u021bi cu aur - Revista Urbea Mea - Revista de Alba\" \/>\n<meta name=\"twitter:description\" content=\"\u00cen perioada 28 aprilie \u2013 1 mai s-au desf\u0103\u0219urat, la Bra\u0219ov, Campionatele na\u021bionale de Orientare \u00een proba pe echipe \u0219i cea de-a 3-a etap\u0103 a Campionatului\" \/>\n<meta name=\"twitter:image\" content=\"https:\/\/urbeamea.ro\/albaiulia\/wp-content\/uploads\/2018\/05\/premiere-echipe-1170x750.jpg\" \/>\n<meta name=\"twitter:creator\" content=\"@urbeameaweb\" \/>\n<meta name=\"twitter:site\" content=\"@urbeameaweb\" \/>\n<script type=\"application\/ld+json\" class=\"yoast-schema-graph\">{\"@context\":\"https:\\\/\\\/schema.org\",\"@graph\":[{\"@type\":\"Article\",\"@id\":\"https:\\\/\\\/urbeamea.ro\\\/albaiulia\\\/foto-echipa-cs-unirea-alba-iulia-campioana-nationala-la-orientare-pentru-prima-data-in-istoria-competitiei-sportivii-medaliati-cu-aur\\\/#article\",\"isPartOf\":{\"@id\":\"https:\\\/\\\/urbeamea.ro\\\/albaiulia\\\/foto-echipa-cs-unirea-alba-iulia-campioana-nationala-la-orientare-pentru-prima-data-in-istoria-competitiei-sportivii-medaliati-cu-aur\\\/\"},\"author\":{\"name\":\"Cristina Ganga\",\"@id\":\"https:\\\/\\\/urbeamea.ro\\\/albaiulia\\\/#\\\/schema\\\/person\\\/9700d21fae21c4f038b0b56f4506264a\"},\"headline\":\"FOTO: Echipa CS Unirea Alba Iulia, Campioan\u0103 Na\u021bional\u0103 la Orientare, pentru prima dat\u0103 \u00een istoria competi\u021biei: Sportivii, medalia\u021bi cu aur\",\"datePublished\":\"2018-05-03T12:38:31+00:00\",\"mainEntityOfPage\":{\"@id\":\"https:\\\/\\\/urbeamea.ro\\\/albaiulia\\\/foto-echipa-cs-unirea-alba-iulia-campioana-nationala-la-orientare-pentru-prima-data-in-istoria-competitiei-sportivii-medaliati-cu-aur\\\/\"},\"wordCount\":614,\"commentCount\":0,\"image\":{\"@id\":\"https:\\\/\\\/urbeamea.ro\\\/albaiulia\\\/foto-echipa-cs-unirea-alba-iulia-campioana-nationala-la-orientare-pentru-prima-data-in-istoria-competitiei-sportivii-medaliati-cu-aur\\\/#primaryimage\"},\"thumbnailUrl\":\"https:\\\/\\\/urbeamea.ro\\\/albaiulia\\\/wp-content\\\/uploads\\\/2018\\\/05\\\/premiere-echipe-1170x750.jpg\",\"keywords\":[\"campioana nationala la orientare\",\"campionatul national de parc-oras\",\"clubul sportiv unirea alba iulia\",\"echipa\",\"medalie de aur\",\"premiati\",\"sportivi\",\"stiri\",\"Urbea Mea\"],\"articleSection\":[\"Sport\"],\"inLanguage\":\"ro-RO\",\"potentialAction\":[{\"@type\":\"CommentAction\",\"name\":\"Comment\",\"target\":[\"https:\\\/\\\/urbeamea.ro\\\/albaiulia\\\/foto-echipa-cs-unirea-alba-iulia-campioana-nationala-la-orientare-pentru-prima-data-in-istoria-competitiei-sportivii-medaliati-cu-aur\\\/#respond\"]}]},{\"@type\":\"WebPage\",\"@id\":\"https:\\\/\\\/urbeamea.ro\\\/albaiulia\\\/foto-echipa-cs-unirea-alba-iulia-campioana-nationala-la-orientare-pentru-prima-data-in-istoria-competitiei-sportivii-medaliati-cu-aur\\\/\",\"url\":\"https:\\\/\\\/urbeamea.ro\\\/albaiulia\\\/foto-echipa-cs-unirea-alba-iulia-campioana-nationala-la-orientare-pentru-prima-data-in-istoria-competitiei-sportivii-medaliati-cu-aur\\\/\",\"name\":\"FOTO: Echipa CS Unirea Alba Iulia, Campioan\u0103 Na\u021bional\u0103 la Orientare, pentru prima dat\u0103 \u00een istoria competi\u021biei: Sportivii, medalia\u021bi cu aur - Revista Urbea Mea - Revista de Alba\",\"isPartOf\":{\"@id\":\"https:\\\/\\\/urbeamea.ro\\\/albaiulia\\\/#website\"},\"primaryImageOfPage\":{\"@id\":\"https:\\\/\\\/urbeamea.ro\\\/albaiulia\\\/foto-echipa-cs-unirea-alba-iulia-campioana-nationala-la-orientare-pentru-prima-data-in-istoria-competitiei-sportivii-medaliati-cu-aur\\\/#primaryimage\"},\"image\":{\"@id\":\"https:\\\/\\\/urbeamea.ro\\\/albaiulia\\\/foto-echipa-cs-unirea-alba-iulia-campioana-nationala-la-orientare-pentru-prima-data-in-istoria-competitiei-sportivii-medaliati-cu-aur\\\/#primaryimage\"},\"thumbnailUrl\":\"https:\\\/\\\/urbeamea.ro\\\/albaiulia\\\/wp-content\\\/uploads\\\/2018\\\/05\\\/premiere-echipe-1170x750.jpg\",\"datePublished\":\"2018-05-03T12:38:31+00:00\",\"author\":{\"@id\":\"https:\\\/\\\/urbeamea.ro\\\/albaiulia\\\/#\\\/schema\\\/person\\\/9700d21fae21c4f038b0b56f4506264a\"},\"description\":\"\u00cen perioada 28 aprilie \u2013 1 mai s-au desf\u0103\u0219urat, la Bra\u0219ov, Campionatele na\u021bionale de Orientare \u00een proba pe echipe \u0219i cea de-a 3-a etap\u0103 a Campionatului\",\"breadcrumb\":{\"@id\":\"https:\\\/\\\/urbeamea.ro\\\/albaiulia\\\/foto-echipa-cs-unirea-alba-iulia-campioana-nationala-la-orientare-pentru-prima-data-in-istoria-competitiei-sportivii-medaliati-cu-aur\\\/#breadcrumb\"},\"inLanguage\":\"ro-RO\",\"potentialAction\":[{\"@type\":\"ReadAction\",\"target\":[\"https:\\\/\\\/urbeamea.ro\\\/albaiulia\\\/foto-echipa-cs-unirea-alba-iulia-campioana-nationala-la-orientare-pentru-prima-data-in-istoria-competitiei-sportivii-medaliati-cu-aur\\\/\"]}]},{\"@type\":\"ImageObject\",\"inLanguage\":\"ro-RO\",\"@id\":\"https:\\\/\\\/urbeamea.ro\\\/albaiulia\\\/foto-echipa-cs-unirea-alba-iulia-campioana-nationala-la-orientare-pentru-prima-data-in-istoria-competitiei-sportivii-medaliati-cu-aur\\\/#primaryimage\",\"url\":\"https:\\\/\\\/urbeamea.ro\\\/albaiulia\\\/wp-content\\\/uploads\\\/2018\\\/05\\\/premiere-echipe-1170x750.jpg\",\"contentUrl\":\"https:\\\/\\\/urbeamea.ro\\\/albaiulia\\\/wp-content\\\/uploads\\\/2018\\\/05\\\/premiere-echipe-1170x750.jpg\",\"width\":1170,\"height\":750},{\"@type\":\"BreadcrumbList\",\"@id\":\"https:\\\/\\\/urbeamea.ro\\\/albaiulia\\\/foto-echipa-cs-unirea-alba-iulia-campioana-nationala-la-orientare-pentru-prima-data-in-istoria-competitiei-sportivii-medaliati-cu-aur\\\/#breadcrumb\",\"itemListElement\":[{\"@type\":\"ListItem\",\"position\":1,\"name\":\"Prima pagin\u0103\",\"item\":\"https:\\\/\\\/urbeamea.ro\\\/albaiulia\\\/\"},{\"@type\":\"ListItem\",\"position\":2,\"name\":\"FOTO: Echipa CS Unirea Alba Iulia, Campioan\u0103 Na\u021bional\u0103 la Orientare, pentru prima dat\u0103 \u00een istoria competi\u021biei: Sportivii, medalia\u021bi cu aur\"}]},{\"@type\":\"WebSite\",\"@id\":\"https:\\\/\\\/urbeamea.ro\\\/albaiulia\\\/#website\",\"url\":\"https:\\\/\\\/urbeamea.ro\\\/albaiulia\\\/\",\"name\":\"Revista Urbea Mea, Stiri urbane\",\"description\":\"Evenimente \u0219i \u0219tiri din Alba Iulia, Sebe\u0219, Aiud, Blaj\",\"potentialAction\":[{\"@type\":\"SearchAction\",\"target\":{\"@type\":\"EntryPoint\",\"urlTemplate\":\"https:\\\/\\\/urbeamea.ro\\\/albaiulia\\\/?s={search_term_string}\"},\"query-input\":{\"@type\":\"PropertyValueSpecification\",\"valueRequired\":true,\"valueName\":\"search_term_string\"}}],\"inLanguage\":\"ro-RO\"},{\"@type\":\"Person\",\"@id\":\"https:\\\/\\\/urbeamea.ro\\\/albaiulia\\\/#\\\/schema\\\/person\\\/9700d21fae21c4f038b0b56f4506264a\",\"name\":\"Cristina Ganga\",\"image\":{\"@type\":\"ImageObject\",\"inLanguage\":\"ro-RO\",\"@id\":\"https:\\\/\\\/secure.gravatar.com\\\/avatar\\\/5a67661041f057b4a8ccaf26f5a8e86e2689372006d01faf3dd9eeb10b654bb4?s=96&d=mm&r=g\",\"url\":\"https:\\\/\\\/secure.gravatar.com\\\/avatar\\\/5a67661041f057b4a8ccaf26f5a8e86e2689372006d01faf3dd9eeb10b654bb4?s=96&d=mm&r=g\",\"contentUrl\":\"https:\\\/\\\/secure.gravatar.com\\\/avatar\\\/5a67661041f057b4a8ccaf26f5a8e86e2689372006d01faf3dd9eeb10b654bb4?s=96&d=mm&r=g\",\"caption\":\"Cristina Ganga\"},\"description\":\"Jurnalist\",\"sameAs\":[\"https:\\\/\\\/www.facebook.com\\\/cristina.nicola.587\"],\"url\":\"https:\\\/\\\/urbeamea.ro\\\/albaiulia\\\/author\\\/cristina-nicola\\\/\"}]}<\/script>\n<!-- \/ Yoast SEO plugin. -->","yoast_head_json":{"title":"FOTO: Echipa CS Unirea Alba Iulia, Campioan\u0103 Na\u021bional\u0103 la Orientare, pentru prima dat\u0103 \u00een istoria competi\u021biei: Sportivii, medalia\u021bi cu aur - Revista Urbea Mea - Revista de Alba","description":"\u00cen perioada 28 aprilie \u2013 1 mai s-au desf\u0103\u0219urat, la Bra\u0219ov, Campionatele na\u021bionale de Orientare \u00een proba pe echipe \u0219i cea de-a 3-a etap\u0103 a Campionatului","robots":{"index":"index","follow":"follow","max-snippet":"max-snippet:-1","max-image-preview":"max-image-preview:large","max-video-preview":"max-video-preview:-1"},"canonical":"https:\/\/urbeamea.ro\/albaiulia\/foto-echipa-cs-unirea-alba-iulia-campioana-nationala-la-orientare-pentru-prima-data-in-istoria-competitiei-sportivii-medaliati-cu-aur\/","twitter_card":"summary_large_image","twitter_title":"FOTO: Echipa CS Unirea Alba Iulia, Campioan\u0103 Na\u021bional\u0103 la Orientare, pentru prima dat\u0103 \u00een istoria competi\u021biei: Sportivii, medalia\u021bi cu aur - Revista Urbea Mea - Revista de Alba","twitter_description":"\u00cen perioada 28 aprilie \u2013 1 mai s-au desf\u0103\u0219urat, la Bra\u0219ov, Campionatele na\u021bionale de Orientare \u00een proba pe echipe \u0219i cea de-a 3-a etap\u0103 a Campionatului","twitter_image":"https:\/\/urbeamea.ro\/albaiulia\/wp-content\/uploads\/2018\/05\/premiere-echipe-1170x750.jpg","twitter_creator":"@urbeameaweb","twitter_site":"@urbeameaweb","schema":{"@context":"https:\/\/schema.org","@graph":[{"@type":"Article","@id":"https:\/\/urbeamea.ro\/albaiulia\/foto-echipa-cs-unirea-alba-iulia-campioana-nationala-la-orientare-pentru-prima-data-in-istoria-competitiei-sportivii-medaliati-cu-aur\/#article","isPartOf":{"@id":"https:\/\/urbeamea.ro\/albaiulia\/foto-echipa-cs-unirea-alba-iulia-campioana-nationala-la-orientare-pentru-prima-data-in-istoria-competitiei-sportivii-medaliati-cu-aur\/"},"author":{"name":"Cristina Ganga","@id":"https:\/\/urbeamea.ro\/albaiulia\/#\/schema\/person\/9700d21fae21c4f038b0b56f4506264a"},"headline":"FOTO: Echipa CS Unirea Alba Iulia, Campioan\u0103 Na\u021bional\u0103 la Orientare, pentru prima dat\u0103 \u00een istoria competi\u021biei: Sportivii, medalia\u021bi cu aur","datePublished":"2018-05-03T12:38:31+00:00","mainEntityOfPage":{"@id":"https:\/\/urbeamea.ro\/albaiulia\/foto-echipa-cs-unirea-alba-iulia-campioana-nationala-la-orientare-pentru-prima-data-in-istoria-competitiei-sportivii-medaliati-cu-aur\/"},"wordCount":614,"commentCount":0,"image":{"@id":"https:\/\/urbeamea.ro\/albaiulia\/foto-echipa-cs-unirea-alba-iulia-campioana-nationala-la-orientare-pentru-prima-data-in-istoria-competitiei-sportivii-medaliati-cu-aur\/#primaryimage"},"thumbnailUrl":"https:\/\/urbeamea.ro\/albaiulia\/wp-content\/uploads\/2018\/05\/premiere-echipe-1170x750.jpg","keywords":["campioana nationala la orientare","campionatul national de parc-oras","clubul sportiv unirea alba iulia","echipa","medalie de aur","premiati","sportivi","stiri","Urbea Mea"],"articleSection":["Sport"],"inLanguage":"ro-RO","potentialAction":[{"@type":"CommentAction","name":"Comment","target":["https:\/\/urbeamea.ro\/albaiulia\/foto-echipa-cs-unirea-alba-iulia-campioana-nationala-la-orientare-pentru-prima-data-in-istoria-competitiei-sportivii-medaliati-cu-aur\/#respond"]}]},{"@type":"WebPage","@id":"https:\/\/urbeamea.ro\/albaiulia\/foto-echipa-cs-unirea-alba-iulia-campioana-nationala-la-orientare-pentru-prima-data-in-istoria-competitiei-sportivii-medaliati-cu-aur\/","url":"https:\/\/urbeamea.ro\/albaiulia\/foto-echipa-cs-unirea-alba-iulia-campioana-nationala-la-orientare-pentru-prima-data-in-istoria-competitiei-sportivii-medaliati-cu-aur\/","name":"FOTO: Echipa CS Unirea Alba Iulia, Campioan\u0103 Na\u021bional\u0103 la Orientare, pentru prima dat\u0103 \u00een istoria competi\u021biei: Sportivii, medalia\u021bi cu aur - Revista Urbea Mea - Revista de Alba","isPartOf":{"@id":"https:\/\/urbeamea.ro\/albaiulia\/#website"},"primaryImageOfPage":{"@id":"https:\/\/urbeamea.ro\/albaiulia\/foto-echipa-cs-unirea-alba-iulia-campioana-nationala-la-orientare-pentru-prima-data-in-istoria-competitiei-sportivii-medaliati-cu-aur\/#primaryimage"},"image":{"@id":"https:\/\/urbeamea.ro\/albaiulia\/foto-echipa-cs-unirea-alba-iulia-campioana-nationala-la-orientare-pentru-prima-data-in-istoria-competitiei-sportivii-medaliati-cu-aur\/#primaryimage"},"thumbnailUrl":"https:\/\/urbeamea.ro\/albaiulia\/wp-content\/uploads\/2018\/05\/premiere-echipe-1170x750.jpg","datePublished":"2018-05-03T12:38:31+00:00","author":{"@id":"https:\/\/urbeamea.ro\/albaiulia\/#\/schema\/person\/9700d21fae21c4f038b0b56f4506264a"},"description":"\u00cen perioada 28 aprilie \u2013 1 mai s-au desf\u0103\u0219urat, la Bra\u0219ov, Campionatele na\u021bionale de Orientare \u00een proba pe echipe \u0219i cea de-a 3-a etap\u0103 a Campionatului","breadcrumb":{"@id":"https:\/\/urbeamea.ro\/albaiulia\/foto-echipa-cs-unirea-alba-iulia-campioana-nationala-la-orientare-pentru-prima-data-in-istoria-competitiei-sportivii-medaliati-cu-aur\/#breadcrumb"},"inLanguage":"ro-RO","potentialAction":[{"@type":"ReadAction","target":["https:\/\/urbeamea.ro\/albaiulia\/foto-echipa-cs-unirea-alba-iulia-campioana-nationala-la-orientare-pentru-prima-data-in-istoria-competitiei-sportivii-medaliati-cu-aur\/"]}]},{"@type":"ImageObject","inLanguage":"ro-RO","@id":"https:\/\/urbeamea.ro\/albaiulia\/foto-echipa-cs-unirea-alba-iulia-campioana-nationala-la-orientare-pentru-prima-data-in-istoria-competitiei-sportivii-medaliati-cu-aur\/#primaryimage","url":"https:\/\/urbeamea.ro\/albaiulia\/wp-content\/uploads\/2018\/05\/premiere-echipe-1170x750.jpg","contentUrl":"https:\/\/urbeamea.ro\/albaiulia\/wp-content\/uploads\/2018\/05\/premiere-echipe-1170x750.jpg","width":1170,"height":750},{"@type":"BreadcrumbList","@id":"https:\/\/urbeamea.ro\/albaiulia\/foto-echipa-cs-unirea-alba-iulia-campioana-nationala-la-orientare-pentru-prima-data-in-istoria-competitiei-sportivii-medaliati-cu-aur\/#breadcrumb","itemListElement":[{"@type":"ListItem","position":1,"name":"Prima pagin\u0103","item":"https:\/\/urbeamea.ro\/albaiulia\/"},{"@type":"ListItem","position":2,"name":"FOTO: Echipa CS Unirea Alba Iulia, Campioan\u0103 Na\u021bional\u0103 la Orientare, pentru prima dat\u0103 \u00een istoria competi\u021biei: Sportivii, medalia\u021bi cu aur"}]},{"@type":"WebSite","@id":"https:\/\/urbeamea.ro\/albaiulia\/#website","url":"https:\/\/urbeamea.ro\/albaiulia\/","name":"Revista Urbea Mea, Stiri urbane","description":"Evenimente \u0219i \u0219tiri din Alba Iulia, Sebe\u0219, Aiud, Blaj","potentialAction":[{"@type":"SearchAction","target":{"@type":"EntryPoint","urlTemplate":"https:\/\/urbeamea.ro\/albaiulia\/?s={search_term_string}"},"query-input":{"@type":"PropertyValueSpecification","valueRequired":true,"valueName":"search_term_string"}}],"inLanguage":"ro-RO"},{"@type":"Person","@id":"https:\/\/urbeamea.ro\/albaiulia\/#\/schema\/person\/9700d21fae21c4f038b0b56f4506264a","name":"Cristina Ganga","image":{"@type":"ImageObject","inLanguage":"ro-RO","@id":"https:\/\/secure.gravatar.com\/avatar\/5a67661041f057b4a8ccaf26f5a8e86e2689372006d01faf3dd9eeb10b654bb4?s=96&d=mm&r=g","url":"https:\/\/secure.gravatar.com\/avatar\/5a67661041f057b4a8ccaf26f5a8e86e2689372006d01faf3dd9eeb10b654bb4?s=96&d=mm&r=g","contentUrl":"https:\/\/secure.gravatar.com\/avatar\/5a67661041f057b4a8ccaf26f5a8e86e2689372006d01faf3dd9eeb10b654bb4?s=96&d=mm&r=g","caption":"Cristina Ganga"},"description":"Jurnalist","sameAs":["https:\/\/www.facebook.com\/cristina.nicola.587"],"url":"https:\/\/urbeamea.ro\/albaiulia\/author\/cristina-nicola\/"}]}},"_links":{"self":[{"href":"https:\/\/urbeamea.ro\/albaiulia\/wp-json\/wp\/v2\/posts\/62523","targetHints":{"allow":["GET"]}}],"collection":[{"href":"https:\/\/urbeamea.ro\/albaiulia\/wp-json\/wp\/v2\/posts"}],"about":[{"href":"https:\/\/urbeamea.ro\/albaiulia\/wp-json\/wp\/v2\/types\/post"}],"author":[{"embeddable":true,"href":"https:\/\/urbeamea.ro\/albaiulia\/wp-json\/wp\/v2\/users\/17"}],"replies":[{"embeddable":true,"href":"https:\/\/urbeamea.ro\/albaiulia\/wp-json\/wp\/v2\/comments?post=62523"}],"version-history":[{"count":0,"href":"https:\/\/urbeamea.ro\/albaiulia\/wp-json\/wp\/v2\/posts\/62523\/revisions"}],"wp:featuredmedia":[{"embeddable":true,"href":"https:\/\/urbeamea.ro\/albaiulia\/wp-json\/wp\/v2\/media\/62524"}],"wp:attachment":[{"href":"https:\/\/urbeamea.ro\/albaiulia\/wp-json\/wp\/v2\/media?parent=62523"}],"wp:term":[{"taxonomy":"category","embeddable":true,"href":"https:\/\/urbeamea.ro\/albaiulia\/wp-json\/wp\/v2\/categories?post=62523"},{"taxonomy":"post_tag","embeddable":true,"href":"https:\/\/urbeamea.ro\/albaiulia\/wp-json\/wp\/v2\/tags?post=62523"}],"curies":[{"name":"wp","href":"https:\/\/api.w.org\/{rel}","templated":true}]}}