{"id":62575,"date":"2018-05-04T12:31:24","date_gmt":"2018-05-04T09:31:24","guid":{"rendered":"https:\/\/urbeamea.ro\/albaiulia\/?p=62575"},"modified":"2018-05-04T12:34:48","modified_gmt":"2018-05-04T09:34:48","slug":"sambata-mars-al-iubitorilor-de-motoare-pe-doua-roti-la-alba-iulia-pentru-constientizarea-prezentei-motociclistilor-in-trafic","status":"publish","type":"post","link":"https:\/\/urbeamea.ro\/albaiulia\/sambata-mars-al-iubitorilor-de-motoare-pe-doua-roti-la-alba-iulia-pentru-constientizarea-prezentei-motociclistilor-in-trafic\/","title":{"rendered":"S\u00e2mb\u0103t\u0103: Mar\u0219 al iubitorilor de motoare pe dou\u0103 ro\u021bi, la Alba Iulia pentru con\u0219tientizarea prezen\u021bei motocicli\u0219tilor \u00een trafic"},"content":{"rendered":"<p><strong>S\u00e2mb\u0103t\u0103, la Alba Iulia va avea loc un mar\u0219 al iubitorilor motoarele pe dou\u0103 ro\u021bi. Vor atrage aten\u0163ia participan\u021bilor la traficul rutier, pentru con\u0219tientizarea privind prezen\u021ba motocicli\u0219tilor \u00een trafic.<\/strong><\/p>\n<p>Zeci de motocicli\u0219ti sunt a\u0219tepta\u021bi s\u00e2mb\u0103t\u0103, 5 mai, \u00eencep\u00e2nd cu ora 11.00, \u00een parcarea stadionului municipal din Alba Iulia. \u00cen jurul orei 13.00, ace\u0219tia vor pleca \u00eentr-un mar\u0219 pe str\u0103zile ora\u0219ului.<\/p>\n<p>Ace\u015ftia vor pleca pe urm\u0103torul traseu: Bulevardul Republicii, strada Tudor Vladimirescu, Bulevardul Ferdinand I, Strada Take Ionescu, Bulevardul \u00cencoron\u0103rii, Bulevardul 1 Decembrie 1918, strada Clo\u0219ca, Bulevardul Revolu\u021biei 1989.<\/p>\n<p>Evenimentul este organizat de Asocia\u021bia Apulum Bikers, cu sprijinul Inspectoratului de Poli\u021bie Jude\u021bean Alba, Prim\u0103riei municipiului Alba Iulia \u0219i a Inspectoratului de Jandarmi Jude\u021bean Alba.<\/p>\n","protected":false},"excerpt":{"rendered":"<p>S\u00e2mb\u0103t\u0103, la Alba Iulia va avea loc un mar\u0219 al iubitorilor motoarele pe dou\u0103 ro\u021bi. Vor atrage aten\u0163ia participan\u021bilor la traficul rutier, pentru con\u0219tientizarea privind prezen\u021ba motocicli\u0219tilor \u00een trafic. Zeci de motocicli\u0219ti sunt a\u0219tepta\u021bi s\u00e2mb\u0103t\u0103, 5 mai, \u00eencep\u00e2nd cu ora 11.00, \u00een parcarea stadionului municipal din Alba Iulia. \u00cen jurul orei 13.00, ace\u0219tia vor pleca &hellip;<\/p>\n","protected":false},"author":17,"featured_media":62576,"comment_status":"open","ping_status":"open","sticky":false,"template":"","format":"standard","meta":{"inline_featured_image":false,"footnotes":""},"categories":[4],"tags":[31,15183,1029,15181,15184,15182,308,76],"class_list":["post-62575","post","type-post","status-publish","format-standard","has-post-thumbnail","hentry","category-eveniment","tag-alba-iulia","tag-asociatia-apulum-bikers","tag-constientizare","tag-mars-al-iubitorilor-de-motoare","tag-parcarea-stadionului-municipal","tag-participanti-trafic","tag-stiri","tag-urbea-mea"],"yoast_head":"<!-- This site is optimized with the Yoast SEO plugin v28.3 - https:\/\/yoast.com\/product\/yoast-seo-wordpress\/ -->\n<title>S\u00e2mb\u0103t\u0103: Mar\u0219 al iubitorilor de motoare pe dou\u0103 ro\u021bi, la Alba Iulia pentru con\u0219tientizarea prezen\u021bei motocicli\u0219tilor \u00een trafic - Revista Urbea Mea - Revista de Alba<\/title>\n<meta name=\"description\" content=\"S\u00e2mb\u0103t\u0103, la Alba Iulia va avea loc un mar\u0219 al iubitorilor motoarele pe dou\u0103 ro\u021bi. Vor atrage aten\u0163ia participan\u021bilor la traficul rutier, pentru\" \/>\n<meta name=\"robots\" content=\"index, follow, max-snippet:-1, max-image-preview:large, max-video-preview:-1\" \/>\n<link rel=\"canonical\" href=\"https:\/\/urbeamea.ro\/albaiulia\/sambata-mars-al-iubitorilor-de-motoare-pe-doua-roti-la-alba-iulia-pentru-constientizarea-prezentei-motociclistilor-in-trafic\/\" \/>\n<meta name=\"twitter:card\" content=\"summary_large_image\" \/>\n<meta name=\"twitter:title\" content=\"S\u00e2mb\u0103t\u0103: Mar\u0219 al iubitorilor de motoare pe dou\u0103 ro\u021bi, la Alba Iulia pentru con\u0219tientizarea prezen\u021bei motocicli\u0219tilor \u00een trafic - Revista Urbea Mea - Revista de Alba\" \/>\n<meta name=\"twitter:description\" content=\"S\u00e2mb\u0103t\u0103, la Alba Iulia va avea loc un mar\u0219 al iubitorilor motoarele pe dou\u0103 ro\u021bi. Vor atrage aten\u0163ia participan\u021bilor la traficul rutier, pentru\" \/>\n<meta name=\"twitter:image\" content=\"https:\/\/urbeamea.ro\/albaiulia\/wp-content\/uploads\/2018\/05\/30712796_1782915758438044_6105014553467158528_n.jpg\" \/>\n<meta name=\"twitter:creator\" content=\"@urbeameaweb\" \/>\n<meta name=\"twitter:site\" content=\"@urbeameaweb\" \/>\n<script type=\"application\/ld+json\" class=\"yoast-schema-graph\">{\"@context\":\"https:\\\/\\\/schema.org\",\"@graph\":[{\"@type\":\"Article\",\"@id\":\"https:\\\/\\\/urbeamea.ro\\\/albaiulia\\\/sambata-mars-al-iubitorilor-de-motoare-pe-doua-roti-la-alba-iulia-pentru-constientizarea-prezentei-motociclistilor-in-trafic\\\/#article\",\"isPartOf\":{\"@id\":\"https:\\\/\\\/urbeamea.ro\\\/albaiulia\\\/sambata-mars-al-iubitorilor-de-motoare-pe-doua-roti-la-alba-iulia-pentru-constientizarea-prezentei-motociclistilor-in-trafic\\\/\"},\"author\":{\"name\":\"Cristina Ganga\",\"@id\":\"https:\\\/\\\/urbeamea.ro\\\/albaiulia\\\/#\\\/schema\\\/person\\\/9700d21fae21c4f038b0b56f4506264a\"},\"headline\":\"S\u00e2mb\u0103t\u0103: Mar\u0219 al iubitorilor de motoare pe dou\u0103 ro\u021bi, la Alba Iulia pentru con\u0219tientizarea prezen\u021bei motocicli\u0219tilor \u00een trafic\",\"datePublished\":\"2018-05-04T09:31:24+00:00\",\"dateModified\":\"2018-05-04T09:34:48+00:00\",\"mainEntityOfPage\":{\"@id\":\"https:\\\/\\\/urbeamea.ro\\\/albaiulia\\\/sambata-mars-al-iubitorilor-de-motoare-pe-doua-roti-la-alba-iulia-pentru-constientizarea-prezentei-motociclistilor-in-trafic\\\/\"},\"wordCount\":158,\"commentCount\":0,\"image\":{\"@id\":\"https:\\\/\\\/urbeamea.ro\\\/albaiulia\\\/sambata-mars-al-iubitorilor-de-motoare-pe-doua-roti-la-alba-iulia-pentru-constientizarea-prezentei-motociclistilor-in-trafic\\\/#primaryimage\"},\"thumbnailUrl\":\"https:\\\/\\\/urbeamea.ro\\\/albaiulia\\\/wp-content\\\/uploads\\\/2018\\\/05\\\/30712796_1782915758438044_6105014553467158528_n.jpg\",\"keywords\":[\"Alba Iulia\",\"Asociatia Apulum Bikers\",\"constientizare\",\"mars al iubitorilor de motoare\",\"parcarea stadionului municipal\",\"participanti trafic\",\"stiri\",\"Urbea Mea\"],\"articleSection\":[\"Evenimente\"],\"inLanguage\":\"ro-RO\",\"potentialAction\":[{\"@type\":\"CommentAction\",\"name\":\"Comment\",\"target\":[\"https:\\\/\\\/urbeamea.ro\\\/albaiulia\\\/sambata-mars-al-iubitorilor-de-motoare-pe-doua-roti-la-alba-iulia-pentru-constientizarea-prezentei-motociclistilor-in-trafic\\\/#respond\"]}]},{\"@type\":\"WebPage\",\"@id\":\"https:\\\/\\\/urbeamea.ro\\\/albaiulia\\\/sambata-mars-al-iubitorilor-de-motoare-pe-doua-roti-la-alba-iulia-pentru-constientizarea-prezentei-motociclistilor-in-trafic\\\/\",\"url\":\"https:\\\/\\\/urbeamea.ro\\\/albaiulia\\\/sambata-mars-al-iubitorilor-de-motoare-pe-doua-roti-la-alba-iulia-pentru-constientizarea-prezentei-motociclistilor-in-trafic\\\/\",\"name\":\"S\u00e2mb\u0103t\u0103: Mar\u0219 al iubitorilor de motoare pe dou\u0103 ro\u021bi, la Alba Iulia pentru con\u0219tientizarea prezen\u021bei motocicli\u0219tilor \u00een trafic - Revista Urbea Mea - Revista de Alba\",\"isPartOf\":{\"@id\":\"https:\\\/\\\/urbeamea.ro\\\/albaiulia\\\/#website\"},\"primaryImageOfPage\":{\"@id\":\"https:\\\/\\\/urbeamea.ro\\\/albaiulia\\\/sambata-mars-al-iubitorilor-de-motoare-pe-doua-roti-la-alba-iulia-pentru-constientizarea-prezentei-motociclistilor-in-trafic\\\/#primaryimage\"},\"image\":{\"@id\":\"https:\\\/\\\/urbeamea.ro\\\/albaiulia\\\/sambata-mars-al-iubitorilor-de-motoare-pe-doua-roti-la-alba-iulia-pentru-constientizarea-prezentei-motociclistilor-in-trafic\\\/#primaryimage\"},\"thumbnailUrl\":\"https:\\\/\\\/urbeamea.ro\\\/albaiulia\\\/wp-content\\\/uploads\\\/2018\\\/05\\\/30712796_1782915758438044_6105014553467158528_n.jpg\",\"datePublished\":\"2018-05-04T09:31:24+00:00\",\"dateModified\":\"2018-05-04T09:34:48+00:00\",\"author\":{\"@id\":\"https:\\\/\\\/urbeamea.ro\\\/albaiulia\\\/#\\\/schema\\\/person\\\/9700d21fae21c4f038b0b56f4506264a\"},\"description\":\"S\u00e2mb\u0103t\u0103, la Alba Iulia va avea loc un mar\u0219 al iubitorilor motoarele pe dou\u0103 ro\u021bi. Vor atrage aten\u0163ia participan\u021bilor la traficul rutier, pentru\",\"breadcrumb\":{\"@id\":\"https:\\\/\\\/urbeamea.ro\\\/albaiulia\\\/sambata-mars-al-iubitorilor-de-motoare-pe-doua-roti-la-alba-iulia-pentru-constientizarea-prezentei-motociclistilor-in-trafic\\\/#breadcrumb\"},\"inLanguage\":\"ro-RO\",\"potentialAction\":[{\"@type\":\"ReadAction\",\"target\":[\"https:\\\/\\\/urbeamea.ro\\\/albaiulia\\\/sambata-mars-al-iubitorilor-de-motoare-pe-doua-roti-la-alba-iulia-pentru-constientizarea-prezentei-motociclistilor-in-trafic\\\/\"]}]},{\"@type\":\"ImageObject\",\"inLanguage\":\"ro-RO\",\"@id\":\"https:\\\/\\\/urbeamea.ro\\\/albaiulia\\\/sambata-mars-al-iubitorilor-de-motoare-pe-doua-roti-la-alba-iulia-pentru-constientizarea-prezentei-motociclistilor-in-trafic\\\/#primaryimage\",\"url\":\"https:\\\/\\\/urbeamea.ro\\\/albaiulia\\\/wp-content\\\/uploads\\\/2018\\\/05\\\/30712796_1782915758438044_6105014553467158528_n.jpg\",\"contentUrl\":\"https:\\\/\\\/urbeamea.ro\\\/albaiulia\\\/wp-content\\\/uploads\\\/2018\\\/05\\\/30712796_1782915758438044_6105014553467158528_n.jpg\",\"width\":960,\"height\":539},{\"@type\":\"BreadcrumbList\",\"@id\":\"https:\\\/\\\/urbeamea.ro\\\/albaiulia\\\/sambata-mars-al-iubitorilor-de-motoare-pe-doua-roti-la-alba-iulia-pentru-constientizarea-prezentei-motociclistilor-in-trafic\\\/#breadcrumb\",\"itemListElement\":[{\"@type\":\"ListItem\",\"position\":1,\"name\":\"Prima pagin\u0103\",\"item\":\"https:\\\/\\\/urbeamea.ro\\\/albaiulia\\\/\"},{\"@type\":\"ListItem\",\"position\":2,\"name\":\"S\u00e2mb\u0103t\u0103: Mar\u0219 al iubitorilor de motoare pe dou\u0103 ro\u021bi, la Alba Iulia pentru con\u0219tientizarea prezen\u021bei motocicli\u0219tilor \u00een trafic\"}]},{\"@type\":\"WebSite\",\"@id\":\"https:\\\/\\\/urbeamea.ro\\\/albaiulia\\\/#website\",\"url\":\"https:\\\/\\\/urbeamea.ro\\\/albaiulia\\\/\",\"name\":\"Revista Urbea Mea, Stiri urbane\",\"description\":\"Evenimente \u0219i \u0219tiri din Alba Iulia, Sebe\u0219, Aiud, Blaj\",\"potentialAction\":[{\"@type\":\"SearchAction\",\"target\":{\"@type\":\"EntryPoint\",\"urlTemplate\":\"https:\\\/\\\/urbeamea.ro\\\/albaiulia\\\/?s={search_term_string}\"},\"query-input\":{\"@type\":\"PropertyValueSpecification\",\"valueRequired\":true,\"valueName\":\"search_term_string\"}}],\"inLanguage\":\"ro-RO\"},{\"@type\":\"Person\",\"@id\":\"https:\\\/\\\/urbeamea.ro\\\/albaiulia\\\/#\\\/schema\\\/person\\\/9700d21fae21c4f038b0b56f4506264a\",\"name\":\"Cristina Ganga\",\"image\":{\"@type\":\"ImageObject\",\"inLanguage\":\"ro-RO\",\"@id\":\"https:\\\/\\\/secure.gravatar.com\\\/avatar\\\/5a67661041f057b4a8ccaf26f5a8e86e2689372006d01faf3dd9eeb10b654bb4?s=96&d=mm&r=g\",\"url\":\"https:\\\/\\\/secure.gravatar.com\\\/avatar\\\/5a67661041f057b4a8ccaf26f5a8e86e2689372006d01faf3dd9eeb10b654bb4?s=96&d=mm&r=g\",\"contentUrl\":\"https:\\\/\\\/secure.gravatar.com\\\/avatar\\\/5a67661041f057b4a8ccaf26f5a8e86e2689372006d01faf3dd9eeb10b654bb4?s=96&d=mm&r=g\",\"caption\":\"Cristina Ganga\"},\"description\":\"Jurnalist\",\"sameAs\":[\"https:\\\/\\\/www.facebook.com\\\/cristina.nicola.587\"],\"url\":\"https:\\\/\\\/urbeamea.ro\\\/albaiulia\\\/author\\\/cristina-nicola\\\/\"}]}<\/script>\n<!-- \/ Yoast SEO plugin. -->","yoast_head_json":{"title":"S\u00e2mb\u0103t\u0103: Mar\u0219 al iubitorilor de motoare pe dou\u0103 ro\u021bi, la Alba Iulia pentru con\u0219tientizarea prezen\u021bei motocicli\u0219tilor \u00een trafic - Revista Urbea Mea - Revista de Alba","description":"S\u00e2mb\u0103t\u0103, la Alba Iulia va avea loc un mar\u0219 al iubitorilor motoarele pe dou\u0103 ro\u021bi. Vor atrage aten\u0163ia participan\u021bilor la traficul rutier, pentru","robots":{"index":"index","follow":"follow","max-snippet":"max-snippet:-1","max-image-preview":"max-image-preview:large","max-video-preview":"max-video-preview:-1"},"canonical":"https:\/\/urbeamea.ro\/albaiulia\/sambata-mars-al-iubitorilor-de-motoare-pe-doua-roti-la-alba-iulia-pentru-constientizarea-prezentei-motociclistilor-in-trafic\/","twitter_card":"summary_large_image","twitter_title":"S\u00e2mb\u0103t\u0103: Mar\u0219 al iubitorilor de motoare pe dou\u0103 ro\u021bi, la Alba Iulia pentru con\u0219tientizarea prezen\u021bei motocicli\u0219tilor \u00een trafic - Revista Urbea Mea - Revista de Alba","twitter_description":"S\u00e2mb\u0103t\u0103, la Alba Iulia va avea loc un mar\u0219 al iubitorilor motoarele pe dou\u0103 ro\u021bi. Vor atrage aten\u0163ia participan\u021bilor la traficul rutier, pentru","twitter_image":"https:\/\/urbeamea.ro\/albaiulia\/wp-content\/uploads\/2018\/05\/30712796_1782915758438044_6105014553467158528_n.jpg","twitter_creator":"@urbeameaweb","twitter_site":"@urbeameaweb","schema":{"@context":"https:\/\/schema.org","@graph":[{"@type":"Article","@id":"https:\/\/urbeamea.ro\/albaiulia\/sambata-mars-al-iubitorilor-de-motoare-pe-doua-roti-la-alba-iulia-pentru-constientizarea-prezentei-motociclistilor-in-trafic\/#article","isPartOf":{"@id":"https:\/\/urbeamea.ro\/albaiulia\/sambata-mars-al-iubitorilor-de-motoare-pe-doua-roti-la-alba-iulia-pentru-constientizarea-prezentei-motociclistilor-in-trafic\/"},"author":{"name":"Cristina Ganga","@id":"https:\/\/urbeamea.ro\/albaiulia\/#\/schema\/person\/9700d21fae21c4f038b0b56f4506264a"},"headline":"S\u00e2mb\u0103t\u0103: Mar\u0219 al iubitorilor de motoare pe dou\u0103 ro\u021bi, la Alba Iulia pentru con\u0219tientizarea prezen\u021bei motocicli\u0219tilor \u00een trafic","datePublished":"2018-05-04T09:31:24+00:00","dateModified":"2018-05-04T09:34:48+00:00","mainEntityOfPage":{"@id":"https:\/\/urbeamea.ro\/albaiulia\/sambata-mars-al-iubitorilor-de-motoare-pe-doua-roti-la-alba-iulia-pentru-constientizarea-prezentei-motociclistilor-in-trafic\/"},"wordCount":158,"commentCount":0,"image":{"@id":"https:\/\/urbeamea.ro\/albaiulia\/sambata-mars-al-iubitorilor-de-motoare-pe-doua-roti-la-alba-iulia-pentru-constientizarea-prezentei-motociclistilor-in-trafic\/#primaryimage"},"thumbnailUrl":"https:\/\/urbeamea.ro\/albaiulia\/wp-content\/uploads\/2018\/05\/30712796_1782915758438044_6105014553467158528_n.jpg","keywords":["Alba Iulia","Asociatia Apulum Bikers","constientizare","mars al iubitorilor de motoare","parcarea stadionului municipal","participanti trafic","stiri","Urbea Mea"],"articleSection":["Evenimente"],"inLanguage":"ro-RO","potentialAction":[{"@type":"CommentAction","name":"Comment","target":["https:\/\/urbeamea.ro\/albaiulia\/sambata-mars-al-iubitorilor-de-motoare-pe-doua-roti-la-alba-iulia-pentru-constientizarea-prezentei-motociclistilor-in-trafic\/#respond"]}]},{"@type":"WebPage","@id":"https:\/\/urbeamea.ro\/albaiulia\/sambata-mars-al-iubitorilor-de-motoare-pe-doua-roti-la-alba-iulia-pentru-constientizarea-prezentei-motociclistilor-in-trafic\/","url":"https:\/\/urbeamea.ro\/albaiulia\/sambata-mars-al-iubitorilor-de-motoare-pe-doua-roti-la-alba-iulia-pentru-constientizarea-prezentei-motociclistilor-in-trafic\/","name":"S\u00e2mb\u0103t\u0103: Mar\u0219 al iubitorilor de motoare pe dou\u0103 ro\u021bi, la Alba Iulia pentru con\u0219tientizarea prezen\u021bei motocicli\u0219tilor \u00een trafic - Revista Urbea Mea - Revista de Alba","isPartOf":{"@id":"https:\/\/urbeamea.ro\/albaiulia\/#website"},"primaryImageOfPage":{"@id":"https:\/\/urbeamea.ro\/albaiulia\/sambata-mars-al-iubitorilor-de-motoare-pe-doua-roti-la-alba-iulia-pentru-constientizarea-prezentei-motociclistilor-in-trafic\/#primaryimage"},"image":{"@id":"https:\/\/urbeamea.ro\/albaiulia\/sambata-mars-al-iubitorilor-de-motoare-pe-doua-roti-la-alba-iulia-pentru-constientizarea-prezentei-motociclistilor-in-trafic\/#primaryimage"},"thumbnailUrl":"https:\/\/urbeamea.ro\/albaiulia\/wp-content\/uploads\/2018\/05\/30712796_1782915758438044_6105014553467158528_n.jpg","datePublished":"2018-05-04T09:31:24+00:00","dateModified":"2018-05-04T09:34:48+00:00","author":{"@id":"https:\/\/urbeamea.ro\/albaiulia\/#\/schema\/person\/9700d21fae21c4f038b0b56f4506264a"},"description":"S\u00e2mb\u0103t\u0103, la Alba Iulia va avea loc un mar\u0219 al iubitorilor motoarele pe dou\u0103 ro\u021bi. Vor atrage aten\u0163ia participan\u021bilor la traficul rutier, pentru","breadcrumb":{"@id":"https:\/\/urbeamea.ro\/albaiulia\/sambata-mars-al-iubitorilor-de-motoare-pe-doua-roti-la-alba-iulia-pentru-constientizarea-prezentei-motociclistilor-in-trafic\/#breadcrumb"},"inLanguage":"ro-RO","potentialAction":[{"@type":"ReadAction","target":["https:\/\/urbeamea.ro\/albaiulia\/sambata-mars-al-iubitorilor-de-motoare-pe-doua-roti-la-alba-iulia-pentru-constientizarea-prezentei-motociclistilor-in-trafic\/"]}]},{"@type":"ImageObject","inLanguage":"ro-RO","@id":"https:\/\/urbeamea.ro\/albaiulia\/sambata-mars-al-iubitorilor-de-motoare-pe-doua-roti-la-alba-iulia-pentru-constientizarea-prezentei-motociclistilor-in-trafic\/#primaryimage","url":"https:\/\/urbeamea.ro\/albaiulia\/wp-content\/uploads\/2018\/05\/30712796_1782915758438044_6105014553467158528_n.jpg","contentUrl":"https:\/\/urbeamea.ro\/albaiulia\/wp-content\/uploads\/2018\/05\/30712796_1782915758438044_6105014553467158528_n.jpg","width":960,"height":539},{"@type":"BreadcrumbList","@id":"https:\/\/urbeamea.ro\/albaiulia\/sambata-mars-al-iubitorilor-de-motoare-pe-doua-roti-la-alba-iulia-pentru-constientizarea-prezentei-motociclistilor-in-trafic\/#breadcrumb","itemListElement":[{"@type":"ListItem","position":1,"name":"Prima pagin\u0103","item":"https:\/\/urbeamea.ro\/albaiulia\/"},{"@type":"ListItem","position":2,"name":"S\u00e2mb\u0103t\u0103: Mar\u0219 al iubitorilor de motoare pe dou\u0103 ro\u021bi, la Alba Iulia pentru con\u0219tientizarea prezen\u021bei motocicli\u0219tilor \u00een trafic"}]},{"@type":"WebSite","@id":"https:\/\/urbeamea.ro\/albaiulia\/#website","url":"https:\/\/urbeamea.ro\/albaiulia\/","name":"Revista Urbea Mea, Stiri urbane","description":"Evenimente \u0219i \u0219tiri din Alba Iulia, Sebe\u0219, Aiud, Blaj","potentialAction":[{"@type":"SearchAction","target":{"@type":"EntryPoint","urlTemplate":"https:\/\/urbeamea.ro\/albaiulia\/?s={search_term_string}"},"query-input":{"@type":"PropertyValueSpecification","valueRequired":true,"valueName":"search_term_string"}}],"inLanguage":"ro-RO"},{"@type":"Person","@id":"https:\/\/urbeamea.ro\/albaiulia\/#\/schema\/person\/9700d21fae21c4f038b0b56f4506264a","name":"Cristina Ganga","image":{"@type":"ImageObject","inLanguage":"ro-RO","@id":"https:\/\/secure.gravatar.com\/avatar\/5a67661041f057b4a8ccaf26f5a8e86e2689372006d01faf3dd9eeb10b654bb4?s=96&d=mm&r=g","url":"https:\/\/secure.gravatar.com\/avatar\/5a67661041f057b4a8ccaf26f5a8e86e2689372006d01faf3dd9eeb10b654bb4?s=96&d=mm&r=g","contentUrl":"https:\/\/secure.gravatar.com\/avatar\/5a67661041f057b4a8ccaf26f5a8e86e2689372006d01faf3dd9eeb10b654bb4?s=96&d=mm&r=g","caption":"Cristina Ganga"},"description":"Jurnalist","sameAs":["https:\/\/www.facebook.com\/cristina.nicola.587"],"url":"https:\/\/urbeamea.ro\/albaiulia\/author\/cristina-nicola\/"}]}},"_links":{"self":[{"href":"https:\/\/urbeamea.ro\/albaiulia\/wp-json\/wp\/v2\/posts\/62575","targetHints":{"allow":["GET"]}}],"collection":[{"href":"https:\/\/urbeamea.ro\/albaiulia\/wp-json\/wp\/v2\/posts"}],"about":[{"href":"https:\/\/urbeamea.ro\/albaiulia\/wp-json\/wp\/v2\/types\/post"}],"author":[{"embeddable":true,"href":"https:\/\/urbeamea.ro\/albaiulia\/wp-json\/wp\/v2\/users\/17"}],"replies":[{"embeddable":true,"href":"https:\/\/urbeamea.ro\/albaiulia\/wp-json\/wp\/v2\/comments?post=62575"}],"version-history":[{"count":0,"href":"https:\/\/urbeamea.ro\/albaiulia\/wp-json\/wp\/v2\/posts\/62575\/revisions"}],"wp:featuredmedia":[{"embeddable":true,"href":"https:\/\/urbeamea.ro\/albaiulia\/wp-json\/wp\/v2\/media\/62576"}],"wp:attachment":[{"href":"https:\/\/urbeamea.ro\/albaiulia\/wp-json\/wp\/v2\/media?parent=62575"}],"wp:term":[{"taxonomy":"category","embeddable":true,"href":"https:\/\/urbeamea.ro\/albaiulia\/wp-json\/wp\/v2\/categories?post=62575"},{"taxonomy":"post_tag","embeddable":true,"href":"https:\/\/urbeamea.ro\/albaiulia\/wp-json\/wp\/v2\/tags?post=62575"}],"curies":[{"name":"wp","href":"https:\/\/api.w.org\/{rel}","templated":true}]}}