{"id":62676,"date":"2018-05-07T16:21:24","date_gmt":"2018-05-07T13:21:24","guid":{"rendered":"https:\/\/urbeamea.ro\/albaiulia\/?p=62676"},"modified":"2018-05-07T16:22:43","modified_gmt":"2018-05-07T13:22:43","slug":"marti-un-exemplar-din-ziarul-unirea-aparut-la-blaj-in-data-de-1-decembrie-1918-exponatul-lunii-mai-la-muzeul-national-al-unirii-din-alba-iulia","status":"publish","type":"post","link":"https:\/\/urbeamea.ro\/albaiulia\/marti-un-exemplar-din-ziarul-unirea-aparut-la-blaj-in-data-de-1-decembrie-1918-exponatul-lunii-mai-la-muzeul-national-al-unirii-din-alba-iulia\/","title":{"rendered":"Mar\u0163i: Un exemplar din Ziarul Unirea, ap\u0103rut la Blaj, \u00een data de 1 Decembrie 1918, exponatul lunii mai, la Muzeul Na\u0163ional al Unirii din Alba Iulia"},"content":{"rendered":"<p><strong>Mar\u021bi, 8 mai 2018, \u00eencep\u00e2nd cu ora 11.00, Muzeul Na\u021bional al Unirii Alba Iulia prezint\u0103 exponatul lunii mai 2018.<\/strong><\/p>\n<p>Exponatul Lunii Mai este reprezentat de un exemplar din Ziarul Unirea, ap\u0103rut la Blaj, \u00een data de 1 Decembrie 1918.<\/p>\n<p>Num\u0103rul con\u021bine, printre altele, Programul Adun\u0103rii Na\u021bionale ce avea s\u0103 fie pus \u00een practic\u0103 \u00een aceea\u0219i zi la Alba Iulia<\/p>\n<p>Evenimentul este organizat de Consiliul Jude\u021bean Alba \u0219i Muzeul Na\u021bional al Unirii Alba iulia<\/p>\n","protected":false},"excerpt":{"rendered":"<p>Mar\u021bi, 8 mai 2018, \u00eencep\u00e2nd cu ora 11.00, Muzeul Na\u021bional al Unirii Alba Iulia prezint\u0103 exponatul lunii mai 2018. Exponatul Lunii Mai este reprezentat de un exemplar din Ziarul Unirea, ap\u0103rut la Blaj, \u00een data de 1 Decembrie 1918. Num\u0103rul con\u021bine, printre altele, Programul Adun\u0103rii Na\u021bionale ce avea s\u0103 fie pus \u00een practic\u0103 \u00een aceea\u0219i &hellip;<\/p>\n","protected":false},"author":17,"featured_media":62677,"comment_status":"open","ping_status":"open","sticky":false,"template":"","format":"standard","meta":{"inline_featured_image":false,"footnotes":""},"categories":[8857],"tags":[6638,31,15212,15211,15210,421,308,76],"class_list":["post-62676","post","type-post","status-publish","format-standard","has-post-thumbnail","hentry","category-istorie","tag-1-decembrie-1918","tag-alba-iulia","tag-aparut-la-blaj","tag-exemplar-din-ziarul-unirea","tag-exponatul-lunii-mai-2018","tag-muzeul-national-al-unirii","tag-stiri","tag-urbea-mea"],"yoast_head":"<!-- This site is optimized with the Yoast SEO plugin v27.4 - https:\/\/yoast.com\/product\/yoast-seo-wordpress\/ -->\n<title>Mar\u0163i: Un exemplar din Ziarul Unirea, ap\u0103rut la Blaj, \u00een data de 1 Decembrie 1918, exponatul lunii mai, la Muzeul Na\u0163ional al Unirii din Alba Iulia - Revista Urbea Mea - Revista de Alba<\/title>\n<meta name=\"description\" content=\"Mar\u021bi, 8 mai 2018, \u00eencep\u00e2nd cu ora 11.00, Muzeul Na\u021bional al Unirii Alba Iulia prezint\u0103 exponatul lunii mai 2018. Exponatul Lunii Mai este reprezentat de\" \/>\n<meta name=\"robots\" content=\"index, follow, max-snippet:-1, max-image-preview:large, max-video-preview:-1\" \/>\n<link rel=\"canonical\" href=\"https:\/\/urbeamea.ro\/albaiulia\/marti-un-exemplar-din-ziarul-unirea-aparut-la-blaj-in-data-de-1-decembrie-1918-exponatul-lunii-mai-la-muzeul-national-al-unirii-din-alba-iulia\/\" \/>\n<meta name=\"twitter:card\" content=\"summary_large_image\" \/>\n<meta name=\"twitter:title\" content=\"Mar\u0163i: Un exemplar din Ziarul Unirea, ap\u0103rut la Blaj, \u00een data de 1 Decembrie 1918, exponatul lunii mai, la Muzeul Na\u0163ional al Unirii din Alba Iulia - Revista Urbea Mea - Revista de Alba\" \/>\n<meta name=\"twitter:description\" content=\"Mar\u021bi, 8 mai 2018, \u00eencep\u00e2nd cu ora 11.00, Muzeul Na\u021bional al Unirii Alba Iulia prezint\u0103 exponatul lunii mai 2018. Exponatul Lunii Mai este reprezentat de\" \/>\n<meta name=\"twitter:image\" content=\"https:\/\/urbeamea.ro\/albaiulia\/wp-content\/uploads\/2018\/05\/31945639_1708855385856703_3814361529319424000_n.jpg\" \/>\n<meta name=\"twitter:creator\" content=\"@urbeameaweb\" \/>\n<meta name=\"twitter:site\" content=\"@urbeameaweb\" \/>\n<script type=\"application\/ld+json\" class=\"yoast-schema-graph\">{\"@context\":\"https:\\\/\\\/schema.org\",\"@graph\":[{\"@type\":\"Article\",\"@id\":\"https:\\\/\\\/urbeamea.ro\\\/albaiulia\\\/marti-un-exemplar-din-ziarul-unirea-aparut-la-blaj-in-data-de-1-decembrie-1918-exponatul-lunii-mai-la-muzeul-national-al-unirii-din-alba-iulia\\\/#article\",\"isPartOf\":{\"@id\":\"https:\\\/\\\/urbeamea.ro\\\/albaiulia\\\/marti-un-exemplar-din-ziarul-unirea-aparut-la-blaj-in-data-de-1-decembrie-1918-exponatul-lunii-mai-la-muzeul-national-al-unirii-din-alba-iulia\\\/\"},\"author\":{\"name\":\"Cristina Ganga\",\"@id\":\"https:\\\/\\\/urbeamea.ro\\\/albaiulia\\\/#\\\/schema\\\/person\\\/9700d21fae21c4f038b0b56f4506264a\"},\"headline\":\"Mar\u0163i: Un exemplar din Ziarul Unirea, ap\u0103rut la Blaj, \u00een data de 1 Decembrie 1918, exponatul lunii mai, la Muzeul Na\u0163ional al Unirii din Alba Iulia\",\"datePublished\":\"2018-05-07T13:21:24+00:00\",\"dateModified\":\"2018-05-07T13:22:43+00:00\",\"mainEntityOfPage\":{\"@id\":\"https:\\\/\\\/urbeamea.ro\\\/albaiulia\\\/marti-un-exemplar-din-ziarul-unirea-aparut-la-blaj-in-data-de-1-decembrie-1918-exponatul-lunii-mai-la-muzeul-national-al-unirii-din-alba-iulia\\\/\"},\"wordCount\":105,\"commentCount\":0,\"image\":{\"@id\":\"https:\\\/\\\/urbeamea.ro\\\/albaiulia\\\/marti-un-exemplar-din-ziarul-unirea-aparut-la-blaj-in-data-de-1-decembrie-1918-exponatul-lunii-mai-la-muzeul-national-al-unirii-din-alba-iulia\\\/#primaryimage\"},\"thumbnailUrl\":\"https:\\\/\\\/urbeamea.ro\\\/albaiulia\\\/wp-content\\\/uploads\\\/2018\\\/05\\\/31945639_1708855385856703_3814361529319424000_n.jpg\",\"keywords\":[\"1 decembrie 1918\",\"Alba Iulia\",\"aparut la blaj\",\"exemplar din ziarul unirea\",\"exponatul lunii mai 2018\",\"muzeul national al unirii\",\"stiri\",\"Urbea Mea\"],\"articleSection\":[\"Istorie\"],\"inLanguage\":\"ro-RO\",\"potentialAction\":[{\"@type\":\"CommentAction\",\"name\":\"Comment\",\"target\":[\"https:\\\/\\\/urbeamea.ro\\\/albaiulia\\\/marti-un-exemplar-din-ziarul-unirea-aparut-la-blaj-in-data-de-1-decembrie-1918-exponatul-lunii-mai-la-muzeul-national-al-unirii-din-alba-iulia\\\/#respond\"]}]},{\"@type\":\"WebPage\",\"@id\":\"https:\\\/\\\/urbeamea.ro\\\/albaiulia\\\/marti-un-exemplar-din-ziarul-unirea-aparut-la-blaj-in-data-de-1-decembrie-1918-exponatul-lunii-mai-la-muzeul-national-al-unirii-din-alba-iulia\\\/\",\"url\":\"https:\\\/\\\/urbeamea.ro\\\/albaiulia\\\/marti-un-exemplar-din-ziarul-unirea-aparut-la-blaj-in-data-de-1-decembrie-1918-exponatul-lunii-mai-la-muzeul-national-al-unirii-din-alba-iulia\\\/\",\"name\":\"Mar\u0163i: Un exemplar din Ziarul Unirea, ap\u0103rut la Blaj, \u00een data de 1 Decembrie 1918, exponatul lunii mai, la Muzeul Na\u0163ional al Unirii din Alba Iulia - Revista Urbea Mea - Revista de Alba\",\"isPartOf\":{\"@id\":\"https:\\\/\\\/urbeamea.ro\\\/albaiulia\\\/#website\"},\"primaryImageOfPage\":{\"@id\":\"https:\\\/\\\/urbeamea.ro\\\/albaiulia\\\/marti-un-exemplar-din-ziarul-unirea-aparut-la-blaj-in-data-de-1-decembrie-1918-exponatul-lunii-mai-la-muzeul-national-al-unirii-din-alba-iulia\\\/#primaryimage\"},\"image\":{\"@id\":\"https:\\\/\\\/urbeamea.ro\\\/albaiulia\\\/marti-un-exemplar-din-ziarul-unirea-aparut-la-blaj-in-data-de-1-decembrie-1918-exponatul-lunii-mai-la-muzeul-national-al-unirii-din-alba-iulia\\\/#primaryimage\"},\"thumbnailUrl\":\"https:\\\/\\\/urbeamea.ro\\\/albaiulia\\\/wp-content\\\/uploads\\\/2018\\\/05\\\/31945639_1708855385856703_3814361529319424000_n.jpg\",\"datePublished\":\"2018-05-07T13:21:24+00:00\",\"dateModified\":\"2018-05-07T13:22:43+00:00\",\"author\":{\"@id\":\"https:\\\/\\\/urbeamea.ro\\\/albaiulia\\\/#\\\/schema\\\/person\\\/9700d21fae21c4f038b0b56f4506264a\"},\"description\":\"Mar\u021bi, 8 mai 2018, \u00eencep\u00e2nd cu ora 11.00, Muzeul Na\u021bional al Unirii Alba Iulia prezint\u0103 exponatul lunii mai 2018. Exponatul Lunii Mai este reprezentat de\",\"breadcrumb\":{\"@id\":\"https:\\\/\\\/urbeamea.ro\\\/albaiulia\\\/marti-un-exemplar-din-ziarul-unirea-aparut-la-blaj-in-data-de-1-decembrie-1918-exponatul-lunii-mai-la-muzeul-national-al-unirii-din-alba-iulia\\\/#breadcrumb\"},\"inLanguage\":\"ro-RO\",\"potentialAction\":[{\"@type\":\"ReadAction\",\"target\":[\"https:\\\/\\\/urbeamea.ro\\\/albaiulia\\\/marti-un-exemplar-din-ziarul-unirea-aparut-la-blaj-in-data-de-1-decembrie-1918-exponatul-lunii-mai-la-muzeul-national-al-unirii-din-alba-iulia\\\/\"]}]},{\"@type\":\"ImageObject\",\"inLanguage\":\"ro-RO\",\"@id\":\"https:\\\/\\\/urbeamea.ro\\\/albaiulia\\\/marti-un-exemplar-din-ziarul-unirea-aparut-la-blaj-in-data-de-1-decembrie-1918-exponatul-lunii-mai-la-muzeul-national-al-unirii-din-alba-iulia\\\/#primaryimage\",\"url\":\"https:\\\/\\\/urbeamea.ro\\\/albaiulia\\\/wp-content\\\/uploads\\\/2018\\\/05\\\/31945639_1708855385856703_3814361529319424000_n.jpg\",\"contentUrl\":\"https:\\\/\\\/urbeamea.ro\\\/albaiulia\\\/wp-content\\\/uploads\\\/2018\\\/05\\\/31945639_1708855385856703_3814361529319424000_n.jpg\",\"width\":679,\"height\":960},{\"@type\":\"BreadcrumbList\",\"@id\":\"https:\\\/\\\/urbeamea.ro\\\/albaiulia\\\/marti-un-exemplar-din-ziarul-unirea-aparut-la-blaj-in-data-de-1-decembrie-1918-exponatul-lunii-mai-la-muzeul-national-al-unirii-din-alba-iulia\\\/#breadcrumb\",\"itemListElement\":[{\"@type\":\"ListItem\",\"position\":1,\"name\":\"Prima pagin\u0103\",\"item\":\"https:\\\/\\\/urbeamea.ro\\\/albaiulia\\\/\"},{\"@type\":\"ListItem\",\"position\":2,\"name\":\"Mar\u0163i: Un exemplar din Ziarul Unirea, ap\u0103rut la Blaj, \u00een data de 1 Decembrie 1918, exponatul lunii mai, la Muzeul Na\u0163ional al Unirii din Alba Iulia\"}]},{\"@type\":\"WebSite\",\"@id\":\"https:\\\/\\\/urbeamea.ro\\\/albaiulia\\\/#website\",\"url\":\"https:\\\/\\\/urbeamea.ro\\\/albaiulia\\\/\",\"name\":\"Revista Urbea Mea, Stiri urbane\",\"description\":\"Evenimente \u0219i \u0219tiri din Alba Iulia, Sebe\u0219, Aiud, Blaj\",\"potentialAction\":[{\"@type\":\"SearchAction\",\"target\":{\"@type\":\"EntryPoint\",\"urlTemplate\":\"https:\\\/\\\/urbeamea.ro\\\/albaiulia\\\/?s={search_term_string}\"},\"query-input\":{\"@type\":\"PropertyValueSpecification\",\"valueRequired\":true,\"valueName\":\"search_term_string\"}}],\"inLanguage\":\"ro-RO\"},{\"@type\":\"Person\",\"@id\":\"https:\\\/\\\/urbeamea.ro\\\/albaiulia\\\/#\\\/schema\\\/person\\\/9700d21fae21c4f038b0b56f4506264a\",\"name\":\"Cristina Ganga\",\"image\":{\"@type\":\"ImageObject\",\"inLanguage\":\"ro-RO\",\"@id\":\"https:\\\/\\\/secure.gravatar.com\\\/avatar\\\/5a67661041f057b4a8ccaf26f5a8e86e2689372006d01faf3dd9eeb10b654bb4?s=96&d=mm&r=g\",\"url\":\"https:\\\/\\\/secure.gravatar.com\\\/avatar\\\/5a67661041f057b4a8ccaf26f5a8e86e2689372006d01faf3dd9eeb10b654bb4?s=96&d=mm&r=g\",\"contentUrl\":\"https:\\\/\\\/secure.gravatar.com\\\/avatar\\\/5a67661041f057b4a8ccaf26f5a8e86e2689372006d01faf3dd9eeb10b654bb4?s=96&d=mm&r=g\",\"caption\":\"Cristina Ganga\"},\"description\":\"Jurnalist\",\"sameAs\":[\"https:\\\/\\\/www.facebook.com\\\/cristina.nicola.587\"],\"url\":\"https:\\\/\\\/urbeamea.ro\\\/albaiulia\\\/author\\\/cristina-nicola\\\/\"}]}<\/script>\n<!-- \/ Yoast SEO plugin. -->","yoast_head_json":{"title":"Mar\u0163i: Un exemplar din Ziarul Unirea, ap\u0103rut la Blaj, \u00een data de 1 Decembrie 1918, exponatul lunii mai, la Muzeul Na\u0163ional al Unirii din Alba Iulia - Revista Urbea Mea - Revista de Alba","description":"Mar\u021bi, 8 mai 2018, \u00eencep\u00e2nd cu ora 11.00, Muzeul Na\u021bional al Unirii Alba Iulia prezint\u0103 exponatul lunii mai 2018. Exponatul Lunii Mai este reprezentat de","robots":{"index":"index","follow":"follow","max-snippet":"max-snippet:-1","max-image-preview":"max-image-preview:large","max-video-preview":"max-video-preview:-1"},"canonical":"https:\/\/urbeamea.ro\/albaiulia\/marti-un-exemplar-din-ziarul-unirea-aparut-la-blaj-in-data-de-1-decembrie-1918-exponatul-lunii-mai-la-muzeul-national-al-unirii-din-alba-iulia\/","twitter_card":"summary_large_image","twitter_title":"Mar\u0163i: Un exemplar din Ziarul Unirea, ap\u0103rut la Blaj, \u00een data de 1 Decembrie 1918, exponatul lunii mai, la Muzeul Na\u0163ional al Unirii din Alba Iulia - Revista Urbea Mea - Revista de Alba","twitter_description":"Mar\u021bi, 8 mai 2018, \u00eencep\u00e2nd cu ora 11.00, Muzeul Na\u021bional al Unirii Alba Iulia prezint\u0103 exponatul lunii mai 2018. Exponatul Lunii Mai este reprezentat de","twitter_image":"https:\/\/urbeamea.ro\/albaiulia\/wp-content\/uploads\/2018\/05\/31945639_1708855385856703_3814361529319424000_n.jpg","twitter_creator":"@urbeameaweb","twitter_site":"@urbeameaweb","schema":{"@context":"https:\/\/schema.org","@graph":[{"@type":"Article","@id":"https:\/\/urbeamea.ro\/albaiulia\/marti-un-exemplar-din-ziarul-unirea-aparut-la-blaj-in-data-de-1-decembrie-1918-exponatul-lunii-mai-la-muzeul-national-al-unirii-din-alba-iulia\/#article","isPartOf":{"@id":"https:\/\/urbeamea.ro\/albaiulia\/marti-un-exemplar-din-ziarul-unirea-aparut-la-blaj-in-data-de-1-decembrie-1918-exponatul-lunii-mai-la-muzeul-national-al-unirii-din-alba-iulia\/"},"author":{"name":"Cristina Ganga","@id":"https:\/\/urbeamea.ro\/albaiulia\/#\/schema\/person\/9700d21fae21c4f038b0b56f4506264a"},"headline":"Mar\u0163i: Un exemplar din Ziarul Unirea, ap\u0103rut la Blaj, \u00een data de 1 Decembrie 1918, exponatul lunii mai, la Muzeul Na\u0163ional al Unirii din Alba Iulia","datePublished":"2018-05-07T13:21:24+00:00","dateModified":"2018-05-07T13:22:43+00:00","mainEntityOfPage":{"@id":"https:\/\/urbeamea.ro\/albaiulia\/marti-un-exemplar-din-ziarul-unirea-aparut-la-blaj-in-data-de-1-decembrie-1918-exponatul-lunii-mai-la-muzeul-national-al-unirii-din-alba-iulia\/"},"wordCount":105,"commentCount":0,"image":{"@id":"https:\/\/urbeamea.ro\/albaiulia\/marti-un-exemplar-din-ziarul-unirea-aparut-la-blaj-in-data-de-1-decembrie-1918-exponatul-lunii-mai-la-muzeul-national-al-unirii-din-alba-iulia\/#primaryimage"},"thumbnailUrl":"https:\/\/urbeamea.ro\/albaiulia\/wp-content\/uploads\/2018\/05\/31945639_1708855385856703_3814361529319424000_n.jpg","keywords":["1 decembrie 1918","Alba Iulia","aparut la blaj","exemplar din ziarul unirea","exponatul lunii mai 2018","muzeul national al unirii","stiri","Urbea Mea"],"articleSection":["Istorie"],"inLanguage":"ro-RO","potentialAction":[{"@type":"CommentAction","name":"Comment","target":["https:\/\/urbeamea.ro\/albaiulia\/marti-un-exemplar-din-ziarul-unirea-aparut-la-blaj-in-data-de-1-decembrie-1918-exponatul-lunii-mai-la-muzeul-national-al-unirii-din-alba-iulia\/#respond"]}]},{"@type":"WebPage","@id":"https:\/\/urbeamea.ro\/albaiulia\/marti-un-exemplar-din-ziarul-unirea-aparut-la-blaj-in-data-de-1-decembrie-1918-exponatul-lunii-mai-la-muzeul-national-al-unirii-din-alba-iulia\/","url":"https:\/\/urbeamea.ro\/albaiulia\/marti-un-exemplar-din-ziarul-unirea-aparut-la-blaj-in-data-de-1-decembrie-1918-exponatul-lunii-mai-la-muzeul-national-al-unirii-din-alba-iulia\/","name":"Mar\u0163i: Un exemplar din Ziarul Unirea, ap\u0103rut la Blaj, \u00een data de 1 Decembrie 1918, exponatul lunii mai, la Muzeul Na\u0163ional al Unirii din Alba Iulia - Revista Urbea Mea - Revista de Alba","isPartOf":{"@id":"https:\/\/urbeamea.ro\/albaiulia\/#website"},"primaryImageOfPage":{"@id":"https:\/\/urbeamea.ro\/albaiulia\/marti-un-exemplar-din-ziarul-unirea-aparut-la-blaj-in-data-de-1-decembrie-1918-exponatul-lunii-mai-la-muzeul-national-al-unirii-din-alba-iulia\/#primaryimage"},"image":{"@id":"https:\/\/urbeamea.ro\/albaiulia\/marti-un-exemplar-din-ziarul-unirea-aparut-la-blaj-in-data-de-1-decembrie-1918-exponatul-lunii-mai-la-muzeul-national-al-unirii-din-alba-iulia\/#primaryimage"},"thumbnailUrl":"https:\/\/urbeamea.ro\/albaiulia\/wp-content\/uploads\/2018\/05\/31945639_1708855385856703_3814361529319424000_n.jpg","datePublished":"2018-05-07T13:21:24+00:00","dateModified":"2018-05-07T13:22:43+00:00","author":{"@id":"https:\/\/urbeamea.ro\/albaiulia\/#\/schema\/person\/9700d21fae21c4f038b0b56f4506264a"},"description":"Mar\u021bi, 8 mai 2018, \u00eencep\u00e2nd cu ora 11.00, Muzeul Na\u021bional al Unirii Alba Iulia prezint\u0103 exponatul lunii mai 2018. Exponatul Lunii Mai este reprezentat de","breadcrumb":{"@id":"https:\/\/urbeamea.ro\/albaiulia\/marti-un-exemplar-din-ziarul-unirea-aparut-la-blaj-in-data-de-1-decembrie-1918-exponatul-lunii-mai-la-muzeul-national-al-unirii-din-alba-iulia\/#breadcrumb"},"inLanguage":"ro-RO","potentialAction":[{"@type":"ReadAction","target":["https:\/\/urbeamea.ro\/albaiulia\/marti-un-exemplar-din-ziarul-unirea-aparut-la-blaj-in-data-de-1-decembrie-1918-exponatul-lunii-mai-la-muzeul-national-al-unirii-din-alba-iulia\/"]}]},{"@type":"ImageObject","inLanguage":"ro-RO","@id":"https:\/\/urbeamea.ro\/albaiulia\/marti-un-exemplar-din-ziarul-unirea-aparut-la-blaj-in-data-de-1-decembrie-1918-exponatul-lunii-mai-la-muzeul-national-al-unirii-din-alba-iulia\/#primaryimage","url":"https:\/\/urbeamea.ro\/albaiulia\/wp-content\/uploads\/2018\/05\/31945639_1708855385856703_3814361529319424000_n.jpg","contentUrl":"https:\/\/urbeamea.ro\/albaiulia\/wp-content\/uploads\/2018\/05\/31945639_1708855385856703_3814361529319424000_n.jpg","width":679,"height":960},{"@type":"BreadcrumbList","@id":"https:\/\/urbeamea.ro\/albaiulia\/marti-un-exemplar-din-ziarul-unirea-aparut-la-blaj-in-data-de-1-decembrie-1918-exponatul-lunii-mai-la-muzeul-national-al-unirii-din-alba-iulia\/#breadcrumb","itemListElement":[{"@type":"ListItem","position":1,"name":"Prima pagin\u0103","item":"https:\/\/urbeamea.ro\/albaiulia\/"},{"@type":"ListItem","position":2,"name":"Mar\u0163i: Un exemplar din Ziarul Unirea, ap\u0103rut la Blaj, \u00een data de 1 Decembrie 1918, exponatul lunii mai, la Muzeul Na\u0163ional al Unirii din Alba Iulia"}]},{"@type":"WebSite","@id":"https:\/\/urbeamea.ro\/albaiulia\/#website","url":"https:\/\/urbeamea.ro\/albaiulia\/","name":"Revista Urbea Mea, Stiri urbane","description":"Evenimente \u0219i \u0219tiri din Alba Iulia, Sebe\u0219, Aiud, Blaj","potentialAction":[{"@type":"SearchAction","target":{"@type":"EntryPoint","urlTemplate":"https:\/\/urbeamea.ro\/albaiulia\/?s={search_term_string}"},"query-input":{"@type":"PropertyValueSpecification","valueRequired":true,"valueName":"search_term_string"}}],"inLanguage":"ro-RO"},{"@type":"Person","@id":"https:\/\/urbeamea.ro\/albaiulia\/#\/schema\/person\/9700d21fae21c4f038b0b56f4506264a","name":"Cristina Ganga","image":{"@type":"ImageObject","inLanguage":"ro-RO","@id":"https:\/\/secure.gravatar.com\/avatar\/5a67661041f057b4a8ccaf26f5a8e86e2689372006d01faf3dd9eeb10b654bb4?s=96&d=mm&r=g","url":"https:\/\/secure.gravatar.com\/avatar\/5a67661041f057b4a8ccaf26f5a8e86e2689372006d01faf3dd9eeb10b654bb4?s=96&d=mm&r=g","contentUrl":"https:\/\/secure.gravatar.com\/avatar\/5a67661041f057b4a8ccaf26f5a8e86e2689372006d01faf3dd9eeb10b654bb4?s=96&d=mm&r=g","caption":"Cristina Ganga"},"description":"Jurnalist","sameAs":["https:\/\/www.facebook.com\/cristina.nicola.587"],"url":"https:\/\/urbeamea.ro\/albaiulia\/author\/cristina-nicola\/"}]}},"_links":{"self":[{"href":"https:\/\/urbeamea.ro\/albaiulia\/wp-json\/wp\/v2\/posts\/62676","targetHints":{"allow":["GET"]}}],"collection":[{"href":"https:\/\/urbeamea.ro\/albaiulia\/wp-json\/wp\/v2\/posts"}],"about":[{"href":"https:\/\/urbeamea.ro\/albaiulia\/wp-json\/wp\/v2\/types\/post"}],"author":[{"embeddable":true,"href":"https:\/\/urbeamea.ro\/albaiulia\/wp-json\/wp\/v2\/users\/17"}],"replies":[{"embeddable":true,"href":"https:\/\/urbeamea.ro\/albaiulia\/wp-json\/wp\/v2\/comments?post=62676"}],"version-history":[{"count":0,"href":"https:\/\/urbeamea.ro\/albaiulia\/wp-json\/wp\/v2\/posts\/62676\/revisions"}],"wp:featuredmedia":[{"embeddable":true,"href":"https:\/\/urbeamea.ro\/albaiulia\/wp-json\/wp\/v2\/media\/62677"}],"wp:attachment":[{"href":"https:\/\/urbeamea.ro\/albaiulia\/wp-json\/wp\/v2\/media?parent=62676"}],"wp:term":[{"taxonomy":"category","embeddable":true,"href":"https:\/\/urbeamea.ro\/albaiulia\/wp-json\/wp\/v2\/categories?post=62676"},{"taxonomy":"post_tag","embeddable":true,"href":"https:\/\/urbeamea.ro\/albaiulia\/wp-json\/wp\/v2\/tags?post=62676"}],"curies":[{"name":"wp","href":"https:\/\/api.w.org\/{rel}","templated":true}]}}