{"id":62780,"date":"2018-05-10T10:53:08","date_gmt":"2018-05-10T07:53:08","guid":{"rendered":"https:\/\/urbeamea.ro\/albaiulia\/?p=62780"},"modified":"2018-05-10T10:55:09","modified_gmt":"2018-05-10T07:55:09","slug":"foto-video-poetul-si-filosoful-lucian-blaga-purtat-in-centrul-istoric-al-municipiului-sebes-in-cadrul-festivalului-international","status":"publish","type":"post","link":"https:\/\/urbeamea.ro\/albaiulia\/foto-video-poetul-si-filosoful-lucian-blaga-purtat-in-centrul-istoric-al-municipiului-sebes-in-cadrul-festivalului-international\/","title":{"rendered":"FOTO-VIDEO: Poetul \u015fi filosoful ,,Lucian Blaga&#8221;, purtat \u00een centrul istoric al Municipiului Sebe\u015f, \u00een cadrul Festivalului Interna\u0163ional"},"content":{"rendered":"<p style=\"font-weight: 400;\"><strong>Mar\u0163i, 9 mai 2018, la 123 de ani de la na\u015ftere, poetul \u015fi filosoful Lucian Blaga a fost omagiat \u00een cadrul unor activit\u00e3\u0163i de tipul flashmob, organizate de Centrul Cultural ,,Lucian Blaga&#8221; Sebe\u015f, \u00een colaborare cu actorul Florin Co\u015fule\u0163, trupa de teatru ,,Street Theatre Art Pokima&#8221; \u015fi tineri voluntari, elevi ai Colegiului Na\u021bional Lucian Blaga \u0219i ai Liceului Tehnologic din Sebe\u0219.<\/strong><\/p>\n<p style=\"font-weight: 400;\">Tinerii voluntari, prezen\u0163i \u00eentr-un num\u00e3r impresionant (peste 120), au distribuit flutura\u015fi promo\u0163ionali, flyere cu programul manifest\u00e3rilor, \u00eenc\u00e2nt\u00e2nd privirile trec\u00e3torilor cu tricourile purtate, inscrip\u0163ionate cu sigla Festivalului Interna\u0163ional ,,Lucian Blaga&#8221;. Al\u00e3turi de primarul municipiului Sebe\u015f, Dorin Nistor, voluntarii au depus un buchet de flori la bustul poetului Lucian Blaga din Sebe\u015f, moment continuat de ridicarea unui turn simbolic din c\u00e3r\u0163i, \u00een parcul central.<\/p>\n<p>Manifest\u00e3rile din preambulul Festivalului Interna\u0163ional ,,Lucian Blaga&#8221; Sebe\u015f, dedicate tinerilor voluntari, vor continua joi, 10 mai 2018, la Casa Memorial\u00e3 din Lancr\u00e3m,\u200b\u00a0cu un workshop dedicat tehnicii rostirii poeziei \u015fi poeziei \u00een muzic\u00e3, urmat vineri, 11 mai 2018, de deschiderea oficial\u00e3 a festivalului.<\/p>\n<p><iframe loading=\"lazy\" style=\"border: none; overflow: hidden;\" src=\"https:\/\/www.facebook.com\/plugins\/video.php?href=https%3A%2F%2Fwww.facebook.com%2Feduard.schneider.35%2Fvideos%2F2242901265736717%2F&amp;show_text=0&amp;width=560\" width=\"560\" height=\"315\" frameborder=\"0\" scrolling=\"no\" allowfullscreen=\"allowfullscreen\"><\/iframe><\/p>\n<p><iframe loading=\"lazy\" style=\"border: none; overflow: hidden;\" src=\"https:\/\/www.facebook.com\/plugins\/video.php?href=https%3A%2F%2Fwww.facebook.com%2FDorinNistorSebes%2Fvideos%2F1962244580483300%2F&amp;show_text=0&amp;width=560\" width=\"560\" height=\"315\" frameborder=\"0\" scrolling=\"no\" allowfullscreen=\"allowfullscreen\"><\/iframe><br \/>\n<iframe loading=\"lazy\" style=\"border: none; overflow: hidden;\" src=\"https:\/\/www.facebook.com\/plugins\/video.php?href=https%3A%2F%2Fwww.facebook.com%2FDorinNistorSebes%2Fvideos%2F1962251897149235%2F&amp;show_text=0&amp;width=560\" width=\"560\" height=\"315\" frameborder=\"0\" scrolling=\"no\" allowfullscreen=\"allowfullscreen\"><\/iframe><br \/>\n<iframe loading=\"lazy\" style=\"border: none; overflow: hidden;\" src=\"https:\/\/www.facebook.com\/plugins\/video.php?href=https%3A%2F%2Fwww.facebook.com%2Fcentrullucianblaga%2Fvideos%2F587799978263825%2F&amp;show_text=0&amp;width=560\" width=\"560\" height=\"315\" frameborder=\"0\" scrolling=\"no\" allowfullscreen=\"allowfullscreen\"><\/iframe><\/p>\n<div id='gallery-1' class='gallery galleryid-62780 gallery-columns-3 gallery-size-thumbnail'><figure class='gallery-item'>\n\t\t\t<div class='gallery-icon landscape'>\n\t\t\t\t<a href='https:\/\/urbeamea.ro\/albaiulia\/wp-content\/uploads\/2018\/05\/IMG_1865.jpg'><img decoding=\"async\" width=\"150\" height=\"113\" src=\"data:image\/png;base64,iVBORw0KGgoAAAANSUhEUgAAAYYAAADcAQMAAABOLJSDAAAAA1BMVEUAAACnej3aAAAAAXRSTlMAQObYZgAAACJJREFUaIHtwTEBAAAAwqD1T20ND6AAAAAAAAAAAAAA4N8AKvgAAUFIrrEAAAAASUVORK5CYII=\" class=\"attachment-thumbnail size-thumbnail lazy-img\" alt=\"\" srcset=\"https:\/\/urbeamea.ro\/albaiulia\/wp-content\/uploads\/2018\/05\/IMG_1865-150x113.jpg 150w, https:\/\/urbeamea.ro\/albaiulia\/wp-content\/uploads\/2018\/05\/IMG_1865-640x480.jpg 640w, https:\/\/urbeamea.ro\/albaiulia\/wp-content\/uploads\/2018\/05\/IMG_1865-768x576.jpg 768w, https:\/\/urbeamea.ro\/albaiulia\/wp-content\/uploads\/2018\/05\/IMG_1865.jpg 1200w\" sizes=\"auto, (max-width: 150px) 100vw, 150px\" data-src=\"https:\/\/urbeamea.ro\/albaiulia\/wp-content\/uploads\/2018\/05\/IMG_1865-150x113.jpg\" loading=\"lazy\" \/><\/a>\n\t\t\t<\/div><\/figure><figure class='gallery-item'>\n\t\t\t<div class='gallery-icon landscape'>\n\t\t\t\t<a href='https:\/\/urbeamea.ro\/albaiulia\/wp-content\/uploads\/2018\/05\/IMG_1876.jpg'><img decoding=\"async\" width=\"150\" height=\"113\" src=\"data:image\/png;base64,iVBORw0KGgoAAAANSUhEUgAAAYYAAADcAQMAAABOLJSDAAAAA1BMVEUAAACnej3aAAAAAXRSTlMAQObYZgAAACJJREFUaIHtwTEBAAAAwqD1T20ND6AAAAAAAAAAAAAA4N8AKvgAAUFIrrEAAAAASUVORK5CYII=\" class=\"attachment-thumbnail size-thumbnail lazy-img\" alt=\"\" srcset=\"https:\/\/urbeamea.ro\/albaiulia\/wp-content\/uploads\/2018\/05\/IMG_1876-150x113.jpg 150w, https:\/\/urbeamea.ro\/albaiulia\/wp-content\/uploads\/2018\/05\/IMG_1876-640x480.jpg 640w, https:\/\/urbeamea.ro\/albaiulia\/wp-content\/uploads\/2018\/05\/IMG_1876-768x576.jpg 768w, https:\/\/urbeamea.ro\/albaiulia\/wp-content\/uploads\/2018\/05\/IMG_1876.jpg 1200w\" sizes=\"auto, (max-width: 150px) 100vw, 150px\" data-src=\"https:\/\/urbeamea.ro\/albaiulia\/wp-content\/uploads\/2018\/05\/IMG_1876-150x113.jpg\" loading=\"lazy\" \/><\/a>\n\t\t\t<\/div><\/figure><figure class='gallery-item'>\n\t\t\t<div class='gallery-icon landscape'>\n\t\t\t\t<a href='https:\/\/urbeamea.ro\/albaiulia\/wp-content\/uploads\/2018\/05\/IMG_1885.jpg'><img decoding=\"async\" width=\"150\" height=\"113\" src=\"data:image\/png;base64,iVBORw0KGgoAAAANSUhEUgAAAYYAAADcAQMAAABOLJSDAAAAA1BMVEUAAACnej3aAAAAAXRSTlMAQObYZgAAACJJREFUaIHtwTEBAAAAwqD1T20ND6AAAAAAAAAAAAAA4N8AKvgAAUFIrrEAAAAASUVORK5CYII=\" class=\"attachment-thumbnail size-thumbnail lazy-img\" alt=\"\" srcset=\"https:\/\/urbeamea.ro\/albaiulia\/wp-content\/uploads\/2018\/05\/IMG_1885-150x113.jpg 150w, https:\/\/urbeamea.ro\/albaiulia\/wp-content\/uploads\/2018\/05\/IMG_1885-640x480.jpg 640w, https:\/\/urbeamea.ro\/albaiulia\/wp-content\/uploads\/2018\/05\/IMG_1885-768x576.jpg 768w, https:\/\/urbeamea.ro\/albaiulia\/wp-content\/uploads\/2018\/05\/IMG_1885.jpg 1200w\" sizes=\"auto, (max-width: 150px) 100vw, 150px\" data-src=\"https:\/\/urbeamea.ro\/albaiulia\/wp-content\/uploads\/2018\/05\/IMG_1885-150x113.jpg\" loading=\"lazy\" \/><\/a>\n\t\t\t<\/div><\/figure><figure class='gallery-item'>\n\t\t\t<div class='gallery-icon landscape'>\n\t\t\t\t<a href='https:\/\/urbeamea.ro\/albaiulia\/wp-content\/uploads\/2018\/05\/IMG_1888.jpg'><img decoding=\"async\" width=\"150\" height=\"113\" src=\"data:image\/png;base64,iVBORw0KGgoAAAANSUhEUgAAAYYAAADcAQMAAABOLJSDAAAAA1BMVEUAAACnej3aAAAAAXRSTlMAQObYZgAAACJJREFUaIHtwTEBAAAAwqD1T20ND6AAAAAAAAAAAAAA4N8AKvgAAUFIrrEAAAAASUVORK5CYII=\" class=\"attachment-thumbnail size-thumbnail lazy-img\" alt=\"\" srcset=\"https:\/\/urbeamea.ro\/albaiulia\/wp-content\/uploads\/2018\/05\/IMG_1888-150x113.jpg 150w, https:\/\/urbeamea.ro\/albaiulia\/wp-content\/uploads\/2018\/05\/IMG_1888-640x480.jpg 640w, https:\/\/urbeamea.ro\/albaiulia\/wp-content\/uploads\/2018\/05\/IMG_1888-768x576.jpg 768w, https:\/\/urbeamea.ro\/albaiulia\/wp-content\/uploads\/2018\/05\/IMG_1888.jpg 1200w\" sizes=\"auto, (max-width: 150px) 100vw, 150px\" data-src=\"https:\/\/urbeamea.ro\/albaiulia\/wp-content\/uploads\/2018\/05\/IMG_1888-150x113.jpg\" loading=\"lazy\" \/><\/a>\n\t\t\t<\/div><\/figure><figure class='gallery-item'>\n\t\t\t<div class='gallery-icon landscape'>\n\t\t\t\t<a href='https:\/\/urbeamea.ro\/albaiulia\/wp-content\/uploads\/2018\/05\/IMG_1911.jpg'><img decoding=\"async\" width=\"150\" height=\"113\" src=\"data:image\/png;base64,iVBORw0KGgoAAAANSUhEUgAAAYYAAADcAQMAAABOLJSDAAAAA1BMVEUAAACnej3aAAAAAXRSTlMAQObYZgAAACJJREFUaIHtwTEBAAAAwqD1T20ND6AAAAAAAAAAAAAA4N8AKvgAAUFIrrEAAAAASUVORK5CYII=\" class=\"attachment-thumbnail size-thumbnail lazy-img\" alt=\"\" srcset=\"https:\/\/urbeamea.ro\/albaiulia\/wp-content\/uploads\/2018\/05\/IMG_1911-150x113.jpg 150w, https:\/\/urbeamea.ro\/albaiulia\/wp-content\/uploads\/2018\/05\/IMG_1911-640x480.jpg 640w, https:\/\/urbeamea.ro\/albaiulia\/wp-content\/uploads\/2018\/05\/IMG_1911-768x576.jpg 768w, https:\/\/urbeamea.ro\/albaiulia\/wp-content\/uploads\/2018\/05\/IMG_1911.jpg 1200w\" sizes=\"auto, (max-width: 150px) 100vw, 150px\" data-src=\"https:\/\/urbeamea.ro\/albaiulia\/wp-content\/uploads\/2018\/05\/IMG_1911-150x113.jpg\" loading=\"lazy\" \/><\/a>\n\t\t\t<\/div><\/figure><figure class='gallery-item'>\n\t\t\t<div class='gallery-icon portrait'>\n\t\t\t\t<a href='https:\/\/urbeamea.ro\/albaiulia\/wp-content\/uploads\/2018\/05\/IMG_1922.jpg'><img decoding=\"async\" width=\"113\" height=\"150\" src=\"data:image\/png;base64,iVBORw0KGgoAAAANSUhEUgAAAYYAAADcAQMAAABOLJSDAAAAA1BMVEUAAACnej3aAAAAAXRSTlMAQObYZgAAACJJREFUaIHtwTEBAAAAwqD1T20ND6AAAAAAAAAAAAAA4N8AKvgAAUFIrrEAAAAASUVORK5CYII=\" class=\"attachment-thumbnail size-thumbnail lazy-img\" alt=\"\" srcset=\"https:\/\/urbeamea.ro\/albaiulia\/wp-content\/uploads\/2018\/05\/IMG_1922-113x150.jpg 113w, https:\/\/urbeamea.ro\/albaiulia\/wp-content\/uploads\/2018\/05\/IMG_1922-480x640.jpg 480w, https:\/\/urbeamea.ro\/albaiulia\/wp-content\/uploads\/2018\/05\/IMG_1922-768x1024.jpg 768w, https:\/\/urbeamea.ro\/albaiulia\/wp-content\/uploads\/2018\/05\/IMG_1922.jpg 900w\" sizes=\"auto, (max-width: 113px) 100vw, 113px\" data-src=\"https:\/\/urbeamea.ro\/albaiulia\/wp-content\/uploads\/2018\/05\/IMG_1922-113x150.jpg\" loading=\"lazy\" \/><\/a>\n\t\t\t<\/div><\/figure><figure class='gallery-item'>\n\t\t\t<div class='gallery-icon portrait'>\n\t\t\t\t<a href='https:\/\/urbeamea.ro\/albaiulia\/wp-content\/uploads\/2018\/05\/IMG_1944.jpg'><img decoding=\"async\" width=\"113\" height=\"150\" src=\"data:image\/png;base64,iVBORw0KGgoAAAANSUhEUgAAAYYAAADcAQMAAABOLJSDAAAAA1BMVEUAAACnej3aAAAAAXRSTlMAQObYZgAAACJJREFUaIHtwTEBAAAAwqD1T20ND6AAAAAAAAAAAAAA4N8AKvgAAUFIrrEAAAAASUVORK5CYII=\" class=\"attachment-thumbnail size-thumbnail lazy-img\" alt=\"\" srcset=\"https:\/\/urbeamea.ro\/albaiulia\/wp-content\/uploads\/2018\/05\/IMG_1944-113x150.jpg 113w, https:\/\/urbeamea.ro\/albaiulia\/wp-content\/uploads\/2018\/05\/IMG_1944-480x640.jpg 480w, https:\/\/urbeamea.ro\/albaiulia\/wp-content\/uploads\/2018\/05\/IMG_1944-768x1024.jpg 768w, https:\/\/urbeamea.ro\/albaiulia\/wp-content\/uploads\/2018\/05\/IMG_1944.jpg 900w\" sizes=\"auto, (max-width: 113px) 100vw, 113px\" data-src=\"https:\/\/urbeamea.ro\/albaiulia\/wp-content\/uploads\/2018\/05\/IMG_1944-113x150.jpg\" loading=\"lazy\" \/><\/a>\n\t\t\t<\/div><\/figure><figure class='gallery-item'>\n\t\t\t<div class='gallery-icon landscape'>\n\t\t\t\t<a href='https:\/\/urbeamea.ro\/albaiulia\/wp-content\/uploads\/2018\/05\/IMG_1945.jpg'><img decoding=\"async\" width=\"150\" height=\"113\" src=\"data:image\/png;base64,iVBORw0KGgoAAAANSUhEUgAAAYYAAADcAQMAAABOLJSDAAAAA1BMVEUAAACnej3aAAAAAXRSTlMAQObYZgAAACJJREFUaIHtwTEBAAAAwqD1T20ND6AAAAAAAAAAAAAA4N8AKvgAAUFIrrEAAAAASUVORK5CYII=\" class=\"attachment-thumbnail size-thumbnail lazy-img\" alt=\"\" srcset=\"https:\/\/urbeamea.ro\/albaiulia\/wp-content\/uploads\/2018\/05\/IMG_1945-150x113.jpg 150w, https:\/\/urbeamea.ro\/albaiulia\/wp-content\/uploads\/2018\/05\/IMG_1945-640x480.jpg 640w, https:\/\/urbeamea.ro\/albaiulia\/wp-content\/uploads\/2018\/05\/IMG_1945-768x576.jpg 768w, https:\/\/urbeamea.ro\/albaiulia\/wp-content\/uploads\/2018\/05\/IMG_1945.jpg 1200w\" sizes=\"auto, (max-width: 150px) 100vw, 150px\" data-src=\"https:\/\/urbeamea.ro\/albaiulia\/wp-content\/uploads\/2018\/05\/IMG_1945-150x113.jpg\" loading=\"lazy\" \/><\/a>\n\t\t\t<\/div><\/figure><figure class='gallery-item'>\n\t\t\t<div class='gallery-icon landscape'>\n\t\t\t\t<a href='https:\/\/urbeamea.ro\/albaiulia\/wp-content\/uploads\/2018\/05\/IMG_1950.jpg'><img decoding=\"async\" width=\"150\" height=\"84\" src=\"data:image\/png;base64,iVBORw0KGgoAAAANSUhEUgAAAYYAAADcAQMAAABOLJSDAAAAA1BMVEUAAACnej3aAAAAAXRSTlMAQObYZgAAACJJREFUaIHtwTEBAAAAwqD1T20ND6AAAAAAAAAAAAAA4N8AKvgAAUFIrrEAAAAASUVORK5CYII=\" class=\"attachment-thumbnail size-thumbnail lazy-img\" alt=\"\" srcset=\"https:\/\/urbeamea.ro\/albaiulia\/wp-content\/uploads\/2018\/05\/IMG_1950-150x84.jpg 150w, https:\/\/urbeamea.ro\/albaiulia\/wp-content\/uploads\/2018\/05\/IMG_1950-640x360.jpg 640w, https:\/\/urbeamea.ro\/albaiulia\/wp-content\/uploads\/2018\/05\/IMG_1950-768x432.jpg 768w, https:\/\/urbeamea.ro\/albaiulia\/wp-content\/uploads\/2018\/05\/IMG_1950-819x452.jpg 819w, https:\/\/urbeamea.ro\/albaiulia\/wp-content\/uploads\/2018\/05\/IMG_1950.jpg 1200w\" sizes=\"auto, (max-width: 150px) 100vw, 150px\" data-src=\"https:\/\/urbeamea.ro\/albaiulia\/wp-content\/uploads\/2018\/05\/IMG_1950-150x84.jpg\" loading=\"lazy\" \/><\/a>\n\t\t\t<\/div><\/figure>\n\t\t<\/div>\n\n","protected":false},"excerpt":{"rendered":"<p>Mar\u0163i, 9 mai 2018, la 123 de ani de la na\u015ftere, poetul \u015fi filosoful Lucian Blaga a fost omagiat \u00een cadrul unor activit\u00e3\u0163i de tipul flashmob, organizate de Centrul Cultural ,,Lucian Blaga&#8221; Sebe\u015f, \u00een colaborare cu actorul Florin Co\u015fule\u0163, trupa de teatru ,,Street Theatre Art Pokima&#8221; \u015fi tineri voluntari, elevi ai Colegiului Na\u021bional Lucian Blaga &hellip;<\/p>\n","protected":false},"author":17,"featured_media":62783,"comment_status":"open","ping_status":"open","sticky":false,"template":"","format":"standard","meta":{"inline_featured_image":false,"footnotes":""},"categories":[4],"tags":[15250,307,15098,15249,308,15251,1582,76,3060],"class_list":["post-62780","post","type-post","status-publish","format-standard","has-post-thumbnail","hentry","category-eveniment","tag-activitati-de-tip-flashmob","tag-alba","tag-festivalul-international-lucian-blaga-sebes","tag-pilotul-si-filosoful-lucian-blaga","tag-stiri","tag-street-theatre-art-pokima","tag-trupa-de-teatru","tag-urbea-mea","tag-voluntari"],"yoast_head":"<!-- This site is optimized with the Yoast SEO plugin v27.4 - https:\/\/yoast.com\/product\/yoast-seo-wordpress\/ -->\n<title>FOTO-VIDEO: Poetul \u015fi filosoful ,,Lucian Blaga&quot;, purtat \u00een centrul istoric al Municipiului Sebe\u015f, \u00een cadrul Festivalului Interna\u0163ional - Revista Urbea Mea - Revista de Alba<\/title>\n<meta name=\"description\" content=\"Mar\u0163i, 9 mai 2018, la 123 de ani de la na\u015ftere, poetul \u015fi filosoful Lucian Blaga a fost omagiat \u00een cadrul unor activit\u00e3\u0163i de tipul flashmob, organizate de\" \/>\n<meta name=\"robots\" content=\"index, follow, max-snippet:-1, max-image-preview:large, max-video-preview:-1\" \/>\n<link rel=\"canonical\" href=\"https:\/\/urbeamea.ro\/albaiulia\/foto-video-poetul-si-filosoful-lucian-blaga-purtat-in-centrul-istoric-al-municipiului-sebes-in-cadrul-festivalului-international\/\" \/>\n<meta name=\"twitter:card\" content=\"summary_large_image\" \/>\n<meta name=\"twitter:title\" content=\"FOTO-VIDEO: Poetul \u015fi filosoful ,,Lucian Blaga&quot;, purtat \u00een centrul istoric al Municipiului Sebe\u015f, \u00een cadrul Festivalului Interna\u0163ional - Revista Urbea Mea - Revista de Alba\" \/>\n<meta name=\"twitter:description\" content=\"Mar\u0163i, 9 mai 2018, la 123 de ani de la na\u015ftere, poetul \u015fi filosoful Lucian Blaga a fost omagiat \u00een cadrul unor activit\u00e3\u0163i de tipul flashmob, organizate de\" \/>\n<meta name=\"twitter:image\" content=\"https:\/\/urbeamea.ro\/albaiulia\/wp-content\/uploads\/2018\/05\/IMG_1885.jpg\" \/>\n<meta name=\"twitter:creator\" content=\"@urbeameaweb\" \/>\n<meta name=\"twitter:site\" content=\"@urbeameaweb\" \/>\n<script type=\"application\/ld+json\" class=\"yoast-schema-graph\">{\"@context\":\"https:\\\/\\\/schema.org\",\"@graph\":[{\"@type\":\"Article\",\"@id\":\"https:\\\/\\\/urbeamea.ro\\\/albaiulia\\\/foto-video-poetul-si-filosoful-lucian-blaga-purtat-in-centrul-istoric-al-municipiului-sebes-in-cadrul-festivalului-international\\\/#article\",\"isPartOf\":{\"@id\":\"https:\\\/\\\/urbeamea.ro\\\/albaiulia\\\/foto-video-poetul-si-filosoful-lucian-blaga-purtat-in-centrul-istoric-al-municipiului-sebes-in-cadrul-festivalului-international\\\/\"},\"author\":{\"name\":\"Cristina Ganga\",\"@id\":\"https:\\\/\\\/urbeamea.ro\\\/albaiulia\\\/#\\\/schema\\\/person\\\/9700d21fae21c4f038b0b56f4506264a\"},\"headline\":\"FOTO-VIDEO: Poetul \u015fi filosoful ,,Lucian Blaga&#8221;, purtat \u00een centrul istoric al Municipiului Sebe\u015f, \u00een cadrul Festivalului Interna\u0163ional\",\"datePublished\":\"2018-05-10T07:53:08+00:00\",\"dateModified\":\"2018-05-10T07:55:09+00:00\",\"mainEntityOfPage\":{\"@id\":\"https:\\\/\\\/urbeamea.ro\\\/albaiulia\\\/foto-video-poetul-si-filosoful-lucian-blaga-purtat-in-centrul-istoric-al-municipiului-sebes-in-cadrul-festivalului-international\\\/\"},\"wordCount\":201,\"commentCount\":0,\"image\":{\"@id\":\"https:\\\/\\\/urbeamea.ro\\\/albaiulia\\\/foto-video-poetul-si-filosoful-lucian-blaga-purtat-in-centrul-istoric-al-municipiului-sebes-in-cadrul-festivalului-international\\\/#primaryimage\"},\"thumbnailUrl\":\"https:\\\/\\\/urbeamea.ro\\\/albaiulia\\\/wp-content\\\/uploads\\\/2018\\\/05\\\/IMG_1885.jpg\",\"keywords\":[\"activitati de tip flashmob\",\"alba\",\"festivalul international lucian blaga sebes\",\"pilotul si filosoful lucian blaga\",\"stiri\",\"Street Theatre Art Pokima\",\"trupa de teatru\",\"Urbea Mea\",\"voluntari\"],\"articleSection\":[\"Evenimente\"],\"inLanguage\":\"ro-RO\",\"potentialAction\":[{\"@type\":\"CommentAction\",\"name\":\"Comment\",\"target\":[\"https:\\\/\\\/urbeamea.ro\\\/albaiulia\\\/foto-video-poetul-si-filosoful-lucian-blaga-purtat-in-centrul-istoric-al-municipiului-sebes-in-cadrul-festivalului-international\\\/#respond\"]}]},{\"@type\":\"WebPage\",\"@id\":\"https:\\\/\\\/urbeamea.ro\\\/albaiulia\\\/foto-video-poetul-si-filosoful-lucian-blaga-purtat-in-centrul-istoric-al-municipiului-sebes-in-cadrul-festivalului-international\\\/\",\"url\":\"https:\\\/\\\/urbeamea.ro\\\/albaiulia\\\/foto-video-poetul-si-filosoful-lucian-blaga-purtat-in-centrul-istoric-al-municipiului-sebes-in-cadrul-festivalului-international\\\/\",\"name\":\"FOTO-VIDEO: Poetul \u015fi filosoful ,,Lucian Blaga\\\", purtat \u00een centrul istoric al Municipiului Sebe\u015f, \u00een cadrul Festivalului Interna\u0163ional - Revista Urbea Mea - Revista de Alba\",\"isPartOf\":{\"@id\":\"https:\\\/\\\/urbeamea.ro\\\/albaiulia\\\/#website\"},\"primaryImageOfPage\":{\"@id\":\"https:\\\/\\\/urbeamea.ro\\\/albaiulia\\\/foto-video-poetul-si-filosoful-lucian-blaga-purtat-in-centrul-istoric-al-municipiului-sebes-in-cadrul-festivalului-international\\\/#primaryimage\"},\"image\":{\"@id\":\"https:\\\/\\\/urbeamea.ro\\\/albaiulia\\\/foto-video-poetul-si-filosoful-lucian-blaga-purtat-in-centrul-istoric-al-municipiului-sebes-in-cadrul-festivalului-international\\\/#primaryimage\"},\"thumbnailUrl\":\"https:\\\/\\\/urbeamea.ro\\\/albaiulia\\\/wp-content\\\/uploads\\\/2018\\\/05\\\/IMG_1885.jpg\",\"datePublished\":\"2018-05-10T07:53:08+00:00\",\"dateModified\":\"2018-05-10T07:55:09+00:00\",\"author\":{\"@id\":\"https:\\\/\\\/urbeamea.ro\\\/albaiulia\\\/#\\\/schema\\\/person\\\/9700d21fae21c4f038b0b56f4506264a\"},\"description\":\"Mar\u0163i, 9 mai 2018, la 123 de ani de la na\u015ftere, poetul \u015fi filosoful Lucian Blaga a fost omagiat \u00een cadrul unor activit\u00e3\u0163i de tipul flashmob, organizate de\",\"breadcrumb\":{\"@id\":\"https:\\\/\\\/urbeamea.ro\\\/albaiulia\\\/foto-video-poetul-si-filosoful-lucian-blaga-purtat-in-centrul-istoric-al-municipiului-sebes-in-cadrul-festivalului-international\\\/#breadcrumb\"},\"inLanguage\":\"ro-RO\",\"potentialAction\":[{\"@type\":\"ReadAction\",\"target\":[\"https:\\\/\\\/urbeamea.ro\\\/albaiulia\\\/foto-video-poetul-si-filosoful-lucian-blaga-purtat-in-centrul-istoric-al-municipiului-sebes-in-cadrul-festivalului-international\\\/\"]}]},{\"@type\":\"ImageObject\",\"inLanguage\":\"ro-RO\",\"@id\":\"https:\\\/\\\/urbeamea.ro\\\/albaiulia\\\/foto-video-poetul-si-filosoful-lucian-blaga-purtat-in-centrul-istoric-al-municipiului-sebes-in-cadrul-festivalului-international\\\/#primaryimage\",\"url\":\"https:\\\/\\\/urbeamea.ro\\\/albaiulia\\\/wp-content\\\/uploads\\\/2018\\\/05\\\/IMG_1885.jpg\",\"contentUrl\":\"https:\\\/\\\/urbeamea.ro\\\/albaiulia\\\/wp-content\\\/uploads\\\/2018\\\/05\\\/IMG_1885.jpg\",\"width\":1200,\"height\":900},{\"@type\":\"BreadcrumbList\",\"@id\":\"https:\\\/\\\/urbeamea.ro\\\/albaiulia\\\/foto-video-poetul-si-filosoful-lucian-blaga-purtat-in-centrul-istoric-al-municipiului-sebes-in-cadrul-festivalului-international\\\/#breadcrumb\",\"itemListElement\":[{\"@type\":\"ListItem\",\"position\":1,\"name\":\"Prima pagin\u0103\",\"item\":\"https:\\\/\\\/urbeamea.ro\\\/albaiulia\\\/\"},{\"@type\":\"ListItem\",\"position\":2,\"name\":\"FOTO-VIDEO: Poetul \u015fi filosoful ,,Lucian Blaga&#8221;, purtat \u00een centrul istoric al Municipiului Sebe\u015f, \u00een cadrul Festivalului Interna\u0163ional\"}]},{\"@type\":\"WebSite\",\"@id\":\"https:\\\/\\\/urbeamea.ro\\\/albaiulia\\\/#website\",\"url\":\"https:\\\/\\\/urbeamea.ro\\\/albaiulia\\\/\",\"name\":\"Revista Urbea Mea, Stiri urbane\",\"description\":\"Evenimente \u0219i \u0219tiri din Alba Iulia, Sebe\u0219, Aiud, Blaj\",\"potentialAction\":[{\"@type\":\"SearchAction\",\"target\":{\"@type\":\"EntryPoint\",\"urlTemplate\":\"https:\\\/\\\/urbeamea.ro\\\/albaiulia\\\/?s={search_term_string}\"},\"query-input\":{\"@type\":\"PropertyValueSpecification\",\"valueRequired\":true,\"valueName\":\"search_term_string\"}}],\"inLanguage\":\"ro-RO\"},{\"@type\":\"Person\",\"@id\":\"https:\\\/\\\/urbeamea.ro\\\/albaiulia\\\/#\\\/schema\\\/person\\\/9700d21fae21c4f038b0b56f4506264a\",\"name\":\"Cristina Ganga\",\"image\":{\"@type\":\"ImageObject\",\"inLanguage\":\"ro-RO\",\"@id\":\"https:\\\/\\\/secure.gravatar.com\\\/avatar\\\/5a67661041f057b4a8ccaf26f5a8e86e2689372006d01faf3dd9eeb10b654bb4?s=96&d=mm&r=g\",\"url\":\"https:\\\/\\\/secure.gravatar.com\\\/avatar\\\/5a67661041f057b4a8ccaf26f5a8e86e2689372006d01faf3dd9eeb10b654bb4?s=96&d=mm&r=g\",\"contentUrl\":\"https:\\\/\\\/secure.gravatar.com\\\/avatar\\\/5a67661041f057b4a8ccaf26f5a8e86e2689372006d01faf3dd9eeb10b654bb4?s=96&d=mm&r=g\",\"caption\":\"Cristina Ganga\"},\"description\":\"Jurnalist\",\"sameAs\":[\"https:\\\/\\\/www.facebook.com\\\/cristina.nicola.587\"],\"url\":\"https:\\\/\\\/urbeamea.ro\\\/albaiulia\\\/author\\\/cristina-nicola\\\/\"}]}<\/script>\n<!-- \/ Yoast SEO plugin. -->","yoast_head_json":{"title":"FOTO-VIDEO: Poetul \u015fi filosoful ,,Lucian Blaga\", purtat \u00een centrul istoric al Municipiului Sebe\u015f, \u00een cadrul Festivalului Interna\u0163ional - Revista Urbea Mea - Revista de Alba","description":"Mar\u0163i, 9 mai 2018, la 123 de ani de la na\u015ftere, poetul \u015fi filosoful Lucian Blaga a fost omagiat \u00een cadrul unor activit\u00e3\u0163i de tipul flashmob, organizate de","robots":{"index":"index","follow":"follow","max-snippet":"max-snippet:-1","max-image-preview":"max-image-preview:large","max-video-preview":"max-video-preview:-1"},"canonical":"https:\/\/urbeamea.ro\/albaiulia\/foto-video-poetul-si-filosoful-lucian-blaga-purtat-in-centrul-istoric-al-municipiului-sebes-in-cadrul-festivalului-international\/","twitter_card":"summary_large_image","twitter_title":"FOTO-VIDEO: Poetul \u015fi filosoful ,,Lucian Blaga\", purtat \u00een centrul istoric al Municipiului Sebe\u015f, \u00een cadrul Festivalului Interna\u0163ional - Revista Urbea Mea - Revista de Alba","twitter_description":"Mar\u0163i, 9 mai 2018, la 123 de ani de la na\u015ftere, poetul \u015fi filosoful Lucian Blaga a fost omagiat \u00een cadrul unor activit\u00e3\u0163i de tipul flashmob, organizate de","twitter_image":"https:\/\/urbeamea.ro\/albaiulia\/wp-content\/uploads\/2018\/05\/IMG_1885.jpg","twitter_creator":"@urbeameaweb","twitter_site":"@urbeameaweb","schema":{"@context":"https:\/\/schema.org","@graph":[{"@type":"Article","@id":"https:\/\/urbeamea.ro\/albaiulia\/foto-video-poetul-si-filosoful-lucian-blaga-purtat-in-centrul-istoric-al-municipiului-sebes-in-cadrul-festivalului-international\/#article","isPartOf":{"@id":"https:\/\/urbeamea.ro\/albaiulia\/foto-video-poetul-si-filosoful-lucian-blaga-purtat-in-centrul-istoric-al-municipiului-sebes-in-cadrul-festivalului-international\/"},"author":{"name":"Cristina Ganga","@id":"https:\/\/urbeamea.ro\/albaiulia\/#\/schema\/person\/9700d21fae21c4f038b0b56f4506264a"},"headline":"FOTO-VIDEO: Poetul \u015fi filosoful ,,Lucian Blaga&#8221;, purtat \u00een centrul istoric al Municipiului Sebe\u015f, \u00een cadrul Festivalului Interna\u0163ional","datePublished":"2018-05-10T07:53:08+00:00","dateModified":"2018-05-10T07:55:09+00:00","mainEntityOfPage":{"@id":"https:\/\/urbeamea.ro\/albaiulia\/foto-video-poetul-si-filosoful-lucian-blaga-purtat-in-centrul-istoric-al-municipiului-sebes-in-cadrul-festivalului-international\/"},"wordCount":201,"commentCount":0,"image":{"@id":"https:\/\/urbeamea.ro\/albaiulia\/foto-video-poetul-si-filosoful-lucian-blaga-purtat-in-centrul-istoric-al-municipiului-sebes-in-cadrul-festivalului-international\/#primaryimage"},"thumbnailUrl":"https:\/\/urbeamea.ro\/albaiulia\/wp-content\/uploads\/2018\/05\/IMG_1885.jpg","keywords":["activitati de tip flashmob","alba","festivalul international lucian blaga sebes","pilotul si filosoful lucian blaga","stiri","Street Theatre Art Pokima","trupa de teatru","Urbea Mea","voluntari"],"articleSection":["Evenimente"],"inLanguage":"ro-RO","potentialAction":[{"@type":"CommentAction","name":"Comment","target":["https:\/\/urbeamea.ro\/albaiulia\/foto-video-poetul-si-filosoful-lucian-blaga-purtat-in-centrul-istoric-al-municipiului-sebes-in-cadrul-festivalului-international\/#respond"]}]},{"@type":"WebPage","@id":"https:\/\/urbeamea.ro\/albaiulia\/foto-video-poetul-si-filosoful-lucian-blaga-purtat-in-centrul-istoric-al-municipiului-sebes-in-cadrul-festivalului-international\/","url":"https:\/\/urbeamea.ro\/albaiulia\/foto-video-poetul-si-filosoful-lucian-blaga-purtat-in-centrul-istoric-al-municipiului-sebes-in-cadrul-festivalului-international\/","name":"FOTO-VIDEO: Poetul \u015fi filosoful ,,Lucian Blaga\", purtat \u00een centrul istoric al Municipiului Sebe\u015f, \u00een cadrul Festivalului Interna\u0163ional - Revista Urbea Mea - Revista de Alba","isPartOf":{"@id":"https:\/\/urbeamea.ro\/albaiulia\/#website"},"primaryImageOfPage":{"@id":"https:\/\/urbeamea.ro\/albaiulia\/foto-video-poetul-si-filosoful-lucian-blaga-purtat-in-centrul-istoric-al-municipiului-sebes-in-cadrul-festivalului-international\/#primaryimage"},"image":{"@id":"https:\/\/urbeamea.ro\/albaiulia\/foto-video-poetul-si-filosoful-lucian-blaga-purtat-in-centrul-istoric-al-municipiului-sebes-in-cadrul-festivalului-international\/#primaryimage"},"thumbnailUrl":"https:\/\/urbeamea.ro\/albaiulia\/wp-content\/uploads\/2018\/05\/IMG_1885.jpg","datePublished":"2018-05-10T07:53:08+00:00","dateModified":"2018-05-10T07:55:09+00:00","author":{"@id":"https:\/\/urbeamea.ro\/albaiulia\/#\/schema\/person\/9700d21fae21c4f038b0b56f4506264a"},"description":"Mar\u0163i, 9 mai 2018, la 123 de ani de la na\u015ftere, poetul \u015fi filosoful Lucian Blaga a fost omagiat \u00een cadrul unor activit\u00e3\u0163i de tipul flashmob, organizate de","breadcrumb":{"@id":"https:\/\/urbeamea.ro\/albaiulia\/foto-video-poetul-si-filosoful-lucian-blaga-purtat-in-centrul-istoric-al-municipiului-sebes-in-cadrul-festivalului-international\/#breadcrumb"},"inLanguage":"ro-RO","potentialAction":[{"@type":"ReadAction","target":["https:\/\/urbeamea.ro\/albaiulia\/foto-video-poetul-si-filosoful-lucian-blaga-purtat-in-centrul-istoric-al-municipiului-sebes-in-cadrul-festivalului-international\/"]}]},{"@type":"ImageObject","inLanguage":"ro-RO","@id":"https:\/\/urbeamea.ro\/albaiulia\/foto-video-poetul-si-filosoful-lucian-blaga-purtat-in-centrul-istoric-al-municipiului-sebes-in-cadrul-festivalului-international\/#primaryimage","url":"https:\/\/urbeamea.ro\/albaiulia\/wp-content\/uploads\/2018\/05\/IMG_1885.jpg","contentUrl":"https:\/\/urbeamea.ro\/albaiulia\/wp-content\/uploads\/2018\/05\/IMG_1885.jpg","width":1200,"height":900},{"@type":"BreadcrumbList","@id":"https:\/\/urbeamea.ro\/albaiulia\/foto-video-poetul-si-filosoful-lucian-blaga-purtat-in-centrul-istoric-al-municipiului-sebes-in-cadrul-festivalului-international\/#breadcrumb","itemListElement":[{"@type":"ListItem","position":1,"name":"Prima pagin\u0103","item":"https:\/\/urbeamea.ro\/albaiulia\/"},{"@type":"ListItem","position":2,"name":"FOTO-VIDEO: Poetul \u015fi filosoful ,,Lucian Blaga&#8221;, purtat \u00een centrul istoric al Municipiului Sebe\u015f, \u00een cadrul Festivalului Interna\u0163ional"}]},{"@type":"WebSite","@id":"https:\/\/urbeamea.ro\/albaiulia\/#website","url":"https:\/\/urbeamea.ro\/albaiulia\/","name":"Revista Urbea Mea, Stiri urbane","description":"Evenimente \u0219i \u0219tiri din Alba Iulia, Sebe\u0219, Aiud, Blaj","potentialAction":[{"@type":"SearchAction","target":{"@type":"EntryPoint","urlTemplate":"https:\/\/urbeamea.ro\/albaiulia\/?s={search_term_string}"},"query-input":{"@type":"PropertyValueSpecification","valueRequired":true,"valueName":"search_term_string"}}],"inLanguage":"ro-RO"},{"@type":"Person","@id":"https:\/\/urbeamea.ro\/albaiulia\/#\/schema\/person\/9700d21fae21c4f038b0b56f4506264a","name":"Cristina Ganga","image":{"@type":"ImageObject","inLanguage":"ro-RO","@id":"https:\/\/secure.gravatar.com\/avatar\/5a67661041f057b4a8ccaf26f5a8e86e2689372006d01faf3dd9eeb10b654bb4?s=96&d=mm&r=g","url":"https:\/\/secure.gravatar.com\/avatar\/5a67661041f057b4a8ccaf26f5a8e86e2689372006d01faf3dd9eeb10b654bb4?s=96&d=mm&r=g","contentUrl":"https:\/\/secure.gravatar.com\/avatar\/5a67661041f057b4a8ccaf26f5a8e86e2689372006d01faf3dd9eeb10b654bb4?s=96&d=mm&r=g","caption":"Cristina Ganga"},"description":"Jurnalist","sameAs":["https:\/\/www.facebook.com\/cristina.nicola.587"],"url":"https:\/\/urbeamea.ro\/albaiulia\/author\/cristina-nicola\/"}]}},"_links":{"self":[{"href":"https:\/\/urbeamea.ro\/albaiulia\/wp-json\/wp\/v2\/posts\/62780","targetHints":{"allow":["GET"]}}],"collection":[{"href":"https:\/\/urbeamea.ro\/albaiulia\/wp-json\/wp\/v2\/posts"}],"about":[{"href":"https:\/\/urbeamea.ro\/albaiulia\/wp-json\/wp\/v2\/types\/post"}],"author":[{"embeddable":true,"href":"https:\/\/urbeamea.ro\/albaiulia\/wp-json\/wp\/v2\/users\/17"}],"replies":[{"embeddable":true,"href":"https:\/\/urbeamea.ro\/albaiulia\/wp-json\/wp\/v2\/comments?post=62780"}],"version-history":[{"count":0,"href":"https:\/\/urbeamea.ro\/albaiulia\/wp-json\/wp\/v2\/posts\/62780\/revisions"}],"wp:featuredmedia":[{"embeddable":true,"href":"https:\/\/urbeamea.ro\/albaiulia\/wp-json\/wp\/v2\/media\/62783"}],"wp:attachment":[{"href":"https:\/\/urbeamea.ro\/albaiulia\/wp-json\/wp\/v2\/media?parent=62780"}],"wp:term":[{"taxonomy":"category","embeddable":true,"href":"https:\/\/urbeamea.ro\/albaiulia\/wp-json\/wp\/v2\/categories?post=62780"},{"taxonomy":"post_tag","embeddable":true,"href":"https:\/\/urbeamea.ro\/albaiulia\/wp-json\/wp\/v2\/tags?post=62780"}],"curies":[{"name":"wp","href":"https:\/\/api.w.org\/{rel}","templated":true}]}}