{"id":63186,"date":"2018-05-17T09:21:42","date_gmt":"2018-05-17T06:21:42","guid":{"rendered":"https:\/\/urbeamea.ro\/albaiulia\/?p=63186"},"modified":"2018-05-17T09:21:42","modified_gmt":"2018-05-17T06:21:42","slug":"vineri-seria-proiectii-cu-reflectii-de-la-forum-apulum-continua-cu-documentarul-funne-visand-la-mare","status":"publish","type":"post","link":"https:\/\/urbeamea.ro\/albaiulia\/vineri-seria-proiectii-cu-reflectii-de-la-forum-apulum-continua-cu-documentarul-funne-visand-la-mare\/","title":{"rendered":"VINERI: Seria \u201eProiec\u021bii cu reflec\u021bii\u201d de la Forum Apulum continu\u0103 cu documentarul \u201eFunne: Vis\u00e2nd la Mare\u201d"},"content":{"rendered":"<p><strong>Seria de proiec\u021bii de filme documentare intitulat\u0103 \u201eProiec\u021bii cu reflec\u021bii\u201d continu\u0103 \u00een acest sf\u00e2r\u0219it de s\u0103pt\u0103m\u00e2n\u0103 cu a doua proiec\u021bie din programul KineDok oferit de c\u0103tre One World Romania.<\/strong><\/p>\n<p>Asocia\u021bia <strong>\u201e<\/strong><strong>Forum Apulum<\/strong><strong>\u201d<\/strong> \u00eei invit\u0103 pe pasiona\u021bii de film documentar european \u0219i nu numai, s\u0103 asiste la proiec\u021bia filmului <strong>\u201eFunne: Vis\u00e2nd la Mare\u201d<\/strong>, vineri, <strong>18 mai 2018, de la orele 21:00<\/strong> la <strong>Casa Forum<\/strong>, pe strada Regina Maria, nr. 18. Documentarul este \u00een limbile croat\u0103 \u0219i italian\u0103 \u0219i este subtitrat \u00een limba rom\u00e2n\u0103. <strong>Dup\u0103 proiec\u021bie, va avea loc o discu\u021bie \u00eempreun\u0103 cu publicul \u0219i cu invita\u021bii speciali ai evenimentului, so\u021bii Margareta \u0219i Emil Sufle\u021bel despre fericirea de a-\u0219i urma pasiunea \u00een sport la o v\u00e2rst\u0103 \u00eenaintat\u0103.<\/strong><strong><\/p>\n<p><\/strong><strong>Intrarea la acest eveniment este GRATUIT\u0102.<\/strong><\/p>\n<p><strong>Funne: Vis\u00e2nd la mare \/Funne: Sea Dreaming Girls\/Funne: Djevojke koje sanjaju more<\/strong><\/p>\n<p>Katia Bernardi|Croa\u021bia, Italia|2017|77 minute|<\/p>\n<p>Limba Vorbit\u0103: croat\u0103,italian\u0103 | subtitrare rom\u00e2n\u0103<\/p>\n<p>\u00centr-o zi, \u00een Daone, un mic sat de munte italian, un grup de bunicu\u021be vesele, condus: de \u00eenr\u0103ita fum\u0103toare plin\u0103 de franche\u021be Erminia, de simpatica Jolanda \u0219i de pragmatica Armida, \u00eencep s\u0103 planifice o c\u0103l\u0103torie pentru comemorarea celei de-a 20-a anivers\u0103ri a clubului Rododendro. Se pun repede de acord cu o excursie la mare, unde mul\u021bi dintre cei mai dragi membri ai clubului nu s-au aventurat niciodat\u0103. Nici m\u0103car o dat\u0103. Dar oare cum vor str\u00e2nge suficien\u021bi bani pentru ca toat\u0103 lumea s\u0103 se poat\u0103 bucura de mare? Directorul Katia Bernardi surprinde cu veselie aceast\u0103 capricioas\u0103 poveste a femeilor aflate pe punctul de a porni \u00eentr-o mare aventur\u0103 &#8211; subliniind faptul c\u0103 visele nu \u00eemb\u0103tr\u00e2nesc niciodat\u0103, iar v\u00e2rsta nu trebuie niciodat\u0103 s\u0103 limiteze visarea. Nara\u021biunea energic\u0103, o coloan\u0103 sonor\u0103 curajoas\u0103 \u0219i o distribu\u021bie de personaje \u00eenc\u00e2nt\u0103toare accentueaz\u0103 calitatea de \u201ebasm\u201d a filmului \u00een care bunicu\u021bele \u00ee\u0219i \u00eendeplinesc visele \u0219i multe altele.<\/p>\n<p>Aceast\u0103 produc\u021bie a fost prezentat\u0103 la o serie de festivaluri de unde s-a \u00eentors \u0219i cu distinc\u021bii:<\/p>\n<p>Italian Film Festival USA 2018<\/p>\n<p>Full Frame Documentary Film Festival 2017: New Docs<\/p>\n<p>Lavazza Italian Film Festival 2017: Lights. Drama, Action!<\/p>\n<p>Madrid Italian Film Festival 2017: Documentales<\/p>\n<p>Phoenix Film Festival 2017: World Cinema<\/p>\n<p>Villerupt Italian Film Festival 2017: Documentaires<\/p>\n<p>Rome Film Fest 2016: Alice nella Citt\u00e0 &#8211; KINO Panorama\u2502Italia<\/p>\n<p>\u00cen 2015, Asocia\u021bia One World Romania a lansat KineDok, un program de distribu\u021bie alternativ\u0103 de film documentar ce \u00ee\u0219i propune s\u0103 completeze distribu\u021bia clasic\u0103 \u0219i s\u0103 aduc\u0103 filmul documentar mai aproape de public. One World Romania continu\u0103 programul pentru al treilea an consecutiv \u00een mai multe locuri alternative, vechi \u0219i noi, \u00eencep\u00e2nd cu acest an \u0219i la Alba Iulia. \u00cen cadrul celei de-a treia edi\u021bii, 16 documentare incitante, dintre care o parte vor fi proiectate \u00een peste 20 de spa\u021bii neconven\u021bionale din fiecare \u021bar\u0103 participant\u0103: Republica Ceh\u0103, Slovacia, Ungaria, Croa\u021bia, Rom\u00e2nia, Polonia, Norvegia \u0219i Bulgaria.<\/p>\n<p>Sub forma unei experien\u021be \u00eemp\u0103rt\u0103\u0219ite, proiectul KineDok te invit\u0103 nu doar s\u0103 vii s\u0103 vezi un film, ci chiar s\u0103 \u00eent\u00e2lne\u0219ti cunosc\u0103tori sau protagoni\u0219ti ai filmelor \u00eentr-un mediu informal \u0219i s\u0103 discu\u021bi cu ei. Misiunea KineDok este de a ajunge mai aproape de oameni \u0219i de a folosi spiritul local al galeriilor \u0219i al altor locuri populare. Acestea ofer\u0103 o alternativ\u0103 pentru \u00eent\u00e2lnirea dintre filmul documentar \u0219i public \u0219i creeaz\u0103 o atmosfer\u0103 intim\u0103 \u00een care vizionarea \u0219i dezbaterea unor probleme curente devine o experien\u021b\u0103 frumoas\u0103.<\/p>\n<div id='gallery-1' class='gallery galleryid-63186 gallery-columns-3 gallery-size-thumbnail'><figure class='gallery-item'>\n\t\t\t<div class='gallery-icon landscape'>\n\t\t\t\t<a href='https:\/\/urbeamea.ro\/albaiulia\/wp-content\/uploads\/2018\/05\/02-captura-funne-visand-la-mare.jpg'><img decoding=\"async\" width=\"150\" height=\"100\" src=\"data:image\/png;base64,iVBORw0KGgoAAAANSUhEUgAAAYYAAADcAQMAAABOLJSDAAAAA1BMVEUAAACnej3aAAAAAXRSTlMAQObYZgAAACJJREFUaIHtwTEBAAAAwqD1T20ND6AAAAAAAAAAAAAA4N8AKvgAAUFIrrEAAAAASUVORK5CYII=\" class=\"attachment-thumbnail size-thumbnail lazy-img\" alt=\"\" srcset=\"https:\/\/urbeamea.ro\/albaiulia\/wp-content\/uploads\/2018\/05\/02-captura-funne-visand-la-mare-150x100.jpg 150w, https:\/\/urbeamea.ro\/albaiulia\/wp-content\/uploads\/2018\/05\/02-captura-funne-visand-la-mare-640x427.jpg 640w, https:\/\/urbeamea.ro\/albaiulia\/wp-content\/uploads\/2018\/05\/02-captura-funne-visand-la-mare-768x512.jpg 768w, https:\/\/urbeamea.ro\/albaiulia\/wp-content\/uploads\/2018\/05\/02-captura-funne-visand-la-mare.jpg 1024w\" sizes=\"auto, (max-width: 150px) 100vw, 150px\" data-src=\"https:\/\/urbeamea.ro\/albaiulia\/wp-content\/uploads\/2018\/05\/02-captura-funne-visand-la-mare-150x100.jpg\" loading=\"lazy\" \/><\/a>\n\t\t\t<\/div><\/figure><figure class='gallery-item'>\n\t\t\t<div class='gallery-icon landscape'>\n\t\t\t\t<a href='https:\/\/urbeamea.ro\/albaiulia\/wp-content\/uploads\/2018\/05\/03-captura-funne-visand-la-mare.jpg'><img decoding=\"async\" width=\"150\" height=\"100\" src=\"data:image\/png;base64,iVBORw0KGgoAAAANSUhEUgAAAYYAAADcAQMAAABOLJSDAAAAA1BMVEUAAACnej3aAAAAAXRSTlMAQObYZgAAACJJREFUaIHtwTEBAAAAwqD1T20ND6AAAAAAAAAAAAAA4N8AKvgAAUFIrrEAAAAASUVORK5CYII=\" class=\"attachment-thumbnail size-thumbnail lazy-img\" alt=\"\" srcset=\"https:\/\/urbeamea.ro\/albaiulia\/wp-content\/uploads\/2018\/05\/03-captura-funne-visand-la-mare-150x100.jpg 150w, https:\/\/urbeamea.ro\/albaiulia\/wp-content\/uploads\/2018\/05\/03-captura-funne-visand-la-mare-640x428.jpg 640w, https:\/\/urbeamea.ro\/albaiulia\/wp-content\/uploads\/2018\/05\/03-captura-funne-visand-la-mare-768x513.jpg 768w, https:\/\/urbeamea.ro\/albaiulia\/wp-content\/uploads\/2018\/05\/03-captura-funne-visand-la-mare.jpg 1024w\" sizes=\"auto, (max-width: 150px) 100vw, 150px\" data-src=\"https:\/\/urbeamea.ro\/albaiulia\/wp-content\/uploads\/2018\/05\/03-captura-funne-visand-la-mare-150x100.jpg\" loading=\"lazy\" \/><\/a>\n\t\t\t<\/div><\/figure><figure class='gallery-item'>\n\t\t\t<div class='gallery-icon landscape'>\n\t\t\t\t<a href='https:\/\/urbeamea.ro\/albaiulia\/wp-content\/uploads\/2018\/05\/04-captura-funne-visand-la-mare.jpg'><img decoding=\"async\" width=\"150\" height=\"100\" src=\"data:image\/png;base64,iVBORw0KGgoAAAANSUhEUgAAAYYAAADcAQMAAABOLJSDAAAAA1BMVEUAAACnej3aAAAAAXRSTlMAQObYZgAAACJJREFUaIHtwTEBAAAAwqD1T20ND6AAAAAAAAAAAAAA4N8AKvgAAUFIrrEAAAAASUVORK5CYII=\" class=\"attachment-thumbnail size-thumbnail lazy-img\" alt=\"\" srcset=\"https:\/\/urbeamea.ro\/albaiulia\/wp-content\/uploads\/2018\/05\/04-captura-funne-visand-la-mare-150x100.jpg 150w, https:\/\/urbeamea.ro\/albaiulia\/wp-content\/uploads\/2018\/05\/04-captura-funne-visand-la-mare-640x428.jpg 640w, https:\/\/urbeamea.ro\/albaiulia\/wp-content\/uploads\/2018\/05\/04-captura-funne-visand-la-mare-768x513.jpg 768w, https:\/\/urbeamea.ro\/albaiulia\/wp-content\/uploads\/2018\/05\/04-captura-funne-visand-la-mare.jpg 1024w\" sizes=\"auto, (max-width: 150px) 100vw, 150px\" data-src=\"https:\/\/urbeamea.ro\/albaiulia\/wp-content\/uploads\/2018\/05\/04-captura-funne-visand-la-mare-150x100.jpg\" loading=\"lazy\" \/><\/a>\n\t\t\t<\/div><\/figure>\n\t\t<\/div>\n\n<p>*ORGANIZATOR LOCAL: Asocia\u021bia \u201eForum Apulum\u201d<\/p>\n<p>*ORGANIZATOR NA\u0162IONAL: Asocia\u021bia \u201eOne World Romania\u201d*<\/p>\n<p>*ONLINE: <a href=\"http:\/\/oneworld.ro\/\">oneworld.ro<\/a> | <a href=\"http:\/\/kinedok.net\/\">kinedok.net<\/a>*<\/p>\n<p>*PARTENERI: Institute of Documentary Film (Rep. Ceh\u0103), Filmtopia<\/p>\n<p>(Slovacia), Budoku (Ungaria), ReStart (Croa\u021bia), Bergen International Film<\/p>\n<p>Festival ( Norvegia), Activist 38 (Bulgaria)*<\/p>\n<p>*CU SPRIJINUL: Centrul Na\u021bional al Cinematografiei*<\/p>\n<p><iframe loading=\"lazy\" title=\"Funne: Djevojke koje sanjaju more - trailer\" src=\"https:\/\/player.vimeo.com\/video\/151285245?dnt=1&amp;app_id=122963\" width=\"500\" height=\"281\" frameborder=\"0\" allow=\"autoplay; fullscreen; picture-in-picture; clipboard-write\"><\/iframe><\/p>\n","protected":false},"excerpt":{"rendered":"<p>Seria de proiec\u021bii de filme documentare intitulat\u0103 \u201eProiec\u021bii cu reflec\u021bii\u201d continu\u0103 \u00een acest sf\u00e2r\u0219it de s\u0103pt\u0103m\u00e2n\u0103 cu a doua proiec\u021bie din programul KineDok oferit de c\u0103tre One World Romania. Asocia\u021bia \u201eForum Apulum\u201d \u00eei invit\u0103 pe pasiona\u021bii de film documentar european \u0219i nu numai, s\u0103 asiste la proiec\u021bia filmului \u201eFunne: Vis\u00e2nd la Mare\u201d, vineri, 18 mai &hellip;<\/p>\n","protected":false},"author":17,"featured_media":63190,"comment_status":"open","ping_status":"open","sticky":false,"template":"","format":"standard","meta":{"inline_featured_image":false,"footnotes":""},"categories":[2034],"tags":[15330,31,12434,12662,12720,308,76],"class_list":["post-63186","post","type-post","status-publish","format-standard","has-post-thumbnail","hentry","category-social","tag-funne-visand-la-mare","tag-alba-iulia","tag-asociatia-forum-apulum","tag-film-documentar","tag-proiectii-cu-reflectii","tag-stiri","tag-urbea-mea"],"yoast_head":"<!-- This site is optimized with the Yoast SEO plugin v28.3 - https:\/\/yoast.com\/product\/yoast-seo-wordpress\/ -->\n<title>VINERI: Seria \u201eProiec\u021bii cu reflec\u021bii\u201d de la Forum Apulum continu\u0103 cu documentarul \u201eFunne: Vis\u00e2nd la Mare\u201d - Revista Urbea Mea - Revista de Alba<\/title>\n<meta name=\"description\" content=\"Seria de proiec\u021bii de filme documentare intitulat\u0103 \u201eProiec\u021bii cu reflec\u021bii\u201d continu\u0103 \u00een acest sf\u00e2r\u0219it de s\u0103pt\u0103m\u00e2n\u0103 cu a doua proiec\u021bie din programul\" \/>\n<meta name=\"robots\" content=\"index, follow, max-snippet:-1, max-image-preview:large, max-video-preview:-1\" \/>\n<link rel=\"canonical\" href=\"https:\/\/urbeamea.ro\/albaiulia\/vineri-seria-proiectii-cu-reflectii-de-la-forum-apulum-continua-cu-documentarul-funne-visand-la-mare\/\" \/>\n<meta name=\"twitter:card\" content=\"summary_large_image\" \/>\n<meta name=\"twitter:title\" content=\"VINERI: Seria \u201eProiec\u021bii cu reflec\u021bii\u201d de la Forum Apulum continu\u0103 cu documentarul \u201eFunne: Vis\u00e2nd la Mare\u201d - Revista Urbea Mea - Revista de Alba\" \/>\n<meta name=\"twitter:description\" content=\"Seria de proiec\u021bii de filme documentare intitulat\u0103 \u201eProiec\u021bii cu reflec\u021bii\u201d continu\u0103 \u00een acest sf\u00e2r\u0219it de s\u0103pt\u0103m\u00e2n\u0103 cu a doua proiec\u021bie din programul\" \/>\n<meta name=\"twitter:image\" content=\"https:\/\/urbeamea.ro\/albaiulia\/wp-content\/uploads\/2018\/05\/01-funne-visand-la-mare.jpg\" \/>\n<meta name=\"twitter:creator\" content=\"@urbeameaweb\" \/>\n<meta name=\"twitter:site\" content=\"@urbeameaweb\" \/>\n<script type=\"application\/ld+json\" class=\"yoast-schema-graph\">{\"@context\":\"https:\\\/\\\/schema.org\",\"@graph\":[{\"@type\":\"Article\",\"@id\":\"https:\\\/\\\/urbeamea.ro\\\/albaiulia\\\/vineri-seria-proiectii-cu-reflectii-de-la-forum-apulum-continua-cu-documentarul-funne-visand-la-mare\\\/#article\",\"isPartOf\":{\"@id\":\"https:\\\/\\\/urbeamea.ro\\\/albaiulia\\\/vineri-seria-proiectii-cu-reflectii-de-la-forum-apulum-continua-cu-documentarul-funne-visand-la-mare\\\/\"},\"author\":{\"name\":\"Cristina Ganga\",\"@id\":\"https:\\\/\\\/urbeamea.ro\\\/albaiulia\\\/#\\\/schema\\\/person\\\/9700d21fae21c4f038b0b56f4506264a\"},\"headline\":\"VINERI: Seria \u201eProiec\u021bii cu reflec\u021bii\u201d de la Forum Apulum continu\u0103 cu documentarul \u201eFunne: Vis\u00e2nd la Mare\u201d\",\"datePublished\":\"2018-05-17T06:21:42+00:00\",\"mainEntityOfPage\":{\"@id\":\"https:\\\/\\\/urbeamea.ro\\\/albaiulia\\\/vineri-seria-proiectii-cu-reflectii-de-la-forum-apulum-continua-cu-documentarul-funne-visand-la-mare\\\/\"},\"wordCount\":666,\"commentCount\":0,\"image\":{\"@id\":\"https:\\\/\\\/urbeamea.ro\\\/albaiulia\\\/vineri-seria-proiectii-cu-reflectii-de-la-forum-apulum-continua-cu-documentarul-funne-visand-la-mare\\\/#primaryimage\"},\"thumbnailUrl\":\"https:\\\/\\\/urbeamea.ro\\\/albaiulia\\\/wp-content\\\/uploads\\\/2018\\\/05\\\/01-funne-visand-la-mare.jpg\",\"keywords\":[\"\u201eFunne: Vis\u00e2nd la Mare\u201d\",\"Alba Iulia\",\"asociatia Forum Apulum\",\"film documentar\",\"proiectii cu reflectii\",\"stiri\",\"Urbea Mea\"],\"articleSection\":[\"Social\"],\"inLanguage\":\"ro-RO\",\"potentialAction\":[{\"@type\":\"CommentAction\",\"name\":\"Comment\",\"target\":[\"https:\\\/\\\/urbeamea.ro\\\/albaiulia\\\/vineri-seria-proiectii-cu-reflectii-de-la-forum-apulum-continua-cu-documentarul-funne-visand-la-mare\\\/#respond\"]}]},{\"@type\":\"WebPage\",\"@id\":\"https:\\\/\\\/urbeamea.ro\\\/albaiulia\\\/vineri-seria-proiectii-cu-reflectii-de-la-forum-apulum-continua-cu-documentarul-funne-visand-la-mare\\\/\",\"url\":\"https:\\\/\\\/urbeamea.ro\\\/albaiulia\\\/vineri-seria-proiectii-cu-reflectii-de-la-forum-apulum-continua-cu-documentarul-funne-visand-la-mare\\\/\",\"name\":\"VINERI: Seria \u201eProiec\u021bii cu reflec\u021bii\u201d de la Forum Apulum continu\u0103 cu documentarul \u201eFunne: Vis\u00e2nd la Mare\u201d - Revista Urbea Mea - Revista de Alba\",\"isPartOf\":{\"@id\":\"https:\\\/\\\/urbeamea.ro\\\/albaiulia\\\/#website\"},\"primaryImageOfPage\":{\"@id\":\"https:\\\/\\\/urbeamea.ro\\\/albaiulia\\\/vineri-seria-proiectii-cu-reflectii-de-la-forum-apulum-continua-cu-documentarul-funne-visand-la-mare\\\/#primaryimage\"},\"image\":{\"@id\":\"https:\\\/\\\/urbeamea.ro\\\/albaiulia\\\/vineri-seria-proiectii-cu-reflectii-de-la-forum-apulum-continua-cu-documentarul-funne-visand-la-mare\\\/#primaryimage\"},\"thumbnailUrl\":\"https:\\\/\\\/urbeamea.ro\\\/albaiulia\\\/wp-content\\\/uploads\\\/2018\\\/05\\\/01-funne-visand-la-mare.jpg\",\"datePublished\":\"2018-05-17T06:21:42+00:00\",\"author\":{\"@id\":\"https:\\\/\\\/urbeamea.ro\\\/albaiulia\\\/#\\\/schema\\\/person\\\/9700d21fae21c4f038b0b56f4506264a\"},\"description\":\"Seria de proiec\u021bii de filme documentare intitulat\u0103 \u201eProiec\u021bii cu reflec\u021bii\u201d continu\u0103 \u00een acest sf\u00e2r\u0219it de s\u0103pt\u0103m\u00e2n\u0103 cu a doua proiec\u021bie din programul\",\"breadcrumb\":{\"@id\":\"https:\\\/\\\/urbeamea.ro\\\/albaiulia\\\/vineri-seria-proiectii-cu-reflectii-de-la-forum-apulum-continua-cu-documentarul-funne-visand-la-mare\\\/#breadcrumb\"},\"inLanguage\":\"ro-RO\",\"potentialAction\":[{\"@type\":\"ReadAction\",\"target\":[\"https:\\\/\\\/urbeamea.ro\\\/albaiulia\\\/vineri-seria-proiectii-cu-reflectii-de-la-forum-apulum-continua-cu-documentarul-funne-visand-la-mare\\\/\"]}]},{\"@type\":\"ImageObject\",\"inLanguage\":\"ro-RO\",\"@id\":\"https:\\\/\\\/urbeamea.ro\\\/albaiulia\\\/vineri-seria-proiectii-cu-reflectii-de-la-forum-apulum-continua-cu-documentarul-funne-visand-la-mare\\\/#primaryimage\",\"url\":\"https:\\\/\\\/urbeamea.ro\\\/albaiulia\\\/wp-content\\\/uploads\\\/2018\\\/05\\\/01-funne-visand-la-mare.jpg\",\"contentUrl\":\"https:\\\/\\\/urbeamea.ro\\\/albaiulia\\\/wp-content\\\/uploads\\\/2018\\\/05\\\/01-funne-visand-la-mare.jpg\",\"width\":987,\"height\":1400},{\"@type\":\"BreadcrumbList\",\"@id\":\"https:\\\/\\\/urbeamea.ro\\\/albaiulia\\\/vineri-seria-proiectii-cu-reflectii-de-la-forum-apulum-continua-cu-documentarul-funne-visand-la-mare\\\/#breadcrumb\",\"itemListElement\":[{\"@type\":\"ListItem\",\"position\":1,\"name\":\"Prima pagin\u0103\",\"item\":\"https:\\\/\\\/urbeamea.ro\\\/albaiulia\\\/\"},{\"@type\":\"ListItem\",\"position\":2,\"name\":\"VINERI: Seria \u201eProiec\u021bii cu reflec\u021bii\u201d de la Forum Apulum continu\u0103 cu documentarul \u201eFunne: Vis\u00e2nd la Mare\u201d\"}]},{\"@type\":\"WebSite\",\"@id\":\"https:\\\/\\\/urbeamea.ro\\\/albaiulia\\\/#website\",\"url\":\"https:\\\/\\\/urbeamea.ro\\\/albaiulia\\\/\",\"name\":\"Revista Urbea Mea, Stiri urbane\",\"description\":\"Evenimente \u0219i \u0219tiri din Alba Iulia, Sebe\u0219, Aiud, Blaj\",\"potentialAction\":[{\"@type\":\"SearchAction\",\"target\":{\"@type\":\"EntryPoint\",\"urlTemplate\":\"https:\\\/\\\/urbeamea.ro\\\/albaiulia\\\/?s={search_term_string}\"},\"query-input\":{\"@type\":\"PropertyValueSpecification\",\"valueRequired\":true,\"valueName\":\"search_term_string\"}}],\"inLanguage\":\"ro-RO\"},{\"@type\":\"Person\",\"@id\":\"https:\\\/\\\/urbeamea.ro\\\/albaiulia\\\/#\\\/schema\\\/person\\\/9700d21fae21c4f038b0b56f4506264a\",\"name\":\"Cristina Ganga\",\"image\":{\"@type\":\"ImageObject\",\"inLanguage\":\"ro-RO\",\"@id\":\"https:\\\/\\\/secure.gravatar.com\\\/avatar\\\/5a67661041f057b4a8ccaf26f5a8e86e2689372006d01faf3dd9eeb10b654bb4?s=96&d=mm&r=g\",\"url\":\"https:\\\/\\\/secure.gravatar.com\\\/avatar\\\/5a67661041f057b4a8ccaf26f5a8e86e2689372006d01faf3dd9eeb10b654bb4?s=96&d=mm&r=g\",\"contentUrl\":\"https:\\\/\\\/secure.gravatar.com\\\/avatar\\\/5a67661041f057b4a8ccaf26f5a8e86e2689372006d01faf3dd9eeb10b654bb4?s=96&d=mm&r=g\",\"caption\":\"Cristina Ganga\"},\"description\":\"Jurnalist\",\"sameAs\":[\"https:\\\/\\\/www.facebook.com\\\/cristina.nicola.587\"],\"url\":\"https:\\\/\\\/urbeamea.ro\\\/albaiulia\\\/author\\\/cristina-nicola\\\/\"}]}<\/script>\n<!-- \/ Yoast SEO plugin. -->","yoast_head_json":{"title":"VINERI: Seria \u201eProiec\u021bii cu reflec\u021bii\u201d de la Forum Apulum continu\u0103 cu documentarul \u201eFunne: Vis\u00e2nd la Mare\u201d - Revista Urbea Mea - Revista de Alba","description":"Seria de proiec\u021bii de filme documentare intitulat\u0103 \u201eProiec\u021bii cu reflec\u021bii\u201d continu\u0103 \u00een acest sf\u00e2r\u0219it de s\u0103pt\u0103m\u00e2n\u0103 cu a doua proiec\u021bie din programul","robots":{"index":"index","follow":"follow","max-snippet":"max-snippet:-1","max-image-preview":"max-image-preview:large","max-video-preview":"max-video-preview:-1"},"canonical":"https:\/\/urbeamea.ro\/albaiulia\/vineri-seria-proiectii-cu-reflectii-de-la-forum-apulum-continua-cu-documentarul-funne-visand-la-mare\/","twitter_card":"summary_large_image","twitter_title":"VINERI: Seria \u201eProiec\u021bii cu reflec\u021bii\u201d de la Forum Apulum continu\u0103 cu documentarul \u201eFunne: Vis\u00e2nd la Mare\u201d - Revista Urbea Mea - Revista de Alba","twitter_description":"Seria de proiec\u021bii de filme documentare intitulat\u0103 \u201eProiec\u021bii cu reflec\u021bii\u201d continu\u0103 \u00een acest sf\u00e2r\u0219it de s\u0103pt\u0103m\u00e2n\u0103 cu a doua proiec\u021bie din programul","twitter_image":"https:\/\/urbeamea.ro\/albaiulia\/wp-content\/uploads\/2018\/05\/01-funne-visand-la-mare.jpg","twitter_creator":"@urbeameaweb","twitter_site":"@urbeameaweb","schema":{"@context":"https:\/\/schema.org","@graph":[{"@type":"Article","@id":"https:\/\/urbeamea.ro\/albaiulia\/vineri-seria-proiectii-cu-reflectii-de-la-forum-apulum-continua-cu-documentarul-funne-visand-la-mare\/#article","isPartOf":{"@id":"https:\/\/urbeamea.ro\/albaiulia\/vineri-seria-proiectii-cu-reflectii-de-la-forum-apulum-continua-cu-documentarul-funne-visand-la-mare\/"},"author":{"name":"Cristina Ganga","@id":"https:\/\/urbeamea.ro\/albaiulia\/#\/schema\/person\/9700d21fae21c4f038b0b56f4506264a"},"headline":"VINERI: Seria \u201eProiec\u021bii cu reflec\u021bii\u201d de la Forum Apulum continu\u0103 cu documentarul \u201eFunne: Vis\u00e2nd la Mare\u201d","datePublished":"2018-05-17T06:21:42+00:00","mainEntityOfPage":{"@id":"https:\/\/urbeamea.ro\/albaiulia\/vineri-seria-proiectii-cu-reflectii-de-la-forum-apulum-continua-cu-documentarul-funne-visand-la-mare\/"},"wordCount":666,"commentCount":0,"image":{"@id":"https:\/\/urbeamea.ro\/albaiulia\/vineri-seria-proiectii-cu-reflectii-de-la-forum-apulum-continua-cu-documentarul-funne-visand-la-mare\/#primaryimage"},"thumbnailUrl":"https:\/\/urbeamea.ro\/albaiulia\/wp-content\/uploads\/2018\/05\/01-funne-visand-la-mare.jpg","keywords":["\u201eFunne: Vis\u00e2nd la Mare\u201d","Alba Iulia","asociatia Forum Apulum","film documentar","proiectii cu reflectii","stiri","Urbea Mea"],"articleSection":["Social"],"inLanguage":"ro-RO","potentialAction":[{"@type":"CommentAction","name":"Comment","target":["https:\/\/urbeamea.ro\/albaiulia\/vineri-seria-proiectii-cu-reflectii-de-la-forum-apulum-continua-cu-documentarul-funne-visand-la-mare\/#respond"]}]},{"@type":"WebPage","@id":"https:\/\/urbeamea.ro\/albaiulia\/vineri-seria-proiectii-cu-reflectii-de-la-forum-apulum-continua-cu-documentarul-funne-visand-la-mare\/","url":"https:\/\/urbeamea.ro\/albaiulia\/vineri-seria-proiectii-cu-reflectii-de-la-forum-apulum-continua-cu-documentarul-funne-visand-la-mare\/","name":"VINERI: Seria \u201eProiec\u021bii cu reflec\u021bii\u201d de la Forum Apulum continu\u0103 cu documentarul \u201eFunne: Vis\u00e2nd la Mare\u201d - Revista Urbea Mea - Revista de Alba","isPartOf":{"@id":"https:\/\/urbeamea.ro\/albaiulia\/#website"},"primaryImageOfPage":{"@id":"https:\/\/urbeamea.ro\/albaiulia\/vineri-seria-proiectii-cu-reflectii-de-la-forum-apulum-continua-cu-documentarul-funne-visand-la-mare\/#primaryimage"},"image":{"@id":"https:\/\/urbeamea.ro\/albaiulia\/vineri-seria-proiectii-cu-reflectii-de-la-forum-apulum-continua-cu-documentarul-funne-visand-la-mare\/#primaryimage"},"thumbnailUrl":"https:\/\/urbeamea.ro\/albaiulia\/wp-content\/uploads\/2018\/05\/01-funne-visand-la-mare.jpg","datePublished":"2018-05-17T06:21:42+00:00","author":{"@id":"https:\/\/urbeamea.ro\/albaiulia\/#\/schema\/person\/9700d21fae21c4f038b0b56f4506264a"},"description":"Seria de proiec\u021bii de filme documentare intitulat\u0103 \u201eProiec\u021bii cu reflec\u021bii\u201d continu\u0103 \u00een acest sf\u00e2r\u0219it de s\u0103pt\u0103m\u00e2n\u0103 cu a doua proiec\u021bie din programul","breadcrumb":{"@id":"https:\/\/urbeamea.ro\/albaiulia\/vineri-seria-proiectii-cu-reflectii-de-la-forum-apulum-continua-cu-documentarul-funne-visand-la-mare\/#breadcrumb"},"inLanguage":"ro-RO","potentialAction":[{"@type":"ReadAction","target":["https:\/\/urbeamea.ro\/albaiulia\/vineri-seria-proiectii-cu-reflectii-de-la-forum-apulum-continua-cu-documentarul-funne-visand-la-mare\/"]}]},{"@type":"ImageObject","inLanguage":"ro-RO","@id":"https:\/\/urbeamea.ro\/albaiulia\/vineri-seria-proiectii-cu-reflectii-de-la-forum-apulum-continua-cu-documentarul-funne-visand-la-mare\/#primaryimage","url":"https:\/\/urbeamea.ro\/albaiulia\/wp-content\/uploads\/2018\/05\/01-funne-visand-la-mare.jpg","contentUrl":"https:\/\/urbeamea.ro\/albaiulia\/wp-content\/uploads\/2018\/05\/01-funne-visand-la-mare.jpg","width":987,"height":1400},{"@type":"BreadcrumbList","@id":"https:\/\/urbeamea.ro\/albaiulia\/vineri-seria-proiectii-cu-reflectii-de-la-forum-apulum-continua-cu-documentarul-funne-visand-la-mare\/#breadcrumb","itemListElement":[{"@type":"ListItem","position":1,"name":"Prima pagin\u0103","item":"https:\/\/urbeamea.ro\/albaiulia\/"},{"@type":"ListItem","position":2,"name":"VINERI: Seria \u201eProiec\u021bii cu reflec\u021bii\u201d de la Forum Apulum continu\u0103 cu documentarul \u201eFunne: Vis\u00e2nd la Mare\u201d"}]},{"@type":"WebSite","@id":"https:\/\/urbeamea.ro\/albaiulia\/#website","url":"https:\/\/urbeamea.ro\/albaiulia\/","name":"Revista Urbea Mea, Stiri urbane","description":"Evenimente \u0219i \u0219tiri din Alba Iulia, Sebe\u0219, Aiud, Blaj","potentialAction":[{"@type":"SearchAction","target":{"@type":"EntryPoint","urlTemplate":"https:\/\/urbeamea.ro\/albaiulia\/?s={search_term_string}"},"query-input":{"@type":"PropertyValueSpecification","valueRequired":true,"valueName":"search_term_string"}}],"inLanguage":"ro-RO"},{"@type":"Person","@id":"https:\/\/urbeamea.ro\/albaiulia\/#\/schema\/person\/9700d21fae21c4f038b0b56f4506264a","name":"Cristina Ganga","image":{"@type":"ImageObject","inLanguage":"ro-RO","@id":"https:\/\/secure.gravatar.com\/avatar\/5a67661041f057b4a8ccaf26f5a8e86e2689372006d01faf3dd9eeb10b654bb4?s=96&d=mm&r=g","url":"https:\/\/secure.gravatar.com\/avatar\/5a67661041f057b4a8ccaf26f5a8e86e2689372006d01faf3dd9eeb10b654bb4?s=96&d=mm&r=g","contentUrl":"https:\/\/secure.gravatar.com\/avatar\/5a67661041f057b4a8ccaf26f5a8e86e2689372006d01faf3dd9eeb10b654bb4?s=96&d=mm&r=g","caption":"Cristina Ganga"},"description":"Jurnalist","sameAs":["https:\/\/www.facebook.com\/cristina.nicola.587"],"url":"https:\/\/urbeamea.ro\/albaiulia\/author\/cristina-nicola\/"}]}},"_links":{"self":[{"href":"https:\/\/urbeamea.ro\/albaiulia\/wp-json\/wp\/v2\/posts\/63186","targetHints":{"allow":["GET"]}}],"collection":[{"href":"https:\/\/urbeamea.ro\/albaiulia\/wp-json\/wp\/v2\/posts"}],"about":[{"href":"https:\/\/urbeamea.ro\/albaiulia\/wp-json\/wp\/v2\/types\/post"}],"author":[{"embeddable":true,"href":"https:\/\/urbeamea.ro\/albaiulia\/wp-json\/wp\/v2\/users\/17"}],"replies":[{"embeddable":true,"href":"https:\/\/urbeamea.ro\/albaiulia\/wp-json\/wp\/v2\/comments?post=63186"}],"version-history":[{"count":0,"href":"https:\/\/urbeamea.ro\/albaiulia\/wp-json\/wp\/v2\/posts\/63186\/revisions"}],"wp:featuredmedia":[{"embeddable":true,"href":"https:\/\/urbeamea.ro\/albaiulia\/wp-json\/wp\/v2\/media\/63190"}],"wp:attachment":[{"href":"https:\/\/urbeamea.ro\/albaiulia\/wp-json\/wp\/v2\/media?parent=63186"}],"wp:term":[{"taxonomy":"category","embeddable":true,"href":"https:\/\/urbeamea.ro\/albaiulia\/wp-json\/wp\/v2\/categories?post=63186"},{"taxonomy":"post_tag","embeddable":true,"href":"https:\/\/urbeamea.ro\/albaiulia\/wp-json\/wp\/v2\/tags?post=63186"}],"curies":[{"name":"wp","href":"https:\/\/api.w.org\/{rel}","templated":true}]}}