{"id":6352,"date":"2015-07-21T08:33:13","date_gmt":"2015-07-21T05:33:13","guid":{"rendered":"http:\/\/urbeamea.ro\/albaiulia\/?p=6352"},"modified":"2016-01-18T22:24:11","modified_gmt":"2016-01-18T20:24:11","slug":"vineri-coloreaza-ti-viata-cu-sunete-parada-bicicletelor-vesele","status":"publish","type":"post","link":"https:\/\/urbeamea.ro\/albaiulia\/vineri-coloreaza-ti-viata-cu-sunete-parada-bicicletelor-vesele\/","title":{"rendered":"Vineri: Coloreaz\u0103-\u021bi via\u021ba cu sunete &#8211; parada bicicletelor vesele"},"content":{"rendered":"<p><a href=\"http:\/\/urbeamea.ro\/albaiulia\/wp-content\/uploads\/2015\/07\/coloreaza-tisunete.jpg\"><img loading=\"lazy\" decoding=\"async\" class=\"alignleft size-medium wp-image-6368\" src=\"http:\/\/urbeamea.ro\/albaiulia\/wp-content\/uploads\/2015\/07\/coloreaza-tisunete-154x300.jpg\" alt=\"coloreaza-tisunete\" width=\"154\" height=\"300\" \/><\/a>Vineri, 24 iulie, \u00eencep\u00e2nd cu ora 17:00, &lt;&lt;leu\u021bii&gt;&gt; clubului de voluntariat non-guvernamental, LEO Fortress Alba Iulia organizeaz\u0103 cea mai ,,colorat\u0103\u201d \u0219i ,,g\u0103l\u0103gioas\u0103\u201d parad\u0103 a bicicletelor.<\/p>\n<p>Evenimentul va lua startul \u00een parcul Custozza, unde a\u0219tept\u0103m persoane de toate v\u00e2rstele pentru a lua parte la ,,mar\u0219ul bicicletelor\u201d. Traseul presupune turul Cet\u0103\u021bii Alba Carolina, cu oprire la diferite monumente.<\/p>\n<p>Prin acest eveniment urm\u0103rim con\u0219tientizarea popula\u021biei \u00een leg\u0103tur\u0103 cu importan\u021ba mersului pe biciclet\u0103 \u0219i a stilului de via\u021b\u0103 s\u0103n\u0103tos. Totodat\u0103 vrem s\u0103 facem cunoscut\u0103 situa\u021bia dificil\u0103 \u00een care se afl\u0103 micu\u021bul Gabriel Murariu \u0219i importan\u021ba auzului \u00een via\u021ba de zi cu zi.<\/p>\n<p>A\u0219adar, v\u0103 a\u0219tept\u0103m \u00een aceast\u0103 dat\u0103, plini de entuziasm \u0219i c\u00e2t mai colora\u021bi, s\u0103 aducem \u00eempreun\u0103 z\u00e2mbete pe fe\u021bele albaiulienilor.<\/p>\n<p><em>Despre Gabriel Murariu:<\/em><\/p>\n<p>Gabriel este un b\u0103ie\u0163el \u00een v\u00e2rst\u0103 de 11 ani, care, din p\u0103cate, s-a n\u0103scut cu probleme auditive. Acesta nu poate auzi nimic, f\u0103r\u0103 aparatul Nucleu Freedom de care are mare nevoie.<\/p>\n<p>\u00cen anul 2007, un suflet mare l-a ajutat pe Gabriel s\u0103 ajung\u0103 la o clinic\u0103 din Italia, unde i s-a f\u0103cut opera\u0163ia de implant cohlear.<\/p>\n<p>Chiar \u015fi cu aparatul, Gabriel nu aude dec\u00e2t cu o singur\u0103 ureche, cea la care i-a fost f\u0103cut implantul chirurgical.<\/p>\n<p>Aparatul de care are nevoie costa 9000\u20ac, compatibil cu cipul implantat pe creier \u015fi se poate cump\u0103ra din Germania, America, sau de la Firma Cohlear \u2013 Bucure\u015fti, care cunosc povestea lui Gabi.<\/p>\n","protected":false},"excerpt":{"rendered":"<p>Vineri, 24 iulie, \u00eencep\u00e2nd cu ora 17:00, &lt;&lt;leu\u021bii&gt;&gt; clubului de voluntariat non-guvernamental, LEO Fortress Alba Iulia organizeaz\u0103 cea mai ,,colorat\u0103\u201d \u0219i ,,g\u0103l\u0103gioas\u0103\u201d parad\u0103 a bicicletelor. Evenimentul va lua startul \u00een parcul Custozza, unde a\u0219tept\u0103m persoane de toate v\u00e2rstele pentru a lua parte la ,,mar\u0219ul bicicletelor\u201d. Traseul presupune turul Cet\u0103\u021bii Alba Carolina, cu oprire la diferite &hellip;<\/p>\n","protected":false},"author":16,"featured_media":6368,"comment_status":"open","ping_status":"open","sticky":false,"template":"","format":"standard","meta":{"inline_featured_image":false,"footnotes":""},"categories":[4],"tags":[],"class_list":["post-6352","post","type-post","status-publish","format-standard","has-post-thumbnail","hentry","category-eveniment"],"yoast_head":"<!-- This site is optimized with the Yoast SEO plugin v27.4 - https:\/\/yoast.com\/product\/yoast-seo-wordpress\/ -->\n<title>Vineri: Coloreaz\u0103-\u021bi via\u021ba cu sunete - parada bicicletelor vesele - Revista Urbea Mea - Revista de Alba<\/title>\n<meta name=\"description\" content=\"Vineri, 24 iulie, \u00eencep\u00e2nd cu ora 17:00, &lt;&lt;leu\u021bii&gt;&gt; clubului de voluntariat non-guvernamental, LEO Fortress Alba Iulia organizeaz\u0103 cea mai\" \/>\n<meta name=\"robots\" content=\"index, follow, max-snippet:-1, max-image-preview:large, max-video-preview:-1\" \/>\n<link rel=\"canonical\" href=\"https:\/\/urbeamea.ro\/albaiulia\/vineri-coloreaza-ti-viata-cu-sunete-parada-bicicletelor-vesele\/\" \/>\n<meta name=\"twitter:card\" content=\"summary_large_image\" \/>\n<meta name=\"twitter:title\" content=\"Vineri: Coloreaz\u0103-\u021bi via\u021ba cu sunete - parada bicicletelor vesele - Revista Urbea Mea - Revista de Alba\" \/>\n<meta name=\"twitter:description\" content=\"Vineri, 24 iulie, \u00eencep\u00e2nd cu ora 17:00, &lt;&lt;leu\u021bii&gt;&gt; clubului de voluntariat non-guvernamental, LEO Fortress Alba Iulia organizeaz\u0103 cea mai\" \/>\n<meta name=\"twitter:image\" content=\"https:\/\/urbeamea.ro\/albaiulia\/wp-content\/uploads\/2015\/07\/coloreaza-tisunete.jpg\" \/>\n<meta name=\"twitter:creator\" content=\"@urbeameaweb\" \/>\n<meta name=\"twitter:site\" content=\"@urbeameaweb\" \/>\n<script type=\"application\/ld+json\" class=\"yoast-schema-graph\">{\"@context\":\"https:\\\/\\\/schema.org\",\"@graph\":[{\"@type\":\"Article\",\"@id\":\"https:\\\/\\\/urbeamea.ro\\\/albaiulia\\\/vineri-coloreaza-ti-viata-cu-sunete-parada-bicicletelor-vesele\\\/#article\",\"isPartOf\":{\"@id\":\"https:\\\/\\\/urbeamea.ro\\\/albaiulia\\\/vineri-coloreaza-ti-viata-cu-sunete-parada-bicicletelor-vesele\\\/\"},\"author\":{\"name\":\"Redac\u021bia UrbeaMea\",\"@id\":\"https:\\\/\\\/urbeamea.ro\\\/albaiulia\\\/#\\\/schema\\\/person\\\/272ae98052f8ee8980f59848df070247\"},\"headline\":\"Vineri: Coloreaz\u0103-\u021bi via\u021ba cu sunete &#8211; parada bicicletelor vesele\",\"datePublished\":\"2015-07-21T05:33:13+00:00\",\"dateModified\":\"2016-01-18T20:24:11+00:00\",\"mainEntityOfPage\":{\"@id\":\"https:\\\/\\\/urbeamea.ro\\\/albaiulia\\\/vineri-coloreaza-ti-viata-cu-sunete-parada-bicicletelor-vesele\\\/\"},\"wordCount\":278,\"commentCount\":0,\"image\":{\"@id\":\"https:\\\/\\\/urbeamea.ro\\\/albaiulia\\\/vineri-coloreaza-ti-viata-cu-sunete-parada-bicicletelor-vesele\\\/#primaryimage\"},\"thumbnailUrl\":\"https:\\\/\\\/urbeamea.ro\\\/albaiulia\\\/wp-content\\\/uploads\\\/2015\\\/07\\\/coloreaza-tisunete.jpg\",\"articleSection\":[\"Evenimente\"],\"inLanguage\":\"ro-RO\",\"potentialAction\":[{\"@type\":\"CommentAction\",\"name\":\"Comment\",\"target\":[\"https:\\\/\\\/urbeamea.ro\\\/albaiulia\\\/vineri-coloreaza-ti-viata-cu-sunete-parada-bicicletelor-vesele\\\/#respond\"]}]},{\"@type\":\"WebPage\",\"@id\":\"https:\\\/\\\/urbeamea.ro\\\/albaiulia\\\/vineri-coloreaza-ti-viata-cu-sunete-parada-bicicletelor-vesele\\\/\",\"url\":\"https:\\\/\\\/urbeamea.ro\\\/albaiulia\\\/vineri-coloreaza-ti-viata-cu-sunete-parada-bicicletelor-vesele\\\/\",\"name\":\"Vineri: Coloreaz\u0103-\u021bi via\u021ba cu sunete - parada bicicletelor vesele - Revista Urbea Mea - Revista de Alba\",\"isPartOf\":{\"@id\":\"https:\\\/\\\/urbeamea.ro\\\/albaiulia\\\/#website\"},\"primaryImageOfPage\":{\"@id\":\"https:\\\/\\\/urbeamea.ro\\\/albaiulia\\\/vineri-coloreaza-ti-viata-cu-sunete-parada-bicicletelor-vesele\\\/#primaryimage\"},\"image\":{\"@id\":\"https:\\\/\\\/urbeamea.ro\\\/albaiulia\\\/vineri-coloreaza-ti-viata-cu-sunete-parada-bicicletelor-vesele\\\/#primaryimage\"},\"thumbnailUrl\":\"https:\\\/\\\/urbeamea.ro\\\/albaiulia\\\/wp-content\\\/uploads\\\/2015\\\/07\\\/coloreaza-tisunete.jpg\",\"datePublished\":\"2015-07-21T05:33:13+00:00\",\"dateModified\":\"2016-01-18T20:24:11+00:00\",\"author\":{\"@id\":\"https:\\\/\\\/urbeamea.ro\\\/albaiulia\\\/#\\\/schema\\\/person\\\/272ae98052f8ee8980f59848df070247\"},\"description\":\"Vineri, 24 iulie, \u00eencep\u00e2nd cu ora 17:00, &lt;&lt;leu\u021bii&gt;&gt; clubului de voluntariat non-guvernamental, LEO Fortress Alba Iulia organizeaz\u0103 cea mai\",\"breadcrumb\":{\"@id\":\"https:\\\/\\\/urbeamea.ro\\\/albaiulia\\\/vineri-coloreaza-ti-viata-cu-sunete-parada-bicicletelor-vesele\\\/#breadcrumb\"},\"inLanguage\":\"ro-RO\",\"potentialAction\":[{\"@type\":\"ReadAction\",\"target\":[\"https:\\\/\\\/urbeamea.ro\\\/albaiulia\\\/vineri-coloreaza-ti-viata-cu-sunete-parada-bicicletelor-vesele\\\/\"]}]},{\"@type\":\"ImageObject\",\"inLanguage\":\"ro-RO\",\"@id\":\"https:\\\/\\\/urbeamea.ro\\\/albaiulia\\\/vineri-coloreaza-ti-viata-cu-sunete-parada-bicicletelor-vesele\\\/#primaryimage\",\"url\":\"https:\\\/\\\/urbeamea.ro\\\/albaiulia\\\/wp-content\\\/uploads\\\/2015\\\/07\\\/coloreaza-tisunete.jpg\",\"contentUrl\":\"https:\\\/\\\/urbeamea.ro\\\/albaiulia\\\/wp-content\\\/uploads\\\/2015\\\/07\\\/coloreaza-tisunete.jpg\",\"width\":493,\"height\":960},{\"@type\":\"BreadcrumbList\",\"@id\":\"https:\\\/\\\/urbeamea.ro\\\/albaiulia\\\/vineri-coloreaza-ti-viata-cu-sunete-parada-bicicletelor-vesele\\\/#breadcrumb\",\"itemListElement\":[{\"@type\":\"ListItem\",\"position\":1,\"name\":\"Prima pagin\u0103\",\"item\":\"https:\\\/\\\/urbeamea.ro\\\/albaiulia\\\/\"},{\"@type\":\"ListItem\",\"position\":2,\"name\":\"Vineri: Coloreaz\u0103-\u021bi via\u021ba cu sunete &#8211; parada bicicletelor vesele\"}]},{\"@type\":\"WebSite\",\"@id\":\"https:\\\/\\\/urbeamea.ro\\\/albaiulia\\\/#website\",\"url\":\"https:\\\/\\\/urbeamea.ro\\\/albaiulia\\\/\",\"name\":\"Revista Urbea Mea, Stiri urbane\",\"description\":\"Evenimente \u0219i \u0219tiri din Alba Iulia, Sebe\u0219, Aiud, Blaj\",\"potentialAction\":[{\"@type\":\"SearchAction\",\"target\":{\"@type\":\"EntryPoint\",\"urlTemplate\":\"https:\\\/\\\/urbeamea.ro\\\/albaiulia\\\/?s={search_term_string}\"},\"query-input\":{\"@type\":\"PropertyValueSpecification\",\"valueRequired\":true,\"valueName\":\"search_term_string\"}}],\"inLanguage\":\"ro-RO\"},{\"@type\":\"Person\",\"@id\":\"https:\\\/\\\/urbeamea.ro\\\/albaiulia\\\/#\\\/schema\\\/person\\\/272ae98052f8ee8980f59848df070247\",\"name\":\"Redac\u021bia UrbeaMea\",\"image\":{\"@type\":\"ImageObject\",\"inLanguage\":\"ro-RO\",\"@id\":\"https:\\\/\\\/secure.gravatar.com\\\/avatar\\\/9ce5a9435071fa1037e8468053ead8e513dbbff59009d3069aadb85506d85a27?s=96&d=mm&r=g\",\"url\":\"https:\\\/\\\/secure.gravatar.com\\\/avatar\\\/9ce5a9435071fa1037e8468053ead8e513dbbff59009d3069aadb85506d85a27?s=96&d=mm&r=g\",\"contentUrl\":\"https:\\\/\\\/secure.gravatar.com\\\/avatar\\\/9ce5a9435071fa1037e8468053ead8e513dbbff59009d3069aadb85506d85a27?s=96&d=mm&r=g\",\"caption\":\"Redac\u021bia UrbeaMea\"},\"description\":\"contact@urbeamea.ro\",\"sameAs\":[\"https:\\\/\\\/www.urbeamea.ro\"],\"url\":\"https:\\\/\\\/urbeamea.ro\\\/albaiulia\\\/author\\\/redactia-urbeamea\\\/\"}]}<\/script>\n<!-- \/ Yoast SEO plugin. -->","yoast_head_json":{"title":"Vineri: Coloreaz\u0103-\u021bi via\u021ba cu sunete - parada bicicletelor vesele - Revista Urbea Mea - Revista de Alba","description":"Vineri, 24 iulie, \u00eencep\u00e2nd cu ora 17:00, &lt;&lt;leu\u021bii&gt;&gt; clubului de voluntariat non-guvernamental, LEO Fortress Alba Iulia organizeaz\u0103 cea mai","robots":{"index":"index","follow":"follow","max-snippet":"max-snippet:-1","max-image-preview":"max-image-preview:large","max-video-preview":"max-video-preview:-1"},"canonical":"https:\/\/urbeamea.ro\/albaiulia\/vineri-coloreaza-ti-viata-cu-sunete-parada-bicicletelor-vesele\/","twitter_card":"summary_large_image","twitter_title":"Vineri: Coloreaz\u0103-\u021bi via\u021ba cu sunete - parada bicicletelor vesele - Revista Urbea Mea - Revista de Alba","twitter_description":"Vineri, 24 iulie, \u00eencep\u00e2nd cu ora 17:00, &lt;&lt;leu\u021bii&gt;&gt; clubului de voluntariat non-guvernamental, LEO Fortress Alba Iulia organizeaz\u0103 cea mai","twitter_image":"https:\/\/urbeamea.ro\/albaiulia\/wp-content\/uploads\/2015\/07\/coloreaza-tisunete.jpg","twitter_creator":"@urbeameaweb","twitter_site":"@urbeameaweb","schema":{"@context":"https:\/\/schema.org","@graph":[{"@type":"Article","@id":"https:\/\/urbeamea.ro\/albaiulia\/vineri-coloreaza-ti-viata-cu-sunete-parada-bicicletelor-vesele\/#article","isPartOf":{"@id":"https:\/\/urbeamea.ro\/albaiulia\/vineri-coloreaza-ti-viata-cu-sunete-parada-bicicletelor-vesele\/"},"author":{"name":"Redac\u021bia UrbeaMea","@id":"https:\/\/urbeamea.ro\/albaiulia\/#\/schema\/person\/272ae98052f8ee8980f59848df070247"},"headline":"Vineri: Coloreaz\u0103-\u021bi via\u021ba cu sunete &#8211; parada bicicletelor vesele","datePublished":"2015-07-21T05:33:13+00:00","dateModified":"2016-01-18T20:24:11+00:00","mainEntityOfPage":{"@id":"https:\/\/urbeamea.ro\/albaiulia\/vineri-coloreaza-ti-viata-cu-sunete-parada-bicicletelor-vesele\/"},"wordCount":278,"commentCount":0,"image":{"@id":"https:\/\/urbeamea.ro\/albaiulia\/vineri-coloreaza-ti-viata-cu-sunete-parada-bicicletelor-vesele\/#primaryimage"},"thumbnailUrl":"https:\/\/urbeamea.ro\/albaiulia\/wp-content\/uploads\/2015\/07\/coloreaza-tisunete.jpg","articleSection":["Evenimente"],"inLanguage":"ro-RO","potentialAction":[{"@type":"CommentAction","name":"Comment","target":["https:\/\/urbeamea.ro\/albaiulia\/vineri-coloreaza-ti-viata-cu-sunete-parada-bicicletelor-vesele\/#respond"]}]},{"@type":"WebPage","@id":"https:\/\/urbeamea.ro\/albaiulia\/vineri-coloreaza-ti-viata-cu-sunete-parada-bicicletelor-vesele\/","url":"https:\/\/urbeamea.ro\/albaiulia\/vineri-coloreaza-ti-viata-cu-sunete-parada-bicicletelor-vesele\/","name":"Vineri: Coloreaz\u0103-\u021bi via\u021ba cu sunete - parada bicicletelor vesele - Revista Urbea Mea - Revista de Alba","isPartOf":{"@id":"https:\/\/urbeamea.ro\/albaiulia\/#website"},"primaryImageOfPage":{"@id":"https:\/\/urbeamea.ro\/albaiulia\/vineri-coloreaza-ti-viata-cu-sunete-parada-bicicletelor-vesele\/#primaryimage"},"image":{"@id":"https:\/\/urbeamea.ro\/albaiulia\/vineri-coloreaza-ti-viata-cu-sunete-parada-bicicletelor-vesele\/#primaryimage"},"thumbnailUrl":"https:\/\/urbeamea.ro\/albaiulia\/wp-content\/uploads\/2015\/07\/coloreaza-tisunete.jpg","datePublished":"2015-07-21T05:33:13+00:00","dateModified":"2016-01-18T20:24:11+00:00","author":{"@id":"https:\/\/urbeamea.ro\/albaiulia\/#\/schema\/person\/272ae98052f8ee8980f59848df070247"},"description":"Vineri, 24 iulie, \u00eencep\u00e2nd cu ora 17:00, &lt;&lt;leu\u021bii&gt;&gt; clubului de voluntariat non-guvernamental, LEO Fortress Alba Iulia organizeaz\u0103 cea mai","breadcrumb":{"@id":"https:\/\/urbeamea.ro\/albaiulia\/vineri-coloreaza-ti-viata-cu-sunete-parada-bicicletelor-vesele\/#breadcrumb"},"inLanguage":"ro-RO","potentialAction":[{"@type":"ReadAction","target":["https:\/\/urbeamea.ro\/albaiulia\/vineri-coloreaza-ti-viata-cu-sunete-parada-bicicletelor-vesele\/"]}]},{"@type":"ImageObject","inLanguage":"ro-RO","@id":"https:\/\/urbeamea.ro\/albaiulia\/vineri-coloreaza-ti-viata-cu-sunete-parada-bicicletelor-vesele\/#primaryimage","url":"https:\/\/urbeamea.ro\/albaiulia\/wp-content\/uploads\/2015\/07\/coloreaza-tisunete.jpg","contentUrl":"https:\/\/urbeamea.ro\/albaiulia\/wp-content\/uploads\/2015\/07\/coloreaza-tisunete.jpg","width":493,"height":960},{"@type":"BreadcrumbList","@id":"https:\/\/urbeamea.ro\/albaiulia\/vineri-coloreaza-ti-viata-cu-sunete-parada-bicicletelor-vesele\/#breadcrumb","itemListElement":[{"@type":"ListItem","position":1,"name":"Prima pagin\u0103","item":"https:\/\/urbeamea.ro\/albaiulia\/"},{"@type":"ListItem","position":2,"name":"Vineri: Coloreaz\u0103-\u021bi via\u021ba cu sunete &#8211; parada bicicletelor vesele"}]},{"@type":"WebSite","@id":"https:\/\/urbeamea.ro\/albaiulia\/#website","url":"https:\/\/urbeamea.ro\/albaiulia\/","name":"Revista Urbea Mea, Stiri urbane","description":"Evenimente \u0219i \u0219tiri din Alba Iulia, Sebe\u0219, Aiud, Blaj","potentialAction":[{"@type":"SearchAction","target":{"@type":"EntryPoint","urlTemplate":"https:\/\/urbeamea.ro\/albaiulia\/?s={search_term_string}"},"query-input":{"@type":"PropertyValueSpecification","valueRequired":true,"valueName":"search_term_string"}}],"inLanguage":"ro-RO"},{"@type":"Person","@id":"https:\/\/urbeamea.ro\/albaiulia\/#\/schema\/person\/272ae98052f8ee8980f59848df070247","name":"Redac\u021bia UrbeaMea","image":{"@type":"ImageObject","inLanguage":"ro-RO","@id":"https:\/\/secure.gravatar.com\/avatar\/9ce5a9435071fa1037e8468053ead8e513dbbff59009d3069aadb85506d85a27?s=96&d=mm&r=g","url":"https:\/\/secure.gravatar.com\/avatar\/9ce5a9435071fa1037e8468053ead8e513dbbff59009d3069aadb85506d85a27?s=96&d=mm&r=g","contentUrl":"https:\/\/secure.gravatar.com\/avatar\/9ce5a9435071fa1037e8468053ead8e513dbbff59009d3069aadb85506d85a27?s=96&d=mm&r=g","caption":"Redac\u021bia UrbeaMea"},"description":"contact@urbeamea.ro","sameAs":["https:\/\/www.urbeamea.ro"],"url":"https:\/\/urbeamea.ro\/albaiulia\/author\/redactia-urbeamea\/"}]}},"_links":{"self":[{"href":"https:\/\/urbeamea.ro\/albaiulia\/wp-json\/wp\/v2\/posts\/6352","targetHints":{"allow":["GET"]}}],"collection":[{"href":"https:\/\/urbeamea.ro\/albaiulia\/wp-json\/wp\/v2\/posts"}],"about":[{"href":"https:\/\/urbeamea.ro\/albaiulia\/wp-json\/wp\/v2\/types\/post"}],"author":[{"embeddable":true,"href":"https:\/\/urbeamea.ro\/albaiulia\/wp-json\/wp\/v2\/users\/16"}],"replies":[{"embeddable":true,"href":"https:\/\/urbeamea.ro\/albaiulia\/wp-json\/wp\/v2\/comments?post=6352"}],"version-history":[{"count":0,"href":"https:\/\/urbeamea.ro\/albaiulia\/wp-json\/wp\/v2\/posts\/6352\/revisions"}],"wp:featuredmedia":[{"embeddable":true,"href":"https:\/\/urbeamea.ro\/albaiulia\/wp-json\/wp\/v2\/media\/6368"}],"wp:attachment":[{"href":"https:\/\/urbeamea.ro\/albaiulia\/wp-json\/wp\/v2\/media?parent=6352"}],"wp:term":[{"taxonomy":"category","embeddable":true,"href":"https:\/\/urbeamea.ro\/albaiulia\/wp-json\/wp\/v2\/categories?post=6352"},{"taxonomy":"post_tag","embeddable":true,"href":"https:\/\/urbeamea.ro\/albaiulia\/wp-json\/wp\/v2\/tags?post=6352"}],"curies":[{"name":"wp","href":"https:\/\/api.w.org\/{rel}","templated":true}]}}