{"id":6354,"date":"2015-07-21T14:54:11","date_gmt":"2015-07-21T11:54:11","guid":{"rendered":"http:\/\/urbeamea.ro\/albaiulia\/?p=6354"},"modified":"2015-07-21T14:54:17","modified_gmt":"2015-07-21T11:54:17","slug":"vino-sambata-si-duminica-sa-vaslesti-alaturi-de-ivan-patzaichin-afla-programul","status":"publish","type":"post","link":"https:\/\/urbeamea.ro\/albaiulia\/vino-sambata-si-duminica-sa-vaslesti-alaturi-de-ivan-patzaichin-afla-programul\/","title":{"rendered":"Vino s\u00e2mb\u0103t\u0103 \u0219i duminic\u0103 s\u0103 v\u00e2sle\u015fti al\u0103turi de Ivan Patzaichin. Afl\u0103 programul!"},"content":{"rendered":"<p><a href=\"http:\/\/urbeamea.ro\/albaiulia\/wp-content\/uploads\/2015\/07\/vaslestiPatzaichin.jpg\"><img loading=\"lazy\" decoding=\"async\" class=\"alignleft size-medium wp-image-6356\" src=\"http:\/\/urbeamea.ro\/albaiulia\/wp-content\/uploads\/2015\/07\/vaslestiPatzaichin-300x200.jpg\" alt=\"vaslestiPatzaichin\" width=\"300\" height=\"200\" \/><\/a>Ivan Patzaichin caut\u0103 noi campioni la v\u00e2slit, pe 25 \u0219i 26 iulie, \u00een zona Podului peste Mure\u0219 (Cartierul Parto\u0219, ie\u0219irea spre Sebe\u0219).\u00a0Descoper\u0103 Rowmania &#8211; competi\u0163ia de v\u00e2slit \u00een canotci de 10+1, ajunge pentru al treilea an consecutiv la Alba Iulia. Anul acesta se desf\u0103\u0219oar\u0103 \u00eentr-un format inedit, sub forma unui Festival, pe durata a dou\u0103 zile \u0219i include competi\u021bia clasic\u0103 de v\u00e2slit \u00een canotci de 10+1, probe de fun rowing, demonstra\u021bii de v\u00e2slit, spectacol de reconstituire istoric\u0103 cu daci \u0219i romani, tor\u021be, foc de tab\u0103r\u0103, demonstra\u021bie de g\u0103tit la ceaun f\u0103cut\u0103 de c\u0103tre daci \u0219i romani, degustare, premiere etc.<\/p>\n<p><a href=\"http:\/\/urbeamea.ro\/albaiulia\/wp-content\/uploads\/2015\/06\/Rowmania.jpg\"><img loading=\"lazy\" decoding=\"async\" class=\" size-medium wp-image-5779 alignright\" src=\"http:\/\/urbeamea.ro\/albaiulia\/wp-content\/uploads\/2015\/06\/Rowmania-300x162.jpg\" alt=\"Rowmania\" width=\"300\" height=\"162\" srcset=\"https:\/\/urbeamea.ro\/albaiulia\/wp-content\/uploads\/2015\/06\/Rowmania-300x162.jpg 300w, https:\/\/urbeamea.ro\/albaiulia\/wp-content\/uploads\/2015\/06\/Rowmania-150x81.jpg 150w, https:\/\/urbeamea.ro\/albaiulia\/wp-content\/uploads\/2015\/06\/Rowmania-1024x553.jpg 1024w, https:\/\/urbeamea.ro\/albaiulia\/wp-content\/uploads\/2015\/06\/Rowmania.jpg 1280w\" sizes=\"auto, (max-width: 300px) 100vw, 300px\" \/><\/a>&#8222;<strong>Rowmania este proiectul prin care vreau s\u0103 promovez barca cu v\u00e2sle, o noua biciclet\u0103 a apelor, cu care s\u0103 te plimbi ori de c\u00e2te ori vrei s\u0103 te relaxezi, \u00een weekend sau \u00een vacan\u0163\u0103, \u00een preajma ora\u015felor sau pe traseele s\u0103lbatice din Delta Dun\u0103rii \u015fi \u00een rezerva\u0163iile naturale. Pentru c\u0103 v\u00e2slitul este simplu, pl\u0103cut, nu afecteaz\u0103 natura \u015fi este la \u00eendem\u00e2na oricui. Rom\u00e2nia are ape de a c\u0103ror s\u0103lb\u0103ticie \u015fi frumuse\u0163e te po\u0163i bucura oric\u00e2nd, a\u015f\u0103 c\u0103 te a\u015ftept al\u0103turi de mine \u00een Rowmania, o campanie pentru promovarea ecoturismului.<\/strong>&#8222;, spune Ivan Patzaichin.<\/p>\n<p><a href=\"http:\/\/urbeamea.ro\/albaiulia\/wp-content\/uploads\/2015\/07\/rowmania.jpg\"><img loading=\"lazy\" decoding=\"async\" class=\"alignleft size-medium wp-image-6283\" src=\"http:\/\/urbeamea.ro\/albaiulia\/wp-content\/uploads\/2015\/07\/rowmania-300x201.jpg\" alt=\"rowmania\" width=\"300\" height=\"201\" \/><\/a>Indiferent de v\u00e2rst\u0103, constitu\u0163ie sportiv\u0103 \u015fi experien\u0163\u0103, al\u0103tur\u0103-te campaniei noastre \u0219i formeaz\u0103 ech<span class=\"text_exposed_show\">ipajul de 11 campioni pentru concursul de v\u00e2slit vitez\u0103, \u00een canotci de 10+1 locuri.<\/span><\/p>\n<p>Dac\u0103 ve\u0163i da curs invita\u0163iei noastre, v\u0103 rug\u0103m s\u0103 ne transmite\u0163i confirmarea de participare p\u00e2n\u0103 pe 24 iulie, la adresa de e-mail office@rowmania.ro. \u00censcrierile se pot face \u0219i la fa\u021ba locului, \u00een ziua concursului. Accesul este gratuit.<\/p>\n<p>C\u00e2\u015ftig\u0103torii de la Alba vor intra \u00een finala na\u021bional\u0103 Descoper\u0103 Rowmania, care se va desf\u0103\u015fura \u00een cadrul Festivalului Rowmania, pe 30 august, la Tulcea.<\/p>\n<p><em>Program:<\/em><\/p>\n<p><span class=\"text_exposed_show\"><strong>S\u00e2mb\u0103t\u0103, 25 iulie \u2013 zona Podului peste Mure\u0219<\/strong><\/span><\/p>\n<p>16:00 &#8211; 17:00 \u00censcrierea participan\u021bilor (echipe)<br \/>\n16:30 &#8211; 18:00 Demonstra\u021bie de v\u00e2slit efectuat\u0103 de Ivan Patzaichin \u0219i sesiuni de antrenament<br \/>\n18:00 \u2013 18:30 Stabilirea ordinii de intrare \u00een concurs \u0219i \u0219edin\u021ba tehnic\u0103 (instructaj)<br \/>\n18:30 &#8211; 20:30 Desf\u0103\u0219urarea concursului de canotc\u0103 10+1 (pe serii)<br \/>\n21:00 \u2013 23:00 Spectacol de reenactment istoric cu daci \u0219i romani, tor\u021be, foc de tab\u0103r\u0103 (lupt\u0103 cu daci \u0219i romani, atac al romanilor de pe podul peste Mure\u0219)<\/p>\n<p><strong>Duminic\u0103, 26 iulie<\/strong><\/p>\n<p><span class=\"text_exposed_show\">09:00 &#8211; 10:00 Sesiuni de antrenamente (echipe)<br \/>\n09:00 &#8211; 10:00 \u00censcrieri la concursul de FUN Rowing (probe distractive de v\u00e2slit \u00een echip\u0103)<br \/>\n10:00 &#8211; 11:00 Desf\u0103\u0219urarea concursului de canotc\u0103 10+1, tragere la sor\u021bi (semifinale, finala)<br \/>\n11:00 &#8211; 12:00 Desf\u0103\u0219urarea concursului de FUN Rowing (pe probe)<br \/>\n12:30 &#8211; 13:00 Festivitatea de premiere a concursului de canotc\u0103 10+1 \u0219i a concursurilor de FUN rowing<br \/>\n13:00 &#8211; 15:00 Demonstra\u021bie de g\u0103tit la ceaun f\u0103cut\u0103 de c\u0103tre daci \u0219i romani, degustare<br \/>\n<\/span><\/p>\n<p>&#8222;<strong>Rowmania este prima mi\u015fcare de descoperire \u015fi promovare a traseelor pe apele din Rom\u00e2nia, lansat\u0103 de Asocia\u0163ia &#8222;Ivan Patzaichin &#8211; Mila 23&#8221; . Este, de asemenea, proiectul meu de antreprenoriat social \u015fi un brand dedicat, sub care se vor realiza proiecte pentru \u00eencurajarea turismului ecologic \u015fi a agrementului cu ambarca\u0163iuni cu v\u00e2sle. Este deschis\u0103 pentru iubitorii apelor \u015fi ai mi\u015fc\u0103rii \u00een aer liber, pentru c\u0103ut\u0103torii de aventur\u0103 \u015fi pentru cei care iubesc \u015fi protejeaz\u0103 natura. Te invit al\u0103turi de mine \u015fi echipa mea \u00een Rowmania s\u0103 explor\u0103m cu \u00een\u0163elepciune apele, s\u0103 punem \u00eempreun\u0103 pe hart\u0103 toate traseele din \u0163ar\u0103 pe care po\u0163i pluti cu o barc\u0103 \u015fi s\u0103 \u00eencuraj\u0103m dezvoltarea me\u015fte\u015fugurilor, a tradi\u0163iilor \u015fi a vie\u0163ii sociale din zonele naturale protejate<\/strong>. &#8222;, a mai declarat Ivan Patzaichin.<\/p>\n<p><span class=\"text_exposed_show\">Descoper\u0103 Rowmania \u2013 Rom\u00e2nia natural\u0103 v\u0103zut\u0103 din barc\u0103 este o campanie na\u021bional\u0103 de promovare a patrimoniului na\u021bional \u0219i urm\u0103re\u0219te descoperirea Rom\u00e2niei naturale, prin promovarea mi\u0219c\u0103rii \u00een aer liber. Obiectivul acestei campanii este s\u0103 reapropie oamenii de natur\u0103 \u0219i s\u0103-i reconecteze la aceasta, av\u00e2nd ca instrument canotca \u0219i ca activitate v\u00e2slitul.<\/span><\/p>\n<p>Descoper\u0103 Rowmania Alba Iulia este un eveniment organizat de Asocia\u021bia \u201eIvan Patzaichin \u2013 Mila 23\u201d \u00eempreun\u0103 cu <a href=\"https:\/\/www.facebook.com\/pages\/Primaria-Municipiului-Alba-Iulia\/393790177338007\" data-hovercard=\"\/ajax\/hovercard\/page.php?id=393790177338007&amp;extragetparams=%7B%22directed_target_id%22%3A0%7D\">Primaria Municipiului Alba Iulia<\/a>.<\/p>\n<p>Cu sprijinul: Club Sportiv Unlimited, <a href=\"https:\/\/www.facebook.com\/AQUA.Carpatica\" data-hovercard=\"\/ajax\/hovercard\/page.php?id=131013640276545&amp;extragetparams=%7B%22directed_target_id%22%3A0%7D\">AQUA Carpatica<\/a>, <a href=\"https:\/\/www.facebook.com\/rowater.ro\" data-hovercard=\"\/ajax\/hovercard\/page.php?id=150702404991455&amp;extragetparams=%7B%22directed_target_id%22%3A0%7D\">Apele Romane<\/a>, <a href=\"https:\/\/www.facebook.com\/pages\/Apa-Nova-Bucuresti\/187862091301013\" data-hovercard=\"\/ajax\/hovercard\/page.php?id=187862091301013&amp;extragetparams=%7B%22directed_target_id%22%3A0%7D\">Apa Nova Bucuresti<\/a> \u015fi <a href=\"https:\/\/www.facebook.com\/RadioRomania\" data-hovercard=\"\/ajax\/hovercard\/page.php?id=438653199566089&amp;extragetparams=%7B%22directed_target_id%22%3A0%7D\">Radio Romania<\/a>.<\/p>\n","protected":false},"excerpt":{"rendered":"<p>Ivan Patzaichin caut\u0103 noi campioni la v\u00e2slit, pe 25 \u0219i 26 iulie, \u00een zona Podului peste Mure\u0219 (Cartierul Parto\u0219, ie\u0219irea spre Sebe\u0219).\u00a0Descoper\u0103 Rowmania &#8211; competi\u0163ia de v\u00e2slit \u00een canotci de 10+1, ajunge pentru al treilea an consecutiv la Alba Iulia. Anul acesta se desf\u0103\u0219oar\u0103 \u00eentr-un format inedit, sub forma unui Festival, pe durata a dou\u0103 &hellip;<\/p>\n","protected":false},"author":16,"featured_media":6356,"comment_status":"open","ping_status":"open","sticky":false,"template":"","format":"standard","meta":{"inline_featured_image":false,"footnotes":""},"categories":[4],"tags":[],"class_list":["post-6354","post","type-post","status-publish","format-standard","has-post-thumbnail","hentry","category-eveniment"],"yoast_head":"<!-- This site is optimized with the Yoast SEO plugin v27.4 - https:\/\/yoast.com\/product\/yoast-seo-wordpress\/ -->\n<title>Vino s\u00e2mb\u0103t\u0103 \u0219i duminic\u0103 s\u0103 v\u00e2sle\u015fti al\u0103turi de Ivan Patzaichin. Afl\u0103 programul! - Revista Urbea Mea - Revista de Alba<\/title>\n<meta name=\"description\" content=\"Ivan Patzaichin caut\u0103 noi campioni la v\u00e2slit, pe 25 \u0219i 26 iulie, \u00een zona Podului peste Mure\u0219 (Cartierul Parto\u0219, ie\u0219irea spre Sebe\u0219).\u00a0Descoper\u0103 Rowmania -\" \/>\n<meta name=\"robots\" content=\"index, follow, max-snippet:-1, max-image-preview:large, max-video-preview:-1\" \/>\n<link rel=\"canonical\" href=\"https:\/\/urbeamea.ro\/albaiulia\/vino-sambata-si-duminica-sa-vaslesti-alaturi-de-ivan-patzaichin-afla-programul\/\" \/>\n<meta name=\"twitter:card\" content=\"summary_large_image\" \/>\n<meta name=\"twitter:title\" content=\"Vino s\u00e2mb\u0103t\u0103 \u0219i duminic\u0103 s\u0103 v\u00e2sle\u015fti al\u0103turi de Ivan Patzaichin. Afl\u0103 programul! - Revista Urbea Mea - Revista de Alba\" \/>\n<meta name=\"twitter:description\" content=\"Ivan Patzaichin caut\u0103 noi campioni la v\u00e2slit, pe 25 \u0219i 26 iulie, \u00een zona Podului peste Mure\u0219 (Cartierul Parto\u0219, ie\u0219irea spre Sebe\u0219).\u00a0Descoper\u0103 Rowmania -\" \/>\n<meta name=\"twitter:image\" content=\"https:\/\/urbeamea.ro\/albaiulia\/wp-content\/uploads\/2015\/07\/vaslestiPatzaichin.jpg\" \/>\n<meta name=\"twitter:creator\" content=\"@urbeameaweb\" \/>\n<meta name=\"twitter:site\" content=\"@urbeameaweb\" \/>\n<script type=\"application\/ld+json\" class=\"yoast-schema-graph\">{\"@context\":\"https:\\\/\\\/schema.org\",\"@graph\":[{\"@type\":\"Article\",\"@id\":\"https:\\\/\\\/urbeamea.ro\\\/albaiulia\\\/vino-sambata-si-duminica-sa-vaslesti-alaturi-de-ivan-patzaichin-afla-programul\\\/#article\",\"isPartOf\":{\"@id\":\"https:\\\/\\\/urbeamea.ro\\\/albaiulia\\\/vino-sambata-si-duminica-sa-vaslesti-alaturi-de-ivan-patzaichin-afla-programul\\\/\"},\"author\":{\"name\":\"Redac\u021bia UrbeaMea\",\"@id\":\"https:\\\/\\\/urbeamea.ro\\\/albaiulia\\\/#\\\/schema\\\/person\\\/272ae98052f8ee8980f59848df070247\"},\"headline\":\"Vino s\u00e2mb\u0103t\u0103 \u0219i duminic\u0103 s\u0103 v\u00e2sle\u015fti al\u0103turi de Ivan Patzaichin. Afl\u0103 programul!\",\"datePublished\":\"2015-07-21T11:54:11+00:00\",\"dateModified\":\"2015-07-21T11:54:17+00:00\",\"mainEntityOfPage\":{\"@id\":\"https:\\\/\\\/urbeamea.ro\\\/albaiulia\\\/vino-sambata-si-duminica-sa-vaslesti-alaturi-de-ivan-patzaichin-afla-programul\\\/\"},\"wordCount\":723,\"commentCount\":0,\"image\":{\"@id\":\"https:\\\/\\\/urbeamea.ro\\\/albaiulia\\\/vino-sambata-si-duminica-sa-vaslesti-alaturi-de-ivan-patzaichin-afla-programul\\\/#primaryimage\"},\"thumbnailUrl\":\"https:\\\/\\\/urbeamea.ro\\\/albaiulia\\\/wp-content\\\/uploads\\\/2015\\\/07\\\/vaslestiPatzaichin.jpg\",\"articleSection\":[\"Evenimente\"],\"inLanguage\":\"ro-RO\",\"potentialAction\":[{\"@type\":\"CommentAction\",\"name\":\"Comment\",\"target\":[\"https:\\\/\\\/urbeamea.ro\\\/albaiulia\\\/vino-sambata-si-duminica-sa-vaslesti-alaturi-de-ivan-patzaichin-afla-programul\\\/#respond\"]}]},{\"@type\":\"WebPage\",\"@id\":\"https:\\\/\\\/urbeamea.ro\\\/albaiulia\\\/vino-sambata-si-duminica-sa-vaslesti-alaturi-de-ivan-patzaichin-afla-programul\\\/\",\"url\":\"https:\\\/\\\/urbeamea.ro\\\/albaiulia\\\/vino-sambata-si-duminica-sa-vaslesti-alaturi-de-ivan-patzaichin-afla-programul\\\/\",\"name\":\"Vino s\u00e2mb\u0103t\u0103 \u0219i duminic\u0103 s\u0103 v\u00e2sle\u015fti al\u0103turi de Ivan Patzaichin. Afl\u0103 programul! - Revista Urbea Mea - Revista de Alba\",\"isPartOf\":{\"@id\":\"https:\\\/\\\/urbeamea.ro\\\/albaiulia\\\/#website\"},\"primaryImageOfPage\":{\"@id\":\"https:\\\/\\\/urbeamea.ro\\\/albaiulia\\\/vino-sambata-si-duminica-sa-vaslesti-alaturi-de-ivan-patzaichin-afla-programul\\\/#primaryimage\"},\"image\":{\"@id\":\"https:\\\/\\\/urbeamea.ro\\\/albaiulia\\\/vino-sambata-si-duminica-sa-vaslesti-alaturi-de-ivan-patzaichin-afla-programul\\\/#primaryimage\"},\"thumbnailUrl\":\"https:\\\/\\\/urbeamea.ro\\\/albaiulia\\\/wp-content\\\/uploads\\\/2015\\\/07\\\/vaslestiPatzaichin.jpg\",\"datePublished\":\"2015-07-21T11:54:11+00:00\",\"dateModified\":\"2015-07-21T11:54:17+00:00\",\"author\":{\"@id\":\"https:\\\/\\\/urbeamea.ro\\\/albaiulia\\\/#\\\/schema\\\/person\\\/272ae98052f8ee8980f59848df070247\"},\"description\":\"Ivan Patzaichin caut\u0103 noi campioni la v\u00e2slit, pe 25 \u0219i 26 iulie, \u00een zona Podului peste Mure\u0219 (Cartierul Parto\u0219, ie\u0219irea spre Sebe\u0219).\u00a0Descoper\u0103 Rowmania -\",\"breadcrumb\":{\"@id\":\"https:\\\/\\\/urbeamea.ro\\\/albaiulia\\\/vino-sambata-si-duminica-sa-vaslesti-alaturi-de-ivan-patzaichin-afla-programul\\\/#breadcrumb\"},\"inLanguage\":\"ro-RO\",\"potentialAction\":[{\"@type\":\"ReadAction\",\"target\":[\"https:\\\/\\\/urbeamea.ro\\\/albaiulia\\\/vino-sambata-si-duminica-sa-vaslesti-alaturi-de-ivan-patzaichin-afla-programul\\\/\"]}]},{\"@type\":\"ImageObject\",\"inLanguage\":\"ro-RO\",\"@id\":\"https:\\\/\\\/urbeamea.ro\\\/albaiulia\\\/vino-sambata-si-duminica-sa-vaslesti-alaturi-de-ivan-patzaichin-afla-programul\\\/#primaryimage\",\"url\":\"https:\\\/\\\/urbeamea.ro\\\/albaiulia\\\/wp-content\\\/uploads\\\/2015\\\/07\\\/vaslestiPatzaichin.jpg\",\"contentUrl\":\"https:\\\/\\\/urbeamea.ro\\\/albaiulia\\\/wp-content\\\/uploads\\\/2015\\\/07\\\/vaslestiPatzaichin.jpg\",\"width\":960,\"height\":639},{\"@type\":\"BreadcrumbList\",\"@id\":\"https:\\\/\\\/urbeamea.ro\\\/albaiulia\\\/vino-sambata-si-duminica-sa-vaslesti-alaturi-de-ivan-patzaichin-afla-programul\\\/#breadcrumb\",\"itemListElement\":[{\"@type\":\"ListItem\",\"position\":1,\"name\":\"Prima pagin\u0103\",\"item\":\"https:\\\/\\\/urbeamea.ro\\\/albaiulia\\\/\"},{\"@type\":\"ListItem\",\"position\":2,\"name\":\"Vino s\u00e2mb\u0103t\u0103 \u0219i duminic\u0103 s\u0103 v\u00e2sle\u015fti al\u0103turi de Ivan Patzaichin. Afl\u0103 programul!\"}]},{\"@type\":\"WebSite\",\"@id\":\"https:\\\/\\\/urbeamea.ro\\\/albaiulia\\\/#website\",\"url\":\"https:\\\/\\\/urbeamea.ro\\\/albaiulia\\\/\",\"name\":\"Revista Urbea Mea, Stiri urbane\",\"description\":\"Evenimente \u0219i \u0219tiri din Alba Iulia, Sebe\u0219, Aiud, Blaj\",\"potentialAction\":[{\"@type\":\"SearchAction\",\"target\":{\"@type\":\"EntryPoint\",\"urlTemplate\":\"https:\\\/\\\/urbeamea.ro\\\/albaiulia\\\/?s={search_term_string}\"},\"query-input\":{\"@type\":\"PropertyValueSpecification\",\"valueRequired\":true,\"valueName\":\"search_term_string\"}}],\"inLanguage\":\"ro-RO\"},{\"@type\":\"Person\",\"@id\":\"https:\\\/\\\/urbeamea.ro\\\/albaiulia\\\/#\\\/schema\\\/person\\\/272ae98052f8ee8980f59848df070247\",\"name\":\"Redac\u021bia UrbeaMea\",\"image\":{\"@type\":\"ImageObject\",\"inLanguage\":\"ro-RO\",\"@id\":\"https:\\\/\\\/secure.gravatar.com\\\/avatar\\\/9ce5a9435071fa1037e8468053ead8e513dbbff59009d3069aadb85506d85a27?s=96&d=mm&r=g\",\"url\":\"https:\\\/\\\/secure.gravatar.com\\\/avatar\\\/9ce5a9435071fa1037e8468053ead8e513dbbff59009d3069aadb85506d85a27?s=96&d=mm&r=g\",\"contentUrl\":\"https:\\\/\\\/secure.gravatar.com\\\/avatar\\\/9ce5a9435071fa1037e8468053ead8e513dbbff59009d3069aadb85506d85a27?s=96&d=mm&r=g\",\"caption\":\"Redac\u021bia UrbeaMea\"},\"description\":\"contact@urbeamea.ro\",\"sameAs\":[\"https:\\\/\\\/www.urbeamea.ro\"],\"url\":\"https:\\\/\\\/urbeamea.ro\\\/albaiulia\\\/author\\\/redactia-urbeamea\\\/\"}]}<\/script>\n<!-- \/ Yoast SEO plugin. -->","yoast_head_json":{"title":"Vino s\u00e2mb\u0103t\u0103 \u0219i duminic\u0103 s\u0103 v\u00e2sle\u015fti al\u0103turi de Ivan Patzaichin. Afl\u0103 programul! - Revista Urbea Mea - Revista de Alba","description":"Ivan Patzaichin caut\u0103 noi campioni la v\u00e2slit, pe 25 \u0219i 26 iulie, \u00een zona Podului peste Mure\u0219 (Cartierul Parto\u0219, ie\u0219irea spre Sebe\u0219).\u00a0Descoper\u0103 Rowmania -","robots":{"index":"index","follow":"follow","max-snippet":"max-snippet:-1","max-image-preview":"max-image-preview:large","max-video-preview":"max-video-preview:-1"},"canonical":"https:\/\/urbeamea.ro\/albaiulia\/vino-sambata-si-duminica-sa-vaslesti-alaturi-de-ivan-patzaichin-afla-programul\/","twitter_card":"summary_large_image","twitter_title":"Vino s\u00e2mb\u0103t\u0103 \u0219i duminic\u0103 s\u0103 v\u00e2sle\u015fti al\u0103turi de Ivan Patzaichin. Afl\u0103 programul! - Revista Urbea Mea - Revista de Alba","twitter_description":"Ivan Patzaichin caut\u0103 noi campioni la v\u00e2slit, pe 25 \u0219i 26 iulie, \u00een zona Podului peste Mure\u0219 (Cartierul Parto\u0219, ie\u0219irea spre Sebe\u0219).\u00a0Descoper\u0103 Rowmania -","twitter_image":"https:\/\/urbeamea.ro\/albaiulia\/wp-content\/uploads\/2015\/07\/vaslestiPatzaichin.jpg","twitter_creator":"@urbeameaweb","twitter_site":"@urbeameaweb","schema":{"@context":"https:\/\/schema.org","@graph":[{"@type":"Article","@id":"https:\/\/urbeamea.ro\/albaiulia\/vino-sambata-si-duminica-sa-vaslesti-alaturi-de-ivan-patzaichin-afla-programul\/#article","isPartOf":{"@id":"https:\/\/urbeamea.ro\/albaiulia\/vino-sambata-si-duminica-sa-vaslesti-alaturi-de-ivan-patzaichin-afla-programul\/"},"author":{"name":"Redac\u021bia UrbeaMea","@id":"https:\/\/urbeamea.ro\/albaiulia\/#\/schema\/person\/272ae98052f8ee8980f59848df070247"},"headline":"Vino s\u00e2mb\u0103t\u0103 \u0219i duminic\u0103 s\u0103 v\u00e2sle\u015fti al\u0103turi de Ivan Patzaichin. Afl\u0103 programul!","datePublished":"2015-07-21T11:54:11+00:00","dateModified":"2015-07-21T11:54:17+00:00","mainEntityOfPage":{"@id":"https:\/\/urbeamea.ro\/albaiulia\/vino-sambata-si-duminica-sa-vaslesti-alaturi-de-ivan-patzaichin-afla-programul\/"},"wordCount":723,"commentCount":0,"image":{"@id":"https:\/\/urbeamea.ro\/albaiulia\/vino-sambata-si-duminica-sa-vaslesti-alaturi-de-ivan-patzaichin-afla-programul\/#primaryimage"},"thumbnailUrl":"https:\/\/urbeamea.ro\/albaiulia\/wp-content\/uploads\/2015\/07\/vaslestiPatzaichin.jpg","articleSection":["Evenimente"],"inLanguage":"ro-RO","potentialAction":[{"@type":"CommentAction","name":"Comment","target":["https:\/\/urbeamea.ro\/albaiulia\/vino-sambata-si-duminica-sa-vaslesti-alaturi-de-ivan-patzaichin-afla-programul\/#respond"]}]},{"@type":"WebPage","@id":"https:\/\/urbeamea.ro\/albaiulia\/vino-sambata-si-duminica-sa-vaslesti-alaturi-de-ivan-patzaichin-afla-programul\/","url":"https:\/\/urbeamea.ro\/albaiulia\/vino-sambata-si-duminica-sa-vaslesti-alaturi-de-ivan-patzaichin-afla-programul\/","name":"Vino s\u00e2mb\u0103t\u0103 \u0219i duminic\u0103 s\u0103 v\u00e2sle\u015fti al\u0103turi de Ivan Patzaichin. Afl\u0103 programul! - Revista Urbea Mea - Revista de Alba","isPartOf":{"@id":"https:\/\/urbeamea.ro\/albaiulia\/#website"},"primaryImageOfPage":{"@id":"https:\/\/urbeamea.ro\/albaiulia\/vino-sambata-si-duminica-sa-vaslesti-alaturi-de-ivan-patzaichin-afla-programul\/#primaryimage"},"image":{"@id":"https:\/\/urbeamea.ro\/albaiulia\/vino-sambata-si-duminica-sa-vaslesti-alaturi-de-ivan-patzaichin-afla-programul\/#primaryimage"},"thumbnailUrl":"https:\/\/urbeamea.ro\/albaiulia\/wp-content\/uploads\/2015\/07\/vaslestiPatzaichin.jpg","datePublished":"2015-07-21T11:54:11+00:00","dateModified":"2015-07-21T11:54:17+00:00","author":{"@id":"https:\/\/urbeamea.ro\/albaiulia\/#\/schema\/person\/272ae98052f8ee8980f59848df070247"},"description":"Ivan Patzaichin caut\u0103 noi campioni la v\u00e2slit, pe 25 \u0219i 26 iulie, \u00een zona Podului peste Mure\u0219 (Cartierul Parto\u0219, ie\u0219irea spre Sebe\u0219).\u00a0Descoper\u0103 Rowmania -","breadcrumb":{"@id":"https:\/\/urbeamea.ro\/albaiulia\/vino-sambata-si-duminica-sa-vaslesti-alaturi-de-ivan-patzaichin-afla-programul\/#breadcrumb"},"inLanguage":"ro-RO","potentialAction":[{"@type":"ReadAction","target":["https:\/\/urbeamea.ro\/albaiulia\/vino-sambata-si-duminica-sa-vaslesti-alaturi-de-ivan-patzaichin-afla-programul\/"]}]},{"@type":"ImageObject","inLanguage":"ro-RO","@id":"https:\/\/urbeamea.ro\/albaiulia\/vino-sambata-si-duminica-sa-vaslesti-alaturi-de-ivan-patzaichin-afla-programul\/#primaryimage","url":"https:\/\/urbeamea.ro\/albaiulia\/wp-content\/uploads\/2015\/07\/vaslestiPatzaichin.jpg","contentUrl":"https:\/\/urbeamea.ro\/albaiulia\/wp-content\/uploads\/2015\/07\/vaslestiPatzaichin.jpg","width":960,"height":639},{"@type":"BreadcrumbList","@id":"https:\/\/urbeamea.ro\/albaiulia\/vino-sambata-si-duminica-sa-vaslesti-alaturi-de-ivan-patzaichin-afla-programul\/#breadcrumb","itemListElement":[{"@type":"ListItem","position":1,"name":"Prima pagin\u0103","item":"https:\/\/urbeamea.ro\/albaiulia\/"},{"@type":"ListItem","position":2,"name":"Vino s\u00e2mb\u0103t\u0103 \u0219i duminic\u0103 s\u0103 v\u00e2sle\u015fti al\u0103turi de Ivan Patzaichin. Afl\u0103 programul!"}]},{"@type":"WebSite","@id":"https:\/\/urbeamea.ro\/albaiulia\/#website","url":"https:\/\/urbeamea.ro\/albaiulia\/","name":"Revista Urbea Mea, Stiri urbane","description":"Evenimente \u0219i \u0219tiri din Alba Iulia, Sebe\u0219, Aiud, Blaj","potentialAction":[{"@type":"SearchAction","target":{"@type":"EntryPoint","urlTemplate":"https:\/\/urbeamea.ro\/albaiulia\/?s={search_term_string}"},"query-input":{"@type":"PropertyValueSpecification","valueRequired":true,"valueName":"search_term_string"}}],"inLanguage":"ro-RO"},{"@type":"Person","@id":"https:\/\/urbeamea.ro\/albaiulia\/#\/schema\/person\/272ae98052f8ee8980f59848df070247","name":"Redac\u021bia UrbeaMea","image":{"@type":"ImageObject","inLanguage":"ro-RO","@id":"https:\/\/secure.gravatar.com\/avatar\/9ce5a9435071fa1037e8468053ead8e513dbbff59009d3069aadb85506d85a27?s=96&d=mm&r=g","url":"https:\/\/secure.gravatar.com\/avatar\/9ce5a9435071fa1037e8468053ead8e513dbbff59009d3069aadb85506d85a27?s=96&d=mm&r=g","contentUrl":"https:\/\/secure.gravatar.com\/avatar\/9ce5a9435071fa1037e8468053ead8e513dbbff59009d3069aadb85506d85a27?s=96&d=mm&r=g","caption":"Redac\u021bia UrbeaMea"},"description":"contact@urbeamea.ro","sameAs":["https:\/\/www.urbeamea.ro"],"url":"https:\/\/urbeamea.ro\/albaiulia\/author\/redactia-urbeamea\/"}]}},"_links":{"self":[{"href":"https:\/\/urbeamea.ro\/albaiulia\/wp-json\/wp\/v2\/posts\/6354","targetHints":{"allow":["GET"]}}],"collection":[{"href":"https:\/\/urbeamea.ro\/albaiulia\/wp-json\/wp\/v2\/posts"}],"about":[{"href":"https:\/\/urbeamea.ro\/albaiulia\/wp-json\/wp\/v2\/types\/post"}],"author":[{"embeddable":true,"href":"https:\/\/urbeamea.ro\/albaiulia\/wp-json\/wp\/v2\/users\/16"}],"replies":[{"embeddable":true,"href":"https:\/\/urbeamea.ro\/albaiulia\/wp-json\/wp\/v2\/comments?post=6354"}],"version-history":[{"count":0,"href":"https:\/\/urbeamea.ro\/albaiulia\/wp-json\/wp\/v2\/posts\/6354\/revisions"}],"wp:featuredmedia":[{"embeddable":true,"href":"https:\/\/urbeamea.ro\/albaiulia\/wp-json\/wp\/v2\/media\/6356"}],"wp:attachment":[{"href":"https:\/\/urbeamea.ro\/albaiulia\/wp-json\/wp\/v2\/media?parent=6354"}],"wp:term":[{"taxonomy":"category","embeddable":true,"href":"https:\/\/urbeamea.ro\/albaiulia\/wp-json\/wp\/v2\/categories?post=6354"},{"taxonomy":"post_tag","embeddable":true,"href":"https:\/\/urbeamea.ro\/albaiulia\/wp-json\/wp\/v2\/tags?post=6354"}],"curies":[{"name":"wp","href":"https:\/\/api.w.org\/{rel}","templated":true}]}}