{"id":6382,"date":"2015-07-21T14:53:01","date_gmt":"2015-07-21T11:53:01","guid":{"rendered":"http:\/\/urbeamea.ro\/albaiulia\/?p=6382"},"modified":"2016-01-18T22:23:43","modified_gmt":"2016-01-18T20:23:43","slug":"vineri-o-calatorie-muzicala-in-europa-baroca-cu-orchestra-augustin-bena-alba","status":"publish","type":"post","link":"https:\/\/urbeamea.ro\/albaiulia\/vineri-o-calatorie-muzicala-in-europa-baroca-cu-orchestra-augustin-bena-alba\/","title":{"rendered":"Vineri: O c\u0103l\u0103torie muzical\u0103 \u00een Europa Baroc\u0103 cu Orchestra Augustin Bena Alba"},"content":{"rendered":"<p><a href=\"http:\/\/urbeamea.ro\/albaiulia\/wp-content\/uploads\/2015\/07\/calatorie-muzicala.png\"><img loading=\"lazy\" decoding=\"async\" class=\"alignleft size-medium wp-image-6383\" src=\"http:\/\/urbeamea.ro\/albaiulia\/wp-content\/uploads\/2015\/07\/calatorie-muzicala-212x300.png\" alt=\"calatorie muzicala\" width=\"212\" height=\"300\" \/><\/a><\/p>\n<p>O c\u0103l\u0103torie muzical\u0103 \u00een Europa Baroc\u0103 este titlul sub care va avea loc concertul lunii iulie al Orchestrei de camer\u0103 Augustin Bena Alba. Evenimentul este organizat de Consiliul Jude\u0163ean Alba \u015fi Centrul de Cultur\u0103 Augustin Bena Alba \u015fi are loc \u00een data de 24 iulie \u00eencep\u00e2nd cu orele 19. Evenimentul va fi gazduit de partenerul nostru Casa de Cultur\u0103 a Studen\u0163ilor din Alba Iulia.<\/p>\n<p>Concertul aduce pe scen\u0103 lucr\u0103ri importante ale unor muzicieni celebri cum ar fi : J. S. Bach, A. Vivaldi, F. Handel, G. Tartini, U. W. Wassenaer, S. Duchene.\u00a0Invita\u0163ii speciali ai evenimentului sunt dirijorul Radu Popa \u015fi soli\u015ftii instrumenti\u015fti Ioan P\u0103una \u015fi Dan liviu Cernat.<\/p>\n<p>Evenimentul a fost g\u00e2ndit de organizatori ca o c\u0103l\u0103torie muzical\u0103 prin Europa perioadei baroce.\u00a0Acest concept este unul \u00een premier\u0103 na\u0163ional\u0103 ce se vrea a fi un experiment inedit \u015fi pentru iubitorii muzicii din jude\u0163ul Alba.<\/p>\n<p>Orchestra de camer\u0103 Augustin Bena Alba func\u0163ioneaz\u0103 \u00een cadrul Centrului de Cultur\u0103 Augustin Bena Alba \u015fi a luat fiin\u0163\u0103 \u00een anul 2013.<\/p>\n<p>Debutul scenic a avut loc \u00een octombrie 2013 \u00een cadrul proiectului ,,Zilele Augustin Bena,, iar de atunci orchestra a repurtat succes dup\u0103 succes av\u00e2nd prilejul s\u0103 colaboreze cu mari muzicieni ai lumii cum ar fi Tadashi Imai, Federico Crisanaz, Daniela Vladescu. \u00cenc\u0103 de la primul concert, orchestra a fost condus\u0103 de dirijorul Dan Liviu Cernat.<\/p>\n<p>Dan Liviu Cernat a absolvit Liceul de arte Regina maria din Alba Iulia fiind unul dintre cei mai merituo\u015fi elevi ai acestei \u015fcoli ob\u0163in\u00e2nd numeroase performan\u0163e notabile la olimpiadele \u015fcolare de profil. Acest lucru a f\u0103cut s\u0103 fie remarcat de baroneasa Emma Nicholson care i-a oferit oportunitatea unei burse de studiu la Academia Regal\u0103 din Londra. Dup\u0103 absolvirea Academiei Regale s-a re\u00eentors \u00een \u0163ar\u0103 \u015fi a \u00eenceput colaborarea cu Centrul de Cultur\u0103 Augustin Bena Alba ca solist instrumentist, urm\u00e2nd \u015fi studii muzicale la Academia Gheorghe Dima din Cluj Napoca. \u00cencep\u00e2nd din 2013 este dirijorul Orchestrei de camer\u0103 Augustin Bena a Centrului de Cultur\u0103 Augustin Bena Alba.<\/p>\n<p>Radu Popa a absolvit studii de dirijat \u015fi compozi\u0163ie la Universitatea Na\u0163ional\u0103 de Muzic\u0103 din Bucure\u015fti \u015fi este dirijor permanent al Orchestrei Filarmonicii ,,Banatul,, din Timi\u015foara. \u015ei-a continuat studiile \u00een Viena \u015fi este invitat s\u0103 dirijeze pe mari scene din lume. Cariera sa muzical\u0103 se desf\u0103\u015foar\u0103 \u00eentre scenele de concert din \u0163ar\u0103 \u015fi turneele din str\u0103in\u0103tate. Nume remarcabile ale scenei lirice se reunesc sub bagheta dirijorului Radu Popa acesta preocup\u00eendu-se de promovarea arti\u015ftilor rom\u00e2ni \u00een lume dar \u015fi de promovarea marilor arti\u015fti ai lumii \u00een Rom\u00e2nia prin asigurarea prezentei lor \u00een Festivalul George Enescu unde este invitata permanent. Critica de specialitate apreciaz\u0103 la superlativ concertele dirijorului Radu popa consider\u00e2ndu-l drept unul dintre cei mai valoro\u015fi \u015fefi de orchestr\u0103 rom\u00e2ni ai momentului.<\/p>\n<p>Ioan P\u0103una este absolvent al Conservatorului ,,Ciprian Porumbescu,, din Bucure\u015fti pe care l-a absolvit \u00een 1975. A activat ca \u015fi concert maestru al Operei Rom\u00e2ne din Timi\u015foara. \u00cen anul 1997 preia func\u0163ia de concert maestru al Operei Na\u0163ionale din Osijek- Croa\u0163ia unde activeaz\u0103 \u015fi \u00een prezent. De-a lungul timpului a fost deseori invitat ca \u015fi solist pe marile scene ale lumii. \u00cen anul 1991 \u00eenfiin\u0163eaz\u0103 prima orchestr\u0103 privat\u0103 din Rom\u00e2nia ,,Opus Mundi,, cu care a colindat \u00een turnee toate meridianele lumii.<\/p>\n","protected":false},"excerpt":{"rendered":"<p>O c\u0103l\u0103torie muzical\u0103 \u00een Europa Baroc\u0103 este titlul sub care va avea loc concertul lunii iulie al Orchestrei de camer\u0103 Augustin Bena Alba. Evenimentul este organizat de Consiliul Jude\u0163ean Alba \u015fi Centrul de Cultur\u0103 Augustin Bena Alba \u015fi are loc \u00een data de 24 iulie \u00eencep\u00e2nd cu orele 19. Evenimentul va fi gazduit de partenerul &hellip;<\/p>\n","protected":false},"author":16,"featured_media":6383,"comment_status":"open","ping_status":"open","sticky":false,"template":"","format":"standard","meta":{"inline_featured_image":false,"footnotes":""},"categories":[4],"tags":[],"class_list":["post-6382","post","type-post","status-publish","format-standard","has-post-thumbnail","hentry","category-eveniment"],"yoast_head":"<!-- This site is optimized with the Yoast SEO plugin v27.4 - https:\/\/yoast.com\/product\/yoast-seo-wordpress\/ -->\n<title>Vineri: O c\u0103l\u0103torie muzical\u0103 \u00een Europa Baroc\u0103 cu Orchestra Augustin Bena Alba - Revista Urbea Mea - Revista de Alba<\/title>\n<meta name=\"description\" content=\"O c\u0103l\u0103torie muzical\u0103 \u00een Europa Baroc\u0103 este titlul sub care va avea loc concertul lunii iulie al Orchestrei de camer\u0103 Augustin Bena Alba. Evenimentul este\" \/>\n<meta name=\"robots\" content=\"index, follow, max-snippet:-1, max-image-preview:large, max-video-preview:-1\" \/>\n<link rel=\"canonical\" href=\"https:\/\/urbeamea.ro\/albaiulia\/vineri-o-calatorie-muzicala-in-europa-baroca-cu-orchestra-augustin-bena-alba\/\" \/>\n<meta name=\"twitter:card\" content=\"summary_large_image\" \/>\n<meta name=\"twitter:title\" content=\"Vineri: O c\u0103l\u0103torie muzical\u0103 \u00een Europa Baroc\u0103 cu Orchestra Augustin Bena Alba - Revista Urbea Mea - Revista de Alba\" \/>\n<meta name=\"twitter:description\" content=\"O c\u0103l\u0103torie muzical\u0103 \u00een Europa Baroc\u0103 este titlul sub care va avea loc concertul lunii iulie al Orchestrei de camer\u0103 Augustin Bena Alba. Evenimentul este\" \/>\n<meta name=\"twitter:image\" content=\"https:\/\/urbeamea.ro\/albaiulia\/wp-content\/uploads\/2015\/07\/calatorie-muzicala.png\" \/>\n<meta name=\"twitter:creator\" content=\"@urbeameaweb\" \/>\n<meta name=\"twitter:site\" content=\"@urbeameaweb\" \/>\n<script type=\"application\/ld+json\" class=\"yoast-schema-graph\">{\"@context\":\"https:\\\/\\\/schema.org\",\"@graph\":[{\"@type\":\"Article\",\"@id\":\"https:\\\/\\\/urbeamea.ro\\\/albaiulia\\\/vineri-o-calatorie-muzicala-in-europa-baroca-cu-orchestra-augustin-bena-alba\\\/#article\",\"isPartOf\":{\"@id\":\"https:\\\/\\\/urbeamea.ro\\\/albaiulia\\\/vineri-o-calatorie-muzicala-in-europa-baroca-cu-orchestra-augustin-bena-alba\\\/\"},\"author\":{\"name\":\"Redac\u021bia UrbeaMea\",\"@id\":\"https:\\\/\\\/urbeamea.ro\\\/albaiulia\\\/#\\\/schema\\\/person\\\/272ae98052f8ee8980f59848df070247\"},\"headline\":\"Vineri: O c\u0103l\u0103torie muzical\u0103 \u00een Europa Baroc\u0103 cu Orchestra Augustin Bena Alba\",\"datePublished\":\"2015-07-21T11:53:01+00:00\",\"dateModified\":\"2016-01-18T20:23:43+00:00\",\"mainEntityOfPage\":{\"@id\":\"https:\\\/\\\/urbeamea.ro\\\/albaiulia\\\/vineri-o-calatorie-muzicala-in-europa-baroca-cu-orchestra-augustin-bena-alba\\\/\"},\"wordCount\":584,\"commentCount\":0,\"image\":{\"@id\":\"https:\\\/\\\/urbeamea.ro\\\/albaiulia\\\/vineri-o-calatorie-muzicala-in-europa-baroca-cu-orchestra-augustin-bena-alba\\\/#primaryimage\"},\"thumbnailUrl\":\"https:\\\/\\\/urbeamea.ro\\\/albaiulia\\\/wp-content\\\/uploads\\\/2015\\\/07\\\/calatorie-muzicala.png\",\"articleSection\":[\"Evenimente\"],\"inLanguage\":\"ro-RO\",\"potentialAction\":[{\"@type\":\"CommentAction\",\"name\":\"Comment\",\"target\":[\"https:\\\/\\\/urbeamea.ro\\\/albaiulia\\\/vineri-o-calatorie-muzicala-in-europa-baroca-cu-orchestra-augustin-bena-alba\\\/#respond\"]}]},{\"@type\":\"WebPage\",\"@id\":\"https:\\\/\\\/urbeamea.ro\\\/albaiulia\\\/vineri-o-calatorie-muzicala-in-europa-baroca-cu-orchestra-augustin-bena-alba\\\/\",\"url\":\"https:\\\/\\\/urbeamea.ro\\\/albaiulia\\\/vineri-o-calatorie-muzicala-in-europa-baroca-cu-orchestra-augustin-bena-alba\\\/\",\"name\":\"Vineri: O c\u0103l\u0103torie muzical\u0103 \u00een Europa Baroc\u0103 cu Orchestra Augustin Bena Alba - Revista Urbea Mea - Revista de Alba\",\"isPartOf\":{\"@id\":\"https:\\\/\\\/urbeamea.ro\\\/albaiulia\\\/#website\"},\"primaryImageOfPage\":{\"@id\":\"https:\\\/\\\/urbeamea.ro\\\/albaiulia\\\/vineri-o-calatorie-muzicala-in-europa-baroca-cu-orchestra-augustin-bena-alba\\\/#primaryimage\"},\"image\":{\"@id\":\"https:\\\/\\\/urbeamea.ro\\\/albaiulia\\\/vineri-o-calatorie-muzicala-in-europa-baroca-cu-orchestra-augustin-bena-alba\\\/#primaryimage\"},\"thumbnailUrl\":\"https:\\\/\\\/urbeamea.ro\\\/albaiulia\\\/wp-content\\\/uploads\\\/2015\\\/07\\\/calatorie-muzicala.png\",\"datePublished\":\"2015-07-21T11:53:01+00:00\",\"dateModified\":\"2016-01-18T20:23:43+00:00\",\"author\":{\"@id\":\"https:\\\/\\\/urbeamea.ro\\\/albaiulia\\\/#\\\/schema\\\/person\\\/272ae98052f8ee8980f59848df070247\"},\"description\":\"O c\u0103l\u0103torie muzical\u0103 \u00een Europa Baroc\u0103 este titlul sub care va avea loc concertul lunii iulie al Orchestrei de camer\u0103 Augustin Bena Alba. Evenimentul este\",\"breadcrumb\":{\"@id\":\"https:\\\/\\\/urbeamea.ro\\\/albaiulia\\\/vineri-o-calatorie-muzicala-in-europa-baroca-cu-orchestra-augustin-bena-alba\\\/#breadcrumb\"},\"inLanguage\":\"ro-RO\",\"potentialAction\":[{\"@type\":\"ReadAction\",\"target\":[\"https:\\\/\\\/urbeamea.ro\\\/albaiulia\\\/vineri-o-calatorie-muzicala-in-europa-baroca-cu-orchestra-augustin-bena-alba\\\/\"]}]},{\"@type\":\"ImageObject\",\"inLanguage\":\"ro-RO\",\"@id\":\"https:\\\/\\\/urbeamea.ro\\\/albaiulia\\\/vineri-o-calatorie-muzicala-in-europa-baroca-cu-orchestra-augustin-bena-alba\\\/#primaryimage\",\"url\":\"https:\\\/\\\/urbeamea.ro\\\/albaiulia\\\/wp-content\\\/uploads\\\/2015\\\/07\\\/calatorie-muzicala.png\",\"contentUrl\":\"https:\\\/\\\/urbeamea.ro\\\/albaiulia\\\/wp-content\\\/uploads\\\/2015\\\/07\\\/calatorie-muzicala.png\",\"width\":905,\"height\":1280},{\"@type\":\"BreadcrumbList\",\"@id\":\"https:\\\/\\\/urbeamea.ro\\\/albaiulia\\\/vineri-o-calatorie-muzicala-in-europa-baroca-cu-orchestra-augustin-bena-alba\\\/#breadcrumb\",\"itemListElement\":[{\"@type\":\"ListItem\",\"position\":1,\"name\":\"Prima pagin\u0103\",\"item\":\"https:\\\/\\\/urbeamea.ro\\\/albaiulia\\\/\"},{\"@type\":\"ListItem\",\"position\":2,\"name\":\"Vineri: O c\u0103l\u0103torie muzical\u0103 \u00een Europa Baroc\u0103 cu Orchestra Augustin Bena Alba\"}]},{\"@type\":\"WebSite\",\"@id\":\"https:\\\/\\\/urbeamea.ro\\\/albaiulia\\\/#website\",\"url\":\"https:\\\/\\\/urbeamea.ro\\\/albaiulia\\\/\",\"name\":\"Revista Urbea Mea, Stiri urbane\",\"description\":\"Evenimente \u0219i \u0219tiri din Alba Iulia, Sebe\u0219, Aiud, Blaj\",\"potentialAction\":[{\"@type\":\"SearchAction\",\"target\":{\"@type\":\"EntryPoint\",\"urlTemplate\":\"https:\\\/\\\/urbeamea.ro\\\/albaiulia\\\/?s={search_term_string}\"},\"query-input\":{\"@type\":\"PropertyValueSpecification\",\"valueRequired\":true,\"valueName\":\"search_term_string\"}}],\"inLanguage\":\"ro-RO\"},{\"@type\":\"Person\",\"@id\":\"https:\\\/\\\/urbeamea.ro\\\/albaiulia\\\/#\\\/schema\\\/person\\\/272ae98052f8ee8980f59848df070247\",\"name\":\"Redac\u021bia UrbeaMea\",\"image\":{\"@type\":\"ImageObject\",\"inLanguage\":\"ro-RO\",\"@id\":\"https:\\\/\\\/secure.gravatar.com\\\/avatar\\\/9ce5a9435071fa1037e8468053ead8e513dbbff59009d3069aadb85506d85a27?s=96&d=mm&r=g\",\"url\":\"https:\\\/\\\/secure.gravatar.com\\\/avatar\\\/9ce5a9435071fa1037e8468053ead8e513dbbff59009d3069aadb85506d85a27?s=96&d=mm&r=g\",\"contentUrl\":\"https:\\\/\\\/secure.gravatar.com\\\/avatar\\\/9ce5a9435071fa1037e8468053ead8e513dbbff59009d3069aadb85506d85a27?s=96&d=mm&r=g\",\"caption\":\"Redac\u021bia UrbeaMea\"},\"description\":\"contact@urbeamea.ro\",\"sameAs\":[\"https:\\\/\\\/www.urbeamea.ro\"],\"url\":\"https:\\\/\\\/urbeamea.ro\\\/albaiulia\\\/author\\\/redactia-urbeamea\\\/\"}]}<\/script>\n<!-- \/ Yoast SEO plugin. -->","yoast_head_json":{"title":"Vineri: O c\u0103l\u0103torie muzical\u0103 \u00een Europa Baroc\u0103 cu Orchestra Augustin Bena Alba - Revista Urbea Mea - Revista de Alba","description":"O c\u0103l\u0103torie muzical\u0103 \u00een Europa Baroc\u0103 este titlul sub care va avea loc concertul lunii iulie al Orchestrei de camer\u0103 Augustin Bena Alba. Evenimentul este","robots":{"index":"index","follow":"follow","max-snippet":"max-snippet:-1","max-image-preview":"max-image-preview:large","max-video-preview":"max-video-preview:-1"},"canonical":"https:\/\/urbeamea.ro\/albaiulia\/vineri-o-calatorie-muzicala-in-europa-baroca-cu-orchestra-augustin-bena-alba\/","twitter_card":"summary_large_image","twitter_title":"Vineri: O c\u0103l\u0103torie muzical\u0103 \u00een Europa Baroc\u0103 cu Orchestra Augustin Bena Alba - Revista Urbea Mea - Revista de Alba","twitter_description":"O c\u0103l\u0103torie muzical\u0103 \u00een Europa Baroc\u0103 este titlul sub care va avea loc concertul lunii iulie al Orchestrei de camer\u0103 Augustin Bena Alba. Evenimentul este","twitter_image":"https:\/\/urbeamea.ro\/albaiulia\/wp-content\/uploads\/2015\/07\/calatorie-muzicala.png","twitter_creator":"@urbeameaweb","twitter_site":"@urbeameaweb","schema":{"@context":"https:\/\/schema.org","@graph":[{"@type":"Article","@id":"https:\/\/urbeamea.ro\/albaiulia\/vineri-o-calatorie-muzicala-in-europa-baroca-cu-orchestra-augustin-bena-alba\/#article","isPartOf":{"@id":"https:\/\/urbeamea.ro\/albaiulia\/vineri-o-calatorie-muzicala-in-europa-baroca-cu-orchestra-augustin-bena-alba\/"},"author":{"name":"Redac\u021bia UrbeaMea","@id":"https:\/\/urbeamea.ro\/albaiulia\/#\/schema\/person\/272ae98052f8ee8980f59848df070247"},"headline":"Vineri: O c\u0103l\u0103torie muzical\u0103 \u00een Europa Baroc\u0103 cu Orchestra Augustin Bena Alba","datePublished":"2015-07-21T11:53:01+00:00","dateModified":"2016-01-18T20:23:43+00:00","mainEntityOfPage":{"@id":"https:\/\/urbeamea.ro\/albaiulia\/vineri-o-calatorie-muzicala-in-europa-baroca-cu-orchestra-augustin-bena-alba\/"},"wordCount":584,"commentCount":0,"image":{"@id":"https:\/\/urbeamea.ro\/albaiulia\/vineri-o-calatorie-muzicala-in-europa-baroca-cu-orchestra-augustin-bena-alba\/#primaryimage"},"thumbnailUrl":"https:\/\/urbeamea.ro\/albaiulia\/wp-content\/uploads\/2015\/07\/calatorie-muzicala.png","articleSection":["Evenimente"],"inLanguage":"ro-RO","potentialAction":[{"@type":"CommentAction","name":"Comment","target":["https:\/\/urbeamea.ro\/albaiulia\/vineri-o-calatorie-muzicala-in-europa-baroca-cu-orchestra-augustin-bena-alba\/#respond"]}]},{"@type":"WebPage","@id":"https:\/\/urbeamea.ro\/albaiulia\/vineri-o-calatorie-muzicala-in-europa-baroca-cu-orchestra-augustin-bena-alba\/","url":"https:\/\/urbeamea.ro\/albaiulia\/vineri-o-calatorie-muzicala-in-europa-baroca-cu-orchestra-augustin-bena-alba\/","name":"Vineri: O c\u0103l\u0103torie muzical\u0103 \u00een Europa Baroc\u0103 cu Orchestra Augustin Bena Alba - Revista Urbea Mea - Revista de Alba","isPartOf":{"@id":"https:\/\/urbeamea.ro\/albaiulia\/#website"},"primaryImageOfPage":{"@id":"https:\/\/urbeamea.ro\/albaiulia\/vineri-o-calatorie-muzicala-in-europa-baroca-cu-orchestra-augustin-bena-alba\/#primaryimage"},"image":{"@id":"https:\/\/urbeamea.ro\/albaiulia\/vineri-o-calatorie-muzicala-in-europa-baroca-cu-orchestra-augustin-bena-alba\/#primaryimage"},"thumbnailUrl":"https:\/\/urbeamea.ro\/albaiulia\/wp-content\/uploads\/2015\/07\/calatorie-muzicala.png","datePublished":"2015-07-21T11:53:01+00:00","dateModified":"2016-01-18T20:23:43+00:00","author":{"@id":"https:\/\/urbeamea.ro\/albaiulia\/#\/schema\/person\/272ae98052f8ee8980f59848df070247"},"description":"O c\u0103l\u0103torie muzical\u0103 \u00een Europa Baroc\u0103 este titlul sub care va avea loc concertul lunii iulie al Orchestrei de camer\u0103 Augustin Bena Alba. Evenimentul este","breadcrumb":{"@id":"https:\/\/urbeamea.ro\/albaiulia\/vineri-o-calatorie-muzicala-in-europa-baroca-cu-orchestra-augustin-bena-alba\/#breadcrumb"},"inLanguage":"ro-RO","potentialAction":[{"@type":"ReadAction","target":["https:\/\/urbeamea.ro\/albaiulia\/vineri-o-calatorie-muzicala-in-europa-baroca-cu-orchestra-augustin-bena-alba\/"]}]},{"@type":"ImageObject","inLanguage":"ro-RO","@id":"https:\/\/urbeamea.ro\/albaiulia\/vineri-o-calatorie-muzicala-in-europa-baroca-cu-orchestra-augustin-bena-alba\/#primaryimage","url":"https:\/\/urbeamea.ro\/albaiulia\/wp-content\/uploads\/2015\/07\/calatorie-muzicala.png","contentUrl":"https:\/\/urbeamea.ro\/albaiulia\/wp-content\/uploads\/2015\/07\/calatorie-muzicala.png","width":905,"height":1280},{"@type":"BreadcrumbList","@id":"https:\/\/urbeamea.ro\/albaiulia\/vineri-o-calatorie-muzicala-in-europa-baroca-cu-orchestra-augustin-bena-alba\/#breadcrumb","itemListElement":[{"@type":"ListItem","position":1,"name":"Prima pagin\u0103","item":"https:\/\/urbeamea.ro\/albaiulia\/"},{"@type":"ListItem","position":2,"name":"Vineri: O c\u0103l\u0103torie muzical\u0103 \u00een Europa Baroc\u0103 cu Orchestra Augustin Bena Alba"}]},{"@type":"WebSite","@id":"https:\/\/urbeamea.ro\/albaiulia\/#website","url":"https:\/\/urbeamea.ro\/albaiulia\/","name":"Revista Urbea Mea, Stiri urbane","description":"Evenimente \u0219i \u0219tiri din Alba Iulia, Sebe\u0219, Aiud, Blaj","potentialAction":[{"@type":"SearchAction","target":{"@type":"EntryPoint","urlTemplate":"https:\/\/urbeamea.ro\/albaiulia\/?s={search_term_string}"},"query-input":{"@type":"PropertyValueSpecification","valueRequired":true,"valueName":"search_term_string"}}],"inLanguage":"ro-RO"},{"@type":"Person","@id":"https:\/\/urbeamea.ro\/albaiulia\/#\/schema\/person\/272ae98052f8ee8980f59848df070247","name":"Redac\u021bia UrbeaMea","image":{"@type":"ImageObject","inLanguage":"ro-RO","@id":"https:\/\/secure.gravatar.com\/avatar\/9ce5a9435071fa1037e8468053ead8e513dbbff59009d3069aadb85506d85a27?s=96&d=mm&r=g","url":"https:\/\/secure.gravatar.com\/avatar\/9ce5a9435071fa1037e8468053ead8e513dbbff59009d3069aadb85506d85a27?s=96&d=mm&r=g","contentUrl":"https:\/\/secure.gravatar.com\/avatar\/9ce5a9435071fa1037e8468053ead8e513dbbff59009d3069aadb85506d85a27?s=96&d=mm&r=g","caption":"Redac\u021bia UrbeaMea"},"description":"contact@urbeamea.ro","sameAs":["https:\/\/www.urbeamea.ro"],"url":"https:\/\/urbeamea.ro\/albaiulia\/author\/redactia-urbeamea\/"}]}},"_links":{"self":[{"href":"https:\/\/urbeamea.ro\/albaiulia\/wp-json\/wp\/v2\/posts\/6382","targetHints":{"allow":["GET"]}}],"collection":[{"href":"https:\/\/urbeamea.ro\/albaiulia\/wp-json\/wp\/v2\/posts"}],"about":[{"href":"https:\/\/urbeamea.ro\/albaiulia\/wp-json\/wp\/v2\/types\/post"}],"author":[{"embeddable":true,"href":"https:\/\/urbeamea.ro\/albaiulia\/wp-json\/wp\/v2\/users\/16"}],"replies":[{"embeddable":true,"href":"https:\/\/urbeamea.ro\/albaiulia\/wp-json\/wp\/v2\/comments?post=6382"}],"version-history":[{"count":0,"href":"https:\/\/urbeamea.ro\/albaiulia\/wp-json\/wp\/v2\/posts\/6382\/revisions"}],"wp:featuredmedia":[{"embeddable":true,"href":"https:\/\/urbeamea.ro\/albaiulia\/wp-json\/wp\/v2\/media\/6383"}],"wp:attachment":[{"href":"https:\/\/urbeamea.ro\/albaiulia\/wp-json\/wp\/v2\/media?parent=6382"}],"wp:term":[{"taxonomy":"category","embeddable":true,"href":"https:\/\/urbeamea.ro\/albaiulia\/wp-json\/wp\/v2\/categories?post=6382"},{"taxonomy":"post_tag","embeddable":true,"href":"https:\/\/urbeamea.ro\/albaiulia\/wp-json\/wp\/v2\/tags?post=6382"}],"curies":[{"name":"wp","href":"https:\/\/api.w.org\/{rel}","templated":true}]}}