{"id":6393,"date":"2015-07-22T12:01:45","date_gmt":"2015-07-22T09:01:45","guid":{"rendered":"http:\/\/urbeamea.ro\/albaiulia\/?p=6393"},"modified":"2015-07-22T12:01:45","modified_gmt":"2015-07-22T09:01:45","slug":"23-26-iulie-in-alba-iulia-weekend-ul-incepe-de-joi","status":"publish","type":"post","link":"https:\/\/urbeamea.ro\/albaiulia\/23-26-iulie-in-alba-iulia-weekend-ul-incepe-de-joi\/","title":{"rendered":"23 \u2013 26 Iulie: \u00cen Alba Iulia weekend-ul \u00eencepe de joi!"},"content":{"rendered":"<p>\u00cen Alba Iulia weekend-ul \u00eencepe de joi. Afl\u0103 unde te po\u0163i distra \u00een ora\u015ful t\u0103u doar pe\u00a0<a href=\"http:\/\/www.urbeamea.ro\">www.urbeamea.ro<\/a>.<\/p>\n<h3 style=\"text-align: center;\">Joi<\/h3>\n<hr \/>\n<p>&nbsp;<\/p>\n\n\t\t<div class=\"tabs-shortcode tabs-wrapper container-wrapper tabs-horizontal flex-tabs is-flex-tabs-shortcodes\">\n[tabcontainer]\n[tabtext]<em>Joi @ Allegria<\/em>[\/tabtext]\n[tabtext]<em>Joi @ Studio<\/em>[\/tabtext]\n[\/tabcontainer]\n[tabcontent]\n\n\t\t<div class=\"tab-content\" id=\"tab-content-1\">\n\t\t\t<div class=\"tab-content-wrap\">\n<p><a href=\"http:\/\/urbeamea.ro\/albaiulia\/wp-content\/uploads\/2015\/05\/joiLadiesNight.jpg\"><img loading=\"lazy\" decoding=\"async\" class=\"alignleft size-medium wp-image-3986\" src=\"http:\/\/urbeamea.ro\/albaiulia\/wp-content\/uploads\/2015\/05\/joiLadiesNight-200x300.jpg\" alt=\"joiLadiesNight\" width=\"200\" height=\"300\" \/><\/a>\u00ceN FIECARE JOI I LADIES NIGHT<\/p>\n<p>DJ RADU &amp; MC KOTTO<\/p>\n<p>ORA 22:00 | INTRARE LIBER\u0102<\/p>\n<p>RSVP: 0749 385 013<\/p>\n\n\t\t\t<\/div>\n\t\t<\/div>\n\t\n\n\t\t<div class=\"tab-content\" id=\"tab-content-2\">\n\t\t\t<div class=\"tab-content-wrap\">\n<p><a href=\"http:\/\/urbeamea.ro\/albaiulia\/wp-content\/uploads\/2015\/07\/studio.jpg\"><img loading=\"lazy\" decoding=\"async\" class=\" size-medium wp-image-6390 alignright\" src=\"http:\/\/urbeamea.ro\/albaiulia\/wp-content\/uploads\/2015\/07\/studio-212x300.jpg\" alt=\"studio\" width=\"212\" height=\"300\" srcset=\"https:\/\/urbeamea.ro\/albaiulia\/wp-content\/uploads\/2015\/07\/studio-212x300.jpg 212w, https:\/\/urbeamea.ro\/albaiulia\/wp-content\/uploads\/2015\/07\/studio-106x150.jpg 106w, https:\/\/urbeamea.ro\/albaiulia\/wp-content\/uploads\/2015\/07\/studio.jpg 679w\" sizes=\"auto, (max-width: 212px) 100vw, 212px\" \/><\/a>Joi, 23 Iulie, o s\u0103 ne petrecem dup\u0103-masa \u00een compania pianului lui D\u0103nu\u021b Moldovan.<\/p>\n<p>Amtosfer\u0103 destins\u0103 de var\u0103 \u00een compania unui vin de calitate \u0219i a unui pian bine strunit<\/p>\n<p>Intrare liber\u0103!<\/p>\n\n\t\t\t<\/div>\n\t\t<\/div>\n\t\n[\/tabcontent]\n\n\t\t\t<div class=\"clearfix\"><\/div>\n\t\t<\/div>\n\t\n<h3 style=\"text-align: center;\">Vineri<\/h3>\n<hr \/>\n<p>&nbsp;<\/p>\n\n\t\t<div class=\"tabs-shortcode tabs-wrapper container-wrapper tabs-horizontal flex-tabs is-flex-tabs-shortcodes\">\n[tabcontainer]\n[tabtext]Vineri<em>\u00a0@\u00a0MER Spa &amp; Wellness<\/em>[\/tabtext]\n[tabtext]Vineri<em>\u00a0@\u00a0Casa de Cultur\u0103 a Studen\u0163ilor<\/em>[\/tabtext]\n[tabtext]Vineri<em>\u00a0@ Mira Summer<\/em>[\/tabtext]\n[tabtext]Vineri<em>\u00a0@\u00a0Tabu<\/em>[\/tabtext]\n[\/tabcontainer]\n[tabcontent]\n\n\t\t<div class=\"tab-content\" id=\"tab-content-3\">\n\t\t\t<div class=\"tab-content-wrap\">\n<p><a href=\"http:\/\/urbeamea.ro\/albaiulia\/wp-content\/uploads\/2015\/07\/azteca@MER.jpg\"><img loading=\"lazy\" decoding=\"async\" class=\"alignleft size-medium wp-image-6360\" src=\"http:\/\/urbeamea.ro\/albaiulia\/wp-content\/uploads\/2015\/07\/azteca@MER-204x300.jpg\" alt=\"azteca@MER\" width=\"204\" height=\"300\" \/><\/a>Sezonul petrecerilor la piscina complexului Mer Spa &amp; Wellness continu\u0103, vineri, 24 Iulie de la ora 22:00 cu DJ AZteCA. Informa\u0163ii la num\u0103rul de telefon: 0749385013!<\/p>\n<p>Totul a \u00eenceput \u00een 2004 c\u00e2nd, cu ocazia unei petreceri \u00eentr-un club de pe litoralul rom\u00e2nesc, o senza\u0163ie de nedescris a pus st\u0103p\u00e2nire pe t\u00e2n\u0103rul schior de performan\u0163\u0103 participant la concursuri interna\u0163ionale , azi instructor \u00een acela\u015fi domeniu.<\/p>\n<p>Dup\u0103 cum spune el \u00eensu\u015fi: \u201cpur \u015fi simplu am sim\u0163it muzica\u201c. Cu siguran\u0163\u0103 n-a fost doar o \u00eent\u00e2mplare, pentru c\u0103 el &#8222;str\u00e2ngea&#8221; de mult piesele de club (semnate de arti\u015fti ca Mylo, Fuzzy Hair, Eric Prydz, Iio, Belocca etc.) cu un ad\u00e2nc interes. De la dance a trecut la house care a &#8222;dominat&#8221; \u00een scurt timp colec\u0163ia lui de muzic\u0103 \u015fi gusturile sale, \u00een general.<\/p>\n<p>\u201cAdor s\u0103 v\u0103d lumea z\u00e2mbind \u00een timp ce pun muzic\u0103\u201d spune AZteCA. Stilul s\u0103u este o combina\u0163ie \u00eentre Deep, Groovy \u015fi Tech House\/House . AZteCA \u015fi-a \u00eensu\u015fit pas cu pas atuurile meseriei, mai mult autodidact.<\/p>\n\n\t\t\t<\/div>\n\t\t<\/div>\n\t\n\n\t\t<div class=\"tab-content\" id=\"tab-content-4\">\n\t\t\t<div class=\"tab-content-wrap\">\n<p><a href=\"http:\/\/urbeamea.ro\/albaiulia\/wp-content\/uploads\/2015\/07\/calatorie-muzicala.png\"><img loading=\"lazy\" decoding=\"async\" class=\" size-medium wp-image-6383 alignright\" src=\"http:\/\/urbeamea.ro\/albaiulia\/wp-content\/uploads\/2015\/07\/calatorie-muzicala-212x300.png\" alt=\"calatorie muzicala\" width=\"212\" height=\"300\" \/><\/a>O c\u0103l\u0103torie muzical\u0103 \u00een Europa Baroc\u0103 este titlul sub care va avea loc concertul lunii iulie al Orchestrei de camer\u0103 Augustin Bena Alba. Evenimentul este organizat de Consiliul Jude\u0163ean Alba \u015fi Centrul de Cultur\u0103 Augustin Bena Alba \u015fi are loc \u00een data de 24 iulie \u00eencep\u00e2nd cu orele 19. Evenimentul va fi gazduit de partenerul nostru Casa de Cultur\u0103 a Studen\u0163ilor din Alba Iulia.<\/p>\n<p>Concertul aduce pe scen\u0103 lucr\u0103ri importante ale unor muzicieni celebri cum ar fi : J. S. Bach, A. Vivaldi, F. Handel, G. Tartini, U. W. Wassenaer, S. Duchene.\u00a0Invita\u0163ii speciali ai evenimentului sunt dirijorul Radu Popa \u015fi soli\u015ftii instrumenti\u015fti Ioan P\u0103una \u015fi Dan liviu Cernat.<\/p>\n<p>Evenimentul a fost g\u00e2ndit de organizatori ca o c\u0103l\u0103torie muzical\u0103 prin Europa perioadei baroce.\u00a0Acest concept este unul \u00een premier\u0103 na\u0163ional\u0103 ce se vrea a fi un experiment inedit \u015fi pentru iubitorii muzicii din jude\u0163ul Alba.<\/p>\n<p>Orchestra de camer\u0103 Augustin Bena Alba func\u0163ioneaz\u0103 \u00een cadrul Centrului de Cultur\u0103 Augustin Bena Alba \u015fi a luat fiin\u0163\u0103 \u00een anul 2013.<\/p>\n<p>Debutul scenic a avut loc \u00een octombrie 2013 \u00een cadrul proiectului ,,Zilele Augustin Bena,, iar de atunci orchestra a repurtat succes dup\u0103 succes av\u00e2nd prilejul s\u0103 colaboreze cu mari muzicieni ai lumii cum ar fi Tadashi Imai, Federico Crisanaz, Daniela Vladescu. \u00cenc\u0103 de la primul concert, orchestra a fost condus\u0103 de dirijorul Dan Liviu Cernat.<\/p>\n<p>Dan Liviu Cernat a absolvit Liceul de arte Regina maria din Alba Iulia fiind unul dintre cei mai merituo\u015fi elevi ai acestei \u015fcoli ob\u0163in\u00e2nd numeroase performan\u0163e notabile la olimpiadele \u015fcolare de profil. Acest lucru a f\u0103cut s\u0103 fie remarcat de baroneasa Emma Nicholson care i-a oferit oportunitatea unei burse de studiu la Academia Regal\u0103 din Londra. Dup\u0103 absolvirea Academiei Regale s-a re\u00eentors \u00een \u0163ar\u0103 \u015fi a \u00eenceput colaborarea cu Centrul de Cultur\u0103 Augustin Bena Alba ca solist instrumentist, urm\u00e2nd \u015fi studii muzicale la Academia Gheorghe Dima din Cluj Napoca. \u00cencep\u00e2nd din 2013 este dirijorul Orchestrei de camer\u0103 Augustin Bena a Centrului de Cultur\u0103 Augustin Bena Alba.<\/p>\n<p>Radu Popa a absolvit studii de dirijat \u015fi compozi\u0163ie la Universitatea Na\u0163ional\u0103 de Muzic\u0103 din Bucure\u015fti \u015fi este dirijor permanent al Orchestrei Filarmonicii ,,Banatul,, din Timi\u015foara. \u015ei-a continuat studiile \u00een Viena \u015fi este invitat s\u0103 dirijeze pe mari scene din lume. Cariera sa muzical\u0103 se desf\u0103\u015foar\u0103 \u00eentre scenele de concert din \u0163ar\u0103 \u015fi turneele din str\u0103in\u0103tate. Nume remarcabile ale scenei lirice se reunesc sub bagheta dirijorului Radu Popa acesta preocup\u00eendu-se de promovarea arti\u015ftilor rom\u00e2ni \u00een lume dar \u015fi de promovarea marilor arti\u015fti ai lumii \u00een Rom\u00e2nia prin asigurarea prezentei lor \u00een Festivalul George Enescu unde este invitata permanent. Critica de specialitate apreciaz\u0103 la superlativ concertele dirijorului Radu popa consider\u00e2ndu-l drept unul dintre cei mai valoro\u015fi \u015fefi de orchestr\u0103 rom\u00e2ni ai momentului.<\/p>\n<p>Ioan P\u0103una este absolvent al Conservatorului ,,Ciprian Porumbescu,, din Bucure\u015fti pe care l-a absolvit \u00een 1975. A activat ca \u015fi concert maestru al Operei Rom\u00e2ne din Timi\u015foara. \u00cen anul 1997 preia func\u0163ia de concert maestru al Operei Na\u0163ionale din Osijek- Croa\u0163ia unde activeaz\u0103 \u015fi \u00een prezent. De-a lungul timpului a fost deseori invitat ca \u015fi solist pe marile scene ale lumii. \u00cen anul 1991 \u00eenfiin\u0163eaz\u0103 prima orchestr\u0103 privat\u0103 din Rom\u00e2nia ,,Opus Mundi,, cu care a colindat \u00een turnee toate meridianele lumii.<\/p>\n\n\t\t\t<\/div>\n\t\t<\/div>\n\t\n\n\t\t<div class=\"tab-content\" id=\"tab-content-5\">\n\t\t\t<div class=\"tab-content-wrap\">\n<p><a href=\"http:\/\/urbeamea.ro\/albaiulia\/wp-content\/uploads\/2015\/05\/terasamirrasummer.jpg\"><img loading=\"lazy\" decoding=\"async\" class=\" size-medium wp-image-4212 alignleft\" src=\"http:\/\/urbeamea.ro\/albaiulia\/wp-content\/uploads\/2015\/05\/terasamirrasummer-300x131.jpg\" alt=\"terasamirrasummer\" width=\"300\" height=\"131\" srcset=\"https:\/\/urbeamea.ro\/albaiulia\/wp-content\/uploads\/2015\/05\/terasamirrasummer-300x131.jpg 300w, https:\/\/urbeamea.ro\/albaiulia\/wp-content\/uploads\/2015\/05\/terasamirrasummer-150x66.jpg 150w, https:\/\/urbeamea.ro\/albaiulia\/wp-content\/uploads\/2015\/05\/terasamirrasummer.jpg 600w\" sizes=\"auto, (max-width: 300px) 100vw, 300px\" \/><\/a>Vineri, \u00eencep\u00e2nd cu orele 22:00 terasa Mira Summer v\u0103 a\u015fteapt\u0103 la o super petrecere de karaoke cu cele mai frumoase melodii \u015fi cele mai bune oferte.<\/p>\n<p>RSVP: 0749077069<\/p>\n\n\t\t\t<\/div>\n\t\t<\/div>\n\t\n\n\t\t<div class=\"tab-content\" id=\"tab-content-6\">\n\t\t\t<div class=\"tab-content-wrap\">\n<p><a href=\"http:\/\/urbeamea.ro\/albaiulia\/wp-content\/uploads\/2015\/05\/tabu.jpg\"><img loading=\"lazy\" decoding=\"async\" class=\" size-medium wp-image-4447 alignright\" src=\"http:\/\/urbeamea.ro\/albaiulia\/wp-content\/uploads\/2015\/05\/tabu-300x300.jpg\" alt=\"tabu\" width=\"300\" height=\"300\" \/><\/a>Vinerea se petrece la Tabu!<\/p>\n<p>\u00cen fiecare vineri seara v\u0103 a\u015ftept\u0103m cu c\u00e2te un show diferit!!<\/p>\n\n\t\t\t<\/div>\n\t\t<\/div>\n\t\n[\/tabcontent]\n\n\t\t\t<div class=\"clearfix\"><\/div>\n\t\t<\/div>\n\t\n<h3 style=\"text-align: center;\">S\u00e2mb\u0103t\u0103<\/h3>\n<hr \/>\n<p>&nbsp;<\/p>\n\n\t\t<div class=\"tabs-shortcode tabs-wrapper container-wrapper tabs-horizontal flex-tabs is-flex-tabs-shortcodes\">\n[tabcontainer]\n[tabtext]S\u00e2mb\u0103t\u0103\u00a0<em>@ Club Allegria<\/em>[\/tabtext]\n[tabtext]S\u00e2mb\u0103t\u0103<em>\u00a0@ Savoia<\/em>[\/tabtext]\n[tabtext]S\u00e2mb\u0103t\u0103<em>\u00a0@ Cartierul Parto\u015f<\/em>[\/tabtext]\n[\/tabcontainer]\n[tabcontent]\n\n\t\t<div class=\"tab-content\" id=\"tab-content-7\">\n\t\t\t<div class=\"tab-content-wrap\">\n<p><a href=\"http:\/\/urbeamea.ro\/albaiulia\/wp-content\/uploads\/2015\/07\/tsnAllegria.jpg\"><img loading=\"lazy\" decoding=\"async\" class=\"alignleft size-medium wp-image-6365\" src=\"http:\/\/urbeamea.ro\/albaiulia\/wp-content\/uploads\/2015\/07\/tsnAllegria-200x300.jpg\" alt=\"tsnAllegria\" width=\"200\" height=\"300\" \/><\/a>TROPICAL SUMMER NIGHT<\/p>\n<p>25.07.2015<\/p>\n<p>DJ RADU &amp; MC KOTTO<\/p>\n<p>ORA 23:00<\/p>\n<p>INTRARE LIBER\u0102!<\/p>\n<p>RSVP: 0749 385 013<\/p>\n\n\t\t\t<\/div>\n\t\t<\/div>\n\t\n\n\t\t<div class=\"tab-content\" id=\"tab-content-8\">\n\t\t\t<div class=\"tab-content-wrap\">\n<p><a href=\"http:\/\/urbeamea.ro\/albaiulia\/wp-content\/uploads\/2015\/07\/puzzles-savoia.jpg\"><img loading=\"lazy\" decoding=\"async\" class=\" size-medium wp-image-6392 alignright\" src=\"http:\/\/urbeamea.ro\/albaiulia\/wp-content\/uploads\/2015\/07\/puzzles-savoia-212x300.jpg\" alt=\"puzzles savoia\" width=\"212\" height=\"300\" \/><\/a>Forma\u0163ia The PuZzLeS a fost \u00eenfiin\u0163at\u0103 \u00een anul 2011 \u00een Alba Iulia, \u00een scopul declarat de a c\u00e2nta exclusiv cover-uri, \u00eens\u0103 chimia format\u0103 \u00eentre membrii trupei a dat na\u015ftere \u015fi unor piese proprii \u015fi unui stil propriu, inimitabil \u015fi u\u015for de recunoscut.<\/p>\n<p><em>Forma\u0163ia este format\u0103 din:<\/em><\/p>\n<p>\u2013 Robert Gavrila\u0219 \u2013 leaderul \u015fi solistul vocal al trupei, cel mai bun entertainer, cel care \u00eembina toate genurile muzicale cu succes, liantul intre personalit\u0103\u0163ile \u015fi stilurile diverse ale celorlal\u0163i membri ai trupei. Este o prezenta constant\u0103 pe scen\u0103 muzical\u0103 local\u0103 \u015fi nu numai, particip\u00e2nd de nenum\u0103rate ori ca artist solo sau ca invitat special\/colaborator al evenimentelor importante.<\/p>\n<p>\u2013 Ovidiu P\u00e2rjol \u2013 un pianist clasic de excep\u021bie, un profesor, un artist complet care \u00eentotdeauna \u00ee\u0219i las\u0103 propria amprent\u0103 \u00een interpretarea fiec\u0103rei piese din orice stil muzical. Activeaz\u0103 \u00een prezent \u015fi \u00een Duo Aurae.<\/p>\n<p>\u2013 Andrei P\u00e2rjol \u2013 bassistul trupei, omul pe care se poate baza fiecare membru al trupei, un instrumentist cu o interpretare exact\u0103, al c\u0103rui repertoriu variaz\u0103 \u00eentre muzica comercial\u0103 \u015fi muzica bun\u0103.<\/p>\n<p>\u2013 C\u0103lin Paraschiv \u2013 un chitarist de o virtuozitate ie\u015fit\u0103 din comun \u015fi dotat \u00een acela\u015fi timp cu o sensibilitate muzical\u0103 pe m\u0103sur\u0103, profesor de chitar\u0103, fiind membrul trupelor de renume interna\u0163ional Necrovile \u015fi Clitgore.<\/p>\n<p>\u2013 Laur F\u0103g\u0103dar \u2013 bateristul trupei, un adev\u0103rat metronom cu un extraordinar sim\u021b ritmic \u015fi o sensibilitate muzical\u0103 aparte, cu o vast\u0103 experien\u0163\u0103 muzical\u0103 pe scen\u0103 na\u0163ional\u0103 a muzicii rock, \u00een prezent este \u015fi membru al legendarului grup RIFF.<\/p>\n<p>Trupa The PuZzLeS are un portofoliu foarte bogat, format at\u00e2t din piese din repertoriul na\u0163ional \u015fi interna\u0163ional, c\u00e2t \u015fi c\u00e2teva piese din repertoriul propriu, din care una a fost deja \u00eenregistrat\u0103 \u00eentr-un studio profesional.\u00a0<a href=\"http:\/\/www.youtube.com\/user\/thepuzzles2011\" target=\"_blank\">http:\/\/www.youtube.com\/user\/thepuzzles2011<\/a><\/p>\n<p><span style=\"line-height: 1.5;\">\n\t\t\t<\/div>\n\t\t<\/div>\n\t<\/span><\/p>\n\n\t\t<div class=\"tab-content\" id=\"tab-content-9\">\n\t\t\t<div class=\"tab-content-wrap\">\n<p><a href=\"http:\/\/urbeamea.ro\/albaiulia\/wp-content\/uploads\/2015\/07\/vaslestiPatzaichin.jpg\"><img loading=\"lazy\" decoding=\"async\" class=\"alignleft size-medium wp-image-6356\" src=\"http:\/\/urbeamea.ro\/albaiulia\/wp-content\/uploads\/2015\/07\/vaslestiPatzaichin-300x200.jpg\" alt=\"vaslestiPatzaichin\" width=\"300\" height=\"200\" \/><\/a>C\u00e2\u015ftig\u0103torii de la Alba vor intra \u00een finala na\u021bional\u0103 Descoper\u0103 Rowmania, care se va desf\u0103\u015fura \u00een cadrul Festivalului Rowmania, pe 30 august, la Tulcea.<\/p>\n<p><em>Program:<\/em><\/p>\n<p><span class=\"text_exposed_show\"><strong>S\u00e2mb\u0103t\u0103, 25 iulie \u2013 zona Podului peste Mure\u0219<\/strong><\/span><\/p>\n<p>16:00 \u2013 17:00 \u00censcrierea participan\u021bilor (echipe)<\/p>\n<p>16:30 \u2013 18:00 Demonstra\u021bie de v\u00e2slit efectuat\u0103 de Ivan Patzaichin \u0219i sesiuni de antrenament<\/p>\n<p>18:00 \u2013 18:30 Stabilirea ordinii de intrare \u00een concurs \u0219i \u0219edin\u021ba tehnic\u0103 (instructaj)<\/p>\n<p>18:30 \u2013 20:30 Desf\u0103\u0219urarea concursului de canotc\u0103 10+1 (pe serii)<\/p>\n<p>21:00 \u2013 23:00 Spectacol de reenactment istoric cu daci \u0219i romani, tor\u021be, foc de tab\u0103r\u0103 (lupt\u0103 cu daci \u0219i romani, atac al romanilor de pe podul peste Mure\u0219)<\/p>\n\n\t\t\t<\/div>\n\t\t<\/div>\n\t\n[\/tabcontent]\n\n\t\t\t<div class=\"clearfix\"><\/div>\n\t\t<\/div>\n\t\n<h3 style=\"text-align: center;\">Duminic\u0103<\/h3>\n<hr \/>\n<p>&nbsp;<\/p>\n\n\t\t<div class=\"tabs-shortcode tabs-wrapper container-wrapper tabs-horizontal flex-tabs is-flex-tabs-shortcodes\">\n[tabcontainer]\n[tabtext]Duminic\u0103<em>\u00a0@ Cartierul Parto\u015f<\/em>[\/tabtext]\n[\/tabcontainer]\n[tabcontent]\n\n\t\t<div class=\"tab-content\" id=\"tab-content-10\">\n\t\t\t<div class=\"tab-content-wrap\">\n<p><a href=\"http:\/\/urbeamea.ro\/albaiulia\/wp-content\/uploads\/2015\/07\/rowmania.jpg\"><img loading=\"lazy\" decoding=\"async\" class=\"alignleft size-medium wp-image-6283\" src=\"http:\/\/urbeamea.ro\/albaiulia\/wp-content\/uploads\/2015\/07\/rowmania-300x201.jpg\" alt=\"rowmania\" width=\"300\" height=\"201\" \/><\/a>C\u00e2\u015ftig\u0103torii de la Alba vor intra \u00een finala na\u021bional\u0103 Descoper\u0103 Rowmania, care se va desf\u0103\u015fura \u00een cadrul Festivalului Rowmania, pe 30 august, la Tulcea.<\/p>\n<p><em>Program:<\/em><\/p>\n<p><strong>Duminic\u0103, 26 iulie<\/strong><\/p>\n<p><span class=\"text_exposed_show\">09:00 \u2013 10:00 Sesiuni de antrenamente (echipe)<\/span><\/p>\n<p><span class=\"text_exposed_show\">09:00 \u2013 10:00 \u00censcrieri la concursul de FUN Rowing (probe distractive de v\u00e2slit \u00een echip\u0103)<\/span><\/p>\n<p><span class=\"text_exposed_show\">10:00 \u2013 11:00 Desf\u0103\u0219urarea concursului de canotc\u0103 10+1, tragere la sor\u021bi (semifinale, finala)<\/span><\/p>\n<p><span class=\"text_exposed_show\">11:00 \u2013 12:00 Desf\u0103\u0219urarea concursului de FUN Rowing (pe probe)<\/span><\/p>\n<p><span class=\"text_exposed_show\">12:30 \u2013 13:00 Festivitatea de premiere a concursului de canotc\u0103 10+1 \u0219i a concursurilor de FUN rowing<\/span><\/p>\n<p><span class=\"text_exposed_show\">13:00 \u2013 15:00 Demonstra\u021bie de g\u0103tit la ceaun f\u0103cut\u0103 de c\u0103tre daci \u0219i romani, degustare<\/span><\/p>\n<p>Ivan Patzaichin caut\u0103 noi campioni la v\u00e2slit, pe 25 \u0219i 26 iulie, \u00een zona Podului peste Mure\u0219 (Cartierul Parto\u0219, ie\u0219irea spre Sebe\u0219).\u00a0Descoper\u0103 Rowmania \u2013 competi\u0163ia de v\u00e2slit \u00een canotci de 10+1, ajunge pentru al treilea an consecutiv la Alba Iulia. Anul acesta se desf\u0103\u0219oar\u0103 \u00eentr-un format inedit, sub forma unui Festival, pe durata a dou\u0103 zile \u0219i include competi\u021bia clasic\u0103 de v\u00e2slit \u00een canotci de 10+1, probe de fun rowing, demonstra\u021bii de v\u00e2slit, spectacol de reconstituire istoric\u0103 cu daci \u0219i romani, tor\u021be, foc de tab\u0103r\u0103, demonstra\u021bie de g\u0103tit la ceaun f\u0103cut\u0103 de c\u0103tre daci \u0219i romani, degustare, premiere etc.<\/p>\n<p><span class=\"text_exposed_show\">Descoper\u0103 Rowmania \u2013 Rom\u00e2nia natural\u0103 v\u0103zut\u0103 din barc\u0103 este o campanie na\u021bional\u0103 de promovare a patrimoniului na\u021bional \u0219i urm\u0103re\u0219te descoperirea Rom\u00e2niei naturale, prin promovarea mi\u0219c\u0103rii \u00een aer liber. Obiectivul acestei campanii este s\u0103 reapropie oamenii de natur\u0103 \u0219i s\u0103-i reconecteze la aceasta, av\u00e2nd ca instrument canotca \u0219i ca activitate v\u00e2slitul.<\/span><\/p>\n<p>Descoper\u0103 Rowmania Alba Iulia este un eveniment organizat de Asocia\u021bia \u201eIvan Patzaichin \u2013 Mila 23\u201d \u00eempreun\u0103 cu<a href=\"https:\/\/www.facebook.com\/pages\/Primaria-Municipiului-Alba-Iulia\/393790177338007\" data-hovercard=\"\/ajax\/hovercard\/page.php?id=393790177338007&amp;extragetparams=%7B%22directed_target_id%22%3A0%7D\">Primaria Municipiului Alba Iulia<\/a>.<\/p>\n<p>Cu sprijinul: Club Sportiv Unlimited, <a href=\"https:\/\/www.facebook.com\/AQUA.Carpatica\" data-hovercard=\"\/ajax\/hovercard\/page.php?id=131013640276545&amp;extragetparams=%7B%22directed_target_id%22%3A0%7D\">AQUA Carpatica<\/a>, <a href=\"https:\/\/www.facebook.com\/rowater.ro\" data-hovercard=\"\/ajax\/hovercard\/page.php?id=150702404991455&amp;extragetparams=%7B%22directed_target_id%22%3A0%7D\">Apele Romane<\/a>, <a href=\"https:\/\/www.facebook.com\/pages\/Apa-Nova-Bucuresti\/187862091301013\" data-hovercard=\"\/ajax\/hovercard\/page.php?id=187862091301013&amp;extragetparams=%7B%22directed_target_id%22%3A0%7D\">Apa Nova Bucuresti<\/a> \u015fi <a href=\"https:\/\/www.facebook.com\/RadioRomania\" data-hovercard=\"\/ajax\/hovercard\/page.php?id=438653199566089&amp;extragetparams=%7B%22directed_target_id%22%3A0%7D\">Radio Romania<\/a>.<\/p>\n\n\t\t\t<\/div>\n\t\t<\/div>\n\t\n<p>&nbsp;<\/p>\n[\/tabcontent]\n\n\t\t\t<div class=\"clearfix\"><\/div>\n\t\t<\/div>\n\t\n","protected":false},"excerpt":{"rendered":"<p>\u00cen Alba Iulia weekend-ul \u00eencepe de joi. Afl\u0103 unde te po\u0163i distra \u00een ora\u015ful t\u0103u doar pe\u00a0www.urbeamea.ro. Joi &nbsp; Vineri &nbsp; S\u00e2mb\u0103t\u0103 &nbsp; Duminic\u0103 &nbsp;<\/p>\n","protected":false},"author":16,"featured_media":6398,"comment_status":"open","ping_status":"open","sticky":false,"template":"","format":"standard","meta":{"inline_featured_image":false,"footnotes":""},"categories":[4],"tags":[],"class_list":["post-6393","post","type-post","status-publish","format-standard","has-post-thumbnail","hentry","category-eveniment"],"yoast_head":"<!-- This site is optimized with the Yoast SEO plugin v27.4 - https:\/\/yoast.com\/product\/yoast-seo-wordpress\/ -->\n<title>23 \u2013 26 Iulie: \u00cen Alba Iulia weekend-ul \u00eencepe de joi! - Revista Urbea Mea - Revista de Alba<\/title>\n<meta name=\"description\" content=\"\u00cen Alba Iulia weekend-ul \u00eencepe de joi. Afl\u0103 unde te po\u0163i distra \u00een ora\u015ful t\u0103u doar pe\u00a0www.urbeamea.ro. Joi &nbsp; Vineri &nbsp; S\u00e2mb\u0103t\u0103 &nbsp;\" \/>\n<meta name=\"robots\" content=\"index, follow, max-snippet:-1, max-image-preview:large, max-video-preview:-1\" \/>\n<link rel=\"canonical\" href=\"https:\/\/urbeamea.ro\/albaiulia\/23-26-iulie-in-alba-iulia-weekend-ul-incepe-de-joi\/\" \/>\n<meta name=\"twitter:card\" content=\"summary_large_image\" \/>\n<meta name=\"twitter:title\" content=\"23 \u2013 26 Iulie: \u00cen Alba Iulia weekend-ul \u00eencepe de joi! - Revista Urbea Mea - Revista de Alba\" \/>\n<meta name=\"twitter:description\" content=\"\u00cen Alba Iulia weekend-ul \u00eencepe de joi. Afl\u0103 unde te po\u0163i distra \u00een ora\u015ful t\u0103u doar pe\u00a0www.urbeamea.ro. Joi &nbsp; Vineri &nbsp; S\u00e2mb\u0103t\u0103 &nbsp;\" \/>\n<meta name=\"twitter:image\" content=\"https:\/\/urbeamea.ro\/albaiulia\/wp-content\/uploads\/2015\/07\/Lasers_RESIZE-6.jpg\" \/>\n<meta name=\"twitter:creator\" content=\"@urbeameaweb\" \/>\n<meta name=\"twitter:site\" content=\"@urbeameaweb\" \/>\n<script type=\"application\/ld+json\" class=\"yoast-schema-graph\">{\"@context\":\"https:\\\/\\\/schema.org\",\"@graph\":[{\"@type\":\"Article\",\"@id\":\"https:\\\/\\\/urbeamea.ro\\\/albaiulia\\\/23-26-iulie-in-alba-iulia-weekend-ul-incepe-de-joi\\\/#article\",\"isPartOf\":{\"@id\":\"https:\\\/\\\/urbeamea.ro\\\/albaiulia\\\/23-26-iulie-in-alba-iulia-weekend-ul-incepe-de-joi\\\/\"},\"author\":{\"name\":\"Redac\u021bia UrbeaMea\",\"@id\":\"https:\\\/\\\/urbeamea.ro\\\/albaiulia\\\/#\\\/schema\\\/person\\\/272ae98052f8ee8980f59848df070247\"},\"headline\":\"23 \u2013 26 Iulie: \u00cen Alba Iulia weekend-ul \u00eencepe de joi!\",\"datePublished\":\"2015-07-22T09:01:45+00:00\",\"mainEntityOfPage\":{\"@id\":\"https:\\\/\\\/urbeamea.ro\\\/albaiulia\\\/23-26-iulie-in-alba-iulia-weekend-ul-incepe-de-joi\\\/\"},\"wordCount\":1717,\"commentCount\":0,\"image\":{\"@id\":\"https:\\\/\\\/urbeamea.ro\\\/albaiulia\\\/23-26-iulie-in-alba-iulia-weekend-ul-incepe-de-joi\\\/#primaryimage\"},\"thumbnailUrl\":\"https:\\\/\\\/urbeamea.ro\\\/albaiulia\\\/wp-content\\\/uploads\\\/2015\\\/07\\\/Lasers_RESIZE-6.jpg\",\"articleSection\":[\"Evenimente\"],\"inLanguage\":\"ro-RO\",\"potentialAction\":[{\"@type\":\"CommentAction\",\"name\":\"Comment\",\"target\":[\"https:\\\/\\\/urbeamea.ro\\\/albaiulia\\\/23-26-iulie-in-alba-iulia-weekend-ul-incepe-de-joi\\\/#respond\"]}]},{\"@type\":\"WebPage\",\"@id\":\"https:\\\/\\\/urbeamea.ro\\\/albaiulia\\\/23-26-iulie-in-alba-iulia-weekend-ul-incepe-de-joi\\\/\",\"url\":\"https:\\\/\\\/urbeamea.ro\\\/albaiulia\\\/23-26-iulie-in-alba-iulia-weekend-ul-incepe-de-joi\\\/\",\"name\":\"23 \u2013 26 Iulie: \u00cen Alba Iulia weekend-ul \u00eencepe de joi! - Revista Urbea Mea - Revista de Alba\",\"isPartOf\":{\"@id\":\"https:\\\/\\\/urbeamea.ro\\\/albaiulia\\\/#website\"},\"primaryImageOfPage\":{\"@id\":\"https:\\\/\\\/urbeamea.ro\\\/albaiulia\\\/23-26-iulie-in-alba-iulia-weekend-ul-incepe-de-joi\\\/#primaryimage\"},\"image\":{\"@id\":\"https:\\\/\\\/urbeamea.ro\\\/albaiulia\\\/23-26-iulie-in-alba-iulia-weekend-ul-incepe-de-joi\\\/#primaryimage\"},\"thumbnailUrl\":\"https:\\\/\\\/urbeamea.ro\\\/albaiulia\\\/wp-content\\\/uploads\\\/2015\\\/07\\\/Lasers_RESIZE-6.jpg\",\"datePublished\":\"2015-07-22T09:01:45+00:00\",\"author\":{\"@id\":\"https:\\\/\\\/urbeamea.ro\\\/albaiulia\\\/#\\\/schema\\\/person\\\/272ae98052f8ee8980f59848df070247\"},\"description\":\"\u00cen Alba Iulia weekend-ul \u00eencepe de joi. Afl\u0103 unde te po\u0163i distra \u00een ora\u015ful t\u0103u doar pe\u00a0www.urbeamea.ro. Joi &nbsp; Vineri &nbsp; S\u00e2mb\u0103t\u0103 &nbsp;\",\"breadcrumb\":{\"@id\":\"https:\\\/\\\/urbeamea.ro\\\/albaiulia\\\/23-26-iulie-in-alba-iulia-weekend-ul-incepe-de-joi\\\/#breadcrumb\"},\"inLanguage\":\"ro-RO\",\"potentialAction\":[{\"@type\":\"ReadAction\",\"target\":[\"https:\\\/\\\/urbeamea.ro\\\/albaiulia\\\/23-26-iulie-in-alba-iulia-weekend-ul-incepe-de-joi\\\/\"]}]},{\"@type\":\"ImageObject\",\"inLanguage\":\"ro-RO\",\"@id\":\"https:\\\/\\\/urbeamea.ro\\\/albaiulia\\\/23-26-iulie-in-alba-iulia-weekend-ul-incepe-de-joi\\\/#primaryimage\",\"url\":\"https:\\\/\\\/urbeamea.ro\\\/albaiulia\\\/wp-content\\\/uploads\\\/2015\\\/07\\\/Lasers_RESIZE-6.jpg\",\"contentUrl\":\"https:\\\/\\\/urbeamea.ro\\\/albaiulia\\\/wp-content\\\/uploads\\\/2015\\\/07\\\/Lasers_RESIZE-6.jpg\",\"width\":1280,\"height\":853},{\"@type\":\"BreadcrumbList\",\"@id\":\"https:\\\/\\\/urbeamea.ro\\\/albaiulia\\\/23-26-iulie-in-alba-iulia-weekend-ul-incepe-de-joi\\\/#breadcrumb\",\"itemListElement\":[{\"@type\":\"ListItem\",\"position\":1,\"name\":\"Prima pagin\u0103\",\"item\":\"https:\\\/\\\/urbeamea.ro\\\/albaiulia\\\/\"},{\"@type\":\"ListItem\",\"position\":2,\"name\":\"23 \u2013 26 Iulie: \u00cen Alba Iulia weekend-ul \u00eencepe de joi!\"}]},{\"@type\":\"WebSite\",\"@id\":\"https:\\\/\\\/urbeamea.ro\\\/albaiulia\\\/#website\",\"url\":\"https:\\\/\\\/urbeamea.ro\\\/albaiulia\\\/\",\"name\":\"Revista Urbea Mea, Stiri urbane\",\"description\":\"Evenimente \u0219i \u0219tiri din Alba Iulia, Sebe\u0219, Aiud, Blaj\",\"potentialAction\":[{\"@type\":\"SearchAction\",\"target\":{\"@type\":\"EntryPoint\",\"urlTemplate\":\"https:\\\/\\\/urbeamea.ro\\\/albaiulia\\\/?s={search_term_string}\"},\"query-input\":{\"@type\":\"PropertyValueSpecification\",\"valueRequired\":true,\"valueName\":\"search_term_string\"}}],\"inLanguage\":\"ro-RO\"},{\"@type\":\"Person\",\"@id\":\"https:\\\/\\\/urbeamea.ro\\\/albaiulia\\\/#\\\/schema\\\/person\\\/272ae98052f8ee8980f59848df070247\",\"name\":\"Redac\u021bia UrbeaMea\",\"image\":{\"@type\":\"ImageObject\",\"inLanguage\":\"ro-RO\",\"@id\":\"https:\\\/\\\/secure.gravatar.com\\\/avatar\\\/9ce5a9435071fa1037e8468053ead8e513dbbff59009d3069aadb85506d85a27?s=96&d=mm&r=g\",\"url\":\"https:\\\/\\\/secure.gravatar.com\\\/avatar\\\/9ce5a9435071fa1037e8468053ead8e513dbbff59009d3069aadb85506d85a27?s=96&d=mm&r=g\",\"contentUrl\":\"https:\\\/\\\/secure.gravatar.com\\\/avatar\\\/9ce5a9435071fa1037e8468053ead8e513dbbff59009d3069aadb85506d85a27?s=96&d=mm&r=g\",\"caption\":\"Redac\u021bia UrbeaMea\"},\"description\":\"contact@urbeamea.ro\",\"sameAs\":[\"https:\\\/\\\/www.urbeamea.ro\"],\"url\":\"https:\\\/\\\/urbeamea.ro\\\/albaiulia\\\/author\\\/redactia-urbeamea\\\/\"}]}<\/script>\n<!-- \/ Yoast SEO plugin. -->","yoast_head_json":{"title":"23 \u2013 26 Iulie: \u00cen Alba Iulia weekend-ul \u00eencepe de joi! - Revista Urbea Mea - Revista de Alba","description":"\u00cen Alba Iulia weekend-ul \u00eencepe de joi. Afl\u0103 unde te po\u0163i distra \u00een ora\u015ful t\u0103u doar pe\u00a0www.urbeamea.ro. Joi &nbsp; Vineri &nbsp; S\u00e2mb\u0103t\u0103 &nbsp;","robots":{"index":"index","follow":"follow","max-snippet":"max-snippet:-1","max-image-preview":"max-image-preview:large","max-video-preview":"max-video-preview:-1"},"canonical":"https:\/\/urbeamea.ro\/albaiulia\/23-26-iulie-in-alba-iulia-weekend-ul-incepe-de-joi\/","twitter_card":"summary_large_image","twitter_title":"23 \u2013 26 Iulie: \u00cen Alba Iulia weekend-ul \u00eencepe de joi! - Revista Urbea Mea - Revista de Alba","twitter_description":"\u00cen Alba Iulia weekend-ul \u00eencepe de joi. Afl\u0103 unde te po\u0163i distra \u00een ora\u015ful t\u0103u doar pe\u00a0www.urbeamea.ro. Joi &nbsp; Vineri &nbsp; S\u00e2mb\u0103t\u0103 &nbsp;","twitter_image":"https:\/\/urbeamea.ro\/albaiulia\/wp-content\/uploads\/2015\/07\/Lasers_RESIZE-6.jpg","twitter_creator":"@urbeameaweb","twitter_site":"@urbeameaweb","schema":{"@context":"https:\/\/schema.org","@graph":[{"@type":"Article","@id":"https:\/\/urbeamea.ro\/albaiulia\/23-26-iulie-in-alba-iulia-weekend-ul-incepe-de-joi\/#article","isPartOf":{"@id":"https:\/\/urbeamea.ro\/albaiulia\/23-26-iulie-in-alba-iulia-weekend-ul-incepe-de-joi\/"},"author":{"name":"Redac\u021bia UrbeaMea","@id":"https:\/\/urbeamea.ro\/albaiulia\/#\/schema\/person\/272ae98052f8ee8980f59848df070247"},"headline":"23 \u2013 26 Iulie: \u00cen Alba Iulia weekend-ul \u00eencepe de joi!","datePublished":"2015-07-22T09:01:45+00:00","mainEntityOfPage":{"@id":"https:\/\/urbeamea.ro\/albaiulia\/23-26-iulie-in-alba-iulia-weekend-ul-incepe-de-joi\/"},"wordCount":1717,"commentCount":0,"image":{"@id":"https:\/\/urbeamea.ro\/albaiulia\/23-26-iulie-in-alba-iulia-weekend-ul-incepe-de-joi\/#primaryimage"},"thumbnailUrl":"https:\/\/urbeamea.ro\/albaiulia\/wp-content\/uploads\/2015\/07\/Lasers_RESIZE-6.jpg","articleSection":["Evenimente"],"inLanguage":"ro-RO","potentialAction":[{"@type":"CommentAction","name":"Comment","target":["https:\/\/urbeamea.ro\/albaiulia\/23-26-iulie-in-alba-iulia-weekend-ul-incepe-de-joi\/#respond"]}]},{"@type":"WebPage","@id":"https:\/\/urbeamea.ro\/albaiulia\/23-26-iulie-in-alba-iulia-weekend-ul-incepe-de-joi\/","url":"https:\/\/urbeamea.ro\/albaiulia\/23-26-iulie-in-alba-iulia-weekend-ul-incepe-de-joi\/","name":"23 \u2013 26 Iulie: \u00cen Alba Iulia weekend-ul \u00eencepe de joi! - Revista Urbea Mea - Revista de Alba","isPartOf":{"@id":"https:\/\/urbeamea.ro\/albaiulia\/#website"},"primaryImageOfPage":{"@id":"https:\/\/urbeamea.ro\/albaiulia\/23-26-iulie-in-alba-iulia-weekend-ul-incepe-de-joi\/#primaryimage"},"image":{"@id":"https:\/\/urbeamea.ro\/albaiulia\/23-26-iulie-in-alba-iulia-weekend-ul-incepe-de-joi\/#primaryimage"},"thumbnailUrl":"https:\/\/urbeamea.ro\/albaiulia\/wp-content\/uploads\/2015\/07\/Lasers_RESIZE-6.jpg","datePublished":"2015-07-22T09:01:45+00:00","author":{"@id":"https:\/\/urbeamea.ro\/albaiulia\/#\/schema\/person\/272ae98052f8ee8980f59848df070247"},"description":"\u00cen Alba Iulia weekend-ul \u00eencepe de joi. Afl\u0103 unde te po\u0163i distra \u00een ora\u015ful t\u0103u doar pe\u00a0www.urbeamea.ro. Joi &nbsp; Vineri &nbsp; S\u00e2mb\u0103t\u0103 &nbsp;","breadcrumb":{"@id":"https:\/\/urbeamea.ro\/albaiulia\/23-26-iulie-in-alba-iulia-weekend-ul-incepe-de-joi\/#breadcrumb"},"inLanguage":"ro-RO","potentialAction":[{"@type":"ReadAction","target":["https:\/\/urbeamea.ro\/albaiulia\/23-26-iulie-in-alba-iulia-weekend-ul-incepe-de-joi\/"]}]},{"@type":"ImageObject","inLanguage":"ro-RO","@id":"https:\/\/urbeamea.ro\/albaiulia\/23-26-iulie-in-alba-iulia-weekend-ul-incepe-de-joi\/#primaryimage","url":"https:\/\/urbeamea.ro\/albaiulia\/wp-content\/uploads\/2015\/07\/Lasers_RESIZE-6.jpg","contentUrl":"https:\/\/urbeamea.ro\/albaiulia\/wp-content\/uploads\/2015\/07\/Lasers_RESIZE-6.jpg","width":1280,"height":853},{"@type":"BreadcrumbList","@id":"https:\/\/urbeamea.ro\/albaiulia\/23-26-iulie-in-alba-iulia-weekend-ul-incepe-de-joi\/#breadcrumb","itemListElement":[{"@type":"ListItem","position":1,"name":"Prima pagin\u0103","item":"https:\/\/urbeamea.ro\/albaiulia\/"},{"@type":"ListItem","position":2,"name":"23 \u2013 26 Iulie: \u00cen Alba Iulia weekend-ul \u00eencepe de joi!"}]},{"@type":"WebSite","@id":"https:\/\/urbeamea.ro\/albaiulia\/#website","url":"https:\/\/urbeamea.ro\/albaiulia\/","name":"Revista Urbea Mea, Stiri urbane","description":"Evenimente \u0219i \u0219tiri din Alba Iulia, Sebe\u0219, Aiud, Blaj","potentialAction":[{"@type":"SearchAction","target":{"@type":"EntryPoint","urlTemplate":"https:\/\/urbeamea.ro\/albaiulia\/?s={search_term_string}"},"query-input":{"@type":"PropertyValueSpecification","valueRequired":true,"valueName":"search_term_string"}}],"inLanguage":"ro-RO"},{"@type":"Person","@id":"https:\/\/urbeamea.ro\/albaiulia\/#\/schema\/person\/272ae98052f8ee8980f59848df070247","name":"Redac\u021bia UrbeaMea","image":{"@type":"ImageObject","inLanguage":"ro-RO","@id":"https:\/\/secure.gravatar.com\/avatar\/9ce5a9435071fa1037e8468053ead8e513dbbff59009d3069aadb85506d85a27?s=96&d=mm&r=g","url":"https:\/\/secure.gravatar.com\/avatar\/9ce5a9435071fa1037e8468053ead8e513dbbff59009d3069aadb85506d85a27?s=96&d=mm&r=g","contentUrl":"https:\/\/secure.gravatar.com\/avatar\/9ce5a9435071fa1037e8468053ead8e513dbbff59009d3069aadb85506d85a27?s=96&d=mm&r=g","caption":"Redac\u021bia UrbeaMea"},"description":"contact@urbeamea.ro","sameAs":["https:\/\/www.urbeamea.ro"],"url":"https:\/\/urbeamea.ro\/albaiulia\/author\/redactia-urbeamea\/"}]}},"_links":{"self":[{"href":"https:\/\/urbeamea.ro\/albaiulia\/wp-json\/wp\/v2\/posts\/6393","targetHints":{"allow":["GET"]}}],"collection":[{"href":"https:\/\/urbeamea.ro\/albaiulia\/wp-json\/wp\/v2\/posts"}],"about":[{"href":"https:\/\/urbeamea.ro\/albaiulia\/wp-json\/wp\/v2\/types\/post"}],"author":[{"embeddable":true,"href":"https:\/\/urbeamea.ro\/albaiulia\/wp-json\/wp\/v2\/users\/16"}],"replies":[{"embeddable":true,"href":"https:\/\/urbeamea.ro\/albaiulia\/wp-json\/wp\/v2\/comments?post=6393"}],"version-history":[{"count":0,"href":"https:\/\/urbeamea.ro\/albaiulia\/wp-json\/wp\/v2\/posts\/6393\/revisions"}],"wp:featuredmedia":[{"embeddable":true,"href":"https:\/\/urbeamea.ro\/albaiulia\/wp-json\/wp\/v2\/media\/6398"}],"wp:attachment":[{"href":"https:\/\/urbeamea.ro\/albaiulia\/wp-json\/wp\/v2\/media?parent=6393"}],"wp:term":[{"taxonomy":"category","embeddable":true,"href":"https:\/\/urbeamea.ro\/albaiulia\/wp-json\/wp\/v2\/categories?post=6393"},{"taxonomy":"post_tag","embeddable":true,"href":"https:\/\/urbeamea.ro\/albaiulia\/wp-json\/wp\/v2\/tags?post=6393"}],"curies":[{"name":"wp","href":"https:\/\/api.w.org\/{rel}","templated":true}]}}