{"id":6402,"date":"2015-07-22T11:56:21","date_gmt":"2015-07-22T08:56:21","guid":{"rendered":"http:\/\/urbeamea.ro\/albaiulia\/?p=6402"},"modified":"2016-01-18T22:23:19","modified_gmt":"2016-01-18T20:23:19","slug":"evaluarea-activitatii-politiei-municipiului-alba-iulia-pe-primele-6-luni-ale-anului-2015","status":"publish","type":"post","link":"https:\/\/urbeamea.ro\/albaiulia\/evaluarea-activitatii-politiei-municipiului-alba-iulia-pe-primele-6-luni-ale-anului-2015\/","title":{"rendered":"Evaluarea activit\u0103\u0163ii Poli\u0163iei municipiului Alba Iulia, pe primele 6 luni ale anului 2015"},"content":{"rendered":"<p><strong><a href=\"http:\/\/urbeamea.ro\/albaiulia\/wp-content\/uploads\/2015\/05\/politiarutieramasinapolitieradar-1375949865.jpg\"><img loading=\"lazy\" decoding=\"async\" class=\"alignleft size-medium wp-image-4305\" src=\"http:\/\/urbeamea.ro\/albaiulia\/wp-content\/uploads\/2015\/05\/politiarutieramasinapolitieradar-1375949865-300x200.jpg\" alt=\"politiarutieramasinapolitieradar-1375949865\" width=\"300\" height=\"200\" \/><\/a>\u00cen primele 6 luni ale anului 2015, \u00een Alba Iulia \u015fi \u00een localit\u0103\u0163ile rurale arondate municipiului, fa\u0163\u0103 de aceea\u015fi perioad\u0103 a anului 2014, s-au \u00eenregistrat mai pu\u0163ine fapte contra persoanei, mai pu\u0163ine furturi \u015fi mai pu\u0163ine infrac\u0163iuni stradale.<\/strong><\/p>\n<p>Domnul chestor principal de poli\u0163ie Ioan Nicolae C\u0103bulea, \u015feful Inspectoratului de Poli\u0163ie Jude\u0163ean Alba, a participat la evaluarea activit\u0103\u0163ii Poli\u0163iei Municipiului Alba Iulia, pe primele 6 luni ale anului 2015.<\/p>\n<p>La aceast\u0103 activitate au fost prezen\u0163i poli\u0163i\u015ftii Poli\u0163iei Municipiului Alba Iulia, \u015fefii sec\u0163iilor de poli\u0163ie rural\u0103 Galda de Jos \u015fi Vin\u0163u de Jos \u015fi \u015fefii celor 13 posturi de poli\u0163ie comunal\u0103, a c\u0103ror activitate este coordonat\u0103 de conducerea acestei poli\u0163ii municipale.<\/p>\n<p>Din materialul de analiz\u0103, prezentat de comisarul \u015fef de poli\u0163ie Cri\u015fan Mircea, \u015feful Poli\u0163iei municipiului Alba Iulia, a rezultat c\u0103 activitatea poli\u0163i\u015ftilor din Alba Iulia \u015fi din localit\u0103\u0163ile rurale arondate au vizat cre\u015fterea gradului de siguran\u0163\u0103 a cet\u0103\u0163eanului, prevenirea \u015fi combaterea infrac\u0163iunilor precum \u015fi reducerea riscului rutier.<\/p>\n<p>Potrivit acestuia, num\u0103rul infrac\u0163iunilor sesizate \u00een municipiul Alba Iulia a \u00eenregistrat o sc\u0103dere cu 11%, de la 1.272, \u00een semestrul I 2014, la 1.123 \u2013 \u00een semestrul I 2015. Cele mai mari sc\u0103deri s-au \u00eenregistrat la sesiz\u0103rile de infrac\u0163iuni contra persoanei, (cu 100 de fapte) \u015fi contra patrimoniului, (cu 76 de fapte) dar au fost \u00eenregistrate \u015fi sc\u0103deri privind infrac\u0163iunile stradale. \u00cen mediul rural, la nivelul sec\u0163iilor de poli\u0163ie rural\u0103 Galda de Jos \u015fi Vin\u0163u de Jos \u015fi a celor 13 posturi de poli\u0163ie arondate, au fost sesizate 506 infrac\u0163iuni, cu 6 mai pu\u0163ine fa\u0163\u0103 de 6 luni 2014.<\/p>\n<p>\u00cen ceea ce prive\u015fte infrac\u0163iunile contra patrimoniului, s-a constatat o diminuare \u00een mediul urban a faptelor de furt din locuin\u0163e \u015fi a furturilor din autovehicule \u015fi o u\u015foar\u0103 cre\u015ftere a furturilor din societ\u0103\u0163i comerciale (cu 3 fapte), majoritatea acestui tip de fapte fiind furturi de pe raft.<\/p>\n<p>\u00cen primele 6 luni ale anului 2015, poli\u0163i\u015ftii din cadrul Poli\u0163iei Municipiului Alba Iulia au intervenit la 1.499 de semnal\u0103ri ale cet\u0103\u0163enilor prin 112, iar poli\u0163i\u015ftii celor doua sec\u0163ii de poli\u0163ie rural\u0103 arondate au r\u0103spuns unui num\u0103r de 430 de apeluri prin care erau semnalate urgen\u0163e.<\/p>\n<p>Pentru o mai bun\u0103 acoperire a teritoriului din punct de vedere poli\u0163ienesc, reducerea timpului de reac\u0163ie \u015fi \u00eembun\u0103t\u0103\u0163irea sistemului de interven\u0163ie la evenimente, dispozitivul de siguran\u0163\u0103 public\u0103 a fost adaptat permanent, prin constituirea de patrule mixte, \u015fi colaborarea cu poli\u0163i\u015ftii Serviciului pentru Ac\u0163iuni Speciale dar \u015fi cu jandarmi din cadrul Inspectoratului de Jandarmi Jude\u0163ean Alba \u015fi lucr\u0103tori ai Poli\u0163iei Locale Alba Iulia.<\/p>\n<p>\u00cen ceea ce prive\u015fte siguran\u0163a traficului rutier, \u00een primele 6 luni ale anului 2015, poli\u0163i\u015ftii rutieri, sprijini\u0163i de cei de la ordine public\u0103, au intervenit pentru solu\u0163ionarea unui num\u0103r de 17 accidente de circula\u0163ie (cu 3 mai multe dec\u00e2t \u00een primele 6 luni 2014), soldate cu un mort \u015fi 21 de r\u0103ni\u0163i grav.<\/p>\n<p>Principalele cauze generatoare de accidente rutiere \u00een Alba Iulia au fost neadaptarea vitezei la condi\u0163iile de drum, nep\u0103strarea distan\u0163ei corespunz\u0103toare \u015fi indisciplina pietonilor.<\/p>\n<p>Pentru combaterea indisciplinei rutiere au fost aplicate 7.830 de sanc\u0163iuni contraven\u0163ionale, au fost re\u0163inute, \u00een vederea suspend\u0103rii, 329 de permise de conducere \u015fi au fost retrase 236 de certificate de \u00eenmatriculare.<\/p>\n<p>Prin prisma indicatorilor statistici, \u015feful inspectoratului, domnul chestor principal de poli\u0163ie Ioan Nicolae C\u0103bulea, a apreciat activitatea poli\u0163i\u015ftilor din Alba Iulia \u015fi de la cele dou\u0103 sec\u0163ii de poli\u0163ie de poli\u0163ie rural\u0103, ca fiind una bun\u0103.<\/p>\n<p>Domnia sa le-a cerut celor prezen\u0163i la \u00eent\u00e2lnire s\u0103 se implice mai mult pentru identificarea persoanelor predispuse la s\u0103v\u00e2r\u015firea de infrac\u0163iuni \u015fi le-a recomandat s\u0103 ac\u0163ioneze cu profesionalism \u015fi fermitate pentru asigurarea unui grad de siguran\u0163\u0103 stradal\u0103 ridicat \u015fi pentru combaterea indisciplinei \u00een traficul rutier.<\/p>\n<p>Totodat\u0103 a reiterat necesitatea continu\u0103rii activit\u0103\u0163ilor de prevenire \u015fi combatere a infrac\u0163ionalit\u0103\u0163ii pe toate liniile de munc\u0103, astfel \u00eenc\u00e2t s\u0103 se asigure cet\u0103\u0163enilor, \u00een mod constant, un climat de normalitate \u015fi siguran\u0163\u0103 public\u0103 \u015fi \u00een mod deosebit a cerut continuarea activit\u0103\u0163ilor pentru cre\u015fterea gradului de siguran\u0163\u0103 al elevilor, at\u00e2t pe perioada vacan\u0163ei de var\u0103, c\u00e2t \u015fi dup\u0103 ce vor \u00eencepe cursurile \u015fcolare.<\/p>\n","protected":false},"excerpt":{"rendered":"<p>\u00cen primele 6 luni ale anului 2015, \u00een Alba Iulia \u015fi \u00een localit\u0103\u0163ile rurale arondate municipiului, fa\u0163\u0103 de aceea\u015fi perioad\u0103 a anului 2014, s-au \u00eenregistrat mai pu\u0163ine fapte contra persoanei, mai pu\u0163ine furturi \u015fi mai pu\u0163ine infrac\u0163iuni stradale. Domnul chestor principal de poli\u0163ie Ioan Nicolae C\u0103bulea, \u015feful Inspectoratului de Poli\u0163ie Jude\u0163ean Alba, a participat la &hellip;<\/p>\n","protected":false},"author":16,"featured_media":4305,"comment_status":"open","ping_status":"open","sticky":false,"template":"","format":"standard","meta":{"inline_featured_image":false,"footnotes":""},"categories":[2034],"tags":[],"class_list":["post-6402","post","type-post","status-publish","format-standard","has-post-thumbnail","hentry","category-social"],"yoast_head":"<!-- This site is optimized with the Yoast SEO plugin v27.4 - https:\/\/yoast.com\/product\/yoast-seo-wordpress\/ -->\n<title>Evaluarea activit\u0103\u0163ii Poli\u0163iei municipiului Alba Iulia, pe primele 6 luni ale anului 2015 - Revista Urbea Mea - Revista de Alba<\/title>\n<meta name=\"description\" content=\"\u00cen primele 6 luni ale anului 2015, \u00een Alba Iulia \u015fi \u00een localit\u0103\u0163ile rurale arondate municipiului, fa\u0163\u0103 de aceea\u015fi perioad\u0103 a anului 2014, s-au \u00eenregistrat\" \/>\n<meta name=\"robots\" content=\"index, follow, max-snippet:-1, max-image-preview:large, max-video-preview:-1\" \/>\n<link rel=\"canonical\" href=\"https:\/\/urbeamea.ro\/albaiulia\/evaluarea-activitatii-politiei-municipiului-alba-iulia-pe-primele-6-luni-ale-anului-2015\/\" \/>\n<meta name=\"twitter:card\" content=\"summary_large_image\" \/>\n<meta name=\"twitter:title\" content=\"Evaluarea activit\u0103\u0163ii Poli\u0163iei municipiului Alba Iulia, pe primele 6 luni ale anului 2015 - Revista Urbea Mea - Revista de Alba\" \/>\n<meta name=\"twitter:description\" content=\"\u00cen primele 6 luni ale anului 2015, \u00een Alba Iulia \u015fi \u00een localit\u0103\u0163ile rurale arondate municipiului, fa\u0163\u0103 de aceea\u015fi perioad\u0103 a anului 2014, s-au \u00eenregistrat\" \/>\n<meta name=\"twitter:image\" content=\"https:\/\/urbeamea.ro\/albaiulia\/wp-content\/uploads\/2015\/05\/politiarutieramasinapolitieradar-1375949865.jpg\" \/>\n<meta name=\"twitter:creator\" content=\"@urbeameaweb\" \/>\n<meta name=\"twitter:site\" content=\"@urbeameaweb\" \/>\n<script type=\"application\/ld+json\" class=\"yoast-schema-graph\">{\"@context\":\"https:\\\/\\\/schema.org\",\"@graph\":[{\"@type\":\"Article\",\"@id\":\"https:\\\/\\\/urbeamea.ro\\\/albaiulia\\\/evaluarea-activitatii-politiei-municipiului-alba-iulia-pe-primele-6-luni-ale-anului-2015\\\/#article\",\"isPartOf\":{\"@id\":\"https:\\\/\\\/urbeamea.ro\\\/albaiulia\\\/evaluarea-activitatii-politiei-municipiului-alba-iulia-pe-primele-6-luni-ale-anului-2015\\\/\"},\"author\":{\"name\":\"Redac\u021bia UrbeaMea\",\"@id\":\"https:\\\/\\\/urbeamea.ro\\\/albaiulia\\\/#\\\/schema\\\/person\\\/272ae98052f8ee8980f59848df070247\"},\"headline\":\"Evaluarea activit\u0103\u0163ii Poli\u0163iei municipiului Alba Iulia, pe primele 6 luni ale anului 2015\",\"datePublished\":\"2015-07-22T08:56:21+00:00\",\"dateModified\":\"2016-01-18T20:23:19+00:00\",\"mainEntityOfPage\":{\"@id\":\"https:\\\/\\\/urbeamea.ro\\\/albaiulia\\\/evaluarea-activitatii-politiei-municipiului-alba-iulia-pe-primele-6-luni-ale-anului-2015\\\/\"},\"wordCount\":756,\"commentCount\":0,\"image\":{\"@id\":\"https:\\\/\\\/urbeamea.ro\\\/albaiulia\\\/evaluarea-activitatii-politiei-municipiului-alba-iulia-pe-primele-6-luni-ale-anului-2015\\\/#primaryimage\"},\"thumbnailUrl\":\"https:\\\/\\\/urbeamea.ro\\\/albaiulia\\\/wp-content\\\/uploads\\\/2015\\\/05\\\/politiarutieramasinapolitieradar-1375949865.jpg\",\"articleSection\":[\"Social\"],\"inLanguage\":\"ro-RO\",\"potentialAction\":[{\"@type\":\"CommentAction\",\"name\":\"Comment\",\"target\":[\"https:\\\/\\\/urbeamea.ro\\\/albaiulia\\\/evaluarea-activitatii-politiei-municipiului-alba-iulia-pe-primele-6-luni-ale-anului-2015\\\/#respond\"]}]},{\"@type\":\"WebPage\",\"@id\":\"https:\\\/\\\/urbeamea.ro\\\/albaiulia\\\/evaluarea-activitatii-politiei-municipiului-alba-iulia-pe-primele-6-luni-ale-anului-2015\\\/\",\"url\":\"https:\\\/\\\/urbeamea.ro\\\/albaiulia\\\/evaluarea-activitatii-politiei-municipiului-alba-iulia-pe-primele-6-luni-ale-anului-2015\\\/\",\"name\":\"Evaluarea activit\u0103\u0163ii Poli\u0163iei municipiului Alba Iulia, pe primele 6 luni ale anului 2015 - Revista Urbea Mea - Revista de Alba\",\"isPartOf\":{\"@id\":\"https:\\\/\\\/urbeamea.ro\\\/albaiulia\\\/#website\"},\"primaryImageOfPage\":{\"@id\":\"https:\\\/\\\/urbeamea.ro\\\/albaiulia\\\/evaluarea-activitatii-politiei-municipiului-alba-iulia-pe-primele-6-luni-ale-anului-2015\\\/#primaryimage\"},\"image\":{\"@id\":\"https:\\\/\\\/urbeamea.ro\\\/albaiulia\\\/evaluarea-activitatii-politiei-municipiului-alba-iulia-pe-primele-6-luni-ale-anului-2015\\\/#primaryimage\"},\"thumbnailUrl\":\"https:\\\/\\\/urbeamea.ro\\\/albaiulia\\\/wp-content\\\/uploads\\\/2015\\\/05\\\/politiarutieramasinapolitieradar-1375949865.jpg\",\"datePublished\":\"2015-07-22T08:56:21+00:00\",\"dateModified\":\"2016-01-18T20:23:19+00:00\",\"author\":{\"@id\":\"https:\\\/\\\/urbeamea.ro\\\/albaiulia\\\/#\\\/schema\\\/person\\\/272ae98052f8ee8980f59848df070247\"},\"description\":\"\u00cen primele 6 luni ale anului 2015, \u00een Alba Iulia \u015fi \u00een localit\u0103\u0163ile rurale arondate municipiului, fa\u0163\u0103 de aceea\u015fi perioad\u0103 a anului 2014, s-au \u00eenregistrat\",\"breadcrumb\":{\"@id\":\"https:\\\/\\\/urbeamea.ro\\\/albaiulia\\\/evaluarea-activitatii-politiei-municipiului-alba-iulia-pe-primele-6-luni-ale-anului-2015\\\/#breadcrumb\"},\"inLanguage\":\"ro-RO\",\"potentialAction\":[{\"@type\":\"ReadAction\",\"target\":[\"https:\\\/\\\/urbeamea.ro\\\/albaiulia\\\/evaluarea-activitatii-politiei-municipiului-alba-iulia-pe-primele-6-luni-ale-anului-2015\\\/\"]}]},{\"@type\":\"ImageObject\",\"inLanguage\":\"ro-RO\",\"@id\":\"https:\\\/\\\/urbeamea.ro\\\/albaiulia\\\/evaluarea-activitatii-politiei-municipiului-alba-iulia-pe-primele-6-luni-ale-anului-2015\\\/#primaryimage\",\"url\":\"https:\\\/\\\/urbeamea.ro\\\/albaiulia\\\/wp-content\\\/uploads\\\/2015\\\/05\\\/politiarutieramasinapolitieradar-1375949865.jpg\",\"contentUrl\":\"https:\\\/\\\/urbeamea.ro\\\/albaiulia\\\/wp-content\\\/uploads\\\/2015\\\/05\\\/politiarutieramasinapolitieradar-1375949865.jpg\",\"width\":1000,\"height\":667},{\"@type\":\"BreadcrumbList\",\"@id\":\"https:\\\/\\\/urbeamea.ro\\\/albaiulia\\\/evaluarea-activitatii-politiei-municipiului-alba-iulia-pe-primele-6-luni-ale-anului-2015\\\/#breadcrumb\",\"itemListElement\":[{\"@type\":\"ListItem\",\"position\":1,\"name\":\"Prima pagin\u0103\",\"item\":\"https:\\\/\\\/urbeamea.ro\\\/albaiulia\\\/\"},{\"@type\":\"ListItem\",\"position\":2,\"name\":\"Evaluarea activit\u0103\u0163ii Poli\u0163iei municipiului Alba Iulia, pe primele 6 luni ale anului 2015\"}]},{\"@type\":\"WebSite\",\"@id\":\"https:\\\/\\\/urbeamea.ro\\\/albaiulia\\\/#website\",\"url\":\"https:\\\/\\\/urbeamea.ro\\\/albaiulia\\\/\",\"name\":\"Revista Urbea Mea, Stiri urbane\",\"description\":\"Evenimente \u0219i \u0219tiri din Alba Iulia, Sebe\u0219, Aiud, Blaj\",\"potentialAction\":[{\"@type\":\"SearchAction\",\"target\":{\"@type\":\"EntryPoint\",\"urlTemplate\":\"https:\\\/\\\/urbeamea.ro\\\/albaiulia\\\/?s={search_term_string}\"},\"query-input\":{\"@type\":\"PropertyValueSpecification\",\"valueRequired\":true,\"valueName\":\"search_term_string\"}}],\"inLanguage\":\"ro-RO\"},{\"@type\":\"Person\",\"@id\":\"https:\\\/\\\/urbeamea.ro\\\/albaiulia\\\/#\\\/schema\\\/person\\\/272ae98052f8ee8980f59848df070247\",\"name\":\"Redac\u021bia UrbeaMea\",\"image\":{\"@type\":\"ImageObject\",\"inLanguage\":\"ro-RO\",\"@id\":\"https:\\\/\\\/secure.gravatar.com\\\/avatar\\\/9ce5a9435071fa1037e8468053ead8e513dbbff59009d3069aadb85506d85a27?s=96&d=mm&r=g\",\"url\":\"https:\\\/\\\/secure.gravatar.com\\\/avatar\\\/9ce5a9435071fa1037e8468053ead8e513dbbff59009d3069aadb85506d85a27?s=96&d=mm&r=g\",\"contentUrl\":\"https:\\\/\\\/secure.gravatar.com\\\/avatar\\\/9ce5a9435071fa1037e8468053ead8e513dbbff59009d3069aadb85506d85a27?s=96&d=mm&r=g\",\"caption\":\"Redac\u021bia UrbeaMea\"},\"description\":\"contact@urbeamea.ro\",\"sameAs\":[\"https:\\\/\\\/www.urbeamea.ro\"],\"url\":\"https:\\\/\\\/urbeamea.ro\\\/albaiulia\\\/author\\\/redactia-urbeamea\\\/\"}]}<\/script>\n<!-- \/ Yoast SEO plugin. -->","yoast_head_json":{"title":"Evaluarea activit\u0103\u0163ii Poli\u0163iei municipiului Alba Iulia, pe primele 6 luni ale anului 2015 - Revista Urbea Mea - Revista de Alba","description":"\u00cen primele 6 luni ale anului 2015, \u00een Alba Iulia \u015fi \u00een localit\u0103\u0163ile rurale arondate municipiului, fa\u0163\u0103 de aceea\u015fi perioad\u0103 a anului 2014, s-au \u00eenregistrat","robots":{"index":"index","follow":"follow","max-snippet":"max-snippet:-1","max-image-preview":"max-image-preview:large","max-video-preview":"max-video-preview:-1"},"canonical":"https:\/\/urbeamea.ro\/albaiulia\/evaluarea-activitatii-politiei-municipiului-alba-iulia-pe-primele-6-luni-ale-anului-2015\/","twitter_card":"summary_large_image","twitter_title":"Evaluarea activit\u0103\u0163ii Poli\u0163iei municipiului Alba Iulia, pe primele 6 luni ale anului 2015 - Revista Urbea Mea - Revista de Alba","twitter_description":"\u00cen primele 6 luni ale anului 2015, \u00een Alba Iulia \u015fi \u00een localit\u0103\u0163ile rurale arondate municipiului, fa\u0163\u0103 de aceea\u015fi perioad\u0103 a anului 2014, s-au \u00eenregistrat","twitter_image":"https:\/\/urbeamea.ro\/albaiulia\/wp-content\/uploads\/2015\/05\/politiarutieramasinapolitieradar-1375949865.jpg","twitter_creator":"@urbeameaweb","twitter_site":"@urbeameaweb","schema":{"@context":"https:\/\/schema.org","@graph":[{"@type":"Article","@id":"https:\/\/urbeamea.ro\/albaiulia\/evaluarea-activitatii-politiei-municipiului-alba-iulia-pe-primele-6-luni-ale-anului-2015\/#article","isPartOf":{"@id":"https:\/\/urbeamea.ro\/albaiulia\/evaluarea-activitatii-politiei-municipiului-alba-iulia-pe-primele-6-luni-ale-anului-2015\/"},"author":{"name":"Redac\u021bia UrbeaMea","@id":"https:\/\/urbeamea.ro\/albaiulia\/#\/schema\/person\/272ae98052f8ee8980f59848df070247"},"headline":"Evaluarea activit\u0103\u0163ii Poli\u0163iei municipiului Alba Iulia, pe primele 6 luni ale anului 2015","datePublished":"2015-07-22T08:56:21+00:00","dateModified":"2016-01-18T20:23:19+00:00","mainEntityOfPage":{"@id":"https:\/\/urbeamea.ro\/albaiulia\/evaluarea-activitatii-politiei-municipiului-alba-iulia-pe-primele-6-luni-ale-anului-2015\/"},"wordCount":756,"commentCount":0,"image":{"@id":"https:\/\/urbeamea.ro\/albaiulia\/evaluarea-activitatii-politiei-municipiului-alba-iulia-pe-primele-6-luni-ale-anului-2015\/#primaryimage"},"thumbnailUrl":"https:\/\/urbeamea.ro\/albaiulia\/wp-content\/uploads\/2015\/05\/politiarutieramasinapolitieradar-1375949865.jpg","articleSection":["Social"],"inLanguage":"ro-RO","potentialAction":[{"@type":"CommentAction","name":"Comment","target":["https:\/\/urbeamea.ro\/albaiulia\/evaluarea-activitatii-politiei-municipiului-alba-iulia-pe-primele-6-luni-ale-anului-2015\/#respond"]}]},{"@type":"WebPage","@id":"https:\/\/urbeamea.ro\/albaiulia\/evaluarea-activitatii-politiei-municipiului-alba-iulia-pe-primele-6-luni-ale-anului-2015\/","url":"https:\/\/urbeamea.ro\/albaiulia\/evaluarea-activitatii-politiei-municipiului-alba-iulia-pe-primele-6-luni-ale-anului-2015\/","name":"Evaluarea activit\u0103\u0163ii Poli\u0163iei municipiului Alba Iulia, pe primele 6 luni ale anului 2015 - Revista Urbea Mea - Revista de Alba","isPartOf":{"@id":"https:\/\/urbeamea.ro\/albaiulia\/#website"},"primaryImageOfPage":{"@id":"https:\/\/urbeamea.ro\/albaiulia\/evaluarea-activitatii-politiei-municipiului-alba-iulia-pe-primele-6-luni-ale-anului-2015\/#primaryimage"},"image":{"@id":"https:\/\/urbeamea.ro\/albaiulia\/evaluarea-activitatii-politiei-municipiului-alba-iulia-pe-primele-6-luni-ale-anului-2015\/#primaryimage"},"thumbnailUrl":"https:\/\/urbeamea.ro\/albaiulia\/wp-content\/uploads\/2015\/05\/politiarutieramasinapolitieradar-1375949865.jpg","datePublished":"2015-07-22T08:56:21+00:00","dateModified":"2016-01-18T20:23:19+00:00","author":{"@id":"https:\/\/urbeamea.ro\/albaiulia\/#\/schema\/person\/272ae98052f8ee8980f59848df070247"},"description":"\u00cen primele 6 luni ale anului 2015, \u00een Alba Iulia \u015fi \u00een localit\u0103\u0163ile rurale arondate municipiului, fa\u0163\u0103 de aceea\u015fi perioad\u0103 a anului 2014, s-au \u00eenregistrat","breadcrumb":{"@id":"https:\/\/urbeamea.ro\/albaiulia\/evaluarea-activitatii-politiei-municipiului-alba-iulia-pe-primele-6-luni-ale-anului-2015\/#breadcrumb"},"inLanguage":"ro-RO","potentialAction":[{"@type":"ReadAction","target":["https:\/\/urbeamea.ro\/albaiulia\/evaluarea-activitatii-politiei-municipiului-alba-iulia-pe-primele-6-luni-ale-anului-2015\/"]}]},{"@type":"ImageObject","inLanguage":"ro-RO","@id":"https:\/\/urbeamea.ro\/albaiulia\/evaluarea-activitatii-politiei-municipiului-alba-iulia-pe-primele-6-luni-ale-anului-2015\/#primaryimage","url":"https:\/\/urbeamea.ro\/albaiulia\/wp-content\/uploads\/2015\/05\/politiarutieramasinapolitieradar-1375949865.jpg","contentUrl":"https:\/\/urbeamea.ro\/albaiulia\/wp-content\/uploads\/2015\/05\/politiarutieramasinapolitieradar-1375949865.jpg","width":1000,"height":667},{"@type":"BreadcrumbList","@id":"https:\/\/urbeamea.ro\/albaiulia\/evaluarea-activitatii-politiei-municipiului-alba-iulia-pe-primele-6-luni-ale-anului-2015\/#breadcrumb","itemListElement":[{"@type":"ListItem","position":1,"name":"Prima pagin\u0103","item":"https:\/\/urbeamea.ro\/albaiulia\/"},{"@type":"ListItem","position":2,"name":"Evaluarea activit\u0103\u0163ii Poli\u0163iei municipiului Alba Iulia, pe primele 6 luni ale anului 2015"}]},{"@type":"WebSite","@id":"https:\/\/urbeamea.ro\/albaiulia\/#website","url":"https:\/\/urbeamea.ro\/albaiulia\/","name":"Revista Urbea Mea, Stiri urbane","description":"Evenimente \u0219i \u0219tiri din Alba Iulia, Sebe\u0219, Aiud, Blaj","potentialAction":[{"@type":"SearchAction","target":{"@type":"EntryPoint","urlTemplate":"https:\/\/urbeamea.ro\/albaiulia\/?s={search_term_string}"},"query-input":{"@type":"PropertyValueSpecification","valueRequired":true,"valueName":"search_term_string"}}],"inLanguage":"ro-RO"},{"@type":"Person","@id":"https:\/\/urbeamea.ro\/albaiulia\/#\/schema\/person\/272ae98052f8ee8980f59848df070247","name":"Redac\u021bia UrbeaMea","image":{"@type":"ImageObject","inLanguage":"ro-RO","@id":"https:\/\/secure.gravatar.com\/avatar\/9ce5a9435071fa1037e8468053ead8e513dbbff59009d3069aadb85506d85a27?s=96&d=mm&r=g","url":"https:\/\/secure.gravatar.com\/avatar\/9ce5a9435071fa1037e8468053ead8e513dbbff59009d3069aadb85506d85a27?s=96&d=mm&r=g","contentUrl":"https:\/\/secure.gravatar.com\/avatar\/9ce5a9435071fa1037e8468053ead8e513dbbff59009d3069aadb85506d85a27?s=96&d=mm&r=g","caption":"Redac\u021bia UrbeaMea"},"description":"contact@urbeamea.ro","sameAs":["https:\/\/www.urbeamea.ro"],"url":"https:\/\/urbeamea.ro\/albaiulia\/author\/redactia-urbeamea\/"}]}},"_links":{"self":[{"href":"https:\/\/urbeamea.ro\/albaiulia\/wp-json\/wp\/v2\/posts\/6402","targetHints":{"allow":["GET"]}}],"collection":[{"href":"https:\/\/urbeamea.ro\/albaiulia\/wp-json\/wp\/v2\/posts"}],"about":[{"href":"https:\/\/urbeamea.ro\/albaiulia\/wp-json\/wp\/v2\/types\/post"}],"author":[{"embeddable":true,"href":"https:\/\/urbeamea.ro\/albaiulia\/wp-json\/wp\/v2\/users\/16"}],"replies":[{"embeddable":true,"href":"https:\/\/urbeamea.ro\/albaiulia\/wp-json\/wp\/v2\/comments?post=6402"}],"version-history":[{"count":0,"href":"https:\/\/urbeamea.ro\/albaiulia\/wp-json\/wp\/v2\/posts\/6402\/revisions"}],"wp:featuredmedia":[{"embeddable":true,"href":"https:\/\/urbeamea.ro\/albaiulia\/wp-json\/wp\/v2\/media\/4305"}],"wp:attachment":[{"href":"https:\/\/urbeamea.ro\/albaiulia\/wp-json\/wp\/v2\/media?parent=6402"}],"wp:term":[{"taxonomy":"category","embeddable":true,"href":"https:\/\/urbeamea.ro\/albaiulia\/wp-json\/wp\/v2\/categories?post=6402"},{"taxonomy":"post_tag","embeddable":true,"href":"https:\/\/urbeamea.ro\/albaiulia\/wp-json\/wp\/v2\/tags?post=6402"}],"curies":[{"name":"wp","href":"https:\/\/api.w.org\/{rel}","templated":true}]}}