{"id":6404,"date":"2015-07-22T11:56:27","date_gmt":"2015-07-22T08:56:27","guid":{"rendered":"http:\/\/urbeamea.ro\/albaiulia\/?p=6404"},"modified":"2016-01-18T22:23:30","modified_gmt":"2016-01-18T20:23:30","slug":"in-perioada-estivala-se-prelungeste-programul-la-serviciul-pasapoarte-alba","status":"publish","type":"post","link":"https:\/\/urbeamea.ro\/albaiulia\/in-perioada-estivala-se-prelungeste-programul-la-serviciul-pasapoarte-alba\/","title":{"rendered":"\u00cen perioada estival\u0103 se prelunge\u015fte programul la Serviciul Pa\u015fapoarte Alba"},"content":{"rendered":"<p><a href=\"http:\/\/urbeamea.ro\/albaiulia\/wp-content\/uploads\/2015\/07\/pasaport.jpg\"><img loading=\"lazy\" decoding=\"async\" class=\"alignleft size-medium wp-image-6405\" src=\"http:\/\/urbeamea.ro\/albaiulia\/wp-content\/uploads\/2015\/07\/pasaport-300x189.jpg\" alt=\"pasaport\" width=\"300\" height=\"189\" \/><\/a>Av\u00e2nd \u00een vedere aglomer\u0103rile care se creeaz\u0103 \u00een perioada estival\u0103 la ghi\u015feele de primiri cereri ale serviciului de pa\u015fapoarte, venim \u00een sprijinul cet\u0103\u0163enilor cu prelungirea programului de lucru, astfel \u00eenc\u00e2t, cet\u0103\u0163enii care doresc s\u0103 ob\u0163in\u0103 documente de c\u0103l\u0103torie s\u0103 poat\u0103 efectua demersurile necesare inclusiv s\u00e2mb\u0103ta \u00eentre orele 08:00 \u2013 14.00, m\u0103sur\u0103 luat\u0103 de conducere serviciului p\u00e2n\u0103 la data de 15 septembrie a.c.<\/p>\n<p>Pe aceast\u0103 cale aducem la cuno\u015ftin\u0163a cet\u0103\u0163enilor c\u0103 \u00een data de 15.08.2015 nu se lucreaz\u0103 cu publicul \u00eentruc\u00e2t este o zi liber\u0103 legal\u0103.<\/p>\n<p>Amintim c\u0103 taxele pentru eliberarea pa\u015fapoartelor se achit\u0103 la C.E.C. Bank \u015fi sunt \u00een cuantum de 292 lei pentru pa\u015fapoartele simple electronice cu valabilitate de 5 ani, 266 lei pentru cele electronice cu valabilitate de 3 ani \u015fi 222 lei pentru pa\u015fapoartele simple temporare cu valabilitate de 1 an.<\/p>\n<p>De asemenea, \u00eendrum\u0103m persoanele care doresc s\u0103 aplice pentru ob\u0163inerea acestui tip de documente, s\u0103 achite taxele mai sus men\u0163ionate cu o zi \u00eenainte \u00eentruc\u00e2t C.E.C Bank nu lucreaz\u0103 cu publicul \u00een zilele de s\u00e2mb\u0103t\u0103.<\/p>\n<p>\u015eeful serviciului de pa\u015fapoarte Alba, comisar-\u015fef de poli\u0163ie Andrei Draschan, ureaz\u0103 locuitorilor jude\u0163ului Alba concediu pl\u0103cut, f\u0103r\u0103 evenimente negative.<\/p>\n","protected":false},"excerpt":{"rendered":"<p>Av\u00e2nd \u00een vedere aglomer\u0103rile care se creeaz\u0103 \u00een perioada estival\u0103 la ghi\u015feele de primiri cereri ale serviciului de pa\u015fapoarte, venim \u00een sprijinul cet\u0103\u0163enilor cu prelungirea programului de lucru, astfel \u00eenc\u00e2t, cet\u0103\u0163enii care doresc s\u0103 ob\u0163in\u0103 documente de c\u0103l\u0103torie s\u0103 poat\u0103 efectua demersurile necesare inclusiv s\u00e2mb\u0103ta \u00eentre orele 08:00 \u2013 14.00, m\u0103sur\u0103 luat\u0103 de conducere serviciului &hellip;<\/p>\n","protected":false},"author":16,"featured_media":6405,"comment_status":"open","ping_status":"open","sticky":false,"template":"","format":"standard","meta":{"inline_featured_image":false,"footnotes":""},"categories":[2034],"tags":[],"class_list":["post-6404","post","type-post","status-publish","format-standard","has-post-thumbnail","hentry","category-social"],"yoast_head":"<!-- This site is optimized with the Yoast SEO plugin v27.4 - https:\/\/yoast.com\/product\/yoast-seo-wordpress\/ -->\n<title>\u00cen perioada estival\u0103 se prelunge\u015fte programul la Serviciul Pa\u015fapoarte Alba - Revista Urbea Mea - Revista de Alba<\/title>\n<meta name=\"description\" content=\"Av\u00e2nd \u00een vedere aglomer\u0103rile care se creeaz\u0103 \u00een perioada estival\u0103 la ghi\u015feele de primiri cereri ale serviciului de pa\u015fapoarte, venim \u00een sprijinul\" \/>\n<meta name=\"robots\" content=\"index, follow, max-snippet:-1, max-image-preview:large, max-video-preview:-1\" \/>\n<link rel=\"canonical\" href=\"https:\/\/urbeamea.ro\/albaiulia\/in-perioada-estivala-se-prelungeste-programul-la-serviciul-pasapoarte-alba\/\" \/>\n<meta name=\"twitter:card\" content=\"summary_large_image\" \/>\n<meta name=\"twitter:title\" content=\"\u00cen perioada estival\u0103 se prelunge\u015fte programul la Serviciul Pa\u015fapoarte Alba - Revista Urbea Mea - Revista de Alba\" \/>\n<meta name=\"twitter:description\" content=\"Av\u00e2nd \u00een vedere aglomer\u0103rile care se creeaz\u0103 \u00een perioada estival\u0103 la ghi\u015feele de primiri cereri ale serviciului de pa\u015fapoarte, venim \u00een sprijinul\" \/>\n<meta name=\"twitter:image\" content=\"https:\/\/urbeamea.ro\/albaiulia\/wp-content\/uploads\/2015\/07\/pasaport.jpg\" \/>\n<meta name=\"twitter:creator\" content=\"@urbeameaweb\" \/>\n<meta name=\"twitter:site\" content=\"@urbeameaweb\" \/>\n<script type=\"application\/ld+json\" class=\"yoast-schema-graph\">{\"@context\":\"https:\\\/\\\/schema.org\",\"@graph\":[{\"@type\":\"Article\",\"@id\":\"https:\\\/\\\/urbeamea.ro\\\/albaiulia\\\/in-perioada-estivala-se-prelungeste-programul-la-serviciul-pasapoarte-alba\\\/#article\",\"isPartOf\":{\"@id\":\"https:\\\/\\\/urbeamea.ro\\\/albaiulia\\\/in-perioada-estivala-se-prelungeste-programul-la-serviciul-pasapoarte-alba\\\/\"},\"author\":{\"name\":\"Redac\u021bia UrbeaMea\",\"@id\":\"https:\\\/\\\/urbeamea.ro\\\/albaiulia\\\/#\\\/schema\\\/person\\\/272ae98052f8ee8980f59848df070247\"},\"headline\":\"\u00cen perioada estival\u0103 se prelunge\u015fte programul la Serviciul Pa\u015fapoarte Alba\",\"datePublished\":\"2015-07-22T08:56:27+00:00\",\"dateModified\":\"2016-01-18T20:23:30+00:00\",\"mainEntityOfPage\":{\"@id\":\"https:\\\/\\\/urbeamea.ro\\\/albaiulia\\\/in-perioada-estivala-se-prelungeste-programul-la-serviciul-pasapoarte-alba\\\/\"},\"wordCount\":227,\"commentCount\":0,\"image\":{\"@id\":\"https:\\\/\\\/urbeamea.ro\\\/albaiulia\\\/in-perioada-estivala-se-prelungeste-programul-la-serviciul-pasapoarte-alba\\\/#primaryimage\"},\"thumbnailUrl\":\"https:\\\/\\\/urbeamea.ro\\\/albaiulia\\\/wp-content\\\/uploads\\\/2015\\\/07\\\/pasaport.jpg\",\"articleSection\":[\"Social\"],\"inLanguage\":\"ro-RO\",\"potentialAction\":[{\"@type\":\"CommentAction\",\"name\":\"Comment\",\"target\":[\"https:\\\/\\\/urbeamea.ro\\\/albaiulia\\\/in-perioada-estivala-se-prelungeste-programul-la-serviciul-pasapoarte-alba\\\/#respond\"]}]},{\"@type\":\"WebPage\",\"@id\":\"https:\\\/\\\/urbeamea.ro\\\/albaiulia\\\/in-perioada-estivala-se-prelungeste-programul-la-serviciul-pasapoarte-alba\\\/\",\"url\":\"https:\\\/\\\/urbeamea.ro\\\/albaiulia\\\/in-perioada-estivala-se-prelungeste-programul-la-serviciul-pasapoarte-alba\\\/\",\"name\":\"\u00cen perioada estival\u0103 se prelunge\u015fte programul la Serviciul Pa\u015fapoarte Alba - Revista Urbea Mea - Revista de Alba\",\"isPartOf\":{\"@id\":\"https:\\\/\\\/urbeamea.ro\\\/albaiulia\\\/#website\"},\"primaryImageOfPage\":{\"@id\":\"https:\\\/\\\/urbeamea.ro\\\/albaiulia\\\/in-perioada-estivala-se-prelungeste-programul-la-serviciul-pasapoarte-alba\\\/#primaryimage\"},\"image\":{\"@id\":\"https:\\\/\\\/urbeamea.ro\\\/albaiulia\\\/in-perioada-estivala-se-prelungeste-programul-la-serviciul-pasapoarte-alba\\\/#primaryimage\"},\"thumbnailUrl\":\"https:\\\/\\\/urbeamea.ro\\\/albaiulia\\\/wp-content\\\/uploads\\\/2015\\\/07\\\/pasaport.jpg\",\"datePublished\":\"2015-07-22T08:56:27+00:00\",\"dateModified\":\"2016-01-18T20:23:30+00:00\",\"author\":{\"@id\":\"https:\\\/\\\/urbeamea.ro\\\/albaiulia\\\/#\\\/schema\\\/person\\\/272ae98052f8ee8980f59848df070247\"},\"description\":\"Av\u00e2nd \u00een vedere aglomer\u0103rile care se creeaz\u0103 \u00een perioada estival\u0103 la ghi\u015feele de primiri cereri ale serviciului de pa\u015fapoarte, venim \u00een sprijinul\",\"breadcrumb\":{\"@id\":\"https:\\\/\\\/urbeamea.ro\\\/albaiulia\\\/in-perioada-estivala-se-prelungeste-programul-la-serviciul-pasapoarte-alba\\\/#breadcrumb\"},\"inLanguage\":\"ro-RO\",\"potentialAction\":[{\"@type\":\"ReadAction\",\"target\":[\"https:\\\/\\\/urbeamea.ro\\\/albaiulia\\\/in-perioada-estivala-se-prelungeste-programul-la-serviciul-pasapoarte-alba\\\/\"]}]},{\"@type\":\"ImageObject\",\"inLanguage\":\"ro-RO\",\"@id\":\"https:\\\/\\\/urbeamea.ro\\\/albaiulia\\\/in-perioada-estivala-se-prelungeste-programul-la-serviciul-pasapoarte-alba\\\/#primaryimage\",\"url\":\"https:\\\/\\\/urbeamea.ro\\\/albaiulia\\\/wp-content\\\/uploads\\\/2015\\\/07\\\/pasaport.jpg\",\"contentUrl\":\"https:\\\/\\\/urbeamea.ro\\\/albaiulia\\\/wp-content\\\/uploads\\\/2015\\\/07\\\/pasaport.jpg\",\"width\":1024,\"height\":644},{\"@type\":\"BreadcrumbList\",\"@id\":\"https:\\\/\\\/urbeamea.ro\\\/albaiulia\\\/in-perioada-estivala-se-prelungeste-programul-la-serviciul-pasapoarte-alba\\\/#breadcrumb\",\"itemListElement\":[{\"@type\":\"ListItem\",\"position\":1,\"name\":\"Prima pagin\u0103\",\"item\":\"https:\\\/\\\/urbeamea.ro\\\/albaiulia\\\/\"},{\"@type\":\"ListItem\",\"position\":2,\"name\":\"\u00cen perioada estival\u0103 se prelunge\u015fte programul la Serviciul Pa\u015fapoarte Alba\"}]},{\"@type\":\"WebSite\",\"@id\":\"https:\\\/\\\/urbeamea.ro\\\/albaiulia\\\/#website\",\"url\":\"https:\\\/\\\/urbeamea.ro\\\/albaiulia\\\/\",\"name\":\"Revista Urbea Mea, Stiri urbane\",\"description\":\"Evenimente \u0219i \u0219tiri din Alba Iulia, Sebe\u0219, Aiud, Blaj\",\"potentialAction\":[{\"@type\":\"SearchAction\",\"target\":{\"@type\":\"EntryPoint\",\"urlTemplate\":\"https:\\\/\\\/urbeamea.ro\\\/albaiulia\\\/?s={search_term_string}\"},\"query-input\":{\"@type\":\"PropertyValueSpecification\",\"valueRequired\":true,\"valueName\":\"search_term_string\"}}],\"inLanguage\":\"ro-RO\"},{\"@type\":\"Person\",\"@id\":\"https:\\\/\\\/urbeamea.ro\\\/albaiulia\\\/#\\\/schema\\\/person\\\/272ae98052f8ee8980f59848df070247\",\"name\":\"Redac\u021bia UrbeaMea\",\"image\":{\"@type\":\"ImageObject\",\"inLanguage\":\"ro-RO\",\"@id\":\"https:\\\/\\\/secure.gravatar.com\\\/avatar\\\/9ce5a9435071fa1037e8468053ead8e513dbbff59009d3069aadb85506d85a27?s=96&d=mm&r=g\",\"url\":\"https:\\\/\\\/secure.gravatar.com\\\/avatar\\\/9ce5a9435071fa1037e8468053ead8e513dbbff59009d3069aadb85506d85a27?s=96&d=mm&r=g\",\"contentUrl\":\"https:\\\/\\\/secure.gravatar.com\\\/avatar\\\/9ce5a9435071fa1037e8468053ead8e513dbbff59009d3069aadb85506d85a27?s=96&d=mm&r=g\",\"caption\":\"Redac\u021bia UrbeaMea\"},\"description\":\"contact@urbeamea.ro\",\"sameAs\":[\"https:\\\/\\\/www.urbeamea.ro\"],\"url\":\"https:\\\/\\\/urbeamea.ro\\\/albaiulia\\\/author\\\/redactia-urbeamea\\\/\"}]}<\/script>\n<!-- \/ Yoast SEO plugin. -->","yoast_head_json":{"title":"\u00cen perioada estival\u0103 se prelunge\u015fte programul la Serviciul Pa\u015fapoarte Alba - Revista Urbea Mea - Revista de Alba","description":"Av\u00e2nd \u00een vedere aglomer\u0103rile care se creeaz\u0103 \u00een perioada estival\u0103 la ghi\u015feele de primiri cereri ale serviciului de pa\u015fapoarte, venim \u00een sprijinul","robots":{"index":"index","follow":"follow","max-snippet":"max-snippet:-1","max-image-preview":"max-image-preview:large","max-video-preview":"max-video-preview:-1"},"canonical":"https:\/\/urbeamea.ro\/albaiulia\/in-perioada-estivala-se-prelungeste-programul-la-serviciul-pasapoarte-alba\/","twitter_card":"summary_large_image","twitter_title":"\u00cen perioada estival\u0103 se prelunge\u015fte programul la Serviciul Pa\u015fapoarte Alba - Revista Urbea Mea - Revista de Alba","twitter_description":"Av\u00e2nd \u00een vedere aglomer\u0103rile care se creeaz\u0103 \u00een perioada estival\u0103 la ghi\u015feele de primiri cereri ale serviciului de pa\u015fapoarte, venim \u00een sprijinul","twitter_image":"https:\/\/urbeamea.ro\/albaiulia\/wp-content\/uploads\/2015\/07\/pasaport.jpg","twitter_creator":"@urbeameaweb","twitter_site":"@urbeameaweb","schema":{"@context":"https:\/\/schema.org","@graph":[{"@type":"Article","@id":"https:\/\/urbeamea.ro\/albaiulia\/in-perioada-estivala-se-prelungeste-programul-la-serviciul-pasapoarte-alba\/#article","isPartOf":{"@id":"https:\/\/urbeamea.ro\/albaiulia\/in-perioada-estivala-se-prelungeste-programul-la-serviciul-pasapoarte-alba\/"},"author":{"name":"Redac\u021bia UrbeaMea","@id":"https:\/\/urbeamea.ro\/albaiulia\/#\/schema\/person\/272ae98052f8ee8980f59848df070247"},"headline":"\u00cen perioada estival\u0103 se prelunge\u015fte programul la Serviciul Pa\u015fapoarte Alba","datePublished":"2015-07-22T08:56:27+00:00","dateModified":"2016-01-18T20:23:30+00:00","mainEntityOfPage":{"@id":"https:\/\/urbeamea.ro\/albaiulia\/in-perioada-estivala-se-prelungeste-programul-la-serviciul-pasapoarte-alba\/"},"wordCount":227,"commentCount":0,"image":{"@id":"https:\/\/urbeamea.ro\/albaiulia\/in-perioada-estivala-se-prelungeste-programul-la-serviciul-pasapoarte-alba\/#primaryimage"},"thumbnailUrl":"https:\/\/urbeamea.ro\/albaiulia\/wp-content\/uploads\/2015\/07\/pasaport.jpg","articleSection":["Social"],"inLanguage":"ro-RO","potentialAction":[{"@type":"CommentAction","name":"Comment","target":["https:\/\/urbeamea.ro\/albaiulia\/in-perioada-estivala-se-prelungeste-programul-la-serviciul-pasapoarte-alba\/#respond"]}]},{"@type":"WebPage","@id":"https:\/\/urbeamea.ro\/albaiulia\/in-perioada-estivala-se-prelungeste-programul-la-serviciul-pasapoarte-alba\/","url":"https:\/\/urbeamea.ro\/albaiulia\/in-perioada-estivala-se-prelungeste-programul-la-serviciul-pasapoarte-alba\/","name":"\u00cen perioada estival\u0103 se prelunge\u015fte programul la Serviciul Pa\u015fapoarte Alba - Revista Urbea Mea - Revista de Alba","isPartOf":{"@id":"https:\/\/urbeamea.ro\/albaiulia\/#website"},"primaryImageOfPage":{"@id":"https:\/\/urbeamea.ro\/albaiulia\/in-perioada-estivala-se-prelungeste-programul-la-serviciul-pasapoarte-alba\/#primaryimage"},"image":{"@id":"https:\/\/urbeamea.ro\/albaiulia\/in-perioada-estivala-se-prelungeste-programul-la-serviciul-pasapoarte-alba\/#primaryimage"},"thumbnailUrl":"https:\/\/urbeamea.ro\/albaiulia\/wp-content\/uploads\/2015\/07\/pasaport.jpg","datePublished":"2015-07-22T08:56:27+00:00","dateModified":"2016-01-18T20:23:30+00:00","author":{"@id":"https:\/\/urbeamea.ro\/albaiulia\/#\/schema\/person\/272ae98052f8ee8980f59848df070247"},"description":"Av\u00e2nd \u00een vedere aglomer\u0103rile care se creeaz\u0103 \u00een perioada estival\u0103 la ghi\u015feele de primiri cereri ale serviciului de pa\u015fapoarte, venim \u00een sprijinul","breadcrumb":{"@id":"https:\/\/urbeamea.ro\/albaiulia\/in-perioada-estivala-se-prelungeste-programul-la-serviciul-pasapoarte-alba\/#breadcrumb"},"inLanguage":"ro-RO","potentialAction":[{"@type":"ReadAction","target":["https:\/\/urbeamea.ro\/albaiulia\/in-perioada-estivala-se-prelungeste-programul-la-serviciul-pasapoarte-alba\/"]}]},{"@type":"ImageObject","inLanguage":"ro-RO","@id":"https:\/\/urbeamea.ro\/albaiulia\/in-perioada-estivala-se-prelungeste-programul-la-serviciul-pasapoarte-alba\/#primaryimage","url":"https:\/\/urbeamea.ro\/albaiulia\/wp-content\/uploads\/2015\/07\/pasaport.jpg","contentUrl":"https:\/\/urbeamea.ro\/albaiulia\/wp-content\/uploads\/2015\/07\/pasaport.jpg","width":1024,"height":644},{"@type":"BreadcrumbList","@id":"https:\/\/urbeamea.ro\/albaiulia\/in-perioada-estivala-se-prelungeste-programul-la-serviciul-pasapoarte-alba\/#breadcrumb","itemListElement":[{"@type":"ListItem","position":1,"name":"Prima pagin\u0103","item":"https:\/\/urbeamea.ro\/albaiulia\/"},{"@type":"ListItem","position":2,"name":"\u00cen perioada estival\u0103 se prelunge\u015fte programul la Serviciul Pa\u015fapoarte Alba"}]},{"@type":"WebSite","@id":"https:\/\/urbeamea.ro\/albaiulia\/#website","url":"https:\/\/urbeamea.ro\/albaiulia\/","name":"Revista Urbea Mea, Stiri urbane","description":"Evenimente \u0219i \u0219tiri din Alba Iulia, Sebe\u0219, Aiud, Blaj","potentialAction":[{"@type":"SearchAction","target":{"@type":"EntryPoint","urlTemplate":"https:\/\/urbeamea.ro\/albaiulia\/?s={search_term_string}"},"query-input":{"@type":"PropertyValueSpecification","valueRequired":true,"valueName":"search_term_string"}}],"inLanguage":"ro-RO"},{"@type":"Person","@id":"https:\/\/urbeamea.ro\/albaiulia\/#\/schema\/person\/272ae98052f8ee8980f59848df070247","name":"Redac\u021bia UrbeaMea","image":{"@type":"ImageObject","inLanguage":"ro-RO","@id":"https:\/\/secure.gravatar.com\/avatar\/9ce5a9435071fa1037e8468053ead8e513dbbff59009d3069aadb85506d85a27?s=96&d=mm&r=g","url":"https:\/\/secure.gravatar.com\/avatar\/9ce5a9435071fa1037e8468053ead8e513dbbff59009d3069aadb85506d85a27?s=96&d=mm&r=g","contentUrl":"https:\/\/secure.gravatar.com\/avatar\/9ce5a9435071fa1037e8468053ead8e513dbbff59009d3069aadb85506d85a27?s=96&d=mm&r=g","caption":"Redac\u021bia UrbeaMea"},"description":"contact@urbeamea.ro","sameAs":["https:\/\/www.urbeamea.ro"],"url":"https:\/\/urbeamea.ro\/albaiulia\/author\/redactia-urbeamea\/"}]}},"_links":{"self":[{"href":"https:\/\/urbeamea.ro\/albaiulia\/wp-json\/wp\/v2\/posts\/6404","targetHints":{"allow":["GET"]}}],"collection":[{"href":"https:\/\/urbeamea.ro\/albaiulia\/wp-json\/wp\/v2\/posts"}],"about":[{"href":"https:\/\/urbeamea.ro\/albaiulia\/wp-json\/wp\/v2\/types\/post"}],"author":[{"embeddable":true,"href":"https:\/\/urbeamea.ro\/albaiulia\/wp-json\/wp\/v2\/users\/16"}],"replies":[{"embeddable":true,"href":"https:\/\/urbeamea.ro\/albaiulia\/wp-json\/wp\/v2\/comments?post=6404"}],"version-history":[{"count":0,"href":"https:\/\/urbeamea.ro\/albaiulia\/wp-json\/wp\/v2\/posts\/6404\/revisions"}],"wp:featuredmedia":[{"embeddable":true,"href":"https:\/\/urbeamea.ro\/albaiulia\/wp-json\/wp\/v2\/media\/6405"}],"wp:attachment":[{"href":"https:\/\/urbeamea.ro\/albaiulia\/wp-json\/wp\/v2\/media?parent=6404"}],"wp:term":[{"taxonomy":"category","embeddable":true,"href":"https:\/\/urbeamea.ro\/albaiulia\/wp-json\/wp\/v2\/categories?post=6404"},{"taxonomy":"post_tag","embeddable":true,"href":"https:\/\/urbeamea.ro\/albaiulia\/wp-json\/wp\/v2\/tags?post=6404"}],"curies":[{"name":"wp","href":"https:\/\/api.w.org\/{rel}","templated":true}]}}