{"id":6416,"date":"2015-07-23T07:43:24","date_gmt":"2015-07-23T04:43:24","guid":{"rendered":"http:\/\/urbeamea.ro\/albaiulia\/?p=6416"},"modified":"2016-01-18T22:22:42","modified_gmt":"2016-01-18T20:22:42","slug":"foto-mii-de-participanti-din-toata-tara-si-spectacole-de-muzica-populara-si-usoara-de-calitate-la-targul-de-fete-de-pe-muntele-gaina","status":"publish","type":"post","link":"https:\/\/urbeamea.ro\/albaiulia\/foto-mii-de-participanti-din-toata-tara-si-spectacole-de-muzica-populara-si-usoara-de-calitate-la-targul-de-fete-de-pe-muntele-gaina\/","title":{"rendered":"FOTO: Mii de participan\u0163i din toat\u0103 \u0163ara \u015fi spectacole de muzic\u0103 popular\u0103 \u015fi u\u015foar\u0103 de calitate la T\u00e2rgul de Fete de pe Muntele G\u0103ina"},"content":{"rendered":"<p>T\u00e2rgul de Fete de pe Muntele G\u0103ina este o dovad\u0103 vie c\u0103 tradi\u0163iile rom\u00e2ne\u015fti autentice pot fi p\u0103strate. Cea mai mare s\u0103rb\u0103toare popular\u0103 rom\u00e2neasc\u0103 a reunit \u00een acest an mii de oameni de v\u00e2rste diferite veni\u0163i din toate col\u0163urile \u0163\u0103rii. Tineri \u015fi v\u00e2rstnici s-au bucurat \u00eempreun\u0103 \u015fi au \u201egustat\u201d ingredientele edi\u0163ie 2015 a T\u00e2rgului de Fete: folclorul \u015fi portul rom\u00e2nesc autentice, muzica u\u015foar\u0103 de calitate \u015fi petrecerile \u00een aer liber. Astfel, \u00een fiecare an, se consolideaz\u0103 un brand rom\u00e2nesc tot mai puternic: T\u00e2rgul de Fete \u2013 cea mai mare s\u0103rb\u0103toare popular\u0103 din Rom\u00e2nia.<\/p>\n<p>La c\u00e2teva zile de la \u00eencheierea T\u00e2rgului de Fete de pe Muntele G\u0103ina, organizatorii au f\u0103cut bilan\u0163ul acestei edi\u0163ii, una dintre cele mai reu\u015fite din ultimii ani. Indicatorii reu\u015fitei acestei edi\u0163ii sunt miile de oameni care au participat la t\u00e2rg, calitatea spectacolelor de muzic\u0103 u\u015foar\u0103 \u015fi popular\u0103 \u015fi numeroasele de relat\u0103ri pozitive despre s\u0103rb\u0103toare din presa local\u0103 \u015fi na\u0163ional\u0103 dar \u015fi de pe re\u0163elele de socializare. Astfel T\u00e2rgul de Fete este o dovad\u0103 vie c\u0103 tradi\u0163iile rom\u00e2ne\u015fti autentice pot fi p\u0103strate \u00eentr-o s\u0103rb\u0103toare care d\u0103inuie de sute de ani.<\/p>\n<p><em>\u201e<\/em><strong>T\u00e2rgul de Fete este o s\u0103rb\u0103toare autentic\u0103 care d\u0103inuie de sute de ani dar \u015fi o dovad\u0103 vie c\u0103 tradi\u0163iile rom\u00e2ne\u015fti pot fi p\u0103strate nealterate. Dup\u0103 o edi\u0163ie minunat\u0103 a acestei s\u0103rb\u0103tori, vreau s\u0103 mul\u0163umesc tuturor celor care au venit s\u0103 se bucure al\u0103turi de noi, acelor mii de oameni veni\u0163i din toate col\u0163urile \u0163\u0103rii. Doresc s\u0103 \u00eei felicit din tot sufletul pe voi to\u0163i colegii mei implica\u0163i \u00een organizarea acestui uria\u015f proiect. Mul\u0163umesc tuturor celor care ne-au sprijinit, partenerilor, primarilor \u015fi coordonatorilor de ansambluri folclorice care s-au implicat \u00een concursul \u201eCultur\u0103 pentru Cultur\u0103\u201d. Nu trebuie uita\u0163i nici oamenii minuna\u0163i ai satului, simpli \u015fi mode\u015fti, care p\u0103streaz\u0103 cu sfin\u0163enie portul, tradi\u0163iile, me\u015fte\u015fugurile, gastronomia \u015fi muzica popular\u0103 autentic\u0103 adic\u0103 tot ceea ce noi \u00eencerc\u0103m, cu aportul lor, s\u0103 promov\u0103m prin T\u00e2rgul de Fete de pe Muntele G\u0103ina<\/strong><em>\u201d <\/em>a spus Daniela Floroian, directorul Centrului de Cultur\u0103 \u201eAugustin Bena\u201d Alba.<\/p>\n<p>T\u00e2rgul de Fete de pe Muntele G\u0103ina a cuprins \u00een acest an un program diversificat printre ingredientele principale ale manifest\u0103rii fiind spectacolele folclorice cu nume mari ale muzicii populare rom\u00e2ne\u015fti, un concert VOLTAJ, focurile de artificii \u015fi petrecerile \u00een aer liber.<\/p>\n<p>T\u00e2rgul de Fete de pe Muntele G\u0103ina a fost organizat de Consiliul Jude\u0163ean Alba, Centrul de Cultur\u0103 \u201eAugustin Bena\u201d, Consiliul Local \u015fi Prim\u0103ria Avram Iancu.<\/p>\n<p><em>V\u0103 reamintim cum s-a desf\u0103\u015furat T\u00e2rgul de Fete \u00een acest an:\u00a0<\/em><\/p>\n<p>T\u00e2rgul de Fete a debutat, <strong>s\u00e2mb\u0103t\u0103<\/strong><strong>,<\/strong> \u00een Avram Iancu, cea mai apropiat\u0103 localitate de Muntele G\u0103ina, cu o parad\u0103 a portului popular. Deschiderea oficial\u0103 a celei mai mari s\u0103rb\u0103tori din Rom\u00e2nia a fost f\u0103cut\u0103 de tulnic\u0103resele din Avram Iancu, tulnicul fiind un simbol al \u0162\u0103rii Mo\u0163ilor dar \u015fi al T\u00e2rgului de Fete. La amiaz\u0103 a avut loc finala Festivalului Concurs ,,Cultur\u0103 pentru Cultur\u0103\u201d\u00a0la care au participat c\u00e2\u015ftig\u0103torii locurilor I de la toate sec\u0163iunile de concurs din zonele Blaj, Sebe\u015f, Ocna Mure\u015f \u015fi Mun\u0163ii Apuseni. La ora 16,00 a avut loc un spectacol folcloric deschis de Ansamblul Folcloric al Jude\u0163ului Alba cu soli\u015ftii Roxana Reche, Dorina Nari\u0163a, Maria Filimon, Floricica Moga, Nicolae Tuhu\u0163, C\u0103t\u0103lin Ha\u015fa (dirijor Alexandru Pal). \u00cen spectacol au fost incluse \u015fi recitaluri sus\u0163inute de Leontina F\u0103rca\u015f, Sava Negrean Bruda\u015fcu \u015fi Ansamblul \u201eB\u0103n\u0103\u0163eana\u201d din Timi\u015foara (coordonator Adela Chelaru).<\/p>\n<p><strong>S\u00e2mb\u0103t\u0103 seara<\/strong> participan\u0163ii au urcat pe Muntele G\u0103ina, unde la ora 20,00 a avut loc un spectacol al claselor de chitar\u0103, canto muzic\u0103 u\u015foar\u0103 \u015fi dans modern din cadrul Centrului de Cultur\u0103 \u201eAugustin Bena\u201d Alba, urmat apoi de la ora 21,00 de un concert al trupei TODaY, show produs de compania DeMoga Music. Surpriza serii a fost trupa VOLTAJ care a urcat pe scen\u0103 \u00een jurul orei 22,00 cu un show special, iar petrecerea a continua pe Muntele G\u0103ina p\u00e2n\u0103 t\u00e2rziu \u00een noapte cu petrecere \u00een aer liber, focuri de tab\u0103r\u0103 \u015fi focuri de artificii.<\/p>\n<p>T\u00e2rgul de Fete a continuat, <strong>duminic\u0103<\/strong>, pe Muntele G\u0103ina, cu un ceremonial solemn la \u201eCrucea Iancului\u201d de pe Muntele G\u0103ina, unde a avut loc o slujb\u0103 Te Deum \u015fi oficialit\u0103\u0163ile prezente la eveniment au depus coroane de flori. Ceremonialul a devenit deja o tradi\u0163ie care se p\u0103streaz\u0103 cu sfin\u0163enie \u00een fiecare an, fiind momentul simbolic prin care participan\u0163ii cinstesc memoria \u00eenainta\u015filor care au luptat pentru neamul rom\u00e2nesc. Personalitatea cea mai cunoscut\u0103 a \u0162\u0103rii Mo\u0163ilor este Avram Iancu, un avocat transilv\u0103nean \u015fi revolu\u0163ionar rom\u00e2n pa\u015foptist, care a jucat un rol extrem de important \u00een Revolu\u0163ia de la 1848. Avram Iancu, denumit \u015fi \u201eCr\u0103i\u015forul Mun\u0163ilor\u201d, a fost de fapt conduc\u0103torul \u0162\u0103rii Mo\u0163ilor, cel care \u00een 1849 a comandat armata rom\u00e2nilor transilv\u0103neni \u00eempotriva trupelor ungare. \u201eCrucea Iancului\u201d aflat\u0103 \u00een cel mai \u00eenalt punct de pe Muntele G\u0103ina a fost construit\u0103 \u00een 1924, la \u00eemplinirea a 100 de ani de la na\u015fterea eroului na\u0163ional Avram Iancu, iar monumentul a fost sfin\u0163it \u00een acel an chiar \u00een timpul T\u00e2rgului de Fete \u00een prezen\u0163a Regelui Ferdinand I.<\/p>\n<p><strong>Duminic\u0103 <\/strong>programul T\u00e2rgului de Fete a cuprins \u015fi un t\u00e2rg al me\u015fterilor populari dar \u015fi un spectacol folcloric cu nume mari ale muzicii populare rom\u00e2ne\u015fti precum Veta Biri\u015f, Nicolae Furdui Iancu, Traian Jurchelea, Mirela M\u0103nescu \u015fi Ancu\u0163a Matei. Spectacolul folcloric a durat c\u00e2teva ore \u015fi \u00een cadrul acestuia \u015fi-au dat concursul \u015fi ansambluri reprezentative din jude\u0163ele Alba, Cluj, Hunedoara, Bihor \u015fi Arad (zone din care \u00een vechime veneau participan\u0163ii la T\u00e2rgul de Fete de pe G\u0103ina).<\/p>\n<div id='gallery-1' class='gallery galleryid-6416 gallery-columns-2 gallery-size-medium'><figure class='gallery-item'>\n\t\t\t<div class='gallery-icon landscape'>\n\t\t\t\t<a href='https:\/\/urbeamea.ro\/albaiulia\/foto-mii-de-participanti-din-toata-tara-si-spectacole-de-muzica-populara-si-usoara-de-calitate-la-targul-de-fete-de-pe-muntele-gaina\/gaina-concert-2015\/'><img decoding=\"async\" width=\"640\" height=\"429\" src=\"data:image\/png;base64,iVBORw0KGgoAAAANSUhEUgAAAYYAAADcAQMAAABOLJSDAAAAA1BMVEUAAACnej3aAAAAAXRSTlMAQObYZgAAACJJREFUaIHtwTEBAAAAwqD1T20ND6AAAAAAAAAAAAAA4N8AKvgAAUFIrrEAAAAASUVORK5CYII=\" class=\"attachment-medium size-medium lazy-img\" alt=\"\" srcset=\"https:\/\/urbeamea.ro\/albaiulia\/wp-content\/uploads\/2015\/07\/gaina-concert-2015-640x429.jpg 640w, https:\/\/urbeamea.ro\/albaiulia\/wp-content\/uploads\/2015\/07\/gaina-concert-2015-150x100.jpg 150w, https:\/\/urbeamea.ro\/albaiulia\/wp-content\/uploads\/2015\/07\/gaina-concert-2015.jpg 1280w, https:\/\/urbeamea.ro\/albaiulia\/wp-content\/uploads\/2015\/07\/gaina-concert-2015-321x214.jpg 321w, https:\/\/urbeamea.ro\/albaiulia\/wp-content\/uploads\/2015\/07\/gaina-concert-2015-140x94.jpg 140w\" sizes=\"auto, (max-width: 640px) 100vw, 640px\" data-src=\"https:\/\/urbeamea.ro\/albaiulia\/wp-content\/uploads\/2015\/07\/gaina-concert-2015-640x429.jpg\" loading=\"lazy\" \/><\/a>\n\t\t\t<\/div><\/figure><figure class='gallery-item'>\n\t\t\t<div class='gallery-icon landscape'>\n\t\t\t\t<a href='https:\/\/urbeamea.ro\/albaiulia\/foto-mii-de-participanti-din-toata-tara-si-spectacole-de-muzica-populara-si-usoara-de-calitate-la-targul-de-fete-de-pe-muntele-gaina\/gaina-crucea-iancului-2015-1\/'><img decoding=\"async\" width=\"640\" height=\"428\" src=\"data:image\/png;base64,iVBORw0KGgoAAAANSUhEUgAAAYYAAADcAQMAAABOLJSDAAAAA1BMVEUAAACnej3aAAAAAXRSTlMAQObYZgAAACJJREFUaIHtwTEBAAAAwqD1T20ND6AAAAAAAAAAAAAA4N8AKvgAAUFIrrEAAAAASUVORK5CYII=\" class=\"attachment-medium size-medium lazy-img\" alt=\"\" srcset=\"https:\/\/urbeamea.ro\/albaiulia\/wp-content\/uploads\/2015\/07\/gaina-crucea-iancului-2015-1-640x428.jpg 640w, https:\/\/urbeamea.ro\/albaiulia\/wp-content\/uploads\/2015\/07\/gaina-crucea-iancului-2015-1-150x100.jpg 150w, https:\/\/urbeamea.ro\/albaiulia\/wp-content\/uploads\/2015\/07\/gaina-crucea-iancului-2015-1.jpg 1280w, https:\/\/urbeamea.ro\/albaiulia\/wp-content\/uploads\/2015\/07\/gaina-crucea-iancului-2015-1-321x214.jpg 321w, https:\/\/urbeamea.ro\/albaiulia\/wp-content\/uploads\/2015\/07\/gaina-crucea-iancului-2015-1-140x94.jpg 140w\" sizes=\"auto, (max-width: 640px) 100vw, 640px\" data-src=\"https:\/\/urbeamea.ro\/albaiulia\/wp-content\/uploads\/2015\/07\/gaina-crucea-iancului-2015-1-640x428.jpg\" loading=\"lazy\" \/><\/a>\n\t\t\t<\/div><\/figure><figure class='gallery-item'>\n\t\t\t<div class='gallery-icon landscape'>\n\t\t\t\t<a href='https:\/\/urbeamea.ro\/albaiulia\/foto-mii-de-participanti-din-toata-tara-si-spectacole-de-muzica-populara-si-usoara-de-calitate-la-targul-de-fete-de-pe-muntele-gaina\/gaina-crucea-iancului-2015\/'><img decoding=\"async\" width=\"640\" height=\"428\" src=\"data:image\/png;base64,iVBORw0KGgoAAAANSUhEUgAAAYYAAADcAQMAAABOLJSDAAAAA1BMVEUAAACnej3aAAAAAXRSTlMAQObYZgAAACJJREFUaIHtwTEBAAAAwqD1T20ND6AAAAAAAAAAAAAA4N8AKvgAAUFIrrEAAAAASUVORK5CYII=\" class=\"attachment-medium size-medium lazy-img\" alt=\"\" srcset=\"https:\/\/urbeamea.ro\/albaiulia\/wp-content\/uploads\/2015\/07\/gaina-crucea-iancului-2015-640x428.jpg 640w, https:\/\/urbeamea.ro\/albaiulia\/wp-content\/uploads\/2015\/07\/gaina-crucea-iancului-2015-150x100.jpg 150w, https:\/\/urbeamea.ro\/albaiulia\/wp-content\/uploads\/2015\/07\/gaina-crucea-iancului-2015.jpg 1280w, https:\/\/urbeamea.ro\/albaiulia\/wp-content\/uploads\/2015\/07\/gaina-crucea-iancului-2015-321x214.jpg 321w, https:\/\/urbeamea.ro\/albaiulia\/wp-content\/uploads\/2015\/07\/gaina-crucea-iancului-2015-140x94.jpg 140w\" sizes=\"auto, (max-width: 640px) 100vw, 640px\" data-src=\"https:\/\/urbeamea.ro\/albaiulia\/wp-content\/uploads\/2015\/07\/gaina-crucea-iancului-2015-640x428.jpg\" loading=\"lazy\" \/><\/a>\n\t\t\t<\/div><\/figure><figure class='gallery-item'>\n\t\t\t<div class='gallery-icon landscape'>\n\t\t\t\t<a href='https:\/\/urbeamea.ro\/albaiulia\/foto-mii-de-participanti-din-toata-tara-si-spectacole-de-muzica-populara-si-usoara-de-calitate-la-targul-de-fete-de-pe-muntele-gaina\/gaina-gastronomie-2015\/'><img decoding=\"async\" width=\"640\" height=\"428\" src=\"data:image\/png;base64,iVBORw0KGgoAAAANSUhEUgAAAYYAAADcAQMAAABOLJSDAAAAA1BMVEUAAACnej3aAAAAAXRSTlMAQObYZgAAACJJREFUaIHtwTEBAAAAwqD1T20ND6AAAAAAAAAAAAAA4N8AKvgAAUFIrrEAAAAASUVORK5CYII=\" class=\"attachment-medium size-medium lazy-img\" alt=\"\" srcset=\"https:\/\/urbeamea.ro\/albaiulia\/wp-content\/uploads\/2015\/07\/gaina-gastronomie-2015-640x428.jpg 640w, https:\/\/urbeamea.ro\/albaiulia\/wp-content\/uploads\/2015\/07\/gaina-gastronomie-2015-150x100.jpg 150w, https:\/\/urbeamea.ro\/albaiulia\/wp-content\/uploads\/2015\/07\/gaina-gastronomie-2015.jpg 1280w, https:\/\/urbeamea.ro\/albaiulia\/wp-content\/uploads\/2015\/07\/gaina-gastronomie-2015-321x214.jpg 321w, https:\/\/urbeamea.ro\/albaiulia\/wp-content\/uploads\/2015\/07\/gaina-gastronomie-2015-140x94.jpg 140w\" sizes=\"auto, (max-width: 640px) 100vw, 640px\" data-src=\"https:\/\/urbeamea.ro\/albaiulia\/wp-content\/uploads\/2015\/07\/gaina-gastronomie-2015-640x428.jpg\" loading=\"lazy\" \/><\/a>\n\t\t\t<\/div><\/figure><figure class='gallery-item'>\n\t\t\t<div class='gallery-icon landscape'>\n\t\t\t\t<a href='https:\/\/urbeamea.ro\/albaiulia\/foto-mii-de-participanti-din-toata-tara-si-spectacole-de-muzica-populara-si-usoara-de-calitate-la-targul-de-fete-de-pe-muntele-gaina\/gaina-participanti-2015\/'><img decoding=\"async\" width=\"640\" height=\"428\" src=\"data:image\/png;base64,iVBORw0KGgoAAAANSUhEUgAAAYYAAADcAQMAAABOLJSDAAAAA1BMVEUAAACnej3aAAAAAXRSTlMAQObYZgAAACJJREFUaIHtwTEBAAAAwqD1T20ND6AAAAAAAAAAAAAA4N8AKvgAAUFIrrEAAAAASUVORK5CYII=\" class=\"attachment-medium size-medium lazy-img\" alt=\"\" srcset=\"https:\/\/urbeamea.ro\/albaiulia\/wp-content\/uploads\/2015\/07\/gaina-participanti-2015-640x428.jpg 640w, https:\/\/urbeamea.ro\/albaiulia\/wp-content\/uploads\/2015\/07\/gaina-participanti-2015-150x100.jpg 150w, https:\/\/urbeamea.ro\/albaiulia\/wp-content\/uploads\/2015\/07\/gaina-participanti-2015.jpg 1280w, https:\/\/urbeamea.ro\/albaiulia\/wp-content\/uploads\/2015\/07\/gaina-participanti-2015-321x214.jpg 321w, https:\/\/urbeamea.ro\/albaiulia\/wp-content\/uploads\/2015\/07\/gaina-participanti-2015-140x94.jpg 140w, https:\/\/urbeamea.ro\/albaiulia\/wp-content\/uploads\/2015\/07\/gaina-participanti-2015-1200x800.jpg 1200w\" sizes=\"auto, (max-width: 640px) 100vw, 640px\" data-src=\"https:\/\/urbeamea.ro\/albaiulia\/wp-content\/uploads\/2015\/07\/gaina-participanti-2015-640x428.jpg\" loading=\"lazy\" \/><\/a>\n\t\t\t<\/div><\/figure><figure class='gallery-item'>\n\t\t\t<div class='gallery-icon landscape'>\n\t\t\t\t<a href='https:\/\/urbeamea.ro\/albaiulia\/foto-mii-de-participanti-din-toata-tara-si-spectacole-de-muzica-populara-si-usoara-de-calitate-la-targul-de-fete-de-pe-muntele-gaina\/gaina-traditii-2015\/'><img decoding=\"async\" width=\"640\" height=\"428\" src=\"data:image\/png;base64,iVBORw0KGgoAAAANSUhEUgAAAYYAAADcAQMAAABOLJSDAAAAA1BMVEUAAACnej3aAAAAAXRSTlMAQObYZgAAACJJREFUaIHtwTEBAAAAwqD1T20ND6AAAAAAAAAAAAAA4N8AKvgAAUFIrrEAAAAASUVORK5CYII=\" class=\"attachment-medium size-medium lazy-img\" alt=\"\" srcset=\"https:\/\/urbeamea.ro\/albaiulia\/wp-content\/uploads\/2015\/07\/gaina-traditii-2015-640x428.jpg 640w, https:\/\/urbeamea.ro\/albaiulia\/wp-content\/uploads\/2015\/07\/gaina-traditii-2015-150x100.jpg 150w, https:\/\/urbeamea.ro\/albaiulia\/wp-content\/uploads\/2015\/07\/gaina-traditii-2015.jpg 1280w, https:\/\/urbeamea.ro\/albaiulia\/wp-content\/uploads\/2015\/07\/gaina-traditii-2015-321x214.jpg 321w, https:\/\/urbeamea.ro\/albaiulia\/wp-content\/uploads\/2015\/07\/gaina-traditii-2015-140x94.jpg 140w\" sizes=\"auto, (max-width: 640px) 100vw, 640px\" data-src=\"https:\/\/urbeamea.ro\/albaiulia\/wp-content\/uploads\/2015\/07\/gaina-traditii-2015-640x428.jpg\" loading=\"lazy\" \/><\/a>\n\t\t\t<\/div><\/figure><figure class='gallery-item'>\n\t\t\t<div class='gallery-icon landscape'>\n\t\t\t\t<a href='https:\/\/urbeamea.ro\/albaiulia\/foto-mii-de-participanti-din-toata-tara-si-spectacole-de-muzica-populara-si-usoara-de-calitate-la-targul-de-fete-de-pe-muntele-gaina\/gaina-tulnicarese-2015\/'><img decoding=\"async\" width=\"640\" height=\"428\" src=\"data:image\/png;base64,iVBORw0KGgoAAAANSUhEUgAAAYYAAADcAQMAAABOLJSDAAAAA1BMVEUAAACnej3aAAAAAXRSTlMAQObYZgAAACJJREFUaIHtwTEBAAAAwqD1T20ND6AAAAAAAAAAAAAA4N8AKvgAAUFIrrEAAAAASUVORK5CYII=\" class=\"attachment-medium size-medium lazy-img\" alt=\"\" srcset=\"https:\/\/urbeamea.ro\/albaiulia\/wp-content\/uploads\/2015\/07\/gaina-tulnicarese-2015-640x428.jpg 640w, https:\/\/urbeamea.ro\/albaiulia\/wp-content\/uploads\/2015\/07\/gaina-tulnicarese-2015-150x100.jpg 150w, https:\/\/urbeamea.ro\/albaiulia\/wp-content\/uploads\/2015\/07\/gaina-tulnicarese-2015.jpg 1280w, https:\/\/urbeamea.ro\/albaiulia\/wp-content\/uploads\/2015\/07\/gaina-tulnicarese-2015-321x214.jpg 321w, https:\/\/urbeamea.ro\/albaiulia\/wp-content\/uploads\/2015\/07\/gaina-tulnicarese-2015-140x94.jpg 140w\" sizes=\"auto, (max-width: 640px) 100vw, 640px\" data-src=\"https:\/\/urbeamea.ro\/albaiulia\/wp-content\/uploads\/2015\/07\/gaina-tulnicarese-2015-640x428.jpg\" loading=\"lazy\" \/><\/a>\n\t\t\t<\/div><\/figure><figure class='gallery-item'>\n\t\t\t<div class='gallery-icon landscape'>\n\t\t\t\t<a href='https:\/\/urbeamea.ro\/albaiulia\/foto-mii-de-participanti-din-toata-tara-si-spectacole-de-muzica-populara-si-usoara-de-calitate-la-targul-de-fete-de-pe-muntele-gaina\/gaina-voltaj-2015\/'><img decoding=\"async\" width=\"640\" height=\"428\" src=\"data:image\/png;base64,iVBORw0KGgoAAAANSUhEUgAAAYYAAADcAQMAAABOLJSDAAAAA1BMVEUAAACnej3aAAAAAXRSTlMAQObYZgAAACJJREFUaIHtwTEBAAAAwqD1T20ND6AAAAAAAAAAAAAA4N8AKvgAAUFIrrEAAAAASUVORK5CYII=\" class=\"attachment-medium size-medium lazy-img\" alt=\"\" srcset=\"https:\/\/urbeamea.ro\/albaiulia\/wp-content\/uploads\/2015\/07\/gaina-voltaj-2015-640x428.jpg 640w, https:\/\/urbeamea.ro\/albaiulia\/wp-content\/uploads\/2015\/07\/gaina-voltaj-2015-150x100.jpg 150w, https:\/\/urbeamea.ro\/albaiulia\/wp-content\/uploads\/2015\/07\/gaina-voltaj-2015.jpg 1280w, https:\/\/urbeamea.ro\/albaiulia\/wp-content\/uploads\/2015\/07\/gaina-voltaj-2015-321x214.jpg 321w, https:\/\/urbeamea.ro\/albaiulia\/wp-content\/uploads\/2015\/07\/gaina-voltaj-2015-140x94.jpg 140w, https:\/\/urbeamea.ro\/albaiulia\/wp-content\/uploads\/2015\/07\/gaina-voltaj-2015-1200x800.jpg 1200w\" sizes=\"auto, (max-width: 640px) 100vw, 640px\" data-src=\"https:\/\/urbeamea.ro\/albaiulia\/wp-content\/uploads\/2015\/07\/gaina-voltaj-2015-640x428.jpg\" loading=\"lazy\" \/><\/a>\n\t\t\t<\/div><\/figure>\n\t\t<\/div>\n\n<p><strong>T\u00e2rgul de Fete \u2013 cea mai mare s\u0103rb\u0103toarea popular\u0103 din Rom\u00e2nia<\/strong><\/p>\n<p>T\u00e2rgul de Fete de pe Muntele G\u0103ina este pe drept cuv\u00e2nt un brand al Rom\u00e2niei, manifestarea fiind cunoscut\u0103 ca fiind cea mai mare s\u0103rb\u0103toare popular\u0103 \u00een aer liber. T\u00e2rgul de Fete a st\u00e2rnit \u015fi numeroase mituri sau curiozit\u0103\u0163i, iar una dintre acestea ar fi cea a \u201ev\u00e2nz\u0103rii\u201d tinerelor pe munte a\u015fa cum s-ar deduce din numele s\u0103rb\u0103torii. Speciali\u015ftii \u00een etnografie \u015fi folclor spun \u00eens\u0103 c\u0103 pe munte niciodat\u0103 nu s-au \u201ev\u00e2ndut\u201d fete dar \u00een schimb, \u00een vechime, se puneau bazele unor c\u0103s\u0103torii \u00eentre fl\u0103c\u0103ii \u015fi fetele din zon\u0103. La T\u00e2rgul de Fete se adunau locuitorii din Mun\u0163ii Apuseni pentru a face schimb de produse dar era \u015fi un prilej pentru \u00eent\u00e2lnirea \u015fi c\u0103s\u0103toria tinerilor din zone \u00eendep\u0103rtate, care veneau aici cu p\u0103rin\u0163ii. Preg\u0103tirile pentru urcatul pe munte se f\u0103ceau cu c\u00e2teva zile \u00eenainte iar duminica cu noaptea \u00een cap se urca pe munte \u00een poiana unde avea loc t\u00e2rgul. Se spune c\u0103 fetele veneau cu zestrea \u00eenc\u0103rcat\u0103 pe cai, iar cununia se f\u0103cea pe loc de c\u0103tre preo\u0163ii care participau la acest eveniment. Ceremonia era \u00eenso\u0163it\u0103 de c\u00e2ntece \u015fi schimb de jocuri cu \u201estrig\u0103turi\u201d, iar fetele \u201ese luau\u201d, nu se cump\u0103rau. Aceast\u0103 manifestare etno-cultural\u0103 a fost men\u0163ionat\u0103 prima dat\u0103 \u00een documente \u00een 1816.<\/p>\n<p>\u00cen decursul timpului la T\u00e2rgul de Fete au participat, potrivit relat\u0103rilor istorice, personalit\u0103\u0163i importante precum \u00eemp\u0103ratul austriac Franz Joseph I, \u00een timpul unei vizite \u00een Transilvania, \u00een 1852, primul-ministru al Rom\u00e2niei din perioada interbelic\u0103 Ionel I. C. Br\u0103tianu, pentru vizita acestuia fiind amenajat\u0103 o tab\u0103r\u0103 de corturi, sau regele Rom\u00e2niei Ferdinand I, \u00een 1924, \u00een prezen\u0163a c\u0103ruia s-a sfin\u0163it \u201eCrucea Iancului\u201d.<\/p>\n<p>Ast\u0103zi, T\u00e2rgul de fete de la G\u0103ina s-a transformat \u00eentr-o mare s\u0103rb\u0103toare folcloric\u0103, la care \u00ee\u015fi dau concursul locuitorii din zona Mun\u0163ilor Apuseni, din jude\u0163ele apropiate \u015fi chiar din \u0163inuturi mai \u00eendep\u0103rtate ale \u0163\u0103rii. T\u00e2rgul de Fete se organizeaz\u0103, al fel ca \u015fi \u00een vechime, \u00een cea mai apropiat\u0103 duminic\u0103 de 20 iulie, ziua Sf\u00e2ntului Ilie. Deschiderea o fac vestitele tulnic\u0103rese de la Avram Iancu, dup\u0103 care urmeaz\u0103 programul artistic al participan\u0163ilor care dureaz\u0103 p\u00e2n\u0103 spre sear\u0103. \u00cencep\u00e2nd din 2006 T\u00e2rgul de Fete de pe Muntele G\u0103ina este marc\u0103 \u00eenregistrat\u0103 a Consiliului Jude\u0163ean Alba \u015fi are ca slogan chemarea: \u201eHai pe Muntele G\u0103ina, hai pe muntele dragostei!\u201d<\/p>\n","protected":false},"excerpt":{"rendered":"<p>T\u00e2rgul de Fete de pe Muntele G\u0103ina este o dovad\u0103 vie c\u0103 tradi\u0163iile rom\u00e2ne\u015fti autentice pot fi p\u0103strate. Cea mai mare s\u0103rb\u0103toare popular\u0103 rom\u00e2neasc\u0103 a reunit \u00een acest an mii de oameni de v\u00e2rste diferite veni\u0163i din toate col\u0163urile \u0163\u0103rii. Tineri \u015fi v\u00e2rstnici s-au bucurat \u00eempreun\u0103 \u015fi au \u201egustat\u201d ingredientele edi\u0163ie 2015 a T\u00e2rgului de &hellip;<\/p>\n","protected":false},"author":16,"featured_media":6424,"comment_status":"open","ping_status":"open","sticky":false,"template":"","format":"standard","meta":{"inline_featured_image":false,"footnotes":""},"categories":[4],"tags":[],"class_list":["post-6416","post","type-post","status-publish","format-standard","has-post-thumbnail","hentry","category-eveniment"],"yoast_head":"<!-- This site is optimized with the Yoast SEO plugin v27.4 - https:\/\/yoast.com\/product\/yoast-seo-wordpress\/ -->\n<title>FOTO: Mii de participan\u0163i din toat\u0103 \u0163ara \u015fi spectacole de muzic\u0103 popular\u0103 \u015fi u\u015foar\u0103 de calitate la T\u00e2rgul de Fete de pe Muntele G\u0103ina - Revista Urbea Mea - Revista de Alba<\/title>\n<meta name=\"description\" content=\"T\u00e2rgul de Fete de pe Muntele G\u0103ina este o dovad\u0103 vie c\u0103 tradi\u0163iile rom\u00e2ne\u015fti autentice pot fi p\u0103strate. Cea mai mare s\u0103rb\u0103toare popular\u0103 rom\u00e2neasc\u0103 a\" \/>\n<meta name=\"robots\" content=\"index, follow, max-snippet:-1, max-image-preview:large, max-video-preview:-1\" \/>\n<link rel=\"canonical\" href=\"https:\/\/urbeamea.ro\/albaiulia\/foto-mii-de-participanti-din-toata-tara-si-spectacole-de-muzica-populara-si-usoara-de-calitate-la-targul-de-fete-de-pe-muntele-gaina\/\" \/>\n<meta name=\"twitter:card\" content=\"summary_large_image\" \/>\n<meta name=\"twitter:title\" content=\"FOTO: Mii de participan\u0163i din toat\u0103 \u0163ara \u015fi spectacole de muzic\u0103 popular\u0103 \u015fi u\u015foar\u0103 de calitate la T\u00e2rgul de Fete de pe Muntele G\u0103ina - Revista Urbea Mea - Revista de Alba\" \/>\n<meta name=\"twitter:description\" content=\"T\u00e2rgul de Fete de pe Muntele G\u0103ina este o dovad\u0103 vie c\u0103 tradi\u0163iile rom\u00e2ne\u015fti autentice pot fi p\u0103strate. Cea mai mare s\u0103rb\u0103toare popular\u0103 rom\u00e2neasc\u0103 a\" \/>\n<meta name=\"twitter:image\" content=\"https:\/\/urbeamea.ro\/albaiulia\/wp-content\/uploads\/2015\/07\/gaina-voltaj-2015.jpg\" \/>\n<meta name=\"twitter:creator\" content=\"@urbeameaweb\" \/>\n<meta name=\"twitter:site\" content=\"@urbeameaweb\" \/>\n<script type=\"application\/ld+json\" class=\"yoast-schema-graph\">{\"@context\":\"https:\\\/\\\/schema.org\",\"@graph\":[{\"@type\":\"Article\",\"@id\":\"https:\\\/\\\/urbeamea.ro\\\/albaiulia\\\/foto-mii-de-participanti-din-toata-tara-si-spectacole-de-muzica-populara-si-usoara-de-calitate-la-targul-de-fete-de-pe-muntele-gaina\\\/#article\",\"isPartOf\":{\"@id\":\"https:\\\/\\\/urbeamea.ro\\\/albaiulia\\\/foto-mii-de-participanti-din-toata-tara-si-spectacole-de-muzica-populara-si-usoara-de-calitate-la-targul-de-fete-de-pe-muntele-gaina\\\/\"},\"author\":{\"name\":\"Redac\u021bia UrbeaMea\",\"@id\":\"https:\\\/\\\/urbeamea.ro\\\/albaiulia\\\/#\\\/schema\\\/person\\\/272ae98052f8ee8980f59848df070247\"},\"headline\":\"FOTO: Mii de participan\u0163i din toat\u0103 \u0163ara \u015fi spectacole de muzic\u0103 popular\u0103 \u015fi u\u015foar\u0103 de calitate la T\u00e2rgul de Fete de pe Muntele G\u0103ina\",\"datePublished\":\"2015-07-23T04:43:24+00:00\",\"dateModified\":\"2016-01-18T20:22:42+00:00\",\"mainEntityOfPage\":{\"@id\":\"https:\\\/\\\/urbeamea.ro\\\/albaiulia\\\/foto-mii-de-participanti-din-toata-tara-si-spectacole-de-muzica-populara-si-usoara-de-calitate-la-targul-de-fete-de-pe-muntele-gaina\\\/\"},\"wordCount\":1525,\"commentCount\":0,\"image\":{\"@id\":\"https:\\\/\\\/urbeamea.ro\\\/albaiulia\\\/foto-mii-de-participanti-din-toata-tara-si-spectacole-de-muzica-populara-si-usoara-de-calitate-la-targul-de-fete-de-pe-muntele-gaina\\\/#primaryimage\"},\"thumbnailUrl\":\"https:\\\/\\\/urbeamea.ro\\\/albaiulia\\\/wp-content\\\/uploads\\\/2015\\\/07\\\/gaina-voltaj-2015.jpg\",\"articleSection\":[\"Evenimente\"],\"inLanguage\":\"ro-RO\",\"potentialAction\":[{\"@type\":\"CommentAction\",\"name\":\"Comment\",\"target\":[\"https:\\\/\\\/urbeamea.ro\\\/albaiulia\\\/foto-mii-de-participanti-din-toata-tara-si-spectacole-de-muzica-populara-si-usoara-de-calitate-la-targul-de-fete-de-pe-muntele-gaina\\\/#respond\"]}]},{\"@type\":\"WebPage\",\"@id\":\"https:\\\/\\\/urbeamea.ro\\\/albaiulia\\\/foto-mii-de-participanti-din-toata-tara-si-spectacole-de-muzica-populara-si-usoara-de-calitate-la-targul-de-fete-de-pe-muntele-gaina\\\/\",\"url\":\"https:\\\/\\\/urbeamea.ro\\\/albaiulia\\\/foto-mii-de-participanti-din-toata-tara-si-spectacole-de-muzica-populara-si-usoara-de-calitate-la-targul-de-fete-de-pe-muntele-gaina\\\/\",\"name\":\"FOTO: Mii de participan\u0163i din toat\u0103 \u0163ara \u015fi spectacole de muzic\u0103 popular\u0103 \u015fi u\u015foar\u0103 de calitate la T\u00e2rgul de Fete de pe Muntele G\u0103ina - Revista Urbea Mea - Revista de Alba\",\"isPartOf\":{\"@id\":\"https:\\\/\\\/urbeamea.ro\\\/albaiulia\\\/#website\"},\"primaryImageOfPage\":{\"@id\":\"https:\\\/\\\/urbeamea.ro\\\/albaiulia\\\/foto-mii-de-participanti-din-toata-tara-si-spectacole-de-muzica-populara-si-usoara-de-calitate-la-targul-de-fete-de-pe-muntele-gaina\\\/#primaryimage\"},\"image\":{\"@id\":\"https:\\\/\\\/urbeamea.ro\\\/albaiulia\\\/foto-mii-de-participanti-din-toata-tara-si-spectacole-de-muzica-populara-si-usoara-de-calitate-la-targul-de-fete-de-pe-muntele-gaina\\\/#primaryimage\"},\"thumbnailUrl\":\"https:\\\/\\\/urbeamea.ro\\\/albaiulia\\\/wp-content\\\/uploads\\\/2015\\\/07\\\/gaina-voltaj-2015.jpg\",\"datePublished\":\"2015-07-23T04:43:24+00:00\",\"dateModified\":\"2016-01-18T20:22:42+00:00\",\"author\":{\"@id\":\"https:\\\/\\\/urbeamea.ro\\\/albaiulia\\\/#\\\/schema\\\/person\\\/272ae98052f8ee8980f59848df070247\"},\"description\":\"T\u00e2rgul de Fete de pe Muntele G\u0103ina este o dovad\u0103 vie c\u0103 tradi\u0163iile rom\u00e2ne\u015fti autentice pot fi p\u0103strate. Cea mai mare s\u0103rb\u0103toare popular\u0103 rom\u00e2neasc\u0103 a\",\"breadcrumb\":{\"@id\":\"https:\\\/\\\/urbeamea.ro\\\/albaiulia\\\/foto-mii-de-participanti-din-toata-tara-si-spectacole-de-muzica-populara-si-usoara-de-calitate-la-targul-de-fete-de-pe-muntele-gaina\\\/#breadcrumb\"},\"inLanguage\":\"ro-RO\",\"potentialAction\":[{\"@type\":\"ReadAction\",\"target\":[\"https:\\\/\\\/urbeamea.ro\\\/albaiulia\\\/foto-mii-de-participanti-din-toata-tara-si-spectacole-de-muzica-populara-si-usoara-de-calitate-la-targul-de-fete-de-pe-muntele-gaina\\\/\"]}]},{\"@type\":\"ImageObject\",\"inLanguage\":\"ro-RO\",\"@id\":\"https:\\\/\\\/urbeamea.ro\\\/albaiulia\\\/foto-mii-de-participanti-din-toata-tara-si-spectacole-de-muzica-populara-si-usoara-de-calitate-la-targul-de-fete-de-pe-muntele-gaina\\\/#primaryimage\",\"url\":\"https:\\\/\\\/urbeamea.ro\\\/albaiulia\\\/wp-content\\\/uploads\\\/2015\\\/07\\\/gaina-voltaj-2015.jpg\",\"contentUrl\":\"https:\\\/\\\/urbeamea.ro\\\/albaiulia\\\/wp-content\\\/uploads\\\/2015\\\/07\\\/gaina-voltaj-2015.jpg\",\"width\":1280,\"height\":856},{\"@type\":\"BreadcrumbList\",\"@id\":\"https:\\\/\\\/urbeamea.ro\\\/albaiulia\\\/foto-mii-de-participanti-din-toata-tara-si-spectacole-de-muzica-populara-si-usoara-de-calitate-la-targul-de-fete-de-pe-muntele-gaina\\\/#breadcrumb\",\"itemListElement\":[{\"@type\":\"ListItem\",\"position\":1,\"name\":\"Prima pagin\u0103\",\"item\":\"https:\\\/\\\/urbeamea.ro\\\/albaiulia\\\/\"},{\"@type\":\"ListItem\",\"position\":2,\"name\":\"FOTO: Mii de participan\u0163i din toat\u0103 \u0163ara \u015fi spectacole de muzic\u0103 popular\u0103 \u015fi u\u015foar\u0103 de calitate la T\u00e2rgul de Fete de pe Muntele G\u0103ina\"}]},{\"@type\":\"WebSite\",\"@id\":\"https:\\\/\\\/urbeamea.ro\\\/albaiulia\\\/#website\",\"url\":\"https:\\\/\\\/urbeamea.ro\\\/albaiulia\\\/\",\"name\":\"Revista Urbea Mea, Stiri urbane\",\"description\":\"Evenimente \u0219i \u0219tiri din Alba Iulia, Sebe\u0219, Aiud, Blaj\",\"potentialAction\":[{\"@type\":\"SearchAction\",\"target\":{\"@type\":\"EntryPoint\",\"urlTemplate\":\"https:\\\/\\\/urbeamea.ro\\\/albaiulia\\\/?s={search_term_string}\"},\"query-input\":{\"@type\":\"PropertyValueSpecification\",\"valueRequired\":true,\"valueName\":\"search_term_string\"}}],\"inLanguage\":\"ro-RO\"},{\"@type\":\"Person\",\"@id\":\"https:\\\/\\\/urbeamea.ro\\\/albaiulia\\\/#\\\/schema\\\/person\\\/272ae98052f8ee8980f59848df070247\",\"name\":\"Redac\u021bia UrbeaMea\",\"image\":{\"@type\":\"ImageObject\",\"inLanguage\":\"ro-RO\",\"@id\":\"https:\\\/\\\/secure.gravatar.com\\\/avatar\\\/9ce5a9435071fa1037e8468053ead8e513dbbff59009d3069aadb85506d85a27?s=96&d=mm&r=g\",\"url\":\"https:\\\/\\\/secure.gravatar.com\\\/avatar\\\/9ce5a9435071fa1037e8468053ead8e513dbbff59009d3069aadb85506d85a27?s=96&d=mm&r=g\",\"contentUrl\":\"https:\\\/\\\/secure.gravatar.com\\\/avatar\\\/9ce5a9435071fa1037e8468053ead8e513dbbff59009d3069aadb85506d85a27?s=96&d=mm&r=g\",\"caption\":\"Redac\u021bia UrbeaMea\"},\"description\":\"contact@urbeamea.ro\",\"sameAs\":[\"https:\\\/\\\/www.urbeamea.ro\"],\"url\":\"https:\\\/\\\/urbeamea.ro\\\/albaiulia\\\/author\\\/redactia-urbeamea\\\/\"}]}<\/script>\n<!-- \/ Yoast SEO plugin. -->","yoast_head_json":{"title":"FOTO: Mii de participan\u0163i din toat\u0103 \u0163ara \u015fi spectacole de muzic\u0103 popular\u0103 \u015fi u\u015foar\u0103 de calitate la T\u00e2rgul de Fete de pe Muntele G\u0103ina - Revista Urbea Mea - Revista de Alba","description":"T\u00e2rgul de Fete de pe Muntele G\u0103ina este o dovad\u0103 vie c\u0103 tradi\u0163iile rom\u00e2ne\u015fti autentice pot fi p\u0103strate. Cea mai mare s\u0103rb\u0103toare popular\u0103 rom\u00e2neasc\u0103 a","robots":{"index":"index","follow":"follow","max-snippet":"max-snippet:-1","max-image-preview":"max-image-preview:large","max-video-preview":"max-video-preview:-1"},"canonical":"https:\/\/urbeamea.ro\/albaiulia\/foto-mii-de-participanti-din-toata-tara-si-spectacole-de-muzica-populara-si-usoara-de-calitate-la-targul-de-fete-de-pe-muntele-gaina\/","twitter_card":"summary_large_image","twitter_title":"FOTO: Mii de participan\u0163i din toat\u0103 \u0163ara \u015fi spectacole de muzic\u0103 popular\u0103 \u015fi u\u015foar\u0103 de calitate la T\u00e2rgul de Fete de pe Muntele G\u0103ina - Revista Urbea Mea - Revista de Alba","twitter_description":"T\u00e2rgul de Fete de pe Muntele G\u0103ina este o dovad\u0103 vie c\u0103 tradi\u0163iile rom\u00e2ne\u015fti autentice pot fi p\u0103strate. Cea mai mare s\u0103rb\u0103toare popular\u0103 rom\u00e2neasc\u0103 a","twitter_image":"https:\/\/urbeamea.ro\/albaiulia\/wp-content\/uploads\/2015\/07\/gaina-voltaj-2015.jpg","twitter_creator":"@urbeameaweb","twitter_site":"@urbeameaweb","schema":{"@context":"https:\/\/schema.org","@graph":[{"@type":"Article","@id":"https:\/\/urbeamea.ro\/albaiulia\/foto-mii-de-participanti-din-toata-tara-si-spectacole-de-muzica-populara-si-usoara-de-calitate-la-targul-de-fete-de-pe-muntele-gaina\/#article","isPartOf":{"@id":"https:\/\/urbeamea.ro\/albaiulia\/foto-mii-de-participanti-din-toata-tara-si-spectacole-de-muzica-populara-si-usoara-de-calitate-la-targul-de-fete-de-pe-muntele-gaina\/"},"author":{"name":"Redac\u021bia UrbeaMea","@id":"https:\/\/urbeamea.ro\/albaiulia\/#\/schema\/person\/272ae98052f8ee8980f59848df070247"},"headline":"FOTO: Mii de participan\u0163i din toat\u0103 \u0163ara \u015fi spectacole de muzic\u0103 popular\u0103 \u015fi u\u015foar\u0103 de calitate la T\u00e2rgul de Fete de pe Muntele G\u0103ina","datePublished":"2015-07-23T04:43:24+00:00","dateModified":"2016-01-18T20:22:42+00:00","mainEntityOfPage":{"@id":"https:\/\/urbeamea.ro\/albaiulia\/foto-mii-de-participanti-din-toata-tara-si-spectacole-de-muzica-populara-si-usoara-de-calitate-la-targul-de-fete-de-pe-muntele-gaina\/"},"wordCount":1525,"commentCount":0,"image":{"@id":"https:\/\/urbeamea.ro\/albaiulia\/foto-mii-de-participanti-din-toata-tara-si-spectacole-de-muzica-populara-si-usoara-de-calitate-la-targul-de-fete-de-pe-muntele-gaina\/#primaryimage"},"thumbnailUrl":"https:\/\/urbeamea.ro\/albaiulia\/wp-content\/uploads\/2015\/07\/gaina-voltaj-2015.jpg","articleSection":["Evenimente"],"inLanguage":"ro-RO","potentialAction":[{"@type":"CommentAction","name":"Comment","target":["https:\/\/urbeamea.ro\/albaiulia\/foto-mii-de-participanti-din-toata-tara-si-spectacole-de-muzica-populara-si-usoara-de-calitate-la-targul-de-fete-de-pe-muntele-gaina\/#respond"]}]},{"@type":"WebPage","@id":"https:\/\/urbeamea.ro\/albaiulia\/foto-mii-de-participanti-din-toata-tara-si-spectacole-de-muzica-populara-si-usoara-de-calitate-la-targul-de-fete-de-pe-muntele-gaina\/","url":"https:\/\/urbeamea.ro\/albaiulia\/foto-mii-de-participanti-din-toata-tara-si-spectacole-de-muzica-populara-si-usoara-de-calitate-la-targul-de-fete-de-pe-muntele-gaina\/","name":"FOTO: Mii de participan\u0163i din toat\u0103 \u0163ara \u015fi spectacole de muzic\u0103 popular\u0103 \u015fi u\u015foar\u0103 de calitate la T\u00e2rgul de Fete de pe Muntele G\u0103ina - Revista Urbea Mea - Revista de Alba","isPartOf":{"@id":"https:\/\/urbeamea.ro\/albaiulia\/#website"},"primaryImageOfPage":{"@id":"https:\/\/urbeamea.ro\/albaiulia\/foto-mii-de-participanti-din-toata-tara-si-spectacole-de-muzica-populara-si-usoara-de-calitate-la-targul-de-fete-de-pe-muntele-gaina\/#primaryimage"},"image":{"@id":"https:\/\/urbeamea.ro\/albaiulia\/foto-mii-de-participanti-din-toata-tara-si-spectacole-de-muzica-populara-si-usoara-de-calitate-la-targul-de-fete-de-pe-muntele-gaina\/#primaryimage"},"thumbnailUrl":"https:\/\/urbeamea.ro\/albaiulia\/wp-content\/uploads\/2015\/07\/gaina-voltaj-2015.jpg","datePublished":"2015-07-23T04:43:24+00:00","dateModified":"2016-01-18T20:22:42+00:00","author":{"@id":"https:\/\/urbeamea.ro\/albaiulia\/#\/schema\/person\/272ae98052f8ee8980f59848df070247"},"description":"T\u00e2rgul de Fete de pe Muntele G\u0103ina este o dovad\u0103 vie c\u0103 tradi\u0163iile rom\u00e2ne\u015fti autentice pot fi p\u0103strate. Cea mai mare s\u0103rb\u0103toare popular\u0103 rom\u00e2neasc\u0103 a","breadcrumb":{"@id":"https:\/\/urbeamea.ro\/albaiulia\/foto-mii-de-participanti-din-toata-tara-si-spectacole-de-muzica-populara-si-usoara-de-calitate-la-targul-de-fete-de-pe-muntele-gaina\/#breadcrumb"},"inLanguage":"ro-RO","potentialAction":[{"@type":"ReadAction","target":["https:\/\/urbeamea.ro\/albaiulia\/foto-mii-de-participanti-din-toata-tara-si-spectacole-de-muzica-populara-si-usoara-de-calitate-la-targul-de-fete-de-pe-muntele-gaina\/"]}]},{"@type":"ImageObject","inLanguage":"ro-RO","@id":"https:\/\/urbeamea.ro\/albaiulia\/foto-mii-de-participanti-din-toata-tara-si-spectacole-de-muzica-populara-si-usoara-de-calitate-la-targul-de-fete-de-pe-muntele-gaina\/#primaryimage","url":"https:\/\/urbeamea.ro\/albaiulia\/wp-content\/uploads\/2015\/07\/gaina-voltaj-2015.jpg","contentUrl":"https:\/\/urbeamea.ro\/albaiulia\/wp-content\/uploads\/2015\/07\/gaina-voltaj-2015.jpg","width":1280,"height":856},{"@type":"BreadcrumbList","@id":"https:\/\/urbeamea.ro\/albaiulia\/foto-mii-de-participanti-din-toata-tara-si-spectacole-de-muzica-populara-si-usoara-de-calitate-la-targul-de-fete-de-pe-muntele-gaina\/#breadcrumb","itemListElement":[{"@type":"ListItem","position":1,"name":"Prima pagin\u0103","item":"https:\/\/urbeamea.ro\/albaiulia\/"},{"@type":"ListItem","position":2,"name":"FOTO: Mii de participan\u0163i din toat\u0103 \u0163ara \u015fi spectacole de muzic\u0103 popular\u0103 \u015fi u\u015foar\u0103 de calitate la T\u00e2rgul de Fete de pe Muntele G\u0103ina"}]},{"@type":"WebSite","@id":"https:\/\/urbeamea.ro\/albaiulia\/#website","url":"https:\/\/urbeamea.ro\/albaiulia\/","name":"Revista Urbea Mea, Stiri urbane","description":"Evenimente \u0219i \u0219tiri din Alba Iulia, Sebe\u0219, Aiud, Blaj","potentialAction":[{"@type":"SearchAction","target":{"@type":"EntryPoint","urlTemplate":"https:\/\/urbeamea.ro\/albaiulia\/?s={search_term_string}"},"query-input":{"@type":"PropertyValueSpecification","valueRequired":true,"valueName":"search_term_string"}}],"inLanguage":"ro-RO"},{"@type":"Person","@id":"https:\/\/urbeamea.ro\/albaiulia\/#\/schema\/person\/272ae98052f8ee8980f59848df070247","name":"Redac\u021bia UrbeaMea","image":{"@type":"ImageObject","inLanguage":"ro-RO","@id":"https:\/\/secure.gravatar.com\/avatar\/9ce5a9435071fa1037e8468053ead8e513dbbff59009d3069aadb85506d85a27?s=96&d=mm&r=g","url":"https:\/\/secure.gravatar.com\/avatar\/9ce5a9435071fa1037e8468053ead8e513dbbff59009d3069aadb85506d85a27?s=96&d=mm&r=g","contentUrl":"https:\/\/secure.gravatar.com\/avatar\/9ce5a9435071fa1037e8468053ead8e513dbbff59009d3069aadb85506d85a27?s=96&d=mm&r=g","caption":"Redac\u021bia UrbeaMea"},"description":"contact@urbeamea.ro","sameAs":["https:\/\/www.urbeamea.ro"],"url":"https:\/\/urbeamea.ro\/albaiulia\/author\/redactia-urbeamea\/"}]}},"_links":{"self":[{"href":"https:\/\/urbeamea.ro\/albaiulia\/wp-json\/wp\/v2\/posts\/6416","targetHints":{"allow":["GET"]}}],"collection":[{"href":"https:\/\/urbeamea.ro\/albaiulia\/wp-json\/wp\/v2\/posts"}],"about":[{"href":"https:\/\/urbeamea.ro\/albaiulia\/wp-json\/wp\/v2\/types\/post"}],"author":[{"embeddable":true,"href":"https:\/\/urbeamea.ro\/albaiulia\/wp-json\/wp\/v2\/users\/16"}],"replies":[{"embeddable":true,"href":"https:\/\/urbeamea.ro\/albaiulia\/wp-json\/wp\/v2\/comments?post=6416"}],"version-history":[{"count":0,"href":"https:\/\/urbeamea.ro\/albaiulia\/wp-json\/wp\/v2\/posts\/6416\/revisions"}],"wp:featuredmedia":[{"embeddable":true,"href":"https:\/\/urbeamea.ro\/albaiulia\/wp-json\/wp\/v2\/media\/6424"}],"wp:attachment":[{"href":"https:\/\/urbeamea.ro\/albaiulia\/wp-json\/wp\/v2\/media?parent=6416"}],"wp:term":[{"taxonomy":"category","embeddable":true,"href":"https:\/\/urbeamea.ro\/albaiulia\/wp-json\/wp\/v2\/categories?post=6416"},{"taxonomy":"post_tag","embeddable":true,"href":"https:\/\/urbeamea.ro\/albaiulia\/wp-json\/wp\/v2\/tags?post=6416"}],"curies":[{"name":"wp","href":"https:\/\/api.w.org\/{rel}","templated":true}]}}