{"id":6426,"date":"2015-07-23T08:22:26","date_gmt":"2015-07-23T05:22:26","guid":{"rendered":"http:\/\/urbeamea.ro\/albaiulia\/?p=6426"},"modified":"2016-01-18T22:22:30","modified_gmt":"2016-01-18T20:22:30","slug":"primaria-alba-iulia-165-de-corpuri-de-iluminat-vechi-au-fost-inlocuite","status":"publish","type":"post","link":"https:\/\/urbeamea.ro\/albaiulia\/primaria-alba-iulia-165-de-corpuri-de-iluminat-vechi-au-fost-inlocuite\/","title":{"rendered":"Prim\u0103ria Alba Iulia: 165 de corpuri de iluminat vechi au fost \u00eenlocuite"},"content":{"rendered":"<p><a href=\"http:\/\/urbeamea.ro\/albaiulia\/wp-content\/uploads\/2015\/07\/SAM_0803-Large.jpg\"><img loading=\"lazy\" decoding=\"async\" class=\"alignleft size-medium wp-image-6427\" src=\"http:\/\/urbeamea.ro\/albaiulia\/wp-content\/uploads\/2015\/07\/SAM_0803-Large-300x225.jpg\" alt=\"SAM_0803-Large\" width=\"300\" height=\"225\" \/><\/a>\u00cen lunile iunie \u0219i iulie, Prim\u0103ria Alba Iulia a continuat lucr\u0103rile de reabilitare ce vizeaz\u0103 re\u021belele de iluminat public. \u00cen perioada amintit\u0103 s-au \u00eenlocuit 165 de corpuri de iluminat pe mai multe artere principale din ora\u0219.<\/p>\n<p>\u00cen zona descris\u0103 de Bulevardul Revolu\u021biei &#8211; str. Clo\u0219ca &#8211; Calea Mo\u021bilor au fost \u00eenlocuite 42 de corpuri, iar pe distan\u021ba dintre reperele Prefectura &#8211; Gara CFR, alte 35.<\/p>\n<p>De asemenea, pe Bulevardul Republicii, \u00eentre Calea Mo\u021bilor \u0219i strada Tudor Vladimirescu \u00a0(de la stadion p\u00e2n\u0103 la semafoarele din Ampoi 3), au fost schimbate 88 de corpuri de iluminat.<\/p>\n<p>Vechile corpuri prezentau o stare avansat\u0103 de uzur\u0103, durata de exploatare expirat\u0103 (17 ani), multe dintre acestea av\u00e2nd oglinzile m\u0103tuite, cu dispersoare care nu mai reflectau coespunz\u0103tor lumina.<\/p>\n<p>\u00cen plus, acestea aveau o putere de 250W, iar prin \u00eenlocuirea lor cu corpuri de 150 W se va reduce consumul de energie electric\u0103 cu 6930 MWh\/an.<\/p>\n<p>Clasa de iluminare a respectivelor artere nu va fi afectat\u0103 de reducerea puterii instalate la 150W, datorit\u0103 echipamentelor moderne utilizate.<\/p>\n<p>&#8222;<strong>Avem asigurate mai multe interven\u021bii \u00een acest an pentru lucr\u0103ri de modernizare sau extindere a iluminatului public. <\/strong><\/p>\n<p><strong>Putem spune c\u0103 din acest punct de vedere suntem cu temele f\u0103cute \u0219i am int\u0103rit axurile principale de iluminare, le-am adaptat practic la prezent, cresc\u00e2nd gradul de confort \u0219i siguran\u021b\u0103 al albaiulienilor. <\/strong><\/p>\n<p><strong>Exemplu, intrarea \u00een cartierul Oarda de pe Biruin\u021bei, por\u021biune care a fost mai mereu \u00een bezn\u0103, e rezolvat\u0103 acum cu tot cu acea intersec\u021bie problematic\u0103 de l\u00e2ng\u0103 Petrom.<\/strong><\/p>\n<p><strong> Desigur, avem \u00een plan \u0219i extinderi, telegestiunea iluminatului din Cetate \u0219i alte lucr\u0103ri ce depind de existen\u021ba efectiv\u0103 a bugetului.<\/strong>&#8222;- Mircea Hava, primarul municipiului Alba Iulia<\/p>\n<p>Reamintim c\u0103 \u00een acest an s-au realizat mai multe reabilit\u0103ri ale re\u021blelor de iluminat, inclusiv pe strada Tudor Vladimirescu, unde s-au schimbat st\u00e2lpii \u0219i corpurile de iluminat, iar cablurile au fost introduse subteran, \u00een canaliza\u021bie tehnic\u0103.<\/p>\n","protected":false},"excerpt":{"rendered":"<p>\u00cen lunile iunie \u0219i iulie, Prim\u0103ria Alba Iulia a continuat lucr\u0103rile de reabilitare ce vizeaz\u0103 re\u021belele de iluminat public. \u00cen perioada amintit\u0103 s-au \u00eenlocuit 165 de corpuri de iluminat pe mai multe artere principale din ora\u0219. \u00cen zona descris\u0103 de Bulevardul Revolu\u021biei &#8211; str. Clo\u0219ca &#8211; Calea Mo\u021bilor au fost \u00eenlocuite 42 de corpuri, iar &hellip;<\/p>\n","protected":false},"author":16,"featured_media":6427,"comment_status":"open","ping_status":"open","sticky":false,"template":"","format":"standard","meta":{"inline_featured_image":false,"footnotes":""},"categories":[2035],"tags":[],"class_list":["post-6426","post","type-post","status-publish","format-standard","has-post-thumbnail","hentry","category-administratie"],"yoast_head":"<!-- This site is optimized with the Yoast SEO plugin v27.4 - https:\/\/yoast.com\/product\/yoast-seo-wordpress\/ -->\n<title>Prim\u0103ria Alba Iulia: 165 de corpuri de iluminat vechi au fost \u00eenlocuite - Revista Urbea Mea - Revista de Alba<\/title>\n<meta name=\"description\" content=\"\u00cen lunile iunie \u0219i iulie, Prim\u0103ria Alba Iulia a continuat lucr\u0103rile de reabilitare ce vizeaz\u0103 re\u021belele de iluminat public. \u00cen perioada amintit\u0103 s-au\" \/>\n<meta name=\"robots\" content=\"index, follow, max-snippet:-1, max-image-preview:large, max-video-preview:-1\" \/>\n<link rel=\"canonical\" href=\"https:\/\/urbeamea.ro\/albaiulia\/primaria-alba-iulia-165-de-corpuri-de-iluminat-vechi-au-fost-inlocuite\/\" \/>\n<meta name=\"twitter:card\" content=\"summary_large_image\" \/>\n<meta name=\"twitter:title\" content=\"Prim\u0103ria Alba Iulia: 165 de corpuri de iluminat vechi au fost \u00eenlocuite - Revista Urbea Mea - Revista de Alba\" \/>\n<meta name=\"twitter:description\" content=\"\u00cen lunile iunie \u0219i iulie, Prim\u0103ria Alba Iulia a continuat lucr\u0103rile de reabilitare ce vizeaz\u0103 re\u021belele de iluminat public. \u00cen perioada amintit\u0103 s-au\" \/>\n<meta name=\"twitter:image\" content=\"https:\/\/urbeamea.ro\/albaiulia\/wp-content\/uploads\/2015\/07\/SAM_0803-Large.jpg\" \/>\n<meta name=\"twitter:creator\" content=\"@urbeameaweb\" \/>\n<meta name=\"twitter:site\" content=\"@urbeameaweb\" \/>\n<script type=\"application\/ld+json\" class=\"yoast-schema-graph\">{\"@context\":\"https:\\\/\\\/schema.org\",\"@graph\":[{\"@type\":\"Article\",\"@id\":\"https:\\\/\\\/urbeamea.ro\\\/albaiulia\\\/primaria-alba-iulia-165-de-corpuri-de-iluminat-vechi-au-fost-inlocuite\\\/#article\",\"isPartOf\":{\"@id\":\"https:\\\/\\\/urbeamea.ro\\\/albaiulia\\\/primaria-alba-iulia-165-de-corpuri-de-iluminat-vechi-au-fost-inlocuite\\\/\"},\"author\":{\"name\":\"Redac\u021bia UrbeaMea\",\"@id\":\"https:\\\/\\\/urbeamea.ro\\\/albaiulia\\\/#\\\/schema\\\/person\\\/272ae98052f8ee8980f59848df070247\"},\"headline\":\"Prim\u0103ria Alba Iulia: 165 de corpuri de iluminat vechi au fost \u00eenlocuite\",\"datePublished\":\"2015-07-23T05:22:26+00:00\",\"dateModified\":\"2016-01-18T20:22:30+00:00\",\"mainEntityOfPage\":{\"@id\":\"https:\\\/\\\/urbeamea.ro\\\/albaiulia\\\/primaria-alba-iulia-165-de-corpuri-de-iluminat-vechi-au-fost-inlocuite\\\/\"},\"wordCount\":341,\"commentCount\":0,\"image\":{\"@id\":\"https:\\\/\\\/urbeamea.ro\\\/albaiulia\\\/primaria-alba-iulia-165-de-corpuri-de-iluminat-vechi-au-fost-inlocuite\\\/#primaryimage\"},\"thumbnailUrl\":\"https:\\\/\\\/urbeamea.ro\\\/albaiulia\\\/wp-content\\\/uploads\\\/2015\\\/07\\\/SAM_0803-Large.jpg\",\"articleSection\":[\"Administra\u021bie\"],\"inLanguage\":\"ro-RO\",\"potentialAction\":[{\"@type\":\"CommentAction\",\"name\":\"Comment\",\"target\":[\"https:\\\/\\\/urbeamea.ro\\\/albaiulia\\\/primaria-alba-iulia-165-de-corpuri-de-iluminat-vechi-au-fost-inlocuite\\\/#respond\"]}]},{\"@type\":\"WebPage\",\"@id\":\"https:\\\/\\\/urbeamea.ro\\\/albaiulia\\\/primaria-alba-iulia-165-de-corpuri-de-iluminat-vechi-au-fost-inlocuite\\\/\",\"url\":\"https:\\\/\\\/urbeamea.ro\\\/albaiulia\\\/primaria-alba-iulia-165-de-corpuri-de-iluminat-vechi-au-fost-inlocuite\\\/\",\"name\":\"Prim\u0103ria Alba Iulia: 165 de corpuri de iluminat vechi au fost \u00eenlocuite - Revista Urbea Mea - Revista de Alba\",\"isPartOf\":{\"@id\":\"https:\\\/\\\/urbeamea.ro\\\/albaiulia\\\/#website\"},\"primaryImageOfPage\":{\"@id\":\"https:\\\/\\\/urbeamea.ro\\\/albaiulia\\\/primaria-alba-iulia-165-de-corpuri-de-iluminat-vechi-au-fost-inlocuite\\\/#primaryimage\"},\"image\":{\"@id\":\"https:\\\/\\\/urbeamea.ro\\\/albaiulia\\\/primaria-alba-iulia-165-de-corpuri-de-iluminat-vechi-au-fost-inlocuite\\\/#primaryimage\"},\"thumbnailUrl\":\"https:\\\/\\\/urbeamea.ro\\\/albaiulia\\\/wp-content\\\/uploads\\\/2015\\\/07\\\/SAM_0803-Large.jpg\",\"datePublished\":\"2015-07-23T05:22:26+00:00\",\"dateModified\":\"2016-01-18T20:22:30+00:00\",\"author\":{\"@id\":\"https:\\\/\\\/urbeamea.ro\\\/albaiulia\\\/#\\\/schema\\\/person\\\/272ae98052f8ee8980f59848df070247\"},\"description\":\"\u00cen lunile iunie \u0219i iulie, Prim\u0103ria Alba Iulia a continuat lucr\u0103rile de reabilitare ce vizeaz\u0103 re\u021belele de iluminat public. \u00cen perioada amintit\u0103 s-au\",\"breadcrumb\":{\"@id\":\"https:\\\/\\\/urbeamea.ro\\\/albaiulia\\\/primaria-alba-iulia-165-de-corpuri-de-iluminat-vechi-au-fost-inlocuite\\\/#breadcrumb\"},\"inLanguage\":\"ro-RO\",\"potentialAction\":[{\"@type\":\"ReadAction\",\"target\":[\"https:\\\/\\\/urbeamea.ro\\\/albaiulia\\\/primaria-alba-iulia-165-de-corpuri-de-iluminat-vechi-au-fost-inlocuite\\\/\"]}]},{\"@type\":\"ImageObject\",\"inLanguage\":\"ro-RO\",\"@id\":\"https:\\\/\\\/urbeamea.ro\\\/albaiulia\\\/primaria-alba-iulia-165-de-corpuri-de-iluminat-vechi-au-fost-inlocuite\\\/#primaryimage\",\"url\":\"https:\\\/\\\/urbeamea.ro\\\/albaiulia\\\/wp-content\\\/uploads\\\/2015\\\/07\\\/SAM_0803-Large.jpg\",\"contentUrl\":\"https:\\\/\\\/urbeamea.ro\\\/albaiulia\\\/wp-content\\\/uploads\\\/2015\\\/07\\\/SAM_0803-Large.jpg\",\"width\":1024,\"height\":768},{\"@type\":\"BreadcrumbList\",\"@id\":\"https:\\\/\\\/urbeamea.ro\\\/albaiulia\\\/primaria-alba-iulia-165-de-corpuri-de-iluminat-vechi-au-fost-inlocuite\\\/#breadcrumb\",\"itemListElement\":[{\"@type\":\"ListItem\",\"position\":1,\"name\":\"Prima pagin\u0103\",\"item\":\"https:\\\/\\\/urbeamea.ro\\\/albaiulia\\\/\"},{\"@type\":\"ListItem\",\"position\":2,\"name\":\"Prim\u0103ria Alba Iulia: 165 de corpuri de iluminat vechi au fost \u00eenlocuite\"}]},{\"@type\":\"WebSite\",\"@id\":\"https:\\\/\\\/urbeamea.ro\\\/albaiulia\\\/#website\",\"url\":\"https:\\\/\\\/urbeamea.ro\\\/albaiulia\\\/\",\"name\":\"Revista Urbea Mea, Stiri urbane\",\"description\":\"Evenimente \u0219i \u0219tiri din Alba Iulia, Sebe\u0219, Aiud, Blaj\",\"potentialAction\":[{\"@type\":\"SearchAction\",\"target\":{\"@type\":\"EntryPoint\",\"urlTemplate\":\"https:\\\/\\\/urbeamea.ro\\\/albaiulia\\\/?s={search_term_string}\"},\"query-input\":{\"@type\":\"PropertyValueSpecification\",\"valueRequired\":true,\"valueName\":\"search_term_string\"}}],\"inLanguage\":\"ro-RO\"},{\"@type\":\"Person\",\"@id\":\"https:\\\/\\\/urbeamea.ro\\\/albaiulia\\\/#\\\/schema\\\/person\\\/272ae98052f8ee8980f59848df070247\",\"name\":\"Redac\u021bia UrbeaMea\",\"image\":{\"@type\":\"ImageObject\",\"inLanguage\":\"ro-RO\",\"@id\":\"https:\\\/\\\/secure.gravatar.com\\\/avatar\\\/9ce5a9435071fa1037e8468053ead8e513dbbff59009d3069aadb85506d85a27?s=96&d=mm&r=g\",\"url\":\"https:\\\/\\\/secure.gravatar.com\\\/avatar\\\/9ce5a9435071fa1037e8468053ead8e513dbbff59009d3069aadb85506d85a27?s=96&d=mm&r=g\",\"contentUrl\":\"https:\\\/\\\/secure.gravatar.com\\\/avatar\\\/9ce5a9435071fa1037e8468053ead8e513dbbff59009d3069aadb85506d85a27?s=96&d=mm&r=g\",\"caption\":\"Redac\u021bia UrbeaMea\"},\"description\":\"contact@urbeamea.ro\",\"sameAs\":[\"https:\\\/\\\/www.urbeamea.ro\"],\"url\":\"https:\\\/\\\/urbeamea.ro\\\/albaiulia\\\/author\\\/redactia-urbeamea\\\/\"}]}<\/script>\n<!-- \/ Yoast SEO plugin. -->","yoast_head_json":{"title":"Prim\u0103ria Alba Iulia: 165 de corpuri de iluminat vechi au fost \u00eenlocuite - Revista Urbea Mea - Revista de Alba","description":"\u00cen lunile iunie \u0219i iulie, Prim\u0103ria Alba Iulia a continuat lucr\u0103rile de reabilitare ce vizeaz\u0103 re\u021belele de iluminat public. \u00cen perioada amintit\u0103 s-au","robots":{"index":"index","follow":"follow","max-snippet":"max-snippet:-1","max-image-preview":"max-image-preview:large","max-video-preview":"max-video-preview:-1"},"canonical":"https:\/\/urbeamea.ro\/albaiulia\/primaria-alba-iulia-165-de-corpuri-de-iluminat-vechi-au-fost-inlocuite\/","twitter_card":"summary_large_image","twitter_title":"Prim\u0103ria Alba Iulia: 165 de corpuri de iluminat vechi au fost \u00eenlocuite - Revista Urbea Mea - Revista de Alba","twitter_description":"\u00cen lunile iunie \u0219i iulie, Prim\u0103ria Alba Iulia a continuat lucr\u0103rile de reabilitare ce vizeaz\u0103 re\u021belele de iluminat public. \u00cen perioada amintit\u0103 s-au","twitter_image":"https:\/\/urbeamea.ro\/albaiulia\/wp-content\/uploads\/2015\/07\/SAM_0803-Large.jpg","twitter_creator":"@urbeameaweb","twitter_site":"@urbeameaweb","schema":{"@context":"https:\/\/schema.org","@graph":[{"@type":"Article","@id":"https:\/\/urbeamea.ro\/albaiulia\/primaria-alba-iulia-165-de-corpuri-de-iluminat-vechi-au-fost-inlocuite\/#article","isPartOf":{"@id":"https:\/\/urbeamea.ro\/albaiulia\/primaria-alba-iulia-165-de-corpuri-de-iluminat-vechi-au-fost-inlocuite\/"},"author":{"name":"Redac\u021bia UrbeaMea","@id":"https:\/\/urbeamea.ro\/albaiulia\/#\/schema\/person\/272ae98052f8ee8980f59848df070247"},"headline":"Prim\u0103ria Alba Iulia: 165 de corpuri de iluminat vechi au fost \u00eenlocuite","datePublished":"2015-07-23T05:22:26+00:00","dateModified":"2016-01-18T20:22:30+00:00","mainEntityOfPage":{"@id":"https:\/\/urbeamea.ro\/albaiulia\/primaria-alba-iulia-165-de-corpuri-de-iluminat-vechi-au-fost-inlocuite\/"},"wordCount":341,"commentCount":0,"image":{"@id":"https:\/\/urbeamea.ro\/albaiulia\/primaria-alba-iulia-165-de-corpuri-de-iluminat-vechi-au-fost-inlocuite\/#primaryimage"},"thumbnailUrl":"https:\/\/urbeamea.ro\/albaiulia\/wp-content\/uploads\/2015\/07\/SAM_0803-Large.jpg","articleSection":["Administra\u021bie"],"inLanguage":"ro-RO","potentialAction":[{"@type":"CommentAction","name":"Comment","target":["https:\/\/urbeamea.ro\/albaiulia\/primaria-alba-iulia-165-de-corpuri-de-iluminat-vechi-au-fost-inlocuite\/#respond"]}]},{"@type":"WebPage","@id":"https:\/\/urbeamea.ro\/albaiulia\/primaria-alba-iulia-165-de-corpuri-de-iluminat-vechi-au-fost-inlocuite\/","url":"https:\/\/urbeamea.ro\/albaiulia\/primaria-alba-iulia-165-de-corpuri-de-iluminat-vechi-au-fost-inlocuite\/","name":"Prim\u0103ria Alba Iulia: 165 de corpuri de iluminat vechi au fost \u00eenlocuite - Revista Urbea Mea - Revista de Alba","isPartOf":{"@id":"https:\/\/urbeamea.ro\/albaiulia\/#website"},"primaryImageOfPage":{"@id":"https:\/\/urbeamea.ro\/albaiulia\/primaria-alba-iulia-165-de-corpuri-de-iluminat-vechi-au-fost-inlocuite\/#primaryimage"},"image":{"@id":"https:\/\/urbeamea.ro\/albaiulia\/primaria-alba-iulia-165-de-corpuri-de-iluminat-vechi-au-fost-inlocuite\/#primaryimage"},"thumbnailUrl":"https:\/\/urbeamea.ro\/albaiulia\/wp-content\/uploads\/2015\/07\/SAM_0803-Large.jpg","datePublished":"2015-07-23T05:22:26+00:00","dateModified":"2016-01-18T20:22:30+00:00","author":{"@id":"https:\/\/urbeamea.ro\/albaiulia\/#\/schema\/person\/272ae98052f8ee8980f59848df070247"},"description":"\u00cen lunile iunie \u0219i iulie, Prim\u0103ria Alba Iulia a continuat lucr\u0103rile de reabilitare ce vizeaz\u0103 re\u021belele de iluminat public. \u00cen perioada amintit\u0103 s-au","breadcrumb":{"@id":"https:\/\/urbeamea.ro\/albaiulia\/primaria-alba-iulia-165-de-corpuri-de-iluminat-vechi-au-fost-inlocuite\/#breadcrumb"},"inLanguage":"ro-RO","potentialAction":[{"@type":"ReadAction","target":["https:\/\/urbeamea.ro\/albaiulia\/primaria-alba-iulia-165-de-corpuri-de-iluminat-vechi-au-fost-inlocuite\/"]}]},{"@type":"ImageObject","inLanguage":"ro-RO","@id":"https:\/\/urbeamea.ro\/albaiulia\/primaria-alba-iulia-165-de-corpuri-de-iluminat-vechi-au-fost-inlocuite\/#primaryimage","url":"https:\/\/urbeamea.ro\/albaiulia\/wp-content\/uploads\/2015\/07\/SAM_0803-Large.jpg","contentUrl":"https:\/\/urbeamea.ro\/albaiulia\/wp-content\/uploads\/2015\/07\/SAM_0803-Large.jpg","width":1024,"height":768},{"@type":"BreadcrumbList","@id":"https:\/\/urbeamea.ro\/albaiulia\/primaria-alba-iulia-165-de-corpuri-de-iluminat-vechi-au-fost-inlocuite\/#breadcrumb","itemListElement":[{"@type":"ListItem","position":1,"name":"Prima pagin\u0103","item":"https:\/\/urbeamea.ro\/albaiulia\/"},{"@type":"ListItem","position":2,"name":"Prim\u0103ria Alba Iulia: 165 de corpuri de iluminat vechi au fost \u00eenlocuite"}]},{"@type":"WebSite","@id":"https:\/\/urbeamea.ro\/albaiulia\/#website","url":"https:\/\/urbeamea.ro\/albaiulia\/","name":"Revista Urbea Mea, Stiri urbane","description":"Evenimente \u0219i \u0219tiri din Alba Iulia, Sebe\u0219, Aiud, Blaj","potentialAction":[{"@type":"SearchAction","target":{"@type":"EntryPoint","urlTemplate":"https:\/\/urbeamea.ro\/albaiulia\/?s={search_term_string}"},"query-input":{"@type":"PropertyValueSpecification","valueRequired":true,"valueName":"search_term_string"}}],"inLanguage":"ro-RO"},{"@type":"Person","@id":"https:\/\/urbeamea.ro\/albaiulia\/#\/schema\/person\/272ae98052f8ee8980f59848df070247","name":"Redac\u021bia UrbeaMea","image":{"@type":"ImageObject","inLanguage":"ro-RO","@id":"https:\/\/secure.gravatar.com\/avatar\/9ce5a9435071fa1037e8468053ead8e513dbbff59009d3069aadb85506d85a27?s=96&d=mm&r=g","url":"https:\/\/secure.gravatar.com\/avatar\/9ce5a9435071fa1037e8468053ead8e513dbbff59009d3069aadb85506d85a27?s=96&d=mm&r=g","contentUrl":"https:\/\/secure.gravatar.com\/avatar\/9ce5a9435071fa1037e8468053ead8e513dbbff59009d3069aadb85506d85a27?s=96&d=mm&r=g","caption":"Redac\u021bia UrbeaMea"},"description":"contact@urbeamea.ro","sameAs":["https:\/\/www.urbeamea.ro"],"url":"https:\/\/urbeamea.ro\/albaiulia\/author\/redactia-urbeamea\/"}]}},"_links":{"self":[{"href":"https:\/\/urbeamea.ro\/albaiulia\/wp-json\/wp\/v2\/posts\/6426","targetHints":{"allow":["GET"]}}],"collection":[{"href":"https:\/\/urbeamea.ro\/albaiulia\/wp-json\/wp\/v2\/posts"}],"about":[{"href":"https:\/\/urbeamea.ro\/albaiulia\/wp-json\/wp\/v2\/types\/post"}],"author":[{"embeddable":true,"href":"https:\/\/urbeamea.ro\/albaiulia\/wp-json\/wp\/v2\/users\/16"}],"replies":[{"embeddable":true,"href":"https:\/\/urbeamea.ro\/albaiulia\/wp-json\/wp\/v2\/comments?post=6426"}],"version-history":[{"count":0,"href":"https:\/\/urbeamea.ro\/albaiulia\/wp-json\/wp\/v2\/posts\/6426\/revisions"}],"wp:featuredmedia":[{"embeddable":true,"href":"https:\/\/urbeamea.ro\/albaiulia\/wp-json\/wp\/v2\/media\/6427"}],"wp:attachment":[{"href":"https:\/\/urbeamea.ro\/albaiulia\/wp-json\/wp\/v2\/media?parent=6426"}],"wp:term":[{"taxonomy":"category","embeddable":true,"href":"https:\/\/urbeamea.ro\/albaiulia\/wp-json\/wp\/v2\/categories?post=6426"},{"taxonomy":"post_tag","embeddable":true,"href":"https:\/\/urbeamea.ro\/albaiulia\/wp-json\/wp\/v2\/tags?post=6426"}],"curies":[{"name":"wp","href":"https:\/\/api.w.org\/{rel}","templated":true}]}}