{"id":6432,"date":"2015-07-23T13:10:40","date_gmt":"2015-07-23T10:10:40","guid":{"rendered":"http:\/\/urbeamea.ro\/albaiulia\/?p=6432"},"modified":"2016-01-18T22:22:19","modified_gmt":"2016-01-18T20:22:19","slug":"vineri-spectacol-de-arta-stradala-sustinut-de-grupul-aglaja","status":"publish","type":"post","link":"https:\/\/urbeamea.ro\/albaiulia\/vineri-spectacol-de-arta-stradala-sustinut-de-grupul-aglaja\/","title":{"rendered":"Vineri: spectacol de art\u0103 stradal\u0103 sus\u021binut de Grupul AGLAJA"},"content":{"rendered":"<p><a href=\"http:\/\/urbeamea.ro\/albaiulia\/wp-content\/uploads\/2015\/07\/AGLAJA.jpg\"><img loading=\"lazy\" decoding=\"async\" class=\"alignleft size-medium wp-image-6433\" src=\"http:\/\/urbeamea.ro\/albaiulia\/wp-content\/uploads\/2015\/07\/AGLAJA-300x201.jpg\" alt=\"AGLAJA\" width=\"300\" height=\"201\" \/><\/a>Vineri, 24 iulie 2015, de la ora 21, albaiulienii sunt a\u0219tepta\u021bi la un spectacol de art\u0103 stradal\u0103, sus\u021binut de Grupul AGLAJA, Belgia.<\/p>\n<p>Spectacolul face parte din turneul european de evenimente prilejuite de s\u0103rb\u0103torirea a 50 de ani de existen\u021b\u0103 ai grupului \u0219i va avea loc \u00een Pia\u021ba Cet\u0103\u021bii.<\/p>\n<p>Grupul AGLAJA reprezint\u0103 una dintre cele mai vechi companii de treatru \u0219i dans din Belgia, dedicat\u0103 tinerilor \u0219i exprim\u0103rii artistice a acestora.<\/p>\n<p>Fragmentele de muzic\u0103 clasic\u0103 \u0219i momentele de coregrafie cu steaguri fac spectacolele AGLAJA s\u0103 fie unice \u00een lume.<\/p>\n<p>50 de tineri belgieni recompun \u0219i transpun muzica \u00een reprezenta\u021bii coregrafice care au fascinat deja, \u00een cadrul turneului de anul acesta, peste 25 de ora\u0219e \u0219i capitale europene, precum Berlin, Viena, Budapesta sau Atena.<\/p>\n<p>Belgienii au ales Alba Iulia, \u00eenainte de a fi prezen\u021bi la Budapesta, ca singura destina\u021bie \u00een care vor performa \u00een Rom\u00e2nia.<br \/>\n<iframe loading=\"lazy\" src=\"https:\/\/www.youtube.com\/embed\/i5egwTeUXtw\" width=\"420\" height=\"315\" frameborder=\"0\" allowfullscreen=\"allowfullscreen\"><\/iframe><\/p>\n<p><iframe loading=\"lazy\" src=\"https:\/\/www.youtube.com\/embed\/CeliG95rRKk\" width=\"420\" height=\"315\" frameborder=\"0\" allowfullscreen=\"allowfullscreen\"><\/iframe><\/p>\n<p><iframe loading=\"lazy\" src=\"https:\/\/www.youtube.com\/embed\/apCTouX1NPs\" width=\"420\" height=\"315\" frameborder=\"0\" allowfullscreen=\"allowfullscreen\"><\/iframe><\/p>\n<p><iframe loading=\"lazy\" src=\"https:\/\/www.youtube.com\/embed\/HZQ6mxGrGwk\" width=\"420\" height=\"315\" frameborder=\"0\" allowfullscreen=\"allowfullscreen\"><\/iframe><\/p>\n","protected":false},"excerpt":{"rendered":"<p>Vineri, 24 iulie 2015, de la ora 21, albaiulienii sunt a\u0219tepta\u021bi la un spectacol de art\u0103 stradal\u0103, sus\u021binut de Grupul AGLAJA, Belgia. Spectacolul face parte din turneul european de evenimente prilejuite de s\u0103rb\u0103torirea a 50 de ani de existen\u021b\u0103 ai grupului \u0219i va avea loc \u00een Pia\u021ba Cet\u0103\u021bii. Grupul AGLAJA reprezint\u0103 una dintre cele mai &hellip;<\/p>\n","protected":false},"author":16,"featured_media":6433,"comment_status":"open","ping_status":"open","sticky":false,"template":"","format":"standard","meta":{"inline_featured_image":false,"footnotes":""},"categories":[4],"tags":[],"class_list":["post-6432","post","type-post","status-publish","format-standard","has-post-thumbnail","hentry","category-eveniment"],"yoast_head":"<!-- This site is optimized with the Yoast SEO plugin v27.4 - https:\/\/yoast.com\/product\/yoast-seo-wordpress\/ -->\n<title>Vineri: spectacol de art\u0103 stradal\u0103 sus\u021binut de Grupul AGLAJA - Revista Urbea Mea - Revista de Alba<\/title>\n<meta name=\"description\" content=\"Vineri, 24 iulie 2015, de la ora 21, albaiulienii sunt a\u0219tepta\u021bi la un spectacol de art\u0103 stradal\u0103, sus\u021binut de Grupul AGLAJA, Belgia. Spectacolul face\" \/>\n<meta name=\"robots\" content=\"index, follow, max-snippet:-1, max-image-preview:large, max-video-preview:-1\" \/>\n<link rel=\"canonical\" href=\"https:\/\/urbeamea.ro\/albaiulia\/vineri-spectacol-de-arta-stradala-sustinut-de-grupul-aglaja\/\" \/>\n<meta name=\"twitter:card\" content=\"summary_large_image\" \/>\n<meta name=\"twitter:title\" content=\"Vineri: spectacol de art\u0103 stradal\u0103 sus\u021binut de Grupul AGLAJA - Revista Urbea Mea - Revista de Alba\" \/>\n<meta name=\"twitter:description\" content=\"Vineri, 24 iulie 2015, de la ora 21, albaiulienii sunt a\u0219tepta\u021bi la un spectacol de art\u0103 stradal\u0103, sus\u021binut de Grupul AGLAJA, Belgia. Spectacolul face\" \/>\n<meta name=\"twitter:image\" content=\"https:\/\/urbeamea.ro\/albaiulia\/wp-content\/uploads\/2015\/07\/AGLAJA.jpg\" \/>\n<meta name=\"twitter:creator\" content=\"@urbeameaweb\" \/>\n<meta name=\"twitter:site\" content=\"@urbeameaweb\" \/>\n<script type=\"application\/ld+json\" class=\"yoast-schema-graph\">{\"@context\":\"https:\\\/\\\/schema.org\",\"@graph\":[{\"@type\":\"Article\",\"@id\":\"https:\\\/\\\/urbeamea.ro\\\/albaiulia\\\/vineri-spectacol-de-arta-stradala-sustinut-de-grupul-aglaja\\\/#article\",\"isPartOf\":{\"@id\":\"https:\\\/\\\/urbeamea.ro\\\/albaiulia\\\/vineri-spectacol-de-arta-stradala-sustinut-de-grupul-aglaja\\\/\"},\"author\":{\"name\":\"Redac\u021bia UrbeaMea\",\"@id\":\"https:\\\/\\\/urbeamea.ro\\\/albaiulia\\\/#\\\/schema\\\/person\\\/272ae98052f8ee8980f59848df070247\"},\"headline\":\"Vineri: spectacol de art\u0103 stradal\u0103 sus\u021binut de Grupul AGLAJA\",\"datePublished\":\"2015-07-23T10:10:40+00:00\",\"dateModified\":\"2016-01-18T20:22:19+00:00\",\"mainEntityOfPage\":{\"@id\":\"https:\\\/\\\/urbeamea.ro\\\/albaiulia\\\/vineri-spectacol-de-arta-stradala-sustinut-de-grupul-aglaja\\\/\"},\"wordCount\":160,\"commentCount\":0,\"image\":{\"@id\":\"https:\\\/\\\/urbeamea.ro\\\/albaiulia\\\/vineri-spectacol-de-arta-stradala-sustinut-de-grupul-aglaja\\\/#primaryimage\"},\"thumbnailUrl\":\"https:\\\/\\\/urbeamea.ro\\\/albaiulia\\\/wp-content\\\/uploads\\\/2015\\\/07\\\/AGLAJA.jpg\",\"articleSection\":[\"Evenimente\"],\"inLanguage\":\"ro-RO\",\"potentialAction\":[{\"@type\":\"CommentAction\",\"name\":\"Comment\",\"target\":[\"https:\\\/\\\/urbeamea.ro\\\/albaiulia\\\/vineri-spectacol-de-arta-stradala-sustinut-de-grupul-aglaja\\\/#respond\"]}]},{\"@type\":\"WebPage\",\"@id\":\"https:\\\/\\\/urbeamea.ro\\\/albaiulia\\\/vineri-spectacol-de-arta-stradala-sustinut-de-grupul-aglaja\\\/\",\"url\":\"https:\\\/\\\/urbeamea.ro\\\/albaiulia\\\/vineri-spectacol-de-arta-stradala-sustinut-de-grupul-aglaja\\\/\",\"name\":\"Vineri: spectacol de art\u0103 stradal\u0103 sus\u021binut de Grupul AGLAJA - Revista Urbea Mea - Revista de Alba\",\"isPartOf\":{\"@id\":\"https:\\\/\\\/urbeamea.ro\\\/albaiulia\\\/#website\"},\"primaryImageOfPage\":{\"@id\":\"https:\\\/\\\/urbeamea.ro\\\/albaiulia\\\/vineri-spectacol-de-arta-stradala-sustinut-de-grupul-aglaja\\\/#primaryimage\"},\"image\":{\"@id\":\"https:\\\/\\\/urbeamea.ro\\\/albaiulia\\\/vineri-spectacol-de-arta-stradala-sustinut-de-grupul-aglaja\\\/#primaryimage\"},\"thumbnailUrl\":\"https:\\\/\\\/urbeamea.ro\\\/albaiulia\\\/wp-content\\\/uploads\\\/2015\\\/07\\\/AGLAJA.jpg\",\"datePublished\":\"2015-07-23T10:10:40+00:00\",\"dateModified\":\"2016-01-18T20:22:19+00:00\",\"author\":{\"@id\":\"https:\\\/\\\/urbeamea.ro\\\/albaiulia\\\/#\\\/schema\\\/person\\\/272ae98052f8ee8980f59848df070247\"},\"description\":\"Vineri, 24 iulie 2015, de la ora 21, albaiulienii sunt a\u0219tepta\u021bi la un spectacol de art\u0103 stradal\u0103, sus\u021binut de Grupul AGLAJA, Belgia. Spectacolul face\",\"breadcrumb\":{\"@id\":\"https:\\\/\\\/urbeamea.ro\\\/albaiulia\\\/vineri-spectacol-de-arta-stradala-sustinut-de-grupul-aglaja\\\/#breadcrumb\"},\"inLanguage\":\"ro-RO\",\"potentialAction\":[{\"@type\":\"ReadAction\",\"target\":[\"https:\\\/\\\/urbeamea.ro\\\/albaiulia\\\/vineri-spectacol-de-arta-stradala-sustinut-de-grupul-aglaja\\\/\"]}]},{\"@type\":\"ImageObject\",\"inLanguage\":\"ro-RO\",\"@id\":\"https:\\\/\\\/urbeamea.ro\\\/albaiulia\\\/vineri-spectacol-de-arta-stradala-sustinut-de-grupul-aglaja\\\/#primaryimage\",\"url\":\"https:\\\/\\\/urbeamea.ro\\\/albaiulia\\\/wp-content\\\/uploads\\\/2015\\\/07\\\/AGLAJA.jpg\",\"contentUrl\":\"https:\\\/\\\/urbeamea.ro\\\/albaiulia\\\/wp-content\\\/uploads\\\/2015\\\/07\\\/AGLAJA.jpg\",\"width\":1024,\"height\":685},{\"@type\":\"BreadcrumbList\",\"@id\":\"https:\\\/\\\/urbeamea.ro\\\/albaiulia\\\/vineri-spectacol-de-arta-stradala-sustinut-de-grupul-aglaja\\\/#breadcrumb\",\"itemListElement\":[{\"@type\":\"ListItem\",\"position\":1,\"name\":\"Prima pagin\u0103\",\"item\":\"https:\\\/\\\/urbeamea.ro\\\/albaiulia\\\/\"},{\"@type\":\"ListItem\",\"position\":2,\"name\":\"Vineri: spectacol de art\u0103 stradal\u0103 sus\u021binut de Grupul AGLAJA\"}]},{\"@type\":\"WebSite\",\"@id\":\"https:\\\/\\\/urbeamea.ro\\\/albaiulia\\\/#website\",\"url\":\"https:\\\/\\\/urbeamea.ro\\\/albaiulia\\\/\",\"name\":\"Revista Urbea Mea, Stiri urbane\",\"description\":\"Evenimente \u0219i \u0219tiri din Alba Iulia, Sebe\u0219, Aiud, Blaj\",\"potentialAction\":[{\"@type\":\"SearchAction\",\"target\":{\"@type\":\"EntryPoint\",\"urlTemplate\":\"https:\\\/\\\/urbeamea.ro\\\/albaiulia\\\/?s={search_term_string}\"},\"query-input\":{\"@type\":\"PropertyValueSpecification\",\"valueRequired\":true,\"valueName\":\"search_term_string\"}}],\"inLanguage\":\"ro-RO\"},{\"@type\":\"Person\",\"@id\":\"https:\\\/\\\/urbeamea.ro\\\/albaiulia\\\/#\\\/schema\\\/person\\\/272ae98052f8ee8980f59848df070247\",\"name\":\"Redac\u021bia UrbeaMea\",\"image\":{\"@type\":\"ImageObject\",\"inLanguage\":\"ro-RO\",\"@id\":\"https:\\\/\\\/secure.gravatar.com\\\/avatar\\\/9ce5a9435071fa1037e8468053ead8e513dbbff59009d3069aadb85506d85a27?s=96&d=mm&r=g\",\"url\":\"https:\\\/\\\/secure.gravatar.com\\\/avatar\\\/9ce5a9435071fa1037e8468053ead8e513dbbff59009d3069aadb85506d85a27?s=96&d=mm&r=g\",\"contentUrl\":\"https:\\\/\\\/secure.gravatar.com\\\/avatar\\\/9ce5a9435071fa1037e8468053ead8e513dbbff59009d3069aadb85506d85a27?s=96&d=mm&r=g\",\"caption\":\"Redac\u021bia UrbeaMea\"},\"description\":\"contact@urbeamea.ro\",\"sameAs\":[\"https:\\\/\\\/www.urbeamea.ro\"],\"url\":\"https:\\\/\\\/urbeamea.ro\\\/albaiulia\\\/author\\\/redactia-urbeamea\\\/\"}]}<\/script>\n<!-- \/ Yoast SEO plugin. -->","yoast_head_json":{"title":"Vineri: spectacol de art\u0103 stradal\u0103 sus\u021binut de Grupul AGLAJA - Revista Urbea Mea - Revista de Alba","description":"Vineri, 24 iulie 2015, de la ora 21, albaiulienii sunt a\u0219tepta\u021bi la un spectacol de art\u0103 stradal\u0103, sus\u021binut de Grupul AGLAJA, Belgia. Spectacolul face","robots":{"index":"index","follow":"follow","max-snippet":"max-snippet:-1","max-image-preview":"max-image-preview:large","max-video-preview":"max-video-preview:-1"},"canonical":"https:\/\/urbeamea.ro\/albaiulia\/vineri-spectacol-de-arta-stradala-sustinut-de-grupul-aglaja\/","twitter_card":"summary_large_image","twitter_title":"Vineri: spectacol de art\u0103 stradal\u0103 sus\u021binut de Grupul AGLAJA - Revista Urbea Mea - Revista de Alba","twitter_description":"Vineri, 24 iulie 2015, de la ora 21, albaiulienii sunt a\u0219tepta\u021bi la un spectacol de art\u0103 stradal\u0103, sus\u021binut de Grupul AGLAJA, Belgia. Spectacolul face","twitter_image":"https:\/\/urbeamea.ro\/albaiulia\/wp-content\/uploads\/2015\/07\/AGLAJA.jpg","twitter_creator":"@urbeameaweb","twitter_site":"@urbeameaweb","schema":{"@context":"https:\/\/schema.org","@graph":[{"@type":"Article","@id":"https:\/\/urbeamea.ro\/albaiulia\/vineri-spectacol-de-arta-stradala-sustinut-de-grupul-aglaja\/#article","isPartOf":{"@id":"https:\/\/urbeamea.ro\/albaiulia\/vineri-spectacol-de-arta-stradala-sustinut-de-grupul-aglaja\/"},"author":{"name":"Redac\u021bia UrbeaMea","@id":"https:\/\/urbeamea.ro\/albaiulia\/#\/schema\/person\/272ae98052f8ee8980f59848df070247"},"headline":"Vineri: spectacol de art\u0103 stradal\u0103 sus\u021binut de Grupul AGLAJA","datePublished":"2015-07-23T10:10:40+00:00","dateModified":"2016-01-18T20:22:19+00:00","mainEntityOfPage":{"@id":"https:\/\/urbeamea.ro\/albaiulia\/vineri-spectacol-de-arta-stradala-sustinut-de-grupul-aglaja\/"},"wordCount":160,"commentCount":0,"image":{"@id":"https:\/\/urbeamea.ro\/albaiulia\/vineri-spectacol-de-arta-stradala-sustinut-de-grupul-aglaja\/#primaryimage"},"thumbnailUrl":"https:\/\/urbeamea.ro\/albaiulia\/wp-content\/uploads\/2015\/07\/AGLAJA.jpg","articleSection":["Evenimente"],"inLanguage":"ro-RO","potentialAction":[{"@type":"CommentAction","name":"Comment","target":["https:\/\/urbeamea.ro\/albaiulia\/vineri-spectacol-de-arta-stradala-sustinut-de-grupul-aglaja\/#respond"]}]},{"@type":"WebPage","@id":"https:\/\/urbeamea.ro\/albaiulia\/vineri-spectacol-de-arta-stradala-sustinut-de-grupul-aglaja\/","url":"https:\/\/urbeamea.ro\/albaiulia\/vineri-spectacol-de-arta-stradala-sustinut-de-grupul-aglaja\/","name":"Vineri: spectacol de art\u0103 stradal\u0103 sus\u021binut de Grupul AGLAJA - Revista Urbea Mea - Revista de Alba","isPartOf":{"@id":"https:\/\/urbeamea.ro\/albaiulia\/#website"},"primaryImageOfPage":{"@id":"https:\/\/urbeamea.ro\/albaiulia\/vineri-spectacol-de-arta-stradala-sustinut-de-grupul-aglaja\/#primaryimage"},"image":{"@id":"https:\/\/urbeamea.ro\/albaiulia\/vineri-spectacol-de-arta-stradala-sustinut-de-grupul-aglaja\/#primaryimage"},"thumbnailUrl":"https:\/\/urbeamea.ro\/albaiulia\/wp-content\/uploads\/2015\/07\/AGLAJA.jpg","datePublished":"2015-07-23T10:10:40+00:00","dateModified":"2016-01-18T20:22:19+00:00","author":{"@id":"https:\/\/urbeamea.ro\/albaiulia\/#\/schema\/person\/272ae98052f8ee8980f59848df070247"},"description":"Vineri, 24 iulie 2015, de la ora 21, albaiulienii sunt a\u0219tepta\u021bi la un spectacol de art\u0103 stradal\u0103, sus\u021binut de Grupul AGLAJA, Belgia. Spectacolul face","breadcrumb":{"@id":"https:\/\/urbeamea.ro\/albaiulia\/vineri-spectacol-de-arta-stradala-sustinut-de-grupul-aglaja\/#breadcrumb"},"inLanguage":"ro-RO","potentialAction":[{"@type":"ReadAction","target":["https:\/\/urbeamea.ro\/albaiulia\/vineri-spectacol-de-arta-stradala-sustinut-de-grupul-aglaja\/"]}]},{"@type":"ImageObject","inLanguage":"ro-RO","@id":"https:\/\/urbeamea.ro\/albaiulia\/vineri-spectacol-de-arta-stradala-sustinut-de-grupul-aglaja\/#primaryimage","url":"https:\/\/urbeamea.ro\/albaiulia\/wp-content\/uploads\/2015\/07\/AGLAJA.jpg","contentUrl":"https:\/\/urbeamea.ro\/albaiulia\/wp-content\/uploads\/2015\/07\/AGLAJA.jpg","width":1024,"height":685},{"@type":"BreadcrumbList","@id":"https:\/\/urbeamea.ro\/albaiulia\/vineri-spectacol-de-arta-stradala-sustinut-de-grupul-aglaja\/#breadcrumb","itemListElement":[{"@type":"ListItem","position":1,"name":"Prima pagin\u0103","item":"https:\/\/urbeamea.ro\/albaiulia\/"},{"@type":"ListItem","position":2,"name":"Vineri: spectacol de art\u0103 stradal\u0103 sus\u021binut de Grupul AGLAJA"}]},{"@type":"WebSite","@id":"https:\/\/urbeamea.ro\/albaiulia\/#website","url":"https:\/\/urbeamea.ro\/albaiulia\/","name":"Revista Urbea Mea, Stiri urbane","description":"Evenimente \u0219i \u0219tiri din Alba Iulia, Sebe\u0219, Aiud, Blaj","potentialAction":[{"@type":"SearchAction","target":{"@type":"EntryPoint","urlTemplate":"https:\/\/urbeamea.ro\/albaiulia\/?s={search_term_string}"},"query-input":{"@type":"PropertyValueSpecification","valueRequired":true,"valueName":"search_term_string"}}],"inLanguage":"ro-RO"},{"@type":"Person","@id":"https:\/\/urbeamea.ro\/albaiulia\/#\/schema\/person\/272ae98052f8ee8980f59848df070247","name":"Redac\u021bia UrbeaMea","image":{"@type":"ImageObject","inLanguage":"ro-RO","@id":"https:\/\/secure.gravatar.com\/avatar\/9ce5a9435071fa1037e8468053ead8e513dbbff59009d3069aadb85506d85a27?s=96&d=mm&r=g","url":"https:\/\/secure.gravatar.com\/avatar\/9ce5a9435071fa1037e8468053ead8e513dbbff59009d3069aadb85506d85a27?s=96&d=mm&r=g","contentUrl":"https:\/\/secure.gravatar.com\/avatar\/9ce5a9435071fa1037e8468053ead8e513dbbff59009d3069aadb85506d85a27?s=96&d=mm&r=g","caption":"Redac\u021bia UrbeaMea"},"description":"contact@urbeamea.ro","sameAs":["https:\/\/www.urbeamea.ro"],"url":"https:\/\/urbeamea.ro\/albaiulia\/author\/redactia-urbeamea\/"}]}},"_links":{"self":[{"href":"https:\/\/urbeamea.ro\/albaiulia\/wp-json\/wp\/v2\/posts\/6432","targetHints":{"allow":["GET"]}}],"collection":[{"href":"https:\/\/urbeamea.ro\/albaiulia\/wp-json\/wp\/v2\/posts"}],"about":[{"href":"https:\/\/urbeamea.ro\/albaiulia\/wp-json\/wp\/v2\/types\/post"}],"author":[{"embeddable":true,"href":"https:\/\/urbeamea.ro\/albaiulia\/wp-json\/wp\/v2\/users\/16"}],"replies":[{"embeddable":true,"href":"https:\/\/urbeamea.ro\/albaiulia\/wp-json\/wp\/v2\/comments?post=6432"}],"version-history":[{"count":0,"href":"https:\/\/urbeamea.ro\/albaiulia\/wp-json\/wp\/v2\/posts\/6432\/revisions"}],"wp:featuredmedia":[{"embeddable":true,"href":"https:\/\/urbeamea.ro\/albaiulia\/wp-json\/wp\/v2\/media\/6433"}],"wp:attachment":[{"href":"https:\/\/urbeamea.ro\/albaiulia\/wp-json\/wp\/v2\/media?parent=6432"}],"wp:term":[{"taxonomy":"category","embeddable":true,"href":"https:\/\/urbeamea.ro\/albaiulia\/wp-json\/wp\/v2\/categories?post=6432"},{"taxonomy":"post_tag","embeddable":true,"href":"https:\/\/urbeamea.ro\/albaiulia\/wp-json\/wp\/v2\/tags?post=6432"}],"curies":[{"name":"wp","href":"https:\/\/api.w.org\/{rel}","templated":true}]}}