{"id":6440,"date":"2015-07-24T08:08:38","date_gmt":"2015-07-24T05:08:38","guid":{"rendered":"http:\/\/urbeamea.ro\/albaiulia\/?p=6440"},"modified":"2016-01-18T22:21:52","modified_gmt":"2016-01-18T20:21:52","slug":"evaluarea-rezultatelor-politistilor-de-ordine-publica-pe-primele-6-luni-ale-anului-2015","status":"publish","type":"post","link":"https:\/\/urbeamea.ro\/albaiulia\/evaluarea-rezultatelor-politistilor-de-ordine-publica-pe-primele-6-luni-ale-anului-2015\/","title":{"rendered":"Evaluarea rezultatelor poli\u0163i\u015ftilor de ordine public\u0103, pe primele 6 luni ale anului 2015"},"content":{"rendered":"<p><strong><a href=\"http:\/\/urbeamea.ro\/albaiulia\/wp-content\/uploads\/2015\/07\/t_dsc4667.jpg\"><img loading=\"lazy\" decoding=\"async\" class=\"alignleft size-medium wp-image-6441\" src=\"http:\/\/urbeamea.ro\/albaiulia\/wp-content\/uploads\/2015\/07\/t_dsc4667-300x199.jpg\" alt=\"t_dsc4667\" width=\"300\" height=\"199\" srcset=\"https:\/\/urbeamea.ro\/albaiulia\/wp-content\/uploads\/2015\/07\/t_dsc4667-300x199.jpg 300w, https:\/\/urbeamea.ro\/albaiulia\/wp-content\/uploads\/2015\/07\/t_dsc4667-150x99.jpg 150w, https:\/\/urbeamea.ro\/albaiulia\/wp-content\/uploads\/2015\/07\/t_dsc4667-321x214.jpg 321w, https:\/\/urbeamea.ro\/albaiulia\/wp-content\/uploads\/2015\/07\/t_dsc4667-207x136.jpg 207w, https:\/\/urbeamea.ro\/albaiulia\/wp-content\/uploads\/2015\/07\/t_dsc4667-140x94.jpg 140w, https:\/\/urbeamea.ro\/albaiulia\/wp-content\/uploads\/2015\/07\/t_dsc4667.jpg 600w\" sizes=\"auto, (max-width: 300px) 100vw, 300px\" \/><\/a>\u00cen primele 6 luni ale anului 2015, poli\u0163i\u015ftii din mediul rural al jude\u0163ului Alba au fost sesiza\u0163i \u00een leg\u0103tur\u0103 cu 1.616 infrac\u0163iuni, cu 13,5% mai pu\u0163ine dec\u00e2t \u00een semestrul I 2014. \u00cen cadrul ac\u0163iunilor ce au vizat cre\u015fterea gradului de siguran\u0163\u0103 al cet\u0103\u0163enilor din mediul rural, au fost constatate \u015fi sanc\u0163ionate peste 8.286 de abateri contraven\u0163ionale.<\/strong><\/p>\n<p>La sediul Inspectoratului de Poli\u0163ie Jude\u0163ean Alba a avut loc evaluarea rezultatelor ob\u0163inute de efectivele de poli\u0163ie din mediul rural, \u00een primele 6 luni ale anului 2015.<\/p>\n<p>\u015eedin\u0163a s-a desf\u0103\u0219urat \u00een prezen\u0163a domnului chestor principal de poli\u0163ie Ioan Nicolae C\u0103bulea, \u015feful Inspectoratului de Poli\u0163ie jude\u0163ean Alba \u015fi a domnului comisar \u015fef de poli\u0163ie Cri\u015fan Lauren\u0163iu, adjunct al \u015fefului inspectoratului pe linie de ordine public\u0103.<\/p>\n<p>\u00cen materialul de evaluare s-a eviden\u0163iat faptul c\u0103 \u00een primul semestru al anului 2015, activitatea poli\u0163iei din mediul rural s-a axat pe men\u0163inerea ordinii \u015fi siguran\u0163ei publice, prevenirea \u015fi combaterea infrac\u0163ionalit\u0103\u0163ii, prevenirea accidentelor rutiere precum \u015fi pe activit\u0103\u0163i de urm\u0103rire penal\u0103.<\/p>\n<p>Din analiza indicatorilor statistici \u00eenregistra\u0163i \u00een primul semestru al anului 2015, rezult\u0103 c\u0103 \u00een mediul rural din jude\u0163ul Alba au fost sesizate 1.616 infrac\u0163iuni, cu 13,58% mai pu\u0163ine dec\u00e2t \u00een semestrul. I 2014.<\/p>\n<p>Dintre acestea, 39,58% sunt infrac\u0163iuni contra patrimoniului, 26,54% sunt infrac\u0163iuni contra persoanei, iar 9,14% sunt infrac\u0163iuni la regimul circula\u0163iei rutiere.<\/p>\n<p>\u00cen domeniul silvic au fost constatate 157 de infrac\u0163iuni, iar pe linie de evaziune fiscal\u0103 au fost constatate 33 de infrac\u0163iuni.<\/p>\n<p>\u00cen categoria infrac\u021biunilor contra patrimoniului, ponderea cea mai mare o au infrac\u0163iunile de furt, reprezent\u00e2nd 23% din totalul infrac\u0163ionalit\u0103\u0163ii constatate \u00een mediul rural, num\u0103rul acestora \u00eenregistr\u00e2nd o sc\u0103dere cu 25,28%, fa\u0163\u0103 de semestrul I 2014.<\/p>\n<p>\u00cen aceast\u0103 perioad\u0103, \u00een mediul rural, au fost \u00eenregistrate doar 6 infrac\u0163iuni stradale, fapt care eviden\u0163iaz\u0103 un grad ridicat de siguran\u0163\u0103 civic\u0103.<\/p>\n<p><a href=\"http:\/\/urbeamea.ro\/albaiulia\/wp-content\/uploads\/2015\/07\/t_dsc4671.jpg\"><img loading=\"lazy\" decoding=\"async\" class=\" size-medium wp-image-6442 alignright\" src=\"http:\/\/urbeamea.ro\/albaiulia\/wp-content\/uploads\/2015\/07\/t_dsc4671-300x199.jpg\" alt=\"t_dsc4671\" width=\"300\" height=\"199\" srcset=\"https:\/\/urbeamea.ro\/albaiulia\/wp-content\/uploads\/2015\/07\/t_dsc4671-300x199.jpg 300w, https:\/\/urbeamea.ro\/albaiulia\/wp-content\/uploads\/2015\/07\/t_dsc4671-150x99.jpg 150w, https:\/\/urbeamea.ro\/albaiulia\/wp-content\/uploads\/2015\/07\/t_dsc4671-321x214.jpg 321w, https:\/\/urbeamea.ro\/albaiulia\/wp-content\/uploads\/2015\/07\/t_dsc4671-207x136.jpg 207w, https:\/\/urbeamea.ro\/albaiulia\/wp-content\/uploads\/2015\/07\/t_dsc4671-140x94.jpg 140w, https:\/\/urbeamea.ro\/albaiulia\/wp-content\/uploads\/2015\/07\/t_dsc4671.jpg 600w\" sizes=\"auto, (max-width: 300px) 100vw, 300px\" \/><\/a>\u00cen cadrul ac\u0163iunilor organizate ori a activit\u0103\u0163ilor curente desf\u0103\u015furate, poli\u0163i\u015ftii de ordine public\u0103 au constatat \u00eenc\u0103lc\u0103ri ale normelor legale pentru care au aplicat 8.286 de sanc\u0163iuni contraven\u0163ionale. Dintre acestea 2.068 de sanc\u0163iuni au fost aplicate la Legea nr. 61\/1991, pentru sanc\u0163ionarea faptelor de \u00eenc\u0103lcare a unor norme de convie\u0163uire social\u0103, a ordinii \u015fi lini\u015ftii publice, 5.669 de sanc\u0163iuni au fost aplicate la OUG 195\/2002 iar 108 la Legea nr. 12\/1990 privind protejarea popula\u0163iei \u00eempotriva unor activit\u0103\u0163i de produc\u0163ie, comer\u0163 sau prest\u0103ri de servicii ilicite.<\/p>\n<p>\u00cen domeniul silvic au fost constatate 157 de infrac\u0163iuni, aplicate 186 de sanc\u0163iuni contraven\u0163ionale \u015fi confiscat\u0103 cantitatea de 4.122 metri cubi material lemnos.<\/p>\n<p>\u00cen scopul prevenirii unor infrac\u0163iuni \u00een dauna m\u00e2nuitorilor de valori monetare, poli\u0163i\u015ftii din structurile de ordine public\u0103 din jude\u0163ul Alba au organizat 7 ac\u0163iuni \u00een cadrul c\u0103rora au fost verificate peste 300 de societ\u0103\u0163i comerciale.<\/p>\n<p>\u00cen interven\u0163ia sa, domnul chestor principal de poli\u0163ie Ioan Nicolae C\u0103bulea a apreciat eforturile depuse de poli\u0163i\u015ftii din structurile de ordine public\u0103, pentru cre\u015fterea gradului de siguran\u0163\u0103 al cet\u0103\u0163enilor \u015fi le-a solicitat s\u0103 manifeste interes pentru cunoa\u015fterea problemelor comunit\u0103\u0163ii \u015fi implicare \u00een rezolvarea acestora. Totodat\u0103 le-a cerut operativitate \u00een interven\u0163iile la sesiz\u0103rile cet\u0103\u0163enilor prin 112 subliniind importan\u0163a unei interven\u0163ii prompte \u015fi corecte, pentru prevenirea unor evenimente ce pot avea consecin\u0163e \u00een planul ordinii \u015fi siguran\u021bei publice \u00een comunit\u0103\u0163ile rurale.<\/p>\n<p>\u015ei pentru mediul rural au r\u0103mas prioritare combaterea delictelor silvice, a infrac\u0163iunilor contra patrimoniului dar \u015fi a infrac\u021biunilor de natur\u0103 economico \u2013 financiar\u0103. Totodat\u0103 vor fi continuate ac\u0163iunile pentru cre\u015fterea gradului de siguran\u0163\u0103 rutier\u0103 \u015fi cele de combatere a indisciplinei rutiere.<\/p>\n","protected":false},"excerpt":{"rendered":"<p>\u00cen primele 6 luni ale anului 2015, poli\u0163i\u015ftii din mediul rural al jude\u0163ului Alba au fost sesiza\u0163i \u00een leg\u0103tur\u0103 cu 1.616 infrac\u0163iuni, cu 13,5% mai pu\u0163ine dec\u00e2t \u00een semestrul I 2014. \u00cen cadrul ac\u0163iunilor ce au vizat cre\u015fterea gradului de siguran\u0163\u0103 al cet\u0103\u0163enilor din mediul rural, au fost constatate \u015fi sanc\u0163ionate peste 8.286 de abateri &hellip;<\/p>\n","protected":false},"author":16,"featured_media":6441,"comment_status":"open","ping_status":"open","sticky":false,"template":"","format":"standard","meta":{"inline_featured_image":false,"footnotes":""},"categories":[2034],"tags":[],"class_list":["post-6440","post","type-post","status-publish","format-standard","has-post-thumbnail","hentry","category-social"],"yoast_head":"<!-- This site is optimized with the Yoast SEO plugin v27.4 - https:\/\/yoast.com\/product\/yoast-seo-wordpress\/ -->\n<title>Evaluarea rezultatelor poli\u0163i\u015ftilor de ordine public\u0103, pe primele 6 luni ale anului 2015 - Revista Urbea Mea - Revista de Alba<\/title>\n<meta name=\"description\" content=\"\u00cen primele 6 luni ale anului 2015, poli\u0163i\u015ftii din mediul rural al jude\u0163ului Alba au fost sesiza\u0163i \u00een leg\u0103tur\u0103 cu 1.616 infrac\u0163iuni, cu 13,5% mai pu\u0163ine\" \/>\n<meta name=\"robots\" content=\"index, follow, max-snippet:-1, max-image-preview:large, max-video-preview:-1\" \/>\n<link rel=\"canonical\" href=\"https:\/\/urbeamea.ro\/albaiulia\/evaluarea-rezultatelor-politistilor-de-ordine-publica-pe-primele-6-luni-ale-anului-2015\/\" \/>\n<meta name=\"twitter:card\" content=\"summary_large_image\" \/>\n<meta name=\"twitter:title\" content=\"Evaluarea rezultatelor poli\u0163i\u015ftilor de ordine public\u0103, pe primele 6 luni ale anului 2015 - Revista Urbea Mea - Revista de Alba\" \/>\n<meta name=\"twitter:description\" content=\"\u00cen primele 6 luni ale anului 2015, poli\u0163i\u015ftii din mediul rural al jude\u0163ului Alba au fost sesiza\u0163i \u00een leg\u0103tur\u0103 cu 1.616 infrac\u0163iuni, cu 13,5% mai pu\u0163ine\" \/>\n<meta name=\"twitter:image\" content=\"https:\/\/urbeamea.ro\/albaiulia\/wp-content\/uploads\/2015\/07\/t_dsc4667.jpg\" \/>\n<meta name=\"twitter:creator\" content=\"@urbeameaweb\" \/>\n<meta name=\"twitter:site\" content=\"@urbeameaweb\" \/>\n<script type=\"application\/ld+json\" class=\"yoast-schema-graph\">{\"@context\":\"https:\\\/\\\/schema.org\",\"@graph\":[{\"@type\":\"Article\",\"@id\":\"https:\\\/\\\/urbeamea.ro\\\/albaiulia\\\/evaluarea-rezultatelor-politistilor-de-ordine-publica-pe-primele-6-luni-ale-anului-2015\\\/#article\",\"isPartOf\":{\"@id\":\"https:\\\/\\\/urbeamea.ro\\\/albaiulia\\\/evaluarea-rezultatelor-politistilor-de-ordine-publica-pe-primele-6-luni-ale-anului-2015\\\/\"},\"author\":{\"name\":\"Redac\u021bia UrbeaMea\",\"@id\":\"https:\\\/\\\/urbeamea.ro\\\/albaiulia\\\/#\\\/schema\\\/person\\\/272ae98052f8ee8980f59848df070247\"},\"headline\":\"Evaluarea rezultatelor poli\u0163i\u015ftilor de ordine public\u0103, pe primele 6 luni ale anului 2015\",\"datePublished\":\"2015-07-24T05:08:38+00:00\",\"dateModified\":\"2016-01-18T20:21:52+00:00\",\"mainEntityOfPage\":{\"@id\":\"https:\\\/\\\/urbeamea.ro\\\/albaiulia\\\/evaluarea-rezultatelor-politistilor-de-ordine-publica-pe-primele-6-luni-ale-anului-2015\\\/\"},\"wordCount\":639,\"commentCount\":0,\"image\":{\"@id\":\"https:\\\/\\\/urbeamea.ro\\\/albaiulia\\\/evaluarea-rezultatelor-politistilor-de-ordine-publica-pe-primele-6-luni-ale-anului-2015\\\/#primaryimage\"},\"thumbnailUrl\":\"https:\\\/\\\/urbeamea.ro\\\/albaiulia\\\/wp-content\\\/uploads\\\/2015\\\/07\\\/t_dsc4667.jpg\",\"articleSection\":[\"Social\"],\"inLanguage\":\"ro-RO\",\"potentialAction\":[{\"@type\":\"CommentAction\",\"name\":\"Comment\",\"target\":[\"https:\\\/\\\/urbeamea.ro\\\/albaiulia\\\/evaluarea-rezultatelor-politistilor-de-ordine-publica-pe-primele-6-luni-ale-anului-2015\\\/#respond\"]}]},{\"@type\":\"WebPage\",\"@id\":\"https:\\\/\\\/urbeamea.ro\\\/albaiulia\\\/evaluarea-rezultatelor-politistilor-de-ordine-publica-pe-primele-6-luni-ale-anului-2015\\\/\",\"url\":\"https:\\\/\\\/urbeamea.ro\\\/albaiulia\\\/evaluarea-rezultatelor-politistilor-de-ordine-publica-pe-primele-6-luni-ale-anului-2015\\\/\",\"name\":\"Evaluarea rezultatelor poli\u0163i\u015ftilor de ordine public\u0103, pe primele 6 luni ale anului 2015 - Revista Urbea Mea - Revista de Alba\",\"isPartOf\":{\"@id\":\"https:\\\/\\\/urbeamea.ro\\\/albaiulia\\\/#website\"},\"primaryImageOfPage\":{\"@id\":\"https:\\\/\\\/urbeamea.ro\\\/albaiulia\\\/evaluarea-rezultatelor-politistilor-de-ordine-publica-pe-primele-6-luni-ale-anului-2015\\\/#primaryimage\"},\"image\":{\"@id\":\"https:\\\/\\\/urbeamea.ro\\\/albaiulia\\\/evaluarea-rezultatelor-politistilor-de-ordine-publica-pe-primele-6-luni-ale-anului-2015\\\/#primaryimage\"},\"thumbnailUrl\":\"https:\\\/\\\/urbeamea.ro\\\/albaiulia\\\/wp-content\\\/uploads\\\/2015\\\/07\\\/t_dsc4667.jpg\",\"datePublished\":\"2015-07-24T05:08:38+00:00\",\"dateModified\":\"2016-01-18T20:21:52+00:00\",\"author\":{\"@id\":\"https:\\\/\\\/urbeamea.ro\\\/albaiulia\\\/#\\\/schema\\\/person\\\/272ae98052f8ee8980f59848df070247\"},\"description\":\"\u00cen primele 6 luni ale anului 2015, poli\u0163i\u015ftii din mediul rural al jude\u0163ului Alba au fost sesiza\u0163i \u00een leg\u0103tur\u0103 cu 1.616 infrac\u0163iuni, cu 13,5% mai pu\u0163ine\",\"breadcrumb\":{\"@id\":\"https:\\\/\\\/urbeamea.ro\\\/albaiulia\\\/evaluarea-rezultatelor-politistilor-de-ordine-publica-pe-primele-6-luni-ale-anului-2015\\\/#breadcrumb\"},\"inLanguage\":\"ro-RO\",\"potentialAction\":[{\"@type\":\"ReadAction\",\"target\":[\"https:\\\/\\\/urbeamea.ro\\\/albaiulia\\\/evaluarea-rezultatelor-politistilor-de-ordine-publica-pe-primele-6-luni-ale-anului-2015\\\/\"]}]},{\"@type\":\"ImageObject\",\"inLanguage\":\"ro-RO\",\"@id\":\"https:\\\/\\\/urbeamea.ro\\\/albaiulia\\\/evaluarea-rezultatelor-politistilor-de-ordine-publica-pe-primele-6-luni-ale-anului-2015\\\/#primaryimage\",\"url\":\"https:\\\/\\\/urbeamea.ro\\\/albaiulia\\\/wp-content\\\/uploads\\\/2015\\\/07\\\/t_dsc4667.jpg\",\"contentUrl\":\"https:\\\/\\\/urbeamea.ro\\\/albaiulia\\\/wp-content\\\/uploads\\\/2015\\\/07\\\/t_dsc4667.jpg\",\"width\":600,\"height\":397},{\"@type\":\"BreadcrumbList\",\"@id\":\"https:\\\/\\\/urbeamea.ro\\\/albaiulia\\\/evaluarea-rezultatelor-politistilor-de-ordine-publica-pe-primele-6-luni-ale-anului-2015\\\/#breadcrumb\",\"itemListElement\":[{\"@type\":\"ListItem\",\"position\":1,\"name\":\"Prima pagin\u0103\",\"item\":\"https:\\\/\\\/urbeamea.ro\\\/albaiulia\\\/\"},{\"@type\":\"ListItem\",\"position\":2,\"name\":\"Evaluarea rezultatelor poli\u0163i\u015ftilor de ordine public\u0103, pe primele 6 luni ale anului 2015\"}]},{\"@type\":\"WebSite\",\"@id\":\"https:\\\/\\\/urbeamea.ro\\\/albaiulia\\\/#website\",\"url\":\"https:\\\/\\\/urbeamea.ro\\\/albaiulia\\\/\",\"name\":\"Revista Urbea Mea, Stiri urbane\",\"description\":\"Evenimente \u0219i \u0219tiri din Alba Iulia, Sebe\u0219, Aiud, Blaj\",\"potentialAction\":[{\"@type\":\"SearchAction\",\"target\":{\"@type\":\"EntryPoint\",\"urlTemplate\":\"https:\\\/\\\/urbeamea.ro\\\/albaiulia\\\/?s={search_term_string}\"},\"query-input\":{\"@type\":\"PropertyValueSpecification\",\"valueRequired\":true,\"valueName\":\"search_term_string\"}}],\"inLanguage\":\"ro-RO\"},{\"@type\":\"Person\",\"@id\":\"https:\\\/\\\/urbeamea.ro\\\/albaiulia\\\/#\\\/schema\\\/person\\\/272ae98052f8ee8980f59848df070247\",\"name\":\"Redac\u021bia UrbeaMea\",\"image\":{\"@type\":\"ImageObject\",\"inLanguage\":\"ro-RO\",\"@id\":\"https:\\\/\\\/secure.gravatar.com\\\/avatar\\\/9ce5a9435071fa1037e8468053ead8e513dbbff59009d3069aadb85506d85a27?s=96&d=mm&r=g\",\"url\":\"https:\\\/\\\/secure.gravatar.com\\\/avatar\\\/9ce5a9435071fa1037e8468053ead8e513dbbff59009d3069aadb85506d85a27?s=96&d=mm&r=g\",\"contentUrl\":\"https:\\\/\\\/secure.gravatar.com\\\/avatar\\\/9ce5a9435071fa1037e8468053ead8e513dbbff59009d3069aadb85506d85a27?s=96&d=mm&r=g\",\"caption\":\"Redac\u021bia UrbeaMea\"},\"description\":\"contact@urbeamea.ro\",\"sameAs\":[\"https:\\\/\\\/www.urbeamea.ro\"],\"url\":\"https:\\\/\\\/urbeamea.ro\\\/albaiulia\\\/author\\\/redactia-urbeamea\\\/\"}]}<\/script>\n<!-- \/ Yoast SEO plugin. -->","yoast_head_json":{"title":"Evaluarea rezultatelor poli\u0163i\u015ftilor de ordine public\u0103, pe primele 6 luni ale anului 2015 - Revista Urbea Mea - Revista de Alba","description":"\u00cen primele 6 luni ale anului 2015, poli\u0163i\u015ftii din mediul rural al jude\u0163ului Alba au fost sesiza\u0163i \u00een leg\u0103tur\u0103 cu 1.616 infrac\u0163iuni, cu 13,5% mai pu\u0163ine","robots":{"index":"index","follow":"follow","max-snippet":"max-snippet:-1","max-image-preview":"max-image-preview:large","max-video-preview":"max-video-preview:-1"},"canonical":"https:\/\/urbeamea.ro\/albaiulia\/evaluarea-rezultatelor-politistilor-de-ordine-publica-pe-primele-6-luni-ale-anului-2015\/","twitter_card":"summary_large_image","twitter_title":"Evaluarea rezultatelor poli\u0163i\u015ftilor de ordine public\u0103, pe primele 6 luni ale anului 2015 - Revista Urbea Mea - Revista de Alba","twitter_description":"\u00cen primele 6 luni ale anului 2015, poli\u0163i\u015ftii din mediul rural al jude\u0163ului Alba au fost sesiza\u0163i \u00een leg\u0103tur\u0103 cu 1.616 infrac\u0163iuni, cu 13,5% mai pu\u0163ine","twitter_image":"https:\/\/urbeamea.ro\/albaiulia\/wp-content\/uploads\/2015\/07\/t_dsc4667.jpg","twitter_creator":"@urbeameaweb","twitter_site":"@urbeameaweb","schema":{"@context":"https:\/\/schema.org","@graph":[{"@type":"Article","@id":"https:\/\/urbeamea.ro\/albaiulia\/evaluarea-rezultatelor-politistilor-de-ordine-publica-pe-primele-6-luni-ale-anului-2015\/#article","isPartOf":{"@id":"https:\/\/urbeamea.ro\/albaiulia\/evaluarea-rezultatelor-politistilor-de-ordine-publica-pe-primele-6-luni-ale-anului-2015\/"},"author":{"name":"Redac\u021bia UrbeaMea","@id":"https:\/\/urbeamea.ro\/albaiulia\/#\/schema\/person\/272ae98052f8ee8980f59848df070247"},"headline":"Evaluarea rezultatelor poli\u0163i\u015ftilor de ordine public\u0103, pe primele 6 luni ale anului 2015","datePublished":"2015-07-24T05:08:38+00:00","dateModified":"2016-01-18T20:21:52+00:00","mainEntityOfPage":{"@id":"https:\/\/urbeamea.ro\/albaiulia\/evaluarea-rezultatelor-politistilor-de-ordine-publica-pe-primele-6-luni-ale-anului-2015\/"},"wordCount":639,"commentCount":0,"image":{"@id":"https:\/\/urbeamea.ro\/albaiulia\/evaluarea-rezultatelor-politistilor-de-ordine-publica-pe-primele-6-luni-ale-anului-2015\/#primaryimage"},"thumbnailUrl":"https:\/\/urbeamea.ro\/albaiulia\/wp-content\/uploads\/2015\/07\/t_dsc4667.jpg","articleSection":["Social"],"inLanguage":"ro-RO","potentialAction":[{"@type":"CommentAction","name":"Comment","target":["https:\/\/urbeamea.ro\/albaiulia\/evaluarea-rezultatelor-politistilor-de-ordine-publica-pe-primele-6-luni-ale-anului-2015\/#respond"]}]},{"@type":"WebPage","@id":"https:\/\/urbeamea.ro\/albaiulia\/evaluarea-rezultatelor-politistilor-de-ordine-publica-pe-primele-6-luni-ale-anului-2015\/","url":"https:\/\/urbeamea.ro\/albaiulia\/evaluarea-rezultatelor-politistilor-de-ordine-publica-pe-primele-6-luni-ale-anului-2015\/","name":"Evaluarea rezultatelor poli\u0163i\u015ftilor de ordine public\u0103, pe primele 6 luni ale anului 2015 - Revista Urbea Mea - Revista de Alba","isPartOf":{"@id":"https:\/\/urbeamea.ro\/albaiulia\/#website"},"primaryImageOfPage":{"@id":"https:\/\/urbeamea.ro\/albaiulia\/evaluarea-rezultatelor-politistilor-de-ordine-publica-pe-primele-6-luni-ale-anului-2015\/#primaryimage"},"image":{"@id":"https:\/\/urbeamea.ro\/albaiulia\/evaluarea-rezultatelor-politistilor-de-ordine-publica-pe-primele-6-luni-ale-anului-2015\/#primaryimage"},"thumbnailUrl":"https:\/\/urbeamea.ro\/albaiulia\/wp-content\/uploads\/2015\/07\/t_dsc4667.jpg","datePublished":"2015-07-24T05:08:38+00:00","dateModified":"2016-01-18T20:21:52+00:00","author":{"@id":"https:\/\/urbeamea.ro\/albaiulia\/#\/schema\/person\/272ae98052f8ee8980f59848df070247"},"description":"\u00cen primele 6 luni ale anului 2015, poli\u0163i\u015ftii din mediul rural al jude\u0163ului Alba au fost sesiza\u0163i \u00een leg\u0103tur\u0103 cu 1.616 infrac\u0163iuni, cu 13,5% mai pu\u0163ine","breadcrumb":{"@id":"https:\/\/urbeamea.ro\/albaiulia\/evaluarea-rezultatelor-politistilor-de-ordine-publica-pe-primele-6-luni-ale-anului-2015\/#breadcrumb"},"inLanguage":"ro-RO","potentialAction":[{"@type":"ReadAction","target":["https:\/\/urbeamea.ro\/albaiulia\/evaluarea-rezultatelor-politistilor-de-ordine-publica-pe-primele-6-luni-ale-anului-2015\/"]}]},{"@type":"ImageObject","inLanguage":"ro-RO","@id":"https:\/\/urbeamea.ro\/albaiulia\/evaluarea-rezultatelor-politistilor-de-ordine-publica-pe-primele-6-luni-ale-anului-2015\/#primaryimage","url":"https:\/\/urbeamea.ro\/albaiulia\/wp-content\/uploads\/2015\/07\/t_dsc4667.jpg","contentUrl":"https:\/\/urbeamea.ro\/albaiulia\/wp-content\/uploads\/2015\/07\/t_dsc4667.jpg","width":600,"height":397},{"@type":"BreadcrumbList","@id":"https:\/\/urbeamea.ro\/albaiulia\/evaluarea-rezultatelor-politistilor-de-ordine-publica-pe-primele-6-luni-ale-anului-2015\/#breadcrumb","itemListElement":[{"@type":"ListItem","position":1,"name":"Prima pagin\u0103","item":"https:\/\/urbeamea.ro\/albaiulia\/"},{"@type":"ListItem","position":2,"name":"Evaluarea rezultatelor poli\u0163i\u015ftilor de ordine public\u0103, pe primele 6 luni ale anului 2015"}]},{"@type":"WebSite","@id":"https:\/\/urbeamea.ro\/albaiulia\/#website","url":"https:\/\/urbeamea.ro\/albaiulia\/","name":"Revista Urbea Mea, Stiri urbane","description":"Evenimente \u0219i \u0219tiri din Alba Iulia, Sebe\u0219, Aiud, Blaj","potentialAction":[{"@type":"SearchAction","target":{"@type":"EntryPoint","urlTemplate":"https:\/\/urbeamea.ro\/albaiulia\/?s={search_term_string}"},"query-input":{"@type":"PropertyValueSpecification","valueRequired":true,"valueName":"search_term_string"}}],"inLanguage":"ro-RO"},{"@type":"Person","@id":"https:\/\/urbeamea.ro\/albaiulia\/#\/schema\/person\/272ae98052f8ee8980f59848df070247","name":"Redac\u021bia UrbeaMea","image":{"@type":"ImageObject","inLanguage":"ro-RO","@id":"https:\/\/secure.gravatar.com\/avatar\/9ce5a9435071fa1037e8468053ead8e513dbbff59009d3069aadb85506d85a27?s=96&d=mm&r=g","url":"https:\/\/secure.gravatar.com\/avatar\/9ce5a9435071fa1037e8468053ead8e513dbbff59009d3069aadb85506d85a27?s=96&d=mm&r=g","contentUrl":"https:\/\/secure.gravatar.com\/avatar\/9ce5a9435071fa1037e8468053ead8e513dbbff59009d3069aadb85506d85a27?s=96&d=mm&r=g","caption":"Redac\u021bia UrbeaMea"},"description":"contact@urbeamea.ro","sameAs":["https:\/\/www.urbeamea.ro"],"url":"https:\/\/urbeamea.ro\/albaiulia\/author\/redactia-urbeamea\/"}]}},"_links":{"self":[{"href":"https:\/\/urbeamea.ro\/albaiulia\/wp-json\/wp\/v2\/posts\/6440","targetHints":{"allow":["GET"]}}],"collection":[{"href":"https:\/\/urbeamea.ro\/albaiulia\/wp-json\/wp\/v2\/posts"}],"about":[{"href":"https:\/\/urbeamea.ro\/albaiulia\/wp-json\/wp\/v2\/types\/post"}],"author":[{"embeddable":true,"href":"https:\/\/urbeamea.ro\/albaiulia\/wp-json\/wp\/v2\/users\/16"}],"replies":[{"embeddable":true,"href":"https:\/\/urbeamea.ro\/albaiulia\/wp-json\/wp\/v2\/comments?post=6440"}],"version-history":[{"count":0,"href":"https:\/\/urbeamea.ro\/albaiulia\/wp-json\/wp\/v2\/posts\/6440\/revisions"}],"wp:featuredmedia":[{"embeddable":true,"href":"https:\/\/urbeamea.ro\/albaiulia\/wp-json\/wp\/v2\/media\/6441"}],"wp:attachment":[{"href":"https:\/\/urbeamea.ro\/albaiulia\/wp-json\/wp\/v2\/media?parent=6440"}],"wp:term":[{"taxonomy":"category","embeddable":true,"href":"https:\/\/urbeamea.ro\/albaiulia\/wp-json\/wp\/v2\/categories?post=6440"},{"taxonomy":"post_tag","embeddable":true,"href":"https:\/\/urbeamea.ro\/albaiulia\/wp-json\/wp\/v2\/tags?post=6440"}],"curies":[{"name":"wp","href":"https:\/\/api.w.org\/{rel}","templated":true}]}}