{"id":6444,"date":"2015-07-24T10:31:22","date_gmt":"2015-07-24T07:31:22","guid":{"rendered":"http:\/\/urbeamea.ro\/albaiulia\/?p=6444"},"modified":"2016-01-18T22:21:30","modified_gmt":"2016-01-18T20:21:30","slug":"amenzi-mari-pentru-cei-care-nu-respecta-regulile-de-prevenire-a-incendiilor","status":"publish","type":"post","link":"https:\/\/urbeamea.ro\/albaiulia\/amenzi-mari-pentru-cei-care-nu-respecta-regulile-de-prevenire-a-incendiilor\/","title":{"rendered":"Amenzi mari pentru cei care nu respect\u0103 regulile de prevenire a incendiilor"},"content":{"rendered":"<p><a href=\"http:\/\/urbeamea.ro\/albaiulia\/wp-content\/uploads\/2015\/07\/background-galben-prevenirea-incendiilor1.jpg\"><img loading=\"lazy\" decoding=\"async\" class=\"alignleft size-medium wp-image-6445\" src=\"http:\/\/urbeamea.ro\/albaiulia\/wp-content\/uploads\/2015\/07\/background-galben-prevenirea-incendiilor1-300x156.jpg\" alt=\"background-galben-prevenirea-incendiilor1\" width=\"300\" height=\"156\" \/><\/a>ISU Alba aduce la cuno\u015ftin\u0163a institu\u0163iilor, operatorilor economici \u015fi unit\u0103\u0163ilor administrativ \u2013 teritoriale din jude\u0163ul Alba, faptul c\u0103 Ordonan\u0163a de Urgen\u0163\u0103 a Guvernului Rom\u00e2niei nr. 89\/2014 \u015fi Legea nr. 170\/2015 aduce modific\u0103ri \u015fi complet\u0103ri semnificative ale urm\u0103toarelor acte legislative din domeniul situa\u0163iilor de urgen\u0163\u0103, astfel:<\/p>\n<p>Ordonan\u0163a de Urgen\u0163\u0103 a Guvernului nr.1\/2014 privind unele m\u0103suri \u00een domeniul managementului situa\u0163iilor de urgen\u0163\u0103;<\/p>\n<p>Ordonan\u0163a de Urgen\u0163\u0103 a Guvernului nr. 21\/2004 privind Sistemul Na\u0163ional de Management al Situa\u0163iilor de Urgen\u0163\u0103;<\/p>\n<p>Legea nr. 307\/2006 privind ap\u0103rarea \u00eempotriva incendiilor.<\/p>\n<p>Aceste modific\u0103ri \u015fi complet\u0103ri constau at\u00e2t \u00een apari\u0163ia unor noi prevederi legale, dar \u015fi \u00een revizuirea cuantumurilor amenzilor contraven\u0163ionale aplicabile \u00een cazul constat\u0103rii nerespect\u0103rii prevederilor legale din domeniul situa\u0163iilor de urgen\u0163\u0103.<\/p>\n<p><strong>Noile prevederi stabilesc amenzi contraven\u0163ionale p\u00e2n\u0103 la 100.000 lei, precum \u015fi infrac\u0163iuni potrivit Codului Penal.<\/strong><\/p>\n<p>Pentru desf\u0103\u015furarea, \u00een condi\u0163ii de legalitate, a activit\u0103\u0163ii institu\u0163iilor, operatorilor economici \u015fi unit\u0103\u0163ilor administrativ \u2013 teritoriale din jude\u0163ul Alba, Inspectoratul pentru Situa\u021bii de Urgen\u021b\u0103 \u201dUnirea\u201d al jude\u021bului Alba recomand\u0103 factorilor de decizie s\u0103 dispun\u0103 m\u0103surile necesare pentru remedierea eventualelor nereguli.<\/p>\n<p align=\"center\">Prevenirea incendiilor<\/p>\n<p align=\"justify\">Legea 307privind ap\u0103rarea \u00eempotriva incendiilor, adoptat\u0103 de Guvern, completeaz\u0103 \u015fi clarific\u0103 legisla\u0163ia \u00een domeniu \u015fi majoreaz\u0103 sanc\u0163iunile aplicate \u00een situa\u0163ia nerespect\u0103rii normelor de prevenire \u015fi interven\u0163ie \u00een cazul producerii incendiilor.<\/p>\n<p align=\"justify\">Actul normativ se \u00eencadreaz\u0103 \u00een procesul de reformare a gestion\u0103rii situa\u0163iilor de urgen\u0163\u0103, \u00eenceput prin introducerea Sistemului Na\u0163ional de Management al Situa\u0163iilor de Urgen\u0163\u0103.<\/p>\n<p align=\"justify\">Actul normativ urm\u0103re\u015fte perfec\u0163ionarea normelor de ap\u0103rare \u00eempotriva incendiilor, \u00een sensul cre\u015fterii gradului de siguran\u0163\u0103 a cet\u0103\u0163eanului, moderniz\u0103rii \u015fi eficientiz\u0103rii interven\u0163iei structurilor de specialitate.<\/p>\n<p align=\"justify\">Coordonarea, controlul \u015fi acordarea asisten\u0163ei tehnice de specialitate \u00een ap\u0103rarea \u00eempotriva incendiilor se asigur\u0103 de c\u0103tre Ministerul Administra\u0163iei \u015fi Internelor prin Inspectoratul General pentru Situa\u0163ii de Urgen\u0163\u0103 (IGSU), la nivel central, \u015fi prin Inspectoratele pentru situa\u0163ii de urgen\u0163\u0103 jude\u0163ene \u015fi al municipiului Bucure\u015fti, la nivel local. Alte autorit\u0103\u0163i publice cu obliga\u0163ii dedicate ap\u0103r\u0103rii \u00eempotriva incendiilor sunt Consiliile locale, Primarii, Consiliile municipale \u015fi jude\u0163ene \u015fi Prefec\u0163ii.<\/p>\n<p align=\"justify\">De asemenea, actul normativ reglementeaz\u0103 \u015fi obliga\u0163ii ale persoanelor juridice \u015fi fizice \u00een acest domeniu.<\/p>\n<p align=\"justify\">Prezentul act normativ introduce ca noutate obliga\u0163ia autorit\u0103\u0163ilor administra\u0163iei publice centrale, consiliilor jude\u0163ene sau locale, consiliului general al municipiului Bucure\u015fti, institu\u0163iilor publice \u015fi a unor operatori economici de a angaja cel pu\u0163in un cadru tehnic sau un consilier cu atribu\u0163ii \u00een domeniul ap\u0103r\u0103rii \u00eempotriva incendiilor. Cadrele tehnice \u015fi consilierii vor fi atesta\u0163i conform metodologiei elaborate de IGSU. Aceast\u0103 institu\u0163ie va stabili \u015fi criteriile tehnice pe baz\u0103 c\u0103rora vor fi determina\u0163i operatorii economici care vor avea obliga\u0163ia s\u0103 angajeze cadre tehnice sau consilieri cu atribu\u0163ii \u00een ap\u0103rarea \u00eempotriva incendiilor.<\/p>\n<p align=\"justify\">Exercitarea autorit\u0103\u0163ii de stat \u00een domeniul ap\u0103r\u0103rii \u00eempotriva incendiilor se realizeaz\u0103 prin activit\u0103\u0163i de avizare, autorizare, atestare, desemnare, recunoa\u015ftere, control, organizarea prevenirii \u015fi stingerii incendiilor \u015fi stabilirea r\u0103spunderii civile \u015fi a sanc\u0163iunilor pentru persoanele care nu respect\u0103 prevederile legisla\u0163iei \u00een domeniu.<\/p>\n<p align=\"justify\">Controlul de stat \u00een domeniul ap\u0103r\u0103rii \u00eempotriva incendiilor se exercit\u0103 prin Inspec\u0163ia de prevenire care are urm\u0103toarele <strong>atribu\u0163ii:<\/strong><\/p>\n<ul>\n<li>\n<p align=\"justify\">elaborarea actelor de autoritate \u015fi documentelor specifice activit\u0103\u0163ii de ap\u0103rare \u00eempotriva incendiilor la nivelul organelor administra\u0163iei publice centrale, locale, institu\u0163iilor, operatorilor economici;<\/p>\n<\/li>\n<li>\n<p align=\"justify\">elaborarea reglement\u0103rilor tehnice, normelor, dispozi\u0163iilor, regulilor, strategiilor \u00een domeniul ap\u0103r\u0103rii \u00eempotriva incendiilor de c\u0103tre organele administra\u0163iei publice centrale \u015fi locale;<\/p>\n<\/li>\n<li>\n<p align=\"justify\">proiectarea, executarea \u015fi recep\u0163ia obiectivelor de investi\u0163ii;<\/p>\n<\/li>\n<li>\n<p align=\"justify\">aplicarea m\u0103surilor de ap\u0103rare \u00eempotriva incendiilor la exploatarea construc\u0163iilor, instala\u0163iilor \u015fi amenaj\u0103rilor;<\/p>\n<\/li>\n<li>\n<p align=\"justify\">informarea popula\u0163iei \u015fi a diferitelor categorii socioprofesionale privind prevederile legale \u00een domeniul ap\u0103r\u0103rii \u00eempotriva incendiilor, riscurilor de incendiu, normelor \u015fi m\u0103surilor de prevenire, reducere \u015fi \u00eenl\u0103turarea acestora, evolu\u0163ia incendiilor \u015fi concluziile desprinse din analiza acestora;<\/p>\n<\/li>\n<li>\n<p align=\"justify\">prevenirea introducerii pe pia\u0163\u0103 \u015fi punerii \u00een func\u0163iune a produselor cu rol \u00een satisfacerea cerin\u0163ei esen\u0163iale securitatea la incendiu care sunt neconforme cu legisla\u0163ia \u00een vigoare.<\/p>\n<\/li>\n<\/ul>\n","protected":false},"excerpt":{"rendered":"<p>ISU Alba aduce la cuno\u015ftin\u0163a institu\u0163iilor, operatorilor economici \u015fi unit\u0103\u0163ilor administrativ \u2013 teritoriale din jude\u0163ul Alba, faptul c\u0103 Ordonan\u0163a de Urgen\u0163\u0103 a Guvernului Rom\u00e2niei nr. 89\/2014 \u015fi Legea nr. 170\/2015 aduce modific\u0103ri \u015fi complet\u0103ri semnificative ale urm\u0103toarelor acte legislative din domeniul situa\u0163iilor de urgen\u0163\u0103, astfel: Ordonan\u0163a de Urgen\u0163\u0103 a Guvernului nr.1\/2014 privind unele m\u0103suri \u00een &hellip;<\/p>\n","protected":false},"author":16,"featured_media":6445,"comment_status":"open","ping_status":"open","sticky":false,"template":"","format":"standard","meta":{"inline_featured_image":false,"footnotes":""},"categories":[2034],"tags":[],"class_list":["post-6444","post","type-post","status-publish","format-standard","has-post-thumbnail","hentry","category-social"],"yoast_head":"<!-- This site is optimized with the Yoast SEO plugin v27.4 - https:\/\/yoast.com\/product\/yoast-seo-wordpress\/ -->\n<title>Amenzi mari pentru cei care nu respect\u0103 regulile de prevenire a incendiilor - Revista Urbea Mea - Revista de Alba<\/title>\n<meta name=\"description\" content=\"ISU Alba aduce la cuno\u015ftin\u0163a institu\u0163iilor, operatorilor economici \u015fi unit\u0103\u0163ilor administrativ \u2013 teritoriale din jude\u0163ul Alba, faptul c\u0103 Ordonan\u0163a de\" \/>\n<meta name=\"robots\" content=\"index, follow, max-snippet:-1, max-image-preview:large, max-video-preview:-1\" \/>\n<link rel=\"canonical\" href=\"https:\/\/urbeamea.ro\/albaiulia\/amenzi-mari-pentru-cei-care-nu-respecta-regulile-de-prevenire-a-incendiilor\/\" \/>\n<meta name=\"twitter:card\" content=\"summary_large_image\" \/>\n<meta name=\"twitter:title\" content=\"Amenzi mari pentru cei care nu respect\u0103 regulile de prevenire a incendiilor - Revista Urbea Mea - Revista de Alba\" \/>\n<meta name=\"twitter:description\" content=\"ISU Alba aduce la cuno\u015ftin\u0163a institu\u0163iilor, operatorilor economici \u015fi unit\u0103\u0163ilor administrativ \u2013 teritoriale din jude\u0163ul Alba, faptul c\u0103 Ordonan\u0163a de\" \/>\n<meta name=\"twitter:image\" content=\"https:\/\/urbeamea.ro\/albaiulia\/wp-content\/uploads\/2015\/07\/background-galben-prevenirea-incendiilor1.jpg\" \/>\n<meta name=\"twitter:creator\" content=\"@urbeameaweb\" \/>\n<meta name=\"twitter:site\" content=\"@urbeameaweb\" \/>\n<script type=\"application\/ld+json\" class=\"yoast-schema-graph\">{\"@context\":\"https:\\\/\\\/schema.org\",\"@graph\":[{\"@type\":\"Article\",\"@id\":\"https:\\\/\\\/urbeamea.ro\\\/albaiulia\\\/amenzi-mari-pentru-cei-care-nu-respecta-regulile-de-prevenire-a-incendiilor\\\/#article\",\"isPartOf\":{\"@id\":\"https:\\\/\\\/urbeamea.ro\\\/albaiulia\\\/amenzi-mari-pentru-cei-care-nu-respecta-regulile-de-prevenire-a-incendiilor\\\/\"},\"author\":{\"name\":\"Redac\u021bia UrbeaMea\",\"@id\":\"https:\\\/\\\/urbeamea.ro\\\/albaiulia\\\/#\\\/schema\\\/person\\\/272ae98052f8ee8980f59848df070247\"},\"headline\":\"Amenzi mari pentru cei care nu respect\u0103 regulile de prevenire a incendiilor\",\"datePublished\":\"2015-07-24T07:31:22+00:00\",\"dateModified\":\"2016-01-18T20:21:30+00:00\",\"mainEntityOfPage\":{\"@id\":\"https:\\\/\\\/urbeamea.ro\\\/albaiulia\\\/amenzi-mari-pentru-cei-care-nu-respecta-regulile-de-prevenire-a-incendiilor\\\/\"},\"wordCount\":732,\"commentCount\":0,\"image\":{\"@id\":\"https:\\\/\\\/urbeamea.ro\\\/albaiulia\\\/amenzi-mari-pentru-cei-care-nu-respecta-regulile-de-prevenire-a-incendiilor\\\/#primaryimage\"},\"thumbnailUrl\":\"https:\\\/\\\/urbeamea.ro\\\/albaiulia\\\/wp-content\\\/uploads\\\/2015\\\/07\\\/background-galben-prevenirea-incendiilor1.jpg\",\"articleSection\":[\"Social\"],\"inLanguage\":\"ro-RO\",\"potentialAction\":[{\"@type\":\"CommentAction\",\"name\":\"Comment\",\"target\":[\"https:\\\/\\\/urbeamea.ro\\\/albaiulia\\\/amenzi-mari-pentru-cei-care-nu-respecta-regulile-de-prevenire-a-incendiilor\\\/#respond\"]}]},{\"@type\":\"WebPage\",\"@id\":\"https:\\\/\\\/urbeamea.ro\\\/albaiulia\\\/amenzi-mari-pentru-cei-care-nu-respecta-regulile-de-prevenire-a-incendiilor\\\/\",\"url\":\"https:\\\/\\\/urbeamea.ro\\\/albaiulia\\\/amenzi-mari-pentru-cei-care-nu-respecta-regulile-de-prevenire-a-incendiilor\\\/\",\"name\":\"Amenzi mari pentru cei care nu respect\u0103 regulile de prevenire a incendiilor - Revista Urbea Mea - Revista de Alba\",\"isPartOf\":{\"@id\":\"https:\\\/\\\/urbeamea.ro\\\/albaiulia\\\/#website\"},\"primaryImageOfPage\":{\"@id\":\"https:\\\/\\\/urbeamea.ro\\\/albaiulia\\\/amenzi-mari-pentru-cei-care-nu-respecta-regulile-de-prevenire-a-incendiilor\\\/#primaryimage\"},\"image\":{\"@id\":\"https:\\\/\\\/urbeamea.ro\\\/albaiulia\\\/amenzi-mari-pentru-cei-care-nu-respecta-regulile-de-prevenire-a-incendiilor\\\/#primaryimage\"},\"thumbnailUrl\":\"https:\\\/\\\/urbeamea.ro\\\/albaiulia\\\/wp-content\\\/uploads\\\/2015\\\/07\\\/background-galben-prevenirea-incendiilor1.jpg\",\"datePublished\":\"2015-07-24T07:31:22+00:00\",\"dateModified\":\"2016-01-18T20:21:30+00:00\",\"author\":{\"@id\":\"https:\\\/\\\/urbeamea.ro\\\/albaiulia\\\/#\\\/schema\\\/person\\\/272ae98052f8ee8980f59848df070247\"},\"description\":\"ISU Alba aduce la cuno\u015ftin\u0163a institu\u0163iilor, operatorilor economici \u015fi unit\u0103\u0163ilor administrativ \u2013 teritoriale din jude\u0163ul Alba, faptul c\u0103 Ordonan\u0163a de\",\"breadcrumb\":{\"@id\":\"https:\\\/\\\/urbeamea.ro\\\/albaiulia\\\/amenzi-mari-pentru-cei-care-nu-respecta-regulile-de-prevenire-a-incendiilor\\\/#breadcrumb\"},\"inLanguage\":\"ro-RO\",\"potentialAction\":[{\"@type\":\"ReadAction\",\"target\":[\"https:\\\/\\\/urbeamea.ro\\\/albaiulia\\\/amenzi-mari-pentru-cei-care-nu-respecta-regulile-de-prevenire-a-incendiilor\\\/\"]}]},{\"@type\":\"ImageObject\",\"inLanguage\":\"ro-RO\",\"@id\":\"https:\\\/\\\/urbeamea.ro\\\/albaiulia\\\/amenzi-mari-pentru-cei-care-nu-respecta-regulile-de-prevenire-a-incendiilor\\\/#primaryimage\",\"url\":\"https:\\\/\\\/urbeamea.ro\\\/albaiulia\\\/wp-content\\\/uploads\\\/2015\\\/07\\\/background-galben-prevenirea-incendiilor1.jpg\",\"contentUrl\":\"https:\\\/\\\/urbeamea.ro\\\/albaiulia\\\/wp-content\\\/uploads\\\/2015\\\/07\\\/background-galben-prevenirea-incendiilor1.jpg\",\"width\":1280,\"height\":667},{\"@type\":\"BreadcrumbList\",\"@id\":\"https:\\\/\\\/urbeamea.ro\\\/albaiulia\\\/amenzi-mari-pentru-cei-care-nu-respecta-regulile-de-prevenire-a-incendiilor\\\/#breadcrumb\",\"itemListElement\":[{\"@type\":\"ListItem\",\"position\":1,\"name\":\"Prima pagin\u0103\",\"item\":\"https:\\\/\\\/urbeamea.ro\\\/albaiulia\\\/\"},{\"@type\":\"ListItem\",\"position\":2,\"name\":\"Amenzi mari pentru cei care nu respect\u0103 regulile de prevenire a incendiilor\"}]},{\"@type\":\"WebSite\",\"@id\":\"https:\\\/\\\/urbeamea.ro\\\/albaiulia\\\/#website\",\"url\":\"https:\\\/\\\/urbeamea.ro\\\/albaiulia\\\/\",\"name\":\"Revista Urbea Mea, Stiri urbane\",\"description\":\"Evenimente \u0219i \u0219tiri din Alba Iulia, Sebe\u0219, Aiud, Blaj\",\"potentialAction\":[{\"@type\":\"SearchAction\",\"target\":{\"@type\":\"EntryPoint\",\"urlTemplate\":\"https:\\\/\\\/urbeamea.ro\\\/albaiulia\\\/?s={search_term_string}\"},\"query-input\":{\"@type\":\"PropertyValueSpecification\",\"valueRequired\":true,\"valueName\":\"search_term_string\"}}],\"inLanguage\":\"ro-RO\"},{\"@type\":\"Person\",\"@id\":\"https:\\\/\\\/urbeamea.ro\\\/albaiulia\\\/#\\\/schema\\\/person\\\/272ae98052f8ee8980f59848df070247\",\"name\":\"Redac\u021bia UrbeaMea\",\"image\":{\"@type\":\"ImageObject\",\"inLanguage\":\"ro-RO\",\"@id\":\"https:\\\/\\\/secure.gravatar.com\\\/avatar\\\/9ce5a9435071fa1037e8468053ead8e513dbbff59009d3069aadb85506d85a27?s=96&d=mm&r=g\",\"url\":\"https:\\\/\\\/secure.gravatar.com\\\/avatar\\\/9ce5a9435071fa1037e8468053ead8e513dbbff59009d3069aadb85506d85a27?s=96&d=mm&r=g\",\"contentUrl\":\"https:\\\/\\\/secure.gravatar.com\\\/avatar\\\/9ce5a9435071fa1037e8468053ead8e513dbbff59009d3069aadb85506d85a27?s=96&d=mm&r=g\",\"caption\":\"Redac\u021bia UrbeaMea\"},\"description\":\"contact@urbeamea.ro\",\"sameAs\":[\"https:\\\/\\\/www.urbeamea.ro\"],\"url\":\"https:\\\/\\\/urbeamea.ro\\\/albaiulia\\\/author\\\/redactia-urbeamea\\\/\"}]}<\/script>\n<!-- \/ Yoast SEO plugin. -->","yoast_head_json":{"title":"Amenzi mari pentru cei care nu respect\u0103 regulile de prevenire a incendiilor - Revista Urbea Mea - Revista de Alba","description":"ISU Alba aduce la cuno\u015ftin\u0163a institu\u0163iilor, operatorilor economici \u015fi unit\u0103\u0163ilor administrativ \u2013 teritoriale din jude\u0163ul Alba, faptul c\u0103 Ordonan\u0163a de","robots":{"index":"index","follow":"follow","max-snippet":"max-snippet:-1","max-image-preview":"max-image-preview:large","max-video-preview":"max-video-preview:-1"},"canonical":"https:\/\/urbeamea.ro\/albaiulia\/amenzi-mari-pentru-cei-care-nu-respecta-regulile-de-prevenire-a-incendiilor\/","twitter_card":"summary_large_image","twitter_title":"Amenzi mari pentru cei care nu respect\u0103 regulile de prevenire a incendiilor - Revista Urbea Mea - Revista de Alba","twitter_description":"ISU Alba aduce la cuno\u015ftin\u0163a institu\u0163iilor, operatorilor economici \u015fi unit\u0103\u0163ilor administrativ \u2013 teritoriale din jude\u0163ul Alba, faptul c\u0103 Ordonan\u0163a de","twitter_image":"https:\/\/urbeamea.ro\/albaiulia\/wp-content\/uploads\/2015\/07\/background-galben-prevenirea-incendiilor1.jpg","twitter_creator":"@urbeameaweb","twitter_site":"@urbeameaweb","schema":{"@context":"https:\/\/schema.org","@graph":[{"@type":"Article","@id":"https:\/\/urbeamea.ro\/albaiulia\/amenzi-mari-pentru-cei-care-nu-respecta-regulile-de-prevenire-a-incendiilor\/#article","isPartOf":{"@id":"https:\/\/urbeamea.ro\/albaiulia\/amenzi-mari-pentru-cei-care-nu-respecta-regulile-de-prevenire-a-incendiilor\/"},"author":{"name":"Redac\u021bia UrbeaMea","@id":"https:\/\/urbeamea.ro\/albaiulia\/#\/schema\/person\/272ae98052f8ee8980f59848df070247"},"headline":"Amenzi mari pentru cei care nu respect\u0103 regulile de prevenire a incendiilor","datePublished":"2015-07-24T07:31:22+00:00","dateModified":"2016-01-18T20:21:30+00:00","mainEntityOfPage":{"@id":"https:\/\/urbeamea.ro\/albaiulia\/amenzi-mari-pentru-cei-care-nu-respecta-regulile-de-prevenire-a-incendiilor\/"},"wordCount":732,"commentCount":0,"image":{"@id":"https:\/\/urbeamea.ro\/albaiulia\/amenzi-mari-pentru-cei-care-nu-respecta-regulile-de-prevenire-a-incendiilor\/#primaryimage"},"thumbnailUrl":"https:\/\/urbeamea.ro\/albaiulia\/wp-content\/uploads\/2015\/07\/background-galben-prevenirea-incendiilor1.jpg","articleSection":["Social"],"inLanguage":"ro-RO","potentialAction":[{"@type":"CommentAction","name":"Comment","target":["https:\/\/urbeamea.ro\/albaiulia\/amenzi-mari-pentru-cei-care-nu-respecta-regulile-de-prevenire-a-incendiilor\/#respond"]}]},{"@type":"WebPage","@id":"https:\/\/urbeamea.ro\/albaiulia\/amenzi-mari-pentru-cei-care-nu-respecta-regulile-de-prevenire-a-incendiilor\/","url":"https:\/\/urbeamea.ro\/albaiulia\/amenzi-mari-pentru-cei-care-nu-respecta-regulile-de-prevenire-a-incendiilor\/","name":"Amenzi mari pentru cei care nu respect\u0103 regulile de prevenire a incendiilor - Revista Urbea Mea - Revista de Alba","isPartOf":{"@id":"https:\/\/urbeamea.ro\/albaiulia\/#website"},"primaryImageOfPage":{"@id":"https:\/\/urbeamea.ro\/albaiulia\/amenzi-mari-pentru-cei-care-nu-respecta-regulile-de-prevenire-a-incendiilor\/#primaryimage"},"image":{"@id":"https:\/\/urbeamea.ro\/albaiulia\/amenzi-mari-pentru-cei-care-nu-respecta-regulile-de-prevenire-a-incendiilor\/#primaryimage"},"thumbnailUrl":"https:\/\/urbeamea.ro\/albaiulia\/wp-content\/uploads\/2015\/07\/background-galben-prevenirea-incendiilor1.jpg","datePublished":"2015-07-24T07:31:22+00:00","dateModified":"2016-01-18T20:21:30+00:00","author":{"@id":"https:\/\/urbeamea.ro\/albaiulia\/#\/schema\/person\/272ae98052f8ee8980f59848df070247"},"description":"ISU Alba aduce la cuno\u015ftin\u0163a institu\u0163iilor, operatorilor economici \u015fi unit\u0103\u0163ilor administrativ \u2013 teritoriale din jude\u0163ul Alba, faptul c\u0103 Ordonan\u0163a de","breadcrumb":{"@id":"https:\/\/urbeamea.ro\/albaiulia\/amenzi-mari-pentru-cei-care-nu-respecta-regulile-de-prevenire-a-incendiilor\/#breadcrumb"},"inLanguage":"ro-RO","potentialAction":[{"@type":"ReadAction","target":["https:\/\/urbeamea.ro\/albaiulia\/amenzi-mari-pentru-cei-care-nu-respecta-regulile-de-prevenire-a-incendiilor\/"]}]},{"@type":"ImageObject","inLanguage":"ro-RO","@id":"https:\/\/urbeamea.ro\/albaiulia\/amenzi-mari-pentru-cei-care-nu-respecta-regulile-de-prevenire-a-incendiilor\/#primaryimage","url":"https:\/\/urbeamea.ro\/albaiulia\/wp-content\/uploads\/2015\/07\/background-galben-prevenirea-incendiilor1.jpg","contentUrl":"https:\/\/urbeamea.ro\/albaiulia\/wp-content\/uploads\/2015\/07\/background-galben-prevenirea-incendiilor1.jpg","width":1280,"height":667},{"@type":"BreadcrumbList","@id":"https:\/\/urbeamea.ro\/albaiulia\/amenzi-mari-pentru-cei-care-nu-respecta-regulile-de-prevenire-a-incendiilor\/#breadcrumb","itemListElement":[{"@type":"ListItem","position":1,"name":"Prima pagin\u0103","item":"https:\/\/urbeamea.ro\/albaiulia\/"},{"@type":"ListItem","position":2,"name":"Amenzi mari pentru cei care nu respect\u0103 regulile de prevenire a incendiilor"}]},{"@type":"WebSite","@id":"https:\/\/urbeamea.ro\/albaiulia\/#website","url":"https:\/\/urbeamea.ro\/albaiulia\/","name":"Revista Urbea Mea, Stiri urbane","description":"Evenimente \u0219i \u0219tiri din Alba Iulia, Sebe\u0219, Aiud, Blaj","potentialAction":[{"@type":"SearchAction","target":{"@type":"EntryPoint","urlTemplate":"https:\/\/urbeamea.ro\/albaiulia\/?s={search_term_string}"},"query-input":{"@type":"PropertyValueSpecification","valueRequired":true,"valueName":"search_term_string"}}],"inLanguage":"ro-RO"},{"@type":"Person","@id":"https:\/\/urbeamea.ro\/albaiulia\/#\/schema\/person\/272ae98052f8ee8980f59848df070247","name":"Redac\u021bia UrbeaMea","image":{"@type":"ImageObject","inLanguage":"ro-RO","@id":"https:\/\/secure.gravatar.com\/avatar\/9ce5a9435071fa1037e8468053ead8e513dbbff59009d3069aadb85506d85a27?s=96&d=mm&r=g","url":"https:\/\/secure.gravatar.com\/avatar\/9ce5a9435071fa1037e8468053ead8e513dbbff59009d3069aadb85506d85a27?s=96&d=mm&r=g","contentUrl":"https:\/\/secure.gravatar.com\/avatar\/9ce5a9435071fa1037e8468053ead8e513dbbff59009d3069aadb85506d85a27?s=96&d=mm&r=g","caption":"Redac\u021bia UrbeaMea"},"description":"contact@urbeamea.ro","sameAs":["https:\/\/www.urbeamea.ro"],"url":"https:\/\/urbeamea.ro\/albaiulia\/author\/redactia-urbeamea\/"}]}},"_links":{"self":[{"href":"https:\/\/urbeamea.ro\/albaiulia\/wp-json\/wp\/v2\/posts\/6444","targetHints":{"allow":["GET"]}}],"collection":[{"href":"https:\/\/urbeamea.ro\/albaiulia\/wp-json\/wp\/v2\/posts"}],"about":[{"href":"https:\/\/urbeamea.ro\/albaiulia\/wp-json\/wp\/v2\/types\/post"}],"author":[{"embeddable":true,"href":"https:\/\/urbeamea.ro\/albaiulia\/wp-json\/wp\/v2\/users\/16"}],"replies":[{"embeddable":true,"href":"https:\/\/urbeamea.ro\/albaiulia\/wp-json\/wp\/v2\/comments?post=6444"}],"version-history":[{"count":0,"href":"https:\/\/urbeamea.ro\/albaiulia\/wp-json\/wp\/v2\/posts\/6444\/revisions"}],"wp:featuredmedia":[{"embeddable":true,"href":"https:\/\/urbeamea.ro\/albaiulia\/wp-json\/wp\/v2\/media\/6445"}],"wp:attachment":[{"href":"https:\/\/urbeamea.ro\/albaiulia\/wp-json\/wp\/v2\/media?parent=6444"}],"wp:term":[{"taxonomy":"category","embeddable":true,"href":"https:\/\/urbeamea.ro\/albaiulia\/wp-json\/wp\/v2\/categories?post=6444"},{"taxonomy":"post_tag","embeddable":true,"href":"https:\/\/urbeamea.ro\/albaiulia\/wp-json\/wp\/v2\/tags?post=6444"}],"curies":[{"name":"wp","href":"https:\/\/api.w.org\/{rel}","templated":true}]}}