{"id":64468,"date":"2018-06-12T15:12:43","date_gmt":"2018-06-12T12:12:43","guid":{"rendered":"https:\/\/urbeamea.ro\/albaiulia\/?p=64468"},"modified":"2018-06-12T15:12:43","modified_gmt":"2018-06-12T12:12:43","slug":"youthbank-alba-isi-face-echipa-pentru-anul-10-de-program","status":"publish","type":"post","link":"https:\/\/urbeamea.ro\/albaiulia\/youthbank-alba-isi-face-echipa-pentru-anul-10-de-program\/","title":{"rendered":"YouthBank Alba \u00ee\u0219i face echipa pentru anul 10 de program"},"content":{"rendered":"<p><strong>\u00cen fiecare an, echipa YouthBank prime\u0219te \u00een r\u00e2ndurile ei tineri entuzia\u0219ti, dornici s\u0103 schimbe \u00een bine comunitatea \u0219i s\u0103 se dezvolte ei \u00een\u0219i\u0219i. Anul \u0219colar 2018-2019 va fi al zecelea \u00een care Funda\u021bia Comunitar\u0103 Alba implementeaz\u0103 acest program, care ofer\u0103 at\u00e2t de mult comunit\u0103\u021bii \u0219i tinerilor ei.<\/strong><\/p>\n<p>\u0218i pentru c\u0103, de anul trecut, YouthBank Alba s-a transformat dintr-un program local \u00eentr-unul jude\u021bean, pot aplica pentru a intra \u00een echip\u0103 elevii care \u00een anul \u0219colar 2017-2018 sunt \u00een clasa a VIII-a la o \u0219coal\u0103 gimnazial\u0103, respectiv \u00een clasa a IX-a, a X-a sau a XI-a la un liceu din jude\u021bul Alba.<\/p>\n<p>Tot ce au de f\u0103cut este s\u0103 completeze \u0219i trimit\u0103 <strong>formularul disponibil pe <a href=\"http:\/\/www.inscriere.fundatiacomunitaraalba.ro\">inscriere.fundatiacomunitaraalba.ro<\/a> p\u00e2n\u0103 cel t\u00e2rziu vineri, 22 iunie 2018, orele 23:59. <\/strong>Dup\u0103 \u00eenscriere, candida\u021bii vor fi contacta\u021bi cu detalii despre etapa urm\u0103toare. Pentru informa\u021bii suplimentare, elevii pot scrie pe <a href=\"mailto:yb@fundatiacomunitaraalba.ro\">yb@fundatiacomunitaraalba.ro<\/a> sau da un mesaj pe pagina de Facebook <a href=\"https:\/\/www.facebook.com\/YouthBank-Alba-155335414490500\">YouthBank Alba<\/a>.<\/p>\n<p><strong>Echipa YouthBank<\/strong> este alc\u0103tuit\u0103 din tineri cu ini\u021biativ\u0103 care, prin training-uri \u0219i implicare \u00een comunitate, \u00ee\u0219i dezvolt\u0103 abilit\u0103\u021bi importante pentru viitorul lor: leadership, comunicare, munc\u0103 \u00een echip\u0103, negociere, fundraising, management de proiect \u0219i financiar. Membrii echipei \u00eent\u00e2lnesc actori importan\u021bi ai comunit\u0103\u021bii &#8211; cet\u0103\u021beni activi, firme, institu\u021bii, iar \u00eempreun\u0103 cu ei sprijin\u0103 genera\u021bia t\u00e2n\u0103r\u0103 s\u0103 realizeze proiecte importante pentru ea \u0219i comunitate prin crearea \u0219i administrarea transparent\u0103 a Fondului YouthBank, destinat proiectelor implementate de tineri.<\/p>\n<p>Programul are ca parteneri principali Municipiul Alba Iulia, Aloref, Anc\u0103u Company \u0219i Casa de Cultur\u0103 a Studen\u021bilor, fiind sus\u021binut de Apa CTTA, Porterom, Pensiunea Select \u0219i Deko Team \u0219i av\u00e2nd ca parteneri logistici Societatea de Transport Public, Tipo-Rex, Nicolae Boca Photography \u0219i Impact Design. Funda\u021bia Comunitar\u0103 Alba \u0219i partenerii ei investesc \u00eencredere \u0219i resurse \u00een tinerii din Alba, astfel \u00eenc\u00e2t, \u00een viitor, s\u0103 procedeze \u0219i ei la fel cu genera\u021bia t\u00e2n\u0103r\u0103. S\u0103-\u0219i \u00eembun\u0103t\u0103\u021beasc\u0103 tot timpul abilit\u0103\u021bile \u0219i s\u0103-\u0219i doreasc\u0103 s\u0103 fie mai buni, pentru a reu\u0219i pe pia\u021ba muncii \u0219i \u00een via\u021b\u0103. Sunt tineri care nu vor c\u0103uta niciodat\u0103 statutul de asistat social. Dimpotriv\u0103, ei vor fi cei care vor crea plusvaloarea de care va beneficia \u00eentreaga societate, \u0219i deci \u0219i cei \u00een nevoie.<\/p>\n<blockquote><p>\u201cYouthBank este un program condus de tineri. \u00cen YB tinerii socializeaz\u0103, \u00ee\u0219i fac prieteni noi, dar mai ales se implic\u0103 \u00een via\u021ba real\u0103. Iau decizii serioase, cu impact asupra lor \u0219i comunit\u0103\u021bii. \u00cenva\u021b\u0103 de la profesioni\u0219ti \u0219i \u00ee\u0219i dezvolt\u0103 abilit\u0103\u021bi cu ajutorul c\u0103rora vor reu\u0219i mai u\u0219or \u00een via\u021b\u0103\u201d \u2013 Lumini\u021ba Moldovan, coordonator YouthBank Alba.<\/p>\n<p>\u201cDac\u0103 ar fi s\u0103 rezum, \u00een c\u00e2teva cuvinte, ce se \u00eent\u00e2mpl\u0103 \u00een acest program, a\u0219 spune c\u0103 YouthBank modeleaz\u0103 tineri, care modeleaz\u0103 comunit\u0103\u021bi\u201d \u2013 Dorin Sava, director executiv al funda\u021biei.<\/p><\/blockquote>\n","protected":false},"excerpt":{"rendered":"<p>\u00cen fiecare an, echipa YouthBank prime\u0219te \u00een r\u00e2ndurile ei tineri entuzia\u0219ti, dornici s\u0103 schimbe \u00een bine comunitatea \u0219i s\u0103 se dezvolte ei \u00een\u0219i\u0219i. Anul \u0219colar 2018-2019 va fi al zecelea \u00een care Funda\u021bia Comunitar\u0103 Alba implementeaz\u0103 acest program, care ofer\u0103 at\u00e2t de mult comunit\u0103\u021bii \u0219i tinerilor ei. \u0218i pentru c\u0103, de anul trecut, YouthBank Alba &hellip;<\/p>\n","protected":false},"author":17,"featured_media":64469,"comment_status":"open","ping_status":"open","sticky":false,"template":"","format":"standard","meta":{"inline_featured_image":false,"footnotes":""},"categories":[2034],"tags":[31,1969,4803,883,346,308,76,1967],"class_list":["post-64468","post","type-post","status-publish","format-standard","has-post-thumbnail","hentry","category-social","tag-alba-iulia","tag-echipa","tag-formular","tag-liceeni","tag-program","tag-stiri","tag-urbea-mea","tag-youthbank"],"yoast_head":"<!-- This site is optimized with the Yoast SEO plugin v27.4 - https:\/\/yoast.com\/product\/yoast-seo-wordpress\/ -->\n<title>YouthBank Alba \u00ee\u0219i face echipa pentru anul 10 de program - Revista Urbea Mea - Revista de Alba<\/title>\n<meta name=\"description\" content=\"\u00cen fiecare an, echipa YouthBank prime\u0219te \u00een r\u00e2ndurile ei tineri entuzia\u0219ti, dornici s\u0103 schimbe \u00een bine comunitatea \u0219i s\u0103 se dezvolte ei \u00een\u0219i\u0219i. Anul\" \/>\n<meta name=\"robots\" content=\"index, follow, max-snippet:-1, max-image-preview:large, max-video-preview:-1\" \/>\n<link rel=\"canonical\" href=\"https:\/\/urbeamea.ro\/albaiulia\/youthbank-alba-isi-face-echipa-pentru-anul-10-de-program\/\" \/>\n<meta name=\"twitter:card\" content=\"summary_large_image\" \/>\n<meta name=\"twitter:title\" content=\"YouthBank Alba \u00ee\u0219i face echipa pentru anul 10 de program - Revista Urbea Mea - Revista de Alba\" \/>\n<meta name=\"twitter:description\" content=\"\u00cen fiecare an, echipa YouthBank prime\u0219te \u00een r\u00e2ndurile ei tineri entuzia\u0219ti, dornici s\u0103 schimbe \u00een bine comunitatea \u0219i s\u0103 se dezvolte ei \u00een\u0219i\u0219i. Anul\" \/>\n<meta name=\"twitter:image\" content=\"https:\/\/urbeamea.ro\/albaiulia\/wp-content\/uploads\/2018\/06\/macheta-YB-Alba-2018-2019.jpg\" \/>\n<meta name=\"twitter:creator\" content=\"@urbeameaweb\" \/>\n<meta name=\"twitter:site\" content=\"@urbeameaweb\" \/>\n<script type=\"application\/ld+json\" class=\"yoast-schema-graph\">{\"@context\":\"https:\\\/\\\/schema.org\",\"@graph\":[{\"@type\":\"Article\",\"@id\":\"https:\\\/\\\/urbeamea.ro\\\/albaiulia\\\/youthbank-alba-isi-face-echipa-pentru-anul-10-de-program\\\/#article\",\"isPartOf\":{\"@id\":\"https:\\\/\\\/urbeamea.ro\\\/albaiulia\\\/youthbank-alba-isi-face-echipa-pentru-anul-10-de-program\\\/\"},\"author\":{\"name\":\"Cristina Ganga\",\"@id\":\"https:\\\/\\\/urbeamea.ro\\\/albaiulia\\\/#\\\/schema\\\/person\\\/9700d21fae21c4f038b0b56f4506264a\"},\"headline\":\"YouthBank Alba \u00ee\u0219i face echipa pentru anul 10 de program\",\"datePublished\":\"2018-06-12T12:12:43+00:00\",\"mainEntityOfPage\":{\"@id\":\"https:\\\/\\\/urbeamea.ro\\\/albaiulia\\\/youthbank-alba-isi-face-echipa-pentru-anul-10-de-program\\\/\"},\"wordCount\":502,\"commentCount\":0,\"image\":{\"@id\":\"https:\\\/\\\/urbeamea.ro\\\/albaiulia\\\/youthbank-alba-isi-face-echipa-pentru-anul-10-de-program\\\/#primaryimage\"},\"thumbnailUrl\":\"https:\\\/\\\/urbeamea.ro\\\/albaiulia\\\/wp-content\\\/uploads\\\/2018\\\/06\\\/macheta-YB-Alba-2018-2019.jpg\",\"keywords\":[\"Alba Iulia\",\"echipa\",\"formular\",\"liceeni\",\"program\",\"stiri\",\"Urbea Mea\",\"youthbank\"],\"articleSection\":[\"Social\"],\"inLanguage\":\"ro-RO\",\"potentialAction\":[{\"@type\":\"CommentAction\",\"name\":\"Comment\",\"target\":[\"https:\\\/\\\/urbeamea.ro\\\/albaiulia\\\/youthbank-alba-isi-face-echipa-pentru-anul-10-de-program\\\/#respond\"]}]},{\"@type\":\"WebPage\",\"@id\":\"https:\\\/\\\/urbeamea.ro\\\/albaiulia\\\/youthbank-alba-isi-face-echipa-pentru-anul-10-de-program\\\/\",\"url\":\"https:\\\/\\\/urbeamea.ro\\\/albaiulia\\\/youthbank-alba-isi-face-echipa-pentru-anul-10-de-program\\\/\",\"name\":\"YouthBank Alba \u00ee\u0219i face echipa pentru anul 10 de program - Revista Urbea Mea - Revista de Alba\",\"isPartOf\":{\"@id\":\"https:\\\/\\\/urbeamea.ro\\\/albaiulia\\\/#website\"},\"primaryImageOfPage\":{\"@id\":\"https:\\\/\\\/urbeamea.ro\\\/albaiulia\\\/youthbank-alba-isi-face-echipa-pentru-anul-10-de-program\\\/#primaryimage\"},\"image\":{\"@id\":\"https:\\\/\\\/urbeamea.ro\\\/albaiulia\\\/youthbank-alba-isi-face-echipa-pentru-anul-10-de-program\\\/#primaryimage\"},\"thumbnailUrl\":\"https:\\\/\\\/urbeamea.ro\\\/albaiulia\\\/wp-content\\\/uploads\\\/2018\\\/06\\\/macheta-YB-Alba-2018-2019.jpg\",\"datePublished\":\"2018-06-12T12:12:43+00:00\",\"author\":{\"@id\":\"https:\\\/\\\/urbeamea.ro\\\/albaiulia\\\/#\\\/schema\\\/person\\\/9700d21fae21c4f038b0b56f4506264a\"},\"description\":\"\u00cen fiecare an, echipa YouthBank prime\u0219te \u00een r\u00e2ndurile ei tineri entuzia\u0219ti, dornici s\u0103 schimbe \u00een bine comunitatea \u0219i s\u0103 se dezvolte ei \u00een\u0219i\u0219i. Anul\",\"breadcrumb\":{\"@id\":\"https:\\\/\\\/urbeamea.ro\\\/albaiulia\\\/youthbank-alba-isi-face-echipa-pentru-anul-10-de-program\\\/#breadcrumb\"},\"inLanguage\":\"ro-RO\",\"potentialAction\":[{\"@type\":\"ReadAction\",\"target\":[\"https:\\\/\\\/urbeamea.ro\\\/albaiulia\\\/youthbank-alba-isi-face-echipa-pentru-anul-10-de-program\\\/\"]}]},{\"@type\":\"ImageObject\",\"inLanguage\":\"ro-RO\",\"@id\":\"https:\\\/\\\/urbeamea.ro\\\/albaiulia\\\/youthbank-alba-isi-face-echipa-pentru-anul-10-de-program\\\/#primaryimage\",\"url\":\"https:\\\/\\\/urbeamea.ro\\\/albaiulia\\\/wp-content\\\/uploads\\\/2018\\\/06\\\/macheta-YB-Alba-2018-2019.jpg\",\"contentUrl\":\"https:\\\/\\\/urbeamea.ro\\\/albaiulia\\\/wp-content\\\/uploads\\\/2018\\\/06\\\/macheta-YB-Alba-2018-2019.jpg\",\"width\":1218,\"height\":1772},{\"@type\":\"BreadcrumbList\",\"@id\":\"https:\\\/\\\/urbeamea.ro\\\/albaiulia\\\/youthbank-alba-isi-face-echipa-pentru-anul-10-de-program\\\/#breadcrumb\",\"itemListElement\":[{\"@type\":\"ListItem\",\"position\":1,\"name\":\"Prima pagin\u0103\",\"item\":\"https:\\\/\\\/urbeamea.ro\\\/albaiulia\\\/\"},{\"@type\":\"ListItem\",\"position\":2,\"name\":\"YouthBank Alba \u00ee\u0219i face echipa pentru anul 10 de program\"}]},{\"@type\":\"WebSite\",\"@id\":\"https:\\\/\\\/urbeamea.ro\\\/albaiulia\\\/#website\",\"url\":\"https:\\\/\\\/urbeamea.ro\\\/albaiulia\\\/\",\"name\":\"Revista Urbea Mea, Stiri urbane\",\"description\":\"Evenimente \u0219i \u0219tiri din Alba Iulia, Sebe\u0219, Aiud, Blaj\",\"potentialAction\":[{\"@type\":\"SearchAction\",\"target\":{\"@type\":\"EntryPoint\",\"urlTemplate\":\"https:\\\/\\\/urbeamea.ro\\\/albaiulia\\\/?s={search_term_string}\"},\"query-input\":{\"@type\":\"PropertyValueSpecification\",\"valueRequired\":true,\"valueName\":\"search_term_string\"}}],\"inLanguage\":\"ro-RO\"},{\"@type\":\"Person\",\"@id\":\"https:\\\/\\\/urbeamea.ro\\\/albaiulia\\\/#\\\/schema\\\/person\\\/9700d21fae21c4f038b0b56f4506264a\",\"name\":\"Cristina Ganga\",\"image\":{\"@type\":\"ImageObject\",\"inLanguage\":\"ro-RO\",\"@id\":\"https:\\\/\\\/secure.gravatar.com\\\/avatar\\\/5a67661041f057b4a8ccaf26f5a8e86e2689372006d01faf3dd9eeb10b654bb4?s=96&d=mm&r=g\",\"url\":\"https:\\\/\\\/secure.gravatar.com\\\/avatar\\\/5a67661041f057b4a8ccaf26f5a8e86e2689372006d01faf3dd9eeb10b654bb4?s=96&d=mm&r=g\",\"contentUrl\":\"https:\\\/\\\/secure.gravatar.com\\\/avatar\\\/5a67661041f057b4a8ccaf26f5a8e86e2689372006d01faf3dd9eeb10b654bb4?s=96&d=mm&r=g\",\"caption\":\"Cristina Ganga\"},\"description\":\"Jurnalist\",\"sameAs\":[\"https:\\\/\\\/www.facebook.com\\\/cristina.nicola.587\"],\"url\":\"https:\\\/\\\/urbeamea.ro\\\/albaiulia\\\/author\\\/cristina-nicola\\\/\"}]}<\/script>\n<!-- \/ Yoast SEO plugin. -->","yoast_head_json":{"title":"YouthBank Alba \u00ee\u0219i face echipa pentru anul 10 de program - Revista Urbea Mea - Revista de Alba","description":"\u00cen fiecare an, echipa YouthBank prime\u0219te \u00een r\u00e2ndurile ei tineri entuzia\u0219ti, dornici s\u0103 schimbe \u00een bine comunitatea \u0219i s\u0103 se dezvolte ei \u00een\u0219i\u0219i. Anul","robots":{"index":"index","follow":"follow","max-snippet":"max-snippet:-1","max-image-preview":"max-image-preview:large","max-video-preview":"max-video-preview:-1"},"canonical":"https:\/\/urbeamea.ro\/albaiulia\/youthbank-alba-isi-face-echipa-pentru-anul-10-de-program\/","twitter_card":"summary_large_image","twitter_title":"YouthBank Alba \u00ee\u0219i face echipa pentru anul 10 de program - Revista Urbea Mea - Revista de Alba","twitter_description":"\u00cen fiecare an, echipa YouthBank prime\u0219te \u00een r\u00e2ndurile ei tineri entuzia\u0219ti, dornici s\u0103 schimbe \u00een bine comunitatea \u0219i s\u0103 se dezvolte ei \u00een\u0219i\u0219i. Anul","twitter_image":"https:\/\/urbeamea.ro\/albaiulia\/wp-content\/uploads\/2018\/06\/macheta-YB-Alba-2018-2019.jpg","twitter_creator":"@urbeameaweb","twitter_site":"@urbeameaweb","schema":{"@context":"https:\/\/schema.org","@graph":[{"@type":"Article","@id":"https:\/\/urbeamea.ro\/albaiulia\/youthbank-alba-isi-face-echipa-pentru-anul-10-de-program\/#article","isPartOf":{"@id":"https:\/\/urbeamea.ro\/albaiulia\/youthbank-alba-isi-face-echipa-pentru-anul-10-de-program\/"},"author":{"name":"Cristina Ganga","@id":"https:\/\/urbeamea.ro\/albaiulia\/#\/schema\/person\/9700d21fae21c4f038b0b56f4506264a"},"headline":"YouthBank Alba \u00ee\u0219i face echipa pentru anul 10 de program","datePublished":"2018-06-12T12:12:43+00:00","mainEntityOfPage":{"@id":"https:\/\/urbeamea.ro\/albaiulia\/youthbank-alba-isi-face-echipa-pentru-anul-10-de-program\/"},"wordCount":502,"commentCount":0,"image":{"@id":"https:\/\/urbeamea.ro\/albaiulia\/youthbank-alba-isi-face-echipa-pentru-anul-10-de-program\/#primaryimage"},"thumbnailUrl":"https:\/\/urbeamea.ro\/albaiulia\/wp-content\/uploads\/2018\/06\/macheta-YB-Alba-2018-2019.jpg","keywords":["Alba Iulia","echipa","formular","liceeni","program","stiri","Urbea Mea","youthbank"],"articleSection":["Social"],"inLanguage":"ro-RO","potentialAction":[{"@type":"CommentAction","name":"Comment","target":["https:\/\/urbeamea.ro\/albaiulia\/youthbank-alba-isi-face-echipa-pentru-anul-10-de-program\/#respond"]}]},{"@type":"WebPage","@id":"https:\/\/urbeamea.ro\/albaiulia\/youthbank-alba-isi-face-echipa-pentru-anul-10-de-program\/","url":"https:\/\/urbeamea.ro\/albaiulia\/youthbank-alba-isi-face-echipa-pentru-anul-10-de-program\/","name":"YouthBank Alba \u00ee\u0219i face echipa pentru anul 10 de program - Revista Urbea Mea - Revista de Alba","isPartOf":{"@id":"https:\/\/urbeamea.ro\/albaiulia\/#website"},"primaryImageOfPage":{"@id":"https:\/\/urbeamea.ro\/albaiulia\/youthbank-alba-isi-face-echipa-pentru-anul-10-de-program\/#primaryimage"},"image":{"@id":"https:\/\/urbeamea.ro\/albaiulia\/youthbank-alba-isi-face-echipa-pentru-anul-10-de-program\/#primaryimage"},"thumbnailUrl":"https:\/\/urbeamea.ro\/albaiulia\/wp-content\/uploads\/2018\/06\/macheta-YB-Alba-2018-2019.jpg","datePublished":"2018-06-12T12:12:43+00:00","author":{"@id":"https:\/\/urbeamea.ro\/albaiulia\/#\/schema\/person\/9700d21fae21c4f038b0b56f4506264a"},"description":"\u00cen fiecare an, echipa YouthBank prime\u0219te \u00een r\u00e2ndurile ei tineri entuzia\u0219ti, dornici s\u0103 schimbe \u00een bine comunitatea \u0219i s\u0103 se dezvolte ei \u00een\u0219i\u0219i. Anul","breadcrumb":{"@id":"https:\/\/urbeamea.ro\/albaiulia\/youthbank-alba-isi-face-echipa-pentru-anul-10-de-program\/#breadcrumb"},"inLanguage":"ro-RO","potentialAction":[{"@type":"ReadAction","target":["https:\/\/urbeamea.ro\/albaiulia\/youthbank-alba-isi-face-echipa-pentru-anul-10-de-program\/"]}]},{"@type":"ImageObject","inLanguage":"ro-RO","@id":"https:\/\/urbeamea.ro\/albaiulia\/youthbank-alba-isi-face-echipa-pentru-anul-10-de-program\/#primaryimage","url":"https:\/\/urbeamea.ro\/albaiulia\/wp-content\/uploads\/2018\/06\/macheta-YB-Alba-2018-2019.jpg","contentUrl":"https:\/\/urbeamea.ro\/albaiulia\/wp-content\/uploads\/2018\/06\/macheta-YB-Alba-2018-2019.jpg","width":1218,"height":1772},{"@type":"BreadcrumbList","@id":"https:\/\/urbeamea.ro\/albaiulia\/youthbank-alba-isi-face-echipa-pentru-anul-10-de-program\/#breadcrumb","itemListElement":[{"@type":"ListItem","position":1,"name":"Prima pagin\u0103","item":"https:\/\/urbeamea.ro\/albaiulia\/"},{"@type":"ListItem","position":2,"name":"YouthBank Alba \u00ee\u0219i face echipa pentru anul 10 de program"}]},{"@type":"WebSite","@id":"https:\/\/urbeamea.ro\/albaiulia\/#website","url":"https:\/\/urbeamea.ro\/albaiulia\/","name":"Revista Urbea Mea, Stiri urbane","description":"Evenimente \u0219i \u0219tiri din Alba Iulia, Sebe\u0219, Aiud, Blaj","potentialAction":[{"@type":"SearchAction","target":{"@type":"EntryPoint","urlTemplate":"https:\/\/urbeamea.ro\/albaiulia\/?s={search_term_string}"},"query-input":{"@type":"PropertyValueSpecification","valueRequired":true,"valueName":"search_term_string"}}],"inLanguage":"ro-RO"},{"@type":"Person","@id":"https:\/\/urbeamea.ro\/albaiulia\/#\/schema\/person\/9700d21fae21c4f038b0b56f4506264a","name":"Cristina Ganga","image":{"@type":"ImageObject","inLanguage":"ro-RO","@id":"https:\/\/secure.gravatar.com\/avatar\/5a67661041f057b4a8ccaf26f5a8e86e2689372006d01faf3dd9eeb10b654bb4?s=96&d=mm&r=g","url":"https:\/\/secure.gravatar.com\/avatar\/5a67661041f057b4a8ccaf26f5a8e86e2689372006d01faf3dd9eeb10b654bb4?s=96&d=mm&r=g","contentUrl":"https:\/\/secure.gravatar.com\/avatar\/5a67661041f057b4a8ccaf26f5a8e86e2689372006d01faf3dd9eeb10b654bb4?s=96&d=mm&r=g","caption":"Cristina Ganga"},"description":"Jurnalist","sameAs":["https:\/\/www.facebook.com\/cristina.nicola.587"],"url":"https:\/\/urbeamea.ro\/albaiulia\/author\/cristina-nicola\/"}]}},"_links":{"self":[{"href":"https:\/\/urbeamea.ro\/albaiulia\/wp-json\/wp\/v2\/posts\/64468","targetHints":{"allow":["GET"]}}],"collection":[{"href":"https:\/\/urbeamea.ro\/albaiulia\/wp-json\/wp\/v2\/posts"}],"about":[{"href":"https:\/\/urbeamea.ro\/albaiulia\/wp-json\/wp\/v2\/types\/post"}],"author":[{"embeddable":true,"href":"https:\/\/urbeamea.ro\/albaiulia\/wp-json\/wp\/v2\/users\/17"}],"replies":[{"embeddable":true,"href":"https:\/\/urbeamea.ro\/albaiulia\/wp-json\/wp\/v2\/comments?post=64468"}],"version-history":[{"count":0,"href":"https:\/\/urbeamea.ro\/albaiulia\/wp-json\/wp\/v2\/posts\/64468\/revisions"}],"wp:featuredmedia":[{"embeddable":true,"href":"https:\/\/urbeamea.ro\/albaiulia\/wp-json\/wp\/v2\/media\/64469"}],"wp:attachment":[{"href":"https:\/\/urbeamea.ro\/albaiulia\/wp-json\/wp\/v2\/media?parent=64468"}],"wp:term":[{"taxonomy":"category","embeddable":true,"href":"https:\/\/urbeamea.ro\/albaiulia\/wp-json\/wp\/v2\/categories?post=64468"},{"taxonomy":"post_tag","embeddable":true,"href":"https:\/\/urbeamea.ro\/albaiulia\/wp-json\/wp\/v2\/tags?post=64468"}],"curies":[{"name":"wp","href":"https:\/\/api.w.org\/{rel}","templated":true}]}}