{"id":65159,"date":"2018-06-25T15:01:28","date_gmt":"2018-06-25T12:01:28","guid":{"rendered":"https:\/\/urbeamea.ro\/albaiulia\/?p=65159"},"modified":"2018-06-25T15:01:28","modified_gmt":"2018-06-25T12:01:28","slug":"dsp-alba-masuri-pe-care-populatia-trebuie-sa-le-respecte-in-cazul-inundatiilor","status":"publish","type":"post","link":"https:\/\/urbeamea.ro\/albaiulia\/dsp-alba-masuri-pe-care-populatia-trebuie-sa-le-respecte-in-cazul-inundatiilor\/","title":{"rendered":"DSP Alba: M\u0103suri pe care popula\u021bia trebuie s\u0103 le respecte \u00een cazul inunda\u021biilor"},"content":{"rendered":"<p><strong>Av\u00e2nd \u00een vedere producerea inunda\u021biilor severe care au afectat vineri mai multe localit\u0103\u021bi din jude\u021bul Alba, Direc\u021bia de S\u0103n\u0103tate Public\u0103 (DSP) a transmis o serie de m\u0103suri care trebuie cunoscute \u0219i avute \u00een vedere de popula\u021bia afectat\u0103.<\/strong><\/p>\n<p><strong>1. M\u0103suri \u00een cazul surselor \u0219i sistemelor de ap\u0103 potabil\u0103<\/strong><\/p>\n<p>Deoarece consumul de ap\u0103 din f\u00e2nt\u00e2nile afectate este interzis, acestea vor fi cur\u0103\u021bate, salubrizate, dezinfectate \u0219i analizate prin laboratoarele Direc\u021biei de S\u0103n\u0103tate Public\u0103. P\u00e2n\u0103 \u00een momentul \u00een care apa devine corespunz\u0103toare (lucru dovedit de analizele de laborator) se va consuma apa \u00eembuteliat\u0103, apa adus\u0103 \u00een cisterne din zonele neafectate sau apa fiart\u0103 \u0219i r\u0103cit\u0103. Important de \u0219tiut este c\u0103 apa a c\u0103rei calitate a fost afectat\u0103, din cauza inunda\u021biilor, nu poate fi folosit\u0103 pentru sp\u0103latul vaselor, sp\u0103latul pe din\u021bi, sp\u0103latul pe m\u00e2ini, sp\u0103larea alimentelor \u0219i preg\u0103tirea hranei.<\/p>\n<p><strong>Instruc\u021biuni generale pentru dezinfec\u021bia f\u00e2nt\u00e2nilor<\/strong><\/p>\n<p>Pentru a efectua o dezinfec\u021bie corect\u0103 a apei de f\u00e2nt\u00e2n\u0103, trebuie asigurat\u0103 \u00een prealabil asanarea \u0219i recondi\u021bionarea f\u00e2nt\u00e2nii.<\/p>\n<p>\u00cen vederea dezinfec\u021biei, f\u00e2nt\u00e2na se gole\u0219te \u0219i se cur\u0103\u021b\u0103, dup\u0103 care se las\u0103 p\u00e2n\u0103 se umple cu ap\u0103 \u0219i se calculeaza volumul acesteia.<\/p>\n<p>Dezinfec\u021bia f\u00e2nt\u00e2nii se face cu substan\u021be clorigene sau dezinfectante care au aviz sanitar de folosire \u00een acest scop, exemplu: clorura de var, hipoclorit de sodiu, cloramina etc.<\/p>\n<p>F\u00e2nt\u00e2na se acoper\u0103 cu capac \u0219i, dup\u0103 12 ore de contact, se extrage apa din f\u00e2nt\u00e2n\u0103 \u0219i se arunc\u0103 p\u00e2n\u0103 c\u00e2nd dispare mirosul persistent de clor. Din acest motiv se recomand\u0103 ca opera\u021biunile de dezinfec\u021bie a f\u00e2nt\u00e2nii s\u0103 fie f\u0103cute seara.<\/p>\n<p>\u00cen localit\u0103\u021bile \u00een care exist\u0103 microcentrale de aprovizionare cu apa, produc\u0103torul de ap\u0103 potabil\u0103, sub \u00eendrumarea Direc\u021biei de S\u0103n\u0103tate Public\u0103 Alba, va controla starea de igien\u0103 \u0219i calitatea apei distribuite, lu\u00e2nd m\u0103surile necesare pentru ca apa s\u0103 \u00eendeplineasc\u0103 cerin\u021bele legale. \u00cen acest sens se va pune accent pe:<\/p>\n<ul>\n<li>clorinarea corespunzatoare a apei distribuite popula\u021biei;<\/li>\n<li>igienizarea \u0219i dezinfec\u021bia perimetrelor de protec\u021bie sanitar\u0103, a rezervoarelor;<\/li>\n<li>remedierea de urgen\u021b\u0103 a eventualelor defec\u021biuni.<\/li>\n<\/ul>\n<p><strong>M\u0103zuri pentru igienizarea solului \u0219i de\u0219eurilor solide<br \/>\n<\/strong><\/p>\n<p>Suprafe\u021bele care au fost inundate vor fi salubrizate, adic\u0103 se va proceda la \u00eendep\u0103rtarea sedimentelor \u0219i de\u0219eurilor aduse de ap\u0103 \u0219i apoi se va face dezinfec\u021bia solului cu o solu\u021bie clorigen\u0103 5-10 % (var cloros,\u00a0 cloramina). Sedimentele \u0219i de\u0219eurile se vor depozita \u00een locuri special amenajate \u0219i vor fi dezinfectate de asemenea cu solu\u021bii clorigene.<\/p>\n<p><strong>M\u0103suri pentru igienizarea grupurilor sanitare \u0219i latrinelor<\/strong><\/p>\n<p>Perimetrul closetelor individuale (scaunul \u0219i cabina) se va spala \u0219i dezinfecta, iar in interiorul acestora se vor turna 2-3 g\u0103le\u021bi cu solu\u021bie clorigena 5-10 %.<\/p>\n<p>\u00cen cazul \u00een care \u00een localitate exist\u0103 sistem de canalizare \u0219i sta\u021bie de epurare, se va face dezinfec\u021bia \u00eentregului sistem de canalizare cu o solu\u021bie clorigen\u0103 5-10% \u0219i se va face cur\u0103\u021birea sta\u021biei de epurare de eventualele depuneri \u0219i de\u0219euri solide aduse de inunda\u021bii, asigur\u00e2ndu-se func\u021bionarea la parametrii corespunz\u0103tori.<\/p>\n<p>Important: Este obligatoriu ca substan\u021bele clorigene s\u0103 fie utilizate sub forma de solu\u021bie.<\/p>\n<p><strong>M\u0103surile pentru prevenirea \u00eemboln\u0103virilor prin boal\u0103 diareic\u0103 acut\u0103, hepatita A etc.:<\/strong><\/p>\n<p>Educa\u021bia pentru s\u0103n\u0103tate a popula\u021biei privind respectarea strict\u0103 a regulilor de igien\u0103 individual\u0103, consumul alimentelor salubre \u0219i corect preparate, consumul de ap\u0103 potabil\u0103.<\/p>\n<p>Deoarece unit\u0103\u021bile cu profil alimentar adesea sunt distruse \u00een timpul inunda\u021biilor, este posibil ca produsele alimentare s\u0103 fie serios deteriorate, impun\u00e2ndu-se controlul riguros al calit\u0103\u021bii alimentelor inclusiv aprovizionarea cu alimente corespunz\u0103toare igienico-sanitar al zonelor inundate.<\/p>\n<p><strong>Recomand\u0103ri:<\/strong><\/p>\n<ul>\n<li>Se va interzice consumul alimentelor alterate;<\/li>\n<li>Se impune distrugerea alimentelor intrate \u00een contact cu apa de inunda\u021bie, daca ele nu erau protejate \u00een cutii de conserve ermetic \u00eenchise;<\/li>\n<li>Supravegherea unit\u0103\u021bilor de alimenta\u021bie public\u0103 \u0219i colectiv\u0103 privind modul de preparare, p\u0103strare \u0219i distribuire a produselor alimentare finite;<\/li>\n<li>P\u0103strarea la rece a alimentelor perisabile;<\/li>\n<li>Fructele \u0219i legumele vor fi bine sp\u0103late cu ap\u0103 potabil\u0103 sau fiart\u0103;<\/li>\n<li>Se vor prefera conservele sterilizate \u0219i b\u0103uturile r\u0103coritoare pasteurizate;<\/li>\n<li>Evacuarea corect\u0103 a de\u0219eurilor solide \u0219i lichide;<\/li>\n<li>\u00cen cazul \u00een care ave\u021bi r\u0103ni, apela\u021bi la serviciile de asisten\u021ba medical\u0103 pentru vaccinare \u00eempotriva tetanosului;<\/li>\n<li>\u00cen caz de febr\u0103, v\u0103rs\u0103turi, diaree, tuse, erup\u021bie pe piele, \u00eeng\u0103lbenirea pielii (icter), adresa\u021bi-v\u0103 imediat medicului de familie.<\/li>\n<\/ul>\n","protected":false},"excerpt":{"rendered":"<p>Av\u00e2nd \u00een vedere producerea inunda\u021biilor severe care au afectat vineri mai multe localit\u0103\u021bi din jude\u021bul Alba, Direc\u021bia de S\u0103n\u0103tate Public\u0103 (DSP) a transmis o serie de m\u0103suri care trebuie cunoscute \u0219i avute \u00een vedere de popula\u021bia afectat\u0103. 1. M\u0103suri \u00een cazul surselor \u0219i sistemelor de ap\u0103 potabil\u0103 Deoarece consumul de ap\u0103 din f\u00e2nt\u00e2nile afectate este &hellip;<\/p>\n","protected":false},"author":17,"featured_media":25605,"comment_status":"open","ping_status":"open","sticky":false,"template":"","format":"standard","meta":{"inline_featured_image":false,"footnotes":""},"categories":[2034],"tags":[15622,2111,15623,15621,3383,4025,15620,308,76],"class_list":["post-65159","post","type-post","status-publish","format-standard","has-post-thumbnail","hentry","category-social","tag-deseuri-solide","tag-dsp-alba","tag-igienizarea-grupurilor-sanitare","tag-igienizarea-solului","tag-masuri","tag-populatie","tag-producerea-inundatiilor","tag-stiri","tag-urbea-mea"],"yoast_head":"<!-- This site is optimized with the Yoast SEO plugin v28.3 - https:\/\/yoast.com\/product\/yoast-seo-wordpress\/ -->\n<title>DSP Alba: M\u0103suri pe care popula\u021bia trebuie s\u0103 le respecte \u00een cazul inunda\u021biilor - Revista Urbea Mea - Revista de Alba<\/title>\n<meta name=\"description\" content=\"Av\u00e2nd \u00een vedere producerea inunda\u021biilor severe care au afectat vineri mai multe localit\u0103\u021bi din jude\u021bul Alba, Direc\u021bia de S\u0103n\u0103tate Public\u0103 (DSP) a transmis\" \/>\n<meta name=\"robots\" content=\"index, follow, max-snippet:-1, max-image-preview:large, max-video-preview:-1\" \/>\n<link rel=\"canonical\" href=\"https:\/\/urbeamea.ro\/albaiulia\/dsp-alba-masuri-pe-care-populatia-trebuie-sa-le-respecte-in-cazul-inundatiilor\/\" \/>\n<meta name=\"twitter:card\" content=\"summary_large_image\" \/>\n<meta name=\"twitter:title\" content=\"DSP Alba: M\u0103suri pe care popula\u021bia trebuie s\u0103 le respecte \u00een cazul inunda\u021biilor - Revista Urbea Mea - Revista de Alba\" \/>\n<meta name=\"twitter:description\" content=\"Av\u00e2nd \u00een vedere producerea inunda\u021biilor severe care au afectat vineri mai multe localit\u0103\u021bi din jude\u021bul Alba, Direc\u021bia de S\u0103n\u0103tate Public\u0103 (DSP) a transmis\" \/>\n<meta name=\"twitter:image\" content=\"https:\/\/urbeamea.ro\/albaiulia\/wp-content\/uploads\/2016\/05\/fantana.jpg\" \/>\n<meta name=\"twitter:creator\" content=\"@urbeameaweb\" \/>\n<meta name=\"twitter:site\" content=\"@urbeameaweb\" \/>\n<script type=\"application\/ld+json\" class=\"yoast-schema-graph\">{\"@context\":\"https:\\\/\\\/schema.org\",\"@graph\":[{\"@type\":\"Article\",\"@id\":\"https:\\\/\\\/urbeamea.ro\\\/albaiulia\\\/dsp-alba-masuri-pe-care-populatia-trebuie-sa-le-respecte-in-cazul-inundatiilor\\\/#article\",\"isPartOf\":{\"@id\":\"https:\\\/\\\/urbeamea.ro\\\/albaiulia\\\/dsp-alba-masuri-pe-care-populatia-trebuie-sa-le-respecte-in-cazul-inundatiilor\\\/\"},\"author\":{\"name\":\"Cristina Ganga\",\"@id\":\"https:\\\/\\\/urbeamea.ro\\\/albaiulia\\\/#\\\/schema\\\/person\\\/9700d21fae21c4f038b0b56f4506264a\"},\"headline\":\"DSP Alba: M\u0103suri pe care popula\u021bia trebuie s\u0103 le respecte \u00een cazul inunda\u021biilor\",\"datePublished\":\"2018-06-25T12:01:28+00:00\",\"mainEntityOfPage\":{\"@id\":\"https:\\\/\\\/urbeamea.ro\\\/albaiulia\\\/dsp-alba-masuri-pe-care-populatia-trebuie-sa-le-respecte-in-cazul-inundatiilor\\\/\"},\"wordCount\":794,\"commentCount\":0,\"image\":{\"@id\":\"https:\\\/\\\/urbeamea.ro\\\/albaiulia\\\/dsp-alba-masuri-pe-care-populatia-trebuie-sa-le-respecte-in-cazul-inundatiilor\\\/#primaryimage\"},\"thumbnailUrl\":\"https:\\\/\\\/urbeamea.ro\\\/albaiulia\\\/wp-content\\\/uploads\\\/2016\\\/05\\\/fantana.jpg\",\"keywords\":[\"deseuri solide\",\"DSP Alba\",\"igienizarea grupurilor sanitare\",\"igienizarea solului\",\"masuri\",\"populatie\",\"producerea inundatiilor\",\"stiri\",\"Urbea Mea\"],\"articleSection\":[\"Social\"],\"inLanguage\":\"ro-RO\",\"potentialAction\":[{\"@type\":\"CommentAction\",\"name\":\"Comment\",\"target\":[\"https:\\\/\\\/urbeamea.ro\\\/albaiulia\\\/dsp-alba-masuri-pe-care-populatia-trebuie-sa-le-respecte-in-cazul-inundatiilor\\\/#respond\"]}]},{\"@type\":\"WebPage\",\"@id\":\"https:\\\/\\\/urbeamea.ro\\\/albaiulia\\\/dsp-alba-masuri-pe-care-populatia-trebuie-sa-le-respecte-in-cazul-inundatiilor\\\/\",\"url\":\"https:\\\/\\\/urbeamea.ro\\\/albaiulia\\\/dsp-alba-masuri-pe-care-populatia-trebuie-sa-le-respecte-in-cazul-inundatiilor\\\/\",\"name\":\"DSP Alba: M\u0103suri pe care popula\u021bia trebuie s\u0103 le respecte \u00een cazul inunda\u021biilor - Revista Urbea Mea - Revista de Alba\",\"isPartOf\":{\"@id\":\"https:\\\/\\\/urbeamea.ro\\\/albaiulia\\\/#website\"},\"primaryImageOfPage\":{\"@id\":\"https:\\\/\\\/urbeamea.ro\\\/albaiulia\\\/dsp-alba-masuri-pe-care-populatia-trebuie-sa-le-respecte-in-cazul-inundatiilor\\\/#primaryimage\"},\"image\":{\"@id\":\"https:\\\/\\\/urbeamea.ro\\\/albaiulia\\\/dsp-alba-masuri-pe-care-populatia-trebuie-sa-le-respecte-in-cazul-inundatiilor\\\/#primaryimage\"},\"thumbnailUrl\":\"https:\\\/\\\/urbeamea.ro\\\/albaiulia\\\/wp-content\\\/uploads\\\/2016\\\/05\\\/fantana.jpg\",\"datePublished\":\"2018-06-25T12:01:28+00:00\",\"author\":{\"@id\":\"https:\\\/\\\/urbeamea.ro\\\/albaiulia\\\/#\\\/schema\\\/person\\\/9700d21fae21c4f038b0b56f4506264a\"},\"description\":\"Av\u00e2nd \u00een vedere producerea inunda\u021biilor severe care au afectat vineri mai multe localit\u0103\u021bi din jude\u021bul Alba, Direc\u021bia de S\u0103n\u0103tate Public\u0103 (DSP) a transmis\",\"breadcrumb\":{\"@id\":\"https:\\\/\\\/urbeamea.ro\\\/albaiulia\\\/dsp-alba-masuri-pe-care-populatia-trebuie-sa-le-respecte-in-cazul-inundatiilor\\\/#breadcrumb\"},\"inLanguage\":\"ro-RO\",\"potentialAction\":[{\"@type\":\"ReadAction\",\"target\":[\"https:\\\/\\\/urbeamea.ro\\\/albaiulia\\\/dsp-alba-masuri-pe-care-populatia-trebuie-sa-le-respecte-in-cazul-inundatiilor\\\/\"]}]},{\"@type\":\"ImageObject\",\"inLanguage\":\"ro-RO\",\"@id\":\"https:\\\/\\\/urbeamea.ro\\\/albaiulia\\\/dsp-alba-masuri-pe-care-populatia-trebuie-sa-le-respecte-in-cazul-inundatiilor\\\/#primaryimage\",\"url\":\"https:\\\/\\\/urbeamea.ro\\\/albaiulia\\\/wp-content\\\/uploads\\\/2016\\\/05\\\/fantana.jpg\",\"contentUrl\":\"https:\\\/\\\/urbeamea.ro\\\/albaiulia\\\/wp-content\\\/uploads\\\/2016\\\/05\\\/fantana.jpg\",\"width\":640,\"height\":479},{\"@type\":\"BreadcrumbList\",\"@id\":\"https:\\\/\\\/urbeamea.ro\\\/albaiulia\\\/dsp-alba-masuri-pe-care-populatia-trebuie-sa-le-respecte-in-cazul-inundatiilor\\\/#breadcrumb\",\"itemListElement\":[{\"@type\":\"ListItem\",\"position\":1,\"name\":\"Prima pagin\u0103\",\"item\":\"https:\\\/\\\/urbeamea.ro\\\/albaiulia\\\/\"},{\"@type\":\"ListItem\",\"position\":2,\"name\":\"DSP Alba: M\u0103suri pe care popula\u021bia trebuie s\u0103 le respecte \u00een cazul inunda\u021biilor\"}]},{\"@type\":\"WebSite\",\"@id\":\"https:\\\/\\\/urbeamea.ro\\\/albaiulia\\\/#website\",\"url\":\"https:\\\/\\\/urbeamea.ro\\\/albaiulia\\\/\",\"name\":\"Revista Urbea Mea, Stiri urbane\",\"description\":\"Evenimente \u0219i \u0219tiri din Alba Iulia, Sebe\u0219, Aiud, Blaj\",\"potentialAction\":[{\"@type\":\"SearchAction\",\"target\":{\"@type\":\"EntryPoint\",\"urlTemplate\":\"https:\\\/\\\/urbeamea.ro\\\/albaiulia\\\/?s={search_term_string}\"},\"query-input\":{\"@type\":\"PropertyValueSpecification\",\"valueRequired\":true,\"valueName\":\"search_term_string\"}}],\"inLanguage\":\"ro-RO\"},{\"@type\":\"Person\",\"@id\":\"https:\\\/\\\/urbeamea.ro\\\/albaiulia\\\/#\\\/schema\\\/person\\\/9700d21fae21c4f038b0b56f4506264a\",\"name\":\"Cristina Ganga\",\"image\":{\"@type\":\"ImageObject\",\"inLanguage\":\"ro-RO\",\"@id\":\"https:\\\/\\\/secure.gravatar.com\\\/avatar\\\/5a67661041f057b4a8ccaf26f5a8e86e2689372006d01faf3dd9eeb10b654bb4?s=96&d=mm&r=g\",\"url\":\"https:\\\/\\\/secure.gravatar.com\\\/avatar\\\/5a67661041f057b4a8ccaf26f5a8e86e2689372006d01faf3dd9eeb10b654bb4?s=96&d=mm&r=g\",\"contentUrl\":\"https:\\\/\\\/secure.gravatar.com\\\/avatar\\\/5a67661041f057b4a8ccaf26f5a8e86e2689372006d01faf3dd9eeb10b654bb4?s=96&d=mm&r=g\",\"caption\":\"Cristina Ganga\"},\"description\":\"Jurnalist\",\"sameAs\":[\"https:\\\/\\\/www.facebook.com\\\/cristina.nicola.587\"],\"url\":\"https:\\\/\\\/urbeamea.ro\\\/albaiulia\\\/author\\\/cristina-nicola\\\/\"}]}<\/script>\n<!-- \/ Yoast SEO plugin. -->","yoast_head_json":{"title":"DSP Alba: M\u0103suri pe care popula\u021bia trebuie s\u0103 le respecte \u00een cazul inunda\u021biilor - Revista Urbea Mea - Revista de Alba","description":"Av\u00e2nd \u00een vedere producerea inunda\u021biilor severe care au afectat vineri mai multe localit\u0103\u021bi din jude\u021bul Alba, Direc\u021bia de S\u0103n\u0103tate Public\u0103 (DSP) a transmis","robots":{"index":"index","follow":"follow","max-snippet":"max-snippet:-1","max-image-preview":"max-image-preview:large","max-video-preview":"max-video-preview:-1"},"canonical":"https:\/\/urbeamea.ro\/albaiulia\/dsp-alba-masuri-pe-care-populatia-trebuie-sa-le-respecte-in-cazul-inundatiilor\/","twitter_card":"summary_large_image","twitter_title":"DSP Alba: M\u0103suri pe care popula\u021bia trebuie s\u0103 le respecte \u00een cazul inunda\u021biilor - Revista Urbea Mea - Revista de Alba","twitter_description":"Av\u00e2nd \u00een vedere producerea inunda\u021biilor severe care au afectat vineri mai multe localit\u0103\u021bi din jude\u021bul Alba, Direc\u021bia de S\u0103n\u0103tate Public\u0103 (DSP) a transmis","twitter_image":"https:\/\/urbeamea.ro\/albaiulia\/wp-content\/uploads\/2016\/05\/fantana.jpg","twitter_creator":"@urbeameaweb","twitter_site":"@urbeameaweb","schema":{"@context":"https:\/\/schema.org","@graph":[{"@type":"Article","@id":"https:\/\/urbeamea.ro\/albaiulia\/dsp-alba-masuri-pe-care-populatia-trebuie-sa-le-respecte-in-cazul-inundatiilor\/#article","isPartOf":{"@id":"https:\/\/urbeamea.ro\/albaiulia\/dsp-alba-masuri-pe-care-populatia-trebuie-sa-le-respecte-in-cazul-inundatiilor\/"},"author":{"name":"Cristina Ganga","@id":"https:\/\/urbeamea.ro\/albaiulia\/#\/schema\/person\/9700d21fae21c4f038b0b56f4506264a"},"headline":"DSP Alba: M\u0103suri pe care popula\u021bia trebuie s\u0103 le respecte \u00een cazul inunda\u021biilor","datePublished":"2018-06-25T12:01:28+00:00","mainEntityOfPage":{"@id":"https:\/\/urbeamea.ro\/albaiulia\/dsp-alba-masuri-pe-care-populatia-trebuie-sa-le-respecte-in-cazul-inundatiilor\/"},"wordCount":794,"commentCount":0,"image":{"@id":"https:\/\/urbeamea.ro\/albaiulia\/dsp-alba-masuri-pe-care-populatia-trebuie-sa-le-respecte-in-cazul-inundatiilor\/#primaryimage"},"thumbnailUrl":"https:\/\/urbeamea.ro\/albaiulia\/wp-content\/uploads\/2016\/05\/fantana.jpg","keywords":["deseuri solide","DSP Alba","igienizarea grupurilor sanitare","igienizarea solului","masuri","populatie","producerea inundatiilor","stiri","Urbea Mea"],"articleSection":["Social"],"inLanguage":"ro-RO","potentialAction":[{"@type":"CommentAction","name":"Comment","target":["https:\/\/urbeamea.ro\/albaiulia\/dsp-alba-masuri-pe-care-populatia-trebuie-sa-le-respecte-in-cazul-inundatiilor\/#respond"]}]},{"@type":"WebPage","@id":"https:\/\/urbeamea.ro\/albaiulia\/dsp-alba-masuri-pe-care-populatia-trebuie-sa-le-respecte-in-cazul-inundatiilor\/","url":"https:\/\/urbeamea.ro\/albaiulia\/dsp-alba-masuri-pe-care-populatia-trebuie-sa-le-respecte-in-cazul-inundatiilor\/","name":"DSP Alba: M\u0103suri pe care popula\u021bia trebuie s\u0103 le respecte \u00een cazul inunda\u021biilor - Revista Urbea Mea - Revista de Alba","isPartOf":{"@id":"https:\/\/urbeamea.ro\/albaiulia\/#website"},"primaryImageOfPage":{"@id":"https:\/\/urbeamea.ro\/albaiulia\/dsp-alba-masuri-pe-care-populatia-trebuie-sa-le-respecte-in-cazul-inundatiilor\/#primaryimage"},"image":{"@id":"https:\/\/urbeamea.ro\/albaiulia\/dsp-alba-masuri-pe-care-populatia-trebuie-sa-le-respecte-in-cazul-inundatiilor\/#primaryimage"},"thumbnailUrl":"https:\/\/urbeamea.ro\/albaiulia\/wp-content\/uploads\/2016\/05\/fantana.jpg","datePublished":"2018-06-25T12:01:28+00:00","author":{"@id":"https:\/\/urbeamea.ro\/albaiulia\/#\/schema\/person\/9700d21fae21c4f038b0b56f4506264a"},"description":"Av\u00e2nd \u00een vedere producerea inunda\u021biilor severe care au afectat vineri mai multe localit\u0103\u021bi din jude\u021bul Alba, Direc\u021bia de S\u0103n\u0103tate Public\u0103 (DSP) a transmis","breadcrumb":{"@id":"https:\/\/urbeamea.ro\/albaiulia\/dsp-alba-masuri-pe-care-populatia-trebuie-sa-le-respecte-in-cazul-inundatiilor\/#breadcrumb"},"inLanguage":"ro-RO","potentialAction":[{"@type":"ReadAction","target":["https:\/\/urbeamea.ro\/albaiulia\/dsp-alba-masuri-pe-care-populatia-trebuie-sa-le-respecte-in-cazul-inundatiilor\/"]}]},{"@type":"ImageObject","inLanguage":"ro-RO","@id":"https:\/\/urbeamea.ro\/albaiulia\/dsp-alba-masuri-pe-care-populatia-trebuie-sa-le-respecte-in-cazul-inundatiilor\/#primaryimage","url":"https:\/\/urbeamea.ro\/albaiulia\/wp-content\/uploads\/2016\/05\/fantana.jpg","contentUrl":"https:\/\/urbeamea.ro\/albaiulia\/wp-content\/uploads\/2016\/05\/fantana.jpg","width":640,"height":479},{"@type":"BreadcrumbList","@id":"https:\/\/urbeamea.ro\/albaiulia\/dsp-alba-masuri-pe-care-populatia-trebuie-sa-le-respecte-in-cazul-inundatiilor\/#breadcrumb","itemListElement":[{"@type":"ListItem","position":1,"name":"Prima pagin\u0103","item":"https:\/\/urbeamea.ro\/albaiulia\/"},{"@type":"ListItem","position":2,"name":"DSP Alba: M\u0103suri pe care popula\u021bia trebuie s\u0103 le respecte \u00een cazul inunda\u021biilor"}]},{"@type":"WebSite","@id":"https:\/\/urbeamea.ro\/albaiulia\/#website","url":"https:\/\/urbeamea.ro\/albaiulia\/","name":"Revista Urbea Mea, Stiri urbane","description":"Evenimente \u0219i \u0219tiri din Alba Iulia, Sebe\u0219, Aiud, Blaj","potentialAction":[{"@type":"SearchAction","target":{"@type":"EntryPoint","urlTemplate":"https:\/\/urbeamea.ro\/albaiulia\/?s={search_term_string}"},"query-input":{"@type":"PropertyValueSpecification","valueRequired":true,"valueName":"search_term_string"}}],"inLanguage":"ro-RO"},{"@type":"Person","@id":"https:\/\/urbeamea.ro\/albaiulia\/#\/schema\/person\/9700d21fae21c4f038b0b56f4506264a","name":"Cristina Ganga","image":{"@type":"ImageObject","inLanguage":"ro-RO","@id":"https:\/\/secure.gravatar.com\/avatar\/5a67661041f057b4a8ccaf26f5a8e86e2689372006d01faf3dd9eeb10b654bb4?s=96&d=mm&r=g","url":"https:\/\/secure.gravatar.com\/avatar\/5a67661041f057b4a8ccaf26f5a8e86e2689372006d01faf3dd9eeb10b654bb4?s=96&d=mm&r=g","contentUrl":"https:\/\/secure.gravatar.com\/avatar\/5a67661041f057b4a8ccaf26f5a8e86e2689372006d01faf3dd9eeb10b654bb4?s=96&d=mm&r=g","caption":"Cristina Ganga"},"description":"Jurnalist","sameAs":["https:\/\/www.facebook.com\/cristina.nicola.587"],"url":"https:\/\/urbeamea.ro\/albaiulia\/author\/cristina-nicola\/"}]}},"_links":{"self":[{"href":"https:\/\/urbeamea.ro\/albaiulia\/wp-json\/wp\/v2\/posts\/65159","targetHints":{"allow":["GET"]}}],"collection":[{"href":"https:\/\/urbeamea.ro\/albaiulia\/wp-json\/wp\/v2\/posts"}],"about":[{"href":"https:\/\/urbeamea.ro\/albaiulia\/wp-json\/wp\/v2\/types\/post"}],"author":[{"embeddable":true,"href":"https:\/\/urbeamea.ro\/albaiulia\/wp-json\/wp\/v2\/users\/17"}],"replies":[{"embeddable":true,"href":"https:\/\/urbeamea.ro\/albaiulia\/wp-json\/wp\/v2\/comments?post=65159"}],"version-history":[{"count":0,"href":"https:\/\/urbeamea.ro\/albaiulia\/wp-json\/wp\/v2\/posts\/65159\/revisions"}],"wp:featuredmedia":[{"embeddable":true,"href":"https:\/\/urbeamea.ro\/albaiulia\/wp-json\/wp\/v2\/media\/25605"}],"wp:attachment":[{"href":"https:\/\/urbeamea.ro\/albaiulia\/wp-json\/wp\/v2\/media?parent=65159"}],"wp:term":[{"taxonomy":"category","embeddable":true,"href":"https:\/\/urbeamea.ro\/albaiulia\/wp-json\/wp\/v2\/categories?post=65159"},{"taxonomy":"post_tag","embeddable":true,"href":"https:\/\/urbeamea.ro\/albaiulia\/wp-json\/wp\/v2\/tags?post=65159"}],"curies":[{"name":"wp","href":"https:\/\/api.w.org\/{rel}","templated":true}]}}