{"id":65359,"date":"2018-07-02T10:34:48","date_gmt":"2018-07-02T07:34:48","guid":{"rendered":"https:\/\/urbeamea.ro\/albaiulia\/?p=65359"},"modified":"2018-07-02T10:34:48","modified_gmt":"2018-07-02T07:34:48","slug":"3-momente-pretioase-din-viata-copilului-pe-care-orice-mamica-ar-trebui-sa-le-imortalizeze","status":"publish","type":"post","link":"https:\/\/urbeamea.ro\/albaiulia\/3-momente-pretioase-din-viata-copilului-pe-care-orice-mamica-ar-trebui-sa-le-imortalizeze\/","title":{"rendered":"3 MOMENTE PRE\u0162IOASE din via\u0163a COPILULUI pe care orice m\u0103mic\u0103 ar trebui s\u0103 le IMORTALIZEZE!"},"content":{"rendered":"<p>Femeile, mai ales cele care se afl\u0103 la prima sarcin\u0103, sunt fascinate de schimb\u0103rile de natura fizic\u0103 ce se produc \u00een organismul lor odat\u0103 cu aflarea ve\u015ftii c\u0103 poart\u0103 \u00een p\u00e2ntece rodul iubirii adev\u0103rate. Din acest motiv, nu exist\u0103 gravidu\u0163\u0103 care s\u0103 nu \u00ee\u015fi pozeze constant burtica pentru a putea urm\u0103ri \u00eendeaproape modul \u00een care a evoluat corpul ei.<\/p>\n<p>Dac\u0103 sarcina se afla \u00een ultimul trimestru de evolu\u0163ie \u015fi a\u015ftep\u0163i cu ner\u0103bdare venirea pe lume a micu\u0163ului t\u0103u, descoper\u0103 ce momente importante din via\u0163a lui ar trebui s\u0103 imortalizezi pentru totdeauna!<\/p>\n<ul>\n<li><strong><em>Na\u015fterea \u015fi<\/em><\/strong><strong><em>\/sau <\/em><\/strong><strong><em>prima lun<\/em><\/strong><strong><em>\u0103<\/em><\/strong><\/li>\n<\/ul>\n<p><a href=\"https:\/\/urbeamea.ro\/albaiulia\/wp-content\/uploads\/2018\/07\/new-born.jpg\"><img loading=\"lazy\" decoding=\"async\" class=\"alignleft size-thumbnail wp-image-65360\" src=\"https:\/\/urbeamea.ro\/albaiulia\/wp-content\/uploads\/2018\/07\/new-born-150x100.jpg\" alt=\"\" width=\"150\" height=\"100\" srcset=\"https:\/\/urbeamea.ro\/albaiulia\/wp-content\/uploads\/2018\/07\/new-born-150x100.jpg 150w, https:\/\/urbeamea.ro\/albaiulia\/wp-content\/uploads\/2018\/07\/new-born-640x427.jpg 640w, https:\/\/urbeamea.ro\/albaiulia\/wp-content\/uploads\/2018\/07\/new-born-768x513.jpg 768w, https:\/\/urbeamea.ro\/albaiulia\/wp-content\/uploads\/2018\/07\/new-born-1280x854.jpg 1280w, https:\/\/urbeamea.ro\/albaiulia\/wp-content\/uploads\/2018\/07\/new-born.jpg 1500w\" sizes=\"auto, (max-width: 150px) 100vw, 150px\" \/><\/a>Pentru orice femeie, na\u015fterea copiilor s\u0103i este cel mai frumos \u015fi important moment din via\u0163a sa. La fel este \u015fi perioada imediat urm\u0103toare, \u00een care t\u00e2n\u0103ra m\u0103mic\u0103 este atent\u0103 la fiecare detaliu \u015fi schimbare pe care o observ\u0103 la copilul ei. \u00cen aceast\u0103 etap\u0103, mamele \u00ee\u015fi doresc s\u0103 \u00ee\u015fi protejeze puiul \u015fi s\u0103 se bucure c\u00e2t mai mult de momentele frumoase, de fiecare z\u00e2mbet al micu\u0163ului, de fiecare grimas\u0103. Pentru a te asigura c\u0103 vei p\u0103stra tot timpul aceste episoade magice, nu doar \u00een sufletul t\u0103u, po\u0163i apela la un fotograf care sa fie experimentat \u00een <a href=\"https:\/\/andreeavelican.com\/newborn\/\" target=\"_blank\" rel=\"noopener\">fotografii pentru nou nascuti<\/a> \u00een care s\u0103 surprind\u0103 frumuse\u0163ea acestei etape \u015fi tr\u0103s\u0103turile \u00eenc\u0103 nedefinite ale copilului t\u0103u. Micile situa\u0163ii neprev\u0103zute, portretizarea rela\u0163iei speciale dintre tine \u015fi bebelu\u015f din acele momente, precum \u015fi detaliile legate de aspectul \u00eenf\u0103\u0163i\u015f\u0103rii micu\u0163ului vor prinde contur \u00een imagini pe care vei dori s\u0103 le revezi, s\u0103 le analizezi \u00een detaliu atunci c\u00e2nd cel mic va cre\u015fte.<\/p>\n<ul>\n<li><strong><em>Perioada \u00een care micu\u0163ul \u00eencepe s\u0103 stea singur \u015fi s\u0103 p\u0103\u015feasc\u0103<\/em><\/strong><\/li>\n<\/ul>\n<p><a href=\"https:\/\/urbeamea.ro\/albaiulia\/wp-content\/uploads\/2018\/07\/DSC_3326.jpg\"><img loading=\"lazy\" decoding=\"async\" class=\"alignleft size-thumbnail wp-image-65362\" src=\"https:\/\/urbeamea.ro\/albaiulia\/wp-content\/uploads\/2018\/07\/DSC_3326-150x100.jpg\" alt=\"\" width=\"150\" height=\"100\" srcset=\"https:\/\/urbeamea.ro\/albaiulia\/wp-content\/uploads\/2018\/07\/DSC_3326-150x100.jpg 150w, https:\/\/urbeamea.ro\/albaiulia\/wp-content\/uploads\/2018\/07\/DSC_3326.jpg 500w\" sizes=\"auto, (max-width: 150px) 100vw, 150px\" \/><\/a>Nu exist\u0103 bucurie mai mare pentru orice femeie \u015fi mam\u0103 ca momentul \u00een care copilul ei \u00eencepe s\u0103 fac\u0103 primii pa\u015fi sau roste\u015fte primul cuv\u00e2nt. Acesta este primul semn c\u0103 toate eforturile ei \u015fi toate evenimentele ce i-au provocat panic\u0103 \u00een primele luni au fost utile pentru dezvoltarea s\u0103n\u0103toas\u0103 \u015fi armonioas\u0103 a bebelu\u015fului. Dac\u0103 \u015fi tu vrei s\u0103 \u00ee\u0163i aminte\u015fti cu drag de acest moment \u015fi s\u0103 vezi fericirea \u015fi concentrarea de pe chipul \u00eengera\u015fului t\u0103u atunci c\u00e2nd \u00eencearc\u0103 s\u0103 \u00ee\u015fi sus\u0163in\u0103 corpul singur sau s\u0103 fac\u0103 primii pa\u015fi, verific\u0103 <a href=\"https:\/\/andreeavelican.com\/baby\/\" target=\"_blank\" rel=\"noopener\">pre\u0163urile sedin\u0163elor foto pentru bebelu\u015fi<\/a> \u015fi alege unul din pachetele promo\u0163ionale pentru a beneficia de cea mai reu\u015fit\u0103 \u015fedin\u0163\u0103 foto.<\/p>\n<ul>\n<li><strong><em>Atunci c\u00e2nd \u00eempline\u015fte un an<\/em><\/strong><\/li>\n<\/ul>\n<p>Nici nu \u00ee\u0163i vei da seama c\u00e2nd a trecut un an din via\u0163a voastr\u0103. Parc\u0103 ieri era at\u00e2t de micu\u0163 \u015fi fragil, \u00eenc\u00e2t \u00ee\u0163i era team\u0103 \u015fi s\u0103 \u00eel iei \u00een bra\u0163e \u015fi ast\u0103zi se umple casa de strig\u0103tele \u015fi chicotele lui. Primul an din via\u0163a copilului t\u0103u este un moment special \u015fi trebuie s\u0103rb\u0103torit ca atare. Po\u0163i organiza o petrecere \u00een cinstea lui \u015fi po\u0163i, de asemenea, apela la serviciile unui fotograf pentru a surprinde cele mai emo\u0163ionante momente, cele mai intense sentimente pe care familia le tr\u0103ie\u015fte \u00een acele clipe.<\/p>\n<p>Chiar dac\u0103 o mam\u0103 va p\u0103stra tot timpul \u00een sufletul ei etapele esen\u0163iale \u00een dezvoltarea micu\u0163ului s\u0103u, o fotografie poate transmite, de multe ori, toat\u0103 emo\u0163ia \u015fi bucuria ce nu se poate exprima \u00een cuvinte. \u00cen plus, toate aceste amintiri vor fi un prilej perfect pentru a consolida rela\u0163ia dintre tine \u015fi copilul t\u0103u c\u00e2nd acesta va cre\u015fte.<\/p>\n","protected":false},"excerpt":{"rendered":"<p>Femeile, mai ales cele care se afl\u0103 la prima sarcin\u0103, sunt fascinate de schimb\u0103rile de natura fizic\u0103 ce se produc \u00een organismul lor odat\u0103 cu aflarea ve\u015ftii c\u0103 poart\u0103 \u00een p\u00e2ntece rodul iubirii adev\u0103rate. Din acest motiv, nu exist\u0103 gravidu\u0163\u0103 care s\u0103 nu \u00ee\u015fi pozeze constant burtica pentru a putea urm\u0103ri \u00eendeaproape modul \u00een care &hellip;<\/p>\n","protected":false},"author":5,"featured_media":65361,"comment_status":"open","ping_status":"open","sticky":false,"template":"","format":"standard","meta":{"inline_featured_image":false,"footnotes":""},"categories":[1],"tags":[],"class_list":["post-65359","post","type-post","status-publish","format-standard","has-post-thumbnail","hentry","category-stiri-urbane"],"yoast_head":"<!-- This site is optimized with the Yoast SEO plugin v27.4 - https:\/\/yoast.com\/product\/yoast-seo-wordpress\/ -->\n<title>3 MOMENTE PRE\u0162IOASE din via\u0163a COPILULUI pe care orice m\u0103mic\u0103 ar trebui s\u0103 le IMORTALIZEZE! - Revista Urbea Mea - Revista de Alba<\/title>\n<meta name=\"description\" content=\"Femeile, mai ales cele care se afl\u0103 la prima sarcin\u0103, sunt fascinate de schimb\u0103rile de natura fizic\u0103 ce se produc \u00een organismul lor odat\u0103 cu aflarea\" \/>\n<meta name=\"robots\" content=\"index, follow, max-snippet:-1, max-image-preview:large, max-video-preview:-1\" \/>\n<link rel=\"canonical\" href=\"https:\/\/urbeamea.ro\/albaiulia\/3-momente-pretioase-din-viata-copilului-pe-care-orice-mamica-ar-trebui-sa-le-imortalizeze\/\" \/>\n<meta name=\"twitter:card\" content=\"summary_large_image\" \/>\n<meta name=\"twitter:title\" content=\"3 MOMENTE PRE\u0162IOASE din via\u0163a COPILULUI pe care orice m\u0103mic\u0103 ar trebui s\u0103 le IMORTALIZEZE! - Revista Urbea Mea - Revista de Alba\" \/>\n<meta name=\"twitter:description\" content=\"Femeile, mai ales cele care se afl\u0103 la prima sarcin\u0103, sunt fascinate de schimb\u0103rile de natura fizic\u0103 ce se produc \u00een organismul lor odat\u0103 cu aflarea\" \/>\n<meta name=\"twitter:image\" content=\"https:\/\/urbeamea.ro\/albaiulia\/wp-content\/uploads\/2018\/07\/cover.jpg\" \/>\n<meta name=\"twitter:creator\" content=\"@urbeameaweb\" \/>\n<meta name=\"twitter:site\" content=\"@urbeameaweb\" \/>\n<script type=\"application\/ld+json\" class=\"yoast-schema-graph\">{\"@context\":\"https:\\\/\\\/schema.org\",\"@graph\":[{\"@type\":\"Article\",\"@id\":\"https:\\\/\\\/urbeamea.ro\\\/albaiulia\\\/3-momente-pretioase-din-viata-copilului-pe-care-orice-mamica-ar-trebui-sa-le-imortalizeze\\\/#article\",\"isPartOf\":{\"@id\":\"https:\\\/\\\/urbeamea.ro\\\/albaiulia\\\/3-momente-pretioase-din-viata-copilului-pe-care-orice-mamica-ar-trebui-sa-le-imortalizeze\\\/\"},\"author\":{\"name\":\"Bogdan P\u0103unescu\",\"@id\":\"https:\\\/\\\/urbeamea.ro\\\/albaiulia\\\/#\\\/schema\\\/person\\\/a115373ce8153754c6b084232d985956\"},\"headline\":\"3 MOMENTE PRE\u0162IOASE din via\u0163a COPILULUI pe care orice m\u0103mic\u0103 ar trebui s\u0103 le IMORTALIZEZE!\",\"datePublished\":\"2018-07-02T07:34:48+00:00\",\"mainEntityOfPage\":{\"@id\":\"https:\\\/\\\/urbeamea.ro\\\/albaiulia\\\/3-momente-pretioase-din-viata-copilului-pe-care-orice-mamica-ar-trebui-sa-le-imortalizeze\\\/\"},\"wordCount\":631,\"commentCount\":0,\"image\":{\"@id\":\"https:\\\/\\\/urbeamea.ro\\\/albaiulia\\\/3-momente-pretioase-din-viata-copilului-pe-care-orice-mamica-ar-trebui-sa-le-imortalizeze\\\/#primaryimage\"},\"thumbnailUrl\":\"https:\\\/\\\/urbeamea.ro\\\/albaiulia\\\/wp-content\\\/uploads\\\/2018\\\/07\\\/cover.jpg\",\"articleSection\":[\"\u015etiri Urbane\"],\"inLanguage\":\"ro-RO\",\"potentialAction\":[{\"@type\":\"CommentAction\",\"name\":\"Comment\",\"target\":[\"https:\\\/\\\/urbeamea.ro\\\/albaiulia\\\/3-momente-pretioase-din-viata-copilului-pe-care-orice-mamica-ar-trebui-sa-le-imortalizeze\\\/#respond\"]}]},{\"@type\":\"WebPage\",\"@id\":\"https:\\\/\\\/urbeamea.ro\\\/albaiulia\\\/3-momente-pretioase-din-viata-copilului-pe-care-orice-mamica-ar-trebui-sa-le-imortalizeze\\\/\",\"url\":\"https:\\\/\\\/urbeamea.ro\\\/albaiulia\\\/3-momente-pretioase-din-viata-copilului-pe-care-orice-mamica-ar-trebui-sa-le-imortalizeze\\\/\",\"name\":\"3 MOMENTE PRE\u0162IOASE din via\u0163a COPILULUI pe care orice m\u0103mic\u0103 ar trebui s\u0103 le IMORTALIZEZE! - Revista Urbea Mea - Revista de Alba\",\"isPartOf\":{\"@id\":\"https:\\\/\\\/urbeamea.ro\\\/albaiulia\\\/#website\"},\"primaryImageOfPage\":{\"@id\":\"https:\\\/\\\/urbeamea.ro\\\/albaiulia\\\/3-momente-pretioase-din-viata-copilului-pe-care-orice-mamica-ar-trebui-sa-le-imortalizeze\\\/#primaryimage\"},\"image\":{\"@id\":\"https:\\\/\\\/urbeamea.ro\\\/albaiulia\\\/3-momente-pretioase-din-viata-copilului-pe-care-orice-mamica-ar-trebui-sa-le-imortalizeze\\\/#primaryimage\"},\"thumbnailUrl\":\"https:\\\/\\\/urbeamea.ro\\\/albaiulia\\\/wp-content\\\/uploads\\\/2018\\\/07\\\/cover.jpg\",\"datePublished\":\"2018-07-02T07:34:48+00:00\",\"author\":{\"@id\":\"https:\\\/\\\/urbeamea.ro\\\/albaiulia\\\/#\\\/schema\\\/person\\\/a115373ce8153754c6b084232d985956\"},\"description\":\"Femeile, mai ales cele care se afl\u0103 la prima sarcin\u0103, sunt fascinate de schimb\u0103rile de natura fizic\u0103 ce se produc \u00een organismul lor odat\u0103 cu aflarea\",\"breadcrumb\":{\"@id\":\"https:\\\/\\\/urbeamea.ro\\\/albaiulia\\\/3-momente-pretioase-din-viata-copilului-pe-care-orice-mamica-ar-trebui-sa-le-imortalizeze\\\/#breadcrumb\"},\"inLanguage\":\"ro-RO\",\"potentialAction\":[{\"@type\":\"ReadAction\",\"target\":[\"https:\\\/\\\/urbeamea.ro\\\/albaiulia\\\/3-momente-pretioase-din-viata-copilului-pe-care-orice-mamica-ar-trebui-sa-le-imortalizeze\\\/\"]}]},{\"@type\":\"ImageObject\",\"inLanguage\":\"ro-RO\",\"@id\":\"https:\\\/\\\/urbeamea.ro\\\/albaiulia\\\/3-momente-pretioase-din-viata-copilului-pe-care-orice-mamica-ar-trebui-sa-le-imortalizeze\\\/#primaryimage\",\"url\":\"https:\\\/\\\/urbeamea.ro\\\/albaiulia\\\/wp-content\\\/uploads\\\/2018\\\/07\\\/cover.jpg\",\"contentUrl\":\"https:\\\/\\\/urbeamea.ro\\\/albaiulia\\\/wp-content\\\/uploads\\\/2018\\\/07\\\/cover.jpg\",\"width\":600,\"height\":375},{\"@type\":\"BreadcrumbList\",\"@id\":\"https:\\\/\\\/urbeamea.ro\\\/albaiulia\\\/3-momente-pretioase-din-viata-copilului-pe-care-orice-mamica-ar-trebui-sa-le-imortalizeze\\\/#breadcrumb\",\"itemListElement\":[{\"@type\":\"ListItem\",\"position\":1,\"name\":\"Prima pagin\u0103\",\"item\":\"https:\\\/\\\/urbeamea.ro\\\/albaiulia\\\/\"},{\"@type\":\"ListItem\",\"position\":2,\"name\":\"3 MOMENTE PRE\u0162IOASE din via\u0163a COPILULUI pe care orice m\u0103mic\u0103 ar trebui s\u0103 le IMORTALIZEZE!\"}]},{\"@type\":\"WebSite\",\"@id\":\"https:\\\/\\\/urbeamea.ro\\\/albaiulia\\\/#website\",\"url\":\"https:\\\/\\\/urbeamea.ro\\\/albaiulia\\\/\",\"name\":\"Revista Urbea Mea, Stiri urbane\",\"description\":\"Evenimente \u0219i \u0219tiri din Alba Iulia, Sebe\u0219, Aiud, Blaj\",\"potentialAction\":[{\"@type\":\"SearchAction\",\"target\":{\"@type\":\"EntryPoint\",\"urlTemplate\":\"https:\\\/\\\/urbeamea.ro\\\/albaiulia\\\/?s={search_term_string}\"},\"query-input\":{\"@type\":\"PropertyValueSpecification\",\"valueRequired\":true,\"valueName\":\"search_term_string\"}}],\"inLanguage\":\"ro-RO\"},{\"@type\":\"Person\",\"@id\":\"https:\\\/\\\/urbeamea.ro\\\/albaiulia\\\/#\\\/schema\\\/person\\\/a115373ce8153754c6b084232d985956\",\"name\":\"Bogdan P\u0103unescu\",\"image\":{\"@type\":\"ImageObject\",\"inLanguage\":\"ro-RO\",\"@id\":\"https:\\\/\\\/secure.gravatar.com\\\/avatar\\\/f72aa881b5a32ea110a53aabc2049429e3ff68fcb09d283722d01fbf330e9dd9?s=96&d=mm&r=g\",\"url\":\"https:\\\/\\\/secure.gravatar.com\\\/avatar\\\/f72aa881b5a32ea110a53aabc2049429e3ff68fcb09d283722d01fbf330e9dd9?s=96&d=mm&r=g\",\"contentUrl\":\"https:\\\/\\\/secure.gravatar.com\\\/avatar\\\/f72aa881b5a32ea110a53aabc2049429e3ff68fcb09d283722d01fbf330e9dd9?s=96&d=mm&r=g\",\"caption\":\"Bogdan P\u0103unescu\"},\"description\":\"\u00cemi place tot ceea ce este legat de web \u015fi ajut la dezvoltarea \u015fi \u00eembun\u0103t\u0103\u0163irea lui prin tot ceea ce fac.\",\"sameAs\":[\"https:\\\/\\\/www.artonmedia.ro\",\"https:\\\/\\\/www.facebook.com\\\/bogdanvpaunescu\"],\"url\":\"https:\\\/\\\/urbeamea.ro\\\/albaiulia\\\/author\\\/bogdan-paunescu\\\/\"}]}<\/script>\n<!-- \/ Yoast SEO plugin. -->","yoast_head_json":{"title":"3 MOMENTE PRE\u0162IOASE din via\u0163a COPILULUI pe care orice m\u0103mic\u0103 ar trebui s\u0103 le IMORTALIZEZE! - Revista Urbea Mea - Revista de Alba","description":"Femeile, mai ales cele care se afl\u0103 la prima sarcin\u0103, sunt fascinate de schimb\u0103rile de natura fizic\u0103 ce se produc \u00een organismul lor odat\u0103 cu aflarea","robots":{"index":"index","follow":"follow","max-snippet":"max-snippet:-1","max-image-preview":"max-image-preview:large","max-video-preview":"max-video-preview:-1"},"canonical":"https:\/\/urbeamea.ro\/albaiulia\/3-momente-pretioase-din-viata-copilului-pe-care-orice-mamica-ar-trebui-sa-le-imortalizeze\/","twitter_card":"summary_large_image","twitter_title":"3 MOMENTE PRE\u0162IOASE din via\u0163a COPILULUI pe care orice m\u0103mic\u0103 ar trebui s\u0103 le IMORTALIZEZE! - Revista Urbea Mea - Revista de Alba","twitter_description":"Femeile, mai ales cele care se afl\u0103 la prima sarcin\u0103, sunt fascinate de schimb\u0103rile de natura fizic\u0103 ce se produc \u00een organismul lor odat\u0103 cu aflarea","twitter_image":"https:\/\/urbeamea.ro\/albaiulia\/wp-content\/uploads\/2018\/07\/cover.jpg","twitter_creator":"@urbeameaweb","twitter_site":"@urbeameaweb","schema":{"@context":"https:\/\/schema.org","@graph":[{"@type":"Article","@id":"https:\/\/urbeamea.ro\/albaiulia\/3-momente-pretioase-din-viata-copilului-pe-care-orice-mamica-ar-trebui-sa-le-imortalizeze\/#article","isPartOf":{"@id":"https:\/\/urbeamea.ro\/albaiulia\/3-momente-pretioase-din-viata-copilului-pe-care-orice-mamica-ar-trebui-sa-le-imortalizeze\/"},"author":{"name":"Bogdan P\u0103unescu","@id":"https:\/\/urbeamea.ro\/albaiulia\/#\/schema\/person\/a115373ce8153754c6b084232d985956"},"headline":"3 MOMENTE PRE\u0162IOASE din via\u0163a COPILULUI pe care orice m\u0103mic\u0103 ar trebui s\u0103 le IMORTALIZEZE!","datePublished":"2018-07-02T07:34:48+00:00","mainEntityOfPage":{"@id":"https:\/\/urbeamea.ro\/albaiulia\/3-momente-pretioase-din-viata-copilului-pe-care-orice-mamica-ar-trebui-sa-le-imortalizeze\/"},"wordCount":631,"commentCount":0,"image":{"@id":"https:\/\/urbeamea.ro\/albaiulia\/3-momente-pretioase-din-viata-copilului-pe-care-orice-mamica-ar-trebui-sa-le-imortalizeze\/#primaryimage"},"thumbnailUrl":"https:\/\/urbeamea.ro\/albaiulia\/wp-content\/uploads\/2018\/07\/cover.jpg","articleSection":["\u015etiri Urbane"],"inLanguage":"ro-RO","potentialAction":[{"@type":"CommentAction","name":"Comment","target":["https:\/\/urbeamea.ro\/albaiulia\/3-momente-pretioase-din-viata-copilului-pe-care-orice-mamica-ar-trebui-sa-le-imortalizeze\/#respond"]}]},{"@type":"WebPage","@id":"https:\/\/urbeamea.ro\/albaiulia\/3-momente-pretioase-din-viata-copilului-pe-care-orice-mamica-ar-trebui-sa-le-imortalizeze\/","url":"https:\/\/urbeamea.ro\/albaiulia\/3-momente-pretioase-din-viata-copilului-pe-care-orice-mamica-ar-trebui-sa-le-imortalizeze\/","name":"3 MOMENTE PRE\u0162IOASE din via\u0163a COPILULUI pe care orice m\u0103mic\u0103 ar trebui s\u0103 le IMORTALIZEZE! - Revista Urbea Mea - Revista de Alba","isPartOf":{"@id":"https:\/\/urbeamea.ro\/albaiulia\/#website"},"primaryImageOfPage":{"@id":"https:\/\/urbeamea.ro\/albaiulia\/3-momente-pretioase-din-viata-copilului-pe-care-orice-mamica-ar-trebui-sa-le-imortalizeze\/#primaryimage"},"image":{"@id":"https:\/\/urbeamea.ro\/albaiulia\/3-momente-pretioase-din-viata-copilului-pe-care-orice-mamica-ar-trebui-sa-le-imortalizeze\/#primaryimage"},"thumbnailUrl":"https:\/\/urbeamea.ro\/albaiulia\/wp-content\/uploads\/2018\/07\/cover.jpg","datePublished":"2018-07-02T07:34:48+00:00","author":{"@id":"https:\/\/urbeamea.ro\/albaiulia\/#\/schema\/person\/a115373ce8153754c6b084232d985956"},"description":"Femeile, mai ales cele care se afl\u0103 la prima sarcin\u0103, sunt fascinate de schimb\u0103rile de natura fizic\u0103 ce se produc \u00een organismul lor odat\u0103 cu aflarea","breadcrumb":{"@id":"https:\/\/urbeamea.ro\/albaiulia\/3-momente-pretioase-din-viata-copilului-pe-care-orice-mamica-ar-trebui-sa-le-imortalizeze\/#breadcrumb"},"inLanguage":"ro-RO","potentialAction":[{"@type":"ReadAction","target":["https:\/\/urbeamea.ro\/albaiulia\/3-momente-pretioase-din-viata-copilului-pe-care-orice-mamica-ar-trebui-sa-le-imortalizeze\/"]}]},{"@type":"ImageObject","inLanguage":"ro-RO","@id":"https:\/\/urbeamea.ro\/albaiulia\/3-momente-pretioase-din-viata-copilului-pe-care-orice-mamica-ar-trebui-sa-le-imortalizeze\/#primaryimage","url":"https:\/\/urbeamea.ro\/albaiulia\/wp-content\/uploads\/2018\/07\/cover.jpg","contentUrl":"https:\/\/urbeamea.ro\/albaiulia\/wp-content\/uploads\/2018\/07\/cover.jpg","width":600,"height":375},{"@type":"BreadcrumbList","@id":"https:\/\/urbeamea.ro\/albaiulia\/3-momente-pretioase-din-viata-copilului-pe-care-orice-mamica-ar-trebui-sa-le-imortalizeze\/#breadcrumb","itemListElement":[{"@type":"ListItem","position":1,"name":"Prima pagin\u0103","item":"https:\/\/urbeamea.ro\/albaiulia\/"},{"@type":"ListItem","position":2,"name":"3 MOMENTE PRE\u0162IOASE din via\u0163a COPILULUI pe care orice m\u0103mic\u0103 ar trebui s\u0103 le IMORTALIZEZE!"}]},{"@type":"WebSite","@id":"https:\/\/urbeamea.ro\/albaiulia\/#website","url":"https:\/\/urbeamea.ro\/albaiulia\/","name":"Revista Urbea Mea, Stiri urbane","description":"Evenimente \u0219i \u0219tiri din Alba Iulia, Sebe\u0219, Aiud, Blaj","potentialAction":[{"@type":"SearchAction","target":{"@type":"EntryPoint","urlTemplate":"https:\/\/urbeamea.ro\/albaiulia\/?s={search_term_string}"},"query-input":{"@type":"PropertyValueSpecification","valueRequired":true,"valueName":"search_term_string"}}],"inLanguage":"ro-RO"},{"@type":"Person","@id":"https:\/\/urbeamea.ro\/albaiulia\/#\/schema\/person\/a115373ce8153754c6b084232d985956","name":"Bogdan P\u0103unescu","image":{"@type":"ImageObject","inLanguage":"ro-RO","@id":"https:\/\/secure.gravatar.com\/avatar\/f72aa881b5a32ea110a53aabc2049429e3ff68fcb09d283722d01fbf330e9dd9?s=96&d=mm&r=g","url":"https:\/\/secure.gravatar.com\/avatar\/f72aa881b5a32ea110a53aabc2049429e3ff68fcb09d283722d01fbf330e9dd9?s=96&d=mm&r=g","contentUrl":"https:\/\/secure.gravatar.com\/avatar\/f72aa881b5a32ea110a53aabc2049429e3ff68fcb09d283722d01fbf330e9dd9?s=96&d=mm&r=g","caption":"Bogdan P\u0103unescu"},"description":"\u00cemi place tot ceea ce este legat de web \u015fi ajut la dezvoltarea \u015fi \u00eembun\u0103t\u0103\u0163irea lui prin tot ceea ce fac.","sameAs":["https:\/\/www.artonmedia.ro","https:\/\/www.facebook.com\/bogdanvpaunescu"],"url":"https:\/\/urbeamea.ro\/albaiulia\/author\/bogdan-paunescu\/"}]}},"_links":{"self":[{"href":"https:\/\/urbeamea.ro\/albaiulia\/wp-json\/wp\/v2\/posts\/65359","targetHints":{"allow":["GET"]}}],"collection":[{"href":"https:\/\/urbeamea.ro\/albaiulia\/wp-json\/wp\/v2\/posts"}],"about":[{"href":"https:\/\/urbeamea.ro\/albaiulia\/wp-json\/wp\/v2\/types\/post"}],"author":[{"embeddable":true,"href":"https:\/\/urbeamea.ro\/albaiulia\/wp-json\/wp\/v2\/users\/5"}],"replies":[{"embeddable":true,"href":"https:\/\/urbeamea.ro\/albaiulia\/wp-json\/wp\/v2\/comments?post=65359"}],"version-history":[{"count":0,"href":"https:\/\/urbeamea.ro\/albaiulia\/wp-json\/wp\/v2\/posts\/65359\/revisions"}],"wp:featuredmedia":[{"embeddable":true,"href":"https:\/\/urbeamea.ro\/albaiulia\/wp-json\/wp\/v2\/media\/65361"}],"wp:attachment":[{"href":"https:\/\/urbeamea.ro\/albaiulia\/wp-json\/wp\/v2\/media?parent=65359"}],"wp:term":[{"taxonomy":"category","embeddable":true,"href":"https:\/\/urbeamea.ro\/albaiulia\/wp-json\/wp\/v2\/categories?post=65359"},{"taxonomy":"post_tag","embeddable":true,"href":"https:\/\/urbeamea.ro\/albaiulia\/wp-json\/wp\/v2\/tags?post=65359"}],"curies":[{"name":"wp","href":"https:\/\/api.w.org\/{rel}","templated":true}]}}