{"id":65364,"date":"2018-07-02T16:31:39","date_gmt":"2018-07-02T13:31:39","guid":{"rendered":"https:\/\/urbeamea.ro\/albaiulia\/?p=65364"},"modified":"2018-07-02T16:32:10","modified_gmt":"2018-07-02T13:32:10","slug":"foto-donatie-din-partea-biciclistilor-prezenti-la-actiunea-pedalam-pentru-romania-la-adapostul-de-noapte-din-gara-cfr-alba-iulia","status":"publish","type":"post","link":"https:\/\/urbeamea.ro\/albaiulia\/foto-donatie-din-partea-biciclistilor-prezenti-la-actiunea-pedalam-pentru-romania-la-adapostul-de-noapte-din-gara-cfr-alba-iulia\/","title":{"rendered":"FOTO: Dona\u021bie din partea bicicli\u0219tilor prezen\u021bi la ac\u021biunea ,,Pedal\u0103m pentru Rom\u00e2nia\u201d la Ad\u0103postul de noapte din Gara CFR Alba Iulia"},"content":{"rendered":"<p><strong>A\u0219ez\u0103m\u00e2ntul social ,,Filantropia Ortodox\u0103 din Gara CFR Alba Iulia: Ad\u0103post de noapte a primit la sf\u00e2r\u0219itul s\u0103pt\u0103m\u00e2nii trecute o important\u0103 dona\u021bie din partea bicicli\u0219tilor care au pedalat \u00een cadrul ac\u021biunii intitulat\u0103 \u201ePedal\u0103m pentru Rom\u00e2nia\u201d. Mar\u0219ul bicicli\u0219tilor a fost dedicat Centenarului Marii Uniri \u0219i la el au participat bicicli\u0219ti din toat\u0103 \u021bara. <\/strong><\/p>\n<p>Cei aproximativ 250 de bicicli\u0219ti au pornit \u00een data de 26 iunie din Bucure\u0219ti, Ia\u0219i, Timi\u0219oara \u0219i Drobeta Turnu Severin \u0219i au ajuns la Alba Iulia \u00een 30 iunie. Ace\u0219tia au beneficiat pe durata mar\u0219ului ciclist de ap\u0103, sucuri, dulciuri, iaurturi, fructe \u0219i snacksuri iar produsele pe care nu le-au consumat au fost donate ad\u0103postului de noapte din Gara CFR Alba Iulia.<\/p>\n<blockquote><p>,,Av\u00e2nd \u00een vedere c\u0103 am primit din partea bicicli\u0219tilor o cantitate mare de alimente, ap\u0103 \u0219i sucuri ne-am g\u00e2ndit s\u0103 oferim din produse \u0219i altor centre sociale din Alba Iulia, deoarece dar din dar se face rai. Printre acestea se num\u0103r\u0103 Serviciul socio-medical de \u00eengrijire la domiciliu a persoanelor v\u00e2rstnice din Alba Iulia care are \u00een grij\u0103 aproximativ 30 de v\u00e2rstnici. Vreau s\u0103 mul\u021bumesc membrilor Asocia\u021biei sportive Cu bicicleta departe din localitatea Voluntari, jude\u021bul Ilfov, deoarece \u0219i-au folosit bicicletele nu doar spre pl\u0103cerea personal\u0103, ci s-au pus \u00een slujba aproapelui.\u00a0De aceea a\u0219 dori ca fiecare dintre noi s\u0103 reu\u0219im ca \u00eemplinirea personal\u0103 s-o transform\u0103m \u00een bucuria aproapelui,\u00a0ca bucuria s\u0103 fie deplin\u0103\u201d, a spus p\u0103rintele coordonator Petru One\u021b.<\/p><\/blockquote>\n<p>La ad\u0103postul de noapte din Alba Iulia au fost g\u0103zduite \u00een ultima perioad\u0103 \u00eentre 39 \u0219i 44 de persoane f\u0103r\u0103 ad\u0103post.<\/p>\n<p>A\u0219ez\u0103m\u00e2ntul social ,,Filantropia Ortodox\u0103 din Gara CFR Alba Iulia: Ad\u0103post de noapte are o capacitate de 50 de locuri. Beneficiari ai centrului sunt persoane f\u0103r\u0103 ad\u0103post identificate pe strad\u0103 sau \u00een g\u0103ri. Acestora li se ofer\u0103 servicii de primire, g\u0103zduire temporar\u0103 \u015fi cantin\u0103 social\u0103, \u00eengrijire \u0219i igienizare. De asemenea, persoanele g\u0103zduite aici primesc \u0219i consiliere, suport emo\u0163ional, sunt informate \u0219i orientate pentru a se putea integra socio \u2013 profesional. Beneficiarii sunt \u00eenso\u0163i\u021bi pentru ob\u0163inerea unor documente \u015fi acte de identitate sau stare civil\u0103, primesc ajutor material, \u00eembr\u0103c\u0103minte \u0219i asisten\u0163\u0103 moral \u2013 religioas\u0103.<\/p>\n<p>Ad\u0103postul de noapte a fost \u00eenfiin\u0163at \u00een 2008 \u0219i func\u0163ioneaz\u0103 pe baza parteneriatului dintre Consiliul Local Alba Iulia prin Direc\u0163ia de Asisten\u0163\u0103 Social\u0103, Consiliul Jude\u0163ean Alba prin Direc\u021bia General\u0103 de Asisten\u021b\u0103 Social\u0103 \u0219i Protec\u021bia Copilului Alba \u015fi Asocia\u0163ia Filantropia Ortodox\u0103 Alba Iulia.<\/p>\n<p><em>Biroul de Pres\u0103 al Asocia\u0163iei Filantropia Ortodox\u0103 Alba Iulia<\/em><\/p>\n","protected":false},"excerpt":{"rendered":"<p>A\u0219ez\u0103m\u00e2ntul social ,,Filantropia Ortodox\u0103 din Gara CFR Alba Iulia: Ad\u0103post de noapte a primit la sf\u00e2r\u0219itul s\u0103pt\u0103m\u00e2nii trecute o important\u0103 dona\u021bie din partea bicicli\u0219tilor care au pedalat \u00een cadrul ac\u021biunii intitulat\u0103 \u201ePedal\u0103m pentru Rom\u00e2nia\u201d. Mar\u0219ul bicicli\u0219tilor a fost dedicat Centenarului Marii Uniri \u0219i la el au participat bicicli\u0219ti din toat\u0103 \u021bara. Cei aproximativ 250 de &hellip;<\/p>\n","protected":false},"author":17,"featured_media":65365,"comment_status":"open","ping_status":"open","sticky":false,"template":"","format":"standard","meta":{"inline_featured_image":false,"footnotes":""},"categories":[2034],"tags":[31,6048,7649,15665,15664,308,76],"class_list":["post-65364","post","type-post","status-publish","format-standard","has-post-thumbnail","hentry","category-social","tag-alba-iulia","tag-biciclisti","tag-donatie","tag-marsul-biciclistilor","tag-pedalam-pentru-romania","tag-stiri","tag-urbea-mea"],"yoast_head":"<!-- This site is optimized with the Yoast SEO plugin v27.4 - https:\/\/yoast.com\/product\/yoast-seo-wordpress\/ -->\n<title>FOTO: Dona\u021bie din partea bicicli\u0219tilor prezen\u021bi la ac\u021biunea ,,Pedal\u0103m pentru Rom\u00e2nia\u201d la Ad\u0103postul de noapte din Gara CFR Alba Iulia - Revista Urbea Mea - Revista de Alba<\/title>\n<meta name=\"description\" content=\"A\u0219ez\u0103m\u00e2ntul social ,,Filantropia Ortodox\u0103 din Gara CFR Alba Iulia: Ad\u0103post de noapte a primit la sf\u00e2r\u0219itul s\u0103pt\u0103m\u00e2nii trecute o important\u0103 dona\u021bie din\" \/>\n<meta name=\"robots\" content=\"index, follow, max-snippet:-1, max-image-preview:large, max-video-preview:-1\" \/>\n<link rel=\"canonical\" href=\"https:\/\/urbeamea.ro\/albaiulia\/foto-donatie-din-partea-biciclistilor-prezenti-la-actiunea-pedalam-pentru-romania-la-adapostul-de-noapte-din-gara-cfr-alba-iulia\/\" \/>\n<meta name=\"twitter:card\" content=\"summary_large_image\" \/>\n<meta name=\"twitter:title\" content=\"FOTO: Dona\u021bie din partea bicicli\u0219tilor prezen\u021bi la ac\u021biunea ,,Pedal\u0103m pentru Rom\u00e2nia\u201d la Ad\u0103postul de noapte din Gara CFR Alba Iulia - Revista Urbea Mea - Revista de Alba\" \/>\n<meta name=\"twitter:description\" content=\"A\u0219ez\u0103m\u00e2ntul social ,,Filantropia Ortodox\u0103 din Gara CFR Alba Iulia: Ad\u0103post de noapte a primit la sf\u00e2r\u0219itul s\u0103pt\u0103m\u00e2nii trecute o important\u0103 dona\u021bie din\" \/>\n<meta name=\"twitter:image\" content=\"https:\/\/urbeamea.ro\/albaiulia\/wp-content\/uploads\/2018\/07\/IMG-20180702-WA0000.jpg\" \/>\n<meta name=\"twitter:creator\" content=\"@urbeameaweb\" \/>\n<meta name=\"twitter:site\" content=\"@urbeameaweb\" \/>\n<script type=\"application\/ld+json\" class=\"yoast-schema-graph\">{\"@context\":\"https:\\\/\\\/schema.org\",\"@graph\":[{\"@type\":\"Article\",\"@id\":\"https:\\\/\\\/urbeamea.ro\\\/albaiulia\\\/foto-donatie-din-partea-biciclistilor-prezenti-la-actiunea-pedalam-pentru-romania-la-adapostul-de-noapte-din-gara-cfr-alba-iulia\\\/#article\",\"isPartOf\":{\"@id\":\"https:\\\/\\\/urbeamea.ro\\\/albaiulia\\\/foto-donatie-din-partea-biciclistilor-prezenti-la-actiunea-pedalam-pentru-romania-la-adapostul-de-noapte-din-gara-cfr-alba-iulia\\\/\"},\"author\":{\"name\":\"Cristina Ganga\",\"@id\":\"https:\\\/\\\/urbeamea.ro\\\/albaiulia\\\/#\\\/schema\\\/person\\\/9700d21fae21c4f038b0b56f4506264a\"},\"headline\":\"FOTO: Dona\u021bie din partea bicicli\u0219tilor prezen\u021bi la ac\u021biunea ,,Pedal\u0103m pentru Rom\u00e2nia\u201d la Ad\u0103postul de noapte din Gara CFR Alba Iulia\",\"datePublished\":\"2018-07-02T13:31:39+00:00\",\"dateModified\":\"2018-07-02T13:32:10+00:00\",\"mainEntityOfPage\":{\"@id\":\"https:\\\/\\\/urbeamea.ro\\\/albaiulia\\\/foto-donatie-din-partea-biciclistilor-prezenti-la-actiunea-pedalam-pentru-romania-la-adapostul-de-noapte-din-gara-cfr-alba-iulia\\\/\"},\"wordCount\":478,\"commentCount\":0,\"image\":{\"@id\":\"https:\\\/\\\/urbeamea.ro\\\/albaiulia\\\/foto-donatie-din-partea-biciclistilor-prezenti-la-actiunea-pedalam-pentru-romania-la-adapostul-de-noapte-din-gara-cfr-alba-iulia\\\/#primaryimage\"},\"thumbnailUrl\":\"https:\\\/\\\/urbeamea.ro\\\/albaiulia\\\/wp-content\\\/uploads\\\/2018\\\/07\\\/IMG-20180702-WA0000.jpg\",\"keywords\":[\"Alba Iulia\",\"biciclisti\",\"donatie\",\"marsul biciclistilor\",\"pedalam pentru romania\",\"stiri\",\"Urbea Mea\"],\"articleSection\":[\"Social\"],\"inLanguage\":\"ro-RO\",\"potentialAction\":[{\"@type\":\"CommentAction\",\"name\":\"Comment\",\"target\":[\"https:\\\/\\\/urbeamea.ro\\\/albaiulia\\\/foto-donatie-din-partea-biciclistilor-prezenti-la-actiunea-pedalam-pentru-romania-la-adapostul-de-noapte-din-gara-cfr-alba-iulia\\\/#respond\"]}]},{\"@type\":\"WebPage\",\"@id\":\"https:\\\/\\\/urbeamea.ro\\\/albaiulia\\\/foto-donatie-din-partea-biciclistilor-prezenti-la-actiunea-pedalam-pentru-romania-la-adapostul-de-noapte-din-gara-cfr-alba-iulia\\\/\",\"url\":\"https:\\\/\\\/urbeamea.ro\\\/albaiulia\\\/foto-donatie-din-partea-biciclistilor-prezenti-la-actiunea-pedalam-pentru-romania-la-adapostul-de-noapte-din-gara-cfr-alba-iulia\\\/\",\"name\":\"FOTO: Dona\u021bie din partea bicicli\u0219tilor prezen\u021bi la ac\u021biunea ,,Pedal\u0103m pentru Rom\u00e2nia\u201d la Ad\u0103postul de noapte din Gara CFR Alba Iulia - Revista Urbea Mea - Revista de Alba\",\"isPartOf\":{\"@id\":\"https:\\\/\\\/urbeamea.ro\\\/albaiulia\\\/#website\"},\"primaryImageOfPage\":{\"@id\":\"https:\\\/\\\/urbeamea.ro\\\/albaiulia\\\/foto-donatie-din-partea-biciclistilor-prezenti-la-actiunea-pedalam-pentru-romania-la-adapostul-de-noapte-din-gara-cfr-alba-iulia\\\/#primaryimage\"},\"image\":{\"@id\":\"https:\\\/\\\/urbeamea.ro\\\/albaiulia\\\/foto-donatie-din-partea-biciclistilor-prezenti-la-actiunea-pedalam-pentru-romania-la-adapostul-de-noapte-din-gara-cfr-alba-iulia\\\/#primaryimage\"},\"thumbnailUrl\":\"https:\\\/\\\/urbeamea.ro\\\/albaiulia\\\/wp-content\\\/uploads\\\/2018\\\/07\\\/IMG-20180702-WA0000.jpg\",\"datePublished\":\"2018-07-02T13:31:39+00:00\",\"dateModified\":\"2018-07-02T13:32:10+00:00\",\"author\":{\"@id\":\"https:\\\/\\\/urbeamea.ro\\\/albaiulia\\\/#\\\/schema\\\/person\\\/9700d21fae21c4f038b0b56f4506264a\"},\"description\":\"A\u0219ez\u0103m\u00e2ntul social ,,Filantropia Ortodox\u0103 din Gara CFR Alba Iulia: Ad\u0103post de noapte a primit la sf\u00e2r\u0219itul s\u0103pt\u0103m\u00e2nii trecute o important\u0103 dona\u021bie din\",\"breadcrumb\":{\"@id\":\"https:\\\/\\\/urbeamea.ro\\\/albaiulia\\\/foto-donatie-din-partea-biciclistilor-prezenti-la-actiunea-pedalam-pentru-romania-la-adapostul-de-noapte-din-gara-cfr-alba-iulia\\\/#breadcrumb\"},\"inLanguage\":\"ro-RO\",\"potentialAction\":[{\"@type\":\"ReadAction\",\"target\":[\"https:\\\/\\\/urbeamea.ro\\\/albaiulia\\\/foto-donatie-din-partea-biciclistilor-prezenti-la-actiunea-pedalam-pentru-romania-la-adapostul-de-noapte-din-gara-cfr-alba-iulia\\\/\"]}]},{\"@type\":\"ImageObject\",\"inLanguage\":\"ro-RO\",\"@id\":\"https:\\\/\\\/urbeamea.ro\\\/albaiulia\\\/foto-donatie-din-partea-biciclistilor-prezenti-la-actiunea-pedalam-pentru-romania-la-adapostul-de-noapte-din-gara-cfr-alba-iulia\\\/#primaryimage\",\"url\":\"https:\\\/\\\/urbeamea.ro\\\/albaiulia\\\/wp-content\\\/uploads\\\/2018\\\/07\\\/IMG-20180702-WA0000.jpg\",\"contentUrl\":\"https:\\\/\\\/urbeamea.ro\\\/albaiulia\\\/wp-content\\\/uploads\\\/2018\\\/07\\\/IMG-20180702-WA0000.jpg\",\"width\":1600,\"height\":1200},{\"@type\":\"BreadcrumbList\",\"@id\":\"https:\\\/\\\/urbeamea.ro\\\/albaiulia\\\/foto-donatie-din-partea-biciclistilor-prezenti-la-actiunea-pedalam-pentru-romania-la-adapostul-de-noapte-din-gara-cfr-alba-iulia\\\/#breadcrumb\",\"itemListElement\":[{\"@type\":\"ListItem\",\"position\":1,\"name\":\"Prima pagin\u0103\",\"item\":\"https:\\\/\\\/urbeamea.ro\\\/albaiulia\\\/\"},{\"@type\":\"ListItem\",\"position\":2,\"name\":\"FOTO: Dona\u021bie din partea bicicli\u0219tilor prezen\u021bi la ac\u021biunea ,,Pedal\u0103m pentru Rom\u00e2nia\u201d la Ad\u0103postul de noapte din Gara CFR Alba Iulia\"}]},{\"@type\":\"WebSite\",\"@id\":\"https:\\\/\\\/urbeamea.ro\\\/albaiulia\\\/#website\",\"url\":\"https:\\\/\\\/urbeamea.ro\\\/albaiulia\\\/\",\"name\":\"Revista Urbea Mea, Stiri urbane\",\"description\":\"Evenimente \u0219i \u0219tiri din Alba Iulia, Sebe\u0219, Aiud, Blaj\",\"potentialAction\":[{\"@type\":\"SearchAction\",\"target\":{\"@type\":\"EntryPoint\",\"urlTemplate\":\"https:\\\/\\\/urbeamea.ro\\\/albaiulia\\\/?s={search_term_string}\"},\"query-input\":{\"@type\":\"PropertyValueSpecification\",\"valueRequired\":true,\"valueName\":\"search_term_string\"}}],\"inLanguage\":\"ro-RO\"},{\"@type\":\"Person\",\"@id\":\"https:\\\/\\\/urbeamea.ro\\\/albaiulia\\\/#\\\/schema\\\/person\\\/9700d21fae21c4f038b0b56f4506264a\",\"name\":\"Cristina Ganga\",\"image\":{\"@type\":\"ImageObject\",\"inLanguage\":\"ro-RO\",\"@id\":\"https:\\\/\\\/secure.gravatar.com\\\/avatar\\\/5a67661041f057b4a8ccaf26f5a8e86e2689372006d01faf3dd9eeb10b654bb4?s=96&d=mm&r=g\",\"url\":\"https:\\\/\\\/secure.gravatar.com\\\/avatar\\\/5a67661041f057b4a8ccaf26f5a8e86e2689372006d01faf3dd9eeb10b654bb4?s=96&d=mm&r=g\",\"contentUrl\":\"https:\\\/\\\/secure.gravatar.com\\\/avatar\\\/5a67661041f057b4a8ccaf26f5a8e86e2689372006d01faf3dd9eeb10b654bb4?s=96&d=mm&r=g\",\"caption\":\"Cristina Ganga\"},\"description\":\"Jurnalist\",\"sameAs\":[\"https:\\\/\\\/www.facebook.com\\\/cristina.nicola.587\"],\"url\":\"https:\\\/\\\/urbeamea.ro\\\/albaiulia\\\/author\\\/cristina-nicola\\\/\"}]}<\/script>\n<!-- \/ Yoast SEO plugin. -->","yoast_head_json":{"title":"FOTO: Dona\u021bie din partea bicicli\u0219tilor prezen\u021bi la ac\u021biunea ,,Pedal\u0103m pentru Rom\u00e2nia\u201d la Ad\u0103postul de noapte din Gara CFR Alba Iulia - Revista Urbea Mea - Revista de Alba","description":"A\u0219ez\u0103m\u00e2ntul social ,,Filantropia Ortodox\u0103 din Gara CFR Alba Iulia: Ad\u0103post de noapte a primit la sf\u00e2r\u0219itul s\u0103pt\u0103m\u00e2nii trecute o important\u0103 dona\u021bie din","robots":{"index":"index","follow":"follow","max-snippet":"max-snippet:-1","max-image-preview":"max-image-preview:large","max-video-preview":"max-video-preview:-1"},"canonical":"https:\/\/urbeamea.ro\/albaiulia\/foto-donatie-din-partea-biciclistilor-prezenti-la-actiunea-pedalam-pentru-romania-la-adapostul-de-noapte-din-gara-cfr-alba-iulia\/","twitter_card":"summary_large_image","twitter_title":"FOTO: Dona\u021bie din partea bicicli\u0219tilor prezen\u021bi la ac\u021biunea ,,Pedal\u0103m pentru Rom\u00e2nia\u201d la Ad\u0103postul de noapte din Gara CFR Alba Iulia - Revista Urbea Mea - Revista de Alba","twitter_description":"A\u0219ez\u0103m\u00e2ntul social ,,Filantropia Ortodox\u0103 din Gara CFR Alba Iulia: Ad\u0103post de noapte a primit la sf\u00e2r\u0219itul s\u0103pt\u0103m\u00e2nii trecute o important\u0103 dona\u021bie din","twitter_image":"https:\/\/urbeamea.ro\/albaiulia\/wp-content\/uploads\/2018\/07\/IMG-20180702-WA0000.jpg","twitter_creator":"@urbeameaweb","twitter_site":"@urbeameaweb","schema":{"@context":"https:\/\/schema.org","@graph":[{"@type":"Article","@id":"https:\/\/urbeamea.ro\/albaiulia\/foto-donatie-din-partea-biciclistilor-prezenti-la-actiunea-pedalam-pentru-romania-la-adapostul-de-noapte-din-gara-cfr-alba-iulia\/#article","isPartOf":{"@id":"https:\/\/urbeamea.ro\/albaiulia\/foto-donatie-din-partea-biciclistilor-prezenti-la-actiunea-pedalam-pentru-romania-la-adapostul-de-noapte-din-gara-cfr-alba-iulia\/"},"author":{"name":"Cristina Ganga","@id":"https:\/\/urbeamea.ro\/albaiulia\/#\/schema\/person\/9700d21fae21c4f038b0b56f4506264a"},"headline":"FOTO: Dona\u021bie din partea bicicli\u0219tilor prezen\u021bi la ac\u021biunea ,,Pedal\u0103m pentru Rom\u00e2nia\u201d la Ad\u0103postul de noapte din Gara CFR Alba Iulia","datePublished":"2018-07-02T13:31:39+00:00","dateModified":"2018-07-02T13:32:10+00:00","mainEntityOfPage":{"@id":"https:\/\/urbeamea.ro\/albaiulia\/foto-donatie-din-partea-biciclistilor-prezenti-la-actiunea-pedalam-pentru-romania-la-adapostul-de-noapte-din-gara-cfr-alba-iulia\/"},"wordCount":478,"commentCount":0,"image":{"@id":"https:\/\/urbeamea.ro\/albaiulia\/foto-donatie-din-partea-biciclistilor-prezenti-la-actiunea-pedalam-pentru-romania-la-adapostul-de-noapte-din-gara-cfr-alba-iulia\/#primaryimage"},"thumbnailUrl":"https:\/\/urbeamea.ro\/albaiulia\/wp-content\/uploads\/2018\/07\/IMG-20180702-WA0000.jpg","keywords":["Alba Iulia","biciclisti","donatie","marsul biciclistilor","pedalam pentru romania","stiri","Urbea Mea"],"articleSection":["Social"],"inLanguage":"ro-RO","potentialAction":[{"@type":"CommentAction","name":"Comment","target":["https:\/\/urbeamea.ro\/albaiulia\/foto-donatie-din-partea-biciclistilor-prezenti-la-actiunea-pedalam-pentru-romania-la-adapostul-de-noapte-din-gara-cfr-alba-iulia\/#respond"]}]},{"@type":"WebPage","@id":"https:\/\/urbeamea.ro\/albaiulia\/foto-donatie-din-partea-biciclistilor-prezenti-la-actiunea-pedalam-pentru-romania-la-adapostul-de-noapte-din-gara-cfr-alba-iulia\/","url":"https:\/\/urbeamea.ro\/albaiulia\/foto-donatie-din-partea-biciclistilor-prezenti-la-actiunea-pedalam-pentru-romania-la-adapostul-de-noapte-din-gara-cfr-alba-iulia\/","name":"FOTO: Dona\u021bie din partea bicicli\u0219tilor prezen\u021bi la ac\u021biunea ,,Pedal\u0103m pentru Rom\u00e2nia\u201d la Ad\u0103postul de noapte din Gara CFR Alba Iulia - Revista Urbea Mea - Revista de Alba","isPartOf":{"@id":"https:\/\/urbeamea.ro\/albaiulia\/#website"},"primaryImageOfPage":{"@id":"https:\/\/urbeamea.ro\/albaiulia\/foto-donatie-din-partea-biciclistilor-prezenti-la-actiunea-pedalam-pentru-romania-la-adapostul-de-noapte-din-gara-cfr-alba-iulia\/#primaryimage"},"image":{"@id":"https:\/\/urbeamea.ro\/albaiulia\/foto-donatie-din-partea-biciclistilor-prezenti-la-actiunea-pedalam-pentru-romania-la-adapostul-de-noapte-din-gara-cfr-alba-iulia\/#primaryimage"},"thumbnailUrl":"https:\/\/urbeamea.ro\/albaiulia\/wp-content\/uploads\/2018\/07\/IMG-20180702-WA0000.jpg","datePublished":"2018-07-02T13:31:39+00:00","dateModified":"2018-07-02T13:32:10+00:00","author":{"@id":"https:\/\/urbeamea.ro\/albaiulia\/#\/schema\/person\/9700d21fae21c4f038b0b56f4506264a"},"description":"A\u0219ez\u0103m\u00e2ntul social ,,Filantropia Ortodox\u0103 din Gara CFR Alba Iulia: Ad\u0103post de noapte a primit la sf\u00e2r\u0219itul s\u0103pt\u0103m\u00e2nii trecute o important\u0103 dona\u021bie din","breadcrumb":{"@id":"https:\/\/urbeamea.ro\/albaiulia\/foto-donatie-din-partea-biciclistilor-prezenti-la-actiunea-pedalam-pentru-romania-la-adapostul-de-noapte-din-gara-cfr-alba-iulia\/#breadcrumb"},"inLanguage":"ro-RO","potentialAction":[{"@type":"ReadAction","target":["https:\/\/urbeamea.ro\/albaiulia\/foto-donatie-din-partea-biciclistilor-prezenti-la-actiunea-pedalam-pentru-romania-la-adapostul-de-noapte-din-gara-cfr-alba-iulia\/"]}]},{"@type":"ImageObject","inLanguage":"ro-RO","@id":"https:\/\/urbeamea.ro\/albaiulia\/foto-donatie-din-partea-biciclistilor-prezenti-la-actiunea-pedalam-pentru-romania-la-adapostul-de-noapte-din-gara-cfr-alba-iulia\/#primaryimage","url":"https:\/\/urbeamea.ro\/albaiulia\/wp-content\/uploads\/2018\/07\/IMG-20180702-WA0000.jpg","contentUrl":"https:\/\/urbeamea.ro\/albaiulia\/wp-content\/uploads\/2018\/07\/IMG-20180702-WA0000.jpg","width":1600,"height":1200},{"@type":"BreadcrumbList","@id":"https:\/\/urbeamea.ro\/albaiulia\/foto-donatie-din-partea-biciclistilor-prezenti-la-actiunea-pedalam-pentru-romania-la-adapostul-de-noapte-din-gara-cfr-alba-iulia\/#breadcrumb","itemListElement":[{"@type":"ListItem","position":1,"name":"Prima pagin\u0103","item":"https:\/\/urbeamea.ro\/albaiulia\/"},{"@type":"ListItem","position":2,"name":"FOTO: Dona\u021bie din partea bicicli\u0219tilor prezen\u021bi la ac\u021biunea ,,Pedal\u0103m pentru Rom\u00e2nia\u201d la Ad\u0103postul de noapte din Gara CFR Alba Iulia"}]},{"@type":"WebSite","@id":"https:\/\/urbeamea.ro\/albaiulia\/#website","url":"https:\/\/urbeamea.ro\/albaiulia\/","name":"Revista Urbea Mea, Stiri urbane","description":"Evenimente \u0219i \u0219tiri din Alba Iulia, Sebe\u0219, Aiud, Blaj","potentialAction":[{"@type":"SearchAction","target":{"@type":"EntryPoint","urlTemplate":"https:\/\/urbeamea.ro\/albaiulia\/?s={search_term_string}"},"query-input":{"@type":"PropertyValueSpecification","valueRequired":true,"valueName":"search_term_string"}}],"inLanguage":"ro-RO"},{"@type":"Person","@id":"https:\/\/urbeamea.ro\/albaiulia\/#\/schema\/person\/9700d21fae21c4f038b0b56f4506264a","name":"Cristina Ganga","image":{"@type":"ImageObject","inLanguage":"ro-RO","@id":"https:\/\/secure.gravatar.com\/avatar\/5a67661041f057b4a8ccaf26f5a8e86e2689372006d01faf3dd9eeb10b654bb4?s=96&d=mm&r=g","url":"https:\/\/secure.gravatar.com\/avatar\/5a67661041f057b4a8ccaf26f5a8e86e2689372006d01faf3dd9eeb10b654bb4?s=96&d=mm&r=g","contentUrl":"https:\/\/secure.gravatar.com\/avatar\/5a67661041f057b4a8ccaf26f5a8e86e2689372006d01faf3dd9eeb10b654bb4?s=96&d=mm&r=g","caption":"Cristina Ganga"},"description":"Jurnalist","sameAs":["https:\/\/www.facebook.com\/cristina.nicola.587"],"url":"https:\/\/urbeamea.ro\/albaiulia\/author\/cristina-nicola\/"}]}},"_links":{"self":[{"href":"https:\/\/urbeamea.ro\/albaiulia\/wp-json\/wp\/v2\/posts\/65364","targetHints":{"allow":["GET"]}}],"collection":[{"href":"https:\/\/urbeamea.ro\/albaiulia\/wp-json\/wp\/v2\/posts"}],"about":[{"href":"https:\/\/urbeamea.ro\/albaiulia\/wp-json\/wp\/v2\/types\/post"}],"author":[{"embeddable":true,"href":"https:\/\/urbeamea.ro\/albaiulia\/wp-json\/wp\/v2\/users\/17"}],"replies":[{"embeddable":true,"href":"https:\/\/urbeamea.ro\/albaiulia\/wp-json\/wp\/v2\/comments?post=65364"}],"version-history":[{"count":0,"href":"https:\/\/urbeamea.ro\/albaiulia\/wp-json\/wp\/v2\/posts\/65364\/revisions"}],"wp:featuredmedia":[{"embeddable":true,"href":"https:\/\/urbeamea.ro\/albaiulia\/wp-json\/wp\/v2\/media\/65365"}],"wp:attachment":[{"href":"https:\/\/urbeamea.ro\/albaiulia\/wp-json\/wp\/v2\/media?parent=65364"}],"wp:term":[{"taxonomy":"category","embeddable":true,"href":"https:\/\/urbeamea.ro\/albaiulia\/wp-json\/wp\/v2\/categories?post=65364"},{"taxonomy":"post_tag","embeddable":true,"href":"https:\/\/urbeamea.ro\/albaiulia\/wp-json\/wp\/v2\/tags?post=65364"}],"curies":[{"name":"wp","href":"https:\/\/api.w.org\/{rel}","templated":true}]}}