{"id":65417,"date":"2018-07-08T22:54:05","date_gmt":"2018-07-08T19:54:05","guid":{"rendered":"https:\/\/urbeamea.ro\/albaiulia\/?p=65417"},"modified":"2018-07-08T22:54:05","modified_gmt":"2018-07-08T19:54:05","slug":"foto-succese-ale-sahistilor-albaiulieni-la-turneul-international-de-sah-de-la-gyula-ungaria","status":"publish","type":"post","link":"https:\/\/urbeamea.ro\/albaiulia\/foto-succese-ale-sahistilor-albaiulieni-la-turneul-international-de-sah-de-la-gyula-ungaria\/","title":{"rendered":"FOTO: Succese ale \u015fahi\u015ftilor albaiulieni la turneul interna\u0163ional de \u015fah de la Gyula (Ungaria)"},"content":{"rendered":"<p><strong>La invita\u0163ia Asocia\u0163iei de \u015eah a Rom\u00e2nilor din Ungaria, o delega\u0163ie a Clubului Sportiv Municipal \u201cUnirea\u201d Alba Iulia a participat s\u00e2mb\u0103t\u0103 la edi\u0163ia a IX-a a Cupei Interna\u0163ionale de \u015eah \u201cAlexandru Ho\u0163opan\u201d desf\u0103\u015furat\u0103 la Gyula (Ungaria).<\/strong><\/p>\n<p>Turneul s-a desf\u0103\u015furat pe categorii de v\u00e2rst\u0103 \u015fi a reunit la start participan\u0163i din Rom\u00e2nia, Serbia \u015fi Ungaria. Dac\u0103 din Rom\u00e2nia invita\u0163ii speciali au fost juc\u0103torii clubului albaiulian, din Serbia a participat Clubul de \u015eah Unirea R\u00e2ti\u015for, echipa unei foarte active comunit\u0103\u0163i de rom\u00e2ni din Voievodina.<\/p>\n<p>Delega\u0163ia albaiulian\u0103 condus\u0103 de maestrul FIDE Dorin \u015eerdean a avut o evolu\u0163ie excelent\u0103. Juniorii Radu \u0162\u00e2mpea (12 ani) \u015fi George Ple\u015fa (10 ani) s-au impus la categoriile lor de v\u00e2rst\u0103, \u00een timp ce Dorin \u015eerdean a urcat pe podium \u00een turneul de seniori, clas\u00e2ndu-se pe locul secund \u00een urma lui Petar Rankov (Serbia). De notat \u015fi evolu\u0163ia surprinz\u0103toare a p\u0103rin\u0163ilor celor doi juniori albaiulieni, Doru \u0162\u00e2mpea \u015fi Iulian Ple\u015fa, ace\u015ftia clas\u00e2ndu-se pe locurile 3 \u015fi 5 \u00een sec\u0163iunea rezervat\u0103 amatorilor!<\/p>\n<p>Premiile au fost \u00eenm\u00e2nate de profesorul Ioan Kozma, organizatorul competi\u0163iei, al\u0103turi de Florin Trandafir Vasilioni, consulul general al Rom\u00e2niei la Gyula, care au fost gazde perfecte pentru aceast\u0103 \u00eent\u00e2lnire \u015fahist\u0103 de suflet.<\/p>\n<blockquote><p>\u201cNe-am dorit ca prin prezen\u0163a noastr\u0103, \u00een premier\u0103, la turneul de la Gyula s\u0103 punem bazele unei colabor\u0103ri pe termen lung \u00eentre \u015fahi\u015fti albaiulieni \u015fi \u015fahi\u015ftii rom\u00e2ni din Ungaria, pe modelul colabor\u0103rii foarte bune pe care o avem \u015fi cu \u015fahi\u015ftii rom\u00e2ni din Serbia. M\u0103 bucur c\u0103 pe l\u00e2ng\u0103 indeplinirea acestui obiectiv am reu\u015fit s\u0103 ob\u0163inem rezultate sportive foarte bune.\u201d a declarat Dorin \u015eerdean, pre\u015fedintele Asocia\u0163iei Jude\u0163ene de \u015eah Alba.<\/p><\/blockquote>\n<div id='gallery-1' class='gallery galleryid-65417 gallery-columns-3 gallery-size-thumbnail'><figure class='gallery-item'>\n\t\t\t<div class='gallery-icon portrait'>\n\t\t\t\t<a href='https:\/\/urbeamea.ro\/albaiulia\/wp-content\/uploads\/2018\/07\/01-Radu-Tampea.jpg'><img decoding=\"async\" width=\"113\" height=\"150\" src=\"data:image\/png;base64,iVBORw0KGgoAAAANSUhEUgAAAYYAAADcAQMAAABOLJSDAAAAA1BMVEUAAACnej3aAAAAAXRSTlMAQObYZgAAACJJREFUaIHtwTEBAAAAwqD1T20ND6AAAAAAAAAAAAAA4N8AKvgAAUFIrrEAAAAASUVORK5CYII=\" class=\"attachment-thumbnail size-thumbnail lazy-img\" alt=\"\" srcset=\"https:\/\/urbeamea.ro\/albaiulia\/wp-content\/uploads\/2018\/07\/01-Radu-Tampea-113x150.jpg 113w, https:\/\/urbeamea.ro\/albaiulia\/wp-content\/uploads\/2018\/07\/01-Radu-Tampea-480x640.jpg 480w, https:\/\/urbeamea.ro\/albaiulia\/wp-content\/uploads\/2018\/07\/01-Radu-Tampea-768x1023.jpg 768w, https:\/\/urbeamea.ro\/albaiulia\/wp-content\/uploads\/2018\/07\/01-Radu-Tampea-961x1280.jpg 961w, https:\/\/urbeamea.ro\/albaiulia\/wp-content\/uploads\/2018\/07\/01-Radu-Tampea.jpg 1200w\" sizes=\"auto, (max-width: 113px) 100vw, 113px\" data-src=\"https:\/\/urbeamea.ro\/albaiulia\/wp-content\/uploads\/2018\/07\/01-Radu-Tampea-113x150.jpg\" loading=\"lazy\" \/><\/a>\n\t\t\t<\/div><\/figure><figure class='gallery-item'>\n\t\t\t<div class='gallery-icon portrait'>\n\t\t\t\t<a href='https:\/\/urbeamea.ro\/albaiulia\/wp-content\/uploads\/2018\/07\/02-George-Plesa.jpg'><img decoding=\"async\" width=\"113\" height=\"150\" src=\"data:image\/png;base64,iVBORw0KGgoAAAANSUhEUgAAAYYAAADcAQMAAABOLJSDAAAAA1BMVEUAAACnej3aAAAAAXRSTlMAQObYZgAAACJJREFUaIHtwTEBAAAAwqD1T20ND6AAAAAAAAAAAAAA4N8AKvgAAUFIrrEAAAAASUVORK5CYII=\" class=\"attachment-thumbnail size-thumbnail lazy-img\" alt=\"\" srcset=\"https:\/\/urbeamea.ro\/albaiulia\/wp-content\/uploads\/2018\/07\/02-George-Plesa-113x150.jpg 113w, https:\/\/urbeamea.ro\/albaiulia\/wp-content\/uploads\/2018\/07\/02-George-Plesa-480x640.jpg 480w, https:\/\/urbeamea.ro\/albaiulia\/wp-content\/uploads\/2018\/07\/02-George-Plesa-768x1023.jpg 768w, https:\/\/urbeamea.ro\/albaiulia\/wp-content\/uploads\/2018\/07\/02-George-Plesa-961x1280.jpg 961w, https:\/\/urbeamea.ro\/albaiulia\/wp-content\/uploads\/2018\/07\/02-George-Plesa.jpg 1200w\" sizes=\"auto, (max-width: 113px) 100vw, 113px\" data-src=\"https:\/\/urbeamea.ro\/albaiulia\/wp-content\/uploads\/2018\/07\/02-George-Plesa-113x150.jpg\" loading=\"lazy\" \/><\/a>\n\t\t\t<\/div><\/figure><figure class='gallery-item'>\n\t\t\t<div class='gallery-icon portrait'>\n\t\t\t\t<a href='https:\/\/urbeamea.ro\/albaiulia\/wp-content\/uploads\/2018\/07\/03-Dorin-Serdean.jpg'><img decoding=\"async\" width=\"113\" height=\"150\" src=\"data:image\/png;base64,iVBORw0KGgoAAAANSUhEUgAAAYYAAADcAQMAAABOLJSDAAAAA1BMVEUAAACnej3aAAAAAXRSTlMAQObYZgAAACJJREFUaIHtwTEBAAAAwqD1T20ND6AAAAAAAAAAAAAA4N8AKvgAAUFIrrEAAAAASUVORK5CYII=\" class=\"attachment-thumbnail size-thumbnail lazy-img\" alt=\"\" srcset=\"https:\/\/urbeamea.ro\/albaiulia\/wp-content\/uploads\/2018\/07\/03-Dorin-Serdean-113x150.jpg 113w, https:\/\/urbeamea.ro\/albaiulia\/wp-content\/uploads\/2018\/07\/03-Dorin-Serdean-480x640.jpg 480w, https:\/\/urbeamea.ro\/albaiulia\/wp-content\/uploads\/2018\/07\/03-Dorin-Serdean-768x1024.jpg 768w, https:\/\/urbeamea.ro\/albaiulia\/wp-content\/uploads\/2018\/07\/03-Dorin-Serdean-960x1280.jpg 960w, https:\/\/urbeamea.ro\/albaiulia\/wp-content\/uploads\/2018\/07\/03-Dorin-Serdean.jpg 1200w\" sizes=\"auto, (max-width: 113px) 100vw, 113px\" data-src=\"https:\/\/urbeamea.ro\/albaiulia\/wp-content\/uploads\/2018\/07\/03-Dorin-Serdean-113x150.jpg\" loading=\"lazy\" \/><\/a>\n\t\t\t<\/div><\/figure><figure class='gallery-item'>\n\t\t\t<div class='gallery-icon portrait'>\n\t\t\t\t<a href='https:\/\/urbeamea.ro\/albaiulia\/wp-content\/uploads\/2018\/07\/04-Gyula.jpg'><img decoding=\"async\" width=\"113\" height=\"150\" src=\"data:image\/png;base64,iVBORw0KGgoAAAANSUhEUgAAAYYAAADcAQMAAABOLJSDAAAAA1BMVEUAAACnej3aAAAAAXRSTlMAQObYZgAAACJJREFUaIHtwTEBAAAAwqD1T20ND6AAAAAAAAAAAAAA4N8AKvgAAUFIrrEAAAAASUVORK5CYII=\" class=\"attachment-thumbnail size-thumbnail lazy-img\" alt=\"\" srcset=\"https:\/\/urbeamea.ro\/albaiulia\/wp-content\/uploads\/2018\/07\/04-Gyula-113x150.jpg 113w, https:\/\/urbeamea.ro\/albaiulia\/wp-content\/uploads\/2018\/07\/04-Gyula-480x640.jpg 480w, https:\/\/urbeamea.ro\/albaiulia\/wp-content\/uploads\/2018\/07\/04-Gyula-768x1023.jpg 768w, https:\/\/urbeamea.ro\/albaiulia\/wp-content\/uploads\/2018\/07\/04-Gyula-961x1280.jpg 961w, https:\/\/urbeamea.ro\/albaiulia\/wp-content\/uploads\/2018\/07\/04-Gyula.jpg 1200w\" sizes=\"auto, (max-width: 113px) 100vw, 113px\" data-src=\"https:\/\/urbeamea.ro\/albaiulia\/wp-content\/uploads\/2018\/07\/04-Gyula-113x150.jpg\" loading=\"lazy\" \/><\/a>\n\t\t\t<\/div><\/figure><figure class='gallery-item'>\n\t\t\t<div class='gallery-icon portrait'>\n\t\t\t\t<a href='https:\/\/urbeamea.ro\/albaiulia\/wp-content\/uploads\/2018\/07\/05-Gyula.jpg'><img decoding=\"async\" width=\"113\" height=\"150\" src=\"data:image\/png;base64,iVBORw0KGgoAAAANSUhEUgAAAYYAAADcAQMAAABOLJSDAAAAA1BMVEUAAACnej3aAAAAAXRSTlMAQObYZgAAACJJREFUaIHtwTEBAAAAwqD1T20ND6AAAAAAAAAAAAAA4N8AKvgAAUFIrrEAAAAASUVORK5CYII=\" class=\"attachment-thumbnail size-thumbnail lazy-img\" alt=\"\" srcset=\"https:\/\/urbeamea.ro\/albaiulia\/wp-content\/uploads\/2018\/07\/05-Gyula-113x150.jpg 113w, https:\/\/urbeamea.ro\/albaiulia\/wp-content\/uploads\/2018\/07\/05-Gyula-480x640.jpg 480w, https:\/\/urbeamea.ro\/albaiulia\/wp-content\/uploads\/2018\/07\/05-Gyula-768x1024.jpg 768w, https:\/\/urbeamea.ro\/albaiulia\/wp-content\/uploads\/2018\/07\/05-Gyula-960x1280.jpg 960w, https:\/\/urbeamea.ro\/albaiulia\/wp-content\/uploads\/2018\/07\/05-Gyula.jpg 1200w\" sizes=\"auto, (max-width: 113px) 100vw, 113px\" data-src=\"https:\/\/urbeamea.ro\/albaiulia\/wp-content\/uploads\/2018\/07\/05-Gyula-113x150.jpg\" loading=\"lazy\" \/><\/a>\n\t\t\t<\/div><\/figure><figure class='gallery-item'>\n\t\t\t<div class='gallery-icon portrait'>\n\t\t\t\t<a href='https:\/\/urbeamea.ro\/albaiulia\/wp-content\/uploads\/2018\/07\/06-Clubul-Unirea-Ratisor-Serbia.jpg'><img decoding=\"async\" width=\"113\" height=\"150\" src=\"data:image\/png;base64,iVBORw0KGgoAAAANSUhEUgAAAYYAAADcAQMAAABOLJSDAAAAA1BMVEUAAACnej3aAAAAAXRSTlMAQObYZgAAACJJREFUaIHtwTEBAAAAwqD1T20ND6AAAAAAAAAAAAAA4N8AKvgAAUFIrrEAAAAASUVORK5CYII=\" class=\"attachment-thumbnail size-thumbnail lazy-img\" alt=\"\" srcset=\"https:\/\/urbeamea.ro\/albaiulia\/wp-content\/uploads\/2018\/07\/06-Clubul-Unirea-Ratisor-Serbia-113x150.jpg 113w, https:\/\/urbeamea.ro\/albaiulia\/wp-content\/uploads\/2018\/07\/06-Clubul-Unirea-Ratisor-Serbia-480x640.jpg 480w, https:\/\/urbeamea.ro\/albaiulia\/wp-content\/uploads\/2018\/07\/06-Clubul-Unirea-Ratisor-Serbia-768x1023.jpg 768w, https:\/\/urbeamea.ro\/albaiulia\/wp-content\/uploads\/2018\/07\/06-Clubul-Unirea-Ratisor-Serbia-961x1280.jpg 961w, https:\/\/urbeamea.ro\/albaiulia\/wp-content\/uploads\/2018\/07\/06-Clubul-Unirea-Ratisor-Serbia.jpg 1200w\" sizes=\"auto, (max-width: 113px) 100vw, 113px\" data-src=\"https:\/\/urbeamea.ro\/albaiulia\/wp-content\/uploads\/2018\/07\/06-Clubul-Unirea-Ratisor-Serbia-113x150.jpg\" loading=\"lazy\" \/><\/a>\n\t\t\t<\/div><\/figure><figure class='gallery-item'>\n\t\t\t<div class='gallery-icon portrait'>\n\t\t\t\t<a href='https:\/\/urbeamea.ro\/albaiulia\/wp-content\/uploads\/2018\/07\/07-Gyula.jpg'><img decoding=\"async\" width=\"113\" height=\"150\" src=\"data:image\/png;base64,iVBORw0KGgoAAAANSUhEUgAAAYYAAADcAQMAAABOLJSDAAAAA1BMVEUAAACnej3aAAAAAXRSTlMAQObYZgAAACJJREFUaIHtwTEBAAAAwqD1T20ND6AAAAAAAAAAAAAA4N8AKvgAAUFIrrEAAAAASUVORK5CYII=\" class=\"attachment-thumbnail size-thumbnail lazy-img\" alt=\"\" srcset=\"https:\/\/urbeamea.ro\/albaiulia\/wp-content\/uploads\/2018\/07\/07-Gyula-113x150.jpg 113w, https:\/\/urbeamea.ro\/albaiulia\/wp-content\/uploads\/2018\/07\/07-Gyula-480x640.jpg 480w, https:\/\/urbeamea.ro\/albaiulia\/wp-content\/uploads\/2018\/07\/07-Gyula-768x1023.jpg 768w, https:\/\/urbeamea.ro\/albaiulia\/wp-content\/uploads\/2018\/07\/07-Gyula-961x1280.jpg 961w, https:\/\/urbeamea.ro\/albaiulia\/wp-content\/uploads\/2018\/07\/07-Gyula.jpg 1200w\" sizes=\"auto, (max-width: 113px) 100vw, 113px\" data-src=\"https:\/\/urbeamea.ro\/albaiulia\/wp-content\/uploads\/2018\/07\/07-Gyula-113x150.jpg\" loading=\"lazy\" \/><\/a>\n\t\t\t<\/div><\/figure>\n\t\t<\/div>\n\n","protected":false},"excerpt":{"rendered":"<p>La invita\u0163ia Asocia\u0163iei de \u015eah a Rom\u00e2nilor din Ungaria, o delega\u0163ie a Clubului Sportiv Municipal \u201cUnirea\u201d Alba Iulia a participat s\u00e2mb\u0103t\u0103 la edi\u0163ia a IX-a a Cupei Interna\u0163ionale de \u015eah \u201cAlexandru Ho\u0163opan\u201d desf\u0103\u015furat\u0103 la Gyula (Ungaria). Turneul s-a desf\u0103\u015furat pe categorii de v\u00e2rst\u0103 \u015fi a reunit la start participan\u0163i din Rom\u00e2nia, Serbia \u015fi Ungaria. Dac\u0103 &hellip;<\/p>\n","protected":false},"author":17,"featured_media":65422,"comment_status":"open","ping_status":"open","sticky":false,"template":"","format":"standard","meta":{"inline_featured_image":false,"footnotes":""},"categories":[79],"tags":[31,14533,525,15691,11373,308,2566,3115,76],"class_list":["post-65417","post","type-post","status-publish","format-standard","has-post-thumbnail","hentry","category-sah","tag-alba-iulia","tag-clubul-sportiv-municipal-unirea-alba-iulia","tag-delegatie","tag-gyula","tag-sahisti-albaiulieni","tag-stiri","tag-turneul-international-de-sah","tag-ungaria","tag-urbea-mea"],"yoast_head":"<!-- This site is optimized with the Yoast SEO plugin v28.3 - https:\/\/yoast.com\/product\/yoast-seo-wordpress\/ -->\n<title>FOTO: Succese ale \u015fahi\u015ftilor albaiulieni la turneul interna\u0163ional de \u015fah de la Gyula (Ungaria) - Revista Urbea Mea - Revista de Alba<\/title>\n<meta name=\"description\" content=\"La invita\u0163ia Asocia\u0163iei de \u015eah a Rom\u00e2nilor din Ungaria, o delega\u0163ie a Clubului Sportiv Municipal \u201cUnirea\u201d Alba Iulia a participat s\u00e2mb\u0103t\u0103 la edi\u0163ia a IX-a\" \/>\n<meta name=\"robots\" content=\"index, follow, max-snippet:-1, max-image-preview:large, max-video-preview:-1\" \/>\n<link rel=\"canonical\" href=\"https:\/\/urbeamea.ro\/albaiulia\/foto-succese-ale-sahistilor-albaiulieni-la-turneul-international-de-sah-de-la-gyula-ungaria\/\" \/>\n<meta name=\"twitter:card\" content=\"summary_large_image\" \/>\n<meta name=\"twitter:title\" content=\"FOTO: Succese ale \u015fahi\u015ftilor albaiulieni la turneul interna\u0163ional de \u015fah de la Gyula (Ungaria) - Revista Urbea Mea - Revista de Alba\" \/>\n<meta name=\"twitter:description\" content=\"La invita\u0163ia Asocia\u0163iei de \u015eah a Rom\u00e2nilor din Ungaria, o delega\u0163ie a Clubului Sportiv Municipal \u201cUnirea\u201d Alba Iulia a participat s\u00e2mb\u0103t\u0103 la edi\u0163ia a IX-a\" \/>\n<meta name=\"twitter:image\" content=\"https:\/\/urbeamea.ro\/albaiulia\/wp-content\/uploads\/2018\/07\/05-Gyula.jpg\" \/>\n<meta name=\"twitter:creator\" content=\"@urbeameaweb\" \/>\n<meta name=\"twitter:site\" content=\"@urbeameaweb\" \/>\n<script type=\"application\/ld+json\" class=\"yoast-schema-graph\">{\"@context\":\"https:\\\/\\\/schema.org\",\"@graph\":[{\"@type\":\"Article\",\"@id\":\"https:\\\/\\\/urbeamea.ro\\\/albaiulia\\\/foto-succese-ale-sahistilor-albaiulieni-la-turneul-international-de-sah-de-la-gyula-ungaria\\\/#article\",\"isPartOf\":{\"@id\":\"https:\\\/\\\/urbeamea.ro\\\/albaiulia\\\/foto-succese-ale-sahistilor-albaiulieni-la-turneul-international-de-sah-de-la-gyula-ungaria\\\/\"},\"author\":{\"name\":\"Cristina Ganga\",\"@id\":\"https:\\\/\\\/urbeamea.ro\\\/albaiulia\\\/#\\\/schema\\\/person\\\/9700d21fae21c4f038b0b56f4506264a\"},\"headline\":\"FOTO: Succese ale \u015fahi\u015ftilor albaiulieni la turneul interna\u0163ional de \u015fah de la Gyula (Ungaria)\",\"datePublished\":\"2018-07-08T19:54:05+00:00\",\"mainEntityOfPage\":{\"@id\":\"https:\\\/\\\/urbeamea.ro\\\/albaiulia\\\/foto-succese-ale-sahistilor-albaiulieni-la-turneul-international-de-sah-de-la-gyula-ungaria\\\/\"},\"wordCount\":333,\"commentCount\":0,\"image\":{\"@id\":\"https:\\\/\\\/urbeamea.ro\\\/albaiulia\\\/foto-succese-ale-sahistilor-albaiulieni-la-turneul-international-de-sah-de-la-gyula-ungaria\\\/#primaryimage\"},\"thumbnailUrl\":\"https:\\\/\\\/urbeamea.ro\\\/albaiulia\\\/wp-content\\\/uploads\\\/2018\\\/07\\\/05-Gyula.jpg\",\"keywords\":[\"Alba Iulia\",\"clubul sportiv municipal unirea alba iulia\",\"delegatie\",\"gyula\",\"sahisti albaiulieni\",\"stiri\",\"Turneul Interna\u0163ional de \u015eah\",\"Ungaria\",\"Urbea Mea\"],\"articleSection\":[\"Sah\"],\"inLanguage\":\"ro-RO\",\"potentialAction\":[{\"@type\":\"CommentAction\",\"name\":\"Comment\",\"target\":[\"https:\\\/\\\/urbeamea.ro\\\/albaiulia\\\/foto-succese-ale-sahistilor-albaiulieni-la-turneul-international-de-sah-de-la-gyula-ungaria\\\/#respond\"]}]},{\"@type\":\"WebPage\",\"@id\":\"https:\\\/\\\/urbeamea.ro\\\/albaiulia\\\/foto-succese-ale-sahistilor-albaiulieni-la-turneul-international-de-sah-de-la-gyula-ungaria\\\/\",\"url\":\"https:\\\/\\\/urbeamea.ro\\\/albaiulia\\\/foto-succese-ale-sahistilor-albaiulieni-la-turneul-international-de-sah-de-la-gyula-ungaria\\\/\",\"name\":\"FOTO: Succese ale \u015fahi\u015ftilor albaiulieni la turneul interna\u0163ional de \u015fah de la Gyula (Ungaria) - Revista Urbea Mea - Revista de Alba\",\"isPartOf\":{\"@id\":\"https:\\\/\\\/urbeamea.ro\\\/albaiulia\\\/#website\"},\"primaryImageOfPage\":{\"@id\":\"https:\\\/\\\/urbeamea.ro\\\/albaiulia\\\/foto-succese-ale-sahistilor-albaiulieni-la-turneul-international-de-sah-de-la-gyula-ungaria\\\/#primaryimage\"},\"image\":{\"@id\":\"https:\\\/\\\/urbeamea.ro\\\/albaiulia\\\/foto-succese-ale-sahistilor-albaiulieni-la-turneul-international-de-sah-de-la-gyula-ungaria\\\/#primaryimage\"},\"thumbnailUrl\":\"https:\\\/\\\/urbeamea.ro\\\/albaiulia\\\/wp-content\\\/uploads\\\/2018\\\/07\\\/05-Gyula.jpg\",\"datePublished\":\"2018-07-08T19:54:05+00:00\",\"author\":{\"@id\":\"https:\\\/\\\/urbeamea.ro\\\/albaiulia\\\/#\\\/schema\\\/person\\\/9700d21fae21c4f038b0b56f4506264a\"},\"description\":\"La invita\u0163ia Asocia\u0163iei de \u015eah a Rom\u00e2nilor din Ungaria, o delega\u0163ie a Clubului Sportiv Municipal \u201cUnirea\u201d Alba Iulia a participat s\u00e2mb\u0103t\u0103 la edi\u0163ia a IX-a\",\"breadcrumb\":{\"@id\":\"https:\\\/\\\/urbeamea.ro\\\/albaiulia\\\/foto-succese-ale-sahistilor-albaiulieni-la-turneul-international-de-sah-de-la-gyula-ungaria\\\/#breadcrumb\"},\"inLanguage\":\"ro-RO\",\"potentialAction\":[{\"@type\":\"ReadAction\",\"target\":[\"https:\\\/\\\/urbeamea.ro\\\/albaiulia\\\/foto-succese-ale-sahistilor-albaiulieni-la-turneul-international-de-sah-de-la-gyula-ungaria\\\/\"]}]},{\"@type\":\"ImageObject\",\"inLanguage\":\"ro-RO\",\"@id\":\"https:\\\/\\\/urbeamea.ro\\\/albaiulia\\\/foto-succese-ale-sahistilor-albaiulieni-la-turneul-international-de-sah-de-la-gyula-ungaria\\\/#primaryimage\",\"url\":\"https:\\\/\\\/urbeamea.ro\\\/albaiulia\\\/wp-content\\\/uploads\\\/2018\\\/07\\\/05-Gyula.jpg\",\"contentUrl\":\"https:\\\/\\\/urbeamea.ro\\\/albaiulia\\\/wp-content\\\/uploads\\\/2018\\\/07\\\/05-Gyula.jpg\",\"width\":1200,\"height\":1600},{\"@type\":\"BreadcrumbList\",\"@id\":\"https:\\\/\\\/urbeamea.ro\\\/albaiulia\\\/foto-succese-ale-sahistilor-albaiulieni-la-turneul-international-de-sah-de-la-gyula-ungaria\\\/#breadcrumb\",\"itemListElement\":[{\"@type\":\"ListItem\",\"position\":1,\"name\":\"Prima pagin\u0103\",\"item\":\"https:\\\/\\\/urbeamea.ro\\\/albaiulia\\\/\"},{\"@type\":\"ListItem\",\"position\":2,\"name\":\"FOTO: Succese ale \u015fahi\u015ftilor albaiulieni la turneul interna\u0163ional de \u015fah de la Gyula (Ungaria)\"}]},{\"@type\":\"WebSite\",\"@id\":\"https:\\\/\\\/urbeamea.ro\\\/albaiulia\\\/#website\",\"url\":\"https:\\\/\\\/urbeamea.ro\\\/albaiulia\\\/\",\"name\":\"Revista Urbea Mea, Stiri urbane\",\"description\":\"Evenimente \u0219i \u0219tiri din Alba Iulia, Sebe\u0219, Aiud, Blaj\",\"potentialAction\":[{\"@type\":\"SearchAction\",\"target\":{\"@type\":\"EntryPoint\",\"urlTemplate\":\"https:\\\/\\\/urbeamea.ro\\\/albaiulia\\\/?s={search_term_string}\"},\"query-input\":{\"@type\":\"PropertyValueSpecification\",\"valueRequired\":true,\"valueName\":\"search_term_string\"}}],\"inLanguage\":\"ro-RO\"},{\"@type\":\"Person\",\"@id\":\"https:\\\/\\\/urbeamea.ro\\\/albaiulia\\\/#\\\/schema\\\/person\\\/9700d21fae21c4f038b0b56f4506264a\",\"name\":\"Cristina Ganga\",\"image\":{\"@type\":\"ImageObject\",\"inLanguage\":\"ro-RO\",\"@id\":\"https:\\\/\\\/secure.gravatar.com\\\/avatar\\\/5a67661041f057b4a8ccaf26f5a8e86e2689372006d01faf3dd9eeb10b654bb4?s=96&d=mm&r=g\",\"url\":\"https:\\\/\\\/secure.gravatar.com\\\/avatar\\\/5a67661041f057b4a8ccaf26f5a8e86e2689372006d01faf3dd9eeb10b654bb4?s=96&d=mm&r=g\",\"contentUrl\":\"https:\\\/\\\/secure.gravatar.com\\\/avatar\\\/5a67661041f057b4a8ccaf26f5a8e86e2689372006d01faf3dd9eeb10b654bb4?s=96&d=mm&r=g\",\"caption\":\"Cristina Ganga\"},\"description\":\"Jurnalist\",\"sameAs\":[\"https:\\\/\\\/www.facebook.com\\\/cristina.nicola.587\"],\"url\":\"https:\\\/\\\/urbeamea.ro\\\/albaiulia\\\/author\\\/cristina-nicola\\\/\"}]}<\/script>\n<!-- \/ Yoast SEO plugin. -->","yoast_head_json":{"title":"FOTO: Succese ale \u015fahi\u015ftilor albaiulieni la turneul interna\u0163ional de \u015fah de la Gyula (Ungaria) - Revista Urbea Mea - Revista de Alba","description":"La invita\u0163ia Asocia\u0163iei de \u015eah a Rom\u00e2nilor din Ungaria, o delega\u0163ie a Clubului Sportiv Municipal \u201cUnirea\u201d Alba Iulia a participat s\u00e2mb\u0103t\u0103 la edi\u0163ia a IX-a","robots":{"index":"index","follow":"follow","max-snippet":"max-snippet:-1","max-image-preview":"max-image-preview:large","max-video-preview":"max-video-preview:-1"},"canonical":"https:\/\/urbeamea.ro\/albaiulia\/foto-succese-ale-sahistilor-albaiulieni-la-turneul-international-de-sah-de-la-gyula-ungaria\/","twitter_card":"summary_large_image","twitter_title":"FOTO: Succese ale \u015fahi\u015ftilor albaiulieni la turneul interna\u0163ional de \u015fah de la Gyula (Ungaria) - Revista Urbea Mea - Revista de Alba","twitter_description":"La invita\u0163ia Asocia\u0163iei de \u015eah a Rom\u00e2nilor din Ungaria, o delega\u0163ie a Clubului Sportiv Municipal \u201cUnirea\u201d Alba Iulia a participat s\u00e2mb\u0103t\u0103 la edi\u0163ia a IX-a","twitter_image":"https:\/\/urbeamea.ro\/albaiulia\/wp-content\/uploads\/2018\/07\/05-Gyula.jpg","twitter_creator":"@urbeameaweb","twitter_site":"@urbeameaweb","schema":{"@context":"https:\/\/schema.org","@graph":[{"@type":"Article","@id":"https:\/\/urbeamea.ro\/albaiulia\/foto-succese-ale-sahistilor-albaiulieni-la-turneul-international-de-sah-de-la-gyula-ungaria\/#article","isPartOf":{"@id":"https:\/\/urbeamea.ro\/albaiulia\/foto-succese-ale-sahistilor-albaiulieni-la-turneul-international-de-sah-de-la-gyula-ungaria\/"},"author":{"name":"Cristina Ganga","@id":"https:\/\/urbeamea.ro\/albaiulia\/#\/schema\/person\/9700d21fae21c4f038b0b56f4506264a"},"headline":"FOTO: Succese ale \u015fahi\u015ftilor albaiulieni la turneul interna\u0163ional de \u015fah de la Gyula (Ungaria)","datePublished":"2018-07-08T19:54:05+00:00","mainEntityOfPage":{"@id":"https:\/\/urbeamea.ro\/albaiulia\/foto-succese-ale-sahistilor-albaiulieni-la-turneul-international-de-sah-de-la-gyula-ungaria\/"},"wordCount":333,"commentCount":0,"image":{"@id":"https:\/\/urbeamea.ro\/albaiulia\/foto-succese-ale-sahistilor-albaiulieni-la-turneul-international-de-sah-de-la-gyula-ungaria\/#primaryimage"},"thumbnailUrl":"https:\/\/urbeamea.ro\/albaiulia\/wp-content\/uploads\/2018\/07\/05-Gyula.jpg","keywords":["Alba Iulia","clubul sportiv municipal unirea alba iulia","delegatie","gyula","sahisti albaiulieni","stiri","Turneul Interna\u0163ional de \u015eah","Ungaria","Urbea Mea"],"articleSection":["Sah"],"inLanguage":"ro-RO","potentialAction":[{"@type":"CommentAction","name":"Comment","target":["https:\/\/urbeamea.ro\/albaiulia\/foto-succese-ale-sahistilor-albaiulieni-la-turneul-international-de-sah-de-la-gyula-ungaria\/#respond"]}]},{"@type":"WebPage","@id":"https:\/\/urbeamea.ro\/albaiulia\/foto-succese-ale-sahistilor-albaiulieni-la-turneul-international-de-sah-de-la-gyula-ungaria\/","url":"https:\/\/urbeamea.ro\/albaiulia\/foto-succese-ale-sahistilor-albaiulieni-la-turneul-international-de-sah-de-la-gyula-ungaria\/","name":"FOTO: Succese ale \u015fahi\u015ftilor albaiulieni la turneul interna\u0163ional de \u015fah de la Gyula (Ungaria) - Revista Urbea Mea - Revista de Alba","isPartOf":{"@id":"https:\/\/urbeamea.ro\/albaiulia\/#website"},"primaryImageOfPage":{"@id":"https:\/\/urbeamea.ro\/albaiulia\/foto-succese-ale-sahistilor-albaiulieni-la-turneul-international-de-sah-de-la-gyula-ungaria\/#primaryimage"},"image":{"@id":"https:\/\/urbeamea.ro\/albaiulia\/foto-succese-ale-sahistilor-albaiulieni-la-turneul-international-de-sah-de-la-gyula-ungaria\/#primaryimage"},"thumbnailUrl":"https:\/\/urbeamea.ro\/albaiulia\/wp-content\/uploads\/2018\/07\/05-Gyula.jpg","datePublished":"2018-07-08T19:54:05+00:00","author":{"@id":"https:\/\/urbeamea.ro\/albaiulia\/#\/schema\/person\/9700d21fae21c4f038b0b56f4506264a"},"description":"La invita\u0163ia Asocia\u0163iei de \u015eah a Rom\u00e2nilor din Ungaria, o delega\u0163ie a Clubului Sportiv Municipal \u201cUnirea\u201d Alba Iulia a participat s\u00e2mb\u0103t\u0103 la edi\u0163ia a IX-a","breadcrumb":{"@id":"https:\/\/urbeamea.ro\/albaiulia\/foto-succese-ale-sahistilor-albaiulieni-la-turneul-international-de-sah-de-la-gyula-ungaria\/#breadcrumb"},"inLanguage":"ro-RO","potentialAction":[{"@type":"ReadAction","target":["https:\/\/urbeamea.ro\/albaiulia\/foto-succese-ale-sahistilor-albaiulieni-la-turneul-international-de-sah-de-la-gyula-ungaria\/"]}]},{"@type":"ImageObject","inLanguage":"ro-RO","@id":"https:\/\/urbeamea.ro\/albaiulia\/foto-succese-ale-sahistilor-albaiulieni-la-turneul-international-de-sah-de-la-gyula-ungaria\/#primaryimage","url":"https:\/\/urbeamea.ro\/albaiulia\/wp-content\/uploads\/2018\/07\/05-Gyula.jpg","contentUrl":"https:\/\/urbeamea.ro\/albaiulia\/wp-content\/uploads\/2018\/07\/05-Gyula.jpg","width":1200,"height":1600},{"@type":"BreadcrumbList","@id":"https:\/\/urbeamea.ro\/albaiulia\/foto-succese-ale-sahistilor-albaiulieni-la-turneul-international-de-sah-de-la-gyula-ungaria\/#breadcrumb","itemListElement":[{"@type":"ListItem","position":1,"name":"Prima pagin\u0103","item":"https:\/\/urbeamea.ro\/albaiulia\/"},{"@type":"ListItem","position":2,"name":"FOTO: Succese ale \u015fahi\u015ftilor albaiulieni la turneul interna\u0163ional de \u015fah de la Gyula (Ungaria)"}]},{"@type":"WebSite","@id":"https:\/\/urbeamea.ro\/albaiulia\/#website","url":"https:\/\/urbeamea.ro\/albaiulia\/","name":"Revista Urbea Mea, Stiri urbane","description":"Evenimente \u0219i \u0219tiri din Alba Iulia, Sebe\u0219, Aiud, Blaj","potentialAction":[{"@type":"SearchAction","target":{"@type":"EntryPoint","urlTemplate":"https:\/\/urbeamea.ro\/albaiulia\/?s={search_term_string}"},"query-input":{"@type":"PropertyValueSpecification","valueRequired":true,"valueName":"search_term_string"}}],"inLanguage":"ro-RO"},{"@type":"Person","@id":"https:\/\/urbeamea.ro\/albaiulia\/#\/schema\/person\/9700d21fae21c4f038b0b56f4506264a","name":"Cristina Ganga","image":{"@type":"ImageObject","inLanguage":"ro-RO","@id":"https:\/\/secure.gravatar.com\/avatar\/5a67661041f057b4a8ccaf26f5a8e86e2689372006d01faf3dd9eeb10b654bb4?s=96&d=mm&r=g","url":"https:\/\/secure.gravatar.com\/avatar\/5a67661041f057b4a8ccaf26f5a8e86e2689372006d01faf3dd9eeb10b654bb4?s=96&d=mm&r=g","contentUrl":"https:\/\/secure.gravatar.com\/avatar\/5a67661041f057b4a8ccaf26f5a8e86e2689372006d01faf3dd9eeb10b654bb4?s=96&d=mm&r=g","caption":"Cristina Ganga"},"description":"Jurnalist","sameAs":["https:\/\/www.facebook.com\/cristina.nicola.587"],"url":"https:\/\/urbeamea.ro\/albaiulia\/author\/cristina-nicola\/"}]}},"_links":{"self":[{"href":"https:\/\/urbeamea.ro\/albaiulia\/wp-json\/wp\/v2\/posts\/65417","targetHints":{"allow":["GET"]}}],"collection":[{"href":"https:\/\/urbeamea.ro\/albaiulia\/wp-json\/wp\/v2\/posts"}],"about":[{"href":"https:\/\/urbeamea.ro\/albaiulia\/wp-json\/wp\/v2\/types\/post"}],"author":[{"embeddable":true,"href":"https:\/\/urbeamea.ro\/albaiulia\/wp-json\/wp\/v2\/users\/17"}],"replies":[{"embeddable":true,"href":"https:\/\/urbeamea.ro\/albaiulia\/wp-json\/wp\/v2\/comments?post=65417"}],"version-history":[{"count":0,"href":"https:\/\/urbeamea.ro\/albaiulia\/wp-json\/wp\/v2\/posts\/65417\/revisions"}],"wp:featuredmedia":[{"embeddable":true,"href":"https:\/\/urbeamea.ro\/albaiulia\/wp-json\/wp\/v2\/media\/65422"}],"wp:attachment":[{"href":"https:\/\/urbeamea.ro\/albaiulia\/wp-json\/wp\/v2\/media?parent=65417"}],"wp:term":[{"taxonomy":"category","embeddable":true,"href":"https:\/\/urbeamea.ro\/albaiulia\/wp-json\/wp\/v2\/categories?post=65417"},{"taxonomy":"post_tag","embeddable":true,"href":"https:\/\/urbeamea.ro\/albaiulia\/wp-json\/wp\/v2\/tags?post=65417"}],"curies":[{"name":"wp","href":"https:\/\/api.w.org\/{rel}","templated":true}]}}