{"id":65512,"date":"2018-07-13T13:35:57","date_gmt":"2018-07-13T10:35:57","guid":{"rendered":"https:\/\/urbeamea.ro\/albaiulia\/?p=65512"},"modified":"2018-07-13T13:35:57","modified_gmt":"2018-07-13T10:35:57","slug":"17-iulie-iuliana-tudor-cauta-la-alba-iulia-noi-talente-pentru-sezonul-al-iii-lea-vedeta-populara","status":"publish","type":"post","link":"https:\/\/urbeamea.ro\/albaiulia\/17-iulie-iuliana-tudor-cauta-la-alba-iulia-noi-talente-pentru-sezonul-al-iii-lea-vedeta-populara\/","title":{"rendered":"17 iulie: Iuliana Tudor caut\u0103 la Alba Iulia noi talente pentru sezonul al III-lea \u201eVedeta popular\u0103\u201d"},"content":{"rendered":"<p><strong>T\u00e2rgu Jiu, Alba Iulia, Bistri\u0163a, Timi\u015foara, Suceava, Tulcea \u015fi Bucure\u015fti sunt ora\u015fele \u00een care Iuliana Tudor \u015fi echipa emisiunii\u00a0 Vedeta popular\u0103 de la TVR 1 organizeaz\u0103 preselec\u0163ii pentru sezonul al treilea al talent-show-ului de folclor.<\/strong><\/p>\n<p>\u00cencep preselec\u0163iile pentru cel de-al treilea sezon Vedeta popular\u0103, cel mai mare talent-show de folclor din Rom\u00e2nia. Mar\u0163i, 17 iulie,\u00a0Iuliana Tudor \u015fi echipa sa \u00eei a\u015fteapt\u0103 la Casa de Cultur\u0103 a Studen\u0163ilor din Alba Iulia, \u00eentre orele 10.00 &#8211; 18.00, pe cei care au talent \u015fi curajul s\u0103 \u00eencerce o carier\u0103 \u00een muzica popular\u0103.<\/p>\n<blockquote><p>\u201eArat\u0103-ne c\u0103 \u015ftii folclor, c\u0103 ai voce \u015fi dorin\u0163a de a face publicul s\u0103 vibreze la muzica ta \u015fi po\u0163i c\u00e2\u015ftiga marele premiu de 100.000 lei al emisiunii Vedeta popular\u0103!\u201d, \u00eei invit\u0103 Iuliana Tudor pe to\u0163i cei care doresc s\u0103 \u00ee\u015fi fac\u0103 numele, vocea \u015fi talentul cunoscute.<\/p><\/blockquote>\n<p>Ora\u015fele \u00een care au loc preselec\u0163iile sunt: T\u00e2rgu Jiu, Alba Iulia, Bistri\u0163a, Timi\u015foara, Suceava, Tulcea \u015fi Bucure\u015fti.<strong>\u00a0\u201e<\/strong>Fie c\u0103 e\u015fti \u00eencep\u0103tor sau ai deja experien\u0163a scenei, dac\u0103 \u015ftii c\u0103 vocea ta merit\u0103 s\u0103 fie ascultat\u0103 de o \u0163ar\u0103 \u00eentreag\u0103 \u015fi vrei s\u0103 fii vedet\u0103, vino s\u0103 te cunoa\u015ftem!\u201d, \u00eei \u00eendeamn\u0103 Iuliana Tudor pe cei care vor s\u0103 urmeze un drum \u00een muzica popular\u0103.<\/p>\n<p><strong>Preselec\u0163iile pentru talent-show-ul de folclor\u00a0<em>Vedeta popular\u0103<\/em>\u00a0de la TVR 1 sunt programate astfel:<\/strong><\/p>\n<p>&#8211; 11 iulie, orele 12.00 \u2013 18.00, la Tg. Jiu, la Teatrul Elvira Godeanu;<\/p>\n<p><strong>&#8211; 17 iulie, orele 10.00 \u2013 18.00, la Alba Iulia, la Casa de Cultur\u0103 a Studen\u0163ilor;<\/strong><\/p>\n<p>&#8211; 18 iulie, orele 10.00 \u2013 18.00, la Bistri\u0163a, la Centrul Cultural Dacia;<\/p>\n<p>&#8211; 24 iulie, orele 10.00 \u2013 18.00, la Timi\u015fora, la sediul TVR Timi\u015foara;<\/p>\n<p>&#8211; 31 iulie, orele 10.00 \u2013 18.00, la Suceava, la Teatrul Matei Vi\u015fniec;<\/p>\n<p>&#8211; 02 august, orele 10.00 \u2013 18.00, la Tulcea, la Palatul Copiilor Tulcea;<\/p>\n<p>&#8211; 10 august, orele 10.00 \u2013 18.00, la Bucure\u015fti, la sediul Televiziunii Rom\u00e2ne.<\/p>\n<p>Regulamentul concursului poate fi accesat pe\u00a0<a href=\"https:\/\/l.facebook.com\/l.php?u=http%3A%2F%2Fwww.tvr.ro%2F&amp;h=AT2lkKVrnxLxDX0gHI5eGMPSbVudD54BstgT3qzYDwnfWTBCmQDERFVVJSKBiYrylhdg06PxJhxHjdhYUbapxPypc7wvBkjaNHZHLOpvFSyvC_Qnkh1hZFwX_mmYLUBHJJS9jsX9atvHy0QHFgeTS3w\" target=\"_blank\" rel=\"noopener nofollow\" data-ft=\"{&quot;tn&quot;:&quot;-U&quot;}\" data-lynx-mode=\"asynclazy\">www.tvr.ro<\/a>, la pagina emisiunii Vedeta popular\u0103.<\/p>\n<p>Preselec\u0163iile de la Alba Iulia pentru Talent show-ul de Folclor &#8222;Vedeta Popular\u0103&#8221; de la IVR vor fi organizate \u00een perteneriat cu Centrul de Cultur\u0103 &#8222;Augustin Bena&#8221; Alba.<\/p>\n<p>&nbsp;<\/p>\n","protected":false},"excerpt":{"rendered":"<p>T\u00e2rgu Jiu, Alba Iulia, Bistri\u0163a, Timi\u015foara, Suceava, Tulcea \u015fi Bucure\u015fti sunt ora\u015fele \u00een care Iuliana Tudor \u015fi echipa emisiunii\u00a0 Vedeta popular\u0103 de la TVR 1 organizeaz\u0103 preselec\u0163ii pentru sezonul al treilea al talent-show-ului de folclor. \u00cencep preselec\u0163iile pentru cel de-al treilea sezon Vedeta popular\u0103, cel mai mare talent-show de folclor din Rom\u00e2nia. Mar\u0163i, 17 iulie,\u00a0Iuliana &hellip;<\/p>\n","protected":false},"author":17,"featured_media":65513,"comment_status":"open","ping_status":"open","sticky":false,"template":"","format":"standard","meta":{"inline_featured_image":false,"footnotes":""},"categories":[4],"tags":[31,337,6591,15394,335,15730,308,76,15123],"class_list":["post-65512","post","type-post","status-publish","format-standard","has-post-thumbnail","hentry","category-eveniment","tag-alba-iulia","tag-casa-de-cultura-a-studentilor","tag-folclor","tag-iuliana-tudor","tag-preselectii","tag-sezonul-al-iii-lea","tag-stiri","tag-urbea-mea","tag-vedeta-populara"],"yoast_head":"<!-- This site is optimized with the Yoast SEO plugin v28.3 - https:\/\/yoast.com\/product\/yoast-seo-wordpress\/ -->\n<title>17 iulie: Iuliana Tudor caut\u0103 la Alba Iulia noi talente pentru sezonul al III-lea \u201eVedeta popular\u0103\u201d - Revista Urbea Mea - Revista de Alba<\/title>\n<meta name=\"description\" content=\"T\u00e2rgu Jiu, Alba Iulia, Bistri\u0163a, Timi\u015foara, Suceava, Tulcea \u015fi Bucure\u015fti sunt ora\u015fele \u00een care Iuliana Tudor \u015fi echipa emisiunii\u00a0 Vedeta popular\u0103 de la TVR\" \/>\n<meta name=\"robots\" content=\"index, follow, max-snippet:-1, max-image-preview:large, max-video-preview:-1\" \/>\n<link rel=\"canonical\" href=\"https:\/\/urbeamea.ro\/albaiulia\/17-iulie-iuliana-tudor-cauta-la-alba-iulia-noi-talente-pentru-sezonul-al-iii-lea-vedeta-populara\/\" \/>\n<meta name=\"twitter:card\" content=\"summary_large_image\" \/>\n<meta name=\"twitter:title\" content=\"17 iulie: Iuliana Tudor caut\u0103 la Alba Iulia noi talente pentru sezonul al III-lea \u201eVedeta popular\u0103\u201d - Revista Urbea Mea - Revista de Alba\" \/>\n<meta name=\"twitter:description\" content=\"T\u00e2rgu Jiu, Alba Iulia, Bistri\u0163a, Timi\u015foara, Suceava, Tulcea \u015fi Bucure\u015fti sunt ora\u015fele \u00een care Iuliana Tudor \u015fi echipa emisiunii\u00a0 Vedeta popular\u0103 de la TVR\" \/>\n<meta name=\"twitter:image\" content=\"https:\/\/urbeamea.ro\/albaiulia\/wp-content\/uploads\/2018\/07\/36980956_1075738125909992_6458925691223146496_n.jpg\" \/>\n<meta name=\"twitter:creator\" content=\"@urbeameaweb\" \/>\n<meta name=\"twitter:site\" content=\"@urbeameaweb\" \/>\n<script type=\"application\/ld+json\" class=\"yoast-schema-graph\">{\"@context\":\"https:\\\/\\\/schema.org\",\"@graph\":[{\"@type\":\"Article\",\"@id\":\"https:\\\/\\\/urbeamea.ro\\\/albaiulia\\\/17-iulie-iuliana-tudor-cauta-la-alba-iulia-noi-talente-pentru-sezonul-al-iii-lea-vedeta-populara\\\/#article\",\"isPartOf\":{\"@id\":\"https:\\\/\\\/urbeamea.ro\\\/albaiulia\\\/17-iulie-iuliana-tudor-cauta-la-alba-iulia-noi-talente-pentru-sezonul-al-iii-lea-vedeta-populara\\\/\"},\"author\":{\"name\":\"Cristina Ganga\",\"@id\":\"https:\\\/\\\/urbeamea.ro\\\/albaiulia\\\/#\\\/schema\\\/person\\\/9700d21fae21c4f038b0b56f4506264a\"},\"headline\":\"17 iulie: Iuliana Tudor caut\u0103 la Alba Iulia noi talente pentru sezonul al III-lea \u201eVedeta popular\u0103\u201d\",\"datePublished\":\"2018-07-13T10:35:57+00:00\",\"mainEntityOfPage\":{\"@id\":\"https:\\\/\\\/urbeamea.ro\\\/albaiulia\\\/17-iulie-iuliana-tudor-cauta-la-alba-iulia-noi-talente-pentru-sezonul-al-iii-lea-vedeta-populara\\\/\"},\"wordCount\":367,\"commentCount\":0,\"image\":{\"@id\":\"https:\\\/\\\/urbeamea.ro\\\/albaiulia\\\/17-iulie-iuliana-tudor-cauta-la-alba-iulia-noi-talente-pentru-sezonul-al-iii-lea-vedeta-populara\\\/#primaryimage\"},\"thumbnailUrl\":\"https:\\\/\\\/urbeamea.ro\\\/albaiulia\\\/wp-content\\\/uploads\\\/2018\\\/07\\\/36980956_1075738125909992_6458925691223146496_n.jpg\",\"keywords\":[\"Alba Iulia\",\"casa de cultura a studentilor\",\"folclor\",\"Iuliana Tudor\",\"preselectii\",\"sezonul al III-lea\",\"stiri\",\"Urbea Mea\",\"vedeta populara\"],\"articleSection\":[\"Evenimente\"],\"inLanguage\":\"ro-RO\",\"potentialAction\":[{\"@type\":\"CommentAction\",\"name\":\"Comment\",\"target\":[\"https:\\\/\\\/urbeamea.ro\\\/albaiulia\\\/17-iulie-iuliana-tudor-cauta-la-alba-iulia-noi-talente-pentru-sezonul-al-iii-lea-vedeta-populara\\\/#respond\"]}]},{\"@type\":\"WebPage\",\"@id\":\"https:\\\/\\\/urbeamea.ro\\\/albaiulia\\\/17-iulie-iuliana-tudor-cauta-la-alba-iulia-noi-talente-pentru-sezonul-al-iii-lea-vedeta-populara\\\/\",\"url\":\"https:\\\/\\\/urbeamea.ro\\\/albaiulia\\\/17-iulie-iuliana-tudor-cauta-la-alba-iulia-noi-talente-pentru-sezonul-al-iii-lea-vedeta-populara\\\/\",\"name\":\"17 iulie: Iuliana Tudor caut\u0103 la Alba Iulia noi talente pentru sezonul al III-lea \u201eVedeta popular\u0103\u201d - Revista Urbea Mea - Revista de Alba\",\"isPartOf\":{\"@id\":\"https:\\\/\\\/urbeamea.ro\\\/albaiulia\\\/#website\"},\"primaryImageOfPage\":{\"@id\":\"https:\\\/\\\/urbeamea.ro\\\/albaiulia\\\/17-iulie-iuliana-tudor-cauta-la-alba-iulia-noi-talente-pentru-sezonul-al-iii-lea-vedeta-populara\\\/#primaryimage\"},\"image\":{\"@id\":\"https:\\\/\\\/urbeamea.ro\\\/albaiulia\\\/17-iulie-iuliana-tudor-cauta-la-alba-iulia-noi-talente-pentru-sezonul-al-iii-lea-vedeta-populara\\\/#primaryimage\"},\"thumbnailUrl\":\"https:\\\/\\\/urbeamea.ro\\\/albaiulia\\\/wp-content\\\/uploads\\\/2018\\\/07\\\/36980956_1075738125909992_6458925691223146496_n.jpg\",\"datePublished\":\"2018-07-13T10:35:57+00:00\",\"author\":{\"@id\":\"https:\\\/\\\/urbeamea.ro\\\/albaiulia\\\/#\\\/schema\\\/person\\\/9700d21fae21c4f038b0b56f4506264a\"},\"description\":\"T\u00e2rgu Jiu, Alba Iulia, Bistri\u0163a, Timi\u015foara, Suceava, Tulcea \u015fi Bucure\u015fti sunt ora\u015fele \u00een care Iuliana Tudor \u015fi echipa emisiunii\u00a0 Vedeta popular\u0103 de la TVR\",\"breadcrumb\":{\"@id\":\"https:\\\/\\\/urbeamea.ro\\\/albaiulia\\\/17-iulie-iuliana-tudor-cauta-la-alba-iulia-noi-talente-pentru-sezonul-al-iii-lea-vedeta-populara\\\/#breadcrumb\"},\"inLanguage\":\"ro-RO\",\"potentialAction\":[{\"@type\":\"ReadAction\",\"target\":[\"https:\\\/\\\/urbeamea.ro\\\/albaiulia\\\/17-iulie-iuliana-tudor-cauta-la-alba-iulia-noi-talente-pentru-sezonul-al-iii-lea-vedeta-populara\\\/\"]}]},{\"@type\":\"ImageObject\",\"inLanguage\":\"ro-RO\",\"@id\":\"https:\\\/\\\/urbeamea.ro\\\/albaiulia\\\/17-iulie-iuliana-tudor-cauta-la-alba-iulia-noi-talente-pentru-sezonul-al-iii-lea-vedeta-populara\\\/#primaryimage\",\"url\":\"https:\\\/\\\/urbeamea.ro\\\/albaiulia\\\/wp-content\\\/uploads\\\/2018\\\/07\\\/36980956_1075738125909992_6458925691223146496_n.jpg\",\"contentUrl\":\"https:\\\/\\\/urbeamea.ro\\\/albaiulia\\\/wp-content\\\/uploads\\\/2018\\\/07\\\/36980956_1075738125909992_6458925691223146496_n.jpg\",\"width\":640,\"height\":359},{\"@type\":\"BreadcrumbList\",\"@id\":\"https:\\\/\\\/urbeamea.ro\\\/albaiulia\\\/17-iulie-iuliana-tudor-cauta-la-alba-iulia-noi-talente-pentru-sezonul-al-iii-lea-vedeta-populara\\\/#breadcrumb\",\"itemListElement\":[{\"@type\":\"ListItem\",\"position\":1,\"name\":\"Prima pagin\u0103\",\"item\":\"https:\\\/\\\/urbeamea.ro\\\/albaiulia\\\/\"},{\"@type\":\"ListItem\",\"position\":2,\"name\":\"17 iulie: Iuliana Tudor caut\u0103 la Alba Iulia noi talente pentru sezonul al III-lea \u201eVedeta popular\u0103\u201d\"}]},{\"@type\":\"WebSite\",\"@id\":\"https:\\\/\\\/urbeamea.ro\\\/albaiulia\\\/#website\",\"url\":\"https:\\\/\\\/urbeamea.ro\\\/albaiulia\\\/\",\"name\":\"Revista Urbea Mea, Stiri urbane\",\"description\":\"Evenimente \u0219i \u0219tiri din Alba Iulia, Sebe\u0219, Aiud, Blaj\",\"potentialAction\":[{\"@type\":\"SearchAction\",\"target\":{\"@type\":\"EntryPoint\",\"urlTemplate\":\"https:\\\/\\\/urbeamea.ro\\\/albaiulia\\\/?s={search_term_string}\"},\"query-input\":{\"@type\":\"PropertyValueSpecification\",\"valueRequired\":true,\"valueName\":\"search_term_string\"}}],\"inLanguage\":\"ro-RO\"},{\"@type\":\"Person\",\"@id\":\"https:\\\/\\\/urbeamea.ro\\\/albaiulia\\\/#\\\/schema\\\/person\\\/9700d21fae21c4f038b0b56f4506264a\",\"name\":\"Cristina Ganga\",\"image\":{\"@type\":\"ImageObject\",\"inLanguage\":\"ro-RO\",\"@id\":\"https:\\\/\\\/secure.gravatar.com\\\/avatar\\\/5a67661041f057b4a8ccaf26f5a8e86e2689372006d01faf3dd9eeb10b654bb4?s=96&d=mm&r=g\",\"url\":\"https:\\\/\\\/secure.gravatar.com\\\/avatar\\\/5a67661041f057b4a8ccaf26f5a8e86e2689372006d01faf3dd9eeb10b654bb4?s=96&d=mm&r=g\",\"contentUrl\":\"https:\\\/\\\/secure.gravatar.com\\\/avatar\\\/5a67661041f057b4a8ccaf26f5a8e86e2689372006d01faf3dd9eeb10b654bb4?s=96&d=mm&r=g\",\"caption\":\"Cristina Ganga\"},\"description\":\"Jurnalist\",\"sameAs\":[\"https:\\\/\\\/www.facebook.com\\\/cristina.nicola.587\"],\"url\":\"https:\\\/\\\/urbeamea.ro\\\/albaiulia\\\/author\\\/cristina-nicola\\\/\"}]}<\/script>\n<!-- \/ Yoast SEO plugin. -->","yoast_head_json":{"title":"17 iulie: Iuliana Tudor caut\u0103 la Alba Iulia noi talente pentru sezonul al III-lea \u201eVedeta popular\u0103\u201d - Revista Urbea Mea - Revista de Alba","description":"T\u00e2rgu Jiu, Alba Iulia, Bistri\u0163a, Timi\u015foara, Suceava, Tulcea \u015fi Bucure\u015fti sunt ora\u015fele \u00een care Iuliana Tudor \u015fi echipa emisiunii\u00a0 Vedeta popular\u0103 de la TVR","robots":{"index":"index","follow":"follow","max-snippet":"max-snippet:-1","max-image-preview":"max-image-preview:large","max-video-preview":"max-video-preview:-1"},"canonical":"https:\/\/urbeamea.ro\/albaiulia\/17-iulie-iuliana-tudor-cauta-la-alba-iulia-noi-talente-pentru-sezonul-al-iii-lea-vedeta-populara\/","twitter_card":"summary_large_image","twitter_title":"17 iulie: Iuliana Tudor caut\u0103 la Alba Iulia noi talente pentru sezonul al III-lea \u201eVedeta popular\u0103\u201d - Revista Urbea Mea - Revista de Alba","twitter_description":"T\u00e2rgu Jiu, Alba Iulia, Bistri\u0163a, Timi\u015foara, Suceava, Tulcea \u015fi Bucure\u015fti sunt ora\u015fele \u00een care Iuliana Tudor \u015fi echipa emisiunii\u00a0 Vedeta popular\u0103 de la TVR","twitter_image":"https:\/\/urbeamea.ro\/albaiulia\/wp-content\/uploads\/2018\/07\/36980956_1075738125909992_6458925691223146496_n.jpg","twitter_creator":"@urbeameaweb","twitter_site":"@urbeameaweb","schema":{"@context":"https:\/\/schema.org","@graph":[{"@type":"Article","@id":"https:\/\/urbeamea.ro\/albaiulia\/17-iulie-iuliana-tudor-cauta-la-alba-iulia-noi-talente-pentru-sezonul-al-iii-lea-vedeta-populara\/#article","isPartOf":{"@id":"https:\/\/urbeamea.ro\/albaiulia\/17-iulie-iuliana-tudor-cauta-la-alba-iulia-noi-talente-pentru-sezonul-al-iii-lea-vedeta-populara\/"},"author":{"name":"Cristina Ganga","@id":"https:\/\/urbeamea.ro\/albaiulia\/#\/schema\/person\/9700d21fae21c4f038b0b56f4506264a"},"headline":"17 iulie: Iuliana Tudor caut\u0103 la Alba Iulia noi talente pentru sezonul al III-lea \u201eVedeta popular\u0103\u201d","datePublished":"2018-07-13T10:35:57+00:00","mainEntityOfPage":{"@id":"https:\/\/urbeamea.ro\/albaiulia\/17-iulie-iuliana-tudor-cauta-la-alba-iulia-noi-talente-pentru-sezonul-al-iii-lea-vedeta-populara\/"},"wordCount":367,"commentCount":0,"image":{"@id":"https:\/\/urbeamea.ro\/albaiulia\/17-iulie-iuliana-tudor-cauta-la-alba-iulia-noi-talente-pentru-sezonul-al-iii-lea-vedeta-populara\/#primaryimage"},"thumbnailUrl":"https:\/\/urbeamea.ro\/albaiulia\/wp-content\/uploads\/2018\/07\/36980956_1075738125909992_6458925691223146496_n.jpg","keywords":["Alba Iulia","casa de cultura a studentilor","folclor","Iuliana Tudor","preselectii","sezonul al III-lea","stiri","Urbea Mea","vedeta populara"],"articleSection":["Evenimente"],"inLanguage":"ro-RO","potentialAction":[{"@type":"CommentAction","name":"Comment","target":["https:\/\/urbeamea.ro\/albaiulia\/17-iulie-iuliana-tudor-cauta-la-alba-iulia-noi-talente-pentru-sezonul-al-iii-lea-vedeta-populara\/#respond"]}]},{"@type":"WebPage","@id":"https:\/\/urbeamea.ro\/albaiulia\/17-iulie-iuliana-tudor-cauta-la-alba-iulia-noi-talente-pentru-sezonul-al-iii-lea-vedeta-populara\/","url":"https:\/\/urbeamea.ro\/albaiulia\/17-iulie-iuliana-tudor-cauta-la-alba-iulia-noi-talente-pentru-sezonul-al-iii-lea-vedeta-populara\/","name":"17 iulie: Iuliana Tudor caut\u0103 la Alba Iulia noi talente pentru sezonul al III-lea \u201eVedeta popular\u0103\u201d - Revista Urbea Mea - Revista de Alba","isPartOf":{"@id":"https:\/\/urbeamea.ro\/albaiulia\/#website"},"primaryImageOfPage":{"@id":"https:\/\/urbeamea.ro\/albaiulia\/17-iulie-iuliana-tudor-cauta-la-alba-iulia-noi-talente-pentru-sezonul-al-iii-lea-vedeta-populara\/#primaryimage"},"image":{"@id":"https:\/\/urbeamea.ro\/albaiulia\/17-iulie-iuliana-tudor-cauta-la-alba-iulia-noi-talente-pentru-sezonul-al-iii-lea-vedeta-populara\/#primaryimage"},"thumbnailUrl":"https:\/\/urbeamea.ro\/albaiulia\/wp-content\/uploads\/2018\/07\/36980956_1075738125909992_6458925691223146496_n.jpg","datePublished":"2018-07-13T10:35:57+00:00","author":{"@id":"https:\/\/urbeamea.ro\/albaiulia\/#\/schema\/person\/9700d21fae21c4f038b0b56f4506264a"},"description":"T\u00e2rgu Jiu, Alba Iulia, Bistri\u0163a, Timi\u015foara, Suceava, Tulcea \u015fi Bucure\u015fti sunt ora\u015fele \u00een care Iuliana Tudor \u015fi echipa emisiunii\u00a0 Vedeta popular\u0103 de la TVR","breadcrumb":{"@id":"https:\/\/urbeamea.ro\/albaiulia\/17-iulie-iuliana-tudor-cauta-la-alba-iulia-noi-talente-pentru-sezonul-al-iii-lea-vedeta-populara\/#breadcrumb"},"inLanguage":"ro-RO","potentialAction":[{"@type":"ReadAction","target":["https:\/\/urbeamea.ro\/albaiulia\/17-iulie-iuliana-tudor-cauta-la-alba-iulia-noi-talente-pentru-sezonul-al-iii-lea-vedeta-populara\/"]}]},{"@type":"ImageObject","inLanguage":"ro-RO","@id":"https:\/\/urbeamea.ro\/albaiulia\/17-iulie-iuliana-tudor-cauta-la-alba-iulia-noi-talente-pentru-sezonul-al-iii-lea-vedeta-populara\/#primaryimage","url":"https:\/\/urbeamea.ro\/albaiulia\/wp-content\/uploads\/2018\/07\/36980956_1075738125909992_6458925691223146496_n.jpg","contentUrl":"https:\/\/urbeamea.ro\/albaiulia\/wp-content\/uploads\/2018\/07\/36980956_1075738125909992_6458925691223146496_n.jpg","width":640,"height":359},{"@type":"BreadcrumbList","@id":"https:\/\/urbeamea.ro\/albaiulia\/17-iulie-iuliana-tudor-cauta-la-alba-iulia-noi-talente-pentru-sezonul-al-iii-lea-vedeta-populara\/#breadcrumb","itemListElement":[{"@type":"ListItem","position":1,"name":"Prima pagin\u0103","item":"https:\/\/urbeamea.ro\/albaiulia\/"},{"@type":"ListItem","position":2,"name":"17 iulie: Iuliana Tudor caut\u0103 la Alba Iulia noi talente pentru sezonul al III-lea \u201eVedeta popular\u0103\u201d"}]},{"@type":"WebSite","@id":"https:\/\/urbeamea.ro\/albaiulia\/#website","url":"https:\/\/urbeamea.ro\/albaiulia\/","name":"Revista Urbea Mea, Stiri urbane","description":"Evenimente \u0219i \u0219tiri din Alba Iulia, Sebe\u0219, Aiud, Blaj","potentialAction":[{"@type":"SearchAction","target":{"@type":"EntryPoint","urlTemplate":"https:\/\/urbeamea.ro\/albaiulia\/?s={search_term_string}"},"query-input":{"@type":"PropertyValueSpecification","valueRequired":true,"valueName":"search_term_string"}}],"inLanguage":"ro-RO"},{"@type":"Person","@id":"https:\/\/urbeamea.ro\/albaiulia\/#\/schema\/person\/9700d21fae21c4f038b0b56f4506264a","name":"Cristina Ganga","image":{"@type":"ImageObject","inLanguage":"ro-RO","@id":"https:\/\/secure.gravatar.com\/avatar\/5a67661041f057b4a8ccaf26f5a8e86e2689372006d01faf3dd9eeb10b654bb4?s=96&d=mm&r=g","url":"https:\/\/secure.gravatar.com\/avatar\/5a67661041f057b4a8ccaf26f5a8e86e2689372006d01faf3dd9eeb10b654bb4?s=96&d=mm&r=g","contentUrl":"https:\/\/secure.gravatar.com\/avatar\/5a67661041f057b4a8ccaf26f5a8e86e2689372006d01faf3dd9eeb10b654bb4?s=96&d=mm&r=g","caption":"Cristina Ganga"},"description":"Jurnalist","sameAs":["https:\/\/www.facebook.com\/cristina.nicola.587"],"url":"https:\/\/urbeamea.ro\/albaiulia\/author\/cristina-nicola\/"}]}},"_links":{"self":[{"href":"https:\/\/urbeamea.ro\/albaiulia\/wp-json\/wp\/v2\/posts\/65512","targetHints":{"allow":["GET"]}}],"collection":[{"href":"https:\/\/urbeamea.ro\/albaiulia\/wp-json\/wp\/v2\/posts"}],"about":[{"href":"https:\/\/urbeamea.ro\/albaiulia\/wp-json\/wp\/v2\/types\/post"}],"author":[{"embeddable":true,"href":"https:\/\/urbeamea.ro\/albaiulia\/wp-json\/wp\/v2\/users\/17"}],"replies":[{"embeddable":true,"href":"https:\/\/urbeamea.ro\/albaiulia\/wp-json\/wp\/v2\/comments?post=65512"}],"version-history":[{"count":0,"href":"https:\/\/urbeamea.ro\/albaiulia\/wp-json\/wp\/v2\/posts\/65512\/revisions"}],"wp:featuredmedia":[{"embeddable":true,"href":"https:\/\/urbeamea.ro\/albaiulia\/wp-json\/wp\/v2\/media\/65513"}],"wp:attachment":[{"href":"https:\/\/urbeamea.ro\/albaiulia\/wp-json\/wp\/v2\/media?parent=65512"}],"wp:term":[{"taxonomy":"category","embeddable":true,"href":"https:\/\/urbeamea.ro\/albaiulia\/wp-json\/wp\/v2\/categories?post=65512"},{"taxonomy":"post_tag","embeddable":true,"href":"https:\/\/urbeamea.ro\/albaiulia\/wp-json\/wp\/v2\/tags?post=65512"}],"curies":[{"name":"wp","href":"https:\/\/api.w.org\/{rel}","templated":true}]}}