{"id":65647,"date":"2018-07-19T14:15:43","date_gmt":"2018-07-19T11:15:43","guid":{"rendered":"https:\/\/urbeamea.ro\/albaiulia\/?p=65647"},"modified":"2018-07-19T14:15:43","modified_gmt":"2018-07-19T11:15:43","slug":"foto-feeric-fashion-week-ziua-a-doua-de-la-palatul-buckingham-la-sibiu","status":"publish","type":"post","link":"https:\/\/urbeamea.ro\/albaiulia\/foto-feeric-fashion-week-ziua-a-doua-de-la-palatul-buckingham-la-sibiu\/","title":{"rendered":"FOTO: Feeric Fashion Week, ziua a doua. De la Palatul Buckingham la Sibiu"},"content":{"rendered":"<p><strong>Cea de-a doua zi a celei de-a 11-a edi\u021bii a Feeric Fashion Week a debutat cu un show extrem de spectaculos, pe Pasajul Sc\u0103rilor, \u00een centrul vechi al Sibiului. Designerii new-york-ezi din spatele brandului Cat &amp; King au prezentat colec\u021bia Eroina, o colec\u021bie toamn\u0103-iarn\u0103 inspirat\u0103 din literatura romantic\u0103 a secolului 18. Piesele colec\u021biei au inspira\u021bie militar\u0103 \u0219i vorbesc despre o lume decadent\u0103 \u0219i supranatural\u0103, \u00een care eroina nu se teme s\u0103 exploreze necunoscutul.<\/strong><\/p>\n<p>Apoi, brandul argentinian Ocantos a scos la lumin\u0103 o nou\u0103 colec\u021bie plin\u0103 de farmec \u0219i culoare, prezentat\u0103 publicului \u00een decorul superb al Clubului Ecvestru. Inspirat\u0103 din majestuozitatea cabalinelor \u0219i din jocul de polo c\u0103lare, colec\u021bia lui Eduardo Ocantos a smuls ropote de aplauze din partea publicului. Ultima prezentare individual\u0103 a zilei a apar\u021binut designerilor maltezi Charles &amp; Ron, unii dintre primii designeri str\u0103ini ce au participat la Feeric Fashion Week. Colec\u021bia celor doi designeri a fost prezentat\u0103 la \u00eenceputul acestui an la Palatul Brukenthal, \u00een cadrul Commonwealt Fashion Exchange \u0219i a fost extrem de l\u0103udat\u0103 de Anna Wintour \u0219i Naomi Campbell, prezente la eveniment al\u0103turi de ducesa de Cambridge, Kate Middleton. Colec\u021bia este inspitat\u0103 din comorile opulente ale insulelor malteze \u0219i \u00een special din Palazzo Parisio, unul dintre locurile preferate ale celor doi designeri.<\/p>\n<p>Prima sear\u0103 \u00een Feeric Venue a fost deschis\u0103 de show-ul atipic conceput de designerul sibian Adriana Goilav. I Am este o colec\u021bie capsul\u0103, cu un titlu simbolic. Piesele vestimentare \u00eengem\u0103nate \u00eentre ele prezint\u0103 un caracter simbiotic a \u201ecine suntem noi&#8221;. Colec\u021bia a fost realizat\u0103 cu sprijinul echipei Mendel Collective iar spectacolul a fost regizat de C\u0103t\u0103lin Boc\u00eernea. Apoi, cei 33 de tineri designeri selecta\u021bi pentru concursul Feeric 33 \u0219i-au expus crea\u021biile \u00een fa\u021ba juriului interna\u021bional venit la Sibiu pentru aceast\u0103 competi\u021bie. Fiecare designer a prezentat c\u00e2te trei piese de \u00eembr\u0103c\u0103minte, iar rezultatele vor fi comunicate m\u00e2ine. Marele premiu al concursului este un contract \u00een valoare de 30.000 de euro ce \u00eel va aduce pe c\u00e2\u0219tig\u0103tor pe marea scen\u0103 a modei europene.<\/p>\n<p><img loading=\"lazy\" decoding=\"async\" class=\"size-medium wp-image-65649 aligncenter\" src=\"https:\/\/urbeamea.ro\/albaiulia\/wp-content\/uploads\/2018\/07\/6789fbb8-9355-4040-869a-bcba556c1aa9-640x426.jpg\" alt=\"\" width=\"640\" height=\"426\" srcset=\"https:\/\/urbeamea.ro\/albaiulia\/wp-content\/uploads\/2018\/07\/6789fbb8-9355-4040-869a-bcba556c1aa9-640x426.jpg 640w, https:\/\/urbeamea.ro\/albaiulia\/wp-content\/uploads\/2018\/07\/6789fbb8-9355-4040-869a-bcba556c1aa9-150x100.jpg 150w, https:\/\/urbeamea.ro\/albaiulia\/wp-content\/uploads\/2018\/07\/6789fbb8-9355-4040-869a-bcba556c1aa9-768x511.jpg 768w, https:\/\/urbeamea.ro\/albaiulia\/wp-content\/uploads\/2018\/07\/6789fbb8-9355-4040-869a-bcba556c1aa9.jpg 1169w\" sizes=\"auto, (max-width: 640px) 100vw, 640px\" \/><\/p>\n<p>Ziua de ast\u0103zi va fi deschis\u0103 de patru show-uri ce vor avea loc \u00een Feeric Venue, la REdal Expo, de la ora 13. Apoi, designerul rom\u00e2n Bianca Popp prezint\u0103 o nou\u0103 colec\u021bie \u00een depozitul de f\u0103in\u0103 al Morii Cibin, la fabrica Boromir, prezentare ce va fi precedat\u0103 de un moment de balet organizat \u00een colaborare cu Teatrul de Balet din Sibiu. Seara se \u00eencheie \u00een decorul superb al Palatului de Var\u0103 Brukenthal din Avrig, unde publicul este a\u0219teptat la o seara 100% sud-american\u0103. Pia Carregal va deschide seara cu un show plin de inedit, pe sc\u0103rile ce coboar\u0103 spre Oranjeria palatului. La finalul show-ului, oaspe\u021bii sunt invita\u021bi la Argentinian Garden Party, o petrecere plin\u0103 de savoare sud-american\u0103, unde se vor degusta produse specifice buc\u0103t\u0103riei argentiniene, \u00een avanpremiera programului Sibiu Regiune Gastronomic\u0103 European\u0103.<\/p>\n<p><img loading=\"lazy\" decoding=\"async\" class=\"size-medium wp-image-65650 aligncenter\" src=\"https:\/\/urbeamea.ro\/albaiulia\/wp-content\/uploads\/2018\/07\/28496034-70e9-4a22-b935-c54f2c9ab0c6-640x426.jpg\" alt=\"\" width=\"640\" height=\"426\" srcset=\"https:\/\/urbeamea.ro\/albaiulia\/wp-content\/uploads\/2018\/07\/28496034-70e9-4a22-b935-c54f2c9ab0c6-640x426.jpg 640w, https:\/\/urbeamea.ro\/albaiulia\/wp-content\/uploads\/2018\/07\/28496034-70e9-4a22-b935-c54f2c9ab0c6-150x100.jpg 150w, https:\/\/urbeamea.ro\/albaiulia\/wp-content\/uploads\/2018\/07\/28496034-70e9-4a22-b935-c54f2c9ab0c6-768x511.jpg 768w, https:\/\/urbeamea.ro\/albaiulia\/wp-content\/uploads\/2018\/07\/28496034-70e9-4a22-b935-c54f2c9ab0c6.jpg 1024w\" sizes=\"auto, (max-width: 640px) 100vw, 640px\" \/><\/p>\n<p>Feeric Fashion Week are loc \u00eentre 17 \u0219i 22 iulie, la Sibiu. Evenimentul este cofinan\u021bat de Consiliul Local Sibiu prin Prim\u0103ria Municipiului Sibiu \u0219i de Consiliul Jude\u021bean Sibiu.<\/p>\n<p><em>Credit foto: Cristian Cojocariu \/ Focus Events<\/em><\/p>\n","protected":false},"excerpt":{"rendered":"<p>Cea de-a doua zi a celei de-a 11-a edi\u021bii a Feeric Fashion Week a debutat cu un show extrem de spectaculos, pe Pasajul Sc\u0103rilor, \u00een centrul vechi al Sibiului. Designerii new-york-ezi din spatele brandului Cat &amp; King au prezentat colec\u021bia Eroina, o colec\u021bie toamn\u0103-iarn\u0103 inspirat\u0103 din literatura romantic\u0103 a secolului 18. Piesele colec\u021biei au inspira\u021bie &hellip;<\/p>\n","protected":false},"author":17,"featured_media":65648,"comment_status":"open","ping_status":"open","sticky":false,"template":"","format":"standard","meta":{"inline_featured_image":false,"footnotes":""},"categories":[4],"tags":[307,15767,795,6229,15766,6231,680,308,76],"class_list":["post-65647","post","type-post","status-publish","format-standard","has-post-thumbnail","hentry","category-eveniment","tag-alba","tag-branduri","tag-colectii","tag-feeric-fashion-week","tag-pasajul-scarilor","tag-prezentari-de-moda","tag-sibiu","tag-stiri","tag-urbea-mea"],"yoast_head":"<!-- This site is optimized with the Yoast SEO plugin v28.3 - https:\/\/yoast.com\/product\/yoast-seo-wordpress\/ -->\n<title>FOTO: Feeric Fashion Week, ziua a doua. De la Palatul Buckingham la Sibiu - Revista Urbea Mea - Revista de Alba<\/title>\n<meta name=\"description\" content=\"Cea de-a doua zi a celei de-a 11-a edi\u021bii a Feeric Fashion Week a debutat cu un show extrem de spectaculos, pe Pasajul Sc\u0103rilor, \u00een centrul vechi al\" \/>\n<meta name=\"robots\" content=\"index, follow, max-snippet:-1, max-image-preview:large, max-video-preview:-1\" \/>\n<link rel=\"canonical\" href=\"https:\/\/urbeamea.ro\/albaiulia\/foto-feeric-fashion-week-ziua-a-doua-de-la-palatul-buckingham-la-sibiu\/\" \/>\n<meta name=\"twitter:card\" content=\"summary_large_image\" \/>\n<meta name=\"twitter:title\" content=\"FOTO: Feeric Fashion Week, ziua a doua. De la Palatul Buckingham la Sibiu - Revista Urbea Mea - Revista de Alba\" \/>\n<meta name=\"twitter:description\" content=\"Cea de-a doua zi a celei de-a 11-a edi\u021bii a Feeric Fashion Week a debutat cu un show extrem de spectaculos, pe Pasajul Sc\u0103rilor, \u00een centrul vechi al\" \/>\n<meta name=\"twitter:image\" content=\"https:\/\/urbeamea.ro\/albaiulia\/wp-content\/uploads\/2018\/07\/7caa472c-b563-4e2b-b208-5bdc4cdad4c7.jpg\" \/>\n<meta name=\"twitter:creator\" content=\"@urbeameaweb\" \/>\n<meta name=\"twitter:site\" content=\"@urbeameaweb\" \/>\n<script type=\"application\/ld+json\" class=\"yoast-schema-graph\">{\"@context\":\"https:\\\/\\\/schema.org\",\"@graph\":[{\"@type\":\"Article\",\"@id\":\"https:\\\/\\\/urbeamea.ro\\\/albaiulia\\\/foto-feeric-fashion-week-ziua-a-doua-de-la-palatul-buckingham-la-sibiu\\\/#article\",\"isPartOf\":{\"@id\":\"https:\\\/\\\/urbeamea.ro\\\/albaiulia\\\/foto-feeric-fashion-week-ziua-a-doua-de-la-palatul-buckingham-la-sibiu\\\/\"},\"author\":{\"name\":\"Cristina Ganga\",\"@id\":\"https:\\\/\\\/urbeamea.ro\\\/albaiulia\\\/#\\\/schema\\\/person\\\/9700d21fae21c4f038b0b56f4506264a\"},\"headline\":\"FOTO: Feeric Fashion Week, ziua a doua. De la Palatul Buckingham la Sibiu\",\"datePublished\":\"2018-07-19T11:15:43+00:00\",\"mainEntityOfPage\":{\"@id\":\"https:\\\/\\\/urbeamea.ro\\\/albaiulia\\\/foto-feeric-fashion-week-ziua-a-doua-de-la-palatul-buckingham-la-sibiu\\\/\"},\"wordCount\":545,\"commentCount\":0,\"image\":{\"@id\":\"https:\\\/\\\/urbeamea.ro\\\/albaiulia\\\/foto-feeric-fashion-week-ziua-a-doua-de-la-palatul-buckingham-la-sibiu\\\/#primaryimage\"},\"thumbnailUrl\":\"https:\\\/\\\/urbeamea.ro\\\/albaiulia\\\/wp-content\\\/uploads\\\/2018\\\/07\\\/7caa472c-b563-4e2b-b208-5bdc4cdad4c7.jpg\",\"keywords\":[\"alba\",\"branduri\",\"colectii\",\"feeric fashion week\",\"pasajul scarilor\",\"prezentari de moda\",\"sibiu\",\"stiri\",\"Urbea Mea\"],\"articleSection\":[\"Evenimente\"],\"inLanguage\":\"ro-RO\",\"potentialAction\":[{\"@type\":\"CommentAction\",\"name\":\"Comment\",\"target\":[\"https:\\\/\\\/urbeamea.ro\\\/albaiulia\\\/foto-feeric-fashion-week-ziua-a-doua-de-la-palatul-buckingham-la-sibiu\\\/#respond\"]}]},{\"@type\":\"WebPage\",\"@id\":\"https:\\\/\\\/urbeamea.ro\\\/albaiulia\\\/foto-feeric-fashion-week-ziua-a-doua-de-la-palatul-buckingham-la-sibiu\\\/\",\"url\":\"https:\\\/\\\/urbeamea.ro\\\/albaiulia\\\/foto-feeric-fashion-week-ziua-a-doua-de-la-palatul-buckingham-la-sibiu\\\/\",\"name\":\"FOTO: Feeric Fashion Week, ziua a doua. De la Palatul Buckingham la Sibiu - Revista Urbea Mea - Revista de Alba\",\"isPartOf\":{\"@id\":\"https:\\\/\\\/urbeamea.ro\\\/albaiulia\\\/#website\"},\"primaryImageOfPage\":{\"@id\":\"https:\\\/\\\/urbeamea.ro\\\/albaiulia\\\/foto-feeric-fashion-week-ziua-a-doua-de-la-palatul-buckingham-la-sibiu\\\/#primaryimage\"},\"image\":{\"@id\":\"https:\\\/\\\/urbeamea.ro\\\/albaiulia\\\/foto-feeric-fashion-week-ziua-a-doua-de-la-palatul-buckingham-la-sibiu\\\/#primaryimage\"},\"thumbnailUrl\":\"https:\\\/\\\/urbeamea.ro\\\/albaiulia\\\/wp-content\\\/uploads\\\/2018\\\/07\\\/7caa472c-b563-4e2b-b208-5bdc4cdad4c7.jpg\",\"datePublished\":\"2018-07-19T11:15:43+00:00\",\"author\":{\"@id\":\"https:\\\/\\\/urbeamea.ro\\\/albaiulia\\\/#\\\/schema\\\/person\\\/9700d21fae21c4f038b0b56f4506264a\"},\"description\":\"Cea de-a doua zi a celei de-a 11-a edi\u021bii a Feeric Fashion Week a debutat cu un show extrem de spectaculos, pe Pasajul Sc\u0103rilor, \u00een centrul vechi al\",\"breadcrumb\":{\"@id\":\"https:\\\/\\\/urbeamea.ro\\\/albaiulia\\\/foto-feeric-fashion-week-ziua-a-doua-de-la-palatul-buckingham-la-sibiu\\\/#breadcrumb\"},\"inLanguage\":\"ro-RO\",\"potentialAction\":[{\"@type\":\"ReadAction\",\"target\":[\"https:\\\/\\\/urbeamea.ro\\\/albaiulia\\\/foto-feeric-fashion-week-ziua-a-doua-de-la-palatul-buckingham-la-sibiu\\\/\"]}]},{\"@type\":\"ImageObject\",\"inLanguage\":\"ro-RO\",\"@id\":\"https:\\\/\\\/urbeamea.ro\\\/albaiulia\\\/foto-feeric-fashion-week-ziua-a-doua-de-la-palatul-buckingham-la-sibiu\\\/#primaryimage\",\"url\":\"https:\\\/\\\/urbeamea.ro\\\/albaiulia\\\/wp-content\\\/uploads\\\/2018\\\/07\\\/7caa472c-b563-4e2b-b208-5bdc4cdad4c7.jpg\",\"contentUrl\":\"https:\\\/\\\/urbeamea.ro\\\/albaiulia\\\/wp-content\\\/uploads\\\/2018\\\/07\\\/7caa472c-b563-4e2b-b208-5bdc4cdad4c7.jpg\",\"width\":1302,\"height\":866},{\"@type\":\"BreadcrumbList\",\"@id\":\"https:\\\/\\\/urbeamea.ro\\\/albaiulia\\\/foto-feeric-fashion-week-ziua-a-doua-de-la-palatul-buckingham-la-sibiu\\\/#breadcrumb\",\"itemListElement\":[{\"@type\":\"ListItem\",\"position\":1,\"name\":\"Prima pagin\u0103\",\"item\":\"https:\\\/\\\/urbeamea.ro\\\/albaiulia\\\/\"},{\"@type\":\"ListItem\",\"position\":2,\"name\":\"FOTO: Feeric Fashion Week, ziua a doua. De la Palatul Buckingham la Sibiu\"}]},{\"@type\":\"WebSite\",\"@id\":\"https:\\\/\\\/urbeamea.ro\\\/albaiulia\\\/#website\",\"url\":\"https:\\\/\\\/urbeamea.ro\\\/albaiulia\\\/\",\"name\":\"Revista Urbea Mea, Stiri urbane\",\"description\":\"Evenimente \u0219i \u0219tiri din Alba Iulia, Sebe\u0219, Aiud, Blaj\",\"potentialAction\":[{\"@type\":\"SearchAction\",\"target\":{\"@type\":\"EntryPoint\",\"urlTemplate\":\"https:\\\/\\\/urbeamea.ro\\\/albaiulia\\\/?s={search_term_string}\"},\"query-input\":{\"@type\":\"PropertyValueSpecification\",\"valueRequired\":true,\"valueName\":\"search_term_string\"}}],\"inLanguage\":\"ro-RO\"},{\"@type\":\"Person\",\"@id\":\"https:\\\/\\\/urbeamea.ro\\\/albaiulia\\\/#\\\/schema\\\/person\\\/9700d21fae21c4f038b0b56f4506264a\",\"name\":\"Cristina Ganga\",\"image\":{\"@type\":\"ImageObject\",\"inLanguage\":\"ro-RO\",\"@id\":\"https:\\\/\\\/secure.gravatar.com\\\/avatar\\\/5a67661041f057b4a8ccaf26f5a8e86e2689372006d01faf3dd9eeb10b654bb4?s=96&d=mm&r=g\",\"url\":\"https:\\\/\\\/secure.gravatar.com\\\/avatar\\\/5a67661041f057b4a8ccaf26f5a8e86e2689372006d01faf3dd9eeb10b654bb4?s=96&d=mm&r=g\",\"contentUrl\":\"https:\\\/\\\/secure.gravatar.com\\\/avatar\\\/5a67661041f057b4a8ccaf26f5a8e86e2689372006d01faf3dd9eeb10b654bb4?s=96&d=mm&r=g\",\"caption\":\"Cristina Ganga\"},\"description\":\"Jurnalist\",\"sameAs\":[\"https:\\\/\\\/www.facebook.com\\\/cristina.nicola.587\"],\"url\":\"https:\\\/\\\/urbeamea.ro\\\/albaiulia\\\/author\\\/cristina-nicola\\\/\"}]}<\/script>\n<!-- \/ Yoast SEO plugin. -->","yoast_head_json":{"title":"FOTO: Feeric Fashion Week, ziua a doua. De la Palatul Buckingham la Sibiu - Revista Urbea Mea - Revista de Alba","description":"Cea de-a doua zi a celei de-a 11-a edi\u021bii a Feeric Fashion Week a debutat cu un show extrem de spectaculos, pe Pasajul Sc\u0103rilor, \u00een centrul vechi al","robots":{"index":"index","follow":"follow","max-snippet":"max-snippet:-1","max-image-preview":"max-image-preview:large","max-video-preview":"max-video-preview:-1"},"canonical":"https:\/\/urbeamea.ro\/albaiulia\/foto-feeric-fashion-week-ziua-a-doua-de-la-palatul-buckingham-la-sibiu\/","twitter_card":"summary_large_image","twitter_title":"FOTO: Feeric Fashion Week, ziua a doua. De la Palatul Buckingham la Sibiu - Revista Urbea Mea - Revista de Alba","twitter_description":"Cea de-a doua zi a celei de-a 11-a edi\u021bii a Feeric Fashion Week a debutat cu un show extrem de spectaculos, pe Pasajul Sc\u0103rilor, \u00een centrul vechi al","twitter_image":"https:\/\/urbeamea.ro\/albaiulia\/wp-content\/uploads\/2018\/07\/7caa472c-b563-4e2b-b208-5bdc4cdad4c7.jpg","twitter_creator":"@urbeameaweb","twitter_site":"@urbeameaweb","schema":{"@context":"https:\/\/schema.org","@graph":[{"@type":"Article","@id":"https:\/\/urbeamea.ro\/albaiulia\/foto-feeric-fashion-week-ziua-a-doua-de-la-palatul-buckingham-la-sibiu\/#article","isPartOf":{"@id":"https:\/\/urbeamea.ro\/albaiulia\/foto-feeric-fashion-week-ziua-a-doua-de-la-palatul-buckingham-la-sibiu\/"},"author":{"name":"Cristina Ganga","@id":"https:\/\/urbeamea.ro\/albaiulia\/#\/schema\/person\/9700d21fae21c4f038b0b56f4506264a"},"headline":"FOTO: Feeric Fashion Week, ziua a doua. De la Palatul Buckingham la Sibiu","datePublished":"2018-07-19T11:15:43+00:00","mainEntityOfPage":{"@id":"https:\/\/urbeamea.ro\/albaiulia\/foto-feeric-fashion-week-ziua-a-doua-de-la-palatul-buckingham-la-sibiu\/"},"wordCount":545,"commentCount":0,"image":{"@id":"https:\/\/urbeamea.ro\/albaiulia\/foto-feeric-fashion-week-ziua-a-doua-de-la-palatul-buckingham-la-sibiu\/#primaryimage"},"thumbnailUrl":"https:\/\/urbeamea.ro\/albaiulia\/wp-content\/uploads\/2018\/07\/7caa472c-b563-4e2b-b208-5bdc4cdad4c7.jpg","keywords":["alba","branduri","colectii","feeric fashion week","pasajul scarilor","prezentari de moda","sibiu","stiri","Urbea Mea"],"articleSection":["Evenimente"],"inLanguage":"ro-RO","potentialAction":[{"@type":"CommentAction","name":"Comment","target":["https:\/\/urbeamea.ro\/albaiulia\/foto-feeric-fashion-week-ziua-a-doua-de-la-palatul-buckingham-la-sibiu\/#respond"]}]},{"@type":"WebPage","@id":"https:\/\/urbeamea.ro\/albaiulia\/foto-feeric-fashion-week-ziua-a-doua-de-la-palatul-buckingham-la-sibiu\/","url":"https:\/\/urbeamea.ro\/albaiulia\/foto-feeric-fashion-week-ziua-a-doua-de-la-palatul-buckingham-la-sibiu\/","name":"FOTO: Feeric Fashion Week, ziua a doua. De la Palatul Buckingham la Sibiu - Revista Urbea Mea - Revista de Alba","isPartOf":{"@id":"https:\/\/urbeamea.ro\/albaiulia\/#website"},"primaryImageOfPage":{"@id":"https:\/\/urbeamea.ro\/albaiulia\/foto-feeric-fashion-week-ziua-a-doua-de-la-palatul-buckingham-la-sibiu\/#primaryimage"},"image":{"@id":"https:\/\/urbeamea.ro\/albaiulia\/foto-feeric-fashion-week-ziua-a-doua-de-la-palatul-buckingham-la-sibiu\/#primaryimage"},"thumbnailUrl":"https:\/\/urbeamea.ro\/albaiulia\/wp-content\/uploads\/2018\/07\/7caa472c-b563-4e2b-b208-5bdc4cdad4c7.jpg","datePublished":"2018-07-19T11:15:43+00:00","author":{"@id":"https:\/\/urbeamea.ro\/albaiulia\/#\/schema\/person\/9700d21fae21c4f038b0b56f4506264a"},"description":"Cea de-a doua zi a celei de-a 11-a edi\u021bii a Feeric Fashion Week a debutat cu un show extrem de spectaculos, pe Pasajul Sc\u0103rilor, \u00een centrul vechi al","breadcrumb":{"@id":"https:\/\/urbeamea.ro\/albaiulia\/foto-feeric-fashion-week-ziua-a-doua-de-la-palatul-buckingham-la-sibiu\/#breadcrumb"},"inLanguage":"ro-RO","potentialAction":[{"@type":"ReadAction","target":["https:\/\/urbeamea.ro\/albaiulia\/foto-feeric-fashion-week-ziua-a-doua-de-la-palatul-buckingham-la-sibiu\/"]}]},{"@type":"ImageObject","inLanguage":"ro-RO","@id":"https:\/\/urbeamea.ro\/albaiulia\/foto-feeric-fashion-week-ziua-a-doua-de-la-palatul-buckingham-la-sibiu\/#primaryimage","url":"https:\/\/urbeamea.ro\/albaiulia\/wp-content\/uploads\/2018\/07\/7caa472c-b563-4e2b-b208-5bdc4cdad4c7.jpg","contentUrl":"https:\/\/urbeamea.ro\/albaiulia\/wp-content\/uploads\/2018\/07\/7caa472c-b563-4e2b-b208-5bdc4cdad4c7.jpg","width":1302,"height":866},{"@type":"BreadcrumbList","@id":"https:\/\/urbeamea.ro\/albaiulia\/foto-feeric-fashion-week-ziua-a-doua-de-la-palatul-buckingham-la-sibiu\/#breadcrumb","itemListElement":[{"@type":"ListItem","position":1,"name":"Prima pagin\u0103","item":"https:\/\/urbeamea.ro\/albaiulia\/"},{"@type":"ListItem","position":2,"name":"FOTO: Feeric Fashion Week, ziua a doua. De la Palatul Buckingham la Sibiu"}]},{"@type":"WebSite","@id":"https:\/\/urbeamea.ro\/albaiulia\/#website","url":"https:\/\/urbeamea.ro\/albaiulia\/","name":"Revista Urbea Mea, Stiri urbane","description":"Evenimente \u0219i \u0219tiri din Alba Iulia, Sebe\u0219, Aiud, Blaj","potentialAction":[{"@type":"SearchAction","target":{"@type":"EntryPoint","urlTemplate":"https:\/\/urbeamea.ro\/albaiulia\/?s={search_term_string}"},"query-input":{"@type":"PropertyValueSpecification","valueRequired":true,"valueName":"search_term_string"}}],"inLanguage":"ro-RO"},{"@type":"Person","@id":"https:\/\/urbeamea.ro\/albaiulia\/#\/schema\/person\/9700d21fae21c4f038b0b56f4506264a","name":"Cristina Ganga","image":{"@type":"ImageObject","inLanguage":"ro-RO","@id":"https:\/\/secure.gravatar.com\/avatar\/5a67661041f057b4a8ccaf26f5a8e86e2689372006d01faf3dd9eeb10b654bb4?s=96&d=mm&r=g","url":"https:\/\/secure.gravatar.com\/avatar\/5a67661041f057b4a8ccaf26f5a8e86e2689372006d01faf3dd9eeb10b654bb4?s=96&d=mm&r=g","contentUrl":"https:\/\/secure.gravatar.com\/avatar\/5a67661041f057b4a8ccaf26f5a8e86e2689372006d01faf3dd9eeb10b654bb4?s=96&d=mm&r=g","caption":"Cristina Ganga"},"description":"Jurnalist","sameAs":["https:\/\/www.facebook.com\/cristina.nicola.587"],"url":"https:\/\/urbeamea.ro\/albaiulia\/author\/cristina-nicola\/"}]}},"_links":{"self":[{"href":"https:\/\/urbeamea.ro\/albaiulia\/wp-json\/wp\/v2\/posts\/65647","targetHints":{"allow":["GET"]}}],"collection":[{"href":"https:\/\/urbeamea.ro\/albaiulia\/wp-json\/wp\/v2\/posts"}],"about":[{"href":"https:\/\/urbeamea.ro\/albaiulia\/wp-json\/wp\/v2\/types\/post"}],"author":[{"embeddable":true,"href":"https:\/\/urbeamea.ro\/albaiulia\/wp-json\/wp\/v2\/users\/17"}],"replies":[{"embeddable":true,"href":"https:\/\/urbeamea.ro\/albaiulia\/wp-json\/wp\/v2\/comments?post=65647"}],"version-history":[{"count":0,"href":"https:\/\/urbeamea.ro\/albaiulia\/wp-json\/wp\/v2\/posts\/65647\/revisions"}],"wp:featuredmedia":[{"embeddable":true,"href":"https:\/\/urbeamea.ro\/albaiulia\/wp-json\/wp\/v2\/media\/65648"}],"wp:attachment":[{"href":"https:\/\/urbeamea.ro\/albaiulia\/wp-json\/wp\/v2\/media?parent=65647"}],"wp:term":[{"taxonomy":"category","embeddable":true,"href":"https:\/\/urbeamea.ro\/albaiulia\/wp-json\/wp\/v2\/categories?post=65647"},{"taxonomy":"post_tag","embeddable":true,"href":"https:\/\/urbeamea.ro\/albaiulia\/wp-json\/wp\/v2\/tags?post=65647"}],"curies":[{"name":"wp","href":"https:\/\/api.w.org\/{rel}","templated":true}]}}