{"id":65892,"date":"2018-07-25T12:34:47","date_gmt":"2018-07-25T09:34:47","guid":{"rendered":"https:\/\/urbeamea.ro\/albaiulia\/?p=65892"},"modified":"2018-07-25T12:34:47","modified_gmt":"2018-07-25T09:34:47","slug":"cum-sa-iti-amenajezi-si-sa-decorezi-locuinta-in-stil-vintage","status":"publish","type":"post","link":"https:\/\/urbeamea.ro\/albaiulia\/cum-sa-iti-amenajezi-si-sa-decorezi-locuinta-in-stil-vintage\/","title":{"rendered":"Cum s\u0103 \u00ee\u0163i amenajezi \u015fi s\u0103 decorezi locuin\u0163a \u00een stil vintage"},"content":{"rendered":"<p>E\u015fti o persoan\u0103 romantic\u0103, vis\u0103toare, apreciezi bunul gust, ai un sim\u0163 estetic dezoltat \u015fi o pasiune de nedescris pentru perioada vintage? \u00ce\u0163i dore\u015fti s\u0103 transpui aceast\u0103 epoc\u0103 nu numai prin accentele stilistice \u015fi vestimentare, chiar \u015fi \u00een felul \u00een care arat\u0103 casa ta? \u00ce\u0163i dore\u015fti un dormitor unic, special \u00een care, atunci c\u00e2nd p\u0103\u015fe\u015fti, s\u0103 redescoperi o alt\u0103 lume \u015fi s\u0103 te sim\u0163i o persoan\u0103 important\u0103, elegant\u0103?<\/p>\n<h2>Dac\u0103 vrei ca rafinamentul \u015fi elegan\u0163a s\u0103 defineasc\u0103 locuin\u0163a ta, descoper\u0103 cum po\u0163i s\u0103 \u00ee\u0163i amenajezi casa \u00een stil vintage!<\/h2>\n<p><strong><em>F\u0103 din dormitorul t\u0103u un spa\u0163iu original, \u00eenc\u0103rcat de istorie \u015fi expresivitate!<\/em><\/strong><\/p>\n<p>Dormitorul este una dintre cele mai importante \u00eenc\u0103peri ale casei tale, locul in care te relaxezi \u015fi \u00ee\u0163i g\u0103se\u015fti pacea \u015fi lini\u015ftea interioar\u0103. Dac\u0103 \u00ee\u0163i dore\u015fti ca dormitorul s\u0103 fie spectaculos, s\u0103 aib\u0103 un aer luxos \u015fi elegant, ar trebui s\u0103 acorzi aten\u0163ie anumitor detalii destul de semnificative, definitorii chiar pentru stilul vintage.<\/p>\n<ul>\n<li>\u00cen ceea ce prive\u015fte culoarea pere\u0163ilor, po\u0163i opta pentru alb, pentru a nu da gre\u015f \u015fi pentru a p\u0103stra \u00eenc\u0103perea \u00eentr-un stil clasic, u\u015for minimalist. Dac\u0103 e\u015fti o persoan\u0103 pasionat\u0103 de cele mai mici detalii \u015fi de culoare, po\u0163i \u00eencerca diverse modele de tapet care s\u0103 aminteasc\u0103 de acea epoc\u0103.<\/li>\n<li>Mobilierul pentru dormitor trebuie s\u0103 se reg\u0103seasc\u0103 \u00een estetica aleas\u0103, s\u0103 fie de calitate, s\u0103 aib\u0103 o rezisten\u0163\u0103 \u00eendelungat\u0103, dar mai ales s\u0103 transmit\u0103 emo\u0163ia \u015fi frumuse\u0163ea acelor vremuri. Ca \u00een orice alt tip de dormitor, patul reprezint\u0103 piesa central\u0103. Dac\u0103 \u00ee\u0163i dore\u015fti un pat confortabil, dar \u00een acelasi timp unic, special, descoper\u0103 gama de <a href=\"https:\/\/www.exotique.ro\/mobilier-lemn-masiv\/dormitor\/paturi\" target=\"_blank\" rel=\"noopener\">modele de paturi vintage<\/a> \u015fi alege unul care s\u0103 se potriveasc\u0103 gusturilor tale \u015fi limitelor spa\u0163iale.<\/li>\n<li>La capitolul decora\u0163iuni, ai putea s\u0103 optezi pentru piese vitage de colec\u0163ie, realizate din materiale veritabile, de dimensiuni relativ mari. Po\u0163i pune pe una din comodele din camer\u0103 c\u00e2teva lum\u00e2nari albe, de diverse dimensiuni, a\u015fezate eventual pe o tav\u0103 oglind\u0103, bogat\u0103 in detalii care s\u0103 duc\u0103 cu g\u00e2ndul la acea perioad\u0103. Iar, pe noptierele de l\u00e2ng\u0103 pat po\u0163i pozi\u0163iona mici l\u0103mpi cu abajur, care s\u0103 \u00eentregeasc\u0103 atmosfera boem\u0103, romantic\u0103, vintage.<\/li>\n<\/ul>\n<p><strong><em><a href=\"https:\/\/urbeamea.ro\/albaiulia\/wp-content\/uploads\/2018\/07\/set-de-mobila-de-dormitor-vintage-elegant-lemn-masiv-6.jpg\"><img loading=\"lazy\" decoding=\"async\" class=\"aligncenter size-full wp-image-65894\" src=\"https:\/\/urbeamea.ro\/albaiulia\/wp-content\/uploads\/2018\/07\/set-de-mobila-de-dormitor-vintage-elegant-lemn-masiv-6.jpg\" alt=\"\" width=\"640\" height=\"512\" srcset=\"https:\/\/urbeamea.ro\/albaiulia\/wp-content\/uploads\/2018\/07\/set-de-mobila-de-dormitor-vintage-elegant-lemn-masiv-6.jpg 640w, https:\/\/urbeamea.ro\/albaiulia\/wp-content\/uploads\/2018\/07\/set-de-mobila-de-dormitor-vintage-elegant-lemn-masiv-6-150x120.jpg 150w, https:\/\/urbeamea.ro\/albaiulia\/wp-content\/uploads\/2018\/07\/set-de-mobila-de-dormitor-vintage-elegant-lemn-masiv-6-100x80.jpg 100w\" sizes=\"auto, (max-width: 640px) 100vw, 640px\" \/><\/a>Camera de zi \u2013 amprenta personalit\u0103\u0163ii tale<\/em><\/strong><\/p>\n<p>Dac\u0103 dormitorul este un loc intim, destinat relax\u0103rii, camera de zi va fi centrul atrac\u0163iei invita\u0163ilor \u015fi musafirilor t\u0103i, va reprezenta tu\u015fa personal\u0103 \u00een ceea ce prive\u015fte amenajarea \u015fi decorarea locuinte.\u00a0 La fel ca dormitorul, \u015fi camera de zi ar trebui s\u0103 respecte aceea\u015fi estetic\u0103, pentru a l\u0103sa impresia unui aspect uniform, similar. \u00cen cazul \u00een care nu te-ai decis ce s\u0103 alegi \u00een materie de mobile, <a href=\"https:\/\/www.exotique.ro\/mobilier-lemn-masiv\/dormitor\" target=\"_blank\" rel=\"noopener\">vezi aici piese retro de mobilier<\/a> care se vor potrivi \u00eentocmai dorin\u0163elor tale \u015fi f\u0103 alegerile indicate. Nu uita s\u0103 completezi imaginea de ansambu de accesorii decorative precum un candelabru, lum\u00e2nari parfumate, diverse c\u0103r\u0163i sau chiar accesorii vestimentare vintage c\u0103r\u0103ra s\u0103 le g\u0103se\u015fti o fun\u0163ionalitate estetic\u0103.<\/p>\n<p><a href=\"https:\/\/urbeamea.ro\/albaiulia\/wp-content\/uploads\/2018\/07\/living-room-1__298190286.jpg\"><img loading=\"lazy\" decoding=\"async\" class=\"aligncenter size-full wp-image-65895\" src=\"https:\/\/urbeamea.ro\/albaiulia\/wp-content\/uploads\/2018\/07\/living-room-1__298190286.jpg\" alt=\"\" width=\"1200\" height=\"800\" srcset=\"https:\/\/urbeamea.ro\/albaiulia\/wp-content\/uploads\/2018\/07\/living-room-1__298190286.jpg 1200w, https:\/\/urbeamea.ro\/albaiulia\/wp-content\/uploads\/2018\/07\/living-room-1__298190286-150x100.jpg 150w, https:\/\/urbeamea.ro\/albaiulia\/wp-content\/uploads\/2018\/07\/living-room-1__298190286-640x427.jpg 640w, https:\/\/urbeamea.ro\/albaiulia\/wp-content\/uploads\/2018\/07\/living-room-1__298190286-768x512.jpg 768w\" sizes=\"auto, (max-width: 1200px) 100vw, 1200px\" \/><\/a><\/p>\n<ul>\n<li><strong><em>Ofer\u0103-\u0163i clipe de resf\u0103\u0163 \u015fi relaxare chiar \u015fi pentru micile momente<\/em><\/strong><\/li>\n<\/ul>\n<p>Cum ar fi s\u0103 intri \u00een buc\u0103tarie \u015fi s\u0103 te la\u015fi cuprins de inspira\u0163ie, s\u0103 sim\u0163i c\u0103 e\u015fti \u00eentr-un loc pe care \u00eel po\u0163i numi acas\u0103, s\u0103 redescoperi pl\u0103cerea pentru g\u0103tit? Po\u0163i tr\u0103i toate aceste sentimente, dac\u0103 vei acorda aten\u0163ie micilor detalii \u015fi dac\u0103 vei alege accesoriile indicate, care s\u0103 te transpun\u0103 \u00eentr-o anumit\u0103 perioad\u0103. Pastreaz\u0103 gustul \u015fi savoare preparatelor culinare moderne, dar alege s\u0103 le serve\u015fti dintr-o vesel\u0103 care s\u0103 aminteasc\u0103 de perioada vintage. \u00cen mod sigur, gust\u0103rile tale vor avea o arom\u0103 special\u0103, fiind \u201ccondimentate\u201d de acele recipiente pre\u0163ioase, interesante.<\/p>\n<p>Iar, dup\u0103 o mas\u0103 copioas\u0103, te po\u0163i r\u0103sf\u0103\u0163a cu o baie cu spum\u0103, \u00eenconjurat de elemente care s\u0103 te fac\u0103 s\u0103 visezi la vremuri demult uitate, s\u0103 \u00ee\u0163i imaginezi diverse momente \u015fi \u00eent\u00e2mpl\u0103ri. Men\u0163ine stilul de decorare al celorlalte \u00eenc\u0103peri \u015fi transform\u0103-\u0163i baia comun\u0103 \u00eentr-un loc ideal pentru relaxare \u015fi visare.<\/p>\n<p>Dac\u0103 vei \u0163ine cont de toate aceste mici trucuri, vei reu\u015fi s\u0103 faci din locuin\u0163a ta o cas\u0103 \u00eentocmai pe gustul t\u0103u, unic\u0103, \u00eenc\u0103rcat\u0103 de detalii \u015fi cu un design special \u015fi original.<\/p>\n","protected":false},"excerpt":{"rendered":"<p>E\u015fti o persoan\u0103 romantic\u0103, vis\u0103toare, apreciezi bunul gust, ai un sim\u0163 estetic dezoltat \u015fi o pasiune de nedescris pentru perioada vintage? \u00ce\u0163i dore\u015fti s\u0103 transpui aceast\u0103 epoc\u0103 nu numai prin accentele stilistice \u015fi vestimentare, chiar \u015fi \u00een felul \u00een care arat\u0103 casa ta? \u00ce\u0163i dore\u015fti un dormitor unic, special \u00een care, atunci c\u00e2nd p\u0103\u015fe\u015fti, s\u0103 &hellip;<\/p>\n","protected":false},"author":5,"featured_media":65893,"comment_status":"open","ping_status":"open","sticky":false,"template":"","format":"standard","meta":{"inline_featured_image":false,"footnotes":""},"categories":[25],"tags":[],"class_list":["post-65892","post","type-post","status-publish","format-standard","has-post-thumbnail","hentry","category-lifestyle-fashion"],"yoast_head":"<!-- This site is optimized with the Yoast SEO plugin v28.3 - https:\/\/yoast.com\/product\/yoast-seo-wordpress\/ -->\n<title>Cum s\u0103 \u00ee\u0163i amenajezi \u015fi s\u0103 decorezi locuin\u0163a \u00een stil vintage - Revista Urbea Mea - Revista de Alba<\/title>\n<meta name=\"description\" content=\"E\u015fti o persoan\u0103 romantic\u0103, vis\u0103toare, apreciezi bunul gust, ai un sim\u0163 estetic dezoltat \u015fi o pasiune de nedescris pentru perioada vintage? \u00ce\u0163i dore\u015fti s\u0103\" \/>\n<meta name=\"robots\" content=\"index, follow, max-snippet:-1, max-image-preview:large, max-video-preview:-1\" \/>\n<link rel=\"canonical\" href=\"https:\/\/urbeamea.ro\/albaiulia\/cum-sa-iti-amenajezi-si-sa-decorezi-locuinta-in-stil-vintage\/\" \/>\n<meta name=\"twitter:card\" content=\"summary_large_image\" \/>\n<meta name=\"twitter:title\" content=\"Cum s\u0103 \u00ee\u0163i amenajezi \u015fi s\u0103 decorezi locuin\u0163a \u00een stil vintage - Revista Urbea Mea - Revista de Alba\" \/>\n<meta name=\"twitter:description\" content=\"E\u015fti o persoan\u0103 romantic\u0103, vis\u0103toare, apreciezi bunul gust, ai un sim\u0163 estetic dezoltat \u015fi o pasiune de nedescris pentru perioada vintage? \u00ce\u0163i dore\u015fti s\u0103\" \/>\n<meta name=\"twitter:image\" content=\"https:\/\/urbeamea.ro\/albaiulia\/wp-content\/uploads\/2018\/07\/cover-1.jpg\" \/>\n<meta name=\"twitter:creator\" content=\"@urbeameaweb\" \/>\n<meta name=\"twitter:site\" content=\"@urbeameaweb\" \/>\n<script type=\"application\/ld+json\" class=\"yoast-schema-graph\">{\"@context\":\"https:\\\/\\\/schema.org\",\"@graph\":[{\"@type\":\"Article\",\"@id\":\"https:\\\/\\\/urbeamea.ro\\\/albaiulia\\\/cum-sa-iti-amenajezi-si-sa-decorezi-locuinta-in-stil-vintage\\\/#article\",\"isPartOf\":{\"@id\":\"https:\\\/\\\/urbeamea.ro\\\/albaiulia\\\/cum-sa-iti-amenajezi-si-sa-decorezi-locuinta-in-stil-vintage\\\/\"},\"author\":{\"name\":\"Bogdan P\u0103unescu\",\"@id\":\"https:\\\/\\\/urbeamea.ro\\\/albaiulia\\\/#\\\/schema\\\/person\\\/a115373ce8153754c6b084232d985956\"},\"headline\":\"Cum s\u0103 \u00ee\u0163i amenajezi \u015fi s\u0103 decorezi locuin\u0163a \u00een stil vintage\",\"datePublished\":\"2018-07-25T09:34:47+00:00\",\"mainEntityOfPage\":{\"@id\":\"https:\\\/\\\/urbeamea.ro\\\/albaiulia\\\/cum-sa-iti-amenajezi-si-sa-decorezi-locuinta-in-stil-vintage\\\/\"},\"wordCount\":752,\"commentCount\":0,\"image\":{\"@id\":\"https:\\\/\\\/urbeamea.ro\\\/albaiulia\\\/cum-sa-iti-amenajezi-si-sa-decorezi-locuinta-in-stil-vintage\\\/#primaryimage\"},\"thumbnailUrl\":\"https:\\\/\\\/urbeamea.ro\\\/albaiulia\\\/wp-content\\\/uploads\\\/2018\\\/07\\\/cover-1.jpg\",\"articleSection\":[\"Lifestyle &amp; Fashion\"],\"inLanguage\":\"ro-RO\",\"potentialAction\":[{\"@type\":\"CommentAction\",\"name\":\"Comment\",\"target\":[\"https:\\\/\\\/urbeamea.ro\\\/albaiulia\\\/cum-sa-iti-amenajezi-si-sa-decorezi-locuinta-in-stil-vintage\\\/#respond\"]}]},{\"@type\":\"WebPage\",\"@id\":\"https:\\\/\\\/urbeamea.ro\\\/albaiulia\\\/cum-sa-iti-amenajezi-si-sa-decorezi-locuinta-in-stil-vintage\\\/\",\"url\":\"https:\\\/\\\/urbeamea.ro\\\/albaiulia\\\/cum-sa-iti-amenajezi-si-sa-decorezi-locuinta-in-stil-vintage\\\/\",\"name\":\"Cum s\u0103 \u00ee\u0163i amenajezi \u015fi s\u0103 decorezi locuin\u0163a \u00een stil vintage - Revista Urbea Mea - Revista de Alba\",\"isPartOf\":{\"@id\":\"https:\\\/\\\/urbeamea.ro\\\/albaiulia\\\/#website\"},\"primaryImageOfPage\":{\"@id\":\"https:\\\/\\\/urbeamea.ro\\\/albaiulia\\\/cum-sa-iti-amenajezi-si-sa-decorezi-locuinta-in-stil-vintage\\\/#primaryimage\"},\"image\":{\"@id\":\"https:\\\/\\\/urbeamea.ro\\\/albaiulia\\\/cum-sa-iti-amenajezi-si-sa-decorezi-locuinta-in-stil-vintage\\\/#primaryimage\"},\"thumbnailUrl\":\"https:\\\/\\\/urbeamea.ro\\\/albaiulia\\\/wp-content\\\/uploads\\\/2018\\\/07\\\/cover-1.jpg\",\"datePublished\":\"2018-07-25T09:34:47+00:00\",\"author\":{\"@id\":\"https:\\\/\\\/urbeamea.ro\\\/albaiulia\\\/#\\\/schema\\\/person\\\/a115373ce8153754c6b084232d985956\"},\"description\":\"E\u015fti o persoan\u0103 romantic\u0103, vis\u0103toare, apreciezi bunul gust, ai un sim\u0163 estetic dezoltat \u015fi o pasiune de nedescris pentru perioada vintage? \u00ce\u0163i dore\u015fti s\u0103\",\"breadcrumb\":{\"@id\":\"https:\\\/\\\/urbeamea.ro\\\/albaiulia\\\/cum-sa-iti-amenajezi-si-sa-decorezi-locuinta-in-stil-vintage\\\/#breadcrumb\"},\"inLanguage\":\"ro-RO\",\"potentialAction\":[{\"@type\":\"ReadAction\",\"target\":[\"https:\\\/\\\/urbeamea.ro\\\/albaiulia\\\/cum-sa-iti-amenajezi-si-sa-decorezi-locuinta-in-stil-vintage\\\/\"]}]},{\"@type\":\"ImageObject\",\"inLanguage\":\"ro-RO\",\"@id\":\"https:\\\/\\\/urbeamea.ro\\\/albaiulia\\\/cum-sa-iti-amenajezi-si-sa-decorezi-locuinta-in-stil-vintage\\\/#primaryimage\",\"url\":\"https:\\\/\\\/urbeamea.ro\\\/albaiulia\\\/wp-content\\\/uploads\\\/2018\\\/07\\\/cover-1.jpg\",\"contentUrl\":\"https:\\\/\\\/urbeamea.ro\\\/albaiulia\\\/wp-content\\\/uploads\\\/2018\\\/07\\\/cover-1.jpg\",\"width\":630,\"height\":450},{\"@type\":\"BreadcrumbList\",\"@id\":\"https:\\\/\\\/urbeamea.ro\\\/albaiulia\\\/cum-sa-iti-amenajezi-si-sa-decorezi-locuinta-in-stil-vintage\\\/#breadcrumb\",\"itemListElement\":[{\"@type\":\"ListItem\",\"position\":1,\"name\":\"Prima pagin\u0103\",\"item\":\"https:\\\/\\\/urbeamea.ro\\\/albaiulia\\\/\"},{\"@type\":\"ListItem\",\"position\":2,\"name\":\"Cum s\u0103 \u00ee\u0163i amenajezi \u015fi s\u0103 decorezi locuin\u0163a \u00een stil vintage\"}]},{\"@type\":\"WebSite\",\"@id\":\"https:\\\/\\\/urbeamea.ro\\\/albaiulia\\\/#website\",\"url\":\"https:\\\/\\\/urbeamea.ro\\\/albaiulia\\\/\",\"name\":\"Revista Urbea Mea, Stiri urbane\",\"description\":\"Evenimente \u0219i \u0219tiri din Alba Iulia, Sebe\u0219, Aiud, Blaj\",\"potentialAction\":[{\"@type\":\"SearchAction\",\"target\":{\"@type\":\"EntryPoint\",\"urlTemplate\":\"https:\\\/\\\/urbeamea.ro\\\/albaiulia\\\/?s={search_term_string}\"},\"query-input\":{\"@type\":\"PropertyValueSpecification\",\"valueRequired\":true,\"valueName\":\"search_term_string\"}}],\"inLanguage\":\"ro-RO\"},{\"@type\":\"Person\",\"@id\":\"https:\\\/\\\/urbeamea.ro\\\/albaiulia\\\/#\\\/schema\\\/person\\\/a115373ce8153754c6b084232d985956\",\"name\":\"Bogdan P\u0103unescu\",\"image\":{\"@type\":\"ImageObject\",\"inLanguage\":\"ro-RO\",\"@id\":\"https:\\\/\\\/secure.gravatar.com\\\/avatar\\\/f72aa881b5a32ea110a53aabc2049429e3ff68fcb09d283722d01fbf330e9dd9?s=96&d=mm&r=g\",\"url\":\"https:\\\/\\\/secure.gravatar.com\\\/avatar\\\/f72aa881b5a32ea110a53aabc2049429e3ff68fcb09d283722d01fbf330e9dd9?s=96&d=mm&r=g\",\"contentUrl\":\"https:\\\/\\\/secure.gravatar.com\\\/avatar\\\/f72aa881b5a32ea110a53aabc2049429e3ff68fcb09d283722d01fbf330e9dd9?s=96&d=mm&r=g\",\"caption\":\"Bogdan P\u0103unescu\"},\"description\":\"\u00cemi place tot ceea ce este legat de web \u015fi ajut la dezvoltarea \u015fi \u00eembun\u0103t\u0103\u0163irea lui prin tot ceea ce fac.\",\"sameAs\":[\"https:\\\/\\\/www.artonmedia.ro\",\"https:\\\/\\\/www.facebook.com\\\/bogdanvpaunescu\"],\"url\":\"https:\\\/\\\/urbeamea.ro\\\/albaiulia\\\/author\\\/bogdan-paunescu\\\/\"}]}<\/script>\n<!-- \/ Yoast SEO plugin. -->","yoast_head_json":{"title":"Cum s\u0103 \u00ee\u0163i amenajezi \u015fi s\u0103 decorezi locuin\u0163a \u00een stil vintage - Revista Urbea Mea - Revista de Alba","description":"E\u015fti o persoan\u0103 romantic\u0103, vis\u0103toare, apreciezi bunul gust, ai un sim\u0163 estetic dezoltat \u015fi o pasiune de nedescris pentru perioada vintage? \u00ce\u0163i dore\u015fti s\u0103","robots":{"index":"index","follow":"follow","max-snippet":"max-snippet:-1","max-image-preview":"max-image-preview:large","max-video-preview":"max-video-preview:-1"},"canonical":"https:\/\/urbeamea.ro\/albaiulia\/cum-sa-iti-amenajezi-si-sa-decorezi-locuinta-in-stil-vintage\/","twitter_card":"summary_large_image","twitter_title":"Cum s\u0103 \u00ee\u0163i amenajezi \u015fi s\u0103 decorezi locuin\u0163a \u00een stil vintage - Revista Urbea Mea - Revista de Alba","twitter_description":"E\u015fti o persoan\u0103 romantic\u0103, vis\u0103toare, apreciezi bunul gust, ai un sim\u0163 estetic dezoltat \u015fi o pasiune de nedescris pentru perioada vintage? \u00ce\u0163i dore\u015fti s\u0103","twitter_image":"https:\/\/urbeamea.ro\/albaiulia\/wp-content\/uploads\/2018\/07\/cover-1.jpg","twitter_creator":"@urbeameaweb","twitter_site":"@urbeameaweb","schema":{"@context":"https:\/\/schema.org","@graph":[{"@type":"Article","@id":"https:\/\/urbeamea.ro\/albaiulia\/cum-sa-iti-amenajezi-si-sa-decorezi-locuinta-in-stil-vintage\/#article","isPartOf":{"@id":"https:\/\/urbeamea.ro\/albaiulia\/cum-sa-iti-amenajezi-si-sa-decorezi-locuinta-in-stil-vintage\/"},"author":{"name":"Bogdan P\u0103unescu","@id":"https:\/\/urbeamea.ro\/albaiulia\/#\/schema\/person\/a115373ce8153754c6b084232d985956"},"headline":"Cum s\u0103 \u00ee\u0163i amenajezi \u015fi s\u0103 decorezi locuin\u0163a \u00een stil vintage","datePublished":"2018-07-25T09:34:47+00:00","mainEntityOfPage":{"@id":"https:\/\/urbeamea.ro\/albaiulia\/cum-sa-iti-amenajezi-si-sa-decorezi-locuinta-in-stil-vintage\/"},"wordCount":752,"commentCount":0,"image":{"@id":"https:\/\/urbeamea.ro\/albaiulia\/cum-sa-iti-amenajezi-si-sa-decorezi-locuinta-in-stil-vintage\/#primaryimage"},"thumbnailUrl":"https:\/\/urbeamea.ro\/albaiulia\/wp-content\/uploads\/2018\/07\/cover-1.jpg","articleSection":["Lifestyle &amp; Fashion"],"inLanguage":"ro-RO","potentialAction":[{"@type":"CommentAction","name":"Comment","target":["https:\/\/urbeamea.ro\/albaiulia\/cum-sa-iti-amenajezi-si-sa-decorezi-locuinta-in-stil-vintage\/#respond"]}]},{"@type":"WebPage","@id":"https:\/\/urbeamea.ro\/albaiulia\/cum-sa-iti-amenajezi-si-sa-decorezi-locuinta-in-stil-vintage\/","url":"https:\/\/urbeamea.ro\/albaiulia\/cum-sa-iti-amenajezi-si-sa-decorezi-locuinta-in-stil-vintage\/","name":"Cum s\u0103 \u00ee\u0163i amenajezi \u015fi s\u0103 decorezi locuin\u0163a \u00een stil vintage - Revista Urbea Mea - Revista de Alba","isPartOf":{"@id":"https:\/\/urbeamea.ro\/albaiulia\/#website"},"primaryImageOfPage":{"@id":"https:\/\/urbeamea.ro\/albaiulia\/cum-sa-iti-amenajezi-si-sa-decorezi-locuinta-in-stil-vintage\/#primaryimage"},"image":{"@id":"https:\/\/urbeamea.ro\/albaiulia\/cum-sa-iti-amenajezi-si-sa-decorezi-locuinta-in-stil-vintage\/#primaryimage"},"thumbnailUrl":"https:\/\/urbeamea.ro\/albaiulia\/wp-content\/uploads\/2018\/07\/cover-1.jpg","datePublished":"2018-07-25T09:34:47+00:00","author":{"@id":"https:\/\/urbeamea.ro\/albaiulia\/#\/schema\/person\/a115373ce8153754c6b084232d985956"},"description":"E\u015fti o persoan\u0103 romantic\u0103, vis\u0103toare, apreciezi bunul gust, ai un sim\u0163 estetic dezoltat \u015fi o pasiune de nedescris pentru perioada vintage? \u00ce\u0163i dore\u015fti s\u0103","breadcrumb":{"@id":"https:\/\/urbeamea.ro\/albaiulia\/cum-sa-iti-amenajezi-si-sa-decorezi-locuinta-in-stil-vintage\/#breadcrumb"},"inLanguage":"ro-RO","potentialAction":[{"@type":"ReadAction","target":["https:\/\/urbeamea.ro\/albaiulia\/cum-sa-iti-amenajezi-si-sa-decorezi-locuinta-in-stil-vintage\/"]}]},{"@type":"ImageObject","inLanguage":"ro-RO","@id":"https:\/\/urbeamea.ro\/albaiulia\/cum-sa-iti-amenajezi-si-sa-decorezi-locuinta-in-stil-vintage\/#primaryimage","url":"https:\/\/urbeamea.ro\/albaiulia\/wp-content\/uploads\/2018\/07\/cover-1.jpg","contentUrl":"https:\/\/urbeamea.ro\/albaiulia\/wp-content\/uploads\/2018\/07\/cover-1.jpg","width":630,"height":450},{"@type":"BreadcrumbList","@id":"https:\/\/urbeamea.ro\/albaiulia\/cum-sa-iti-amenajezi-si-sa-decorezi-locuinta-in-stil-vintage\/#breadcrumb","itemListElement":[{"@type":"ListItem","position":1,"name":"Prima pagin\u0103","item":"https:\/\/urbeamea.ro\/albaiulia\/"},{"@type":"ListItem","position":2,"name":"Cum s\u0103 \u00ee\u0163i amenajezi \u015fi s\u0103 decorezi locuin\u0163a \u00een stil vintage"}]},{"@type":"WebSite","@id":"https:\/\/urbeamea.ro\/albaiulia\/#website","url":"https:\/\/urbeamea.ro\/albaiulia\/","name":"Revista Urbea Mea, Stiri urbane","description":"Evenimente \u0219i \u0219tiri din Alba Iulia, Sebe\u0219, Aiud, Blaj","potentialAction":[{"@type":"SearchAction","target":{"@type":"EntryPoint","urlTemplate":"https:\/\/urbeamea.ro\/albaiulia\/?s={search_term_string}"},"query-input":{"@type":"PropertyValueSpecification","valueRequired":true,"valueName":"search_term_string"}}],"inLanguage":"ro-RO"},{"@type":"Person","@id":"https:\/\/urbeamea.ro\/albaiulia\/#\/schema\/person\/a115373ce8153754c6b084232d985956","name":"Bogdan P\u0103unescu","image":{"@type":"ImageObject","inLanguage":"ro-RO","@id":"https:\/\/secure.gravatar.com\/avatar\/f72aa881b5a32ea110a53aabc2049429e3ff68fcb09d283722d01fbf330e9dd9?s=96&d=mm&r=g","url":"https:\/\/secure.gravatar.com\/avatar\/f72aa881b5a32ea110a53aabc2049429e3ff68fcb09d283722d01fbf330e9dd9?s=96&d=mm&r=g","contentUrl":"https:\/\/secure.gravatar.com\/avatar\/f72aa881b5a32ea110a53aabc2049429e3ff68fcb09d283722d01fbf330e9dd9?s=96&d=mm&r=g","caption":"Bogdan P\u0103unescu"},"description":"\u00cemi place tot ceea ce este legat de web \u015fi ajut la dezvoltarea \u015fi \u00eembun\u0103t\u0103\u0163irea lui prin tot ceea ce fac.","sameAs":["https:\/\/www.artonmedia.ro","https:\/\/www.facebook.com\/bogdanvpaunescu"],"url":"https:\/\/urbeamea.ro\/albaiulia\/author\/bogdan-paunescu\/"}]}},"_links":{"self":[{"href":"https:\/\/urbeamea.ro\/albaiulia\/wp-json\/wp\/v2\/posts\/65892","targetHints":{"allow":["GET"]}}],"collection":[{"href":"https:\/\/urbeamea.ro\/albaiulia\/wp-json\/wp\/v2\/posts"}],"about":[{"href":"https:\/\/urbeamea.ro\/albaiulia\/wp-json\/wp\/v2\/types\/post"}],"author":[{"embeddable":true,"href":"https:\/\/urbeamea.ro\/albaiulia\/wp-json\/wp\/v2\/users\/5"}],"replies":[{"embeddable":true,"href":"https:\/\/urbeamea.ro\/albaiulia\/wp-json\/wp\/v2\/comments?post=65892"}],"version-history":[{"count":0,"href":"https:\/\/urbeamea.ro\/albaiulia\/wp-json\/wp\/v2\/posts\/65892\/revisions"}],"wp:featuredmedia":[{"embeddable":true,"href":"https:\/\/urbeamea.ro\/albaiulia\/wp-json\/wp\/v2\/media\/65893"}],"wp:attachment":[{"href":"https:\/\/urbeamea.ro\/albaiulia\/wp-json\/wp\/v2\/media?parent=65892"}],"wp:term":[{"taxonomy":"category","embeddable":true,"href":"https:\/\/urbeamea.ro\/albaiulia\/wp-json\/wp\/v2\/categories?post=65892"},{"taxonomy":"post_tag","embeddable":true,"href":"https:\/\/urbeamea.ro\/albaiulia\/wp-json\/wp\/v2\/tags?post=65892"}],"curies":[{"name":"wp","href":"https:\/\/api.w.org\/{rel}","templated":true}]}}